{"id":8603,"date":"2020-02-20T08:12:00","date_gmt":"2020-02-20T07:12:00","guid":{"rendered":"https:\/\/www.bizneo.com\/blog\/?p=8603"},"modified":"2025-10-22T12:43:16","modified_gmt":"2025-10-22T11:43:16","slug":"7-indicadores-del-clima-laboral","status":"publish","type":"post","link":"https:\/\/www.bizneo.com\/blog\/7-indicadores-del-clima-laboral\/","title":{"rendered":"7 indicadores del clima laboral"},"content":{"rendered":"\n<p>El <a href=\"\/blog\/clima-laboral\/\" target=\"_blank\" rel=\"noreferrer noopener\" data-wpel-link=\"internal\">clima laboral<\/a> de una empresa es el conjunto de <strong>condiciones ambientales, sociales y psicol\u00f3gicas en que se desarrolla el trabajo<\/strong>. Se trata de un factor que incide directamente sobre el nivel de satisfacci\u00f3n y productividad de nuestras plantillas, una de las razones por las que fomentar la calidad de este clima deber\u00eda ser prioritario en la <a href=\"https:\/\/www.bizneo.com\/blog\/ejemplo-gestion-de-los-recursos-humanos\/\" data-wpel-link=\"internal\" target=\"_blank\">gesti\u00f3n de Recursos Humanos<\/a> de cualquier empresa.<\/p>\n\n\n\n<p>Un buen manejo de los principales indicadores del clima laboral nos permitir\u00e1 averiguar si nuestros empleados est\u00e1n satisfechos con su salario, c\u00f3mo son las relaciones entre colegas, si se est\u00e1n cometiendo <strong>abusos laborales<\/strong> y, en su caso, implementar las medidas de correcci\u00f3n y mejora m\u00e1s adecuadas para nuestras necesidades.<\/p>\n\n\n\n<h2 class=\"wp-block-heading\">La importancia de medir el clima laboral<\/h2>\n\n\n\n<p>Seg\u00fan datos del \u00faltimo informe de<a href=\"https:\/\/www.randstad.es\/employerbranding\/estudiosemployerbrand\/employer-brand-research-2019\/\" target=\"_blank\" rel=\"noreferrer noopener nofollow\" data-wpel-link=\"external\"> Employer Branding de Randstad<\/a>, un 47% de los candidatos espa\u00f1oles prefieren buscar trabajo en empresas que destaquen por <strong>ofrecer un ambiente de trabajo agradable<\/strong>.&nbsp;<\/p>\n\n\n\n<p>De hecho, el clima organizacional se considera hoy un factor m\u00e1s importante incluso que la <a href=\"\/blog\/flexibilidad-horaria\/\" target=\"_blank\" rel=\"noreferrer noopener\" data-wpel-link=\"internal\">flexibilidad horaria<\/a> (fundamental para un 43% de candidatos), las oportunidades de desarrollo (clave para el 38%), la ubicaci\u00f3n (b\u00e1sica para el 28%) y la buena salud financiera de la empresa (elemental para el 24%).&nbsp;<\/p>\n\n\n\n<p>Asimismo, casi la mitad de los trabajadores espa\u00f1oles (41%) considera la posibilidad de disfrutar de un buen clima laboral como raz\u00f3n suficiente para permanecer en una empresa.<\/p>\n\n\n\n<p>Ante semejantes datos, queda m\u00e1s patente la importancia que tiene medir y <strong>mejorar el clima laboral en nuestras organizaciones<\/strong>.&nbsp;<\/p>\n\n\n\n<figure class=\"wp-block-image size-large\"><a href=\"\/\/hello.bizneo.com\/guia-encuesta-clima\/?utm_content=post-banner\" target=\"_blank\" rel=\"noreferrer noopener\" data-wpel-link=\"internal\"><img decoding=\"async\" width=\"1024\" height=\"154\" src=\"https:\/\/www.bizneo.com\/blog\/wp-content\/uploads\/2020\/08\/banner-encuestas-1024x154.jpg\" alt=\"Gu\u00eda para elaborar una encuesta de clima laboral\" class=\"wp-image-15544\" srcset=\"https:\/\/www.bizneo.com\/blog\/wp-content\/uploads\/2020\/08\/banner-encuestas-1024x154.jpg 1024w, https:\/\/www.bizneo.com\/blog\/wp-content\/uploads\/2020\/08\/banner-encuestas-300x45.jpg 300w, https:\/\/www.bizneo.com\/blog\/wp-content\/uploads\/2020\/08\/banner-encuestas-768x115.jpg 768w, https:\/\/www.bizneo.com\/blog\/wp-content\/uploads\/2020\/08\/banner-encuestas-810x122.jpg 810w, https:\/\/www.bizneo.com\/blog\/wp-content\/uploads\/2020\/08\/banner-encuestas-1140x171.jpg 1140w, https:\/\/www.bizneo.com\/blog\/wp-content\/uploads\/2020\/08\/banner-encuestas.jpg 1360w\" sizes=\"(max-width: 1024px) 100vw, 1024px\" \/><\/a><\/figure>\n\n\n\n<h2 class=\"wp-block-heading\">7 indicadores para medir el clima laboral<\/h2>\n\n\n\n<figure class=\"wp-block-image size-large\"><a href=\"\/encuestas\/\" data-wpel-link=\"internal\" target=\"_blank\"><img decoding=\"async\" width=\"1024\" height=\"651\" src=\"https:\/\/www.bizneo.com\/blog\/wp-content\/uploads\/2021\/05\/Dimensiones-de-encuestas-de-clima-laboral-1024x651.webp\" alt=\"Software de clima laboral preguntas\" class=\"wp-image-54331\" srcset=\"https:\/\/www.bizneo.com\/blog\/wp-content\/uploads\/2021\/05\/Dimensiones-de-encuestas-de-clima-laboral-1024x651.webp 1024w, https:\/\/www.bizneo.com\/blog\/wp-content\/uploads\/2021\/05\/Dimensiones-de-encuestas-de-clima-laboral-300x191.webp 300w, https:\/\/www.bizneo.com\/blog\/wp-content\/uploads\/2021\/05\/Dimensiones-de-encuestas-de-clima-laboral-768x488.webp 768w, https:\/\/www.bizneo.com\/blog\/wp-content\/uploads\/2021\/05\/Dimensiones-de-encuestas-de-clima-laboral-810x515.webp 810w, https:\/\/www.bizneo.com\/blog\/wp-content\/uploads\/2021\/05\/Dimensiones-de-encuestas-de-clima-laboral-1140x724.webp 1140w, https:\/\/www.bizneo.com\/blog\/wp-content\/uploads\/2021\/05\/Dimensiones-de-encuestas-de-clima-laboral.webp 1500w\" sizes=\"(max-width: 1024px) 100vw, 1024px\" \/><\/a><\/figure>\n\n\n\n<h3 class=\"wp-block-heading\">Sentido de pertenencia&nbsp;&nbsp;<\/h3>\n\n\n\n<p>El sentido de pertenencia vincula a los trabajadores de una empresa y genera un fuerte <strong>compromiso<\/strong> (o <a href=\"\/blog\/engagement-laboral\/\" target=\"_blank\" rel=\"noreferrer noopener\" data-wpel-link=\"internal\">engagement<\/a>) con sus valores y su marca. Si un trabajador est\u00e1 convencido de que su compa\u00f1\u00eda es buena la cuidar\u00e1 frente a la competencia y se sentir\u00e1 m\u00e1s motivado y dispuesto a trabajar.<\/p>\n\n\n\n<p>Desafortunadamente, seg\u00fan el estudio <a href=\"https:\/\/info.steelcase.com\/global-employee-engagement-workplace-report#introduction\" target=\"_blank\" rel=\"noreferrer noopener nofollow\" data-wpel-link=\"external\"><em>Engagement and the Global Workplace<\/em><\/a> tan solo el 23% de los trabajadores espa\u00f1oles han logrado un sentido de pertenencia y compromiso organizacional. Por el contrario, el 47% de ellos se sentir\u00edan <strong>insatisfechos en el trabajo<\/strong> al no identificarse ni con lo que hacen, ni con la marca para la que trabajan.<\/p>\n\n\n\n<h3 class=\"wp-block-heading\">Indicadores del clima laboral: liderazgo<\/h3>\n\n\n\n<p><strong>Un buen liderazgo<\/strong> provoca <a href=\"\/blog\/5-claves-motivar-empleados\/\" target=\"_blank\" rel=\"noreferrer noopener\" data-wpel-link=\"internal\">motivaci\u00f3n<\/a>, mejora el clima organizacional, reduce las ausencias y el malestar, mejora la competitividad de la empresa y su imagen tanto interior como exterior.<\/p>\n\n\n\n<p>El <a href=\"\/blog\/liderazgo-empresarial\/\" target=\"_blank\" rel=\"noreferrer noopener\" data-wpel-link=\"internal\">liderazgo<\/a> est\u00e1 a su vez compuesto por cuatro grandes indicadores del clima laboral:<\/p>\n\n\n\n<ul class=\"wp-block-list\">\n<li>La<strong> capacidad de gesti\u00f3n<\/strong> de personas.<\/li>\n\n\n\n<li>El <em><strong>empowerment<\/strong><\/em>, o sea, la capacidad para delegar responsabilidades.<\/li>\n\n\n\n<li>El <strong>reconocimiento<\/strong>, o sea, la capacidad para reconocer los logros del equipo.<\/li>\n\n\n\n<li>El<em> <strong>feedback<\/strong>,<\/em> o sea, la capacidad para evaluar el desempe\u00f1o de los trabajadores.<\/li>\n<\/ul>\n\n\n\n<h3 class=\"wp-block-heading\">Relaciones entre compa\u00f1eros<\/h3>\n\n\n\n<p>No solo habemos de tener en cuenta la capacidad de liderazgo y las relaciones entre jefes y empleados. Los indicadores del clima laboral entre las personas, es decir, las relaciones interpersonales entre compa\u00f1eros de trabajo tambi\u00e9n influyen en el <strong>clima organizacional<\/strong> de una empresa y, en consecuencia, en su <a href=\"\/blog\/como-evaluar-desempeno-laboral\/\" target=\"_blank\" rel=\"noreferrer noopener\" data-wpel-link=\"internal\">desempe\u00f1o laboral<\/a>.<\/p>\n\n\n\n<p>Estas relaciones deber\u00e1n ser basadas en la aceptaci\u00f3n, respeto, comprensi\u00f3n y confianza mutuos. En definitiva, unas relaciones sanas y positivas.<\/p>\n\n\n\n<h3 class=\"wp-block-heading\">Condiciones f\u00edsicas del trabajo<\/h3>\n\n\n\n<p>Otro de los indicadores del clima laboral m\u00e1s importantes son las condiciones f\u00edsicas del trabajo. <strong>Los factores ambientales<\/strong> influyen en nuestro desempe\u00f1o laboral. Un lugar de trabajo acogedor y bien organizado nos ayudar\u00e1 a crear un equipo feliz, creativo y dedicado.<\/p>\n\n\n\n<p>Para medir las condiciones f\u00edsicas de nuestro espacio de trabajo tendremos que analizar los siguientes<strong> indicadores del clima laboral<\/strong>:<\/p>\n\n\n\n<ul class=\"wp-block-list\">\n<li>Organizaci\u00f3n del espacio<\/li>\n\n\n\n<li>Dimensiones<\/li>\n\n\n\n<li>Equilibrio entre colaboraci\u00f3n y privacidad<\/li>\n\n\n\n<li>Iluminaci\u00f3n<\/li>\n\n\n\n<li>Temperatura<\/li>\n\n\n\n<li>Ventilaci\u00f3n<\/li>\n\n\n\n<li>Volumen de ruidos<\/li>\n\n\n\n<li>Seguridad de las instalaciones<\/li>\n\n\n\n<li>Ergonom\u00eda del mobiliario<\/li>\n\n\n\n<li>Higiene<\/li>\n<\/ul>\n\n\n\n<bzn-down><a href=\"https:\/\/hello.bizneo.com\/plantilla\/cuestionario-de-riesgos-psicosociales\/\" id=\"destacado-wc-descarga\" target=\"_blank\" rel=\"noopener noreferrer\" data-wpel-link=\"internal\"><span class=\"bzn-link-title\">MODELO DE ENCUESTA PARA MEDIR EL RIESGO PSICOSOCIAL EN TU EQUIPO<\/span>Descarga gratis 2 modelos con preguntas tipo para evaluar y gestionar<\/a><\/bzn-down>\n\n\n\n<p><\/p>\n\n\n\n<h3 class=\"wp-block-heading\">Compensaci\u00f3n y reconocimiento&nbsp;<\/h3>\n\n\n\n<p>Estos dos indicadores del clima laboral nos sirven para responder a la pregunta: \u00bfc\u00f3mo de contentos est\u00e1n nuestros empleados con nuestra forma de compensar y reconocer su trabajo?<\/p>\n\n\n\n<p>En general, existen <strong>dos tipos de recompensas<\/strong> que nuestra organizaci\u00f3n puede utilizar para motivar a las personas y generar un buen desempe\u00f1o:<\/p>\n\n\n\n<ul class=\"wp-block-list\">\n<li><strong>Recompensas en dinero<\/strong>, normalmente en forma de incentivos o comisiones.<\/li>\n\n\n\n<li><strong>Recompensas en especie<\/strong>, normalmente en forma de productos, descuentos o regalos corporativos.<\/li>\n<\/ul>\n\n\n\n<p>Sea cual sea nuestra forma de reconocimiento favorita, es importante que esta sea directamente proporcional al trabajo realizado por el empleado.<\/p>\n\n\n\n<h3 class=\"wp-block-heading\">Oportunidades de desarrollo profesional&nbsp;<\/h3>\n\n\n\n<p>Cuando un profesional ve que dentro de su empresa no va a escalar m\u00e1s, lo normal es que <strong>se plantee abandonar su puesto<\/strong> para poder progresar en su desarrollo profesional.<\/p>\n\n\n\n<p>Si queremos mejorar nuestros indicadores del clima laboral y retener m\u00e1s talento, es fundamental que rompamos la brecha que existe entre las expectativas que los trabajadores tienen antes de comenzar un nuevo empleo y su experiencia real en el nuevo puesto de trabajo.<\/p>\n\n\n\n<h3 class=\"wp-block-heading\">Igualdad de oportunidades<\/h3>\n\n\n\n<p>Para fomentar un ambiente laboral positivo, deberemos tratar equitativamente a todos nuestros empleados (independientemente de su g\u00e9nero, raza o religi\u00f3n). Este es uno de los indicadores de clima laboral m\u00e1s inadvertido. <\/p>\n\n\n\n<p>Para conseguirlo tendremos que <strong>revisar no solamente sus salarios<\/strong>, sino tambi\u00e9n aspectos relacionados con el desarrollo profesional del trabajador como nuestros planes de carrera, <a href=\"\/blog\/formacion-de-los-trabajadores\/\" target=\"_blank\" rel=\"noreferrer noopener\" data-wpel-link=\"internal\">formaci\u00f3n<\/a> y promoci\u00f3n interna.<\/p>\n\n\n\n<h3 class=\"wp-block-heading\">Indicadores de Litwing y Stringer para un clima positivo<\/h3>\n\n\n\n<p>La teor\u00eda del clima organizacional elaborada en 1968 por los estadounidenses Litwin y Stringer \u2013investigadores pioneros en el \u00e1mbito de los Recursos Humanos\u2013 reorganiza los tradicionales indicadores del clima laboral en 9 categor\u00edas:<\/p>\n\n\n\n<ul class=\"wp-block-list\">\n<li><strong>Estructura<\/strong>: dimensi\u00f3n que engloba todo lo referente a las reglas, procedimientos y&nbsp; niveles jer\u00e1rquicos de una empresa.<\/li>\n\n\n\n<li><strong>Responsabilidad<\/strong>: dimensi\u00f3n que representa el nivel de autonom\u00eda que tienen los trabajadores de una empresa.<\/li>\n\n\n\n<li><strong>Recompensa<\/strong>: percepci\u00f3n que tienen los colaboradores sobre la recompensa que reciben en base al trabajo realizado.<\/li>\n\n\n\n<li><strong>Desaf\u00edos<\/strong>: retos y riesgos asumidos por parte de los trabajadores para la consecuci\u00f3n de los objetivos de empresa.<\/li>\n\n\n\n<li><strong>Relaciones<\/strong>: percepci\u00f3n que tienen los trabajadores en cuanto a la existencia y necesidad de un clima laboral agradable.<\/li>\n\n\n\n<li><strong>Cooperaci\u00f3n<\/strong>: dimensi\u00f3n que representa la colaboraci\u00f3n entre compa\u00f1eros de trabajo para el logro de objetivos colectivos.<\/li>\n\n\n\n<li><strong>Est\u00e1ndares<\/strong>: percepci\u00f3n de los trabajadores sobre los est\u00e1ndares establecidos por la empresa en torno a los niveles de rendimiento.<\/li>\n\n\n\n<li><strong>Conflictos<\/strong>: dimensi\u00f3n que engloba todo lo referente al manejo de conflictos dentro de la empresa.<\/li>\n\n\n\n<li><strong>Identidad<\/strong>: dimensi\u00f3n que evoca el sentimiento de pertenencia hacia la organizaci\u00f3n.<\/li>\n<\/ul>\n\n\n\n<p>Seg\u00fan sus autores, estos nueve indicadores inciden de manera directa en la <strong>moral laboral del individuo<\/strong>, cuya suma a nivel grupal terminar\u00eda conformando el clima organizacional de una empresa.<\/p>\n\n\n\n<p>\u00bfC\u00f3mo podr\u00edas saber qu\u00e9 acciones han dado fruto y cu\u00e1les no? \u00bfLa plantilla rinde con el&nbsp;<strong><a href=\"\/blog\/gestion-del-rendimiento\/\" target=\"_blank\" rel=\"noreferrer noopener\" data-wpel-link=\"internal\">rendimiento<\/a><\/strong>&nbsp;esperado? \u00bfHa merecido la pena el \u00faltimo plan de&nbsp;<strong><a href=\"\/blog\/formacion-de-los-trabajadores\/\" target=\"_blank\" rel=\"noreferrer noopener\" data-wpel-link=\"internal\">formaci\u00f3n<\/a><\/strong>? \u00bfSe nos escapa el&nbsp;<strong><a href=\"\/blog\/desarrollo-de-talento\/\" target=\"_blank\" rel=\"noreferrer noopener\" data-wpel-link=\"internal\">talento<\/a><\/strong>&nbsp;de las manos?<\/p>\n\n\n\n<p>Te ofrecemos los indicadores de&nbsp;<strong>RR. HH.<\/strong>&nbsp;adecuados para arrojar la luz suficiente como para saber por d\u00f3nde caminas, aunque no valen cualquiera.<\/p>\n\n\n\n<p>En el documento, los ordenamos por categor\u00edas para allanarte el camino. Adem\u00e1s, tendr\u00e1s una explicaci\u00f3n de su funcionamiento, su utilidad y&nbsp;<strong>f\u00f3rmulas<\/strong>&nbsp;+&nbsp;<strong>programas<\/strong>&nbsp;para aplicarlos.<\/p>\n\n\n\n<div id=\"cbox-kblxyQgHLoDrLGVd\"><\/div>\n\n\n\n<p><\/p>\n\n\n\n<h2 class=\"wp-block-heading\">C\u00f3mo medir el clima laboral<\/h2>\n\n\n\n<h3 class=\"wp-block-heading\">Medici\u00f3n manual de los indicadores del clima laboral<\/h3>\n\n\n\n<p>La <a href=\"\/blog\/encuesta-de-clima-laboral\/\" target=\"_blank\" rel=\"noreferrer noopener\" data-wpel-link=\"internal\">encuesta del clima laboral<\/a> es probablemente la t\u00e9cnica m\u00e1s conocida para <strong>analizar el clima laboral de una compa\u00f1\u00eda<\/strong>. Sin embargo, dise\u00f1ar y llevar a cabo las encuestas a empleados de forma manual puede llegar a ser un tema complejo, sobre todo si trabajamos para una empresa de medianas o grandes dimensiones:<\/p>\n\n\n\n<ul class=\"wp-block-list\">\n<li><strong>Lentitud en la elaboraci\u00f3n de las encuestas<\/strong>: elaborar, imprimir y distribuir los formularios entre nuestros empleados requiere mucho tiempo y esfuerzo.<\/li>\n\n\n\n<li><strong>Dificultades para analizar los indicadores del clima laboral<\/strong>: alguien tiene que dedicarse a recoger, leer, copiar, catalogar y evaluar los resultados.<\/li>\n\n\n\n<li><strong>Poca flexibilidad<\/strong>: cuando elaboramos nuestras encuestas de forma manual no podemos cambiar preguntas ni hacer ajustes en tiempo real.<\/li>\n\n\n\n<li><strong>Muchos errores<\/strong>: cuando tabulamos los datos de forma manual cometemos m\u00e1s errores.<\/li>\n\n\n\n<li><strong>M\u00e1s contaminaci\u00f3n<\/strong>: las encuestas en papel contaminan m\u00e1s y empeoran tu imagen de marca.<\/li>\n<\/ul>\n\n\n\n<p>A\u00fan as\u00ed, si quieres hacer una prueba piloto o realizar una medici\u00f3n b\u00e1sica del clima laboral, puedes hacerlo con las preguntas que re\u00fane nuestro modelo de encuesta de clima, elaborado por nuestros consultores. Recuerda que si ya usas el <strong>software de encuestas de Bizneo HR<\/strong>, podr\u00e1s importar estas preguntas y definirla como plantilla.<\/p>\n\n\n\n<div id=\"cbox-kXHOGRGTS0gnpVww\"><\/div>\n\n\n\n<p><\/p>\n\n\n\n<h3 class=\"wp-block-heading\">Software del clima laboral<\/h3>\n\n\n\n<p>Para evitar inconvenientes te recomendamos dejar atr\u00e1s las encuestas del clima laboral en papel y apostar por un <a href=\"\/encuestas\/\" target=\"_blank\" rel=\"noreferrer noopener\" aria-label=\" (se abre en una nueva pesta\u00f1a)\" data-wpel-link=\"internal\">software de encuestas a empleados<\/a> de \u00faltima generaci\u00f3n.<\/p>\n\n\n\n<figure class=\"wp-block-image size-full\"><a href=\"\/encuestas\/\" target=\"_blank\" rel=\"noreferrer noopener\" data-wpel-link=\"internal\"><img decoding=\"async\" width=\"1500\" height=\"1006\" src=\"https:\/\/www.bizneo.com\/blog\/wp-content\/uploads\/2020\/11\/Software-de-Recursos-Humanos-con-encuestas-de-Recursos-Humanos.webp\" alt=\"Software de encuestas a empleados\" class=\"wp-image-17976\" srcset=\"https:\/\/www.bizneo.com\/blog\/wp-content\/uploads\/2020\/11\/Software-de-Recursos-Humanos-con-encuestas-de-Recursos-Humanos.webp 1500w, https:\/\/www.bizneo.com\/blog\/wp-content\/uploads\/2020\/11\/Software-de-Recursos-Humanos-con-encuestas-de-Recursos-Humanos-300x201.webp 300w, https:\/\/www.bizneo.com\/blog\/wp-content\/uploads\/2020\/11\/Software-de-Recursos-Humanos-con-encuestas-de-Recursos-Humanos-1024x687.webp 1024w, https:\/\/www.bizneo.com\/blog\/wp-content\/uploads\/2020\/11\/Software-de-Recursos-Humanos-con-encuestas-de-Recursos-Humanos-768x515.webp 768w, https:\/\/www.bizneo.com\/blog\/wp-content\/uploads\/2020\/11\/Software-de-Recursos-Humanos-con-encuestas-de-Recursos-Humanos-810x543.webp 810w, https:\/\/www.bizneo.com\/blog\/wp-content\/uploads\/2020\/11\/Software-de-Recursos-Humanos-con-encuestas-de-Recursos-Humanos-1140x765.webp 1140w\" sizes=\"(max-width: 1500px) 100vw, 1500px\" \/><\/a><\/figure>\n\n\n\n<p>Con este software tendr\u00e1s a tu disposici\u00f3n las mejores <a href=\"\/blog\/tecnologia-en-recursos-humanos\/\" data-wpel-link=\"internal\" target=\"_blank\">herramientas tecnol\u00f3gicas de RR. HH.<\/a> para medir y mejorar los indicadores del clima laboral en tu empresa:<\/p>\n\n\n\n<ul class=\"wp-block-list\">\n<li><strong>Soluci\u00f3n digital, 100% cloud<\/strong>, con un sistema centralizado, para tomar decisiones estrat\u00e9gicas m\u00e1s informadas y eficaces.<\/li>\n\n\n\n<li><strong>Encuestas para todos los gustos y necesidades<\/strong>: medici\u00f3n de indicadores del clima laboral, satisfacci\u00f3n laboral, necesidades de formaci\u00f3n, cultura corporativa, encuestas de salida, valoraci\u00f3n de iniciativas\/beneficios o refuerzo de procesos de gesti\u00f3n del cambio.<\/li>\n\n\n\n<li><strong>Encuestas an\u00f3nimas o visibles<\/strong>, para no dejar a ninguno de tus colaboradores sin la posibilidad de expresar su opini\u00f3n.<\/li>\n\n\n\n<li><strong>Panel y programador de encuestas<\/strong>, para mantener bajo control todas las encuestas adjudicadas, completadas o pendientes por responder.<\/li>\n\n\n\n<li><strong>Builder din\u00e1mico<\/strong>, para dise\u00f1ar encuestas con diferentes tipos y formatos de preguntas\/respuestas.<\/li>\n\n\n\n<li><strong>Notificaciones y recordatorios<\/strong>, para aumentar la tasa de respuesta de tu encuesta.<\/li>\n\n\n\n<li> <strong>Mapas de calor<\/strong> e informes gr\u00e1ficos, para visualizar desviaciones de ciertas \u00e1reas o sedes de tu empresa con respecto a la media general.<\/li>\n\n\n\n<li><strong>Emojis integrados<\/strong>, para que tus preguntas resulten m\u00e1s atractivas y f\u00e1ciles de entender.<\/li>\n<\/ul>\n\n\n\n<figure class=\"wp-block-image size-full\"><a href=\"\/encuestas\/\" target=\"_blank\" rel=\"noreferrer noopener\" data-wpel-link=\"internal\"><img decoding=\"async\" width=\"1500\" height=\"1160\" src=\"https:\/\/www.bizneo.com\/blog\/wp-content\/uploads\/2020\/11\/Programa-con-todo-tipo-de-encuestas-y-cuestionarios-de-RRHH.webp\" alt=\"Tipos de encuestas de clima laboral\" class=\"wp-image-18062\" srcset=\"https:\/\/www.bizneo.com\/blog\/wp-content\/uploads\/2020\/11\/Programa-con-todo-tipo-de-encuestas-y-cuestionarios-de-RRHH.webp 1500w, https:\/\/www.bizneo.com\/blog\/wp-content\/uploads\/2020\/11\/Programa-con-todo-tipo-de-encuestas-y-cuestionarios-de-RRHH-300x232.webp 300w, https:\/\/www.bizneo.com\/blog\/wp-content\/uploads\/2020\/11\/Programa-con-todo-tipo-de-encuestas-y-cuestionarios-de-RRHH-1024x792.webp 1024w, https:\/\/www.bizneo.com\/blog\/wp-content\/uploads\/2020\/11\/Programa-con-todo-tipo-de-encuestas-y-cuestionarios-de-RRHH-768x594.webp 768w, https:\/\/www.bizneo.com\/blog\/wp-content\/uploads\/2020\/11\/Programa-con-todo-tipo-de-encuestas-y-cuestionarios-de-RRHH-810x626.webp 810w, https:\/\/www.bizneo.com\/blog\/wp-content\/uploads\/2020\/11\/Programa-con-todo-tipo-de-encuestas-y-cuestionarios-de-RRHH-1140x882.webp 1140w\" sizes=\"(max-width: 1500px) 100vw, 1500px\" \/><\/a><\/figure>\n\n\n\n<p>Si quieres ver en vivo todas sus funcionalidades y conocer todo lo que puedes hacer con este software, <a href=\"https:\/\/hello.bizneo.com\/solicitud-demo-suite\/\" target=\"_blank\" rel=\"noreferrer noopener\" data-wpel-link=\"internal\">pide una demostraci\u00f3n personalizada aqu\u00ed<\/a>.<\/p>\n\n\n\n<figure class=\"wp-block-image size-large\"><a href=\"\/encuestas\/\" target=\"_blank\" rel=\"noopener noreferrer\" data-wpel-link=\"internal\"><img decoding=\"async\" width=\"1360\" height=\"408\" src=\"https:\/\/www.bizneo.com\/blog\/wp-content\/uploads\/2021\/01\/Banner-grande-software-encuestas-clima-laboral.jpg\" alt=\"software de encuestas de clima laboral\" class=\"wp-image-19083\" srcset=\"https:\/\/www.bizneo.com\/blog\/wp-content\/uploads\/2021\/01\/Banner-grande-software-encuestas-clima-laboral.jpg 1360w, https:\/\/www.bizneo.com\/blog\/wp-content\/uploads\/2021\/01\/Banner-grande-software-encuestas-clima-laboral-300x90.jpg 300w, https:\/\/www.bizneo.com\/blog\/wp-content\/uploads\/2021\/01\/Banner-grande-software-encuestas-clima-laboral-1024x307.jpg 1024w, https:\/\/www.bizneo.com\/blog\/wp-content\/uploads\/2021\/01\/Banner-grande-software-encuestas-clima-laboral-768x230.jpg 768w, https:\/\/www.bizneo.com\/blog\/wp-content\/uploads\/2021\/01\/Banner-grande-software-encuestas-clima-laboral-810x243.jpg 810w, https:\/\/www.bizneo.com\/blog\/wp-content\/uploads\/2021\/01\/Banner-grande-software-encuestas-clima-laboral-1140x342.jpg 1140w\" sizes=\"(max-width: 1360px) 100vw, 1360px\" \/><\/a><\/figure>\n","protected":false},"excerpt":{"rendered":"<p>Los indicadores del clima laboral nos permiten conocer el estado de salud de nuestra empresa e implementar las medidas m\u00e1s adecuadas para mejorarlo.<\/p>\n","protected":false},"author":10,"featured_media":8608,"comment_status":"open","ping_status":"open","sticky":false,"template":"","format":"standard","meta":{"_uag_custom_page_level_css":"","site-sidebar-layout":"default","site-content-layout":"","ast-site-content-layout":"default","site-content-style":"default","site-sidebar-style":"default","ast-global-header-display":"","ast-banner-title-visibility":"","ast-main-header-display":"","ast-hfb-above-header-display":"","ast-hfb-below-header-display":"","ast-hfb-mobile-header-display":"","site-post-title":"","ast-breadcrumbs-content":"","ast-featured-img":"","footer-sml-layout":"","ast-disable-related-posts":"","theme-transparent-header-meta":"","adv-header-id-meta":"","stick-header-meta":"","header-above-stick-meta":"","header-main-stick-meta":"","header-below-stick-meta":"","astra-migrate-meta-layouts":"default","ast-page-background-enabled":"default","ast-page-background-meta":{"desktop":{"background-color":"var(--ast-global-color-5)","background-image":"","background-repeat":"repeat","background-position":"center center","background-size":"auto","background-attachment":"scroll","background-type":"","background-media":"","overlay-type":"","overlay-color":"","overlay-opacity":"","overlay-gradient":""},"tablet":{"background-color":"","background-image":"","background-repeat":"repeat","background-position":"center center","background-size":"auto","background-attachment":"scroll","background-type":"","background-media":"","overlay-type":"","overlay-color":"","overlay-opacity":"","overlay-gradient":""},"mobile":{"background-color":"","background-image":"","background-repeat":"repeat","background-position":"center center","background-size":"auto","background-attachment":"scroll","background-type":"","background-media":"","overlay-type":"","overlay-color":"","overlay-opacity":"","overlay-gradient":""}},"ast-content-background-meta":{"desktop":{"background-color":"var(--ast-global-color-4)","background-image":"","background-repeat":"repeat","background-position":"center center","background-size":"auto","background-attachment":"scroll","background-type":"","background-media":"","overlay-type":"","overlay-color":"","overlay-opacity":"","overlay-gradient":""},"tablet":{"background-color":"var(--ast-global-color-4)","background-image":"","background-repeat":"repeat","background-position":"center center","background-size":"auto","background-attachment":"scroll","background-type":"","background-media":"","overlay-type":"","overlay-color":"","overlay-opacity":"","overlay-gradient":""},"mobile":{"background-color":"var(--ast-global-color-4)","background-image":"","background-repeat":"repeat","background-position":"center center","background-size":"auto","background-attachment":"scroll","background-type":"","background-media":"","overlay-type":"","overlay-color":"","overlay-opacity":"","overlay-gradient":""}},"footnotes":""},"categories":[84,7],"tags":[50],"class_list":["post-8603","post","type-post","status-publish","format-standard","has-post-thumbnail","hentry","category-clima-laboral","category-gestion-del-talento","tag-clima-laboral"],"yoast_head":"<!-- This site is optimized with the Yoast SEO plugin v27.5 - https:\/\/yoast.com\/product\/yoast-seo-wordpress\/ -->\n<title>7 Indicadores del Clima Laboral | Y c\u00f3mo medirlos<\/title>\n<meta name=\"description\" content=\"Los indicadores del clima laboral nos permitir\u00e1n conocer el ambiente de nuestra oficina y c\u00f3mo influye en los resultados de negocio\" \/>\n<meta name=\"robots\" content=\"index, follow, max-snippet:-1, max-image-preview:large, max-video-preview:-1\" \/>\n<meta property=\"og:locale\" content=\"es_ES\" \/>\n<meta property=\"og:type\" content=\"article\" \/>\n<meta property=\"og:title\" content=\"7 Indicadores del Clima Laboral | Y c\u00f3mo medirlos\" \/>\n<meta property=\"og:description\" content=\"Los indicadores del clima laboral nos permitir\u00e1n conocer el ambiente de nuestra oficina y c\u00f3mo influye en los resultados de negocio\" \/>\n<meta property=\"og:url\" content=\"https:\/\/www.bizneo.com\/blog\/7-indicadores-del-clima-laboral\/\" \/>\n<meta property=\"og:site_name\" content=\"Blog de Recursos Humanos de Bizneo HR: pr\u00e1ctico y actual\" \/>\n<meta property=\"article:published_time\" content=\"2020-02-20T07:12:00+00:00\" \/>\n<meta property=\"article:modified_time\" content=\"2025-10-22T11:43:16+00:00\" \/>\n<meta property=\"og:image\" content=\"https:\/\/www.bizneo.com\/blog\/wp-content\/uploads\/2020\/02\/indicadores-del-clima-laboral.jpg\" \/>\n\t<meta property=\"og:image:width\" content=\"1140\" \/>\n\t<meta property=\"og:image:height\" content=\"640\" \/>\n\t<meta property=\"og:image:type\" content=\"image\/jpeg\" \/>\n<meta name=\"author\" content=\"\u00c1lvaro Andr\u00e9s\" \/>\n<meta name=\"twitter:card\" content=\"summary_large_image\" \/>\n<meta name=\"twitter:label1\" content=\"Escrito por\" \/>\n\t<meta name=\"twitter:data1\" content=\"\u00c1lvaro Andr\u00e9s\" \/>\n\t<meta name=\"twitter:label2\" content=\"Tiempo de lectura\" \/>\n\t<meta name=\"twitter:data2\" content=\"9 minutos\" \/>\n<script type=\"application\/ld+json\" class=\"yoast-schema-graph\">{\"@context\":\"https:\\\/\\\/schema.org\",\"@graph\":[{\"@type\":[\"Article\",\"BlogPosting\"],\"@id\":\"https:\\\/\\\/www.bizneo.com\\\/blog\\\/7-indicadores-del-clima-laboral\\\/#article\",\"isPartOf\":{\"@id\":\"https:\\\/\\\/www.bizneo.com\\\/blog\\\/7-indicadores-del-clima-laboral\\\/\"},\"author\":{\"name\":\"\u00c1lvaro Andr\u00e9s\",\"@id\":\"https:\\\/\\\/www.bizneo.com\\\/blog\\\/#\\\/schema\\\/person\\\/f932a31bafbfb0726b3071df66e72848\"},\"headline\":\"7 indicadores del clima laboral\",\"datePublished\":\"2020-02-20T07:12:00+00:00\",\"dateModified\":\"2025-10-22T11:43:16+00:00\",\"mainEntityOfPage\":{\"@id\":\"https:\\\/\\\/www.bizneo.com\\\/blog\\\/7-indicadores-del-clima-laboral\\\/\"},\"wordCount\":1710,\"commentCount\":7,\"publisher\":{\"@id\":\"https:\\\/\\\/www.bizneo.com\\\/blog\\\/#organization\"},\"image\":{\"@id\":\"https:\\\/\\\/www.bizneo.com\\\/blog\\\/7-indicadores-del-clima-laboral\\\/#primaryimage\"},\"thumbnailUrl\":\"https:\\\/\\\/www.bizneo.com\\\/blog\\\/wp-content\\\/uploads\\\/2020\\\/02\\\/indicadores-del-clima-laboral.jpg\",\"keywords\":[\"clima laboral\"],\"articleSection\":[\"Clima Laboral\",\"Gesti\u00f3n del talento\"],\"inLanguage\":\"es\",\"potentialAction\":[{\"@type\":\"CommentAction\",\"name\":\"Comment\",\"target\":[\"https:\\\/\\\/www.bizneo.com\\\/blog\\\/7-indicadores-del-clima-laboral\\\/#respond\"]}]},{\"@type\":\"WebPage\",\"@id\":\"https:\\\/\\\/www.bizneo.com\\\/blog\\\/7-indicadores-del-clima-laboral\\\/\",\"url\":\"https:\\\/\\\/www.bizneo.com\\\/blog\\\/7-indicadores-del-clima-laboral\\\/\",\"name\":\"7 Indicadores del Clima Laboral | Y c\u00f3mo medirlos\",\"isPartOf\":{\"@id\":\"https:\\\/\\\/www.bizneo.com\\\/blog\\\/#website\"},\"primaryImageOfPage\":{\"@id\":\"https:\\\/\\\/www.bizneo.com\\\/blog\\\/7-indicadores-del-clima-laboral\\\/#primaryimage\"},\"image\":{\"@id\":\"https:\\\/\\\/www.bizneo.com\\\/blog\\\/7-indicadores-del-clima-laboral\\\/#primaryimage\"},\"thumbnailUrl\":\"https:\\\/\\\/www.bizneo.com\\\/blog\\\/wp-content\\\/uploads\\\/2020\\\/02\\\/indicadores-del-clima-laboral.jpg\",\"datePublished\":\"2020-02-20T07:12:00+00:00\",\"dateModified\":\"2025-10-22T11:43:16+00:00\",\"description\":\"Los indicadores del clima laboral nos permitir\u00e1n conocer el ambiente de nuestra oficina y c\u00f3mo influye en los resultados de negocio\",\"breadcrumb\":{\"@id\":\"https:\\\/\\\/www.bizneo.com\\\/blog\\\/7-indicadores-del-clima-laboral\\\/#breadcrumb\"},\"inLanguage\":\"es\",\"potentialAction\":[{\"@type\":\"ReadAction\",\"target\":[\"https:\\\/\\\/www.bizneo.com\\\/blog\\\/7-indicadores-del-clima-laboral\\\/\"]}]},{\"@type\":\"ImageObject\",\"inLanguage\":\"es\",\"@id\":\"https:\\\/\\\/www.bizneo.com\\\/blog\\\/7-indicadores-del-clima-laboral\\\/#primaryimage\",\"url\":\"https:\\\/\\\/www.bizneo.com\\\/blog\\\/wp-content\\\/uploads\\\/2020\\\/02\\\/indicadores-del-clima-laboral.jpg\",\"contentUrl\":\"https:\\\/\\\/www.bizneo.com\\\/blog\\\/wp-content\\\/uploads\\\/2020\\\/02\\\/indicadores-del-clima-laboral.jpg\",\"width\":1140,\"height\":640,\"caption\":\"indicadores del clima laboral\"},{\"@type\":\"BreadcrumbList\",\"@id\":\"https:\\\/\\\/www.bizneo.com\\\/blog\\\/7-indicadores-del-clima-laboral\\\/#breadcrumb\",\"itemListElement\":[{\"@type\":\"ListItem\",\"position\":1,\"name\":\"Portada\",\"item\":\"https:\\\/\\\/www.bizneo.com\\\/blog\\\/\"},{\"@type\":\"ListItem\",\"position\":2,\"name\":\"Gesti\u00f3n del talento\",\"item\":\"https:\\\/\\\/www.bizneo.com\\\/blog\\\/category\\\/gestion-del-talento\\\/\"},{\"@type\":\"ListItem\",\"position\":3,\"name\":\"7 indicadores del clima laboral\"}]},{\"@type\":\"WebSite\",\"@id\":\"https:\\\/\\\/www.bizneo.com\\\/blog\\\/#website\",\"url\":\"https:\\\/\\\/www.bizneo.com\\\/blog\\\/\",\"name\":\"Blog de Recursos Humanos de Bizneo HR: pr\u00e1ctico y actual\",\"description\":\"Todo sobre actualidad, herramientas y tecnolog\u00eda  para optimizar la gesti\u00f3n del talento humano\",\"publisher\":{\"@id\":\"https:\\\/\\\/www.bizneo.com\\\/blog\\\/#organization\"},\"potentialAction\":[{\"@type\":\"SearchAction\",\"target\":{\"@type\":\"EntryPoint\",\"urlTemplate\":\"https:\\\/\\\/www.bizneo.com\\\/blog\\\/?s={search_term_string}\"},\"query-input\":{\"@type\":\"PropertyValueSpecification\",\"valueRequired\":true,\"valueName\":\"search_term_string\"}}],\"inLanguage\":\"es\"},{\"@type\":\"Organization\",\"@id\":\"https:\\\/\\\/www.bizneo.com\\\/blog\\\/#organization\",\"name\":\"Bizneo HR\",\"url\":\"https:\\\/\\\/www.bizneo.com\\\/blog\\\/\",\"logo\":{\"@type\":\"ImageObject\",\"inLanguage\":\"es\",\"@id\":\"https:\\\/\\\/www.bizneo.com\\\/blog\\\/#\\\/schema\\\/logo\\\/image\\\/\",\"url\":\"https:\\\/\\\/www.bizneo.com\\\/blog\\\/wp-content\\\/uploads\\\/2020\\\/09\\\/Icono-Logo-Bizneo-HR.png\",\"contentUrl\":\"https:\\\/\\\/www.bizneo.com\\\/blog\\\/wp-content\\\/uploads\\\/2020\\\/09\\\/Icono-Logo-Bizneo-HR.png\",\"width\":834,\"height\":834,\"caption\":\"Bizneo HR\"},\"image\":{\"@id\":\"https:\\\/\\\/www.bizneo.com\\\/blog\\\/#\\\/schema\\\/logo\\\/image\\\/\"}},{\"@type\":\"Person\",\"@id\":\"https:\\\/\\\/www.bizneo.com\\\/blog\\\/#\\\/schema\\\/person\\\/f932a31bafbfb0726b3071df66e72848\",\"name\":\"\u00c1lvaro Andr\u00e9s\",\"image\":{\"@type\":\"ImageObject\",\"inLanguage\":\"es\",\"@id\":\"https:\\\/\\\/secure.gravatar.com\\\/avatar\\\/c6b277afc20d169a72d7f266c0f4e889c65d2c4ec098d46bc9fba0266f1cde35?s=96&d=mm&r=g\",\"url\":\"https:\\\/\\\/secure.gravatar.com\\\/avatar\\\/c6b277afc20d169a72d7f266c0f4e889c65d2c4ec098d46bc9fba0266f1cde35?s=96&d=mm&r=g\",\"contentUrl\":\"https:\\\/\\\/secure.gravatar.com\\\/avatar\\\/c6b277afc20d169a72d7f266c0f4e889c65d2c4ec098d46bc9fba0266f1cde35?s=96&d=mm&r=g\",\"caption\":\"\u00c1lvaro Andr\u00e9s\"},\"url\":\"https:\\\/\\\/www.bizneo.com\\\/blog\\\/author\\\/alvaroa\\\/\"}]}<\/script>\n<!-- \/ Yoast SEO plugin. -->","yoast_head_json":{"title":"7 Indicadores del Clima Laboral | Y c\u00f3mo medirlos","description":"Los indicadores del clima laboral nos permitir\u00e1n conocer el ambiente de nuestra oficina y c\u00f3mo influye en los resultados de negocio","robots":{"index":"index","follow":"follow","max-snippet":"max-snippet:-1","max-image-preview":"max-image-preview:large","max-video-preview":"max-video-preview:-1"},"og_locale":"es_ES","og_type":"article","og_title":"7 Indicadores del Clima Laboral | Y c\u00f3mo medirlos","og_description":"Los indicadores del clima laboral nos permitir\u00e1n conocer el ambiente de nuestra oficina y c\u00f3mo influye en los resultados de negocio","og_url":"https:\/\/www.bizneo.com\/blog\/7-indicadores-del-clima-laboral\/","og_site_name":"Blog de Recursos Humanos de Bizneo HR: pr\u00e1ctico y actual","article_published_time":"2020-02-20T07:12:00+00:00","article_modified_time":"2025-10-22T11:43:16+00:00","og_image":[{"width":1140,"height":640,"url":"https:\/\/www.bizneo.com\/blog\/wp-content\/uploads\/2020\/02\/indicadores-del-clima-laboral.jpg","type":"image\/jpeg"}],"author":"\u00c1lvaro Andr\u00e9s","twitter_card":"summary_large_image","twitter_misc":{"Escrito por":"\u00c1lvaro Andr\u00e9s","Tiempo de lectura":"9 minutos"},"schema":{"@context":"https:\/\/schema.org","@graph":[{"@type":["Article","BlogPosting"],"@id":"https:\/\/www.bizneo.com\/blog\/7-indicadores-del-clima-laboral\/#article","isPartOf":{"@id":"https:\/\/www.bizneo.com\/blog\/7-indicadores-del-clima-laboral\/"},"author":{"name":"\u00c1lvaro Andr\u00e9s","@id":"https:\/\/www.bizneo.com\/blog\/#\/schema\/person\/f932a31bafbfb0726b3071df66e72848"},"headline":"7 indicadores del clima laboral","datePublished":"2020-02-20T07:12:00+00:00","dateModified":"2025-10-22T11:43:16+00:00","mainEntityOfPage":{"@id":"https:\/\/www.bizneo.com\/blog\/7-indicadores-del-clima-laboral\/"},"wordCount":1710,"commentCount":7,"publisher":{"@id":"https:\/\/www.bizneo.com\/blog\/#organization"},"image":{"@id":"https:\/\/www.bizneo.com\/blog\/7-indicadores-del-clima-laboral\/#primaryimage"},"thumbnailUrl":"https:\/\/www.bizneo.com\/blog\/wp-content\/uploads\/2020\/02\/indicadores-del-clima-laboral.jpg","keywords":["clima laboral"],"articleSection":["Clima Laboral","Gesti\u00f3n del talento"],"inLanguage":"es","potentialAction":[{"@type":"CommentAction","name":"Comment","target":["https:\/\/www.bizneo.com\/blog\/7-indicadores-del-clima-laboral\/#respond"]}]},{"@type":"WebPage","@id":"https:\/\/www.bizneo.com\/blog\/7-indicadores-del-clima-laboral\/","url":"https:\/\/www.bizneo.com\/blog\/7-indicadores-del-clima-laboral\/","name":"7 Indicadores del Clima Laboral | Y c\u00f3mo medirlos","isPartOf":{"@id":"https:\/\/www.bizneo.com\/blog\/#website"},"primaryImageOfPage":{"@id":"https:\/\/www.bizneo.com\/blog\/7-indicadores-del-clima-laboral\/#primaryimage"},"image":{"@id":"https:\/\/www.bizneo.com\/blog\/7-indicadores-del-clima-laboral\/#primaryimage"},"thumbnailUrl":"https:\/\/www.bizneo.com\/blog\/wp-content\/uploads\/2020\/02\/indicadores-del-clima-laboral.jpg","datePublished":"2020-02-20T07:12:00+00:00","dateModified":"2025-10-22T11:43:16+00:00","description":"Los indicadores del clima laboral nos permitir\u00e1n conocer el ambiente de nuestra oficina y c\u00f3mo influye en los resultados de negocio","breadcrumb":{"@id":"https:\/\/www.bizneo.com\/blog\/7-indicadores-del-clima-laboral\/#breadcrumb"},"inLanguage":"es","potentialAction":[{"@type":"ReadAction","target":["https:\/\/www.bizneo.com\/blog\/7-indicadores-del-clima-laboral\/"]}]},{"@type":"ImageObject","inLanguage":"es","@id":"https:\/\/www.bizneo.com\/blog\/7-indicadores-del-clima-laboral\/#primaryimage","url":"https:\/\/www.bizneo.com\/blog\/wp-content\/uploads\/2020\/02\/indicadores-del-clima-laboral.jpg","contentUrl":"https:\/\/www.bizneo.com\/blog\/wp-content\/uploads\/2020\/02\/indicadores-del-clima-laboral.jpg","width":1140,"height":640,"caption":"indicadores del clima laboral"},{"@type":"BreadcrumbList","@id":"https:\/\/www.bizneo.com\/blog\/7-indicadores-del-clima-laboral\/#breadcrumb","itemListElement":[{"@type":"ListItem","position":1,"name":"Portada","item":"https:\/\/www.bizneo.com\/blog\/"},{"@type":"ListItem","position":2,"name":"Gesti\u00f3n del talento","item":"https:\/\/www.bizneo.com\/blog\/category\/gestion-del-talento\/"},{"@type":"ListItem","position":3,"name":"7 indicadores del clima laboral"}]},{"@type":"WebSite","@id":"https:\/\/www.bizneo.com\/blog\/#website","url":"https:\/\/www.bizneo.com\/blog\/","name":"Blog de Recursos Humanos de Bizneo HR: pr\u00e1ctico y actual","description":"Todo sobre actualidad, herramientas y tecnolog\u00eda  para optimizar la gesti\u00f3n del talento humano","publisher":{"@id":"https:\/\/www.bizneo.com\/blog\/#organization"},"potentialAction":[{"@type":"SearchAction","target":{"@type":"EntryPoint","urlTemplate":"https:\/\/www.bizneo.com\/blog\/?s={search_term_string}"},"query-input":{"@type":"PropertyValueSpecification","valueRequired":true,"valueName":"search_term_string"}}],"inLanguage":"es"},{"@type":"Organization","@id":"https:\/\/www.bizneo.com\/blog\/#organization","name":"Bizneo HR","url":"https:\/\/www.bizneo.com\/blog\/","logo":{"@type":"ImageObject","inLanguage":"es","@id":"https:\/\/www.bizneo.com\/blog\/#\/schema\/logo\/image\/","url":"https:\/\/www.bizneo.com\/blog\/wp-content\/uploads\/2020\/09\/Icono-Logo-Bizneo-HR.png","contentUrl":"https:\/\/www.bizneo.com\/blog\/wp-content\/uploads\/2020\/09\/Icono-Logo-Bizneo-HR.png","width":834,"height":834,"caption":"Bizneo HR"},"image":{"@id":"https:\/\/www.bizneo.com\/blog\/#\/schema\/logo\/image\/"}},{"@type":"Person","@id":"https:\/\/www.bizneo.com\/blog\/#\/schema\/person\/f932a31bafbfb0726b3071df66e72848","name":"\u00c1lvaro Andr\u00e9s","image":{"@type":"ImageObject","inLanguage":"es","@id":"https:\/\/secure.gravatar.com\/avatar\/c6b277afc20d169a72d7f266c0f4e889c65d2c4ec098d46bc9fba0266f1cde35?s=96&d=mm&r=g","url":"https:\/\/secure.gravatar.com\/avatar\/c6b277afc20d169a72d7f266c0f4e889c65d2c4ec098d46bc9fba0266f1cde35?s=96&d=mm&r=g","contentUrl":"https:\/\/secure.gravatar.com\/avatar\/c6b277afc20d169a72d7f266c0f4e889c65d2c4ec098d46bc9fba0266f1cde35?s=96&d=mm&r=g","caption":"\u00c1lvaro Andr\u00e9s"},"url":"https:\/\/www.bizneo.com\/blog\/author\/alvaroa\/"}]}},"spectra_custom_meta":{"_is_githuber_markdown":["1"],"_edit_lock":["1769971943:47"],"_edit_last":["10"],"_githuber_prismjs":[""],"_githuber_highlightjs":[""],"_is_githuber_sequence":[""],"_is_githuber_flow_chart":[""],"_is_githuber_mermaid":[""],"_is_githuber_katex":[""],"_yoast_wpseo_primary_category":["7"],"_vce_meta":["a:4:{s:11:\"use_sidebar\";s:7:\"inherit\";s:7:\"sidebar\";s:7:\"inherit\";s:14:\"sticky_sidebar\";s:7:\"inherit\";s:6:\"layout\";s:7:\"inherit\";}"],"_is_githuber_markdown_enabled":["no"],"_yoast_wpseo_content_score":["90"],"_thumbnail_id":["8608"],"_yoast_wpseo_title":["7 Indicadores del Clima Laboral | Y c\u00f3mo medirlos"],"_yoast_wpseo_focuskw":["indicadores del clima laboral"],"_yoast_wpseo_metadesc":["Los indicadores del clima laboral nos permitir\u00e1n conocer el ambiente de nuestra oficina y c\u00f3mo influye en los resultados de negocio"],"_yoast_wpseo_linkdex":["85"],"onesignal_meta_box_present":["1"],"onesignal_send_notification":[""],"Views":["110351"],"onesignal_modify_title_and_content":[""],"onesignal_notification_custom_heading":[null],"onesignal_notification_custom_content":[null],"wp_review_type":["none"],"_yoast_wpseo_estimated-reading-time-minutes":["9"],"wp_review_positive_count":["0"],"wp_review_negative_count":["0"],"_at_widget":["1"],"_yoast_wpseo_wordproof_timestamp":[""],"wp_review_user_reviews":["0"],"wp_review_review_count":["0"],"_uag_css_file_name":["uag-css-8603.css"],"_uag_page_assets":["a:9:{s:3:\"css\";s:263:\".uag-blocks-common-selector{z-index:var(--z-index-desktop) !important}@media (max-width: 976px){.uag-blocks-common-selector{z-index:var(--z-index-tablet) !important}}@media (max-width: 767px){.uag-blocks-common-selector{z-index:var(--z-index-mobile) !important}}\n\";s:2:\"js\";s:0:\"\";s:18:\"current_block_list\";a:8:{i:0;s:14:\"core\/paragraph\";i:1;s:12:\"core\/heading\";i:2;s:10:\"core\/image\";i:3;s:9:\"core\/list\";i:4;s:14:\"core\/list-item\";i:5;s:9:\"core\/html\";i:6;s:12:\"core\/details\";i:7;s:14:\"core\/shortcode\";}s:8:\"uag_flag\";b:0;s:11:\"uag_version\";s:10:\"1777548730\";s:6:\"gfonts\";a:0:{}s:10:\"gfonts_url\";s:0:\"\";s:12:\"gfonts_files\";a:0:{}s:14:\"uag_faq_layout\";b:0;}"]},"uagb_featured_image_src":{"full":["https:\/\/www.bizneo.com\/blog\/wp-content\/uploads\/2020\/02\/indicadores-del-clima-laboral.jpg",1140,640,false],"thumbnail":["https:\/\/www.bizneo.com\/blog\/wp-content\/uploads\/2020\/02\/indicadores-del-clima-laboral-150x150.jpg",150,150,true],"medium":["https:\/\/www.bizneo.com\/blog\/wp-content\/uploads\/2020\/02\/indicadores-del-clima-laboral-300x168.jpg",300,168,true],"medium_large":["https:\/\/www.bizneo.com\/blog\/wp-content\/uploads\/2020\/02\/indicadores-del-clima-laboral-768x431.jpg",768,431,true],"large":["https:\/\/www.bizneo.com\/blog\/wp-content\/uploads\/2020\/02\/indicadores-del-clima-laboral-1024x575.jpg",1024,575,true],"1536x1536":["https:\/\/www.bizneo.com\/blog\/wp-content\/uploads\/2020\/02\/indicadores-del-clima-laboral.jpg",1140,640,false],"2048x2048":["https:\/\/www.bizneo.com\/blog\/wp-content\/uploads\/2020\/02\/indicadores-del-clima-laboral.jpg",1140,640,false]},"uagb_author_info":{"display_name":"\u00c1lvaro Andr\u00e9s","author_link":"https:\/\/www.bizneo.com\/blog\/author\/alvaroa\/"},"uagb_comment_info":7,"uagb_excerpt":"Los indicadores del clima laboral nos permiten conocer el estado de salud de nuestra empresa e implementar las medidas m\u00e1s adecuadas para mejorarlo.","_links":{"self":[{"href":"https:\/\/www.bizneo.com\/blog\/wp-json\/wp\/v2\/posts\/8603","targetHints":{"allow":["GET"]}}],"collection":[{"href":"https:\/\/www.bizneo.com\/blog\/wp-json\/wp\/v2\/posts"}],"about":[{"href":"https:\/\/www.bizneo.com\/blog\/wp-json\/wp\/v2\/types\/post"}],"author":[{"embeddable":true,"href":"https:\/\/www.bizneo.com\/blog\/wp-json\/wp\/v2\/users\/10"}],"replies":[{"embeddable":true,"href":"https:\/\/www.bizneo.com\/blog\/wp-json\/wp\/v2\/comments?post=8603"}],"version-history":[{"count":31,"href":"https:\/\/www.bizneo.com\/blog\/wp-json\/wp\/v2\/posts\/8603\/revisions"}],"predecessor-version":[{"id":56162,"href":"https:\/\/www.bizneo.com\/blog\/wp-json\/wp\/v2\/posts\/8603\/revisions\/56162"}],"wp:featuredmedia":[{"embeddable":true,"href":"https:\/\/www.bizneo.com\/blog\/wp-json\/wp\/v2\/media\/8608"}],"wp:attachment":[{"href":"https:\/\/www.bizneo.com\/blog\/wp-json\/wp\/v2\/media?parent=8603"}],"wp:term":[{"taxonomy":"category","embeddable":true,"href":"https:\/\/www.bizneo.com\/blog\/wp-json\/wp\/v2\/categories?post=8603"},{"taxonomy":"post_tag","embeddable":true,"href":"https:\/\/www.bizneo.com\/blog\/wp-json\/wp\/v2\/tags?post=8603"}],"curies":[{"name":"wp","href":"https:\/\/api.w.org\/{rel}","templated":true}]}}