{"id":8533,"date":"2020-02-11T11:59:00","date_gmt":"2020-02-11T10:59:00","guid":{"rendered":"https:\/\/www.bizneo.com\/blog\/?p=8533"},"modified":"2026-02-01T19:56:22","modified_gmt":"2026-02-01T18:56:22","slug":"defectos-del-candidato-en-la-entrevista","status":"publish","type":"post","link":"https:\/\/www.bizneo.com\/blog\/defectos-del-candidato-en-la-entrevista\/","title":{"rendered":"C\u00f3mo detectar los defectos del candidato en la entrevista"},"content":{"rendered":"\n<p>A lo largo del <a href=\"https:\/\/www.bizneo.com\/blog\/etapas-proceso-de-seleccion-de-personal\/\" data-wpel-link=\"internal\" target=\"_blank\">proceso de selecci\u00f3n<\/a> nos encontramos con distintas etapas. Cada una de ellas cumple una funci\u00f3n indispensable. <strong>Detectar los defectos del candidato<\/strong> en la entrevista de trabajo es uno de los pilares para que la contrataci\u00f3n finalice de forma exitosa.<\/p>\n\n\n\n<p>Sin embargo, no siempre resulta sencillo.En muchas ocasiones <strong>los candidatos traen las preguntas cl\u00e1sicas preparadas<\/strong>. Es labor del reclutador detectar las respuestas prefabricadas y encontrar f\u00f3rmulas m\u00e1s originales para dar con la verdad.<\/p>\n\n\n\n<p>De hecho, seg\u00fan estudios de Randstad, <strong>4 de 5 candidatos no consiguen superar la <a href=\"https:\/\/www.bizneo.com\/blog\/entrevista-de-seleccion\/\" data-wpel-link=\"internal\" target=\"_blank\">entrevista de selecci\u00f3n<\/a><\/strong>, eso significa que, en general, los reclutadores ejercen esta funci\u00f3n correctamente y descartan aqu\u00ed a gran parte de los sujetos.<\/p>\n\n\n\n<h2 class=\"wp-block-heading\">3 cualidades y 3 defectos en una entrevista de trabajo: los m\u00e1s frecuentes<\/h2>\n\n\n\n<p>Durante la <a href=\"https:\/\/www.bizneo.com\/blog\/tipos-de-entrevista-de-trabajo\/\" data-wpel-link=\"internal\" target=\"_blank\">entrevista de trabajo<\/a> intentaremos hacernos a una idea de las fortalezas y debilidades del empleado, adem\u00e1s de analizar tambi\u00e9n sus capacidades comunicativas y sociales, as\u00ed como su humildad y sinceridad. Para poder alcanzar este objetivo, es importante <strong>no caer en preguntas prefabricadas ni <\/strong><a href=\"https:\/\/www.bizneo.com\/blog\/preguntas-trampa-entrevista-de-trabajo\/\" data-wpel-link=\"internal\" target=\"_blank\"><strong>preguntas trampa<\/strong><\/a><strong> <\/strong>cuya respuesta resultar\u00e1 tambi\u00e9n artificial.<\/p>\n\n\n\n<p>Lo que todo buen entrevistador deber\u00eda hacer es plantear una pregunta original y diferente, que, de alg\u00fan modo le lleve a la respuesta sincera y espont\u00e1nea que queremos obtener.<\/p>\n\n\n\n<h3 class=\"wp-block-heading\">Los defectos m\u00e1s comunes<\/h3>\n\n\n\n<h4 class=\"wp-block-heading\">Dificultades en la resoluci\u00f3n de conflictos<\/h4>\n\n\n\n<p>En lugar de preguntar directamente por las debilidades y virtudes del candidato para detectar defectos en una entrevista de trabajo, lo mejor es ir planteando preguntas indirectas. <\/p>\n\n\n\n<p>Cuestiones que nos hablen de la actitud del sujeto en determinadas situaciones donde se define su car\u00e1cter. En este caso, su capacidad de resolver y enfrentarse a conflictos. <\/p>\n\n\n\n<p>Una buena pregunta podr\u00eda ser:<\/p>\n\n\n\n<blockquote class=\"wp-block-quote is-layout-flow wp-block-quote-is-layout-flow\"> \u201cCu\u00e9ntame una situaci\u00f3n conflictiva que tuvieras en el pasado\u201d o \u201c\u00bfC\u00f3mo resolver\u00edas ESTE problema?\u201d<\/p><\/blockquote>\n\n\n\n<p>Otra soluci\u00f3n original para esta misma pregunta es:\n\n\n\n<blockquote class=\"wp-block-quote is-layout-flow wp-block-quote-is-layout-flow\">\u201c\u00bfC\u00f3mo te definir\u00edan tus enemigos?\u201d.<\/p><\/blockquote>\n\n\n\n<p>Aqu\u00ed, el candidato hablar\u00e1 de sus defectos, o, al menos, de los que muestra o cree mostrar.\n\n\n\n<h4 class=\"wp-block-heading\">Dificultades de comunicaci\u00f3n<\/h4>\n\n\n\n<p>Otro de los defectos del candidato en la entrevista que m\u00e1s se muestran son las dificultades de comunicaci\u00f3n o problemas asociados. Muchos candidatos con perfiles brillantes carecen de las habilidades comunicativas necesarias para incorporarse a determinadas empresas donde este factor est\u00e1 muy arraigado a su <a href=\"https:\/\/www.bizneo.com\/blog\/cultura-organizacional\/\" data-wpel-link=\"internal\" target=\"_blank\">cultura organizativa<\/a>.&nbsp;<\/p>\n\n\n\n<p>Preguntar directamente por estas habilidades no nos aportar\u00e1 ning\u00fan dato fiable, por lo que debemos plantear una pregunta que permita al candidato hablar distendidamente sobre un tema que maneje bien. Por ejemplo:<strong> <\/strong><\/p>\n\n\n\n<blockquote class=\"wp-block-quote is-layout-flow wp-block-quote-is-layout-flow\">\u201ch\u00e1blanos en detalle sobre tu formaci\u00f3n\u201d o \u201ccu\u00e9ntanos tu an\u00e9cdota favorita\u201d.<\/p><\/blockquote>\n\n\n\n<h4 class=\"wp-block-heading\">Adecuaci\u00f3n a la empresa y a su cultura<\/h4>\n\n\n\n<p>En algunas ocasiones, existen candidatos cuyas habilidades t\u00e9cnicas se ajustan a la perfecci\u00f3n al perfil que estamos buscando, pero <strong>\u00bfrealmente encaja su personalidad con la filosof\u00eda de nuestra empresa?<\/strong>\n\n\n\n<p>Debemos responder a esta pregunta antes de seguir adelante con el proceso pues, una nota discordante podr\u00eda crear mal ambiente en nuestro centro de trabajo. As\u00ed, las preguntas que podr\u00edamos plantear son:<\/p>\n\n\n\n<blockquote class=\"wp-block-quote is-layout-flow wp-block-quote-is-layout-flow\"> \u201c\u00bfC\u00f3mo ser\u00eda para ti un d\u00eda perfecto en este puesto de trabajo?\u201d o \u201c\u00bfQu\u00e9 echaste de menos en tu \u00faltimo puesto de trabajo?\u201d.<\/p><\/blockquote>\n\n\n\n<p><\/p>\n\n\n\n<p>La respuesta a estas preguntas nos dar\u00e1 las claves necesarias para dibujar un perfil m\u00e1s exacto del candidato.\n\n\n\n<p>Dejar reflejados estas carencias o defectos detectados en la entrevista en un sistema centralizado ser\u00e1 fundamental para ahorrar costes operativos y asegurarse de que todo el equipo de reclutadores y seleccionadores est\u00e1 informado.<\/p>\n\n\n\n<p>El <a aria-label=\" (se abre en una nueva pesta\u00f1a)\" href=\"\/reclutamiento-seleccion-ats\/\" target=\"_blank\" rel=\"noreferrer noopener\" data-wpel-link=\"internal\">software de reclutamiento<\/a>, por ejemplo, crea una ficha del candidato cuando recibe el curr\u00edculum. <\/p>\n\n\n\n<figure class=\"wp-block-image size-full\"><a href=\"https:\/\/www.bizneo.com\/reclutamiento-seleccion-ats\/\" target=\"_blank\" rel=\"noreferrer noopener\" data-wpel-link=\"internal\"><img decoding=\"async\" width=\"1125\" height=\"957\" src=\"https:\/\/www.bizneo.com\/blog\/wp-content\/uploads\/2020\/10\/Herramienta-de-reclutamiento.webp\" alt=\"Software de selecci\u00f3n de personal con Criba curricular\" class=\"wp-image-17261\" srcset=\"https:\/\/www.bizneo.com\/blog\/wp-content\/uploads\/2020\/10\/Herramienta-de-reclutamiento.webp 1125w, https:\/\/www.bizneo.com\/blog\/wp-content\/uploads\/2020\/10\/Herramienta-de-reclutamiento-300x255.webp 300w, https:\/\/www.bizneo.com\/blog\/wp-content\/uploads\/2020\/10\/Herramienta-de-reclutamiento-1024x871.webp 1024w, https:\/\/www.bizneo.com\/blog\/wp-content\/uploads\/2020\/10\/Herramienta-de-reclutamiento-768x653.webp 768w, https:\/\/www.bizneo.com\/blog\/wp-content\/uploads\/2020\/10\/Herramienta-de-reclutamiento-810x689.webp 810w\" sizes=\"(max-width: 1125px) 100vw, 1125px\" \/><\/a><\/figure>\n\n\n\n<p>Un espacio en el que es posible dejar comentarios, etiquetar a los miembros del equipo, colgar documentos asociados, etc\u00e9tera. Es all\u00ed donde, adem\u00e1s, se plasma el hist\u00f3rico de fases por las que ha ido pasando.<\/p>\n\n\n\n<div id=\"cbox-K6FkL3OdLvRk41xH\"><\/div>\n\n\n\n<p><\/p>\n\n\n\n<h2 class=\"wp-block-heading\">C\u00f3mo detectar defectos antes de la entrevista<\/h2>\n\n\n\n<p>En cualquier caso, es importante que agilicemos nuestros tiempos haciendo un buen reclutamiento y <a href=\"https:\/\/www.bizneo.com\/blog\/criba-curricular\/\" data-wpel-link=\"internal\" target=\"_blank\">criba curricular<\/a> que traiga a la entrevista a los candidatos m\u00e1s ajustados al puesto. Para conseguirlo, el ATS de Bizneo HR permite publicar en hasta 80 <a href=\"https:\/\/www.bizneo.com\/blog\/fuentes-de-reclutamiento\/\" data-wpel-link=\"internal\" target=\"_blank\">fuentes de reclutamiento<\/a> \u2013incluso fuentes de nicho y especializadas\u2013 de manera autom\u00e1tica, incluir <a href=\"https:\/\/www.bizneo.com\/blog\/killer-questions\/\" data-wpel-link=\"internal\" target=\"_blank\">killer questions<\/a> y filtros, etc\u00e9tera.<\/p>\n\n\n\n<h3 class=\"wp-block-heading\">Cualidades m\u00e1s comunes&nbsp;<\/h3>\n\n\n\n<p>Descifrar las aut\u00e9nticas cualidades del candidato pasa por plantear preguntas que hablen sobre una situaci\u00f3n concreta y que obliguen al sujeto a improvisar una respuesta donde nos muestre su car\u00e1cter.<\/p>\n\n\n\n<h4 class=\"wp-block-heading\">Creatividad<\/h4>\n\n\n\n<p>Muchos curr\u00edculums destacan la creatividad como una virtud, pero debemos comprobar por qu\u00e9 el candidato dice tener esta ventaja sobre el resto.<\/p>\n\n\n\n<p>La mejor opci\u00f3n es <strong>preguntar sobre una situaci\u00f3n muy concreta<\/strong> y detallada para hacer que sea el candidato quien proponga una soluci\u00f3n. Puede estar o no relacionado con el puesto de trabajo, pero siempre debe tener alguna dificultad que exija una soluci\u00f3n creativa.<\/p>\n\n\n\n<h4 class=\"wp-block-heading\">Ambici\u00f3n<\/h4>\n\n\n\n<p>Aqu\u00ed es muy importante que el entrevistador sepa leer entre l\u00edneas las respuestas de los candidatos pues, hay muchas capas que deben ser analizadas en preguntas que apelan a la ambici\u00f3n y que est\u00e1n estrechamente relacionadas con la motivaci\u00f3n.<\/p>\n\n\n\n<p>Por ejemplo, podemos recurrir a preguntar: <strong>\u201c\u00bfD\u00f3nde te ves dentro de X a\u00f1os?\u201d<\/strong> o, en un ambiente de mayor confianza y seguridad<strong>, \u201c\u00bfCu\u00e1l es tu mayor sue\u00f1o?\u201d.<\/strong><\/p>\n\n\n\n<p>Si bien no hay respuesta incorrecta para estas dos cuestiones, s\u00ed exige un desarrollo lo suficientemente complejo como para que el <a href=\"https:\/\/www.bizneo.com\/blog\/que-preguntar-en-una-entrevista-de-trabajo-como-entrevistador\/\" data-wpel-link=\"internal\" target=\"_blank\">entrevistador<\/a> pueda percibir otros aspectos del candidato.<\/p>\n\n\n\n<figure class=\"wp-block-image size-full\"><a href=\"\/reclutamiento-seleccion-ats\/\" data-wpel-link=\"internal\" target=\"_blank\"><img decoding=\"async\" width=\"1360\" height=\"204\" src=\"https:\/\/www.bizneo.com\/blog\/wp-content\/uploads\/2024\/02\/banner-medio-ranking-candidatos-seleccion.jpg\" alt=\"Ranking de candidatos en un proceso de reclutamiento\" class=\"wp-image-44755\" srcset=\"https:\/\/www.bizneo.com\/blog\/wp-content\/uploads\/2024\/02\/banner-medio-ranking-candidatos-seleccion.jpg 1360w, https:\/\/www.bizneo.com\/blog\/wp-content\/uploads\/2024\/02\/banner-medio-ranking-candidatos-seleccion-300x45.jpg 300w, https:\/\/www.bizneo.com\/blog\/wp-content\/uploads\/2024\/02\/banner-medio-ranking-candidatos-seleccion-1024x154.jpg 1024w, https:\/\/www.bizneo.com\/blog\/wp-content\/uploads\/2024\/02\/banner-medio-ranking-candidatos-seleccion-768x115.jpg 768w, https:\/\/www.bizneo.com\/blog\/wp-content\/uploads\/2024\/02\/banner-medio-ranking-candidatos-seleccion-810x122.jpg 810w, https:\/\/www.bizneo.com\/blog\/wp-content\/uploads\/2024\/02\/banner-medio-ranking-candidatos-seleccion-1140x171.jpg 1140w\" sizes=\"(max-width: 1360px) 100vw, 1360px\" \/><\/a><\/figure>\n\n\n\n<h4 class=\"wp-block-heading\">Trabajo en equipo<\/h4>\n\n\n\n<p>Conociendo las tendencias actuales en los centros de trabajo, muchos son los candidatos que se definen como buenos en el <a href=\"https:\/\/www.bizneo.com\/blog\/dinamicas-de-trabajo-en-equipo\/\" data-wpel-link=\"internal\" target=\"_blank\">trabajo en equipo<\/a>, pero pocos son aquellos los que en realidad disfrutan de este tipo de encargos.<\/p>\n\n\n\n<p>As\u00ed, lo mejor en estos casos en preguntar por un proyecto del que se sientan orgullosos y entrar en los pormenores de su ejecuci\u00f3n, como saber el n\u00famero de personas implicadas, <strong>qu\u00e9 retos planteaba<\/strong>,<strong> qu\u00e9 conflictos surgieron durante la realizaci\u00f3n, etc.<\/strong><\/p>\n\n\n\n<figure class=\"wp-block-image\"><a href=\"https:\/\/hello.bizneo.com\/kit\/reclutamiento-y-seleccion\/?utm_content=post-KIT-Reclutamiento\" data-wpel-link=\"internal\" target=\"_blank\"><img decoding=\"async\" src=\"https:\/\/www.bizneo.com\/blog\/wp-content\/uploads\/2023\/03\/KIT-Reclutamiento-1-1024x307.png\" alt=\"Kit de Reclutamiento y Selecci\u00f3n\" class=\"wp-image-39178\"\/><\/a><\/figure>\n\n\n\n<h2 class=\"wp-block-heading\">Defectos y \u201cdefectos\u201d del candidato en la entrevista<\/h2>\n\n\n\n<p>Debemos tener claro en todo momento que el candidato perfecto no existe, pero que s\u00ed es posible encontrar aspirantes cuyas capacidades de superaci\u00f3n y mejora sean destacables y deseables.<\/p>\n\n\n\n<p>Los defectos nos hablan poco de la actitud de la persona que tenemos delante. Lo que realmente debemos buscar es un sujeto que se anteponga a las adversidades y salga fortalecido de las situaciones negativas.<\/p>\n\n\n\n<p>En otras palabras, hemos de buscar respuestas que nos hablen de c\u00f3mo, <strong>de una debilidad, este candidato ha podido convertirlo en una ventaja.<\/strong><\/p>\n\n\n\n<p>As\u00ed, respuestas como:<\/p>\n\n\n\n<blockquote class=\"wp-block-quote is-layout-flow wp-block-quote-is-layout-flow\">\u201cSol\u00eda invertir demasiado tiempo en la toma de decisiones, pero ahora mi confianza ha mejorado y cada vez dudo menos de mis capacidades\u201d.<\/p><\/blockquote>\n\n\n\n<blockquote class=\"wp-block-quote is-layout-flow wp-block-quote-is-layout-flow\">\n<p>\u201cTen\u00eda dificultades para hablar en p\u00fablico pero gracias a un taller al que estoy yendo he descubierto que puedo superar esta barrera sin problemas\u201d.<\/p>\n<\/blockquote>\n\n\n\n<blockquote class=\"wp-block-quote is-layout-flow wp-block-quote-is-layout-flow\">\n<p>\u201cAntes me costaba mucho delegar en otros, pero la experiencia me ha ido formando para aprender a trabajar en equipo y confiar en mis compa\u00f1eros\u201d.<\/p>\n<\/blockquote>\n\n\n\n<blockquote class=\"wp-block-quote is-layout-flow wp-block-quote-is-layout-flow\">\n<p>\u201cHabitualmente era desorganizado, pero con el tiempo he aprendido a ser m\u00e1s previsor y planificar mejor\u201d.<\/p>\n<\/blockquote>\n\n\n\n<blockquote class=\"wp-block-quote is-layout-flow wp-block-quote-is-layout-flow\">\n<p>\u201cTen\u00eda la costumbre de trabajar en un solo proyecto y darle toda mi atenci\u00f3n, ahora, he aprendido a trabajar en m\u00faltiples proyectos a la vez, mim\u00e1ndolos todos por igual\u201d.<\/p>\n<\/blockquote>\n\n\n\n<h2 class=\"wp-block-heading\">No todo son defectos en la entrevista de trabajo<\/h2>\n\n\n\n<p>M\u00e1s all\u00e1 de encontrar los defectos del candidato en la entrevista de trabajo, lo que debemos perseguir es <strong>hacernos a una idea lo m\u00e1s fiel posible de c\u00f3mo es la persona <\/strong>que estamos entrevistando.\n\n\n\n<p>Como no todo debe pasar por las 3 cualidades y 3 defectos que buscamos localizar en la entrevista, debemos tambi\u00e9n fijarnos en la actitud del sujeto durante la misma.<\/p>\n\n\n\n<h3 class=\"wp-block-heading\">Lenguaje corporal<\/h3>\n\n\n\n<p>Una cosa es lo que se dice y otra, lo que tu cuerpo comunica. Determinados gestos o movimientos hacen que podamos dudar de la sinceridad de la respuesta del entrevistado. Detalles como <strong>la posici\u00f3n de las manos o la direcci\u00f3n de la mirada<\/strong> son fundamentales aqu\u00ed.<\/p>\n\n\n\n<bzn-note><a href=\"\/blog\/tipos-de-entrevista-de-trabajo\/\" id=\"destacado-post\" target=\"_blank\" rel=\"noopener noreferrer\" data-wpel-link=\"internal\"><span class=\"bzn-link-title\"><strong>Tipos de entrevista de trabajo<\/strong><\/span> <br>\u00bfC\u00f3mo escoger la m\u00e1s adecuada?<\/br><\/a><\/bzn-note>\n\n\n\n<p><\/p>\n\n\n\n<h3 class=\"wp-block-heading\">Honestidad<\/h3>\n\n\n\n<p>Proponer pruebas pr\u00e1cticas sobre las habilidades que el candidato dice tener es una buena idea para detectar posibles mentiras en el curr\u00edculum. Mentir sobre una habilidad es grave pues, <strong>nos habla de una persona poco sincera <\/strong>que puede traernos problemas a largo plazo.<\/p>\n\n\n\n<h3 class=\"wp-block-heading\">Lealtad<\/h3>\n\n\n\n<p>Si un candidato destaca su falta de lealtad como una debilidad, entonces debemos desconfiar de \u00e9l y de su capacidad de adaptarse a la filosof\u00eda de la empresa.<\/p>\n\n\n\n<h3 class=\"wp-block-heading\">Sentido del humor<\/h3>\n\n\n\n<p><strong>Saber re\u00edrse de s\u00ed mismo<\/strong> y presentar las situaciones complejas con un matiz c\u00f3mico es una cualidad muy positiva que debemos tener en cuenta al entrevistar al candidato.<\/p>\n\n\n\n<h3 class=\"wp-block-heading\">Flexibilidad<\/h3>\n\n\n\n<p>Cuando el candidato exponga sus debilidades y nos explique, si es el caso, como las ha transformado en fortalezas, veremos c\u00f3mo de flexible es su car\u00e1cter y <strong>en qu\u00e9 medida est\u00e1 abierto a los cambios<\/strong>.<\/p>\n\n\n\n<h2 class=\"wp-block-heading\">C\u00f3mo detectar los defectos del candidato<\/h2>\n\n\n\n<ul class=\"wp-block-list\">\n<li>Define qu\u00e9 son defectos y qu\u00e9 no lo son.<\/li>\n\n\n\n<li>Busca preguntas originales y concretas que permitan cierto grado de desarrollo por parte del entrevistado.<\/li>\n\n\n\n<li>Presta atenci\u00f3n al <strong>lenguaje tanto verbal como no verbal<\/strong>: \u00bfc\u00f3mo cuenta determinada an\u00e9cdota?, \u00bfc\u00f3mo mueve las manos mientras expone una situaci\u00f3n conflictiva?<\/li>\n\n\n\n<li>Plantea pruebas t\u00e9cnicas que te permitan comprobar la veracidad de sus habilidades y, al mismo tiempo, la honestidad con la que el candidato se ha descrito.<\/li>\n\n\n\n<li><strong>Haz acopio de peque\u00f1os trucos que te permitan conocer mejor el car\u00e1cter del sujeto,<\/strong> por ejemplo, si es una persona que dice ser calmada, da peque\u00f1os toquecitos con el pie durante toda la entrevista y observa su reacci\u00f3n. Otro ejemplo: si dice ser comedido y emp\u00e1tico, aparece con las manos ocupadas y observa c\u00f3mo se comporta, si se ofrece a ayudarte o a abrir la puerta para facilitarte el proceso.&nbsp;<\/li>\n<\/ul>\n\n\n\n<figure class=\"wp-block-image size-large\"><a href=\"\/\/hello.bizneo.com\/guia-pruebas-recursos-humanos\/?utm_content=post-banner\" target=\"_blank\" rel=\"noreferrer noopener\" data-wpel-link=\"internal\"><img decoding=\"async\" width=\"1360\" height=\"204\" src=\"https:\/\/www.bizneo.com\/blog\/wp-content\/uploads\/2021\/01\/banner-pruebas-rrhh.jpg\" alt=\"Pruebas de Recursos Humanos\" class=\"wp-image-18749\" srcset=\"https:\/\/www.bizneo.com\/blog\/wp-content\/uploads\/2021\/01\/banner-pruebas-rrhh.jpg 1360w, https:\/\/www.bizneo.com\/blog\/wp-content\/uploads\/2021\/01\/banner-pruebas-rrhh-300x45.jpg 300w, https:\/\/www.bizneo.com\/blog\/wp-content\/uploads\/2021\/01\/banner-pruebas-rrhh-1024x154.jpg 1024w, https:\/\/www.bizneo.com\/blog\/wp-content\/uploads\/2021\/01\/banner-pruebas-rrhh-768x115.jpg 768w, https:\/\/www.bizneo.com\/blog\/wp-content\/uploads\/2021\/01\/banner-pruebas-rrhh-810x122.jpg 810w, https:\/\/www.bizneo.com\/blog\/wp-content\/uploads\/2021\/01\/banner-pruebas-rrhh-1140x171.jpg 1140w\" sizes=\"(max-width: 1360px) 100vw, 1360px\" \/><\/a><\/figure>\n\n\n\n<h2 class=\"wp-block-heading\">Comunicar que no ha superado la entrevista por sus defectos<\/h2>\n\n\n\n<p>Cuando un aspirante no pasa la entrevista es adecuado comunic\u00e1rselo para cuidar la imagen corporativa. Hemos creado esta carta para facilitar el proceso: <\/p>\n\n\n\n<figure class=\"wp-block-image size-large\"><img decoding=\"async\" width=\"1024\" height=\"774\" src=\"https:\/\/www.bizneo.com\/blog\/wp-content\/uploads\/2020\/04\/Carta-entrevista-1024x774.jpeg\" alt=\"CARTA AGRADECIMIENTO A UNA CANDIDATURA DESESTIMADA TRAS UNA ENTREVISTA DE TRABAJO\" class=\"wp-image-16999\" srcset=\"https:\/\/www.bizneo.com\/blog\/wp-content\/uploads\/2020\/04\/Carta-entrevista-1024x774.jpeg 1024w, https:\/\/www.bizneo.com\/blog\/wp-content\/uploads\/2020\/04\/Carta-entrevista-300x227.jpeg 300w, https:\/\/www.bizneo.com\/blog\/wp-content\/uploads\/2020\/04\/Carta-entrevista-768x580.jpeg 768w, https:\/\/www.bizneo.com\/blog\/wp-content\/uploads\/2020\/04\/Carta-entrevista-810x612.jpeg 810w, https:\/\/www.bizneo.com\/blog\/wp-content\/uploads\/2020\/04\/Carta-entrevista-1140x862.jpeg 1140w, https:\/\/www.bizneo.com\/blog\/wp-content\/uploads\/2020\/04\/Carta-entrevista.jpeg 1200w\" sizes=\"(max-width: 1024px) 100vw, 1024px\" \/><\/figure>\n\n\n\n<figure class=\"wp-block-image size-full\"><a href=\"https:\/\/hello.bizneo.com\/plantilla\/cartas-comunicados-rrhh\/?utm_content=Opt-in-banner-blog\" data-wpel-link=\"internal\" target=\"_blank\"><img decoding=\"async\" width=\"810\" height=\"332\" src=\"https:\/\/www.bizneo.com\/blog\/wp-content\/uploads\/2023\/10\/Cartas-Recursos-Humanos.png\" alt=\"Cartas para Recursos Humanos\" class=\"wp-image-43792\" srcset=\"https:\/\/www.bizneo.com\/blog\/wp-content\/uploads\/2023\/10\/Cartas-Recursos-Humanos.png 810w, https:\/\/www.bizneo.com\/blog\/wp-content\/uploads\/2023\/10\/Cartas-Recursos-Humanos-300x123.png 300w, https:\/\/www.bizneo.com\/blog\/wp-content\/uploads\/2023\/10\/Cartas-Recursos-Humanos-768x315.png 768w\" sizes=\"(max-width: 810px) 100vw, 810px\" \/><\/a><\/figure>\n\n\n\n<p><\/p>\n","protected":false},"excerpt":{"rendered":"<p>Plantear correctamente una entrevista de trabajo es clave para detectar el talento. Saber qu\u00e9 buscamos y c\u00f3mo lo buscamos, es una de las principales competencias del profesional de los Recursos Humanos. <\/p>\n","protected":false},"author":10,"featured_media":47782,"comment_status":"open","ping_status":"open","sticky":false,"template":"","format":"standard","meta":{"_uag_custom_page_level_css":"","site-sidebar-layout":"default","site-content-layout":"","ast-site-content-layout":"default","site-content-style":"default","site-sidebar-style":"default","ast-global-header-display":"","ast-banner-title-visibility":"","ast-main-header-display":"","ast-hfb-above-header-display":"","ast-hfb-below-header-display":"","ast-hfb-mobile-header-display":"","site-post-title":"","ast-breadcrumbs-content":"","ast-featured-img":"","footer-sml-layout":"","ast-disable-related-posts":"","theme-transparent-header-meta":"","adv-header-id-meta":"","stick-header-meta":"","header-above-stick-meta":"","header-main-stick-meta":"","header-below-stick-meta":"","astra-migrate-meta-layouts":"default","ast-page-background-enabled":"default","ast-page-background-meta":{"desktop":{"background-color":"var(--ast-global-color-5)","background-image":"","background-repeat":"repeat","background-position":"center center","background-size":"auto","background-attachment":"scroll","background-type":"","background-media":"","overlay-type":"","overlay-color":"","overlay-opacity":"","overlay-gradient":""},"tablet":{"background-color":"","background-image":"","background-repeat":"repeat","background-position":"center center","background-size":"auto","background-attachment":"scroll","background-type":"","background-media":"","overlay-type":"","overlay-color":"","overlay-opacity":"","overlay-gradient":""},"mobile":{"background-color":"","background-image":"","background-repeat":"repeat","background-position":"center center","background-size":"auto","background-attachment":"scroll","background-type":"","background-media":"","overlay-type":"","overlay-color":"","overlay-opacity":"","overlay-gradient":""}},"ast-content-background-meta":{"desktop":{"background-color":"var(--ast-global-color-4)","background-image":"","background-repeat":"repeat","background-position":"center center","background-size":"auto","background-attachment":"scroll","background-type":"","background-media":"","overlay-type":"","overlay-color":"","overlay-opacity":"","overlay-gradient":""},"tablet":{"background-color":"var(--ast-global-color-4)","background-image":"","background-repeat":"repeat","background-position":"center center","background-size":"auto","background-attachment":"scroll","background-type":"","background-media":"","overlay-type":"","overlay-color":"","overlay-opacity":"","overlay-gradient":""},"mobile":{"background-color":"var(--ast-global-color-4)","background-image":"","background-repeat":"repeat","background-position":"center center","background-size":"auto","background-attachment":"scroll","background-type":"","background-media":"","overlay-type":"","overlay-color":"","overlay-opacity":"","overlay-gradient":""}},"footnotes":""},"categories":[88],"tags":[11],"class_list":["post-8533","post","type-post","status-publish","format-standard","has-post-thumbnail","hentry","category-reclutamiento-y-seleccion","tag-seleccion"],"yoast_head":"<!-- This site is optimized with the Yoast SEO plugin v27.4 - https:\/\/yoast.com\/product\/yoast-seo-wordpress\/ -->\n<title>C\u00f3mo detectar los defectos del candidato en la entrevista de trabajo<\/title>\n<meta name=\"description\" content=\"\u00bfEn qu\u00e9 debemos fijarnos para identificar los defectos del candidato en la entrevista? Te ense\u00f1amos los defectos y cualidades m\u00e1s frecuentes.\" \/>\n<meta name=\"robots\" content=\"index, follow, max-snippet:-1, max-image-preview:large, max-video-preview:-1\" \/>\n<meta property=\"og:locale\" content=\"es_ES\" \/>\n<meta property=\"og:type\" content=\"article\" \/>\n<meta property=\"og:title\" content=\"C\u00f3mo detectar los defectos del candidato en la entrevista de trabajo\" \/>\n<meta property=\"og:description\" content=\"\u00bfEn qu\u00e9 debemos fijarnos para identificar los defectos del candidato en la entrevista? Te ense\u00f1amos los defectos y cualidades m\u00e1s frecuentes.\" \/>\n<meta property=\"og:url\" content=\"https:\/\/www.bizneo.com\/blog\/defectos-del-candidato-en-la-entrevista\/\" \/>\n<meta property=\"og:site_name\" content=\"Blog de Recursos Humanos de Bizneo HR: pr\u00e1ctico y actual\" \/>\n<meta property=\"article:published_time\" content=\"2020-02-11T10:59:00+00:00\" \/>\n<meta property=\"article:modified_time\" content=\"2026-02-01T18:56:22+00:00\" \/>\n<meta property=\"og:image\" content=\"https:\/\/www.bizneo.com\/blog\/wp-content\/uploads\/2020\/02\/defectos-de-un-candidato-en-la-entrevista.png\" \/>\n\t<meta property=\"og:image:width\" content=\"1024\" \/>\n\t<meta property=\"og:image:height\" content=\"575\" \/>\n\t<meta property=\"og:image:type\" content=\"image\/png\" \/>\n<meta name=\"author\" content=\"\u00c1lvaro Andr\u00e9s\" \/>\n<meta name=\"twitter:card\" content=\"summary_large_image\" \/>\n<meta name=\"twitter:label1\" content=\"Escrito por\" \/>\n\t<meta name=\"twitter:data1\" content=\"\u00c1lvaro Andr\u00e9s\" \/>\n\t<meta name=\"twitter:label2\" content=\"Tiempo de lectura\" \/>\n\t<meta name=\"twitter:data2\" content=\"9 minutos\" \/>\n<script type=\"application\/ld+json\" class=\"yoast-schema-graph\">{\"@context\":\"https:\\\/\\\/schema.org\",\"@graph\":[{\"@type\":[\"Article\",\"BlogPosting\"],\"@id\":\"https:\\\/\\\/www.bizneo.com\\\/blog\\\/defectos-del-candidato-en-la-entrevista\\\/#article\",\"isPartOf\":{\"@id\":\"https:\\\/\\\/www.bizneo.com\\\/blog\\\/defectos-del-candidato-en-la-entrevista\\\/\"},\"author\":{\"name\":\"\u00c1lvaro Andr\u00e9s\",\"@id\":\"https:\\\/\\\/www.bizneo.com\\\/blog\\\/#\\\/schema\\\/person\\\/f932a31bafbfb0726b3071df66e72848\"},\"headline\":\"C\u00f3mo detectar los defectos del candidato en la entrevista\",\"datePublished\":\"2020-02-11T10:59:00+00:00\",\"dateModified\":\"2026-02-01T18:56:22+00:00\",\"mainEntityOfPage\":{\"@id\":\"https:\\\/\\\/www.bizneo.com\\\/blog\\\/defectos-del-candidato-en-la-entrevista\\\/\"},\"wordCount\":1734,\"commentCount\":2,\"publisher\":{\"@id\":\"https:\\\/\\\/www.bizneo.com\\\/blog\\\/#organization\"},\"image\":{\"@id\":\"https:\\\/\\\/www.bizneo.com\\\/blog\\\/defectos-del-candidato-en-la-entrevista\\\/#primaryimage\"},\"thumbnailUrl\":\"https:\\\/\\\/www.bizneo.com\\\/blog\\\/wp-content\\\/uploads\\\/2020\\\/02\\\/defectos-de-un-candidato-en-la-entrevista.png\",\"keywords\":[\"Selecci\u00f3n\"],\"articleSection\":[\"Reclutamiento y Selecci\u00f3n\"],\"inLanguage\":\"es\",\"potentialAction\":[{\"@type\":\"CommentAction\",\"name\":\"Comment\",\"target\":[\"https:\\\/\\\/www.bizneo.com\\\/blog\\\/defectos-del-candidato-en-la-entrevista\\\/#respond\"]}]},{\"@type\":\"WebPage\",\"@id\":\"https:\\\/\\\/www.bizneo.com\\\/blog\\\/defectos-del-candidato-en-la-entrevista\\\/\",\"url\":\"https:\\\/\\\/www.bizneo.com\\\/blog\\\/defectos-del-candidato-en-la-entrevista\\\/\",\"name\":\"C\u00f3mo detectar los defectos del candidato en la entrevista de trabajo\",\"isPartOf\":{\"@id\":\"https:\\\/\\\/www.bizneo.com\\\/blog\\\/#website\"},\"primaryImageOfPage\":{\"@id\":\"https:\\\/\\\/www.bizneo.com\\\/blog\\\/defectos-del-candidato-en-la-entrevista\\\/#primaryimage\"},\"image\":{\"@id\":\"https:\\\/\\\/www.bizneo.com\\\/blog\\\/defectos-del-candidato-en-la-entrevista\\\/#primaryimage\"},\"thumbnailUrl\":\"https:\\\/\\\/www.bizneo.com\\\/blog\\\/wp-content\\\/uploads\\\/2020\\\/02\\\/defectos-de-un-candidato-en-la-entrevista.png\",\"datePublished\":\"2020-02-11T10:59:00+00:00\",\"dateModified\":\"2026-02-01T18:56:22+00:00\",\"description\":\"\u00bfEn qu\u00e9 debemos fijarnos para identificar los defectos del candidato en la entrevista? Te ense\u00f1amos los defectos y cualidades m\u00e1s frecuentes.\",\"breadcrumb\":{\"@id\":\"https:\\\/\\\/www.bizneo.com\\\/blog\\\/defectos-del-candidato-en-la-entrevista\\\/#breadcrumb\"},\"inLanguage\":\"es\",\"potentialAction\":[{\"@type\":\"ReadAction\",\"target\":[\"https:\\\/\\\/www.bizneo.com\\\/blog\\\/defectos-del-candidato-en-la-entrevista\\\/\"]}]},{\"@type\":\"ImageObject\",\"inLanguage\":\"es\",\"@id\":\"https:\\\/\\\/www.bizneo.com\\\/blog\\\/defectos-del-candidato-en-la-entrevista\\\/#primaryimage\",\"url\":\"https:\\\/\\\/www.bizneo.com\\\/blog\\\/wp-content\\\/uploads\\\/2020\\\/02\\\/defectos-de-un-candidato-en-la-entrevista.png\",\"contentUrl\":\"https:\\\/\\\/www.bizneo.com\\\/blog\\\/wp-content\\\/uploads\\\/2020\\\/02\\\/defectos-de-un-candidato-en-la-entrevista.png\",\"width\":1024,\"height\":575,\"caption\":\"defectos de un candidato en la entrevista\"},{\"@type\":\"BreadcrumbList\",\"@id\":\"https:\\\/\\\/www.bizneo.com\\\/blog\\\/defectos-del-candidato-en-la-entrevista\\\/#breadcrumb\",\"itemListElement\":[{\"@type\":\"ListItem\",\"position\":1,\"name\":\"Portada\",\"item\":\"https:\\\/\\\/www.bizneo.com\\\/blog\\\/\"},{\"@type\":\"ListItem\",\"position\":2,\"name\":\"Reclutamiento y Selecci\u00f3n\",\"item\":\"https:\\\/\\\/www.bizneo.com\\\/blog\\\/category\\\/reclutamiento-y-seleccion\\\/\"},{\"@type\":\"ListItem\",\"position\":3,\"name\":\"C\u00f3mo detectar los defectos del candidato en la entrevista\"}]},{\"@type\":\"WebSite\",\"@id\":\"https:\\\/\\\/www.bizneo.com\\\/blog\\\/#website\",\"url\":\"https:\\\/\\\/www.bizneo.com\\\/blog\\\/\",\"name\":\"Blog de Recursos Humanos de Bizneo HR: pr\u00e1ctico y actual\",\"description\":\"Todo sobre actualidad, herramientas y tecnolog\u00eda  para optimizar la gesti\u00f3n del talento humano\",\"publisher\":{\"@id\":\"https:\\\/\\\/www.bizneo.com\\\/blog\\\/#organization\"},\"potentialAction\":[{\"@type\":\"SearchAction\",\"target\":{\"@type\":\"EntryPoint\",\"urlTemplate\":\"https:\\\/\\\/www.bizneo.com\\\/blog\\\/?s={search_term_string}\"},\"query-input\":{\"@type\":\"PropertyValueSpecification\",\"valueRequired\":true,\"valueName\":\"search_term_string\"}}],\"inLanguage\":\"es\"},{\"@type\":\"Organization\",\"@id\":\"https:\\\/\\\/www.bizneo.com\\\/blog\\\/#organization\",\"name\":\"Bizneo HR\",\"url\":\"https:\\\/\\\/www.bizneo.com\\\/blog\\\/\",\"logo\":{\"@type\":\"ImageObject\",\"inLanguage\":\"es\",\"@id\":\"https:\\\/\\\/www.bizneo.com\\\/blog\\\/#\\\/schema\\\/logo\\\/image\\\/\",\"url\":\"https:\\\/\\\/www.bizneo.com\\\/blog\\\/wp-content\\\/uploads\\\/2020\\\/09\\\/Icono-Logo-Bizneo-HR.png\",\"contentUrl\":\"https:\\\/\\\/www.bizneo.com\\\/blog\\\/wp-content\\\/uploads\\\/2020\\\/09\\\/Icono-Logo-Bizneo-HR.png\",\"width\":834,\"height\":834,\"caption\":\"Bizneo HR\"},\"image\":{\"@id\":\"https:\\\/\\\/www.bizneo.com\\\/blog\\\/#\\\/schema\\\/logo\\\/image\\\/\"}},{\"@type\":\"Person\",\"@id\":\"https:\\\/\\\/www.bizneo.com\\\/blog\\\/#\\\/schema\\\/person\\\/f932a31bafbfb0726b3071df66e72848\",\"name\":\"\u00c1lvaro Andr\u00e9s\",\"image\":{\"@type\":\"ImageObject\",\"inLanguage\":\"es\",\"@id\":\"https:\\\/\\\/secure.gravatar.com\\\/avatar\\\/c6b277afc20d169a72d7f266c0f4e889c65d2c4ec098d46bc9fba0266f1cde35?s=96&d=mm&r=g\",\"url\":\"https:\\\/\\\/secure.gravatar.com\\\/avatar\\\/c6b277afc20d169a72d7f266c0f4e889c65d2c4ec098d46bc9fba0266f1cde35?s=96&d=mm&r=g\",\"contentUrl\":\"https:\\\/\\\/secure.gravatar.com\\\/avatar\\\/c6b277afc20d169a72d7f266c0f4e889c65d2c4ec098d46bc9fba0266f1cde35?s=96&d=mm&r=g\",\"caption\":\"\u00c1lvaro Andr\u00e9s\"},\"url\":\"https:\\\/\\\/www.bizneo.com\\\/blog\\\/author\\\/alvaroa\\\/\"}]}<\/script>\n<!-- \/ Yoast SEO plugin. -->","yoast_head_json":{"title":"C\u00f3mo detectar los defectos del candidato en la entrevista de trabajo","description":"\u00bfEn qu\u00e9 debemos fijarnos para identificar los defectos del candidato en la entrevista? Te ense\u00f1amos los defectos y cualidades m\u00e1s frecuentes.","robots":{"index":"index","follow":"follow","max-snippet":"max-snippet:-1","max-image-preview":"max-image-preview:large","max-video-preview":"max-video-preview:-1"},"og_locale":"es_ES","og_type":"article","og_title":"C\u00f3mo detectar los defectos del candidato en la entrevista de trabajo","og_description":"\u00bfEn qu\u00e9 debemos fijarnos para identificar los defectos del candidato en la entrevista? Te ense\u00f1amos los defectos y cualidades m\u00e1s frecuentes.","og_url":"https:\/\/www.bizneo.com\/blog\/defectos-del-candidato-en-la-entrevista\/","og_site_name":"Blog de Recursos Humanos de Bizneo HR: pr\u00e1ctico y actual","article_published_time":"2020-02-11T10:59:00+00:00","article_modified_time":"2026-02-01T18:56:22+00:00","og_image":[{"width":1024,"height":575,"url":"https:\/\/www.bizneo.com\/blog\/wp-content\/uploads\/2020\/02\/defectos-de-un-candidato-en-la-entrevista.png","type":"image\/png"}],"author":"\u00c1lvaro Andr\u00e9s","twitter_card":"summary_large_image","twitter_misc":{"Escrito por":"\u00c1lvaro Andr\u00e9s","Tiempo de lectura":"9 minutos"},"schema":{"@context":"https:\/\/schema.org","@graph":[{"@type":["Article","BlogPosting"],"@id":"https:\/\/www.bizneo.com\/blog\/defectos-del-candidato-en-la-entrevista\/#article","isPartOf":{"@id":"https:\/\/www.bizneo.com\/blog\/defectos-del-candidato-en-la-entrevista\/"},"author":{"name":"\u00c1lvaro Andr\u00e9s","@id":"https:\/\/www.bizneo.com\/blog\/#\/schema\/person\/f932a31bafbfb0726b3071df66e72848"},"headline":"C\u00f3mo detectar los defectos del candidato en la entrevista","datePublished":"2020-02-11T10:59:00+00:00","dateModified":"2026-02-01T18:56:22+00:00","mainEntityOfPage":{"@id":"https:\/\/www.bizneo.com\/blog\/defectos-del-candidato-en-la-entrevista\/"},"wordCount":1734,"commentCount":2,"publisher":{"@id":"https:\/\/www.bizneo.com\/blog\/#organization"},"image":{"@id":"https:\/\/www.bizneo.com\/blog\/defectos-del-candidato-en-la-entrevista\/#primaryimage"},"thumbnailUrl":"https:\/\/www.bizneo.com\/blog\/wp-content\/uploads\/2020\/02\/defectos-de-un-candidato-en-la-entrevista.png","keywords":["Selecci\u00f3n"],"articleSection":["Reclutamiento y Selecci\u00f3n"],"inLanguage":"es","potentialAction":[{"@type":"CommentAction","name":"Comment","target":["https:\/\/www.bizneo.com\/blog\/defectos-del-candidato-en-la-entrevista\/#respond"]}]},{"@type":"WebPage","@id":"https:\/\/www.bizneo.com\/blog\/defectos-del-candidato-en-la-entrevista\/","url":"https:\/\/www.bizneo.com\/blog\/defectos-del-candidato-en-la-entrevista\/","name":"C\u00f3mo detectar los defectos del candidato en la entrevista de trabajo","isPartOf":{"@id":"https:\/\/www.bizneo.com\/blog\/#website"},"primaryImageOfPage":{"@id":"https:\/\/www.bizneo.com\/blog\/defectos-del-candidato-en-la-entrevista\/#primaryimage"},"image":{"@id":"https:\/\/www.bizneo.com\/blog\/defectos-del-candidato-en-la-entrevista\/#primaryimage"},"thumbnailUrl":"https:\/\/www.bizneo.com\/blog\/wp-content\/uploads\/2020\/02\/defectos-de-un-candidato-en-la-entrevista.png","datePublished":"2020-02-11T10:59:00+00:00","dateModified":"2026-02-01T18:56:22+00:00","description":"\u00bfEn qu\u00e9 debemos fijarnos para identificar los defectos del candidato en la entrevista? Te ense\u00f1amos los defectos y cualidades m\u00e1s frecuentes.","breadcrumb":{"@id":"https:\/\/www.bizneo.com\/blog\/defectos-del-candidato-en-la-entrevista\/#breadcrumb"},"inLanguage":"es","potentialAction":[{"@type":"ReadAction","target":["https:\/\/www.bizneo.com\/blog\/defectos-del-candidato-en-la-entrevista\/"]}]},{"@type":"ImageObject","inLanguage":"es","@id":"https:\/\/www.bizneo.com\/blog\/defectos-del-candidato-en-la-entrevista\/#primaryimage","url":"https:\/\/www.bizneo.com\/blog\/wp-content\/uploads\/2020\/02\/defectos-de-un-candidato-en-la-entrevista.png","contentUrl":"https:\/\/www.bizneo.com\/blog\/wp-content\/uploads\/2020\/02\/defectos-de-un-candidato-en-la-entrevista.png","width":1024,"height":575,"caption":"defectos de un candidato en la entrevista"},{"@type":"BreadcrumbList","@id":"https:\/\/www.bizneo.com\/blog\/defectos-del-candidato-en-la-entrevista\/#breadcrumb","itemListElement":[{"@type":"ListItem","position":1,"name":"Portada","item":"https:\/\/www.bizneo.com\/blog\/"},{"@type":"ListItem","position":2,"name":"Reclutamiento y Selecci\u00f3n","item":"https:\/\/www.bizneo.com\/blog\/category\/reclutamiento-y-seleccion\/"},{"@type":"ListItem","position":3,"name":"C\u00f3mo detectar los defectos del candidato en la entrevista"}]},{"@type":"WebSite","@id":"https:\/\/www.bizneo.com\/blog\/#website","url":"https:\/\/www.bizneo.com\/blog\/","name":"Blog de Recursos Humanos de Bizneo HR: pr\u00e1ctico y actual","description":"Todo sobre actualidad, herramientas y tecnolog\u00eda  para optimizar la gesti\u00f3n del talento humano","publisher":{"@id":"https:\/\/www.bizneo.com\/blog\/#organization"},"potentialAction":[{"@type":"SearchAction","target":{"@type":"EntryPoint","urlTemplate":"https:\/\/www.bizneo.com\/blog\/?s={search_term_string}"},"query-input":{"@type":"PropertyValueSpecification","valueRequired":true,"valueName":"search_term_string"}}],"inLanguage":"es"},{"@type":"Organization","@id":"https:\/\/www.bizneo.com\/blog\/#organization","name":"Bizneo HR","url":"https:\/\/www.bizneo.com\/blog\/","logo":{"@type":"ImageObject","inLanguage":"es","@id":"https:\/\/www.bizneo.com\/blog\/#\/schema\/logo\/image\/","url":"https:\/\/www.bizneo.com\/blog\/wp-content\/uploads\/2020\/09\/Icono-Logo-Bizneo-HR.png","contentUrl":"https:\/\/www.bizneo.com\/blog\/wp-content\/uploads\/2020\/09\/Icono-Logo-Bizneo-HR.png","width":834,"height":834,"caption":"Bizneo HR"},"image":{"@id":"https:\/\/www.bizneo.com\/blog\/#\/schema\/logo\/image\/"}},{"@type":"Person","@id":"https:\/\/www.bizneo.com\/blog\/#\/schema\/person\/f932a31bafbfb0726b3071df66e72848","name":"\u00c1lvaro Andr\u00e9s","image":{"@type":"ImageObject","inLanguage":"es","@id":"https:\/\/secure.gravatar.com\/avatar\/c6b277afc20d169a72d7f266c0f4e889c65d2c4ec098d46bc9fba0266f1cde35?s=96&d=mm&r=g","url":"https:\/\/secure.gravatar.com\/avatar\/c6b277afc20d169a72d7f266c0f4e889c65d2c4ec098d46bc9fba0266f1cde35?s=96&d=mm&r=g","contentUrl":"https:\/\/secure.gravatar.com\/avatar\/c6b277afc20d169a72d7f266c0f4e889c65d2c4ec098d46bc9fba0266f1cde35?s=96&d=mm&r=g","caption":"\u00c1lvaro Andr\u00e9s"},"url":"https:\/\/www.bizneo.com\/blog\/author\/alvaroa\/"}]}},"spectra_custom_meta":{"_is_githuber_markdown":["1"],"_edit_lock":["1769972193:47"],"_edit_last":["47"],"_is_githuber_mermaid":[""],"_is_githuber_katex":[""],"_yoast_wpseo_primary_category":["88"],"_vce_meta":["a:4:{s:11:\"use_sidebar\";s:7:\"inherit\";s:7:\"sidebar\";s:7:\"inherit\";s:14:\"sticky_sidebar\";s:7:\"inherit\";s:6:\"layout\";s:7:\"inherit\";}"],"_is_githuber_markdown_enabled":["no"],"_yoast_wpseo_content_score":["90"],"_yoast_wpseo_focuskw":["defectos del candidato en la entrevista"],"_yoast_wpseo_linkdex":["86"],"_thumbnail_id":["47782"],"_yoast_wpseo_title":["C\u00f3mo detectar los defectos del candidato en la entrevista de trabajo"],"_yoast_wpseo_metadesc":["\u00bfEn qu\u00e9 debemos fijarnos para identificar los defectos del candidato en la entrevista? Te ense\u00f1amos los defectos y cualidades m\u00e1s frecuentes."],"onesignal_meta_box_present":["1"],"onesignal_send_notification":[""],"_githuber_prismjs":[""],"_githuber_highlightjs":[""],"_is_githuber_sequence":[""],"_is_githuber_flow_chart":[""],"_is_githuber_mathjax":[""],"Views":["10479"],"onesignal_modify_title_and_content":[""],"onesignal_notification_custom_heading":[null],"onesignal_notification_custom_content":[null],"wp_review_type":["none"],"_yoast_wpseo_estimated-reading-time-minutes":["9"],"response_body":["{\"id\":\"5a48c050-d0ba-4cc8-886f-3bd4e7700b7e\",\"recipients\":10000,\"external_id\":\"2e961645-1bac-a301-7d93-984dfe069805\",\"warnings\":[\"You must configure iOS notifications in your OneSignal settings if you wish to send messages to iOS users.\",\"You must configure Android notifications in your OneSignal settings if you wish to send messages to Android users.\"]}"],"status":["200"],"recipients":["10000"],"_at_widget":["1"],"_yoast_wpseo_wordproof_timestamp":[""],"wp_review_positive_count":["0"],"wp_review_negative_count":["0"],"wp_review_user_reviews":["0"],"wp_review_review_count":["0"],"_uag_css_file_name":["uag-css-8533.css"],"_uag_page_assets":["a:9:{s:3:\"css\";s:263:\".uag-blocks-common-selector{z-index:var(--z-index-desktop) !important}@media (max-width: 976px){.uag-blocks-common-selector{z-index:var(--z-index-tablet) !important}}@media (max-width: 767px){.uag-blocks-common-selector{z-index:var(--z-index-mobile) !important}}\n\";s:2:\"js\";s:0:\"\";s:18:\"current_block_list\";a:9:{i:0;s:14:\"core\/paragraph\";i:1;s:12:\"core\/heading\";i:2;s:10:\"core\/quote\";i:3;s:10:\"core\/image\";i:4;s:9:\"core\/html\";i:5;s:9:\"core\/list\";i:6;s:14:\"core\/list-item\";i:7;s:12:\"core\/details\";i:8;s:14:\"core\/shortcode\";}s:8:\"uag_flag\";b:0;s:11:\"uag_version\";s:10:\"1777035881\";s:6:\"gfonts\";a:0:{}s:10:\"gfonts_url\";s:0:\"\";s:12:\"gfonts_files\";a:0:{}s:14:\"uag_faq_layout\";b:0;}"]},"uagb_featured_image_src":{"full":["https:\/\/www.bizneo.com\/blog\/wp-content\/uploads\/2020\/02\/defectos-de-un-candidato-en-la-entrevista.png",1024,575,false],"thumbnail":["https:\/\/www.bizneo.com\/blog\/wp-content\/uploads\/2020\/02\/defectos-de-un-candidato-en-la-entrevista-150x150.png",150,150,true],"medium":["https:\/\/www.bizneo.com\/blog\/wp-content\/uploads\/2020\/02\/defectos-de-un-candidato-en-la-entrevista-300x168.png",300,168,true],"medium_large":["https:\/\/www.bizneo.com\/blog\/wp-content\/uploads\/2020\/02\/defectos-de-un-candidato-en-la-entrevista-768x431.png",768,431,true],"large":["https:\/\/www.bizneo.com\/blog\/wp-content\/uploads\/2020\/02\/defectos-de-un-candidato-en-la-entrevista.png",1024,575,false],"1536x1536":["https:\/\/www.bizneo.com\/blog\/wp-content\/uploads\/2020\/02\/defectos-de-un-candidato-en-la-entrevista.png",1024,575,false],"2048x2048":["https:\/\/www.bizneo.com\/blog\/wp-content\/uploads\/2020\/02\/defectos-de-un-candidato-en-la-entrevista.png",1024,575,false]},"uagb_author_info":{"display_name":"\u00c1lvaro Andr\u00e9s","author_link":"https:\/\/www.bizneo.com\/blog\/author\/alvaroa\/"},"uagb_comment_info":3,"uagb_excerpt":"Plantear correctamente una entrevista de trabajo es clave para detectar el talento. Saber qu\u00e9 buscamos y c\u00f3mo lo buscamos, es una de las principales competencias del profesional de los Recursos Humanos.","_links":{"self":[{"href":"https:\/\/www.bizneo.com\/blog\/wp-json\/wp\/v2\/posts\/8533","targetHints":{"allow":["GET"]}}],"collection":[{"href":"https:\/\/www.bizneo.com\/blog\/wp-json\/wp\/v2\/posts"}],"about":[{"href":"https:\/\/www.bizneo.com\/blog\/wp-json\/wp\/v2\/types\/post"}],"author":[{"embeddable":true,"href":"https:\/\/www.bizneo.com\/blog\/wp-json\/wp\/v2\/users\/10"}],"replies":[{"embeddable":true,"href":"https:\/\/www.bizneo.com\/blog\/wp-json\/wp\/v2\/comments?post=8533"}],"version-history":[{"count":26,"href":"https:\/\/www.bizneo.com\/blog\/wp-json\/wp\/v2\/posts\/8533\/revisions"}],"predecessor-version":[{"id":59641,"href":"https:\/\/www.bizneo.com\/blog\/wp-json\/wp\/v2\/posts\/8533\/revisions\/59641"}],"wp:featuredmedia":[{"embeddable":true,"href":"https:\/\/www.bizneo.com\/blog\/wp-json\/wp\/v2\/media\/47782"}],"wp:attachment":[{"href":"https:\/\/www.bizneo.com\/blog\/wp-json\/wp\/v2\/media?parent=8533"}],"wp:term":[{"taxonomy":"category","embeddable":true,"href":"https:\/\/www.bizneo.com\/blog\/wp-json\/wp\/v2\/categories?post=8533"},{"taxonomy":"post_tag","embeddable":true,"href":"https:\/\/www.bizneo.com\/blog\/wp-json\/wp\/v2\/tags?post=8533"}],"curies":[{"name":"wp","href":"https:\/\/api.w.org\/{rel}","templated":true}]}}