{"id":8135,"date":"2020-02-04T06:49:19","date_gmt":"2020-02-04T05:49:19","guid":{"rendered":"https:\/\/www.bizneo.com\/blog\/?p=8135"},"modified":"2026-02-01T19:59:44","modified_gmt":"2026-02-01T18:59:44","slug":"recontratacion","status":"publish","type":"post","link":"https:\/\/www.bizneo.com\/blog\/recontratacion\/","title":{"rendered":"Recontrataci\u00f3n laboral | La nueva tendencia en reclutamiento"},"content":{"rendered":"\n<p>Existen muchas formas de abandonar una empresa y no todas tienen que ser, necesariamente, traum\u00e1ticas o conflictivas. En ocasiones, la compa\u00f1\u00eda puede prescindir de los servicios de un buen profesional simplemente por cuestiones operativas o coyunturales. <\/p>\n\n\n\n<p>Otras veces, es el propio empleado quien juzga m\u00e1s interesante continuar su carrera en otras marcas. Sea como sea, <strong>la marcha suele verse como un punto y final<\/strong>. La recontrataci\u00f3n laboral es una tendencia en <a href=\"https:\/\/www.bizneo.com\/blog\/recursos-humanos-funciones\/\" data-wpel-link=\"internal\" target=\"_blank\">Recursos Humanos<\/a> que cuestiona este \u00faltimo planteamiento.<\/p>\n\n\n\n<h2 class=\"wp-block-heading\">Qu\u00e9 es la recontrataci\u00f3n laboral<\/h2>\n\n\n\n<p>La recontrataci\u00f3n laboral es una tendencia en RR. HH. que consiste en <strong>reincorporar a la empresa a trabajadores que han formado parte de la misma<\/strong>. Estos profesionales se conocen como \u201cempleados bumer\u00e1n\u201d, haciendo referencia a que se alejaron de la compa\u00f1\u00eda en el pasado pero ahora regresan para asumir antiguas o nuevas responsabilidades. Es una pr\u00e1ctica que dista de ser habitual pero a la que se abren cada vez m\u00e1s empresas.<\/p>\n\n\n\n<p>Conviene tener en cuenta que la recontrataci\u00f3n va dirigida a recuperar a los profesionales de mayor val\u00eda o que desempe\u00f1aron funciones de especial inter\u00e9s estrat\u00e9gico para la compa\u00f1\u00eda. La l\u00f3gica de esta pr\u00e1ctica es que <strong>los perfiles m\u00e1s espec\u00edficos no resultan f\u00e1ciles de encontrar en el mercado laboral<\/strong> y que, muchas veces, se corre el riesgo de no acertar con la decisi\u00f3n.<\/p>\n\n\n\n<bzn-warning>Te recomendamos tambi\u00e9n leer: <a href=\"\/blog\/7-senales-de-que-necesitas-un-ats\/\" target=\"_blank\" rel=\"noopener noreferrer\" data-wpel-link=\"internal\">7 se\u00f1ales de que necesitas un software de reclutamiento.<\/a> \u00bfPor qu\u00e9 digitalizar el reclutamiento en tu empresa? <\/bzn-warning>\n\n\n\n<p><\/p>\n\n\n\n<h2 class=\"wp-block-heading\">Tendencias actuales en recontrataci\u00f3n y origen del t\u00e9rmino<\/h2>\n\n\n\n<p>Como ya hemos anticipado, la recontrataci\u00f3n laboral no est\u00e1 todav\u00eda arraigada en el mercado y la mayor\u00eda de empresas se muestran un tanto esc\u00e9pticas al respecto. <\/p>\n\n\n\n<p>Sin embargo, las tendencias apuntan a un creciente peso de esta pr\u00e1ctica en las grandes compa\u00f1\u00edas. <strong>LinkedIn, la mayor red social de profesionales, asegura que en los dos \u00faltimos a\u00f1os se ha producido un repunte notable de las recontrataciones<\/strong> (as\u00ed se desprende de los cambios en los perfiles p\u00fablicos de esta red social).<\/p>\n\n\n\n<p>Las teor\u00edas actuales m\u00e1s importantes para entender este fen\u00f3meno son las formuladas hace algunos a\u00f1os por Dan Schawbel en su principal obra, <em>Promote Yourself: The New Rules For Career Success<\/em>, aunque esta pr\u00e1ctica ya exist\u00eda con anterioridad. <\/p>\n\n\n\n<p>Este investigador planteaba incluso los cambios que deb\u00edan adoptar empresas y candidatos para <strong>conseguir que la recontrataci\u00f3n surta los efectos deseados<\/strong>. Y es que, la m\u00e1xima castellana de que \u201csegundas partes nunca fueron buenas\u201d sigue estando muy presente en la mentalidad de los profesionales.<\/p>\n\n\n\n<h2 class=\"wp-block-heading\">5 ventajas de los empleados bumer\u00e1n<\/h2>\n\n\n\n<p>Volver a contratar a un trabajador que abandon\u00f3 la empresa en el pasado puede parecer una contradicci\u00f3n pero lo cierto es que, si el proceso se lleva a cabo correctamente, puede plantear una serie de interesantes beneficios para la compa\u00f1\u00eda.<\/p>\n\n\n\n<h3 class=\"wp-block-heading\">1. Reducci\u00f3n del periodo de adaptaci\u00f3n<\/h3>\n\n\n\n<p>Es una de las ventajas m\u00e1s evidentes. Si el trabajador ya conoce el funcionamiento y la idiosincrasia de la empresa, <strong>el periodo de adaptaci\u00f3n y <\/strong><a href=\"\/blog\/onboarding\/\" data-wpel-link=\"internal\" target=\"_blank\"><strong>onboarding<\/strong><\/a><strong> ser\u00e1 mucho m\u00e1s breve que el que experimentar\u00eda cualquier otro nuevo empleado<\/strong>. Esto puede traducirse en una mejora de la eficiencia y en una menor alteraci\u00f3n del ritmo habitual de la empresa, por no hablar del hecho de que el trabajador bumer\u00e1n podr\u00eda conocer ya a parte de sus compa\u00f1eros.<\/p>\n\n\n\n<p>Otro punto a favor en este sentido es la <strong>menor necesidad de formaci\u00f3n espec\u00edfica para cumplir las tareas correspondientes al puesto de trabajo<\/strong> (salvo que estas hayan cambiado significativamente desde la salida del trabajador). <\/p>\n\n\n\n<bzn-info><a href=\"\/blog\/plan-de-acogida-para-nuevos-empleados\/\" id=\"destacado-post\" target=\"_blank\" rel=\"noopener noreferrer\" data-wpel-link=\"internal\"><span class=\"bzn-link-title\"><strong>C\u00d3MO ACOGER A LOS NUEVOS EMPLEADOS<\/strong><\/span> <br>Aprende a crear y aplicar un buen plan de onboarding para empleados.<\/br><\/a><\/bzn-info>\n\n\n\n<p><\/p>\n\n\n\n<h3 class=\"wp-block-heading\">2. Enriquecimiento de la plantilla<\/h3>\n\n\n\n<p>El trabajador que dej\u00f3 la compa\u00f1\u00eda tiempo atr\u00e1s <strong>habr\u00e1 adquirido, presumiblemente, un importante bagaje en otras firmas<\/strong> (fuera o dentro del mismo sector). Estos conocimientos pueden ser de gran utilidad para enriquecer la plantilla de la empresa sin necesidad de tener que realizar actuaciones formativas espec\u00edficas.&nbsp;<\/p>\n\n\n\n<p>A todos los efectos, se trata de la misma situaci\u00f3n que se da cuando se contrata a un nuevo trabajador con un perfil profesional distinto al de la mayor\u00eda de compa\u00f1eros. Con la ventaja a\u00f1adida de que <strong>se conoce de antemano c\u00f3mo trabaja ese empleado<\/strong>.<\/p>\n\n\n\n<h3 class=\"wp-block-heading\">3. Ambici\u00f3n<\/h3>\n\n\n\n<p>No es una norma universal pero s\u00ed que existe cierta tendencia entre los trabajadores bumer\u00e1n a <strong>afrontar sus antiguas responsabilidades con mayor ambici\u00f3n que en el pasado<\/strong>.&nbsp;<\/p>\n\n\n\n<p>Se trata de una reacci\u00f3n psicol\u00f3gica que lleva a los trabajadores a demostrar cu\u00e1n equivocada estaba la empresa por haber prescindido de ellos en el pasado o, en el caso de que fueran ellos quienes abandonaron voluntariamente la compa\u00f1\u00eda, exhibir la experiencia acumulada durante ese \u00ednterin.<\/p>\n\n\n\n<figure class=\"wp-block-image\"><a href=\"https:\/\/hello.bizneo.com\/kit\/reclutamiento-y-seleccion\/?utm_content=post-KIT-Reclutamiento\" data-wpel-link=\"internal\" target=\"_blank\"><img decoding=\"async\" src=\"https:\/\/www.bizneo.com\/blog\/wp-content\/uploads\/2023\/03\/KIT-Reclutamiento-1-1024x307.png\" alt=\"Kit de Reclutamiento y Selecci\u00f3n\" class=\"wp-image-39178\"\/><\/a><\/figure>\n\n\n\n<h3 class=\"wp-block-heading\">4. Mayor productividad<\/h3>\n\n\n\n<p>A resultas de algunas de las cuestiones anteriores, la recontrataci\u00f3n laboral podr\u00eda implicar un <strong>incremento de la productividad a medio y largo plazo<\/strong>. Es cierto que cualquier contrataci\u00f3n exitosa puede contribuir a este objetivo pero los trabajadores bumer\u00e1n cuenta con la ventaja de la mayor brevedad de los plazos. <\/p>\n\n\n\n<p>Es posible que la productividad de la unidad o del departamento al que se adscribir\u00e1 el trabajador reincorporado mejore de manera casi inmediata.<\/p>\n\n\n\n<p>Para constatar el impacto de la recontrataci\u00f3n en esta u otras sensibles variables del negocio, puede utilizarse el de <a aria-label=\" (se abre en una nueva pesta\u00f1a)\" href=\"\/evaluacion-del-desempeno\/\" target=\"_blank\" rel=\"noreferrer noopener\" data-wpel-link=\"internal\">software de evaluaci\u00f3n del desempe\u00f1o de Bizneo HR<\/a>. <\/p>\n\n\n\n<figure class=\"wp-block-image size-full\"><a href=\"\/evaluacion-del-desempeno\/\" target=\"_blank\" rel=\"noreferrer noopener\" data-wpel-link=\"internal\"><img decoding=\"async\" width=\"1500\" height=\"1291\" src=\"https:\/\/www.bizneo.com\/blog\/wp-content\/uploads\/2020\/09\/Evaluacion-por-competencias-2.webp\" alt=\"Criterios de evaluaci\u00f3n del desempe\u00f1o por competencias\" class=\"wp-image-49642\" srcset=\"https:\/\/www.bizneo.com\/blog\/wp-content\/uploads\/2020\/09\/Evaluacion-por-competencias-2.webp 1500w, https:\/\/www.bizneo.com\/blog\/wp-content\/uploads\/2020\/09\/Evaluacion-por-competencias-2-300x258.webp 300w, https:\/\/www.bizneo.com\/blog\/wp-content\/uploads\/2020\/09\/Evaluacion-por-competencias-2-1024x881.webp 1024w, https:\/\/www.bizneo.com\/blog\/wp-content\/uploads\/2020\/09\/Evaluacion-por-competencias-2-768x661.webp 768w, https:\/\/www.bizneo.com\/blog\/wp-content\/uploads\/2020\/09\/Evaluacion-por-competencias-2-810x697.webp 810w, https:\/\/www.bizneo.com\/blog\/wp-content\/uploads\/2020\/09\/Evaluacion-por-competencias-2-1140x981.webp 1140w\" sizes=\"(max-width: 1500px) 100vw, 1500px\" \/><\/a><\/figure>\n\n\n\n<p>Este recurso permite comparar el rendimiento laboral durante un periodo acotado, observar la evoluci\u00f3n, detectar puntos a mejorar y, lo que m\u00e1s interesa en este caso, comprobar cambios de tendencia. Con estos datos, ser\u00e1 mucho m\u00e1s sencillo <strong>medir el impacto de la recontrataci\u00f3n en los resultados de la empresa<\/strong>.<\/p>\n\n\n\n<figure class=\"wp-block-image size-full size-large\"><a href=\"\/\/hello.bizneo.com\/evaluacion-del-desempeno-feedback\/?utm_content=post-banner\" target=\"_blank\" rel=\"noreferrer noopener\" data-wpel-link=\"internal\"><img decoding=\"async\" width=\"1360\" height=\"204\" src=\"https:\/\/www.bizneo.com\/blog\/wp-content\/uploads\/2021\/01\/banner-comunicar-desempeno.jpg\" alt=\"Co\u0301mo-comunicar-feedback-de-la-evaluacio\u0301n-del-desempen\u0303o\" class=\"wp-image-18887\" srcset=\"https:\/\/www.bizneo.com\/blog\/wp-content\/uploads\/2021\/01\/banner-comunicar-desempeno.jpg 1360w, https:\/\/www.bizneo.com\/blog\/wp-content\/uploads\/2021\/01\/banner-comunicar-desempeno-300x45.jpg 300w, https:\/\/www.bizneo.com\/blog\/wp-content\/uploads\/2021\/01\/banner-comunicar-desempeno-1024x154.jpg 1024w, https:\/\/www.bizneo.com\/blog\/wp-content\/uploads\/2021\/01\/banner-comunicar-desempeno-768x115.jpg 768w, https:\/\/www.bizneo.com\/blog\/wp-content\/uploads\/2021\/01\/banner-comunicar-desempeno-810x122.jpg 810w, https:\/\/www.bizneo.com\/blog\/wp-content\/uploads\/2021\/01\/banner-comunicar-desempeno-1140x171.jpg 1140w\" sizes=\"(max-width: 1360px) 100vw, 1360px\" \/><\/a><\/figure>\n\n\n\n<h3 class=\"wp-block-heading\">5. Confianza y compromiso<\/h3>\n\n\n\n<p>La reincorporaci\u00f3n laboral puede verse como una segunda oportunidad para mejorar en aquellos aspectos en los que no se rindi\u00f3 al nivel esperado en la primera etapa en la compa\u00f1\u00eda.&nbsp;<\/p>\n\n\n\n<p>Esto puede ser visto por el trabajador bumer\u00e1n como una apuesta por su val\u00eda profesional, experimentando <strong>un mayor sentido de pertenencia y vinculaci\u00f3n con la empresa<\/strong>. Este compromiso fruto de la confianza depositada en \u00e9l resulta siempre positivo para la empresa, que mejorar\u00e1 su capacidad de <a href=\"\/blog\/como-evitar-la-fuga-de-talentos-en-tu-empresa\/\" data-wpel-link=\"internal\" target=\"_blank\">retenci\u00f3n del talento<\/a>, la cohesi\u00f3n de sus equipos y el clima laboral, por citar solo algunos aspectos.<\/p>\n\n\n\n<figure class=\"wp-block-image\"><a href=\"https:\/\/hello.bizneo.com\/guia\/7-errores-de-reclutamiento-seleccion-talento\/?utm_content=post-banner-medio\" data-wpel-link=\"internal\" target=\"_blank\"><img decoding=\"async\" src=\"https:\/\/www.bizneo.com\/blog\/wp-content\/uploads\/2022\/01\/banner-errores-reclutamiento.jpg\" alt=\"Errores en un proceso de reclutamiento y selecci\u00f3n\" class=\"wp-image-37519\"\/><\/a><\/figure>\n\n\n\n<h2 class=\"wp-block-heading\">Precauciones para la recontrataci\u00f3n laboral<\/h2>\n\n\n\n<p>Evidentemente, la recontrataci\u00f3n tambi\u00e9n plantea ciertos desaf\u00edos para la empresa, por lo que esta pr\u00e1ctica solo puede llevarse a cabo tras <strong>una reflexi\u00f3n exhaustiva y un an\u00e1lisis profundamente individualizado para cada caso<\/strong>. \u00bfCu\u00e1les son las principales precauciones que debe adoptar una empresa de cara a volver a contratar a un antiguo trabajador?<\/p>\n\n\n\n<h3 class=\"wp-block-heading\">Transparencia y sinceridad<\/h3>\n\n\n\n<p>\u00bfQu\u00e9 espera la empresa del trabajador? <strong>\u00bfPor qu\u00e9 estar\u00eda interesado el profesional en regresar a la compa\u00f1\u00eda?<\/strong> \u00bfPodr\u00eda repetirse la situaci\u00f3n que precipit\u00f3 la marcha del empleado? Todos estos aspectos deben quedar claros antes de confirmar la contrataci\u00f3n. Si una de las partes intenta sacar excesivos beneficios de la recontrataci\u00f3n, previsiblemente esta no funcionar\u00e1.<\/p>\n\n\n\n<h3 class=\"wp-block-heading\">Evitar errores pasados<\/h3>\n\n\n\n<p>Huelga apuntar que si el trabajador ya ha formado parte de la empresa su marcha tuvo que deberse a razones de peso. \u00bfExisten rencores o suspicacias entre las partes? <strong>\u00bfSe han solucionado los problemas que motivaron la primera salida?<\/strong> Recontratar no significa repetir los mismos esquemas de la primera etapa sino quedarse con lo mejor de esta y corregir cuanto tuvo de mejorable.<\/p>\n\n\n\n<p>Para no volver a cometerlos, te ofrecemos +100 indicadores de&nbsp;<strong>RR. HH.<\/strong>&nbsp;adecuados para arrojar la luz suficiente como para saber por d\u00f3nde caminas, aunque no valen cualquiera.<\/p>\n\n\n\n<p>En el documento, los ordenamos por categor\u00edas para allanarte el camino. Adem\u00e1s, tendr\u00e1s una explicaci\u00f3n de su funcionamiento, su utilidad y&nbsp;<strong>f\u00f3rmulas<\/strong>&nbsp;+&nbsp;<strong>programas<\/strong>&nbsp;para aplicarlos.<\/p>\n\n\n\n<div id=\"cbox-kblxyQgHLoDrLGVd\"><\/div>\n\n\n\n<p><\/p>\n\n\n\n<h3 class=\"wp-block-heading\">\u00bfQui\u00e9n est\u00e1 interesado en la recontrataci\u00f3n?<\/h3>\n\n\n\n<p>Generalmente, es la empresa la que presenta un mayor inter\u00e9s en recuperar a un antiguo trabajador. Esto puede traducirse en que este se sienta en <strong>una posici\u00f3n de fuerza respecto a la compa\u00f1\u00eda<\/strong> y solo acepte regresar para obtener mayores ganancias o promocionarse en el sector. Nada de lo anterior resulta il\u00edcito pero conviene confirmar que el empleado tiene un inter\u00e9s sincero y positivo en ser recontratado.<\/p>\n\n\n\n<h3 class=\"wp-block-heading\">Clima de trabajo<\/h3>\n\n\n\n<p>Si el trabajador que se desea contratar ya form\u00f3 parte de la empresa es posible que haya dejado amigos en la misma\u2026 <strong>o todo lo contrario<\/strong>. Es necesario confirmar que el empleado en cuesti\u00f3n encajar\u00e1 en las din\u00e1micas internas de la empresa y su presencia no alterar\u00e1 negativamente el <a href=\"\/blog\/clima-laboral\/\" data-wpel-link=\"internal\" target=\"_blank\">clima laboral<\/a>.<\/p>\n\n\n\n<h3 class=\"wp-block-heading\">Trato correcto hasta la salida<\/h3>\n\n\n\n<p>Esta precauci\u00f3n no va dirigida a la recontrataci\u00f3n en s\u00ed sino a anticiparla. Si la empresa trata correctamente a todos sus empleados incluso en el momento de su salida, ser\u00e1 mucho m\u00e1s probable que estos puedan estar interesados en regresar en un futuro.<\/p>\n\n\n\n<h2 class=\"wp-block-heading\">Consideraciones legales de la recontrataci\u00f3n laboral<\/h2>\n\n\n\n<p>La recontrataci\u00f3n no constituye una categor\u00eda jur\u00eddica espec\u00edfica en la legislaci\u00f3n laboral espa\u00f1ola. Por ello, para saber c\u00f3mo proceder correctamente de cara a volver a contratar un antiguo trabajador, conviene examinar distintas normativas.&nbsp;<\/p>\n\n\n\n<p>Uno de los aspectos m\u00e1s importantes es el tiempo que haya transcurrido entre la salida del trabajador y su reincorporaci\u00f3n. Hay que tener presente que, si los plazos son muy breves, <strong>la Inspecci\u00f3n de Trabajo podr\u00eda entender que se trata de una concatenaci\u00f3n o encadenamiento de contratos temporales<\/strong>, con la consiguiente sanci\u00f3n para la compa\u00f1\u00eda.<\/p>\n\n\n\n<h2 class=\"wp-block-heading\">Plazos para la recontrataci\u00f3n<\/h2>\n\n\n\n<p><strong>\u00bfQu\u00e9 plazo hay que respetar de cara a la recontrataci\u00f3n?<\/strong> Para evitar incurrir en la situaci\u00f3n anteriormente descrita, la jurisprudencia sentada en Espa\u00f1a establece que no podr\u00e1 haber una separaci\u00f3n inferior a veinte d\u00edas entre ambos contratos.&nbsp;<\/p>\n\n\n\n<p>Ahora bien, este plazo podr\u00e1 ampliarse a criterio del tribunal si se dan las circunstancias para pensar que se trata de un encadenamiento de contratos. <strong>La clave para evitarlo es demostrar que la desvinculaci\u00f3n ha sido efectiva<\/strong>. Esto resulta indiscutible cuando el empleado ha desarrollado otras actividades econ\u00f3micas durante ese periodo.<\/p>\n\n\n\n<p>Por norma general, <strong>se considera que la desvinculaci\u00f3n es un hecho cuando la distancia temporal entre ambos contratos es igual o superior a tres a\u00f1os<\/strong> (siempre y cuando el empleado no haya trabajado para otra empresa durante ese periodo, lo cual acreditar\u00eda su desvinculaci\u00f3n efectiva). Aun as\u00ed no hay un criterio un\u00e1nime al respecto, pudiendo encontrar sentencias en sentidos opuestos.<\/p>\n\n\n\n<p>No podemos olvidar tampoco las consideraciones fiscales para el trabajador. Las indemnizaciones por despido est\u00e1n exentas de tributar por IRPF hasta 180.000 euros pero, si se produce la recontrataci\u00f3n del trabajador en los tres a\u00f1os siguientes a su despido, <strong>este deber\u00e1 hacer frente al pago correspondiente<\/strong>.<\/p>\n\n\n\n<p>Nuevamente, esta obligaci\u00f3n se suprimir\u00e1 cuando se acredite la desvinculaci\u00f3n efectiva entre el empleado y la empresa. Obviamente, si el trabajador <strong>abandon\u00f3 voluntariamente la compa\u00f1\u00eda<\/strong>, sin percibir, por tanto, indemnizaci\u00f3n alguna, los requisitos legales para su reincorporaci\u00f3n son mucho m\u00e1s laxos.<\/p>\n\n\n\n<figure class=\"wp-block-image size-full\"><a href=\"https:\/\/hello.bizneo.com\/demo\/suite\/es\/?utm_content=post-banner-grande\" data-wpel-link=\"internal\" target=\"_blank\"><img decoding=\"async\" width=\"1360\" height=\"408\" src=\"https:\/\/www.bizneo.com\/blog\/wp-content\/uploads\/2020\/12\/Banner-grande-ats-talento.jpg\" alt=\"ATS + software de evaluaci\u00f3n del desempe\u00f1o\" class=\"wp-image-44836\" srcset=\"https:\/\/www.bizneo.com\/blog\/wp-content\/uploads\/2020\/12\/Banner-grande-ats-talento.jpg 1360w, https:\/\/www.bizneo.com\/blog\/wp-content\/uploads\/2020\/12\/Banner-grande-ats-talento-300x90.jpg 300w, https:\/\/www.bizneo.com\/blog\/wp-content\/uploads\/2020\/12\/Banner-grande-ats-talento-1024x307.jpg 1024w, https:\/\/www.bizneo.com\/blog\/wp-content\/uploads\/2020\/12\/Banner-grande-ats-talento-768x230.jpg 768w, https:\/\/www.bizneo.com\/blog\/wp-content\/uploads\/2020\/12\/Banner-grande-ats-talento-810x243.jpg 810w, https:\/\/www.bizneo.com\/blog\/wp-content\/uploads\/2020\/12\/Banner-grande-ats-talento-1140x342.jpg 1140w\" sizes=\"(max-width: 1360px) 100vw, 1360px\" \/><\/a><\/figure>\n\n\n\n<p><br><\/p>\n","protected":false},"excerpt":{"rendered":"<p>La salida de un profesional suele suponer la conclusi\u00f3n definitiva de su actividad en una determinada empresa. La recontrataci\u00f3n laboral o empleados bumer\u00e1n desaf\u00eda esta costumbre.<\/p>\n","protected":false},"author":10,"featured_media":8139,"comment_status":"open","ping_status":"open","sticky":false,"template":"","format":"standard","meta":{"_uag_custom_page_level_css":"","site-sidebar-layout":"default","site-content-layout":"","ast-site-content-layout":"default","site-content-style":"default","site-sidebar-style":"default","ast-global-header-display":"","ast-banner-title-visibility":"","ast-main-header-display":"","ast-hfb-above-header-display":"","ast-hfb-below-header-display":"","ast-hfb-mobile-header-display":"","site-post-title":"","ast-breadcrumbs-content":"","ast-featured-img":"","footer-sml-layout":"","ast-disable-related-posts":"","theme-transparent-header-meta":"","adv-header-id-meta":"","stick-header-meta":"","header-above-stick-meta":"","header-main-stick-meta":"","header-below-stick-meta":"","astra-migrate-meta-layouts":"default","ast-page-background-enabled":"default","ast-page-background-meta":{"desktop":{"background-color":"var(--ast-global-color-5)","background-image":"","background-repeat":"repeat","background-position":"center center","background-size":"auto","background-attachment":"scroll","background-type":"","background-media":"","overlay-type":"","overlay-color":"","overlay-opacity":"","overlay-gradient":""},"tablet":{"background-color":"","background-image":"","background-repeat":"repeat","background-position":"center center","background-size":"auto","background-attachment":"scroll","background-type":"","background-media":"","overlay-type":"","overlay-color":"","overlay-opacity":"","overlay-gradient":""},"mobile":{"background-color":"","background-image":"","background-repeat":"repeat","background-position":"center center","background-size":"auto","background-attachment":"scroll","background-type":"","background-media":"","overlay-type":"","overlay-color":"","overlay-opacity":"","overlay-gradient":""}},"ast-content-background-meta":{"desktop":{"background-color":"var(--ast-global-color-4)","background-image":"","background-repeat":"repeat","background-position":"center center","background-size":"auto","background-attachment":"scroll","background-type":"","background-media":"","overlay-type":"","overlay-color":"","overlay-opacity":"","overlay-gradient":""},"tablet":{"background-color":"var(--ast-global-color-4)","background-image":"","background-repeat":"repeat","background-position":"center center","background-size":"auto","background-attachment":"scroll","background-type":"","background-media":"","overlay-type":"","overlay-color":"","overlay-opacity":"","overlay-gradient":""},"mobile":{"background-color":"var(--ast-global-color-4)","background-image":"","background-repeat":"repeat","background-position":"center center","background-size":"auto","background-attachment":"scroll","background-type":"","background-media":"","overlay-type":"","overlay-color":"","overlay-opacity":"","overlay-gradient":""}},"footnotes":""},"categories":[88],"tags":[52,10],"class_list":["post-8135","post","type-post","status-publish","format-standard","has-post-thumbnail","hentry","category-reclutamiento-y-seleccion","tag-contratos","tag-reclutamiento"],"yoast_head":"<!-- This site is optimized with the Yoast SEO plugin v27.5 - https:\/\/yoast.com\/product\/yoast-seo-wordpress\/ -->\n<title>Recontrataci\u00f3n Laboral | La nueva tendencia en reclutamiento<\/title>\n<meta name=\"description\" content=\"La recontrataci\u00f3n laboral es una situaci\u00f3n que no se suele dar, sin embargo, volver a contar con un antiguo empleado puede tener ventajas.\" \/>\n<meta name=\"robots\" content=\"index, follow, max-snippet:-1, max-image-preview:large, max-video-preview:-1\" \/>\n<meta property=\"og:locale\" content=\"es_ES\" \/>\n<meta property=\"og:type\" content=\"article\" \/>\n<meta property=\"og:title\" content=\"Recontrataci\u00f3n Laboral | La nueva tendencia en reclutamiento\" \/>\n<meta property=\"og:description\" content=\"La recontrataci\u00f3n laboral es una situaci\u00f3n que no se suele dar, sin embargo, volver a contar con un antiguo empleado puede tener ventajas.\" \/>\n<meta property=\"og:url\" content=\"https:\/\/www.bizneo.com\/blog\/recontratacion\/\" \/>\n<meta property=\"og:site_name\" content=\"Blog de Recursos Humanos de Bizneo HR: pr\u00e1ctico y actual\" \/>\n<meta property=\"article:published_time\" content=\"2020-02-04T05:49:19+00:00\" \/>\n<meta property=\"article:modified_time\" content=\"2026-02-01T18:59:44+00:00\" \/>\n<meta property=\"og:image\" content=\"https:\/\/www.bizneo.com\/blog\/wp-content\/uploads\/2020\/01\/recontratacion.jpg\" \/>\n\t<meta property=\"og:image:width\" content=\"1140\" \/>\n\t<meta property=\"og:image:height\" content=\"640\" \/>\n\t<meta property=\"og:image:type\" content=\"image\/jpeg\" \/>\n<meta name=\"author\" content=\"\u00c1lvaro Andr\u00e9s\" \/>\n<meta name=\"twitter:card\" content=\"summary_large_image\" \/>\n<meta name=\"twitter:label1\" content=\"Escrito por\" \/>\n\t<meta name=\"twitter:data1\" content=\"\u00c1lvaro Andr\u00e9s\" \/>\n\t<meta name=\"twitter:label2\" content=\"Tiempo de lectura\" \/>\n\t<meta name=\"twitter:data2\" content=\"10 minutos\" \/>\n<script type=\"application\/ld+json\" class=\"yoast-schema-graph\">{\"@context\":\"https:\\\/\\\/schema.org\",\"@graph\":[{\"@type\":[\"Article\",\"BlogPosting\"],\"@id\":\"https:\\\/\\\/www.bizneo.com\\\/blog\\\/recontratacion\\\/#article\",\"isPartOf\":{\"@id\":\"https:\\\/\\\/www.bizneo.com\\\/blog\\\/recontratacion\\\/\"},\"author\":{\"name\":\"\u00c1lvaro Andr\u00e9s\",\"@id\":\"https:\\\/\\\/www.bizneo.com\\\/blog\\\/#\\\/schema\\\/person\\\/f932a31bafbfb0726b3071df66e72848\"},\"headline\":\"Recontrataci\u00f3n laboral | La nueva tendencia en reclutamiento\",\"datePublished\":\"2020-02-04T05:49:19+00:00\",\"dateModified\":\"2026-02-01T18:59:44+00:00\",\"mainEntityOfPage\":{\"@id\":\"https:\\\/\\\/www.bizneo.com\\\/blog\\\/recontratacion\\\/\"},\"wordCount\":1916,\"commentCount\":6,\"publisher\":{\"@id\":\"https:\\\/\\\/www.bizneo.com\\\/blog\\\/#organization\"},\"image\":{\"@id\":\"https:\\\/\\\/www.bizneo.com\\\/blog\\\/recontratacion\\\/#primaryimage\"},\"thumbnailUrl\":\"https:\\\/\\\/www.bizneo.com\\\/blog\\\/wp-content\\\/uploads\\\/2020\\\/01\\\/recontratacion.jpg\",\"keywords\":[\"Contratos\",\"Reclutamiento\"],\"articleSection\":[\"Reclutamiento y Selecci\u00f3n\"],\"inLanguage\":\"es\",\"potentialAction\":[{\"@type\":\"CommentAction\",\"name\":\"Comment\",\"target\":[\"https:\\\/\\\/www.bizneo.com\\\/blog\\\/recontratacion\\\/#respond\"]}]},{\"@type\":\"WebPage\",\"@id\":\"https:\\\/\\\/www.bizneo.com\\\/blog\\\/recontratacion\\\/\",\"url\":\"https:\\\/\\\/www.bizneo.com\\\/blog\\\/recontratacion\\\/\",\"name\":\"Recontrataci\u00f3n Laboral | La nueva tendencia en reclutamiento\",\"isPartOf\":{\"@id\":\"https:\\\/\\\/www.bizneo.com\\\/blog\\\/#website\"},\"primaryImageOfPage\":{\"@id\":\"https:\\\/\\\/www.bizneo.com\\\/blog\\\/recontratacion\\\/#primaryimage\"},\"image\":{\"@id\":\"https:\\\/\\\/www.bizneo.com\\\/blog\\\/recontratacion\\\/#primaryimage\"},\"thumbnailUrl\":\"https:\\\/\\\/www.bizneo.com\\\/blog\\\/wp-content\\\/uploads\\\/2020\\\/01\\\/recontratacion.jpg\",\"datePublished\":\"2020-02-04T05:49:19+00:00\",\"dateModified\":\"2026-02-01T18:59:44+00:00\",\"description\":\"La recontrataci\u00f3n laboral es una situaci\u00f3n que no se suele dar, sin embargo, volver a contar con un antiguo empleado puede tener ventajas.\",\"breadcrumb\":{\"@id\":\"https:\\\/\\\/www.bizneo.com\\\/blog\\\/recontratacion\\\/#breadcrumb\"},\"inLanguage\":\"es\",\"potentialAction\":[{\"@type\":\"ReadAction\",\"target\":[\"https:\\\/\\\/www.bizneo.com\\\/blog\\\/recontratacion\\\/\"]}]},{\"@type\":\"ImageObject\",\"inLanguage\":\"es\",\"@id\":\"https:\\\/\\\/www.bizneo.com\\\/blog\\\/recontratacion\\\/#primaryimage\",\"url\":\"https:\\\/\\\/www.bizneo.com\\\/blog\\\/wp-content\\\/uploads\\\/2020\\\/01\\\/recontratacion.jpg\",\"contentUrl\":\"https:\\\/\\\/www.bizneo.com\\\/blog\\\/wp-content\\\/uploads\\\/2020\\\/01\\\/recontratacion.jpg\",\"width\":1140,\"height\":640,\"caption\":\"recontrataci\u00f3n\"},{\"@type\":\"BreadcrumbList\",\"@id\":\"https:\\\/\\\/www.bizneo.com\\\/blog\\\/recontratacion\\\/#breadcrumb\",\"itemListElement\":[{\"@type\":\"ListItem\",\"position\":1,\"name\":\"Portada\",\"item\":\"https:\\\/\\\/www.bizneo.com\\\/blog\\\/\"},{\"@type\":\"ListItem\",\"position\":2,\"name\":\"Reclutamiento y Selecci\u00f3n\",\"item\":\"https:\\\/\\\/www.bizneo.com\\\/blog\\\/category\\\/reclutamiento-y-seleccion\\\/\"},{\"@type\":\"ListItem\",\"position\":3,\"name\":\"Recontrataci\u00f3n laboral | La nueva tendencia en reclutamiento\"}]},{\"@type\":\"WebSite\",\"@id\":\"https:\\\/\\\/www.bizneo.com\\\/blog\\\/#website\",\"url\":\"https:\\\/\\\/www.bizneo.com\\\/blog\\\/\",\"name\":\"Blog de Recursos Humanos de Bizneo HR: pr\u00e1ctico y actual\",\"description\":\"Todo sobre actualidad, herramientas y tecnolog\u00eda  para optimizar la gesti\u00f3n del talento humano\",\"publisher\":{\"@id\":\"https:\\\/\\\/www.bizneo.com\\\/blog\\\/#organization\"},\"potentialAction\":[{\"@type\":\"SearchAction\",\"target\":{\"@type\":\"EntryPoint\",\"urlTemplate\":\"https:\\\/\\\/www.bizneo.com\\\/blog\\\/?s={search_term_string}\"},\"query-input\":{\"@type\":\"PropertyValueSpecification\",\"valueRequired\":true,\"valueName\":\"search_term_string\"}}],\"inLanguage\":\"es\"},{\"@type\":\"Organization\",\"@id\":\"https:\\\/\\\/www.bizneo.com\\\/blog\\\/#organization\",\"name\":\"Bizneo HR\",\"url\":\"https:\\\/\\\/www.bizneo.com\\\/blog\\\/\",\"logo\":{\"@type\":\"ImageObject\",\"inLanguage\":\"es\",\"@id\":\"https:\\\/\\\/www.bizneo.com\\\/blog\\\/#\\\/schema\\\/logo\\\/image\\\/\",\"url\":\"https:\\\/\\\/www.bizneo.com\\\/blog\\\/wp-content\\\/uploads\\\/2020\\\/09\\\/Icono-Logo-Bizneo-HR.png\",\"contentUrl\":\"https:\\\/\\\/www.bizneo.com\\\/blog\\\/wp-content\\\/uploads\\\/2020\\\/09\\\/Icono-Logo-Bizneo-HR.png\",\"width\":834,\"height\":834,\"caption\":\"Bizneo HR\"},\"image\":{\"@id\":\"https:\\\/\\\/www.bizneo.com\\\/blog\\\/#\\\/schema\\\/logo\\\/image\\\/\"}},{\"@type\":\"Person\",\"@id\":\"https:\\\/\\\/www.bizneo.com\\\/blog\\\/#\\\/schema\\\/person\\\/f932a31bafbfb0726b3071df66e72848\",\"name\":\"\u00c1lvaro Andr\u00e9s\",\"image\":{\"@type\":\"ImageObject\",\"inLanguage\":\"es\",\"@id\":\"https:\\\/\\\/secure.gravatar.com\\\/avatar\\\/c6b277afc20d169a72d7f266c0f4e889c65d2c4ec098d46bc9fba0266f1cde35?s=96&d=mm&r=g\",\"url\":\"https:\\\/\\\/secure.gravatar.com\\\/avatar\\\/c6b277afc20d169a72d7f266c0f4e889c65d2c4ec098d46bc9fba0266f1cde35?s=96&d=mm&r=g\",\"contentUrl\":\"https:\\\/\\\/secure.gravatar.com\\\/avatar\\\/c6b277afc20d169a72d7f266c0f4e889c65d2c4ec098d46bc9fba0266f1cde35?s=96&d=mm&r=g\",\"caption\":\"\u00c1lvaro Andr\u00e9s\"},\"url\":\"https:\\\/\\\/www.bizneo.com\\\/blog\\\/author\\\/alvaroa\\\/\"}]}<\/script>\n<!-- \/ Yoast SEO plugin. -->","yoast_head_json":{"title":"Recontrataci\u00f3n Laboral | La nueva tendencia en reclutamiento","description":"La recontrataci\u00f3n laboral es una situaci\u00f3n que no se suele dar, sin embargo, volver a contar con un antiguo empleado puede tener ventajas.","robots":{"index":"index","follow":"follow","max-snippet":"max-snippet:-1","max-image-preview":"max-image-preview:large","max-video-preview":"max-video-preview:-1"},"og_locale":"es_ES","og_type":"article","og_title":"Recontrataci\u00f3n Laboral | La nueva tendencia en reclutamiento","og_description":"La recontrataci\u00f3n laboral es una situaci\u00f3n que no se suele dar, sin embargo, volver a contar con un antiguo empleado puede tener ventajas.","og_url":"https:\/\/www.bizneo.com\/blog\/recontratacion\/","og_site_name":"Blog de Recursos Humanos de Bizneo HR: pr\u00e1ctico y actual","article_published_time":"2020-02-04T05:49:19+00:00","article_modified_time":"2026-02-01T18:59:44+00:00","og_image":[{"width":1140,"height":640,"url":"https:\/\/www.bizneo.com\/blog\/wp-content\/uploads\/2020\/01\/recontratacion.jpg","type":"image\/jpeg"}],"author":"\u00c1lvaro Andr\u00e9s","twitter_card":"summary_large_image","twitter_misc":{"Escrito por":"\u00c1lvaro Andr\u00e9s","Tiempo de lectura":"10 minutos"},"schema":{"@context":"https:\/\/schema.org","@graph":[{"@type":["Article","BlogPosting"],"@id":"https:\/\/www.bizneo.com\/blog\/recontratacion\/#article","isPartOf":{"@id":"https:\/\/www.bizneo.com\/blog\/recontratacion\/"},"author":{"name":"\u00c1lvaro Andr\u00e9s","@id":"https:\/\/www.bizneo.com\/blog\/#\/schema\/person\/f932a31bafbfb0726b3071df66e72848"},"headline":"Recontrataci\u00f3n laboral | La nueva tendencia en reclutamiento","datePublished":"2020-02-04T05:49:19+00:00","dateModified":"2026-02-01T18:59:44+00:00","mainEntityOfPage":{"@id":"https:\/\/www.bizneo.com\/blog\/recontratacion\/"},"wordCount":1916,"commentCount":6,"publisher":{"@id":"https:\/\/www.bizneo.com\/blog\/#organization"},"image":{"@id":"https:\/\/www.bizneo.com\/blog\/recontratacion\/#primaryimage"},"thumbnailUrl":"https:\/\/www.bizneo.com\/blog\/wp-content\/uploads\/2020\/01\/recontratacion.jpg","keywords":["Contratos","Reclutamiento"],"articleSection":["Reclutamiento y Selecci\u00f3n"],"inLanguage":"es","potentialAction":[{"@type":"CommentAction","name":"Comment","target":["https:\/\/www.bizneo.com\/blog\/recontratacion\/#respond"]}]},{"@type":"WebPage","@id":"https:\/\/www.bizneo.com\/blog\/recontratacion\/","url":"https:\/\/www.bizneo.com\/blog\/recontratacion\/","name":"Recontrataci\u00f3n Laboral | La nueva tendencia en reclutamiento","isPartOf":{"@id":"https:\/\/www.bizneo.com\/blog\/#website"},"primaryImageOfPage":{"@id":"https:\/\/www.bizneo.com\/blog\/recontratacion\/#primaryimage"},"image":{"@id":"https:\/\/www.bizneo.com\/blog\/recontratacion\/#primaryimage"},"thumbnailUrl":"https:\/\/www.bizneo.com\/blog\/wp-content\/uploads\/2020\/01\/recontratacion.jpg","datePublished":"2020-02-04T05:49:19+00:00","dateModified":"2026-02-01T18:59:44+00:00","description":"La recontrataci\u00f3n laboral es una situaci\u00f3n que no se suele dar, sin embargo, volver a contar con un antiguo empleado puede tener ventajas.","breadcrumb":{"@id":"https:\/\/www.bizneo.com\/blog\/recontratacion\/#breadcrumb"},"inLanguage":"es","potentialAction":[{"@type":"ReadAction","target":["https:\/\/www.bizneo.com\/blog\/recontratacion\/"]}]},{"@type":"ImageObject","inLanguage":"es","@id":"https:\/\/www.bizneo.com\/blog\/recontratacion\/#primaryimage","url":"https:\/\/www.bizneo.com\/blog\/wp-content\/uploads\/2020\/01\/recontratacion.jpg","contentUrl":"https:\/\/www.bizneo.com\/blog\/wp-content\/uploads\/2020\/01\/recontratacion.jpg","width":1140,"height":640,"caption":"recontrataci\u00f3n"},{"@type":"BreadcrumbList","@id":"https:\/\/www.bizneo.com\/blog\/recontratacion\/#breadcrumb","itemListElement":[{"@type":"ListItem","position":1,"name":"Portada","item":"https:\/\/www.bizneo.com\/blog\/"},{"@type":"ListItem","position":2,"name":"Reclutamiento y Selecci\u00f3n","item":"https:\/\/www.bizneo.com\/blog\/category\/reclutamiento-y-seleccion\/"},{"@type":"ListItem","position":3,"name":"Recontrataci\u00f3n laboral | La nueva tendencia en reclutamiento"}]},{"@type":"WebSite","@id":"https:\/\/www.bizneo.com\/blog\/#website","url":"https:\/\/www.bizneo.com\/blog\/","name":"Blog de Recursos Humanos de Bizneo HR: pr\u00e1ctico y actual","description":"Todo sobre actualidad, herramientas y tecnolog\u00eda  para optimizar la gesti\u00f3n del talento humano","publisher":{"@id":"https:\/\/www.bizneo.com\/blog\/#organization"},"potentialAction":[{"@type":"SearchAction","target":{"@type":"EntryPoint","urlTemplate":"https:\/\/www.bizneo.com\/blog\/?s={search_term_string}"},"query-input":{"@type":"PropertyValueSpecification","valueRequired":true,"valueName":"search_term_string"}}],"inLanguage":"es"},{"@type":"Organization","@id":"https:\/\/www.bizneo.com\/blog\/#organization","name":"Bizneo HR","url":"https:\/\/www.bizneo.com\/blog\/","logo":{"@type":"ImageObject","inLanguage":"es","@id":"https:\/\/www.bizneo.com\/blog\/#\/schema\/logo\/image\/","url":"https:\/\/www.bizneo.com\/blog\/wp-content\/uploads\/2020\/09\/Icono-Logo-Bizneo-HR.png","contentUrl":"https:\/\/www.bizneo.com\/blog\/wp-content\/uploads\/2020\/09\/Icono-Logo-Bizneo-HR.png","width":834,"height":834,"caption":"Bizneo HR"},"image":{"@id":"https:\/\/www.bizneo.com\/blog\/#\/schema\/logo\/image\/"}},{"@type":"Person","@id":"https:\/\/www.bizneo.com\/blog\/#\/schema\/person\/f932a31bafbfb0726b3071df66e72848","name":"\u00c1lvaro Andr\u00e9s","image":{"@type":"ImageObject","inLanguage":"es","@id":"https:\/\/secure.gravatar.com\/avatar\/c6b277afc20d169a72d7f266c0f4e889c65d2c4ec098d46bc9fba0266f1cde35?s=96&d=mm&r=g","url":"https:\/\/secure.gravatar.com\/avatar\/c6b277afc20d169a72d7f266c0f4e889c65d2c4ec098d46bc9fba0266f1cde35?s=96&d=mm&r=g","contentUrl":"https:\/\/secure.gravatar.com\/avatar\/c6b277afc20d169a72d7f266c0f4e889c65d2c4ec098d46bc9fba0266f1cde35?s=96&d=mm&r=g","caption":"\u00c1lvaro Andr\u00e9s"},"url":"https:\/\/www.bizneo.com\/blog\/author\/alvaroa\/"}]}},"spectra_custom_meta":{"_is_githuber_markdown":["1"],"_edit_lock":["1769972407:47"],"_edit_last":["47"],"_is_githuber_mermaid":[""],"_is_githuber_katex":[""],"_yoast_wpseo_primary_category":["88"],"_vce_meta":["a:4:{s:11:\"use_sidebar\";s:7:\"inherit\";s:7:\"sidebar\";s:7:\"inherit\";s:14:\"sticky_sidebar\";s:7:\"inherit\";s:6:\"layout\";s:7:\"inherit\";}"],"_yoast_wpseo_content_score":["90"],"_is_githuber_markdown_enabled":["no"],"_yoast_wpseo_focuskw":["recontrataci\u00f3n"],"_yoast_wpseo_title":["Recontrataci\u00f3n Laboral | La nueva tendencia en reclutamiento"],"_yoast_wpseo_linkdex":["88"],"_yoast_wpseo_metadesc":["La recontrataci\u00f3n laboral es una situaci\u00f3n que no se suele dar, sin embargo, volver a contar con un antiguo empleado puede tener ventajas."],"_thumbnail_id":["8139"],"onesignal_meta_box_present":["1"],"onesignal_send_notification":[""],"_githuber_prismjs":[""],"_githuber_highlightjs":[""],"_is_githuber_sequence":[""],"_is_githuber_flow_chart":[""],"_is_githuber_mathjax":[""],"onesignal_modify_title_and_content":[""],"onesignal_notification_custom_heading":[null],"onesignal_notification_custom_content":[null],"_yoast_wpseo_estimated-reading-time-minutes":["10"],"Views":["18003"],"wp_review_type":["none"],"wp_review_positive_count":["0"],"wp_review_negative_count":["0"],"_at_widget":["1"],"_yoast_wpseo_wordproof_timestamp":[""],"wp_review_user_reviews":["0"],"wp_review_review_count":["0"],"_uag_css_file_name":["uag-css-8135.css"],"_uag_page_assets":["a:9:{s:3:\"css\";s:263:\".uag-blocks-common-selector{z-index:var(--z-index-desktop) !important}@media (max-width: 976px){.uag-blocks-common-selector{z-index:var(--z-index-tablet) !important}}@media (max-width: 767px){.uag-blocks-common-selector{z-index:var(--z-index-mobile) !important}}\n\";s:2:\"js\";s:0:\"\";s:18:\"current_block_list\";a:6:{i:0;s:14:\"core\/paragraph\";i:1;s:12:\"core\/heading\";i:2;s:9:\"core\/html\";i:3;s:10:\"core\/image\";i:4;s:12:\"core\/details\";i:5;s:14:\"core\/shortcode\";}s:8:\"uag_flag\";b:0;s:11:\"uag_version\";s:10:\"1777548730\";s:6:\"gfonts\";a:0:{}s:10:\"gfonts_url\";s:0:\"\";s:12:\"gfonts_files\";a:0:{}s:14:\"uag_faq_layout\";b:0;}"]},"uagb_featured_image_src":{"full":["https:\/\/www.bizneo.com\/blog\/wp-content\/uploads\/2020\/01\/recontratacion.jpg",1140,640,false],"thumbnail":["https:\/\/www.bizneo.com\/blog\/wp-content\/uploads\/2020\/01\/recontratacion-150x150.jpg",150,150,true],"medium":["https:\/\/www.bizneo.com\/blog\/wp-content\/uploads\/2020\/01\/recontratacion-300x168.jpg",300,168,true],"medium_large":["https:\/\/www.bizneo.com\/blog\/wp-content\/uploads\/2020\/01\/recontratacion-768x431.jpg",768,431,true],"large":["https:\/\/www.bizneo.com\/blog\/wp-content\/uploads\/2020\/01\/recontratacion-1024x575.jpg",1024,575,true],"1536x1536":["https:\/\/www.bizneo.com\/blog\/wp-content\/uploads\/2020\/01\/recontratacion.jpg",1140,640,false],"2048x2048":["https:\/\/www.bizneo.com\/blog\/wp-content\/uploads\/2020\/01\/recontratacion.jpg",1140,640,false]},"uagb_author_info":{"display_name":"\u00c1lvaro Andr\u00e9s","author_link":"https:\/\/www.bizneo.com\/blog\/author\/alvaroa\/"},"uagb_comment_info":7,"uagb_excerpt":"La salida de un profesional suele suponer la conclusi\u00f3n definitiva de su actividad en una determinada empresa. La recontrataci\u00f3n laboral o empleados bumer\u00e1n desaf\u00eda esta costumbre.","_links":{"self":[{"href":"https:\/\/www.bizneo.com\/blog\/wp-json\/wp\/v2\/posts\/8135","targetHints":{"allow":["GET"]}}],"collection":[{"href":"https:\/\/www.bizneo.com\/blog\/wp-json\/wp\/v2\/posts"}],"about":[{"href":"https:\/\/www.bizneo.com\/blog\/wp-json\/wp\/v2\/types\/post"}],"author":[{"embeddable":true,"href":"https:\/\/www.bizneo.com\/blog\/wp-json\/wp\/v2\/users\/10"}],"replies":[{"embeddable":true,"href":"https:\/\/www.bizneo.com\/blog\/wp-json\/wp\/v2\/comments?post=8135"}],"version-history":[{"count":23,"href":"https:\/\/www.bizneo.com\/blog\/wp-json\/wp\/v2\/posts\/8135\/revisions"}],"predecessor-version":[{"id":59648,"href":"https:\/\/www.bizneo.com\/blog\/wp-json\/wp\/v2\/posts\/8135\/revisions\/59648"}],"wp:featuredmedia":[{"embeddable":true,"href":"https:\/\/www.bizneo.com\/blog\/wp-json\/wp\/v2\/media\/8139"}],"wp:attachment":[{"href":"https:\/\/www.bizneo.com\/blog\/wp-json\/wp\/v2\/media?parent=8135"}],"wp:term":[{"taxonomy":"category","embeddable":true,"href":"https:\/\/www.bizneo.com\/blog\/wp-json\/wp\/v2\/categories?post=8135"},{"taxonomy":"post_tag","embeddable":true,"href":"https:\/\/www.bizneo.com\/blog\/wp-json\/wp\/v2\/tags?post=8135"}],"curies":[{"name":"wp","href":"https:\/\/api.w.org\/{rel}","templated":true}]}}