{"id":7912,"date":"2020-01-24T14:19:44","date_gmt":"2020-01-24T13:19:44","guid":{"rendered":"https:\/\/www.bizneo.com\/blog\/?p=7912"},"modified":"2026-02-01T20:00:14","modified_gmt":"2026-02-01T19:00:14","slug":"referencia-laboral","status":"publish","type":"post","link":"https:\/\/www.bizneo.com\/blog\/referencia-laboral\/","title":{"rendered":"C\u00f3mo comprobar una referencia laboral"},"content":{"rendered":"\n<p>A la hora de iniciar la fase de descarte en un <a href=\"\/blog\/etapas-proceso-de-seleccion-de-personal\/\" target=\"_blank\" rel=\"noreferrer noopener\" data-wpel-link=\"internal\">proceso de selecci\u00f3n<\/a>, cualquier tipo de referencia laboral ser\u00e1 una informaci\u00f3n valiosa que el seleccionador tendr\u00e1 en cuenta para poder <strong>valorar correctamente al candidato. <\/strong><\/p>\n\n\n\n<p>A pesar de que se trata de un dato subjetivo que puede estar sesgado por la relaci\u00f3n personal entre referenciado y referenciador, es importante poner sobre la mesa los datos obtenidos.<\/p>\n\n\n\n<p>Dado que, en muchas ocasiones el candidato <strong>puede inventarse esta informaci\u00f3n o adornarla<\/strong> para que quede m\u00e1s convincente, el seleccionador deber\u00e1 siempre <strong>comprobar la autenticidad de las cartas de recomendaci\u00f3n<\/strong> y contactar por tel\u00e9fono a aquellos que las firman. <\/p>\n\n\n\n<p>Hacer una peque\u00f1a investigaci\u00f3n por internet y solicitar al candidato, al menos, <strong>tres referencias diferentes<\/strong>, puede servir de ayuda para dar a la recomendaci\u00f3n laboral el valor adecuado en un proceso de selecci\u00f3n.<\/p>\n\n\n\n<h2 class=\"wp-block-heading\">Qu\u00e9 es una referencia laboral<\/h2>\n\n\n\n<p>Cuando hablamos de una referencia laboral, lo que buscamos es que el candidato <strong>nos aporte una fuente de informaci\u00f3n fiable<\/strong> que nos transmita su conocimiento sobre el sujeto en una determinada actividad, siempre relacionado con el <strong>mundo laboral o acad\u00e9mico<\/strong>. <\/p>\n\n\n\n<p>Lo que nos aporta una referencia laboral es la oportunidad de <strong>preguntar a un tercero sobre las aptitudes y defectos <\/strong>que el candidato pueda tener, para a\u00f1adirlas al resto de informaci\u00f3n que tenemos, desde el curr\u00edculum vitae hasta un portfolio de trabajos o una carta de <a href=\"\/blog\/5-claves-motivar-empleados\/\" target=\"_blank\" rel=\"noreferrer noopener\" data-wpel-link=\"internal\">motivaci\u00f3n<\/a>. <\/p>\n\n\n\n<p>Por lo tanto, una referencia laboral <strong>nunca debe reemplazar los documentos<\/strong> que tradicionalmente demandamos para valorar al sujeto, sino que debe complementarlos y, especialmente, <strong>confirmarlos<\/strong>.<\/p>\n\n\n\n<p>El valor es relativo y siempre se debe poner junto al resto de los procesos implicados a lo largo de la selecci\u00f3n, como puede ser la entrevista telef\u00f3nica o las <a href=\"\/blog\/ejemplos-pruebas-psicometricas-seleccion\/\" target=\"_blank\" rel=\"noreferrer noopener\" data-wpel-link=\"internal\">pruebas psicom\u00e9tricas<\/a> y de conocimientos. <\/p>\n\n\n\n<p>Esto es as\u00ed debido al car\u00e1cter subjetivo de la referencia, puesto que es complicado encontrar a una persona que hable con total imparcialidad sobre otra, ya que las relaciones personales pueden permear la impresi\u00f3n profesional.&nbsp;<\/p>\n\n\n\n<figure class=\"wp-block-image size-full\"><a href=\"\/reclutamiento-seleccion-ats\/\" target=\"_blank\" rel=\"noreferrer noopener\" data-wpel-link=\"internal\"><img decoding=\"async\" src=\"https:\/\/www.bizneo.com\/blog\/wp-content\/uploads\/2024\/10\/programa-reclutamiento-referidos.png\" alt=\"Software de Reclutamiento por referidos\" class=\"wp-image-17102\"\/><\/a><\/figure>\n\n\n\n<div class=\"bzn-pie\"><div class=\"donut-pie\"><svg version=\"1.1\" class=\"donut-pie-svg\" xmlns=\"http:\/\/www.w3.org\/2000\/svg\" xmlns:xlink=\"http:\/\/www.w3.org\/1999\/xlink\" x=\"0px\" y=\"0px\" viewBox=\"0 0 256 256\" style=\"enable-background:new 0 0 256 256;\" xml:space=\"preserve\"><circle style=\"fill:none;stroke:#E2E4E9;stroke-width:5;stroke-miterlimit:10;\" cx=\"128\" cy=\"128\" r=\"111.5\"\/><circle style=\"fill:none;stroke:#7D9DEA;stroke-width:15;stroke-linecap:round;stroke-miterlimit:10;stroke-dasharray:574,999;\" cx=\"128\" cy=\"128\" r=\"111.5\"\/><text transform=\"matrix(1 0 0 1 63.7307 154.5616)\" style=\"fill:#1E2941; font-family:'Plus Jakarta Sans'; font-size: 70px; font-weight: 600; line-height: 56px;\">82<\/text><text transform=\"matrix(1 0 0 1 146.7307 140.5616)\" style=\"fill:#667085;font-family:'Nunito Sans'; font-size:50px; font-weight: 400; line-height: 56px; \">%<\/text><\/svg><\/div><p class=\"cnt\" markdown=\"1\">El 82% de los reclutadores opinan que el canal de referidos es la fuente de reclutamiento con mejor ROI. Pon en marcha un programa de <a href=\"\/reclutamiento-seleccion-ats\/\" target=\"_blank\" rel=\"noreferrer noopener\" data-wpel-link=\"internal\">reclutamiento por referidos<\/a> y convierte a tus empleados en los mejores embajadores de tu marca.<\/p><\/div>\n\n\n\n<p><\/p>\n\n\n\n<h2 class=\"wp-block-heading\">La importancia de las referencias laborales<\/h2>\n\n\n\n<p>Aunque su valor es relativo, <strong>todo suma<\/strong> para que un candidato pueda postularse como el mejor en un proceso de selecci\u00f3n.<\/p>\n\n\n\n<p>Aportar referencias laborales es una <strong>se\u00f1a de transparencia y sinceridad<\/strong> por parte del candidato pues, aquellos que no est\u00e1n dispuestos a aportarlas transmiten la sensaci\u00f3n de que tratan de ocultar algo o que no quieren abrirse del todo con el reclutador.<\/p>\n\n\n\n<p>Las preguntas que debemos resolver gracias a las referencias son aquellas que nos hablan del puesto de trabajo desempe\u00f1ado, las funciones laborales que ten\u00eda como responsabilidad el candidato y, sobre todo,<strong> c\u00f3mo es su forma de trabajar<\/strong>. As\u00ed como cualidades personales y laborales que puedan resultar de relevancia para el puesto ofertado.<\/p>\n\n\n\n<p>El seleccionador <strong>no debe olvidar el car\u00e1cter subjetivo<\/strong> de las referencias laborales pues, detr\u00e1s la relaci\u00f3n profesional siempre se dejan ver trazas de una relaci\u00f3n personal que pueden hacer que la balanza se incline hacia un lado o hacia el otro.<\/p>\n\n\n\n<p>Las referencias laborales pueden sorprender pues, a menudo, muchas resultan en <strong>una opini\u00f3n negativa del candidato<\/strong>. No hablamos de que el referenciador desprestigie al referenciado, sino de que muchas veces, de forma accidental, el referenciador <strong>nos puede hablar de una carencia<\/strong> del candidato que en un determinado proceso de selecci\u00f3n puede ser <strong>clave para descartarlo.&nbsp;<\/strong><br><\/p>\n\n\n\n<p>Una mala referencia no es motivo de descarte habitualmente, pero bien es cierto que, una mala referencia corroborada por varias fuentes s\u00ed puede provocar que el candidato quede fuera del proceso de selecci\u00f3n, de hecho<strong>, 6 de cada 10 profesionales<\/strong> de los Recursos Humanos as\u00ed lo hacen.&nbsp;<\/p>\n\n\n\n<figure class=\"wp-block-image\"><a href=\"https:\/\/hello.bizneo.com\/kit\/reclutamiento-y-seleccion\/?utm_content=post-KIT-Reclutamiento\" data-wpel-link=\"internal\" target=\"_blank\"><img decoding=\"async\" src=\"https:\/\/www.bizneo.com\/blog\/wp-content\/uploads\/2023\/03\/KIT-Reclutamiento-1-1024x307.png\" alt=\"Kit de Reclutamiento y Selecci\u00f3n\" class=\"wp-image-39178\"\/><\/a><\/figure>\n\n\n\n<h2 class=\"wp-block-heading\">Las referencias laborales en la entrevista de trabajo<\/h2>\n\n\n\n<p>La entrevista de trabajo act\u00faa como paso previo a la consecuci\u00f3n del empleo, por lo que es importante <strong>observar la actitud del entrevistado<\/strong>, adem\u00e1s de escucharlo atentamente, pues sus gestos y su saber estar nos <strong>revelar\u00e1n mucho sobre su personalidad<\/strong>.<\/p>\n\n\n\n<p>Pero en la entrevista no debemos olvidar las referencias laborales que nos permitan verificar la competencia que el sujeto dice tener.<\/p>\n\n\n\n<p>Durante la entrevista, adem\u00e1s de pedir las referencias oportunas para cotejar la informaci\u00f3n, tambi\u00e9n debemos<strong> indagar en la relaci\u00f3n que une al trabajador con la persona<\/strong> que nos dar\u00e1 referencias. De esta forma, el reclutador podr\u00e1 valorar correctamente las referencias laborales aportadas.&nbsp;<\/p>\n\n\n\n<p>Con nuestro <a href=\"https:\/\/www.bizneo.com\/blog\/7-senales-de-que-necesitas-un-ats\/\" data-wpel-link=\"internal\" target=\"_blank\">ATS recruitment software<\/a> podr\u00e1s gestionar las ofertas de trabajo en m\u00e1s de 200 fuentes de reclutamiento:<\/p>\n\n\n\n<figure class=\"wp-block-image size-large\"><a href=\"\/reclutamiento-seleccion-ats\/\" data-wpel-link=\"internal\" target=\"_blank\"><img decoding=\"async\" src=\"https:\/\/www.bizneo.com\/blog\/wp-content\/uploads\/2020\/10\/Software-de-reclutamiento-de-personal-1140x907.webp\" alt=\"Fuentes de reclutamiento\" class=\"wp-image-37059\"\/><\/a><\/figure>\n\n\n\n<p>Pero si lo que te preocupa es c\u00f3mo gestionar las referencias laborales de compa\u00f1eros o conocidos, nuestro software cuenta con <a href=\"\/blog\/sistema-de-seguimiento-de-candidatos\" target=\"_blank\" rel=\"noreferrer noopener\" data-wpel-link=\"internal\">seguimiento de candidatos<\/a> referenciados, para comprobar su talento con pruebas psicom\u00e9tricas y entrevistas. <\/p>\n\n\n\n<figure class=\"wp-block-image size-full\"><a href=\"\/reclutamiento-seleccion-ats\/\" target=\"_blank\" rel=\"noreferrer noopener\" data-wpel-link=\"internal\"><img decoding=\"async\" width=\"1500\" height=\"1051\" src=\"https:\/\/www.bizneo.com\/blog\/wp-content\/uploads\/2020\/10\/Pruebas-psicometricas-y-psicotecnicas-de-seleccion.webp\" alt=\"Pruebas psicome\u0301tricas para captar talento\" class=\"wp-image-17246\" srcset=\"https:\/\/www.bizneo.com\/blog\/wp-content\/uploads\/2020\/10\/Pruebas-psicometricas-y-psicotecnicas-de-seleccion.webp 1500w, https:\/\/www.bizneo.com\/blog\/wp-content\/uploads\/2020\/10\/Pruebas-psicometricas-y-psicotecnicas-de-seleccion-300x210.webp 300w, https:\/\/www.bizneo.com\/blog\/wp-content\/uploads\/2020\/10\/Pruebas-psicometricas-y-psicotecnicas-de-seleccion-1024x717.webp 1024w, https:\/\/www.bizneo.com\/blog\/wp-content\/uploads\/2020\/10\/Pruebas-psicometricas-y-psicotecnicas-de-seleccion-768x538.webp 768w, https:\/\/www.bizneo.com\/blog\/wp-content\/uploads\/2020\/10\/Pruebas-psicometricas-y-psicotecnicas-de-seleccion-810x568.webp 810w, https:\/\/www.bizneo.com\/blog\/wp-content\/uploads\/2020\/10\/Pruebas-psicometricas-y-psicotecnicas-de-seleccion-1140x799.webp 1140w\" sizes=\"(max-width: 1500px) 100vw, 1500px\" \/><\/a><\/figure>\n\n\n\n<p><strong>Y esto no acaba en la incorporaci\u00f3n<\/strong>, nuestro software incluye indicadores de eficiencia de programas de reconocimiento y recompensas.<\/p>\n\n\n\n<bzn-link><a href=\"https:\/\/hello.bizneo.com\/demo\/ats\/?utm_content=post-banner-medio\" id=\"destacado-ats\" target=\"_blank\" rel=\"noopener noreferrer\" data-wpel-link=\"internal\"><span class=\"bzn-link-title\">\u00a1Reduce a la mitad los tiempos de reclutamiento!<\/span>Funcionalidades que perfeccionan la selecci\u00f3n del talento<\/a><\/bzn-link>\n\n\n\n<p><\/p>\n\n\n\n<h2 class=\"wp-block-heading\">C\u00f3mo pedir referencias personales a un candidato<\/h2>\n\n\n\n<p>Gestionar correctamente las referencias laborales aportadas por el candidato depende de vigilar de cerca <strong>tres aspectos clave<\/strong>: c\u00f3mo se consigue la informaci\u00f3n, qu\u00e9 datos debe aportarnos y d\u00f3nde se presentan.<\/p>\n\n\n\n<h3 class=\"wp-block-heading\">C\u00f3mo se recogen las referencias laborales<\/h3>\n\n\n\n<p>Tradicionalmente, el m\u00e9todo m\u00e1s utilizado es mediante <strong>una carta firmada por la persona que recomienda o por la empresa<\/strong>. Algunas empresas tienen documentos plantilla que se entregan tras el despido de un empleado con el que la relaci\u00f3n era buena. Pero es conveniente que los candidatos consigan una carta m\u00e1s personal que aporte informaci\u00f3n detallada sobre su desempe\u00f1o en la compa\u00f1\u00eda.<\/p>\n\n\n\n<p>Otro de los m\u00e9todos m\u00e1s extendidos consiste en que el reclutador se ponga en contacto con la persona que aporta las referencias. Es necesario solicitar a los candidatos una v\u00eda de comunicaci\u00f3n que puede ser email o un n\u00famero telef\u00f3nico. Como esta informaci\u00f3n es sensible y est\u00e1 protegida por ley, el candidato debe informar al \u00abrecomendador\u00bb de que ha cedido sus datos de contacto a la empresa reclutadora.<\/p>\n\n\n\n<p>Finalmente, las redes sociales profesionales como <strong>LinkedIn <\/strong>facilitan todo el proceso gracias a sus herramientas de referencia laboral. Aunque siempre es mejor <strong>obtener la informaci\u00f3n de primera mano<\/strong>, el perfil social del empleado nos puede aportar muchos datos sobre su <strong>actitud y adecuaci\u00f3n a la compa\u00f1\u00eda.<\/strong><\/p>\n\n\n\n<bzn-down><a href=\"https:\/\/hello.bizneo.com\/social-recuiting-ejemplos-herramientas\/?utm_content=post-banner-medio\" id=\"destacado-wc-descarga\" target=\"_blank\" rel=\"noopener noreferrer\" data-wpel-link=\"internal\"><span class=\"bzn-link-title\">GU\u00cdA DESCARGABLE: TODO SOBRE SOCIAL RECRUITING<\/span>Ejemplos y herramientas para reclutar con RR. SS. en tu empresa.<\/a><\/bzn-down>\n\n\n\n<p><\/p>\n\n\n\n<h3 class=\"wp-block-heading\">D\u00f3nde incluir las referencias laborales<\/h3>\n\n\n\n<p>Como siempre, depende del formato que elijamos para solicitar las referencias laborales. En cualquier caso, lo habitual es que <strong>queden fuera del CV<\/strong>, por lo que es la responsabilidad del reclutador solicitarlas en el momento oportuno que, normalmente, es durante la entrevista.<\/p>\n\n\n\n<p>Si deseamos recoger las referencias en formato f\u00edsico, es importante avisar al candidato para que pueda preparar una copia de la carta de recomendaci\u00f3n. El original puede servirle para otros procesos de selecci\u00f3n.<\/p>\n\n\n\n<h3 class=\"wp-block-heading\">Qu\u00e9 informaci\u00f3n debe aparecer en una carta de referencia<\/h3>\n\n\n\n<p>Los puntos imprescindibles que debemos buscar en una buena referencia laboral son:<\/p>\n\n\n\n<ul class=\"wp-block-list\">\n<li>Informaci\u00f3n sobre algunas capacidades destacables.<\/li>\n\n\n\n<li>La relaci\u00f3n laboral entre referenciado y referenciador.<\/li>\n\n\n\n<li>Datos sobre la relaci\u00f3n con los compa\u00f1eros y la aportaci\u00f3n al ambiente de trabajo.<\/li>\n\n\n\n<li>La recomendaci\u00f3n expl\u00edcita para un nuevo puesto.<\/li>\n\n\n\n<li>Un resumen de las tareas que desempe\u00f1aba el candidato en su antiguo puesto.<\/li>\n<\/ul>\n\n\n\n<p><\/p>\n\n\n\n<bzn-link><a href=\"https:\/\/hello.bizneo.com\/tecnologia-en-seleccion\/?utm_content=post-destacado\" id=\"destacado-wc-video\" target=\"_blank\" rel=\"noopener noreferrer\" data-wpel-link=\"internal\"><span class=\"bzn-link-title\">VIDEO RECOMENDADO: TECNOLOG\u00cdA EN EL PROCESO DE SELECCI\u00d3N<\/span>Conoce la perspectiva de Indeed, EasyRecRue y Bizneo HR a la ahora de reclutar<\/a><\/bzn-link>\n\n\n\n<p><\/p>\n\n\n\n<h2 class=\"wp-block-heading\">C\u00f3mo escribir una referencia laboral a un extrabajador<\/h2>\n\n\n\n<p>La otra cara de la moneda, es que necesites o te pidan escribir una recomendaci\u00f3n para un compa\u00f1ero o extrabajador de la empresa. Adem\u00e1s de tener en cuenta algunos puntos expuestos anteriormente, podr\u00e1s tomar como referente nuestro modelo de carta o email incluida en nuestro pack de cartas para recursos humanos, y que puedes descargar a continuaci\u00f3n:<\/p>\n\n\n\n<figure class=\"wp-block-image size-large\"><img decoding=\"async\" width=\"1024\" height=\"774\" src=\"https:\/\/www.bizneo.com\/blog\/wp-content\/uploads\/2020\/05\/version-cercana-compressor-1024x774.jpg\" alt=\"\" class=\"wp-image-12686\" srcset=\"https:\/\/www.bizneo.com\/blog\/wp-content\/uploads\/2020\/05\/version-cercana-compressor-1024x774.jpg 1024w, https:\/\/www.bizneo.com\/blog\/wp-content\/uploads\/2020\/05\/version-cercana-compressor-300x227.jpg 300w, https:\/\/www.bizneo.com\/blog\/wp-content\/uploads\/2020\/05\/version-cercana-compressor-768x580.jpg 768w, https:\/\/www.bizneo.com\/blog\/wp-content\/uploads\/2020\/05\/version-cercana-compressor-810x612.jpg 810w, https:\/\/www.bizneo.com\/blog\/wp-content\/uploads\/2020\/05\/version-cercana-compressor-1140x862.jpg 1140w, https:\/\/www.bizneo.com\/blog\/wp-content\/uploads\/2020\/05\/version-cercana-compressor.jpg 1200w\" sizes=\"(max-width: 1024px) 100vw, 1024px\" \/><\/figure>\n\n\n\n<figure class=\"wp-block-image size-full\"><a href=\"https:\/\/hello.bizneo.com\/plantilla\/cartas-comunicados-rrhh\/?utm_content=Opt-in-banner-blog\" data-wpel-link=\"internal\" target=\"_blank\"><img decoding=\"async\" width=\"810\" height=\"332\" src=\"https:\/\/www.bizneo.com\/blog\/wp-content\/uploads\/2023\/10\/Cartas-Recursos-Humanos.png\" alt=\"Cartas para Recursos Humanos\" class=\"wp-image-43792\" srcset=\"https:\/\/www.bizneo.com\/blog\/wp-content\/uploads\/2023\/10\/Cartas-Recursos-Humanos.png 810w, https:\/\/www.bizneo.com\/blog\/wp-content\/uploads\/2023\/10\/Cartas-Recursos-Humanos-300x123.png 300w, https:\/\/www.bizneo.com\/blog\/wp-content\/uploads\/2023\/10\/Cartas-Recursos-Humanos-768x315.png 768w\" sizes=\"(max-width: 810px) 100vw, 810px\" \/><\/a><\/figure>\n\n\n\n<p><\/p>\n\n\n\n<h2 class=\"wp-block-heading\">10 preguntas para comprobar las referencias laborales<\/h2>\n\n\n\n<blockquote class=\"wp-block-quote is-layout-flow wp-block-quote-is-layout-flow\">\u00bfConoce al candidato?&nbsp;<\/p><\/blockquote>\n\n\n\n<p>Esta pregunta delatar\u00e1 la relaci\u00f3n que une a ambos y nos confirmar\u00e1 si ambos han trabajado juntos en alg\u00fan momento.\n\n\n\n<blockquote class=\"wp-block-quote is-layout-flow wp-block-quote-is-layout-flow\">\u00bfEra su superior, su subordinado o su compa\u00f1ero?&nbsp;<\/p><\/blockquote>\n\n\n\n<p>Con esta cuesti\u00f3n descubriremos la relaci\u00f3n jer\u00e1rquica entre ambos, que puede condicionar la imparcialidad de la referencia laboral.\n\n\n\n<blockquote class=\"wp-block-quote is-layout-flow wp-block-quote-is-layout-flow\">\u00bfDurante cu\u00e1nto tiempo trabajaron juntos?&nbsp;<\/p><\/blockquote>\n\n\n\n<p>De nuevo, la duraci\u00f3n de la relaci\u00f3n laboral dar\u00e1 m\u00e1s o menos veracidad a la informaci\u00f3n recogida por el reclutador.\n\n\n\n<blockquote class=\"wp-block-quote is-layout-flow wp-block-quote-is-layout-flow\">Mientras trabajaban juntos, \u00bfcu\u00e1l fue el mayor logro del candidato?&nbsp;<\/p><\/blockquote>\n\n\n\n<p>Aqu\u00ed buscamos saber m\u00e1s sobre la ambici\u00f3n y los logros del candidato pues, algunos sujetos pueden exagerar durante las entrevistas o, por introversi\u00f3n, omitir datos importantes.\n\n\n\n<blockquote class=\"wp-block-quote is-layout-flow wp-block-quote-is-layout-flow\">\u00bfRecibi\u00f3 el candidato alg\u00fan ascenso?&nbsp;<\/p><\/blockquote>\n\n\n\n<p>En caso afirmativo, reforzaremos la candidatura y, en caso negativo, debemos intentar comprender el por qu\u00e9 antes de descartarlo.\n\n\n\n<blockquote class=\"wp-block-quote is-layout-flow wp-block-quote-is-layout-flow\">\u00bfQu\u00e9 cree que le hace falta al sujeto para continuar con una carrera profesional exitosa?&nbsp;<\/p><\/blockquote>\n\n\n\n<p>La respuesta a esta pregunta es una informaci\u00f3n muy valiosa que puede llegar a determinar la val\u00eda del candidato para el puesto.\n\n\n\n<blockquote class=\"wp-block-quote is-layout-flow wp-block-quote-is-layout-flow\">\u00bfCu\u00e1les son las mayores fortalezas del candidato?&nbsp;<\/p><\/blockquote>\n\n\n\n<p>Esto se trata de buscar que el referenciador nos dibuje un perfil esquem\u00e1tico del sujeto.\n\n\n\n<blockquote class=\"wp-block-quote is-layout-flow wp-block-quote-is-layout-flow\">\u00bfCu\u00e1l fue la causa por la que el trabajador abandon\u00f3 su puesto?<\/p><\/blockquote>\n\n\n\n<p>&nbsp;Con esto buscamos saber si se trat\u00f3 de un despido o si, por el contrario, el trabajador se march\u00f3 por su propia voluntad.\n\n\n\n<blockquote class=\"wp-block-quote is-layout-flow wp-block-quote-is-layout-flow\">Si fuera usted reclutador, \u00bfapostar\u00eda por contratar a este candidato? En caso afirmativo, \u00bfpara qu\u00e9 puesto?&nbsp;<\/p><\/blockquote>\n\n\n\n<p>Con esto, buscamos una respuesta concisa y sincera que nos confirme la val\u00eda del candidato.\n\n\n\n<blockquote class=\"wp-block-quote is-layout-flow wp-block-quote-is-layout-flow\">\u00bfPodr\u00eda recomendarme a otra persona que pueda aportar referencias sobre el candidato? <\/p><\/blockquote>\n\n\n\n<p>Con esta pregunta, el reclutador puede conseguir otras fuentes de informaci\u00f3n para confirmar las aptitudes del sujeto.&nbsp;\n\n\n\n<p><\/p>\n\n\n\r\n<bzn-link><a href=\"https:\/\/hello.bizneo.com\/el-triunfo-de-las-habilidades\/?utm_content=post-destacado\" id=\"destacado-wc-video\" target=\"_blank\" rel=\"noopener noreferrer\" data-wpel-link=\"internal\"><span class=\"bzn-link-title\">VIDEO RECOMENDADO: DESCUBRE C\u00d3MO EVALUAR LAS SOFT SKILLS<\/span>Conoce las t\u00e9cnicas m\u00e1s efectivas para evaluarlas durante tus entrevistas<\/a><\/bzn-link>\r\n\n\n\n<p><\/p>\n\n\n\n<h2 class=\"wp-block-heading\">C\u00f3mo interpretar y comprobar las referencias laborales<\/h2>\n\n\n\n<p>Para valorar correctamente las referencias laborales debemos cotejar su veracidad y sobre todo la relevancia que pueda tener la informaci\u00f3n obtenida para el puesto que ofertamos en este momento concreto. Para conseguirlo podemos:<\/p>\n\n\n\n<ul class=\"wp-block-list\">\n<li>Cotejar que la persona que referencia se encuentra en la red de contactos del candidato.<\/li>\n\n\n\n<li>Que la informaci\u00f3n coincide en redes y en el curr\u00edculum<\/li>\n\n\n\n<li>Que se trata de una persona real que efectivamente fue superior del candidato.<\/li>\n\n\n\n<li>Realizar preguntas t\u00e9cnicas sobre programas utilizados por ejemplo.<\/li>\n\n\n\n<li>Intentar conseguir referencias sobre habilidades personales y sociales del empleado es importante para <a href=\"\/blog\/atraer-talento\/\" target=\"_blank\" rel=\"noreferrer noopener\" data-wpel-link=\"internal\">reclutar talento<\/a> que permanezca en la empresa largo plazo y que, adem\u00e1s, tenga la capacidad de interiorizar y hacer suya la filosof\u00eda de la empresa.<\/li>\n<\/ul>\n\n\n\n<p>La referencia laboral no debe ser nunca la \u00fanica raz\u00f3n por la que se descarta a un candidato. Se deben entender como una oportunidad para conocerlo en profundidad gracias a otra persona que lo ha conocido de primera mano y que puede <strong>contarnos su propia experiencia<\/strong>.&nbsp;<br><\/p>\n\n\n\n<figure class=\"wp-block-image size-full\"><a href=\"https:\/\/hello.bizneo.com\/demo\/ats\/?utm_content=post-banner-grande\" data-wpel-link=\"internal\" target=\"_blank\"><img decoding=\"async\" width=\"1360\" height=\"408\" src=\"https:\/\/www.bizneo.com\/blog\/wp-content\/uploads\/2024\/02\/Banner-grande-software-reclutamiento-seleccion.jpg\" alt=\"Software de Reclutamiento y Selecci\u00f3n\" class=\"wp-image-44850\" srcset=\"https:\/\/www.bizneo.com\/blog\/wp-content\/uploads\/2024\/02\/Banner-grande-software-reclutamiento-seleccion.jpg 1360w, https:\/\/www.bizneo.com\/blog\/wp-content\/uploads\/2024\/02\/Banner-grande-software-reclutamiento-seleccion-300x90.jpg 300w, https:\/\/www.bizneo.com\/blog\/wp-content\/uploads\/2024\/02\/Banner-grande-software-reclutamiento-seleccion-1024x307.jpg 1024w, https:\/\/www.bizneo.com\/blog\/wp-content\/uploads\/2024\/02\/Banner-grande-software-reclutamiento-seleccion-768x230.jpg 768w, https:\/\/www.bizneo.com\/blog\/wp-content\/uploads\/2024\/02\/Banner-grande-software-reclutamiento-seleccion-810x243.jpg 810w, https:\/\/www.bizneo.com\/blog\/wp-content\/uploads\/2024\/02\/Banner-grande-software-reclutamiento-seleccion-1140x342.jpg 1140w\" sizes=\"(max-width: 1360px) 100vw, 1360px\" \/><\/a><\/figure>\n","protected":false},"excerpt":{"rendered":"<p> La referencia laboral es una fuente de informaci\u00f3n muy importante para el reclutador durante el proceso de selecci\u00f3n. Aprender a comprobarlas y descubrir sus puntos clave puede ayudar al reclutador a tomar la decisi\u00f3n correcta. <\/p>\n","protected":false},"author":10,"featured_media":7861,"comment_status":"open","ping_status":"open","sticky":false,"template":"","format":"standard","meta":{"_uag_custom_page_level_css":"","site-sidebar-layout":"default","site-content-layout":"","ast-site-content-layout":"default","site-content-style":"default","site-sidebar-style":"default","ast-global-header-display":"","ast-banner-title-visibility":"","ast-main-header-display":"","ast-hfb-above-header-display":"","ast-hfb-below-header-display":"","ast-hfb-mobile-header-display":"","site-post-title":"","ast-breadcrumbs-content":"","ast-featured-img":"","footer-sml-layout":"","ast-disable-related-posts":"","theme-transparent-header-meta":"","adv-header-id-meta":"","stick-header-meta":"","header-above-stick-meta":"","header-main-stick-meta":"","header-below-stick-meta":"","astra-migrate-meta-layouts":"default","ast-page-background-enabled":"default","ast-page-background-meta":{"desktop":{"background-color":"var(--ast-global-color-5)","background-image":"","background-repeat":"repeat","background-position":"center center","background-size":"auto","background-attachment":"scroll","background-type":"","background-media":"","overlay-type":"","overlay-color":"","overlay-opacity":"","overlay-gradient":""},"tablet":{"background-color":"","background-image":"","background-repeat":"repeat","background-position":"center center","background-size":"auto","background-attachment":"scroll","background-type":"","background-media":"","overlay-type":"","overlay-color":"","overlay-opacity":"","overlay-gradient":""},"mobile":{"background-color":"","background-image":"","background-repeat":"repeat","background-position":"center center","background-size":"auto","background-attachment":"scroll","background-type":"","background-media":"","overlay-type":"","overlay-color":"","overlay-opacity":"","overlay-gradient":""}},"ast-content-background-meta":{"desktop":{"background-color":"var(--ast-global-color-4)","background-image":"","background-repeat":"repeat","background-position":"center center","background-size":"auto","background-attachment":"scroll","background-type":"","background-media":"","overlay-type":"","overlay-color":"","overlay-opacity":"","overlay-gradient":""},"tablet":{"background-color":"var(--ast-global-color-4)","background-image":"","background-repeat":"repeat","background-position":"center center","background-size":"auto","background-attachment":"scroll","background-type":"","background-media":"","overlay-type":"","overlay-color":"","overlay-opacity":"","overlay-gradient":""},"mobile":{"background-color":"var(--ast-global-color-4)","background-image":"","background-repeat":"repeat","background-position":"center center","background-size":"auto","background-attachment":"scroll","background-type":"","background-media":"","overlay-type":"","overlay-color":"","overlay-opacity":"","overlay-gradient":""}},"footnotes":""},"categories":[88],"tags":[11],"class_list":["post-7912","post","type-post","status-publish","format-standard","has-post-thumbnail","hentry","category-reclutamiento-y-seleccion","tag-seleccion"],"yoast_head":"<!-- This site is optimized with the Yoast SEO plugin v27.5 - https:\/\/yoast.com\/product\/yoast-seo-wordpress\/ -->\n<title>C\u00f3mo comprobar una referencia laboral | 10 preguntas clave<\/title>\n<meta name=\"description\" content=\"Para comprobar una referencia laboral podemos revisar la red de contactos del candidato, comprobar que el referenciador ocup\u00f3 el puesto que se indica, etc.\" \/>\n<meta name=\"robots\" content=\"index, follow, max-snippet:-1, max-image-preview:large, max-video-preview:-1\" \/>\n<meta property=\"og:locale\" content=\"es_ES\" \/>\n<meta property=\"og:type\" content=\"article\" \/>\n<meta property=\"og:title\" content=\"C\u00f3mo comprobar una referencia laboral | 10 preguntas clave\" \/>\n<meta property=\"og:description\" content=\"Para comprobar una referencia laboral podemos revisar la red de contactos del candidato, comprobar que el referenciador ocup\u00f3 el puesto que se indica, etc.\" \/>\n<meta property=\"og:url\" content=\"https:\/\/www.bizneo.com\/blog\/referencia-laboral\/\" \/>\n<meta property=\"og:site_name\" content=\"Blog de Recursos Humanos de Bizneo HR: pr\u00e1ctico y actual\" \/>\n<meta property=\"article:published_time\" content=\"2020-01-24T13:19:44+00:00\" \/>\n<meta property=\"article:modified_time\" content=\"2026-02-01T19:00:14+00:00\" \/>\n<meta property=\"og:image\" content=\"https:\/\/www.bizneo.com\/blog\/wp-content\/uploads\/2020\/01\/pedir-referencias-laborales.jpg\" \/>\n\t<meta property=\"og:image:width\" content=\"1140\" \/>\n\t<meta property=\"og:image:height\" content=\"640\" \/>\n\t<meta property=\"og:image:type\" content=\"image\/jpeg\" \/>\n<meta name=\"author\" content=\"\u00c1lvaro Andr\u00e9s\" \/>\n<meta name=\"twitter:card\" content=\"summary_large_image\" \/>\n<meta name=\"twitter:label1\" content=\"Escrito por\" \/>\n\t<meta name=\"twitter:data1\" content=\"\u00c1lvaro Andr\u00e9s\" \/>\n\t<meta name=\"twitter:label2\" content=\"Tiempo de lectura\" \/>\n\t<meta name=\"twitter:data2\" content=\"84 minutos\" \/>\n<script type=\"application\/ld+json\" class=\"yoast-schema-graph\">{\"@context\":\"https:\\\/\\\/schema.org\",\"@graph\":[{\"@type\":[\"Article\",\"BlogPosting\"],\"@id\":\"https:\\\/\\\/www.bizneo.com\\\/blog\\\/referencia-laboral\\\/#article\",\"isPartOf\":{\"@id\":\"https:\\\/\\\/www.bizneo.com\\\/blog\\\/referencia-laboral\\\/\"},\"author\":{\"name\":\"\u00c1lvaro Andr\u00e9s\",\"@id\":\"https:\\\/\\\/www.bizneo.com\\\/blog\\\/#\\\/schema\\\/person\\\/f932a31bafbfb0726b3071df66e72848\"},\"headline\":\"C\u00f3mo comprobar una referencia laboral\",\"datePublished\":\"2020-01-24T13:19:44+00:00\",\"dateModified\":\"2026-02-01T19:00:14+00:00\",\"mainEntityOfPage\":{\"@id\":\"https:\\\/\\\/www.bizneo.com\\\/blog\\\/referencia-laboral\\\/\"},\"wordCount\":1849,\"commentCount\":0,\"publisher\":{\"@id\":\"https:\\\/\\\/www.bizneo.com\\\/blog\\\/#organization\"},\"image\":{\"@id\":\"https:\\\/\\\/www.bizneo.com\\\/blog\\\/referencia-laboral\\\/#primaryimage\"},\"thumbnailUrl\":\"https:\\\/\\\/www.bizneo.com\\\/blog\\\/wp-content\\\/uploads\\\/2020\\\/01\\\/pedir-referencias-laborales.jpg\",\"keywords\":[\"Selecci\u00f3n\"],\"articleSection\":[\"Reclutamiento y Selecci\u00f3n\"],\"inLanguage\":\"es\",\"potentialAction\":[{\"@type\":\"CommentAction\",\"name\":\"Comment\",\"target\":[\"https:\\\/\\\/www.bizneo.com\\\/blog\\\/referencia-laboral\\\/#respond\"]}]},{\"@type\":\"WebPage\",\"@id\":\"https:\\\/\\\/www.bizneo.com\\\/blog\\\/referencia-laboral\\\/\",\"url\":\"https:\\\/\\\/www.bizneo.com\\\/blog\\\/referencia-laboral\\\/\",\"name\":\"C\u00f3mo comprobar una referencia laboral | 10 preguntas clave\",\"isPartOf\":{\"@id\":\"https:\\\/\\\/www.bizneo.com\\\/blog\\\/#website\"},\"primaryImageOfPage\":{\"@id\":\"https:\\\/\\\/www.bizneo.com\\\/blog\\\/referencia-laboral\\\/#primaryimage\"},\"image\":{\"@id\":\"https:\\\/\\\/www.bizneo.com\\\/blog\\\/referencia-laboral\\\/#primaryimage\"},\"thumbnailUrl\":\"https:\\\/\\\/www.bizneo.com\\\/blog\\\/wp-content\\\/uploads\\\/2020\\\/01\\\/pedir-referencias-laborales.jpg\",\"datePublished\":\"2020-01-24T13:19:44+00:00\",\"dateModified\":\"2026-02-01T19:00:14+00:00\",\"description\":\"Para comprobar una referencia laboral podemos revisar la red de contactos del candidato, comprobar que el referenciador ocup\u00f3 el puesto que se indica, etc.\",\"breadcrumb\":{\"@id\":\"https:\\\/\\\/www.bizneo.com\\\/blog\\\/referencia-laboral\\\/#breadcrumb\"},\"inLanguage\":\"es\",\"potentialAction\":[{\"@type\":\"ReadAction\",\"target\":[\"https:\\\/\\\/www.bizneo.com\\\/blog\\\/referencia-laboral\\\/\"]}]},{\"@type\":\"ImageObject\",\"inLanguage\":\"es\",\"@id\":\"https:\\\/\\\/www.bizneo.com\\\/blog\\\/referencia-laboral\\\/#primaryimage\",\"url\":\"https:\\\/\\\/www.bizneo.com\\\/blog\\\/wp-content\\\/uploads\\\/2020\\\/01\\\/pedir-referencias-laborales.jpg\",\"contentUrl\":\"https:\\\/\\\/www.bizneo.com\\\/blog\\\/wp-content\\\/uploads\\\/2020\\\/01\\\/pedir-referencias-laborales.jpg\",\"width\":1140,\"height\":640,\"caption\":\"referencias laborales\"},{\"@type\":\"BreadcrumbList\",\"@id\":\"https:\\\/\\\/www.bizneo.com\\\/blog\\\/referencia-laboral\\\/#breadcrumb\",\"itemListElement\":[{\"@type\":\"ListItem\",\"position\":1,\"name\":\"Portada\",\"item\":\"https:\\\/\\\/www.bizneo.com\\\/blog\\\/\"},{\"@type\":\"ListItem\",\"position\":2,\"name\":\"Reclutamiento y Selecci\u00f3n\",\"item\":\"https:\\\/\\\/www.bizneo.com\\\/blog\\\/category\\\/reclutamiento-y-seleccion\\\/\"},{\"@type\":\"ListItem\",\"position\":3,\"name\":\"C\u00f3mo comprobar una referencia laboral\"}]},{\"@type\":\"WebSite\",\"@id\":\"https:\\\/\\\/www.bizneo.com\\\/blog\\\/#website\",\"url\":\"https:\\\/\\\/www.bizneo.com\\\/blog\\\/\",\"name\":\"Blog de Recursos Humanos de Bizneo HR: pr\u00e1ctico y actual\",\"description\":\"Todo sobre actualidad, herramientas y tecnolog\u00eda  para optimizar la gesti\u00f3n del talento humano\",\"publisher\":{\"@id\":\"https:\\\/\\\/www.bizneo.com\\\/blog\\\/#organization\"},\"potentialAction\":[{\"@type\":\"SearchAction\",\"target\":{\"@type\":\"EntryPoint\",\"urlTemplate\":\"https:\\\/\\\/www.bizneo.com\\\/blog\\\/?s={search_term_string}\"},\"query-input\":{\"@type\":\"PropertyValueSpecification\",\"valueRequired\":true,\"valueName\":\"search_term_string\"}}],\"inLanguage\":\"es\"},{\"@type\":\"Organization\",\"@id\":\"https:\\\/\\\/www.bizneo.com\\\/blog\\\/#organization\",\"name\":\"Bizneo HR\",\"url\":\"https:\\\/\\\/www.bizneo.com\\\/blog\\\/\",\"logo\":{\"@type\":\"ImageObject\",\"inLanguage\":\"es\",\"@id\":\"https:\\\/\\\/www.bizneo.com\\\/blog\\\/#\\\/schema\\\/logo\\\/image\\\/\",\"url\":\"https:\\\/\\\/www.bizneo.com\\\/blog\\\/wp-content\\\/uploads\\\/2020\\\/09\\\/Icono-Logo-Bizneo-HR.png\",\"contentUrl\":\"https:\\\/\\\/www.bizneo.com\\\/blog\\\/wp-content\\\/uploads\\\/2020\\\/09\\\/Icono-Logo-Bizneo-HR.png\",\"width\":834,\"height\":834,\"caption\":\"Bizneo HR\"},\"image\":{\"@id\":\"https:\\\/\\\/www.bizneo.com\\\/blog\\\/#\\\/schema\\\/logo\\\/image\\\/\"}},{\"@type\":\"Person\",\"@id\":\"https:\\\/\\\/www.bizneo.com\\\/blog\\\/#\\\/schema\\\/person\\\/f932a31bafbfb0726b3071df66e72848\",\"name\":\"\u00c1lvaro Andr\u00e9s\",\"image\":{\"@type\":\"ImageObject\",\"inLanguage\":\"es\",\"@id\":\"https:\\\/\\\/secure.gravatar.com\\\/avatar\\\/c6b277afc20d169a72d7f266c0f4e889c65d2c4ec098d46bc9fba0266f1cde35?s=96&d=mm&r=g\",\"url\":\"https:\\\/\\\/secure.gravatar.com\\\/avatar\\\/c6b277afc20d169a72d7f266c0f4e889c65d2c4ec098d46bc9fba0266f1cde35?s=96&d=mm&r=g\",\"contentUrl\":\"https:\\\/\\\/secure.gravatar.com\\\/avatar\\\/c6b277afc20d169a72d7f266c0f4e889c65d2c4ec098d46bc9fba0266f1cde35?s=96&d=mm&r=g\",\"caption\":\"\u00c1lvaro Andr\u00e9s\"},\"url\":\"https:\\\/\\\/www.bizneo.com\\\/blog\\\/author\\\/alvaroa\\\/\"}]}<\/script>\n<!-- \/ Yoast SEO plugin. -->","yoast_head_json":{"title":"C\u00f3mo comprobar una referencia laboral | 10 preguntas clave","description":"Para comprobar una referencia laboral podemos revisar la red de contactos del candidato, comprobar que el referenciador ocup\u00f3 el puesto que se indica, etc.","robots":{"index":"index","follow":"follow","max-snippet":"max-snippet:-1","max-image-preview":"max-image-preview:large","max-video-preview":"max-video-preview:-1"},"og_locale":"es_ES","og_type":"article","og_title":"C\u00f3mo comprobar una referencia laboral | 10 preguntas clave","og_description":"Para comprobar una referencia laboral podemos revisar la red de contactos del candidato, comprobar que el referenciador ocup\u00f3 el puesto que se indica, etc.","og_url":"https:\/\/www.bizneo.com\/blog\/referencia-laboral\/","og_site_name":"Blog de Recursos Humanos de Bizneo HR: pr\u00e1ctico y actual","article_published_time":"2020-01-24T13:19:44+00:00","article_modified_time":"2026-02-01T19:00:14+00:00","og_image":[{"width":1140,"height":640,"url":"https:\/\/www.bizneo.com\/blog\/wp-content\/uploads\/2020\/01\/pedir-referencias-laborales.jpg","type":"image\/jpeg"}],"author":"\u00c1lvaro Andr\u00e9s","twitter_card":"summary_large_image","twitter_misc":{"Escrito por":"\u00c1lvaro Andr\u00e9s","Tiempo de lectura":"84 minutos"},"schema":{"@context":"https:\/\/schema.org","@graph":[{"@type":["Article","BlogPosting"],"@id":"https:\/\/www.bizneo.com\/blog\/referencia-laboral\/#article","isPartOf":{"@id":"https:\/\/www.bizneo.com\/blog\/referencia-laboral\/"},"author":{"name":"\u00c1lvaro Andr\u00e9s","@id":"https:\/\/www.bizneo.com\/blog\/#\/schema\/person\/f932a31bafbfb0726b3071df66e72848"},"headline":"C\u00f3mo comprobar una referencia laboral","datePublished":"2020-01-24T13:19:44+00:00","dateModified":"2026-02-01T19:00:14+00:00","mainEntityOfPage":{"@id":"https:\/\/www.bizneo.com\/blog\/referencia-laboral\/"},"wordCount":1849,"commentCount":0,"publisher":{"@id":"https:\/\/www.bizneo.com\/blog\/#organization"},"image":{"@id":"https:\/\/www.bizneo.com\/blog\/referencia-laboral\/#primaryimage"},"thumbnailUrl":"https:\/\/www.bizneo.com\/blog\/wp-content\/uploads\/2020\/01\/pedir-referencias-laborales.jpg","keywords":["Selecci\u00f3n"],"articleSection":["Reclutamiento y Selecci\u00f3n"],"inLanguage":"es","potentialAction":[{"@type":"CommentAction","name":"Comment","target":["https:\/\/www.bizneo.com\/blog\/referencia-laboral\/#respond"]}]},{"@type":"WebPage","@id":"https:\/\/www.bizneo.com\/blog\/referencia-laboral\/","url":"https:\/\/www.bizneo.com\/blog\/referencia-laboral\/","name":"C\u00f3mo comprobar una referencia laboral | 10 preguntas clave","isPartOf":{"@id":"https:\/\/www.bizneo.com\/blog\/#website"},"primaryImageOfPage":{"@id":"https:\/\/www.bizneo.com\/blog\/referencia-laboral\/#primaryimage"},"image":{"@id":"https:\/\/www.bizneo.com\/blog\/referencia-laboral\/#primaryimage"},"thumbnailUrl":"https:\/\/www.bizneo.com\/blog\/wp-content\/uploads\/2020\/01\/pedir-referencias-laborales.jpg","datePublished":"2020-01-24T13:19:44+00:00","dateModified":"2026-02-01T19:00:14+00:00","description":"Para comprobar una referencia laboral podemos revisar la red de contactos del candidato, comprobar que el referenciador ocup\u00f3 el puesto que se indica, etc.","breadcrumb":{"@id":"https:\/\/www.bizneo.com\/blog\/referencia-laboral\/#breadcrumb"},"inLanguage":"es","potentialAction":[{"@type":"ReadAction","target":["https:\/\/www.bizneo.com\/blog\/referencia-laboral\/"]}]},{"@type":"ImageObject","inLanguage":"es","@id":"https:\/\/www.bizneo.com\/blog\/referencia-laboral\/#primaryimage","url":"https:\/\/www.bizneo.com\/blog\/wp-content\/uploads\/2020\/01\/pedir-referencias-laborales.jpg","contentUrl":"https:\/\/www.bizneo.com\/blog\/wp-content\/uploads\/2020\/01\/pedir-referencias-laborales.jpg","width":1140,"height":640,"caption":"referencias laborales"},{"@type":"BreadcrumbList","@id":"https:\/\/www.bizneo.com\/blog\/referencia-laboral\/#breadcrumb","itemListElement":[{"@type":"ListItem","position":1,"name":"Portada","item":"https:\/\/www.bizneo.com\/blog\/"},{"@type":"ListItem","position":2,"name":"Reclutamiento y Selecci\u00f3n","item":"https:\/\/www.bizneo.com\/blog\/category\/reclutamiento-y-seleccion\/"},{"@type":"ListItem","position":3,"name":"C\u00f3mo comprobar una referencia laboral"}]},{"@type":"WebSite","@id":"https:\/\/www.bizneo.com\/blog\/#website","url":"https:\/\/www.bizneo.com\/blog\/","name":"Blog de Recursos Humanos de Bizneo HR: pr\u00e1ctico y actual","description":"Todo sobre actualidad, herramientas y tecnolog\u00eda  para optimizar la gesti\u00f3n del talento humano","publisher":{"@id":"https:\/\/www.bizneo.com\/blog\/#organization"},"potentialAction":[{"@type":"SearchAction","target":{"@type":"EntryPoint","urlTemplate":"https:\/\/www.bizneo.com\/blog\/?s={search_term_string}"},"query-input":{"@type":"PropertyValueSpecification","valueRequired":true,"valueName":"search_term_string"}}],"inLanguage":"es"},{"@type":"Organization","@id":"https:\/\/www.bizneo.com\/blog\/#organization","name":"Bizneo HR","url":"https:\/\/www.bizneo.com\/blog\/","logo":{"@type":"ImageObject","inLanguage":"es","@id":"https:\/\/www.bizneo.com\/blog\/#\/schema\/logo\/image\/","url":"https:\/\/www.bizneo.com\/blog\/wp-content\/uploads\/2020\/09\/Icono-Logo-Bizneo-HR.png","contentUrl":"https:\/\/www.bizneo.com\/blog\/wp-content\/uploads\/2020\/09\/Icono-Logo-Bizneo-HR.png","width":834,"height":834,"caption":"Bizneo HR"},"image":{"@id":"https:\/\/www.bizneo.com\/blog\/#\/schema\/logo\/image\/"}},{"@type":"Person","@id":"https:\/\/www.bizneo.com\/blog\/#\/schema\/person\/f932a31bafbfb0726b3071df66e72848","name":"\u00c1lvaro Andr\u00e9s","image":{"@type":"ImageObject","inLanguage":"es","@id":"https:\/\/secure.gravatar.com\/avatar\/c6b277afc20d169a72d7f266c0f4e889c65d2c4ec098d46bc9fba0266f1cde35?s=96&d=mm&r=g","url":"https:\/\/secure.gravatar.com\/avatar\/c6b277afc20d169a72d7f266c0f4e889c65d2c4ec098d46bc9fba0266f1cde35?s=96&d=mm&r=g","contentUrl":"https:\/\/secure.gravatar.com\/avatar\/c6b277afc20d169a72d7f266c0f4e889c65d2c4ec098d46bc9fba0266f1cde35?s=96&d=mm&r=g","caption":"\u00c1lvaro Andr\u00e9s"},"url":"https:\/\/www.bizneo.com\/blog\/author\/alvaroa\/"}]}},"spectra_custom_meta":{"_is_githuber_markdown":["1"],"_edit_lock":["1769972429:47"],"_edit_last":["47"],"_is_githuber_mermaid":[""],"_is_githuber_katex":[""],"_yoast_wpseo_content_score":["60"],"_yoast_wpseo_primary_category":["88"],"_vce_meta":["a:4:{s:11:\"use_sidebar\";s:7:\"inherit\";s:7:\"sidebar\";s:7:\"inherit\";s:14:\"sticky_sidebar\";s:7:\"inherit\";s:6:\"layout\";s:7:\"inherit\";}"],"_is_githuber_markdown_enabled":["no"],"_yoast_wpseo_focuskw":["referencia laboral"],"_yoast_wpseo_title":["C\u00f3mo comprobar una referencia laboral | 10 preguntas clave"],"_yoast_wpseo_metadesc":["Para comprobar una referencia laboral podemos revisar la red de contactos del candidato, comprobar que el referenciador ocup\u00f3 el puesto que se indica, etc."],"_yoast_wpseo_linkdex":["84"],"_thumbnail_id":["7861"],"onesignal_meta_box_present":["1"],"onesignal_send_notification":[""],"_githuber_prismjs":[""],"_githuber_highlightjs":[""],"_is_githuber_sequence":[""],"_is_githuber_flow_chart":[""],"_is_githuber_mathjax":[""],"onesignal_modify_title_and_content":[""],"onesignal_notification_custom_heading":[null],"onesignal_notification_custom_content":[null],"_yoast_wpseo_estimated-reading-time-minutes":["84"],"Views":["91607"],"wp_review_type":["none"],"_at_widget":["1"],"wp_review_positive_count":["0"],"wp_review_negative_count":["0"],"_yoast_wpseo_wordproof_timestamp":[""],"wp_review_user_reviews":["0"],"wp_review_review_count":["0"],"_uag_css_file_name":["uag-css-7912.css"],"_uag_page_assets":["a:9:{s:3:\"css\";s:263:\".uag-blocks-common-selector{z-index:var(--z-index-desktop) !important}@media (max-width: 976px){.uag-blocks-common-selector{z-index:var(--z-index-tablet) !important}}@media (max-width: 767px){.uag-blocks-common-selector{z-index:var(--z-index-mobile) !important}}\n\";s:2:\"js\";s:0:\"\";s:18:\"current_block_list\";a:9:{i:0;s:14:\"core\/paragraph\";i:1;s:12:\"core\/heading\";i:2;s:10:\"core\/image\";i:3;s:9:\"core\/html\";i:4;s:9:\"core\/list\";i:5;s:14:\"core\/list-item\";i:6;s:10:\"core\/quote\";i:7;s:12:\"core\/details\";i:8;s:14:\"core\/shortcode\";}s:8:\"uag_flag\";b:0;s:11:\"uag_version\";s:10:\"1777484736\";s:6:\"gfonts\";a:0:{}s:10:\"gfonts_url\";s:0:\"\";s:12:\"gfonts_files\";a:0:{}s:14:\"uag_faq_layout\";b:0;}"]},"uagb_featured_image_src":{"full":["https:\/\/www.bizneo.com\/blog\/wp-content\/uploads\/2020\/01\/pedir-referencias-laborales.jpg",1140,640,false],"thumbnail":["https:\/\/www.bizneo.com\/blog\/wp-content\/uploads\/2020\/01\/pedir-referencias-laborales-150x150.jpg",150,150,true],"medium":["https:\/\/www.bizneo.com\/blog\/wp-content\/uploads\/2020\/01\/pedir-referencias-laborales-300x168.jpg",300,168,true],"medium_large":["https:\/\/www.bizneo.com\/blog\/wp-content\/uploads\/2020\/01\/pedir-referencias-laborales-768x431.jpg",768,431,true],"large":["https:\/\/www.bizneo.com\/blog\/wp-content\/uploads\/2020\/01\/pedir-referencias-laborales-1024x575.jpg",1024,575,true],"1536x1536":["https:\/\/www.bizneo.com\/blog\/wp-content\/uploads\/2020\/01\/pedir-referencias-laborales.jpg",1140,640,false],"2048x2048":["https:\/\/www.bizneo.com\/blog\/wp-content\/uploads\/2020\/01\/pedir-referencias-laborales.jpg",1140,640,false]},"uagb_author_info":{"display_name":"\u00c1lvaro Andr\u00e9s","author_link":"https:\/\/www.bizneo.com\/blog\/author\/alvaroa\/"},"uagb_comment_info":0,"uagb_excerpt":"La referencia laboral es una fuente de informaci\u00f3n muy importante para el reclutador durante el proceso de selecci\u00f3n. Aprender a comprobarlas y descubrir sus puntos clave puede ayudar al reclutador a tomar la decisi\u00f3n correcta.","_links":{"self":[{"href":"https:\/\/www.bizneo.com\/blog\/wp-json\/wp\/v2\/posts\/7912","targetHints":{"allow":["GET"]}}],"collection":[{"href":"https:\/\/www.bizneo.com\/blog\/wp-json\/wp\/v2\/posts"}],"about":[{"href":"https:\/\/www.bizneo.com\/blog\/wp-json\/wp\/v2\/types\/post"}],"author":[{"embeddable":true,"href":"https:\/\/www.bizneo.com\/blog\/wp-json\/wp\/v2\/users\/10"}],"replies":[{"embeddable":true,"href":"https:\/\/www.bizneo.com\/blog\/wp-json\/wp\/v2\/comments?post=7912"}],"version-history":[{"count":27,"href":"https:\/\/www.bizneo.com\/blog\/wp-json\/wp\/v2\/posts\/7912\/revisions"}],"predecessor-version":[{"id":59650,"href":"https:\/\/www.bizneo.com\/blog\/wp-json\/wp\/v2\/posts\/7912\/revisions\/59650"}],"wp:featuredmedia":[{"embeddable":true,"href":"https:\/\/www.bizneo.com\/blog\/wp-json\/wp\/v2\/media\/7861"}],"wp:attachment":[{"href":"https:\/\/www.bizneo.com\/blog\/wp-json\/wp\/v2\/media?parent=7912"}],"wp:term":[{"taxonomy":"category","embeddable":true,"href":"https:\/\/www.bizneo.com\/blog\/wp-json\/wp\/v2\/categories?post=7912"},{"taxonomy":"post_tag","embeddable":true,"href":"https:\/\/www.bizneo.com\/blog\/wp-json\/wp\/v2\/tags?post=7912"}],"curies":[{"name":"wp","href":"https:\/\/api.w.org\/{rel}","templated":true}]}}