{"id":7338,"date":"2019-12-24T14:55:29","date_gmt":"2019-12-24T13:55:29","guid":{"rendered":"https:\/\/www.bizneo.com\/blog\/?p=7338"},"modified":"2026-02-01T20:07:14","modified_gmt":"2026-02-01T19:07:14","slug":"tipos-de-baja-laboral-y-como-gestionarlas","status":"publish","type":"post","link":"https:\/\/www.bizneo.com\/blog\/tipos-de-baja-laboral-y-como-gestionarlas\/","title":{"rendered":"Tipos de baja laboral y c\u00f3mo gestionarlas"},"content":{"rendered":"\n<p>Las bajas laborales alteran el funcionamiento normal de la din\u00e1mica de trabajo. Aunque en la mayor\u00eda de los casos no pueden prevenirse, s\u00ed conviene saber c\u00f3mo gestionar adecuadamente los distintos <strong>tipos de baja laboral<\/strong> que existen, as\u00ed como su regulaci\u00f3n legal. Hoy recabamos algunas de las m\u00e1s frecuentes.<\/p>\n\n\n\n<h2 class=\"wp-block-heading\">\u00bfQu\u00e9 es una baja laboral o Incapacidad Temporal?<\/h2>\n\n\n\n<p>Una <strong>baja laboral o incapacidad temporal (IT)<\/strong> se produce cuando un empleado no puede realizar sus actividades laborales por razones de salud. Esto deriva en su ausencia temporal a su <a href=\"\/blog\/analisis-de-puestos-de-trabajo\/\" target=\"_blank\" rel=\"noreferrer noopener\" aria-label=\" (se abre en una nueva pesta\u00f1a)\" data-wpel-link=\"internal\">puesto de trabajo<\/a>.<\/p>\n\n\n\n<p><strong>Estas razones pueden ser f\u00edsicas o mentales<\/strong>, dependiendo del tipo de enfermedad o si se trata de lesiones productos de accidentes durante la jornada de trabajo o fuera de ella. En estos casos, el empleado pide la baja laboral y recibe de la empresa un subsidio.<\/p>\n\n\n\n<p>Este subsidio se mantiene durante el tiempo que el empleado necesite para recuperarse, lapso durante el cual <strong>cesan sus obligaciones laborales<\/strong> aunque siga cotizando. Es importante tener en cuenta que, en Espa\u00f1a, las contingencias comunes no son lo mismo que las laborales al momento de solicitar la baja laboral.<\/p>\n\n\n\n<p>Cada vez est\u00e1 m\u00e1s presente en las empresas que para asegurar el rendimiento <strong>hay que cuidar todas y cada una de las fases del <a href=\"https:\/\/www.bizneo.com\/blog\/ciclo-de-vida-del-empleado\/\" data-wpel-link=\"internal\" target=\"_blank\">ciclo de vida del empleado<\/a><\/strong>.<\/p>\n\n\n\n<p>Por ejemplo, en los primeros d\u00edas el onboarding es clave para que el trabajador se adapte a sus funciones y compa\u00f1eros, que sepa fichar, c\u00f3mo pedir vacaciones, bajas&#8230; En nuestra gu\u00eda explicamos c\u00f3mo la tecnolog\u00eda puede dar ese plus de ayuda al departamentos de RR. HH.&nbsp;<\/p>\n\n\n\n<figure class=\"wp-block-image size-large\"><a href=\"https:\/\/hello.bizneo.com\/estrategias-ciclo-vida-empleado\/?utm_content=post-banner-medio\" target=\"_blank\" rel=\"noopener noreferrer\" data-wpel-link=\"internal\"><img decoding=\"async\" width=\"1360\" height=\"204\" src=\"https:\/\/www.bizneo.com\/blog\/wp-content\/uploads\/2021\/05\/banner-ciclo-vida-empleado.jpg\" alt=\"Gu\u00eda ciclo de vida del empleado\" class=\"wp-image-21997\" srcset=\"https:\/\/www.bizneo.com\/blog\/wp-content\/uploads\/2021\/05\/banner-ciclo-vida-empleado.jpg 1360w, https:\/\/www.bizneo.com\/blog\/wp-content\/uploads\/2021\/05\/banner-ciclo-vida-empleado-300x45.jpg 300w, https:\/\/www.bizneo.com\/blog\/wp-content\/uploads\/2021\/05\/banner-ciclo-vida-empleado-1024x154.jpg 1024w, https:\/\/www.bizneo.com\/blog\/wp-content\/uploads\/2021\/05\/banner-ciclo-vida-empleado-768x115.jpg 768w, https:\/\/www.bizneo.com\/blog\/wp-content\/uploads\/2021\/05\/banner-ciclo-vida-empleado-810x122.jpg 810w, https:\/\/www.bizneo.com\/blog\/wp-content\/uploads\/2021\/05\/banner-ciclo-vida-empleado-1140x171.jpg 1140w\" sizes=\"(max-width: 1360px) 100vw, 1360px\" \/><\/a><\/figure>\n\n\n\n<h2 class=\"wp-block-heading\">Tipos de baja laboral<\/h2>\n\n\n\n<p>El tipo de baja laboral o incapacidad temporal <strong>depende del tipo de enfermedad <\/strong>o circunstancia por la que el empleado deber\u00e1 ausentarse de su puesto de trabajo. Se tipifican de dos maneras: baja laboral por contingencias comunes y por contingencias profesionales.<\/p>\n\n\n\n<h2 class=\"wp-block-heading\">Tipos de baja laboral: por contingencias comunes<\/h2>\n\n\n\n<p>Las bajas laborales por contingencias comunes son producto de causas naturales, como una gripe, dolor estomacal, embarazo, entre otros motivos similares que deriven en la baja laboral. Dentro de estos tipos de baja laboral destacan las siguientes:<\/p>\n\n\n\n<h3 class=\"wp-block-heading\">Tipos de baja laboral: por maternidad<\/h3>\n\n\n\n<p>La <a href=\"\/blog\/baja-maternidad\/\" target=\"_blank\" rel=\"noreferrer noopener\" aria-label=\" (se abre en una nueva pesta\u00f1a)\" data-wpel-link=\"internal\">baja laboral por maternidad<\/a> otorga a la empleada un permiso remunerado al 100% durante 16 semanas. Este es un derecho que tiene toda mujer, <strong>pensado para protegerla econ\u00f3mica y laboralmente<\/strong>, mientras se dedica al cuidado del hijo durante los primeros meses de vida.<\/p>\n\n\n\n<p>Esta baja laboral tiene <strong>requisitos espec\u00edficos<\/strong>, puede aplicarse debido al permiso de lactancia y tambi\u00e9n aplica para las madres adoptivas o aquellas que realicen una acogida.<\/p>\n\n\n\n<p>En este caso, la <a href=\"\/blog\/sistema-de-remuneraciones\/\" target=\"_blank\" rel=\"noreferrer noopener\" aria-label=\" (se abre en una nueva pesta\u00f1a)\" data-wpel-link=\"internal\">remuneraci\u00f3n<\/a> es asumida por la Seguridad Social, no por la empresa. El periodo de las 16 semanas comienza desde el <strong>d\u00eda de nacimiento del bebe<\/strong>. La madre est\u00e1 obligada a tomar al menos seis semanas, el resto puede cederlas al padre o compartirlas.<\/p>\n\n\n\n<p><strong>Para solicitar la baja laboral<\/strong> por maternidad es importante cumplir con los siguientes requisitos:<\/p>\n\n\n\n<ul class=\"wp-block-list\">\n<li>La empleada tiene que estar <strong>dada de alta en la Seguridad Social<\/strong>, independientemente de si est\u00e1 asociada como trabajadora, aut\u00f3noma o beneficiaria de un subsidio de desempleo.<\/li>\n\n\n\n<li><strong>Deber\u00e1 haber cotizado durante un per\u00edodo m\u00ednimo<\/strong>, que depende de su edad. Si la empleada es menor de 21 a\u00f1os, la ley no reclama un per\u00edodo de cotizaci\u00f3n. En el caso de que la empleada est\u00e9 entre los 21 y 26 a\u00f1os deber\u00e1 haber cotizado al menos 90 d\u00edas en los siete a\u00f1os anteriores a la baja de maternidad o 180 d\u00edas cotizados durante la totalidad de su vida laboral. <\/li>\n\n\n\n<li><strong>Cuando la mujer es mayor de 26 a\u00f1os<\/strong>, la cotizaci\u00f3n debe ser de 180 d\u00edas durante los siete a\u00f1os previos al parto o 360 d\u00edas acumulados durante toda su vida laboral.<\/li>\n<\/ul>\n\n\n\n<figure class=\"wp-block-image size-large\"><a href=\"https:\/\/hello.bizneo.com\/kit\/gestion-de-rrhh\/?utm_content=post-KIT-RRHH\" data-wpel-link=\"internal\" target=\"_blank\"><img decoding=\"async\" width=\"1024\" height=\"307\" src=\"https:\/\/www.bizneo.com\/blog\/wp-content\/uploads\/2023\/03\/KIT-RRHH-1024x307.png\" alt=\"Kit de Gesti\u00f3n de Personal\" class=\"wp-image-39184\" srcset=\"https:\/\/www.bizneo.com\/blog\/wp-content\/uploads\/2023\/03\/KIT-RRHH-1024x307.png 1024w, https:\/\/www.bizneo.com\/blog\/wp-content\/uploads\/2023\/03\/KIT-RRHH-300x90.png 300w, https:\/\/www.bizneo.com\/blog\/wp-content\/uploads\/2023\/03\/KIT-RRHH-768x230.png 768w, https:\/\/www.bizneo.com\/blog\/wp-content\/uploads\/2023\/03\/KIT-RRHH-810x243.png 810w, https:\/\/www.bizneo.com\/blog\/wp-content\/uploads\/2023\/03\/KIT-RRHH-1140x342.png 1140w, https:\/\/www.bizneo.com\/blog\/wp-content\/uploads\/2023\/03\/KIT-RRHH.png 1360w\" sizes=\"(max-width: 1024px) 100vw, 1024px\" \/><\/a><\/figure>\n\n\n\n<h3 class=\"wp-block-heading\">Tipos de baja laboral: por paternidad<\/h3>\n\n\n\n<p>Este es uno de los tipos de baja laboral que acaba de ser <strong>recientemente actualizada<\/strong>. Est\u00e1 tambi\u00e9n pensada en favor de la conciliaci\u00f3n y bienestar familiar y laboral. El <a href=\"https:\/\/www.bizneo.com\/blog\/baja-de-paternidad\/\" target=\"_blank\" rel=\"noreferrer noopener\" aria-label=\" (se abre en una nueva pesta\u00f1a)\" data-wpel-link=\"internal\">permiso de paternidad<\/a> tiene una duraci\u00f3n de ocho semanas. Sin embargo, producto a la novedad, durante los pr\u00f3ximos a\u00f1os ser\u00e1 extendido de forma progresiva hasta las 16 semanas de la baja laboral por maternidad.<\/p>\n\n\n\n<p>Igual que la baja por maternidad, el empleado que solicite la baja por paternidad <strong>percibir\u00e1 el 100% de su sueldo<\/strong>, incluyendo variables salariales previstas antes del nacimiento. <\/p>\n\n\n\n<p><strong>Este pago es responsabilidad de la Seguridad Social<\/strong>. Inicialmente, los trabajadores est\u00e1n obligados a tomar al menos dos semanas de su permiso. Estas pueden encadenarse por el resto del per\u00edodo vigente. La duraci\u00f3n de esta licencia por paternidad deber\u00e1 ser informada a la empresa con 15 d\u00edas de antelaci\u00f3n.<\/p>\n\n\n\n<p>Para disfrutar de estos tipos de baja laboral, el empleado debe presentar <strong>certificado de empresa<\/strong> y <a href=\"\/blog\/como-calcular-la-nomina-de-un-empleado\/\" target=\"_blank\" rel=\"noreferrer noopener\" data-wpel-link=\"internal\">\u00faltima n\u00f3mina<\/a>, constancia de nacimiento del hijo y libro de familia, original y fotocopia del DNI y n\u00famero de cuenta en la que debe depositarse la prestaci\u00f3n por paternidad.<\/p>\n\n\n\n<h3 class=\"wp-block-heading\">Tipos de baja laboral: por enfermedad com\u00fan<\/h3>\n\n\n\n<p>Esta baja laboral debe estar <strong>certificada por un m\u00e9dico,<\/strong> el encargado de precisar el motivo y el tiempo estimado de recuperaci\u00f3n. Esta baja laboral no puede superar los 365 d\u00edas, aunque puede ser ampliada en 180 d\u00edas si el doctor lo considera necesario como parte del tiempo de recuperaci\u00f3n. <\/p>\n\n\n\n<p>En caso de que la recuperaci\u00f3n no se produzca en ese lapso, debe realizarse el tr\u00e1mite por incapacidad permanente.<\/p>\n\n\n\n<p>En este caso, <strong>los tres primeros d\u00edas de baja corren por cuenta del empleado<\/strong>, teniendo que pagar el salario a la empresa. A partir del cuarto d\u00eda y hasta el d\u00eda quince, el sueldo es asumido por la organizaci\u00f3n, que paga el 60% de la base de cotizaci\u00f3n del mes previo a la baja laboral.<\/p>\n\n\n\n<p>Si la baja laboral se extiende de 16 a 21 d\u00edas, la Mutua o la Seguridad Social asumen el sueldo del empleado, pagando el 60% de la basa de la cotizaci\u00f3n. <strong>Si la baja laboral supera los 21 d\u00edas<\/strong> hasta la fecha de alta, ese monto aumenta hasta el 75% y, de igual manera, es asumido por Mutua o la Seguridad Social.<\/p>\n\n\n\n<figure class=\"wp-block-image size-full\"><a href=\"\/gestor-vacaciones\/\" target=\"_blank\" rel=\"noreferrer noopener\" data-wpel-link=\"internal\"><img decoding=\"async\" width=\"1500\" height=\"1089\" src=\"https:\/\/www.bizneo.com\/blog\/wp-content\/uploads\/2020\/12\/Calendario-de-vacaciones-de-tu-empresa.webp\" alt=\"Autogesti\u00f3n de vacaciones para empleados\" class=\"wp-image-18378\" srcset=\"https:\/\/www.bizneo.com\/blog\/wp-content\/uploads\/2020\/12\/Calendario-de-vacaciones-de-tu-empresa.webp 1500w, https:\/\/www.bizneo.com\/blog\/wp-content\/uploads\/2020\/12\/Calendario-de-vacaciones-de-tu-empresa-300x218.webp 300w, https:\/\/www.bizneo.com\/blog\/wp-content\/uploads\/2020\/12\/Calendario-de-vacaciones-de-tu-empresa-1024x743.webp 1024w, https:\/\/www.bizneo.com\/blog\/wp-content\/uploads\/2020\/12\/Calendario-de-vacaciones-de-tu-empresa-768x558.webp 768w, https:\/\/www.bizneo.com\/blog\/wp-content\/uploads\/2020\/12\/Calendario-de-vacaciones-de-tu-empresa-810x588.webp 810w, https:\/\/www.bizneo.com\/blog\/wp-content\/uploads\/2020\/12\/Calendario-de-vacaciones-de-tu-empresa-1140x828.webp 1140w\" sizes=\"(max-width: 1500px) 100vw, 1500px\" \/><\/a><\/figure>\n\n\n\n<p>Para hacer m\u00e1s sencilla la solicitud de ausencias y bajas laborales es fundamental contar con un<strong> <a href=\"\/gestor-vacaciones\/\" target=\"_blank\" rel=\"noreferrer noopener\" aria-label=\"software de vacaciones y ausencias (se abre en una nueva pesta\u00f1a)\" data-wpel-link=\"internal\">software de vacaciones y ausencias<\/a><\/strong> con las que <strong>automatizar<\/strong> el proceso tanto para el empleado como para el responsable de Recursos Humanos.<\/p>\n\n\n\n<bzn-link><a href=\"\/gestor-vacaciones\/\" target=\"_blank\" rel=\"noopener noreferrer\" id=\"destacado-vacaciones\" data-wpel-link=\"internal\"><span class=\"bzn-link-title\">CON ESTA HERRAMIENTA CENTRALIZAS TODAS LAS TIPOLOG\u00cdAS DE LAS BAJAS <\/span>Cada empleado tiene un calendario 100% online donde se registran las bajas<\/a><\/bzn-link>\n\n\n\n<p><\/p>\n\n\n\n<h2 class=\"wp-block-heading\">Baja laboral por contingencias profesionales<\/h2>\n\n\n\n<p>Estos tipos de baja laboral se generan por motivos, acciones o consecuencias <strong>producto de la din\u00e1mica laboral o durante la jornada de trabajo<\/strong>. De manera formal son tipificadas como baja laboral por accidente de trabajo y baja laboral por enfermedad profesional.<\/p>\n\n\n\n<h3 class=\"wp-block-heading\">Tipos de baja laboral: por accidente de trabajo<\/h3>\n\n\n\n<p>Se produce cuando, <strong>durante el cumplimiento de sus funciones<\/strong>, el empleado sufre un accidente que lo obliga a apartarse moment\u00e1neamente de su puesto de trabajo. En este caso, la empresa abonar\u00e1 75% de la base reguladora y, a partir del segundo d\u00eda de baja, la responsabilidad corre a cargo de la mutua. Tambi\u00e9n se considera accidente de trabajo cuando tiene lugar durante el <strong>desplazamiento al lugar de trabajo o desde el mismo<\/strong>.<\/p>\n\n\n\n<h3 class=\"wp-block-heading\">Tipos de baja laboral: por enfermedad profesional<\/h3>\n\n\n\n<p>Esta baja laboral se genera cuando el trabajador ve afectada su salud debido a las tareas que realiza o con factores asociados con ellas, como el contacto con sustancias a las que pueda estar expuesto, entre otros. <\/p>\n\n\n\n<p>Es necesario que un <strong>especialista certifique la enfermedad<\/strong> y los motivos asociados con ellos para poder reconocerla como tal. Dependiendo del tipo de enfermedad as\u00ed ser\u00e1 el tiempo de baja y recuperaci\u00f3n que pueda requerir el caso.<\/p>\n\n\n\n<figure class=\"wp-block-image size-full\"><a href=\"https:\/\/hello.bizneo.com\/guia-absentismo-y-estrategia-en-rrhh\/?utm_content=post-banner\" data-wpel-link=\"internal\" target=\"_blank\"><img decoding=\"async\" width=\"1360\" height=\"204\" src=\"https:\/\/www.bizneo.com\/blog\/wp-content\/uploads\/2022\/03\/banner-absentismo.jpg\" alt=\"Gu\u00eda absentismo laboral\" class=\"wp-image-32298\" srcset=\"https:\/\/www.bizneo.com\/blog\/wp-content\/uploads\/2022\/03\/banner-absentismo.jpg 1360w, https:\/\/www.bizneo.com\/blog\/wp-content\/uploads\/2022\/03\/banner-absentismo-300x45.jpg 300w, https:\/\/www.bizneo.com\/blog\/wp-content\/uploads\/2022\/03\/banner-absentismo-1024x154.jpg 1024w, https:\/\/www.bizneo.com\/blog\/wp-content\/uploads\/2022\/03\/banner-absentismo-768x115.jpg 768w, https:\/\/www.bizneo.com\/blog\/wp-content\/uploads\/2022\/03\/banner-absentismo-810x122.jpg 810w, https:\/\/www.bizneo.com\/blog\/wp-content\/uploads\/2022\/03\/banner-absentismo-1140x171.jpg 1140w\" sizes=\"(max-width: 1360px) 100vw, 1360px\" \/><\/a><\/figure>\n\n\n\n<p><\/p>\n\n\n\n<h2 class=\"wp-block-heading\">3 causas frecuentes de baja laboral<\/h2>\n\n\n\n<p>La baja laboral puede producirse tanto por enfermedades f\u00edsicas o mentales. Dependiendo del tipo de trabajo y las cargas de tareas se pueden presentar diferentes enfermedades. Su recuperaci\u00f3n depender\u00e1 tanto de la gravedad como del tipo de enfermedad. Algunas suelen ser:<\/p>\n\n\n\n<ul class=\"wp-block-list\">\n<li><strong>Enfermedades musculoesquel\u00e9ticas<\/strong>. Son la causa de baja laboral m\u00e1s com\u00fan. Normalmente se producen las siguientes: lumbalgias, tendinitis y s\u00edndrome del t\u00fanel carpiano.<\/li>\n\n\n\n<li><strong>Gripe<\/strong>. Se estima que 1 de cada 5 laborales eventualmente pide la baja laboral por este motivo.<\/li>\n\n\n\n<li><strong>Trastornos mentales<\/strong>. Dentro de estos, los m\u00e1s comunes son: ansiedad, depresi\u00f3n y <a aria-label=\" (se abre en una nueva pesta\u00f1a)\" href=\"\/blog\/estres-laboral\/\" target=\"_blank\" rel=\"noreferrer noopener\" data-wpel-link=\"internal\">estr\u00e9s laboral<\/a>.<\/li>\n<\/ul>\n\n\n\n<figure class=\"wp-block-image size-full size-large\"><a href=\"\/informes-recursos-humanos\/\" target=\"_blank\" rel=\"noreferrer noopener\" data-wpel-link=\"internal\"><img decoding=\"async\" width=\"1125\" height=\"803\" src=\"https:\/\/www.bizneo.com\/blog\/wp-content\/uploads\/2021\/07\/Informes-de-rotacion-de-personal.webp\" alt=\"Informe de rotaci\u00f3n de personal\" class=\"wp-image-24481\" srcset=\"https:\/\/www.bizneo.com\/blog\/wp-content\/uploads\/2021\/07\/Informes-de-rotacion-de-personal.webp 1125w, https:\/\/www.bizneo.com\/blog\/wp-content\/uploads\/2021\/07\/Informes-de-rotacion-de-personal-300x214.webp 300w, https:\/\/www.bizneo.com\/blog\/wp-content\/uploads\/2021\/07\/Informes-de-rotacion-de-personal-1024x731.webp 1024w, https:\/\/www.bizneo.com\/blog\/wp-content\/uploads\/2021\/07\/Informes-de-rotacion-de-personal-768x548.webp 768w, https:\/\/www.bizneo.com\/blog\/wp-content\/uploads\/2021\/07\/Informes-de-rotacion-de-personal-810x578.webp 810w\" sizes=\"(max-width: 1125px) 100vw, 1125px\" \/><\/a><\/figure>\n\n\n\n<p>Con los gr\u00e1ficos de <a href=\"https:\/\/www.bizneo.com\/blog\/rotacion-personal\/\" data-wpel-link=\"internal\" target=\"_blank\">rotaci\u00f3n de personal<\/a> incluidos en nuestro <a href=\"https:\/\/www.bizneo.com\/informes-recursos-humanos\/\" target=\"_blank\" rel=\"noreferrer noopener\" data-wpel-link=\"internal\">software de informes de RR. HH.<\/a> podr\u00e1s saber con exactitud en qu\u00e9 departamento ha habido m\u00e1s cambios en la plantilla, si se han renovado, si se han quedado en la empresa, qu\u00e9 responsable o jefe de secci\u00f3n contrata o despide en mayor cantidad, y un multitud de variables que<strong> te permitir\u00e1n tomar decisiones para contar con un equipo de trabajo que funcione a la perfecci\u00f3n.<\/strong><br><\/p>\n\n\n\n<h2 class=\"wp-block-heading\">Requisitos de los diferentes tipos de baja laboral<\/h2>\n\n\n\n<p>Para solicitar la baja laboral el trabajador debe presentar los siguientes requisitos.<\/p>\n\n\n\n<ul class=\"wp-block-list\">\n<li>Estar afiliado o dado de <strong>alta en la Seguridad Social<\/strong>.<\/li>\n\n\n\n<li>Si se trata de enfermedad com\u00fan, el empleado deber\u00e1 haber <strong>cotizado un m\u00ednimo de 180 d\u00edas<\/strong> durante los \u00faltimos 5 a\u00f1os.<\/li>\n\n\n\n<li>Si la baja laboral es por accidente o enfermedad profesional no es necesario el <strong>periodo de cotizaci\u00f3n<\/strong>.<\/li>\n\n\n\n<li><strong>Certificado m\u00e9dico<\/strong> especificando la causa que justifica la baja laboral. De esa manera podr\u00e1 tramitarse el subsidio.<\/li>\n\n\n\n<li>El empleado deber\u00e1 presentar <strong>partes de confirmaci\u00f3n<\/strong> durante la baja laboral, dependiendo de su extensi\u00f3n y gravedad de la enfermedad o accidente.<\/li>\n\n\n\n<li>El empleado deber\u00e1 presentar el alta m\u00e9dica y tendr\u00e1 que reincorporarse a sus laborales en las pr\u00f3ximas 24 horas.<\/li>\n<\/ul>\n\n\n\n<figure class=\"wp-block-image\"><a href=\"\/es-mx\/gestor-vacaciones\/\" target=\"_blank\" rel=\"noreferrer noopener\" data-wpel-link=\"internal\"><img decoding=\"async\" width=\"1360\" height=\"204\" src=\"https:\/\/www.bizneo.com\/blog\/wp-content\/uploads\/2021\/04\/banner-medio-vacaciones-excel.jpg\" alt=\"software de control de vacaciones y ausencias\" class=\"wp-image-21169\" srcset=\"https:\/\/www.bizneo.com\/blog\/wp-content\/uploads\/2021\/04\/banner-medio-vacaciones-excel.jpg 1360w, https:\/\/www.bizneo.com\/blog\/wp-content\/uploads\/2021\/04\/banner-medio-vacaciones-excel-300x45.jpg 300w, https:\/\/www.bizneo.com\/blog\/wp-content\/uploads\/2021\/04\/banner-medio-vacaciones-excel-1024x154.jpg 1024w, https:\/\/www.bizneo.com\/blog\/wp-content\/uploads\/2021\/04\/banner-medio-vacaciones-excel-768x115.jpg 768w, https:\/\/www.bizneo.com\/blog\/wp-content\/uploads\/2021\/04\/banner-medio-vacaciones-excel-810x122.jpg 810w, https:\/\/www.bizneo.com\/blog\/wp-content\/uploads\/2021\/04\/banner-medio-vacaciones-excel-1140x171.jpg 1140w\" sizes=\"(max-width: 1360px) 100vw, 1360px\" \/><\/a><\/figure>\n\n\n\n<h2 class=\"wp-block-heading\">\u00bfCu\u00e1nto cobra un trabajador que est\u00e1 de baja?<\/h2>\n\n\n\n<p>La baja laboral por contingencia com\u00fan no ser\u00e1 reconocida por la empresa si no supera los 3 d\u00edas. A partir del cuarto y hasta el d\u00eda veinte, el empleado cobrar\u00e1 el <strong>60% de la base reguladora<\/strong>. Se superan los veinte d\u00edas, este momento asciende hasta un 75%.<\/p>\n\n\n\n<p>En el caso de la baja laboral por contingencia profesional el subsidio comienza a contarse desde el primer d\u00eda. Este parte del 75% de la base reguladora a menos que por convenio colectivo se establezca otro acuerdo. <strong>La base se estima a partir de la n\u00f3mina<\/strong>.<\/p>\n\n\n\n<bzn-info>Te recomendamos leer tambi\u00e9n: <a href=\"\/blog\/como-calcular-la-nomina-de-un-empleado\/\" id=\"destacado-post\" target=\"_blank\" rel=\"noopener noreferrer\" data-wpel-link=\"internal\">\u00bfC\u00f3mo calcular la n\u00f3mina de un empleado?<\/a>. En este art\u00edculo se especifica no solo el salario del empleado, sino sus retenciones del IRPF y sus aportaciones a la Seguridad Social, y m\u00e1s.<\/bzn-info>\n\n\n\n<p><\/p>\n\n\n\n<h2 class=\"wp-block-heading\">\u00bfC\u00f3mo gestionar una baja laboral?<\/h2>\n\n\n\n<p>Aquellos tipos de bajas laborales que se produzcan por enfermedades comunes u accidentes seguramente reclamen <strong>acciones puntuales.<\/strong> <\/p>\n\n\n\n<p>Sin embargo, para <strong>evitar enfermedades profesionales<\/strong>, la compa\u00f1\u00eda debe proporcionar distintos recursos t\u00e9cnicos, como sillas adecuadas, escritorios acordes a las necesidades y tareas del empleo, o herramientas espec\u00edficas para diversas taras, para prevenir posibles consecuencias fruto de la din\u00e1mica laboral.<\/p>\n\n\n\n<p>El <a href=\"\/blog\/teletrabajo\/\" target=\"_blank\" rel=\"noreferrer noopener\" data-wpel-link=\"internal\">teletrabajo<\/a> ha sido la medida principal para combatir el coronavirus a nivel empresarial. Desgraciadamente, la pandemia ha provocado <strong>bajas laborales por el virus<\/strong> y tambi\u00e9n<strong> efectos psicol\u00f3gicos negativos<\/strong> en los trabajadores (estr\u00e9s o ansiedad).<\/p>\n\n\n\n<p>Hemos desarrollado una plantilla en Excel para gestionar vacaciones, bajas por enfermedad o maternidad &#8211; paternidad y otros permisos. Puedes descargarla gratis aqu\u00ed: <\/p>\n\n\n\n<div id=\"cbox-EEG7aVSGmxe2ZB5R\"><\/div>\n\n\n\n<p><\/p>\n\n\n\n<h3 class=\"wp-block-heading\">Obligaciones de la compa\u00f1\u00eda en los tipos de baja laboral<\/h3>\n\n\n\n<ul class=\"wp-block-list\">\n<li>Lo primero que tiene que hacer la empresa al momento de gestionar la baja laboral es <strong>definir el tipo<\/strong>, si es por enfermedad com\u00fan, accidente, accidente de trabajo o enfermedad profesional.<\/li>\n\n\n\n<li>Despu\u00e9s de esto, si se trata de enfermedad com\u00fan o accidente fuera del trabajo, la empresa deber\u00e1 <strong>notificar la baja laboral a la Seguridad Social<\/strong> a trav\u00e9s del sistema RED. En la notificaci\u00f3n deben especificarse los datos de la empresa, la cotizaci\u00f3n del trabajador, la clave de su c\u00f3digo nacional de ocupaci\u00f3n, edad, enfermedad o accidente y el c\u00f3digo de la provincia del centro de salud que inform\u00e9 sobre su estado de salud.<\/li>\n\n\n\n<li>Si se trata de una baja debido a un accidente laboral o una enfermedad profesional, la empresa deber\u00e1<strong> notificar a la mutua<\/strong> que tiene contratada, incluso si el trabajador no solicita la baja laboral. Tendr\u00e1 un lapso de 5 d\u00edas para hacerlo.<\/li>\n\n\n\n<li>El proceso de notificaci\u00f3n incluye un <strong>justificante m\u00e9dico<\/strong> que deben tener tanto la empresa como el empleado. <\/li>\n<\/ul>\n\n\n\n<bzn-down><a href=\"https:\/\/hello.bizneo.com\/plantilla\/indicadores-recursos-humanos\/?utm_content=post-destacado\" id=\"destacado-wc-descarga\" target=\"_blank\" rel=\"noopener noreferrer\" data-wpel-link=\"internal\"><span class=\"bzn-info-title\"><strong>+100 INDICADORES DE GESTI\u00d3N PARA IMPULSAR TU NEGOCIO<\/strong> <\/span><br>KPI\u2019s para Recursos Humanos: tipos y ejemplos<\/a><br><\/bzn-down>\n\n\n\n<p><\/p>\n\n\n\n<h2 class=\"wp-block-heading\">Herramienta para gestionar los tipos de baja laboral<\/h2>\n\n\n\n<p>Para una gesti\u00f3n m\u00e1s eficiente de este tipo de situaciones, <strong>Bizneo HR <\/strong>dispone de un <a aria-label=\"software para gestionar las ausencias y vacaciones (se abre en una nueva pesta\u00f1a)\" href=\"\/gestor-vacaciones\/\" target=\"_blank\" rel=\"noreferrer noopener\" data-wpel-link=\"internal\">software para controlar las ausencias y vacaciones<\/a> a trav\u00e9s del cual se pueden manejar las ausencias laborales de una manera adecuada para que <strong>no influyan en la din\u00e1mica laboral<\/strong> (o que lo hagan en menor medida).<\/p>\n\n\n\n<figure class=\"wp-block-image size-large\"><a href=\"\/gestor-vacaciones\/\" target=\"_blank\" rel=\"noreferrer noopener\" data-wpel-link=\"internal\"><img decoding=\"async\" width=\"1024\" height=\"687\" src=\"https:\/\/www.bizneo.com\/blog\/wp-content\/uploads\/2020\/05\/Software-de-Recursos-Humanos-para-vacaciones-1024x687.webp\" alt=\"Software de vacaciones de empleados\" class=\"wp-image-18385\" srcset=\"https:\/\/www.bizneo.com\/blog\/wp-content\/uploads\/2020\/05\/Software-de-Recursos-Humanos-para-vacaciones-1024x687.webp 1024w, https:\/\/www.bizneo.com\/blog\/wp-content\/uploads\/2020\/05\/Software-de-Recursos-Humanos-para-vacaciones-300x201.webp 300w, https:\/\/www.bizneo.com\/blog\/wp-content\/uploads\/2020\/05\/Software-de-Recursos-Humanos-para-vacaciones-768x515.webp 768w, https:\/\/www.bizneo.com\/blog\/wp-content\/uploads\/2020\/05\/Software-de-Recursos-Humanos-para-vacaciones-810x543.webp 810w, https:\/\/www.bizneo.com\/blog\/wp-content\/uploads\/2020\/05\/Software-de-Recursos-Humanos-para-vacaciones-1140x765.webp 1140w, https:\/\/www.bizneo.com\/blog\/wp-content\/uploads\/2020\/05\/Software-de-Recursos-Humanos-para-vacaciones.webp 1500w\" sizes=\"(max-width: 1024px) 100vw, 1024px\" \/><\/a><\/figure>\n\n\n\n<p>El software ofrece un calendario en el que pueden fijarse las <strong>bajas, los justificantes y certificados m\u00e9dicos<\/strong>, igual que un registro de d\u00edas de baja laboral a los que el empleado tiene derecho. La herramienta incluye alertas, notificaciones y un <strong>sistema de confirmaci\u00f3n<\/strong> del manager y el empleado. <\/p>\n\n\n\n<figure class=\"wp-block-image size-full\"><a href=\"\/workflows\/\" data-wpel-link=\"internal\" target=\"_blank\"><img decoding=\"async\" width=\"1500\" height=\"1077\" src=\"https:\/\/www.bizneo.com\/blog\/wp-content\/uploads\/2023\/01\/workflows-y-avisos-de-vacaciones.webp\" alt=\"Workflows para gestionar vacaciones y ausencias\" class=\"wp-image-38242\" srcset=\"https:\/\/www.bizneo.com\/blog\/wp-content\/uploads\/2023\/01\/workflows-y-avisos-de-vacaciones.webp 1500w, https:\/\/www.bizneo.com\/blog\/wp-content\/uploads\/2023\/01\/workflows-y-avisos-de-vacaciones-300x215.webp 300w, https:\/\/www.bizneo.com\/blog\/wp-content\/uploads\/2023\/01\/workflows-y-avisos-de-vacaciones-1024x735.webp 1024w, https:\/\/www.bizneo.com\/blog\/wp-content\/uploads\/2023\/01\/workflows-y-avisos-de-vacaciones-768x551.webp 768w, https:\/\/www.bizneo.com\/blog\/wp-content\/uploads\/2023\/01\/workflows-y-avisos-de-vacaciones-810x582.webp 810w, https:\/\/www.bizneo.com\/blog\/wp-content\/uploads\/2023\/01\/workflows-y-avisos-de-vacaciones-1140x819.webp 1140w\" sizes=\"(max-width: 1500px) 100vw, 1500px\" \/><\/a><\/figure>\n\n\n\n<p>Si quieres conocer en detalle todas las funcionalidades y c\u00f3mo este software puede acelerar tus procesos de cierre de n\u00f3mina, <a href=\"https:\/\/hello.bizneo.com\/solicitud-demo-suite\/\" target=\"_blank\" rel=\"noreferrer noopener\" aria-label=\" (se abre en una nueva pesta\u00f1a)\" data-wpel-link=\"internal\">pide una demostraci\u00f3n personalizada aqu\u00ed<\/a>.<\/p>\n\n\n\n<figure class=\"wp-block-image size-large\"><a href=\"\/gestor-vacaciones\/\" target=\"_blank\" rel=\"noopener noreferrer\" data-wpel-link=\"internal\"><img decoding=\"async\" width=\"1360\" height=\"408\" src=\"https:\/\/www.bizneo.com\/blog\/wp-content\/uploads\/2021\/01\/Banner-grande-software-vacaciones-ausencias-1.jpg\" alt=\"Software de Control de Vacaciones\" class=\"wp-image-19082\" srcset=\"https:\/\/www.bizneo.com\/blog\/wp-content\/uploads\/2021\/01\/Banner-grande-software-vacaciones-ausencias-1.jpg 1360w, https:\/\/www.bizneo.com\/blog\/wp-content\/uploads\/2021\/01\/Banner-grande-software-vacaciones-ausencias-1-300x90.jpg 300w, https:\/\/www.bizneo.com\/blog\/wp-content\/uploads\/2021\/01\/Banner-grande-software-vacaciones-ausencias-1-1024x307.jpg 1024w, https:\/\/www.bizneo.com\/blog\/wp-content\/uploads\/2021\/01\/Banner-grande-software-vacaciones-ausencias-1-768x230.jpg 768w, https:\/\/www.bizneo.com\/blog\/wp-content\/uploads\/2021\/01\/Banner-grande-software-vacaciones-ausencias-1-810x243.jpg 810w, https:\/\/www.bizneo.com\/blog\/wp-content\/uploads\/2021\/01\/Banner-grande-software-vacaciones-ausencias-1-1140x342.jpg 1140w\" sizes=\"(max-width: 1360px) 100vw, 1360px\" \/><\/a><\/figure>\n","protected":false},"excerpt":{"rendered":"<p>Las bajas laborales pueden ser producto de enfermedades o accidentes, pero tambi\u00e9n producirse como consecuencia del nacimiento de un hijo. Descubre todos los tipos. <\/p>\n","protected":false},"author":1,"featured_media":7340,"comment_status":"open","ping_status":"open","sticky":false,"template":"","format":"standard","meta":{"_uag_custom_page_level_css":"","site-sidebar-layout":"default","site-content-layout":"","ast-site-content-layout":"default","site-content-style":"default","site-sidebar-style":"default","ast-global-header-display":"","ast-banner-title-visibility":"","ast-main-header-display":"","ast-hfb-above-header-display":"","ast-hfb-below-header-display":"","ast-hfb-mobile-header-display":"","site-post-title":"","ast-breadcrumbs-content":"","ast-featured-img":"","footer-sml-layout":"","ast-disable-related-posts":"","theme-transparent-header-meta":"","adv-header-id-meta":"","stick-header-meta":"","header-above-stick-meta":"","header-main-stick-meta":"","header-below-stick-meta":"","astra-migrate-meta-layouts":"default","ast-page-background-enabled":"default","ast-page-background-meta":{"desktop":{"background-color":"var(--ast-global-color-5)","background-image":"","background-repeat":"repeat","background-position":"center center","background-size":"auto","background-attachment":"scroll","background-type":"","background-media":"","overlay-type":"","overlay-color":"","overlay-opacity":"","overlay-gradient":""},"tablet":{"background-color":"","background-image":"","background-repeat":"repeat","background-position":"center center","background-size":"auto","background-attachment":"scroll","background-type":"","background-media":"","overlay-type":"","overlay-color":"","overlay-opacity":"","overlay-gradient":""},"mobile":{"background-color":"","background-image":"","background-repeat":"repeat","background-position":"center center","background-size":"auto","background-attachment":"scroll","background-type":"","background-media":"","overlay-type":"","overlay-color":"","overlay-opacity":"","overlay-gradient":""}},"ast-content-background-meta":{"desktop":{"background-color":"var(--ast-global-color-4)","background-image":"","background-repeat":"repeat","background-position":"center center","background-size":"auto","background-attachment":"scroll","background-type":"","background-media":"","overlay-type":"","overlay-color":"","overlay-opacity":"","overlay-gradient":""},"tablet":{"background-color":"var(--ast-global-color-4)","background-image":"","background-repeat":"repeat","background-position":"center center","background-size":"auto","background-attachment":"scroll","background-type":"","background-media":"","overlay-type":"","overlay-color":"","overlay-opacity":"","overlay-gradient":""},"mobile":{"background-color":"var(--ast-global-color-4)","background-image":"","background-repeat":"repeat","background-position":"center center","background-size":"auto","background-attachment":"scroll","background-type":"","background-media":"","overlay-type":"","overlay-color":"","overlay-opacity":"","overlay-gradient":""}},"footnotes":""},"categories":[89],"tags":[],"class_list":["post-7338","post","type-post","status-publish","format-standard","has-post-thumbnail","hentry","category-gestion-del-tiempo"],"yoast_head":"<!-- This site is optimized with the Yoast SEO plugin v27.5 - https:\/\/yoast.com\/product\/yoast-seo-wordpress\/ -->\n<title>Tipos de baja laboral | Gu\u00eda pr\u00e1ctica para gestionarlas f\u00e1cilmente<\/title>\n<meta name=\"description\" content=\"Existen diferentes tipos de baja laboral: por enfermedad com\u00fan, enfermedad profesional, maternidad, paternidad... \u00bfC\u00f3mo se gestiona cada una?\" \/>\n<meta name=\"robots\" content=\"index, follow, max-snippet:-1, max-image-preview:large, max-video-preview:-1\" \/>\n<meta property=\"og:locale\" content=\"es_ES\" \/>\n<meta property=\"og:type\" content=\"article\" \/>\n<meta property=\"og:title\" content=\"Tipos de baja laboral | Gu\u00eda pr\u00e1ctica para gestionarlas f\u00e1cilmente\" \/>\n<meta property=\"og:description\" content=\"Existen diferentes tipos de baja laboral: por enfermedad com\u00fan, enfermedad profesional, maternidad, paternidad... \u00bfC\u00f3mo se gestiona cada una?\" \/>\n<meta property=\"og:url\" content=\"https:\/\/www.bizneo.com\/blog\/tipos-de-baja-laboral-y-como-gestionarlas\/\" \/>\n<meta property=\"og:site_name\" content=\"Blog de Recursos Humanos de Bizneo HR: pr\u00e1ctico y actual\" \/>\n<meta property=\"article:published_time\" content=\"2019-12-24T13:55:29+00:00\" \/>\n<meta property=\"article:modified_time\" content=\"2026-02-01T19:07:14+00:00\" \/>\n<meta property=\"og:image\" content=\"https:\/\/www.bizneo.com\/blog\/wp-content\/uploads\/2019\/12\/tipos-de-baja-laboral.jpg\" \/>\n\t<meta property=\"og:image:width\" content=\"1140\" \/>\n\t<meta property=\"og:image:height\" content=\"640\" \/>\n\t<meta property=\"og:image:type\" content=\"image\/jpeg\" \/>\n<meta name=\"author\" content=\"Administrador\" \/>\n<meta name=\"twitter:card\" content=\"summary_large_image\" \/>\n<meta name=\"twitter:label1\" content=\"Escrito por\" \/>\n\t<meta name=\"twitter:data1\" content=\"Administrador\" \/>\n\t<meta name=\"twitter:label2\" content=\"Tiempo de lectura\" \/>\n\t<meta name=\"twitter:data2\" content=\"118 minutos\" \/>\n<script type=\"application\/ld+json\" class=\"yoast-schema-graph\">{\"@context\":\"https:\\\/\\\/schema.org\",\"@graph\":[{\"@type\":[\"Article\",\"BlogPosting\"],\"@id\":\"https:\\\/\\\/www.bizneo.com\\\/blog\\\/tipos-de-baja-laboral-y-como-gestionarlas\\\/#article\",\"isPartOf\":{\"@id\":\"https:\\\/\\\/www.bizneo.com\\\/blog\\\/tipos-de-baja-laboral-y-como-gestionarlas\\\/\"},\"author\":{\"name\":\"Administrador\",\"@id\":\"https:\\\/\\\/www.bizneo.com\\\/blog\\\/#\\\/schema\\\/person\\\/23f3b7a861d694d27c594a66068cb263\"},\"headline\":\"Tipos de baja laboral y c\u00f3mo gestionarlas\",\"datePublished\":\"2019-12-24T13:55:29+00:00\",\"dateModified\":\"2026-02-01T19:07:14+00:00\",\"mainEntityOfPage\":{\"@id\":\"https:\\\/\\\/www.bizneo.com\\\/blog\\\/tipos-de-baja-laboral-y-como-gestionarlas\\\/\"},\"wordCount\":2239,\"commentCount\":8,\"publisher\":{\"@id\":\"https:\\\/\\\/www.bizneo.com\\\/blog\\\/#organization\"},\"image\":{\"@id\":\"https:\\\/\\\/www.bizneo.com\\\/blog\\\/tipos-de-baja-laboral-y-como-gestionarlas\\\/#primaryimage\"},\"thumbnailUrl\":\"https:\\\/\\\/www.bizneo.com\\\/blog\\\/wp-content\\\/uploads\\\/2019\\\/12\\\/tipos-de-baja-laboral.jpg\",\"articleSection\":[\"Gesti\u00f3n del Tiempo\"],\"inLanguage\":\"es\",\"potentialAction\":[{\"@type\":\"CommentAction\",\"name\":\"Comment\",\"target\":[\"https:\\\/\\\/www.bizneo.com\\\/blog\\\/tipos-de-baja-laboral-y-como-gestionarlas\\\/#respond\"]}]},{\"@type\":\"WebPage\",\"@id\":\"https:\\\/\\\/www.bizneo.com\\\/blog\\\/tipos-de-baja-laboral-y-como-gestionarlas\\\/\",\"url\":\"https:\\\/\\\/www.bizneo.com\\\/blog\\\/tipos-de-baja-laboral-y-como-gestionarlas\\\/\",\"name\":\"Tipos de baja laboral | Gu\u00eda pr\u00e1ctica para gestionarlas f\u00e1cilmente\",\"isPartOf\":{\"@id\":\"https:\\\/\\\/www.bizneo.com\\\/blog\\\/#website\"},\"primaryImageOfPage\":{\"@id\":\"https:\\\/\\\/www.bizneo.com\\\/blog\\\/tipos-de-baja-laboral-y-como-gestionarlas\\\/#primaryimage\"},\"image\":{\"@id\":\"https:\\\/\\\/www.bizneo.com\\\/blog\\\/tipos-de-baja-laboral-y-como-gestionarlas\\\/#primaryimage\"},\"thumbnailUrl\":\"https:\\\/\\\/www.bizneo.com\\\/blog\\\/wp-content\\\/uploads\\\/2019\\\/12\\\/tipos-de-baja-laboral.jpg\",\"datePublished\":\"2019-12-24T13:55:29+00:00\",\"dateModified\":\"2026-02-01T19:07:14+00:00\",\"description\":\"Existen diferentes tipos de baja laboral: por enfermedad com\u00fan, enfermedad profesional, maternidad, paternidad... \u00bfC\u00f3mo se gestiona cada una?\",\"breadcrumb\":{\"@id\":\"https:\\\/\\\/www.bizneo.com\\\/blog\\\/tipos-de-baja-laboral-y-como-gestionarlas\\\/#breadcrumb\"},\"inLanguage\":\"es\",\"potentialAction\":[{\"@type\":\"ReadAction\",\"target\":[\"https:\\\/\\\/www.bizneo.com\\\/blog\\\/tipos-de-baja-laboral-y-como-gestionarlas\\\/\"]}]},{\"@type\":\"ImageObject\",\"inLanguage\":\"es\",\"@id\":\"https:\\\/\\\/www.bizneo.com\\\/blog\\\/tipos-de-baja-laboral-y-como-gestionarlas\\\/#primaryimage\",\"url\":\"https:\\\/\\\/www.bizneo.com\\\/blog\\\/wp-content\\\/uploads\\\/2019\\\/12\\\/tipos-de-baja-laboral.jpg\",\"contentUrl\":\"https:\\\/\\\/www.bizneo.com\\\/blog\\\/wp-content\\\/uploads\\\/2019\\\/12\\\/tipos-de-baja-laboral.jpg\",\"width\":1140,\"height\":640,\"caption\":\"tipos de baja laboral\"},{\"@type\":\"BreadcrumbList\",\"@id\":\"https:\\\/\\\/www.bizneo.com\\\/blog\\\/tipos-de-baja-laboral-y-como-gestionarlas\\\/#breadcrumb\",\"itemListElement\":[{\"@type\":\"ListItem\",\"position\":1,\"name\":\"Portada\",\"item\":\"https:\\\/\\\/www.bizneo.com\\\/blog\\\/\"},{\"@type\":\"ListItem\",\"position\":2,\"name\":\"Gesti\u00f3n del Tiempo\",\"item\":\"https:\\\/\\\/www.bizneo.com\\\/blog\\\/category\\\/gestion-del-tiempo\\\/\"},{\"@type\":\"ListItem\",\"position\":3,\"name\":\"Tipos de baja laboral y c\u00f3mo gestionarlas\"}]},{\"@type\":\"WebSite\",\"@id\":\"https:\\\/\\\/www.bizneo.com\\\/blog\\\/#website\",\"url\":\"https:\\\/\\\/www.bizneo.com\\\/blog\\\/\",\"name\":\"Blog de Recursos Humanos de Bizneo HR: pr\u00e1ctico y actual\",\"description\":\"Todo sobre actualidad, herramientas y tecnolog\u00eda  para optimizar la gesti\u00f3n del talento humano\",\"publisher\":{\"@id\":\"https:\\\/\\\/www.bizneo.com\\\/blog\\\/#organization\"},\"potentialAction\":[{\"@type\":\"SearchAction\",\"target\":{\"@type\":\"EntryPoint\",\"urlTemplate\":\"https:\\\/\\\/www.bizneo.com\\\/blog\\\/?s={search_term_string}\"},\"query-input\":{\"@type\":\"PropertyValueSpecification\",\"valueRequired\":true,\"valueName\":\"search_term_string\"}}],\"inLanguage\":\"es\"},{\"@type\":\"Organization\",\"@id\":\"https:\\\/\\\/www.bizneo.com\\\/blog\\\/#organization\",\"name\":\"Bizneo HR\",\"url\":\"https:\\\/\\\/www.bizneo.com\\\/blog\\\/\",\"logo\":{\"@type\":\"ImageObject\",\"inLanguage\":\"es\",\"@id\":\"https:\\\/\\\/www.bizneo.com\\\/blog\\\/#\\\/schema\\\/logo\\\/image\\\/\",\"url\":\"https:\\\/\\\/www.bizneo.com\\\/blog\\\/wp-content\\\/uploads\\\/2020\\\/09\\\/Icono-Logo-Bizneo-HR.png\",\"contentUrl\":\"https:\\\/\\\/www.bizneo.com\\\/blog\\\/wp-content\\\/uploads\\\/2020\\\/09\\\/Icono-Logo-Bizneo-HR.png\",\"width\":834,\"height\":834,\"caption\":\"Bizneo HR\"},\"image\":{\"@id\":\"https:\\\/\\\/www.bizneo.com\\\/blog\\\/#\\\/schema\\\/logo\\\/image\\\/\"}},{\"@type\":\"Person\",\"@id\":\"https:\\\/\\\/www.bizneo.com\\\/blog\\\/#\\\/schema\\\/person\\\/23f3b7a861d694d27c594a66068cb263\",\"name\":\"Administrador\",\"image\":{\"@type\":\"ImageObject\",\"inLanguage\":\"es\",\"@id\":\"https:\\\/\\\/secure.gravatar.com\\\/avatar\\\/5240687c03eb00a22ec4ce88f6f19c78d1de2f9e3c062c75d4dda4e8ffbdc4f6?s=96&d=mm&r=g\",\"url\":\"https:\\\/\\\/secure.gravatar.com\\\/avatar\\\/5240687c03eb00a22ec4ce88f6f19c78d1de2f9e3c062c75d4dda4e8ffbdc4f6?s=96&d=mm&r=g\",\"contentUrl\":\"https:\\\/\\\/secure.gravatar.com\\\/avatar\\\/5240687c03eb00a22ec4ce88f6f19c78d1de2f9e3c062c75d4dda4e8ffbdc4f6?s=96&d=mm&r=g\",\"caption\":\"Administrador\"},\"url\":\"https:\\\/\\\/www.bizneo.com\\\/blog\\\/author\\\/sistemas\\\/\"}]}<\/script>\n<!-- \/ Yoast SEO plugin. -->","yoast_head_json":{"title":"Tipos de baja laboral | Gu\u00eda pr\u00e1ctica para gestionarlas f\u00e1cilmente","description":"Existen diferentes tipos de baja laboral: por enfermedad com\u00fan, enfermedad profesional, maternidad, paternidad... \u00bfC\u00f3mo se gestiona cada una?","robots":{"index":"index","follow":"follow","max-snippet":"max-snippet:-1","max-image-preview":"max-image-preview:large","max-video-preview":"max-video-preview:-1"},"og_locale":"es_ES","og_type":"article","og_title":"Tipos de baja laboral | Gu\u00eda pr\u00e1ctica para gestionarlas f\u00e1cilmente","og_description":"Existen diferentes tipos de baja laboral: por enfermedad com\u00fan, enfermedad profesional, maternidad, paternidad... \u00bfC\u00f3mo se gestiona cada una?","og_url":"https:\/\/www.bizneo.com\/blog\/tipos-de-baja-laboral-y-como-gestionarlas\/","og_site_name":"Blog de Recursos Humanos de Bizneo HR: pr\u00e1ctico y actual","article_published_time":"2019-12-24T13:55:29+00:00","article_modified_time":"2026-02-01T19:07:14+00:00","og_image":[{"width":1140,"height":640,"url":"https:\/\/www.bizneo.com\/blog\/wp-content\/uploads\/2019\/12\/tipos-de-baja-laboral.jpg","type":"image\/jpeg"}],"author":"Administrador","twitter_card":"summary_large_image","twitter_misc":{"Escrito por":"Administrador","Tiempo de lectura":"118 minutos"},"schema":{"@context":"https:\/\/schema.org","@graph":[{"@type":["Article","BlogPosting"],"@id":"https:\/\/www.bizneo.com\/blog\/tipos-de-baja-laboral-y-como-gestionarlas\/#article","isPartOf":{"@id":"https:\/\/www.bizneo.com\/blog\/tipos-de-baja-laboral-y-como-gestionarlas\/"},"author":{"name":"Administrador","@id":"https:\/\/www.bizneo.com\/blog\/#\/schema\/person\/23f3b7a861d694d27c594a66068cb263"},"headline":"Tipos de baja laboral y c\u00f3mo gestionarlas","datePublished":"2019-12-24T13:55:29+00:00","dateModified":"2026-02-01T19:07:14+00:00","mainEntityOfPage":{"@id":"https:\/\/www.bizneo.com\/blog\/tipos-de-baja-laboral-y-como-gestionarlas\/"},"wordCount":2239,"commentCount":8,"publisher":{"@id":"https:\/\/www.bizneo.com\/blog\/#organization"},"image":{"@id":"https:\/\/www.bizneo.com\/blog\/tipos-de-baja-laboral-y-como-gestionarlas\/#primaryimage"},"thumbnailUrl":"https:\/\/www.bizneo.com\/blog\/wp-content\/uploads\/2019\/12\/tipos-de-baja-laboral.jpg","articleSection":["Gesti\u00f3n del Tiempo"],"inLanguage":"es","potentialAction":[{"@type":"CommentAction","name":"Comment","target":["https:\/\/www.bizneo.com\/blog\/tipos-de-baja-laboral-y-como-gestionarlas\/#respond"]}]},{"@type":"WebPage","@id":"https:\/\/www.bizneo.com\/blog\/tipos-de-baja-laboral-y-como-gestionarlas\/","url":"https:\/\/www.bizneo.com\/blog\/tipos-de-baja-laboral-y-como-gestionarlas\/","name":"Tipos de baja laboral | Gu\u00eda pr\u00e1ctica para gestionarlas f\u00e1cilmente","isPartOf":{"@id":"https:\/\/www.bizneo.com\/blog\/#website"},"primaryImageOfPage":{"@id":"https:\/\/www.bizneo.com\/blog\/tipos-de-baja-laboral-y-como-gestionarlas\/#primaryimage"},"image":{"@id":"https:\/\/www.bizneo.com\/blog\/tipos-de-baja-laboral-y-como-gestionarlas\/#primaryimage"},"thumbnailUrl":"https:\/\/www.bizneo.com\/blog\/wp-content\/uploads\/2019\/12\/tipos-de-baja-laboral.jpg","datePublished":"2019-12-24T13:55:29+00:00","dateModified":"2026-02-01T19:07:14+00:00","description":"Existen diferentes tipos de baja laboral: por enfermedad com\u00fan, enfermedad profesional, maternidad, paternidad... \u00bfC\u00f3mo se gestiona cada una?","breadcrumb":{"@id":"https:\/\/www.bizneo.com\/blog\/tipos-de-baja-laboral-y-como-gestionarlas\/#breadcrumb"},"inLanguage":"es","potentialAction":[{"@type":"ReadAction","target":["https:\/\/www.bizneo.com\/blog\/tipos-de-baja-laboral-y-como-gestionarlas\/"]}]},{"@type":"ImageObject","inLanguage":"es","@id":"https:\/\/www.bizneo.com\/blog\/tipos-de-baja-laboral-y-como-gestionarlas\/#primaryimage","url":"https:\/\/www.bizneo.com\/blog\/wp-content\/uploads\/2019\/12\/tipos-de-baja-laboral.jpg","contentUrl":"https:\/\/www.bizneo.com\/blog\/wp-content\/uploads\/2019\/12\/tipos-de-baja-laboral.jpg","width":1140,"height":640,"caption":"tipos de baja laboral"},{"@type":"BreadcrumbList","@id":"https:\/\/www.bizneo.com\/blog\/tipos-de-baja-laboral-y-como-gestionarlas\/#breadcrumb","itemListElement":[{"@type":"ListItem","position":1,"name":"Portada","item":"https:\/\/www.bizneo.com\/blog\/"},{"@type":"ListItem","position":2,"name":"Gesti\u00f3n del Tiempo","item":"https:\/\/www.bizneo.com\/blog\/category\/gestion-del-tiempo\/"},{"@type":"ListItem","position":3,"name":"Tipos de baja laboral y c\u00f3mo gestionarlas"}]},{"@type":"WebSite","@id":"https:\/\/www.bizneo.com\/blog\/#website","url":"https:\/\/www.bizneo.com\/blog\/","name":"Blog de Recursos Humanos de Bizneo HR: pr\u00e1ctico y actual","description":"Todo sobre actualidad, herramientas y tecnolog\u00eda  para optimizar la gesti\u00f3n del talento humano","publisher":{"@id":"https:\/\/www.bizneo.com\/blog\/#organization"},"potentialAction":[{"@type":"SearchAction","target":{"@type":"EntryPoint","urlTemplate":"https:\/\/www.bizneo.com\/blog\/?s={search_term_string}"},"query-input":{"@type":"PropertyValueSpecification","valueRequired":true,"valueName":"search_term_string"}}],"inLanguage":"es"},{"@type":"Organization","@id":"https:\/\/www.bizneo.com\/blog\/#organization","name":"Bizneo HR","url":"https:\/\/www.bizneo.com\/blog\/","logo":{"@type":"ImageObject","inLanguage":"es","@id":"https:\/\/www.bizneo.com\/blog\/#\/schema\/logo\/image\/","url":"https:\/\/www.bizneo.com\/blog\/wp-content\/uploads\/2020\/09\/Icono-Logo-Bizneo-HR.png","contentUrl":"https:\/\/www.bizneo.com\/blog\/wp-content\/uploads\/2020\/09\/Icono-Logo-Bizneo-HR.png","width":834,"height":834,"caption":"Bizneo HR"},"image":{"@id":"https:\/\/www.bizneo.com\/blog\/#\/schema\/logo\/image\/"}},{"@type":"Person","@id":"https:\/\/www.bizneo.com\/blog\/#\/schema\/person\/23f3b7a861d694d27c594a66068cb263","name":"Administrador","image":{"@type":"ImageObject","inLanguage":"es","@id":"https:\/\/secure.gravatar.com\/avatar\/5240687c03eb00a22ec4ce88f6f19c78d1de2f9e3c062c75d4dda4e8ffbdc4f6?s=96&d=mm&r=g","url":"https:\/\/secure.gravatar.com\/avatar\/5240687c03eb00a22ec4ce88f6f19c78d1de2f9e3c062c75d4dda4e8ffbdc4f6?s=96&d=mm&r=g","contentUrl":"https:\/\/secure.gravatar.com\/avatar\/5240687c03eb00a22ec4ce88f6f19c78d1de2f9e3c062c75d4dda4e8ffbdc4f6?s=96&d=mm&r=g","caption":"Administrador"},"url":"https:\/\/www.bizneo.com\/blog\/author\/sistemas\/"}]}},"spectra_custom_meta":{"_is_githuber_markdown":["1"],"_edit_lock":["1769972853:47"],"_edit_last":["47"],"_is_githuber_mermaid":[""],"_is_githuber_katex":[""],"_yoast_wpseo_content_score":["90"],"_yoast_wpseo_primary_category":["89"],"_vce_meta":["a:4:{s:11:\"use_sidebar\";s:7:\"inherit\";s:7:\"sidebar\";s:7:\"inherit\";s:14:\"sticky_sidebar\";s:7:\"inherit\";s:6:\"layout\";s:7:\"inherit\";}"],"_yoast_wpseo_focuskw":["tipos de baja laboral"],"_yoast_wpseo_title":["Tipos de baja laboral | Gu\u00eda pr\u00e1ctica para gestionarlas f\u00e1cilmente"],"_yoast_wpseo_metadesc":["Existen diferentes tipos de baja laboral: por enfermedad com\u00fan, enfermedad profesional, maternidad, paternidad... \u00bfC\u00f3mo se gestiona cada una?"],"_yoast_wpseo_linkdex":["91"],"_is_githuber_markdown_enabled":["no"],"_thumbnail_id":["7340"],"onesignal_meta_box_present":["1"],"onesignal_send_notification":[""],"Views":["35631"],"_githuber_prismjs":[""],"_githuber_highlightjs":[""],"_is_githuber_sequence":[""],"_is_githuber_flow_chart":[""],"_is_githuber_mathjax":[""],"onesignal_modify_title_and_content":[""],"onesignal_notification_custom_heading":[null],"onesignal_notification_custom_content":[null],"wp_review_type":["none"],"_yoast_wpseo_estimated-reading-time-minutes":["118"],"response_body":["{\"id\":\"a325a7ed-c83a-4da7-8c12-d53c1ae3feec\",\"recipients\":10000,\"external_id\":\"8c4ec698-daac-d521-30fd-ab3882efd40f\",\"warnings\":[\"You must configure iOS notifications in your OneSignal settings if you wish to send messages to iOS users.\",\"You must configure Android notifications in your OneSignal settings if you wish to send messages to Android users.\"]}"],"status":["200"],"recipients":["10000"],"_at_widget":["1"],"wp_review_positive_count":["0"],"wp_review_negative_count":["0"],"_yoast_wpseo_wordproof_timestamp":[""],"wp_review_user_reviews":["0"],"wp_review_review_count":["0"],"_uag_css_file_name":["uag-css-7338.css"],"_uag_page_assets":["a:9:{s:3:\"css\";s:263:\".uag-blocks-common-selector{z-index:var(--z-index-desktop) !important}@media (max-width: 976px){.uag-blocks-common-selector{z-index:var(--z-index-tablet) !important}}@media (max-width: 767px){.uag-blocks-common-selector{z-index:var(--z-index-mobile) !important}}\n\";s:2:\"js\";s:0:\"\";s:18:\"current_block_list\";a:8:{i:0;s:14:\"core\/paragraph\";i:1;s:12:\"core\/heading\";i:2;s:10:\"core\/image\";i:3;s:9:\"core\/list\";i:4;s:14:\"core\/list-item\";i:5;s:9:\"core\/html\";i:6;s:12:\"core\/details\";i:7;s:14:\"core\/shortcode\";}s:8:\"uag_flag\";b:0;s:11:\"uag_version\";s:10:\"1777548730\";s:6:\"gfonts\";a:0:{}s:10:\"gfonts_url\";s:0:\"\";s:12:\"gfonts_files\";a:0:{}s:14:\"uag_faq_layout\";b:0;}"]},"uagb_featured_image_src":{"full":["https:\/\/www.bizneo.com\/blog\/wp-content\/uploads\/2019\/12\/tipos-de-baja-laboral.jpg",1140,640,false],"thumbnail":["https:\/\/www.bizneo.com\/blog\/wp-content\/uploads\/2019\/12\/tipos-de-baja-laboral-150x150.jpg",150,150,true],"medium":["https:\/\/www.bizneo.com\/blog\/wp-content\/uploads\/2019\/12\/tipos-de-baja-laboral-300x168.jpg",300,168,true],"medium_large":["https:\/\/www.bizneo.com\/blog\/wp-content\/uploads\/2019\/12\/tipos-de-baja-laboral-768x431.jpg",768,431,true],"large":["https:\/\/www.bizneo.com\/blog\/wp-content\/uploads\/2019\/12\/tipos-de-baja-laboral-1024x575.jpg",1024,575,true],"1536x1536":["https:\/\/www.bizneo.com\/blog\/wp-content\/uploads\/2019\/12\/tipos-de-baja-laboral.jpg",1140,640,false],"2048x2048":["https:\/\/www.bizneo.com\/blog\/wp-content\/uploads\/2019\/12\/tipos-de-baja-laboral.jpg",1140,640,false]},"uagb_author_info":{"display_name":"Administrador","author_link":"https:\/\/www.bizneo.com\/blog\/author\/sistemas\/"},"uagb_comment_info":8,"uagb_excerpt":"Las bajas laborales pueden ser producto de enfermedades o accidentes, pero tambi\u00e9n producirse como consecuencia del nacimiento de un hijo. Descubre todos los tipos.","_links":{"self":[{"href":"https:\/\/www.bizneo.com\/blog\/wp-json\/wp\/v2\/posts\/7338","targetHints":{"allow":["GET"]}}],"collection":[{"href":"https:\/\/www.bizneo.com\/blog\/wp-json\/wp\/v2\/posts"}],"about":[{"href":"https:\/\/www.bizneo.com\/blog\/wp-json\/wp\/v2\/types\/post"}],"author":[{"embeddable":true,"href":"https:\/\/www.bizneo.com\/blog\/wp-json\/wp\/v2\/users\/1"}],"replies":[{"embeddable":true,"href":"https:\/\/www.bizneo.com\/blog\/wp-json\/wp\/v2\/comments?post=7338"}],"version-history":[{"count":52,"href":"https:\/\/www.bizneo.com\/blog\/wp-json\/wp\/v2\/posts\/7338\/revisions"}],"predecessor-version":[{"id":59662,"href":"https:\/\/www.bizneo.com\/blog\/wp-json\/wp\/v2\/posts\/7338\/revisions\/59662"}],"wp:featuredmedia":[{"embeddable":true,"href":"https:\/\/www.bizneo.com\/blog\/wp-json\/wp\/v2\/media\/7340"}],"wp:attachment":[{"href":"https:\/\/www.bizneo.com\/blog\/wp-json\/wp\/v2\/media?parent=7338"}],"wp:term":[{"taxonomy":"category","embeddable":true,"href":"https:\/\/www.bizneo.com\/blog\/wp-json\/wp\/v2\/categories?post=7338"},{"taxonomy":"post_tag","embeddable":true,"href":"https:\/\/www.bizneo.com\/blog\/wp-json\/wp\/v2\/tags?post=7338"}],"curies":[{"name":"wp","href":"https:\/\/api.w.org\/{rel}","templated":true}]}}