{"id":6540,"date":"2019-11-29T14:31:12","date_gmt":"2019-11-29T13:31:12","guid":{"rendered":"https:\/\/www.bizneo.com\/blog\/?p=6540"},"modified":"2026-02-01T20:11:32","modified_gmt":"2026-02-01T19:11:32","slug":"capacitacion-laboral","status":"publish","type":"post","link":"https:\/\/www.bizneo.com\/blog\/capacitacion-laboral\/","title":{"rendered":"C\u00f3mo crear un buen plan de capacitaci\u00f3n laboral"},"content":{"rendered":"\n<p>Las din\u00e1micas laborales y las necesidades de los mercados se encuentran en constante evoluci\u00f3n. Una forma de <strong>mantener a los equipos de trabajo al d\u00eda para responder a los cambios<\/strong> es la capacitaci\u00f3n laboral, un plan que debe ser estructurado por la empresa en base tambi\u00e9n a los <strong>intereses<\/strong> de sus empleados, su<strong> <a href=\"\/blog\/gestion-del-potencial-humano\/\" target=\"_blank\" rel=\"noreferrer noopener\" data-wpel-link=\"internal\">potencial<\/a><\/strong> y el <strong>enfoque de la organizaci\u00f3n. <\/strong><\/p>\n\n\n\n<p><strong>Pero vayamos con m\u00e1s detalles.<\/strong><\/p>\n\n\n\n<h2 class=\"wp-block-heading\">\u00bfQu\u00e9 es la capacitaci\u00f3n laboral?<\/h2>\n\n\n\n<p>La capacitaci\u00f3n laboral es un <strong>proceso de formaci\u00f3n que busca desarrollar las habilidades, conocimientos y capacidades de los empleados para mejorar su rendimiento<\/strong> en el trabajo. Se trata de un procedimiento formativo continuo que permite a los trabajadores<strong> estar actualizados con las \u00faltimas habilidades y tendencias,<\/strong> potenciar su desempe\u00f1o y contribuir al \u00e9xito de la empresa.<\/p>\n\n\n\n<p>Por lo general, la capacitaci\u00f3n laboral <strong>se produce ante un ascenso o incorporaci\u00f3n<\/strong>. La empresa valora al empleado y le facilita la adaptaci\u00f3n a trav\u00e9s de la capacitaci\u00f3n personal con base en sus nuevas funciones para que pueda ofrecer mejores resultados a partir de las metas planteadas dentro de la empresa.&nbsp;<\/p>\n\n\n\n<p>Sin embargo, el ascenso o la incorporaci\u00f3n no deben ser las \u00fanicas circunstancias en las que la capacitaci\u00f3n laboral es necesaria. Lo ideal es que las empresa<strong>s desarrollen este m\u00e9todo de forma contin\u00faa<\/strong>, ya que la constante formaci\u00f3n de su personal deriva en resultados positivos tanto para el grupo de trabajo como para la organizaci\u00f3n.<\/p>\n\n\n\n<bzn-info><a href=\"\/blog\/plan-de-carrera-profesional\/\" id=\"destacado-post\" target=\"_blank\" rel=\"noopener noreferrer\" data-wpel-link=\"internal\"><span class=\"bzn-link-title\"><strong>C\u00f3mo dise\u00f1ar un plan de carrera profesional <\/strong> <\/span><br>9 pasos para implementar un plan de crecimiento para tu plantilla.<\/a><\/br><\/bzn-info>\n\n\n\n<p><\/p>\n\n\n\n<h2 class=\"wp-block-heading\">Tipos de capacitaci\u00f3n laboral o conocimientos<\/h2>\n\n\n\n<p>La capacitaci\u00f3n laboral es una de las pr\u00e1cticas clave dentro de la filosof\u00eda de cada organizaci\u00f3n. Su desarrollo<strong> favorece la adaptaci\u00f3n de los trabajadores <\/strong>a la vez que cultiva los valores y enfoque de la empresa dentro del grupo de trabajo. Hay distintos tipos de capacitaciones personales.<\/p>\n\n\n\n<h3 class=\"wp-block-heading\">Capacitaci\u00f3n laboral de conocimiento operativo<\/h3>\n\n\n\n<p>Esta capacitaci\u00f3n laboral se basa en <strong>habilidades, m\u00e9todos de trabajo y herramientas<\/strong> orientados a fomentar el desarrollo del empleado, para contribuir a su crecimiento con el objetivo de mejorar su productividad a trav\u00e9s de tareas conocidas o nuevas funciones dentro de la organizaci\u00f3n.<\/p>\n\n\n\n<h3 class=\"wp-block-heading\">Conocimiento proactivo<\/h3>\n\n\n\n<p>Este tipo de capacitaci\u00f3n personal se basa en las fortalezas personales del empleado. A partir de ellas, se fomenta su desarrollo a trav\u00e9s de distintos m\u00e9todos. De esa manera, al trabajador se le brindan<strong> herramientas para anticipar escenarios<\/strong>, incrementar la competitividad dentro de la organizaci\u00f3n y aportar perspectiva e innovaci\u00f3n al grupo de trabajo.<\/p>\n\n\n\n<h3 class=\"wp-block-heading\">Capacitaci\u00f3n laboral en conocimientos b\u00e1sicos<\/h3>\n\n\n\n<p>Esta <a href=\"\/blog\/capacitacion-de-personal\/\" target=\"_blank\" rel=\"noreferrer noopener\" data-wpel-link=\"internal\">capacitaci\u00f3n de personal<\/a> se centra en la inducci\u00f3n y capacitaci\u00f3n b\u00e1sicas para desempe\u00f1ar tareas sin que esto implique un cambio en la estructura de la organizaci\u00f3n. Se basa en <strong>reproductibilidad, informaci\u00f3n y <\/strong><a href=\"\/blog\/formacion-de-los-trabajadores\/\" target=\"_blank\" rel=\"noreferrer noopener\" data-wpel-link=\"internal\"><strong>formaci\u00f3n<\/strong><\/a> de acuerdo con el puesto de trabajo.<\/p>\n\n\n\n<h3 class=\"wp-block-heading\">Conocimientos clave<\/h3>\n\n\n\n<p>Los conocimientos clave son aquellos que aportan un<strong> factor diferenciador dentro la organizaci\u00f3n<\/strong>. Este tipo de capacitaci\u00f3n laboral debe ser prioritaria dentro de la empresa, ya que le permite diferenciarse dentro de un mercado laboral cada vez m\u00e1s competitivo.<\/p>\n\n\n\n<figure class=\"wp-block-image size-large\"><a href=\"https:\/\/hello.bizneo.com\/kit\/evaluaciones\/?utm_content=post-KIT-Talento\" data-wpel-link=\"internal\" target=\"_blank\"><img decoding=\"async\" width=\"1024\" height=\"307\" src=\"https:\/\/www.bizneo.com\/blog\/wp-content\/uploads\/2023\/03\/Kit-talento-1024x307.png\" alt=\"Kit de Talento y Desempe\u00f1o\" class=\"wp-image-39181\" srcset=\"https:\/\/www.bizneo.com\/blog\/wp-content\/uploads\/2023\/03\/Kit-talento-1024x307.png 1024w, https:\/\/www.bizneo.com\/blog\/wp-content\/uploads\/2023\/03\/Kit-talento-300x90.png 300w, https:\/\/www.bizneo.com\/blog\/wp-content\/uploads\/2023\/03\/Kit-talento-768x230.png 768w, https:\/\/www.bizneo.com\/blog\/wp-content\/uploads\/2023\/03\/Kit-talento-810x243.png 810w, https:\/\/www.bizneo.com\/blog\/wp-content\/uploads\/2023\/03\/Kit-talento-1140x342.png 1140w, https:\/\/www.bizneo.com\/blog\/wp-content\/uploads\/2023\/03\/Kit-talento.png 1360w\" sizes=\"(max-width: 1024px) 100vw, 1024px\" \/><\/a><\/figure>\n\n\n\n<h2 class=\"wp-block-heading\">Por qu\u00e9 es importante cuidar la capacitaci\u00f3n laboral<\/h2>\n\n\n\n<p>La capacitaci\u00f3n laboral permite que la empresa mantenga actualizado y preparado a su principal activo, <strong>el talento de sus profesionales<\/strong>. A trav\u00e9s de programas de actualizaci\u00f3n, cursos y mediante la aplicaci\u00f3n de otros m\u00e9todos, la compa\u00f1\u00eda evita que su cuerpo de empleados o profesionales en roles clave se desfase en relaci\u00f3n con otros competidores.<\/p>\n\n\n\n<p>Esta din\u00e1mica propicia que la empresa se mantenga al d\u00eda en cuanto a tendencias, m\u00e9todos de trabajos, programas y servicios, dependiendo de su perfil. A su vez, los empleados suelen valorar de buena manera ser parte de <strong>una empresa que se preocupa y ocupa por su formaci\u00f3n<\/strong>, por querer que sigan evolucionando como profesionales.<\/p>\n\n\n\n<p>Eso deriva en profesionales comprometidos y con sentido de pertenencia. Para ello, es necesario que la empresa establezcas planes de formaci\u00f3n enfocados en los perfiles profesionales que maneje para los empleados puedan seguir creciendo a trav\u00e9s de la capacitaci\u00f3n laboral.<\/p>\n\n\n\n<h2 class=\"wp-block-heading\">El primer paso de la capacitaci\u00f3n laboral: identificar las necesidades de formaci\u00f3n<\/h2>\n\n\n\n<p>La capacitaci\u00f3n laboral parte del conocimiento de las fortalezas y debilidades de la organizaci\u00f3n. De esa forma, <a href=\"https:\/\/www.bizneo.com\/blog\/recursos-humanos-funciones\/\" data-wpel-link=\"internal\" target=\"_blank\">Recursos Humanos<\/a> es consciente de cu\u00e1les son las \u00e1reas en las que debe centrar sus esfuerzos para alcanzar mejor\u00edas o evaluar constantemente para reconocer si es necesaria alguna capacitaci\u00f3n laboral.<\/p>\n\n\n\n<p>Se trata de evitar que la empresa <strong>se desfase en cuanto a conocimiento, din\u00e1micas de trabajos y productividad<\/strong>.  Y se logra con la evaluaci\u00f3n del trabajador.<\/p>\n\n\n\n<figure class=\"wp-block-image size-full\"><a href=\"\/es-mx\/software-evaluacion-de-desempeno\/\" target=\"_blank\" rel=\"noreferrer noopener\" data-wpel-link=\"internal\"><img decoding=\"async\" width=\"1125\" height=\"969\" src=\"https:\/\/www.bizneo.com\/blog\/wp-content\/uploads\/2020\/09\/Criterios-Evaluacion-por-competencias.webp\" alt=\"Criterios de evaluacio\u0301n de desempen\u0303o\" class=\"wp-image-16545\" srcset=\"https:\/\/www.bizneo.com\/blog\/wp-content\/uploads\/2020\/09\/Criterios-Evaluacion-por-competencias.webp 1125w, https:\/\/www.bizneo.com\/blog\/wp-content\/uploads\/2020\/09\/Criterios-Evaluacion-por-competencias-300x258.webp 300w, https:\/\/www.bizneo.com\/blog\/wp-content\/uploads\/2020\/09\/Criterios-Evaluacion-por-competencias-1024x882.webp 1024w, https:\/\/www.bizneo.com\/blog\/wp-content\/uploads\/2020\/09\/Criterios-Evaluacion-por-competencias-768x662.webp 768w, https:\/\/www.bizneo.com\/blog\/wp-content\/uploads\/2020\/09\/Criterios-Evaluacion-por-competencias-810x698.webp 810w\" sizes=\"(max-width: 1125px) 100vw, 1125px\" \/><\/a><\/figure>\n\n\n\n<p>A trav\u00e9s de un software de evaluaciones<strong> se puede identificar el talento clave de la organizaci\u00f3n<\/strong>, se ofrece un m\u00e9todo para preparar el desarrollo y las futuras <a href=\"\/blog\/plan-de-sucesion\/\" target=\"_blank\" rel=\"noreferrer noopener\" data-wpel-link=\"internal\">sucesiones<\/a> con datos fiables a futuro. Adem\u00e1s de esto, el software permite disminuir la incertidumbre, mejorar la motivaci\u00f3n, precisar las expectativas y objetivos. <\/p>\n\n\n\n<bzn-link><a href=\"\/es-mx\/software-evaluacion-de-desempeno\/\" target=\"_blank\" id=\"destacado-evaluaciones\" rel=\"noopener noreferrer\" data-wpel-link=\"internal\"><span class=\"bzn-link-title\">HAZ CLIC SI TE INTERESA UNA HERRAMIENTA PARA HACER EVALUACIONES<\/span>Descubre este software que es usado por pymes y grandes empresas<\/a><\/bzn-link>\n\n\n\n<p><\/p>\n\n\n\n<h2 class=\"wp-block-heading\">C\u00f3mo crear un buen plan de capacitaci\u00f3n laboral<\/h2>\n\n\n\n<p>El \u00e9xito de un adecuado plan de capacitaci\u00f3n laboral depende de su estructura y planificaci\u00f3n, adem\u00e1s de aspectos como los siguientes.<\/p>\n\n\n\n<h3 class=\"wp-block-heading\">Implementa un software de gesti\u00f3n de la capacitaci\u00f3n<\/h3>\n\n\n\n<figure class=\"wp-block-image size-full\"><a href=\"\/es-mx\/gestion-formacion\/\" target=\"_blank\" rel=\"noreferrer noopener\" data-wpel-link=\"internal\"><img decoding=\"async\" width=\"1500\" height=\"1081\" src=\"https:\/\/www.bizneo.com\/blog\/wp-content\/uploads\/2019\/11\/Software-de-capacitacion-laboral.webp\" alt=\"Portal del software de capacitaci\u00f3n de personal\" class=\"wp-image-18081\" srcset=\"https:\/\/www.bizneo.com\/blog\/wp-content\/uploads\/2019\/11\/Software-de-capacitacion-laboral.webp 1500w, https:\/\/www.bizneo.com\/blog\/wp-content\/uploads\/2019\/11\/Software-de-capacitacion-laboral-300x216.webp 300w, https:\/\/www.bizneo.com\/blog\/wp-content\/uploads\/2019\/11\/Software-de-capacitacion-laboral-1024x738.webp 1024w, https:\/\/www.bizneo.com\/blog\/wp-content\/uploads\/2019\/11\/Software-de-capacitacion-laboral-768x553.webp 768w, https:\/\/www.bizneo.com\/blog\/wp-content\/uploads\/2019\/11\/Software-de-capacitacion-laboral-810x584.webp 810w, https:\/\/www.bizneo.com\/blog\/wp-content\/uploads\/2019\/11\/Software-de-capacitacion-laboral-1140x822.webp 1140w\" sizes=\"(max-width: 1500px) 100vw, 1500px\" \/><\/a><\/figure>\n\n\n\n<p>Para un <a href=\"https:\/\/www.bizneo.com\/blog\/plan-de-capacitacion-de-personal\/\" data-wpel-link=\"internal\" target=\"_blank\">plan de capacitaci\u00f3n del personal<\/a> conviene tener una <a href=\"https:\/\/www.bizneo.com\/blog\/plataforma-lms\/\" data-wpel-link=\"internal\" target=\"_blank\">plataforma LMS<\/a>. Esta estructura funciona como <strong>una hoja de ruta en el corto, mediano y largo plazo<\/strong>. Esa planificaci\u00f3n es esencial para el \u00e9xito de los programas de formaci\u00f3n.<\/p>\n\n\n\n<p>Con base en esas premisas, <strong>contamos con un <a href=\"\/es-mx\/gestion-formacion\/\" data-wpel-link=\"internal\" target=\"_blank\">software para gesti\u00f3n de la formaci\u00f3n<\/a><\/strong>. Esta plataforma permitir\u00e1 desarrollar un <a href=\"\/blog\/plan-de-carrera\/\" target=\"_blank\" rel=\"noreferrer noopener\" data-wpel-link=\"internal\">plan de carrera<\/a> para perfiles clave dentro de la organizaci\u00f3n. Reducir\u00e1 la p\u00e9rdida de conocimiento o capital intelectual.<\/p>\n\n\n\n<p>Este servicio tambi\u00e9n<strong> permite cubrir posiciones clave con formaci\u00f3n especializada<\/strong>, as\u00ed como disponer de recursos necesarios para poder cubrir posiciones clave con formaci\u00f3n especializada y reducir el coste de formaci\u00f3n.<\/p>\n\n\n\n<figure class=\"wp-block-image size-full\"><a href=\"\/gestion-formacion\/\" data-wpel-link=\"internal\" target=\"_blank\"><img decoding=\"async\" width=\"1360\" height=\"204\" src=\"https:\/\/www.bizneo.com\/blog\/wp-content\/uploads\/2024\/02\/banner-medio-capacitacion.jpg\" alt=\"Software de formaci\u00f3n\" class=\"wp-image-44793\" srcset=\"https:\/\/www.bizneo.com\/blog\/wp-content\/uploads\/2024\/02\/banner-medio-capacitacion.jpg 1360w, https:\/\/www.bizneo.com\/blog\/wp-content\/uploads\/2024\/02\/banner-medio-capacitacion-300x45.jpg 300w, https:\/\/www.bizneo.com\/blog\/wp-content\/uploads\/2024\/02\/banner-medio-capacitacion-1024x154.jpg 1024w, https:\/\/www.bizneo.com\/blog\/wp-content\/uploads\/2024\/02\/banner-medio-capacitacion-768x115.jpg 768w, https:\/\/www.bizneo.com\/blog\/wp-content\/uploads\/2024\/02\/banner-medio-capacitacion-810x122.jpg 810w, https:\/\/www.bizneo.com\/blog\/wp-content\/uploads\/2024\/02\/banner-medio-capacitacion-1140x171.jpg 1140w\" sizes=\"(max-width: 1360px) 100vw, 1360px\" \/><\/a><\/figure>\n\n\n\n<h3 class=\"wp-block-heading\">Apuesta por la variedad de formatos<\/h3>\n\n\n\n<p>Una vez que se reconocen los fallos y las posibilidades de crecimiento dentro del equipo de trabajo, la capacitaci\u00f3n laboral debe estar enfocada en diversos tipos de cursos, programas, m\u00e9todos y actividades. <strong>La variedad de formatos propicia la efectividad<\/strong> y permite abarcar distintos recursos y formas de ense\u00f1anza de acuerdo con las necesidades o perfiles de los empleados.<\/p>\n\n\n\n<p>La organizaci\u00f3n puede disponer de m\u00e9todos como la <a href=\"https:\/\/www.bizneo.com\/blog\/gamificacion-en-recursos-humanos\/\" data-wpel-link=\"internal\" target=\"_blank\">gamificaci\u00f3n<\/a>, que consiste en la ense\u00f1anza a trav\u00e9s de diversos juegos; e-books, si se trata de orientar el aprendizaje de forma documental; y los v\u00eddeos, un recurso did\u00e1ctico y acorde con las tendencias contempor\u00e1neas de consumo de informaci\u00f3n. Entre otros.<\/p>\n\n\n\n<figure class=\"wp-block-image size-full\"><a href=\"\/es-mx\/gestion-formacion\/\" target=\"_blank\" rel=\"noreferrer noopener\" data-wpel-link=\"internal\"><img decoding=\"async\" src=\"https:\/\/www.bizneo.com\/blog\/wp-content\/uploads\/2023\/01\/App-de-gestion-de-formacion-1024x619.webp\" alt=\"software de formacion\" class=\"wp-image-17688\"\/><\/a><\/figure>\n\n\n\n<p>Nuestro programa se adapta a m\u00f3viles (versi\u00f3n app), tablets y permite una conectividad e integraci\u00f3n total. Un sistema de bolsillo para p<strong>otenciar el crecimiento de la plantilla est\u00e9n donde est\u00e9n.<\/strong><\/p>\n\n\n\n<h3 class=\"wp-block-heading\">Ad\u00e1ptate a las necesidades de tu empresa<\/h3>\n\n\n\n<p>La capacitaci\u00f3n laboral es una oportunidad para que la empresa <strong>mejore en aspectos en los que manifiesta falencias<\/strong>. Por eso es importante reconocer las necesidades de la organizaci\u00f3n y enfocar los esfuerzos en encontrar el mejor m\u00e9todo para cubrirlas a trav\u00e9s de la capacitaci\u00f3n de la plantilla.<\/p>\n\n\n\n<h3 class=\"wp-block-heading\">Piensa en tus empleados<\/h3>\n\n\n\n<p>El \u00e9xito de la capacitaci\u00f3n laboral est\u00e1 sujeta al reconocimiento del talento profesional con el que se cuenta. Ser consciente de los intereses y capacidades de los miembros de la organizaci\u00f3n <strong>permite estimar c\u00f3mo pueden evolucionar<\/strong>, mejorar sus prestaciones y crecer profesionalmente.<\/p>\n\n\n\n<p>Nuestro software asegura un<strong> registro seguro y eficiente del programa de capacitaci\u00f3n laboral.<\/strong> A partir de un cat\u00e1logo de cursos de f\u00e1cil gesti\u00f3n que permite la asignaci\u00f3n de tareas, b\u00fasqueda eficaz de contenido, la evaluaci\u00f3n e, incluso, el registro de los que participan y los que no, porque a\u00fan no forman parte del programa o no han podido incorporarse por distintas razones.&nbsp;<\/p>\n\n\n\n<figure class=\"wp-block-image size-full\"><a href=\"\/es-mx\/gestion-formacion\/\" target=\"_blank\" rel=\"noreferrer noopener\" data-wpel-link=\"internal\"><img decoding=\"async\" width=\"1500\" height=\"1094\" src=\"https:\/\/www.bizneo.com\/blog\/wp-content\/uploads\/2020\/11\/itinerario-formacion-trabajadores.webp\" alt=\"Control de un plan de capacitaci\u00f3n de personal\" class=\"wp-image-18068\" srcset=\"https:\/\/www.bizneo.com\/blog\/wp-content\/uploads\/2020\/11\/itinerario-formacion-trabajadores.webp 1500w, https:\/\/www.bizneo.com\/blog\/wp-content\/uploads\/2020\/11\/itinerario-formacion-trabajadores-300x219.webp 300w, https:\/\/www.bizneo.com\/blog\/wp-content\/uploads\/2020\/11\/itinerario-formacion-trabajadores-1024x747.webp 1024w, https:\/\/www.bizneo.com\/blog\/wp-content\/uploads\/2020\/11\/itinerario-formacion-trabajadores-768x560.webp 768w, https:\/\/www.bizneo.com\/blog\/wp-content\/uploads\/2020\/11\/itinerario-formacion-trabajadores-810x591.webp 810w, https:\/\/www.bizneo.com\/blog\/wp-content\/uploads\/2020\/11\/itinerario-formacion-trabajadores-1140x831.webp 1140w\" sizes=\"(max-width: 1500px) 100vw, 1500px\" \/><\/a><\/figure>\n\n\n\n<p>El sistema ofrece un control pormenorizado de todas estas acciones para <strong>facilitar la organizaci\u00f3n, el registro hist\u00f3rico y la planificaciones futuras.<\/strong><\/p>\n\n\n\n<h2 class=\"wp-block-heading\">Tipos de formaciones para un plan de capacitaci\u00f3n laboral<\/h2>\n\n\n\n<p>A trav\u00e9s de la capacitaci\u00f3n laboral, los empleados pueden incorporar habilidades y conocimientos vinculados con sus funciones dentro de la empresa o con nuevos roles para los cuales es necesario que experimenten alguna clase de capacitaciones. <strong>Estas se dividen en tres grupos.<\/strong><\/p>\n\n\n\n<h3 class=\"wp-block-heading\">Habilidades blandas y oficios<\/h3>\n\n\n\n<p>Esta capacitaci\u00f3n laboral est\u00e1 orientada en <strong>mejorar aspectos t\u00e9cnicos de un oficio o actividad,<\/strong> a trav\u00e9s de cursos y capacitaciones. Esta capacitaci\u00f3n del personal se adapta seg\u00fan los intereses, el enfoque, las necesidades de la empresa y el perfil del empleado.<\/p>\n\n\n\n<figure class=\"wp-block-image\"><a href=\"https:\/\/hello.bizneo.com\/el-triunfo-de-las-habilidades\/\" data-wpel-link=\"internal\" target=\"_blank\"><img decoding=\"async\" src=\"https:\/\/www.bizneo.com\/blog\/wp-content\/uploads\/2019\/02\/EvaluacionSoftskills.png\" alt=\"C\u00f3mo evaluar soft skills\"\/><\/a><\/figure>\n\n\n\n<h3 class=\"wp-block-heading\">Nivel de estudios<\/h3>\n\n\n\n<p>La formaci\u00f3n te\u00f3rica, aplicada a oficios u otras din\u00e1micas, junto con distintos programas de nivelaci\u00f3n de estudios y carreras profesionales; factores que <strong>contribuyen al crecimiento del equipo de trabajo<\/strong>.<\/p>\n\n\n\n<h3 class=\"wp-block-heading\">Idiomas y postgrados<\/h3>\n\n\n\n<p>Los idiomas permiten <strong>establecer puentes con otras culturas y formas de trabajo.<\/strong> Al estar en contacto con ellas, el empleado puede adaptarlas de acuerdo con los intereses de la empresa. Ocurre lo mismo con los postgrados. Ambos m\u00e9todos de capacitaci\u00f3n laboral contribuyen al crecimiento del personal y al enriquecimiento de la empresa a trav\u00e9s de su <a href=\"https:\/\/www.bizneo.com\/blog\/formacion-de-los-trabajadores\/\" data-wpel-link=\"internal\" target=\"_blank\">formaci\u00f3n<\/a>.<\/p>\n\n\n\n<figure class=\"wp-block-image size-large\"><a href=\"\/es-mx\/gestion-formacion\/\" target=\"_blank\" rel=\"noreferrer noopener\" data-wpel-link=\"internal\"><img decoding=\"async\" width=\"1360\" height=\"408\" src=\"https:\/\/www.bizneo.com\/blog\/wp-content\/uploads\/2021\/01\/Banner-grande-software-formacion-laboral.jpg\" alt=\"Software de capacitaci\u00f3n para empleados\" class=\"wp-image-19087\" srcset=\"https:\/\/www.bizneo.com\/blog\/wp-content\/uploads\/2021\/01\/Banner-grande-software-formacion-laboral.jpg 1360w, https:\/\/www.bizneo.com\/blog\/wp-content\/uploads\/2021\/01\/Banner-grande-software-formacion-laboral-300x90.jpg 300w, https:\/\/www.bizneo.com\/blog\/wp-content\/uploads\/2021\/01\/Banner-grande-software-formacion-laboral-1024x307.jpg 1024w, https:\/\/www.bizneo.com\/blog\/wp-content\/uploads\/2021\/01\/Banner-grande-software-formacion-laboral-768x230.jpg 768w, https:\/\/www.bizneo.com\/blog\/wp-content\/uploads\/2021\/01\/Banner-grande-software-formacion-laboral-810x243.jpg 810w, https:\/\/www.bizneo.com\/blog\/wp-content\/uploads\/2021\/01\/Banner-grande-software-formacion-laboral-1140x342.jpg 1140w\" sizes=\"(max-width: 1360px) 100vw, 1360px\" \/><\/a><\/figure>\n\n\n\n<p><br><\/p>\n","protected":false},"excerpt":{"rendered":"<p>La capacitaci\u00f3n laboral es clave para mejorar la motivaci\u00f3n de la plantilla, retener el talento interno y apostar por los planes de carrera.<\/p>\n","protected":false},"author":10,"featured_media":32875,"comment_status":"open","ping_status":"open","sticky":false,"template":"","format":"standard","meta":{"_uag_custom_page_level_css":"","site-sidebar-layout":"default","site-content-layout":"","ast-site-content-layout":"default","site-content-style":"default","site-sidebar-style":"default","ast-global-header-display":"","ast-banner-title-visibility":"","ast-main-header-display":"","ast-hfb-above-header-display":"","ast-hfb-below-header-display":"","ast-hfb-mobile-header-display":"","site-post-title":"","ast-breadcrumbs-content":"","ast-featured-img":"","footer-sml-layout":"","ast-disable-related-posts":"","theme-transparent-header-meta":"","adv-header-id-meta":"","stick-header-meta":"","header-above-stick-meta":"","header-main-stick-meta":"","header-below-stick-meta":"","astra-migrate-meta-layouts":"default","ast-page-background-enabled":"default","ast-page-background-meta":{"desktop":{"background-color":"var(--ast-global-color-5)","background-image":"","background-repeat":"repeat","background-position":"center center","background-size":"auto","background-attachment":"scroll","background-type":"","background-media":"","overlay-type":"","overlay-color":"","overlay-opacity":"","overlay-gradient":""},"tablet":{"background-color":"","background-image":"","background-repeat":"repeat","background-position":"center center","background-size":"auto","background-attachment":"scroll","background-type":"","background-media":"","overlay-type":"","overlay-color":"","overlay-opacity":"","overlay-gradient":""},"mobile":{"background-color":"","background-image":"","background-repeat":"repeat","background-position":"center center","background-size":"auto","background-attachment":"scroll","background-type":"","background-media":"","overlay-type":"","overlay-color":"","overlay-opacity":"","overlay-gradient":""}},"ast-content-background-meta":{"desktop":{"background-color":"var(--ast-global-color-4)","background-image":"","background-repeat":"repeat","background-position":"center center","background-size":"auto","background-attachment":"scroll","background-type":"","background-media":"","overlay-type":"","overlay-color":"","overlay-opacity":"","overlay-gradient":""},"tablet":{"background-color":"var(--ast-global-color-4)","background-image":"","background-repeat":"repeat","background-position":"center center","background-size":"auto","background-attachment":"scroll","background-type":"","background-media":"","overlay-type":"","overlay-color":"","overlay-opacity":"","overlay-gradient":""},"mobile":{"background-color":"var(--ast-global-color-4)","background-image":"","background-repeat":"repeat","background-position":"center center","background-size":"auto","background-attachment":"scroll","background-type":"","background-media":"","overlay-type":"","overlay-color":"","overlay-opacity":"","overlay-gradient":""}},"footnotes":""},"categories":[85,7],"tags":[18],"class_list":["post-6540","post","type-post","status-publish","format-standard","has-post-thumbnail","hentry","category-formacion","category-gestion-del-talento","tag-formacion-y-desarrollo"],"yoast_head":"<!-- This site is optimized with the Yoast SEO plugin v27.5 - https:\/\/yoast.com\/product\/yoast-seo-wordpress\/ -->\n<title>Capacitaci\u00f3n Laboral | C\u00f3mo desarrollar el talento de la plantilla<\/title>\n<meta name=\"description\" content=\"\u00bfQu\u00e9 tipos de capacitaci\u00f3n laboral o conocimientos podemos encontrar en una empresa y c\u00f3mo se pueden explotar para retener el talento?\" \/>\n<meta name=\"robots\" content=\"index, follow, max-snippet:-1, max-image-preview:large, max-video-preview:-1\" \/>\n<meta property=\"og:locale\" content=\"es_ES\" \/>\n<meta property=\"og:type\" content=\"article\" \/>\n<meta property=\"og:title\" content=\"Capacitaci\u00f3n Laboral | C\u00f3mo desarrollar el talento de la plantilla\" \/>\n<meta property=\"og:description\" content=\"\u00bfQu\u00e9 tipos de capacitaci\u00f3n laboral o conocimientos podemos encontrar en una empresa y c\u00f3mo se pueden explotar para retener el talento?\" \/>\n<meta property=\"og:url\" content=\"https:\/\/www.bizneo.com\/blog\/capacitacion-laboral\/\" \/>\n<meta property=\"og:site_name\" content=\"Blog de Recursos Humanos de Bizneo HR: pr\u00e1ctico y actual\" \/>\n<meta property=\"article:published_time\" content=\"2019-11-29T13:31:12+00:00\" \/>\n<meta property=\"article:modified_time\" content=\"2026-02-01T19:11:32+00:00\" \/>\n<meta property=\"og:image\" content=\"https:\/\/www.bizneo.com\/blog\/wp-content\/uploads\/2019\/11\/capacitacion-laboral.jpg\" \/>\n\t<meta property=\"og:image:width\" content=\"1140\" \/>\n\t<meta property=\"og:image:height\" content=\"640\" \/>\n\t<meta property=\"og:image:type\" content=\"image\/jpeg\" \/>\n<meta name=\"author\" content=\"\u00c1lvaro Andr\u00e9s\" \/>\n<meta name=\"twitter:card\" content=\"summary_large_image\" \/>\n<meta name=\"twitter:label1\" content=\"Escrito por\" \/>\n\t<meta name=\"twitter:data1\" content=\"\u00c1lvaro Andr\u00e9s\" \/>\n\t<meta name=\"twitter:label2\" content=\"Tiempo de lectura\" \/>\n\t<meta name=\"twitter:data2\" content=\"9 minutos\" \/>\n<script type=\"application\/ld+json\" class=\"yoast-schema-graph\">{\"@context\":\"https:\\\/\\\/schema.org\",\"@graph\":[{\"@type\":[\"Article\",\"BlogPosting\"],\"@id\":\"https:\\\/\\\/www.bizneo.com\\\/blog\\\/capacitacion-laboral\\\/#article\",\"isPartOf\":{\"@id\":\"https:\\\/\\\/www.bizneo.com\\\/blog\\\/capacitacion-laboral\\\/\"},\"author\":{\"name\":\"\u00c1lvaro Andr\u00e9s\",\"@id\":\"https:\\\/\\\/www.bizneo.com\\\/blog\\\/#\\\/schema\\\/person\\\/f932a31bafbfb0726b3071df66e72848\"},\"headline\":\"C\u00f3mo crear un buen plan de capacitaci\u00f3n laboral\",\"datePublished\":\"2019-11-29T13:31:12+00:00\",\"dateModified\":\"2026-02-01T19:11:32+00:00\",\"mainEntityOfPage\":{\"@id\":\"https:\\\/\\\/www.bizneo.com\\\/blog\\\/capacitacion-laboral\\\/\"},\"wordCount\":1624,\"commentCount\":2,\"publisher\":{\"@id\":\"https:\\\/\\\/www.bizneo.com\\\/blog\\\/#organization\"},\"image\":{\"@id\":\"https:\\\/\\\/www.bizneo.com\\\/blog\\\/capacitacion-laboral\\\/#primaryimage\"},\"thumbnailUrl\":\"https:\\\/\\\/www.bizneo.com\\\/blog\\\/wp-content\\\/uploads\\\/2019\\\/11\\\/capacitacion-laboral.jpg\",\"keywords\":[\"Formaci\u00f3n y Desarrollo\"],\"articleSection\":[\"Formaci\u00f3n\",\"Gesti\u00f3n del talento\"],\"inLanguage\":\"es\",\"potentialAction\":[{\"@type\":\"CommentAction\",\"name\":\"Comment\",\"target\":[\"https:\\\/\\\/www.bizneo.com\\\/blog\\\/capacitacion-laboral\\\/#respond\"]}]},{\"@type\":\"WebPage\",\"@id\":\"https:\\\/\\\/www.bizneo.com\\\/blog\\\/capacitacion-laboral\\\/\",\"url\":\"https:\\\/\\\/www.bizneo.com\\\/blog\\\/capacitacion-laboral\\\/\",\"name\":\"Capacitaci\u00f3n Laboral | C\u00f3mo desarrollar el talento de la plantilla\",\"isPartOf\":{\"@id\":\"https:\\\/\\\/www.bizneo.com\\\/blog\\\/#website\"},\"primaryImageOfPage\":{\"@id\":\"https:\\\/\\\/www.bizneo.com\\\/blog\\\/capacitacion-laboral\\\/#primaryimage\"},\"image\":{\"@id\":\"https:\\\/\\\/www.bizneo.com\\\/blog\\\/capacitacion-laboral\\\/#primaryimage\"},\"thumbnailUrl\":\"https:\\\/\\\/www.bizneo.com\\\/blog\\\/wp-content\\\/uploads\\\/2019\\\/11\\\/capacitacion-laboral.jpg\",\"datePublished\":\"2019-11-29T13:31:12+00:00\",\"dateModified\":\"2026-02-01T19:11:32+00:00\",\"description\":\"\u00bfQu\u00e9 tipos de capacitaci\u00f3n laboral o conocimientos podemos encontrar en una empresa y c\u00f3mo se pueden explotar para retener el talento?\",\"breadcrumb\":{\"@id\":\"https:\\\/\\\/www.bizneo.com\\\/blog\\\/capacitacion-laboral\\\/#breadcrumb\"},\"inLanguage\":\"es\",\"potentialAction\":[{\"@type\":\"ReadAction\",\"target\":[\"https:\\\/\\\/www.bizneo.com\\\/blog\\\/capacitacion-laboral\\\/\"]}]},{\"@type\":\"ImageObject\",\"inLanguage\":\"es\",\"@id\":\"https:\\\/\\\/www.bizneo.com\\\/blog\\\/capacitacion-laboral\\\/#primaryimage\",\"url\":\"https:\\\/\\\/www.bizneo.com\\\/blog\\\/wp-content\\\/uploads\\\/2019\\\/11\\\/capacitacion-laboral.jpg\",\"contentUrl\":\"https:\\\/\\\/www.bizneo.com\\\/blog\\\/wp-content\\\/uploads\\\/2019\\\/11\\\/capacitacion-laboral.jpg\",\"width\":1140,\"height\":640,\"caption\":\"capacitacion laboral\"},{\"@type\":\"BreadcrumbList\",\"@id\":\"https:\\\/\\\/www.bizneo.com\\\/blog\\\/capacitacion-laboral\\\/#breadcrumb\",\"itemListElement\":[{\"@type\":\"ListItem\",\"position\":1,\"name\":\"Portada\",\"item\":\"https:\\\/\\\/www.bizneo.com\\\/blog\\\/\"},{\"@type\":\"ListItem\",\"position\":2,\"name\":\"Gesti\u00f3n del talento\",\"item\":\"https:\\\/\\\/www.bizneo.com\\\/blog\\\/category\\\/gestion-del-talento\\\/\"},{\"@type\":\"ListItem\",\"position\":3,\"name\":\"C\u00f3mo crear un buen plan de capacitaci\u00f3n laboral\"}]},{\"@type\":\"WebSite\",\"@id\":\"https:\\\/\\\/www.bizneo.com\\\/blog\\\/#website\",\"url\":\"https:\\\/\\\/www.bizneo.com\\\/blog\\\/\",\"name\":\"Blog de Recursos Humanos de Bizneo HR: pr\u00e1ctico y actual\",\"description\":\"Todo sobre actualidad, herramientas y tecnolog\u00eda  para optimizar la gesti\u00f3n del talento humano\",\"publisher\":{\"@id\":\"https:\\\/\\\/www.bizneo.com\\\/blog\\\/#organization\"},\"potentialAction\":[{\"@type\":\"SearchAction\",\"target\":{\"@type\":\"EntryPoint\",\"urlTemplate\":\"https:\\\/\\\/www.bizneo.com\\\/blog\\\/?s={search_term_string}\"},\"query-input\":{\"@type\":\"PropertyValueSpecification\",\"valueRequired\":true,\"valueName\":\"search_term_string\"}}],\"inLanguage\":\"es\"},{\"@type\":\"Organization\",\"@id\":\"https:\\\/\\\/www.bizneo.com\\\/blog\\\/#organization\",\"name\":\"Bizneo HR\",\"url\":\"https:\\\/\\\/www.bizneo.com\\\/blog\\\/\",\"logo\":{\"@type\":\"ImageObject\",\"inLanguage\":\"es\",\"@id\":\"https:\\\/\\\/www.bizneo.com\\\/blog\\\/#\\\/schema\\\/logo\\\/image\\\/\",\"url\":\"https:\\\/\\\/www.bizneo.com\\\/blog\\\/wp-content\\\/uploads\\\/2020\\\/09\\\/Icono-Logo-Bizneo-HR.png\",\"contentUrl\":\"https:\\\/\\\/www.bizneo.com\\\/blog\\\/wp-content\\\/uploads\\\/2020\\\/09\\\/Icono-Logo-Bizneo-HR.png\",\"width\":834,\"height\":834,\"caption\":\"Bizneo HR\"},\"image\":{\"@id\":\"https:\\\/\\\/www.bizneo.com\\\/blog\\\/#\\\/schema\\\/logo\\\/image\\\/\"}},{\"@type\":\"Person\",\"@id\":\"https:\\\/\\\/www.bizneo.com\\\/blog\\\/#\\\/schema\\\/person\\\/f932a31bafbfb0726b3071df66e72848\",\"name\":\"\u00c1lvaro Andr\u00e9s\",\"image\":{\"@type\":\"ImageObject\",\"inLanguage\":\"es\",\"@id\":\"https:\\\/\\\/secure.gravatar.com\\\/avatar\\\/c6b277afc20d169a72d7f266c0f4e889c65d2c4ec098d46bc9fba0266f1cde35?s=96&d=mm&r=g\",\"url\":\"https:\\\/\\\/secure.gravatar.com\\\/avatar\\\/c6b277afc20d169a72d7f266c0f4e889c65d2c4ec098d46bc9fba0266f1cde35?s=96&d=mm&r=g\",\"contentUrl\":\"https:\\\/\\\/secure.gravatar.com\\\/avatar\\\/c6b277afc20d169a72d7f266c0f4e889c65d2c4ec098d46bc9fba0266f1cde35?s=96&d=mm&r=g\",\"caption\":\"\u00c1lvaro Andr\u00e9s\"},\"url\":\"https:\\\/\\\/www.bizneo.com\\\/blog\\\/author\\\/alvaroa\\\/\"}]}<\/script>\n<!-- \/ Yoast SEO plugin. -->","yoast_head_json":{"title":"Capacitaci\u00f3n Laboral | C\u00f3mo desarrollar el talento de la plantilla","description":"\u00bfQu\u00e9 tipos de capacitaci\u00f3n laboral o conocimientos podemos encontrar en una empresa y c\u00f3mo se pueden explotar para retener el talento?","robots":{"index":"index","follow":"follow","max-snippet":"max-snippet:-1","max-image-preview":"max-image-preview:large","max-video-preview":"max-video-preview:-1"},"og_locale":"es_ES","og_type":"article","og_title":"Capacitaci\u00f3n Laboral | C\u00f3mo desarrollar el talento de la plantilla","og_description":"\u00bfQu\u00e9 tipos de capacitaci\u00f3n laboral o conocimientos podemos encontrar en una empresa y c\u00f3mo se pueden explotar para retener el talento?","og_url":"https:\/\/www.bizneo.com\/blog\/capacitacion-laboral\/","og_site_name":"Blog de Recursos Humanos de Bizneo HR: pr\u00e1ctico y actual","article_published_time":"2019-11-29T13:31:12+00:00","article_modified_time":"2026-02-01T19:11:32+00:00","og_image":[{"width":1140,"height":640,"url":"https:\/\/www.bizneo.com\/blog\/wp-content\/uploads\/2019\/11\/capacitacion-laboral.jpg","type":"image\/jpeg"}],"author":"\u00c1lvaro Andr\u00e9s","twitter_card":"summary_large_image","twitter_misc":{"Escrito por":"\u00c1lvaro Andr\u00e9s","Tiempo de lectura":"9 minutos"},"schema":{"@context":"https:\/\/schema.org","@graph":[{"@type":["Article","BlogPosting"],"@id":"https:\/\/www.bizneo.com\/blog\/capacitacion-laboral\/#article","isPartOf":{"@id":"https:\/\/www.bizneo.com\/blog\/capacitacion-laboral\/"},"author":{"name":"\u00c1lvaro Andr\u00e9s","@id":"https:\/\/www.bizneo.com\/blog\/#\/schema\/person\/f932a31bafbfb0726b3071df66e72848"},"headline":"C\u00f3mo crear un buen plan de capacitaci\u00f3n laboral","datePublished":"2019-11-29T13:31:12+00:00","dateModified":"2026-02-01T19:11:32+00:00","mainEntityOfPage":{"@id":"https:\/\/www.bizneo.com\/blog\/capacitacion-laboral\/"},"wordCount":1624,"commentCount":2,"publisher":{"@id":"https:\/\/www.bizneo.com\/blog\/#organization"},"image":{"@id":"https:\/\/www.bizneo.com\/blog\/capacitacion-laboral\/#primaryimage"},"thumbnailUrl":"https:\/\/www.bizneo.com\/blog\/wp-content\/uploads\/2019\/11\/capacitacion-laboral.jpg","keywords":["Formaci\u00f3n y Desarrollo"],"articleSection":["Formaci\u00f3n","Gesti\u00f3n del talento"],"inLanguage":"es","potentialAction":[{"@type":"CommentAction","name":"Comment","target":["https:\/\/www.bizneo.com\/blog\/capacitacion-laboral\/#respond"]}]},{"@type":"WebPage","@id":"https:\/\/www.bizneo.com\/blog\/capacitacion-laboral\/","url":"https:\/\/www.bizneo.com\/blog\/capacitacion-laboral\/","name":"Capacitaci\u00f3n Laboral | C\u00f3mo desarrollar el talento de la plantilla","isPartOf":{"@id":"https:\/\/www.bizneo.com\/blog\/#website"},"primaryImageOfPage":{"@id":"https:\/\/www.bizneo.com\/blog\/capacitacion-laboral\/#primaryimage"},"image":{"@id":"https:\/\/www.bizneo.com\/blog\/capacitacion-laboral\/#primaryimage"},"thumbnailUrl":"https:\/\/www.bizneo.com\/blog\/wp-content\/uploads\/2019\/11\/capacitacion-laboral.jpg","datePublished":"2019-11-29T13:31:12+00:00","dateModified":"2026-02-01T19:11:32+00:00","description":"\u00bfQu\u00e9 tipos de capacitaci\u00f3n laboral o conocimientos podemos encontrar en una empresa y c\u00f3mo se pueden explotar para retener el talento?","breadcrumb":{"@id":"https:\/\/www.bizneo.com\/blog\/capacitacion-laboral\/#breadcrumb"},"inLanguage":"es","potentialAction":[{"@type":"ReadAction","target":["https:\/\/www.bizneo.com\/blog\/capacitacion-laboral\/"]}]},{"@type":"ImageObject","inLanguage":"es","@id":"https:\/\/www.bizneo.com\/blog\/capacitacion-laboral\/#primaryimage","url":"https:\/\/www.bizneo.com\/blog\/wp-content\/uploads\/2019\/11\/capacitacion-laboral.jpg","contentUrl":"https:\/\/www.bizneo.com\/blog\/wp-content\/uploads\/2019\/11\/capacitacion-laboral.jpg","width":1140,"height":640,"caption":"capacitacion laboral"},{"@type":"BreadcrumbList","@id":"https:\/\/www.bizneo.com\/blog\/capacitacion-laboral\/#breadcrumb","itemListElement":[{"@type":"ListItem","position":1,"name":"Portada","item":"https:\/\/www.bizneo.com\/blog\/"},{"@type":"ListItem","position":2,"name":"Gesti\u00f3n del talento","item":"https:\/\/www.bizneo.com\/blog\/category\/gestion-del-talento\/"},{"@type":"ListItem","position":3,"name":"C\u00f3mo crear un buen plan de capacitaci\u00f3n laboral"}]},{"@type":"WebSite","@id":"https:\/\/www.bizneo.com\/blog\/#website","url":"https:\/\/www.bizneo.com\/blog\/","name":"Blog de Recursos Humanos de Bizneo HR: pr\u00e1ctico y actual","description":"Todo sobre actualidad, herramientas y tecnolog\u00eda  para optimizar la gesti\u00f3n del talento humano","publisher":{"@id":"https:\/\/www.bizneo.com\/blog\/#organization"},"potentialAction":[{"@type":"SearchAction","target":{"@type":"EntryPoint","urlTemplate":"https:\/\/www.bizneo.com\/blog\/?s={search_term_string}"},"query-input":{"@type":"PropertyValueSpecification","valueRequired":true,"valueName":"search_term_string"}}],"inLanguage":"es"},{"@type":"Organization","@id":"https:\/\/www.bizneo.com\/blog\/#organization","name":"Bizneo HR","url":"https:\/\/www.bizneo.com\/blog\/","logo":{"@type":"ImageObject","inLanguage":"es","@id":"https:\/\/www.bizneo.com\/blog\/#\/schema\/logo\/image\/","url":"https:\/\/www.bizneo.com\/blog\/wp-content\/uploads\/2020\/09\/Icono-Logo-Bizneo-HR.png","contentUrl":"https:\/\/www.bizneo.com\/blog\/wp-content\/uploads\/2020\/09\/Icono-Logo-Bizneo-HR.png","width":834,"height":834,"caption":"Bizneo HR"},"image":{"@id":"https:\/\/www.bizneo.com\/blog\/#\/schema\/logo\/image\/"}},{"@type":"Person","@id":"https:\/\/www.bizneo.com\/blog\/#\/schema\/person\/f932a31bafbfb0726b3071df66e72848","name":"\u00c1lvaro Andr\u00e9s","image":{"@type":"ImageObject","inLanguage":"es","@id":"https:\/\/secure.gravatar.com\/avatar\/c6b277afc20d169a72d7f266c0f4e889c65d2c4ec098d46bc9fba0266f1cde35?s=96&d=mm&r=g","url":"https:\/\/secure.gravatar.com\/avatar\/c6b277afc20d169a72d7f266c0f4e889c65d2c4ec098d46bc9fba0266f1cde35?s=96&d=mm&r=g","contentUrl":"https:\/\/secure.gravatar.com\/avatar\/c6b277afc20d169a72d7f266c0f4e889c65d2c4ec098d46bc9fba0266f1cde35?s=96&d=mm&r=g","caption":"\u00c1lvaro Andr\u00e9s"},"url":"https:\/\/www.bizneo.com\/blog\/author\/alvaroa\/"}]}},"spectra_custom_meta":{"_is_githuber_markdown":["1"],"_edit_lock":["1769973109:47"],"_edit_last":["47"],"_githuber_prismjs":[""],"_is_githuber_sequence":[""],"_is_githuber_flow_chart":[""],"_is_githuber_mermaid":[""],"_is_githuber_katex":[""],"_yoast_wpseo_content_score":["90"],"_yoast_wpseo_primary_category":["7"],"_vce_meta":["a:4:{s:11:\"use_sidebar\";s:7:\"inherit\";s:7:\"sidebar\";s:7:\"inherit\";s:14:\"sticky_sidebar\";s:7:\"inherit\";s:6:\"layout\";s:7:\"inherit\";}"],"_is_githuber_markdown_enabled":["no"],"_yoast_wpseo_focuskw":["capacitaci\u00f3n laboral"],"_yoast_wpseo_title":["Capacitaci\u00f3n Laboral | C\u00f3mo desarrollar el talento de la plantilla"],"_yoast_wpseo_linkdex":["93"],"_yoast_wpseo_metadesc":["\u00bfQu\u00e9 tipos de capacitaci\u00f3n laboral o conocimientos podemos encontrar en una empresa y c\u00f3mo se pueden explotar para retener el talento?"],"onesignal_meta_box_present":["1"],"onesignal_send_notification":[""],"Views":["64722"],"onesignal_modify_title_and_content":[""],"onesignal_notification_custom_heading":[null],"onesignal_notification_custom_content":[null],"wp_review_type":["none"],"_yoast_wpseo_estimated-reading-time-minutes":["9"],"response_body":["{\"id\":\"d0bc5869-ff1c-490d-a32d-26286911214b\",\"recipients\":10000,\"external_id\":\"907e2348-bfa0-8ae2-6d02-d8f911c39622\",\"warnings\":[\"You must configure iOS notifications in your OneSignal settings if you wish to send messages to iOS users.\",\"You must configure Android notifications in your OneSignal settings if you wish to send messages to Android users.\"]}"],"status":["200"],"recipients":["10000"],"_at_widget":["1"],"_thumbnail_id":["32875"],"_yoast_wpseo_wordproof_timestamp":[""],"wp_review_user_reviews":["0"],"wp_review_review_count":["0"],"wp_review_positive_count":["0"],"wp_review_negative_count":["0"],"_uag_css_file_name":["uag-css-6540.css"]},"uagb_featured_image_src":{"full":["https:\/\/www.bizneo.com\/blog\/wp-content\/uploads\/2019\/11\/capacitacion-laboral.jpg",1140,640,false],"thumbnail":["https:\/\/www.bizneo.com\/blog\/wp-content\/uploads\/2019\/11\/capacitacion-laboral-150x150.jpg",150,150,true],"medium":["https:\/\/www.bizneo.com\/blog\/wp-content\/uploads\/2019\/11\/capacitacion-laboral-300x168.jpg",300,168,true],"medium_large":["https:\/\/www.bizneo.com\/blog\/wp-content\/uploads\/2019\/11\/capacitacion-laboral-768x431.jpg",768,431,true],"large":["https:\/\/www.bizneo.com\/blog\/wp-content\/uploads\/2019\/11\/capacitacion-laboral-1024x575.jpg",1024,575,true],"1536x1536":["https:\/\/www.bizneo.com\/blog\/wp-content\/uploads\/2019\/11\/capacitacion-laboral.jpg",1140,640,false],"2048x2048":["https:\/\/www.bizneo.com\/blog\/wp-content\/uploads\/2019\/11\/capacitacion-laboral.jpg",1140,640,false]},"uagb_author_info":{"display_name":"\u00c1lvaro Andr\u00e9s","author_link":"https:\/\/www.bizneo.com\/blog\/author\/alvaroa\/"},"uagb_comment_info":2,"uagb_excerpt":"La capacitaci\u00f3n laboral es clave para mejorar la motivaci\u00f3n de la plantilla, retener el talento interno y apostar por los planes de carrera.","_links":{"self":[{"href":"https:\/\/www.bizneo.com\/blog\/wp-json\/wp\/v2\/posts\/6540","targetHints":{"allow":["GET"]}}],"collection":[{"href":"https:\/\/www.bizneo.com\/blog\/wp-json\/wp\/v2\/posts"}],"about":[{"href":"https:\/\/www.bizneo.com\/blog\/wp-json\/wp\/v2\/types\/post"}],"author":[{"embeddable":true,"href":"https:\/\/www.bizneo.com\/blog\/wp-json\/wp\/v2\/users\/10"}],"replies":[{"embeddable":true,"href":"https:\/\/www.bizneo.com\/blog\/wp-json\/wp\/v2\/comments?post=6540"}],"version-history":[{"count":27,"href":"https:\/\/www.bizneo.com\/blog\/wp-json\/wp\/v2\/posts\/6540\/revisions"}],"predecessor-version":[{"id":59672,"href":"https:\/\/www.bizneo.com\/blog\/wp-json\/wp\/v2\/posts\/6540\/revisions\/59672"}],"wp:featuredmedia":[{"embeddable":true,"href":"https:\/\/www.bizneo.com\/blog\/wp-json\/wp\/v2\/media\/32875"}],"wp:attachment":[{"href":"https:\/\/www.bizneo.com\/blog\/wp-json\/wp\/v2\/media?parent=6540"}],"wp:term":[{"taxonomy":"category","embeddable":true,"href":"https:\/\/www.bizneo.com\/blog\/wp-json\/wp\/v2\/categories?post=6540"},{"taxonomy":"post_tag","embeddable":true,"href":"https:\/\/www.bizneo.com\/blog\/wp-json\/wp\/v2\/tags?post=6540"}],"curies":[{"name":"wp","href":"https:\/\/api.w.org\/{rel}","templated":true}]}}