{"id":64320,"date":"2026-08-31T10:53:34","date_gmt":"2026-08-31T09:53:34","guid":{"rendered":"https:\/\/www.bizneo.com\/blog\/?p=64320"},"modified":"2026-08-31T10:54:05","modified_gmt":"2026-08-31T09:54:05","slug":"reduccion-jornada-laboral-colombia","status":"publish","type":"post","link":"https:\/\/www.bizneo.com\/blog\/reduccion-jornada-laboral-colombia\/","title":{"rendered":"Reducci\u00f3n de la jornada laboral en Colombia: Gu\u00eda para implementar las 42 horas semanales"},"content":{"rendered":"\n<p class=\"wp-block-paragraph\">La reducci\u00f3n de la jornada m\u00e1xima laboral en Colombia encoge el umbral a partir del cual una hora ordinaria se convierte en trabajo suplementario. Cada empresa que mantiene cuadrantes sin ajustar acumula horas suplementarias involuntarias en cada cierre de planilla, a un coste mayor del previsto.<\/p>\n\n\n\n<div class=\"bzn-pie\"><div class=\"donut-pie\"><svg version=\"1.1\" class=\"donut-pie-svg\" xmlns=\"http:\/\/www.w3.org\/2000\/svg\" xmlns:xlink=\"http:\/\/www.w3.org\/1999\/xlink\" x=\"0px\" y=\"0px\" viewBox=\"0 0 256 256\" style=\"enable-background:new 0 0 256 256;\" xml:space=\"preserve\"><circle style=\"fill:none;stroke:#E2E4E9;stroke-width:5;stroke-miterlimit:10;\" cx=\"128\" cy=\"128\" r=\"111.5\"\/><circle style=\"fill:none;stroke:#7D9DEA;stroke-width:15;stroke-linecap:round;stroke-miterlimit:10;stroke-dasharray:35,999;\" cx=\"128\" cy=\"128\" r=\"111.5\"\/><text transform=\"matrix(1 0 0 1 63.7307 154.5616)\" style=\"fill:#1E2941; font-family:'Plus Jakarta Sans'; font-size: 70px; font-weight: 600; line-height: 56px;\">5<\/text><text transform=\"matrix(1 0 0 1 146.7307 140.5616)\" style=\"fill:#667085;font-family:'Nunito Sans'; font-size:50px; font-weight: 400; line-height: 56px; \">%<\/text><\/svg><\/div><p class=\"cnt\" markdown=\"1\"> Seg\u00fan <a href=\"https:\/\/acopiantioquia.org\/blog\/acopi-al-dia-8\/acopi-advierte-que-la-reduccion-de-la-jornada-laboral-elevara-en-4-76-el-costo-de-la-hora-de-trabajo-83\" target=\"_blank\" rel=\"noopener nofollow\" data-wpel-link=\"external\">ACOPI<\/a>, la reducci\u00f3n de jornada representa un incremento del 4,76% en el costo de la hora ordinaria de trabajo. <\/p><\/div>\n\n\n\n<p class=\"wp-block-paragraph\"><\/p>\n\n\n\n<p class=\"wp-block-paragraph\">Para los departamentos de Gesti\u00f3n Humana, ajustar los cuadrantes y actualizar el divisor de la planilla antes del primer cierre son las dos acciones con mayor impacto directo en el presupuesto.<\/p>\n\n\n\n<h2 class=\"wp-block-heading\">Qu\u00e9 establece la Ley 2101 sobre la jornada m\u00e1xima laboral<\/h2>\n\n\n\n<p class=\"wp-block-paragraph\">La <a href=\"https:\/\/www.funcionpublica.gov.co\/eva\/gestornormativo\/norma.php?i=166487\" target=\"_blank\" rel=\"noreferrer noopener nofollow\" data-wpel-link=\"external\">Ley 2101 de 2021<\/a> redujo la jornada laboral m\u00e1xima en Colombia de <strong>48 a 42 horas semanales mediante una reducci\u00f3n gradual <\/strong>en cuatro etapas. Desde el 15 de julio de 2026, 42 horas semanales es el l\u00edmite que ning\u00fan empleador puede superar como jornada ordinaria, con independencia del sector o del tama\u00f1o de la empresa.<\/p>\n\n\n\n<p class=\"wp-block-paragraph\">Desde el <strong>15 de julio de 2026<\/strong>, cualquier hora trabajada por encima de las 42 horas semanales se convierte en <strong>trabajo suplementario y debe liquidarse con los recargos correspondientes<\/strong>. Una empresa cuya plantilla trabaja 44 horas semanales genera, sin ajustar cuadrantes, dos horas suplementarias por trabajador y por semana.<\/p>\n\n\n\n<bzn-note><a href=\"\/blog\/reformas-laborales-colombia\/\" id=\"destacado-post\" target=\"_blank\" rel=\"noopener noreferrer\" data-wpel-link=\"internal\"><span class=\"bzn-link-title\"><strong>Novedades legislativas en Colombia<\/strong><\/span> Gu\u00eda actualizada con todos los cambios que afectan a la gesti\u00f3n de Capital Humano.<br><\/a><\/bzn-note>\n\n\n\n<p class=\"wp-block-paragraph\"><\/p>\n\n\n\n<h2 class=\"wp-block-heading\">De 48 a 42 horas: la reducci\u00f3n gradual de la jornada laboral<\/h2>\n\n\n\n<p class=\"wp-block-paragraph\">La jornada laboral m\u00e1xima en Colombia se redujo en <strong>cuatro etapas anuales entre 2023 y 2026<\/strong>, siguiendo el calendario fijado por la Ley 2101 de 2021. Cada etapa baj\u00f3 el l\u00edmite de horas semanales y actualiz\u00f3 el divisor mensual con el que se calcula el valor de la hora ordinaria en la <a href=\"https:\/\/www.bizneo.com\/blog\/planilla-de-pago\/\" data-wpel-link=\"internal\" target=\"_blank\">planilla de pago<\/a>.\u00a0<\/p>\n\n\n\n<figure class=\"wp-block-image size-full\"><img decoding=\"async\" width=\"1032\" height=\"235\" src=\"https:\/\/www.bizneo.com\/blog\/wp-content\/uploads\/2026\/08\/Calendario-de-la-reduccion-de-jornada-Colombia.png\" alt=\"Calendario de la reducci\u00f3n de jornada Colombia\" class=\"wp-image-64340\" srcset=\"https:\/\/www.bizneo.com\/blog\/wp-content\/uploads\/2026\/08\/Calendario-de-la-reduccion-de-jornada-Colombia.png 1032w, https:\/\/www.bizneo.com\/blog\/wp-content\/uploads\/2026\/08\/Calendario-de-la-reduccion-de-jornada-Colombia-300x68.png 300w, https:\/\/www.bizneo.com\/blog\/wp-content\/uploads\/2026\/08\/Calendario-de-la-reduccion-de-jornada-Colombia-1024x233.png 1024w, https:\/\/www.bizneo.com\/blog\/wp-content\/uploads\/2026\/08\/Calendario-de-la-reduccion-de-jornada-Colombia-768x175.png 768w\" sizes=\"(max-width: 1032px) 100vw, 1032px\" \/><\/figure>\n\n\n\n<p class=\"wp-block-paragraph\">El divisor mensual sigue la metodolog\u00eda oficial fijada por el Ministerio del Trabajo: horas m\u00e1ximas semanales divididas entre seis d\u00edas laborales, multiplicadas por treinta d\u00edas calendario. Con 42 horas semanales el resultado es 210 horas mensuales, el divisor vigente desde el 15 de julio de 2026.<\/p>\n\n\n\n<bzn-link><a href=\"https:\/\/www.bizneo.com\/blog\/calculo-de-horas-extra\/\" id=\"destacado-post\" target=\"_blank\" rel=\"noopener noreferrer\" data-wpel-link=\"internal\"><span class=\"bzn-link-title\"><strong>Calculadora interactiva de horas suplementarias en Colombia<\/strong><\/span> Calcula autom\u00e1ticamente el coste exacto de horas suplementarias por colaborador.<br><\/a><\/bzn-link>\n\n\n\n<p class=\"wp-block-paragraph\"><\/p>\n\n\n\n<h2 class=\"wp-block-heading\">Qu\u00e9 NO cambia con la reducci\u00f3n de jornada colombiana<\/h2>\n\n\n\n<p class=\"wp-block-paragraph\">La jornada de 42 horas semanales modifica el tiempo de trabajo, pero deja intactos el salario, las prestaciones y las condiciones laborales pactadas en el contrato:<\/p>\n\n\n\n<ul class=\"wp-block-list\">\n<li><strong>Salario mensual y prestaciones sociales<\/strong>: El empleador paga el mismo salario acordado en el contrato, independientemente de las horas que se dejen de trabajar.<\/li>\n\n\n\n<li><strong>Distribuci\u00f3n flexible:<\/strong> Las 42 horas pueden repartirse en cinco o seis d\u00edas, con jornadas de entre cuatro y nueve horas diarias sin recargo por trabajo suplementario, siempre que el total semanal no supere el l\u00edmite.<\/li>\n\n\n\n<li><strong>D\u00eda de descanso obligatorio:<\/strong> Se mantiene con independencia de c\u00f3mo se distribuyan las horas en la semana.<\/li>\n\n\n\n<li><strong>Hora de almuerzo:<\/strong> Los tiempos de pausa no cuentan como trabajo efectivo y no pueden usarse para compensar la reducci\u00f3n de jornada. El Ministerio del Trabajo ha confirmado expresamente que extender descansos para cumplir el l\u00edmite no se ajusta a la normativa.<\/li>\n\n\n\n<li><strong>Exoneraci\u00f3n de jornada familiar y actividades recreativas:<\/strong> La implementaci\u00f3n de las 42 horas exonera al empleador de la jornada semestral familiar y de las dos horas semanales de actividades recreativas o de capacitaci\u00f3n para empresas con 50 o m\u00e1s trabajadores.<\/li>\n<\/ul>\n\n\n\n<h2 class=\"wp-block-heading\">Recargos nocturnos y dominicales: c\u00f3mo afecta la reforma laboral al coste de la planilla de pago<\/h2>\n\n\n\n<p class=\"wp-block-paragraph\">La reducci\u00f3n de la jornada m\u00e1xima de 44 a 42 horas convierte <strong>dos horas nocturnas ordinarias en horas suplementarias nocturnas<\/strong> por trabajador y por semana. Cualquier empresa con turnos nocturnos que no ajuste sus cuadrantes genera ese coste extra de forma autom\u00e1tica desde el 15 de julio de 2026.<\/p>\n\n\n\n<p class=\"wp-block-paragraph\">El importe de cada <strong>hora suplementaria nocturna sube<\/strong>, porque el recargo del 75% se aplica sobre una hora ordinaria mayor: el divisor de 210 eleva la base de $7.959 a $8.338.<\/p>\n\n\n\n<figure class=\"wp-block-table\"><table class=\"has-fixed-layout\"><thead><tr><th><\/th><th>Hasta 14 jul 2026<\/th><th>Desde 15 jul 2026<\/th><\/tr><\/thead><tbody><tr><td>Hora ordinaria<\/td><td>$7.959<\/td><td>$8.338<\/td><\/tr><tr><td>Horas supl. nocturnas por semana<\/td><td>0<\/td><td>2 por trabajador<\/td><\/tr><tr><td>Coste hora supl. nocturna (recargo 75%)<\/td><td>$13.928<\/td><td>$14.592<\/td><\/tr><\/tbody><\/table><\/figure>\n\n\n\n<p class=\"wp-block-paragraph\">Cada <strong>hora dominical<\/strong> acumula en julio de 2026 dos incrementos distintos. La <a href=\"https:\/\/www.funcionpublica.gov.co\/eva\/gestornormativo\/norma.php?i=260676\" target=\"_blank\" rel=\"noreferrer noopener nofollow\" data-wpel-link=\"external\">Ley 2466 de 2025<\/a> sube el <strong>recargo del 80% al 90%<\/strong> desde el 1 de julio. La reducci\u00f3n de jornada<strong> eleva la hora ordinaria un 4,76% <\/strong>desde el 15 de julio. Los dos cambios operan sobre la misma plantilla en el mismo mes.<\/p>\n\n\n\n<figure class=\"wp-block-table\"><table class=\"has-fixed-layout\"><thead><tr><th><\/th><th>Hasta 30 jun 2026<\/th><th>Desde 15 jul 2026<\/th><\/tr><\/thead><tbody><tr><td>Hora ordinaria<\/td><td>$7.959<\/td><td>$8.338<\/td><\/tr><tr><td>Recargo dominical<\/td><td>80%<\/td><td>90%<\/td><\/tr><tr><td>Coste hora dominical<\/td><td>$14.326<\/td><td>$15.842<\/td><\/tr><tr><td>Variaci\u00f3n<\/td><td><\/td><td>+10,6%<\/td><\/tr><\/tbody><\/table><\/figure>\n\n\n\n<h2 class=\"wp-block-heading\">C\u00f3mo implementar la jornada de 42 horas en empresas con turnos rotativos&nbsp;<\/h2>\n\n\n\n<p class=\"wp-block-paragraph\">En empresas con <a href=\"https:\/\/www.bizneo.com\/blog\/turnos-rotativos\/\" data-wpel-link=\"internal\" target=\"_blank\">turnos rotativos<\/a>, el empleador y trabajador pueden <strong>acordar jornadas diarias de entre cuatro y nueve horas sin generar recargo por trabajo suplementario<\/strong>, siempre que el total de la semana no supere las 42 horas.<\/p>\n\n\n\n<p class=\"wp-block-paragraph\">El C\u00f3digo Sustantivo del Trabajo contempla una <strong>excepci\u00f3n para turnos sucesivos<\/strong>: empleador y trabajador pueden pactar turnos de hasta seis horas diarias y 36 horas semanales sin que se genere recargo nocturno ni suplementario. Esta modalidad es habitual en sectores con operaci\u00f3n continua como salud, vigilancia y manufactura.<\/p>\n\n\n\n<p class=\"wp-block-paragraph\"><strong>En ning\u00fan caso el empleador puede programar dos turnos en el mismo d\u00eda<\/strong> para el mismo trabajador, salvo en cargos de direcci\u00f3n, confianza o manejo. Cualquier cuadrante que incumpla esta regla expone a la empresa a una sanci\u00f3n directa en inspecci\u00f3n, con independencia de que las horas totales de la semana no superen el l\u00edmite.<\/p>\n\n\n\n<h3 class=\"wp-block-heading\">C\u00f3mo recalcular el ciclo de rotaci\u00f3n<\/h3>\n\n\n\n<p class=\"wp-block-paragraph\">Las empresas deben <strong>mapear las horas actuales por trabajador <\/strong>en cada ciclo completo de rotaci\u00f3n, no solo en una semana. Una empresa con rotaci\u00f3n 6\u00d71 a ocho horas diarias acumulaba 48 horas semanales: con el nuevo l\u00edmite tiene dos opciones. Reducir cada turno a siete horas diarias para mantenerse en las 42 horas en seis d\u00edas, o pasar a una rotaci\u00f3n 5\u00d72 con turnos de hasta ocho horas y cuatro minutos diarios, que est\u00e1 dentro del m\u00e1ximo legal de nueve horas.<\/p>\n\n\n\n<p class=\"wp-block-paragraph\">Para operaciones con <strong>cobertura continua las 24 horas<\/strong>, la reducci\u00f3n de jornada cambia el n\u00famero de trabajadores necesarios por posici\u00f3n. Con 48 horas semanales, una posici\u00f3n en turno continuo requer\u00eda 3,5 trabajadores para cubrir los siete d\u00edas. Con 42 horas, <strong>la misma posici\u00f3n necesita cuatro trabajadores<\/strong>. Las empresas que no hagan ese rec\u00e1lculo cubrir\u00e1n las horas faltantes con trabajo suplementario no planificado en cada ciclo.<\/p>\n\n\n\n<figure class=\"wp-block-image size-large\"><a href=\"https:\/\/www.bizneo.com\/gestion-turnos\/\" data-wpel-link=\"internal\" target=\"_blank\"><img decoding=\"async\" width=\"1024\" height=\"735\" src=\"https:\/\/www.bizneo.com\/blog\/wp-content\/uploads\/2021\/04\/Horarios-y-turnos-rotativos-1024x735.webp\" alt=\"Horarios-y-turnos-rotativos\" class=\"wp-image-61236\" srcset=\"https:\/\/www.bizneo.com\/blog\/wp-content\/uploads\/2021\/04\/Horarios-y-turnos-rotativos-1024x735.webp 1024w, https:\/\/www.bizneo.com\/blog\/wp-content\/uploads\/2021\/04\/Horarios-y-turnos-rotativos-300x215.webp 300w, https:\/\/www.bizneo.com\/blog\/wp-content\/uploads\/2021\/04\/Horarios-y-turnos-rotativos-768x551.webp 768w, https:\/\/www.bizneo.com\/blog\/wp-content\/uploads\/2021\/04\/Horarios-y-turnos-rotativos.webp 1500w\" sizes=\"(max-width: 1024px) 100vw, 1024px\" \/><\/a><\/figure>\n\n\n\n<p class=\"wp-block-paragraph\">Bizneo HR <strong>detecta qu\u00e9 cuadrantes superan las 42 horas semanales antes de que el per\u00edodo comience y alerta al responsable para redistribuir la carga<\/strong>, eliminando el riesgo de generar horas suplementarias no planificadas en cada cierre de planilla. Cada trabajador recibe el horario actualizado en su m\u00f3vil en el momento en que se publica.<\/p>\n\n\n\n<h2 class=\"wp-block-heading\">Documentaci\u00f3n que debe tener tu empresa antes de una inspecci\u00f3n del Ministerio&nbsp;<\/h2>\n\n\n\n<p class=\"wp-block-paragraph\">El Ministerio del Trabajo realiza <strong>inspecciones presenciales sin previo aviso desde junio de 2026<\/strong> para verificar el cumplimiento de la reducci\u00f3n de jornada. Los inspectores pueden solicitar el certificado de existencia y representaci\u00f3n legal, el listado actualizado de trabajadores con su jornada contratada, las copias de afiliaci\u00f3n a seguridad social y los comprobantes de planilla.<\/p>\n\n\n\n<p class=\"wp-block-paragraph\">El elemento que m\u00e1s escrutinio recibe es el <a href=\"https:\/\/www.bizneo.com\/blog\/registro-de-jornada-laboral\/\" data-wpel-link=\"internal\" target=\"_blank\">registro de la jornada<\/a>. Los inspectores verifican que <strong>cada trabajador tenga registradas sus horas de entrada y salida con discriminaci\u00f3n diurna y nocturna<\/strong>, que la jornada efectiva no supere el l\u00edmite semanal y que las horas suplementarias est\u00e9n correctamente identificadas y liquidadas. Un registro incompleto o sin trazabilidad es, por s\u00ed solo, motivo de sanci\u00f3n bajo la <a href=\"https:\/\/www.funcionpublica.gov.co\/eva\/gestornormativo\/norma.php?i=51637\" target=\"_blank\" rel=\"noopener\" data-wpel-link=\"external\">Ley 1610 de 2013<\/a>.<\/p>\n\n\n\n<figure class=\"wp-block-image\"><a href=\"\/control-horario\/\" target=\"_blank\" rel=\"noreferrer noopener\" data-wpel-link=\"internal\"><img decoding=\"async\" src=\"https:\/\/www.bizneo.com\/blog\/wp-content\/uploads\/2021\/01\/Informes-de-horas-trabajadas.webp\" alt=\"Informes control horario\" class=\"wp-image-21838\"\/><\/a><\/figure>\n\n\n\n<p class=\"wp-block-paragraph\">Bizneo HR <strong>registra la jornada de cada colaborador y compara autom\u00e1ticamente la jornada contratada con la jornada efectiva, generando alertas cuando hay desviaciones<\/strong> antes de que el per\u00edodo cierre. Los informes exportables incluyen discriminaci\u00f3n diurna y nocturna por trabajador y tienen validez legal, con la trazabilidad necesaria para acreditar el cumplimiento ante una inspecci\u00f3n sin necesidad de preparaci\u00f3n previa.<\/p>\n\n\n\n<h2 class=\"wp-block-heading\">Sanciones por incumplir la reducci\u00f3n de jornada en 2026&nbsp;<\/h2>\n\n\n\n<p class=\"wp-block-paragraph\">El Ministerio del Trabajo grad\u00faa las sanciones en funci\u00f3n del n\u00famero de trabajadores afectados, la diferencia entre la jornada efectiva y el l\u00edmite legal y la reincidencia. Con el salario m\u00ednimo de 2026, el techo de 5.000 SMLMV equivale a $8.754 millones de pesos.<\/p>\n\n\n\n<figure class=\"wp-block-table\"><table class=\"has-fixed-layout\"><thead><tr><th>Incumplimiento<\/th><th>Sanci\u00f3n<\/th><\/tr><\/thead><tbody><tr><td>Mantener jornadas superiores a 42 horas semanales<\/td><td>De <strong>1 a 5.000 SMLMV<\/strong> seg\u00fan gravedad y n\u00famero de trabajadores afectados<\/td><\/tr><tr><td>Reducir el salario o prestaciones junto con la jornada<\/td><td>De <strong>1 a 5.000 SMLMV + obligaci\u00f3n de pago retroactivo<\/strong> al trabajador<\/td><\/tr><tr><td>Registro de jornada incompleto o sin discriminaci\u00f3n diurna\/nocturna<\/td><td>Suspensi\u00f3n de la facultad de autorizar<strong> trabajo suplementario durante 6 meses<\/strong><\/td><\/tr><tr><td>Liquidar horas suplementarias por debajo del recargo legal<\/td><td>Suspensi\u00f3n de la facultad de autorizar <strong>trabajo suplementario durante 6 meses + pago retroactivo<\/strong><\/td><\/tr><\/tbody><\/table><\/figure>\n\n\n\n<p class=\"wp-block-paragraph\">Para <strong>empresas con operaci\u00f3n continua o picos de demanda estacionales<\/strong>, la suspensi\u00f3n de seis meses para autorizar trabajo suplementario tiene un impacto operativo mayor que la sanci\u00f3n econ\u00f3mica: imposibilita legalmente cubrir horas extra durante ese per\u00edodo aunque el negocio lo requiera.<\/p>\n\n\n\n<h2 class=\"wp-block-heading\">C\u00f3mo gestionar la reducci\u00f3n de jornada en Colombia sin errores de planilla de pago<\/h2>\n\n\n\n<p class=\"wp-block-paragraph\">Gestionar la reducci\u00f3n a 42 horas de forma manual obliga al departamento de Gesti\u00f3n Humana a actualizar simult\u00e1neamente el divisor de la planilla, los cuadrantes de turnos y el registro de jornada en el mismo mes. <strong>Un error en cualquiera de las tres variables puede suponer una sanci\u00f3n de hasta 5.000 SMLMV<\/strong> en una inspecci\u00f3n del Ministerio del Trabajo.<\/p>\n\n\n\n<p class=\"wp-block-paragraph\">Un <a href=\"https:\/\/www.bizneo.com\/es-co\/control-horario\/\" data-wpel-link=\"internal\" target=\"_blank\">software de control horario<\/a> <strong>centraliza el divisor de la planilla, los cuadrantes de turnos y el registro de jornada<\/strong> en un \u00fanico sistema y los mantiene actualizados con cada cambio normativo, eliminando la dependencia de actualizaciones manuales en cada per\u00edodo.<\/p>\n\n\n\n<p class=\"wp-block-paragraph\">Bizneo HR <strong>registra la jornada efectiva de cada colaborador, compara autom\u00e1ticamente la jornada contratada con la efectiva y gestiona el flujo de aprobaci\u00f3n de horas suplementarias<\/strong>, exportando los informes con validez legal que el empleador debe tener disponibles ante cualquier inspecci\u00f3n del Ministerio del Trabajo.<\/p>\n\n\n\n<p class=\"wp-block-paragraph\">M\u00e1s de 5.000 empresas en m\u00e1s de 40 pa\u00edses gestionan su jornada laboral con Bizneo HR. Para los departamentos de Gesti\u00f3n Humana en Colombia, la reducci\u00f3n a 42 horas es el momento de <strong>reemplazar el control manual de cuadrantes y planillas por un sistema que aplica la normativa vigente en cada cierre de per\u00edodo<\/strong>.<\/p>\n\n\n\n<figure class=\"wp-block-image size-large\"><a href=\"https:\/\/www.bizneo.com\/es-co\/\" data-wpel-link=\"internal\" target=\"_blank\"><img decoding=\"async\" width=\"1024\" height=\"307\" src=\"https:\/\/www.bizneo.com\/blog\/wp-content\/uploads\/2026\/08\/Banner-grande-software-cumplimiento-Colombia-1024x307.png\" alt=\"Software cumplimiento laboral Colombia\" class=\"wp-image-63838\" srcset=\"https:\/\/www.bizneo.com\/blog\/wp-content\/uploads\/2026\/08\/Banner-grande-software-cumplimiento-Colombia-1024x307.png 1024w, https:\/\/www.bizneo.com\/blog\/wp-content\/uploads\/2026\/08\/Banner-grande-software-cumplimiento-Colombia-300x90.png 300w, https:\/\/www.bizneo.com\/blog\/wp-content\/uploads\/2026\/08\/Banner-grande-software-cumplimiento-Colombia-768x230.png 768w, https:\/\/www.bizneo.com\/blog\/wp-content\/uploads\/2026\/08\/Banner-grande-software-cumplimiento-Colombia.png 1360w\" sizes=\"(max-width: 1024px) 100vw, 1024px\" \/><\/a><\/figure>\n\n\n\n<h2 class=\"wp-block-heading\">Preguntas frecuentes sobre la reducci\u00f3n de jornada laboral en Colombia<\/h2>\n\n\n<div class=\"wp-block-uagb-faq uagb-faq__outer-wrap uagb-block-9118146a uagb-faq-icon-row uagb-faq-layout-accordion uagb-faq-expand-first-true uagb-faq-inactive-other-true uagb-faq__wrap uagb-buttons-layout-wrap uagb-faq-equal-height     \" data-faqtoggle=\"true\" role=\"tablist\"><script type=\"application\/ld+json\">{\"@context\":\"https:\\\/\\\/schema.org\",\"@type\":\"FAQPage\",\"@id\":\"https:\\\/\\\/www.bizneo.com\\\/blog\\\/reduccion-jornada-laboral-colombia\\\/\",\"mainEntity\":[{\"@type\":\"Question\",\"name\":\"\\u00bfLa reducci\\u00f3n de jornada aplica a los trabajadores a tiempo parcial?\",\"acceptedAnswer\":{\"@type\":\"Answer\",\"text\":\"La reducci\\u00f3n a 42 horas semanales <strong>establece el techo de la jornada ordinaria, no el m\\u00ednimo<\\\/strong>. Los contratos a tiempo parcial se rigen por la jornada pactada entre empleador y trabajador, que por definici\\u00f3n ya est\\u00e1 por debajo del l\\u00edmite legal. La reducci\\u00f3n no obliga a modificar contratos parciales ni a reducir las horas pactadas en ellos.\"}},{\"@type\":\"Question\",\"name\":\"\\u00bfPuede el trabajador renunciar voluntariamente a la reducci\\u00f3n de jornada?\",\"acceptedAnswer\":{\"@type\":\"Answer\",\"text\":\"La jornada m\\u00e1xima de 42 horas es un l\\u00edmite de orden p\\u00fablico: <strong>ning\\u00fan trabajador puede renunciar a su aplicaci\\u00f3n<\\\/strong> ni el empleador puede pactarlo en el contrato. Cualquier acuerdo que fije la jornada ordinaria por encima de 42 horas semanales es nulo de pleno derecho, con independencia del consentimiento del trabajador.\"}},{\"@type\":\"Question\",\"name\":\"\\u00bfQu\\u00e9 ocurre si el convenio colectivo fija una jornada superior a 42 horas?\",\"acceptedAnswer\":{\"@type\":\"Answer\",\"text\":\"Cualquier cl\\u00e1usula de un convenio colectivo que establezca una jornada ordinaria superior a 42 horas semanales <strong>queda sin efecto desde el 15 de julio de 2026<\\\/strong> por aplicaci\\u00f3n directa de la Ley 2101. El empleador debe adaptar los cuadrantes al nuevo l\\u00edmite sin necesidad de renegociar el convenio, aunque s\\u00ed conviene documentar internamente la actualizaci\\u00f3n para acreditarla ante una inspecci\\u00f3n.\"}},{\"@type\":\"Question\",\"name\":\"\\u00bfCambia el c\\u00e1lculo de las vacaciones con la reducci\\u00f3n de jornada?\",\"acceptedAnswer\":{\"@type\":\"Answer\",\"text\":\"Las vacaciones remuneradas en Colombia equivalen a <strong>15 d\\u00edas h\\u00e1biles por a\\u00f1o trabajado<\\\/strong> y se liquidan sobre el salario mensual, no sobre las horas trabajadas. <strong>La reducci\\u00f3n a 42 horas semanales no modifica ese derecho<\\\/strong> ni el valor de la liquidaci\\u00f3n vacacional.\"}}]}<\/script><div class=\"wp-block-uagb-faq-child uagb-faq-child__outer-wrap uagb-faq-item uagb-block-18459369 \" role=\"tab\" tabindex=\"0\"><div class=\"uagb-faq-questions-button uagb-faq-questions\">\t\t\t<span class=\"uagb-icon uagb-faq-icon-wrap\">\n\t\t\t\t\t\t\t\t<svg xmlns=\"https:\/\/www.w3.org\/2000\/svg\" viewBox= \"0 0 448 512\"><path d=\"M432 256c0 17.69-14.33 32.01-32 32.01H256v144c0 17.69-14.33 31.99-32 31.99s-32-14.3-32-31.99v-144H48c-17.67 0-32-14.32-32-32.01s14.33-31.99 32-31.99H192v-144c0-17.69 14.33-32.01 32-32.01s32 14.32 32 32.01v144h144C417.7 224 432 238.3 432 256z\"><\/path><\/svg>\n\t\t\t\t\t\t\t<\/span>\n\t\t\t\t\t\t<span class=\"uagb-icon-active uagb-faq-icon-wrap\">\n\t\t\t\t\t\t\t\t<svg xmlns=\"https:\/\/www.w3.org\/2000\/svg\" viewBox= \"0 0 448 512\"><path d=\"M400 288h-352c-17.69 0-32-14.32-32-32.01s14.31-31.99 32-31.99h352c17.69 0 32 14.3 32 31.99S417.7 288 400 288z\"><\/path><\/svg>\n\t\t\t\t\t\t\t<\/span>\n\t\t\t<h3 class=\"uagb-question\">\u00bfLa reducci\u00f3n de jornada aplica a los trabajadores a tiempo parcial?<\/h3><\/div><div class=\"uagb-faq-content\"><p>La reducci\u00f3n a 42 horas semanales <strong>establece el techo de la jornada ordinaria, no el m\u00ednimo<\/strong>. Los contratos a tiempo parcial se rigen por la jornada pactada entre empleador y trabajador, que por definici\u00f3n ya est\u00e1 por debajo del l\u00edmite legal. La reducci\u00f3n no obliga a modificar contratos parciales ni a reducir las horas pactadas en ellos.<\/p><\/div><\/div><div class=\"wp-block-uagb-faq-child uagb-faq-child__outer-wrap uagb-faq-item uagb-block-08a6cdc8 \" role=\"tab\" tabindex=\"0\"><div class=\"uagb-faq-questions-button uagb-faq-questions\">\t\t\t<span class=\"uagb-icon uagb-faq-icon-wrap\">\n\t\t\t\t\t\t\t\t<svg xmlns=\"https:\/\/www.w3.org\/2000\/svg\" viewBox= \"0 0 448 512\"><path d=\"M432 256c0 17.69-14.33 32.01-32 32.01H256v144c0 17.69-14.33 31.99-32 31.99s-32-14.3-32-31.99v-144H48c-17.67 0-32-14.32-32-32.01s14.33-31.99 32-31.99H192v-144c0-17.69 14.33-32.01 32-32.01s32 14.32 32 32.01v144h144C417.7 224 432 238.3 432 256z\"><\/path><\/svg>\n\t\t\t\t\t\t\t<\/span>\n\t\t\t\t\t\t<span class=\"uagb-icon-active uagb-faq-icon-wrap\">\n\t\t\t\t\t\t\t\t<svg xmlns=\"https:\/\/www.w3.org\/2000\/svg\" viewBox= \"0 0 448 512\"><path d=\"M400 288h-352c-17.69 0-32-14.32-32-32.01s14.31-31.99 32-31.99h352c17.69 0 32 14.3 32 31.99S417.7 288 400 288z\"><\/path><\/svg>\n\t\t\t\t\t\t\t<\/span>\n\t\t\t<h3 class=\"uagb-question\">\u00bfPuede el trabajador renunciar voluntariamente a la reducci\u00f3n de jornada?<\/h3><\/div><div class=\"uagb-faq-content\"><p>La jornada m\u00e1xima de 42 horas es un l\u00edmite de orden p\u00fablico: <strong>ning\u00fan trabajador puede renunciar a su aplicaci\u00f3n<\/strong> ni el empleador puede pactarlo en el contrato. Cualquier acuerdo que fije la jornada ordinaria por encima de 42 horas semanales es nulo de pleno derecho, con independencia del consentimiento del trabajador.<\/p><\/div><\/div><div class=\"wp-block-uagb-faq-child uagb-faq-child__outer-wrap uagb-faq-item uagb-block-2561c6cc \" role=\"tab\" tabindex=\"0\"><div class=\"uagb-faq-questions-button uagb-faq-questions\">\t\t\t<span class=\"uagb-icon uagb-faq-icon-wrap\">\n\t\t\t\t\t\t\t\t<svg xmlns=\"https:\/\/www.w3.org\/2000\/svg\" viewBox= \"0 0 448 512\"><path d=\"M432 256c0 17.69-14.33 32.01-32 32.01H256v144c0 17.69-14.33 31.99-32 31.99s-32-14.3-32-31.99v-144H48c-17.67 0-32-14.32-32-32.01s14.33-31.99 32-31.99H192v-144c0-17.69 14.33-32.01 32-32.01s32 14.32 32 32.01v144h144C417.7 224 432 238.3 432 256z\"><\/path><\/svg>\n\t\t\t\t\t\t\t<\/span>\n\t\t\t\t\t\t<span class=\"uagb-icon-active uagb-faq-icon-wrap\">\n\t\t\t\t\t\t\t\t<svg xmlns=\"https:\/\/www.w3.org\/2000\/svg\" viewBox= \"0 0 448 512\"><path d=\"M400 288h-352c-17.69 0-32-14.32-32-32.01s14.31-31.99 32-31.99h352c17.69 0 32 14.3 32 31.99S417.7 288 400 288z\"><\/path><\/svg>\n\t\t\t\t\t\t\t<\/span>\n\t\t\t<h3 class=\"uagb-question\">\u00bfQu\u00e9 ocurre si el convenio colectivo fija una jornada superior a 42 horas?<\/h3><\/div><div class=\"uagb-faq-content\"><p>Cualquier cl\u00e1usula de un convenio colectivo que establezca una jornada ordinaria superior a 42 horas semanales <strong>queda sin efecto desde el 15 de julio de 2026<\/strong> por aplicaci\u00f3n directa de la Ley 2101. El empleador debe adaptar los cuadrantes al nuevo l\u00edmite sin necesidad de renegociar el convenio, aunque s\u00ed conviene documentar internamente la actualizaci\u00f3n para acreditarla ante una inspecci\u00f3n.<\/p><\/div><\/div><div class=\"wp-block-uagb-faq-child uagb-faq-child__outer-wrap uagb-faq-item uagb-block-994c1810 \" role=\"tab\" tabindex=\"0\"><div class=\"uagb-faq-questions-button uagb-faq-questions\">\t\t\t<span class=\"uagb-icon uagb-faq-icon-wrap\">\n\t\t\t\t\t\t\t\t<svg xmlns=\"https:\/\/www.w3.org\/2000\/svg\" viewBox= \"0 0 448 512\"><path d=\"M432 256c0 17.69-14.33 32.01-32 32.01H256v144c0 17.69-14.33 31.99-32 31.99s-32-14.3-32-31.99v-144H48c-17.67 0-32-14.32-32-32.01s14.33-31.99 32-31.99H192v-144c0-17.69 14.33-32.01 32-32.01s32 14.32 32 32.01v144h144C417.7 224 432 238.3 432 256z\"><\/path><\/svg>\n\t\t\t\t\t\t\t<\/span>\n\t\t\t\t\t\t<span class=\"uagb-icon-active uagb-faq-icon-wrap\">\n\t\t\t\t\t\t\t\t<svg xmlns=\"https:\/\/www.w3.org\/2000\/svg\" viewBox= \"0 0 448 512\"><path d=\"M400 288h-352c-17.69 0-32-14.32-32-32.01s14.31-31.99 32-31.99h352c17.69 0 32 14.3 32 31.99S417.7 288 400 288z\"><\/path><\/svg>\n\t\t\t\t\t\t\t<\/span>\n\t\t\t<h3 class=\"uagb-question\">\u00bfCambia el c\u00e1lculo de las vacaciones con la reducci\u00f3n de jornada?<\/h3><\/div><div class=\"uagb-faq-content\"><p>Las vacaciones remuneradas en Colombia equivalen a <strong>15 d\u00edas h\u00e1biles por a\u00f1o trabajado<\/strong> y se liquidan sobre el salario mensual, no sobre las horas trabajadas. <strong>La reducci\u00f3n a 42 horas semanales no modifica ese derecho<\/strong> ni el valor de la liquidaci\u00f3n vacacional.<\/p><\/div><\/div><\/div>","protected":false},"excerpt":{"rendered":"<p>La jornada laboral m\u00e1xima en Colombia es de 42 horas semanales. Esta reducci\u00f3n progresiva obliga a todas las empresas a actualizar el divisor de la planilla de pago, revisar los cuadrantes de turnos y cumplir los requisitos de registro que exige el Ministerio del Trabajo en caso de inspecci\u00f3n. <\/p>\n","protected":false},"author":49,"featured_media":64323,"comment_status":"open","ping_status":"open","sticky":false,"template":"","format":"standard","meta":{"_uag_custom_page_level_css":"","site-sidebar-layout":"default","site-content-layout":"","ast-site-content-layout":"default","site-content-style":"default","site-sidebar-style":"default","ast-global-header-display":"","ast-banner-title-visibility":"","ast-main-header-display":"","ast-hfb-above-header-display":"","ast-hfb-below-header-display":"","ast-hfb-mobile-header-display":"","site-post-title":"","ast-breadcrumbs-content":"","ast-featured-img":"","footer-sml-layout":"","ast-disable-related-posts":"","theme-transparent-header-meta":"","adv-header-id-meta":"","stick-header-meta":"","header-above-stick-meta":"","header-main-stick-meta":"","header-below-stick-meta":"","astra-migrate-meta-layouts":"default","ast-page-background-enabled":"default","ast-page-background-meta":{"desktop":{"background-color":"var(--ast-global-color-5)","background-image":"","background-repeat":"repeat","background-position":"center center","background-size":"auto","background-attachment":"scroll","background-type":"","background-media":"","overlay-type":"","overlay-color":"","overlay-opacity":"","overlay-gradient":""},"tablet":{"background-color":"","background-image":"","background-repeat":"repeat","background-position":"center center","background-size":"auto","background-attachment":"scroll","background-type":"","background-media":"","overlay-type":"","overlay-color":"","overlay-opacity":"","overlay-gradient":""},"mobile":{"background-color":"","background-image":"","background-repeat":"repeat","background-position":"center center","background-size":"auto","background-attachment":"scroll","background-type":"","background-media":"","overlay-type":"","overlay-color":"","overlay-opacity":"","overlay-gradient":""}},"ast-content-background-meta":{"desktop":{"background-color":"var(--ast-global-color-4)","background-image":"","background-repeat":"repeat","background-position":"center center","background-size":"auto","background-attachment":"scroll","background-type":"","background-media":"","overlay-type":"","overlay-color":"","overlay-opacity":"","overlay-gradient":""},"tablet":{"background-color":"var(--ast-global-color-4)","background-image":"","background-repeat":"repeat","background-position":"center center","background-size":"auto","background-attachment":"scroll","background-type":"","background-media":"","overlay-type":"","overlay-color":"","overlay-opacity":"","overlay-gradient":""},"mobile":{"background-color":"var(--ast-global-color-4)","background-image":"","background-repeat":"repeat","background-position":"center center","background-size":"auto","background-attachment":"scroll","background-type":"","background-media":"","overlay-type":"","overlay-color":"","overlay-opacity":"","overlay-gradient":""}},"footnotes":""},"categories":[91,89],"tags":[],"class_list":["post-64320","post","type-post","status-publish","format-standard","has-post-thumbnail","hentry","category-control-horario","category-gestion-del-tiempo"],"yoast_head":"<!-- This site is optimized with the Yoast SEO plugin v28.4 - https:\/\/yoast.com\/product\/yoast-seo-wordpress\/ -->\n<title>Reducci\u00f3n de jornada laboral en Colombia | Gu\u00eda completa 2026<\/title>\n<meta name=\"description\" content=\"La jornada m\u00e1xima laboral en Colombia pasa a 42 horas semanales. Ajusta el divisor de la planilla de pago, adapta turnos y evita sanciones.\" \/>\n<meta name=\"robots\" content=\"index, follow, max-snippet:-1, max-image-preview:large, max-video-preview:-1\" \/>\n<meta property=\"og:locale\" content=\"es_ES\" \/>\n<meta property=\"og:type\" content=\"article\" \/>\n<meta property=\"og:title\" content=\"Reducci\u00f3n de jornada laboral en Colombia | Gu\u00eda completa 2026\" \/>\n<meta property=\"og:description\" content=\"La jornada m\u00e1xima laboral en Colombia pasa a 42 horas semanales. Ajusta el divisor de la planilla de pago, adapta turnos y evita sanciones.\" \/>\n<meta property=\"og:url\" content=\"https:\/\/www.bizneo.com\/blog\/reduccion-jornada-laboral-colombia\/\" \/>\n<meta property=\"og:site_name\" content=\"Blog de Recursos Humanos de Bizneo HR: pr\u00e1ctico y actual\" \/>\n<meta property=\"article:published_time\" content=\"2026-08-31T09:53:34+00:00\" \/>\n<meta property=\"article:modified_time\" content=\"2026-08-31T09:54:05+00:00\" \/>\n<meta property=\"og:image\" content=\"https:\/\/www.bizneo.com\/blog\/wp-content\/uploads\/2026\/08\/Reduccion-de-la-jornada-laboral-en-Colombia.jpg\" \/>\n\t<meta property=\"og:image:width\" content=\"1200\" \/>\n\t<meta property=\"og:image:height\" content=\"655\" \/>\n\t<meta property=\"og:image:type\" content=\"image\/jpeg\" \/>\n<meta name=\"author\" content=\"Marta Campos\" \/>\n<meta name=\"twitter:card\" content=\"summary_large_image\" \/>\n<meta name=\"twitter:label1\" content=\"Escrito por\" \/>\n\t<meta name=\"twitter:data1\" content=\"Marta Campos\" \/>\n\t<meta name=\"twitter:label2\" content=\"Tiempo de lectura\" \/>\n\t<meta name=\"twitter:data2\" content=\"9 minutos\" \/>\n<script type=\"application\/ld+json\" class=\"yoast-schema-graph\">{\"@context\":\"https:\\\/\\\/schema.org\",\"@graph\":[{\"@type\":[\"Article\",\"BlogPosting\"],\"@id\":\"https:\\\/\\\/www.bizneo.com\\\/blog\\\/reduccion-jornada-laboral-colombia\\\/#article\",\"isPartOf\":{\"@id\":\"https:\\\/\\\/www.bizneo.com\\\/blog\\\/reduccion-jornada-laboral-colombia\\\/\"},\"author\":{\"name\":\"Marta Campos\",\"@id\":\"https:\\\/\\\/www.bizneo.com\\\/blog\\\/#\\\/schema\\\/person\\\/9db973049e3a26a5685a97ca6ed4aae0\"},\"headline\":\"Reducci\u00f3n de la jornada laboral en Colombia: Gu\u00eda para implementar las 42 horas semanales\",\"datePublished\":\"2026-08-31T09:53:34+00:00\",\"dateModified\":\"2026-08-31T09:54:05+00:00\",\"mainEntityOfPage\":{\"@id\":\"https:\\\/\\\/www.bizneo.com\\\/blog\\\/reduccion-jornada-laboral-colombia\\\/\"},\"wordCount\":1754,\"commentCount\":0,\"publisher\":{\"@id\":\"https:\\\/\\\/www.bizneo.com\\\/blog\\\/#organization\"},\"image\":{\"@id\":\"https:\\\/\\\/www.bizneo.com\\\/blog\\\/reduccion-jornada-laboral-colombia\\\/#primaryimage\"},\"thumbnailUrl\":\"https:\\\/\\\/www.bizneo.com\\\/blog\\\/wp-content\\\/uploads\\\/2026\\\/08\\\/Reduccion-de-la-jornada-laboral-en-Colombia.jpg\",\"articleSection\":[\"Control Horario\",\"Gesti\u00f3n del Tiempo\"],\"inLanguage\":\"es\",\"potentialAction\":[{\"@type\":\"CommentAction\",\"name\":\"Comment\",\"target\":[\"https:\\\/\\\/www.bizneo.com\\\/blog\\\/reduccion-jornada-laboral-colombia\\\/#respond\"]}]},{\"@type\":\"WebPage\",\"@id\":\"https:\\\/\\\/www.bizneo.com\\\/blog\\\/reduccion-jornada-laboral-colombia\\\/\",\"url\":\"https:\\\/\\\/www.bizneo.com\\\/blog\\\/reduccion-jornada-laboral-colombia\\\/\",\"name\":\"Reducci\u00f3n de jornada laboral en Colombia | Gu\u00eda completa 2026\",\"isPartOf\":{\"@id\":\"https:\\\/\\\/www.bizneo.com\\\/blog\\\/#website\"},\"primaryImageOfPage\":{\"@id\":\"https:\\\/\\\/www.bizneo.com\\\/blog\\\/reduccion-jornada-laboral-colombia\\\/#primaryimage\"},\"image\":{\"@id\":\"https:\\\/\\\/www.bizneo.com\\\/blog\\\/reduccion-jornada-laboral-colombia\\\/#primaryimage\"},\"thumbnailUrl\":\"https:\\\/\\\/www.bizneo.com\\\/blog\\\/wp-content\\\/uploads\\\/2026\\\/08\\\/Reduccion-de-la-jornada-laboral-en-Colombia.jpg\",\"datePublished\":\"2026-08-31T09:53:34+00:00\",\"dateModified\":\"2026-08-31T09:54:05+00:00\",\"description\":\"La jornada m\u00e1xima laboral en Colombia pasa a 42 horas semanales. Ajusta el divisor de la planilla de pago, adapta turnos y evita sanciones.\",\"breadcrumb\":{\"@id\":\"https:\\\/\\\/www.bizneo.com\\\/blog\\\/reduccion-jornada-laboral-colombia\\\/#breadcrumb\"},\"inLanguage\":\"es\",\"potentialAction\":[{\"@type\":\"ReadAction\",\"target\":[\"https:\\\/\\\/www.bizneo.com\\\/blog\\\/reduccion-jornada-laboral-colombia\\\/\"]}]},{\"@type\":\"ImageObject\",\"inLanguage\":\"es\",\"@id\":\"https:\\\/\\\/www.bizneo.com\\\/blog\\\/reduccion-jornada-laboral-colombia\\\/#primaryimage\",\"url\":\"https:\\\/\\\/www.bizneo.com\\\/blog\\\/wp-content\\\/uploads\\\/2026\\\/08\\\/Reduccion-de-la-jornada-laboral-en-Colombia.jpg\",\"contentUrl\":\"https:\\\/\\\/www.bizneo.com\\\/blog\\\/wp-content\\\/uploads\\\/2026\\\/08\\\/Reduccion-de-la-jornada-laboral-en-Colombia.jpg\",\"width\":1200,\"height\":655,\"caption\":\"Reducci\u00f3n de la jornada laboral en Colombia\"},{\"@type\":\"BreadcrumbList\",\"@id\":\"https:\\\/\\\/www.bizneo.com\\\/blog\\\/reduccion-jornada-laboral-colombia\\\/#breadcrumb\",\"itemListElement\":[{\"@type\":\"ListItem\",\"position\":1,\"name\":\"Portada\",\"item\":\"https:\\\/\\\/www.bizneo.com\\\/blog\\\/\"},{\"@type\":\"ListItem\",\"position\":2,\"name\":\"Gesti\u00f3n del Tiempo\",\"item\":\"https:\\\/\\\/www.bizneo.com\\\/blog\\\/category\\\/gestion-del-tiempo\\\/\"},{\"@type\":\"ListItem\",\"position\":3,\"name\":\"Reducci\u00f3n de la jornada laboral en Colombia: Gu\u00eda para implementar las 42 horas semanales\"}]},{\"@type\":\"WebSite\",\"@id\":\"https:\\\/\\\/www.bizneo.com\\\/blog\\\/#website\",\"url\":\"https:\\\/\\\/www.bizneo.com\\\/blog\\\/\",\"name\":\"Blog de Recursos Humanos de Bizneo HR: pr\u00e1ctico y actual\",\"description\":\"Todo sobre actualidad, herramientas y tecnolog\u00eda  para optimizar la gesti\u00f3n del talento humano\",\"publisher\":{\"@id\":\"https:\\\/\\\/www.bizneo.com\\\/blog\\\/#organization\"},\"potentialAction\":[{\"@type\":\"SearchAction\",\"target\":{\"@type\":\"EntryPoint\",\"urlTemplate\":\"https:\\\/\\\/www.bizneo.com\\\/blog\\\/?s={search_term_string}\"},\"query-input\":{\"@type\":\"PropertyValueSpecification\",\"valueRequired\":true,\"valueName\":\"search_term_string\"}}],\"inLanguage\":\"es\"},{\"@type\":\"Organization\",\"@id\":\"https:\\\/\\\/www.bizneo.com\\\/blog\\\/#organization\",\"name\":\"Bizneo HR\",\"url\":\"https:\\\/\\\/www.bizneo.com\\\/blog\\\/\",\"logo\":{\"@type\":\"ImageObject\",\"inLanguage\":\"es\",\"@id\":\"https:\\\/\\\/www.bizneo.com\\\/blog\\\/#\\\/schema\\\/logo\\\/image\\\/\",\"url\":\"https:\\\/\\\/www.bizneo.com\\\/blog\\\/wp-content\\\/uploads\\\/2020\\\/09\\\/Icono-Logo-Bizneo-HR.png\",\"contentUrl\":\"https:\\\/\\\/www.bizneo.com\\\/blog\\\/wp-content\\\/uploads\\\/2020\\\/09\\\/Icono-Logo-Bizneo-HR.png\",\"width\":834,\"height\":834,\"caption\":\"Bizneo HR\"},\"image\":{\"@id\":\"https:\\\/\\\/www.bizneo.com\\\/blog\\\/#\\\/schema\\\/logo\\\/image\\\/\"}},{\"@type\":\"Person\",\"@id\":\"https:\\\/\\\/www.bizneo.com\\\/blog\\\/#\\\/schema\\\/person\\\/9db973049e3a26a5685a97ca6ed4aae0\",\"name\":\"Marta Campos\",\"image\":{\"@type\":\"ImageObject\",\"inLanguage\":\"es\",\"@id\":\"https:\\\/\\\/secure.gravatar.com\\\/avatar\\\/6a6a0cc7448b63de85c5c95e230e8c23108f072a1097e3e6a5ce052f80f217f9?s=96&d=mm&r=g\",\"url\":\"https:\\\/\\\/secure.gravatar.com\\\/avatar\\\/6a6a0cc7448b63de85c5c95e230e8c23108f072a1097e3e6a5ce052f80f217f9?s=96&d=mm&r=g\",\"contentUrl\":\"https:\\\/\\\/secure.gravatar.com\\\/avatar\\\/6a6a0cc7448b63de85c5c95e230e8c23108f072a1097e3e6a5ce052f80f217f9?s=96&d=mm&r=g\",\"caption\":\"Marta Campos\"},\"url\":\"https:\\\/\\\/www.bizneo.com\\\/blog\\\/author\\\/martacampos\\\/\"}]}<\/script>\n<!-- \/ Yoast SEO plugin. -->","yoast_head_json":{"title":"Reducci\u00f3n de jornada laboral en Colombia | Gu\u00eda completa 2026","description":"La jornada m\u00e1xima laboral en Colombia pasa a 42 horas semanales. Ajusta el divisor de la planilla de pago, adapta turnos y evita sanciones.","robots":{"index":"index","follow":"follow","max-snippet":"max-snippet:-1","max-image-preview":"max-image-preview:large","max-video-preview":"max-video-preview:-1"},"og_locale":"es_ES","og_type":"article","og_title":"Reducci\u00f3n de jornada laboral en Colombia | Gu\u00eda completa 2026","og_description":"La jornada m\u00e1xima laboral en Colombia pasa a 42 horas semanales. Ajusta el divisor de la planilla de pago, adapta turnos y evita sanciones.","og_url":"https:\/\/www.bizneo.com\/blog\/reduccion-jornada-laboral-colombia\/","og_site_name":"Blog de Recursos Humanos de Bizneo HR: pr\u00e1ctico y actual","article_published_time":"2026-08-31T09:53:34+00:00","article_modified_time":"2026-08-31T09:54:05+00:00","og_image":[{"width":1200,"height":655,"url":"https:\/\/www.bizneo.com\/blog\/wp-content\/uploads\/2026\/08\/Reduccion-de-la-jornada-laboral-en-Colombia.jpg","type":"image\/jpeg"}],"author":"Marta Campos","twitter_card":"summary_large_image","twitter_misc":{"Escrito por":"Marta Campos","Tiempo de lectura":"9 minutos"},"schema":{"@context":"https:\/\/schema.org","@graph":[{"@type":["Article","BlogPosting"],"@id":"https:\/\/www.bizneo.com\/blog\/reduccion-jornada-laboral-colombia\/#article","isPartOf":{"@id":"https:\/\/www.bizneo.com\/blog\/reduccion-jornada-laboral-colombia\/"},"author":{"name":"Marta Campos","@id":"https:\/\/www.bizneo.com\/blog\/#\/schema\/person\/9db973049e3a26a5685a97ca6ed4aae0"},"headline":"Reducci\u00f3n de la jornada laboral en Colombia: Gu\u00eda para implementar las 42 horas semanales","datePublished":"2026-08-31T09:53:34+00:00","dateModified":"2026-08-31T09:54:05+00:00","mainEntityOfPage":{"@id":"https:\/\/www.bizneo.com\/blog\/reduccion-jornada-laboral-colombia\/"},"wordCount":1754,"commentCount":0,"publisher":{"@id":"https:\/\/www.bizneo.com\/blog\/#organization"},"image":{"@id":"https:\/\/www.bizneo.com\/blog\/reduccion-jornada-laboral-colombia\/#primaryimage"},"thumbnailUrl":"https:\/\/www.bizneo.com\/blog\/wp-content\/uploads\/2026\/08\/Reduccion-de-la-jornada-laboral-en-Colombia.jpg","articleSection":["Control Horario","Gesti\u00f3n del Tiempo"],"inLanguage":"es","potentialAction":[{"@type":"CommentAction","name":"Comment","target":["https:\/\/www.bizneo.com\/blog\/reduccion-jornada-laboral-colombia\/#respond"]}]},{"@type":"WebPage","@id":"https:\/\/www.bizneo.com\/blog\/reduccion-jornada-laboral-colombia\/","url":"https:\/\/www.bizneo.com\/blog\/reduccion-jornada-laboral-colombia\/","name":"Reducci\u00f3n de jornada laboral en Colombia | Gu\u00eda completa 2026","isPartOf":{"@id":"https:\/\/www.bizneo.com\/blog\/#website"},"primaryImageOfPage":{"@id":"https:\/\/www.bizneo.com\/blog\/reduccion-jornada-laboral-colombia\/#primaryimage"},"image":{"@id":"https:\/\/www.bizneo.com\/blog\/reduccion-jornada-laboral-colombia\/#primaryimage"},"thumbnailUrl":"https:\/\/www.bizneo.com\/blog\/wp-content\/uploads\/2026\/08\/Reduccion-de-la-jornada-laboral-en-Colombia.jpg","datePublished":"2026-08-31T09:53:34+00:00","dateModified":"2026-08-31T09:54:05+00:00","description":"La jornada m\u00e1xima laboral en Colombia pasa a 42 horas semanales. Ajusta el divisor de la planilla de pago, adapta turnos y evita sanciones.","breadcrumb":{"@id":"https:\/\/www.bizneo.com\/blog\/reduccion-jornada-laboral-colombia\/#breadcrumb"},"inLanguage":"es","potentialAction":[{"@type":"ReadAction","target":["https:\/\/www.bizneo.com\/blog\/reduccion-jornada-laboral-colombia\/"]}]},{"@type":"ImageObject","inLanguage":"es","@id":"https:\/\/www.bizneo.com\/blog\/reduccion-jornada-laboral-colombia\/#primaryimage","url":"https:\/\/www.bizneo.com\/blog\/wp-content\/uploads\/2026\/08\/Reduccion-de-la-jornada-laboral-en-Colombia.jpg","contentUrl":"https:\/\/www.bizneo.com\/blog\/wp-content\/uploads\/2026\/08\/Reduccion-de-la-jornada-laboral-en-Colombia.jpg","width":1200,"height":655,"caption":"Reducci\u00f3n de la jornada laboral en Colombia"},{"@type":"BreadcrumbList","@id":"https:\/\/www.bizneo.com\/blog\/reduccion-jornada-laboral-colombia\/#breadcrumb","itemListElement":[{"@type":"ListItem","position":1,"name":"Portada","item":"https:\/\/www.bizneo.com\/blog\/"},{"@type":"ListItem","position":2,"name":"Gesti\u00f3n del Tiempo","item":"https:\/\/www.bizneo.com\/blog\/category\/gestion-del-tiempo\/"},{"@type":"ListItem","position":3,"name":"Reducci\u00f3n de la jornada laboral en Colombia: Gu\u00eda para implementar las 42 horas semanales"}]},{"@type":"WebSite","@id":"https:\/\/www.bizneo.com\/blog\/#website","url":"https:\/\/www.bizneo.com\/blog\/","name":"Blog de Recursos Humanos de Bizneo HR: pr\u00e1ctico y actual","description":"Todo sobre actualidad, herramientas y tecnolog\u00eda  para optimizar la gesti\u00f3n del talento humano","publisher":{"@id":"https:\/\/www.bizneo.com\/blog\/#organization"},"potentialAction":[{"@type":"SearchAction","target":{"@type":"EntryPoint","urlTemplate":"https:\/\/www.bizneo.com\/blog\/?s={search_term_string}"},"query-input":{"@type":"PropertyValueSpecification","valueRequired":true,"valueName":"search_term_string"}}],"inLanguage":"es"},{"@type":"Organization","@id":"https:\/\/www.bizneo.com\/blog\/#organization","name":"Bizneo HR","url":"https:\/\/www.bizneo.com\/blog\/","logo":{"@type":"ImageObject","inLanguage":"es","@id":"https:\/\/www.bizneo.com\/blog\/#\/schema\/logo\/image\/","url":"https:\/\/www.bizneo.com\/blog\/wp-content\/uploads\/2020\/09\/Icono-Logo-Bizneo-HR.png","contentUrl":"https:\/\/www.bizneo.com\/blog\/wp-content\/uploads\/2020\/09\/Icono-Logo-Bizneo-HR.png","width":834,"height":834,"caption":"Bizneo HR"},"image":{"@id":"https:\/\/www.bizneo.com\/blog\/#\/schema\/logo\/image\/"}},{"@type":"Person","@id":"https:\/\/www.bizneo.com\/blog\/#\/schema\/person\/9db973049e3a26a5685a97ca6ed4aae0","name":"Marta Campos","image":{"@type":"ImageObject","inLanguage":"es","@id":"https:\/\/secure.gravatar.com\/avatar\/6a6a0cc7448b63de85c5c95e230e8c23108f072a1097e3e6a5ce052f80f217f9?s=96&d=mm&r=g","url":"https:\/\/secure.gravatar.com\/avatar\/6a6a0cc7448b63de85c5c95e230e8c23108f072a1097e3e6a5ce052f80f217f9?s=96&d=mm&r=g","contentUrl":"https:\/\/secure.gravatar.com\/avatar\/6a6a0cc7448b63de85c5c95e230e8c23108f072a1097e3e6a5ce052f80f217f9?s=96&d=mm&r=g","caption":"Marta Campos"},"url":"https:\/\/www.bizneo.com\/blog\/author\/martacampos\/"}]}},"spectra_custom_meta":{"_uagb_previous_block_counts":["a:90:{s:21:\"uagb\/advanced-heading\";i:0;s:15:\"uagb\/blockquote\";i:0;s:12:\"uagb\/buttons\";i:0;s:18:\"uagb\/buttons-child\";i:0;s:19:\"uagb\/call-to-action\";i:0;s:15:\"uagb\/cf7-styler\";i:0;s:11:\"uagb\/column\";i:0;s:12:\"uagb\/columns\";i:0;s:14:\"uagb\/container\";i:0;s:21:\"uagb\/content-timeline\";i:0;s:27:\"uagb\/content-timeline-child\";i:0;s:14:\"uagb\/countdown\";i:0;s:12:\"uagb\/counter\";i:0;s:8:\"uagb\/faq\";i:1;s:14:\"uagb\/faq-child\";i:4;s:10:\"uagb\/forms\";i:0;s:17:\"uagb\/forms-accept\";i:0;s:19:\"uagb\/forms-checkbox\";i:0;s:15:\"uagb\/forms-date\";i:0;s:16:\"uagb\/forms-email\";i:0;s:17:\"uagb\/forms-hidden\";i:0;s:15:\"uagb\/forms-name\";i:0;s:16:\"uagb\/forms-phone\";i:0;s:16:\"uagb\/forms-radio\";i:0;s:17:\"uagb\/forms-select\";i:0;s:19:\"uagb\/forms-textarea\";i:0;s:17:\"uagb\/forms-toggle\";i:0;s:14:\"uagb\/forms-url\";i:0;s:14:\"uagb\/gf-styler\";i:0;s:15:\"uagb\/google-map\";i:0;s:11:\"uagb\/how-to\";i:0;s:16:\"uagb\/how-to-step\";i:0;s:9:\"uagb\/icon\";i:0;s:14:\"uagb\/icon-list\";i:0;s:20:\"uagb\/icon-list-child\";i:0;s:10:\"uagb\/image\";i:0;s:18:\"uagb\/image-gallery\";i:0;s:13:\"uagb\/info-box\";i:0;s:18:\"uagb\/inline-notice\";i:0;s:11:\"uagb\/lottie\";i:0;s:21:\"uagb\/marketing-button\";i:0;s:10:\"uagb\/modal\";i:0;s:18:\"uagb\/popup-builder\";i:0;s:16:\"uagb\/post-button\";i:0;s:18:\"uagb\/post-carousel\";i:0;s:17:\"uagb\/post-excerpt\";i:0;s:14:\"uagb\/post-grid\";i:0;s:15:\"uagb\/post-image\";i:0;s:17:\"uagb\/post-masonry\";i:0;s:14:\"uagb\/post-meta\";i:0;s:18:\"uagb\/post-taxonomy\";i:0;s:18:\"uagb\/post-timeline\";i:0;s:15:\"uagb\/post-title\";i:0;s:20:\"uagb\/restaurant-menu\";i:0;s:26:\"uagb\/restaurant-menu-child\";i:0;s:11:\"uagb\/review\";i:0;s:12:\"uagb\/section\";i:0;s:14:\"uagb\/separator\";i:0;s:11:\"uagb\/slider\";i:0;s:17:\"uagb\/slider-child\";i:0;s:17:\"uagb\/social-share\";i:0;s:23:\"uagb\/social-share-child\";i:0;s:16:\"uagb\/star-rating\";i:0;s:23:\"uagb\/sure-cart-checkout\";i:0;s:22:\"uagb\/sure-cart-product\";i:0;s:15:\"uagb\/sure-forms\";i:0;s:22:\"uagb\/table-of-contents\";i:0;s:9:\"uagb\/tabs\";i:0;s:15:\"uagb\/tabs-child\";i:0;s:18:\"uagb\/taxonomy-list\";i:0;s:9:\"uagb\/team\";i:0;s:16:\"uagb\/testimonial\";i:0;s:14:\"uagb\/wp-search\";i:0;s:19:\"uagb\/instagram-feed\";i:0;s:10:\"uagb\/login\";i:0;s:17:\"uagb\/loop-builder\";i:0;s:18:\"uagb\/loop-category\";i:0;s:20:\"uagb\/loop-pagination\";i:0;s:15:\"uagb\/loop-reset\";i:0;s:16:\"uagb\/loop-search\";i:0;s:14:\"uagb\/loop-sort\";i:0;s:17:\"uagb\/loop-wrapper\";i:0;s:13:\"uagb\/register\";i:0;s:19:\"uagb\/register-email\";i:0;s:24:\"uagb\/register-first-name\";i:0;s:23:\"uagb\/register-last-name\";i:0;s:22:\"uagb\/register-password\";i:0;s:30:\"uagb\/register-reenter-password\";i:0;s:19:\"uagb\/register-terms\";i:0;s:22:\"uagb\/register-username\";i:0;}"],"_edit_lock":["1788170047:49"],"_thumbnail_id":["64323"],"_edit_last":["49"],"_yoast_wpseo_primary_category":["89"],"_yoast_wpseo_focuskw":["Reducci\u00f3n de la jornada laboral Colombia 2026"],"_yoast_wpseo_title":["Reducci\u00f3n de jornada laboral en Colombia | Gu\u00eda completa 2026"],"_yoast_wpseo_metadesc":["La jornada m\u00e1xima laboral en Colombia pasa a 42 horas semanales. Ajusta el divisor de la planilla de pago, adapta turnos y evita sanciones."],"_yoast_wpseo_linkdex":["83"],"_yoast_wpseo_content_score":["90"],"_yoast_wpseo_estimated-reading-time-minutes":["9"],"_uag_css_file_name":["uag-css-64320.css"],"_uag_page_assets":["a:9:{s:3:\"css\";s:5782:\".wp-block-uagb-faq{width:100%}.wp-block-uagb-faq.uagb-faq-layout-accordion .uagb-faq-child__outer-wrap .uagb-faq-questions-button{cursor:pointer}.wp-block-uagb-faq .uagb-faq-content{margin-bottom:0}.wp-block-uagb-faq .uagb-faq-content p{margin:auto}.uagb-faq-layout-grid.uagb-faq-equal-height.uagb-faq__wrap .uagb-faq-child__outer-wrap,.uagb-faq-layout-grid.uagb-faq-equal-height.uagb-faq__wrap .uagb-faq-item{height:100%}body[class*=astra] .uagb-faq-questions{line-height:normal}.uagb-faq-item{overflow:hidden}.wp-block-uagb-faq-child .uagb-faq-questions-button{display:flex;align-items:center}.wp-block-uagb-faq-child .uagb-faq-questions-button .uagb-faq-icon-wrap{display:flex;align-items:center}.wp-block-uagb-faq-child .uagb-faq-questions-button .uagb-question{width:100%;margin-top:0;margin-bottom:0}.wp-block-uagb-faq-child .uagb-icon svg,.wp-block-uagb-faq-child .uagb-icon-active svg{width:15px;height:15px;font-size:15px}.wp-block-uagb-faq-child.uagb-faq-child__outer-wrap.uagb-faq-item .uagb-icon-active,.wp-block-uagb-faq-child.uagb-faq-child__outer-wrap.uagb-faq-item.uagb-faq-item-active .uagb-icon,.wp-block-uagb-faq-child.uagb-faq-child__outer-wrap .uagb-faq-item .uagb-icon-active,.wp-block-uagb-faq-child.uagb-faq-child__outer-wrap .uagb-faq-item.uagb-faq-item-active .uagb-icon{display:none;width:0;height:0;margin:0}.wp-block-uagb-faq-child.uagb-faq-child__outer-wrap.uagb-faq-item .uagb-icon,.wp-block-uagb-faq-child.uagb-faq-child__outer-wrap.uagb-faq-item.uagb-faq-item-active .uagb-icon-active,.wp-block-uagb-faq-child.uagb-faq-child__outer-wrap .uagb-faq-item .uagb-icon,.wp-block-uagb-faq-child.uagb-faq-child__outer-wrap .uagb-faq-item.uagb-faq-item-active .uagb-icon-active{display:flex;width:auto;height:auto}.uagb-faq-layout-grid .uagb-faq-child__outer-wrap.uagb-faq-item .uagb-icon,.uagb-faq-layout-grid .uagb-faq-child__outer-wrap.uagb-faq-item.uagb-faq-item-active .uagb-icon-active,.uagb-faq-layout-grid .uagb-faq-child__outer-wrap .uagb-faq-item .uagb-icon,.uagb-faq-layout-grid .uagb-faq-child__outer-wrap .uagb-faq-item.uagb-faq-item-active .uagb-icon-active{display:none}.uagb-faq-layout-grid .uagb-faq-child__outer-wrap.uagb-faq-item span.uagb-icon-active.uagb-faq-icon-wrap,.uagb-faq-layout-grid .uagb-faq-child__outer-wrap.uagb-faq-item.uagb-faq-item-active .uagb-icon-active,.uagb-faq-layout-grid .uagb-faq-child__outer-wrap .uagb-faq-item span.uagb-icon-active.uagb-faq-icon-wrap,.uagb-faq-layout-grid .uagb-faq-child__outer-wrap .uagb-faq-item.uagb-faq-item-active .uagb-icon-active{display:none}.uagb-block-9118146a .uagb-icon svg{width: 12px;height: 12px;font-size: 12px;}.uagb-block-9118146a .uagb-icon-active svg{width: 12px;height: 12px;font-size: 12px;}.uagb-block-9118146a .uagb-faq-child__outer-wrap{margin-bottom: 10px;}.uagb-block-9118146a .uagb-faq-item{border-top-width: 1px;border-left-width: 1px;border-right-width: 1px;border-bottom-width: 1px;border-top-left-radius: 2px;border-top-right-radius: 2px;border-bottom-left-radius: 2px;border-bottom-right-radius: 2px;border-color: #D2D2D2;border-style: solid;}.uagb-block-9118146a .uagb-faq-questions-button{padding-top: 10px;padding-bottom: 10px;padding-right: 10px;padding-left: 10px;}.uagb-block-9118146a .uagb-faq-content{padding-top: 10px;padding-bottom: 10px;padding-right: 10px;padding-left: 10px;}.uagb-block-9118146a .uagb-faq-content span{margin-top: 10px;margin-bottom: 10px;margin-right: 10px;margin-left: 10px;}.uagb-block-9118146a.uagb-faq-icon-row .uagb-faq-item .uagb-faq-icon-wrap{margin-right: 10px;}.uagb-block-9118146a.uagb-faq-icon-row-reverse .uagb-faq-item .uagb-faq-icon-wrap{margin-left: 10px;}.uagb-block-9118146a .uagb-faq-item .uagb-faq-questions-button.uagb-faq-questions{flex-direction: row;}.uagb-block-9118146a .wp-block-uagb-faq-child.uagb-faq-child__outer-wrap .uagb-faq-content {display: none;}.uagb-block-9118146a .uagb-faq-child__outer-wrap .uagb-faq-content {border-style: solid;border-top-color: #D2D2D2;border-top-width: 1px;border-right-width: 0px;border-bottom-width: 0px;border-left-width: 0px;}@media only screen and (max-width: 976px) {.uagb-block-9118146a.uagb-faq-icon-row .uagb-faq-item .uagb-faq-icon-wrap{margin-right: 10px;}.uagb-block-9118146a.uagb-faq-icon-row-reverse .uagb-faq-item .uagb-faq-icon-wrap{margin-left: 10px;}.uagb-block-9118146a .uagb-faq-questions-button{padding-top: 10px;padding-bottom: 10px;padding-right: 10px;padding-left: 10px;}.uagb-block-9118146a .uagb-faq-content{padding-top: 10px;padding-bottom: 10px;padding-right: 10px;padding-left: 10px;}.uagb-block-9118146a .uagb-faq-content span{margin-top: 10px;margin-bottom: 10px;margin-right: 10px;margin-left: 10px;}.uagb-block-9118146a .uagb-faq-item{border-style: solid;border-color: #D2D2D2;}.uagb-block-9118146a .uagb-faq-child__outer-wrap .uagb-faq-content {border-style: solid;border-top-color: #D2D2D2;border-right-width: 0px;border-bottom-width: 0px;border-left-width: 0px;}}@media only screen and (max-width: 767px) {.uagb-block-9118146a.uagb-faq-icon-row .uagb-faq-item .uagb-faq-icon-wrap{margin-right: 10px;}.uagb-block-9118146a .uagb-faq-item{border-style: solid;border-color: #D2D2D2;}.uagb-block-9118146a.uagb-faq-icon-row-reverse .uagb-faq-item .uagb-faq-icon-wrap{margin-left: 10px;}.uagb-block-9118146a .uagb-faq-questions-button{padding-top: 10px;padding-bottom: 10px;padding-right: 10px;padding-left: 10px;}.uagb-block-9118146a .uagb-faq-content{padding-top: 10px;padding-bottom: 10px;padding-right: 10px;padding-left: 10px;}.uagb-block-9118146a .uagb-faq-content span{margin-top: 10px;margin-bottom: 10px;margin-right: 10px;margin-left: 10px;}.uagb-block-9118146a .uagb-faq-child__outer-wrap .uagb-faq-content {border-style: solid;border-top-color: #D2D2D2;border-right-width: 0px;border-bottom-width: 0px;border-left-width: 0px;}}\";s:2:\"js\";s:0:\"\";s:18:\"current_block_list\";a:11:{i:0;s:14:\"core\/paragraph\";i:1;s:9:\"core\/html\";i:2;s:12:\"core\/heading\";i:3;s:10:\"core\/image\";i:4;s:9:\"core\/list\";i:5;s:14:\"core\/list-item\";i:6;s:10:\"core\/table\";i:7;s:8:\"uagb\/faq\";i:8;s:14:\"uagb\/faq-child\";i:9;s:12:\"core\/details\";i:10;s:14:\"core\/shortcode\";}s:8:\"uag_flag\";b:1;s:11:\"uag_version\";s:10:\"1788654108\";s:6:\"gfonts\";a:0:{}s:10:\"gfonts_url\";s:0:\"\";s:12:\"gfonts_files\";a:0:{}s:14:\"uag_faq_layout\";b:1;}"]},"uagb_featured_image_src":{"full":["https:\/\/www.bizneo.com\/blog\/wp-content\/uploads\/2026\/08\/Reduccion-de-la-jornada-laboral-en-Colombia.jpg",1200,655,false],"thumbnail":["https:\/\/www.bizneo.com\/blog\/wp-content\/uploads\/2026\/08\/Reduccion-de-la-jornada-laboral-en-Colombia-150x150.jpg",150,150,true],"medium":["https:\/\/www.bizneo.com\/blog\/wp-content\/uploads\/2026\/08\/Reduccion-de-la-jornada-laboral-en-Colombia-300x164.jpg",300,164,true],"medium_large":["https:\/\/www.bizneo.com\/blog\/wp-content\/uploads\/2026\/08\/Reduccion-de-la-jornada-laboral-en-Colombia-768x419.jpg",768,419,true],"large":["https:\/\/www.bizneo.com\/blog\/wp-content\/uploads\/2026\/08\/Reduccion-de-la-jornada-laboral-en-Colombia-1024x559.jpg",1024,559,true],"1536x1536":["https:\/\/www.bizneo.com\/blog\/wp-content\/uploads\/2026\/08\/Reduccion-de-la-jornada-laboral-en-Colombia.jpg",1200,655,false],"2048x2048":["https:\/\/www.bizneo.com\/blog\/wp-content\/uploads\/2026\/08\/Reduccion-de-la-jornada-laboral-en-Colombia.jpg",1200,655,false]},"uagb_author_info":{"display_name":"Marta Campos","author_link":"https:\/\/www.bizneo.com\/blog\/author\/martacampos\/"},"uagb_comment_info":0,"uagb_excerpt":"La jornada laboral m\u00e1xima en Colombia es de 42 horas semanales. Esta reducci\u00f3n progresiva obliga a todas las empresas a actualizar el divisor de la planilla de pago, revisar los cuadrantes de turnos y cumplir los requisitos de registro que exige el Ministerio del Trabajo en caso de inspecci\u00f3n.","_links":{"self":[{"href":"https:\/\/www.bizneo.com\/blog\/wp-json\/wp\/v2\/posts\/64320","targetHints":{"allow":["GET"]}}],"collection":[{"href":"https:\/\/www.bizneo.com\/blog\/wp-json\/wp\/v2\/posts"}],"about":[{"href":"https:\/\/www.bizneo.com\/blog\/wp-json\/wp\/v2\/types\/post"}],"author":[{"embeddable":true,"href":"https:\/\/www.bizneo.com\/blog\/wp-json\/wp\/v2\/users\/49"}],"replies":[{"embeddable":true,"href":"https:\/\/www.bizneo.com\/blog\/wp-json\/wp\/v2\/comments?post=64320"}],"version-history":[{"count":6,"href":"https:\/\/www.bizneo.com\/blog\/wp-json\/wp\/v2\/posts\/64320\/revisions"}],"predecessor-version":[{"id":64346,"href":"https:\/\/www.bizneo.com\/blog\/wp-json\/wp\/v2\/posts\/64320\/revisions\/64346"}],"wp:featuredmedia":[{"embeddable":true,"href":"https:\/\/www.bizneo.com\/blog\/wp-json\/wp\/v2\/media\/64323"}],"wp:attachment":[{"href":"https:\/\/www.bizneo.com\/blog\/wp-json\/wp\/v2\/media?parent=64320"}],"wp:term":[{"taxonomy":"category","embeddable":true,"href":"https:\/\/www.bizneo.com\/blog\/wp-json\/wp\/v2\/categories?post=64320"},{"taxonomy":"post_tag","embeddable":true,"href":"https:\/\/www.bizneo.com\/blog\/wp-json\/wp\/v2\/tags?post=64320"}],"curies":[{"name":"wp","href":"https:\/\/api.w.org\/{rel}","templated":true}]}}