{"id":6431,"date":"2019-11-27T16:23:10","date_gmt":"2019-11-27T15:23:10","guid":{"rendered":"https:\/\/www.bizneo.com\/blog\/?p=6431"},"modified":"2026-02-01T20:13:57","modified_gmt":"2026-02-01T19:13:57","slug":"plan-de-carrera","status":"publish","type":"post","link":"https:\/\/www.bizneo.com\/blog\/plan-de-carrera\/","title":{"rendered":"C\u00f3mo desarrollar un plan de carrera para tus empleados"},"content":{"rendered":"\n<p>A lo largo de la historia, las empresas se han tenido que <strong>enfrentar a la desmotivaci\u00f3n de sus empleados<\/strong>. Un problema que puede repercutir negativamente en su rendimiento y, por tanto, resultar en un inconveniente a medio y largo plazo. Por fortuna, es posible combatirlo mediante una sencilla iniciativa: <strong>el plan de carrera.<\/strong><\/p>\n\n\n\n<h2 class=\"wp-block-heading\">Qu\u00e9 es un plan de carrera dentro de una empresa<\/h2>\n\n\n\n<p>Un plan de carrera es una t\u00e9cnica de retenci\u00f3n del talento que consiste en crear un <a href=\"\/blog\/plan-de-formacion\/\" target=\"_blank\" rel=\"noreferrer noopener\" data-wpel-link=\"internal\">plan de formaci\u00f3n<\/a> para ofrecer a nuestros empleados la oportunidad de crecer profesionalmente dentro de nuestra empresa.<\/p>\n\n\n\n<p>El plan de desarrollo de carrera permite al empleado definir sus metas a largo plazo y le<strong> aporta las herramientas necesarias para poder alcanzarlas<\/strong>. Al mismo tiempo, se genera cierta fidelizaci\u00f3n con la compa\u00f1\u00eda pues, es la empresa quien est\u00e1 dotando al trabajador de los medios necesarios para seguir avanzando en el \u00e1mbito profesional.<\/p>\n\n\n\n<p>La promesa de una formaci\u00f3n \u00fatil y de calidad es un gran incentivo para mantener la <a href=\"https:\/\/www.bizneo.com\/blog\/5-claves-motivar-empleados\/\" data-wpel-link=\"internal\" target=\"_blank\">motivaci\u00f3n<\/a> de nuestros equipos.<\/p>\n\n\n\n<bzn-info><a href=\"\/blog\/capacitacion-de-personal\/\" id=\"destacado-post\" target=\"_blank\" rel=\"noopener noreferrer\" data-wpel-link=\"internal\"><span class=\"bzn-link-title\"><strong>3 ejemplos de capacitaci\u00f3n de personal para tu empresa<\/strong><\/span><br>T\u00e9cnicas y modelos de formaci\u00f3n MUY CREATIVOS<\/a><\/br><\/bzn-info>\n\n\n\n<p><\/p>\n\n\n\n<h2 class=\"wp-block-heading\">El plan de carrera, clave en la retenci\u00f3n de talento<\/h2>\n\n\n\n<p><strong>Los<a href=\"\/blog\/plan-de-incentivos-laborales\/\" target=\"_blank\" rel=\"noreferrer noopener\" data-wpel-link=\"internal\"> incentivos econ\u00f3micos<\/a> ya no resultan tan efectivos<\/strong> como en otras \u00e9pocas a la hora de retener el mejor talento en nuestra compa\u00f1\u00eda. Ahora, los mejores empleados demandan otras ventajas como una<strong> mejor <a href=\"\/blog\/conciliacion-familiar\/\" target=\"_blank\" rel=\"noreferrer noopener\" data-wpel-link=\"internal\">conciliaci\u00f3n familiar<\/a><\/strong> o <strong>la posibilidad de <a href=\"\/blog\/desarrollo-profesional\/\" target=\"_blank\" rel=\"noreferrer noopener\" data-wpel-link=\"internal\">desarrollo profesional<\/a> a largo plazo.<\/strong><\/p>\n\n\n\n<figure class=\"wp-block-image size-large\"><a href=\"https:\/\/hello.bizneo.com\/guia-reconocimiento-laboral\/?utm_content=post-banner-medio\" data-wpel-link=\"internal\" target=\"_blank\"><img decoding=\"async\" width=\"1024\" height=\"154\" src=\"https:\/\/www.bizneo.com\/blog\/wp-content\/uploads\/2021\/03\/banner-reconocimiento-laboral-1024x154.jpg\" alt=\"gu\u00eda reconocimiento laboral\" class=\"wp-image-19533\" srcset=\"https:\/\/www.bizneo.com\/blog\/wp-content\/uploads\/2021\/03\/banner-reconocimiento-laboral-1024x154.jpg 1024w, https:\/\/www.bizneo.com\/blog\/wp-content\/uploads\/2021\/03\/banner-reconocimiento-laboral-300x45.jpg 300w, https:\/\/www.bizneo.com\/blog\/wp-content\/uploads\/2021\/03\/banner-reconocimiento-laboral-768x115.jpg 768w, https:\/\/www.bizneo.com\/blog\/wp-content\/uploads\/2021\/03\/banner-reconocimiento-laboral-810x122.jpg 810w, https:\/\/www.bizneo.com\/blog\/wp-content\/uploads\/2021\/03\/banner-reconocimiento-laboral-1140x171.jpg 1140w, https:\/\/www.bizneo.com\/blog\/wp-content\/uploads\/2021\/03\/banner-reconocimiento-laboral.jpg 1360w\" sizes=\"(max-width: 1024px) 100vw, 1024px\" \/><\/a><\/figure>\n\n\n\n<p>Por ello, el plan de carrera puede diferenciarnos frente a otras compa\u00f1\u00edas de caracter\u00edsticas similares a la nuestra. A pesar de no disponer de la mejor oferta econ\u00f3mica, un buen <a href=\"\/blog\/plan-de-capacitacion-de-personal\/\" target=\"_blank\" rel=\"noreferrer noopener\" data-wpel-link=\"internal\">plan de capacitaci\u00f3n<\/a> <strong>nos puede convertir en un lugar deseado para trabajar.<\/strong><\/p>\n\n\n\n<p>Cuanto m\u00e1s personalizado sea el plan de carrera, mejor aceptaci\u00f3n tendr\u00e1 en nuestra plantilla pues <strong>cada empleado tiene unas necesidades diferentes <\/strong>y distintas expectativas con respecto al futuro de su carrera.<\/p>\n\n\n\n<p>Aquellos talentos que perciban nuestro plan de carrera como una <strong>formaci\u00f3n competitiva y de vanguardia<\/strong> desear\u00e1n apostar por una proyecci\u00f3n a futuro en nuestra compa\u00f1\u00eda. Adem\u00e1s, <strong>transmitir\u00e1n la confianza en su empresa a su entorno.<\/strong><\/p>\n\n\n\n<div class=\"bzn-pie\"><div class=\"donut-pie\"><svg version=\"1.1\" class=\"donut-pie-svg\" xmlns=\"http:\/\/www.w3.org\/2000\/svg\" xmlns:xlink=\"http:\/\/www.w3.org\/1999\/xlink\" x=\"0px\" y=\"0px\" viewBox=\"0 0 256 256\" style=\"enable-background:new 0 0 256 256;\" xml:space=\"preserve\"><circle style=\"fill:none;stroke:#E2E4E9;stroke-width:5;stroke-miterlimit:10;\" cx=\"128\" cy=\"128\" r=\"111.5\"\/><circle style=\"fill:none;stroke:#7D9DEA;stroke-width:15;stroke-linecap:round;stroke-miterlimit:10;stroke-dasharray:574,999;\" cx=\"128\" cy=\"128\" r=\"111.5\"\/><text transform=\"matrix(1 0 0 1 63.7307 154.5616)\" style=\"fill:#1E2941; font-family:'Plus Jakarta Sans'; font-size: 70px; font-weight: 600; line-height: 56px;\">82<\/text><text transform=\"matrix(1 0 0 1 146.7307 140.5616)\" style=\"fill:#667085;font-family:'Nunito Sans'; font-size:50px; font-weight: 400; line-height: 56px; \">%<\/text><\/svg><\/div><p class=\"cnt\" markdown=\"1\">El 82% de los reclutadores opinan que el canal de referidos es la fuente de reclutamiento con mejor ROI. Pon en marcha un programa de <a href=\"\/reclutamiento-seleccion-ats\/\" target=\"_blank\" rel=\"noreferrer noopener\" data-wpel-link=\"internal\">reclutamiento por referidos<\/a> y convierte a tus empleados en los mejores embajadores de tu marca.<\/p><\/div>\n\n\n\n<p><\/p>\n\n\n\n<p>Estos empleados contentos y motivados, <strong>adem\u00e1s, se convertir\u00e1n en el mejor altavoz para atraer a otros candidatos<\/strong> a nuestros procesos de selecci\u00f3n pues, nada resulta m\u00e1s atractivo que una empresa donde sus propios empleados act\u00faan como embajadores de marca.<\/p>\n\n\n\n<figure class=\"wp-block-image size-full\"><a href=\"\/reclutamiento-seleccion-ats\/\" target=\"_blank\" rel=\"noreferrer noopener\" data-wpel-link=\"internal\"><img decoding=\"async\" src=\"https:\/\/www.bizneo.com\/blog\/wp-content\/uploads\/2024\/10\/programa-reclutamiento-referidos.png\" alt=\"Software de Reclutamiento por referidos\" class=\"wp-image-17102\"\/><\/a><\/figure>\n\n\n\n<h2 class=\"wp-block-heading\">Ventajas del plan de carrera<\/h2>\n\n\n\n<p>Contar con un plan de carrera <strong>no es solo beneficioso para nuestros empleados<\/strong>, sino que las mejoras derivadas de este tipo de programas tambi\u00e9n <strong>se ven reflejadas en nuestra compa\u00f1\u00eda.<\/strong><\/p>\n\n\n\n<p>De cara a la plantilla, los planes de carrera son <strong>una oportunidad para recibir una formaci\u00f3n de calidad<\/strong> y \u00fatil para el desarrollo de su profesi\u00f3n. A su vez, las actitudes adquiridas en el proceso abren la oportunidad de postularse a otras posiciones dentro de la misma compa\u00f1\u00eda.<\/p>\n\n\n\n<p>Sentirse integrado y valorado por la empresa crea en los empleados una <strong>sensaci\u00f3n de felicidad y satisfacci\u00f3n<\/strong> que, incluso, mejorar\u00e1 su vida personal.<\/p>\n\n\n\n<p>Por el lado de la empresa, los beneficios que obtenemos vienen derivados directamente de las ventajas que recibir\u00e1n nuestros empleados. <strong>Se trata de un efecto domin\u00f3 positivo<\/strong> pues, unos empleados formados, satisfechos y motivados desempe\u00f1ar\u00e1n mejor sus labores y <strong>favorecer\u00e1n al rendimiento general de la compa\u00f1\u00eda.<\/strong><\/p>\n\n\n\n<bzn-down><a href=\"https:\/\/hello.bizneo.com\/superempleado-ruben-montesinos\/?utm_content=post-destacado\" id=\"destacado-post\" target=\"_blank\" rel=\"noopener noreferrer\" data-wpel-link=\"internal\"><span class=\"bzn-note-title\"><strong>VIDEO RECOMENDADO: SUPEREMPLEADO VS. SUPERCONSUMIDOR<\/strong> <\/span><br>Aprovecha las potencialidades de tus trabajadores para tu imagen de marca.<\/a><\/br><\/bzn-down>\n\n\n\n<p><\/p>\n\n\n\n<p>Adem\u00e1s, la formaci\u00f3n permite la implementaci\u00f3n de nuevas y mejores tecnolog\u00edas pues, contaremos con un programa educativo que integre el uso de sistemas innovadores.<\/p>\n\n\n\n<p>Finalmente, crear un plan de carrera dentro de una empresa <strong>puede inducir una mejora de nuestra imagen<\/strong> pues, en la era de las redes sociales, muchos empleados comparten sus opiniones sobre las empresas en las que trabajan. <\/p>\n\n\n\n<h2 class=\"wp-block-heading\">C\u00f3mo dise\u00f1ar un plan de carrera ganador<\/h2>\n\n\n\n<p>Contar con un plan de desarrollo dentro de una empresa no es suficiente para recolectar sus frutos, sino que debemos asegurarnos de crear un plan de carrera competitivo que se convierta en objeto de deseo. <\/p>\n\n\n\n<p>Crear un plan efectivo es muy sencillo <strong>si seguimos una serie de pautas <\/strong>que facilitar\u00e1n la labor.<\/p>\n\n\n\n<h3 class=\"wp-block-heading\">Apostar por la tecnolog\u00eda<\/h3>\n\n\n\n<p>En la era de la tecnolog\u00eda y la informaci\u00f3n todo se optimiza con la digitalizaci\u00f3n. <strong>La formaci\u00f3n no es menos<\/strong>. Apostar por un <a href=\"\/\" data-wpel-link=\"internal\" target=\"_blank\">programa de gesti\u00f3n de talento<\/a> para gestionar el plan de carrera permite <strong>dar un paso m\u00e1s en la capacitaci\u00f3n de empleados. <\/strong><\/p>\n\n\n\n<p>Gracias a este software, los trabajadores <strong>pueden proponer iniciativas y cursos de formaci\u00f3n<\/strong>. Los responsables pueden aprobarlos o sugerir planes formativos seg\u00fan las caracter\u00edsticas de cada empleado.<\/p>\n\n\n\n<p> Y lo mejor es que hay un <strong>control de itinerarios formativos <\/strong>para garantizar que la formaci\u00f3n funciona y el trabajador evoluciona correctamente. <\/p>\n\n\n\n<figure class=\"wp-block-image size-full\"><a href=\"\/gestion-formacion\/\" target=\"_blank\" rel=\"noreferrer noopener\" data-wpel-link=\"internal\"><img decoding=\"async\" src=\"https:\/\/www.bizneo.com\/blog\/wp-content\/uploads\/2020\/11\/itinerario-formacion-trabajadores.webp\" alt=\"Control de un plan de capacitaci\u00f3n de personal\" class=\"wp-image-18081\"\/><\/a><\/figure>\n\n\n\n<p>En definitiva, un <a href=\"\/\" data-wpel-link=\"internal\" target=\"_blank\">software de RR. HH.<\/a> que<strong> ayuda a las empresas que conf\u00edan en el talento a desarrollarlo al m\u00e1ximo de su potencial.<\/strong><\/p>\n\n\n\n<h3 class=\"wp-block-heading\">Fija los objetivos del plan de carrera<\/h3>\n\n\n\n<p>Lo primero que debes hacer es<em> <\/em><strong>identificar las necesidades de la empresa <\/strong>de cara a cumplir los objetivos de esta. Una vez que tenemos definidas las debilidades, podemos fijar unos objetivos de formaci\u00f3n que est\u00e9n enfocados a <strong>suplir las deficiencias de nuestra plantilla<\/strong> y a mejorar las competencias en las que ya destacamos. De esta forma nos aseguramos de que formaci\u00f3n y proyecci\u00f3n de futuro apuntan a la misma direcci\u00f3n.<\/p>\n\n\n\n<p>Para fijarlos, lo m\u00e1s adecuado es realizar una <strong>evaluaci\u00f3n del desempe\u00f1o <\/strong>que nos ayude a observar el <strong>rendimiento<\/strong> y, al mismo tiempo, nos permite analizar<strong> puntos fuertes y debilidades de la plantilla<\/strong>.<\/p>\n\n\n\n<figure class=\"wp-block-image size-full\"><a href=\"\/evaluacion-del-desempeno\/\" target=\"_blank\" rel=\"noreferrer noopener\" data-wpel-link=\"internal\"><img decoding=\"async\" width=\"1500\" height=\"1291\" src=\"https:\/\/www.bizneo.com\/blog\/wp-content\/uploads\/2020\/09\/Evaluacion-por-competencias-2.webp\" alt=\"Criterios de evaluaci\u00f3n del desempe\u00f1o por competencias\" class=\"wp-image-49642\" srcset=\"https:\/\/www.bizneo.com\/blog\/wp-content\/uploads\/2020\/09\/Evaluacion-por-competencias-2.webp 1500w, https:\/\/www.bizneo.com\/blog\/wp-content\/uploads\/2020\/09\/Evaluacion-por-competencias-2-300x258.webp 300w, https:\/\/www.bizneo.com\/blog\/wp-content\/uploads\/2020\/09\/Evaluacion-por-competencias-2-1024x881.webp 1024w, https:\/\/www.bizneo.com\/blog\/wp-content\/uploads\/2020\/09\/Evaluacion-por-competencias-2-768x661.webp 768w, https:\/\/www.bizneo.com\/blog\/wp-content\/uploads\/2020\/09\/Evaluacion-por-competencias-2-810x697.webp 810w, https:\/\/www.bizneo.com\/blog\/wp-content\/uploads\/2020\/09\/Evaluacion-por-competencias-2-1140x981.webp 1140w\" sizes=\"(max-width: 1500px) 100vw, 1500px\" \/><\/a><\/figure>\n\n\n\n<h3 class=\"wp-block-heading\">Define las competencias de cada posici\u00f3n<\/h3>\n\n\n\n<p><strong>Tener claras las habilidades necesarias <\/strong>para desempe\u00f1ar cada posici\u00f3n en nuestra compa\u00f1\u00eda es la base para construir un plan de carrera que realmente cumpla con las necesidades que puede tener un empleado para poder optar a un ascenso.<\/p>\n\n\n\n<figure class=\"wp-block-image size-large\"><a href=\"https:\/\/hello.bizneo.com\/guia\/errores-evaluacion-talento\/?utm_content=post-banner-medio\" data-wpel-link=\"internal\" target=\"_blank\"><img decoding=\"async\" width=\"1024\" height=\"154\" src=\"https:\/\/www.bizneo.com\/blog\/wp-content\/uploads\/2022\/12\/banner-errores-evaluaciones-1024x154.jpg\" alt=\"\" class=\"wp-image-37519\" srcset=\"https:\/\/www.bizneo.com\/blog\/wp-content\/uploads\/2022\/12\/banner-errores-evaluaciones-1024x154.jpg 1024w, https:\/\/www.bizneo.com\/blog\/wp-content\/uploads\/2022\/12\/banner-errores-evaluaciones-300x45.jpg 300w, https:\/\/www.bizneo.com\/blog\/wp-content\/uploads\/2022\/12\/banner-errores-evaluaciones-768x115.jpg 768w, https:\/\/www.bizneo.com\/blog\/wp-content\/uploads\/2022\/12\/banner-errores-evaluaciones-810x122.jpg 810w, https:\/\/www.bizneo.com\/blog\/wp-content\/uploads\/2022\/12\/banner-errores-evaluaciones-1140x171.jpg 1140w, https:\/\/www.bizneo.com\/blog\/wp-content\/uploads\/2022\/12\/banner-errores-evaluaciones.jpg 1360w\" sizes=\"(max-width: 1024px) 100vw, 1024px\" \/><\/a><\/figure>\n\n\n\n<h3 class=\"wp-block-heading\">Conoce a tus empleados<\/h3>\n\n\n\n<p>Tener conversaciones en grupos reducidos con tu equipo es la mejor forma de <strong>identificar las necesidades y expectativas<\/strong> que este tiene de cara al futuro. Cuanto mejor conozcas a tus trabajadores, m\u00e1s efectivo ser\u00e1 el plan de carrera a la hora de retener el talento y de mejorar el rendimiento.<\/p>\n\n\n\n<p>Adem\u00e1s, estas conversaciones pueden aportar datos que pasaron desapercibidos en las primeras fases y que pueden suponer la diferencia entre el \u00e9xito y el fracaso de nuestro plan de desarrollo profesional.<\/p>\n\n\n\n<bzn-link><a href=\"\/encuestas\/\" target=\"_blank\" id=\"destacado-encuestas\" rel=\"noopener noreferrer\" data-wpel-link=\"internal\"><span class=\"bzn-link-title\">\u00bfC\u00f3mo est\u00e1n tus trabajadores?<\/span>Consigue la informaci\u00f3n que necesitas para tomar decisiones estrat\u00e9gicas<\/a><\/bzn-link>\n\n\n\n<p><\/p>\n\n\n\n<h3 class=\"wp-block-heading\">Ten en cuenta que la capacitaci\u00f3n no implica la disposici\u00f3n<\/h3>\n\n\n\n<p>Dicho de otra forma, un empleado puede contar con todas aptitudes necesarias para un ascenso, pero <strong>sus propias circunstancias imposibilitan que pueda ocupar este puesto<\/strong>. Aqu\u00ed entran en juego factores como la conciliaci\u00f3n familiar o las propias aspiraciones del empleado.<\/p>\n\n\n\n<h3 class=\"wp-block-heading\">Diversifica la formaci\u00f3n<\/h3>\n\n\n\n<p><strong>Es esencial combinar distintos formatos educativos:<\/strong> sesiones de coaching grupales hasta conferencias con expertos o talleres pr\u00e1cticos donde poder aplicar los conocimientos adquiridos.<\/p>\n\n\n\n<figure class=\"wp-block-image size-full\"><a href=\"\/gestion-formacion\/\" target=\"_blank\" rel=\"noreferrer noopener\" data-wpel-link=\"internal\"><img decoding=\"async\" src=\"https:\/\/www.bizneo.com\/blog\/wp-content\/uploads\/2022\/12\/Control-del-coste-de-la-formacion-de-trabajadores-1024x711.webp\" alt=\"Coste y precio de la formaci\u00f3n de los trabajadores\" class=\"wp-image-18081\"\/><\/a><\/figure>\n\n\n\n<p>Una formaci\u00f3n din\u00e1mica resultar\u00e1 m\u00e1s amena y realista para los trabajadores.<\/p>\n\n\n\n<figure class=\"wp-block-image size-full size-large is-resized\"><a href=\"\/gestion-formacion\/\" target=\"_blank\" rel=\"noreferrer noopener\" data-wpel-link=\"internal\"><img decoding=\"async\" width=\"1360\" height=\"204\" src=\"https:\/\/www.bizneo.com\/blog\/wp-content\/uploads\/2021\/04\/banner-medio-formacion.jpg\" alt=\"gesti\u00f3n de formaci\u00f3n\" class=\"wp-image-21149\" srcset=\"https:\/\/www.bizneo.com\/blog\/wp-content\/uploads\/2021\/04\/banner-medio-formacion.jpg 1360w, https:\/\/www.bizneo.com\/blog\/wp-content\/uploads\/2021\/04\/banner-medio-formacion-300x45.jpg 300w, https:\/\/www.bizneo.com\/blog\/wp-content\/uploads\/2021\/04\/banner-medio-formacion-1024x154.jpg 1024w, https:\/\/www.bizneo.com\/blog\/wp-content\/uploads\/2021\/04\/banner-medio-formacion-768x115.jpg 768w, https:\/\/www.bizneo.com\/blog\/wp-content\/uploads\/2021\/04\/banner-medio-formacion-810x122.jpg 810w, https:\/\/www.bizneo.com\/blog\/wp-content\/uploads\/2021\/04\/banner-medio-formacion-1140x171.jpg 1140w\" sizes=\"(max-width: 1360px) 100vw, 1360px\" \/><\/a><\/figure>\n\n\n\n<h3 class=\"wp-block-heading\">Ap\u00f3yate en un software de formaci\u00f3n empresarial<\/h3>\n\n\n\n<p>Dise\u00f1ar un plan de desarrollo profesional es una tarea meticulosa que requiere de la intervenci\u00f3n de varios profesionales a lo largo del proceso. Recopilar toda la informaci\u00f3n y mantener la sincronizaci\u00f3n entre los encargados de confeccionar la formaci\u00f3n se puede facilitar mediante la <strong>implantaci\u00f3n de un <a href=\"\/\" data-wpel-link=\"internal\" target=\"_blank\">software de gesti\u00f3n de talento<\/a><\/strong>, como puede ser el <strong>software de gesti\u00f3n de formaci\u00f3n.<\/strong><\/p>\n\n\n\n<figure class=\"wp-block-image size-large\"><a href=\"\/gestion-formacion\/\" data-wpel-link=\"internal\" target=\"_blank\"><img decoding=\"async\" width=\"1024\" height=\"619\" src=\"https:\/\/www.bizneo.com\/blog\/wp-content\/uploads\/2023\/01\/App-de-gestion-de-formacion-1024x619.webp\" alt=\"Software de formaci\u00f3n\" class=\"wp-image-38371\" srcset=\"https:\/\/www.bizneo.com\/blog\/wp-content\/uploads\/2023\/01\/App-de-gestion-de-formacion-1024x619.webp 1024w, https:\/\/www.bizneo.com\/blog\/wp-content\/uploads\/2023\/01\/App-de-gestion-de-formacion-300x181.webp 300w, https:\/\/www.bizneo.com\/blog\/wp-content\/uploads\/2023\/01\/App-de-gestion-de-formacion-768x464.webp 768w, https:\/\/www.bizneo.com\/blog\/wp-content\/uploads\/2023\/01\/App-de-gestion-de-formacion-810x490.webp 810w, https:\/\/www.bizneo.com\/blog\/wp-content\/uploads\/2023\/01\/App-de-gestion-de-formacion-1140x689.webp 1140w, https:\/\/www.bizneo.com\/blog\/wp-content\/uploads\/2023\/01\/App-de-gestion-de-formacion.webp 1500w\" sizes=\"(max-width: 1024px) 100vw, 1024px\" \/><\/a><\/figure>\n\n\n\n<p>Un software para gestionar el plan de carrera incorpora una serie de funcionalidades que facilita la gesti\u00f3n de<strong> solicitudes para la formaci\u00f3n<\/strong>, la planificaci\u00f3n y convocatoria, as\u00ed como la <strong>evaluaci\u00f3n de los cursos una vez finalizados<\/strong>. <\/p>\n\n\n\n<p>Sin duda, este tipo de programas son una buena herramienta para conseguir una gesti\u00f3n inteligente de la formaci\u00f3n dentro de nuestra compa\u00f1\u00eda.<\/p>\n\n\n\n<bzn-link><a href=\"\/gestion-formacion\/\" id=\"destacado-lms\" target=\"_blank\" rel=\"noopener noreferrer\" data-wpel-link=\"internal\"><span class=\"bzn-link-title\">DESCUBRE ESTE SOFTWARE DE FORMACI\u00d3N F\u00c1CIL DE USAR Y 100% ONLINE<\/span>Puedes pedir una demo del software usado por Pymes y grandes empresas.<\/a><\/bzn-link>\n\n\n\n<p><\/p>\n\n\n\n<h3 class=\"wp-block-heading\">Ejemplos de \u00e9xito del plan de carrera<\/h3>\n\n\n\n<p>Para mantener motivados a los empleados a lo largo de todo el proceso, puede resultar \u00fatil<strong> contar con referentes reales<\/strong> que consiguieron sus objetivos gracias a la formaci\u00f3n que ahora otros est\u00e1n recibiendo. Fijar modelos hace que los empleados puedan concretar mejor sus propias metas.<\/p>\n\n\n\n<h3 class=\"wp-block-heading\">Comunica el plan de carrera<\/h3>\n\n\n\n<p>Crea un plan de comunicaci\u00f3n que informe a los empleados de las posibilidades que ofrece la formaci\u00f3n. No basta con su existencia, sino que debemos <strong>asegurarnos de que comprenden las oportunidades<\/strong> que la formaci\u00f3n les proporcionar\u00e1.<\/p>\n\n\n\n<p>Hemos creado un<strong> correo\/carta editable <\/strong>para tu organizaci\u00f3n:<\/p>\n\n\n\n<p>  <\/p>\n\n\n\n<figure class=\"wp-block-image size-large\"><img decoding=\"async\" width=\"1024\" height=\"774\" src=\"https:\/\/www.bizneo.com\/blog\/wp-content\/uploads\/2020\/07\/Promoci\u00f3n-interna-1024x774.jpg\" alt=\"Ejemplo de carta para notificar una promoci\u00f3n interna o ascenso\" class=\"wp-image-14485\" srcset=\"https:\/\/www.bizneo.com\/blog\/wp-content\/uploads\/2020\/07\/Promoci\u00f3n-interna-1024x774.jpg 1024w, https:\/\/www.bizneo.com\/blog\/wp-content\/uploads\/2020\/07\/Promoci\u00f3n-interna-300x227.jpg 300w, https:\/\/www.bizneo.com\/blog\/wp-content\/uploads\/2020\/07\/Promoci\u00f3n-interna-768x580.jpg 768w, https:\/\/www.bizneo.com\/blog\/wp-content\/uploads\/2020\/07\/Promoci\u00f3n-interna-810x612.jpg 810w, https:\/\/www.bizneo.com\/blog\/wp-content\/uploads\/2020\/07\/Promoci\u00f3n-interna-1140x862.jpg 1140w, https:\/\/www.bizneo.com\/blog\/wp-content\/uploads\/2020\/07\/Promoci\u00f3n-interna.jpg 1200w\" sizes=\"(max-width: 1024px) 100vw, 1024px\" \/><\/figure>\n\n\n\n<figure class=\"wp-block-image size-full\"><a href=\"https:\/\/hello.bizneo.com\/plantilla\/cartas-comunicados-rrhh\/?utm_content=Opt-in-banner-blog\" data-wpel-link=\"internal\" target=\"_blank\"><img decoding=\"async\" width=\"810\" height=\"332\" src=\"https:\/\/www.bizneo.com\/blog\/wp-content\/uploads\/2023\/10\/Cartas-Recursos-Humanos.png\" alt=\"Cartas para Recursos Humanos\" class=\"wp-image-43792\" srcset=\"https:\/\/www.bizneo.com\/blog\/wp-content\/uploads\/2023\/10\/Cartas-Recursos-Humanos.png 810w, https:\/\/www.bizneo.com\/blog\/wp-content\/uploads\/2023\/10\/Cartas-Recursos-Humanos-300x123.png 300w, https:\/\/www.bizneo.com\/blog\/wp-content\/uploads\/2023\/10\/Cartas-Recursos-Humanos-768x315.png 768w\" sizes=\"(max-width: 810px) 100vw, 810px\" \/><\/a><\/figure>\n\n\n\n<p><\/p>\n\n\n\n<h3 class=\"wp-block-heading\">Valora el proceso<\/h3>\n\n\n\n<p>Debes tener <strong>un sistema de medici\u00f3n <\/strong>que permita saber si se han conseguido los objetivos planteados o, si de lo contrario, debemos reformar el plan de carrera para enfocarlo mejor en la pr\u00f3xima edici\u00f3n.<\/p>\n\n\n\n<figure class=\"wp-block-image size-full\"><a href=\"\/informes-recursos-humanos\/\" data-wpel-link=\"internal\" target=\"_blank\"><img decoding=\"async\" width=\"1500\" height=\"1070\" src=\"https:\/\/www.bizneo.com\/blog\/wp-content\/uploads\/2023\/01\/Informes-de-formacion-y-capacitacion-laboral.webp\" alt=\"Informe de formaci\u00f3n del personal\" class=\"wp-image-38353\" srcset=\"https:\/\/www.bizneo.com\/blog\/wp-content\/uploads\/2023\/01\/Informes-de-formacion-y-capacitacion-laboral.webp 1500w, https:\/\/www.bizneo.com\/blog\/wp-content\/uploads\/2023\/01\/Informes-de-formacion-y-capacitacion-laboral-300x214.webp 300w, https:\/\/www.bizneo.com\/blog\/wp-content\/uploads\/2023\/01\/Informes-de-formacion-y-capacitacion-laboral-1024x730.webp 1024w, https:\/\/www.bizneo.com\/blog\/wp-content\/uploads\/2023\/01\/Informes-de-formacion-y-capacitacion-laboral-768x548.webp 768w, https:\/\/www.bizneo.com\/blog\/wp-content\/uploads\/2023\/01\/Informes-de-formacion-y-capacitacion-laboral-810x578.webp 810w, https:\/\/www.bizneo.com\/blog\/wp-content\/uploads\/2023\/01\/Informes-de-formacion-y-capacitacion-laboral-1140x813.webp 1140w\" sizes=\"(max-width: 1500px) 100vw, 1500px\" \/><\/a><\/figure>\n\n\n\n<p>Contar con la valoraci\u00f3n de los participantes es fundamental de cara a las posibles mejoras que podamos aplicar en el futuro. Nuestro <strong><a href=\"https:\/\/www.bizneo.com\/gestion-formacion\/\" target=\"_blank\" rel=\"noreferrer noopener\" data-wpel-link=\"internal\">software de gesti\u00f3n de formaci\u00f3n<\/a><\/strong> <strong>se al\u00eda con la evaluaci\u00f3n <\/strong>para garantizar el an\u00e1lisis de todo el proceso.<\/p>\n\n\n\n<figure class=\"wp-block-image size-full\"><a href=\"https:\/\/hello.bizneo.com\/demo\/suite\/es\/?utm_content=post-banner\" target=\"_blank\" rel=\"noreferrer noopener\" data-wpel-link=\"internal\"><img decoding=\"async\" width=\"1360\" height=\"408\" src=\"https:\/\/www.bizneo.com\/blog\/wp-content\/uploads\/2021\/01\/Banner-grande-software-plan-carrera-laboral.jpg\" alt=\"Software para plan de carrera de una empresa\" class=\"wp-image-19096\" srcset=\"https:\/\/www.bizneo.com\/blog\/wp-content\/uploads\/2021\/01\/Banner-grande-software-plan-carrera-laboral.jpg 1360w, https:\/\/www.bizneo.com\/blog\/wp-content\/uploads\/2021\/01\/Banner-grande-software-plan-carrera-laboral-300x90.jpg 300w, https:\/\/www.bizneo.com\/blog\/wp-content\/uploads\/2021\/01\/Banner-grande-software-plan-carrera-laboral-1024x307.jpg 1024w, https:\/\/www.bizneo.com\/blog\/wp-content\/uploads\/2021\/01\/Banner-grande-software-plan-carrera-laboral-768x230.jpg 768w, https:\/\/www.bizneo.com\/blog\/wp-content\/uploads\/2021\/01\/Banner-grande-software-plan-carrera-laboral-810x243.jpg 810w, https:\/\/www.bizneo.com\/blog\/wp-content\/uploads\/2021\/01\/Banner-grande-software-plan-carrera-laboral-1140x342.jpg 1140w\" sizes=\"(max-width: 1360px) 100vw, 1360px\" \/><\/a><\/figure>\n","protected":false},"excerpt":{"rendered":"<p>Para mantener motivados a nuestros empleados es importante darles la oportunidad de crecer profesionalmente. Los planes de carrera son la mejor forma de permitir que los trabajadores se formen y proyecten su carrera a largo plazo dentro de nuestra compa\u00f1\u00eda.<\/p>\n","protected":false},"author":10,"featured_media":6713,"comment_status":"open","ping_status":"open","sticky":false,"template":"","format":"standard","meta":{"_uag_custom_page_level_css":"","site-sidebar-layout":"default","site-content-layout":"","ast-site-content-layout":"default","site-content-style":"default","site-sidebar-style":"default","ast-global-header-display":"","ast-banner-title-visibility":"","ast-main-header-display":"","ast-hfb-above-header-display":"","ast-hfb-below-header-display":"","ast-hfb-mobile-header-display":"","site-post-title":"","ast-breadcrumbs-content":"","ast-featured-img":"","footer-sml-layout":"","ast-disable-related-posts":"","theme-transparent-header-meta":"","adv-header-id-meta":"","stick-header-meta":"","header-above-stick-meta":"","header-main-stick-meta":"","header-below-stick-meta":"","astra-migrate-meta-layouts":"default","ast-page-background-enabled":"default","ast-page-background-meta":{"desktop":{"background-color":"var(--ast-global-color-5)","background-image":"","background-repeat":"repeat","background-position":"center center","background-size":"auto","background-attachment":"scroll","background-type":"","background-media":"","overlay-type":"","overlay-color":"","overlay-opacity":"","overlay-gradient":""},"tablet":{"background-color":"","background-image":"","background-repeat":"repeat","background-position":"center center","background-size":"auto","background-attachment":"scroll","background-type":"","background-media":"","overlay-type":"","overlay-color":"","overlay-opacity":"","overlay-gradient":""},"mobile":{"background-color":"","background-image":"","background-repeat":"repeat","background-position":"center center","background-size":"auto","background-attachment":"scroll","background-type":"","background-media":"","overlay-type":"","overlay-color":"","overlay-opacity":"","overlay-gradient":""}},"ast-content-background-meta":{"desktop":{"background-color":"var(--ast-global-color-4)","background-image":"","background-repeat":"repeat","background-position":"center center","background-size":"auto","background-attachment":"scroll","background-type":"","background-media":"","overlay-type":"","overlay-color":"","overlay-opacity":"","overlay-gradient":""},"tablet":{"background-color":"var(--ast-global-color-4)","background-image":"","background-repeat":"repeat","background-position":"center center","background-size":"auto","background-attachment":"scroll","background-type":"","background-media":"","overlay-type":"","overlay-color":"","overlay-opacity":"","overlay-gradient":""},"mobile":{"background-color":"var(--ast-global-color-4)","background-image":"","background-repeat":"repeat","background-position":"center center","background-size":"auto","background-attachment":"scroll","background-type":"","background-media":"","overlay-type":"","overlay-color":"","overlay-opacity":"","overlay-gradient":""}},"footnotes":""},"categories":[83,85,7],"tags":[18],"class_list":["post-6431","post","type-post","status-publish","format-standard","has-post-thumbnail","hentry","category-evaluacion-del-desempeno","category-formacion","category-gestion-del-talento","tag-formacion-y-desarrollo"],"yoast_head":"<!-- This site is optimized with the Yoast SEO plugin v27.4 - https:\/\/yoast.com\/product\/yoast-seo-wordpress\/ -->\n<title>C\u00f3mo desarrollar un plan de carrera para tus empleados<\/title>\n<meta name=\"description\" content=\"\u00bfPor qu\u00e9 el plan de carrera es clave en la fidelizaci\u00f3n de talento? Descubre las ventajas de contar con uno tanto para los empleados como para la compa\u00f1\u00eda.\" \/>\n<meta name=\"robots\" content=\"index, follow, max-snippet:-1, max-image-preview:large, max-video-preview:-1\" \/>\n<meta property=\"og:locale\" content=\"es_ES\" \/>\n<meta property=\"og:type\" content=\"article\" \/>\n<meta property=\"og:title\" content=\"C\u00f3mo desarrollar un plan de carrera para tus empleados\" \/>\n<meta property=\"og:description\" content=\"\u00bfPor qu\u00e9 el plan de carrera es clave en la fidelizaci\u00f3n de talento? Descubre las ventajas de contar con uno tanto para los empleados como para la compa\u00f1\u00eda.\" \/>\n<meta property=\"og:url\" content=\"https:\/\/www.bizneo.com\/blog\/plan-de-carrera\/\" \/>\n<meta property=\"og:site_name\" content=\"Blog de Recursos Humanos de Bizneo HR: pr\u00e1ctico y actual\" \/>\n<meta property=\"article:published_time\" content=\"2019-11-27T15:23:10+00:00\" \/>\n<meta property=\"article:modified_time\" content=\"2026-02-01T19:13:57+00:00\" \/>\n<meta property=\"og:image\" content=\"https:\/\/www.bizneo.com\/blog\/wp-content\/uploads\/2019\/11\/plan-de-carrera.jpg\" \/>\n\t<meta property=\"og:image:width\" content=\"1140\" \/>\n\t<meta property=\"og:image:height\" content=\"640\" \/>\n\t<meta property=\"og:image:type\" content=\"image\/jpeg\" \/>\n<meta name=\"author\" content=\"\u00c1lvaro Andr\u00e9s\" \/>\n<meta name=\"twitter:card\" content=\"summary_large_image\" \/>\n<meta name=\"twitter:label1\" content=\"Escrito por\" \/>\n\t<meta name=\"twitter:data1\" content=\"\u00c1lvaro Andr\u00e9s\" \/>\n\t<meta name=\"twitter:label2\" content=\"Tiempo de lectura\" \/>\n\t<meta name=\"twitter:data2\" content=\"10 minutos\" \/>\n<script type=\"application\/ld+json\" class=\"yoast-schema-graph\">{\"@context\":\"https:\\\/\\\/schema.org\",\"@graph\":[{\"@type\":[\"Article\",\"BlogPosting\"],\"@id\":\"https:\\\/\\\/www.bizneo.com\\\/blog\\\/plan-de-carrera\\\/#article\",\"isPartOf\":{\"@id\":\"https:\\\/\\\/www.bizneo.com\\\/blog\\\/plan-de-carrera\\\/\"},\"author\":{\"name\":\"\u00c1lvaro Andr\u00e9s\",\"@id\":\"https:\\\/\\\/www.bizneo.com\\\/blog\\\/#\\\/schema\\\/person\\\/f932a31bafbfb0726b3071df66e72848\"},\"headline\":\"C\u00f3mo desarrollar un plan de carrera para tus empleados\",\"datePublished\":\"2019-11-27T15:23:10+00:00\",\"dateModified\":\"2026-02-01T19:13:57+00:00\",\"mainEntityOfPage\":{\"@id\":\"https:\\\/\\\/www.bizneo.com\\\/blog\\\/plan-de-carrera\\\/\"},\"wordCount\":1605,\"commentCount\":0,\"publisher\":{\"@id\":\"https:\\\/\\\/www.bizneo.com\\\/blog\\\/#organization\"},\"image\":{\"@id\":\"https:\\\/\\\/www.bizneo.com\\\/blog\\\/plan-de-carrera\\\/#primaryimage\"},\"thumbnailUrl\":\"https:\\\/\\\/www.bizneo.com\\\/blog\\\/wp-content\\\/uploads\\\/2019\\\/11\\\/plan-de-carrera.jpg\",\"keywords\":[\"Formaci\u00f3n y Desarrollo\"],\"articleSection\":[\"Evaluaci\u00f3n del desempe\u00f1o\",\"Formaci\u00f3n\",\"Gesti\u00f3n del talento\"],\"inLanguage\":\"es\",\"potentialAction\":[{\"@type\":\"CommentAction\",\"name\":\"Comment\",\"target\":[\"https:\\\/\\\/www.bizneo.com\\\/blog\\\/plan-de-carrera\\\/#respond\"]}]},{\"@type\":\"WebPage\",\"@id\":\"https:\\\/\\\/www.bizneo.com\\\/blog\\\/plan-de-carrera\\\/\",\"url\":\"https:\\\/\\\/www.bizneo.com\\\/blog\\\/plan-de-carrera\\\/\",\"name\":\"C\u00f3mo desarrollar un plan de carrera para tus empleados\",\"isPartOf\":{\"@id\":\"https:\\\/\\\/www.bizneo.com\\\/blog\\\/#website\"},\"primaryImageOfPage\":{\"@id\":\"https:\\\/\\\/www.bizneo.com\\\/blog\\\/plan-de-carrera\\\/#primaryimage\"},\"image\":{\"@id\":\"https:\\\/\\\/www.bizneo.com\\\/blog\\\/plan-de-carrera\\\/#primaryimage\"},\"thumbnailUrl\":\"https:\\\/\\\/www.bizneo.com\\\/blog\\\/wp-content\\\/uploads\\\/2019\\\/11\\\/plan-de-carrera.jpg\",\"datePublished\":\"2019-11-27T15:23:10+00:00\",\"dateModified\":\"2026-02-01T19:13:57+00:00\",\"description\":\"\u00bfPor qu\u00e9 el plan de carrera es clave en la fidelizaci\u00f3n de talento? Descubre las ventajas de contar con uno tanto para los empleados como para la compa\u00f1\u00eda.\",\"breadcrumb\":{\"@id\":\"https:\\\/\\\/www.bizneo.com\\\/blog\\\/plan-de-carrera\\\/#breadcrumb\"},\"inLanguage\":\"es\",\"potentialAction\":[{\"@type\":\"ReadAction\",\"target\":[\"https:\\\/\\\/www.bizneo.com\\\/blog\\\/plan-de-carrera\\\/\"]}]},{\"@type\":\"ImageObject\",\"inLanguage\":\"es\",\"@id\":\"https:\\\/\\\/www.bizneo.com\\\/blog\\\/plan-de-carrera\\\/#primaryimage\",\"url\":\"https:\\\/\\\/www.bizneo.com\\\/blog\\\/wp-content\\\/uploads\\\/2019\\\/11\\\/plan-de-carrera.jpg\",\"contentUrl\":\"https:\\\/\\\/www.bizneo.com\\\/blog\\\/wp-content\\\/uploads\\\/2019\\\/11\\\/plan-de-carrera.jpg\",\"width\":1140,\"height\":640,\"caption\":\"plan de carrera\"},{\"@type\":\"BreadcrumbList\",\"@id\":\"https:\\\/\\\/www.bizneo.com\\\/blog\\\/plan-de-carrera\\\/#breadcrumb\",\"itemListElement\":[{\"@type\":\"ListItem\",\"position\":1,\"name\":\"Portada\",\"item\":\"https:\\\/\\\/www.bizneo.com\\\/blog\\\/\"},{\"@type\":\"ListItem\",\"position\":2,\"name\":\"Gesti\u00f3n del talento\",\"item\":\"https:\\\/\\\/www.bizneo.com\\\/blog\\\/category\\\/gestion-del-talento\\\/\"},{\"@type\":\"ListItem\",\"position\":3,\"name\":\"C\u00f3mo desarrollar un plan de carrera para tus empleados\"}]},{\"@type\":\"WebSite\",\"@id\":\"https:\\\/\\\/www.bizneo.com\\\/blog\\\/#website\",\"url\":\"https:\\\/\\\/www.bizneo.com\\\/blog\\\/\",\"name\":\"Blog de Recursos Humanos de Bizneo HR: pr\u00e1ctico y actual\",\"description\":\"Todo sobre actualidad, herramientas y tecnolog\u00eda  para optimizar la gesti\u00f3n del talento humano\",\"publisher\":{\"@id\":\"https:\\\/\\\/www.bizneo.com\\\/blog\\\/#organization\"},\"potentialAction\":[{\"@type\":\"SearchAction\",\"target\":{\"@type\":\"EntryPoint\",\"urlTemplate\":\"https:\\\/\\\/www.bizneo.com\\\/blog\\\/?s={search_term_string}\"},\"query-input\":{\"@type\":\"PropertyValueSpecification\",\"valueRequired\":true,\"valueName\":\"search_term_string\"}}],\"inLanguage\":\"es\"},{\"@type\":\"Organization\",\"@id\":\"https:\\\/\\\/www.bizneo.com\\\/blog\\\/#organization\",\"name\":\"Bizneo HR\",\"url\":\"https:\\\/\\\/www.bizneo.com\\\/blog\\\/\",\"logo\":{\"@type\":\"ImageObject\",\"inLanguage\":\"es\",\"@id\":\"https:\\\/\\\/www.bizneo.com\\\/blog\\\/#\\\/schema\\\/logo\\\/image\\\/\",\"url\":\"https:\\\/\\\/www.bizneo.com\\\/blog\\\/wp-content\\\/uploads\\\/2020\\\/09\\\/Icono-Logo-Bizneo-HR.png\",\"contentUrl\":\"https:\\\/\\\/www.bizneo.com\\\/blog\\\/wp-content\\\/uploads\\\/2020\\\/09\\\/Icono-Logo-Bizneo-HR.png\",\"width\":834,\"height\":834,\"caption\":\"Bizneo HR\"},\"image\":{\"@id\":\"https:\\\/\\\/www.bizneo.com\\\/blog\\\/#\\\/schema\\\/logo\\\/image\\\/\"}},{\"@type\":\"Person\",\"@id\":\"https:\\\/\\\/www.bizneo.com\\\/blog\\\/#\\\/schema\\\/person\\\/f932a31bafbfb0726b3071df66e72848\",\"name\":\"\u00c1lvaro Andr\u00e9s\",\"image\":{\"@type\":\"ImageObject\",\"inLanguage\":\"es\",\"@id\":\"https:\\\/\\\/secure.gravatar.com\\\/avatar\\\/c6b277afc20d169a72d7f266c0f4e889c65d2c4ec098d46bc9fba0266f1cde35?s=96&d=mm&r=g\",\"url\":\"https:\\\/\\\/secure.gravatar.com\\\/avatar\\\/c6b277afc20d169a72d7f266c0f4e889c65d2c4ec098d46bc9fba0266f1cde35?s=96&d=mm&r=g\",\"contentUrl\":\"https:\\\/\\\/secure.gravatar.com\\\/avatar\\\/c6b277afc20d169a72d7f266c0f4e889c65d2c4ec098d46bc9fba0266f1cde35?s=96&d=mm&r=g\",\"caption\":\"\u00c1lvaro Andr\u00e9s\"},\"url\":\"https:\\\/\\\/www.bizneo.com\\\/blog\\\/author\\\/alvaroa\\\/\"}]}<\/script>\n<!-- \/ Yoast SEO plugin. -->","yoast_head_json":{"title":"C\u00f3mo desarrollar un plan de carrera para tus empleados","description":"\u00bfPor qu\u00e9 el plan de carrera es clave en la fidelizaci\u00f3n de talento? Descubre las ventajas de contar con uno tanto para los empleados como para la compa\u00f1\u00eda.","robots":{"index":"index","follow":"follow","max-snippet":"max-snippet:-1","max-image-preview":"max-image-preview:large","max-video-preview":"max-video-preview:-1"},"og_locale":"es_ES","og_type":"article","og_title":"C\u00f3mo desarrollar un plan de carrera para tus empleados","og_description":"\u00bfPor qu\u00e9 el plan de carrera es clave en la fidelizaci\u00f3n de talento? Descubre las ventajas de contar con uno tanto para los empleados como para la compa\u00f1\u00eda.","og_url":"https:\/\/www.bizneo.com\/blog\/plan-de-carrera\/","og_site_name":"Blog de Recursos Humanos de Bizneo HR: pr\u00e1ctico y actual","article_published_time":"2019-11-27T15:23:10+00:00","article_modified_time":"2026-02-01T19:13:57+00:00","og_image":[{"width":1140,"height":640,"url":"https:\/\/www.bizneo.com\/blog\/wp-content\/uploads\/2019\/11\/plan-de-carrera.jpg","type":"image\/jpeg"}],"author":"\u00c1lvaro Andr\u00e9s","twitter_card":"summary_large_image","twitter_misc":{"Escrito por":"\u00c1lvaro Andr\u00e9s","Tiempo de lectura":"10 minutos"},"schema":{"@context":"https:\/\/schema.org","@graph":[{"@type":["Article","BlogPosting"],"@id":"https:\/\/www.bizneo.com\/blog\/plan-de-carrera\/#article","isPartOf":{"@id":"https:\/\/www.bizneo.com\/blog\/plan-de-carrera\/"},"author":{"name":"\u00c1lvaro Andr\u00e9s","@id":"https:\/\/www.bizneo.com\/blog\/#\/schema\/person\/f932a31bafbfb0726b3071df66e72848"},"headline":"C\u00f3mo desarrollar un plan de carrera para tus empleados","datePublished":"2019-11-27T15:23:10+00:00","dateModified":"2026-02-01T19:13:57+00:00","mainEntityOfPage":{"@id":"https:\/\/www.bizneo.com\/blog\/plan-de-carrera\/"},"wordCount":1605,"commentCount":0,"publisher":{"@id":"https:\/\/www.bizneo.com\/blog\/#organization"},"image":{"@id":"https:\/\/www.bizneo.com\/blog\/plan-de-carrera\/#primaryimage"},"thumbnailUrl":"https:\/\/www.bizneo.com\/blog\/wp-content\/uploads\/2019\/11\/plan-de-carrera.jpg","keywords":["Formaci\u00f3n y Desarrollo"],"articleSection":["Evaluaci\u00f3n del desempe\u00f1o","Formaci\u00f3n","Gesti\u00f3n del talento"],"inLanguage":"es","potentialAction":[{"@type":"CommentAction","name":"Comment","target":["https:\/\/www.bizneo.com\/blog\/plan-de-carrera\/#respond"]}]},{"@type":"WebPage","@id":"https:\/\/www.bizneo.com\/blog\/plan-de-carrera\/","url":"https:\/\/www.bizneo.com\/blog\/plan-de-carrera\/","name":"C\u00f3mo desarrollar un plan de carrera para tus empleados","isPartOf":{"@id":"https:\/\/www.bizneo.com\/blog\/#website"},"primaryImageOfPage":{"@id":"https:\/\/www.bizneo.com\/blog\/plan-de-carrera\/#primaryimage"},"image":{"@id":"https:\/\/www.bizneo.com\/blog\/plan-de-carrera\/#primaryimage"},"thumbnailUrl":"https:\/\/www.bizneo.com\/blog\/wp-content\/uploads\/2019\/11\/plan-de-carrera.jpg","datePublished":"2019-11-27T15:23:10+00:00","dateModified":"2026-02-01T19:13:57+00:00","description":"\u00bfPor qu\u00e9 el plan de carrera es clave en la fidelizaci\u00f3n de talento? Descubre las ventajas de contar con uno tanto para los empleados como para la compa\u00f1\u00eda.","breadcrumb":{"@id":"https:\/\/www.bizneo.com\/blog\/plan-de-carrera\/#breadcrumb"},"inLanguage":"es","potentialAction":[{"@type":"ReadAction","target":["https:\/\/www.bizneo.com\/blog\/plan-de-carrera\/"]}]},{"@type":"ImageObject","inLanguage":"es","@id":"https:\/\/www.bizneo.com\/blog\/plan-de-carrera\/#primaryimage","url":"https:\/\/www.bizneo.com\/blog\/wp-content\/uploads\/2019\/11\/plan-de-carrera.jpg","contentUrl":"https:\/\/www.bizneo.com\/blog\/wp-content\/uploads\/2019\/11\/plan-de-carrera.jpg","width":1140,"height":640,"caption":"plan de carrera"},{"@type":"BreadcrumbList","@id":"https:\/\/www.bizneo.com\/blog\/plan-de-carrera\/#breadcrumb","itemListElement":[{"@type":"ListItem","position":1,"name":"Portada","item":"https:\/\/www.bizneo.com\/blog\/"},{"@type":"ListItem","position":2,"name":"Gesti\u00f3n del talento","item":"https:\/\/www.bizneo.com\/blog\/category\/gestion-del-talento\/"},{"@type":"ListItem","position":3,"name":"C\u00f3mo desarrollar un plan de carrera para tus empleados"}]},{"@type":"WebSite","@id":"https:\/\/www.bizneo.com\/blog\/#website","url":"https:\/\/www.bizneo.com\/blog\/","name":"Blog de Recursos Humanos de Bizneo HR: pr\u00e1ctico y actual","description":"Todo sobre actualidad, herramientas y tecnolog\u00eda  para optimizar la gesti\u00f3n del talento humano","publisher":{"@id":"https:\/\/www.bizneo.com\/blog\/#organization"},"potentialAction":[{"@type":"SearchAction","target":{"@type":"EntryPoint","urlTemplate":"https:\/\/www.bizneo.com\/blog\/?s={search_term_string}"},"query-input":{"@type":"PropertyValueSpecification","valueRequired":true,"valueName":"search_term_string"}}],"inLanguage":"es"},{"@type":"Organization","@id":"https:\/\/www.bizneo.com\/blog\/#organization","name":"Bizneo HR","url":"https:\/\/www.bizneo.com\/blog\/","logo":{"@type":"ImageObject","inLanguage":"es","@id":"https:\/\/www.bizneo.com\/blog\/#\/schema\/logo\/image\/","url":"https:\/\/www.bizneo.com\/blog\/wp-content\/uploads\/2020\/09\/Icono-Logo-Bizneo-HR.png","contentUrl":"https:\/\/www.bizneo.com\/blog\/wp-content\/uploads\/2020\/09\/Icono-Logo-Bizneo-HR.png","width":834,"height":834,"caption":"Bizneo HR"},"image":{"@id":"https:\/\/www.bizneo.com\/blog\/#\/schema\/logo\/image\/"}},{"@type":"Person","@id":"https:\/\/www.bizneo.com\/blog\/#\/schema\/person\/f932a31bafbfb0726b3071df66e72848","name":"\u00c1lvaro Andr\u00e9s","image":{"@type":"ImageObject","inLanguage":"es","@id":"https:\/\/secure.gravatar.com\/avatar\/c6b277afc20d169a72d7f266c0f4e889c65d2c4ec098d46bc9fba0266f1cde35?s=96&d=mm&r=g","url":"https:\/\/secure.gravatar.com\/avatar\/c6b277afc20d169a72d7f266c0f4e889c65d2c4ec098d46bc9fba0266f1cde35?s=96&d=mm&r=g","contentUrl":"https:\/\/secure.gravatar.com\/avatar\/c6b277afc20d169a72d7f266c0f4e889c65d2c4ec098d46bc9fba0266f1cde35?s=96&d=mm&r=g","caption":"\u00c1lvaro Andr\u00e9s"},"url":"https:\/\/www.bizneo.com\/blog\/author\/alvaroa\/"}]}},"spectra_custom_meta":{"_is_githuber_markdown":["1"],"_edit_lock":["1769973304:47"],"_edit_last":["47"],"_githuber_prismjs":[""],"_is_githuber_sequence":[""],"_is_githuber_flow_chart":[""],"_is_githuber_mermaid":[""],"_is_githuber_katex":[""],"_yoast_wpseo_content_score":["90"],"_yoast_wpseo_primary_category":["7"],"_vce_meta":["a:4:{s:11:\"use_sidebar\";s:7:\"inherit\";s:7:\"sidebar\";s:7:\"inherit\";s:14:\"sticky_sidebar\";s:7:\"inherit\";s:6:\"layout\";s:7:\"inherit\";}"],"_is_githuber_markdown_enabled":["no"],"_yoast_wpseo_focuskw":["plan de carrera"],"_yoast_wpseo_title":["C\u00f3mo desarrollar un plan de carrera para tus empleados"],"_yoast_wpseo_metadesc":["\u00bfPor qu\u00e9 el plan de carrera es clave en la fidelizaci\u00f3n de talento? Descubre las ventajas de contar con uno tanto para los empleados como para la compa\u00f1\u00eda."],"_yoast_wpseo_linkdex":["88"],"_thumbnail_id":["6713"],"onesignal_meta_box_present":["1"],"onesignal_send_notification":[""],"onesignal_modify_title_and_content":[""],"onesignal_notification_custom_heading":[null],"onesignal_notification_custom_content":[null],"_yoast_wpseo_estimated-reading-time-minutes":["10"],"Views":["58752"],"wp_review_type":["none"],"_at_widget":["1"],"_yoast_wpseo_wordproof_timestamp":[""],"_uag_css_file_name":["uag-css-6431.css"],"_uag_page_assets":["a:9:{s:3:\"css\";s:263:\".uag-blocks-common-selector{z-index:var(--z-index-desktop) !important}@media (max-width: 976px){.uag-blocks-common-selector{z-index:var(--z-index-tablet) !important}}@media (max-width: 767px){.uag-blocks-common-selector{z-index:var(--z-index-mobile) !important}}\n\";s:2:\"js\";s:0:\"\";s:18:\"current_block_list\";a:6:{i:0;s:14:\"core\/paragraph\";i:1;s:12:\"core\/heading\";i:2;s:9:\"core\/html\";i:3;s:10:\"core\/image\";i:4;s:12:\"core\/details\";i:5;s:14:\"core\/shortcode\";}s:8:\"uag_flag\";b:0;s:11:\"uag_version\";s:10:\"1777035881\";s:6:\"gfonts\";a:0:{}s:10:\"gfonts_url\";s:0:\"\";s:12:\"gfonts_files\";a:0:{}s:14:\"uag_faq_layout\";b:0;}"]},"uagb_featured_image_src":{"full":["https:\/\/www.bizneo.com\/blog\/wp-content\/uploads\/2019\/11\/plan-de-carrera.jpg",1140,640,false],"thumbnail":["https:\/\/www.bizneo.com\/blog\/wp-content\/uploads\/2019\/11\/plan-de-carrera-150x150.jpg",150,150,true],"medium":["https:\/\/www.bizneo.com\/blog\/wp-content\/uploads\/2019\/11\/plan-de-carrera-300x168.jpg",300,168,true],"medium_large":["https:\/\/www.bizneo.com\/blog\/wp-content\/uploads\/2019\/11\/plan-de-carrera-768x431.jpg",768,431,true],"large":["https:\/\/www.bizneo.com\/blog\/wp-content\/uploads\/2019\/11\/plan-de-carrera-1024x575.jpg",1024,575,true],"1536x1536":["https:\/\/www.bizneo.com\/blog\/wp-content\/uploads\/2019\/11\/plan-de-carrera.jpg",1140,640,false],"2048x2048":["https:\/\/www.bizneo.com\/blog\/wp-content\/uploads\/2019\/11\/plan-de-carrera.jpg",1140,640,false]},"uagb_author_info":{"display_name":"\u00c1lvaro Andr\u00e9s","author_link":"https:\/\/www.bizneo.com\/blog\/author\/alvaroa\/"},"uagb_comment_info":0,"uagb_excerpt":"Para mantener motivados a nuestros empleados es importante darles la oportunidad de crecer profesionalmente. Los planes de carrera son la mejor forma de permitir que los trabajadores se formen y proyecten su carrera a largo plazo dentro de nuestra compa\u00f1\u00eda.","_links":{"self":[{"href":"https:\/\/www.bizneo.com\/blog\/wp-json\/wp\/v2\/posts\/6431","targetHints":{"allow":["GET"]}}],"collection":[{"href":"https:\/\/www.bizneo.com\/blog\/wp-json\/wp\/v2\/posts"}],"about":[{"href":"https:\/\/www.bizneo.com\/blog\/wp-json\/wp\/v2\/types\/post"}],"author":[{"embeddable":true,"href":"https:\/\/www.bizneo.com\/blog\/wp-json\/wp\/v2\/users\/10"}],"replies":[{"embeddable":true,"href":"https:\/\/www.bizneo.com\/blog\/wp-json\/wp\/v2\/comments?post=6431"}],"version-history":[{"count":52,"href":"https:\/\/www.bizneo.com\/blog\/wp-json\/wp\/v2\/posts\/6431\/revisions"}],"predecessor-version":[{"id":59676,"href":"https:\/\/www.bizneo.com\/blog\/wp-json\/wp\/v2\/posts\/6431\/revisions\/59676"}],"wp:featuredmedia":[{"embeddable":true,"href":"https:\/\/www.bizneo.com\/blog\/wp-json\/wp\/v2\/media\/6713"}],"wp:attachment":[{"href":"https:\/\/www.bizneo.com\/blog\/wp-json\/wp\/v2\/media?parent=6431"}],"wp:term":[{"taxonomy":"category","embeddable":true,"href":"https:\/\/www.bizneo.com\/blog\/wp-json\/wp\/v2\/categories?post=6431"},{"taxonomy":"post_tag","embeddable":true,"href":"https:\/\/www.bizneo.com\/blog\/wp-json\/wp\/v2\/tags?post=6431"}],"curies":[{"name":"wp","href":"https:\/\/api.w.org\/{rel}","templated":true}]}}