{"id":55665,"date":"2025-10-20T12:17:28","date_gmt":"2025-10-20T11:17:28","guid":{"rendered":"https:\/\/www.bizneo.com\/blog\/?p=55665"},"modified":"2026-01-26T16:20:42","modified_gmt":"2026-01-26T15:20:42","slug":"effectif-salarie","status":"publish","type":"post","link":"https:\/\/www.bizneo.com\/blog\/fr\/effectif-salarie\/","title":{"rendered":"Effectif salari\u00e9 | Le rapport de comptage des effectifs en RH"},"content":{"rendered":"\n<p>L\u2019\u00e9quipe est-elle dimensionn\u00e9e correctement ? La gestion du capital humain est-elle efficace ? Combien de personnes faudra-t-il recruter pour atteindre les objectifs de croissance l\u2019an prochain ? Pour r\u00e9pondre \u00e0 ces questions de mani\u00e8re pr\u00e9cise, il est essentiel de comprendre ce qu\u2019est le headcount et comment se fait le calcul des effectifs.<\/p>\n\n\n\n<p>L\u2019effectif salari\u00e9 (ou <em>headcount<\/em> en anglais) est un indicateur cl\u00e9 des ressources humaines, indispensable pour piloter la gestion des effectifs dans l\u2019entreprise et \u00e9clairer les d\u00e9cisions strat\u00e9giques.<\/p>\n\n\n\n<p>Car si, \u00e0 premi\u00e8re vue, <strong>conna\u00eetre le nombre total de salari\u00e9s<\/strong> peut sembler anecdotique, il s\u2019agit en r\u00e9alit\u00e9 d\u2019un <strong>indicateur strat\u00e9gique<\/strong>. Il refl\u00e8te non seulement la <strong>taille r\u00e9elle de l\u2019entreprise<\/strong>, mais joue aussi un r\u00f4le central dans la <strong>planification budg\u00e9taire<\/strong>, la <strong>gestion des ressources<\/strong> et l\u2019\u00e9valuation de la <strong>productivit\u00e9<\/strong> globale.<\/p>\n\n\n\n<h2 class=\"wp-block-heading\">Qu\u2019est-ce que l\u2019effectif (headcount) d\u2019une entreprise\u202f?<\/h2>\n\n\n\n<p>L\u2019<strong>effectif d\u2019une entreprise<\/strong>, aussi appel\u00e9 <em>headcount<\/em>, d\u00e9signe le <strong>nombre total de salari\u00e9s actifs<\/strong> dans l\u2019organisation \u00e0 un moment donn\u00e9.<\/p>\n\n\n\n<figure class=\"wp-block-image size-full\"><a href=\"\/fr\/organigramme\/\" target=\"_blank\" rel=\"noreferrer noopener\" data-wpel-link=\"internal\"><img decoding=\"async\" width=\"1501\" height=\"1068\" src=\"https:\/\/www.bizneo.com\/blog\/wp-content\/uploads\/2021\/10\/Outil-Organigramme-entreprise-par-departement.webp\" alt=\"Organigramme d'entreprise \" class=\"wp-image-27295\" srcset=\"https:\/\/www.bizneo.com\/blog\/wp-content\/uploads\/2021\/10\/Outil-Organigramme-entreprise-par-departement.webp 1501w, https:\/\/www.bizneo.com\/blog\/wp-content\/uploads\/2021\/10\/Outil-Organigramme-entreprise-par-departement-300x213.webp 300w, https:\/\/www.bizneo.com\/blog\/wp-content\/uploads\/2021\/10\/Outil-Organigramme-entreprise-par-departement-1024x729.webp 1024w, https:\/\/www.bizneo.com\/blog\/wp-content\/uploads\/2021\/10\/Outil-Organigramme-entreprise-par-departement-768x546.webp 768w, https:\/\/www.bizneo.com\/blog\/wp-content\/uploads\/2021\/10\/Outil-Organigramme-entreprise-par-departement-810x576.webp 810w, https:\/\/www.bizneo.com\/blog\/wp-content\/uploads\/2021\/10\/Outil-Organigramme-entreprise-par-departement-1140x811.webp 1140w\" sizes=\"(max-width: 1501px) 100vw, 1501px\" \/><\/a><\/figure>\n\n\n\n<p>Ce <strong>comptage des effectifs<\/strong> inclut aussi bien les employ\u00e9s \u00e0 temps plein que ceux \u00e0 temps partiel, en contrat CDD ou CDI, permanents ou temporaires. On parle \u00e9galement de nombre de collaborateurs ou de comptage des travailleurs.<\/p>\n\n\n\n<p>Ce chiffre peut \u00eatre pr\u00e9sent\u00e9 sous deux formes :<\/p>\n\n\n\n<ul class=\"wp-block-list\">\n<li><strong>Absolue<\/strong> : le nombre net de salari\u00e9s dans l\u2019entreprise, sans distinction.<\/li>\n\n\n\n<li><strong>D\u00e9taill\u00e9e<\/strong> : une r\u00e9partition par <strong>services<\/strong>, <strong>sites<\/strong>, <strong>filiales<\/strong> ou tout autre crit\u00e8re pertinent selon la structure de l\u2019entreprise.<\/li>\n<\/ul>\n\n\n\n<bzn-info><a href=\"\/blog\/fr\/organigramme-entreprise\/\" id=\"destacado-post\" target=\"_blank\" rel=\"noopener noreferrer\" data-wpel-link=\"internal\"><span class=\"bzn-link-title\"><strong>Comment faire un organigramme d\u2019entreprise<\/strong><\/span>D\u00e9couvrez comment construire la structure organisationnelle de votre entreprise<\/a><\/bzn-info>\n\n\n\n<p><\/p>\n\n\n\n<h2 class=\"wp-block-heading\">Pourquoi est-il important de suivre pr\u00e9cis\u00e9ment l\u2019effectif salari\u00e9 ?<\/h2>\n\n\n\n<p>Le <em>headcount<\/em>, ou <strong>effectif salari\u00e9<\/strong>, est un <strong>indicateur strat\u00e9gique RH<\/strong> qui joue un r\u00f4le cl\u00e9 dans la prise de d\u00e9cision au sein de l\u2019entreprise. En lien avec d\u2019autres donn\u00e9es comme la <strong>masse salariale<\/strong>, la <strong>rotation du personnel<\/strong>, la <strong>rentabilit\u00e9 annuelle<\/strong> ou les <strong>co\u00fbts de <a href=\"\/blog\/fr\/formation-du-personnel\/\" target=\"_blank\" rel=\"noreferrer noopener\" data-wpel-link=\"internal\">formation<\/a><\/strong>, il permet de construire des <strong>strat\u00e9gies coh\u00e9rentes<\/strong> et align\u00e9es sur les objectifs actuels et futurs de l\u2019organisation.<\/p>\n\n\n\n<p>Il ne s\u2019agit pas seulement de conna\u00eetre le nombre de collaborateurs \u00e0 un instant donn\u00e9, mais aussi de <strong>suivre son \u00e9volution dans le temps<\/strong>.<\/p>\n\n\n\n<h3 class=\"wp-block-heading\">R\u00e9partition des effectifs<\/h3>\n\n\n\n<p>Il est \u00e9galement essentiel de comprendre <strong>comment se r\u00e9partit l\u2019effectif<\/strong>, quelles fonctions sont exerc\u00e9es, quels <a href=\"\/blog\/fr\/types-de-contrat-de-travail\/\" target=\"_blank\" rel=\"noreferrer noopener\" data-wpel-link=\"internal\">types de contrats<\/a> sont les plus fr\u00e9quents, et comment chaque profil contribue aux r\u00e9sultats de l\u2019entreprise. Disposer de cette vision globale permet de :<\/p>\n\n\n\n<ul class=\"wp-block-list\">\n<li>\u00c9viter un <strong>surdimensionnement de la masse salariale<\/strong>, qui alourdit les co\u00fbts de structure et nuit \u00e0 la productivit\u00e9.<\/li>\n\n\n\n<li>Identifier les cas de <strong>sous-effectif<\/strong>, souvent li\u00e9s \u00e0 une surcharge de travail, une baisse de qualit\u00e9 ou un risque accru de burnout.<\/li>\n\n\n\n<li><strong>Optimiser la r\u00e9partition des ressources humaines<\/strong>, en rep\u00e9rant les services en sureffectif ou sous-effectif pour proc\u00e9der \u00e0 des ajustements.<\/li>\n\n\n\n<li><strong>Planifier la croissance<\/strong>, en anticipant les besoins de recrutement \u00e0 partir des objectifs de d\u00e9veloppement de l\u2019entreprise.<\/li>\n\n\n\n<li>Faciliter la <strong>pr\u00e9vision budg\u00e9taire<\/strong>, en ma\u00eetrisant les co\u00fbts li\u00e9s aux effectifs (salaires, avantages, charges\u2026).<\/li>\n\n\n\n<li>Suivre pr\u00e9cis\u00e9ment la <strong>masse salariale<\/strong>, y compris les salaires fixes, primes, avantages en nature, et ajuster la politique RH en cons\u00e9quence.<\/li>\n\n\n\n<li>Analyser la <strong>parit\u00e9 femmes-hommes<\/strong> par service ou niveau hi\u00e9rarchique, et garantir le respect des engagements en mati\u00e8re d\u2019\u00e9galit\u00e9 professionnelle.<\/li>\n\n\n\n<li>Se conformer aux <strong>obligations l\u00e9gales<\/strong> en lien avec la taille de l\u2019entreprise : quotas de personnes en situation de handicap, seuils d\u00e9clenchant des obligations (CSE, plans d\u2019\u00e9galit\u00e9, proc\u00e9dures de licenciement collectif\u2026).<\/li>\n\n\n\n<li>En r\u00e9sum\u00e9, le <strong>suivi rigoureux de l\u2019effectif entreprise<\/strong> permet d\u2019obtenir des <strong>donn\u00e9es fiables<\/strong> pour piloter les d\u00e9cisions strat\u00e9giques li\u00e9es \u00e0 l\u2019organisation, \u00e0 la croissance ou \u00e0 l\u2019optimisation des ressources.<\/li>\n<\/ul>\n\n\n\n<figure class=\"wp-block-image size-full\"><a href=\"https:\/\/hello.bizneo.com\/demo\/suite\/fr\/?utm_content=post-banner-medio\" data-wpel-link=\"internal\" target=\"_blank\"><img decoding=\"async\" width=\"1360\" height=\"204\" src=\"https:\/\/www.bizneo.com\/blog\/wp-content\/uploads\/2024\/02\/banner-medio-outils-rh.jpg\" alt=\"Logiciel SIRH\" class=\"wp-image-45503\" srcset=\"https:\/\/www.bizneo.com\/blog\/wp-content\/uploads\/2024\/02\/banner-medio-outils-rh.jpg 1360w, https:\/\/www.bizneo.com\/blog\/wp-content\/uploads\/2024\/02\/banner-medio-outils-rh-300x45.jpg 300w, https:\/\/www.bizneo.com\/blog\/wp-content\/uploads\/2024\/02\/banner-medio-outils-rh-1024x154.jpg 1024w, https:\/\/www.bizneo.com\/blog\/wp-content\/uploads\/2024\/02\/banner-medio-outils-rh-768x115.jpg 768w, https:\/\/www.bizneo.com\/blog\/wp-content\/uploads\/2024\/02\/banner-medio-outils-rh-810x122.jpg 810w, https:\/\/www.bizneo.com\/blog\/wp-content\/uploads\/2024\/02\/banner-medio-outils-rh-1140x171.jpg 1140w\" sizes=\"(max-width: 1360px) 100vw, 1360px\" \/><\/a><\/figure>\n\n\n\n<h2 class=\"wp-block-heading\">Comment se fait le calcul des effectifs dans une entreprise ?<\/h2>\n\n\n\n<p>Le <strong>calcul des effectifs<\/strong> d\u00e9pend largement de la <strong>taille de l\u2019entreprise<\/strong>, de sa structure interne et de son secteur d\u2019activit\u00e9. Dans les petites structures, un simple <strong>tableau Excel<\/strong> ou une <a href=\"\/blog\/fr\/base-de-donnees-des-ressources-humaines\/\" target=\"_blank\" rel=\"noreferrer noopener\" data-wpel-link=\"internal\">base de donn\u00e9es<\/a> \u00e0 jour peut suffire, surtout si la <strong>rotation du personnel<\/strong> est faible et les <strong>recrutements temporaires<\/strong> peu fr\u00e9quents.<\/p>\n\n\n\n<p>En revanche, dans les entreprises de taille moyenne ou grande, il est indispensable d\u2019utiliser un <strong><a href=\"https:\/\/www.bizneo.com\/fr\/\" data-wpel-link=\"internal\" target=\"_blank\">logiciel RH<\/a><\/strong> capable de suivre l\u2019effectif en temps r\u00e9el et de centraliser les donn\u00e9es sur l\u2019ensemble des sites. <\/p>\n\n\n\n<figure class=\"wp-block-image size-full\"><a href=\"\/fr\/gestion-documentaire-ged\/\" data-wpel-link=\"internal\" target=\"_blank\"><img decoding=\"async\" width=\"1500\" height=\"1006\" src=\"https:\/\/www.bizneo.com\/blog\/wp-content\/uploads\/2021\/09\/Logiciel-RH-dossier-du-personnel.webp\" alt=\"Logiciel GED\" class=\"wp-image-25402\" srcset=\"https:\/\/www.bizneo.com\/blog\/wp-content\/uploads\/2021\/09\/Logiciel-RH-dossier-du-personnel.webp 1500w, https:\/\/www.bizneo.com\/blog\/wp-content\/uploads\/2021\/09\/Logiciel-RH-dossier-du-personnel-300x201.webp 300w, https:\/\/www.bizneo.com\/blog\/wp-content\/uploads\/2021\/09\/Logiciel-RH-dossier-du-personnel-1024x687.webp 1024w, https:\/\/www.bizneo.com\/blog\/wp-content\/uploads\/2021\/09\/Logiciel-RH-dossier-du-personnel-768x515.webp 768w, https:\/\/www.bizneo.com\/blog\/wp-content\/uploads\/2021\/09\/Logiciel-RH-dossier-du-personnel-810x543.webp 810w, https:\/\/www.bizneo.com\/blog\/wp-content\/uploads\/2021\/09\/Logiciel-RH-dossier-du-personnel-1140x765.webp 1140w\" sizes=\"(max-width: 1500px) 100vw, 1500px\" \/><\/a><\/figure>\n\n\n\n<p>Les tableurs deviennent rapidement inadapt\u00e9s d\u00e8s lors que l\u2019entreprise conna\u00eet une forte dynamique d\u2019embauche ou dispose de <strong>plusieurs \u00e9tablissements<\/strong>. Le <strong>comptage manuel<\/strong> est source d\u2019erreurs, r\u00e9p\u00e9titif et peu fiable \u2014 autant de t\u00e2ches qu\u2019un outil digital peut facilement automatiser.<\/p>\n\n\n\n<h3 class=\"wp-block-heading\">Diff\u00e9rentes approches<\/h3>\n\n\n\n<p>Quelle que soit la m\u00e9thode choisie, le <strong>calcul de l\u2019effectif salari\u00e9<\/strong> peut se faire selon plusieurs approches compl\u00e9mentaires :<\/p>\n\n\n\n<ul class=\"wp-block-list\">\n<li><strong>Nombre absolu<\/strong> : il s\u2019agit du <strong>nombre total d\u2019employ\u00e9s<\/strong>, sans distinction de type de contrat ni de dur\u00e9e de travail. C\u2019est l\u2019approche la plus simple pour \u00e9valuer la taille globale de l\u2019organisation.<\/li>\n\n\n\n<li><strong>ETP \u2013 \u00c9quivalent Temps Plein (FTE)<\/strong> : cette m\u00e9thode calcule les effectifs sur la base des heures travaill\u00e9es, en les rapportant \u00e0 un temps plein. Par exemple, deux salari\u00e9s \u00e0 mi-temps comptent pour 1 ETP.<\/li>\n\n\n\n<li><strong>Par service ou fonction<\/strong> : cette lecture permet d\u2019analyser la r\u00e9partition des effectifs par d\u00e9partement ou par m\u00e9tier, pour une meilleure compr\u00e9hension de l\u2019organisation.<\/li>\n\n\n\n<li><strong>Par type de contrat<\/strong> : CDI, CDD, int\u00e9rim, temps partiel\u2026 Cette distinction aide \u00e0 \u00e9valuer la stabilit\u00e9 de l\u2019emploi et \u00e0 mieux planifier les recrutements.<\/li>\n\n\n\n<li><strong>Par localisation g\u00e9ographique<\/strong> : utile pour les entreprises multisites ou internationales, ce crit\u00e8re permet d\u2019analyser la distribution g\u00e9ographique des \u00e9quipes.<\/li>\n\n\n\n<li><strong>Par niveau hi\u00e9rarchique<\/strong> : cette approche classe les collaborateurs selon leur position dans l\u2019organigramme \u2014 direction, encadrement interm\u00e9diaire, personnel op\u00e9rationnel \u2014 pour \u00e9valuer la structure pyramidale.<\/li>\n\n\n\n<li><strong>Par anciennet\u00e9<\/strong> : cela permet de mesurer l\u2019exp\u00e9rience cumul\u00e9e, la fid\u00e9lit\u00e9 des \u00e9quipes et d\u2019anticiper les besoins de renouvellement.<\/li>\n\n\n\n<li><strong>Par comp\u00e9tences et qualifications<\/strong> : cette analyse met en lumi\u00e8re les savoir-faire cl\u00e9s, les certifications disponibles ou les \u00e9ventuels besoins en formation.<\/li>\n\n\n\n<li><strong>Par genre<\/strong> : en observant la r\u00e9partition femmes-hommes \u00e0 tous les niveaux, on peut \u00e9valuer la diversit\u00e9 et identifier d\u2019\u00e9ventuelles in\u00e9galit\u00e9s (salaires, acc\u00e8s aux promotions, etc.).<\/li>\n<\/ul>\n\n\n\n<bzn-link><a href=\"\/fr\/dossier-personnel\/\" id=\"destacado-bbdd\" target=\"_blank\" rel=\"noopener noreferrer\" data-wpel-link=\"internal\"><span class=\"bzn-link-title\">AUTOMATISEZ LE HEADCOUNT DANS VOTRE ENTREPRISE<\/span>Faites-le facilement et sans effort gr\u00e2ce \u00e0 Bizneo HR<\/a><\/bzn-link>\n\n\n\n<p><\/p>\n\n\n\n<h2 class=\"wp-block-heading\">Rapports d\u2019effectifs : un levier cl\u00e9 pour la prise de d\u00e9cision RH<\/h2>\n\n\n\n<p>Les <strong>rapports d\u2019effectifs<\/strong> (ou <em>headcount reports<\/em>) sont des outils pr\u00e9cieux pour transformer les donn\u00e9es RH en informations exploitables et appuyer les d\u00e9cisions strat\u00e9giques.<\/p>\n\n\n\n<p>Bien structur\u00e9s, ces rapports permettent d\u2019<strong>analyser les tendances<\/strong>, de <strong>rep\u00e9rer des sch\u00e9mas r\u00e9currents<\/strong> et d\u2019<strong>identifier les axes d\u2019am\u00e9lioration<\/strong> dans la gestion des effectifs. Ils facilitent \u00e9galement la communication avec la direction ou les autres d\u00e9partements en soutenant les propositions RH par des donn\u00e9es objectives.<\/p>\n\n\n\n<figure class=\"wp-block-image size-large is-resized\"><a href=\"https:\/\/www.bizneo.com\/fr\/notes-de-frais\/\" data-wpel-link=\"internal\" target=\"_blank\"><img decoding=\"async\" width=\"1024\" height=\"730\" src=\"https:\/\/www.bizneo.com\/blog\/wp-content\/uploads\/2024\/10\/Rapports-de-depenses-et-notes-de-frais-1024x730.webp\" alt=\"Rapports de depenses et notes de frais\" class=\"wp-image-49916\" style=\"width:710px;height:auto\" srcset=\"https:\/\/www.bizneo.com\/blog\/wp-content\/uploads\/2024\/10\/Rapports-de-depenses-et-notes-de-frais-1024x730.webp 1024w, https:\/\/www.bizneo.com\/blog\/wp-content\/uploads\/2024\/10\/Rapports-de-depenses-et-notes-de-frais-300x214.webp 300w, https:\/\/www.bizneo.com\/blog\/wp-content\/uploads\/2024\/10\/Rapports-de-depenses-et-notes-de-frais-768x548.webp 768w, https:\/\/www.bizneo.com\/blog\/wp-content\/uploads\/2024\/10\/Rapports-de-depenses-et-notes-de-frais-810x578.webp 810w, https:\/\/www.bizneo.com\/blog\/wp-content\/uploads\/2024\/10\/Rapports-de-depenses-et-notes-de-frais-1140x813.webp 1140w, https:\/\/www.bizneo.com\/blog\/wp-content\/uploads\/2024\/10\/Rapports-de-depenses-et-notes-de-frais.webp 1500w\" sizes=\"(max-width: 1024px) 100vw, 1024px\" \/><\/a><\/figure>\n\n\n\n<p>Par exemple, des <strong>rapports saisonniers<\/strong> peuvent montrer les variations d\u2019effectifs au fil de l\u2019ann\u00e9e \u2014 un outil particuli\u00e8rement utile dans les secteurs soumis \u00e0 une forte temporalit\u00e9. Ces donn\u00e9es permettent non seulement d\u2019interpr\u00e9ter les r\u00e9sultats pass\u00e9s, mais aussi d\u2019anticiper les besoins futurs en mati\u00e8re de dimensionnement des \u00e9quipes.<\/p>\n\n\n\n<p>On peut aussi \u00e9laborer des <strong>rapports comparatifs<\/strong>, analysant l\u2019\u00e9volution des effectifs par rapport aux ann\u00e9es pr\u00e9c\u00e9dentes, ou des <strong>rapports pr\u00e9dictifs<\/strong> bas\u00e9s sur les tendances historiques et les objectifs de croissance. D\u2019autres rapports peuvent croiser les <strong>donn\u00e9es d\u2019effectifs<\/strong> avec les <strong>d\u00e9missions volontaires<\/strong>, afin d\u2019identifier les zones \u00e0 forte rotation ou les probl\u00e9matiques de r\u00e9tention des talents.<\/p>\n\n\n\n<figure class=\"wp-block-image size-large\"><a href=\"\/fr\/tableau-de-bord-rh\/\" data-wpel-link=\"internal\" target=\"_blank\"><img decoding=\"async\" width=\"1024\" height=\"765\" src=\"https:\/\/www.bizneo.com\/blog\/wp-content\/uploads\/2024\/02\/Rapports-audit-RH-1024x765.webp\" alt=\"Rapport de gestion RH sur les salari\u00e9s\" class=\"wp-image-45324\" srcset=\"https:\/\/www.bizneo.com\/blog\/wp-content\/uploads\/2024\/02\/Rapports-audit-RH-1024x765.webp 1024w, https:\/\/www.bizneo.com\/blog\/wp-content\/uploads\/2024\/02\/Rapports-audit-RH-300x224.webp 300w, https:\/\/www.bizneo.com\/blog\/wp-content\/uploads\/2024\/02\/Rapports-audit-RH-768x573.webp 768w, https:\/\/www.bizneo.com\/blog\/wp-content\/uploads\/2024\/02\/Rapports-audit-RH-810x605.webp 810w, https:\/\/www.bizneo.com\/blog\/wp-content\/uploads\/2024\/02\/Rapports-audit-RH.webp 1125w\" sizes=\"(max-width: 1024px) 100vw, 1024px\" \/><\/a><\/figure>\n\n\n\n<p><strong>Projeter les besoins en effectifs<\/strong> devient \u00e9galement essentiel lorsqu\u2019une entreprise envisage de <strong>s\u2019implanter sur un nouveau march\u00e9<\/strong>. Ces donn\u00e9es permettent d\u2019\u00e9valuer avec pr\u00e9cision les ressources humaines et financi\u00e8res n\u00e9cessaires pour accompagner l\u2019expansion.<\/p>\n\n\n\n<p>En somme, les <strong>indicateurs li\u00e9s au comptage des effectifs<\/strong> offrent une vision strat\u00e9gique de l\u2019\u00e9tat actuel et futur de la masse salariale. Bien exploit\u00e9s, ils permettent d\u2019optimiser la r\u00e9partition des ressources humaines, de renforcer la performance collective, et de mieux <strong>accompagner les d\u00e9cisions cl\u00e9s<\/strong> de l\u2019entreprise.<\/p>\n\n\n\n<p>Une bonne <strong>impl\u00e9mentation<\/strong> et un <strong>suivi rigoureux<\/strong> de ces indicateurs peuvent faire toute la diff\u00e9rence dans la gestion du capital humain.<\/p>\n\n\n\n<figure class=\"wp-block-image size-full\"><a href=\"\/fr\/tableau-de-bord-rh\/\" data-wpel-link=\"internal\" target=\"_blank\"><img decoding=\"async\" width=\"1360\" height=\"408\" src=\"https:\/\/www.bizneo.com\/blog\/wp-content\/uploads\/2024\/02\/Logiciel-rapports-RH.jpg\" alt=\"Logiciel rapports RH\" class=\"wp-image-45498\" srcset=\"https:\/\/www.bizneo.com\/blog\/wp-content\/uploads\/2024\/02\/Logiciel-rapports-RH.jpg 1360w, https:\/\/www.bizneo.com\/blog\/wp-content\/uploads\/2024\/02\/Logiciel-rapports-RH-300x90.jpg 300w, https:\/\/www.bizneo.com\/blog\/wp-content\/uploads\/2024\/02\/Logiciel-rapports-RH-1024x307.jpg 1024w, https:\/\/www.bizneo.com\/blog\/wp-content\/uploads\/2024\/02\/Logiciel-rapports-RH-768x230.jpg 768w, https:\/\/www.bizneo.com\/blog\/wp-content\/uploads\/2024\/02\/Logiciel-rapports-RH-810x243.jpg 810w, https:\/\/www.bizneo.com\/blog\/wp-content\/uploads\/2024\/02\/Logiciel-rapports-RH-1140x342.jpg 1140w\" sizes=\"(max-width: 1360px) 100vw, 1360px\" \/><\/a><\/figure>\n","protected":false},"excerpt":{"rendered":"<p>Le \u201cheadcount\u201d est un indicateur RH tr\u00e8s utile pour contr\u00f4ler les effectifs actifs dans l\u2019entreprise, indispensable pour la prise de d\u00e9cisions strat\u00e9giques.<\/p>\n","protected":false},"author":37,"featured_media":56036,"comment_status":"open","ping_status":"open","sticky":false,"template":"","format":"standard","meta":{"_uag_custom_page_level_css":"","site-sidebar-layout":"default","site-content-layout":"","ast-site-content-layout":"default","site-content-style":"default","site-sidebar-style":"default","ast-global-header-display":"","ast-banner-title-visibility":"","ast-main-header-display":"","ast-hfb-above-header-display":"","ast-hfb-below-header-display":"","ast-hfb-mobile-header-display":"","site-post-title":"","ast-breadcrumbs-content":"","ast-featured-img":"","footer-sml-layout":"","ast-disable-related-posts":"","theme-transparent-header-meta":"","adv-header-id-meta":"","stick-header-meta":"","header-above-stick-meta":"","header-main-stick-meta":"","header-below-stick-meta":"","astra-migrate-meta-layouts":"default","ast-page-background-enabled":"default","ast-page-background-meta":{"desktop":{"background-color":"var(--ast-global-color-5)","background-image":"","background-repeat":"repeat","background-position":"center center","background-size":"auto","background-attachment":"scroll","background-type":"","background-media":"","overlay-type":"","overlay-color":"","overlay-opacity":"","overlay-gradient":""},"tablet":{"background-color":"","background-image":"","background-repeat":"repeat","background-position":"center center","background-size":"auto","background-attachment":"scroll","background-type":"","background-media":"","overlay-type":"","overlay-color":"","overlay-opacity":"","overlay-gradient":""},"mobile":{"background-color":"","background-image":"","background-repeat":"repeat","background-position":"center center","background-size":"auto","background-attachment":"scroll","background-type":"","background-media":"","overlay-type":"","overlay-color":"","overlay-opacity":"","overlay-gradient":""}},"ast-content-background-meta":{"desktop":{"background-color":"var(--ast-global-color-4)","background-image":"","background-repeat":"repeat","background-position":"center center","background-size":"auto","background-attachment":"scroll","background-type":"","background-media":"","overlay-type":"","overlay-color":"","overlay-opacity":"","overlay-gradient":""},"tablet":{"background-color":"var(--ast-global-color-4)","background-image":"","background-repeat":"repeat","background-position":"center center","background-size":"auto","background-attachment":"scroll","background-type":"","background-media":"","overlay-type":"","overlay-color":"","overlay-opacity":"","overlay-gradient":""},"mobile":{"background-color":"var(--ast-global-color-4)","background-image":"","background-repeat":"repeat","background-position":"center center","background-size":"auto","background-attachment":"scroll","background-type":"","background-media":"","overlay-type":"","overlay-color":"","overlay-opacity":"","overlay-gradient":""}},"footnotes":""},"categories":[316],"tags":[],"class_list":["post-55665","post","type-post","status-publish","format-standard","has-post-thumbnail","hentry","category-gestion-du-personnel"],"yoast_head":"<!-- This site is optimized with the Yoast SEO plugin v27.5 - https:\/\/yoast.com\/product\/yoast-seo-wordpress\/ -->\n<title>Effectif salari\u00e9 ou headcount en ressources humaines | Bizneo HR<\/title>\n<meta name=\"description\" content=\"D\u00e9couvrez comment utiliser l&#039;effectif salari\u00e9 ou le headcount pour conna\u00eetre le nombre d&#039;employ\u00e9s dans votre entreprise.\" \/>\n<meta name=\"robots\" content=\"index, follow, max-snippet:-1, max-image-preview:large, max-video-preview:-1\" \/>\n<meta property=\"og:locale\" content=\"es_ES\" \/>\n<meta property=\"og:type\" content=\"article\" \/>\n<meta property=\"og:title\" content=\"Effectif salari\u00e9 ou headcount en ressources humaines | Bizneo HR\" \/>\n<meta property=\"og:description\" content=\"D\u00e9couvrez comment utiliser l&#039;effectif salari\u00e9 ou le headcount pour conna\u00eetre le nombre d&#039;employ\u00e9s dans votre entreprise.\" \/>\n<meta property=\"og:url\" content=\"https:\/\/www.bizneo.com\/blog\/fr\/effectif-salarie\/\" \/>\n<meta property=\"og:site_name\" content=\"Blog de Recursos Humanos de Bizneo HR: pr\u00e1ctico y actual\" \/>\n<meta property=\"article:published_time\" content=\"2025-10-20T11:17:28+00:00\" \/>\n<meta property=\"article:modified_time\" content=\"2026-01-26T15:20:42+00:00\" \/>\n<meta property=\"og:image\" content=\"https:\/\/www.bizneo.com\/blog\/wp-content\/uploads\/2025\/08\/effectif-salarie.jpg\" \/>\n\t<meta property=\"og:image:width\" content=\"1200\" \/>\n\t<meta property=\"og:image:height\" content=\"694\" \/>\n\t<meta property=\"og:image:type\" content=\"image\/jpeg\" \/>\n<meta name=\"author\" content=\"Frederic\" \/>\n<meta name=\"twitter:card\" content=\"summary_large_image\" \/>\n<meta name=\"twitter:label1\" content=\"Escrito por\" \/>\n\t<meta name=\"twitter:data1\" content=\"Frederic\" \/>\n\t<meta name=\"twitter:label2\" content=\"Tiempo de lectura\" \/>\n\t<meta name=\"twitter:data2\" content=\"8 minutos\" \/>\n<script type=\"application\/ld+json\" class=\"yoast-schema-graph\">{\"@context\":\"https:\\\/\\\/schema.org\",\"@graph\":[{\"@type\":[\"Article\",\"BlogPosting\"],\"@id\":\"https:\\\/\\\/www.bizneo.com\\\/blog\\\/fr\\\/effectif-salarie\\\/#article\",\"isPartOf\":{\"@id\":\"https:\\\/\\\/www.bizneo.com\\\/blog\\\/fr\\\/effectif-salarie\\\/\"},\"author\":{\"name\":\"Frederic\",\"@id\":\"https:\\\/\\\/www.bizneo.com\\\/blog\\\/#\\\/schema\\\/person\\\/c54a399718abb92cd32efffb5977118a\"},\"headline\":\"Effectif salari\u00e9 | Le rapport de comptage des effectifs en RH\",\"datePublished\":\"2025-10-20T11:17:28+00:00\",\"dateModified\":\"2026-01-26T15:20:42+00:00\",\"mainEntityOfPage\":{\"@id\":\"https:\\\/\\\/www.bizneo.com\\\/blog\\\/fr\\\/effectif-salarie\\\/\"},\"wordCount\":1432,\"commentCount\":0,\"publisher\":{\"@id\":\"https:\\\/\\\/www.bizneo.com\\\/blog\\\/#organization\"},\"image\":{\"@id\":\"https:\\\/\\\/www.bizneo.com\\\/blog\\\/fr\\\/effectif-salarie\\\/#primaryimage\"},\"thumbnailUrl\":\"https:\\\/\\\/www.bizneo.com\\\/blog\\\/wp-content\\\/uploads\\\/2025\\\/08\\\/effectif-salarie.jpg\",\"articleSection\":[\"Gestion du Personnel\"],\"inLanguage\":\"es\",\"potentialAction\":[{\"@type\":\"CommentAction\",\"name\":\"Comment\",\"target\":[\"https:\\\/\\\/www.bizneo.com\\\/blog\\\/fr\\\/effectif-salarie\\\/#respond\"]}]},{\"@type\":\"WebPage\",\"@id\":\"https:\\\/\\\/www.bizneo.com\\\/blog\\\/fr\\\/effectif-salarie\\\/\",\"url\":\"https:\\\/\\\/www.bizneo.com\\\/blog\\\/fr\\\/effectif-salarie\\\/\",\"name\":\"Effectif salari\u00e9 ou headcount en ressources humaines | Bizneo HR\",\"isPartOf\":{\"@id\":\"https:\\\/\\\/www.bizneo.com\\\/blog\\\/#website\"},\"primaryImageOfPage\":{\"@id\":\"https:\\\/\\\/www.bizneo.com\\\/blog\\\/fr\\\/effectif-salarie\\\/#primaryimage\"},\"image\":{\"@id\":\"https:\\\/\\\/www.bizneo.com\\\/blog\\\/fr\\\/effectif-salarie\\\/#primaryimage\"},\"thumbnailUrl\":\"https:\\\/\\\/www.bizneo.com\\\/blog\\\/wp-content\\\/uploads\\\/2025\\\/08\\\/effectif-salarie.jpg\",\"datePublished\":\"2025-10-20T11:17:28+00:00\",\"dateModified\":\"2026-01-26T15:20:42+00:00\",\"description\":\"D\u00e9couvrez comment utiliser l'effectif salari\u00e9 ou le headcount pour conna\u00eetre le nombre d'employ\u00e9s dans votre entreprise.\",\"breadcrumb\":{\"@id\":\"https:\\\/\\\/www.bizneo.com\\\/blog\\\/fr\\\/effectif-salarie\\\/#breadcrumb\"},\"inLanguage\":\"es\",\"potentialAction\":[{\"@type\":\"ReadAction\",\"target\":[\"https:\\\/\\\/www.bizneo.com\\\/blog\\\/fr\\\/effectif-salarie\\\/\"]}]},{\"@type\":\"ImageObject\",\"inLanguage\":\"es\",\"@id\":\"https:\\\/\\\/www.bizneo.com\\\/blog\\\/fr\\\/effectif-salarie\\\/#primaryimage\",\"url\":\"https:\\\/\\\/www.bizneo.com\\\/blog\\\/wp-content\\\/uploads\\\/2025\\\/08\\\/effectif-salarie.jpg\",\"contentUrl\":\"https:\\\/\\\/www.bizneo.com\\\/blog\\\/wp-content\\\/uploads\\\/2025\\\/08\\\/effectif-salarie.jpg\",\"width\":1200,\"height\":694,\"caption\":\"Effectif salari\u00e9 ou headcount en RH\"},{\"@type\":\"BreadcrumbList\",\"@id\":\"https:\\\/\\\/www.bizneo.com\\\/blog\\\/fr\\\/effectif-salarie\\\/#breadcrumb\",\"itemListElement\":[{\"@type\":\"ListItem\",\"position\":1,\"name\":\"Portada\",\"item\":\"https:\\\/\\\/www.bizneo.com\\\/blog\\\/\"},{\"@type\":\"ListItem\",\"position\":2,\"name\":\"Gestion du Personnel\",\"item\":\"https:\\\/\\\/www.bizneo.com\\\/blog\\\/fr\\\/category\\\/gestion-du-personnel\\\/\"},{\"@type\":\"ListItem\",\"position\":3,\"name\":\"Effectif salari\u00e9 | Le rapport de comptage des effectifs en RH\"}]},{\"@type\":\"WebSite\",\"@id\":\"https:\\\/\\\/www.bizneo.com\\\/blog\\\/#website\",\"url\":\"https:\\\/\\\/www.bizneo.com\\\/blog\\\/\",\"name\":\"Blog de Recursos Humanos de Bizneo HR: pr\u00e1ctico y actual\",\"description\":\"Todo sobre actualidad, herramientas y tecnolog\u00eda  para optimizar la gesti\u00f3n del talento humano\",\"publisher\":{\"@id\":\"https:\\\/\\\/www.bizneo.com\\\/blog\\\/#organization\"},\"potentialAction\":[{\"@type\":\"SearchAction\",\"target\":{\"@type\":\"EntryPoint\",\"urlTemplate\":\"https:\\\/\\\/www.bizneo.com\\\/blog\\\/?s={search_term_string}\"},\"query-input\":{\"@type\":\"PropertyValueSpecification\",\"valueRequired\":true,\"valueName\":\"search_term_string\"}}],\"inLanguage\":\"es\"},{\"@type\":\"Organization\",\"@id\":\"https:\\\/\\\/www.bizneo.com\\\/blog\\\/#organization\",\"name\":\"Bizneo HR\",\"url\":\"https:\\\/\\\/www.bizneo.com\\\/blog\\\/\",\"logo\":{\"@type\":\"ImageObject\",\"inLanguage\":\"es\",\"@id\":\"https:\\\/\\\/www.bizneo.com\\\/blog\\\/#\\\/schema\\\/logo\\\/image\\\/\",\"url\":\"https:\\\/\\\/www.bizneo.com\\\/blog\\\/wp-content\\\/uploads\\\/2020\\\/09\\\/Icono-Logo-Bizneo-HR.png\",\"contentUrl\":\"https:\\\/\\\/www.bizneo.com\\\/blog\\\/wp-content\\\/uploads\\\/2020\\\/09\\\/Icono-Logo-Bizneo-HR.png\",\"width\":834,\"height\":834,\"caption\":\"Bizneo HR\"},\"image\":{\"@id\":\"https:\\\/\\\/www.bizneo.com\\\/blog\\\/#\\\/schema\\\/logo\\\/image\\\/\"}},{\"@type\":\"Person\",\"@id\":\"https:\\\/\\\/www.bizneo.com\\\/blog\\\/#\\\/schema\\\/person\\\/c54a399718abb92cd32efffb5977118a\",\"name\":\"Frederic\",\"image\":{\"@type\":\"ImageObject\",\"inLanguage\":\"es\",\"@id\":\"https:\\\/\\\/secure.gravatar.com\\\/avatar\\\/566b48122abdbf3668ee93a4e72dc097f49820d5841e88c2eb000e8530457898?s=96&d=mm&r=g\",\"url\":\"https:\\\/\\\/secure.gravatar.com\\\/avatar\\\/566b48122abdbf3668ee93a4e72dc097f49820d5841e88c2eb000e8530457898?s=96&d=mm&r=g\",\"contentUrl\":\"https:\\\/\\\/secure.gravatar.com\\\/avatar\\\/566b48122abdbf3668ee93a4e72dc097f49820d5841e88c2eb000e8530457898?s=96&d=mm&r=g\",\"caption\":\"Frederic\"},\"url\":\"https:\\\/\\\/www.bizneo.com\\\/blog\\\/author\\\/frederic\\\/\"}]}<\/script>\n<!-- \/ Yoast SEO plugin. -->","yoast_head_json":{"title":"Effectif salari\u00e9 ou headcount en ressources humaines | Bizneo HR","description":"D\u00e9couvrez comment utiliser l'effectif salari\u00e9 ou le headcount pour conna\u00eetre le nombre d'employ\u00e9s dans votre entreprise.","robots":{"index":"index","follow":"follow","max-snippet":"max-snippet:-1","max-image-preview":"max-image-preview:large","max-video-preview":"max-video-preview:-1"},"og_locale":"es_ES","og_type":"article","og_title":"Effectif salari\u00e9 ou headcount en ressources humaines | Bizneo HR","og_description":"D\u00e9couvrez comment utiliser l'effectif salari\u00e9 ou le headcount pour conna\u00eetre le nombre d'employ\u00e9s dans votre entreprise.","og_url":"https:\/\/www.bizneo.com\/blog\/fr\/effectif-salarie\/","og_site_name":"Blog de Recursos Humanos de Bizneo HR: pr\u00e1ctico y actual","article_published_time":"2025-10-20T11:17:28+00:00","article_modified_time":"2026-01-26T15:20:42+00:00","og_image":[{"width":1200,"height":694,"url":"https:\/\/www.bizneo.com\/blog\/wp-content\/uploads\/2025\/08\/effectif-salarie.jpg","type":"image\/jpeg"}],"author":"Frederic","twitter_card":"summary_large_image","twitter_misc":{"Escrito por":"Frederic","Tiempo de lectura":"8 minutos"},"schema":{"@context":"https:\/\/schema.org","@graph":[{"@type":["Article","BlogPosting"],"@id":"https:\/\/www.bizneo.com\/blog\/fr\/effectif-salarie\/#article","isPartOf":{"@id":"https:\/\/www.bizneo.com\/blog\/fr\/effectif-salarie\/"},"author":{"name":"Frederic","@id":"https:\/\/www.bizneo.com\/blog\/#\/schema\/person\/c54a399718abb92cd32efffb5977118a"},"headline":"Effectif salari\u00e9 | Le rapport de comptage des effectifs en RH","datePublished":"2025-10-20T11:17:28+00:00","dateModified":"2026-01-26T15:20:42+00:00","mainEntityOfPage":{"@id":"https:\/\/www.bizneo.com\/blog\/fr\/effectif-salarie\/"},"wordCount":1432,"commentCount":0,"publisher":{"@id":"https:\/\/www.bizneo.com\/blog\/#organization"},"image":{"@id":"https:\/\/www.bizneo.com\/blog\/fr\/effectif-salarie\/#primaryimage"},"thumbnailUrl":"https:\/\/www.bizneo.com\/blog\/wp-content\/uploads\/2025\/08\/effectif-salarie.jpg","articleSection":["Gestion du Personnel"],"inLanguage":"es","potentialAction":[{"@type":"CommentAction","name":"Comment","target":["https:\/\/www.bizneo.com\/blog\/fr\/effectif-salarie\/#respond"]}]},{"@type":"WebPage","@id":"https:\/\/www.bizneo.com\/blog\/fr\/effectif-salarie\/","url":"https:\/\/www.bizneo.com\/blog\/fr\/effectif-salarie\/","name":"Effectif salari\u00e9 ou headcount en ressources humaines | Bizneo HR","isPartOf":{"@id":"https:\/\/www.bizneo.com\/blog\/#website"},"primaryImageOfPage":{"@id":"https:\/\/www.bizneo.com\/blog\/fr\/effectif-salarie\/#primaryimage"},"image":{"@id":"https:\/\/www.bizneo.com\/blog\/fr\/effectif-salarie\/#primaryimage"},"thumbnailUrl":"https:\/\/www.bizneo.com\/blog\/wp-content\/uploads\/2025\/08\/effectif-salarie.jpg","datePublished":"2025-10-20T11:17:28+00:00","dateModified":"2026-01-26T15:20:42+00:00","description":"D\u00e9couvrez comment utiliser l'effectif salari\u00e9 ou le headcount pour conna\u00eetre le nombre d'employ\u00e9s dans votre entreprise.","breadcrumb":{"@id":"https:\/\/www.bizneo.com\/blog\/fr\/effectif-salarie\/#breadcrumb"},"inLanguage":"es","potentialAction":[{"@type":"ReadAction","target":["https:\/\/www.bizneo.com\/blog\/fr\/effectif-salarie\/"]}]},{"@type":"ImageObject","inLanguage":"es","@id":"https:\/\/www.bizneo.com\/blog\/fr\/effectif-salarie\/#primaryimage","url":"https:\/\/www.bizneo.com\/blog\/wp-content\/uploads\/2025\/08\/effectif-salarie.jpg","contentUrl":"https:\/\/www.bizneo.com\/blog\/wp-content\/uploads\/2025\/08\/effectif-salarie.jpg","width":1200,"height":694,"caption":"Effectif salari\u00e9 ou headcount en RH"},{"@type":"BreadcrumbList","@id":"https:\/\/www.bizneo.com\/blog\/fr\/effectif-salarie\/#breadcrumb","itemListElement":[{"@type":"ListItem","position":1,"name":"Portada","item":"https:\/\/www.bizneo.com\/blog\/"},{"@type":"ListItem","position":2,"name":"Gestion du Personnel","item":"https:\/\/www.bizneo.com\/blog\/fr\/category\/gestion-du-personnel\/"},{"@type":"ListItem","position":3,"name":"Effectif salari\u00e9 | Le rapport de comptage des effectifs en RH"}]},{"@type":"WebSite","@id":"https:\/\/www.bizneo.com\/blog\/#website","url":"https:\/\/www.bizneo.com\/blog\/","name":"Blog de Recursos Humanos de Bizneo HR: pr\u00e1ctico y actual","description":"Todo sobre actualidad, herramientas y tecnolog\u00eda  para optimizar la gesti\u00f3n del talento humano","publisher":{"@id":"https:\/\/www.bizneo.com\/blog\/#organization"},"potentialAction":[{"@type":"SearchAction","target":{"@type":"EntryPoint","urlTemplate":"https:\/\/www.bizneo.com\/blog\/?s={search_term_string}"},"query-input":{"@type":"PropertyValueSpecification","valueRequired":true,"valueName":"search_term_string"}}],"inLanguage":"es"},{"@type":"Organization","@id":"https:\/\/www.bizneo.com\/blog\/#organization","name":"Bizneo HR","url":"https:\/\/www.bizneo.com\/blog\/","logo":{"@type":"ImageObject","inLanguage":"es","@id":"https:\/\/www.bizneo.com\/blog\/#\/schema\/logo\/image\/","url":"https:\/\/www.bizneo.com\/blog\/wp-content\/uploads\/2020\/09\/Icono-Logo-Bizneo-HR.png","contentUrl":"https:\/\/www.bizneo.com\/blog\/wp-content\/uploads\/2020\/09\/Icono-Logo-Bizneo-HR.png","width":834,"height":834,"caption":"Bizneo HR"},"image":{"@id":"https:\/\/www.bizneo.com\/blog\/#\/schema\/logo\/image\/"}},{"@type":"Person","@id":"https:\/\/www.bizneo.com\/blog\/#\/schema\/person\/c54a399718abb92cd32efffb5977118a","name":"Frederic","image":{"@type":"ImageObject","inLanguage":"es","@id":"https:\/\/secure.gravatar.com\/avatar\/566b48122abdbf3668ee93a4e72dc097f49820d5841e88c2eb000e8530457898?s=96&d=mm&r=g","url":"https:\/\/secure.gravatar.com\/avatar\/566b48122abdbf3668ee93a4e72dc097f49820d5841e88c2eb000e8530457898?s=96&d=mm&r=g","contentUrl":"https:\/\/secure.gravatar.com\/avatar\/566b48122abdbf3668ee93a4e72dc097f49820d5841e88c2eb000e8530457898?s=96&d=mm&r=g","caption":"Frederic"},"url":"https:\/\/www.bizneo.com\/blog\/author\/frederic\/"}]}},"spectra_custom_meta":{"onesignal_meta_box_present":["1"],"onesignal_send_notification":["1"],"onesignal_modify_title_and_content":[""],"onesignal_notification_custom_heading":[null],"onesignal_notification_custom_content":[null],"wp_review_type":["none"],"Views":["67"],"_thumbnail_id":["56036"],"_yoast_wpseo_title":["Effectif salari\u00e9 ou headcount en ressources humaines | Bizneo HR"],"_yoast_wpseo_metadesc":["D\u00e9couvrez comment utiliser l'effectif salari\u00e9 ou le headcount pour conna\u00eetre le nombre d'employ\u00e9s dans votre entreprise."],"_yoast_wpseo_focuskw":["effectif salari\u00e9"],"_yoast_wpseo_primary_category":["316"],"_edit_lock":["1769440948:47"],"_edit_last":["47"],"_yoast_wpseo_linkdex":["77"],"_yoast_wpseo_content_score":["90"],"_yoast_wpseo_estimated-reading-time-minutes":["8"],"_wp_old_date":["2025-08-21"],"_uag_css_file_name":["uag-css-55665.css"],"_uag_page_assets":["a:9:{s:3:\"css\";s:263:\".uag-blocks-common-selector{z-index:var(--z-index-desktop) !important}@media (max-width: 976px){.uag-blocks-common-selector{z-index:var(--z-index-tablet) !important}}@media (max-width: 767px){.uag-blocks-common-selector{z-index:var(--z-index-mobile) !important}}\n\";s:2:\"js\";s:0:\"\";s:18:\"current_block_list\";a:8:{i:0;s:14:\"core\/paragraph\";i:1;s:12:\"core\/heading\";i:2;s:10:\"core\/image\";i:3;s:9:\"core\/list\";i:4;s:14:\"core\/list-item\";i:5;s:9:\"core\/html\";i:6;s:12:\"core\/details\";i:7;s:14:\"core\/shortcode\";}s:8:\"uag_flag\";b:0;s:11:\"uag_version\";s:10:\"1777408547\";s:6:\"gfonts\";a:0:{}s:10:\"gfonts_url\";s:0:\"\";s:12:\"gfonts_files\";a:0:{}s:14:\"uag_faq_layout\";b:0;}"]},"uagb_featured_image_src":{"full":["https:\/\/www.bizneo.com\/blog\/wp-content\/uploads\/2025\/08\/effectif-salarie.jpg",1200,694,false],"thumbnail":["https:\/\/www.bizneo.com\/blog\/wp-content\/uploads\/2025\/08\/effectif-salarie-150x150.jpg",150,150,true],"medium":["https:\/\/www.bizneo.com\/blog\/wp-content\/uploads\/2025\/08\/effectif-salarie-300x174.jpg",300,174,true],"medium_large":["https:\/\/www.bizneo.com\/blog\/wp-content\/uploads\/2025\/08\/effectif-salarie-768x444.jpg",768,444,true],"large":["https:\/\/www.bizneo.com\/blog\/wp-content\/uploads\/2025\/08\/effectif-salarie-1024x592.jpg",1024,592,true],"1536x1536":["https:\/\/www.bizneo.com\/blog\/wp-content\/uploads\/2025\/08\/effectif-salarie.jpg",1200,694,false],"2048x2048":["https:\/\/www.bizneo.com\/blog\/wp-content\/uploads\/2025\/08\/effectif-salarie.jpg",1200,694,false]},"uagb_author_info":{"display_name":"Frederic","author_link":"https:\/\/www.bizneo.com\/blog\/author\/frederic\/"},"uagb_comment_info":0,"uagb_excerpt":"Le \u201cheadcount\u201d est un indicateur RH tr\u00e8s utile pour contr\u00f4ler les effectifs actifs dans l\u2019entreprise, indispensable pour la prise de d\u00e9cisions strat\u00e9giques.","_links":{"self":[{"href":"https:\/\/www.bizneo.com\/blog\/wp-json\/wp\/v2\/posts\/55665","targetHints":{"allow":["GET"]}}],"collection":[{"href":"https:\/\/www.bizneo.com\/blog\/wp-json\/wp\/v2\/posts"}],"about":[{"href":"https:\/\/www.bizneo.com\/blog\/wp-json\/wp\/v2\/types\/post"}],"author":[{"embeddable":true,"href":"https:\/\/www.bizneo.com\/blog\/wp-json\/wp\/v2\/users\/37"}],"replies":[{"embeddable":true,"href":"https:\/\/www.bizneo.com\/blog\/wp-json\/wp\/v2\/comments?post=55665"}],"version-history":[{"count":4,"href":"https:\/\/www.bizneo.com\/blog\/wp-json\/wp\/v2\/posts\/55665\/revisions"}],"predecessor-version":[{"id":58069,"href":"https:\/\/www.bizneo.com\/blog\/wp-json\/wp\/v2\/posts\/55665\/revisions\/58069"}],"wp:featuredmedia":[{"embeddable":true,"href":"https:\/\/www.bizneo.com\/blog\/wp-json\/wp\/v2\/media\/56036"}],"wp:attachment":[{"href":"https:\/\/www.bizneo.com\/blog\/wp-json\/wp\/v2\/media?parent=55665"}],"wp:term":[{"taxonomy":"category","embeddable":true,"href":"https:\/\/www.bizneo.com\/blog\/wp-json\/wp\/v2\/categories?post=55665"},{"taxonomy":"post_tag","embeddable":true,"href":"https:\/\/www.bizneo.com\/blog\/wp-json\/wp\/v2\/tags?post=55665"}],"curies":[{"name":"wp","href":"https:\/\/api.w.org\/{rel}","templated":true}]}}