{"id":55663,"date":"2025-10-03T10:50:21","date_gmt":"2025-10-03T09:50:21","guid":{"rendered":"https:\/\/www.bizneo.com\/blog\/?p=55663"},"modified":"2026-01-26T16:21:27","modified_gmt":"2026-01-26T15:21:27","slug":"demande-de-teletravail","status":"publish","type":"post","link":"https:\/\/www.bizneo.com\/blog\/fr\/demande-de-teletravail\/","title":{"rendered":"Comment g\u00e9rer les demandes de t\u00e9l\u00e9travail depuis les RH"},"content":{"rendered":"\n<p>La mani\u00e8re dont les RH traitent une demande de t\u00e9l\u00e9travail a consid\u00e9rablement \u00e9volu\u00e9 ces derni\u00e8res ann\u00e9es. En 2020, la pand\u00e9mie a entra\u00een\u00e9 une g\u00e9n\u00e9ralisation du t\u00e9l\u00e9travail, avant que les modalit\u00e9s ne s\u2019ajustent progressivement.<\/p>\n\n\n\n<p>D\u2019apr\u00e8s Gallup, 55\u202f% des entreprises ont opt\u00e9 pour un mod\u00e8le hybride, 26\u202f% fonctionnent exclusivement \u00e0 distance, et 19\u202f% restent attach\u00e9es au 100\u202f% pr\u00e9sentiel. En Espagne, la <strong>Loi sur le t\u00e9l\u00e9travail<\/strong> a \u00e9t\u00e9 int\u00e9gr\u00e9e au <strong>Statut des travailleurs<\/strong>, posant ainsi un cadre juridique pour les salari\u00e9s exer\u00e7ant r\u00e9guli\u00e8rement depuis leur domicile.<\/p>\n\n\n\n<p>D\u00e9sormais, tout salari\u00e9 peut adresser une <strong>demande de t\u00e9l\u00e9travail<\/strong>, et les entreprises ont tout int\u00e9r\u00eat \u00e0 mettre en place des <strong>processus clairs et efficaces<\/strong> pour les g\u00e9rer. Le recours \u00e0 un <strong><a href=\"https:\/\/www.bizneo.com\/fr\/\" target=\"_blank\" rel=\"noreferrer noopener\" data-wpel-link=\"internal\">logiciel RH<\/a><\/strong> facilite consid\u00e9rablement l\u2019organisation, permet d\u2019\u00e9viter les conflits de planning et aide \u00e0 respecter des obligations comme la <strong>gestion des temps de travail<\/strong> ou le <strong>pointage num\u00e9rique<\/strong>.<\/p>\n\n\n\n<h2 class=\"wp-block-heading\">Comment faire une demande de t\u00e9l\u00e9travail dans l\u2019entreprise\u202f?<\/h2>\n\n\n\n<p>M\u00eame si le processus de demande est relativement simple et similaire d\u2019une entreprise \u00e0 l\u2019autre, il doit respecter le cadre l\u00e9gal d\u00e9fini par le <a href=\"https:\/\/www.legifrance.gouv.fr\/codes\/section_lc\/LEGITEXT000006072050\/LEGISCTA000025558058\/\" target=\"_blank\" rel=\"noreferrer noopener nofollow\" data-wpel-link=\"external\">Code du Travail sur le travail \u00e0 distance<\/a>.<\/p>\n\n\n\n<h3 class=\"wp-block-heading\">1. Envoi de la demande par le salari\u00e9<\/h3>\n\n\n\n<p>La loi ne pr\u00e9voit pas de <strong>formulaire standardis\u00e9<\/strong>, mais il est fortement recommand\u00e9 de faire la <strong>demande de t\u00e9l\u00e9travail par \u00e9crit<\/strong>, en pr\u00e9cisant les <strong>jours et horaires souhait\u00e9s<\/strong>, ainsi que les <strong>motifs<\/strong> invoqu\u00e9s : conciliation vie professionnelle\/vie personnelle, garde d\u2019enfants ou de proches, situations personnelles particuli\u00e8res, etc.<\/p>\n\n\n\n<figure class=\"wp-block-image size-large\"><a href=\"https:\/\/www.bizneo.com\/fr\/gta-gestion-temps-de-travail\/\" data-wpel-link=\"internal\" target=\"_blank\"><img decoding=\"async\" width=\"1024\" height=\"736\" src=\"https:\/\/www.bizneo.com\/blog\/wp-content\/uploads\/2025\/08\/Demandes-de-teletravail-1024x736.webp\" alt=\"demande de t\u00e9l\u00e9travail dans l\u2019entreprise\" class=\"wp-image-55967\" srcset=\"https:\/\/www.bizneo.com\/blog\/wp-content\/uploads\/2025\/08\/Demandes-de-teletravail-1024x736.webp 1024w, https:\/\/www.bizneo.com\/blog\/wp-content\/uploads\/2025\/08\/Demandes-de-teletravail-300x216.webp 300w, https:\/\/www.bizneo.com\/blog\/wp-content\/uploads\/2025\/08\/Demandes-de-teletravail-768x552.webp 768w, https:\/\/www.bizneo.com\/blog\/wp-content\/uploads\/2025\/08\/Demandes-de-teletravail.webp 1500w\" sizes=\"(max-width: 1024px) 100vw, 1024px\" \/><\/a><\/figure>\n\n\n\n<p>Les outils RH actuels permettent de <strong>simplifier cette d\u00e9marche<\/strong>. Le salari\u00e9 peut effectuer sa demande directement depuis le <strong>portail RH<\/strong> de l\u2019entreprise, accessible depuis son t\u00e9l\u00e9phone ou son ordinateur. Il lui suffit de remplir un formulaire avec les informations n\u00e9cessaires, qui sera automatiquement transmis aux responsables concern\u00e9s pour <strong>\u00e9valuation<\/strong>.<\/p>\n\n\n\n<h4 class=\"wp-block-heading\">Dans quels cas peut-on faire une demande de t\u00e9l\u00e9travail\u202f?<\/h4>\n\n\n\n<p>Le Code du Travail \u00e9tablit les situations dans lesquelles le salari\u00e9 peut exiger un am\u00e9nagement de son poste en t\u00e9l\u00e9travail. Sont notamment concern\u00e9s :<\/p>\n\n\n\n<ul class=\"wp-block-list\">\n<li>La garde d\u2019enfants de moins de 12 ans<\/li>\n\n\n\n<li>La garde d\u2019enfants de plus de 12 ans en situation de handicap<\/li>\n\n\n\n<li>Le soin \u00e0 un membre de la famille jusqu\u2019au <strong>deuxi\u00e8me degr\u00e9 de parent\u00e9<\/strong><\/li>\n\n\n\n<li>La prise en charge d\u2019une personne d\u00e9pendante vivant au domicile<\/li>\n\n\n\n<li>Les situations de <strong>force majeure familiale<\/strong><\/li>\n\n\n\n<li>Les cas o\u00f9 la <strong>convention collective<\/strong> pr\u00e9voit explicitement la possibilit\u00e9 de t\u00e9l\u00e9travail<\/li>\n\n\n\n<li>Lorsque la <strong>nature du poste<\/strong> rend le t\u00e9l\u00e9travail possible<\/li>\n<\/ul>\n\n\n\n<p>D\u2019autres motifs peuvent \u00eatre \u00e9voqu\u00e9s, mais la <strong>protection juridique<\/strong> ne s\u2019applique que dans les cas ci-dessus. En dehors de ce cadre, <strong>l\u2019approbation de la demande de t\u00e9l\u00e9travail<\/strong> d\u00e9pendra d\u2019une d\u00e9cision conjointe entre l\u2019entreprise et le salari\u00e9, en fonction des possibilit\u00e9s organisationnelles.<\/p>\n\n\n\n<h3 class=\"wp-block-heading\">2. \u00c9valuation de la demande de t\u00e9l\u00e9travail par les RH<\/h3>\n\n\n\n<p>Une fois la <strong>demande de t\u00e9l\u00e9travail<\/strong> envoy\u00e9e, elle est transmise au responsable des ressources humaines, qui doit l\u2019analyser en tenant compte \u00e0 la fois de la <strong>situation personnelle du salari\u00e9<\/strong> et des <strong>besoins organisationnels<\/strong> de l\u2019entreprise. Le service RH dispose d\u2019un <strong>d\u00e9lai de 15 jours<\/strong> pour \u00e9tudier la demande et y r\u00e9pondre, avec la possibilit\u00e9 de <strong>n\u00e9gocier les conditions<\/strong> directement avec le salari\u00e9.<\/p>\n\n\n\n<figure class=\"wp-block-image size-large\"><a href=\"https:\/\/www.bizneo.com\/fr\/portail-rh\/\" data-wpel-link=\"internal\" target=\"_blank\"><img decoding=\"async\" width=\"1024\" height=\"735\" src=\"https:\/\/www.bizneo.com\/blog\/wp-content\/uploads\/2024\/11\/Portail-manager-1024x735.webp\" alt=\"Portail manager\" class=\"wp-image-50743\" srcset=\"https:\/\/www.bizneo.com\/blog\/wp-content\/uploads\/2024\/11\/Portail-manager-1024x735.webp 1024w, https:\/\/www.bizneo.com\/blog\/wp-content\/uploads\/2024\/11\/Portail-manager-300x215.webp 300w, https:\/\/www.bizneo.com\/blog\/wp-content\/uploads\/2024\/11\/Portail-manager-768x551.webp 768w, https:\/\/www.bizneo.com\/blog\/wp-content\/uploads\/2024\/11\/Portail-manager-810x582.webp 810w, https:\/\/www.bizneo.com\/blog\/wp-content\/uploads\/2024\/11\/Portail-manager-1140x819.webp 1140w, https:\/\/www.bizneo.com\/blog\/wp-content\/uploads\/2024\/11\/Portail-manager.webp 1500w\" sizes=\"(max-width: 1024px) 100vw, 1024px\" \/><\/a><\/figure>\n\n\n\n<p>En l\u2019absence de r\u00e9ponse dans les d\u00e9lais impartis, la demande est <strong>consid\u00e9r\u00e9e comme accept\u00e9e<\/strong>, \u00e0 condition qu\u2019elle r\u00e9ponde aux cas pr\u00e9vus par le Code du Travail. Il est donc essentiel de disposer d\u2019un <strong>processus clair<\/strong> pour la r\u00e9ception, le traitement et le suivi des demandes de t\u00e9l\u00e9travail par les RH.<\/p>\n\n\n\n<h3 class=\"wp-block-heading\">3. Approbation ou refus selon les politiques internes<\/h3>\n\n\n\n<p>Les RH, en coordination avec les responsables hi\u00e9rarchiques concern\u00e9s, d\u00e9cident de <strong>l\u2019approbation ou du refus<\/strong> de la demande en fonction des <strong>politiques internes de t\u00e9l\u00e9travail<\/strong>. En cas de refus, l\u2019entreprise est tenue de fournir une justification claire et objective expliquant les raisons du rejet. Si la demande est accept\u00e9e, il convient de passer \u00e0 la formalisation de l\u2019accord de t\u00e9l\u00e9travail.<\/p>\n\n\n\n<p>Quelle que soit la d\u00e9cision, celle-ci doit \u00eatre <strong>notifi\u00e9e par \u00e9crit au salari\u00e9<\/strong>. En cas d\u2019approbation, un accord formel doit \u00eatre sign\u00e9, pr\u00e9cisant notamment :<\/p>\n\n\n\n<ul class=\"wp-block-list\">\n<li>L\u2019inventaire du mat\u00e9riel et des outils fournis<\/li>\n\n\n\n<li>Les <strong>horaires<\/strong> pendant lesquels le salari\u00e9 t\u00e9l\u00e9travaillera<\/li>\n\n\n\n<li>Le <strong>lieu de travail habituel<\/strong><\/li>\n\n\n\n<li>La <strong>dur\u00e9e de l\u2019accord<\/strong><\/li>\n\n\n\n<li>Les modalit\u00e9s de <strong>contr\u00f4le de l\u2019activit\u00e9 professionnelle<\/strong><\/li>\n\n\n\n<li>La proc\u00e9dure \u00e0 suivre en cas de <strong>probl\u00e8me technique<\/strong><\/li>\n<\/ul>\n\n\n\n<p>Un <strong>logiciel RH<\/strong> permet d\u2019<strong>automatiser<\/strong> l\u2019ensemble du processus, depuis la demande initiale jusqu\u2019\u00e0 la signature de l\u2019accord. Il facilite aussi le <strong>respect des d\u00e9lais l\u00e9gaux<\/strong>, la tra\u00e7abilit\u00e9 de chaque demande, et la <strong>centralisation des documents associ\u00e9s<\/strong>.<\/p>\n\n\n\n<bzn-link><a href=\"\/fr\/gta-gestion-temps-de-travail\/\" id=\"destacado-turnos\" target=\"_blank\" rel=\"noopener noreferrer\" data-wpel-link=\"internal\"><span class=\"bzn-link-title\">LOGICIEL RH AVEC GESTION DU T\u00c9L\u00c9TRAVAIL<\/span>Une solution intuitive pour PME et grandes entreprises pour le travail en pr\u00e9sentiel et \u00e0 distance.<\/a><\/bzn-link>\n\n\n\n<p><\/p>\n\n\n\n<h2 class=\"wp-block-heading\"><strong>Cl\u00e9s pour une gestion efficace d&#8217;une demande de t\u00e9l\u00e9travail depuis les RH<\/strong><\/h2>\n\n\n\n<p>Pour assurer une gestion efficace du t\u00e9l\u00e9travail au sein du service RH, il est essentiel de mettre en place des <strong>processus clairs<\/strong> et de s\u2019appuyer sur des <strong>outils num\u00e9riques<\/strong> permettant d\u2019acc\u00e9l\u00e9rer et d\u2019automatiser les t\u00e2ches administratives. Ces solutions facilitent non seulement le <strong>suivi de la conformit\u00e9 r\u00e9glementaire<\/strong>, mais aussi une <strong>communication fluide<\/strong> avec toutes les parties concern\u00e9es.<\/p>\n\n\n\n<p>Derri\u00e8re chaque <strong>demande de t\u00e9l\u00e9travail<\/strong> se trouvent des enjeux li\u00e9s \u00e0 la pr\u00e9sence en entreprise, \u00e0 l\u2019\u00e9galit\u00e9 de traitement, au contr\u00f4le du temps de travail, \u00e0 la productivit\u00e9 ou encore \u00e0 la s\u00e9curit\u00e9 au travail. Il est donc essentiel que les RH aient une vision globale et coordonn\u00e9e du processus afin de :<\/p>\n\n\n\n<h3 class=\"wp-block-heading\"><strong>\u00c9viter les chevauchements<\/strong> <\/h3>\n\n\n\n<p>Lorsque plusieurs salari\u00e9s demandent \u00e0 t\u00e9l\u00e9travailler les m\u00eames jours, il est important de pouvoir visualiser la disponibilit\u00e9 des \u00e9quipes et de garantir une pr\u00e9sence minimale au bureau, en fonction des besoins de chaque service. Un logiciel RH facilite cette gestion en affichant clairement qui travaille \u00e0 distance chaque jour et en permettant une planification centralis\u00e9e.<\/p>\n\n\n\n<h3 class=\"wp-block-heading\"><strong>Garantir l\u2019\u00e9quit\u00e9<\/strong> <\/h3>\n\n\n\n<p>Toutes les demandes doivent \u00eatre \u00e9valu\u00e9es selon les m\u00eames crit\u00e8res, en respectant les priorit\u00e9s l\u00e9gales. Des politiques de t\u00e9l\u00e9travail bien d\u00e9finies permettent d\u2019\u00e9viter les in\u00e9galit\u00e9s, les d\u00e9cisions arbitraires ou les traitements pr\u00e9f\u00e9rentiels. Dans le cas contraire, le climat de travail et le bien-\u00eatre des salari\u00e9s peuvent en p\u00e2tir.<\/p>\n\n\n\n<h3 class=\"wp-block-heading\"><strong>Maintenir la productivit\u00e9<\/strong> <\/h3>\n\n\n\n<p>Il est important de d\u00e9finir des indicateurs clairs et de mettre en place des outils de suivi pour \u00e9valuer les performances des t\u00e9l\u00e9travailleurs. Ces dispositifs doivent rester transparents et respectueux de la vie priv\u00e9e, en conformit\u00e9 avec la r\u00e9glementation sur la protection des donn\u00e9es et le droit \u00e0 la d\u00e9connexion. L\u2019objectif n\u2019est pas de surveiller les horaires, mais de se concentrer sur les r\u00e9sultats.<\/p>\n\n\n\n<h3 class=\"wp-block-heading\"><strong>Assurer le pointage et le suivi des horaires<\/strong> <\/h3>\n\n\n\n<p>La mise en place d\u2019un syst\u00e8me de pointage num\u00e9rique permet d\u2019enregistrer la dur\u00e9e effective du travail en t\u00e9l\u00e9travail, en respectant l\u2019obligation l\u00e9gale de contr\u00f4le du temps de travail. Les outils RH actuels proposent des solutions simples et s\u00e9curis\u00e9es, permettant aux salari\u00e9s de pointer depuis n\u2019importe quel appareil et lieu de travail.<\/p>\n\n\n\n<h3 class=\"wp-block-heading\"><strong>Veiller au respect de la l\u00e9gislation<\/strong> <\/h3>\n\n\n\n<p>Chaque \u00e9tape, depuis la r\u00e9ception de la demande de t\u00e9l\u00e9travail jusqu\u2019\u00e0 la signature de l\u2019accord, doit \u00eatre conforme \u00e0 la l\u00e9gislation en vigueur. Un logiciel RH permet de suivre et documenter l\u2019ensemble des d\u00e9marches, en garantissant la conformit\u00e9 avec les exigences l\u00e9gales.<\/p>\n\n\n\n<figure class=\"wp-block-image size-large\"><a href=\"https:\/\/hello.bizneo.com\/kit\/gestion-du-temps\/?utm_content=post-KIT-Tiempo\" data-wpel-link=\"internal\" target=\"_blank\"><img decoding=\"async\" width=\"1024\" height=\"307\" src=\"https:\/\/www.bizneo.com\/blog\/wp-content\/uploads\/2025\/01\/KIT-Temps-1024x307.png\" alt=\"Kit gestion du temps\" class=\"wp-image-52109\" srcset=\"https:\/\/www.bizneo.com\/blog\/wp-content\/uploads\/2025\/01\/KIT-Temps-1024x307.png 1024w, https:\/\/www.bizneo.com\/blog\/wp-content\/uploads\/2025\/01\/KIT-Temps-300x90.png 300w, https:\/\/www.bizneo.com\/blog\/wp-content\/uploads\/2025\/01\/KIT-Temps-768x230.png 768w, https:\/\/www.bizneo.com\/blog\/wp-content\/uploads\/2025\/01\/KIT-Temps-810x243.png 810w, https:\/\/www.bizneo.com\/blog\/wp-content\/uploads\/2025\/01\/KIT-Temps-1140x342.png 1140w, https:\/\/www.bizneo.com\/blog\/wp-content\/uploads\/2025\/01\/KIT-Temps.png 1360w\" sizes=\"(max-width: 1024px) 100vw, 1024px\" \/><\/a><\/figure>\n\n\n\n<h2 class=\"wp-block-heading\">Approbation de la demande de t\u00e9l\u00e9travail et gestion des plannings<\/h2>\n\n\n\n<p>Pour <strong>acc\u00e9l\u00e9rer l\u2019approbation des demandes de t\u00e9l\u00e9travail<\/strong>, il est essentiel que le service RH s\u2019appuie sur des <strong>politiques claires et bien d\u00e9finies<\/strong>.<\/p>\n\n\n\n<figure class=\"wp-block-image size-large\"><a href=\"\/fr\/logiciel-planning\/\" data-wpel-link=\"internal\" target=\"_blank\"><img decoding=\"async\" width=\"1024\" height=\"735\" src=\"https:\/\/www.bizneo.com\/blog\/wp-content\/uploads\/2024\/02\/planification-plannings-et-horaires-1024x735.webp\" alt=\"organisateur de plannings et horaires\" class=\"wp-image-44988\" srcset=\"https:\/\/www.bizneo.com\/blog\/wp-content\/uploads\/2024\/02\/planification-plannings-et-horaires-1024x735.webp 1024w, https:\/\/www.bizneo.com\/blog\/wp-content\/uploads\/2024\/02\/planification-plannings-et-horaires-300x215.webp 300w, https:\/\/www.bizneo.com\/blog\/wp-content\/uploads\/2024\/02\/planification-plannings-et-horaires-768x551.webp 768w, https:\/\/www.bizneo.com\/blog\/wp-content\/uploads\/2024\/02\/planification-plannings-et-horaires-810x581.webp 810w, https:\/\/www.bizneo.com\/blog\/wp-content\/uploads\/2024\/02\/planification-plannings-et-horaires-1140x818.webp 1140w, https:\/\/www.bizneo.com\/blog\/wp-content\/uploads\/2024\/02\/planification-plannings-et-horaires.webp 1500w\" sizes=\"(max-width: 1024px) 100vw, 1024px\" \/><\/a><\/figure>\n\n\n\n<p>Mettre en place un <strong>syst\u00e8me de r\u00e8gles pr\u00e9d\u00e9finies<\/strong> permet non seulement de gagner du temps, mais aussi de garantir un <strong>processus transparent et \u00e9quitable<\/strong>. Par exemple, l\u2019entreprise peut fixer des crit\u00e8res tels que :<\/p>\n\n\n\n<ul class=\"wp-block-list\">\n<li>Le nombre maximum de jours de t\u00e9l\u00e9travail par semaine selon le service et la fonction occup\u00e9e<\/li>\n\n\n\n<li>Le minimum de personnel requis en pr\u00e9sentiel par service ou par cr\u00e9neau horaire<\/li>\n\n\n\n<li>Des priorit\u00e9s de traitement bas\u00e9es sur des crit\u00e8res objectifs : distance domicile-travail, situation familiale ou exigences du poste<\/li>\n\n\n\n<li>Une rotation \u00e9quitable des jours de t\u00e9l\u00e9travail entre les membres de l\u2019\u00e9quipe<\/li>\n<\/ul>\n\n\n\n<p>Gr\u00e2ce \u00e0 ces r\u00e8gles, il est possible de concevoir un syst\u00e8me automatis\u00e9 avec des <strong>workflows pr\u00e9\u00e9tablis<\/strong>, permettant de traiter rapidement chaque <strong>demande de t\u00e9l\u00e9travail<\/strong>. D\u2019un seul coup d\u2019\u0153il, les RH peuvent consulter la situation du collaborateur, \u00e9changer avec les parties concern\u00e9es et prendre une <strong>d\u00e9cision coh\u00e9rente avec les imp\u00e9ratifs de l\u2019entreprise<\/strong>.<\/p>\n\n\n\n<p>Un <a href=\"\/fr\/logiciel-gestion-temps-de-travail\/\" target=\"_blank\" rel=\"noreferrer noopener\" data-wpel-link=\"internal\">logiciel de gestion du temps<\/a> comme celui de <strong>Bizneo HR<\/strong> facilite l\u2019ensemble de ce processus, en offrant des fonctionnalit\u00e9s couvrant toutes les dimensions impliqu\u00e9es : <strong>gestion des demandes et approbations<\/strong>, <strong>contr\u00f4le des horaires et des plannings<\/strong>, <strong>communication entre collaborateurs et managers<\/strong>&#8230;<\/p>\n\n\n\n<figure class=\"wp-block-image size-large\"><a href=\"https:\/\/www.bizneo.com\/fr\/logiciel-planning\/\" data-wpel-link=\"internal\" target=\"_blank\"><img decoding=\"async\" width=\"1024\" height=\"735\" src=\"https:\/\/www.bizneo.com\/blog\/wp-content\/uploads\/2024\/02\/Workflows-planning-horaire-travail-1024x735.webp\" alt=\"Workflows planning de travail\" class=\"wp-image-49715\" srcset=\"https:\/\/www.bizneo.com\/blog\/wp-content\/uploads\/2024\/02\/Workflows-planning-horaire-travail-1024x735.webp 1024w, https:\/\/www.bizneo.com\/blog\/wp-content\/uploads\/2024\/02\/Workflows-planning-horaire-travail-300x215.webp 300w, https:\/\/www.bizneo.com\/blog\/wp-content\/uploads\/2024\/02\/Workflows-planning-horaire-travail-768x551.webp 768w, https:\/\/www.bizneo.com\/blog\/wp-content\/uploads\/2024\/02\/Workflows-planning-horaire-travail-810x582.webp 810w, https:\/\/www.bizneo.com\/blog\/wp-content\/uploads\/2024\/02\/Workflows-planning-horaire-travail-1140x819.webp 1140w, https:\/\/www.bizneo.com\/blog\/wp-content\/uploads\/2024\/02\/Workflows-planning-horaire-travail.webp 1500w\" sizes=\"(max-width: 1024px) 100vw, 1024px\" \/><\/a><\/figure>\n\n\n\n<p>Le tout depuis une <strong>plateforme unique<\/strong>, qui simplifie les flux de travail tout en assurant la <strong>conformit\u00e9 r\u00e9glementaire<\/strong>. Elle fournit \u00e9galement des <strong>analyses et rapports<\/strong> permettant d\u2019\u00e9valuer concr\u00e8tement l\u2019impact du t\u00e9l\u00e9travail sur l\u2019organisation.<\/p>\n\n\n\n<figure class=\"wp-block-image size-large\"><a href=\"https:\/\/www.bizneo.com\/fr\/logiciel-planning\/\" target=\"_blank\" rel=\"noopener\" data-wpel-link=\"internal\"><img decoding=\"async\" width=\"1024\" height=\"154\" src=\"https:\/\/www.bizneo.com\/blog\/wp-content\/uploads\/2021\/08\/banner-medio-plannings-1024x154.jpg\" alt=\"logiciel de planning de travail\" class=\"wp-image-25130\" srcset=\"https:\/\/www.bizneo.com\/blog\/wp-content\/uploads\/2021\/08\/banner-medio-plannings-1024x154.jpg 1024w, https:\/\/www.bizneo.com\/blog\/wp-content\/uploads\/2021\/08\/banner-medio-plannings-300x45.jpg 300w, https:\/\/www.bizneo.com\/blog\/wp-content\/uploads\/2021\/08\/banner-medio-plannings-768x115.jpg 768w, https:\/\/www.bizneo.com\/blog\/wp-content\/uploads\/2021\/08\/banner-medio-plannings-810x122.jpg 810w, https:\/\/www.bizneo.com\/blog\/wp-content\/uploads\/2021\/08\/banner-medio-plannings-1140x171.jpg 1140w, https:\/\/www.bizneo.com\/blog\/wp-content\/uploads\/2021\/08\/banner-medio-plannings.jpg 1360w\" sizes=\"(max-width: 1024px) 100vw, 1024px\" \/><\/a><\/figure>\n\n\n\n<h2 class=\"wp-block-heading\">Pointage et g\u00e9olocalisation en t\u00e9l\u00e9travail<\/h2>\n\n\n\n<p>Le t\u00e9l\u00e9travail n\u2019\u00e9chappe pas aux obligations l\u00e9gales li\u00e9es au <strong>contr\u00f4le du temps de travail<\/strong> et au <strong>pointage num\u00e9rique<\/strong>. Quelle que soit leur taille, les entreprises doivent enregistrer de mani\u00e8re <strong>claire, fiable et d\u00e9mat\u00e9rialis\u00e9e<\/strong> les heures de d\u00e9but et de fin de journ\u00e9e de chaque salari\u00e9, y compris lorsqu\u2019il travaille \u00e0 distance.<\/p>\n\n\n\n<p>La meilleure fa\u00e7on de proc\u00e9der consiste \u00e0 utiliser une <strong>solution de pointage num\u00e9rique<\/strong>.  Celle-ci permet aux collaborateurs d\u2019<strong>enregistrer leur temps de travail<\/strong> facilement, depuis n\u2019importe quel appareil. Des outils comme celui de <strong>Bizneo HR<\/strong> offrent toutes les fonctionnalit\u00e9s n\u00e9cessaires : saisie des heures, gestion des pauses, rappels, notifications\u2026<\/p>\n\n\n\n<figure class=\"wp-block-image size-full\"><a href=\"\/fr\/logiciel-gestion-temps-de-travail\/\" data-wpel-link=\"internal\" target=\"_blank\"><img decoding=\"async\" width=\"1500\" height=\"1105\" src=\"https:\/\/www.bizneo.com\/blog\/wp-content\/uploads\/2021\/09\/outil-de-gestion-du-temps-travail.webp\" alt=\"Rapports GTA\" class=\"wp-image-26362\" srcset=\"https:\/\/www.bizneo.com\/blog\/wp-content\/uploads\/2021\/09\/outil-de-gestion-du-temps-travail.webp 1500w, https:\/\/www.bizneo.com\/blog\/wp-content\/uploads\/2021\/09\/outil-de-gestion-du-temps-travail-300x221.webp 300w, https:\/\/www.bizneo.com\/blog\/wp-content\/uploads\/2021\/09\/outil-de-gestion-du-temps-travail-1024x754.webp 1024w, https:\/\/www.bizneo.com\/blog\/wp-content\/uploads\/2021\/09\/outil-de-gestion-du-temps-travail-768x566.webp 768w, https:\/\/www.bizneo.com\/blog\/wp-content\/uploads\/2021\/09\/outil-de-gestion-du-temps-travail-810x597.webp 810w, https:\/\/www.bizneo.com\/blog\/wp-content\/uploads\/2021\/09\/outil-de-gestion-du-temps-travail-1140x840.webp 1140w\" sizes=\"(max-width: 1500px) 100vw, 1500px\" \/><\/a><\/figure>\n\n\n\n<p>Ces solutions int\u00e8grent aussi des <strong>fonctionnalit\u00e9s de g\u00e9olocalisation<\/strong> pour v\u00e9rifier d\u2019o\u00f9 est effectu\u00e9 le pointage. Leur utilisation doit \u00eatre <strong>justifi\u00e9e<\/strong> et <strong>convenue au pr\u00e9alable<\/strong> avec les salari\u00e9s. L\u2019entreprise peut d\u00e9finir un <strong>lieu de travail habituel<\/strong> et un <strong>p\u00e9rim\u00e8tre autoris\u00e9<\/strong> pour garantir la conformit\u00e9.<\/p>\n\n\n\n<p>Cela permet de s\u2019assurer que le salari\u00e9 travaille bien depuis son domicile ou un lieu approuv\u00e9, renfor\u00e7ant ainsi la <strong>fiabilit\u00e9 des enregistrements<\/strong>. Un point crucial dans certains secteurs pour des <strong>raisons l\u00e9gales ou de s\u00e9curit\u00e9<\/strong>.<\/p>\n\n\n\n<p>Par ailleurs, un <strong><a href=\"https:\/\/www.bizneo.com\/fr\/gta-gestion-temps-de-travail\/\" data-wpel-link=\"internal\" target=\"_blank\">logiciel de gestion des temps<\/a><\/strong> permet de lever toute ambigu\u00eft\u00e9 sur les jours en t\u00e9l\u00e9travail ou en pr\u00e9sentiel, gr\u00e2ce \u00e0 une <strong>visualisation claire du calendrier<\/strong>. Une fois la demande valid\u00e9e, le syst\u00e8me met automatiquement \u00e0 jour les jours t\u00e9l\u00e9travaill\u00e9s dans l\u2019agenda du salari\u00e9. Cela facilite l\u2019organisation et la coordination. La <strong>transparence<\/strong> et l\u2019<strong>automatisation<\/strong> apport\u00e9es par ce type de solution simplifient la gestion du t\u00e9l\u00e9travail et <strong>r\u00e9duisent consid\u00e9rablement les erreurs<\/strong> et les malentendus li\u00e9s aux processus manuels.<\/p>\n\n\n\n<figure class=\"wp-block-image size-large\"><a href=\"https:\/\/hello.bizneo.com\/demo\/suite\/fr\/?utm_content=post-banner-grande\" target=\"_blank\" rel=\"noopener\" data-wpel-link=\"internal\"><img decoding=\"async\" width=\"1024\" height=\"307\" src=\"https:\/\/www.bizneo.com\/blog\/wp-content\/uploads\/2021\/09\/Logiciel-RH-2-1024x307.jpg\" alt=\"logiciel ressources humaines\" class=\"wp-image-25200\" srcset=\"https:\/\/www.bizneo.com\/blog\/wp-content\/uploads\/2021\/09\/Logiciel-RH-2-1024x307.jpg 1024w, https:\/\/www.bizneo.com\/blog\/wp-content\/uploads\/2021\/09\/Logiciel-RH-2-300x90.jpg 300w, https:\/\/www.bizneo.com\/blog\/wp-content\/uploads\/2021\/09\/Logiciel-RH-2-768x230.jpg 768w, https:\/\/www.bizneo.com\/blog\/wp-content\/uploads\/2021\/09\/Logiciel-RH-2-810x243.jpg 810w, https:\/\/www.bizneo.com\/blog\/wp-content\/uploads\/2021\/09\/Logiciel-RH-2-1140x342.jpg 1140w, https:\/\/www.bizneo.com\/blog\/wp-content\/uploads\/2021\/09\/Logiciel-RH-2.jpg 1360w\" sizes=\"(max-width: 1024px) 100vw, 1024px\" \/><\/a><\/figure>\n","protected":false},"excerpt":{"rendered":"<p>D\u00e9couvrez comment g\u00e9rer efficacement les demandes de t\u00e9l\u00e9travail en conciliant cadre l\u00e9gal, organisation interne et bien-\u00eatre des salari\u00e9s.<\/p>\n","protected":false},"author":37,"featured_media":55964,"comment_status":"open","ping_status":"open","sticky":false,"template":"","format":"standard","meta":{"_uag_custom_page_level_css":"","site-sidebar-layout":"default","site-content-layout":"","ast-site-content-layout":"default","site-content-style":"default","site-sidebar-style":"default","ast-global-header-display":"","ast-banner-title-visibility":"","ast-main-header-display":"","ast-hfb-above-header-display":"","ast-hfb-below-header-display":"","ast-hfb-mobile-header-display":"","site-post-title":"","ast-breadcrumbs-content":"","ast-featured-img":"","footer-sml-layout":"","ast-disable-related-posts":"","theme-transparent-header-meta":"","adv-header-id-meta":"","stick-header-meta":"","header-above-stick-meta":"","header-main-stick-meta":"","header-below-stick-meta":"","astra-migrate-meta-layouts":"default","ast-page-background-enabled":"default","ast-page-background-meta":{"desktop":{"background-color":"var(--ast-global-color-5)","background-image":"","background-repeat":"repeat","background-position":"center center","background-size":"auto","background-attachment":"scroll","background-type":"","background-media":"","overlay-type":"","overlay-color":"","overlay-opacity":"","overlay-gradient":""},"tablet":{"background-color":"","background-image":"","background-repeat":"repeat","background-position":"center center","background-size":"auto","background-attachment":"scroll","background-type":"","background-media":"","overlay-type":"","overlay-color":"","overlay-opacity":"","overlay-gradient":""},"mobile":{"background-color":"","background-image":"","background-repeat":"repeat","background-position":"center center","background-size":"auto","background-attachment":"scroll","background-type":"","background-media":"","overlay-type":"","overlay-color":"","overlay-opacity":"","overlay-gradient":""}},"ast-content-background-meta":{"desktop":{"background-color":"var(--ast-global-color-4)","background-image":"","background-repeat":"repeat","background-position":"center center","background-size":"auto","background-attachment":"scroll","background-type":"","background-media":"","overlay-type":"","overlay-color":"","overlay-opacity":"","overlay-gradient":""},"tablet":{"background-color":"var(--ast-global-color-4)","background-image":"","background-repeat":"repeat","background-position":"center center","background-size":"auto","background-attachment":"scroll","background-type":"","background-media":"","overlay-type":"","overlay-color":"","overlay-opacity":"","overlay-gradient":""},"mobile":{"background-color":"var(--ast-global-color-4)","background-image":"","background-repeat":"repeat","background-position":"center center","background-size":"auto","background-attachment":"scroll","background-type":"","background-media":"","overlay-type":"","overlay-color":"","overlay-opacity":"","overlay-gradient":""}},"footnotes":""},"categories":[318],"tags":[],"class_list":["post-55663","post","type-post","status-publish","format-standard","has-post-thumbnail","hentry","category-gestion-du-temps-de-travail"],"yoast_head":"<!-- This site is optimized with the Yoast SEO plugin v27.5 - https:\/\/yoast.com\/product\/yoast-seo-wordpress\/ -->\n<title>Demande de t\u00e9l\u00e9travail : comment g\u00e9rer en RH ?<\/title>\n<meta name=\"description\" content=\"G\u00e9rez une demande de t\u00e9l\u00e9travail avec efficacit\u00e9 et tra\u00e7abilit\u00e9. Digitalisez l&#039;approbation et simplifiez vos op\u00e9rations.\" \/>\n<meta name=\"robots\" content=\"index, follow, max-snippet:-1, max-image-preview:large, max-video-preview:-1\" \/>\n<meta property=\"og:locale\" content=\"es_ES\" \/>\n<meta property=\"og:type\" content=\"article\" \/>\n<meta property=\"og:title\" content=\"Demande de t\u00e9l\u00e9travail : comment g\u00e9rer en RH ?\" \/>\n<meta property=\"og:description\" content=\"G\u00e9rez une demande de t\u00e9l\u00e9travail avec efficacit\u00e9 et tra\u00e7abilit\u00e9. Digitalisez l&#039;approbation et simplifiez vos op\u00e9rations.\" \/>\n<meta property=\"og:url\" content=\"https:\/\/www.bizneo.com\/blog\/fr\/demande-de-teletravail\/\" \/>\n<meta property=\"og:site_name\" content=\"Blog de Recursos Humanos de Bizneo HR: pr\u00e1ctico y actual\" \/>\n<meta property=\"article:published_time\" content=\"2025-10-03T09:50:21+00:00\" \/>\n<meta property=\"article:modified_time\" content=\"2026-01-26T15:21:27+00:00\" \/>\n<meta property=\"og:image\" content=\"https:\/\/www.bizneo.com\/blog\/wp-content\/uploads\/2025\/08\/demandes-teletravail.jpg\" \/>\n\t<meta property=\"og:image:width\" content=\"1200\" \/>\n\t<meta property=\"og:image:height\" content=\"800\" \/>\n\t<meta property=\"og:image:type\" content=\"image\/jpeg\" \/>\n<meta name=\"author\" content=\"Frederic\" \/>\n<meta name=\"twitter:card\" content=\"summary_large_image\" \/>\n<meta name=\"twitter:label1\" content=\"Escrito por\" \/>\n\t<meta name=\"twitter:data1\" content=\"Frederic\" \/>\n\t<meta name=\"twitter:label2\" content=\"Tiempo de lectura\" \/>\n\t<meta name=\"twitter:data2\" content=\"69 minutos\" \/>\n<script type=\"application\/ld+json\" class=\"yoast-schema-graph\">{\"@context\":\"https:\\\/\\\/schema.org\",\"@graph\":[{\"@type\":[\"Article\",\"BlogPosting\"],\"@id\":\"https:\\\/\\\/www.bizneo.com\\\/blog\\\/fr\\\/demande-de-teletravail\\\/#article\",\"isPartOf\":{\"@id\":\"https:\\\/\\\/www.bizneo.com\\\/blog\\\/fr\\\/demande-de-teletravail\\\/\"},\"author\":{\"name\":\"Frederic\",\"@id\":\"https:\\\/\\\/www.bizneo.com\\\/blog\\\/#\\\/schema\\\/person\\\/c54a399718abb92cd32efffb5977118a\"},\"headline\":\"Comment g\u00e9rer les demandes de t\u00e9l\u00e9travail depuis les RH\",\"datePublished\":\"2025-10-03T09:50:21+00:00\",\"dateModified\":\"2026-01-26T15:21:27+00:00\",\"mainEntityOfPage\":{\"@id\":\"https:\\\/\\\/www.bizneo.com\\\/blog\\\/fr\\\/demande-de-teletravail\\\/\"},\"wordCount\":1964,\"commentCount\":0,\"publisher\":{\"@id\":\"https:\\\/\\\/www.bizneo.com\\\/blog\\\/#organization\"},\"image\":{\"@id\":\"https:\\\/\\\/www.bizneo.com\\\/blog\\\/fr\\\/demande-de-teletravail\\\/#primaryimage\"},\"thumbnailUrl\":\"https:\\\/\\\/www.bizneo.com\\\/blog\\\/wp-content\\\/uploads\\\/2025\\\/08\\\/demandes-teletravail.jpg\",\"articleSection\":[\"Gestion du Temps de Travail\"],\"inLanguage\":\"es\",\"potentialAction\":[{\"@type\":\"CommentAction\",\"name\":\"Comment\",\"target\":[\"https:\\\/\\\/www.bizneo.com\\\/blog\\\/fr\\\/demande-de-teletravail\\\/#respond\"]}]},{\"@type\":\"WebPage\",\"@id\":\"https:\\\/\\\/www.bizneo.com\\\/blog\\\/fr\\\/demande-de-teletravail\\\/\",\"url\":\"https:\\\/\\\/www.bizneo.com\\\/blog\\\/fr\\\/demande-de-teletravail\\\/\",\"name\":\"Demande de t\u00e9l\u00e9travail : comment g\u00e9rer en RH ?\",\"isPartOf\":{\"@id\":\"https:\\\/\\\/www.bizneo.com\\\/blog\\\/#website\"},\"primaryImageOfPage\":{\"@id\":\"https:\\\/\\\/www.bizneo.com\\\/blog\\\/fr\\\/demande-de-teletravail\\\/#primaryimage\"},\"image\":{\"@id\":\"https:\\\/\\\/www.bizneo.com\\\/blog\\\/fr\\\/demande-de-teletravail\\\/#primaryimage\"},\"thumbnailUrl\":\"https:\\\/\\\/www.bizneo.com\\\/blog\\\/wp-content\\\/uploads\\\/2025\\\/08\\\/demandes-teletravail.jpg\",\"datePublished\":\"2025-10-03T09:50:21+00:00\",\"dateModified\":\"2026-01-26T15:21:27+00:00\",\"description\":\"G\u00e9rez une demande de t\u00e9l\u00e9travail avec efficacit\u00e9 et tra\u00e7abilit\u00e9. Digitalisez l'approbation et simplifiez vos op\u00e9rations.\",\"breadcrumb\":{\"@id\":\"https:\\\/\\\/www.bizneo.com\\\/blog\\\/fr\\\/demande-de-teletravail\\\/#breadcrumb\"},\"inLanguage\":\"es\",\"potentialAction\":[{\"@type\":\"ReadAction\",\"target\":[\"https:\\\/\\\/www.bizneo.com\\\/blog\\\/fr\\\/demande-de-teletravail\\\/\"]}]},{\"@type\":\"ImageObject\",\"inLanguage\":\"es\",\"@id\":\"https:\\\/\\\/www.bizneo.com\\\/blog\\\/fr\\\/demande-de-teletravail\\\/#primaryimage\",\"url\":\"https:\\\/\\\/www.bizneo.com\\\/blog\\\/wp-content\\\/uploads\\\/2025\\\/08\\\/demandes-teletravail.jpg\",\"contentUrl\":\"https:\\\/\\\/www.bizneo.com\\\/blog\\\/wp-content\\\/uploads\\\/2025\\\/08\\\/demandes-teletravail.jpg\",\"width\":1200,\"height\":800,\"caption\":\"Comment g\u00e9rer les demandes de t\u00e9l\u00e9travail depuis les RH\"},{\"@type\":\"BreadcrumbList\",\"@id\":\"https:\\\/\\\/www.bizneo.com\\\/blog\\\/fr\\\/demande-de-teletravail\\\/#breadcrumb\",\"itemListElement\":[{\"@type\":\"ListItem\",\"position\":1,\"name\":\"Portada\",\"item\":\"https:\\\/\\\/www.bizneo.com\\\/blog\\\/\"},{\"@type\":\"ListItem\",\"position\":2,\"name\":\"Gestion du Temps de Travail\",\"item\":\"https:\\\/\\\/www.bizneo.com\\\/blog\\\/fr\\\/category\\\/gestion-du-temps-de-travail\\\/\"},{\"@type\":\"ListItem\",\"position\":3,\"name\":\"Comment g\u00e9rer les demandes de t\u00e9l\u00e9travail depuis les RH\"}]},{\"@type\":\"WebSite\",\"@id\":\"https:\\\/\\\/www.bizneo.com\\\/blog\\\/#website\",\"url\":\"https:\\\/\\\/www.bizneo.com\\\/blog\\\/\",\"name\":\"Blog de Recursos Humanos de Bizneo HR: pr\u00e1ctico y actual\",\"description\":\"Todo sobre actualidad, herramientas y tecnolog\u00eda  para optimizar la gesti\u00f3n del talento humano\",\"publisher\":{\"@id\":\"https:\\\/\\\/www.bizneo.com\\\/blog\\\/#organization\"},\"potentialAction\":[{\"@type\":\"SearchAction\",\"target\":{\"@type\":\"EntryPoint\",\"urlTemplate\":\"https:\\\/\\\/www.bizneo.com\\\/blog\\\/?s={search_term_string}\"},\"query-input\":{\"@type\":\"PropertyValueSpecification\",\"valueRequired\":true,\"valueName\":\"search_term_string\"}}],\"inLanguage\":\"es\"},{\"@type\":\"Organization\",\"@id\":\"https:\\\/\\\/www.bizneo.com\\\/blog\\\/#organization\",\"name\":\"Bizneo HR\",\"url\":\"https:\\\/\\\/www.bizneo.com\\\/blog\\\/\",\"logo\":{\"@type\":\"ImageObject\",\"inLanguage\":\"es\",\"@id\":\"https:\\\/\\\/www.bizneo.com\\\/blog\\\/#\\\/schema\\\/logo\\\/image\\\/\",\"url\":\"https:\\\/\\\/www.bizneo.com\\\/blog\\\/wp-content\\\/uploads\\\/2020\\\/09\\\/Icono-Logo-Bizneo-HR.png\",\"contentUrl\":\"https:\\\/\\\/www.bizneo.com\\\/blog\\\/wp-content\\\/uploads\\\/2020\\\/09\\\/Icono-Logo-Bizneo-HR.png\",\"width\":834,\"height\":834,\"caption\":\"Bizneo HR\"},\"image\":{\"@id\":\"https:\\\/\\\/www.bizneo.com\\\/blog\\\/#\\\/schema\\\/logo\\\/image\\\/\"}},{\"@type\":\"Person\",\"@id\":\"https:\\\/\\\/www.bizneo.com\\\/blog\\\/#\\\/schema\\\/person\\\/c54a399718abb92cd32efffb5977118a\",\"name\":\"Frederic\",\"image\":{\"@type\":\"ImageObject\",\"inLanguage\":\"es\",\"@id\":\"https:\\\/\\\/secure.gravatar.com\\\/avatar\\\/566b48122abdbf3668ee93a4e72dc097f49820d5841e88c2eb000e8530457898?s=96&d=mm&r=g\",\"url\":\"https:\\\/\\\/secure.gravatar.com\\\/avatar\\\/566b48122abdbf3668ee93a4e72dc097f49820d5841e88c2eb000e8530457898?s=96&d=mm&r=g\",\"contentUrl\":\"https:\\\/\\\/secure.gravatar.com\\\/avatar\\\/566b48122abdbf3668ee93a4e72dc097f49820d5841e88c2eb000e8530457898?s=96&d=mm&r=g\",\"caption\":\"Frederic\"},\"url\":\"https:\\\/\\\/www.bizneo.com\\\/blog\\\/author\\\/frederic\\\/\"}]}<\/script>\n<!-- \/ Yoast SEO plugin. -->","yoast_head_json":{"title":"Demande de t\u00e9l\u00e9travail : comment g\u00e9rer en RH ?","description":"G\u00e9rez une demande de t\u00e9l\u00e9travail avec efficacit\u00e9 et tra\u00e7abilit\u00e9. Digitalisez l'approbation et simplifiez vos op\u00e9rations.","robots":{"index":"index","follow":"follow","max-snippet":"max-snippet:-1","max-image-preview":"max-image-preview:large","max-video-preview":"max-video-preview:-1"},"og_locale":"es_ES","og_type":"article","og_title":"Demande de t\u00e9l\u00e9travail : comment g\u00e9rer en RH ?","og_description":"G\u00e9rez une demande de t\u00e9l\u00e9travail avec efficacit\u00e9 et tra\u00e7abilit\u00e9. Digitalisez l'approbation et simplifiez vos op\u00e9rations.","og_url":"https:\/\/www.bizneo.com\/blog\/fr\/demande-de-teletravail\/","og_site_name":"Blog de Recursos Humanos de Bizneo HR: pr\u00e1ctico y actual","article_published_time":"2025-10-03T09:50:21+00:00","article_modified_time":"2026-01-26T15:21:27+00:00","og_image":[{"width":1200,"height":800,"url":"https:\/\/www.bizneo.com\/blog\/wp-content\/uploads\/2025\/08\/demandes-teletravail.jpg","type":"image\/jpeg"}],"author":"Frederic","twitter_card":"summary_large_image","twitter_misc":{"Escrito por":"Frederic","Tiempo de lectura":"69 minutos"},"schema":{"@context":"https:\/\/schema.org","@graph":[{"@type":["Article","BlogPosting"],"@id":"https:\/\/www.bizneo.com\/blog\/fr\/demande-de-teletravail\/#article","isPartOf":{"@id":"https:\/\/www.bizneo.com\/blog\/fr\/demande-de-teletravail\/"},"author":{"name":"Frederic","@id":"https:\/\/www.bizneo.com\/blog\/#\/schema\/person\/c54a399718abb92cd32efffb5977118a"},"headline":"Comment g\u00e9rer les demandes de t\u00e9l\u00e9travail depuis les RH","datePublished":"2025-10-03T09:50:21+00:00","dateModified":"2026-01-26T15:21:27+00:00","mainEntityOfPage":{"@id":"https:\/\/www.bizneo.com\/blog\/fr\/demande-de-teletravail\/"},"wordCount":1964,"commentCount":0,"publisher":{"@id":"https:\/\/www.bizneo.com\/blog\/#organization"},"image":{"@id":"https:\/\/www.bizneo.com\/blog\/fr\/demande-de-teletravail\/#primaryimage"},"thumbnailUrl":"https:\/\/www.bizneo.com\/blog\/wp-content\/uploads\/2025\/08\/demandes-teletravail.jpg","articleSection":["Gestion du Temps de Travail"],"inLanguage":"es","potentialAction":[{"@type":"CommentAction","name":"Comment","target":["https:\/\/www.bizneo.com\/blog\/fr\/demande-de-teletravail\/#respond"]}]},{"@type":"WebPage","@id":"https:\/\/www.bizneo.com\/blog\/fr\/demande-de-teletravail\/","url":"https:\/\/www.bizneo.com\/blog\/fr\/demande-de-teletravail\/","name":"Demande de t\u00e9l\u00e9travail : comment g\u00e9rer en RH ?","isPartOf":{"@id":"https:\/\/www.bizneo.com\/blog\/#website"},"primaryImageOfPage":{"@id":"https:\/\/www.bizneo.com\/blog\/fr\/demande-de-teletravail\/#primaryimage"},"image":{"@id":"https:\/\/www.bizneo.com\/blog\/fr\/demande-de-teletravail\/#primaryimage"},"thumbnailUrl":"https:\/\/www.bizneo.com\/blog\/wp-content\/uploads\/2025\/08\/demandes-teletravail.jpg","datePublished":"2025-10-03T09:50:21+00:00","dateModified":"2026-01-26T15:21:27+00:00","description":"G\u00e9rez une demande de t\u00e9l\u00e9travail avec efficacit\u00e9 et tra\u00e7abilit\u00e9. Digitalisez l'approbation et simplifiez vos op\u00e9rations.","breadcrumb":{"@id":"https:\/\/www.bizneo.com\/blog\/fr\/demande-de-teletravail\/#breadcrumb"},"inLanguage":"es","potentialAction":[{"@type":"ReadAction","target":["https:\/\/www.bizneo.com\/blog\/fr\/demande-de-teletravail\/"]}]},{"@type":"ImageObject","inLanguage":"es","@id":"https:\/\/www.bizneo.com\/blog\/fr\/demande-de-teletravail\/#primaryimage","url":"https:\/\/www.bizneo.com\/blog\/wp-content\/uploads\/2025\/08\/demandes-teletravail.jpg","contentUrl":"https:\/\/www.bizneo.com\/blog\/wp-content\/uploads\/2025\/08\/demandes-teletravail.jpg","width":1200,"height":800,"caption":"Comment g\u00e9rer les demandes de t\u00e9l\u00e9travail depuis les RH"},{"@type":"BreadcrumbList","@id":"https:\/\/www.bizneo.com\/blog\/fr\/demande-de-teletravail\/#breadcrumb","itemListElement":[{"@type":"ListItem","position":1,"name":"Portada","item":"https:\/\/www.bizneo.com\/blog\/"},{"@type":"ListItem","position":2,"name":"Gestion du Temps de Travail","item":"https:\/\/www.bizneo.com\/blog\/fr\/category\/gestion-du-temps-de-travail\/"},{"@type":"ListItem","position":3,"name":"Comment g\u00e9rer les demandes de t\u00e9l\u00e9travail depuis les RH"}]},{"@type":"WebSite","@id":"https:\/\/www.bizneo.com\/blog\/#website","url":"https:\/\/www.bizneo.com\/blog\/","name":"Blog de Recursos Humanos de Bizneo HR: pr\u00e1ctico y actual","description":"Todo sobre actualidad, herramientas y tecnolog\u00eda  para optimizar la gesti\u00f3n del talento humano","publisher":{"@id":"https:\/\/www.bizneo.com\/blog\/#organization"},"potentialAction":[{"@type":"SearchAction","target":{"@type":"EntryPoint","urlTemplate":"https:\/\/www.bizneo.com\/blog\/?s={search_term_string}"},"query-input":{"@type":"PropertyValueSpecification","valueRequired":true,"valueName":"search_term_string"}}],"inLanguage":"es"},{"@type":"Organization","@id":"https:\/\/www.bizneo.com\/blog\/#organization","name":"Bizneo HR","url":"https:\/\/www.bizneo.com\/blog\/","logo":{"@type":"ImageObject","inLanguage":"es","@id":"https:\/\/www.bizneo.com\/blog\/#\/schema\/logo\/image\/","url":"https:\/\/www.bizneo.com\/blog\/wp-content\/uploads\/2020\/09\/Icono-Logo-Bizneo-HR.png","contentUrl":"https:\/\/www.bizneo.com\/blog\/wp-content\/uploads\/2020\/09\/Icono-Logo-Bizneo-HR.png","width":834,"height":834,"caption":"Bizneo HR"},"image":{"@id":"https:\/\/www.bizneo.com\/blog\/#\/schema\/logo\/image\/"}},{"@type":"Person","@id":"https:\/\/www.bizneo.com\/blog\/#\/schema\/person\/c54a399718abb92cd32efffb5977118a","name":"Frederic","image":{"@type":"ImageObject","inLanguage":"es","@id":"https:\/\/secure.gravatar.com\/avatar\/566b48122abdbf3668ee93a4e72dc097f49820d5841e88c2eb000e8530457898?s=96&d=mm&r=g","url":"https:\/\/secure.gravatar.com\/avatar\/566b48122abdbf3668ee93a4e72dc097f49820d5841e88c2eb000e8530457898?s=96&d=mm&r=g","contentUrl":"https:\/\/secure.gravatar.com\/avatar\/566b48122abdbf3668ee93a4e72dc097f49820d5841e88c2eb000e8530457898?s=96&d=mm&r=g","caption":"Frederic"},"url":"https:\/\/www.bizneo.com\/blog\/author\/frederic\/"}]}},"spectra_custom_meta":{"wp_review_type":["none"],"Views":["25"],"_thumbnail_id":["55964"],"_yoast_wpseo_title":["Demande de t\u00e9l\u00e9travail : comment g\u00e9rer en RH ?"],"_yoast_wpseo_metadesc":["G\u00e9rez une demande de t\u00e9l\u00e9travail avec efficacit\u00e9 et tra\u00e7abilit\u00e9. Digitalisez l'approbation et simplifiez vos op\u00e9rations."],"_yoast_wpseo_focuskw":["demande de t\u00e9l\u00e9travail"],"_yoast_wpseo_primary_category":["318"],"_edit_lock":["1769440889:47"],"_edit_last":["47"],"_yoast_wpseo_linkdex":["92"],"_yoast_wpseo_content_score":["60"],"_yoast_wpseo_estimated-reading-time-minutes":["69"],"_uag_css_file_name":["uag-css-55663.css"],"_uag_page_assets":["a:9:{s:3:\"css\";s:263:\".uag-blocks-common-selector{z-index:var(--z-index-desktop) !important}@media (max-width: 976px){.uag-blocks-common-selector{z-index:var(--z-index-tablet) !important}}@media (max-width: 767px){.uag-blocks-common-selector{z-index:var(--z-index-mobile) !important}}\n\";s:2:\"js\";s:0:\"\";s:18:\"current_block_list\";a:8:{i:0;s:14:\"core\/paragraph\";i:1;s:12:\"core\/heading\";i:2;s:10:\"core\/image\";i:3;s:9:\"core\/list\";i:4;s:14:\"core\/list-item\";i:5;s:9:\"core\/html\";i:6;s:12:\"core\/details\";i:7;s:14:\"core\/shortcode\";}s:8:\"uag_flag\";b:0;s:11:\"uag_version\";s:10:\"1777484736\";s:6:\"gfonts\";a:0:{}s:10:\"gfonts_url\";s:0:\"\";s:12:\"gfonts_files\";a:0:{}s:14:\"uag_faq_layout\";b:0;}"]},"uagb_featured_image_src":{"full":["https:\/\/www.bizneo.com\/blog\/wp-content\/uploads\/2025\/08\/demandes-teletravail.jpg",1200,800,false],"thumbnail":["https:\/\/www.bizneo.com\/blog\/wp-content\/uploads\/2025\/08\/demandes-teletravail-150x150.jpg",150,150,true],"medium":["https:\/\/www.bizneo.com\/blog\/wp-content\/uploads\/2025\/08\/demandes-teletravail-300x200.jpg",300,200,true],"medium_large":["https:\/\/www.bizneo.com\/blog\/wp-content\/uploads\/2025\/08\/demandes-teletravail-768x512.jpg",768,512,true],"large":["https:\/\/www.bizneo.com\/blog\/wp-content\/uploads\/2025\/08\/demandes-teletravail-1024x683.jpg",1024,683,true],"1536x1536":["https:\/\/www.bizneo.com\/blog\/wp-content\/uploads\/2025\/08\/demandes-teletravail.jpg",1200,800,false],"2048x2048":["https:\/\/www.bizneo.com\/blog\/wp-content\/uploads\/2025\/08\/demandes-teletravail.jpg",1200,800,false]},"uagb_author_info":{"display_name":"Frederic","author_link":"https:\/\/www.bizneo.com\/blog\/author\/frederic\/"},"uagb_comment_info":0,"uagb_excerpt":"D\u00e9couvrez comment g\u00e9rer efficacement les demandes de t\u00e9l\u00e9travail en conciliant cadre l\u00e9gal, organisation interne et bien-\u00eatre des salari\u00e9s.","_links":{"self":[{"href":"https:\/\/www.bizneo.com\/blog\/wp-json\/wp\/v2\/posts\/55663","targetHints":{"allow":["GET"]}}],"collection":[{"href":"https:\/\/www.bizneo.com\/blog\/wp-json\/wp\/v2\/posts"}],"about":[{"href":"https:\/\/www.bizneo.com\/blog\/wp-json\/wp\/v2\/types\/post"}],"author":[{"embeddable":true,"href":"https:\/\/www.bizneo.com\/blog\/wp-json\/wp\/v2\/users\/37"}],"replies":[{"embeddable":true,"href":"https:\/\/www.bizneo.com\/blog\/wp-json\/wp\/v2\/comments?post=55663"}],"version-history":[{"count":8,"href":"https:\/\/www.bizneo.com\/blog\/wp-json\/wp\/v2\/posts\/55663\/revisions"}],"predecessor-version":[{"id":58072,"href":"https:\/\/www.bizneo.com\/blog\/wp-json\/wp\/v2\/posts\/55663\/revisions\/58072"}],"wp:featuredmedia":[{"embeddable":true,"href":"https:\/\/www.bizneo.com\/blog\/wp-json\/wp\/v2\/media\/55964"}],"wp:attachment":[{"href":"https:\/\/www.bizneo.com\/blog\/wp-json\/wp\/v2\/media?parent=55663"}],"wp:term":[{"taxonomy":"category","embeddable":true,"href":"https:\/\/www.bizneo.com\/blog\/wp-json\/wp\/v2\/categories?post=55663"},{"taxonomy":"post_tag","embeddable":true,"href":"https:\/\/www.bizneo.com\/blog\/wp-json\/wp\/v2\/tags?post=55663"}],"curies":[{"name":"wp","href":"https:\/\/api.w.org\/{rel}","templated":true}]}}