{"id":55605,"date":"2025-10-17T12:39:21","date_gmt":"2025-10-17T11:39:21","guid":{"rendered":"https:\/\/www.bizneo.com\/blog\/?p=55605"},"modified":"2026-02-04T16:41:24","modified_gmt":"2026-02-04T15:41:24","slug":"compensacion-de-tiempo-laboral","status":"publish","type":"post","link":"https:\/\/www.bizneo.com\/blog\/compensacion-de-tiempo-laboral\/","title":{"rendered":"Compensaci\u00f3n de tiempo laboral: c\u00f3mo gestionar el exceso de jornada"},"content":{"rendered":"\n<p>La<strong> compensaci\u00f3n de tiempo laboral<\/strong> es necesaria cuando los trabajadores realizan horas m\u00e1s all\u00e1 de su jornada ordinaria. Este exceso de horas debe gestionarse correctamente seg\u00fan establece la normativa vigente, ya sea a trav\u00e9s del pago de horas extra o con la concesi\u00f3n de tiempo libre equivalente. <\/p>\n\n\n\n<p>Empleadores y trabajadores deben comprender perfectamente sus derechos y obligaciones respecto a la compensaci\u00f3n de tiempo laboral. Llegar a acuerdos, respetarlos y <strong>compensar correctamente cualquier exceso de jornada es clave para mantener un ambiente laboral saludable y evitar conflictos<\/strong>. \u00bfPero c\u00f3mo lograrlo sin las t\u00edpicas desavenencias?<\/p>\n\n\n\n<h2 class=\"wp-block-heading\">\u00bfQu\u00e9 es la compensaci\u00f3n de tiempo laboral?<\/h2>\n\n\n\n<p>La compensaci\u00f3n de tiempo laboral hace referencia a la <strong>pr\u00e1ctica de compensar a los trabajadores por el tiempo adicional que han dedicado a su trabajo m\u00e1s all\u00e1 de su jornada laboral ordinaria.<\/strong><\/p>\n\n\n\n<p>Y m\u00e1s concretamente hablamos sobre al acuerdo que empleador y empleado establecen para que las horas trabajadas por encima de la jornada ordinaria pactada en el contrato sean <strong>devueltas en forma de descanso.<\/strong><\/p>\n\n\n\n<p>Esta forma de compensaci\u00f3n suele realizarse cuando el pago de <a href=\"https:\/\/www.bizneo.com\/blog\/calculo-de-horas-extra\/\" target=\"_blank\" rel=\"noreferrer noopener\" data-wpel-link=\"internal\">horas extras<\/a> no es viable para la empresa, no cumple con la normativa legal o cuando existe un acuerdo para gestionar los excesos de jornada de manera flexible.<\/p>\n\n\n\n<p>Esto permite que los trabajadores puedan <strong>disfrutar de<\/strong> <strong>tiempo libre adicional como compensaci\u00f3n por las horas extra trabajadas<\/strong>, en lugar de recibir una remuneraci\u00f3n econ\u00f3mica por ellas.<\/p>\n\n\n\n<p>Por su parte, la <strong>empresa puede cubrir sus necesidades sin contratar empleados. <\/strong>Esto es ideal para proyectos urgentes, bajas laborales, turnos especiales, picos de trabajo estacionales o situaciones imprevistas.<\/p>\n\n\n\n<bzn-info><a href=\"\/blog\/control-de-horas-extra\/\" id=\"destacado-post\" target=\"_blank\" rel=\"noopener noreferrer\" data-wpel-link=\"internal\"><span class=\"bzn-link-title\"><strong>Controlar las horas extra puede ser un aut\u00e9ntico dolor de cabeza sin las herramientas digitales necesarias.<\/strong><\/span>\u00bfCu\u00e1l es el mejor m\u00e9todo el control de horas extra?<\/a><\/bzn-info>\n\n\n\n<p><\/p>\n\n\n\n<h3 class=\"wp-block-heading\">Diferencia entre compensaci\u00f3n y pago de horas extras<\/h3>\n\n\n\n<p>La principal diferencia entre la compensaci\u00f3n de tiempo y el pago de horas extras radica en la<strong> forma de retribuci\u00f3n.<\/strong><\/p>\n\n\n\n<ol class=\"wp-block-list\">\n<li>Las <strong>horas extras implican una remuneraci\u00f3n econ\u00f3mica adicional,<\/strong> habitualmente con un recargo sobre el valor de la hora ordinaria.<\/li>\n\n\n\n<li>La <strong>compensaci\u00f3n de tiempo ofrece periodos de descanso<\/strong> al tiempo extra trabajado, equivalente o mayor, sin remuneraci\u00f3n econ\u00f3mica adicional.<\/li>\n<\/ol>\n\n\n\n<p>Siempre que se cumpla con lo establecido en los convenios colectivos o acuerdos de empresa, es posible <strong>pactar la compensaci\u00f3n de las horas extraordinarias con tiempo de descanso equivalente<\/strong>, en lugar de su remuneraci\u00f3n econ\u00f3mica.<\/p>\n\n\n\n<p>Esta opci\u00f3n debe estar claramente establecida y acordada entre ambas partes, preferiblemente por escrito.<\/p>\n\n\n\n<p>Est\u00e1 bien recordar que no existe exclusividad a la hora de elegir: se puede realizar una<strong> combinaci\u00f3n de ambas modalidades de compensaci\u00f3n<\/strong> para equilibrar las necesidades de las empresas y las preferencias de los trabajadores.<\/p>\n\n\n\n<h2 class=\"wp-block-heading\">Pros y contras de la compensaci\u00f3n de tiempo laboral<\/h2>\n\n\n\n<p>Empresa y empleador pueden llegar libremente a un acuerdo para compensar el exceso de jornada u horas extras con tiempo de descanso. Esta opci\u00f3n, al igual que las horas extras, tiene <strong>sus pros y contras que ambas partes deber\u00e1n evaluar<\/strong>.<\/p>\n\n\n\n<figure class=\"wp-block-table\"><table class=\"has-fixed-layout\"><thead><tr><td><strong>Ventajas para las empresas<\/strong><\/td><td><strong>Desventajas para las empresas<\/strong><\/td><td><strong>Ventajas para los trabajadores<\/strong><\/td><td><strong>Desventajas para los trabajadores<\/strong><\/td><\/tr><\/thead><tbody><tr><td>Menor impacto econ\u00f3mico al no tener que abonar horas extras con recargo<\/td><td>Necesidad de planificar y gestionar las ausencias por compensaci\u00f3n<\/td><td>Posibilidad de disfrutar de tiempo libre adicional para conciliar vida personal y laboral<\/td><td>P\u00e9rdida de ingresos adicionales que se obtendr\u00edan con el pago econ\u00f3mico de las horas extras<\/td><\/tr><tr><td>Mayor flexibilidad para gestionar los recursos humanos seg\u00fan las necesidades<\/td><td>Posible complejidad administrativa para el seguimiento de horas acumuladas<\/td><td>Reducci\u00f3n del estr\u00e9s laboral al poder descansar tras periodos de alta carga de trabajo<\/td><td>Posible dificultad para disfrutar del tiempo acumulado seg\u00fan las necesidades del servicio<\/td><\/tr><tr><td>Mejora del clima laboral al ofrecer alternativas de conciliaci\u00f3n<\/td><td>Riesgo de acumulaci\u00f3n excesiva de tiempo pendiente de compensar<\/td><td>Flexibilidad para gestionar su tiempo seg\u00fan sus necesidades personales<\/td><td>Riesgo de que no se registren correctamente las horas trabajadas en exceso<\/td><\/tr><\/tbody><\/table><\/figure>\n\n\n\n<h2 class=\"wp-block-heading\">Normativa para cumplir la ley en la compensaci\u00f3n del exceso de jornada<\/h2>\n\n\n\n<p>La compensaci\u00f3n de horas extra <strong>est\u00e1 regulada por ley y var\u00eda seg\u00fan el pa\u00eds.<\/strong> Conocer estas obligaciones permite a las empresas adaptar sus pol\u00edticas laborales, evitar sanciones y optimizar su gesti\u00f3n del tiempo conforme a la normativa vigente.<\/p>\n\n\n\n<h3 class=\"wp-block-heading\">Compensaci\u00f3n de tiempo laboral en Espa\u00f1a<\/h3>\n\n\n\n<p>En Espa\u00f1a se considera exceso de<a href=\"https:\/\/www.bizneo.com\/blog\/wp-content\/uploads\/2019\/12\/tipos-de-jornada-laboral.jpg\" target=\"_blank\" rel=\"noreferrer noopener\" data-wpel-link=\"internal\"> jornada laboral<\/a> <strong>aquellas horas que superen las 40 horas semanales,<\/strong> seg\u00fan lo establecido en el Estatuto de los Trabajadores. Cuando esto sucede, la <strong>empresa debe compensar a sus trabajadores,<\/strong> ya sea a trav\u00e9s del pago de horas extra, a trav\u00e9s de tiempo libre compensatorio, o una combinaci\u00f3n de ambas f\u00f3rmulas.<\/p>\n\n\n\n<p>Las <strong>horas extras deben ser pagadas por una cuant\u00eda econ\u00f3mica m\u00ednima del 75% sobre la hora ordinaria<\/strong>, seg\u00fan la legislaci\u00f3n espa\u00f1ola. Asimismo, por ley <strong>no se pueden realizar m\u00e1s de 80 horas extras anuales.<\/strong> Adem\u00e1s, la empresa debe <strong>mantener un registro de todas las horas extras realizadas y compensadas<\/strong>, tal y como permite el software de Bizneo HR.<\/p>\n\n\n\n<figure class=\"wp-block-image size-full\"><a href=\"\/control-horario\/\" target=\"_blank\" rel=\"noreferrer noopener\" data-wpel-link=\"internal\"><img decoding=\"async\" width=\"1125\" height=\"915\" src=\"https:\/\/www.bizneo.com\/blog\/wp-content\/uploads\/2021\/05\/Informes-de-control-horario-y-turnos.webp\" alt=\"Informe de control horario para trabajadores\" class=\"wp-image-21838\" srcset=\"https:\/\/www.bizneo.com\/blog\/wp-content\/uploads\/2021\/05\/Informes-de-control-horario-y-turnos.webp 1125w, https:\/\/www.bizneo.com\/blog\/wp-content\/uploads\/2021\/05\/Informes-de-control-horario-y-turnos-300x244.webp 300w, https:\/\/www.bizneo.com\/blog\/wp-content\/uploads\/2021\/05\/Informes-de-control-horario-y-turnos-1024x833.webp 1024w, https:\/\/www.bizneo.com\/blog\/wp-content\/uploads\/2021\/05\/Informes-de-control-horario-y-turnos-768x625.webp 768w, https:\/\/www.bizneo.com\/blog\/wp-content\/uploads\/2021\/05\/Informes-de-control-horario-y-turnos-810x659.webp 810w\" sizes=\"(max-width: 1125px) 100vw, 1125px\" \/><\/a><\/figure>\n\n\n\n<p>La normativa indica que, cuando se opta por compensar las horas extraordinarias con<a href=\"https:\/\/www.bizneo.com\/blog\/descanso-en-el-trabajo\/\" target=\"_blank\" rel=\"noreferrer noopener\" data-wpel-link=\"internal\"> descanso<\/a>, el empleado tiene derecho a disfrutar de ellas <strong>dentro de los cuatro meses siguientes a su realizaci\u00f3n<\/strong>. Este periodo de compensaci\u00f3n puede variar seg\u00fan lo establecido en los convenios colectivos aplicables.<\/p>\n\n\n\n<h3 class=\"wp-block-heading\">Compensaci\u00f3n de tiempo laboral en M\u00e9xico<\/h3>\n\n\n\n<p>La LFT (Ley Federal del Trabajo) permite realizar horas extras, m\u00e1s all\u00e1 de las 48 semanales y que estas sean <strong>compensadas tanto en tiempo de descanso como de forma monetaria<\/strong>.<\/p>\n\n\n\n<p>&nbsp;Las 9 primeras horas extras semanales se pagar\u00e1n al doble de la hora ordinaria, y a partir de ah\u00ed, al triple de la remuneraci\u00f3n. Salvo en casos especiales, tan solo se pueden realizar hasta 3 horas extras por d\u00eda y 9 por semana.<\/p>\n\n\n\n<h3 class=\"wp-block-heading\">Compensaci\u00f3n de tiempo laboral en Argentina<\/h3>\n\n\n\n<p>Seg\u00fan la <strong>Ley de Contrato de Trabajo,<\/strong> las horas extras que excedan la jornada de 48 horas semanales se pagan con un recargo del 50% en d\u00edas laborables y del 100% en fines de semana y festivos. Los l\u00edmites son 3 horas por d\u00eda, 30 horas mensuales y 200 horas anuales.<\/p>\n\n\n\n<p>El <strong>tiempo de descanso es una alternativa viable en Argentina<\/strong>, y una obligaci\u00f3n legal en caso de tener que trabajar durante los d\u00edas de descanso.<\/p>\n\n\n\n<h3 class=\"wp-block-heading\">Compensaci\u00f3n de tiempo laboral en Colombia<\/h3>\n\n\n\n<p>El <strong>C\u00f3digo Sustantivo del Trabajo colombiano<\/strong> establece que las horas extras diurnas tienen un recargo del 25%, mientras que las nocturnas se pagan con un 75% adicional. La jornada ordinaria no puede exceder las 48 horas semanales, las 2 horas extras diarias y las 10 semanales<strong>. El empleador no puede compensar las horas extras con d\u00edas de descanso.<\/strong><\/p>\n\n\n\n<figure class=\"wp-block-image size-large\"><a href=\"https:\/\/hello.bizneo.com\/kit\/gestion-del-tiempo\/?utm_content=post-KIT-Tiempo\" data-wpel-link=\"internal\" target=\"_blank\"><img decoding=\"async\" width=\"1024\" height=\"307\" src=\"https:\/\/www.bizneo.com\/blog\/wp-content\/uploads\/2023\/03\/KIT-Tiempo-1-1024x307.png\" alt=\"Kit de Gesti\u00f3n del Tiempo\" class=\"wp-image-39178\" srcset=\"https:\/\/www.bizneo.com\/blog\/wp-content\/uploads\/2023\/03\/KIT-Tiempo-1-1024x307.png 1024w, https:\/\/www.bizneo.com\/blog\/wp-content\/uploads\/2023\/03\/KIT-Tiempo-1-300x90.png 300w, https:\/\/www.bizneo.com\/blog\/wp-content\/uploads\/2023\/03\/KIT-Tiempo-1-768x230.png 768w, https:\/\/www.bizneo.com\/blog\/wp-content\/uploads\/2023\/03\/KIT-Tiempo-1-810x243.png 810w, https:\/\/www.bizneo.com\/blog\/wp-content\/uploads\/2023\/03\/KIT-Tiempo-1-1140x342.png 1140w, https:\/\/www.bizneo.com\/blog\/wp-content\/uploads\/2023\/03\/KIT-Tiempo-1.png 1360w\" sizes=\"(max-width: 1024px) 100vw, 1024px\" \/><\/a><\/figure>\n\n\n\n<h2 class=\"wp-block-heading\">C\u00f3mo calcular el tiempo libre compensatorio<\/h2>\n\n\n\n<p><strong>Toda hora que exceda la jornada ordinaria debe ser registrada como hora extra<\/strong>, y por lo tanto, se convierte en hora a compensar para la empresa. Suponiendo que se compensar\u00e1 con tiempo libre, habr\u00e1 que establecer las reglas que se aplicar\u00e1n entre la empresa y el trabajador.<\/p>\n\n\n\n<ul class=\"wp-block-list\">\n<li>Por lo general, la <strong>compensaci\u00f3n de tiempo se realiza de manera equivalente<\/strong>, es decir, por cada hora extra trabajada se concede una hora de descanso.<\/li>\n\n\n\n<li>En algunos convenios colectivos o acuerdos de empresa, se puede establecer un sistema donde las <strong>horas extras se compensen con un tiempo de descanso superior<\/strong>. Por ejemplo, 1, 75 o 2 horas de descanso por cada hora extra trabajada.<\/li>\n<\/ul>\n\n\n\n<p>As\u00ed, por cada empleado se debe mantener un <strong>sistema de registro transparente y accesible tanto para la empresa como para el trabajador<\/strong>. En este se debe registrar un historial de todas las horas extras realizadas, compensadas y por compensar.<\/p>\n\n\n\n<p>El <strong>registro debe ser met\u00f3dico y preciso<\/strong> para evitar malentendidos y problemas legales, ya que es necesario cumplir con la normativa legal vigente sobre el registro de jornada laboral.<\/p>\n\n\n\n<figure class=\"wp-block-image\"><a href=\"https:\/\/www.bizneo.com\/control-horario\/\" data-wpel-link=\"internal\" target=\"_blank\"><img decoding=\"async\" src=\"https:\/\/lh7-qw.googleusercontent.com\/docsz\/AD_4nXcdYh8fv5y06R1ckLH2iuPclvlEjDYNbD-tA0GkLDUo_kA1h35jItxhx0RRLXQm5Cx7u4wyROys8ut_ygGg9vUFgm-1hoOtj6vpP-YVv7zfmqAN-gp4wMRlaaIgqVyqoIZgb77HdQ?key=gL6hsRXZOMkSg8TL91RBMg\" alt=\"\"\/><\/a><\/figure>\n\n\n\n<p>El <strong>software de Bizneo HR permite gestionar todo este proceso de forma automatizada,<\/strong> asegurando un correcto registro de horas extras y facilitando su compensaci\u00f3n. Adem\u00e1s, ofrece un informe completo en el que se pueden visualizar las horas compensatorias de todos los empleados, su estado, hist\u00f3rico, balances, etc.<\/p>\n\n\n\n<figure class=\"wp-block-image size-full\"><a href=\"\/control-horario\/\" data-wpel-link=\"internal\" target=\"_blank\"><img decoding=\"async\" width=\"1360\" height=\"204\" src=\"https:\/\/www.bizneo.com\/blog\/wp-content\/uploads\/2024\/02\/banner-medio-informes-control-horario.jpg\" alt=\"Informes de control horario y turnos\" class=\"wp-image-44740\" srcset=\"https:\/\/www.bizneo.com\/blog\/wp-content\/uploads\/2024\/02\/banner-medio-informes-control-horario.jpg 1360w, https:\/\/www.bizneo.com\/blog\/wp-content\/uploads\/2024\/02\/banner-medio-informes-control-horario-300x45.jpg 300w, https:\/\/www.bizneo.com\/blog\/wp-content\/uploads\/2024\/02\/banner-medio-informes-control-horario-1024x154.jpg 1024w, https:\/\/www.bizneo.com\/blog\/wp-content\/uploads\/2024\/02\/banner-medio-informes-control-horario-768x115.jpg 768w, https:\/\/www.bizneo.com\/blog\/wp-content\/uploads\/2024\/02\/banner-medio-informes-control-horario-810x122.jpg 810w, https:\/\/www.bizneo.com\/blog\/wp-content\/uploads\/2024\/02\/banner-medio-informes-control-horario-1140x171.jpg 1140w\" sizes=\"(max-width: 1360px) 100vw, 1360px\" \/><\/a><\/figure>\n\n\n\n<h2 class=\"wp-block-heading\">C\u00f3mo y cu\u00e1ndo disfrutar del tiempo compensatorio<\/h2>\n\n\n\n<p>El tiempo acumulado por horas extras debe <strong>gestionarse de manera que beneficie tanto al trabajador como a la empresa.<\/strong><\/p>\n\n\n\n<p>Generalmente, los e<strong>mpleados deben solicitar el disfrute de su tiempo compensatorio <\/strong>con una antelaci\u00f3n razonable, respetando las necesidades operativas de la empresa.<\/p>\n\n\n\n<figure class=\"wp-block-image size-large\"><a href=\"\/control-horario\/\" data-wpel-link=\"internal\" target=\"_blank\"><img decoding=\"async\" width=\"1024\" height=\"735\" src=\"https:\/\/www.bizneo.com\/blog\/wp-content\/uploads\/2023\/01\/Bolsa-de-horas-de-trabajo-1024x735.webp\" alt=\"Bolsa de horas en el trabajo\" class=\"wp-image-38335\" srcset=\"https:\/\/www.bizneo.com\/blog\/wp-content\/uploads\/2023\/01\/Bolsa-de-horas-de-trabajo-1024x735.webp 1024w, https:\/\/www.bizneo.com\/blog\/wp-content\/uploads\/2023\/01\/Bolsa-de-horas-de-trabajo-300x215.webp 300w, https:\/\/www.bizneo.com\/blog\/wp-content\/uploads\/2023\/01\/Bolsa-de-horas-de-trabajo-768x551.webp 768w, https:\/\/www.bizneo.com\/blog\/wp-content\/uploads\/2023\/01\/Bolsa-de-horas-de-trabajo-810x582.webp 810w, https:\/\/www.bizneo.com\/blog\/wp-content\/uploads\/2023\/01\/Bolsa-de-horas-de-trabajo-1140x819.webp 1140w, https:\/\/www.bizneo.com\/blog\/wp-content\/uploads\/2023\/01\/Bolsa-de-horas-de-trabajo.webp 1500w\" sizes=\"(max-width: 1024px) 100vw, 1024px\" \/><\/a><\/figure>\n\n\n\n<p>Es recomendable establecer un <strong>procedimiento claro para solicitar estos descansos<\/strong>, y que la empresa responda en un plazo determinado.<\/p>\n\n\n\n<p>Dependiendo de los acuerdos de cada empresa o convenios, se pueden <strong>establecer periodos m\u00ednimos y m\u00e1ximos de disfrute<\/strong>, convirtiendo horas en d\u00edas de descanso o restando horas a la jornada laboral.<\/p>\n\n\n\n<p>El disfrute del tiempo compensatorio suele estar <strong>sujeto a la aprobaci\u00f3n del superior inmediato, <\/strong>quien debe equilibrar las necesidades del trabajador con las del departamento o la empresa.<\/p>\n\n\n\n<figure class=\"wp-block-image size-full\"><a href=\"\/gestor-vacaciones\/\" data-wpel-link=\"internal\" target=\"_blank\"><img decoding=\"async\" width=\"1500\" height=\"1092\" src=\"https:\/\/www.bizneo.com\/blog\/wp-content\/uploads\/2023\/01\/Software-para-calculo-de-vacaciones.webp\" alt=\"Saldo de vacaciones pendientes y disfrutadas\" class=\"wp-image-38298\" srcset=\"https:\/\/www.bizneo.com\/blog\/wp-content\/uploads\/2023\/01\/Software-para-calculo-de-vacaciones.webp 1500w, https:\/\/www.bizneo.com\/blog\/wp-content\/uploads\/2023\/01\/Software-para-calculo-de-vacaciones-300x218.webp 300w, https:\/\/www.bizneo.com\/blog\/wp-content\/uploads\/2023\/01\/Software-para-calculo-de-vacaciones-1024x745.webp 1024w, https:\/\/www.bizneo.com\/blog\/wp-content\/uploads\/2023\/01\/Software-para-calculo-de-vacaciones-768x559.webp 768w, https:\/\/www.bizneo.com\/blog\/wp-content\/uploads\/2023\/01\/Software-para-calculo-de-vacaciones-810x590.webp 810w, https:\/\/www.bizneo.com\/blog\/wp-content\/uploads\/2023\/01\/Software-para-calculo-de-vacaciones-1140x830.webp 1140w\" sizes=\"(max-width: 1500px) 100vw, 1500px\" \/><\/a><\/figure>\n\n\n\n<p>Todo este proceso puede <strong>registrarse y automatizarse con un <a href=\"\/control-horario\/\" data-wpel-link=\"internal\" target=\"_blank\">software de registro de jornada<\/a> como el Bizneo de HR.<\/strong><\/p>\n\n\n\n<p><strong>Es la forma m\u00e1s sencilla de tener todo bajo control:<\/strong> desde el registro autom\u00e1tico de las horas mediante fichaje digital o el env\u00edo de solicitudes de los empleados hasta su aprobaci\u00f3n por parte de los mandos intermedios o la correcta contabilidad de las mismas.<\/p>\n\n\n\n<bzn-link><a href=\"\/control-horario\/\" id=\"destacado-control\" target=\"_blank\" rel=\"noopener noreferrer\" data-wpel-link=\"internal\"><span class=\"bzn-link-title\"><strong>SOFTWARE DE CONTROL HORARIO CON HORAS EXTRA<\/strong> <\/span>Automatiza la gesti\u00f3n del trabajo extra y su compensaci\u00f3n<\/a><\/bzn-link>\n\n\n\n<p><\/p>\n\n\n\n<h2 class=\"wp-block-heading\">Ejemplos pr\u00e1cticos de compensar horas extras con descansos<\/h2>\n\n\n\n<p>Hay muchas situaciones donde una empresa puede necesitar que sus empleados realicen horas extras y que estas sean compensadas con tiempo de descanso. Por ejemplo:<\/p>\n\n\n\n<ul class=\"wp-block-list\">\n<li><strong>Proyectos con fechas l\u00edmite:<\/strong> Un equipo de desarrollo de software est\u00e1 trabajando en un proyecto con una fecha de entrega inminente. Durante las dos semanas previas al lanzamiento, los desarrolladores trabajan 2 horas adicionales diarias. La empresa acuerda que estas horas extras (20 horas en total por persona) se compensar\u00e1n con 4 d\u00edas libres completos, a disfrutar durante el mes siguiente al lanzamiento.<\/li>\n<\/ul>\n\n\n\n<ol start=\"1\" class=\"wp-block-list\">\n<li><strong>Baja por enfermedad:<\/strong> cuando un empleado debe cubrir el turno de un compa\u00f1ero que est\u00e1 de baja por enfermedad, trabaja 4 horas extras durante una semana (20 horas en total). Como compensaci\u00f3n, la empresa le ofrece 2,5 d\u00edas libres que puede disfrutar dentro de los tres meses siguientes.<\/li>\n\n\n\n<li><strong>Eventos de temporada alta:<\/strong> un hotel experimenta un aumento de clientes durante la temporada veraniega. Los recepcionistas y personal de servicio trabajan 10 horas diarias durante un mes completo, acumulando unas 60 horas extras. El hotel acuerda compensar este tiempo con 40 horas extras pagadas y 20 de descanso.<\/li>\n<\/ol>\n\n\n\n<p>En todos los casos, el registro de las horas extras es clave en el buen desarrollo de esta f\u00f3rmula. Aqu\u00ed es donde herramientas como Bizneo HR son claves, ya que permite <strong>registrar y categorizar las horas extras autom\u00e1ticamente<\/strong>, as\u00ed como un panel completo que permite ver el estado de compensaci\u00f3n de todos los empleados.<\/p>\n\n\n\n<p>Adem\u00e1s, gracias al <strong>informe de compensaci\u00f3n disponible,<\/strong> de un solo vistazo se puede monitorizar todos los datos, facilitando la organizaci\u00f3n de los descansos y la planificaci\u00f3n del trabajo futuro. Esto ayuda a que ambas partes tengan claridad sobre el balance de horas trabajadas, pendientes de compensar o faltantes.<\/p>\n\n\n\n<figure class=\"wp-block-image\"><a href=\"https:\/\/hello.bizneo.com\/demo\/suite\/es\/?utm_content=post-banner-grande\" data-wpel-link=\"internal\" target=\"_blank\"><img decoding=\"async\" width=\"1360\" height=\"408\" src=\"https:\/\/www.bizneo.com\/blog\/wp-content\/uploads\/2024\/02\/Banner-grande-software-recursos-humanos.jpg\" alt=\"Software de Recursos Humanos\" class=\"wp-image-44700\" srcset=\"https:\/\/www.bizneo.com\/blog\/wp-content\/uploads\/2024\/02\/Banner-grande-software-recursos-humanos.jpg 1360w, https:\/\/www.bizneo.com\/blog\/wp-content\/uploads\/2024\/02\/Banner-grande-software-recursos-humanos-300x90.jpg 300w, https:\/\/www.bizneo.com\/blog\/wp-content\/uploads\/2024\/02\/Banner-grande-software-recursos-humanos-1024x307.jpg 1024w, https:\/\/www.bizneo.com\/blog\/wp-content\/uploads\/2024\/02\/Banner-grande-software-recursos-humanos-768x230.jpg 768w, https:\/\/www.bizneo.com\/blog\/wp-content\/uploads\/2024\/02\/Banner-grande-software-recursos-humanos-810x243.jpg 810w, https:\/\/www.bizneo.com\/blog\/wp-content\/uploads\/2024\/02\/Banner-grande-software-recursos-humanos-1140x342.jpg 1140w\" sizes=\"(max-width: 1360px) 100vw, 1360px\" \/><\/a><\/figure>\n","protected":false},"excerpt":{"rendered":"<p>La compensaci\u00f3n de tiempo laboral permite devolver el exceso de jornada con descanso en lugar de salario en horas extras. \u00bfPero c\u00f3mo gestionar este proceso correctamente?<\/p>\n","protected":false},"author":19,"featured_media":55607,"comment_status":"open","ping_status":"open","sticky":false,"template":"","format":"standard","meta":{"_uag_custom_page_level_css":"","site-sidebar-layout":"default","site-content-layout":"","ast-site-content-layout":"default","site-content-style":"default","site-sidebar-style":"default","ast-global-header-display":"","ast-banner-title-visibility":"","ast-main-header-display":"","ast-hfb-above-header-display":"","ast-hfb-below-header-display":"","ast-hfb-mobile-header-display":"","site-post-title":"","ast-breadcrumbs-content":"","ast-featured-img":"","footer-sml-layout":"","ast-disable-related-posts":"","theme-transparent-header-meta":"","adv-header-id-meta":"","stick-header-meta":"","header-above-stick-meta":"","header-main-stick-meta":"","header-below-stick-meta":"","astra-migrate-meta-layouts":"default","ast-page-background-enabled":"default","ast-page-background-meta":{"desktop":{"background-color":"var(--ast-global-color-5)","background-image":"","background-repeat":"repeat","background-position":"center center","background-size":"auto","background-attachment":"scroll","background-type":"","background-media":"","overlay-type":"","overlay-color":"","overlay-opacity":"","overlay-gradient":""},"tablet":{"background-color":"","background-image":"","background-repeat":"repeat","background-position":"center center","background-size":"auto","background-attachment":"scroll","background-type":"","background-media":"","overlay-type":"","overlay-color":"","overlay-opacity":"","overlay-gradient":""},"mobile":{"background-color":"","background-image":"","background-repeat":"repeat","background-position":"center center","background-size":"auto","background-attachment":"scroll","background-type":"","background-media":"","overlay-type":"","overlay-color":"","overlay-opacity":"","overlay-gradient":""}},"ast-content-background-meta":{"desktop":{"background-color":"var(--ast-global-color-4)","background-image":"","background-repeat":"repeat","background-position":"center center","background-size":"auto","background-attachment":"scroll","background-type":"","background-media":"","overlay-type":"","overlay-color":"","overlay-opacity":"","overlay-gradient":""},"tablet":{"background-color":"var(--ast-global-color-4)","background-image":"","background-repeat":"repeat","background-position":"center center","background-size":"auto","background-attachment":"scroll","background-type":"","background-media":"","overlay-type":"","overlay-color":"","overlay-opacity":"","overlay-gradient":""},"mobile":{"background-color":"var(--ast-global-color-4)","background-image":"","background-repeat":"repeat","background-position":"center center","background-size":"auto","background-attachment":"scroll","background-type":"","background-media":"","overlay-type":"","overlay-color":"","overlay-opacity":"","overlay-gradient":""}},"footnotes":""},"categories":[91,89],"tags":[],"class_list":["post-55605","post","type-post","status-publish","format-standard","has-post-thumbnail","hentry","category-control-horario","category-gestion-del-tiempo"],"yoast_head":"<!-- This site is optimized with the Yoast SEO plugin v27.5 - https:\/\/yoast.com\/product\/yoast-seo-wordpress\/ -->\n<title>Compensaci\u00f3n de tiempo laboral seg\u00fan la normativa en cada pa\u00eds<\/title>\n<meta name=\"description\" content=\"C\u00f3mo compensar el exceso de jornada con tiempo libre o pago de horas extra, seg\u00fan la normativa laboral en distintos pa\u00edses. Evita sanciones.\" \/>\n<meta name=\"robots\" content=\"index, follow, max-snippet:-1, max-image-preview:large, max-video-preview:-1\" \/>\n<meta property=\"og:locale\" content=\"es_ES\" \/>\n<meta property=\"og:type\" content=\"article\" \/>\n<meta property=\"og:title\" content=\"Compensaci\u00f3n de tiempo laboral seg\u00fan la normativa en cada pa\u00eds\" \/>\n<meta property=\"og:description\" content=\"C\u00f3mo compensar el exceso de jornada con tiempo libre o pago de horas extra, seg\u00fan la normativa laboral en distintos pa\u00edses. Evita sanciones.\" \/>\n<meta property=\"og:url\" content=\"https:\/\/www.bizneo.com\/blog\/compensacion-de-tiempo-laboral\/\" \/>\n<meta property=\"og:site_name\" content=\"Blog de Recursos Humanos de Bizneo HR: pr\u00e1ctico y actual\" \/>\n<meta property=\"article:published_time\" content=\"2025-10-17T11:39:21+00:00\" \/>\n<meta property=\"article:modified_time\" content=\"2026-02-04T15:41:24+00:00\" \/>\n<meta property=\"og:image\" content=\"https:\/\/www.bizneo.com\/blog\/wp-content\/uploads\/2025\/08\/Compensacion-de-tiempo-laboral.jpg\" \/>\n\t<meta property=\"og:image:width\" content=\"1200\" \/>\n\t<meta property=\"og:image:height\" content=\"840\" \/>\n\t<meta property=\"og:image:type\" content=\"image\/jpeg\" \/>\n<meta name=\"author\" content=\"Manuel\" \/>\n<meta name=\"twitter:card\" content=\"summary_large_image\" \/>\n<meta name=\"twitter:label1\" content=\"Escrito por\" \/>\n\t<meta name=\"twitter:data1\" content=\"Manuel\" \/>\n\t<meta name=\"twitter:label2\" content=\"Tiempo de lectura\" \/>\n\t<meta name=\"twitter:data2\" content=\"10 minutos\" \/>\n<script type=\"application\/ld+json\" class=\"yoast-schema-graph\">{\"@context\":\"https:\\\/\\\/schema.org\",\"@graph\":[{\"@type\":[\"Article\",\"BlogPosting\"],\"@id\":\"https:\\\/\\\/www.bizneo.com\\\/blog\\\/compensacion-de-tiempo-laboral\\\/#article\",\"isPartOf\":{\"@id\":\"https:\\\/\\\/www.bizneo.com\\\/blog\\\/compensacion-de-tiempo-laboral\\\/\"},\"author\":{\"name\":\"Manuel\",\"@id\":\"https:\\\/\\\/www.bizneo.com\\\/blog\\\/#\\\/schema\\\/person\\\/c214ed4e57467dc66e9ad00ef27ff74e\"},\"headline\":\"Compensaci\u00f3n de tiempo laboral: c\u00f3mo gestionar el exceso de jornada\",\"datePublished\":\"2025-10-17T11:39:21+00:00\",\"dateModified\":\"2026-02-04T15:41:24+00:00\",\"mainEntityOfPage\":{\"@id\":\"https:\\\/\\\/www.bizneo.com\\\/blog\\\/compensacion-de-tiempo-laboral\\\/\"},\"wordCount\":1894,\"commentCount\":0,\"publisher\":{\"@id\":\"https:\\\/\\\/www.bizneo.com\\\/blog\\\/#organization\"},\"image\":{\"@id\":\"https:\\\/\\\/www.bizneo.com\\\/blog\\\/compensacion-de-tiempo-laboral\\\/#primaryimage\"},\"thumbnailUrl\":\"https:\\\/\\\/www.bizneo.com\\\/blog\\\/wp-content\\\/uploads\\\/2025\\\/08\\\/Compensacion-de-tiempo-laboral.jpg\",\"articleSection\":[\"Control Horario\",\"Gesti\u00f3n del Tiempo\"],\"inLanguage\":\"es\",\"potentialAction\":[{\"@type\":\"CommentAction\",\"name\":\"Comment\",\"target\":[\"https:\\\/\\\/www.bizneo.com\\\/blog\\\/compensacion-de-tiempo-laboral\\\/#respond\"]}]},{\"@type\":\"WebPage\",\"@id\":\"https:\\\/\\\/www.bizneo.com\\\/blog\\\/compensacion-de-tiempo-laboral\\\/\",\"url\":\"https:\\\/\\\/www.bizneo.com\\\/blog\\\/compensacion-de-tiempo-laboral\\\/\",\"name\":\"Compensaci\u00f3n de tiempo laboral seg\u00fan la normativa en cada pa\u00eds\",\"isPartOf\":{\"@id\":\"https:\\\/\\\/www.bizneo.com\\\/blog\\\/#website\"},\"primaryImageOfPage\":{\"@id\":\"https:\\\/\\\/www.bizneo.com\\\/blog\\\/compensacion-de-tiempo-laboral\\\/#primaryimage\"},\"image\":{\"@id\":\"https:\\\/\\\/www.bizneo.com\\\/blog\\\/compensacion-de-tiempo-laboral\\\/#primaryimage\"},\"thumbnailUrl\":\"https:\\\/\\\/www.bizneo.com\\\/blog\\\/wp-content\\\/uploads\\\/2025\\\/08\\\/Compensacion-de-tiempo-laboral.jpg\",\"datePublished\":\"2025-10-17T11:39:21+00:00\",\"dateModified\":\"2026-02-04T15:41:24+00:00\",\"description\":\"C\u00f3mo compensar el exceso de jornada con tiempo libre o pago de horas extra, seg\u00fan la normativa laboral en distintos pa\u00edses. Evita sanciones.\",\"breadcrumb\":{\"@id\":\"https:\\\/\\\/www.bizneo.com\\\/blog\\\/compensacion-de-tiempo-laboral\\\/#breadcrumb\"},\"inLanguage\":\"es\",\"potentialAction\":[{\"@type\":\"ReadAction\",\"target\":[\"https:\\\/\\\/www.bizneo.com\\\/blog\\\/compensacion-de-tiempo-laboral\\\/\"]}]},{\"@type\":\"ImageObject\",\"inLanguage\":\"es\",\"@id\":\"https:\\\/\\\/www.bizneo.com\\\/blog\\\/compensacion-de-tiempo-laboral\\\/#primaryimage\",\"url\":\"https:\\\/\\\/www.bizneo.com\\\/blog\\\/wp-content\\\/uploads\\\/2025\\\/08\\\/Compensacion-de-tiempo-laboral.jpg\",\"contentUrl\":\"https:\\\/\\\/www.bizneo.com\\\/blog\\\/wp-content\\\/uploads\\\/2025\\\/08\\\/Compensacion-de-tiempo-laboral.jpg\",\"width\":1200,\"height\":840,\"caption\":\"compensaci\u00f3n de tiempo laboral\"},{\"@type\":\"BreadcrumbList\",\"@id\":\"https:\\\/\\\/www.bizneo.com\\\/blog\\\/compensacion-de-tiempo-laboral\\\/#breadcrumb\",\"itemListElement\":[{\"@type\":\"ListItem\",\"position\":1,\"name\":\"Portada\",\"item\":\"https:\\\/\\\/www.bizneo.com\\\/blog\\\/\"},{\"@type\":\"ListItem\",\"position\":2,\"name\":\"Gesti\u00f3n del Tiempo\",\"item\":\"https:\\\/\\\/www.bizneo.com\\\/blog\\\/category\\\/gestion-del-tiempo\\\/\"},{\"@type\":\"ListItem\",\"position\":3,\"name\":\"Control Horario\",\"item\":\"https:\\\/\\\/www.bizneo.com\\\/blog\\\/category\\\/gestion-del-tiempo\\\/control-horario\\\/\"},{\"@type\":\"ListItem\",\"position\":4,\"name\":\"Compensaci\u00f3n de tiempo laboral: c\u00f3mo gestionar el exceso de jornada\"}]},{\"@type\":\"WebSite\",\"@id\":\"https:\\\/\\\/www.bizneo.com\\\/blog\\\/#website\",\"url\":\"https:\\\/\\\/www.bizneo.com\\\/blog\\\/\",\"name\":\"Blog de Recursos Humanos de Bizneo HR: pr\u00e1ctico y actual\",\"description\":\"Todo sobre actualidad, herramientas y tecnolog\u00eda  para optimizar la gesti\u00f3n del talento humano\",\"publisher\":{\"@id\":\"https:\\\/\\\/www.bizneo.com\\\/blog\\\/#organization\"},\"potentialAction\":[{\"@type\":\"SearchAction\",\"target\":{\"@type\":\"EntryPoint\",\"urlTemplate\":\"https:\\\/\\\/www.bizneo.com\\\/blog\\\/?s={search_term_string}\"},\"query-input\":{\"@type\":\"PropertyValueSpecification\",\"valueRequired\":true,\"valueName\":\"search_term_string\"}}],\"inLanguage\":\"es\"},{\"@type\":\"Organization\",\"@id\":\"https:\\\/\\\/www.bizneo.com\\\/blog\\\/#organization\",\"name\":\"Bizneo HR\",\"url\":\"https:\\\/\\\/www.bizneo.com\\\/blog\\\/\",\"logo\":{\"@type\":\"ImageObject\",\"inLanguage\":\"es\",\"@id\":\"https:\\\/\\\/www.bizneo.com\\\/blog\\\/#\\\/schema\\\/logo\\\/image\\\/\",\"url\":\"https:\\\/\\\/www.bizneo.com\\\/blog\\\/wp-content\\\/uploads\\\/2020\\\/09\\\/Icono-Logo-Bizneo-HR.png\",\"contentUrl\":\"https:\\\/\\\/www.bizneo.com\\\/blog\\\/wp-content\\\/uploads\\\/2020\\\/09\\\/Icono-Logo-Bizneo-HR.png\",\"width\":834,\"height\":834,\"caption\":\"Bizneo HR\"},\"image\":{\"@id\":\"https:\\\/\\\/www.bizneo.com\\\/blog\\\/#\\\/schema\\\/logo\\\/image\\\/\"}},{\"@type\":\"Person\",\"@id\":\"https:\\\/\\\/www.bizneo.com\\\/blog\\\/#\\\/schema\\\/person\\\/c214ed4e57467dc66e9ad00ef27ff74e\",\"name\":\"Manuel\",\"image\":{\"@type\":\"ImageObject\",\"inLanguage\":\"es\",\"@id\":\"https:\\\/\\\/secure.gravatar.com\\\/avatar\\\/22bbee4d392ae2a2b505779bfca638dc9fa78ae739ef1b72ea1d6b7ed752fcb2?s=96&d=mm&r=g\",\"url\":\"https:\\\/\\\/secure.gravatar.com\\\/avatar\\\/22bbee4d392ae2a2b505779bfca638dc9fa78ae739ef1b72ea1d6b7ed752fcb2?s=96&d=mm&r=g\",\"contentUrl\":\"https:\\\/\\\/secure.gravatar.com\\\/avatar\\\/22bbee4d392ae2a2b505779bfca638dc9fa78ae739ef1b72ea1d6b7ed752fcb2?s=96&d=mm&r=g\",\"caption\":\"Manuel\"},\"sameAs\":[\"https:\\\/\\\/www.linkedin.com\\\/in\\\/manuel-martin-redactor-seo\\\/\"],\"url\":\"https:\\\/\\\/www.bizneo.com\\\/blog\\\/author\\\/manuel\\\/\"}]}<\/script>\n<!-- \/ Yoast SEO plugin. -->","yoast_head_json":{"title":"Compensaci\u00f3n de tiempo laboral seg\u00fan la normativa en cada pa\u00eds","description":"C\u00f3mo compensar el exceso de jornada con tiempo libre o pago de horas extra, seg\u00fan la normativa laboral en distintos pa\u00edses. Evita sanciones.","robots":{"index":"index","follow":"follow","max-snippet":"max-snippet:-1","max-image-preview":"max-image-preview:large","max-video-preview":"max-video-preview:-1"},"og_locale":"es_ES","og_type":"article","og_title":"Compensaci\u00f3n de tiempo laboral seg\u00fan la normativa en cada pa\u00eds","og_description":"C\u00f3mo compensar el exceso de jornada con tiempo libre o pago de horas extra, seg\u00fan la normativa laboral en distintos pa\u00edses. Evita sanciones.","og_url":"https:\/\/www.bizneo.com\/blog\/compensacion-de-tiempo-laboral\/","og_site_name":"Blog de Recursos Humanos de Bizneo HR: pr\u00e1ctico y actual","article_published_time":"2025-10-17T11:39:21+00:00","article_modified_time":"2026-02-04T15:41:24+00:00","og_image":[{"width":1200,"height":840,"url":"https:\/\/www.bizneo.com\/blog\/wp-content\/uploads\/2025\/08\/Compensacion-de-tiempo-laboral.jpg","type":"image\/jpeg"}],"author":"Manuel","twitter_card":"summary_large_image","twitter_misc":{"Escrito por":"Manuel","Tiempo de lectura":"10 minutos"},"schema":{"@context":"https:\/\/schema.org","@graph":[{"@type":["Article","BlogPosting"],"@id":"https:\/\/www.bizneo.com\/blog\/compensacion-de-tiempo-laboral\/#article","isPartOf":{"@id":"https:\/\/www.bizneo.com\/blog\/compensacion-de-tiempo-laboral\/"},"author":{"name":"Manuel","@id":"https:\/\/www.bizneo.com\/blog\/#\/schema\/person\/c214ed4e57467dc66e9ad00ef27ff74e"},"headline":"Compensaci\u00f3n de tiempo laboral: c\u00f3mo gestionar el exceso de jornada","datePublished":"2025-10-17T11:39:21+00:00","dateModified":"2026-02-04T15:41:24+00:00","mainEntityOfPage":{"@id":"https:\/\/www.bizneo.com\/blog\/compensacion-de-tiempo-laboral\/"},"wordCount":1894,"commentCount":0,"publisher":{"@id":"https:\/\/www.bizneo.com\/blog\/#organization"},"image":{"@id":"https:\/\/www.bizneo.com\/blog\/compensacion-de-tiempo-laboral\/#primaryimage"},"thumbnailUrl":"https:\/\/www.bizneo.com\/blog\/wp-content\/uploads\/2025\/08\/Compensacion-de-tiempo-laboral.jpg","articleSection":["Control Horario","Gesti\u00f3n del Tiempo"],"inLanguage":"es","potentialAction":[{"@type":"CommentAction","name":"Comment","target":["https:\/\/www.bizneo.com\/blog\/compensacion-de-tiempo-laboral\/#respond"]}]},{"@type":"WebPage","@id":"https:\/\/www.bizneo.com\/blog\/compensacion-de-tiempo-laboral\/","url":"https:\/\/www.bizneo.com\/blog\/compensacion-de-tiempo-laboral\/","name":"Compensaci\u00f3n de tiempo laboral seg\u00fan la normativa en cada pa\u00eds","isPartOf":{"@id":"https:\/\/www.bizneo.com\/blog\/#website"},"primaryImageOfPage":{"@id":"https:\/\/www.bizneo.com\/blog\/compensacion-de-tiempo-laboral\/#primaryimage"},"image":{"@id":"https:\/\/www.bizneo.com\/blog\/compensacion-de-tiempo-laboral\/#primaryimage"},"thumbnailUrl":"https:\/\/www.bizneo.com\/blog\/wp-content\/uploads\/2025\/08\/Compensacion-de-tiempo-laboral.jpg","datePublished":"2025-10-17T11:39:21+00:00","dateModified":"2026-02-04T15:41:24+00:00","description":"C\u00f3mo compensar el exceso de jornada con tiempo libre o pago de horas extra, seg\u00fan la normativa laboral en distintos pa\u00edses. Evita sanciones.","breadcrumb":{"@id":"https:\/\/www.bizneo.com\/blog\/compensacion-de-tiempo-laboral\/#breadcrumb"},"inLanguage":"es","potentialAction":[{"@type":"ReadAction","target":["https:\/\/www.bizneo.com\/blog\/compensacion-de-tiempo-laboral\/"]}]},{"@type":"ImageObject","inLanguage":"es","@id":"https:\/\/www.bizneo.com\/blog\/compensacion-de-tiempo-laboral\/#primaryimage","url":"https:\/\/www.bizneo.com\/blog\/wp-content\/uploads\/2025\/08\/Compensacion-de-tiempo-laboral.jpg","contentUrl":"https:\/\/www.bizneo.com\/blog\/wp-content\/uploads\/2025\/08\/Compensacion-de-tiempo-laboral.jpg","width":1200,"height":840,"caption":"compensaci\u00f3n de tiempo laboral"},{"@type":"BreadcrumbList","@id":"https:\/\/www.bizneo.com\/blog\/compensacion-de-tiempo-laboral\/#breadcrumb","itemListElement":[{"@type":"ListItem","position":1,"name":"Portada","item":"https:\/\/www.bizneo.com\/blog\/"},{"@type":"ListItem","position":2,"name":"Gesti\u00f3n del Tiempo","item":"https:\/\/www.bizneo.com\/blog\/category\/gestion-del-tiempo\/"},{"@type":"ListItem","position":3,"name":"Control Horario","item":"https:\/\/www.bizneo.com\/blog\/category\/gestion-del-tiempo\/control-horario\/"},{"@type":"ListItem","position":4,"name":"Compensaci\u00f3n de tiempo laboral: c\u00f3mo gestionar el exceso de jornada"}]},{"@type":"WebSite","@id":"https:\/\/www.bizneo.com\/blog\/#website","url":"https:\/\/www.bizneo.com\/blog\/","name":"Blog de Recursos Humanos de Bizneo HR: pr\u00e1ctico y actual","description":"Todo sobre actualidad, herramientas y tecnolog\u00eda  para optimizar la gesti\u00f3n del talento humano","publisher":{"@id":"https:\/\/www.bizneo.com\/blog\/#organization"},"potentialAction":[{"@type":"SearchAction","target":{"@type":"EntryPoint","urlTemplate":"https:\/\/www.bizneo.com\/blog\/?s={search_term_string}"},"query-input":{"@type":"PropertyValueSpecification","valueRequired":true,"valueName":"search_term_string"}}],"inLanguage":"es"},{"@type":"Organization","@id":"https:\/\/www.bizneo.com\/blog\/#organization","name":"Bizneo HR","url":"https:\/\/www.bizneo.com\/blog\/","logo":{"@type":"ImageObject","inLanguage":"es","@id":"https:\/\/www.bizneo.com\/blog\/#\/schema\/logo\/image\/","url":"https:\/\/www.bizneo.com\/blog\/wp-content\/uploads\/2020\/09\/Icono-Logo-Bizneo-HR.png","contentUrl":"https:\/\/www.bizneo.com\/blog\/wp-content\/uploads\/2020\/09\/Icono-Logo-Bizneo-HR.png","width":834,"height":834,"caption":"Bizneo HR"},"image":{"@id":"https:\/\/www.bizneo.com\/blog\/#\/schema\/logo\/image\/"}},{"@type":"Person","@id":"https:\/\/www.bizneo.com\/blog\/#\/schema\/person\/c214ed4e57467dc66e9ad00ef27ff74e","name":"Manuel","image":{"@type":"ImageObject","inLanguage":"es","@id":"https:\/\/secure.gravatar.com\/avatar\/22bbee4d392ae2a2b505779bfca638dc9fa78ae739ef1b72ea1d6b7ed752fcb2?s=96&d=mm&r=g","url":"https:\/\/secure.gravatar.com\/avatar\/22bbee4d392ae2a2b505779bfca638dc9fa78ae739ef1b72ea1d6b7ed752fcb2?s=96&d=mm&r=g","contentUrl":"https:\/\/secure.gravatar.com\/avatar\/22bbee4d392ae2a2b505779bfca638dc9fa78ae739ef1b72ea1d6b7ed752fcb2?s=96&d=mm&r=g","caption":"Manuel"},"sameAs":["https:\/\/www.linkedin.com\/in\/manuel-martin-redactor-seo\/"],"url":"https:\/\/www.bizneo.com\/blog\/author\/manuel\/"}]}},"spectra_custom_meta":{"_edit_lock":["1776686070:48"],"_thumbnail_id":["55607"],"_edit_last":["10"],"wp_review_type":["none"],"_yoast_wpseo_primary_category":["91"],"_yoast_wpseo_content_score":["90"],"_yoast_wpseo_estimated-reading-time-minutes":["10"],"_yoast_wpseo_focuskw":["compensaci\u00f3n del tiempo laboral"],"_yoast_wpseo_title":["Compensaci\u00f3n de tiempo laboral seg\u00fan la normativa en cada pa\u00eds"],"_yoast_wpseo_metadesc":["C\u00f3mo compensar el exceso de jornada con tiempo libre o pago de horas extra, seg\u00fan la normativa laboral en distintos pa\u00edses. Evita sanciones."],"_yoast_wpseo_linkdex":["86"],"_uag_css_file_name":["uag-css-55605.css"],"_uag_page_assets":["a:9:{s:3:\"css\";s:263:\".uag-blocks-common-selector{z-index:var(--z-index-desktop) !important}@media (max-width: 976px){.uag-blocks-common-selector{z-index:var(--z-index-tablet) !important}}@media (max-width: 767px){.uag-blocks-common-selector{z-index:var(--z-index-mobile) !important}}\n\";s:2:\"js\";s:0:\"\";s:18:\"current_block_list\";a:9:{i:0;s:14:\"core\/paragraph\";i:1;s:12:\"core\/heading\";i:2;s:9:\"core\/html\";i:3;s:9:\"core\/list\";i:4;s:14:\"core\/list-item\";i:5;s:10:\"core\/table\";i:6;s:10:\"core\/image\";i:7;s:12:\"core\/details\";i:8;s:14:\"core\/shortcode\";}s:8:\"uag_flag\";b:0;s:11:\"uag_version\";s:10:\"1777374828\";s:6:\"gfonts\";a:0:{}s:10:\"gfonts_url\";s:0:\"\";s:12:\"gfonts_files\";a:0:{}s:14:\"uag_faq_layout\";b:0;}"]},"uagb_featured_image_src":{"full":["https:\/\/www.bizneo.com\/blog\/wp-content\/uploads\/2025\/08\/Compensacion-de-tiempo-laboral.jpg",1200,840,false],"thumbnail":["https:\/\/www.bizneo.com\/blog\/wp-content\/uploads\/2025\/08\/Compensacion-de-tiempo-laboral-150x150.jpg",150,150,true],"medium":["https:\/\/www.bizneo.com\/blog\/wp-content\/uploads\/2025\/08\/Compensacion-de-tiempo-laboral-300x210.jpg",300,210,true],"medium_large":["https:\/\/www.bizneo.com\/blog\/wp-content\/uploads\/2025\/08\/Compensacion-de-tiempo-laboral-768x538.jpg",768,538,true],"large":["https:\/\/www.bizneo.com\/blog\/wp-content\/uploads\/2025\/08\/Compensacion-de-tiempo-laboral-1024x717.jpg",1024,717,true],"1536x1536":["https:\/\/www.bizneo.com\/blog\/wp-content\/uploads\/2025\/08\/Compensacion-de-tiempo-laboral.jpg",1200,840,false],"2048x2048":["https:\/\/www.bizneo.com\/blog\/wp-content\/uploads\/2025\/08\/Compensacion-de-tiempo-laboral.jpg",1200,840,false]},"uagb_author_info":{"display_name":"Manuel","author_link":"https:\/\/www.bizneo.com\/blog\/author\/manuel\/"},"uagb_comment_info":0,"uagb_excerpt":"La compensaci\u00f3n de tiempo laboral permite devolver el exceso de jornada con descanso en lugar de salario en horas extras. \u00bfPero c\u00f3mo gestionar este proceso correctamente?","_links":{"self":[{"href":"https:\/\/www.bizneo.com\/blog\/wp-json\/wp\/v2\/posts\/55605","targetHints":{"allow":["GET"]}}],"collection":[{"href":"https:\/\/www.bizneo.com\/blog\/wp-json\/wp\/v2\/posts"}],"about":[{"href":"https:\/\/www.bizneo.com\/blog\/wp-json\/wp\/v2\/types\/post"}],"author":[{"embeddable":true,"href":"https:\/\/www.bizneo.com\/blog\/wp-json\/wp\/v2\/users\/19"}],"replies":[{"embeddable":true,"href":"https:\/\/www.bizneo.com\/blog\/wp-json\/wp\/v2\/comments?post=55605"}],"version-history":[{"count":19,"href":"https:\/\/www.bizneo.com\/blog\/wp-json\/wp\/v2\/posts\/55605\/revisions"}],"predecessor-version":[{"id":59809,"href":"https:\/\/www.bizneo.com\/blog\/wp-json\/wp\/v2\/posts\/55605\/revisions\/59809"}],"wp:featuredmedia":[{"embeddable":true,"href":"https:\/\/www.bizneo.com\/blog\/wp-json\/wp\/v2\/media\/55607"}],"wp:attachment":[{"href":"https:\/\/www.bizneo.com\/blog\/wp-json\/wp\/v2\/media?parent=55605"}],"wp:term":[{"taxonomy":"category","embeddable":true,"href":"https:\/\/www.bizneo.com\/blog\/wp-json\/wp\/v2\/categories?post=55605"},{"taxonomy":"post_tag","embeddable":true,"href":"https:\/\/www.bizneo.com\/blog\/wp-json\/wp\/v2\/tags?post=55605"}],"curies":[{"name":"wp","href":"https:\/\/api.w.org\/{rel}","templated":true}]}}