{"id":5483,"date":"2019-10-29T09:26:35","date_gmt":"2019-10-29T08:26:35","guid":{"rendered":"https:\/\/www.bizneo.com\/blog\/?p=5483"},"modified":"2023-09-04T14:21:59","modified_gmt":"2023-09-04T13:21:59","slug":"baja-de-paternidad","status":"publish","type":"post","link":"https:\/\/www.bizneo.com\/blog\/baja-de-paternidad\/","title":{"rendered":"El permiso de paternidad: todo lo que debes saber"},"content":{"rendered":"\n<p>La reciente ampliaci\u00f3n de la baja de paternidad ha sido celebrada como una importante medida a favor de la <a href=\"\/blog\/conciliacion-familiar\/\" data-wpel-link=\"internal\" target=\"_blank\">conciliaci\u00f3n familiar<\/a> y laboral. De acuerdo con lo previsto por la norma aprobada hace escasos meses, <strong>el permiso de paternidad acabar\u00e1 equipar\u00e1ndose con el de maternidad en breve<\/strong>.<\/p>\n\n\n\n<p>Sin embargo, los trabajadores que tengan previsto solicitarlo pr\u00f3ximamente deben conocer <strong>una serie de particularidades legales e, incluso, regionales<\/strong>, para aprovechar todos sus beneficios.<\/p>\n\n\n\n<h2 class=\"wp-block-heading\">Regulaci\u00f3n del permiso de paternidad en Espa\u00f1a (BOE 2019)<\/h2>\n\n\n\n<p>El <a href=\"https:\/\/www.boe.es\/diario_boe\/txt.php?id=BOE-A-2019-3244\" rel=\"nofollow noopener\" data-wpel-link=\"external\" target=\"_blank\">Real Decreto-Ley 6\/2019<\/a>, de 1 de marzo, de <strong>medidas urgentes para garant\u00eda de la igualdad de trato y de oportunidades entre mujeres y hombres en el empleo y la ocupaci\u00f3n<\/strong>, supuso la ampliaci\u00f3n del permiso de paternidad con el objetivo de igualar el que ya disfrutan las madres. <\/p>\n\n\n\n<p>La normativa tambi\u00e9n modific\u00f3 los criterios para recibir la prestaci\u00f3n paternidad. Pero vayamos punto por punto.<\/p>\n\n\n\n<h2 class=\"wp-block-heading\">De 8 a 16 semanas: cu\u00e1nto dura la baja de paternidad<\/h2>\n\n\n\n<p>As\u00ed, a partir del 1 de abril de 2019, <strong>el permiso de paternidad aument\u00f3<\/strong> hasta las 8 semanas. Un permiso que se ha extendido hasta las 12 semanas en 2020 para el conjunto de los trabajadores espa\u00f1oles (con anterioridad, los funcionarios ya disfrutaban de esa ampliaci\u00f3n). <\/p>\n\n\n\n<p>No obstante, el aumento no acaba aqu\u00ed, sino que est\u00e1 previsto que la baja de paternidad vaya aumentando progresivamente hasta el a\u00f1o que viene, de acuerdo con el calendario que incluimos en otro apartado. La idea es <strong>equiparar los permisos de maternidad y paternidad hasta las 16 semanas<\/strong> en 2021.<\/p>\n\n\n\n<p>Cabe destacar que tras completar el periodo obligatorio de licencia por paternidad, <strong>el trabajador podr\u00e1 aprovechar o no el resto del permiso de paternidad<\/strong>.<\/p>\n\n\n\n<p><strong>Inciso<\/strong>: anteriormente a la entrada en vigor de la licencia de paternidad de 8 semanas la madre pod\u00eda ceder hasta 10 semanas de baja al padre. Hoy las progenitoras \u00fanicamente pueden ceder un periodo m\u00e1ximo de cuatro semanas de su permiso a los padres.<\/p>\n\n\n\n<figure class=\"wp-block-image size-large\"><a href=\"https:\/\/hello.bizneo.com\/kit\/gestion-de-rrhh\/?utm_content=post-KIT-RRHH\" data-wpel-link=\"internal\" target=\"_blank\"><img decoding=\"async\" width=\"1024\" height=\"307\" src=\"https:\/\/www.bizneo.com\/blog\/wp-content\/uploads\/2023\/03\/KIT-RRHH-1024x307.png\" alt=\"Kit de Gesti\u00f3n de Personal\" class=\"wp-image-39184\" srcset=\"https:\/\/www.bizneo.com\/blog\/wp-content\/uploads\/2023\/03\/KIT-RRHH-1024x307.png 1024w, https:\/\/www.bizneo.com\/blog\/wp-content\/uploads\/2023\/03\/KIT-RRHH-300x90.png 300w, https:\/\/www.bizneo.com\/blog\/wp-content\/uploads\/2023\/03\/KIT-RRHH-768x230.png 768w, https:\/\/www.bizneo.com\/blog\/wp-content\/uploads\/2023\/03\/KIT-RRHH-810x243.png 810w, https:\/\/www.bizneo.com\/blog\/wp-content\/uploads\/2023\/03\/KIT-RRHH-1140x342.png 1140w, https:\/\/www.bizneo.com\/blog\/wp-content\/uploads\/2023\/03\/KIT-RRHH.png 1360w\" sizes=\"(max-width: 1024px) 100vw, 1024px\" \/><\/a><\/figure>\n\n\n\n<h2 class=\"wp-block-heading\">Cu\u00e1nto dura el permiso por paternidad obligatorio<\/h2>\n\n\n\n<p>Otra de las novedades de la baja de paternidad es el aumento del permiso obligatorio tras el nacimiento: la norma anterior establec\u00eda la obligatoriedad de disfrutar de dos d\u00edas de permiso tras el nacimiento. <\/p>\n\n\n\n<p>El RD aument\u00f3 este periodo hasta las dos semanas en 2019 y hasta <strong>las cuatro semanas a partir de 2020<\/strong>.<\/p>\n\n\n\n<h2 class=\"wp-block-heading\">Ampliaci\u00f3n del permiso por hospitalizaci\u00f3n<\/h2>\n\n\n\n<p>La ampliaci\u00f3n del<strong> permiso por hospitalizaci\u00f3n<\/strong> se refiere a: si el beb\u00e9 es hospitalizado tras el nacimiento durante un periodo igual o superior a siete d\u00edas, el padre podr\u00e1 disfrutar de una ampliaci\u00f3n de su permiso de paternidad de hasta trece semanas.<\/p>\n\n\n\n<h2 class=\"wp-block-heading\">Cu\u00e1nto se cobra durante el permiso de paternidad<\/h2>\n\n\n\n<p><strong>El trabajador que se encuentre en situaci\u00f3n de baja de paternidad percibir\u00e1 el 100% de su sueldo<\/strong>, incluyendo tambi\u00e9n los complementos salariales de los que disfrutar\u00e1 antes del nacimiento. El pago de la prestaci\u00f3n paternidad corre a cargo de la Seguridad Social.<\/p>\n\n\n\n<p>Adem\u00e1s, el Tribunal Supremo determin\u00f3 que todas estas cantidades percibidas durante el permiso de paternidad est\u00e1n <strong>exentas de IRPF<\/strong>. Con efecto retroactivo hasta 2014.<\/p>\n\n\n\n<h2 class=\"wp-block-heading\">Adi\u00f3s a la cesi\u00f3n de semanas<\/h2>\n\n\n\n<p>M\u00e1s all\u00e1 de la duraci\u00f3n, el Real Decreto al que hemos aludido ha introducido otras modificaciones en la norma sobre permisos de paternidad. <\/p>\n\n\n\n<p>Es el caso de la <strong>eliminaci\u00f3n de la cesi\u00f3n de semanas al progenitor por parte de la progenitora<\/strong>: en tanto que la ampliaci\u00f3n del permiso de paternidad lo situar\u00e1 en paridad con el de maternidad, ya no ser\u00e1 posible que la madre ceda semanas de baja al padre. <\/p>\n\n\n\n<p>No obstante, s\u00ed que podr\u00e1 hacerse de manera transitoria hasta que se cumpla todo el calendario previsto para el aumento de las semanas de permiso.<\/p>\n\n\n\n<h2 class=\"wp-block-heading\">Cu\u00e1ndo puede pedir el trabajador el permiso por paternidad<\/h2>\n\n\n\n<p>Como ya se ha indicado, los trabajadores est\u00e1n obligados a disfrutar de dos semanas de permiso a contar desde el momento del nacimiento. <\/p>\n\n\n\n<p>En cualquier caso, <strong>los padres que no disfruten de todo su permiso de paternidad durante el primer a\u00f1o de vida del hijo, lo perder\u00e1n<\/strong>.<\/p>\n\n\n\n<p>Sea como sea, el trabajador deber\u00e1 <strong>comunicar a la empresa su decisi\u00f3n de disfrutar del permiso de paternidad con quince d\u00edas de antelaci\u00f3n<\/strong>. <\/p>\n\n\n\n<p>Tambi\u00e9n cabe la posibilidad de que la empresa y el empleado acuerden un calendario de aplicaci\u00f3n parcial del permiso, reduciendo la jornada laboral, por ejemplo.<\/p>\n\n\n\n<p>Para facilitar la baja por paternidad tanto para la empresa como para el trabajador ser\u00eda de gran ayuda contar con un <strong>software de vacaciones y ausencias<\/strong> que permita registrar <strong>cu\u00e1nto tiempo va a faltar el trabajador<\/strong> y as\u00ed poder valorar su sustituci\u00f3n. <\/p>\n\n\n\n<figure class=\"wp-block-image size-large\"><a href=\"https:\/\/www.bizneo.com\/gestor-vacaciones\/\" target=\"_blank\" rel=\"noopener noreferrer\" data-wpel-link=\"internal\"><img decoding=\"async\" width=\"1360\" height=\"204\" src=\"https:\/\/www.bizneo.com\/blog\/wp-content\/uploads\/2021\/04\/banner-medio-bajas-vacaciones-ausencias.jpg\" alt=\"Automatiza y haz sencilla la gesti\u00f3n de vacaciones\" class=\"wp-image-21139\" srcset=\"https:\/\/www.bizneo.com\/blog\/wp-content\/uploads\/2021\/04\/banner-medio-bajas-vacaciones-ausencias.jpg 1360w, https:\/\/www.bizneo.com\/blog\/wp-content\/uploads\/2021\/04\/banner-medio-bajas-vacaciones-ausencias-300x45.jpg 300w, https:\/\/www.bizneo.com\/blog\/wp-content\/uploads\/2021\/04\/banner-medio-bajas-vacaciones-ausencias-1024x154.jpg 1024w, https:\/\/www.bizneo.com\/blog\/wp-content\/uploads\/2021\/04\/banner-medio-bajas-vacaciones-ausencias-768x115.jpg 768w, https:\/\/www.bizneo.com\/blog\/wp-content\/uploads\/2021\/04\/banner-medio-bajas-vacaciones-ausencias-810x122.jpg 810w, https:\/\/www.bizneo.com\/blog\/wp-content\/uploads\/2021\/04\/banner-medio-bajas-vacaciones-ausencias-1140x171.jpg 1140w\" sizes=\"(max-width: 1360px) 100vw, 1360px\" \/><\/a><\/figure>\n\n\n\n<h2 class=\"wp-block-heading\">Cu\u00e1ndo puede disfrutarse el permiso por paternidad<\/h2>\n\n\n\n<p>M\u00e1s all\u00e1 de lo comentado, es imprescindible destacar que el permiso de paternidad <strong>no tiene por qu\u00e9 ir unido al permiso por nacimiento<\/strong>. Es decir, el progenitor puede disfrutarlo dentro del periodo de 16 semanas de la baja por maternidad, o despu\u00e9s de la misma.<\/p>\n\n\n\n<h2 class=\"wp-block-heading\">Requisitos para la baja de paternidad<\/h2>\n\n\n\n<p>Junto con la preceptiva comunicaci\u00f3n a la empresa de la voluntad de disfrutar de la baja de paternidad, el trabajador debe reunir dos requisitos principales. El primero de ellos, l\u00f3gicamente, es <strong>estar dado de alta en la Seguridad Social en el momento en que se produce el nacimiento<\/strong>.<\/p>\n\n\n\n<p>El segundo es haber cotizado, al menos, 180 d\u00edas en los siete a\u00f1os anteriores al nacimiento. En caso de no alcanzar esta cifra, el trabajador deber\u00e1 acreditar que <strong>ha cotizado un m\u00ednimo de 360 d\u00edas a lo largo de toda su vida laboral<\/strong>.<\/p>\n\n\n\n<p>Por lo que respecta a la documentaci\u00f3n y los tr\u00e1mites necesarios ante la Seguridad Social para solicitar y<strong> obtener el permiso paternidad Espa\u00f1a<\/strong>, se resumen de la siguiente manera:<\/p>\n\n\n\n<ul class=\"wp-block-list\">\n<li>Certificado de empresa y \u00faltima n\u00f3mina<\/li>\n\n\n\n<li>Certificado de nacimiento del hijo y libro de familia<\/li>\n\n\n\n<li>Original y fotocopia del DNI y n\u00famero de cuenta en la que se desea recibir la prestaci\u00f3n paternidad.<\/li>\n<\/ul>\n\n\n\n<h2 class=\"wp-block-heading\">Otras dudas sobre el permiso de paternidad<\/h2>\n\n\n\n<p>M\u00e1s all\u00e1 de lo comentado, existen otras dudas acerca del permiso de paternidad <strong>en determinadas circunstancias o para determinados colectivos<\/strong>. Es el caso de los partos m\u00faltiples, los aut\u00f3nomos y funcionarios, etc\u00e9tera.<\/p>\n\n\n\n<h3 class=\"wp-block-heading\">El permiso de paternidad en caso de parto m\u00faltiple<\/h3>\n\n\n\n<p>Existe un caso que ampl\u00eda unos d\u00edas m\u00e1s el permiso de paternidad. Estamos hablando del parto m\u00faltiple, pero tambi\u00e9n de la adopci\u00f3n, acogimiento o guardas m\u00faltiples. <\/p>\n\n\n\n<p>En tales situaciones l<strong>a baja por paternidad aumenta dos semanas adicionales por cada hijo <\/strong>(contando a partir del segundo). La \u00faltima semana del periodo de descanso puede disfrutarse de manera independiente en cualquier otro momento. Eso s\u00ed, siempre dentro de los 12 meses siguientes a la fecha de nacimiento del hijo.<\/p>\n\n\n\n<h3 class=\"wp-block-heading\">El permiso de paternidad para los aut\u00f3nomos<\/h3>\n\n\n\n<p>No hay ninguna particularidad para los aut\u00f3nomos que sean padres. Es decir, <strong>la prestaci\u00f3n del permiso de paternidad es equivalente al 100%<\/strong> de su base reguladora. No obstante, hay que comentar que en el caso de los aut\u00f3nomos suele ser la m\u00ednima, y que el pago de las cotizaciones debe estar al corriente.<\/p>\n\n\n\n<h3 class=\"wp-block-heading\">C\u00f3mo es el permiso de paternidad en las familias numerosas<\/h3>\n\n\n\n<p>Desde el 1 de enero de 2017 los permisos de paternidad de cualquier tipo de familia, independientemente de si estas son numerosas o no, se equipararon. Sucede lo mismo para las familias con personas que sufren alguna discapacidad entre sus miembros.<\/p>\n\n\n\n<h3 class=\"wp-block-heading\">El permiso de paternidad de los funcionarios<\/h3>\n\n\n\n<p>El 5 de diciembre de 2018 entr\u00f3 en vigor la ampliaci\u00f3n del permiso de paternidad hasta las 16 semanas para los trabajadores del estado. El BOE recog\u00eda que en 2019 se ampliaba a 8 semanas, y que en 2020, a 12 semanas. Es decir, la ampliaci\u00f3n del permiso de paternidad se anticip\u00f3 en el caso de los funcionarios.<\/p>\n\n\n\n<h3 class=\"wp-block-heading\">\u00bfLa empresa recibe una bonificaci\u00f3n por contratar a sustitutos?<\/h3>\n\n\n\n<p>Si la empresa decide <a href=\"https:\/\/www.bizneo.com\/blog\/contrato-temporal\/\" data-wpel-link=\"internal\" target=\"_blank\">contratar a un trabajador de manera temporal<\/a> para cubrir la baja del beneficiario del <strong>permiso de paternidad<\/strong>, podr\u00e1 acogerse a una bonificaci\u00f3n de hasta el 100% de las cuotas a la Seguridad Social de ese nuevo empleado.<\/p>\n\n\n\n<h2 class=\"wp-block-heading\">El permiso de paternidad del Pa\u00eds Vasco<\/h2>\n\n\n\n<p>El Pa\u00eds Vasco, aprovechando su r\u00e9gimen foral propio y su mayor autonom\u00eda fiscal, ha acortado el calendario previsto para la ampliaci\u00f3n del permiso de paternidad. <\/p>\n\n\n\n<p><strong>Los trabajadores vascos podr\u00e1n disfrutar de la baja de paternidad de 16 semanas desde este mismo oto\u00f1o<\/strong>. Por otro lado, los funcionarios que desarrollan su actividad en el Pa\u00eds Vasco disfrutan de un permiso de 18 semanas desde septiembre de 2019. <\/p>\n\n\n\n<p>El resto de condiciones son id\u00e9nticas a las del resto de trabajadores espa\u00f1oles.<\/p>\n\n\n\n<h2 class=\"wp-block-heading\">Cr\u00edticas al permiso de paternidad<\/h2>\n\n\n\n<p>A pesar de las mejoras introducidas para los trabajadores espa\u00f1oles, la modificaci\u00f3n de la baja de paternidad ha sido objeto de diferentes cr\u00edticas. Una de las m\u00e1s recurrentes es que, de acuerdo con el calendario y las restricciones del permiso, <strong>resulta pr\u00e1cticamente obligatorio que el padre y la madre lo asuman al mismo tiempo<\/strong>.<\/p>\n\n\n\n<p>Esto es visto por algunos analistas, como los de la Plataforma por los Permisos Iguales e Intransferibles por Nacimiento y Adopci\u00f3n, como <strong>una dificultad para la corresponsabilidad familiar<\/strong>. <\/p>\n\n\n\n<p>Y es que, una vez finalizada la baja de paternidad, la madre asumir\u00e1 en la inmensa mayor\u00eda de casos la responsabilidad del cuidado del beb\u00e9. Para esta organizaci\u00f3n, ser\u00eda m\u00e1s l\u00f3gico que los permisos fueran alternos o, incluso, intercambiables.<\/p>\n\n\n\n<p>El <strong>aumento del permiso de paternidad<\/strong> tambi\u00e9n plantea ciertos desaf\u00edos a las empresas, que deber\u00e1n asumir la baja de su empleado y planificarse con la m\u00e1xima antelaci\u00f3n posible. <\/p>\n\n\n\n<p>Por esta raz\u00f3n, un <a href=\"\/gestor-vacaciones\/\" data-wpel-link=\"internal\" target=\"_blank\">software de vacaciones y ausencias de empleados<\/a> como el de Bizneo HR, facilita la gesti\u00f3n de las bajas y la entrega de justificantes. Evita el solapamiento de ausencias, y ofrece la posibilidad de tomar decisiones para con tiempo suficiente para sustituir correctamente a cada empleado. <\/p>\n\n\n\n<figure class=\"wp-block-image size-full size-large\"><a href=\"\/gestor-vacaciones\/\" target=\"_blank\" rel=\"noreferrer noopener\" data-wpel-link=\"internal\"><img decoding=\"async\" width=\"1360\" height=\"408\" src=\"https:\/\/www.bizneo.com\/blog\/wp-content\/uploads\/2021\/01\/Banner-grande-software-vacaciones-ausencias.jpg\" alt=\"software de vacaciones empleados\" class=\"wp-image-19092\" srcset=\"https:\/\/www.bizneo.com\/blog\/wp-content\/uploads\/2021\/01\/Banner-grande-software-vacaciones-ausencias.jpg 1360w, https:\/\/www.bizneo.com\/blog\/wp-content\/uploads\/2021\/01\/Banner-grande-software-vacaciones-ausencias-300x90.jpg 300w, https:\/\/www.bizneo.com\/blog\/wp-content\/uploads\/2021\/01\/Banner-grande-software-vacaciones-ausencias-1024x307.jpg 1024w, https:\/\/www.bizneo.com\/blog\/wp-content\/uploads\/2021\/01\/Banner-grande-software-vacaciones-ausencias-768x230.jpg 768w, https:\/\/www.bizneo.com\/blog\/wp-content\/uploads\/2021\/01\/Banner-grande-software-vacaciones-ausencias-810x243.jpg 810w, https:\/\/www.bizneo.com\/blog\/wp-content\/uploads\/2021\/01\/Banner-grande-software-vacaciones-ausencias-1140x342.jpg 1140w\" sizes=\"(max-width: 1360px) 100vw, 1360px\" \/><\/a><\/figure>\n","protected":false},"excerpt":{"rendered":"<p>El nuevo permiso por paternidad ha ampliado significativamente su duraci\u00f3n, pero este aumento ir\u00e1 materializ\u00e1ndose de manera gradual en los pr\u00f3ximos a\u00f1os. <\/p>\n","protected":false},"author":10,"featured_media":5552,"comment_status":"open","ping_status":"open","sticky":false,"template":"","format":"standard","meta":{"_uag_custom_page_level_css":"","site-sidebar-layout":"default","site-content-layout":"","ast-site-content-layout":"default","site-content-style":"default","site-sidebar-style":"default","ast-global-header-display":"","ast-banner-title-visibility":"","ast-main-header-display":"","ast-hfb-above-header-display":"","ast-hfb-below-header-display":"","ast-hfb-mobile-header-display":"","site-post-title":"","ast-breadcrumbs-content":"","ast-featured-img":"","footer-sml-layout":"","ast-disable-related-posts":"","theme-transparent-header-meta":"","adv-header-id-meta":"","stick-header-meta":"","header-above-stick-meta":"","header-main-stick-meta":"","header-below-stick-meta":"","astra-migrate-meta-layouts":"default","ast-page-background-enabled":"default","ast-page-background-meta":{"desktop":{"background-color":"var(--ast-global-color-5)","background-image":"","background-repeat":"repeat","background-position":"center center","background-size":"auto","background-attachment":"scroll","background-type":"","background-media":"","overlay-type":"","overlay-color":"","overlay-opacity":"","overlay-gradient":""},"tablet":{"background-color":"","background-image":"","background-repeat":"repeat","background-position":"center center","background-size":"auto","background-attachment":"scroll","background-type":"","background-media":"","overlay-type":"","overlay-color":"","overlay-opacity":"","overlay-gradient":""},"mobile":{"background-color":"","background-image":"","background-repeat":"repeat","background-position":"center center","background-size":"auto","background-attachment":"scroll","background-type":"","background-media":"","overlay-type":"","overlay-color":"","overlay-opacity":"","overlay-gradient":""}},"ast-content-background-meta":{"desktop":{"background-color":"var(--ast-global-color-4)","background-image":"","background-repeat":"repeat","background-position":"center center","background-size":"auto","background-attachment":"scroll","background-type":"","background-media":"","overlay-type":"","overlay-color":"","overlay-opacity":"","overlay-gradient":""},"tablet":{"background-color":"var(--ast-global-color-4)","background-image":"","background-repeat":"repeat","background-position":"center center","background-size":"auto","background-attachment":"scroll","background-type":"","background-media":"","overlay-type":"","overlay-color":"","overlay-opacity":"","overlay-gradient":""},"mobile":{"background-color":"var(--ast-global-color-4)","background-image":"","background-repeat":"repeat","background-position":"center center","background-size":"auto","background-attachment":"scroll","background-type":"","background-media":"","overlay-type":"","overlay-color":"","overlay-opacity":"","overlay-gradient":""}},"footnotes":""},"categories":[7],"tags":[22],"class_list":["post-5483","post","type-post","status-publish","format-standard","has-post-thumbnail","hentry","category-gestion-del-talento","tag-gestion-del-tiempo"],"yoast_head":"<!-- This site is optimized with the Yoast SEO plugin v27.4 - https:\/\/yoast.com\/product\/yoast-seo-wordpress\/ -->\n<title>Permiso de Paternidad | Gu\u00eda pr\u00e1ctica sobre la baja de paternidad<\/title>\n<meta name=\"description\" content=\"\u00bfCu\u00e1nto dura lel permiso de paternidad ? ahora?, \u00bfc\u00f3mo ser\u00e1 la ampliaci\u00f3n de plazos?, \u00bfes igual en todas las comunidades? Conoce los detalles aqu\u00ed.\" \/>\n<meta name=\"robots\" content=\"index, follow, max-snippet:-1, max-image-preview:large, max-video-preview:-1\" \/>\n<meta property=\"og:locale\" content=\"es_ES\" \/>\n<meta property=\"og:type\" content=\"article\" \/>\n<meta property=\"og:title\" content=\"Permiso de Paternidad | Gu\u00eda pr\u00e1ctica sobre la baja de paternidad\" \/>\n<meta property=\"og:description\" content=\"\u00bfCu\u00e1nto dura lel permiso de paternidad ? ahora?, \u00bfc\u00f3mo ser\u00e1 la ampliaci\u00f3n de plazos?, \u00bfes igual en todas las comunidades? Conoce los detalles aqu\u00ed.\" \/>\n<meta property=\"og:url\" content=\"https:\/\/www.bizneo.com\/blog\/baja-de-paternidad\/\" \/>\n<meta property=\"og:site_name\" content=\"Blog de Recursos Humanos de Bizneo HR: pr\u00e1ctico y actual\" \/>\n<meta property=\"article:published_time\" content=\"2019-10-29T08:26:35+00:00\" \/>\n<meta property=\"article:modified_time\" content=\"2023-09-04T13:21:59+00:00\" \/>\n<meta property=\"og:image\" content=\"https:\/\/www.bizneo.com\/blog\/wp-content\/uploads\/2019\/10\/baja-paternidad.jpg\" \/>\n\t<meta property=\"og:image:width\" content=\"1140\" \/>\n\t<meta property=\"og:image:height\" content=\"640\" \/>\n\t<meta property=\"og:image:type\" content=\"image\/jpeg\" \/>\n<meta name=\"author\" content=\"\u00c1lvaro Andr\u00e9s\" \/>\n<meta name=\"twitter:card\" content=\"summary_large_image\" \/>\n<meta name=\"twitter:label1\" content=\"Escrito por\" \/>\n\t<meta name=\"twitter:data1\" content=\"\u00c1lvaro Andr\u00e9s\" \/>\n\t<meta name=\"twitter:label2\" content=\"Tiempo de lectura\" \/>\n\t<meta name=\"twitter:data2\" content=\"8 minutos\" \/>\n<script type=\"application\/ld+json\" class=\"yoast-schema-graph\">{\"@context\":\"https:\\\/\\\/schema.org\",\"@graph\":[{\"@type\":[\"Article\",\"BlogPosting\"],\"@id\":\"https:\\\/\\\/www.bizneo.com\\\/blog\\\/baja-de-paternidad\\\/#article\",\"isPartOf\":{\"@id\":\"https:\\\/\\\/www.bizneo.com\\\/blog\\\/baja-de-paternidad\\\/\"},\"author\":{\"name\":\"\u00c1lvaro Andr\u00e9s\",\"@id\":\"https:\\\/\\\/www.bizneo.com\\\/blog\\\/#\\\/schema\\\/person\\\/f932a31bafbfb0726b3071df66e72848\"},\"headline\":\"El permiso de paternidad: todo lo que debes saber\",\"datePublished\":\"2019-10-29T08:26:35+00:00\",\"dateModified\":\"2023-09-04T13:21:59+00:00\",\"mainEntityOfPage\":{\"@id\":\"https:\\\/\\\/www.bizneo.com\\\/blog\\\/baja-de-paternidad\\\/\"},\"wordCount\":1692,\"commentCount\":6,\"publisher\":{\"@id\":\"https:\\\/\\\/www.bizneo.com\\\/blog\\\/#organization\"},\"image\":{\"@id\":\"https:\\\/\\\/www.bizneo.com\\\/blog\\\/baja-de-paternidad\\\/#primaryimage\"},\"thumbnailUrl\":\"https:\\\/\\\/www.bizneo.com\\\/blog\\\/wp-content\\\/uploads\\\/2019\\\/10\\\/baja-paternidad.jpg\",\"keywords\":[\"Gesti\u00f3n del tiempo\"],\"articleSection\":[\"Gesti\u00f3n del talento\"],\"inLanguage\":\"es\",\"potentialAction\":[{\"@type\":\"CommentAction\",\"name\":\"Comment\",\"target\":[\"https:\\\/\\\/www.bizneo.com\\\/blog\\\/baja-de-paternidad\\\/#respond\"]}]},{\"@type\":\"WebPage\",\"@id\":\"https:\\\/\\\/www.bizneo.com\\\/blog\\\/baja-de-paternidad\\\/\",\"url\":\"https:\\\/\\\/www.bizneo.com\\\/blog\\\/baja-de-paternidad\\\/\",\"name\":\"Permiso de Paternidad | Gu\u00eda pr\u00e1ctica sobre la baja de paternidad\",\"isPartOf\":{\"@id\":\"https:\\\/\\\/www.bizneo.com\\\/blog\\\/#website\"},\"primaryImageOfPage\":{\"@id\":\"https:\\\/\\\/www.bizneo.com\\\/blog\\\/baja-de-paternidad\\\/#primaryimage\"},\"image\":{\"@id\":\"https:\\\/\\\/www.bizneo.com\\\/blog\\\/baja-de-paternidad\\\/#primaryimage\"},\"thumbnailUrl\":\"https:\\\/\\\/www.bizneo.com\\\/blog\\\/wp-content\\\/uploads\\\/2019\\\/10\\\/baja-paternidad.jpg\",\"datePublished\":\"2019-10-29T08:26:35+00:00\",\"dateModified\":\"2023-09-04T13:21:59+00:00\",\"description\":\"\u00bfCu\u00e1nto dura lel permiso de paternidad ? ahora?, \u00bfc\u00f3mo ser\u00e1 la ampliaci\u00f3n de plazos?, \u00bfes igual en todas las comunidades? Conoce los detalles aqu\u00ed.\",\"breadcrumb\":{\"@id\":\"https:\\\/\\\/www.bizneo.com\\\/blog\\\/baja-de-paternidad\\\/#breadcrumb\"},\"inLanguage\":\"es\",\"potentialAction\":[{\"@type\":\"ReadAction\",\"target\":[\"https:\\\/\\\/www.bizneo.com\\\/blog\\\/baja-de-paternidad\\\/\"]}]},{\"@type\":\"ImageObject\",\"inLanguage\":\"es\",\"@id\":\"https:\\\/\\\/www.bizneo.com\\\/blog\\\/baja-de-paternidad\\\/#primaryimage\",\"url\":\"https:\\\/\\\/www.bizneo.com\\\/blog\\\/wp-content\\\/uploads\\\/2019\\\/10\\\/baja-paternidad.jpg\",\"contentUrl\":\"https:\\\/\\\/www.bizneo.com\\\/blog\\\/wp-content\\\/uploads\\\/2019\\\/10\\\/baja-paternidad.jpg\",\"width\":1140,\"height\":640,\"caption\":\"baja paternidad\"},{\"@type\":\"BreadcrumbList\",\"@id\":\"https:\\\/\\\/www.bizneo.com\\\/blog\\\/baja-de-paternidad\\\/#breadcrumb\",\"itemListElement\":[{\"@type\":\"ListItem\",\"position\":1,\"name\":\"Portada\",\"item\":\"https:\\\/\\\/www.bizneo.com\\\/blog\\\/\"},{\"@type\":\"ListItem\",\"position\":2,\"name\":\"Gesti\u00f3n del talento\",\"item\":\"https:\\\/\\\/www.bizneo.com\\\/blog\\\/category\\\/gestion-del-talento\\\/\"},{\"@type\":\"ListItem\",\"position\":3,\"name\":\"El permiso de paternidad: todo lo que debes saber\"}]},{\"@type\":\"WebSite\",\"@id\":\"https:\\\/\\\/www.bizneo.com\\\/blog\\\/#website\",\"url\":\"https:\\\/\\\/www.bizneo.com\\\/blog\\\/\",\"name\":\"Blog de Recursos Humanos de Bizneo HR: pr\u00e1ctico y actual\",\"description\":\"Todo sobre actualidad, herramientas y tecnolog\u00eda  para optimizar la gesti\u00f3n del talento humano\",\"publisher\":{\"@id\":\"https:\\\/\\\/www.bizneo.com\\\/blog\\\/#organization\"},\"potentialAction\":[{\"@type\":\"SearchAction\",\"target\":{\"@type\":\"EntryPoint\",\"urlTemplate\":\"https:\\\/\\\/www.bizneo.com\\\/blog\\\/?s={search_term_string}\"},\"query-input\":{\"@type\":\"PropertyValueSpecification\",\"valueRequired\":true,\"valueName\":\"search_term_string\"}}],\"inLanguage\":\"es\"},{\"@type\":\"Organization\",\"@id\":\"https:\\\/\\\/www.bizneo.com\\\/blog\\\/#organization\",\"name\":\"Bizneo HR\",\"url\":\"https:\\\/\\\/www.bizneo.com\\\/blog\\\/\",\"logo\":{\"@type\":\"ImageObject\",\"inLanguage\":\"es\",\"@id\":\"https:\\\/\\\/www.bizneo.com\\\/blog\\\/#\\\/schema\\\/logo\\\/image\\\/\",\"url\":\"https:\\\/\\\/www.bizneo.com\\\/blog\\\/wp-content\\\/uploads\\\/2020\\\/09\\\/Icono-Logo-Bizneo-HR.png\",\"contentUrl\":\"https:\\\/\\\/www.bizneo.com\\\/blog\\\/wp-content\\\/uploads\\\/2020\\\/09\\\/Icono-Logo-Bizneo-HR.png\",\"width\":834,\"height\":834,\"caption\":\"Bizneo HR\"},\"image\":{\"@id\":\"https:\\\/\\\/www.bizneo.com\\\/blog\\\/#\\\/schema\\\/logo\\\/image\\\/\"}},{\"@type\":\"Person\",\"@id\":\"https:\\\/\\\/www.bizneo.com\\\/blog\\\/#\\\/schema\\\/person\\\/f932a31bafbfb0726b3071df66e72848\",\"name\":\"\u00c1lvaro Andr\u00e9s\",\"image\":{\"@type\":\"ImageObject\",\"inLanguage\":\"es\",\"@id\":\"https:\\\/\\\/secure.gravatar.com\\\/avatar\\\/c6b277afc20d169a72d7f266c0f4e889c65d2c4ec098d46bc9fba0266f1cde35?s=96&d=mm&r=g\",\"url\":\"https:\\\/\\\/secure.gravatar.com\\\/avatar\\\/c6b277afc20d169a72d7f266c0f4e889c65d2c4ec098d46bc9fba0266f1cde35?s=96&d=mm&r=g\",\"contentUrl\":\"https:\\\/\\\/secure.gravatar.com\\\/avatar\\\/c6b277afc20d169a72d7f266c0f4e889c65d2c4ec098d46bc9fba0266f1cde35?s=96&d=mm&r=g\",\"caption\":\"\u00c1lvaro Andr\u00e9s\"},\"url\":\"https:\\\/\\\/www.bizneo.com\\\/blog\\\/author\\\/alvaroa\\\/\"}]}<\/script>\n<!-- \/ Yoast SEO plugin. -->","yoast_head_json":{"title":"Permiso de Paternidad | Gu\u00eda pr\u00e1ctica sobre la baja de paternidad","description":"\u00bfCu\u00e1nto dura lel permiso de paternidad ? ahora?, \u00bfc\u00f3mo ser\u00e1 la ampliaci\u00f3n de plazos?, \u00bfes igual en todas las comunidades? Conoce los detalles aqu\u00ed.","robots":{"index":"index","follow":"follow","max-snippet":"max-snippet:-1","max-image-preview":"max-image-preview:large","max-video-preview":"max-video-preview:-1"},"og_locale":"es_ES","og_type":"article","og_title":"Permiso de Paternidad | Gu\u00eda pr\u00e1ctica sobre la baja de paternidad","og_description":"\u00bfCu\u00e1nto dura lel permiso de paternidad ? ahora?, \u00bfc\u00f3mo ser\u00e1 la ampliaci\u00f3n de plazos?, \u00bfes igual en todas las comunidades? Conoce los detalles aqu\u00ed.","og_url":"https:\/\/www.bizneo.com\/blog\/baja-de-paternidad\/","og_site_name":"Blog de Recursos Humanos de Bizneo HR: pr\u00e1ctico y actual","article_published_time":"2019-10-29T08:26:35+00:00","article_modified_time":"2023-09-04T13:21:59+00:00","og_image":[{"width":1140,"height":640,"url":"https:\/\/www.bizneo.com\/blog\/wp-content\/uploads\/2019\/10\/baja-paternidad.jpg","type":"image\/jpeg"}],"author":"\u00c1lvaro Andr\u00e9s","twitter_card":"summary_large_image","twitter_misc":{"Escrito por":"\u00c1lvaro Andr\u00e9s","Tiempo de lectura":"8 minutos"},"schema":{"@context":"https:\/\/schema.org","@graph":[{"@type":["Article","BlogPosting"],"@id":"https:\/\/www.bizneo.com\/blog\/baja-de-paternidad\/#article","isPartOf":{"@id":"https:\/\/www.bizneo.com\/blog\/baja-de-paternidad\/"},"author":{"name":"\u00c1lvaro Andr\u00e9s","@id":"https:\/\/www.bizneo.com\/blog\/#\/schema\/person\/f932a31bafbfb0726b3071df66e72848"},"headline":"El permiso de paternidad: todo lo que debes saber","datePublished":"2019-10-29T08:26:35+00:00","dateModified":"2023-09-04T13:21:59+00:00","mainEntityOfPage":{"@id":"https:\/\/www.bizneo.com\/blog\/baja-de-paternidad\/"},"wordCount":1692,"commentCount":6,"publisher":{"@id":"https:\/\/www.bizneo.com\/blog\/#organization"},"image":{"@id":"https:\/\/www.bizneo.com\/blog\/baja-de-paternidad\/#primaryimage"},"thumbnailUrl":"https:\/\/www.bizneo.com\/blog\/wp-content\/uploads\/2019\/10\/baja-paternidad.jpg","keywords":["Gesti\u00f3n del tiempo"],"articleSection":["Gesti\u00f3n del talento"],"inLanguage":"es","potentialAction":[{"@type":"CommentAction","name":"Comment","target":["https:\/\/www.bizneo.com\/blog\/baja-de-paternidad\/#respond"]}]},{"@type":"WebPage","@id":"https:\/\/www.bizneo.com\/blog\/baja-de-paternidad\/","url":"https:\/\/www.bizneo.com\/blog\/baja-de-paternidad\/","name":"Permiso de Paternidad | Gu\u00eda pr\u00e1ctica sobre la baja de paternidad","isPartOf":{"@id":"https:\/\/www.bizneo.com\/blog\/#website"},"primaryImageOfPage":{"@id":"https:\/\/www.bizneo.com\/blog\/baja-de-paternidad\/#primaryimage"},"image":{"@id":"https:\/\/www.bizneo.com\/blog\/baja-de-paternidad\/#primaryimage"},"thumbnailUrl":"https:\/\/www.bizneo.com\/blog\/wp-content\/uploads\/2019\/10\/baja-paternidad.jpg","datePublished":"2019-10-29T08:26:35+00:00","dateModified":"2023-09-04T13:21:59+00:00","description":"\u00bfCu\u00e1nto dura lel permiso de paternidad ? ahora?, \u00bfc\u00f3mo ser\u00e1 la ampliaci\u00f3n de plazos?, \u00bfes igual en todas las comunidades? Conoce los detalles aqu\u00ed.","breadcrumb":{"@id":"https:\/\/www.bizneo.com\/blog\/baja-de-paternidad\/#breadcrumb"},"inLanguage":"es","potentialAction":[{"@type":"ReadAction","target":["https:\/\/www.bizneo.com\/blog\/baja-de-paternidad\/"]}]},{"@type":"ImageObject","inLanguage":"es","@id":"https:\/\/www.bizneo.com\/blog\/baja-de-paternidad\/#primaryimage","url":"https:\/\/www.bizneo.com\/blog\/wp-content\/uploads\/2019\/10\/baja-paternidad.jpg","contentUrl":"https:\/\/www.bizneo.com\/blog\/wp-content\/uploads\/2019\/10\/baja-paternidad.jpg","width":1140,"height":640,"caption":"baja paternidad"},{"@type":"BreadcrumbList","@id":"https:\/\/www.bizneo.com\/blog\/baja-de-paternidad\/#breadcrumb","itemListElement":[{"@type":"ListItem","position":1,"name":"Portada","item":"https:\/\/www.bizneo.com\/blog\/"},{"@type":"ListItem","position":2,"name":"Gesti\u00f3n del talento","item":"https:\/\/www.bizneo.com\/blog\/category\/gestion-del-talento\/"},{"@type":"ListItem","position":3,"name":"El permiso de paternidad: todo lo que debes saber"}]},{"@type":"WebSite","@id":"https:\/\/www.bizneo.com\/blog\/#website","url":"https:\/\/www.bizneo.com\/blog\/","name":"Blog de Recursos Humanos de Bizneo HR: pr\u00e1ctico y actual","description":"Todo sobre actualidad, herramientas y tecnolog\u00eda  para optimizar la gesti\u00f3n del talento humano","publisher":{"@id":"https:\/\/www.bizneo.com\/blog\/#organization"},"potentialAction":[{"@type":"SearchAction","target":{"@type":"EntryPoint","urlTemplate":"https:\/\/www.bizneo.com\/blog\/?s={search_term_string}"},"query-input":{"@type":"PropertyValueSpecification","valueRequired":true,"valueName":"search_term_string"}}],"inLanguage":"es"},{"@type":"Organization","@id":"https:\/\/www.bizneo.com\/blog\/#organization","name":"Bizneo HR","url":"https:\/\/www.bizneo.com\/blog\/","logo":{"@type":"ImageObject","inLanguage":"es","@id":"https:\/\/www.bizneo.com\/blog\/#\/schema\/logo\/image\/","url":"https:\/\/www.bizneo.com\/blog\/wp-content\/uploads\/2020\/09\/Icono-Logo-Bizneo-HR.png","contentUrl":"https:\/\/www.bizneo.com\/blog\/wp-content\/uploads\/2020\/09\/Icono-Logo-Bizneo-HR.png","width":834,"height":834,"caption":"Bizneo HR"},"image":{"@id":"https:\/\/www.bizneo.com\/blog\/#\/schema\/logo\/image\/"}},{"@type":"Person","@id":"https:\/\/www.bizneo.com\/blog\/#\/schema\/person\/f932a31bafbfb0726b3071df66e72848","name":"\u00c1lvaro Andr\u00e9s","image":{"@type":"ImageObject","inLanguage":"es","@id":"https:\/\/secure.gravatar.com\/avatar\/c6b277afc20d169a72d7f266c0f4e889c65d2c4ec098d46bc9fba0266f1cde35?s=96&d=mm&r=g","url":"https:\/\/secure.gravatar.com\/avatar\/c6b277afc20d169a72d7f266c0f4e889c65d2c4ec098d46bc9fba0266f1cde35?s=96&d=mm&r=g","contentUrl":"https:\/\/secure.gravatar.com\/avatar\/c6b277afc20d169a72d7f266c0f4e889c65d2c4ec098d46bc9fba0266f1cde35?s=96&d=mm&r=g","caption":"\u00c1lvaro Andr\u00e9s"},"url":"https:\/\/www.bizneo.com\/blog\/author\/alvaroa\/"}]}},"spectra_custom_meta":{"_is_githuber_markdown":["1"],"_edit_lock":["1769973433:47"],"_edit_last":["10"],"_githuber_prismjs":[""],"_is_githuber_sequence":[""],"_is_githuber_flow_chart":[""],"_is_githuber_mermaid":[""],"_is_githuber_katex":[""],"_yoast_wpseo_content_score":["90"],"_yoast_wpseo_primary_category":["7"],"_vce_meta":["a:4:{s:11:\"use_sidebar\";s:7:\"inherit\";s:7:\"sidebar\";s:7:\"inherit\";s:14:\"sticky_sidebar\";s:7:\"inherit\";s:6:\"layout\";s:7:\"inherit\";}"],"_is_githuber_markdown_enabled":["no"],"_yoast_wpseo_focuskw":["permiso de paternidad"],"_yoast_wpseo_title":["Permiso de Paternidad | Gu\u00eda pr\u00e1ctica sobre la baja de paternidad"],"_yoast_wpseo_metadesc":["\u00bfCu\u00e1nto dura lel permiso de paternidad ? ahora?, \u00bfc\u00f3mo ser\u00e1 la ampliaci\u00f3n de plazos?, \u00bfes igual en todas las comunidades? Conoce los detalles aqu\u00ed."],"_yoast_wpseo_linkdex":["79"],"_wp_old_date":["2019-10-28"],"_thumbnail_id":["5552"],"onesignal_meta_box_present":["1"],"onesignal_send_notification":[""],"Views":["13247"],"wp_review_positive_count":["0"],"wp_review_negative_count":["0"],"onesignal_modify_title_and_content":[""],"onesignal_notification_custom_heading":[null],"onesignal_notification_custom_content":[null],"wp_review_type":["none"],"_at_widget":["1"],"_yoast_wpseo_estimated-reading-time-minutes":["8"],"_yoast_wpseo_wordproof_timestamp":[""],"wp_review_user_reviews":["0"],"wp_review_review_count":["0"],"_uag_css_file_name":["uag-css-5483.css"],"_uag_page_assets":["a:9:{s:3:\"css\";s:263:\".uag-blocks-common-selector{z-index:var(--z-index-desktop) !important}@media (max-width: 976px){.uag-blocks-common-selector{z-index:var(--z-index-tablet) !important}}@media (max-width: 767px){.uag-blocks-common-selector{z-index:var(--z-index-mobile) !important}}\n\";s:2:\"js\";s:0:\"\";s:18:\"current_block_list\";a:8:{i:0;s:14:\"core\/paragraph\";i:1;s:12:\"core\/heading\";i:2;s:10:\"core\/image\";i:3;s:9:\"core\/list\";i:4;s:14:\"core\/list-item\";i:5;s:12:\"core\/details\";i:6;s:9:\"core\/html\";i:7;s:14:\"core\/shortcode\";}s:8:\"uag_flag\";b:0;s:11:\"uag_version\";s:10:\"1777306490\";s:6:\"gfonts\";a:0:{}s:10:\"gfonts_url\";s:0:\"\";s:12:\"gfonts_files\";a:0:{}s:14:\"uag_faq_layout\";b:0;}"]},"uagb_featured_image_src":{"full":["https:\/\/www.bizneo.com\/blog\/wp-content\/uploads\/2019\/10\/baja-paternidad.jpg",1140,640,false],"thumbnail":["https:\/\/www.bizneo.com\/blog\/wp-content\/uploads\/2019\/10\/baja-paternidad-150x150.jpg",150,150,true],"medium":["https:\/\/www.bizneo.com\/blog\/wp-content\/uploads\/2019\/10\/baja-paternidad-300x168.jpg",300,168,true],"medium_large":["https:\/\/www.bizneo.com\/blog\/wp-content\/uploads\/2019\/10\/baja-paternidad-768x431.jpg",768,431,true],"large":["https:\/\/www.bizneo.com\/blog\/wp-content\/uploads\/2019\/10\/baja-paternidad-1024x575.jpg",1024,575,true],"1536x1536":["https:\/\/www.bizneo.com\/blog\/wp-content\/uploads\/2019\/10\/baja-paternidad.jpg",1140,640,false],"2048x2048":["https:\/\/www.bizneo.com\/blog\/wp-content\/uploads\/2019\/10\/baja-paternidad.jpg",1140,640,false]},"uagb_author_info":{"display_name":"\u00c1lvaro Andr\u00e9s","author_link":"https:\/\/www.bizneo.com\/blog\/author\/alvaroa\/"},"uagb_comment_info":6,"uagb_excerpt":"El nuevo permiso por paternidad ha ampliado significativamente su duraci\u00f3n, pero este aumento ir\u00e1 materializ\u00e1ndose de manera gradual en los pr\u00f3ximos a\u00f1os.","_links":{"self":[{"href":"https:\/\/www.bizneo.com\/blog\/wp-json\/wp\/v2\/posts\/5483","targetHints":{"allow":["GET"]}}],"collection":[{"href":"https:\/\/www.bizneo.com\/blog\/wp-json\/wp\/v2\/posts"}],"about":[{"href":"https:\/\/www.bizneo.com\/blog\/wp-json\/wp\/v2\/types\/post"}],"author":[{"embeddable":true,"href":"https:\/\/www.bizneo.com\/blog\/wp-json\/wp\/v2\/users\/10"}],"replies":[{"embeddable":true,"href":"https:\/\/www.bizneo.com\/blog\/wp-json\/wp\/v2\/comments?post=5483"}],"version-history":[{"count":30,"href":"https:\/\/www.bizneo.com\/blog\/wp-json\/wp\/v2\/posts\/5483\/revisions"}],"predecessor-version":[{"id":42040,"href":"https:\/\/www.bizneo.com\/blog\/wp-json\/wp\/v2\/posts\/5483\/revisions\/42040"}],"wp:featuredmedia":[{"embeddable":true,"href":"https:\/\/www.bizneo.com\/blog\/wp-json\/wp\/v2\/media\/5552"}],"wp:attachment":[{"href":"https:\/\/www.bizneo.com\/blog\/wp-json\/wp\/v2\/media?parent=5483"}],"wp:term":[{"taxonomy":"category","embeddable":true,"href":"https:\/\/www.bizneo.com\/blog\/wp-json\/wp\/v2\/categories?post=5483"},{"taxonomy":"post_tag","embeddable":true,"href":"https:\/\/www.bizneo.com\/blog\/wp-json\/wp\/v2\/tags?post=5483"}],"curies":[{"name":"wp","href":"https:\/\/api.w.org\/{rel}","templated":true}]}}