{"id":53167,"date":"2025-05-28T16:04:45","date_gmt":"2025-05-28T15:04:45","guid":{"rendered":"https:\/\/www.bizneo.com\/blog\/?p=53167"},"modified":"2026-01-26T16:57:50","modified_gmt":"2026-01-26T15:57:50","slug":"cartographie-des-talents","status":"publish","type":"post","link":"https:\/\/www.bizneo.com\/blog\/fr\/cartographie-des-talents\/","title":{"rendered":"Qu\u2019est-ce que la cartographie des talents et \u00e0 quoi sert-elle ?"},"content":{"rendered":"\n<p>La cartographie des talents est utilis\u00e9e pour<strong> analyser, structurer et d\u00e9velopper les talents<\/strong> au sein de l\u2019organisation. Il aide \u00e0 identifier des probl\u00e9matiques sp\u00e9cifiques, \u00e0 proposer des solutions et \u00e0 rep\u00e9rer les profils les plus prometteurs, qu\u2019ils soient d\u00e9j\u00e0 en poste ou en externe, pour anticiper d\u2019\u00e9ventuels recrutements.<\/p>\n\n\n\n<p>Gr\u00e2ce \u00e0 la cartographie des talents, il devient possible de :<\/p>\n\n\n\n<ul class=\"wp-block-list\">\n<li>D\u00e9terminer les d\u00e9partements ou fonctions n\u00e9cessitant des am\u00e9liorations<\/li>\n\n\n\n<li><strong>\u00c9valuer les <a href=\"\/blog\/fr\/aptitudes-professionnelles\/\" target=\"_blank\" rel=\"noreferrer noopener\" data-wpel-link=\"internal\">aptitudes professionnelles<\/a> et les comp\u00e9tences<\/strong> et capacit\u00e9s des employ\u00e9s<\/li>\n\n\n\n<li><strong>Identifier le potentiel<\/strong> de chaque collaborateur<\/li>\n\n\n\n<li>Mettre en place des<strong> <a href=\"\/blog\/fr\/plan-de-formation\/\" target=\"_blank\" rel=\"noreferrer noopener\" data-wpel-link=\"internal\">plans de formation<\/a><\/strong> continue pour combler les lacunes et favoriser le d\u00e9veloppement professionnel<\/li>\n<\/ul>\n\n\n\n<p>Pour accompagner cette d\u00e9marche, nous mettons \u00e0 disposition un mod\u00e8le de <a href=\"\/blog\/fr\/matrice-9-box\/\" target=\"_blank\" rel=\"noreferrer noopener\" data-wpel-link=\"internal\">matrice 9 Box<\/a> \u00e0 t\u00e9l\u00e9charger gratuitement. Cet outil vous aidera \u00e0 visualiser la performance et le potentiel de vos \u00e9quipes de mani\u00e8re simple et efficace.<\/p>\n\n\n\n<h2 class=\"wp-block-heading\">Qu\u2019est-ce qu\u2019une cartographie des talents ?<\/h2>\n\n\n\n<p>La <strong>cartographie des talents<\/strong> est un outil de gestion et de planification strat\u00e9gique, con\u00e7u pour <strong>visualiser clairement le potentiel et les comp\u00e9tences des collaborateurs<\/strong>.<\/p>\n\n\n\n<p>L\u2019\u00e9valuation des performances permet d\u2019<strong>identifier les talents pr\u00e9sents dans l\u2019entreprise<\/strong>, ainsi que les besoins en formation qui seront int\u00e9gr\u00e9s dans un <a href=\"\/blog\/fr\/plan-de-carriere\/\" target=\"_blank\" rel=\"noreferrer noopener\" data-wpel-link=\"internal\">plan de carri\u00e8re<\/a>.<\/p>\n\n\n\n<p>Une cartographie des talents enregistre <strong>les postes cl\u00e9s et analyse les comp\u00e9tences<\/strong>, aptitudes et capacit\u00e9s de chaque employ\u00e9. L\u2019ensemble des donn\u00e9es est pr\u00e9sent\u00e9 sous la forme d\u2019une <strong>matrice visuelle<\/strong>, qui permet d\u2019\u00e9valuer \u00e0 la fois la performance actuelle et le potentiel d\u2019\u00e9volution des collaborateurs.<\/p>\n\n\n\n<p>Cet outil a une double fonction : il agit \u00e0 la fois comme une photographie de la situation actuelle (\u00e9valuation du salari\u00e9 tel qu\u2019il est aujourd\u2019hui) et comme une feuille de route pour anticiper son d\u00e9veloppement futur.<\/p>\n\n\n\n<figure class=\"wp-block-image size-large\"><a href=\"https:\/\/hello.bizneo.com\/kit\/evaluations\/?utm_content=post-KIT-Talento\" data-wpel-link=\"internal\" target=\"_blank\"><img decoding=\"async\" width=\"1024\" height=\"307\" src=\"https:\/\/www.bizneo.com\/blog\/wp-content\/uploads\/2025\/01\/Kit-talent-1024x307.png\" alt=\"Kit \u00e9valuation des talents et des performances\" class=\"wp-image-52108\" srcset=\"https:\/\/www.bizneo.com\/blog\/wp-content\/uploads\/2025\/01\/Kit-talent-1024x307.png 1024w, https:\/\/www.bizneo.com\/blog\/wp-content\/uploads\/2025\/01\/Kit-talent-300x90.png 300w, https:\/\/www.bizneo.com\/blog\/wp-content\/uploads\/2025\/01\/Kit-talent-768x230.png 768w, https:\/\/www.bizneo.com\/blog\/wp-content\/uploads\/2025\/01\/Kit-talent-810x243.png 810w, https:\/\/www.bizneo.com\/blog\/wp-content\/uploads\/2025\/01\/Kit-talent-1140x342.png 1140w, https:\/\/www.bizneo.com\/blog\/wp-content\/uploads\/2025\/01\/Kit-talent.png 1360w\" sizes=\"(max-width: 1024px) 100vw, 1024px\" \/><\/a><\/figure>\n\n\n\n<h3 class=\"wp-block-heading\">Cartographie des talents | Comment la d\u00e9velopper<\/h3>\n\n\n\n<p>Le talent mapping se d\u00e9cline en deux niveaux d\u2019analyse :<\/p>\n\n\n\n<ul class=\"wp-block-list\">\n<li><strong>Individuel :<\/strong> elle permet d\u2019identifier les lacunes et d\u2019\u00e9valuer le potentiel futur d\u2019un employ\u00e9. En int\u00e9grant des plans de formation adapt\u00e9s, elle favorise la promotion interne et contribue \u00e0 une meilleure exp\u00e9rience collaborateur (employee experience).<\/li>\n\n\n\n<li><strong>Organisationnel :<\/strong> elle facilite le suivi des mouvements internes, anticipe la rotation du personnel et les plans de succession. Cette approche permet d\u2019identifier les \u00e9carts de comp\u00e9tences (talent gaps) sur des postes cl\u00e9s et d\u2019\u00e9quilibrer l\u2019\u00e9valuation des performances au sein de l\u2019entreprise. L\u2019analyse GAP, en particulier, met en \u00e9vidence l\u2019\u00e9cart entre les comp\u00e9tences r\u00e9elles et celles attendues.<\/li>\n<\/ul>\n\n\n\n<p>La cartographie des talents est consid\u00e9r\u00e9e comme une<strong> \u00e9volution des plans de carri\u00e8re traditionnels<\/strong>, offrant des donn\u00e9es pr\u00e9cises pour optimiser la formation des collaborateurs et acc\u00e9l\u00e9rer la prise de d\u00e9cision, assurant ainsi la stabilit\u00e9 de l\u2019organisation.<\/p>\n\n\n\n<figure class=\"wp-block-image size-full\"><a href=\"\/fr\/gestion-des-competences-gpec\/\" target=\"_blank\" rel=\"noreferrer noopener\" data-wpel-link=\"internal\"><img decoding=\"async\" width=\"1125\" height=\"649\" src=\"https:\/\/www.bizneo.com\/blog\/wp-content\/uploads\/2021\/09\/Matrice-9-box.webp\" alt=\"Talent Mapping\" class=\"wp-image-26274\" srcset=\"https:\/\/www.bizneo.com\/blog\/wp-content\/uploads\/2021\/09\/Matrice-9-box.webp 1125w, https:\/\/www.bizneo.com\/blog\/wp-content\/uploads\/2021\/09\/Matrice-9-box-300x173.webp 300w, https:\/\/www.bizneo.com\/blog\/wp-content\/uploads\/2021\/09\/Matrice-9-box-1024x591.webp 1024w, https:\/\/www.bizneo.com\/blog\/wp-content\/uploads\/2021\/09\/Matrice-9-box-768x443.webp 768w, https:\/\/www.bizneo.com\/blog\/wp-content\/uploads\/2021\/09\/Matrice-9-box-810x467.webp 810w\" sizes=\"(max-width: 1125px) 100vw, 1125px\" \/><\/a><\/figure>\n\n\n\n<p>Pour garantir l\u2019efficacit\u00e9 d\u2019une cartographie des talents, il est essentiel de la combiner avec un <a href=\"\/fr\/gestion-des-competences-gpec\/\" target=\"_blank\" rel=\"noreferrer noopener\" data-wpel-link=\"internal\">logiciel d\u2019\u00e9valuation des performances<\/a>. Un syst\u00e8me de gestion des talents permet d\u2019<strong>analyser objectivement les performances<\/strong> et les objectifs en fonction des comp\u00e9tences et du potentiel identifi\u00e9s dans la cartographie.<\/p>\n\n\n\n<figure class=\"wp-block-image size-full\"><a href=\"https:\/\/www.bizneo.com\/fr\/gestion-des-competences-gpec\/\" target=\"_blank\" rel=\"noopener\" data-wpel-link=\"internal\"><img decoding=\"async\" width=\"1360\" height=\"204\" src=\"https:\/\/www.bizneo.com\/blog\/wp-content\/uploads\/2021\/08\/banner-medio-competences.jpg\" alt=\"logiciel \u00e9valuation des comp\u00e9tences\" class=\"wp-image-25138\" srcset=\"https:\/\/www.bizneo.com\/blog\/wp-content\/uploads\/2021\/08\/banner-medio-competences.jpg 1360w, https:\/\/www.bizneo.com\/blog\/wp-content\/uploads\/2021\/08\/banner-medio-competences-300x45.jpg 300w, https:\/\/www.bizneo.com\/blog\/wp-content\/uploads\/2021\/08\/banner-medio-competences-1024x154.jpg 1024w, https:\/\/www.bizneo.com\/blog\/wp-content\/uploads\/2021\/08\/banner-medio-competences-768x115.jpg 768w, https:\/\/www.bizneo.com\/blog\/wp-content\/uploads\/2021\/08\/banner-medio-competences-810x122.jpg 810w, https:\/\/www.bizneo.com\/blog\/wp-content\/uploads\/2021\/08\/banner-medio-competences-1140x171.jpg 1140w\" sizes=\"(max-width: 1360px) 100vw, 1360px\" \/><\/a><\/figure>\n\n\n\n<h2 class=\"wp-block-heading\">En quoi consiste le mapping des talents ?<\/h2>\n\n\n\n<p>Les entreprises ne cherchent pas seulement \u00e0 attirer de nouveaux talents, mais aussi \u00e0 <strong>trouver des profils diff\u00e9renciants qui correspondent pr\u00e9cis\u00e9ment \u00e0 leurs besoins<\/strong>.<\/p>\n\n\n\n<p>Bien que cela puisse<strong> sembler similaire<\/strong>, le mapping des talents <strong>ne se limite pas au simple recrutement<\/strong>. Il vise \u00e0 identifier les talents cl\u00e9s, ceux qui constituent une valeur ajout\u00e9e pour l\u2019organisation, et \u00e0 les positionner au bon endroit tout en veillant \u00e0 leur \u00e9volution professionnelle pour mieux les fid\u00e9liser.<\/p>\n\n\n\n<figure class=\"wp-block-image size-full\"><a href=\"\/fr\/gestion-des-competences-gpec\/\" target=\"_blank\" rel=\"noreferrer noopener\" data-wpel-link=\"internal\"><img decoding=\"async\" width=\"1500\" height=\"942\" src=\"https:\/\/www.bizneo.com\/blog\/wp-content\/uploads\/2021\/09\/Rapports-KPIs-performance-employes.webp\" alt=\"Indicateurs de Performances \" class=\"wp-image-26270\" srcset=\"https:\/\/www.bizneo.com\/blog\/wp-content\/uploads\/2021\/09\/Rapports-KPIs-performance-employes.webp 1500w, https:\/\/www.bizneo.com\/blog\/wp-content\/uploads\/2021\/09\/Rapports-KPIs-performance-employes-300x188.webp 300w, https:\/\/www.bizneo.com\/blog\/wp-content\/uploads\/2021\/09\/Rapports-KPIs-performance-employes-1024x643.webp 1024w, https:\/\/www.bizneo.com\/blog\/wp-content\/uploads\/2021\/09\/Rapports-KPIs-performance-employes-768x482.webp 768w, https:\/\/www.bizneo.com\/blog\/wp-content\/uploads\/2021\/09\/Rapports-KPIs-performance-employes-320x200.webp 320w, https:\/\/www.bizneo.com\/blog\/wp-content\/uploads\/2021\/09\/Rapports-KPIs-performance-employes-810x509.webp 810w, https:\/\/www.bizneo.com\/blog\/wp-content\/uploads\/2021\/09\/Rapports-KPIs-performance-employes-1140x716.webp 1140w\" sizes=\"(max-width: 1500px) 100vw, 1500px\" \/><\/a><\/figure>\n\n\n\n<p>Le mapping RH repose sur trois actions principales :<\/p>\n\n\n\n<ul class=\"wp-block-list\">\n<li><strong>Anticiper les besoins<\/strong> en comp\u00e9tences en identifiant proactivement les r\u00f4les strat\u00e9giques dont l\u2019entreprise aura besoin \u00e0 l\u2019avenir.<\/li>\n\n\n\n<li><strong>Actualiser les descriptions de poste<\/strong> pour garantir une ex\u00e9cution efficace de la strat\u00e9gie d\u2019entreprise.<\/li>\n\n\n\n<li><strong>Mettre en place des processus de promotion interne<\/strong> pour retenir et valoriser les meilleurs talents.<\/li>\n<\/ul>\n\n\n\n<p>Cette approche permet de renforcer la gestion des talents, d\u2019am\u00e9liorer l\u2019engagement des collaborateurs et d\u2019optimiser la performance globale de l\u2019entreprise.<\/p>\n\n\n\n<bzn-down><a href=\"https:\/\/hello.bizneo.com\/template\/description-poste-travail\/?utm_content=post-destacado\" id=\"destacado-wc-descarga\" target=\"_blank\" rel=\"noopener noreferrer\" data-wpel-link=\"internal\"><span class=\"bzn-link-title\">T\u00c9L\u00c9CHARGEMENT GRATUIT: MOD\u00c8LE DE DESCRIPTION DE POSTE DE TRAVAIL<\/span>Format pour la description d&#8217;un emploi n\u00e9cessaire dans le processus de s\u00e9lection<\/a><\/bzn-down>\n\n\n\n<p><\/p>\n\n\n\n<h2 class=\"wp-block-heading\">\u00c0 quoi sert la cartographie des talents ?<\/h2>\n\n\n\n<p>La<strong> cartographie des talents<\/strong> est un outil strat\u00e9gique qui peut \u00eatre exploit\u00e9 \u00e0 diff\u00e9rentes \u00e9chelles au sein de l\u2019entreprise.<\/p>\n\n\n\n<h3 class=\"wp-block-heading\">La cartographie des talents favorise l\u2019engagement des collaborateurs<\/h3>\n\n\n\n<p>En maintenant un suivi d\u00e9taill\u00e9 des comp\u00e9tences et des performances, la cartographie des talents permet de mettre en place des<strong> programmes de gestion des talents adapt\u00e9s<\/strong>. Lorsqu\u2019un employ\u00e9 per\u00e7oit que l\u2019entreprise investit dans son d\u00e9veloppement professionnel, il se sent valoris\u00e9 et motiv\u00e9 \u00e0<strong> \u00e9voluer au sein de l\u2019organisation<\/strong>.<\/p>\n\n\n\n<p>Un <a href=\"\/blog\/fr\/feedback-entreprise\/\" target=\"_blank\" rel=\"noreferrer noopener\" data-wpel-link=\"internal\">feedback<\/a> r\u00e9gulier, des opportunit\u00e9s de formation et des perspectives d\u2019\u00e9volution contribuent \u00e0 renforcer le sentiment d\u2019appartenance et \u00e0 <strong>augmenter l\u2019engagement des collaborateurs<\/strong>.<\/p>\n\n\n\n<h3 class=\"wp-block-heading\">Elle simplifie les processus d\u2019\u00e9valuation<\/h3>\n\n\n\n<p>Les donn\u00e9es collect\u00e9es via le mapping RH permettent d\u2019<strong>identifier les tendances de performance<\/strong>.<\/p>\n\n\n\n<p>Si un employ\u00e9 maintient ou am\u00e9liore ses r\u00e9sultats (on le sait gr\u00e2ce \u00e0 une <a href=\"\/blog\/fr\/systeme-evaluation-de-la-performance\/\" target=\"_blank\" rel=\"noreferrer noopener\" data-wpel-link=\"internal\">\u00e9valuation des performances<\/a>), l\u2019entreprise peut utiliser des <a href=\"\/blog\/fr\/programme-de-reconnaissance-des-employes\/\" target=\"_blank\" rel=\"noreferrer noopener\" data-wpel-link=\"internal\">programmes de reconnaissance<\/a> pour l\u2019encourager et le fid\u00e9liser.<\/p>\n\n\n\n<p>\u00c0 l\u2019inverse, <strong>si une baisse de performance est d\u00e9tect\u00e9e<\/strong>, l\u2019organisation peut analyser les causes : manque de motivation, insatisfaction professionnelle, surcharge de travail&#8230; Plut\u00f4t que d\u2019envisager directement un remplacement, elle peut chercher des solutions pour r\u00e9engager le salari\u00e9.<\/p>\n\n\n\n<p>Ces informations peuvent \u00eatre crois\u00e9es avec les r\u00e9sultats d\u2019enqu\u00eates internes, permettant de mieux comprendre le climat de travail et d\u2019<strong>identifier les besoins et attentes des employ\u00e9s<\/strong>.<\/p>\n\n\n\n<figure class=\"wp-block-image size-full\"><a href=\"https:\/\/hello.bizneo.com\/template\/guide-reconnaissance-professionnelle\/?utm_content=post-banner\" data-wpel-link=\"internal\" target=\"_blank\"><img decoding=\"async\" width=\"1360\" height=\"204\" src=\"https:\/\/www.bizneo.com\/blog\/wp-content\/uploads\/2022\/02\/guide-Reconnaissance-professionnelle.jpg\" alt=\"guide Reconnaissance professionnelle\" class=\"wp-image-32276\" srcset=\"https:\/\/www.bizneo.com\/blog\/wp-content\/uploads\/2022\/02\/guide-Reconnaissance-professionnelle.jpg 1360w, https:\/\/www.bizneo.com\/blog\/wp-content\/uploads\/2022\/02\/guide-Reconnaissance-professionnelle-300x45.jpg 300w, https:\/\/www.bizneo.com\/blog\/wp-content\/uploads\/2022\/02\/guide-Reconnaissance-professionnelle-1024x154.jpg 1024w, https:\/\/www.bizneo.com\/blog\/wp-content\/uploads\/2022\/02\/guide-Reconnaissance-professionnelle-768x115.jpg 768w, https:\/\/www.bizneo.com\/blog\/wp-content\/uploads\/2022\/02\/guide-Reconnaissance-professionnelle-810x122.jpg 810w, https:\/\/www.bizneo.com\/blog\/wp-content\/uploads\/2022\/02\/guide-Reconnaissance-professionnelle-1140x171.jpg 1140w\" sizes=\"(max-width: 1360px) 100vw, 1360px\" \/><\/a><\/figure>\n\n\n\n<h3 class=\"wp-block-heading\">Elle facilite la prise de d\u00e9cision strat\u00e9gique<\/h3>\n\n\n\n<p>En offrant une vision claire des ressources internes et des besoins en talents, la <strong>cartographie des talents permet une gestion optimis\u00e9e des effectifs <\/strong>et facilite l\u2019atteinte des objectifs strat\u00e9giques.<\/p>\n\n\n\n<p>Elle aide \u00e0 identifier les collaborateurs \u00e0 haut potentiel, \u00e0 anticiper les besoins de formation et \u00e0 concevoir des plans de carri\u00e8re adapt\u00e9s.<\/p>\n\n\n\n<p>De plus, elle joue un r\u00f4le cl\u00e9 dans la <strong>planification des <a href=\"\/blog\/fr\/processus-de-recrutement\/\" target=\"_blank\" rel=\"noreferrer noopener\" data-wpel-link=\"internal\">processus de recrutement<\/a><\/strong>, en mettant en \u00e9vidence les profils manquants et en d\u00e9finissant les comp\u00e9tences essentielles \u00e0 int\u00e9grer.<\/p>\n\n\n\n<h3 class=\"wp-block-heading\">Elle acc\u00e9l\u00e8re les processus de recrutement<\/h3>\n\n\n\n<p>Comme mentionn\u00e9 pr\u00e9c\u00e9demment, la cartographie des talents impacte directement le recrutement. Elle aide le <a href=\"\/blog\/fr\/recruteur\/\" target=\"_blank\" rel=\"noreferrer noopener\" data-wpel-link=\"internal\">recruteur<\/a> \u00e0 <strong>identifier rapidement les talents d\u00e9j\u00e0 pr\u00e9sents <\/strong>dans l\u2019entreprise et \u00e0 d\u00e9tecter les postes \u00e0 pourvoir.<\/p>\n\n\n\n<p>En combinant la cartographie des talents avec un logiciel de recrutement, le processus est automatis\u00e9 et rendu plus efficace.<\/p>\n\n\n\n<figure class=\"wp-block-image size-large\"><a href=\"\/fr\/logiciel-de-recrutement\/\" data-wpel-link=\"internal\" target=\"_blank\"><img decoding=\"async\" width=\"1024\" height=\"683\" src=\"https:\/\/www.bizneo.com\/blog\/wp-content\/uploads\/2023\/08\/filtres-de-selection-pour-cvs-1024x683.webp\" alt=\"filtres du processus de recrutement et s\u00e9ction\" class=\"wp-image-41362\" srcset=\"https:\/\/www.bizneo.com\/blog\/wp-content\/uploads\/2023\/08\/filtres-de-selection-pour-cvs-1024x683.webp 1024w, https:\/\/www.bizneo.com\/blog\/wp-content\/uploads\/2023\/08\/filtres-de-selection-pour-cvs-300x200.webp 300w, https:\/\/www.bizneo.com\/blog\/wp-content\/uploads\/2023\/08\/filtres-de-selection-pour-cvs-768x513.webp 768w, https:\/\/www.bizneo.com\/blog\/wp-content\/uploads\/2023\/08\/filtres-de-selection-pour-cvs-810x541.webp 810w, https:\/\/www.bizneo.com\/blog\/wp-content\/uploads\/2023\/08\/filtres-de-selection-pour-cvs-1140x761.webp 1140w, https:\/\/www.bizneo.com\/blog\/wp-content\/uploads\/2023\/08\/filtres-de-selection-pour-cvs.webp 1500w\" sizes=\"(max-width: 1024px) 100vw, 1024px\" \/><\/a><\/figure>\n\n\n\n<p>Gr\u00e2ce aux killer questions, les candidats ne correspondant pas aux crit\u00e8res de s\u00e9lection sont \u00e9limin\u00e9s automatiquement, tandis qu\u2019un vivier de talents est constitu\u00e9 pour<strong> permettre un tri cibl\u00e9 des candidatures<\/strong>.<\/p>\n\n\n\n<p>En somme, la cartographie des talents joue un r\u00f4le central dans l\u2019engagement des employ\u00e9s, la gestion des performances, l\u2019optimisation des ressources humaines et l\u2019acc\u00e9l\u00e9ration du recrutement, garantissant ainsi une gestion RH plus efficace et proactive.<\/p>\n\n\n\n<figure class=\"wp-block-image size-large\"><a href=\"https:\/\/www.bizneo.com\/fr\/logiciel-de-recrutement\/\" data-wpel-link=\"internal\" target=\"_blank\"><img decoding=\"async\" width=\"1024\" height=\"154\" src=\"https:\/\/www.bizneo.com\/blog\/wp-content\/uploads\/2024\/02\/banner-medio-ats-1-1024x154.jpg\" alt=\"ATS avec classement des candidats\" class=\"wp-image-45507\" srcset=\"https:\/\/www.bizneo.com\/blog\/wp-content\/uploads\/2024\/02\/banner-medio-ats-1-1024x154.jpg 1024w, https:\/\/www.bizneo.com\/blog\/wp-content\/uploads\/2024\/02\/banner-medio-ats-1-300x45.jpg 300w, https:\/\/www.bizneo.com\/blog\/wp-content\/uploads\/2024\/02\/banner-medio-ats-1-768x115.jpg 768w, https:\/\/www.bizneo.com\/blog\/wp-content\/uploads\/2024\/02\/banner-medio-ats-1-810x122.jpg 810w, https:\/\/www.bizneo.com\/blog\/wp-content\/uploads\/2024\/02\/banner-medio-ats-1-1140x171.jpg 1140w, https:\/\/www.bizneo.com\/blog\/wp-content\/uploads\/2024\/02\/banner-medio-ats-1.jpg 1360w\" sizes=\"(max-width: 1024px) 100vw, 1024px\" \/><\/a><\/figure>\n\n\n\n<p><\/p>\n\n\n\n<h2 class=\"wp-block-heading\">Comment cr\u00e9er une cartographie des talents ?<\/h2>\n\n\n\n<p>La mise en place d\u2019une cartographie des talents repose sur plusieurs \u00e9tapes essentielles :<\/p>\n\n\n\n<h3 class=\"wp-block-heading\">1. D\u00e9finir le talent recherch\u00e9<\/h3>\n\n\n\n<p>L\u2019entreprise doit avoir une vision claire des <a href=\"\/blog\/fr\/profil-professionnel\/\" target=\"_blank\" rel=\"noreferrer noopener\" data-wpel-link=\"internal\">profils professionnels<\/a> d\u00e9j\u00e0 pr\u00e9sents et des comp\u00e9tences n\u00e9cessaires pour chaque d\u00e9partement. Cette analyse doit \u00eatre align\u00e9e avec la vision et la mission de l\u2019organisation.<\/p>\n\n\n\n<figure class=\"wp-block-image size-large\"><a href=\"\/fr\/tableau-de-bord-rh\/\" data-wpel-link=\"internal\" target=\"_blank\"><img decoding=\"async\" width=\"1024\" height=\"905\" src=\"https:\/\/www.bizneo.com\/blog\/wp-content\/uploads\/2024\/02\/Rapports-devaluation-des-talents-et-competences-1024x905.webp\" alt=\"Rapports d'\u00e9valuation des talents et des comp\u00e9tences\" class=\"wp-image-45321\" srcset=\"https:\/\/www.bizneo.com\/blog\/wp-content\/uploads\/2024\/02\/Rapports-devaluation-des-talents-et-competences-1024x905.webp 1024w, https:\/\/www.bizneo.com\/blog\/wp-content\/uploads\/2024\/02\/Rapports-devaluation-des-talents-et-competences-300x265.webp 300w, https:\/\/www.bizneo.com\/blog\/wp-content\/uploads\/2024\/02\/Rapports-devaluation-des-talents-et-competences-768x679.webp 768w, https:\/\/www.bizneo.com\/blog\/wp-content\/uploads\/2024\/02\/Rapports-devaluation-des-talents-et-competences-810x716.webp 810w, https:\/\/www.bizneo.com\/blog\/wp-content\/uploads\/2024\/02\/Rapports-devaluation-des-talents-et-competences-1140x1008.webp 1140w, https:\/\/www.bizneo.com\/blog\/wp-content\/uploads\/2024\/02\/Rapports-devaluation-des-talents-et-competences.webp 1500w\" sizes=\"(max-width: 1024px) 100vw, 1024px\" \/><\/a><\/figure>\n\n\n\n<p>Avoir cette base solide permet de<strong> faciliter le recrutement et la mobilit\u00e9 interne<\/strong>, en ciblant pr\u00e9cis\u00e9ment les comp\u00e9tences et aptitudes requises pour chaque r\u00f4le.<\/p>\n\n\n\n<h3 class=\"wp-block-heading\">2. Explorer le potentiel des collaborateurs<\/h3>\n\n\n\n<p>Dans de nombreux cas, <strong>un recrutement externe n\u2019est pas n\u00e9cessaire<\/strong>, car le talent recherch\u00e9 peut d\u00e9j\u00e0 exister en interne.<\/p>\n\n\n\n<p>L\u2019entreprise doit mettre en place des <a href=\"\/blog\/fr\/plan-de-carriere\/\" target=\"_blank\" rel=\"noreferrer noopener\" data-wpel-link=\"internal\">plans de carri\u00e8re<\/a> personnalis\u00e9s, permettant de maximiser les comp\u00e9tences des employ\u00e9s et de renforcer leur engagement.<\/p>\n\n\n\n<p>Aujourd\u2019hui, <strong>des solutions automatis\u00e9es de formation <\/strong>permettent de structurer un parcours de d\u00e9veloppement sur-mesure, afin de stimuler la motivation, d\u2019am\u00e9liorer la performance et de favoriser l\u2019\u00e9volution interne.<\/p>\n\n\n\n<figure class=\"wp-block-image size-large\"><a href=\"\/fr\/logiciel-gestion-formation\/\" data-wpel-link=\"internal\" target=\"_blank\"><img decoding=\"async\" width=\"1024\" height=\"154\" src=\"https:\/\/www.bizneo.com\/blog\/wp-content\/uploads\/2025\/01\/banner-medio-besoin-formation-1024x154.jpg\" alt=\"besoin de formation\" class=\"wp-image-52034\" srcset=\"https:\/\/www.bizneo.com\/blog\/wp-content\/uploads\/2025\/01\/banner-medio-besoin-formation-1024x154.jpg 1024w, https:\/\/www.bizneo.com\/blog\/wp-content\/uploads\/2025\/01\/banner-medio-besoin-formation-300x45.jpg 300w, https:\/\/www.bizneo.com\/blog\/wp-content\/uploads\/2025\/01\/banner-medio-besoin-formation-768x115.jpg 768w, https:\/\/www.bizneo.com\/blog\/wp-content\/uploads\/2025\/01\/banner-medio-besoin-formation-810x122.jpg 810w, https:\/\/www.bizneo.com\/blog\/wp-content\/uploads\/2025\/01\/banner-medio-besoin-formation-1140x171.jpg 1140w, https:\/\/www.bizneo.com\/blog\/wp-content\/uploads\/2025\/01\/banner-medio-besoin-formation.jpg 1360w\" sizes=\"(max-width: 1024px) 100vw, 1024px\" \/><\/a><\/figure>\n\n\n\n<h3 class=\"wp-block-heading\">3. Analyser l\u2019ad\u00e9quation entre le poste et la personne<\/h3>\n\n\n\n<p>Identifier un candidat poss\u00e9dant les comp\u00e9tences techniques requises ne suffit pas toujours. Il est crucial de <strong>v\u00e9rifier son compatibilit\u00e9 avec l\u2019\u00e9quipe et la culture de l\u2019entreprise<\/strong>.<\/p>\n\n\n\n<p>Pour \u00e9viter les erreurs de placement, il est recommand\u00e9 d\u2019effectuer une analyse d\u2019ad\u00e9quation, en prenant en compte :<\/p>\n\n\n\n<ul class=\"wp-block-list\">\n<li>La <strong>capacit\u00e9 du collaborateur \u00e0 s\u2019adapter <\/strong>\u00e0 son nouvel environnement<\/li>\n\n\n\n<li>Son <strong>int\u00e9gration potentielle<\/strong> au sein de l\u2019\u00e9quipe<\/li>\n\n\n\n<li>Les <strong>dynamiques de travail <\/strong>qui favoriseront son engagement et sa productivit\u00e9<\/li>\n<\/ul>\n\n\n\n<p>Des <a href=\"\/blog\/fr\/questionnaire-qvt\/\" target=\"_blank\" rel=\"noreferrer noopener\" data-wpel-link=\"internal\">questionnaires QVT<\/a>, pouvant \u00eatre anonymes, permettent d\u2019<strong>\u00e9valuer le climat de travail <\/strong>et d\u2019anticiper l\u2019impact d\u2019une d\u00e9cision sur l\u2019organisation.<\/p>\n\n\n\n<figure class=\"wp-block-image size-full\"><a href=\"\/fr\/questionnaire-qvt-bien-etre\/\" target=\"_blank\" rel=\"noreferrer noopener\" data-wpel-link=\"internal\"><img decoding=\"async\" width=\"1500\" height=\"972\" src=\"https:\/\/www.bizneo.com\/blog\/wp-content\/uploads\/2022\/01\/questionnaire-climat-social-en-entreprise.webp\" alt=\"Heat Map QVT\" class=\"wp-image-30743\" srcset=\"https:\/\/www.bizneo.com\/blog\/wp-content\/uploads\/2022\/01\/questionnaire-climat-social-en-entreprise.webp 1500w, https:\/\/www.bizneo.com\/blog\/wp-content\/uploads\/2022\/01\/questionnaire-climat-social-en-entreprise-300x194.webp 300w, https:\/\/www.bizneo.com\/blog\/wp-content\/uploads\/2022\/01\/questionnaire-climat-social-en-entreprise-1024x664.webp 1024w, https:\/\/www.bizneo.com\/blog\/wp-content\/uploads\/2022\/01\/questionnaire-climat-social-en-entreprise-768x498.webp 768w, https:\/\/www.bizneo.com\/blog\/wp-content\/uploads\/2022\/01\/questionnaire-climat-social-en-entreprise-810x525.webp 810w, https:\/\/www.bizneo.com\/blog\/wp-content\/uploads\/2022\/01\/questionnaire-climat-social-en-entreprise-1140x739.webp 1140w\" sizes=\"(max-width: 1500px) 100vw, 1500px\" \/><\/a><\/figure>\n\n\n\n<p>En structurant correctement ces \u00e9tapes, la cartographie des talents devient un levier strat\u00e9gique pour <strong>identifier, d\u00e9velopper et fid\u00e9liser les meilleurs profils <\/strong>au sein de l\u2019entreprise.<\/p>\n\n\n\n<ul class=\"wp-block-list\">\n<li>Comment int\u00e9grer un collaborateur dans un d\u00e9partement ?<\/li>\n\n\n\n<li>Qui est le plus apte \u00e0 occuper un poste sp\u00e9cifique ?<\/li>\n\n\n\n<li>Comment un collaborateur s\u2019int\u00e8gre-t-il au sein de son \u00e9quipe ?<\/li>\n<\/ul>\n\n\n\n<p>Gr\u00e2ce \u00e0 un logiciel d\u2019\u00e9valuation des performances, il est possible de <strong>r\u00e9aliser des tests objectifs pour mesurer la pr\u00e9paration d\u2019un employ\u00e9 <\/strong>et son ad\u00e9quation \u00e0 un poste donn\u00e9.<\/p>\n\n\n\n<p>Les r\u00e9sultats sont trait\u00e9s de mani\u00e8re neutre, \u00e9liminant ainsi les biais, et permettent d\u2019identifier le collaborateur le plus comp\u00e9tent pour une promotion interne ou une nouvelle responsabilit\u00e9.<\/p>\n\n\n\n<p>Cette transparence dans la <a href=\"\/blog\/fr\/gestion-des-talents\/\" target=\"_blank\" rel=\"noreferrer noopener\" data-wpel-link=\"internal\">gestion des talents<\/a> peut \u00eatre partag\u00e9e avec les employ\u00e9s via une <strong>communication interne claire et ouverte<\/strong>, renfor\u00e7ant ainsi la confiance et l\u2019engagement des \u00e9quipes.<\/p>\n\n\n\n<h3 class=\"wp-block-heading\">Strat\u00e9gie de gestion et d\u00e9veloppement des talents<\/h3>\n\n\n\n<p>Une fois que l\u2019entreprise conna\u00eet ses ressources internes et a identifi\u00e9 les comp\u00e9tences \u00e0 d\u00e9velopper gr\u00e2ce \u00e0 sa cartographie des talents, elle doit \u00e9laborer une strat\u00e9gie adapt\u00e9e.<\/p>\n\n\n\n<p>L\u2019objectif est double :<\/p>\n\n\n\n<ul class=\"wp-block-list\">\n<li><strong>Optimiser les comp\u00e9tences existantes<\/strong> et les accompagner dans leur progression<\/li>\n\n\n\n<li><strong>D\u00e9velopper les comp\u00e9tences manquantes<\/strong>, via des formations adapt\u00e9es<\/li>\n<\/ul>\n\n\n\n<p>Un outil de gestion de la formation automatis\u00e9 permet de <strong>concevoir des plans de d\u00e9veloppement individualis\u00e9s<\/strong>, align\u00e9s sur les besoins de l\u2019organisation et le potentiel de chaque employ\u00e9.<\/p>\n\n\n\n<p>Cette approche personnalis\u00e9e et \u00e9volutive facilite le suivi des progr\u00e8s et garantit un d\u00e9veloppement mutuellement b\u00e9n\u00e9fique pour l\u2019employ\u00e9 et l\u2019entreprise.<\/p>\n\n\n\n<bzn-link><a href=\"\/fr\/logiciel-gestion-formation\/\" target=\"_blank\" id=\"destacado-lms\" rel=\"noopener\" data-wpel-link=\"internal\"><span class=\"bzn-link-title\">DEMANDEZ ICI UNE D\u00c9MO D&#8217;UN LOGICIEL DE FORMATION<\/span>Parfait pour les entreprises qui veulent booster leur \u00e9quipe.<\/a><\/bzn-link>\n\n\n\n<p><\/p>\n\n\n\n<h2 class=\"wp-block-heading\">\u00c9valuation et mise \u00e0 jour de la cartographie des talents<\/h2>\n\n\n\n<p>\u00c0 mesure que l\u2019entreprise comble ses besoins en comp\u00e9tences et renforce les talents internes, il est essentiel de<strong> r\u00e9\u00e9valuer r\u00e9guli\u00e8rement le talent mapping<\/strong>.<\/p>\n\n\n\n<p>Cette mise \u00e0 jour permet de :<\/p>\n\n\n\n<ul class=\"wp-block-list\">\n<li>Mesurer l\u2019efficacit\u00e9 des strat\u00e9gies mises en place<\/li>\n\n\n\n<li>Identifier les nouvelles priorit\u00e9s en mati\u00e8re de recrutement et de formation<\/li>\n\n\n\n<li>Anticiper l\u2019\u00e9volution des besoins li\u00e9s \u00e0 la croissance de l\u2019organisation<\/li>\n<\/ul>\n\n\n\n<p>Gr\u00e2ce \u00e0 cet ajustement continu, l\u2019entreprise dispose d\u2019<strong>un outil dynamique<\/strong>, garantissant une gestion proactive et optimis\u00e9e des ressources humaines.<\/p>\n\n\n\n<figure class=\"wp-block-image size-large\"><a href=\"\/fr\/gestion-des-competences-gpec\/\" data-wpel-link=\"internal\" target=\"_blank\"><img decoding=\"async\" width=\"1024\" height=\"779\" src=\"https:\/\/www.bizneo.com\/blog\/wp-content\/uploads\/2023\/08\/types-evaluations-performance-competences-1024x779.webp\" alt=\"types d'\u00e9valuations\" class=\"wp-image-41493\" srcset=\"https:\/\/www.bizneo.com\/blog\/wp-content\/uploads\/2023\/08\/types-evaluations-performance-competences-1024x779.webp 1024w, https:\/\/www.bizneo.com\/blog\/wp-content\/uploads\/2023\/08\/types-evaluations-performance-competences-300x228.webp 300w, https:\/\/www.bizneo.com\/blog\/wp-content\/uploads\/2023\/08\/types-evaluations-performance-competences-768x584.webp 768w, https:\/\/www.bizneo.com\/blog\/wp-content\/uploads\/2023\/08\/types-evaluations-performance-competences-810x616.webp 810w, https:\/\/www.bizneo.com\/blog\/wp-content\/uploads\/2023\/08\/types-evaluations-performance-competences-1140x867.webp 1140w, https:\/\/www.bizneo.com\/blog\/wp-content\/uploads\/2023\/08\/types-evaluations-performance-competences.webp 1500w\" sizes=\"(max-width: 1024px) 100vw, 1024px\" \/><\/a><\/figure>\n\n\n\n<h2 class=\"wp-block-heading\">Cartographie des talents, matrice de comp\u00e9tences, cartographie des comp\u00e9tences et r\u00e9f\u00e9rentiel de comp\u00e9tences : quelles diff\u00e9rences ?<\/h2>\n\n\n\n<p>Lorsqu\u2019il s\u2019agit de gestion des talents et de planification RH, <strong>plusieurs outils sont souvent confondus <\/strong>: cartographie des talents, cartographie des comp\u00e9tences, matrice de comp\u00e9tences et r\u00e9f\u00e9rentiel de comp\u00e9tences. Bien qu\u2019ils soient <strong>compl\u00e9mentaires<\/strong>, chacun r\u00e9pond \u00e0 un objectif pr\u00e9cis et joue un r\u00f4le distinct dans l\u2019organisation des ressources humaines.<\/p>\n\n\n\n<h3 class=\"wp-block-heading\">Cartographie des talents : une approche strat\u00e9gique et anticipative<\/h3>\n\n\n\n<p>La cartographie des talents, ou talent mapping, est une <strong>d\u00e9marche globale qui vise \u00e0 identifier, suivre et anticiper les besoins en talents dans l\u2019entreprise<\/strong>.&nbsp;<\/p>\n\n\n\n<p>Elle permet de pr\u00e9voir les futurs mouvements internes, de d\u00e9tecter les profils \u00e0 fort potentiel et d\u2019aligner les d\u00e9cisions RH avec les objectifs strat\u00e9giques de l\u2019organisation.&nbsp;<\/p>\n\n\n\n<p>Elle est particuli\u00e8rement utilis\u00e9e pour <strong>la planification des successions, l\u2019optimisation du recrutement et la gestion des hauts potentiels<\/strong>.<\/p>\n\n\n\n<h3 class=\"wp-block-heading\">R\u00e9f\u00e9rentiel de comp\u00e9tences : un cadre structurant<\/h3>\n\n\n\n<p>Le <a href=\"\/blog\/fr\/referentiel-de-competences\/\" data-wpel-link=\"internal\" target=\"_blank\">r\u00e9f\u00e9rentiel de comp\u00e9tences<\/a> est <strong>un document qui recense et d\u00e9finit les comp\u00e9tences attendues pour chaque poste <\/strong>au sein d\u2019une organisation. Il \u00e9tablit des crit\u00e8res d\u2019\u00e9valuation clairs et permet d\u2019harmoniser les attentes en mati\u00e8re de comp\u00e9tences, facilitant ainsi les processus de recrutement, d\u2019\u00e9valuation et de formation.&nbsp;<\/p>\n\n\n\n<p>Il sert de base pour<strong> d\u00e9finir les objectifs des collaborateurs<\/strong> et orienter leur d\u00e9veloppement professionnel.<\/p>\n\n\n\n<h3 class=\"wp-block-heading\">Cartographie des comp\u00e9tences : un \u00e9tat des lieux des ressources internes<\/h3>\n\n\n\n<p>La <a href=\"https:\/\/www.bizneo.com\/blog\/fr\/cartographie-des-competences\/\" data-wpel-link=\"internal\" target=\"_blank\">cartographie des comp\u00e9tences<\/a> permet de <strong>visualiser et analyser les comp\u00e9tences r\u00e9ellement pr\u00e9sentes dans l\u2019entreprise<\/strong>.&nbsp;<\/p>\n\n\n\n<p>Elle met en \u00e9vidence<strong> les forces et les lacunes des \u00e9quipes<\/strong>, facilitant ainsi l\u2019identification des besoins en formation, l\u2019anticipation des \u00e9volutions du march\u00e9 et la mise en place de strat\u00e9gies de mobilit\u00e9 interne.&nbsp;<\/p>\n\n\n\n<p>Contrairement au r\u00e9f\u00e9rentiel de comp\u00e9tences, qui fixe un cadre th\u00e9orique, la cartographie des comp\u00e9tences refl\u00e8te une situation concr\u00e8te et \u00e9volutive.<\/p>\n\n\n\n<h3 class=\"wp-block-heading\">Matrice de comp\u00e9tences : un outil d\u2019\u00e9valuation op\u00e9rationnel<\/h3>\n\n\n\n<p>La <a href=\"https:\/\/www.bizneo.com\/blog\/fr\/matrice-de-competences\/\" data-wpel-link=\"internal\" target=\"_blank\">matrice de comp\u00e9tences<\/a> est un <strong>outil qui permet de comparer les comp\u00e9tences requises pour un poste avec celles effectivement d\u00e9tenues par les employ\u00e9s<\/strong>. Elle facilite l\u2019identification des \u00e9carts de comp\u00e9tences, la mise en place de plans de formation adapt\u00e9s et l\u2019optimisation de la gestion des talents au sein des \u00e9quipes.&nbsp;<\/p>\n\n\n\n<p>Contrairement \u00e0 la cartographie des talents, qui adopte <strong>une vision \u00e0 long terme<\/strong>, la matrice de comp\u00e9tences s\u2019inscrit dans une d\u00e9marche plus op\u00e9rationnelle et imm\u00e9diate.<\/p>\n\n\n\n<h3 class=\"wp-block-heading\">Comment choisir la bonne m\u00e9thode ?<\/h3>\n\n\n\n<p>La<strong> cartographie des talents<\/strong> permet d\u2019anticiper et de g\u00e9rer strat\u00e9giquement les ressources humaines, tandis que la <strong>cartographie des comp\u00e9tences<\/strong> aide \u00e0 \u00e9valuer l\u2019\u00e9tat actuel des savoir-faire internes. Le<strong> r\u00e9f\u00e9rentiel de comp\u00e9tences <\/strong>structure les attentes pour chaque poste, et la <strong>matrice de comp\u00e9tences<\/strong> offre un outil d\u2019analyse pr\u00e9cis pour ajuster la formation et l\u2019\u00e9volution des collaborateurs.<\/p>\n\n\n\n<p>Ces outils, lorsqu\u2019ils sont bien articul\u00e9s, permettent aux entreprises d\u2019optimiser la gestion des talents en combinant une approche structur\u00e9e et \u00e9volutive.<\/p>\n\n\n\n<div id=\"cbox-2DzpxQBJtukwtO41\"><\/div>\n\n\n\n<p><\/p>\n\n\n\n<h2 class=\"wp-block-heading\">Outils pour la cartographie des talents<\/h2>\n\n\n\n<p>Pour une gestion efficace des talents, plusieurs outils permettent d\u2019\u00e9valuer et d\u2019optimiser les comp\u00e9tences des collaborateurs :<\/p>\n\n\n\n<ul class=\"wp-block-list\">\n<li><strong>Assessment Center et Development Center : <\/strong>ces m\u00e9thodes combinent mises en situation, observations comportementales et tests de personnalit\u00e9 pour \u00e9valuer les comp\u00e9tences et le potentiel des employ\u00e9s. L\u2019Assessment Center se concentre sur l\u2019\u00e9valuation, tandis que le Development Center vise le d\u00e9veloppement des talents et la mobilit\u00e9 interne.<\/li>\n\n\n\n<li><strong><a href=\"\/blog\/fr\/evaluation-360-degres\/\" target=\"_blank\" rel=\"noreferrer noopener\" data-wpel-link=\"internal\">\u00c9valuation \u00e0 360\u00b0<\/a> : <\/strong>cet outil recueille des feedbacks de plusieurs sources (sup\u00e9rieurs, coll\u00e8gues, subordonn\u00e9s, clients) afin d\u2019offrir une vision compl\u00e8te des comp\u00e9tences et axes d\u2019am\u00e9lioration d\u2019un collaborateur. Il est particuli\u00e8rement utile pour le d\u00e9veloppement des managers et des cadres dirigeants.<\/li>\n\n\n\n<li><strong>Tests de jugement situationnel :<\/strong> en confrontant les employ\u00e9s ou candidats \u00e0 des sc\u00e9narios professionnels r\u00e9alistes, ces tests permettent d\u2019\u00e9valuer leur capacit\u00e9 \u00e0 prendre des d\u00e9cisions et \u00e0 r\u00e9soudre des dilemmes courants dans leur fonction.<\/li>\n\n\n\n<li><strong>Solutions RH num\u00e9riques : <\/strong>les logiciels sp\u00e9cialis\u00e9s en gestion des talents facilitent la cartographie des comp\u00e9tences en automatisant la collecte et l\u2019analyse des donn\u00e9es sur la performance, le potentiel et la formation des employ\u00e9s. Ces outils permettent aussi de planifier les successions et d\u2019optimiser le recrutement.<\/li>\n<\/ul>\n\n\n\n<p>L\u2019int\u00e9gration de ces outils dans la strat\u00e9gie RH permet aux entreprises d\u2019anticiper les besoins en comp\u00e9tences, d\u2019optimiser la mobilit\u00e9 interne et de renforcer la gestion des talents de mani\u00e8re proactive.<\/p>\n\n\n\n<figure class=\"wp-block-image size-large\"><a href=\"https:\/\/hello.bizneo.com\/demo\/suite\/fr\/?utm_content=post-banner-grande\" target=\"_blank\" rel=\"noopener\" data-wpel-link=\"internal\"><img decoding=\"async\" width=\"1024\" height=\"307\" src=\"https:\/\/www.bizneo.com\/blog\/wp-content\/uploads\/2021\/08\/Banner-Logiciel-evaluations-competences-objectif-1024x307.jpg\" alt=\"Logiciel GPEC\" class=\"wp-image-25146\" srcset=\"https:\/\/www.bizneo.com\/blog\/wp-content\/uploads\/2021\/08\/Banner-Logiciel-evaluations-competences-objectif-1024x307.jpg 1024w, https:\/\/www.bizneo.com\/blog\/wp-content\/uploads\/2021\/08\/Banner-Logiciel-evaluations-competences-objectif-300x90.jpg 300w, https:\/\/www.bizneo.com\/blog\/wp-content\/uploads\/2021\/08\/Banner-Logiciel-evaluations-competences-objectif-768x230.jpg 768w, https:\/\/www.bizneo.com\/blog\/wp-content\/uploads\/2021\/08\/Banner-Logiciel-evaluations-competences-objectif-810x243.jpg 810w, https:\/\/www.bizneo.com\/blog\/wp-content\/uploads\/2021\/08\/Banner-Logiciel-evaluations-competences-objectif-1140x342.jpg 1140w, https:\/\/www.bizneo.com\/blog\/wp-content\/uploads\/2021\/08\/Banner-Logiciel-evaluations-competences-objectif.jpg 1360w\" sizes=\"(max-width: 1024px) 100vw, 1024px\" \/><\/a><\/figure>\n","protected":false},"excerpt":{"rendered":"<p>La cartographie des talents est une m\u00e9thode strat\u00e9gique de plus en plus adopt\u00e9e par les entreprises. Elle permet d\u2019obtenir des informations cl\u00e9s sur la performance et le potentiel des collaborateurs, facilitant ainsi la prise de d\u00e9cision en mati\u00e8re de gestion des ressources humaines.<\/p>\n","protected":false},"author":37,"featured_media":54420,"comment_status":"open","ping_status":"open","sticky":false,"template":"","format":"standard","meta":{"_uag_custom_page_level_css":"","site-sidebar-layout":"default","site-content-layout":"","ast-site-content-layout":"default","site-content-style":"default","site-sidebar-style":"default","ast-global-header-display":"","ast-banner-title-visibility":"","ast-main-header-display":"","ast-hfb-above-header-display":"","ast-hfb-below-header-display":"","ast-hfb-mobile-header-display":"","site-post-title":"","ast-breadcrumbs-content":"","ast-featured-img":"","footer-sml-layout":"","ast-disable-related-posts":"","theme-transparent-header-meta":"","adv-header-id-meta":"","stick-header-meta":"","header-above-stick-meta":"","header-main-stick-meta":"","header-below-stick-meta":"","astra-migrate-meta-layouts":"default","ast-page-background-enabled":"default","ast-page-background-meta":{"desktop":{"background-color":"var(--ast-global-color-5)","background-image":"","background-repeat":"repeat","background-position":"center center","background-size":"auto","background-attachment":"scroll","background-type":"","background-media":"","overlay-type":"","overlay-color":"","overlay-opacity":"","overlay-gradient":""},"tablet":{"background-color":"","background-image":"","background-repeat":"repeat","background-position":"center center","background-size":"auto","background-attachment":"scroll","background-type":"","background-media":"","overlay-type":"","overlay-color":"","overlay-opacity":"","overlay-gradient":""},"mobile":{"background-color":"","background-image":"","background-repeat":"repeat","background-position":"center center","background-size":"auto","background-attachment":"scroll","background-type":"","background-media":"","overlay-type":"","overlay-color":"","overlay-opacity":"","overlay-gradient":""}},"ast-content-background-meta":{"desktop":{"background-color":"var(--ast-global-color-4)","background-image":"","background-repeat":"repeat","background-position":"center center","background-size":"auto","background-attachment":"scroll","background-type":"","background-media":"","overlay-type":"","overlay-color":"","overlay-opacity":"","overlay-gradient":""},"tablet":{"background-color":"var(--ast-global-color-4)","background-image":"","background-repeat":"repeat","background-position":"center center","background-size":"auto","background-attachment":"scroll","background-type":"","background-media":"","overlay-type":"","overlay-color":"","overlay-opacity":"","overlay-gradient":""},"mobile":{"background-color":"var(--ast-global-color-4)","background-image":"","background-repeat":"repeat","background-position":"center center","background-size":"auto","background-attachment":"scroll","background-type":"","background-media":"","overlay-type":"","overlay-color":"","overlay-opacity":"","overlay-gradient":""}},"footnotes":""},"categories":[307],"tags":[],"class_list":["post-53167","post","type-post","status-publish","format-standard","has-post-thumbnail","hentry","category-gestion-des-talents"],"yoast_head":"<!-- This site is optimized with the Yoast SEO plugin v27.5 - https:\/\/yoast.com\/product\/yoast-seo-wordpress\/ -->\n<title>Cartographie des talents | Quelle utilit\u00e9 dans votre entreprise ?<\/title>\n<meta name=\"description\" content=\"Une cartographie des talents analyse les salari\u00e9s et comment ils pourront \u00eatre dans le futur. Elle mesure talent et potentiel !\" \/>\n<meta name=\"robots\" content=\"index, follow, max-snippet:-1, max-image-preview:large, max-video-preview:-1\" \/>\n<meta property=\"og:locale\" content=\"es_ES\" \/>\n<meta property=\"og:type\" content=\"article\" \/>\n<meta property=\"og:title\" content=\"Cartographie des talents | Quelle utilit\u00e9 dans votre entreprise ?\" \/>\n<meta property=\"og:description\" content=\"Une cartographie des talents analyse les salari\u00e9s et comment ils pourront \u00eatre dans le futur. Elle mesure talent et potentiel !\" \/>\n<meta property=\"og:url\" content=\"https:\/\/www.bizneo.com\/blog\/fr\/cartographie-des-talents\/\" \/>\n<meta property=\"og:site_name\" content=\"Blog de Recursos Humanos de Bizneo HR: pr\u00e1ctico y actual\" \/>\n<meta property=\"article:published_time\" content=\"2025-05-28T15:04:45+00:00\" \/>\n<meta property=\"article:modified_time\" content=\"2026-01-26T15:57:50+00:00\" \/>\n<meta property=\"og:image\" content=\"https:\/\/www.bizneo.com\/blog\/wp-content\/uploads\/2025\/05\/cartographie-des-talents.jpg\" \/>\n\t<meta property=\"og:image:width\" content=\"1140\" \/>\n\t<meta property=\"og:image:height\" content=\"640\" \/>\n\t<meta property=\"og:image:type\" content=\"image\/jpeg\" \/>\n<meta name=\"author\" content=\"Frederic\" \/>\n<meta name=\"twitter:card\" content=\"summary_large_image\" \/>\n<meta name=\"twitter:label1\" content=\"Escrito por\" \/>\n\t<meta name=\"twitter:data1\" content=\"Frederic\" \/>\n\t<meta name=\"twitter:label2\" content=\"Tiempo de lectura\" \/>\n\t<meta name=\"twitter:data2\" content=\"14 minutos\" \/>\n<script type=\"application\/ld+json\" class=\"yoast-schema-graph\">{\"@context\":\"https:\\\/\\\/schema.org\",\"@graph\":[{\"@type\":[\"Article\",\"BlogPosting\"],\"@id\":\"https:\\\/\\\/www.bizneo.com\\\/blog\\\/fr\\\/cartographie-des-talents\\\/#article\",\"isPartOf\":{\"@id\":\"https:\\\/\\\/www.bizneo.com\\\/blog\\\/fr\\\/cartographie-des-talents\\\/\"},\"author\":{\"name\":\"Frederic\",\"@id\":\"https:\\\/\\\/www.bizneo.com\\\/blog\\\/#\\\/schema\\\/person\\\/c54a399718abb92cd32efffb5977118a\"},\"headline\":\"Qu\u2019est-ce que la cartographie des talents et \u00e0 quoi sert-elle ?\",\"datePublished\":\"2025-05-28T15:04:45+00:00\",\"dateModified\":\"2026-01-26T15:57:50+00:00\",\"mainEntityOfPage\":{\"@id\":\"https:\\\/\\\/www.bizneo.com\\\/blog\\\/fr\\\/cartographie-des-talents\\\/\"},\"wordCount\":2672,\"commentCount\":0,\"publisher\":{\"@id\":\"https:\\\/\\\/www.bizneo.com\\\/blog\\\/#organization\"},\"image\":{\"@id\":\"https:\\\/\\\/www.bizneo.com\\\/blog\\\/fr\\\/cartographie-des-talents\\\/#primaryimage\"},\"thumbnailUrl\":\"https:\\\/\\\/www.bizneo.com\\\/blog\\\/wp-content\\\/uploads\\\/2025\\\/05\\\/cartographie-des-talents.jpg\",\"articleSection\":[\"Gestion des talents\"],\"inLanguage\":\"es\",\"potentialAction\":[{\"@type\":\"CommentAction\",\"name\":\"Comment\",\"target\":[\"https:\\\/\\\/www.bizneo.com\\\/blog\\\/fr\\\/cartographie-des-talents\\\/#respond\"]}]},{\"@type\":\"WebPage\",\"@id\":\"https:\\\/\\\/www.bizneo.com\\\/blog\\\/fr\\\/cartographie-des-talents\\\/\",\"url\":\"https:\\\/\\\/www.bizneo.com\\\/blog\\\/fr\\\/cartographie-des-talents\\\/\",\"name\":\"Cartographie des talents | Quelle utilit\u00e9 dans votre entreprise ?\",\"isPartOf\":{\"@id\":\"https:\\\/\\\/www.bizneo.com\\\/blog\\\/#website\"},\"primaryImageOfPage\":{\"@id\":\"https:\\\/\\\/www.bizneo.com\\\/blog\\\/fr\\\/cartographie-des-talents\\\/#primaryimage\"},\"image\":{\"@id\":\"https:\\\/\\\/www.bizneo.com\\\/blog\\\/fr\\\/cartographie-des-talents\\\/#primaryimage\"},\"thumbnailUrl\":\"https:\\\/\\\/www.bizneo.com\\\/blog\\\/wp-content\\\/uploads\\\/2025\\\/05\\\/cartographie-des-talents.jpg\",\"datePublished\":\"2025-05-28T15:04:45+00:00\",\"dateModified\":\"2026-01-26T15:57:50+00:00\",\"description\":\"Une cartographie des talents analyse les salari\u00e9s et comment ils pourront \u00eatre dans le futur. Elle mesure talent et potentiel !\",\"breadcrumb\":{\"@id\":\"https:\\\/\\\/www.bizneo.com\\\/blog\\\/fr\\\/cartographie-des-talents\\\/#breadcrumb\"},\"inLanguage\":\"es\",\"potentialAction\":[{\"@type\":\"ReadAction\",\"target\":[\"https:\\\/\\\/www.bizneo.com\\\/blog\\\/fr\\\/cartographie-des-talents\\\/\"]}]},{\"@type\":\"ImageObject\",\"inLanguage\":\"es\",\"@id\":\"https:\\\/\\\/www.bizneo.com\\\/blog\\\/fr\\\/cartographie-des-talents\\\/#primaryimage\",\"url\":\"https:\\\/\\\/www.bizneo.com\\\/blog\\\/wp-content\\\/uploads\\\/2025\\\/05\\\/cartographie-des-talents.jpg\",\"contentUrl\":\"https:\\\/\\\/www.bizneo.com\\\/blog\\\/wp-content\\\/uploads\\\/2025\\\/05\\\/cartographie-des-talents.jpg\",\"width\":1140,\"height\":640,\"caption\":\"cartographie des talents\"},{\"@type\":\"BreadcrumbList\",\"@id\":\"https:\\\/\\\/www.bizneo.com\\\/blog\\\/fr\\\/cartographie-des-talents\\\/#breadcrumb\",\"itemListElement\":[{\"@type\":\"ListItem\",\"position\":1,\"name\":\"Portada\",\"item\":\"https:\\\/\\\/www.bizneo.com\\\/blog\\\/\"},{\"@type\":\"ListItem\",\"position\":2,\"name\":\"Gestion des talents\",\"item\":\"https:\\\/\\\/www.bizneo.com\\\/blog\\\/fr\\\/category\\\/gestion-des-talents\\\/\"},{\"@type\":\"ListItem\",\"position\":3,\"name\":\"Qu\u2019est-ce que la cartographie des talents et \u00e0 quoi sert-elle ?\"}]},{\"@type\":\"WebSite\",\"@id\":\"https:\\\/\\\/www.bizneo.com\\\/blog\\\/#website\",\"url\":\"https:\\\/\\\/www.bizneo.com\\\/blog\\\/\",\"name\":\"Blog de Recursos Humanos de Bizneo HR: pr\u00e1ctico y actual\",\"description\":\"Todo sobre actualidad, herramientas y tecnolog\u00eda  para optimizar la gesti\u00f3n del talento humano\",\"publisher\":{\"@id\":\"https:\\\/\\\/www.bizneo.com\\\/blog\\\/#organization\"},\"potentialAction\":[{\"@type\":\"SearchAction\",\"target\":{\"@type\":\"EntryPoint\",\"urlTemplate\":\"https:\\\/\\\/www.bizneo.com\\\/blog\\\/?s={search_term_string}\"},\"query-input\":{\"@type\":\"PropertyValueSpecification\",\"valueRequired\":true,\"valueName\":\"search_term_string\"}}],\"inLanguage\":\"es\"},{\"@type\":\"Organization\",\"@id\":\"https:\\\/\\\/www.bizneo.com\\\/blog\\\/#organization\",\"name\":\"Bizneo HR\",\"url\":\"https:\\\/\\\/www.bizneo.com\\\/blog\\\/\",\"logo\":{\"@type\":\"ImageObject\",\"inLanguage\":\"es\",\"@id\":\"https:\\\/\\\/www.bizneo.com\\\/blog\\\/#\\\/schema\\\/logo\\\/image\\\/\",\"url\":\"https:\\\/\\\/www.bizneo.com\\\/blog\\\/wp-content\\\/uploads\\\/2020\\\/09\\\/Icono-Logo-Bizneo-HR.png\",\"contentUrl\":\"https:\\\/\\\/www.bizneo.com\\\/blog\\\/wp-content\\\/uploads\\\/2020\\\/09\\\/Icono-Logo-Bizneo-HR.png\",\"width\":834,\"height\":834,\"caption\":\"Bizneo HR\"},\"image\":{\"@id\":\"https:\\\/\\\/www.bizneo.com\\\/blog\\\/#\\\/schema\\\/logo\\\/image\\\/\"}},{\"@type\":\"Person\",\"@id\":\"https:\\\/\\\/www.bizneo.com\\\/blog\\\/#\\\/schema\\\/person\\\/c54a399718abb92cd32efffb5977118a\",\"name\":\"Frederic\",\"image\":{\"@type\":\"ImageObject\",\"inLanguage\":\"es\",\"@id\":\"https:\\\/\\\/secure.gravatar.com\\\/avatar\\\/566b48122abdbf3668ee93a4e72dc097f49820d5841e88c2eb000e8530457898?s=96&d=mm&r=g\",\"url\":\"https:\\\/\\\/secure.gravatar.com\\\/avatar\\\/566b48122abdbf3668ee93a4e72dc097f49820d5841e88c2eb000e8530457898?s=96&d=mm&r=g\",\"contentUrl\":\"https:\\\/\\\/secure.gravatar.com\\\/avatar\\\/566b48122abdbf3668ee93a4e72dc097f49820d5841e88c2eb000e8530457898?s=96&d=mm&r=g\",\"caption\":\"Frederic\"},\"url\":\"https:\\\/\\\/www.bizneo.com\\\/blog\\\/author\\\/frederic\\\/\"}]}<\/script>\n<!-- \/ Yoast SEO plugin. -->","yoast_head_json":{"title":"Cartographie des talents | Quelle utilit\u00e9 dans votre entreprise ?","description":"Une cartographie des talents analyse les salari\u00e9s et comment ils pourront \u00eatre dans le futur. Elle mesure talent et potentiel !","robots":{"index":"index","follow":"follow","max-snippet":"max-snippet:-1","max-image-preview":"max-image-preview:large","max-video-preview":"max-video-preview:-1"},"og_locale":"es_ES","og_type":"article","og_title":"Cartographie des talents | Quelle utilit\u00e9 dans votre entreprise ?","og_description":"Une cartographie des talents analyse les salari\u00e9s et comment ils pourront \u00eatre dans le futur. Elle mesure talent et potentiel !","og_url":"https:\/\/www.bizneo.com\/blog\/fr\/cartographie-des-talents\/","og_site_name":"Blog de Recursos Humanos de Bizneo HR: pr\u00e1ctico y actual","article_published_time":"2025-05-28T15:04:45+00:00","article_modified_time":"2026-01-26T15:57:50+00:00","og_image":[{"width":1140,"height":640,"url":"https:\/\/www.bizneo.com\/blog\/wp-content\/uploads\/2025\/05\/cartographie-des-talents.jpg","type":"image\/jpeg"}],"author":"Frederic","twitter_card":"summary_large_image","twitter_misc":{"Escrito por":"Frederic","Tiempo de lectura":"14 minutos"},"schema":{"@context":"https:\/\/schema.org","@graph":[{"@type":["Article","BlogPosting"],"@id":"https:\/\/www.bizneo.com\/blog\/fr\/cartographie-des-talents\/#article","isPartOf":{"@id":"https:\/\/www.bizneo.com\/blog\/fr\/cartographie-des-talents\/"},"author":{"name":"Frederic","@id":"https:\/\/www.bizneo.com\/blog\/#\/schema\/person\/c54a399718abb92cd32efffb5977118a"},"headline":"Qu\u2019est-ce que la cartographie des talents et \u00e0 quoi sert-elle ?","datePublished":"2025-05-28T15:04:45+00:00","dateModified":"2026-01-26T15:57:50+00:00","mainEntityOfPage":{"@id":"https:\/\/www.bizneo.com\/blog\/fr\/cartographie-des-talents\/"},"wordCount":2672,"commentCount":0,"publisher":{"@id":"https:\/\/www.bizneo.com\/blog\/#organization"},"image":{"@id":"https:\/\/www.bizneo.com\/blog\/fr\/cartographie-des-talents\/#primaryimage"},"thumbnailUrl":"https:\/\/www.bizneo.com\/blog\/wp-content\/uploads\/2025\/05\/cartographie-des-talents.jpg","articleSection":["Gestion des talents"],"inLanguage":"es","potentialAction":[{"@type":"CommentAction","name":"Comment","target":["https:\/\/www.bizneo.com\/blog\/fr\/cartographie-des-talents\/#respond"]}]},{"@type":"WebPage","@id":"https:\/\/www.bizneo.com\/blog\/fr\/cartographie-des-talents\/","url":"https:\/\/www.bizneo.com\/blog\/fr\/cartographie-des-talents\/","name":"Cartographie des talents | Quelle utilit\u00e9 dans votre entreprise ?","isPartOf":{"@id":"https:\/\/www.bizneo.com\/blog\/#website"},"primaryImageOfPage":{"@id":"https:\/\/www.bizneo.com\/blog\/fr\/cartographie-des-talents\/#primaryimage"},"image":{"@id":"https:\/\/www.bizneo.com\/blog\/fr\/cartographie-des-talents\/#primaryimage"},"thumbnailUrl":"https:\/\/www.bizneo.com\/blog\/wp-content\/uploads\/2025\/05\/cartographie-des-talents.jpg","datePublished":"2025-05-28T15:04:45+00:00","dateModified":"2026-01-26T15:57:50+00:00","description":"Une cartographie des talents analyse les salari\u00e9s et comment ils pourront \u00eatre dans le futur. Elle mesure talent et potentiel !","breadcrumb":{"@id":"https:\/\/www.bizneo.com\/blog\/fr\/cartographie-des-talents\/#breadcrumb"},"inLanguage":"es","potentialAction":[{"@type":"ReadAction","target":["https:\/\/www.bizneo.com\/blog\/fr\/cartographie-des-talents\/"]}]},{"@type":"ImageObject","inLanguage":"es","@id":"https:\/\/www.bizneo.com\/blog\/fr\/cartographie-des-talents\/#primaryimage","url":"https:\/\/www.bizneo.com\/blog\/wp-content\/uploads\/2025\/05\/cartographie-des-talents.jpg","contentUrl":"https:\/\/www.bizneo.com\/blog\/wp-content\/uploads\/2025\/05\/cartographie-des-talents.jpg","width":1140,"height":640,"caption":"cartographie des talents"},{"@type":"BreadcrumbList","@id":"https:\/\/www.bizneo.com\/blog\/fr\/cartographie-des-talents\/#breadcrumb","itemListElement":[{"@type":"ListItem","position":1,"name":"Portada","item":"https:\/\/www.bizneo.com\/blog\/"},{"@type":"ListItem","position":2,"name":"Gestion des talents","item":"https:\/\/www.bizneo.com\/blog\/fr\/category\/gestion-des-talents\/"},{"@type":"ListItem","position":3,"name":"Qu\u2019est-ce que la cartographie des talents et \u00e0 quoi sert-elle ?"}]},{"@type":"WebSite","@id":"https:\/\/www.bizneo.com\/blog\/#website","url":"https:\/\/www.bizneo.com\/blog\/","name":"Blog de Recursos Humanos de Bizneo HR: pr\u00e1ctico y actual","description":"Todo sobre actualidad, herramientas y tecnolog\u00eda  para optimizar la gesti\u00f3n del talento humano","publisher":{"@id":"https:\/\/www.bizneo.com\/blog\/#organization"},"potentialAction":[{"@type":"SearchAction","target":{"@type":"EntryPoint","urlTemplate":"https:\/\/www.bizneo.com\/blog\/?s={search_term_string}"},"query-input":{"@type":"PropertyValueSpecification","valueRequired":true,"valueName":"search_term_string"}}],"inLanguage":"es"},{"@type":"Organization","@id":"https:\/\/www.bizneo.com\/blog\/#organization","name":"Bizneo HR","url":"https:\/\/www.bizneo.com\/blog\/","logo":{"@type":"ImageObject","inLanguage":"es","@id":"https:\/\/www.bizneo.com\/blog\/#\/schema\/logo\/image\/","url":"https:\/\/www.bizneo.com\/blog\/wp-content\/uploads\/2020\/09\/Icono-Logo-Bizneo-HR.png","contentUrl":"https:\/\/www.bizneo.com\/blog\/wp-content\/uploads\/2020\/09\/Icono-Logo-Bizneo-HR.png","width":834,"height":834,"caption":"Bizneo HR"},"image":{"@id":"https:\/\/www.bizneo.com\/blog\/#\/schema\/logo\/image\/"}},{"@type":"Person","@id":"https:\/\/www.bizneo.com\/blog\/#\/schema\/person\/c54a399718abb92cd32efffb5977118a","name":"Frederic","image":{"@type":"ImageObject","inLanguage":"es","@id":"https:\/\/secure.gravatar.com\/avatar\/566b48122abdbf3668ee93a4e72dc097f49820d5841e88c2eb000e8530457898?s=96&d=mm&r=g","url":"https:\/\/secure.gravatar.com\/avatar\/566b48122abdbf3668ee93a4e72dc097f49820d5841e88c2eb000e8530457898?s=96&d=mm&r=g","contentUrl":"https:\/\/secure.gravatar.com\/avatar\/566b48122abdbf3668ee93a4e72dc097f49820d5841e88c2eb000e8530457898?s=96&d=mm&r=g","caption":"Frederic"},"url":"https:\/\/www.bizneo.com\/blog\/author\/frederic\/"}]}},"spectra_custom_meta":{"onesignal_meta_box_present":["1"],"onesignal_send_notification":["1"],"response_body":["{\"id\":\"b2fe8dda-c03a-487a-ad80-cca364000efa\",\"recipients\":4763,\"external_id\":\"f4d3a277-524a-d4e1-98b1-9c62d0784501\",\"warnings\":[\"You must configure iOS notifications in your OneSignal settings if you wish to send messages to iOS users.\",\"You must configure Android notifications in your OneSignal settings if you wish to send messages to Android users.\"]}"],"status":["200"],"recipients":["4763"],"onesignal_modify_title_and_content":[""],"onesignal_notification_custom_heading":[null],"onesignal_notification_custom_content":[null],"Views":["27795"],"wp_review_type":["none"],"wp_review_positive_count":["0"],"wp_review_negative_count":["0"],"wp_review_user_reviews":["0"],"wp_review_review_count":["0"],"_thumbnail_id":["54420"],"_yoast_wpseo_title":["Cartographie des talents | Quelle utilit\u00e9 dans votre entreprise ?"],"_yoast_wpseo_metadesc":["Une cartographie des talents analyse les salari\u00e9s et comment ils pourront \u00eatre dans le futur. Elle mesure talent et potentiel !"],"_yoast_wpseo_focuskw":["cartographie des talents"],"_yoast_wpseo_primary_category":["307"],"_edit_lock":["1769443205:47"],"_edit_last":["47"],"_vce_meta":["a:4:{s:11:\"use_sidebar\";s:7:\"inherit\";s:7:\"sidebar\";s:7:\"inherit\";s:14:\"sticky_sidebar\";s:7:\"inherit\";s:6:\"layout\";s:7:\"inherit\";}"],"_yoast_wpseo_linkdex":["91"],"_yoast_wpseo_content_score":["90"],"_yoast_wpseo_estimated-reading-time-minutes":["14"],"_wp_old_date":["2025-03-07"],"_uag_css_file_name":["uag-css-53167.css"],"_uag_page_assets":["a:9:{s:3:\"css\";s:263:\".uag-blocks-common-selector{z-index:var(--z-index-desktop) !important}@media (max-width: 976px){.uag-blocks-common-selector{z-index:var(--z-index-tablet) !important}}@media (max-width: 767px){.uag-blocks-common-selector{z-index:var(--z-index-mobile) !important}}\n\";s:2:\"js\";s:0:\"\";s:18:\"current_block_list\";a:8:{i:0;s:14:\"core\/paragraph\";i:1;s:9:\"core\/list\";i:2;s:14:\"core\/list-item\";i:3;s:12:\"core\/heading\";i:4;s:10:\"core\/image\";i:5;s:9:\"core\/html\";i:6;s:12:\"core\/details\";i:7;s:14:\"core\/shortcode\";}s:8:\"uag_flag\";b:0;s:11:\"uag_version\";s:10:\"1777548730\";s:6:\"gfonts\";a:0:{}s:10:\"gfonts_url\";s:0:\"\";s:12:\"gfonts_files\";a:0:{}s:14:\"uag_faq_layout\";b:0;}"]},"uagb_featured_image_src":{"full":["https:\/\/www.bizneo.com\/blog\/wp-content\/uploads\/2025\/05\/cartographie-des-talents.jpg",1140,640,false],"thumbnail":["https:\/\/www.bizneo.com\/blog\/wp-content\/uploads\/2025\/05\/cartographie-des-talents-150x150.jpg",150,150,true],"medium":["https:\/\/www.bizneo.com\/blog\/wp-content\/uploads\/2025\/05\/cartographie-des-talents-300x168.jpg",300,168,true],"medium_large":["https:\/\/www.bizneo.com\/blog\/wp-content\/uploads\/2025\/05\/cartographie-des-talents-768x431.jpg",768,431,true],"large":["https:\/\/www.bizneo.com\/blog\/wp-content\/uploads\/2025\/05\/cartographie-des-talents-1024x575.jpg",1024,575,true],"1536x1536":["https:\/\/www.bizneo.com\/blog\/wp-content\/uploads\/2025\/05\/cartographie-des-talents.jpg",1140,640,false],"2048x2048":["https:\/\/www.bizneo.com\/blog\/wp-content\/uploads\/2025\/05\/cartographie-des-talents.jpg",1140,640,false]},"uagb_author_info":{"display_name":"Frederic","author_link":"https:\/\/www.bizneo.com\/blog\/author\/frederic\/"},"uagb_comment_info":0,"uagb_excerpt":"La cartographie des talents est une m\u00e9thode strat\u00e9gique de plus en plus adopt\u00e9e par les entreprises. Elle permet d\u2019obtenir des informations cl\u00e9s sur la performance et le potentiel des collaborateurs, facilitant ainsi la prise de d\u00e9cision en mati\u00e8re de gestion des ressources humaines.","_links":{"self":[{"href":"https:\/\/www.bizneo.com\/blog\/wp-json\/wp\/v2\/posts\/53167","targetHints":{"allow":["GET"]}}],"collection":[{"href":"https:\/\/www.bizneo.com\/blog\/wp-json\/wp\/v2\/posts"}],"about":[{"href":"https:\/\/www.bizneo.com\/blog\/wp-json\/wp\/v2\/types\/post"}],"author":[{"embeddable":true,"href":"https:\/\/www.bizneo.com\/blog\/wp-json\/wp\/v2\/users\/37"}],"replies":[{"embeddable":true,"href":"https:\/\/www.bizneo.com\/blog\/wp-json\/wp\/v2\/comments?post=53167"}],"version-history":[{"count":9,"href":"https:\/\/www.bizneo.com\/blog\/wp-json\/wp\/v2\/posts\/53167\/revisions"}],"predecessor-version":[{"id":58149,"href":"https:\/\/www.bizneo.com\/blog\/wp-json\/wp\/v2\/posts\/53167\/revisions\/58149"}],"wp:featuredmedia":[{"embeddable":true,"href":"https:\/\/www.bizneo.com\/blog\/wp-json\/wp\/v2\/media\/54420"}],"wp:attachment":[{"href":"https:\/\/www.bizneo.com\/blog\/wp-json\/wp\/v2\/media?parent=53167"}],"wp:term":[{"taxonomy":"category","embeddable":true,"href":"https:\/\/www.bizneo.com\/blog\/wp-json\/wp\/v2\/categories?post=53167"},{"taxonomy":"post_tag","embeddable":true,"href":"https:\/\/www.bizneo.com\/blog\/wp-json\/wp\/v2\/tags?post=53167"}],"curies":[{"name":"wp","href":"https:\/\/api.w.org\/{rel}","templated":true}]}}