{"id":53072,"date":"2025-10-27T12:54:36","date_gmt":"2025-10-27T11:54:36","guid":{"rendered":"https:\/\/www.bizneo.com\/blog\/?p=53072"},"modified":"2026-01-26T14:32:51","modified_gmt":"2026-01-26T13:32:51","slug":"formazione-e-sviluppo","status":"publish","type":"post","link":"https:\/\/www.bizneo.com\/blog\/it\/formazione-e-sviluppo\/","title":{"rendered":"Come combinare formazione e sviluppo in modo efficace?"},"content":{"rendered":"\n<p>Una buona combinazione di <strong>formazione<\/strong> e <strong>sviluppo<\/strong> permette di potenziare le capacit\u00e0 dei dipendenti, in quanto \u00e8 essenziale mantenerle aggiornate per evitare che un&#8217;azienda perda il suo vantaggio competitivo. <\/p>\n\n\n\n<p>Per questo motivo \u00e8 fondamentale integrare lo sviluppo con la <a href=\"https:\/\/www.bizneo.com\/blog\/it\/formazione-personale-azienda\/\" target=\"_blank\" rel=\"noreferrer noopener\" data-wpel-link=\"internal\">formazione del personale<\/a>. Dalla produttivit\u00e0 sul lavoro all\u2019innovazione, la presenza o meno di determinate competenze e conoscenze avr\u00e0 un forte impatto sulle performance aziendali.<\/p>\n\n\n\n<p>Per avere successo e mantenerersi al passo coi tempi, \u00e8 necessario comprendere<strong> perch\u00e9 la formazione e lo sviluppo professionale sono cos\u00ec importanti<\/strong> e come strutturare un processo che li valorizzi al massimo.<\/p>\n\n\n\n<h2 class=\"wp-block-heading\">Perch\u00e9 formazione e sviluppo sono cos\u00ec correlati?<\/h2>\n\n\n\n<p>Il concetto di formazione implica naturalmente anche quello di sviluppo, poich\u00e9 incrementa le conoscenze, le abilit\u00e0 e le competenze professionali all\u2019interno dell\u2019azienda. Non si tratta solo di acquisire nozioni tramite un corso, ma di un<strong> percorso continuativo orientato al lungo termine<\/strong>, supportato dai processi di <a href=\"https:\/\/www.bizneo.com\/blog\/it\/valutazione-del-personale\/\" target=\"_blank\" rel=\"noreferrer noopener\" data-wpel-link=\"internal\">valutazione del personale<\/a>.<\/p>\n\n\n\n<p>Le aziende devono adattarsi sia al settore in cui operano sia alle richieste del mercato. Di fronte alle sfide che entrambi presentano, \u00e8 possibile optare per l\u2019assunzione di nuovo personale oppure per lo sviluppo di quello gi\u00e0 presente. Scegliere quest\u2019ultima opzione favorisce la <strong>formazione continua dei dipendenti<\/strong>, siano essi neoassunti o veterani, migliorando le loro capacit\u00e0 e facilitando la crescita professionale e intellettuale.<\/p>\n\n\n\n<p>Un processo di formazione e sviluppo ben strutturato rende i dipendenti sempre pi\u00f9 efficaci ed efficienti, aumentando il loro valore. La capacit\u00e0 di affrontare le responsabilit\u00e0 del ruolo migliora, cos\u00ec come la soddisfazione e la motivazione sul lavoro. Inoltre, si riduce il turnover, con i costi ad esso associati.<\/p>\n\n\n\n<figure class=\"wp-block-image size-large\"><a href=\"https:\/\/www.bizneo.com\/it\/formazione-personale\/\" data-wpel-link=\"internal\" target=\"_blank\"><img decoding=\"async\" width=\"1024\" height=\"711\" src=\"https:\/\/www.bizneo.com\/blog\/wp-content\/uploads\/2024\/07\/costo-attivita-formativa-1024x711.webp\" alt=\"il costo di ogni attivit\u00e0 formativa\" class=\"wp-image-49750\" srcset=\"https:\/\/www.bizneo.com\/blog\/wp-content\/uploads\/2024\/07\/costo-attivita-formativa-1024x711.webp 1024w, https:\/\/www.bizneo.com\/blog\/wp-content\/uploads\/2024\/07\/costo-attivita-formativa-300x208.webp 300w, https:\/\/www.bizneo.com\/blog\/wp-content\/uploads\/2024\/07\/costo-attivita-formativa-768x534.webp 768w, https:\/\/www.bizneo.com\/blog\/wp-content\/uploads\/2024\/07\/costo-attivita-formativa-810x563.webp 810w, https:\/\/www.bizneo.com\/blog\/wp-content\/uploads\/2024\/07\/costo-attivita-formativa-1140x792.webp 1140w, https:\/\/www.bizneo.com\/blog\/wp-content\/uploads\/2024\/07\/costo-attivita-formativa-145x100.webp 145w, https:\/\/www.bizneo.com\/blog\/wp-content\/uploads\/2024\/07\/costo-attivita-formativa.webp 1500w\" sizes=\"(max-width: 1024px) 100vw, 1024px\" \/><\/a><\/figure>\n\n\n\n<p>Entrambi i concetti si concretizzano in una <strong>politica formativa personalizzata<\/strong> per ogni azienda, ottimizzabile anche tramite tecnologie dedicate. Grazie a queste soluzioni, \u00e8 possibile pianificare le azioni formative a livello individuale e di team, garantendo uno sviluppo del personale razionale e orientato a obiettivi specifici.<\/p>\n\n\n\n<bzn-info><a href=\"\/blog\/it\/piano-carriera-dipendenti\/\" id=\"destacado-post\" target=\"_blank\" rel=\"noopener noreferrer\" data-wpel-link=\"internal\"><span class=\"bzn-link-title\"><strong>Come creare un piano di carriera per i tuoi dipendenti <\/strong> <\/span>Scopri perch\u00e9 e come implementare un piano di crescita in azienda.<\/a><\/bzn-info>\n\n\n\n<p><\/p>\n\n\n\n<h2 class=\"wp-block-heading\">La importanza della formazione e dello sviluppo dei dipendenti<\/h2>\n\n\n\n<p>La formazione e lo sviluppo dei dipendenti incidono direttamente sulla <strong>capacit\u00e0 dell\u2019azienda di adattarsi<\/strong>. Oggi sono richieste certe competenze e, domani, altre; nel frattempo, le conoscenze si ampliano e si completano. \u00c8 quindi indispensabile puntare su un aggiornamento continuo per evitare l\u2019obsolescenza, proprio come accade per macchinari e impianti.<\/p>\n\n\n\n<p>La <strong>motivazione<\/strong> \u00e8 un altro fattore cruciale. Un team dotato delle competenze e delle abilit\u00e0 adeguate svolge il proprio lavoro in modo migliore, portando la direzione a riconoscere e apprezzare l\u2019impegno, aumentando cos\u00ec la fiducia nei confronti dei vertici e la lealt\u00e0 verso l\u2019azienda.<\/p>\n\n\n\n<p>Inoltre, \u00e8 possibile creare <strong>piani di carriera specifici <\/strong>per i dipendenti, ossia sviluppare una formazione personalizzata e a lungo termine. Questo non solo favorisce la crescita dei collaboratori pi\u00f9 promettenti, ma apre loro una chiara prospettiva di avanzamento all\u2019interno dell\u2019azienda. Non si forma solo chi mostra carenze, ma anche chi ha talento per esprimere al meglio il proprio potenziale.<\/p>\n\n\n\n<div id=\"cbox-muXRtgUGbkRQQLMm\"><\/div>\n\n\n\n<p><\/p>\n\n\n\n<h2 class=\"wp-block-heading\">Come creare un processo di formazione e sviluppo del personale di successo<\/h2>\n\n\n\n<p>Data l\u2019importanza della formazione e dello sviluppo, \u00e8 necessario progettare un processo solido che integri entrambi senza ostacoli. Tale processo deve essere <strong>orientato al miglioramento continuo<\/strong> e includere meccanismi di valutazione, fondamentali per misurare i risultati e apportare eventuali correzioni. Ecco alcuni passaggi chiave:<\/p>\n\n\n\n<h3 class=\"wp-block-heading\">Determinare le esigenze formative dell\u2019azienda<\/h3>\n\n\n\n<p>Il primo passo consiste nel determinare quali sono le <strong>necessit\u00e0 formative dell\u2019azienda<\/strong>. Si analizzano le valutazioni di performance passate, utili se supportate da una tecnologia in grado di raccogliere e presentare questi dati tramite report dettagliati, poich\u00e9 mostrano l\u2019evoluzione della forza lavoro.<\/p>\n\n\n\n<figure class=\"wp-block-image size-full\"><a href=\"\/it\/hr-analytics\/\" data-wpel-link=\"internal\" target=\"_blank\"><img decoding=\"async\" src=\"https:\/\/www.bizneo.com\/blog\/wp-content\/uploads\/2024\/11\/Rapporti-di-formazione-e-addestramento-lavorativo.webp\" alt=\"Rapporti di formazione e addestramento lavorativo\" class=\"wp-image-27592\"\/><\/a><\/figure>\n\n\n\n<h3 class=\"wp-block-heading\">Stabilire obiettivi chiari per la formazione e lo sviluppo<\/h3>\n\n\n\n<p>Una volta definito lo stato di partenza, \u00e8 importante <strong>fissare obiettivi chiari, realistici e definiti nel tempo<\/strong>. Questi obiettivi faranno parte di un piano integrato, in cui verranno assegnati responsabili, risorse e azioni specifiche per la formazione e lo sviluppo.<\/p>\n\n\n\n<figure class=\"wp-block-image size-full\"><a href=\"\/it\/formazione-personale\/\" data-wpel-link=\"internal\" target=\"_blank\"><img decoding=\"async\" width=\"1500\" height=\"1094\" src=\"https:\/\/www.bizneo.com\/blog\/wp-content\/uploads\/2021\/09\/percorsi-formativi.webp\" alt=\" Percorsi formativi \" class=\"wp-image-26574\" srcset=\"https:\/\/www.bizneo.com\/blog\/wp-content\/uploads\/2021\/09\/percorsi-formativi.webp 1500w, https:\/\/www.bizneo.com\/blog\/wp-content\/uploads\/2021\/09\/percorsi-formativi-300x219.webp 300w, https:\/\/www.bizneo.com\/blog\/wp-content\/uploads\/2021\/09\/percorsi-formativi-1024x747.webp 1024w, https:\/\/www.bizneo.com\/blog\/wp-content\/uploads\/2021\/09\/percorsi-formativi-768x560.webp 768w, https:\/\/www.bizneo.com\/blog\/wp-content\/uploads\/2021\/09\/percorsi-formativi-810x591.webp 810w, https:\/\/www.bizneo.com\/blog\/wp-content\/uploads\/2021\/09\/percorsi-formativi-1140x831.webp 1140w\" sizes=\"(max-width: 1500px) 100vw, 1500px\" \/><\/a><\/figure>\n\n\n\n<p>La valutazione basata su obiettivi deve essere allineati agli obiettivi fissate dal management, che possono riguardare la formazione di team, l\u2019acquisizione di competenze specifiche (sia tecniche che trasversali) o lo sviluppo complessivo del personale.<\/p>\n\n\n\n<bzn-note><a href=\"\/blog\/it\/formazione-personale-azienda\/\" id=\"destacado-post\" target=\"_blank\" rel=\"noopener noreferrer\" data-wpel-link=\"internal\"><span class=\"bzn-note-title\"><strong>FORMAZIONE DEL PERSONALE<\/strong> <\/span><br>Scopri come migliorarla e gestire i tuoi piani di formazione aziendale.<\/a><\/br><\/bzn-note>\n\n\n\n<p><\/p>\n\n\n\n<h3 class=\"wp-block-heading\">Pianificare la formazione e lo sviluppo<\/h3>\n\n\n\n<p>Il processo di formazione del personale deve essere pianificato, consentendo un\u2019azione coordinata e centralizzata. Il piano deve includere i metodi didattici da utilizzare, le conoscenze o competenze da acquisire, la sede in cui si svolgeranno le attivit\u00e0 formative, ecc.<\/p>\n\n\n\n<p>\u00c8 consigliabile coinvolgere i dipendenti nella pianificazione, ad esempio attraverso dei <strong>questionari<\/strong>, per raccogliere i loro pareri, idee e necessit\u00e0, arricchendo il piano e adattandolo alla realt\u00e0 aziendale.<\/p>\n\n\n\n<p>Inserire esperienze formative innovative e personalizzate \u00e8 fondamentale: negli ultimi anni sono stati introdotti metodi di apprendimento come la <strong>gamification<\/strong>, che facilitano l\u2019acquisizione di conoscenze rendendo il processo pi\u00f9 divertente e stimolante.<\/p>\n\n\n\n<p>Per potenziare la pianificazione, \u00e8 utile utilizzare un <a href=\"https:\/\/www.bizneo.com\/it\/formazione-personale\/\" target=\"_blank\" rel=\"noreferrer noopener\" data-wpel-link=\"internal\">software per la gestione della formazione aziendale<\/a>, che faciliti la partecipazione dei dipendenti, la progettazione di azioni formative personalizzate, la creazione di cataloghi di corsi e il monitoraggio degli investimenti formativi, ottimizzando lo sviluppo a lungo termine del personale.<\/p>\n\n\n\n<figure class=\"wp-block-image size-full\"><a href=\"\/it\/formazione-personale\/\" data-wpel-link=\"internal\" target=\"_blank\"><img decoding=\"async\" width=\"1500\" height=\"907\" src=\"https:\/\/www.bizneo.com\/blog\/wp-content\/uploads\/2021\/09\/app-gestione-formazione-del-personale.webp\" alt=\"Software per la gestione della formazione del personale\" class=\"wp-image-25966\" srcset=\"https:\/\/www.bizneo.com\/blog\/wp-content\/uploads\/2021\/09\/app-gestione-formazione-del-personale.webp 1500w, https:\/\/www.bizneo.com\/blog\/wp-content\/uploads\/2021\/09\/app-gestione-formazione-del-personale-300x181.webp 300w, https:\/\/www.bizneo.com\/blog\/wp-content\/uploads\/2021\/09\/app-gestione-formazione-del-personale-1024x619.webp 1024w, https:\/\/www.bizneo.com\/blog\/wp-content\/uploads\/2021\/09\/app-gestione-formazione-del-personale-768x464.webp 768w, https:\/\/www.bizneo.com\/blog\/wp-content\/uploads\/2021\/09\/app-gestione-formazione-del-personale-810x490.webp 810w, https:\/\/www.bizneo.com\/blog\/wp-content\/uploads\/2021\/09\/app-gestione-formazione-del-personale-1140x689.webp 1140w\" sizes=\"(max-width: 1500px) 100vw, 1500px\" \/><\/a><\/figure>\n\n\n\n<h3 class=\"wp-block-heading\">Valutare i risultati della formazione e dello sviluppo<\/h3>\n\n\n\n<p>Il processo di formazione e sviluppo deve prevedere <strong>meccanismi di verifica e valutazione<\/strong>, che ne permettano il miglioramento continuo.<\/p>\n\n\n\n<p>Analizzando regolarmente il funzionamento del processo, \u00e8 possibile ottimizzarlo e potenziarlo, ottenendo risultati sempre migliori.<\/p>\n\n\n\n<p>Con l&#8217;aiuto di un <a href=\"https:\/\/www.bizneo.com\/it\/formazione-personale\/\" target=\"_blank\" rel=\"noreferrer noopener\" data-wpel-link=\"internal\">software di gestione della formazione<\/a>, \u00e8 possibile monitorare ogni aspetto: dal progresso dei dipendenti all\u2019effettiva acquisizione di competenze e conoscenze, raccogliendo dati in report e grafici che consentano al dipartimento risorse umane di comprendere facilmente e in profondit\u00e0 lo stato dei piani formativi.<\/p>\n\n\n\n<figure class=\"wp-block-image size-large\"><a href=\"\/it\/formazione-personale\/\" data-wpel-link=\"internal\" target=\"_blank\"><img decoding=\"async\" width=\"1024\" height=\"154\" src=\"https:\/\/www.bizneo.com\/blog\/wp-content\/uploads\/2025\/01\/banner-medio-formazione-bizneo-1024x154.jpg\" alt=\"formazione valutazione personale\" class=\"wp-image-51983\" srcset=\"https:\/\/www.bizneo.com\/blog\/wp-content\/uploads\/2025\/01\/banner-medio-formazione-bizneo-1024x154.jpg 1024w, https:\/\/www.bizneo.com\/blog\/wp-content\/uploads\/2025\/01\/banner-medio-formazione-bizneo-300x45.jpg 300w, https:\/\/www.bizneo.com\/blog\/wp-content\/uploads\/2025\/01\/banner-medio-formazione-bizneo-768x115.jpg 768w, https:\/\/www.bizneo.com\/blog\/wp-content\/uploads\/2025\/01\/banner-medio-formazione-bizneo-810x122.jpg 810w, https:\/\/www.bizneo.com\/blog\/wp-content\/uploads\/2025\/01\/banner-medio-formazione-bizneo-1140x171.jpg 1140w, https:\/\/www.bizneo.com\/blog\/wp-content\/uploads\/2025\/01\/banner-medio-formazione-bizneo.jpg 1360w\" sizes=\"(max-width: 1024px) 100vw, 1024px\" \/><\/a><\/figure>\n\n\n\n<h2 class=\"wp-block-heading\">Benefici della combinazione di formazione e sviluppo professionale<\/h2>\n\n\n\n<p>Grazie a un processo ben strutturato, le aziende possono ottenere numerosi benefici:<\/p>\n\n\n\n<ul class=\"wp-block-list\">\n<li><strong>Aumento della versatilit\u00e0 del dipendente:<\/strong> Non solo il dipendente svolge meglio il proprio lavoro, ma, con l\u2019aumento delle conoscenze, pu\u00f2 occuparsi di altre mansioni in caso di necessit\u00e0. In situazioni di crisi, come quella sanitaria, l\u2019azienda diventa pi\u00f9 flessibile.<\/li>\n\n\n\n<li><strong>Possibilit\u00e0 di aprire nuovi mercati:<\/strong> La formazione continua permette di espandere le competenze della forza lavoro, aprendo nuove linee di business o espandendosi in altri settori, diversificando l\u2019azienda e raggiungendo \u201coceani blu\u201d.<\/li>\n\n\n\n<li><strong>Miglioramento della soddisfazione del cliente:<\/strong> Professionisti ben formati sono pi\u00f9 efficienti, portando a una maggiore produttivit\u00e0 e a tempi di consegna ridotti. Il cliente beneficia di un servizio migliore e, di conseguenza, sviluppa una percezione positiva dell\u2019azienda.<\/li>\n\n\n\n<li><strong>Riduzione del turnover:<\/strong> Dipendenti che si sentono valorizzati e formati correttamente sono meno propensi a cercare altre opportunit\u00e0 lavorative.<\/li>\n\n\n\n<li><strong>Preparazione per nuove responsabilit\u00e0:<\/strong> La formazione continua prepara i dipendenti ad assumere ruoli di maggiore responsabilit\u00e0, favorendo la crescita interna.<\/li>\n\n\n\n<li><strong>Incremento del rendimento:<\/strong> Un lavoratore qualificato \u00e8 pi\u00f9 efficiente, completando le proprie attivit\u00e0 in meno tempo e contribuendo al successo dei progetti.<\/li>\n\n\n\n<li><strong>Innovazione:<\/strong> Una formazione costante permette di individuare ottimizzazioni nei processi lavorativi, grazie alla conoscenza approfondita degli errori e dei successi.<\/li>\n<\/ul>\n\n\n\n<figure class=\"wp-block-image size-large\"><a href=\"https:\/\/www.bizneo.com\/it\/formazione-personale\/\" data-wpel-link=\"internal\" target=\"_blank\"><img decoding=\"async\" width=\"1024\" height=\"307\" src=\"https:\/\/www.bizneo.com\/blog\/wp-content\/uploads\/2025\/01\/Software-per-la-Gestione-della-Formazione-1024x307.jpg\" alt=\"Software per la gestione della formazione del personale\" class=\"wp-image-52065\" srcset=\"https:\/\/www.bizneo.com\/blog\/wp-content\/uploads\/2025\/01\/Software-per-la-Gestione-della-Formazione-1024x307.jpg 1024w, https:\/\/www.bizneo.com\/blog\/wp-content\/uploads\/2025\/01\/Software-per-la-Gestione-della-Formazione-300x90.jpg 300w, https:\/\/www.bizneo.com\/blog\/wp-content\/uploads\/2025\/01\/Software-per-la-Gestione-della-Formazione-768x230.jpg 768w, https:\/\/www.bizneo.com\/blog\/wp-content\/uploads\/2025\/01\/Software-per-la-Gestione-della-Formazione-810x243.jpg 810w, https:\/\/www.bizneo.com\/blog\/wp-content\/uploads\/2025\/01\/Software-per-la-Gestione-della-Formazione-1140x342.jpg 1140w, https:\/\/www.bizneo.com\/blog\/wp-content\/uploads\/2025\/01\/Software-per-la-Gestione-della-Formazione.jpg 1360w\" sizes=\"(max-width: 1024px) 100vw, 1024px\" \/><\/a><\/figure>\n","protected":false},"excerpt":{"rendered":"<p>Combinare formazione e sviluppo del personale \u00e8 la strategia vincente per permettere ad un&#8217;azienda e i suoi dipendenti di migliorare.<\/p>\n","protected":false},"author":39,"featured_media":56381,"comment_status":"open","ping_status":"open","sticky":false,"template":"","format":"standard","meta":{"_uag_custom_page_level_css":"","site-sidebar-layout":"default","site-content-layout":"","ast-site-content-layout":"default","site-content-style":"default","site-sidebar-style":"default","ast-global-header-display":"","ast-banner-title-visibility":"","ast-main-header-display":"","ast-hfb-above-header-display":"","ast-hfb-below-header-display":"","ast-hfb-mobile-header-display":"","site-post-title":"","ast-breadcrumbs-content":"","ast-featured-img":"","footer-sml-layout":"","ast-disable-related-posts":"","theme-transparent-header-meta":"","adv-header-id-meta":"","stick-header-meta":"","header-above-stick-meta":"","header-main-stick-meta":"","header-below-stick-meta":"","astra-migrate-meta-layouts":"default","ast-page-background-enabled":"default","ast-page-background-meta":{"desktop":{"background-color":"var(--ast-global-color-5)","background-image":"","background-repeat":"repeat","background-position":"center center","background-size":"auto","background-attachment":"scroll","background-type":"","background-media":"","overlay-type":"","overlay-color":"","overlay-opacity":"","overlay-gradient":""},"tablet":{"background-color":"","background-image":"","background-repeat":"repeat","background-position":"center center","background-size":"auto","background-attachment":"scroll","background-type":"","background-media":"","overlay-type":"","overlay-color":"","overlay-opacity":"","overlay-gradient":""},"mobile":{"background-color":"","background-image":"","background-repeat":"repeat","background-position":"center center","background-size":"auto","background-attachment":"scroll","background-type":"","background-media":"","overlay-type":"","overlay-color":"","overlay-opacity":"","overlay-gradient":""}},"ast-content-background-meta":{"desktop":{"background-color":"var(--ast-global-color-4)","background-image":"","background-repeat":"repeat","background-position":"center center","background-size":"auto","background-attachment":"scroll","background-type":"","background-media":"","overlay-type":"","overlay-color":"","overlay-opacity":"","overlay-gradient":""},"tablet":{"background-color":"var(--ast-global-color-4)","background-image":"","background-repeat":"repeat","background-position":"center center","background-size":"auto","background-attachment":"scroll","background-type":"","background-media":"","overlay-type":"","overlay-color":"","overlay-opacity":"","overlay-gradient":""},"mobile":{"background-color":"var(--ast-global-color-4)","background-image":"","background-repeat":"repeat","background-position":"center center","background-size":"auto","background-attachment":"scroll","background-type":"","background-media":"","overlay-type":"","overlay-color":"","overlay-opacity":"","overlay-gradient":""}},"footnotes":""},"categories":[361],"tags":[],"class_list":["post-53072","post","type-post","status-publish","format-standard","has-post-thumbnail","hentry","category-formazione"],"yoast_head":"<!-- This site is optimized with the Yoast SEO plugin v27.5 - https:\/\/yoast.com\/product\/yoast-seo-wordpress\/ -->\n<title>Come combinare formazione e sviluppo in modo efficace?<\/title>\n<meta name=\"description\" content=\"Combinare formazione e sviluppo del personale \u00e8 una delle chiavi del successo di un&#039;azienda. Ma qual \u00e8 il modo migliore per farlo?\" \/>\n<meta name=\"robots\" content=\"index, follow, max-snippet:-1, max-image-preview:large, max-video-preview:-1\" \/>\n<meta property=\"og:locale\" content=\"es_ES\" \/>\n<meta property=\"og:type\" content=\"article\" \/>\n<meta property=\"og:title\" content=\"Come combinare formazione e sviluppo in modo efficace?\" \/>\n<meta property=\"og:description\" content=\"Combinare formazione e sviluppo del personale \u00e8 una delle chiavi del successo di un&#039;azienda. Ma qual \u00e8 il modo migliore per farlo?\" \/>\n<meta property=\"og:url\" content=\"https:\/\/www.bizneo.com\/blog\/it\/formazione-e-sviluppo\/\" \/>\n<meta property=\"og:site_name\" content=\"Blog de Recursos Humanos de Bizneo HR: pr\u00e1ctico y actual\" \/>\n<meta property=\"article:published_time\" content=\"2025-10-27T11:54:36+00:00\" \/>\n<meta property=\"article:modified_time\" content=\"2026-01-26T13:32:51+00:00\" \/>\n<meta property=\"og:image\" content=\"https:\/\/www.bizneo.com\/blog\/wp-content\/uploads\/2025\/03\/formazione-e-sviluppo.jpg\" \/>\n\t<meta property=\"og:image:width\" content=\"1140\" \/>\n\t<meta property=\"og:image:height\" content=\"640\" \/>\n\t<meta property=\"og:image:type\" content=\"image\/jpeg\" \/>\n<meta name=\"author\" content=\"Matteo\" \/>\n<meta name=\"twitter:card\" content=\"summary_large_image\" \/>\n<meta name=\"twitter:label1\" content=\"Escrito por\" \/>\n\t<meta name=\"twitter:data1\" content=\"Matteo\" \/>\n\t<meta name=\"twitter:label2\" content=\"Tiempo de lectura\" \/>\n\t<meta name=\"twitter:data2\" content=\"7 minutos\" \/>\n<script type=\"application\/ld+json\" class=\"yoast-schema-graph\">{\"@context\":\"https:\\\/\\\/schema.org\",\"@graph\":[{\"@type\":[\"Article\",\"BlogPosting\"],\"@id\":\"https:\\\/\\\/www.bizneo.com\\\/blog\\\/it\\\/formazione-e-sviluppo\\\/#article\",\"isPartOf\":{\"@id\":\"https:\\\/\\\/www.bizneo.com\\\/blog\\\/it\\\/formazione-e-sviluppo\\\/\"},\"author\":{\"name\":\"Matteo\",\"@id\":\"https:\\\/\\\/www.bizneo.com\\\/blog\\\/#\\\/schema\\\/person\\\/918c65806041f66782c1c3af5eb0ab96\"},\"headline\":\"Come combinare formazione e sviluppo in modo efficace?\",\"datePublished\":\"2025-10-27T11:54:36+00:00\",\"dateModified\":\"2026-01-26T13:32:51+00:00\",\"mainEntityOfPage\":{\"@id\":\"https:\\\/\\\/www.bizneo.com\\\/blog\\\/it\\\/formazione-e-sviluppo\\\/\"},\"wordCount\":1156,\"commentCount\":0,\"publisher\":{\"@id\":\"https:\\\/\\\/www.bizneo.com\\\/blog\\\/#organization\"},\"image\":{\"@id\":\"https:\\\/\\\/www.bizneo.com\\\/blog\\\/it\\\/formazione-e-sviluppo\\\/#primaryimage\"},\"thumbnailUrl\":\"https:\\\/\\\/www.bizneo.com\\\/blog\\\/wp-content\\\/uploads\\\/2025\\\/03\\\/formazione-e-sviluppo.jpg\",\"articleSection\":[\"Formazione\"],\"inLanguage\":\"es\",\"potentialAction\":[{\"@type\":\"CommentAction\",\"name\":\"Comment\",\"target\":[\"https:\\\/\\\/www.bizneo.com\\\/blog\\\/it\\\/formazione-e-sviluppo\\\/#respond\"]}]},{\"@type\":\"WebPage\",\"@id\":\"https:\\\/\\\/www.bizneo.com\\\/blog\\\/it\\\/formazione-e-sviluppo\\\/\",\"url\":\"https:\\\/\\\/www.bizneo.com\\\/blog\\\/it\\\/formazione-e-sviluppo\\\/\",\"name\":\"Come combinare formazione e sviluppo in modo efficace?\",\"isPartOf\":{\"@id\":\"https:\\\/\\\/www.bizneo.com\\\/blog\\\/#website\"},\"primaryImageOfPage\":{\"@id\":\"https:\\\/\\\/www.bizneo.com\\\/blog\\\/it\\\/formazione-e-sviluppo\\\/#primaryimage\"},\"image\":{\"@id\":\"https:\\\/\\\/www.bizneo.com\\\/blog\\\/it\\\/formazione-e-sviluppo\\\/#primaryimage\"},\"thumbnailUrl\":\"https:\\\/\\\/www.bizneo.com\\\/blog\\\/wp-content\\\/uploads\\\/2025\\\/03\\\/formazione-e-sviluppo.jpg\",\"datePublished\":\"2025-10-27T11:54:36+00:00\",\"dateModified\":\"2026-01-26T13:32:51+00:00\",\"description\":\"Combinare formazione e sviluppo del personale \u00e8 una delle chiavi del successo di un'azienda. Ma qual \u00e8 il modo migliore per farlo?\",\"breadcrumb\":{\"@id\":\"https:\\\/\\\/www.bizneo.com\\\/blog\\\/it\\\/formazione-e-sviluppo\\\/#breadcrumb\"},\"inLanguage\":\"es\",\"potentialAction\":[{\"@type\":\"ReadAction\",\"target\":[\"https:\\\/\\\/www.bizneo.com\\\/blog\\\/it\\\/formazione-e-sviluppo\\\/\"]}]},{\"@type\":\"ImageObject\",\"inLanguage\":\"es\",\"@id\":\"https:\\\/\\\/www.bizneo.com\\\/blog\\\/it\\\/formazione-e-sviluppo\\\/#primaryimage\",\"url\":\"https:\\\/\\\/www.bizneo.com\\\/blog\\\/wp-content\\\/uploads\\\/2025\\\/03\\\/formazione-e-sviluppo.jpg\",\"contentUrl\":\"https:\\\/\\\/www.bizneo.com\\\/blog\\\/wp-content\\\/uploads\\\/2025\\\/03\\\/formazione-e-sviluppo.jpg\",\"width\":1140,\"height\":640,\"caption\":\"formazione e sviluppo\"},{\"@type\":\"BreadcrumbList\",\"@id\":\"https:\\\/\\\/www.bizneo.com\\\/blog\\\/it\\\/formazione-e-sviluppo\\\/#breadcrumb\",\"itemListElement\":[{\"@type\":\"ListItem\",\"position\":1,\"name\":\"Portada\",\"item\":\"https:\\\/\\\/www.bizneo.com\\\/blog\\\/\"},{\"@type\":\"ListItem\",\"position\":2,\"name\":\"Gestione dei talenti\",\"item\":\"https:\\\/\\\/www.bizneo.com\\\/blog\\\/it\\\/category\\\/gestione-dei-talenti\\\/\"},{\"@type\":\"ListItem\",\"position\":3,\"name\":\"Formazione\",\"item\":\"https:\\\/\\\/www.bizneo.com\\\/blog\\\/it\\\/category\\\/gestione-dei-talenti\\\/formazione\\\/\"},{\"@type\":\"ListItem\",\"position\":4,\"name\":\"Come combinare formazione e sviluppo in modo efficace?\"}]},{\"@type\":\"WebSite\",\"@id\":\"https:\\\/\\\/www.bizneo.com\\\/blog\\\/#website\",\"url\":\"https:\\\/\\\/www.bizneo.com\\\/blog\\\/\",\"name\":\"Blog de Recursos Humanos de Bizneo HR: pr\u00e1ctico y actual\",\"description\":\"Todo sobre actualidad, herramientas y tecnolog\u00eda  para optimizar la gesti\u00f3n del talento humano\",\"publisher\":{\"@id\":\"https:\\\/\\\/www.bizneo.com\\\/blog\\\/#organization\"},\"potentialAction\":[{\"@type\":\"SearchAction\",\"target\":{\"@type\":\"EntryPoint\",\"urlTemplate\":\"https:\\\/\\\/www.bizneo.com\\\/blog\\\/?s={search_term_string}\"},\"query-input\":{\"@type\":\"PropertyValueSpecification\",\"valueRequired\":true,\"valueName\":\"search_term_string\"}}],\"inLanguage\":\"es\"},{\"@type\":\"Organization\",\"@id\":\"https:\\\/\\\/www.bizneo.com\\\/blog\\\/#organization\",\"name\":\"Bizneo HR\",\"url\":\"https:\\\/\\\/www.bizneo.com\\\/blog\\\/\",\"logo\":{\"@type\":\"ImageObject\",\"inLanguage\":\"es\",\"@id\":\"https:\\\/\\\/www.bizneo.com\\\/blog\\\/#\\\/schema\\\/logo\\\/image\\\/\",\"url\":\"https:\\\/\\\/www.bizneo.com\\\/blog\\\/wp-content\\\/uploads\\\/2020\\\/09\\\/Icono-Logo-Bizneo-HR.png\",\"contentUrl\":\"https:\\\/\\\/www.bizneo.com\\\/blog\\\/wp-content\\\/uploads\\\/2020\\\/09\\\/Icono-Logo-Bizneo-HR.png\",\"width\":834,\"height\":834,\"caption\":\"Bizneo HR\"},\"image\":{\"@id\":\"https:\\\/\\\/www.bizneo.com\\\/blog\\\/#\\\/schema\\\/logo\\\/image\\\/\"}},{\"@type\":\"Person\",\"@id\":\"https:\\\/\\\/www.bizneo.com\\\/blog\\\/#\\\/schema\\\/person\\\/918c65806041f66782c1c3af5eb0ab96\",\"name\":\"Matteo\",\"image\":{\"@type\":\"ImageObject\",\"inLanguage\":\"es\",\"@id\":\"https:\\\/\\\/secure.gravatar.com\\\/avatar\\\/0978826a0ddab20cbf6d5aed62bb04a54b6e14fb794074e39a18a1b365c03e20?s=96&d=mm&r=g\",\"url\":\"https:\\\/\\\/secure.gravatar.com\\\/avatar\\\/0978826a0ddab20cbf6d5aed62bb04a54b6e14fb794074e39a18a1b365c03e20?s=96&d=mm&r=g\",\"contentUrl\":\"https:\\\/\\\/secure.gravatar.com\\\/avatar\\\/0978826a0ddab20cbf6d5aed62bb04a54b6e14fb794074e39a18a1b365c03e20?s=96&d=mm&r=g\",\"caption\":\"Matteo\"},\"url\":\"https:\\\/\\\/www.bizneo.com\\\/blog\\\/author\\\/matteo\\\/\"}]}<\/script>\n<!-- \/ Yoast SEO plugin. -->","yoast_head_json":{"title":"Come combinare formazione e sviluppo in modo efficace?","description":"Combinare formazione e sviluppo del personale \u00e8 una delle chiavi del successo di un'azienda. Ma qual \u00e8 il modo migliore per farlo?","robots":{"index":"index","follow":"follow","max-snippet":"max-snippet:-1","max-image-preview":"max-image-preview:large","max-video-preview":"max-video-preview:-1"},"og_locale":"es_ES","og_type":"article","og_title":"Come combinare formazione e sviluppo in modo efficace?","og_description":"Combinare formazione e sviluppo del personale \u00e8 una delle chiavi del successo di un'azienda. Ma qual \u00e8 il modo migliore per farlo?","og_url":"https:\/\/www.bizneo.com\/blog\/it\/formazione-e-sviluppo\/","og_site_name":"Blog de Recursos Humanos de Bizneo HR: pr\u00e1ctico y actual","article_published_time":"2025-10-27T11:54:36+00:00","article_modified_time":"2026-01-26T13:32:51+00:00","og_image":[{"width":1140,"height":640,"url":"https:\/\/www.bizneo.com\/blog\/wp-content\/uploads\/2025\/03\/formazione-e-sviluppo.jpg","type":"image\/jpeg"}],"author":"Matteo","twitter_card":"summary_large_image","twitter_misc":{"Escrito por":"Matteo","Tiempo de lectura":"7 minutos"},"schema":{"@context":"https:\/\/schema.org","@graph":[{"@type":["Article","BlogPosting"],"@id":"https:\/\/www.bizneo.com\/blog\/it\/formazione-e-sviluppo\/#article","isPartOf":{"@id":"https:\/\/www.bizneo.com\/blog\/it\/formazione-e-sviluppo\/"},"author":{"name":"Matteo","@id":"https:\/\/www.bizneo.com\/blog\/#\/schema\/person\/918c65806041f66782c1c3af5eb0ab96"},"headline":"Come combinare formazione e sviluppo in modo efficace?","datePublished":"2025-10-27T11:54:36+00:00","dateModified":"2026-01-26T13:32:51+00:00","mainEntityOfPage":{"@id":"https:\/\/www.bizneo.com\/blog\/it\/formazione-e-sviluppo\/"},"wordCount":1156,"commentCount":0,"publisher":{"@id":"https:\/\/www.bizneo.com\/blog\/#organization"},"image":{"@id":"https:\/\/www.bizneo.com\/blog\/it\/formazione-e-sviluppo\/#primaryimage"},"thumbnailUrl":"https:\/\/www.bizneo.com\/blog\/wp-content\/uploads\/2025\/03\/formazione-e-sviluppo.jpg","articleSection":["Formazione"],"inLanguage":"es","potentialAction":[{"@type":"CommentAction","name":"Comment","target":["https:\/\/www.bizneo.com\/blog\/it\/formazione-e-sviluppo\/#respond"]}]},{"@type":"WebPage","@id":"https:\/\/www.bizneo.com\/blog\/it\/formazione-e-sviluppo\/","url":"https:\/\/www.bizneo.com\/blog\/it\/formazione-e-sviluppo\/","name":"Come combinare formazione e sviluppo in modo efficace?","isPartOf":{"@id":"https:\/\/www.bizneo.com\/blog\/#website"},"primaryImageOfPage":{"@id":"https:\/\/www.bizneo.com\/blog\/it\/formazione-e-sviluppo\/#primaryimage"},"image":{"@id":"https:\/\/www.bizneo.com\/blog\/it\/formazione-e-sviluppo\/#primaryimage"},"thumbnailUrl":"https:\/\/www.bizneo.com\/blog\/wp-content\/uploads\/2025\/03\/formazione-e-sviluppo.jpg","datePublished":"2025-10-27T11:54:36+00:00","dateModified":"2026-01-26T13:32:51+00:00","description":"Combinare formazione e sviluppo del personale \u00e8 una delle chiavi del successo di un'azienda. Ma qual \u00e8 il modo migliore per farlo?","breadcrumb":{"@id":"https:\/\/www.bizneo.com\/blog\/it\/formazione-e-sviluppo\/#breadcrumb"},"inLanguage":"es","potentialAction":[{"@type":"ReadAction","target":["https:\/\/www.bizneo.com\/blog\/it\/formazione-e-sviluppo\/"]}]},{"@type":"ImageObject","inLanguage":"es","@id":"https:\/\/www.bizneo.com\/blog\/it\/formazione-e-sviluppo\/#primaryimage","url":"https:\/\/www.bizneo.com\/blog\/wp-content\/uploads\/2025\/03\/formazione-e-sviluppo.jpg","contentUrl":"https:\/\/www.bizneo.com\/blog\/wp-content\/uploads\/2025\/03\/formazione-e-sviluppo.jpg","width":1140,"height":640,"caption":"formazione e sviluppo"},{"@type":"BreadcrumbList","@id":"https:\/\/www.bizneo.com\/blog\/it\/formazione-e-sviluppo\/#breadcrumb","itemListElement":[{"@type":"ListItem","position":1,"name":"Portada","item":"https:\/\/www.bizneo.com\/blog\/"},{"@type":"ListItem","position":2,"name":"Gestione dei talenti","item":"https:\/\/www.bizneo.com\/blog\/it\/category\/gestione-dei-talenti\/"},{"@type":"ListItem","position":3,"name":"Formazione","item":"https:\/\/www.bizneo.com\/blog\/it\/category\/gestione-dei-talenti\/formazione\/"},{"@type":"ListItem","position":4,"name":"Come combinare formazione e sviluppo in modo efficace?"}]},{"@type":"WebSite","@id":"https:\/\/www.bizneo.com\/blog\/#website","url":"https:\/\/www.bizneo.com\/blog\/","name":"Blog de Recursos Humanos de Bizneo HR: pr\u00e1ctico y actual","description":"Todo sobre actualidad, herramientas y tecnolog\u00eda  para optimizar la gesti\u00f3n del talento humano","publisher":{"@id":"https:\/\/www.bizneo.com\/blog\/#organization"},"potentialAction":[{"@type":"SearchAction","target":{"@type":"EntryPoint","urlTemplate":"https:\/\/www.bizneo.com\/blog\/?s={search_term_string}"},"query-input":{"@type":"PropertyValueSpecification","valueRequired":true,"valueName":"search_term_string"}}],"inLanguage":"es"},{"@type":"Organization","@id":"https:\/\/www.bizneo.com\/blog\/#organization","name":"Bizneo HR","url":"https:\/\/www.bizneo.com\/blog\/","logo":{"@type":"ImageObject","inLanguage":"es","@id":"https:\/\/www.bizneo.com\/blog\/#\/schema\/logo\/image\/","url":"https:\/\/www.bizneo.com\/blog\/wp-content\/uploads\/2020\/09\/Icono-Logo-Bizneo-HR.png","contentUrl":"https:\/\/www.bizneo.com\/blog\/wp-content\/uploads\/2020\/09\/Icono-Logo-Bizneo-HR.png","width":834,"height":834,"caption":"Bizneo HR"},"image":{"@id":"https:\/\/www.bizneo.com\/blog\/#\/schema\/logo\/image\/"}},{"@type":"Person","@id":"https:\/\/www.bizneo.com\/blog\/#\/schema\/person\/918c65806041f66782c1c3af5eb0ab96","name":"Matteo","image":{"@type":"ImageObject","inLanguage":"es","@id":"https:\/\/secure.gravatar.com\/avatar\/0978826a0ddab20cbf6d5aed62bb04a54b6e14fb794074e39a18a1b365c03e20?s=96&d=mm&r=g","url":"https:\/\/secure.gravatar.com\/avatar\/0978826a0ddab20cbf6d5aed62bb04a54b6e14fb794074e39a18a1b365c03e20?s=96&d=mm&r=g","contentUrl":"https:\/\/secure.gravatar.com\/avatar\/0978826a0ddab20cbf6d5aed62bb04a54b6e14fb794074e39a18a1b365c03e20?s=96&d=mm&r=g","caption":"Matteo"},"url":"https:\/\/www.bizneo.com\/blog\/author\/matteo\/"}]}},"spectra_custom_meta":{"onesignal_meta_box_present":["1"],"onesignal_send_notification":["1"],"onesignal_modify_title_and_content":[""],"onesignal_notification_custom_heading":[null],"onesignal_notification_custom_content":[null],"wp_review_type":["none"],"Views":["2953"],"_thumbnail_id":["56381"],"_yoast_wpseo_title":["Come combinare formazione e sviluppo in modo efficace?"],"_yoast_wpseo_metadesc":["Combinare formazione e sviluppo del personale \u00e8 una delle chiavi del successo di un'azienda. Ma qual \u00e8 il modo migliore per farlo?"],"_yoast_wpseo_focuskw":["formazione e sviluppo"],"_yoast_wpseo_primary_category":["361"],"_edit_lock":["1769434574:47"],"_edit_last":["47"],"_vce_meta":["a:4:{s:11:\"use_sidebar\";s:7:\"inherit\";s:7:\"sidebar\";s:7:\"inherit\";s:14:\"sticky_sidebar\";s:7:\"inherit\";s:6:\"layout\";s:7:\"inherit\";}"],"_yoast_wpseo_linkdex":["84"],"_yoast_wpseo_content_score":["90"],"_yoast_wpseo_estimated-reading-time-minutes":["7"],"_wp_old_slug":["formazione-svilu"],"_uag_css_file_name":["uag-css-53072.css"],"_uag_page_assets":["a:9:{s:3:\"css\";s:263:\".uag-blocks-common-selector{z-index:var(--z-index-desktop) !important}@media (max-width: 976px){.uag-blocks-common-selector{z-index:var(--z-index-tablet) !important}}@media (max-width: 767px){.uag-blocks-common-selector{z-index:var(--z-index-mobile) !important}}\n\";s:2:\"js\";s:0:\"\";s:18:\"current_block_list\";a:8:{i:0;s:14:\"core\/paragraph\";i:1;s:12:\"core\/heading\";i:2;s:10:\"core\/image\";i:3;s:9:\"core\/html\";i:4;s:9:\"core\/list\";i:5;s:14:\"core\/list-item\";i:6;s:12:\"core\/details\";i:7;s:14:\"core\/shortcode\";}s:8:\"uag_flag\";b:0;s:11:\"uag_version\";s:10:\"1777417564\";s:6:\"gfonts\";a:0:{}s:10:\"gfonts_url\";s:0:\"\";s:12:\"gfonts_files\";a:0:{}s:14:\"uag_faq_layout\";b:0;}"]},"uagb_featured_image_src":{"full":["https:\/\/www.bizneo.com\/blog\/wp-content\/uploads\/2025\/03\/formazione-e-sviluppo.jpg",1140,640,false],"thumbnail":["https:\/\/www.bizneo.com\/blog\/wp-content\/uploads\/2025\/03\/formazione-e-sviluppo-150x150.jpg",150,150,true],"medium":["https:\/\/www.bizneo.com\/blog\/wp-content\/uploads\/2025\/03\/formazione-e-sviluppo-300x168.jpg",300,168,true],"medium_large":["https:\/\/www.bizneo.com\/blog\/wp-content\/uploads\/2025\/03\/formazione-e-sviluppo-768x431.jpg",768,431,true],"large":["https:\/\/www.bizneo.com\/blog\/wp-content\/uploads\/2025\/03\/formazione-e-sviluppo-1024x575.jpg",1024,575,true],"1536x1536":["https:\/\/www.bizneo.com\/blog\/wp-content\/uploads\/2025\/03\/formazione-e-sviluppo.jpg",1140,640,false],"2048x2048":["https:\/\/www.bizneo.com\/blog\/wp-content\/uploads\/2025\/03\/formazione-e-sviluppo.jpg",1140,640,false]},"uagb_author_info":{"display_name":"Matteo","author_link":"https:\/\/www.bizneo.com\/blog\/author\/matteo\/"},"uagb_comment_info":0,"uagb_excerpt":"Combinare formazione e sviluppo del personale \u00e8 la strategia vincente per permettere ad un'azienda e i suoi dipendenti di migliorare.","_links":{"self":[{"href":"https:\/\/www.bizneo.com\/blog\/wp-json\/wp\/v2\/posts\/53072","targetHints":{"allow":["GET"]}}],"collection":[{"href":"https:\/\/www.bizneo.com\/blog\/wp-json\/wp\/v2\/posts"}],"about":[{"href":"https:\/\/www.bizneo.com\/blog\/wp-json\/wp\/v2\/types\/post"}],"author":[{"embeddable":true,"href":"https:\/\/www.bizneo.com\/blog\/wp-json\/wp\/v2\/users\/39"}],"replies":[{"embeddable":true,"href":"https:\/\/www.bizneo.com\/blog\/wp-json\/wp\/v2\/comments?post=53072"}],"version-history":[{"count":8,"href":"https:\/\/www.bizneo.com\/blog\/wp-json\/wp\/v2\/posts\/53072\/revisions"}],"predecessor-version":[{"id":58041,"href":"https:\/\/www.bizneo.com\/blog\/wp-json\/wp\/v2\/posts\/53072\/revisions\/58041"}],"wp:featuredmedia":[{"embeddable":true,"href":"https:\/\/www.bizneo.com\/blog\/wp-json\/wp\/v2\/media\/56381"}],"wp:attachment":[{"href":"https:\/\/www.bizneo.com\/blog\/wp-json\/wp\/v2\/media?parent=53072"}],"wp:term":[{"taxonomy":"category","embeddable":true,"href":"https:\/\/www.bizneo.com\/blog\/wp-json\/wp\/v2\/categories?post=53072"},{"taxonomy":"post_tag","embeddable":true,"href":"https:\/\/www.bizneo.com\/blog\/wp-json\/wp\/v2\/tags?post=53072"}],"curies":[{"name":"wp","href":"https:\/\/api.w.org\/{rel}","templated":true}]}}