{"id":52449,"date":"2025-10-23T16:22:56","date_gmt":"2025-10-23T15:22:56","guid":{"rendered":"https:\/\/www.bizneo.com\/blog\/?p=52449"},"modified":"2026-01-26T14:35:39","modified_gmt":"2026-01-26T13:35:39","slug":"piano-ferie","status":"publish","type":"post","link":"https:\/\/www.bizneo.com\/blog\/it\/piano-ferie\/","title":{"rendered":"Piano ferie: come organizzare la programazione delle ferie"},"content":{"rendered":"\n<p>Qual \u00e8 il modo pi\u00f9 efficace per <strong>organizzare le ferie dei dipendenti<\/strong>? Per il dipartimento delle <a href=\"https:\/\/www.bizneo.com\/blog\/it\/risorse-umane\/\" target=\"_blank\" rel=\"noreferrer noopener\" data-wpel-link=\"internal\">Risorse Umane<\/a> di molte aziende, questa domanda ritorna inesorabile ogni anno. Gestire il <strong>piano ferie<\/strong> senza compromettere la <a href=\"https:\/\/www.bizneo.com\/blog\/it\/produttivita-lavoro\/\" target=\"_blank\" rel=\"noreferrer noopener\" data-wpel-link=\"internal\">produttivit\u00e0 lavorativa<\/a> \u00e8 un processo complesso, ma assolutamente necessario.<\/p>\n\n\n\n<p>L\u2019<strong>anticipazione<\/strong>, l\u2019<strong>ordine<\/strong> e la <strong>collaborazione<\/strong> di tutte le parti coinvolte sono elementi chiave per affrontare questa sfida, riuscendo a conciliare gli obiettivi di business con il mantenimento di dipendenti motivati e impegnati. Uno degli strumenti che pu\u00f2 fare la differenza in questa pianificazione \u00e8 l\u2019adozione di una <strong>tecnologia<\/strong> in grado di facilitare e automatizzare gran parte del processo.<\/p>\n\n\n\n<h2 class=\"wp-block-heading\">Il piano ferie: l&#8217;importanza di organizzare le ferie dei dipendenti<\/h2>\n\n\n\n<p>Organizzare le ferie non \u00e8 solo una questione di <strong>pianificazione<\/strong>, ma rappresenta anche un <strong>diritto fondamentale dei lavoratori<\/strong>. Costringere i dipendenti a prendere le ferie solo nel periodo stabilito dall\u2019azienda \u00e8 segno di una pianificazione inefficace e pu\u00f2 ridurre la loro soddisfazione.<\/p>\n\n\n\n<p>Una buona politica per la gestione delle ferie consente di trovare un accordo, facendo in modo che i dipendenti possano riposare nelle date che preferiscono, aumentando cos\u00ec la <strong>soddisfazione<\/strong> e, di riflesso, la produttivit\u00e0.<\/p>\n\n\n\n<p>Inoltre, una pianificazione accurata <strong>evita di lasciare posizioni scoperte o errori organizzativi che possono compromettere la continuit\u00e0 operativa,<\/strong> garantendo che l\u2019attivit\u00e0 aziendale non subisca ripercussioni durante i periodi di ferie. Un\u2019ottima organizzazione alleggerisce anche il lavoro del reparto HR, che grazie all\u2019anticipazione pu\u00f2 coordinare i calendari e gestire le richieste senza stress.<\/p>\n\n\n\n<bzn-info><a href=\"\/blog\/it\/gestione-di-ferie-e-permessi\/\" id=\"destacado-post\" target=\"_blank\" rel=\"noopener noreferrer\" data-wpel-link=\"internal\"><span class=\"bzn-link-title\"><strong>GUIDA ALLA GESTIONE DI FERIE E PERMESSI<\/strong><\/span>La guida completa per gestire al meglio le assenze dei tuoi dipendenti.<\/a><\/bzn-info>\n\n\n\n<p><\/p>\n\n\n\n<h2 class=\"wp-block-heading\">Benefici della programmazione delle ferie<\/h2>\n\n\n\n<p>Una gestione ben organizzata delle ferie porta numerosi vantaggi:<\/p>\n\n\n\n<ul class=\"wp-block-list\">\n<li><strong>Conciliazione familiare<\/strong>: permette ai dipendenti di allineare il periodo di ferie con quello dei familiari, aumentando la <strong>soddisfazione personale<\/strong>.<\/li>\n\n\n\n<li><strong>Riduzione dei rischi lavorativi<\/strong>: un adeguato riposo aiuta a diminuire le <strong>bassi produttivit\u00e0<\/strong> e i problemi di salute, prevenendo infortuni e malattie.<\/li>\n\n\n\n<li><strong>Aumento della produttivit\u00e0<\/strong>: dipendenti riposati e con la mente fresca sono pi\u00f9 <strong>motivati<\/strong> e produttivi.<\/li>\n\n\n\n<li><strong>Crescita personale e professionale<\/strong>: le ferie offrono l&#8217;opportunit\u00e0 di viaggiare, praticare attivit\u00e0 ricreative e migliorare il proprio <strong>benessere<\/strong> globale, riflettendosi positivamente sul lavoro.<\/li>\n\n\n\n<li><strong>Riduzione dei conflitti<\/strong>: una pianificazione trasparente e ben organizzata evita controversie tra colleghi riguardo alle date di ferie.<\/li>\n\n\n\n<li><strong>Ottimizzazione del processo<\/strong>: pianificare in anticipo riduce il tempo speso nella gestione manuale delle ferie, liberando risorse per altre attivit\u00e0 strategiche.<\/li>\n<\/ul>\n\n\n\n<figure class=\"wp-block-image size-large\"><a href=\"\/it\/software-gestione-ferie-permessi\/\" data-wpel-link=\"internal\" target=\"_blank\"><img decoding=\"async\" width=\"1024\" height=\"154\" src=\"https:\/\/www.bizneo.com\/blog\/wp-content\/uploads\/2025\/01\/banner-medio-ferie-assenze-1024x154.jpg\" alt=\"assenze e ferie\" class=\"wp-image-51982\" srcset=\"https:\/\/www.bizneo.com\/blog\/wp-content\/uploads\/2025\/01\/banner-medio-ferie-assenze-1024x154.jpg 1024w, https:\/\/www.bizneo.com\/blog\/wp-content\/uploads\/2025\/01\/banner-medio-ferie-assenze-300x45.jpg 300w, https:\/\/www.bizneo.com\/blog\/wp-content\/uploads\/2025\/01\/banner-medio-ferie-assenze-768x115.jpg 768w, https:\/\/www.bizneo.com\/blog\/wp-content\/uploads\/2025\/01\/banner-medio-ferie-assenze-810x122.jpg 810w, https:\/\/www.bizneo.com\/blog\/wp-content\/uploads\/2025\/01\/banner-medio-ferie-assenze-1140x171.jpg 1140w, https:\/\/www.bizneo.com\/blog\/wp-content\/uploads\/2025\/01\/banner-medio-ferie-assenze.jpg 1360w\" sizes=\"(max-width: 1024px) 100vw, 1024px\" \/><\/a><\/figure>\n\n\n\n<p><\/p>\n\n\n\n<h2 class=\"wp-block-heading\">Come organizzare il piano ferie: 6 punti chiave<\/h2>\n\n\n\n<p>Se ti chiedi come organizzare le ferie in modo efficace, ecco alcuni <strong>punti fondamentali<\/strong>:<\/p>\n\n\n\n<h3 class=\"wp-block-heading\">Studia le esigenze dell&#8217;azienda<\/h3>\n\n\n\n<p>Analizza le necessit\u00e0 operative dell\u2019azienda per capire quale livello di presenza \u00e8 indispensabile e se \u00e8 necessario assumere personale temporaneo per coprire le attivit\u00e0 durante le ferie.<\/p>\n\n\n\n<h3 class=\"wp-block-heading\">Analizza i periodi di maggiore carico di lavoro<\/h3>\n\n\n\n<p>Identifica le stagioni di maggiore e minore attivit\u00e0. Ad esempio, in alcuni settori il periodo estivo \u00e8 pi\u00f9 tranquillo, mentre in altri, come il periodo natalizio, pu\u00f2 esserci un picco di lavoro. Analizza i dati storici per capire quando pianificare le ferie in modo da minimizzare l&#8217;impatto operativo.<\/p>\n\n\n\n<figure class=\"wp-block-image size-full\"><a href=\"\/it\/software-gestione-ferie-permessi\/\" data-wpel-link=\"internal\" target=\"_blank\"><img decoding=\"async\" width=\"1500\" height=\"1084\" src=\"https:\/\/www.bizneo.com\/blog\/wp-content\/uploads\/2021\/10\/Report-ferie-assenteismo.webp\" alt=\"Report sulle assenze \" class=\"wp-image-26676\" srcset=\"https:\/\/www.bizneo.com\/blog\/wp-content\/uploads\/2021\/10\/Report-ferie-assenteismo.webp 1500w, https:\/\/www.bizneo.com\/blog\/wp-content\/uploads\/2021\/10\/Report-ferie-assenteismo-300x217.webp 300w, https:\/\/www.bizneo.com\/blog\/wp-content\/uploads\/2021\/10\/Report-ferie-assenteismo-1024x740.webp 1024w, https:\/\/www.bizneo.com\/blog\/wp-content\/uploads\/2021\/10\/Report-ferie-assenteismo-768x555.webp 768w, https:\/\/www.bizneo.com\/blog\/wp-content\/uploads\/2021\/10\/Report-ferie-assenteismo-810x585.webp 810w, https:\/\/www.bizneo.com\/blog\/wp-content\/uploads\/2021\/10\/Report-ferie-assenteismo-1140x824.webp 1140w\" sizes=\"(max-width: 1500px) 100vw, 1500px\" \/><\/a><\/figure>\n\n\n\n<h3 class=\"wp-block-heading\">Stabilisci le gerarchie e le priorit\u00e0<\/h3>\n\n\n\n<p>definisci criteri chiari per l&#8217;assegnazione delle ferie, considerando fattori come l\u2019anzianit\u00e0, le esigenze familiari, il tipo di contratto e altri parametri rilevanti. Puoi anche adottare un sistema di rotazione per garantire equit\u00e0 tra i dipendenti.<\/p>\n\n\n\n<h3 class=\"wp-block-heading\">Usa un software per la gestione delle ferie<\/h3>\n\n\n\n<p>Man mano che l&#8217;azienda cresce, un semplice foglio Excel non basta pi\u00f9. Un software dedicato, come quello di <strong>Bizneo HR<\/strong>, consente di automatizzare il calcolo dei calendari, evitare sovrapposizioni e ridurre il tempo speso nella gestione manuale. Questi strumenti permettono di configurare politiche personalizzate e generare report dettagliati.<\/p>\n\n\n\n<h3 class=\"wp-block-heading\">Pianifica le assunzioni in modo intelligente<\/h3>\n\n\n\n<p>Quando assumi nuovo personale, evita di farlo in periodi in cui molte persone sono in ferie, in modo da facilitare il processo di onboarding. Poich\u00e9 i nuovi dipendenti non hanno immediatamente ferie a disposizione, pianificare con attenzione pu\u00f2 contribuire a mantenere la continuit\u00e0 operativa.<\/p>\n\n\n\n<figure class=\"wp-block-image size-full\"><a href=\"\/it\/software-gestione-ferie-permessi\/\" data-wpel-link=\"internal\" target=\"_blank\"><img decoding=\"async\" width=\"1500\" height=\"1077\" src=\"https:\/\/www.bizneo.com\/blog\/wp-content\/uploads\/2021\/10\/Software-per-gestire-tutto-tipo-di-assenza-e-permessi.webp\" alt=\" Tipi di assenza personalizzabili \" class=\"wp-image-26665\" srcset=\"https:\/\/www.bizneo.com\/blog\/wp-content\/uploads\/2021\/10\/Software-per-gestire-tutto-tipo-di-assenza-e-permessi.webp 1500w, https:\/\/www.bizneo.com\/blog\/wp-content\/uploads\/2021\/10\/Software-per-gestire-tutto-tipo-di-assenza-e-permessi-300x215.webp 300w, https:\/\/www.bizneo.com\/blog\/wp-content\/uploads\/2021\/10\/Software-per-gestire-tutto-tipo-di-assenza-e-permessi-1024x735.webp 1024w, https:\/\/www.bizneo.com\/blog\/wp-content\/uploads\/2021\/10\/Software-per-gestire-tutto-tipo-di-assenza-e-permessi-768x551.webp 768w, https:\/\/www.bizneo.com\/blog\/wp-content\/uploads\/2021\/10\/Software-per-gestire-tutto-tipo-di-assenza-e-permessi-810x582.webp 810w, https:\/\/www.bizneo.com\/blog\/wp-content\/uploads\/2021\/10\/Software-per-gestire-tutto-tipo-di-assenza-e-permessi-1140x819.webp 1140w\" sizes=\"(max-width: 1500px) 100vw, 1500px\" \/><\/a><\/figure>\n\n\n\n<h3 class=\"wp-block-heading\">Notifica con anticipo la programmazione delle ferie<\/h3>\n\n\n\n<p>Una volta definiti i range di date disponibili, i dipendenti devono presentare le loro richieste con sufficiente anticipo. Una comunicazione chiara e tempestiva tra dipendenti, manager e HR \u00e8 essenziale per gestire le richieste senza intoppi. Un software dedicato facilita questo processo grazie alle notifiche automatiche e alla gestione in tempo reale.<\/p>\n\n\n\n<figure class=\"wp-block-image size-large\"><a href=\"https:\/\/www.bizneo.com\/it\/software-gestione-ferie-permessi\/\" data-wpel-link=\"internal\" target=\"_blank\"><img decoding=\"async\" width=\"1024\" height=\"735\" src=\"https:\/\/www.bizneo.com\/blog\/wp-content\/uploads\/2021\/11\/workflows-gestione-di-ferie-e-permessi-1024x735.webp\" alt=\"Workflows per ferie e permessi\" class=\"wp-image-49873\" srcset=\"https:\/\/www.bizneo.com\/blog\/wp-content\/uploads\/2021\/11\/workflows-gestione-di-ferie-e-permessi-1024x735.webp 1024w, https:\/\/www.bizneo.com\/blog\/wp-content\/uploads\/2021\/11\/workflows-gestione-di-ferie-e-permessi-300x215.webp 300w, https:\/\/www.bizneo.com\/blog\/wp-content\/uploads\/2021\/11\/workflows-gestione-di-ferie-e-permessi-768x551.webp 768w, https:\/\/www.bizneo.com\/blog\/wp-content\/uploads\/2021\/11\/workflows-gestione-di-ferie-e-permessi-810x582.webp 810w, https:\/\/www.bizneo.com\/blog\/wp-content\/uploads\/2021\/11\/workflows-gestione-di-ferie-e-permessi-1140x819.webp 1140w, https:\/\/www.bizneo.com\/blog\/wp-content\/uploads\/2021\/11\/workflows-gestione-di-ferie-e-permessi.webp 1500w\" sizes=\"(max-width: 1024px) 100vw, 1024px\" \/><\/a><\/figure>\n\n\n\n<h2 class=\"wp-block-heading\">Creare un piano ferie in Excel<\/h2>\n\n\n\n<p>Per alcune aziende, specialmente quelle piccole o in fase di avvio, utilizzare <strong>Excel<\/strong> come strumento per la creazione di un piano ferie pu\u00f2 essere una <strong>soluzione utile e a basso costo<\/strong>. Un foglio Excel ben strutturato permette di calcolare i giorni liberi, tenere <a href=\"\/blog\/it\/gestione-assenze\/\" data-wpel-link=\"internal\" target=\"_blank\">traccia delle assenze<\/a> e pianificare i turni. Tuttavia, con la crescita dell&#8217;azienda, questa soluzione diventa rapidamente inadeguata.<\/p>\n\n\n\n<div id=\"cbox-PaqZ5ASc5mryOIsT\"><\/div>\n\n\n\n<p>L&#8217;utilizzo di Excel, pur essendo familiare a molti, <strong>presenta alcuni rischi<\/strong>: l&#8217;aumento del numero di dipendenti rende il file difficile da gestire, e anche piccoli errori possono portare a gravi disguidi organizzativi. <\/p>\n\n\n\n<p>Per questo motivo, quando la tua azienda cresce, \u00e8 consigliabile <strong>passare a una soluzione software<\/strong> <strong>pi\u00f9<\/strong> <strong>avanzata<\/strong> che automatizzi il processo e riduca al minimo gli errori.<\/p>\n\n\n\n<figure class=\"wp-block-image size-large\"><a href=\"https:\/\/www.bizneo.com\/it\/software-gestione-ferie-permessi\/\" target=\"_blank\" rel=\"noopener\" data-wpel-link=\"internal\"><img decoding=\"async\" width=\"1024\" height=\"154\" src=\"https:\/\/www.bizneo.com\/blog\/wp-content\/uploads\/2021\/09\/banner-medio-ferie-excel-1024x154.jpg\" alt=\"Software per la gestione di ferie e permessi\" class=\"wp-image-26144\" srcset=\"https:\/\/www.bizneo.com\/blog\/wp-content\/uploads\/2021\/09\/banner-medio-ferie-excel-1024x154.jpg 1024w, https:\/\/www.bizneo.com\/blog\/wp-content\/uploads\/2021\/09\/banner-medio-ferie-excel-300x45.jpg 300w, https:\/\/www.bizneo.com\/blog\/wp-content\/uploads\/2021\/09\/banner-medio-ferie-excel-768x115.jpg 768w, https:\/\/www.bizneo.com\/blog\/wp-content\/uploads\/2021\/09\/banner-medio-ferie-excel-810x122.jpg 810w, https:\/\/www.bizneo.com\/blog\/wp-content\/uploads\/2021\/09\/banner-medio-ferie-excel-1140x171.jpg 1140w, https:\/\/www.bizneo.com\/blog\/wp-content\/uploads\/2021\/09\/banner-medio-ferie-excel.jpg 1360w\" sizes=\"(max-width: 1024px) 100vw, 1024px\" \/><\/a><\/figure>\n\n\n\n<p><\/p>\n\n\n\n<h2 class=\"wp-block-heading\">Come automatizzare il piano ferie<\/h2>\n\n\n\n<p>La soluzione ideale per semplificare la gestione delle ferie \u00e8 l\u2019adozione di un <strong>software per la getione di ferie e permessi<\/strong>.<\/p>\n\n\n\n<p>Il <a href=\"https:\/\/www.bizneo.com\/it\/software-gestione-ferie-permessi\/\" target=\"_blank\" rel=\"noreferrer noopener\" data-wpel-link=\"internal\">software per la getione di ferie e permessi di Bizneo HR<\/a> permette di:<\/p>\n\n\n\n<ul class=\"wp-block-list\">\n<li><strong>Automatizzare il calcolo dei calendari<\/strong>: evitando sovrapposizioni e garantendo una pianificazione precisa.<\/li>\n\n\n\n<li><strong>Gestire le richieste con pochi clic<\/strong>: semplificando notevolmente il lavoro del reparto HR.<\/li>\n\n\n\n<li><strong>Consentire approvazioni in tempo reale<\/strong>: grazie a notifiche personalizzabili che facilitano la comunicazione tra manager, HR e dipendenti.<\/li>\n\n\n\n<li><strong>Visualizzare i calendari dei dipendenti<\/strong>: permettendo di filtrare la disponibilit\u00e0 in base alle esigenze dei progetti.<\/li>\n\n\n\n<li><strong>Offrire un portale e un&#8217;app mobile<\/strong>: per consentire ai dipendenti di presentare le loro richieste ovunque e in qualsiasi momento.<\/li>\n<\/ul>\n\n\n\n<p>Con questa tecnologia, l&#8217;automatizzazione della pianificazione delle ferie diventa un processo semplice e veloce, contribuendo ad aumentare la produttivit\u00e0 aziendale e a migliorare la soddisfazione dei dipendenti.<\/p>\n\n\n\n<p>Organizzare le ferie dei dipendenti in modo efficace con un piano ferie \u00e8 fondamentale per garantire il benessere dei lavoratori e la continuit\u00e0 operativa dell&#8217;azienda. Una pianificazione accurata evita sovrapposizioni, conflitti interni e assenze prolungate che possono compromettere la produttivit\u00e0. <\/p>\n\n\n\n<p>Investire in una solida politica delle ferie, supportata da strumenti tecnologici avanzati come il <a href=\"\/it\/software-gestione-ferie-permessi\/\" data-wpel-link=\"internal\" target=\"_blank\">software per la gestione di ferie e permessi<\/a> di <strong>Bizneo HR<\/strong>, <strong>permette di automatizzare il processo, risparmiare tempo e ridurre gli errori.<\/strong><\/p>\n\n\n\n<figure class=\"wp-block-image size-full\"><a href=\"\/it\/software-gestione-ferie-permessi\/\" data-wpel-link=\"internal\" target=\"_blank\"><img decoding=\"async\" width=\"1500\" height=\"1006\" src=\"https:\/\/www.bizneo.com\/blog\/wp-content\/uploads\/2021\/10\/software-per-la-gestione-delle-Risorse-Umane-Gestione-ferie-e-permessi.webp\" alt=\"Gestione ferie per dipendenti \" class=\"wp-image-26671\" srcset=\"https:\/\/www.bizneo.com\/blog\/wp-content\/uploads\/2021\/10\/software-per-la-gestione-delle-Risorse-Umane-Gestione-ferie-e-permessi.webp 1500w, https:\/\/www.bizneo.com\/blog\/wp-content\/uploads\/2021\/10\/software-per-la-gestione-delle-Risorse-Umane-Gestione-ferie-e-permessi-300x201.webp 300w, https:\/\/www.bizneo.com\/blog\/wp-content\/uploads\/2021\/10\/software-per-la-gestione-delle-Risorse-Umane-Gestione-ferie-e-permessi-1024x687.webp 1024w, https:\/\/www.bizneo.com\/blog\/wp-content\/uploads\/2021\/10\/software-per-la-gestione-delle-Risorse-Umane-Gestione-ferie-e-permessi-768x515.webp 768w, https:\/\/www.bizneo.com\/blog\/wp-content\/uploads\/2021\/10\/software-per-la-gestione-delle-Risorse-Umane-Gestione-ferie-e-permessi-810x543.webp 810w, https:\/\/www.bizneo.com\/blog\/wp-content\/uploads\/2021\/10\/software-per-la-gestione-delle-Risorse-Umane-Gestione-ferie-e-permessi-1140x765.webp 1140w\" sizes=\"(max-width: 1500px) 100vw, 1500px\" \/><\/a><\/figure>\n\n\n\n<p>Grazie a una programmazione anticipata e a una gestione coordinata, l&#8217;azienda pu\u00f2 aumentare la produttivit\u00e0, migliorare la comunicazione e accrescere la soddisfazione dei dipendenti, creando un ambiente di lavoro sano e motivante. <strong>Adottare un sistema di pianificazione delle ferie<\/strong> efficace diventa cos\u00ec un vantaggio competitivo, <strong>capace di valorizzare il talento e contribuire al successo complessivo dell&#8217;impresa.<\/strong><\/p>\n\n\n\n<figure class=\"wp-block-image size-large\"><a href=\"https:\/\/www.bizneo.com\/it\/software-gestione-ferie-permessi\/\" target=\"_blank\" rel=\"noopener\" data-wpel-link=\"internal\"><img decoding=\"async\" width=\"1024\" height=\"307\" src=\"https:\/\/www.bizneo.com\/blog\/wp-content\/uploads\/2021\/09\/Software-gestione-ferie-1024x307.jpg\" alt=\"Software per la gestione di ferie e permessi \" class=\"wp-image-26148\" srcset=\"https:\/\/www.bizneo.com\/blog\/wp-content\/uploads\/2021\/09\/Software-gestione-ferie-1024x307.jpg 1024w, https:\/\/www.bizneo.com\/blog\/wp-content\/uploads\/2021\/09\/Software-gestione-ferie-300x90.jpg 300w, https:\/\/www.bizneo.com\/blog\/wp-content\/uploads\/2021\/09\/Software-gestione-ferie-768x230.jpg 768w, https:\/\/www.bizneo.com\/blog\/wp-content\/uploads\/2021\/09\/Software-gestione-ferie-810x243.jpg 810w, https:\/\/www.bizneo.com\/blog\/wp-content\/uploads\/2021\/09\/Software-gestione-ferie-1140x342.jpg 1140w, https:\/\/www.bizneo.com\/blog\/wp-content\/uploads\/2021\/09\/Software-gestione-ferie.jpg 1360w\" sizes=\"(max-width: 1024px) 100vw, 1024px\" \/><\/a><\/figure>\n","protected":false},"excerpt":{"rendered":"<p>Scopri come organizzare le ferie dei dipendenti in modo efficace, produttivo e automatizzato grazie alla tecnologia.<\/p>\n","protected":false},"author":39,"featured_media":56319,"comment_status":"open","ping_status":"open","sticky":false,"template":"","format":"standard","meta":{"_uag_custom_page_level_css":"","site-sidebar-layout":"default","site-content-layout":"","ast-site-content-layout":"default","site-content-style":"default","site-sidebar-style":"default","ast-global-header-display":"","ast-banner-title-visibility":"","ast-main-header-display":"","ast-hfb-above-header-display":"","ast-hfb-below-header-display":"","ast-hfb-mobile-header-display":"","site-post-title":"","ast-breadcrumbs-content":"","ast-featured-img":"","footer-sml-layout":"","ast-disable-related-posts":"","theme-transparent-header-meta":"","adv-header-id-meta":"","stick-header-meta":"","header-above-stick-meta":"","header-main-stick-meta":"","header-below-stick-meta":"","astra-migrate-meta-layouts":"default","ast-page-background-enabled":"default","ast-page-background-meta":{"desktop":{"background-color":"var(--ast-global-color-5)","background-image":"","background-repeat":"repeat","background-position":"center center","background-size":"auto","background-attachment":"scroll","background-type":"","background-media":"","overlay-type":"","overlay-color":"","overlay-opacity":"","overlay-gradient":""},"tablet":{"background-color":"","background-image":"","background-repeat":"repeat","background-position":"center center","background-size":"auto","background-attachment":"scroll","background-type":"","background-media":"","overlay-type":"","overlay-color":"","overlay-opacity":"","overlay-gradient":""},"mobile":{"background-color":"","background-image":"","background-repeat":"repeat","background-position":"center center","background-size":"auto","background-attachment":"scroll","background-type":"","background-media":"","overlay-type":"","overlay-color":"","overlay-opacity":"","overlay-gradient":""}},"ast-content-background-meta":{"desktop":{"background-color":"var(--ast-global-color-4)","background-image":"","background-repeat":"repeat","background-position":"center center","background-size":"auto","background-attachment":"scroll","background-type":"","background-media":"","overlay-type":"","overlay-color":"","overlay-opacity":"","overlay-gradient":""},"tablet":{"background-color":"var(--ast-global-color-4)","background-image":"","background-repeat":"repeat","background-position":"center center","background-size":"auto","background-attachment":"scroll","background-type":"","background-media":"","overlay-type":"","overlay-color":"","overlay-opacity":"","overlay-gradient":""},"mobile":{"background-color":"var(--ast-global-color-4)","background-image":"","background-repeat":"repeat","background-position":"center center","background-size":"auto","background-attachment":"scroll","background-type":"","background-media":"","overlay-type":"","overlay-color":"","overlay-opacity":"","overlay-gradient":""}},"footnotes":""},"categories":[371],"tags":[],"class_list":["post-52449","post","type-post","status-publish","format-standard","has-post-thumbnail","hentry","category-gestione-delle-ferie"],"yoast_head":"<!-- This site is optimized with the Yoast SEO plugin v27.5 - https:\/\/yoast.com\/product\/yoast-seo-wordpress\/ -->\n<title>Piano Ferie: Come organizzare la programmazione delle ferie<\/title>\n<meta name=\"description\" content=\"Scopri con Piano Ferie come organizzare le assenze dei dipendenti in modo efficace, produttivo e automatizzato grazie alla tecnologia.\" \/>\n<meta name=\"robots\" content=\"index, follow, max-snippet:-1, max-image-preview:large, max-video-preview:-1\" \/>\n<meta property=\"og:locale\" content=\"es_ES\" \/>\n<meta property=\"og:type\" content=\"article\" \/>\n<meta property=\"og:title\" content=\"Piano Ferie: Come organizzare la programmazione delle ferie\" \/>\n<meta property=\"og:description\" content=\"Scopri con Piano Ferie come organizzare le assenze dei dipendenti in modo efficace, produttivo e automatizzato grazie alla tecnologia.\" \/>\n<meta property=\"og:url\" content=\"https:\/\/www.bizneo.com\/blog\/it\/piano-ferie\/\" \/>\n<meta property=\"og:site_name\" content=\"Blog de Recursos Humanos de Bizneo HR: pr\u00e1ctico y actual\" \/>\n<meta property=\"article:published_time\" content=\"2025-10-23T15:22:56+00:00\" \/>\n<meta property=\"article:modified_time\" content=\"2026-01-26T13:35:39+00:00\" \/>\n<meta property=\"og:image\" content=\"https:\/\/www.bizneo.com\/blog\/wp-content\/uploads\/2025\/02\/Piano-ferie-scaled.jpeg\" \/>\n\t<meta property=\"og:image:width\" content=\"2560\" \/>\n\t<meta property=\"og:image:height\" content=\"1707\" \/>\n\t<meta property=\"og:image:type\" content=\"image\/jpeg\" \/>\n<meta name=\"author\" content=\"Matteo\" \/>\n<meta name=\"twitter:card\" content=\"summary_large_image\" \/>\n<meta name=\"twitter:label1\" content=\"Escrito por\" \/>\n\t<meta name=\"twitter:data1\" content=\"Matteo\" \/>\n\t<meta name=\"twitter:label2\" content=\"Tiempo de lectura\" \/>\n\t<meta name=\"twitter:data2\" content=\"7 minutos\" \/>\n<script type=\"application\/ld+json\" class=\"yoast-schema-graph\">{\"@context\":\"https:\\\/\\\/schema.org\",\"@graph\":[{\"@type\":[\"Article\",\"BlogPosting\"],\"@id\":\"https:\\\/\\\/www.bizneo.com\\\/blog\\\/it\\\/piano-ferie\\\/#article\",\"isPartOf\":{\"@id\":\"https:\\\/\\\/www.bizneo.com\\\/blog\\\/it\\\/piano-ferie\\\/\"},\"author\":{\"name\":\"Matteo\",\"@id\":\"https:\\\/\\\/www.bizneo.com\\\/blog\\\/#\\\/schema\\\/person\\\/918c65806041f66782c1c3af5eb0ab96\"},\"headline\":\"Piano ferie: come organizzare la programazione delle ferie\",\"datePublished\":\"2025-10-23T15:22:56+00:00\",\"dateModified\":\"2026-01-26T13:35:39+00:00\",\"mainEntityOfPage\":{\"@id\":\"https:\\\/\\\/www.bizneo.com\\\/blog\\\/it\\\/piano-ferie\\\/\"},\"wordCount\":1127,\"commentCount\":0,\"publisher\":{\"@id\":\"https:\\\/\\\/www.bizneo.com\\\/blog\\\/#organization\"},\"image\":{\"@id\":\"https:\\\/\\\/www.bizneo.com\\\/blog\\\/it\\\/piano-ferie\\\/#primaryimage\"},\"thumbnailUrl\":\"https:\\\/\\\/www.bizneo.com\\\/blog\\\/wp-content\\\/uploads\\\/2025\\\/02\\\/Piano-ferie-scaled.jpeg\",\"articleSection\":[\"Gestione delle ferie\"],\"inLanguage\":\"es\",\"potentialAction\":[{\"@type\":\"CommentAction\",\"name\":\"Comment\",\"target\":[\"https:\\\/\\\/www.bizneo.com\\\/blog\\\/it\\\/piano-ferie\\\/#respond\"]}]},{\"@type\":\"WebPage\",\"@id\":\"https:\\\/\\\/www.bizneo.com\\\/blog\\\/it\\\/piano-ferie\\\/\",\"url\":\"https:\\\/\\\/www.bizneo.com\\\/blog\\\/it\\\/piano-ferie\\\/\",\"name\":\"Piano Ferie: Come organizzare la programmazione delle ferie\",\"isPartOf\":{\"@id\":\"https:\\\/\\\/www.bizneo.com\\\/blog\\\/#website\"},\"primaryImageOfPage\":{\"@id\":\"https:\\\/\\\/www.bizneo.com\\\/blog\\\/it\\\/piano-ferie\\\/#primaryimage\"},\"image\":{\"@id\":\"https:\\\/\\\/www.bizneo.com\\\/blog\\\/it\\\/piano-ferie\\\/#primaryimage\"},\"thumbnailUrl\":\"https:\\\/\\\/www.bizneo.com\\\/blog\\\/wp-content\\\/uploads\\\/2025\\\/02\\\/Piano-ferie-scaled.jpeg\",\"datePublished\":\"2025-10-23T15:22:56+00:00\",\"dateModified\":\"2026-01-26T13:35:39+00:00\",\"description\":\"Scopri con Piano Ferie come organizzare le assenze dei dipendenti in modo efficace, produttivo e automatizzato grazie alla tecnologia.\",\"breadcrumb\":{\"@id\":\"https:\\\/\\\/www.bizneo.com\\\/blog\\\/it\\\/piano-ferie\\\/#breadcrumb\"},\"inLanguage\":\"es\",\"potentialAction\":[{\"@type\":\"ReadAction\",\"target\":[\"https:\\\/\\\/www.bizneo.com\\\/blog\\\/it\\\/piano-ferie\\\/\"]}]},{\"@type\":\"ImageObject\",\"inLanguage\":\"es\",\"@id\":\"https:\\\/\\\/www.bizneo.com\\\/blog\\\/it\\\/piano-ferie\\\/#primaryimage\",\"url\":\"https:\\\/\\\/www.bizneo.com\\\/blog\\\/wp-content\\\/uploads\\\/2025\\\/02\\\/Piano-ferie-scaled.jpeg\",\"contentUrl\":\"https:\\\/\\\/www.bizneo.com\\\/blog\\\/wp-content\\\/uploads\\\/2025\\\/02\\\/Piano-ferie-scaled.jpeg\",\"width\":2560,\"height\":1707,\"caption\":\"Piano ferie\"},{\"@type\":\"BreadcrumbList\",\"@id\":\"https:\\\/\\\/www.bizneo.com\\\/blog\\\/it\\\/piano-ferie\\\/#breadcrumb\",\"itemListElement\":[{\"@type\":\"ListItem\",\"position\":1,\"name\":\"Portada\",\"item\":\"https:\\\/\\\/www.bizneo.com\\\/blog\\\/\"},{\"@type\":\"ListItem\",\"position\":2,\"name\":\"Gestione del tempo\",\"item\":\"https:\\\/\\\/www.bizneo.com\\\/blog\\\/it\\\/category\\\/gestione-del-tempo\\\/\"},{\"@type\":\"ListItem\",\"position\":3,\"name\":\"Gestione delle ferie\",\"item\":\"https:\\\/\\\/www.bizneo.com\\\/blog\\\/it\\\/category\\\/gestione-del-tempo\\\/gestione-delle-ferie\\\/\"},{\"@type\":\"ListItem\",\"position\":4,\"name\":\"Piano ferie: come organizzare la programazione delle ferie\"}]},{\"@type\":\"WebSite\",\"@id\":\"https:\\\/\\\/www.bizneo.com\\\/blog\\\/#website\",\"url\":\"https:\\\/\\\/www.bizneo.com\\\/blog\\\/\",\"name\":\"Blog de Recursos Humanos de Bizneo HR: pr\u00e1ctico y actual\",\"description\":\"Todo sobre actualidad, herramientas y tecnolog\u00eda  para optimizar la gesti\u00f3n del talento humano\",\"publisher\":{\"@id\":\"https:\\\/\\\/www.bizneo.com\\\/blog\\\/#organization\"},\"potentialAction\":[{\"@type\":\"SearchAction\",\"target\":{\"@type\":\"EntryPoint\",\"urlTemplate\":\"https:\\\/\\\/www.bizneo.com\\\/blog\\\/?s={search_term_string}\"},\"query-input\":{\"@type\":\"PropertyValueSpecification\",\"valueRequired\":true,\"valueName\":\"search_term_string\"}}],\"inLanguage\":\"es\"},{\"@type\":\"Organization\",\"@id\":\"https:\\\/\\\/www.bizneo.com\\\/blog\\\/#organization\",\"name\":\"Bizneo HR\",\"url\":\"https:\\\/\\\/www.bizneo.com\\\/blog\\\/\",\"logo\":{\"@type\":\"ImageObject\",\"inLanguage\":\"es\",\"@id\":\"https:\\\/\\\/www.bizneo.com\\\/blog\\\/#\\\/schema\\\/logo\\\/image\\\/\",\"url\":\"https:\\\/\\\/www.bizneo.com\\\/blog\\\/wp-content\\\/uploads\\\/2020\\\/09\\\/Icono-Logo-Bizneo-HR.png\",\"contentUrl\":\"https:\\\/\\\/www.bizneo.com\\\/blog\\\/wp-content\\\/uploads\\\/2020\\\/09\\\/Icono-Logo-Bizneo-HR.png\",\"width\":834,\"height\":834,\"caption\":\"Bizneo HR\"},\"image\":{\"@id\":\"https:\\\/\\\/www.bizneo.com\\\/blog\\\/#\\\/schema\\\/logo\\\/image\\\/\"}},{\"@type\":\"Person\",\"@id\":\"https:\\\/\\\/www.bizneo.com\\\/blog\\\/#\\\/schema\\\/person\\\/918c65806041f66782c1c3af5eb0ab96\",\"name\":\"Matteo\",\"image\":{\"@type\":\"ImageObject\",\"inLanguage\":\"es\",\"@id\":\"https:\\\/\\\/secure.gravatar.com\\\/avatar\\\/0978826a0ddab20cbf6d5aed62bb04a54b6e14fb794074e39a18a1b365c03e20?s=96&d=mm&r=g\",\"url\":\"https:\\\/\\\/secure.gravatar.com\\\/avatar\\\/0978826a0ddab20cbf6d5aed62bb04a54b6e14fb794074e39a18a1b365c03e20?s=96&d=mm&r=g\",\"contentUrl\":\"https:\\\/\\\/secure.gravatar.com\\\/avatar\\\/0978826a0ddab20cbf6d5aed62bb04a54b6e14fb794074e39a18a1b365c03e20?s=96&d=mm&r=g\",\"caption\":\"Matteo\"},\"url\":\"https:\\\/\\\/www.bizneo.com\\\/blog\\\/author\\\/matteo\\\/\"}]}<\/script>\n<!-- \/ Yoast SEO plugin. -->","yoast_head_json":{"title":"Piano Ferie: Come organizzare la programmazione delle ferie","description":"Scopri con Piano Ferie come organizzare le assenze dei dipendenti in modo efficace, produttivo e automatizzato grazie alla tecnologia.","robots":{"index":"index","follow":"follow","max-snippet":"max-snippet:-1","max-image-preview":"max-image-preview:large","max-video-preview":"max-video-preview:-1"},"og_locale":"es_ES","og_type":"article","og_title":"Piano Ferie: Come organizzare la programmazione delle ferie","og_description":"Scopri con Piano Ferie come organizzare le assenze dei dipendenti in modo efficace, produttivo e automatizzato grazie alla tecnologia.","og_url":"https:\/\/www.bizneo.com\/blog\/it\/piano-ferie\/","og_site_name":"Blog de Recursos Humanos de Bizneo HR: pr\u00e1ctico y actual","article_published_time":"2025-10-23T15:22:56+00:00","article_modified_time":"2026-01-26T13:35:39+00:00","og_image":[{"width":2560,"height":1707,"url":"https:\/\/www.bizneo.com\/blog\/wp-content\/uploads\/2025\/02\/Piano-ferie-scaled.jpeg","type":"image\/jpeg"}],"author":"Matteo","twitter_card":"summary_large_image","twitter_misc":{"Escrito por":"Matteo","Tiempo de lectura":"7 minutos"},"schema":{"@context":"https:\/\/schema.org","@graph":[{"@type":["Article","BlogPosting"],"@id":"https:\/\/www.bizneo.com\/blog\/it\/piano-ferie\/#article","isPartOf":{"@id":"https:\/\/www.bizneo.com\/blog\/it\/piano-ferie\/"},"author":{"name":"Matteo","@id":"https:\/\/www.bizneo.com\/blog\/#\/schema\/person\/918c65806041f66782c1c3af5eb0ab96"},"headline":"Piano ferie: come organizzare la programazione delle ferie","datePublished":"2025-10-23T15:22:56+00:00","dateModified":"2026-01-26T13:35:39+00:00","mainEntityOfPage":{"@id":"https:\/\/www.bizneo.com\/blog\/it\/piano-ferie\/"},"wordCount":1127,"commentCount":0,"publisher":{"@id":"https:\/\/www.bizneo.com\/blog\/#organization"},"image":{"@id":"https:\/\/www.bizneo.com\/blog\/it\/piano-ferie\/#primaryimage"},"thumbnailUrl":"https:\/\/www.bizneo.com\/blog\/wp-content\/uploads\/2025\/02\/Piano-ferie-scaled.jpeg","articleSection":["Gestione delle ferie"],"inLanguage":"es","potentialAction":[{"@type":"CommentAction","name":"Comment","target":["https:\/\/www.bizneo.com\/blog\/it\/piano-ferie\/#respond"]}]},{"@type":"WebPage","@id":"https:\/\/www.bizneo.com\/blog\/it\/piano-ferie\/","url":"https:\/\/www.bizneo.com\/blog\/it\/piano-ferie\/","name":"Piano Ferie: Come organizzare la programmazione delle ferie","isPartOf":{"@id":"https:\/\/www.bizneo.com\/blog\/#website"},"primaryImageOfPage":{"@id":"https:\/\/www.bizneo.com\/blog\/it\/piano-ferie\/#primaryimage"},"image":{"@id":"https:\/\/www.bizneo.com\/blog\/it\/piano-ferie\/#primaryimage"},"thumbnailUrl":"https:\/\/www.bizneo.com\/blog\/wp-content\/uploads\/2025\/02\/Piano-ferie-scaled.jpeg","datePublished":"2025-10-23T15:22:56+00:00","dateModified":"2026-01-26T13:35:39+00:00","description":"Scopri con Piano Ferie come organizzare le assenze dei dipendenti in modo efficace, produttivo e automatizzato grazie alla tecnologia.","breadcrumb":{"@id":"https:\/\/www.bizneo.com\/blog\/it\/piano-ferie\/#breadcrumb"},"inLanguage":"es","potentialAction":[{"@type":"ReadAction","target":["https:\/\/www.bizneo.com\/blog\/it\/piano-ferie\/"]}]},{"@type":"ImageObject","inLanguage":"es","@id":"https:\/\/www.bizneo.com\/blog\/it\/piano-ferie\/#primaryimage","url":"https:\/\/www.bizneo.com\/blog\/wp-content\/uploads\/2025\/02\/Piano-ferie-scaled.jpeg","contentUrl":"https:\/\/www.bizneo.com\/blog\/wp-content\/uploads\/2025\/02\/Piano-ferie-scaled.jpeg","width":2560,"height":1707,"caption":"Piano ferie"},{"@type":"BreadcrumbList","@id":"https:\/\/www.bizneo.com\/blog\/it\/piano-ferie\/#breadcrumb","itemListElement":[{"@type":"ListItem","position":1,"name":"Portada","item":"https:\/\/www.bizneo.com\/blog\/"},{"@type":"ListItem","position":2,"name":"Gestione del tempo","item":"https:\/\/www.bizneo.com\/blog\/it\/category\/gestione-del-tempo\/"},{"@type":"ListItem","position":3,"name":"Gestione delle ferie","item":"https:\/\/www.bizneo.com\/blog\/it\/category\/gestione-del-tempo\/gestione-delle-ferie\/"},{"@type":"ListItem","position":4,"name":"Piano ferie: come organizzare la programazione delle ferie"}]},{"@type":"WebSite","@id":"https:\/\/www.bizneo.com\/blog\/#website","url":"https:\/\/www.bizneo.com\/blog\/","name":"Blog de Recursos Humanos de Bizneo HR: pr\u00e1ctico y actual","description":"Todo sobre actualidad, herramientas y tecnolog\u00eda  para optimizar la gesti\u00f3n del talento humano","publisher":{"@id":"https:\/\/www.bizneo.com\/blog\/#organization"},"potentialAction":[{"@type":"SearchAction","target":{"@type":"EntryPoint","urlTemplate":"https:\/\/www.bizneo.com\/blog\/?s={search_term_string}"},"query-input":{"@type":"PropertyValueSpecification","valueRequired":true,"valueName":"search_term_string"}}],"inLanguage":"es"},{"@type":"Organization","@id":"https:\/\/www.bizneo.com\/blog\/#organization","name":"Bizneo HR","url":"https:\/\/www.bizneo.com\/blog\/","logo":{"@type":"ImageObject","inLanguage":"es","@id":"https:\/\/www.bizneo.com\/blog\/#\/schema\/logo\/image\/","url":"https:\/\/www.bizneo.com\/blog\/wp-content\/uploads\/2020\/09\/Icono-Logo-Bizneo-HR.png","contentUrl":"https:\/\/www.bizneo.com\/blog\/wp-content\/uploads\/2020\/09\/Icono-Logo-Bizneo-HR.png","width":834,"height":834,"caption":"Bizneo HR"},"image":{"@id":"https:\/\/www.bizneo.com\/blog\/#\/schema\/logo\/image\/"}},{"@type":"Person","@id":"https:\/\/www.bizneo.com\/blog\/#\/schema\/person\/918c65806041f66782c1c3af5eb0ab96","name":"Matteo","image":{"@type":"ImageObject","inLanguage":"es","@id":"https:\/\/secure.gravatar.com\/avatar\/0978826a0ddab20cbf6d5aed62bb04a54b6e14fb794074e39a18a1b365c03e20?s=96&d=mm&r=g","url":"https:\/\/secure.gravatar.com\/avatar\/0978826a0ddab20cbf6d5aed62bb04a54b6e14fb794074e39a18a1b365c03e20?s=96&d=mm&r=g","contentUrl":"https:\/\/secure.gravatar.com\/avatar\/0978826a0ddab20cbf6d5aed62bb04a54b6e14fb794074e39a18a1b365c03e20?s=96&d=mm&r=g","caption":"Matteo"},"url":"https:\/\/www.bizneo.com\/blog\/author\/matteo\/"}]}},"spectra_custom_meta":{"onesignal_meta_box_present":["1"],"onesignal_send_notification":["1"],"onesignal_modify_title_and_content":[""],"onesignal_notification_custom_heading":[null],"onesignal_notification_custom_content":[null],"wp_review_type":["none"],"Views":["4804"],"_thumbnail_id":["56319"],"_yoast_wpseo_title":["Piano Ferie: Come organizzare la programmazione delle ferie"],"_yoast_wpseo_metadesc":["Scopri con Piano Ferie come organizzare le assenze dei dipendenti in modo efficace, produttivo e automatizzato grazie alla tecnologia."],"_yoast_wpseo_focuskw":["piano ferie"],"_yoast_wpseo_primary_category":["371"],"_edit_lock":["1769434655:47"],"_edit_last":["47"],"_vce_meta":["a:4:{s:11:\"use_sidebar\";s:7:\"inherit\";s:7:\"sidebar\";s:7:\"inherit\";s:14:\"sticky_sidebar\";s:7:\"inherit\";s:6:\"layout\";s:7:\"inherit\";}"],"_yoast_wpseo_linkdex":["90"],"_yoast_wpseo_content_score":["90"],"_yoast_wpseo_estimated-reading-time-minutes":["7"],"yoast-structured-data-blocks-images-cache":["a:0:{}"],"_uag_css_file_name":["uag-css-52449.css"],"_uag_page_assets":["a:9:{s:3:\"css\";s:263:\".uag-blocks-common-selector{z-index:var(--z-index-desktop) !important}@media (max-width: 976px){.uag-blocks-common-selector{z-index:var(--z-index-tablet) !important}}@media (max-width: 767px){.uag-blocks-common-selector{z-index:var(--z-index-mobile) !important}}\n\";s:2:\"js\";s:0:\"\";s:18:\"current_block_list\";a:8:{i:0;s:14:\"core\/paragraph\";i:1;s:12:\"core\/heading\";i:2;s:9:\"core\/html\";i:3;s:9:\"core\/list\";i:4;s:14:\"core\/list-item\";i:5;s:10:\"core\/image\";i:6;s:12:\"core\/details\";i:7;s:14:\"core\/shortcode\";}s:8:\"uag_flag\";b:0;s:11:\"uag_version\";s:10:\"1777374828\";s:6:\"gfonts\";a:0:{}s:10:\"gfonts_url\";s:0:\"\";s:12:\"gfonts_files\";a:0:{}s:14:\"uag_faq_layout\";b:0;}"]},"uagb_featured_image_src":{"full":["https:\/\/www.bizneo.com\/blog\/wp-content\/uploads\/2025\/02\/Piano-ferie-scaled.jpeg",2560,1707,false],"thumbnail":["https:\/\/www.bizneo.com\/blog\/wp-content\/uploads\/2025\/02\/Piano-ferie-150x150.jpeg",150,150,true],"medium":["https:\/\/www.bizneo.com\/blog\/wp-content\/uploads\/2025\/02\/Piano-ferie-300x200.jpeg",300,200,true],"medium_large":["https:\/\/www.bizneo.com\/blog\/wp-content\/uploads\/2025\/02\/Piano-ferie-768x512.jpeg",768,512,true],"large":["https:\/\/www.bizneo.com\/blog\/wp-content\/uploads\/2025\/02\/Piano-ferie-1024x683.jpeg",1024,683,true],"1536x1536":["https:\/\/www.bizneo.com\/blog\/wp-content\/uploads\/2025\/02\/Piano-ferie-1536x1024.jpeg",1536,1024,true],"2048x2048":["https:\/\/www.bizneo.com\/blog\/wp-content\/uploads\/2025\/02\/Piano-ferie-2048x1365.jpeg",2048,1365,true]},"uagb_author_info":{"display_name":"Matteo","author_link":"https:\/\/www.bizneo.com\/blog\/author\/matteo\/"},"uagb_comment_info":0,"uagb_excerpt":"Scopri come organizzare le ferie dei dipendenti in modo efficace, produttivo e automatizzato grazie alla tecnologia.","_links":{"self":[{"href":"https:\/\/www.bizneo.com\/blog\/wp-json\/wp\/v2\/posts\/52449","targetHints":{"allow":["GET"]}}],"collection":[{"href":"https:\/\/www.bizneo.com\/blog\/wp-json\/wp\/v2\/posts"}],"about":[{"href":"https:\/\/www.bizneo.com\/blog\/wp-json\/wp\/v2\/types\/post"}],"author":[{"embeddable":true,"href":"https:\/\/www.bizneo.com\/blog\/wp-json\/wp\/v2\/users\/39"}],"replies":[{"embeddable":true,"href":"https:\/\/www.bizneo.com\/blog\/wp-json\/wp\/v2\/comments?post=52449"}],"version-history":[{"count":11,"href":"https:\/\/www.bizneo.com\/blog\/wp-json\/wp\/v2\/posts\/52449\/revisions"}],"predecessor-version":[{"id":58046,"href":"https:\/\/www.bizneo.com\/blog\/wp-json\/wp\/v2\/posts\/52449\/revisions\/58046"}],"wp:featuredmedia":[{"embeddable":true,"href":"https:\/\/www.bizneo.com\/blog\/wp-json\/wp\/v2\/media\/56319"}],"wp:attachment":[{"href":"https:\/\/www.bizneo.com\/blog\/wp-json\/wp\/v2\/media?parent=52449"}],"wp:term":[{"taxonomy":"category","embeddable":true,"href":"https:\/\/www.bizneo.com\/blog\/wp-json\/wp\/v2\/categories?post=52449"},{"taxonomy":"post_tag","embeddable":true,"href":"https:\/\/www.bizneo.com\/blog\/wp-json\/wp\/v2\/tags?post=52449"}],"curies":[{"name":"wp","href":"https:\/\/api.w.org\/{rel}","templated":true}]}}