{"id":51786,"date":"2025-10-23T15:12:57","date_gmt":"2025-10-23T14:12:57","guid":{"rendered":"https:\/\/www.bizneo.com\/blog\/?p=51786"},"modified":"2026-01-26T16:19:26","modified_gmt":"2026-01-26T15:19:26","slug":"gestion-equipe-travail","status":"publish","type":"post","link":"https:\/\/www.bizneo.com\/blog\/fr\/gestion-equipe-travail\/","title":{"rendered":"Gestion des \u00e9quipes de travail : conseils et techniques de management"},"content":{"rendered":"\n<p>Faisons le point sur la gestion d&#8217;\u00e9quipe ! La<strong> principale richesse des organisations<\/strong> r\u00e9side dans leurs <strong>collaborateurs <\/strong>: ce sont eux qui cr\u00e9ent les entreprises, \u00e9laborent leurs strat\u00e9gies, m\u00e8nent leurs projets \u00e0 bien et r\u00e9solvent leurs probl\u00e8mes. La gestion d&#8217;\u00e9quipe de travail prend alors tout son sens, car une <strong>interconnexion efficace entre les salari\u00e9s et les managers<\/strong> influencera positivement la r\u00e9ussite de l&#8217;organisation.<\/p>\n\n\n\n<p>La gestion d&#8217;\u00e9quipe est une combinaison de <strong>gestion des personnes et des ressources<\/strong> dans le cadre des objectifs de l\u2019entreprise. L\u2019objectif ultime est de maximiser les <a href=\"\/blog\/fr\/performance-au-travail\/\" target=\"_blank\" rel=\"noreferrer noopener\" data-wpel-link=\"internal\">performances<\/a> des membres de l\u2019\u00e9quipe tout en prenant en compte le facteur humain.<\/p>\n\n\n\n<h2 class=\"wp-block-heading\">Comment g\u00e9rer des \u00e9quipes de travail ?<\/h2>\n\n\n\n<p>Les membres des \u00e9quipes de travail ne sont pas des machines, mais <strong>des individus uniques aux profils mixtes<\/strong> (humains et professionnels) \u00e0 la fois diversifi\u00e9s et compl\u00e9mentaires. Par cons\u00e9quent, les techniques de gestion d&#8217;\u00e9quipe de travail ne doivent pas se limiter \u00e0 l\u2019analyse des donn\u00e9es de productivit\u00e9. Il est essentiel de consid\u00e9rer des variables plus complexes.<\/p>\n\n\n\n<p>Attraction, recrutement et s\u00e9lection, onboarding, d\u00e9veloppement, r\u00e9tention, d\u00e9parts, et marque employeur&#8230;<strong> Chaque \u00e9tape est tout aussi cruciale <\/strong>pour le parcours d\u2019un collaborateur au sein de l\u2019entreprise que pour la productivit\u00e9 et la rentabilit\u00e9 globales de cette derni\u00e8re. Dans notre guide, nous vous montrons comment exploiter la technologie pour maximiser les performances de vos \u00e9quipes et optimiser chaque \u00e9tape.<\/p>\n\n\n\n<figure class=\"wp-block-image size-full\"><a href=\"https:\/\/hello.bizneo.com\/template\/strategies-cycle-de-vie-des-employes\/?utm_content=post-banner-medio\" data-wpel-link=\"internal\" target=\"_blank\"><img decoding=\"async\" width=\"1360\" height=\"204\" src=\"https:\/\/www.bizneo.com\/blog\/wp-content\/uploads\/2022\/04\/Cycle-vie-employes.jpg\" alt=\"Banner Cycle de vie des employes\" class=\"wp-image-33786\" srcset=\"https:\/\/www.bizneo.com\/blog\/wp-content\/uploads\/2022\/04\/Cycle-vie-employes.jpg 1360w, https:\/\/www.bizneo.com\/blog\/wp-content\/uploads\/2022\/04\/Cycle-vie-employes-300x45.jpg 300w, https:\/\/www.bizneo.com\/blog\/wp-content\/uploads\/2022\/04\/Cycle-vie-employes-1024x154.jpg 1024w, https:\/\/www.bizneo.com\/blog\/wp-content\/uploads\/2022\/04\/Cycle-vie-employes-768x115.jpg 768w, https:\/\/www.bizneo.com\/blog\/wp-content\/uploads\/2022\/04\/Cycle-vie-employes-810x122.jpg 810w, https:\/\/www.bizneo.com\/blog\/wp-content\/uploads\/2022\/04\/Cycle-vie-employes-1140x171.jpg 1140w\" sizes=\"(max-width: 1360px) 100vw, 1360px\" \/><\/a><\/figure>\n\n\n\n<p>Voici cinq points essentiels pour une gestion efficace des \u00e9quipes de travail.<\/p>\n\n\n\n<h3 class=\"wp-block-heading\">Connaissance pour la gestion d&#8217;\u00e9quipe<\/h3>\n\n\n\n<p>Pour construire une \u00e9quipe \u00e9quilibr\u00e9e, <strong>il est essentiel que les diff\u00e9rences se compensent et que les points forts se compl\u00e8tent<\/strong>. Le leader de l\u2019\u00e9quipe doit accompagner chaque membre pour qu\u2019il identifie ses points faibles, les accepte et les partage avec le reste du groupe. L\u2019objectif est d\u2019<strong>encourager une entraide mutuelle<\/strong> tout en valorisant les comp\u00e9tences particuli\u00e8res de chaque individu.<\/p>\n\n\n\n<bzn-down><a href=\"https:\/\/hello.bizneo.com\/template\/indicateurs-ressources-humaines\/?utm_content=post-destacado\" id=\"destacado-wc-descarga\" target=\"_blank\" rel=\"noopener noreferrer\" data-wpel-link=\"internal\"><span class=\"bzn-info-title\"><strong>+100 INDICATEURS DE GESTION POUR DYNAMISER VOTRE ENTREPRISE<\/strong> <\/span><br>KPI&#8217;s pour les Ressources Humaines : types et exemples<\/a><br><\/bzn-down>\n\n\n\n<p><\/p>\n\n\n\n<p>Il est \u00e9galement crucial de bien<strong> comprendre la structure organisationnelle<\/strong> de l\u2019entreprise afin d\u2019\u00e9viter les chevauchements dans l\u2019attribution des t\u00e2ches et de mieux appr\u00e9hender les relations entre les diff\u00e9rents d\u00e9partements. Un <a href=\"\/blog\/fr\/organigramme-entreprise\/\" target=\"_blank\" rel=\"noreferrer noopener\" data-wpel-link=\"internal\">organigramme<\/a> clair et visuel peut \u00eatre un excellent outil pour dimensionner l\u2019organisation efficacement.<\/p>\n\n\n\n<figure class=\"wp-block-image size-full\"><a href=\"\/fr\/organigramme\/\" target=\"_blank\" rel=\"noreferrer noopener\" data-wpel-link=\"internal\"><img decoding=\"async\" width=\"1501\" height=\"1068\" src=\"https:\/\/www.bizneo.com\/blog\/wp-content\/uploads\/2021\/10\/Outil-Organigramme-entreprise-par-departement.webp\" alt=\"Organigramme d'entreprise \" class=\"wp-image-27295\" srcset=\"https:\/\/www.bizneo.com\/blog\/wp-content\/uploads\/2021\/10\/Outil-Organigramme-entreprise-par-departement.webp 1501w, https:\/\/www.bizneo.com\/blog\/wp-content\/uploads\/2021\/10\/Outil-Organigramme-entreprise-par-departement-300x213.webp 300w, https:\/\/www.bizneo.com\/blog\/wp-content\/uploads\/2021\/10\/Outil-Organigramme-entreprise-par-departement-1024x729.webp 1024w, https:\/\/www.bizneo.com\/blog\/wp-content\/uploads\/2021\/10\/Outil-Organigramme-entreprise-par-departement-768x546.webp 768w, https:\/\/www.bizneo.com\/blog\/wp-content\/uploads\/2021\/10\/Outil-Organigramme-entreprise-par-departement-810x576.webp 810w, https:\/\/www.bizneo.com\/blog\/wp-content\/uploads\/2021\/10\/Outil-Organigramme-entreprise-par-departement-1140x811.webp 1140w\" sizes=\"(max-width: 1501px) 100vw, 1501px\" \/><\/a><\/figure>\n\n\n\n<h3 class=\"wp-block-heading\">Attitude<\/h3>\n\n\n\n<p>Il est primordial que le groupe adopte une <strong>attitude positive face \u00e0 la diversit\u00e9<\/strong>. La connaissance des forces et des faiblesses de chaque membre ne doit pas conduire \u00e0 des jugements de valeur, des st\u00e9r\u00e9otypes ou des pr\u00e9jug\u00e9s. Sinon, certains membres pourraient cacher leurs caract\u00e9ristiques sous la pression du groupe, privant ainsi l\u2019\u00e9quipe de leurs talents potentiels ou dissimulant leurs lacunes.<\/p>\n\n\n\n<p>Le manager doit <strong>promouvoir constamment une culture inclusive<\/strong> afin de pr\u00e9server la motivation et la satisfaction de chaque collaborateur.<\/p>\n\n\n\n<h3 class=\"wp-block-heading\">Communication : gestion d&#8217;\u00e9quipe<\/h3>\n\n\n\n<p>La<strong> r\u00e9alisation des <a href=\"\/blog\/fr\/evaluation-des-objectifs\/\" target=\"_blank\" rel=\"noreferrer noopener\" data-wpel-link=\"internal\">objectifs<\/a><\/strong> est la raison d\u2019\u00eatre de tout groupe de travail. Il incombe au responsable de <strong>transmettre cette mission au groupe<\/strong>. Les membres doivent clairement comprendre les proc\u00e9dures \u00e0 suivre et la nature des t\u00e2ches \u00e0 accomplir.<\/p>\n\n\n\n<figure class=\"wp-block-image size-full\"><a href=\"https:\/\/hello.bizneo.com\/template\/gestion-des-competences-feedback\/?utm_content=post-banner\" data-wpel-link=\"internal\" target=\"_blank\"><img decoding=\"async\" width=\"1360\" height=\"204\" src=\"https:\/\/www.bizneo.com\/blog\/wp-content\/uploads\/2022\/04\/banner-communiquer-evaluation-competences.jpg\" alt=\"Guide Feedback \" class=\"wp-image-33318\" srcset=\"https:\/\/www.bizneo.com\/blog\/wp-content\/uploads\/2022\/04\/banner-communiquer-evaluation-competences.jpg 1360w, https:\/\/www.bizneo.com\/blog\/wp-content\/uploads\/2022\/04\/banner-communiquer-evaluation-competences-300x45.jpg 300w, https:\/\/www.bizneo.com\/blog\/wp-content\/uploads\/2022\/04\/banner-communiquer-evaluation-competences-1024x154.jpg 1024w, https:\/\/www.bizneo.com\/blog\/wp-content\/uploads\/2022\/04\/banner-communiquer-evaluation-competences-768x115.jpg 768w, https:\/\/www.bizneo.com\/blog\/wp-content\/uploads\/2022\/04\/banner-communiquer-evaluation-competences-810x122.jpg 810w, https:\/\/www.bizneo.com\/blog\/wp-content\/uploads\/2022\/04\/banner-communiquer-evaluation-competences-1140x171.jpg 1140w\" sizes=\"(max-width: 1360px) 100vw, 1360px\" \/><\/a><\/figure>\n\n\n\n<p>Il est \u00e9galement utile pour le manager de <strong>conna\u00eetre le niveau de comp\u00e9tence de chaque membre <\/strong>pour les missions assign\u00e9es. Il pourra alors utiliser les ressources \u00e0 sa disposition pour les guider, renforcer leurs <a href=\"\/blog\/fr\/competences-professionnelles\/\" target=\"_blank\" rel=\"noreferrer noopener\" data-wpel-link=\"internal\">comp\u00e9tences professionnelles<\/a> et les pr\u00e9parer \u00e0 leurs responsabilit\u00e9s.<\/p>\n\n\n\n<h3 class=\"wp-block-heading\">D\u00e9cision <\/h3>\n\n\n\n<p>Le quotidien r\u00e9serve souvent des <strong>situations complexes<\/strong>, dont les solutions ne sont pas toujours \u00e9videntes ou consensuelles. Il peut \u00eatre n\u00e9cessaire de <strong>d\u00e9roger \u00e0 certaines proc\u00e9dures ou d\u2019agir rapidement<\/strong> pour r\u00e9soudre des probl\u00e8mes urgents. Cela concerne autant le manager que les membres de l\u2019\u00e9quipe.<\/p>\n\n\n\n<p>Il arrive que le responsable doit annoncer de mauvaises nouvelles. Il devra alors faire <strong>preuve d\u2019assertivit\u00e9, de courage et de fermet\u00e9<\/strong> tout en transmettant ces qualit\u00e9s au reste du groupe.<\/p>\n\n\n\n<p>Ces comp\u00e9tences permettront aux membres de l\u2019\u00e9quipe de<strong> prendre des d\u00e9cisions difficiles de mani\u00e8re autonome<\/strong> et d\u2019assumer la communication de mauvaises nouvelles, tant au sein de l\u2019\u00e9quipe qu\u2019en dehors.<\/p>\n\n\n\n<p>L\u2019encouragement \u00e0 l\u2019empathie joue \u00e9galement un r\u00f4le crucial : savoir \u00ab se mettre \u00e0 la place de l\u2019autre \u00bb et inciter les autres \u00e0 faire de m\u00eame renforce la coh\u00e9sion et la compr\u00e9hension au sein du groupe.<\/p>\n\n\n\n<div id=\"cbox-nPwX6qnLBkwAHzq4\"><\/div>\n\n\n\n<p><\/p>\n\n\n\n<h3 class=\"wp-block-heading\">Croissance | Gestion d&#8217;\u00e9quipe<\/h3>\n\n\n\n<p>Un profil professionnel d\u00e9passe le simple exercice d\u2019un r\u00f4le au sein d\u2019une organisation ou d\u2019une \u00e9quipe : il est le <strong>fruit d\u2019une combinaison d\u2019exp\u00e9riences, de comp\u00e9tences, de parcours et d\u2019aspirations<\/strong>.<\/p>\n\n\n\n<p>De nombreuses entreprises motivent leurs collaborateurs en leur proposant un <a href=\"\/blog\/fr\/plan-de-carriere\/\" target=\"_blank\" rel=\"noreferrer noopener\" data-wpel-link=\"internal\">plan de carri\u00e8re<\/a> destin\u00e9 \u00e0 am\u00e9liorer leurs comp\u00e9tences. Cette mise \u00e0 jour et cette formation continue ouvrent de nouvelles perspectives aux employ\u00e9s dans leur parcours professionnel, que ce soit au sein de l\u2019entreprise ou ailleurs. L\u2019organisation en retire \u00e9galement des b\u00e9n\u00e9fices en valorisant les talents pr\u00e9sents dans ses rangs.<\/p>\n\n\n\n<figure class=\"wp-block-image size-large\"><a href=\"\/fr\/tableau-de-bord-rh\/\" data-wpel-link=\"internal\" target=\"_blank\"><img decoding=\"async\" width=\"1024\" height=\"730\" src=\"https:\/\/www.bizneo.com\/blog\/wp-content\/uploads\/2024\/02\/Rapports-formation-professionnelle-1024x730.webp\" alt=\"Rapports sur la formation professionnelle\" class=\"wp-image-45322\" srcset=\"https:\/\/www.bizneo.com\/blog\/wp-content\/uploads\/2024\/02\/Rapports-formation-professionnelle-1024x730.webp 1024w, https:\/\/www.bizneo.com\/blog\/wp-content\/uploads\/2024\/02\/Rapports-formation-professionnelle-300x214.webp 300w, https:\/\/www.bizneo.com\/blog\/wp-content\/uploads\/2024\/02\/Rapports-formation-professionnelle-768x547.webp 768w, https:\/\/www.bizneo.com\/blog\/wp-content\/uploads\/2024\/02\/Rapports-formation-professionnelle-810x577.webp 810w, https:\/\/www.bizneo.com\/blog\/wp-content\/uploads\/2024\/02\/Rapports-formation-professionnelle.webp 1125w\" sizes=\"(max-width: 1024px) 100vw, 1024px\" \/><\/a><\/figure>\n\n\n\n<p>Un <a href=\"\/fr\/gestion-des-competences-gpec\/\" target=\"_blank\" rel=\"noreferrer noopener\" data-wpel-link=\"internal\">logiciel d\u2019\u00e9valuation des performances<\/a> est un outil pr\u00e9cieux pour d\u00e9velopper des plans de carri\u00e8re. Il permet aux managers d\u2019<strong>\u00e9valuer avec pr\u00e9cision les performances de leurs \u00e9quipes <\/strong>et d\u2019identifier les forces \u00e0 valoriser ainsi que les faiblesses \u00e0 travailler.<\/p>\n\n\n\n<figure class=\"wp-block-image size-large\"><a href=\"\/fr\/gestion-des-competences-gpec\/\" data-wpel-link=\"internal\" target=\"_blank\"><img decoding=\"async\" width=\"1024\" height=\"783\" src=\"https:\/\/www.bizneo.com\/blog\/wp-content\/uploads\/2021\/09\/Evaluation-gestion-par-competence-1024x783.webp\" alt=\"Gestion des Compe\u0301tences\" class=\"wp-image-25395\" srcset=\"https:\/\/www.bizneo.com\/blog\/wp-content\/uploads\/2021\/09\/Evaluation-gestion-par-competence-1024x783.webp 1024w, https:\/\/www.bizneo.com\/blog\/wp-content\/uploads\/2021\/09\/Evaluation-gestion-par-competence-300x229.webp 300w, https:\/\/www.bizneo.com\/blog\/wp-content\/uploads\/2021\/09\/Evaluation-gestion-par-competence-768x587.webp 768w, https:\/\/www.bizneo.com\/blog\/wp-content\/uploads\/2021\/09\/Evaluation-gestion-par-competence-810x619.webp 810w, https:\/\/www.bizneo.com\/blog\/wp-content\/uploads\/2021\/09\/Evaluation-gestion-par-competence-1140x872.webp 1140w, https:\/\/www.bizneo.com\/blog\/wp-content\/uploads\/2021\/09\/Evaluation-gestion-par-competence.webp 1500w\" sizes=\"(max-width: 1024px) 100vw, 1024px\" \/><\/a><\/figure>\n\n\n\n<bzn-info><a href=\"\/blog\/fr\/systeme-evaluation-de-la-performance\/\" id=\"destacado-post\" target=\"_blank\" rel=\"noopener\" data-wpel-link=\"internal\"><span class=\"bzn-info-title\"><strong>TOUT sur l&#8217;\u00e9valuation des performances<\/strong><\/span><br>D\u00e9couvrez comment la mettre en place et quelles sont les avantages principaux.<\/a><\/bzn-info>\n\n\n\n<p><\/p>\n\n\n\n<h2 class=\"wp-block-heading\">Techniques pour g\u00e9rer une \u00e9quipe<\/h2>\n\n\n\n<h3 class=\"wp-block-heading\">Gestion d&#8217;\u00e9quipe : diriger, le premier pilier<\/h3>\n\n\n\n<p>Il s\u2019agit d\u2019<strong>harmoniser les objectifs des t\u00e2ches afin de g\u00e9n\u00e9rer un b\u00e9n\u00e9fice collectif et individuel<\/strong>. Bien que cela semble \u00eatre la technique la plus \u00e9vidente de gestion d\u2019\u00e9quipe, cette \u00e9vidence peut parfois devenir pi\u00e9geuse. Pourquoi ? Parce que les qualit\u00e9s requises pour \u00eatre un bon responsable sont exigeantes et diff\u00e9rencient un chef d\u2019un v\u00e9ritable leader :<\/p>\n\n\n\n<ul class=\"wp-block-list\">\n<li>Faire preuve de charisme pour incarner et transmettre les valeurs de l\u2019entreprise.<\/li>\n\n\n\n<li>Encourager l\u2019\u00e9quipe \u00e0 atteindre ses objectifs.<\/li>\n\n\n\n<li>D\u00e9l\u00e9guer des t\u00e2ches et des responsabilit\u00e9s au sein de l\u2019\u00e9quipe.<\/li>\n\n\n\n<li>Ne pas montrer ou encourager de favoritismes entre les membres.<\/li>\n\n\n\n<li>S\u2019investir aux c\u00f4t\u00e9s de l\u2019\u00e9quipe, travailler avec eux.<\/li>\n\n\n\n<li>Communiquer avec transparence totale avec ses collaborateurs.<\/li>\n<\/ul>\n\n\n\n<h3 class=\"wp-block-heading\">Motiver : la cl\u00e9 d&#8217;une bonne gestion d&#8217;\u00e9quipe<\/h3>\n\n\n\n<p>La motivation repose sur l\u2019id\u00e9e que<strong> les individus poss\u00e8dent des comp\u00e9tences<\/strong> (potentielles ou en cours de d\u00e9veloppement) <strong>suffisantes <\/strong>pour accomplir leur travail. L\u2019objectif est d\u2019identifier et d\u2019<strong>\u00e9liminer les facteurs \u00ab d\u00e9motivants \u00bb<\/strong> qui peuvent nuire \u00e0 leur performance, comme une \u00e9nergie mal orient\u00e9e, des attentes d\u00e9connect\u00e9es des objectifs, la fatigue ou un <a href=\"\/blog\/fr\/qvt\/\" target=\"_blank\" rel=\"noreferrer noopener\" data-wpel-link=\"internal\">climat de travail<\/a> d\u00e9favorable.<\/p>\n\n\n\n<figure class=\"wp-block-image size-full\"><a href=\"\/fr\/questionnaire-qvt-bien-etre\/\" target=\"_blank\" rel=\"noreferrer noopener\" data-wpel-link=\"internal\"><img decoding=\"async\" width=\"1500\" height=\"972\" src=\"https:\/\/www.bizneo.com\/blog\/wp-content\/uploads\/2022\/01\/questionnaire-climat-social-en-entreprise.webp\" alt=\"Heat Map QVT\" class=\"wp-image-30743\" srcset=\"https:\/\/www.bizneo.com\/blog\/wp-content\/uploads\/2022\/01\/questionnaire-climat-social-en-entreprise.webp 1500w, https:\/\/www.bizneo.com\/blog\/wp-content\/uploads\/2022\/01\/questionnaire-climat-social-en-entreprise-300x194.webp 300w, https:\/\/www.bizneo.com\/blog\/wp-content\/uploads\/2022\/01\/questionnaire-climat-social-en-entreprise-1024x664.webp 1024w, https:\/\/www.bizneo.com\/blog\/wp-content\/uploads\/2022\/01\/questionnaire-climat-social-en-entreprise-768x498.webp 768w, https:\/\/www.bizneo.com\/blog\/wp-content\/uploads\/2022\/01\/questionnaire-climat-social-en-entreprise-810x525.webp 810w, https:\/\/www.bizneo.com\/blog\/wp-content\/uploads\/2022\/01\/questionnaire-climat-social-en-entreprise-1140x739.webp 1140w\" sizes=\"(max-width: 1500px) 100vw, 1500px\" \/><\/a><\/figure>\n\n\n\n<p>Bien que l\u2019imposition ou la contrainte puissent sembler des solutions faciles, elles ont un <strong>impact n\u00e9gatif durable<\/strong>, tant pour le salari\u00e9 que pour l\u2019entreprise, en r\u00e9duisant leur efficacit\u00e9. Il est pr\u00e9f\u00e9rable d\u2019adopter une <strong>approche bas\u00e9e sur le conseil bienveillant<\/strong> et le soutien des membres de l\u2019\u00e9quipe, tout en reconnaissant leurs efforts. Cela peut se faire \u00e0 travers des gratifications financi\u00e8res ou un salaire \u00e9motionnel, par exemple des remerciements, des \u00e9loges ou des opportunit\u00e9s de d\u00e9veloppement personnel.<\/p>\n\n\n\n<h3 class=\"wp-block-heading\">Management d\u2019\u00e9quipe : Renforcer la coh\u00e9sion<\/h3>\n\n\n\n<p>Un bon leader saura <strong>rassembler son \u00e9quipe<\/strong>, \u00e0 la fois entre ses membres et autour de lui-m\u00eame. Organiser des r\u00e9unions r\u00e9guli\u00e8res peut s\u2019av\u00e9rer tr\u00e8s utile pour :<\/p>\n\n\n\n<ul class=\"wp-block-list\">\n<li>Clarifier les objectifs du groupe.<\/li>\n\n\n\n<li>Partager les d\u00e9cisions strat\u00e9giques et tactiques.<\/li>\n\n\n\n<li>Identifier les points \u00e0 am\u00e9liorer.<\/li>\n\n\n\n<li>Reconna\u00eetre les m\u00e9rites individuels et collectifs.<\/li>\n<\/ul>\n\n\n\n<p>Cependant, ces r\u00e9unions <strong>ne doivent ni ressembler ni \u00eatre per\u00e7ues comme des r\u00e9unions de contr\u00f4le<\/strong>, car cela pourrait produire l\u2019effet inverse de celui escompt\u00e9. En g\u00e9n\u00e9ral, la plupart des salari\u00e9s sont r\u00e9ticents \u00e0 \u00eatre surveill\u00e9s ou \u00e9valu\u00e9s de mani\u00e8re syst\u00e9matique, mais ils r\u00e9agissent mieux \u00e0 des retours positifs sur leurs performances.<\/p>\n\n\n\n<p>Pour recueillir des informations sur les employ\u00e9s sans qu\u2019ils se sentent surveill\u00e9s ou influenc\u00e9s, il est possible d\u2019utiliser un logiciel d\u2019enqu\u00eates aupr\u00e8s des salari\u00e9s. Cet outil aide \u00e9galement \u00e0 am\u00e9liorer le climat de travail en permettant aux managers d\u2019anticiper les \u00e9ventuels probl\u00e8mes et de trouver des solutions adapt\u00e9es.<\/p>\n\n\n\n<figure class=\"wp-block-image size-large\"><a href=\"https:\/\/www.bizneo.com\/fr\/questionnaire-qvt-bien-etre\/\" target=\"_blank\" rel=\"noopener\" data-wpel-link=\"internal\"><img decoding=\"async\" width=\"1024\" height=\"154\" src=\"https:\/\/www.bizneo.com\/blog\/wp-content\/uploads\/2021\/08\/banner-medio-enquetes-1024x154.jpg\" alt=\"Logiciel d\u2019questionnaire qvt\" class=\"wp-image-25149\" srcset=\"https:\/\/www.bizneo.com\/blog\/wp-content\/uploads\/2021\/08\/banner-medio-enquetes-1024x154.jpg 1024w, https:\/\/www.bizneo.com\/blog\/wp-content\/uploads\/2021\/08\/banner-medio-enquetes-300x45.jpg 300w, https:\/\/www.bizneo.com\/blog\/wp-content\/uploads\/2021\/08\/banner-medio-enquetes-768x115.jpg 768w, https:\/\/www.bizneo.com\/blog\/wp-content\/uploads\/2021\/08\/banner-medio-enquetes-810x122.jpg 810w, https:\/\/www.bizneo.com\/blog\/wp-content\/uploads\/2021\/08\/banner-medio-enquetes-1140x171.jpg 1140w, https:\/\/www.bizneo.com\/blog\/wp-content\/uploads\/2021\/08\/banner-medio-enquetes.jpg 1360w\" sizes=\"(max-width: 1024px) 100vw, 1024px\" \/><\/a><\/figure>\n\n\n\n<h2 class=\"wp-block-heading\">Dynamiques favorisant le travail en \u00e9quipe<\/h2>\n\n\n\n<p>Il est fortement recommand\u00e9 que le responsable du management d\u2019une \u00e9quipe propose r\u00e9guli\u00e8rement ou ponctuellement des dynamiques de groupe visant \u00e0 instaurer un bon climat entre les membres de l\u2019\u00e9quipe, lui inclus.<\/p>\n\n\n\n<p>Ces dynamiques, qui peuvent se d\u00e9rouler dans le cadre des r\u00e9unions de suivi ou en dehors, devraient inclure <strong>des activit\u00e9s permettant aux membres de mieux se conna\u00eetre<\/strong>, de disposer d\u2019un espace d\u2019expression libre et sans crainte de repr\u00e9sailles, d\u2019apporter des id\u00e9es face \u00e0 d\u2019\u00e9ventuels probl\u00e8mes, et, en d\u00e9finitive, de renforcer l\u2019esprit de camaraderie au sein du groupe.<\/p>\n\n\n\n<figure class=\"wp-block-image size-large\"><a href=\"https:\/\/hello.bizneo.com\/template\/guide-tests-ressources-humaines\/?utm_content=post-banner\" data-wpel-link=\"internal\" target=\"_blank\"><img decoding=\"async\" width=\"1024\" height=\"154\" src=\"https:\/\/www.bizneo.com\/blog\/wp-content\/uploads\/2022\/06\/Tests-de-Ressources-Humaines-1024x154.jpg\" alt=\"Banner Tests de Ressources Humaines\" class=\"wp-image-34396\" srcset=\"https:\/\/www.bizneo.com\/blog\/wp-content\/uploads\/2022\/06\/Tests-de-Ressources-Humaines-1024x154.jpg 1024w, https:\/\/www.bizneo.com\/blog\/wp-content\/uploads\/2022\/06\/Tests-de-Ressources-Humaines-300x45.jpg 300w, https:\/\/www.bizneo.com\/blog\/wp-content\/uploads\/2022\/06\/Tests-de-Ressources-Humaines-768x115.jpg 768w, https:\/\/www.bizneo.com\/blog\/wp-content\/uploads\/2022\/06\/Tests-de-Ressources-Humaines-810x122.jpg 810w, https:\/\/www.bizneo.com\/blog\/wp-content\/uploads\/2022\/06\/Tests-de-Ressources-Humaines-1140x171.jpg 1140w, https:\/\/www.bizneo.com\/blog\/wp-content\/uploads\/2022\/06\/Tests-de-Ressources-Humaines.jpg 1360w\" sizes=\"(max-width: 1024px) 100vw, 1024px\" \/><\/a><\/figure>\n\n\n\n<p>Lors de la constitution de l\u2019\u00e9quipe, ou \u00e0 chaque nouvelle arriv\u00e9e, il peut \u00eatre utile de <strong>commencer par une activit\u00e9 de \u00ab brise-glace \u00bb<\/strong>. Cela consiste \u00e0 ce que chaque membre se pr\u00e9sente au groupe en partageant des \u00e9l\u00e9ments de sa <a href=\"\/blog\/fr\/plan-de-carriere\/\" target=\"_blank\" rel=\"noreferrer noopener\" data-wpel-link=\"internal\">carri\u00e8re professionnelle<\/a> ou des comp\u00e9tences personnelles.<\/p>\n\n\n\n<p>Avec le temps, il est possible d\u2019<strong>introduire des dynamiques de brainstorming collectif<\/strong>. Ces s\u00e9ances permettent \u00e0 tous les participants de collaborer \u00e0 la r\u00e9solution d\u2019un probl\u00e8me, chacun proposant des solutions en fonction de son point de vue ou de son r\u00f4le dans l\u2019\u00e9quipe.<\/p>\n\n\n\n<p>Les avantages d\u2019un groupe de travail <strong>bien dirig\u00e9, responsable, uni, motiv\u00e9, proactif et autonome <\/strong>peuvent \u00eatre immenses pour une organisation. Comme le dit l\u2019adage fran\u00e7ais, \u00ab l\u2019union fait la force \u00bb, et un groupe dot\u00e9 de ces caract\u00e9ristiques est vou\u00e9 \u00e0 r\u00e9ussir les missions qui lui sont confi\u00e9es.<\/p>\n\n\n\n<figure class=\"wp-block-image size-large\"><a href=\"https:\/\/hello.bizneo.com\/demo\/suite\/fr\/?utm_content=post-banner-grande\" target=\"_blank\" rel=\"noopener\" data-wpel-link=\"internal\"><img decoding=\"async\" width=\"1024\" height=\"307\" src=\"https:\/\/www.bizneo.com\/blog\/wp-content\/uploads\/2021\/09\/Logiciel-RH-2-1024x307.jpg\" alt=\"logiciel ressources humaines\" class=\"wp-image-25200\" srcset=\"https:\/\/www.bizneo.com\/blog\/wp-content\/uploads\/2021\/09\/Logiciel-RH-2-1024x307.jpg 1024w, https:\/\/www.bizneo.com\/blog\/wp-content\/uploads\/2021\/09\/Logiciel-RH-2-300x90.jpg 300w, https:\/\/www.bizneo.com\/blog\/wp-content\/uploads\/2021\/09\/Logiciel-RH-2-768x230.jpg 768w, https:\/\/www.bizneo.com\/blog\/wp-content\/uploads\/2021\/09\/Logiciel-RH-2-810x243.jpg 810w, https:\/\/www.bizneo.com\/blog\/wp-content\/uploads\/2021\/09\/Logiciel-RH-2-1140x342.jpg 1140w, https:\/\/www.bizneo.com\/blog\/wp-content\/uploads\/2021\/09\/Logiciel-RH-2.jpg 1360w\" sizes=\"(max-width: 1024px) 100vw, 1024px\" \/><\/a><\/figure>\n","protected":false},"excerpt":{"rendered":"<p>La gestion d&#8217;\u00e9quipe est l&#8217;une des responsabilit\u00e9s des leaders ayant le plus d\u2019impact sur les r\u00e9sultats de l\u2019entreprise.<\/p>\n","protected":false},"author":37,"featured_media":56299,"comment_status":"open","ping_status":"open","sticky":false,"template":"","format":"standard","meta":{"_uag_custom_page_level_css":"","site-sidebar-layout":"default","site-content-layout":"","ast-site-content-layout":"default","site-content-style":"default","site-sidebar-style":"default","ast-global-header-display":"","ast-banner-title-visibility":"","ast-main-header-display":"","ast-hfb-above-header-display":"","ast-hfb-below-header-display":"","ast-hfb-mobile-header-display":"","site-post-title":"","ast-breadcrumbs-content":"","ast-featured-img":"","footer-sml-layout":"","ast-disable-related-posts":"","theme-transparent-header-meta":"","adv-header-id-meta":"","stick-header-meta":"","header-above-stick-meta":"","header-main-stick-meta":"","header-below-stick-meta":"","astra-migrate-meta-layouts":"default","ast-page-background-enabled":"default","ast-page-background-meta":{"desktop":{"background-color":"var(--ast-global-color-5)","background-image":"","background-repeat":"repeat","background-position":"center center","background-size":"auto","background-attachment":"scroll","background-type":"","background-media":"","overlay-type":"","overlay-color":"","overlay-opacity":"","overlay-gradient":""},"tablet":{"background-color":"","background-image":"","background-repeat":"repeat","background-position":"center center","background-size":"auto","background-attachment":"scroll","background-type":"","background-media":"","overlay-type":"","overlay-color":"","overlay-opacity":"","overlay-gradient":""},"mobile":{"background-color":"","background-image":"","background-repeat":"repeat","background-position":"center center","background-size":"auto","background-attachment":"scroll","background-type":"","background-media":"","overlay-type":"","overlay-color":"","overlay-opacity":"","overlay-gradient":""}},"ast-content-background-meta":{"desktop":{"background-color":"var(--ast-global-color-4)","background-image":"","background-repeat":"repeat","background-position":"center center","background-size":"auto","background-attachment":"scroll","background-type":"","background-media":"","overlay-type":"","overlay-color":"","overlay-opacity":"","overlay-gradient":""},"tablet":{"background-color":"var(--ast-global-color-4)","background-image":"","background-repeat":"repeat","background-position":"center center","background-size":"auto","background-attachment":"scroll","background-type":"","background-media":"","overlay-type":"","overlay-color":"","overlay-opacity":"","overlay-gradient":""},"mobile":{"background-color":"var(--ast-global-color-4)","background-image":"","background-repeat":"repeat","background-position":"center center","background-size":"auto","background-attachment":"scroll","background-type":"","background-media":"","overlay-type":"","overlay-color":"","overlay-opacity":"","overlay-gradient":""}},"footnotes":""},"categories":[316],"tags":[],"class_list":["post-51786","post","type-post","status-publish","format-standard","has-post-thumbnail","hentry","category-gestion-du-personnel"],"yoast_head":"<!-- This site is optimized with the Yoast SEO plugin v27.4 - https:\/\/yoast.com\/product\/yoast-seo-wordpress\/ -->\n<title>Gestion d&#039;\u00e9quipe au travail | Conseils et techniques<\/title>\n<meta name=\"description\" content=\"La gestion d&#039;\u00e9quipe organise le personnel et les ressources dans l&#039;optique de l&#039;entreprise. Son objectif ? Garantir les r\u00e9sultats.\" \/>\n<meta name=\"robots\" content=\"index, follow, max-snippet:-1, max-image-preview:large, max-video-preview:-1\" \/>\n<meta property=\"og:locale\" content=\"es_ES\" \/>\n<meta property=\"og:type\" content=\"article\" \/>\n<meta property=\"og:title\" content=\"Gestion d&#039;\u00e9quipe au travail | Conseils et techniques\" \/>\n<meta property=\"og:description\" content=\"La gestion d&#039;\u00e9quipe organise le personnel et les ressources dans l&#039;optique de l&#039;entreprise. Son objectif ? Garantir les r\u00e9sultats.\" \/>\n<meta property=\"og:url\" content=\"https:\/\/www.bizneo.com\/blog\/fr\/gestion-equipe-travail\/\" \/>\n<meta property=\"og:site_name\" content=\"Blog de Recursos Humanos de Bizneo HR: pr\u00e1ctico y actual\" \/>\n<meta property=\"article:published_time\" content=\"2025-10-23T14:12:57+00:00\" \/>\n<meta property=\"article:modified_time\" content=\"2026-01-26T15:19:26+00:00\" \/>\n<meta property=\"og:image\" content=\"https:\/\/www.bizneo.com\/blog\/wp-content\/uploads\/2025\/01\/gestion-equipe-travail.jpg\" \/>\n\t<meta property=\"og:image:width\" content=\"1140\" \/>\n\t<meta property=\"og:image:height\" content=\"640\" \/>\n\t<meta property=\"og:image:type\" content=\"image\/jpeg\" \/>\n<meta name=\"author\" content=\"Frederic\" \/>\n<meta name=\"twitter:card\" content=\"summary_large_image\" \/>\n<meta name=\"twitter:label1\" content=\"Escrito por\" \/>\n\t<meta name=\"twitter:data1\" content=\"Frederic\" \/>\n\t<meta name=\"twitter:label2\" content=\"Tiempo de lectura\" \/>\n\t<meta name=\"twitter:data2\" content=\"9 minutos\" \/>\n<script type=\"application\/ld+json\" class=\"yoast-schema-graph\">{\"@context\":\"https:\\\/\\\/schema.org\",\"@graph\":[{\"@type\":[\"Article\",\"BlogPosting\"],\"@id\":\"https:\\\/\\\/www.bizneo.com\\\/blog\\\/fr\\\/gestion-equipe-travail\\\/#article\",\"isPartOf\":{\"@id\":\"https:\\\/\\\/www.bizneo.com\\\/blog\\\/fr\\\/gestion-equipe-travail\\\/\"},\"author\":{\"name\":\"Frederic\",\"@id\":\"https:\\\/\\\/www.bizneo.com\\\/blog\\\/#\\\/schema\\\/person\\\/c54a399718abb92cd32efffb5977118a\"},\"headline\":\"Gestion des \u00e9quipes de travail : conseils et techniques de management\",\"datePublished\":\"2025-10-23T14:12:57+00:00\",\"dateModified\":\"2026-01-26T15:19:26+00:00\",\"mainEntityOfPage\":{\"@id\":\"https:\\\/\\\/www.bizneo.com\\\/blog\\\/fr\\\/gestion-equipe-travail\\\/\"},\"wordCount\":1655,\"commentCount\":0,\"publisher\":{\"@id\":\"https:\\\/\\\/www.bizneo.com\\\/blog\\\/#organization\"},\"image\":{\"@id\":\"https:\\\/\\\/www.bizneo.com\\\/blog\\\/fr\\\/gestion-equipe-travail\\\/#primaryimage\"},\"thumbnailUrl\":\"https:\\\/\\\/www.bizneo.com\\\/blog\\\/wp-content\\\/uploads\\\/2025\\\/01\\\/gestion-equipe-travail.jpg\",\"articleSection\":[\"Gestion du Personnel\"],\"inLanguage\":\"es\",\"potentialAction\":[{\"@type\":\"CommentAction\",\"name\":\"Comment\",\"target\":[\"https:\\\/\\\/www.bizneo.com\\\/blog\\\/fr\\\/gestion-equipe-travail\\\/#respond\"]}]},{\"@type\":\"WebPage\",\"@id\":\"https:\\\/\\\/www.bizneo.com\\\/blog\\\/fr\\\/gestion-equipe-travail\\\/\",\"url\":\"https:\\\/\\\/www.bizneo.com\\\/blog\\\/fr\\\/gestion-equipe-travail\\\/\",\"name\":\"Gestion d'\u00e9quipe au travail | Conseils et techniques\",\"isPartOf\":{\"@id\":\"https:\\\/\\\/www.bizneo.com\\\/blog\\\/#website\"},\"primaryImageOfPage\":{\"@id\":\"https:\\\/\\\/www.bizneo.com\\\/blog\\\/fr\\\/gestion-equipe-travail\\\/#primaryimage\"},\"image\":{\"@id\":\"https:\\\/\\\/www.bizneo.com\\\/blog\\\/fr\\\/gestion-equipe-travail\\\/#primaryimage\"},\"thumbnailUrl\":\"https:\\\/\\\/www.bizneo.com\\\/blog\\\/wp-content\\\/uploads\\\/2025\\\/01\\\/gestion-equipe-travail.jpg\",\"datePublished\":\"2025-10-23T14:12:57+00:00\",\"dateModified\":\"2026-01-26T15:19:26+00:00\",\"description\":\"La gestion d'\u00e9quipe organise le personnel et les ressources dans l'optique de l'entreprise. Son objectif ? Garantir les r\u00e9sultats.\",\"breadcrumb\":{\"@id\":\"https:\\\/\\\/www.bizneo.com\\\/blog\\\/fr\\\/gestion-equipe-travail\\\/#breadcrumb\"},\"inLanguage\":\"es\",\"potentialAction\":[{\"@type\":\"ReadAction\",\"target\":[\"https:\\\/\\\/www.bizneo.com\\\/blog\\\/fr\\\/gestion-equipe-travail\\\/\"]}]},{\"@type\":\"ImageObject\",\"inLanguage\":\"es\",\"@id\":\"https:\\\/\\\/www.bizneo.com\\\/blog\\\/fr\\\/gestion-equipe-travail\\\/#primaryimage\",\"url\":\"https:\\\/\\\/www.bizneo.com\\\/blog\\\/wp-content\\\/uploads\\\/2025\\\/01\\\/gestion-equipe-travail.jpg\",\"contentUrl\":\"https:\\\/\\\/www.bizneo.com\\\/blog\\\/wp-content\\\/uploads\\\/2025\\\/01\\\/gestion-equipe-travail.jpg\",\"width\":1140,\"height\":640,\"caption\":\"Gestion d'\u00e9quipe au travail\"},{\"@type\":\"BreadcrumbList\",\"@id\":\"https:\\\/\\\/www.bizneo.com\\\/blog\\\/fr\\\/gestion-equipe-travail\\\/#breadcrumb\",\"itemListElement\":[{\"@type\":\"ListItem\",\"position\":1,\"name\":\"Portada\",\"item\":\"https:\\\/\\\/www.bizneo.com\\\/blog\\\/\"},{\"@type\":\"ListItem\",\"position\":2,\"name\":\"Gestion du Personnel\",\"item\":\"https:\\\/\\\/www.bizneo.com\\\/blog\\\/fr\\\/category\\\/gestion-du-personnel\\\/\"},{\"@type\":\"ListItem\",\"position\":3,\"name\":\"Gestion des \u00e9quipes de travail : conseils et techniques de management\"}]},{\"@type\":\"WebSite\",\"@id\":\"https:\\\/\\\/www.bizneo.com\\\/blog\\\/#website\",\"url\":\"https:\\\/\\\/www.bizneo.com\\\/blog\\\/\",\"name\":\"Blog de Recursos Humanos de Bizneo HR: pr\u00e1ctico y actual\",\"description\":\"Todo sobre actualidad, herramientas y tecnolog\u00eda  para optimizar la gesti\u00f3n del talento humano\",\"publisher\":{\"@id\":\"https:\\\/\\\/www.bizneo.com\\\/blog\\\/#organization\"},\"potentialAction\":[{\"@type\":\"SearchAction\",\"target\":{\"@type\":\"EntryPoint\",\"urlTemplate\":\"https:\\\/\\\/www.bizneo.com\\\/blog\\\/?s={search_term_string}\"},\"query-input\":{\"@type\":\"PropertyValueSpecification\",\"valueRequired\":true,\"valueName\":\"search_term_string\"}}],\"inLanguage\":\"es\"},{\"@type\":\"Organization\",\"@id\":\"https:\\\/\\\/www.bizneo.com\\\/blog\\\/#organization\",\"name\":\"Bizneo HR\",\"url\":\"https:\\\/\\\/www.bizneo.com\\\/blog\\\/\",\"logo\":{\"@type\":\"ImageObject\",\"inLanguage\":\"es\",\"@id\":\"https:\\\/\\\/www.bizneo.com\\\/blog\\\/#\\\/schema\\\/logo\\\/image\\\/\",\"url\":\"https:\\\/\\\/www.bizneo.com\\\/blog\\\/wp-content\\\/uploads\\\/2020\\\/09\\\/Icono-Logo-Bizneo-HR.png\",\"contentUrl\":\"https:\\\/\\\/www.bizneo.com\\\/blog\\\/wp-content\\\/uploads\\\/2020\\\/09\\\/Icono-Logo-Bizneo-HR.png\",\"width\":834,\"height\":834,\"caption\":\"Bizneo HR\"},\"image\":{\"@id\":\"https:\\\/\\\/www.bizneo.com\\\/blog\\\/#\\\/schema\\\/logo\\\/image\\\/\"}},{\"@type\":\"Person\",\"@id\":\"https:\\\/\\\/www.bizneo.com\\\/blog\\\/#\\\/schema\\\/person\\\/c54a399718abb92cd32efffb5977118a\",\"name\":\"Frederic\",\"image\":{\"@type\":\"ImageObject\",\"inLanguage\":\"es\",\"@id\":\"https:\\\/\\\/secure.gravatar.com\\\/avatar\\\/566b48122abdbf3668ee93a4e72dc097f49820d5841e88c2eb000e8530457898?s=96&d=mm&r=g\",\"url\":\"https:\\\/\\\/secure.gravatar.com\\\/avatar\\\/566b48122abdbf3668ee93a4e72dc097f49820d5841e88c2eb000e8530457898?s=96&d=mm&r=g\",\"contentUrl\":\"https:\\\/\\\/secure.gravatar.com\\\/avatar\\\/566b48122abdbf3668ee93a4e72dc097f49820d5841e88c2eb000e8530457898?s=96&d=mm&r=g\",\"caption\":\"Frederic\"},\"url\":\"https:\\\/\\\/www.bizneo.com\\\/blog\\\/author\\\/frederic\\\/\"}]}<\/script>\n<!-- \/ Yoast SEO plugin. -->","yoast_head_json":{"title":"Gestion d'\u00e9quipe au travail | Conseils et techniques","description":"La gestion d'\u00e9quipe organise le personnel et les ressources dans l'optique de l'entreprise. Son objectif ? Garantir les r\u00e9sultats.","robots":{"index":"index","follow":"follow","max-snippet":"max-snippet:-1","max-image-preview":"max-image-preview:large","max-video-preview":"max-video-preview:-1"},"og_locale":"es_ES","og_type":"article","og_title":"Gestion d'\u00e9quipe au travail | Conseils et techniques","og_description":"La gestion d'\u00e9quipe organise le personnel et les ressources dans l'optique de l'entreprise. Son objectif ? Garantir les r\u00e9sultats.","og_url":"https:\/\/www.bizneo.com\/blog\/fr\/gestion-equipe-travail\/","og_site_name":"Blog de Recursos Humanos de Bizneo HR: pr\u00e1ctico y actual","article_published_time":"2025-10-23T14:12:57+00:00","article_modified_time":"2026-01-26T15:19:26+00:00","og_image":[{"width":1140,"height":640,"url":"https:\/\/www.bizneo.com\/blog\/wp-content\/uploads\/2025\/01\/gestion-equipe-travail.jpg","type":"image\/jpeg"}],"author":"Frederic","twitter_card":"summary_large_image","twitter_misc":{"Escrito por":"Frederic","Tiempo de lectura":"9 minutos"},"schema":{"@context":"https:\/\/schema.org","@graph":[{"@type":["Article","BlogPosting"],"@id":"https:\/\/www.bizneo.com\/blog\/fr\/gestion-equipe-travail\/#article","isPartOf":{"@id":"https:\/\/www.bizneo.com\/blog\/fr\/gestion-equipe-travail\/"},"author":{"name":"Frederic","@id":"https:\/\/www.bizneo.com\/blog\/#\/schema\/person\/c54a399718abb92cd32efffb5977118a"},"headline":"Gestion des \u00e9quipes de travail : conseils et techniques de management","datePublished":"2025-10-23T14:12:57+00:00","dateModified":"2026-01-26T15:19:26+00:00","mainEntityOfPage":{"@id":"https:\/\/www.bizneo.com\/blog\/fr\/gestion-equipe-travail\/"},"wordCount":1655,"commentCount":0,"publisher":{"@id":"https:\/\/www.bizneo.com\/blog\/#organization"},"image":{"@id":"https:\/\/www.bizneo.com\/blog\/fr\/gestion-equipe-travail\/#primaryimage"},"thumbnailUrl":"https:\/\/www.bizneo.com\/blog\/wp-content\/uploads\/2025\/01\/gestion-equipe-travail.jpg","articleSection":["Gestion du Personnel"],"inLanguage":"es","potentialAction":[{"@type":"CommentAction","name":"Comment","target":["https:\/\/www.bizneo.com\/blog\/fr\/gestion-equipe-travail\/#respond"]}]},{"@type":"WebPage","@id":"https:\/\/www.bizneo.com\/blog\/fr\/gestion-equipe-travail\/","url":"https:\/\/www.bizneo.com\/blog\/fr\/gestion-equipe-travail\/","name":"Gestion d'\u00e9quipe au travail | Conseils et techniques","isPartOf":{"@id":"https:\/\/www.bizneo.com\/blog\/#website"},"primaryImageOfPage":{"@id":"https:\/\/www.bizneo.com\/blog\/fr\/gestion-equipe-travail\/#primaryimage"},"image":{"@id":"https:\/\/www.bizneo.com\/blog\/fr\/gestion-equipe-travail\/#primaryimage"},"thumbnailUrl":"https:\/\/www.bizneo.com\/blog\/wp-content\/uploads\/2025\/01\/gestion-equipe-travail.jpg","datePublished":"2025-10-23T14:12:57+00:00","dateModified":"2026-01-26T15:19:26+00:00","description":"La gestion d'\u00e9quipe organise le personnel et les ressources dans l'optique de l'entreprise. Son objectif ? Garantir les r\u00e9sultats.","breadcrumb":{"@id":"https:\/\/www.bizneo.com\/blog\/fr\/gestion-equipe-travail\/#breadcrumb"},"inLanguage":"es","potentialAction":[{"@type":"ReadAction","target":["https:\/\/www.bizneo.com\/blog\/fr\/gestion-equipe-travail\/"]}]},{"@type":"ImageObject","inLanguage":"es","@id":"https:\/\/www.bizneo.com\/blog\/fr\/gestion-equipe-travail\/#primaryimage","url":"https:\/\/www.bizneo.com\/blog\/wp-content\/uploads\/2025\/01\/gestion-equipe-travail.jpg","contentUrl":"https:\/\/www.bizneo.com\/blog\/wp-content\/uploads\/2025\/01\/gestion-equipe-travail.jpg","width":1140,"height":640,"caption":"Gestion d'\u00e9quipe au travail"},{"@type":"BreadcrumbList","@id":"https:\/\/www.bizneo.com\/blog\/fr\/gestion-equipe-travail\/#breadcrumb","itemListElement":[{"@type":"ListItem","position":1,"name":"Portada","item":"https:\/\/www.bizneo.com\/blog\/"},{"@type":"ListItem","position":2,"name":"Gestion du Personnel","item":"https:\/\/www.bizneo.com\/blog\/fr\/category\/gestion-du-personnel\/"},{"@type":"ListItem","position":3,"name":"Gestion des \u00e9quipes de travail : conseils et techniques de management"}]},{"@type":"WebSite","@id":"https:\/\/www.bizneo.com\/blog\/#website","url":"https:\/\/www.bizneo.com\/blog\/","name":"Blog de Recursos Humanos de Bizneo HR: pr\u00e1ctico y actual","description":"Todo sobre actualidad, herramientas y tecnolog\u00eda  para optimizar la gesti\u00f3n del talento humano","publisher":{"@id":"https:\/\/www.bizneo.com\/blog\/#organization"},"potentialAction":[{"@type":"SearchAction","target":{"@type":"EntryPoint","urlTemplate":"https:\/\/www.bizneo.com\/blog\/?s={search_term_string}"},"query-input":{"@type":"PropertyValueSpecification","valueRequired":true,"valueName":"search_term_string"}}],"inLanguage":"es"},{"@type":"Organization","@id":"https:\/\/www.bizneo.com\/blog\/#organization","name":"Bizneo HR","url":"https:\/\/www.bizneo.com\/blog\/","logo":{"@type":"ImageObject","inLanguage":"es","@id":"https:\/\/www.bizneo.com\/blog\/#\/schema\/logo\/image\/","url":"https:\/\/www.bizneo.com\/blog\/wp-content\/uploads\/2020\/09\/Icono-Logo-Bizneo-HR.png","contentUrl":"https:\/\/www.bizneo.com\/blog\/wp-content\/uploads\/2020\/09\/Icono-Logo-Bizneo-HR.png","width":834,"height":834,"caption":"Bizneo HR"},"image":{"@id":"https:\/\/www.bizneo.com\/blog\/#\/schema\/logo\/image\/"}},{"@type":"Person","@id":"https:\/\/www.bizneo.com\/blog\/#\/schema\/person\/c54a399718abb92cd32efffb5977118a","name":"Frederic","image":{"@type":"ImageObject","inLanguage":"es","@id":"https:\/\/secure.gravatar.com\/avatar\/566b48122abdbf3668ee93a4e72dc097f49820d5841e88c2eb000e8530457898?s=96&d=mm&r=g","url":"https:\/\/secure.gravatar.com\/avatar\/566b48122abdbf3668ee93a4e72dc097f49820d5841e88c2eb000e8530457898?s=96&d=mm&r=g","contentUrl":"https:\/\/secure.gravatar.com\/avatar\/566b48122abdbf3668ee93a4e72dc097f49820d5841e88c2eb000e8530457898?s=96&d=mm&r=g","caption":"Frederic"},"url":"https:\/\/www.bizneo.com\/blog\/author\/frederic\/"}]}},"spectra_custom_meta":{"onesignal_meta_box_present":["1"],"onesignal_send_notification":["1"],"response_body":["{\"id\":\"2c2d2fa6-f640-47c6-816c-089675318abc\",\"recipients\":8726,\"external_id\":\"b0ac6941-3972-00f7-b00e-22fd14bb1055\",\"warnings\":[\"You must configure iOS notifications in your OneSignal settings if you wish to send messages to iOS users.\",\"You must configure Android notifications in your OneSignal settings if you wish to send messages to Android users.\"]}"],"status":["200"],"recipients":["8726"],"onesignal_modify_title_and_content":[""],"onesignal_notification_custom_heading":[null],"onesignal_notification_custom_content":[null],"Views":["23669"],"wp_review_type":["none"],"wp_review_positive_count":["0"],"wp_review_negative_count":["0"],"wp_review_user_reviews":["0"],"wp_review_review_count":["0"],"_thumbnail_id":["56299"],"_yoast_wpseo_title":["Gestion d'\u00e9quipe au travail | Conseils et techniques"],"_yoast_wpseo_metadesc":["La gestion d'\u00e9quipe organise le personnel et les ressources dans l'optique de l'entreprise. Son objectif ? Garantir les r\u00e9sultats."],"_yoast_wpseo_focuskw":["gestion d'\u00e9quipe"],"_yoast_wpseo_primary_category":["316"],"_edit_lock":["1769440899:47"],"_edit_last":["47"],"_vce_meta":["a:4:{s:11:\"use_sidebar\";s:7:\"inherit\";s:7:\"sidebar\";s:7:\"inherit\";s:14:\"sticky_sidebar\";s:7:\"inherit\";s:6:\"layout\";s:7:\"inherit\";}"],"_yoast_wpseo_linkdex":["90"],"_yoast_wpseo_content_score":["90"],"_yoast_wpseo_estimated-reading-time-minutes":["9"],"_wp_old_slug":["gestion-dequipe"],"_wp_old_date":["2025-01-02"],"_uag_css_file_name":["uag-css-51786.css"],"_uag_page_assets":["a:9:{s:3:\"css\";s:263:\".uag-blocks-common-selector{z-index:var(--z-index-desktop) !important}@media (max-width: 976px){.uag-blocks-common-selector{z-index:var(--z-index-tablet) !important}}@media (max-width: 767px){.uag-blocks-common-selector{z-index:var(--z-index-mobile) !important}}\n\";s:2:\"js\";s:0:\"\";s:18:\"current_block_list\";a:8:{i:0;s:14:\"core\/paragraph\";i:1;s:12:\"core\/heading\";i:2;s:10:\"core\/image\";i:3;s:9:\"core\/html\";i:4;s:9:\"core\/list\";i:5;s:14:\"core\/list-item\";i:6;s:12:\"core\/details\";i:7;s:14:\"core\/shortcode\";}s:8:\"uag_flag\";b:0;s:11:\"uag_version\";s:10:\"1777314230\";s:6:\"gfonts\";a:0:{}s:10:\"gfonts_url\";s:0:\"\";s:12:\"gfonts_files\";a:0:{}s:14:\"uag_faq_layout\";b:0;}"]},"uagb_featured_image_src":{"full":["https:\/\/www.bizneo.com\/blog\/wp-content\/uploads\/2025\/01\/gestion-equipe-travail.jpg",1140,640,false],"thumbnail":["https:\/\/www.bizneo.com\/blog\/wp-content\/uploads\/2025\/01\/gestion-equipe-travail-150x150.jpg",150,150,true],"medium":["https:\/\/www.bizneo.com\/blog\/wp-content\/uploads\/2025\/01\/gestion-equipe-travail-300x168.jpg",300,168,true],"medium_large":["https:\/\/www.bizneo.com\/blog\/wp-content\/uploads\/2025\/01\/gestion-equipe-travail-768x431.jpg",768,431,true],"large":["https:\/\/www.bizneo.com\/blog\/wp-content\/uploads\/2025\/01\/gestion-equipe-travail-1024x575.jpg",1024,575,true],"1536x1536":["https:\/\/www.bizneo.com\/blog\/wp-content\/uploads\/2025\/01\/gestion-equipe-travail.jpg",1140,640,false],"2048x2048":["https:\/\/www.bizneo.com\/blog\/wp-content\/uploads\/2025\/01\/gestion-equipe-travail.jpg",1140,640,false]},"uagb_author_info":{"display_name":"Frederic","author_link":"https:\/\/www.bizneo.com\/blog\/author\/frederic\/"},"uagb_comment_info":0,"uagb_excerpt":"La gestion d'\u00e9quipe est l'une des responsabilit\u00e9s des leaders ayant le plus d\u2019impact sur les r\u00e9sultats de l\u2019entreprise.","_links":{"self":[{"href":"https:\/\/www.bizneo.com\/blog\/wp-json\/wp\/v2\/posts\/51786","targetHints":{"allow":["GET"]}}],"collection":[{"href":"https:\/\/www.bizneo.com\/blog\/wp-json\/wp\/v2\/posts"}],"about":[{"href":"https:\/\/www.bizneo.com\/blog\/wp-json\/wp\/v2\/types\/post"}],"author":[{"embeddable":true,"href":"https:\/\/www.bizneo.com\/blog\/wp-json\/wp\/v2\/users\/37"}],"replies":[{"embeddable":true,"href":"https:\/\/www.bizneo.com\/blog\/wp-json\/wp\/v2\/comments?post=51786"}],"version-history":[{"count":5,"href":"https:\/\/www.bizneo.com\/blog\/wp-json\/wp\/v2\/posts\/51786\/revisions"}],"predecessor-version":[{"id":58065,"href":"https:\/\/www.bizneo.com\/blog\/wp-json\/wp\/v2\/posts\/51786\/revisions\/58065"}],"wp:featuredmedia":[{"embeddable":true,"href":"https:\/\/www.bizneo.com\/blog\/wp-json\/wp\/v2\/media\/56299"}],"wp:attachment":[{"href":"https:\/\/www.bizneo.com\/blog\/wp-json\/wp\/v2\/media?parent=51786"}],"wp:term":[{"taxonomy":"category","embeddable":true,"href":"https:\/\/www.bizneo.com\/blog\/wp-json\/wp\/v2\/categories?post=51786"},{"taxonomy":"post_tag","embeddable":true,"href":"https:\/\/www.bizneo.com\/blog\/wp-json\/wp\/v2\/tags?post=51786"}],"curies":[{"name":"wp","href":"https:\/\/api.w.org\/{rel}","templated":true}]}}