{"id":51751,"date":"2025-06-06T11:53:18","date_gmt":"2025-06-06T10:53:18","guid":{"rendered":"https:\/\/www.bizneo.com\/blog\/?p=51751"},"modified":"2026-01-26T16:48:57","modified_gmt":"2026-01-26T15:48:57","slug":"gestion-du-temps-freelance","status":"publish","type":"post","link":"https:\/\/www.bizneo.com\/blog\/fr\/gestion-du-temps-freelance\/","title":{"rendered":"Le gestion du temps freelance est-elle obligatoire pour les ind\u00e9pendants ?"},"content":{"rendered":"\n<p>La gestion du temps freelance est un sujet \u00e0 d\u00e9bat. Mais en France, les travailleurs ind\u00e9pendants ne sont pas soumis \u00e0 l\u2019obligation l\u00e9gale d\u2019enregistrement horaire pr\u00e9vue pour les salari\u00e9s. Ces dispositions s\u2019appliquent exclusivement dans le cadre d\u2019une relation de travail salari\u00e9e, conform\u00e9ment au <strong>Code du travail<\/strong>. Toutefois, certains cas sp\u00e9cifiques peuvent entra\u00eener une obligation indirecte :<\/p>\n\n\n\n<ul class=\"wp-block-list\">\n<li><strong>Ind\u00e9pendants employant des salari\u00e9s<\/strong> : Si un ind\u00e9pendant emploie des collaborateurs, il est alors consid\u00e9r\u00e9 comme employeur et doit enregistrer les horaires de travail de ses salari\u00e9s conform\u00e9ment aux articles <strong>L3171-2 et suivants du Code du travail<\/strong>. Cela inclut le suivi des heures suppl\u00e9mentaires et des temps de repos.<\/li>\n\n\n\n<li><strong>Secteurs r\u00e9glement\u00e9s<\/strong> : Certains domaines, comme les transports routiers, sont soumis \u00e0 des obligations sp\u00e9cifiques concernant le temps de travail et de repos. Les ind\u00e9pendants travaillant dans ces secteurs doivent se conformer \u00e0 ces r\u00e8gles sp\u00e9cifiques, m\u00eame en l\u2019absence de contrat salari\u00e9.<\/li>\n<\/ul>\n\n\n\n<p>En r\u00e9sum\u00e9, les ind\u00e9pendants exer\u00e7ant seuls ne sont pas contraints de suivre leurs heures de travail, sauf dans des contextes ou secteurs particuliers qui imposent des obligations sp\u00e9cifiques. Mais allons plus loin de l&#8217;analyse de la gestion du temps freelance.<\/p>\n\n\n\n<h2 class=\"wp-block-heading\">R\u00e9duction du temps de travail et ind\u00e9pendants en France<\/h2>\n\n\n\n<p>En France, la r\u00e9duction du temps de travail (RTT) concerne exclusivement les salari\u00e9s dans le cadre des dispositions du <strong>Code du travail<\/strong>, notamment celles relatives \u00e0 la dur\u00e9e l\u00e9gale de 35 heures hebdomadaires. Les travailleurs ind\u00e9pendants ne sont pas directement concern\u00e9s par ces mesures. Toutefois, des impacts indirects peuvent se faire sentir dans leurs relations professionnelles, en particulier lorsqu\u2019ils collaborent avec des entreprises ou emploient des salari\u00e9s.<\/p>\n\n\n\n<p>Points cl\u00e9s \u00e0 consid\u00e9rer :<\/p>\n\n\n\n<ul class=\"wp-block-list\">\n<li><strong><a href=\"\/blog\/fr\/suivi-du-temps\/\" target=\"_blank\" rel=\"noreferrer noopener\" data-wpel-link=\"internal\">Suivi du temps de travail<\/a> pour les salari\u00e9s<\/strong> : Les ind\u00e9pendants employeurs doivent s&#8217;assurer que leurs salari\u00e9s respectent les dur\u00e9es l\u00e9gales et les \u00e9ventuelles RTT pr\u00e9vues par leur convention collective.<\/li>\n\n\n\n<li><strong>Impacts organisationnels<\/strong> : La r\u00e9duction du temps de travail peut entra\u00eener une r\u00e9vision des d\u00e9lais de livraison ou des processus pour les ind\u00e9pendants travaillant avec des entreprises appliquant strictement ces r\u00e8gles.<\/li>\n\n\n\n<li><strong>Am\u00e9nagements sp\u00e9cifiques<\/strong> : Les ind\u00e9pendants avec des salari\u00e9s peuvent mettre en place des horaires adapt\u00e9s, en respectant les dispositions relatives aux temps de repos, pauses et heures suppl\u00e9mentaires.<\/li>\n<\/ul>\n\n\n\n<p>Pour anticiper ces changements, il est recommand\u00e9 aux ind\u00e9pendants d\u2019investir dans des <strong>outils de gestion du temps freelance<\/strong>, notamment des logiciels adapt\u00e9s permettant un suivi pr\u00e9cis des horaires et des jours de RTT pour leurs employ\u00e9s.<\/p>\n\n\n\n<h3 class=\"wp-block-heading\"><strong>Gestion du temps dans d\u2019autres pays : comparaisons avec la France<\/strong><\/h3>\n\n\n\n<p>Les r\u00e9glementations sur l\u2019enregistrement horaire varient selon les pays, mais des similitudes existent entre la France et certains pays europ\u00e9ens ou nord-am\u00e9ricains. Voici un aper\u00e7u de la situation en <strong>Belgique<\/strong>, <strong>Luxembourg<\/strong>, <strong>Suisse<\/strong> et <strong>Canada<\/strong>.<\/p>\n\n\n\n<p><strong>Belgique :<\/strong> l\u2019enregistrement horaire est obligatoire pour les employeurs afin de garantir le respect des <strong>dur\u00e9es maximales de travail<\/strong> et des <strong>temps de repos<\/strong> pr\u00e9vus par la loi.<\/p>\n\n\n\n<ul class=\"wp-block-list\">\n<li><strong>Impact pour les ind\u00e9pendants<\/strong> : Les ind\u00e9pendants ne sont pas soumis \u00e0 ces obligations. Cependant, s\u2019ils emploient des salari\u00e9s, ils doivent respecter des r\u00e8gles strictes, notamment pour les heures suppl\u00e9mentaires et les pauses.<\/li>\n\n\n\n<li><strong>Particularit\u00e9<\/strong> : Les conventions collectives peuvent imposer des r\u00e8gles sp\u00e9cifiques selon le secteur.<\/li>\n<\/ul>\n\n\n\n<p><strong>Luxembourg : <\/strong>la l\u00e9gislation oblige les employeurs \u00e0 tenir un registre des heures travaill\u00e9es pour garantir le respect des <strong>38 heures hebdomadaires<\/strong> (dur\u00e9e l\u00e9gale).<\/p>\n\n\n\n<ul class=\"wp-block-list\">\n<li><strong>Impact pour les ind\u00e9pendants<\/strong> : Les ind\u00e9pendants ne sont pas concern\u00e9s par cette obligation sauf s\u2019ils emploient des salari\u00e9s. Dans ce cas, ils doivent documenter pr\u00e9cis\u00e9ment les horaires de leurs employ\u00e9s, y compris les heures suppl\u00e9mentaires et les jours de repos.<\/li>\n<\/ul>\n\n\n\n<p><strong>Suisse :<\/strong> la loi impose un suivi des heures de travail, notamment pour les salari\u00e9s soumis \u00e0 la <strong>Loi sur le travail (LTr)<\/strong>, qui fixe des limites strictes sur les dur\u00e9es journali\u00e8res et hebdomadaires.<\/p>\n\n\n\n<ul class=\"wp-block-list\">\n<li><strong>Impact pour les ind\u00e9pendants<\/strong> : Les travailleurs ind\u00e9pendants ne sont pas soumis \u00e0 ces dispositions, sauf s\u2019ils sont engag\u00e9s dans des secteurs hautement r\u00e9glement\u00e9s (comme la construction ou les transports). Les employeurs doivent toutefois tenir un registre pr\u00e9cis pour leurs salari\u00e9s.<\/li>\n<\/ul>\n\n\n\n<p><strong>Canada :<\/strong> les lois provinciales et f\u00e9d\u00e9rales sur le travail imposent aux employeurs de consigner les heures travaill\u00e9es et de respecter les normes sur le temps de travail et les heures suppl\u00e9mentaires.<\/p>\n\n\n\n<ul class=\"wp-block-list\">\n<li><strong>Impact pour les ind\u00e9pendants<\/strong> : Les travailleurs autonomes ne sont pas directement concern\u00e9s par ces obligations. Toutefois, s\u2019ils emploient des salari\u00e9s, ils doivent se conformer aux r\u00e9glementations de leur province (par exemple, en Ontario ou au Qu\u00e9bec, l\u2019enregistrement est obligatoire pour les employ\u00e9s).<\/li>\n\n\n\n<li><strong>Particularit\u00e9<\/strong> : Certaines professions r\u00e9glement\u00e9es ou contrats sp\u00e9cifiques, comme ceux li\u00e9s aux plateformes num\u00e9riques, peuvent exiger un suivi des horaires.<\/li>\n<\/ul>\n\n\n\n<figure class=\"wp-block-image size-large\"><a href=\"https:\/\/hello.bizneo.com\/kit\/gestion-du-temps\/?utm_content=post-KIT-Tiempo\" data-wpel-link=\"internal\" target=\"_blank\"><img decoding=\"async\" width=\"1024\" height=\"307\" src=\"https:\/\/www.bizneo.com\/blog\/wp-content\/uploads\/2025\/01\/KIT-Temps-1024x307.png\" alt=\"Kit gestion du temps\" class=\"wp-image-52109\" srcset=\"https:\/\/www.bizneo.com\/blog\/wp-content\/uploads\/2025\/01\/KIT-Temps-1024x307.png 1024w, https:\/\/www.bizneo.com\/blog\/wp-content\/uploads\/2025\/01\/KIT-Temps-300x90.png 300w, https:\/\/www.bizneo.com\/blog\/wp-content\/uploads\/2025\/01\/KIT-Temps-768x230.png 768w, https:\/\/www.bizneo.com\/blog\/wp-content\/uploads\/2025\/01\/KIT-Temps-810x243.png 810w, https:\/\/www.bizneo.com\/blog\/wp-content\/uploads\/2025\/01\/KIT-Temps-1140x342.png 1140w, https:\/\/www.bizneo.com\/blog\/wp-content\/uploads\/2025\/01\/KIT-Temps.png 1360w\" sizes=\"(max-width: 1024px) 100vw, 1024px\" \/><\/a><\/figure>\n\n\n\n<h2 class=\"wp-block-heading\">Gestion du temps pour les ind\u00e9pendants avec employ\u00e9s : obligations et enjeux<\/h2>\n\n\n\n<p>En France, les <strong>travailleurs ind\u00e9pendants<\/strong> qui emploient des salari\u00e9s doivent respecter des <strong>r\u00e8gles strictes<\/strong> en mati\u00e8re d\u2019<strong>enregistrement horaire<\/strong>. En tant qu\u2019employeurs, ils sont tenus de consigner les <strong>heures de d\u00e9but et de fin<\/strong> de journ\u00e9e de leurs salari\u00e9s, ainsi que les <strong>pauses<\/strong> et les <strong>p\u00e9riodes de repos hebdomadaires<\/strong>. Ces obligations, encadr\u00e9es par le <strong>Code du travail<\/strong>, visent \u00e0 garantir le <strong>respect des droits<\/strong> des employ\u00e9s tout en facilitant la <strong>gestion du temps<\/strong> des freelance.<\/p>\n\n\n\n<p>Ces enregistrements doivent \u00eatre <strong>conserv\u00e9s pendant au moins cinq ans<\/strong> et \u00eatre accessibles aux <strong>salari\u00e9s<\/strong>, \u00e0 leurs <strong>repr\u00e9sentants l\u00e9gaux<\/strong> et \u00e0 l\u2019<strong>Inspection du travail<\/strong> en cas de contr\u00f4le. Pour les effectuer, les employeurs disposent d\u2019une certaine <strong>flexibilit\u00e9<\/strong>. Ils peuvent utiliser des outils simples comme des <strong>feuilles de calcul<\/strong> ou opter pour des <strong>solutions num\u00e9riques performantes<\/strong>. On parle de <strong>logiciels d\u00e9di\u00e9s<\/strong> ou des <strong>syst\u00e8mes de pointage \u00e9lectronique<\/strong>. Quelle que soit la m\u00e9thode choisie, elle doit \u00eatre <strong>fiable<\/strong> et emp\u00eacher toute <strong>manipulation des donn\u00e9es<\/strong>.<\/p>\n\n\n\n<p>Le non-respect de ces obligations peut entra\u00eener des <strong>sanctions financi\u00e8res<\/strong>, avec des amendes allant de <strong>750 \u00e0 2 000 euros<\/strong> par infraction, voire davantage en cas de <strong>r\u00e9cidive<\/strong>. Au-del\u00e0 des sanctions, un <strong>enregistrement rigoureux<\/strong> est un levier pr\u00e9cieux pour les employeurs. Il simplifie la <strong><a href=\"\/blog\/fr\/planning-de-travail\/\" target=\"_blank\" rel=\"noreferrer noopener\" data-wpel-link=\"internal\">gestion des plannings<\/a><\/strong>, facilite le <strong><a href=\"\/blog\/fr\/calculer-heures-travail\/\" target=\"_blank\" rel=\"noreferrer noopener\" data-wpel-link=\"internal\">calcul des heures<\/a> suppl\u00e9mentaires<\/strong> et instaure une <strong>transparence<\/strong> b\u00e9n\u00e9fique pour la relation employeur-employ\u00e9.<\/p>\n\n\n\n<p>La gestion du temps freelance avec employ\u00e9 est impos\u00e9e par la loi. Mais en dehors de cela, elle peut donc devenir un v\u00e9ritable <strong>atout<\/strong>. En apportant <strong>structure<\/strong> et <strong>clart\u00e9<\/strong>, il permet aux <strong>ind\u00e9pendants employeurs<\/strong> de mieux organiser leur activit\u00e9 et de renforcer la <strong>satisfaction des \u00e9quipes<\/strong>.<\/p>\n\n\n\n<h2 class=\"wp-block-heading\">Comment optimiser la gestion du temps freelance avec employ\u00e9s<\/h2>\n\n\n\n<p>En France, les ind\u00e9pendants employeurs sont responsables du <strong>suivi et de l\u2019enregistrement des heures de travail<\/strong> de leurs salari\u00e9s. Et ce, quelle que soit la taille de leur \u00e9quipe.<\/p>\n\n\n\n<p>Des outils comme des <strong>fichiers Excel<\/strong> ou des registres papier peuvent sembler pratiques. Mais ils pr\u00e9sentent souvent des limites en mati\u00e8re de <strong>fiabilit\u00e9 et de s\u00e9curit\u00e9<\/strong>.<\/p>\n\n\n\n<p>Un <strong><a href=\"\/fr\/logiciel-gestion-temps-de-travail\/\" target=\"_blank\" rel=\"noreferrer noopener\" data-wpel-link=\"internal\">logiciel de gestion du temps<\/a><\/strong> constitue une alternative bien plus performante, adapt\u00e9e aux <strong>exigences l\u00e9gales fran\u00e7aises<\/strong>.<\/p>\n\n\n\n<h3 class=\"wp-block-heading\">Conformit\u00e9 l\u00e9gale<\/h3>\n\n\n\n<p>Le Code du travail exige que les horaires de travail des salari\u00e9s soient <strong>enregistr\u00e9s et conserv\u00e9s pendant au moins cinq ans<\/strong>. Ces registres doivent \u00eatre accessibles aux employ\u00e9s, \u00e0 leurs repr\u00e9sentants l\u00e9gaux et \u00e0 l\u2019Inspection du travail en cas de contr\u00f4le.<\/p>\n\n\n\n<figure class=\"wp-block-image size-large\"><a href=\"https:\/\/www.bizneo.com\/fr\/logiciel-planning\/\" data-wpel-link=\"internal\" target=\"_blank\"><img decoding=\"async\" width=\"1024\" height=\"735\" src=\"https:\/\/www.bizneo.com\/blog\/wp-content\/uploads\/2024\/02\/application-planning-travail-1024x735.webp\" alt=\"appli de gestion des plannings\" class=\"wp-image-49720\" srcset=\"https:\/\/www.bizneo.com\/blog\/wp-content\/uploads\/2024\/02\/application-planning-travail-1024x735.webp 1024w, https:\/\/www.bizneo.com\/blog\/wp-content\/uploads\/2024\/02\/application-planning-travail-300x215.webp 300w, https:\/\/www.bizneo.com\/blog\/wp-content\/uploads\/2024\/02\/application-planning-travail-768x551.webp 768w, https:\/\/www.bizneo.com\/blog\/wp-content\/uploads\/2024\/02\/application-planning-travail-810x582.webp 810w, https:\/\/www.bizneo.com\/blog\/wp-content\/uploads\/2024\/02\/application-planning-travail-1140x819.webp 1140w, https:\/\/www.bizneo.com\/blog\/wp-content\/uploads\/2024\/02\/application-planning-travail.webp 1500w\" sizes=\"(max-width: 1024px) 100vw, 1024px\" \/><\/a><\/figure>\n\n\n\n<p>Un logiciel de contr\u00f4le horaire permet de<strong> s\u00e9curiser ces donn\u00e9es, d\u2019automatiser leur enregistrement et de simplifier leur gestion<\/strong>. Cela \u00e9vite les erreurs humaines et les sanctions financi\u00e8res encourues en cas de non-respect des obligations l\u00e9gales.<\/p>\n\n\n\n<figure class=\"wp-block-image size-large\"><a href=\"https:\/\/www.bizneo.com\/fr\/logiciel-gestion-temps-de-travail\/\" target=\"_blank\" rel=\"noopener\" data-wpel-link=\"internal\"><img decoding=\"async\" width=\"1024\" height=\"154\" src=\"https:\/\/www.bizneo.com\/blog\/wp-content\/uploads\/2021\/08\/banner_medio-outil-pointage-1024x154.jpg\" alt=\"Logiciel gestion du temps de travail et des activit\u00e9s\" class=\"wp-image-25100\" srcset=\"https:\/\/www.bizneo.com\/blog\/wp-content\/uploads\/2021\/08\/banner_medio-outil-pointage-1024x154.jpg 1024w, https:\/\/www.bizneo.com\/blog\/wp-content\/uploads\/2021\/08\/banner_medio-outil-pointage-300x45.jpg 300w, https:\/\/www.bizneo.com\/blog\/wp-content\/uploads\/2021\/08\/banner_medio-outil-pointage-768x115.jpg 768w, https:\/\/www.bizneo.com\/blog\/wp-content\/uploads\/2021\/08\/banner_medio-outil-pointage-810x122.jpg 810w, https:\/\/www.bizneo.com\/blog\/wp-content\/uploads\/2021\/08\/banner_medio-outil-pointage-1140x171.jpg 1140w, https:\/\/www.bizneo.com\/blog\/wp-content\/uploads\/2021\/08\/banner_medio-outil-pointage.jpg 1360w\" sizes=\"(max-width: 1024px) 100vw, 1024px\" \/><\/a><\/figure>\n\n\n\n<p><\/p>\n\n\n\n<h3 class=\"wp-block-heading\">Productivit\u00e9<\/h3>\n\n\n\n<p>Les <strong>m\u00e9thodes manuelles<\/strong>, comme les registres papier, sont non seulement chronophages, mais aussi sujettes aux erreurs. Un logiciel de contr\u00f4le horaire automatise l\u2019enregistrement des donn\u00e9es, am\u00e9liorant ainsi la productivit\u00e9.<\/p>\n\n\n\n<figure class=\"wp-block-image size-full\"><a href=\"\/fr\/logiciel-gestion-temps-de-travail\/\" data-wpel-link=\"internal\" target=\"_blank\"><img decoding=\"async\" width=\"1500\" height=\"1220\" src=\"https:\/\/www.bizneo.com\/blog\/wp-content\/uploads\/2021\/10\/rapport-gestion-temps-travail.webp\" alt=\"Rapport de Pointage \" class=\"wp-image-27515\" srcset=\"https:\/\/www.bizneo.com\/blog\/wp-content\/uploads\/2021\/10\/rapport-gestion-temps-travail.webp 1500w, https:\/\/www.bizneo.com\/blog\/wp-content\/uploads\/2021\/10\/rapport-gestion-temps-travail-300x244.webp 300w, https:\/\/www.bizneo.com\/blog\/wp-content\/uploads\/2021\/10\/rapport-gestion-temps-travail-1024x833.webp 1024w, https:\/\/www.bizneo.com\/blog\/wp-content\/uploads\/2021\/10\/rapport-gestion-temps-travail-768x625.webp 768w, https:\/\/www.bizneo.com\/blog\/wp-content\/uploads\/2021\/10\/rapport-gestion-temps-travail-810x659.webp 810w, https:\/\/www.bizneo.com\/blog\/wp-content\/uploads\/2021\/10\/rapport-gestion-temps-travail-1140x927.webp 1140w\" sizes=\"(max-width: 1500px) 100vw, 1500px\" \/><\/a><\/figure>\n\n\n\n<p>Pour l\u2019employeur, cela permet de r\u00e9duire les t\u00e2ches administratives et de<strong> se concentrer sur des activit\u00e9s \u00e0 forte valeur ajout\u00e9e<\/strong>. Pour les salari\u00e9s, ces outils offrent des<strong> solutions pratiques <\/strong>pour enregistrer leurs heures. Cela se fait via une application mobile ou un ordinateur. Elle offre des fonctionnalit\u00e9s vari\u00e9es comme le pointage d\u2019heures de travail freelance par code PIN, QR code ou <a href=\"\/blog\/fr\/pointage-par-reconnaissance-faciale\/\" data-wpel-link=\"internal\" target=\"_blank\">reconnaissance faciale<\/a>.<\/p>\n\n\n\n<figure class=\"wp-block-image size-large\"><a href=\"\/fr\/logiciel-gestion-temps-de-travail\/\" data-wpel-link=\"internal\" target=\"_blank\"><img decoding=\"async\" src=\"https:\/\/www.bizneo.com\/blog\/wp-content\/uploads\/2024\/02\/logiciel-pointage-1-1024x684.webp\" alt=\"Syst\u00e8mes de pointage (QR; PIN, reconnaissance faciale)\" class=\"wp-image-44968\"\/><\/a><\/figure>\n\n\n\n<p>Les employ\u00e9s peuvent \u00e9galement consulter leurs horaires, demander des corrections si n\u00e9cessaire, et ainsi renforcer la transparence au sein de l\u2019entreprise.<\/p>\n\n\n\n<figure class=\"wp-block-image size-large\"><a href=\"https:\/\/www.bizneo.com\/fr\/logiciel-planning\/\" target=\"_blank\" rel=\"noopener\" data-wpel-link=\"internal\"><img decoding=\"async\" width=\"1024\" height=\"154\" src=\"https:\/\/www.bizneo.com\/blog\/wp-content\/uploads\/2021\/08\/banner-medio-plannings-1024x154.jpg\" alt=\"logiciel de planning de travail\" class=\"wp-image-25130\" srcset=\"https:\/\/www.bizneo.com\/blog\/wp-content\/uploads\/2021\/08\/banner-medio-plannings-1024x154.jpg 1024w, https:\/\/www.bizneo.com\/blog\/wp-content\/uploads\/2021\/08\/banner-medio-plannings-300x45.jpg 300w, https:\/\/www.bizneo.com\/blog\/wp-content\/uploads\/2021\/08\/banner-medio-plannings-768x115.jpg 768w, https:\/\/www.bizneo.com\/blog\/wp-content\/uploads\/2021\/08\/banner-medio-plannings-810x122.jpg 810w, https:\/\/www.bizneo.com\/blog\/wp-content\/uploads\/2021\/08\/banner-medio-plannings-1140x171.jpg 1140w, https:\/\/www.bizneo.com\/blog\/wp-content\/uploads\/2021\/08\/banner-medio-plannings.jpg 1360w\" sizes=\"(max-width: 1024px) 100vw, 1024px\" \/><\/a><\/figure>\n\n\n\n<h3 class=\"wp-block-heading\">Gestion des pauses et temps de repos<\/h3>\n\n\n\n<p>La loi impose<strong> de respecter et de documenter les pauses quotidiennes<\/strong> ainsi que les temps de repos hebdomadaires. Cela ne profite pas seulement aux employ\u00e9s, mais prot\u00e8ge \u00e9galement l&#8217;employeur ind\u00e9pendant.<\/p>\n\n\n\n<p>Un logiciel de contr\u00f4le horaire permet aux salari\u00e9s de signaler facilement leurs pauses. Cela garantit un suivi pr\u00e9cis et conforme \u00e0 la r\u00e9glementation et prot\u00e8ge \u00e9galement l\u2019employeur en cas de litige.<\/p>\n\n\n\n<bzn-link><a href=\"\/fr\/logiciel-gestion-temps-de-travail\/\" id=\"destacado-control\" target=\"_blank\" rel=\"noopener\" data-wpel-link=\"internal\"><span class=\"bzn-link-title\"><strong>Logiciel de gestion du temps<\/strong> <\/span>L&#8217;outil de Bizneo HR fait bien plus que pointer les heures de travail !<\/a><\/bzn-link>\n\n\n\n<p><\/p>\n\n\n\n<h3 class=\"wp-block-heading\">Contr\u00f4le de la ponctualit\u00e9<\/h3>\n\n\n\n<p>En France, <strong>il n\u2019existe pas de primes pour la ponctualit\u00e9 <\/strong>comme dans d\u2019autres pays. Mais le suivi des arriv\u00e9es et d\u00e9parts reste essentiel pour optimiser la gestion du temps des ind\u00e9pendants. Un logiciel d\u00e9di\u00e9 permet de <strong>d\u00e9tecter des tendances, d\u2019envoyer des rappels pour \u00e9viter les oublis de pointage horaire<\/strong> freelance, ou encore d\u2019introduire des marges de flexibilit\u00e9 adapt\u00e9es aux besoins des employ\u00e9s. Cela contribue \u00e0 une meilleure organisation globale.<\/p>\n\n\n\n<figure class=\"wp-block-image size-large\"><a href=\"https:\/\/www.bizneo.com\/fr\/logiciel-planning\/\" data-wpel-link=\"internal\" target=\"_blank\"><img decoding=\"async\" width=\"1024\" height=\"735\" src=\"https:\/\/www.bizneo.com\/blog\/wp-content\/uploads\/2024\/02\/Workflows-planning-horaire-travail-1024x735.webp\" alt=\"Workflows planning de travail\" class=\"wp-image-49715\" srcset=\"https:\/\/www.bizneo.com\/blog\/wp-content\/uploads\/2024\/02\/Workflows-planning-horaire-travail-1024x735.webp 1024w, https:\/\/www.bizneo.com\/blog\/wp-content\/uploads\/2024\/02\/Workflows-planning-horaire-travail-300x215.webp 300w, https:\/\/www.bizneo.com\/blog\/wp-content\/uploads\/2024\/02\/Workflows-planning-horaire-travail-768x551.webp 768w, https:\/\/www.bizneo.com\/blog\/wp-content\/uploads\/2024\/02\/Workflows-planning-horaire-travail-810x582.webp 810w, https:\/\/www.bizneo.com\/blog\/wp-content\/uploads\/2024\/02\/Workflows-planning-horaire-travail-1140x819.webp 1140w, https:\/\/www.bizneo.com\/blog\/wp-content\/uploads\/2024\/02\/Workflows-planning-horaire-travail.webp 1500w\" sizes=\"(max-width: 1024px) 100vw, 1024px\" \/><\/a><\/figure>\n\n\n\n<p>Un logiciel de gestion du temps pour freelance permet :<\/p>\n\n\n\n<ul class=\"wp-block-list\">\n<li>D\u2019<strong>identifier des mod\u00e8les r\u00e9currents<\/strong> li\u00e9s \u00e0 la ponctualit\u00e9 pour am\u00e9liorer l\u2019organisation.<\/li>\n\n\n\n<li>De <strong>programmer des alertes<\/strong> pour \u00e9viter les oublis de pointage horaire des freelance.<\/li>\n\n\n\n<li>De <strong>d\u00e9finir des seuils de flexibilit\u00e9<\/strong> et des marges de tol\u00e9rance pour les arriv\u00e9es et d\u00e9parts, facilitant ainsi une gestion plus souple du temps de travail.<\/li>\n<\/ul>\n\n\n\n<h3 class=\"wp-block-heading\">Heures suppl\u00e9mentaires pour les ind\u00e9pendants avec employ\u00e9s<\/h3>\n\n\n\n<p>En France, l\u2019<strong>enregistrement pr\u00e9cis des heures suppl\u00e9mentaires est une obligation l\u00e9gale pour les employeurs<\/strong>, y compris les ind\u00e9pendants. Cette pratique est essentielle pour garantir le respect des droits des salari\u00e9s et assurer une gestion efficace de l\u2019activit\u00e9. Un logiciel de contr\u00f4le horaire simplifie le suivi de ces heures suppl\u00e9mentaires en automatisant leur enregistrement et leur calcul. Cela garantit une compensation \u00e9quitable, que ce soit sous forme de paiement ou de repos compensateur, conform\u00e9ment aux <strong>dispositions du Code du travail<\/strong>.<\/p>\n\n\n\n<figure class=\"wp-block-image size-full\"><a href=\"\/fr\/logiciel-gestion-temps-de-travail\/\" data-wpel-link=\"internal\" target=\"_blank\"><img decoding=\"async\" width=\"1500\" height=\"1077\" src=\"https:\/\/www.bizneo.com\/blog\/wp-content\/uploads\/2024\/02\/Compensation-heures-supplementaires.webp\" alt=\"Compensation des heures suppl\u00e9mentaires\" class=\"wp-image-44957\" srcset=\"https:\/\/www.bizneo.com\/blog\/wp-content\/uploads\/2024\/02\/Compensation-heures-supplementaires.webp 1500w, https:\/\/www.bizneo.com\/blog\/wp-content\/uploads\/2024\/02\/Compensation-heures-supplementaires-300x215.webp 300w, https:\/\/www.bizneo.com\/blog\/wp-content\/uploads\/2024\/02\/Compensation-heures-supplementaires-1024x735.webp 1024w, https:\/\/www.bizneo.com\/blog\/wp-content\/uploads\/2024\/02\/Compensation-heures-supplementaires-768x551.webp 768w, https:\/\/www.bizneo.com\/blog\/wp-content\/uploads\/2024\/02\/Compensation-heures-supplementaires-810x582.webp 810w, https:\/\/www.bizneo.com\/blog\/wp-content\/uploads\/2024\/02\/Compensation-heures-supplementaires-1140x819.webp 1140w\" sizes=\"(max-width: 1500px) 100vw, 1500px\" \/><\/a><\/figure>\n\n\n\n<p><strong>L\u2019int\u00e9gration d\u2019un logiciel avec un syst\u00e8me de paie permet \u00e9galement de simplifier la gestion des heures suppl\u00e9mentaires<\/strong>. Les banques d\u2019heures peuvent \u00eatre automatis\u00e9es. Elles assurent un suivi pr\u00e9cis et \u00e9vitant les erreurs humaines. Les employeurs peuvent d\u00e9finir des r\u00e8gles personnalis\u00e9es, telles que les limites du nombre d\u2019heures suppl\u00e9mentaires autoris\u00e9es ou les modalit\u00e9s de compensation, afin d\u2019anticiper et d\u2019\u00e9viter les conflits ou les malentendus.<\/p>\n\n\n\n<h3 class=\"wp-block-heading\">Politiques de gestion du temps freelance avec employ\u00e9s : le pointage<\/h3>\n\n\n\n<p>En tant qu\u2019employeur, un ind\u00e9pendant peut<strong> mettre en place des politiques de pointage des heures de travail pour freelance<\/strong>. Elles doivent \u00eatre adapt\u00e9es \u00e0 la structure de son entreprise et aux besoins de ses salari\u00e9s. Ces politiques peuvent inclure des horaires flexibles, des pauses obligatoires, du t\u00e9l\u00e9travail ou encore des \u00e9quipes tournantes.<\/p>\n\n\n\n<figure class=\"wp-block-image size-large\"><a href=\"https:\/\/www.bizneo.com\/fr\/logiciel-gestion-temps-de-travail\/\" data-wpel-link=\"internal\" target=\"_blank\"><img decoding=\"async\" width=\"1024\" height=\"735\" src=\"https:\/\/www.bizneo.com\/blog\/wp-content\/uploads\/2024\/08\/Configuration-controle-horaires-1024x735.webp\" alt=\"Configuration du contr\u00f4le des horaires\" class=\"wp-image-49725\" srcset=\"https:\/\/www.bizneo.com\/blog\/wp-content\/uploads\/2024\/08\/Configuration-controle-horaires-1024x735.webp 1024w, https:\/\/www.bizneo.com\/blog\/wp-content\/uploads\/2024\/08\/Configuration-controle-horaires-300x215.webp 300w, https:\/\/www.bizneo.com\/blog\/wp-content\/uploads\/2024\/08\/Configuration-controle-horaires-768x551.webp 768w, https:\/\/www.bizneo.com\/blog\/wp-content\/uploads\/2024\/08\/Configuration-controle-horaires-810x582.webp 810w, https:\/\/www.bizneo.com\/blog\/wp-content\/uploads\/2024\/08\/Configuration-controle-horaires-1140x819.webp 1140w, https:\/\/www.bizneo.com\/blog\/wp-content\/uploads\/2024\/08\/Configuration-controle-horaires.webp 1500w\" sizes=\"(max-width: 1024px) 100vw, 1024px\" \/><\/a><\/figure>\n\n\n\n<p>Un logiciel de contr\u00f4le horaire offre la possibilit\u00e9 de <strong>configurer ces param\u00e8tres de mani\u00e8re personnalis\u00e9e.<\/strong> Cela permet non seulement de respecter les obligations l\u00e9gales, mais aussi d\u2019adapter la gestion du temps des freelance \u00e0 la r\u00e9alit\u00e9 de chaque activit\u00e9.<\/p>\n\n\n\n<h3 class=\"wp-block-heading\">Rapports pour la gestion du temps freelance avec employ\u00e9s<\/h3>\n\n\n\n<p>Au-del\u00e0 de la conformit\u00e9 avec les lois fran\u00e7aises, un enregistrement rigoureux des horaires de travail constitue <strong>un outil strat\u00e9gique pour \u00e9valuer et am\u00e9liorer la rentabilit\u00e9 d\u2019une activit\u00e9<\/strong>. <\/p>\n\n\n\n<p>Les logiciels de <a href=\"\/blog\/fr\/gestion-du-temps-travail\/\" target=\"_blank\" rel=\"noreferrer noopener\" data-wpel-link=\"internal\">gestion du temps<\/a> permettent de <strong>g\u00e9n\u00e9rer automatiquement des rapports d\u00e9taill\u00e9s<\/strong>. Cela facilite l\u2019analyse des donn\u00e9es cl\u00e9s telles que l\u2019absent\u00e9isme, la productivit\u00e9 ou les co\u00fbts salariaux. Ces informations, disponibles \u00e0 la fois au niveau individuel et collectif, offrent une base solide pour prendre des d\u00e9cisions \u00e9clair\u00e9es en mati\u00e8re de gestion du temps des ind\u00e9pendants et des ressources humaines.<\/p>\n\n\n\n<figure class=\"wp-block-image size-full\"><a href=\"\/fr\/logiciel-gestion-temps-de-travail\/\" data-wpel-link=\"internal\" target=\"_blank\"><img decoding=\"async\" width=\"1500\" height=\"1220\" src=\"https:\/\/www.bizneo.com\/blog\/wp-content\/uploads\/2021\/10\/rapport-gestion-temps-travail.webp\" alt=\"Rapport de Pointage \" class=\"wp-image-27515\" srcset=\"https:\/\/www.bizneo.com\/blog\/wp-content\/uploads\/2021\/10\/rapport-gestion-temps-travail.webp 1500w, https:\/\/www.bizneo.com\/blog\/wp-content\/uploads\/2021\/10\/rapport-gestion-temps-travail-300x244.webp 300w, https:\/\/www.bizneo.com\/blog\/wp-content\/uploads\/2021\/10\/rapport-gestion-temps-travail-1024x833.webp 1024w, https:\/\/www.bizneo.com\/blog\/wp-content\/uploads\/2021\/10\/rapport-gestion-temps-travail-768x625.webp 768w, https:\/\/www.bizneo.com\/blog\/wp-content\/uploads\/2021\/10\/rapport-gestion-temps-travail-810x659.webp 810w, https:\/\/www.bizneo.com\/blog\/wp-content\/uploads\/2021\/10\/rapport-gestion-temps-travail-1140x927.webp 1140w\" sizes=\"(max-width: 1500px) 100vw, 1500px\" \/><\/a><\/figure>\n\n\n\n<p>Gr\u00e2ce \u00e0 ces outils, les ind\u00e9pendants employeurs peuvent <strong>optimiser la planification des t\u00e2ches<\/strong>, mieux r\u00e9partir les charges de travail et identifier les opportunit\u00e9s d\u2019am\u00e9lioration dans l\u2019organisation de leur entreprise. L\u2019enregistrement horaire devient ainsi un levier non seulement l\u00e9gal, mais \u00e9galement strat\u00e9gique pour renforcer l\u2019efficacit\u00e9 et la rentabilit\u00e9 de leur activit\u00e9.<\/p>\n\n\n\n<figure class=\"wp-block-image size-large\"><a href=\"https:\/\/www.bizneo.com\/fr\/logiciel-gestion-temps-de-travail\/\" data-wpel-link=\"internal\" target=\"_blank\"><img decoding=\"async\" width=\"1024\" height=\"307\" src=\"https:\/\/www.bizneo.com\/blog\/wp-content\/uploads\/2021\/08\/Logiciel-de-Gestion-des-Temps-de-Travail-1-1024x307.jpg\" alt=\"Logiciel GTA gestion du temps de travail et des activit\u00e9s\" class=\"wp-image-25105\" srcset=\"https:\/\/www.bizneo.com\/blog\/wp-content\/uploads\/2021\/08\/Logiciel-de-Gestion-des-Temps-de-Travail-1-1024x307.jpg 1024w, https:\/\/www.bizneo.com\/blog\/wp-content\/uploads\/2021\/08\/Logiciel-de-Gestion-des-Temps-de-Travail-1-300x90.jpg 300w, https:\/\/www.bizneo.com\/blog\/wp-content\/uploads\/2021\/08\/Logiciel-de-Gestion-des-Temps-de-Travail-1-768x230.jpg 768w, https:\/\/www.bizneo.com\/blog\/wp-content\/uploads\/2021\/08\/Logiciel-de-Gestion-des-Temps-de-Travail-1-810x243.jpg 810w, https:\/\/www.bizneo.com\/blog\/wp-content\/uploads\/2021\/08\/Logiciel-de-Gestion-des-Temps-de-Travail-1-1140x342.jpg 1140w, https:\/\/www.bizneo.com\/blog\/wp-content\/uploads\/2021\/08\/Logiciel-de-Gestion-des-Temps-de-Travail-1.jpg 1360w\" sizes=\"(max-width: 1024px) 100vw, 1024px\" \/><\/a><\/figure>\n","protected":false},"excerpt":{"rendered":"<p>Si vous \u00eates un travailleur ind\u00e9pendant, vous vous demandez peut-\u00eatre s&#8217;il est n\u00e9cessaire de tenir un registre des heures de travail de votre journ\u00e9e de travail. Dans cet article, nous passons en revue la l\u00e9gislation relative \u00e0 la comptabilisation du temps de travail afin de r\u00e9pondre \u00e0 cette question fr\u00e9quente.<\/p>\n","protected":false},"author":37,"featured_media":49331,"comment_status":"open","ping_status":"open","sticky":false,"template":"","format":"standard","meta":{"_uag_custom_page_level_css":"","site-sidebar-layout":"default","site-content-layout":"","ast-site-content-layout":"default","site-content-style":"default","site-sidebar-style":"default","ast-global-header-display":"","ast-banner-title-visibility":"","ast-main-header-display":"","ast-hfb-above-header-display":"","ast-hfb-below-header-display":"","ast-hfb-mobile-header-display":"","site-post-title":"","ast-breadcrumbs-content":"","ast-featured-img":"","footer-sml-layout":"","ast-disable-related-posts":"","theme-transparent-header-meta":"","adv-header-id-meta":"","stick-header-meta":"","header-above-stick-meta":"","header-main-stick-meta":"","header-below-stick-meta":"","astra-migrate-meta-layouts":"default","ast-page-background-enabled":"default","ast-page-background-meta":{"desktop":{"background-color":"var(--ast-global-color-5)","background-image":"","background-repeat":"repeat","background-position":"center center","background-size":"auto","background-attachment":"scroll","background-type":"","background-media":"","overlay-type":"","overlay-color":"","overlay-opacity":"","overlay-gradient":""},"tablet":{"background-color":"","background-image":"","background-repeat":"repeat","background-position":"center center","background-size":"auto","background-attachment":"scroll","background-type":"","background-media":"","overlay-type":"","overlay-color":"","overlay-opacity":"","overlay-gradient":""},"mobile":{"background-color":"","background-image":"","background-repeat":"repeat","background-position":"center center","background-size":"auto","background-attachment":"scroll","background-type":"","background-media":"","overlay-type":"","overlay-color":"","overlay-opacity":"","overlay-gradient":""}},"ast-content-background-meta":{"desktop":{"background-color":"var(--ast-global-color-4)","background-image":"","background-repeat":"repeat","background-position":"center center","background-size":"auto","background-attachment":"scroll","background-type":"","background-media":"","overlay-type":"","overlay-color":"","overlay-opacity":"","overlay-gradient":""},"tablet":{"background-color":"var(--ast-global-color-4)","background-image":"","background-repeat":"repeat","background-position":"center center","background-size":"auto","background-attachment":"scroll","background-type":"","background-media":"","overlay-type":"","overlay-color":"","overlay-opacity":"","overlay-gradient":""},"mobile":{"background-color":"var(--ast-global-color-4)","background-image":"","background-repeat":"repeat","background-position":"center center","background-size":"auto","background-attachment":"scroll","background-type":"","background-media":"","overlay-type":"","overlay-color":"","overlay-opacity":"","overlay-gradient":""}},"footnotes":""},"categories":[320],"tags":[],"class_list":["post-51751","post","type-post","status-publish","format-standard","has-post-thumbnail","hentry","category-suivi-du-temps-de-travail"],"yoast_head":"<!-- This site is optimized with the Yoast SEO plugin v27.5 - https:\/\/yoast.com\/product\/yoast-seo-wordpress\/ -->\n<title>Gestion du temps freelance : est-ce obligatoire ?<\/title>\n<meta name=\"description\" content=\"La gestion du temps freelance est-elle obligatoire ? Dans cet article, nous vous proposons une r\u00e9ponse d\u00e9finitive.\" \/>\n<meta name=\"robots\" content=\"index, follow, max-snippet:-1, max-image-preview:large, max-video-preview:-1\" \/>\n<meta property=\"og:locale\" content=\"es_ES\" \/>\n<meta property=\"og:type\" content=\"article\" \/>\n<meta property=\"og:title\" content=\"Gestion du temps freelance : est-ce obligatoire ?\" \/>\n<meta property=\"og:description\" content=\"La gestion du temps freelance est-elle obligatoire ? Dans cet article, nous vous proposons une r\u00e9ponse d\u00e9finitive.\" \/>\n<meta property=\"og:url\" content=\"https:\/\/www.bizneo.com\/blog\/fr\/gestion-du-temps-freelance\/\" \/>\n<meta property=\"og:site_name\" content=\"Blog de Recursos Humanos de Bizneo HR: pr\u00e1ctico y actual\" \/>\n<meta property=\"article:published_time\" content=\"2025-06-06T10:53:18+00:00\" \/>\n<meta property=\"article:modified_time\" content=\"2026-01-26T15:48:57+00:00\" \/>\n<meta property=\"og:image\" content=\"https:\/\/www.bizneo.com\/blog\/wp-content\/uploads\/2024\/08\/Registro-horario-autonomos.jpg\" \/>\n\t<meta property=\"og:image:width\" content=\"1080\" \/>\n\t<meta property=\"og:image:height\" content=\"607\" \/>\n\t<meta property=\"og:image:type\" content=\"image\/jpeg\" \/>\n<meta name=\"author\" content=\"Frederic\" \/>\n<meta name=\"twitter:card\" content=\"summary_large_image\" \/>\n<meta name=\"twitter:label1\" content=\"Escrito por\" \/>\n\t<meta name=\"twitter:data1\" content=\"Frederic\" \/>\n\t<meta name=\"twitter:label2\" content=\"Tiempo de lectura\" \/>\n\t<meta name=\"twitter:data2\" content=\"105 minutos\" \/>\n<script type=\"application\/ld+json\" class=\"yoast-schema-graph\">{\"@context\":\"https:\\\/\\\/schema.org\",\"@graph\":[{\"@type\":[\"Article\",\"BlogPosting\"],\"@id\":\"https:\\\/\\\/www.bizneo.com\\\/blog\\\/fr\\\/gestion-du-temps-freelance\\\/#article\",\"isPartOf\":{\"@id\":\"https:\\\/\\\/www.bizneo.com\\\/blog\\\/fr\\\/gestion-du-temps-freelance\\\/\"},\"author\":{\"name\":\"Frederic\",\"@id\":\"https:\\\/\\\/www.bizneo.com\\\/blog\\\/#\\\/schema\\\/person\\\/c54a399718abb92cd32efffb5977118a\"},\"headline\":\"Le gestion du temps freelance est-elle obligatoire pour les ind\u00e9pendants ?\",\"datePublished\":\"2025-06-06T10:53:18+00:00\",\"dateModified\":\"2026-01-26T15:48:57+00:00\",\"mainEntityOfPage\":{\"@id\":\"https:\\\/\\\/www.bizneo.com\\\/blog\\\/fr\\\/gestion-du-temps-freelance\\\/\"},\"wordCount\":2189,\"commentCount\":0,\"publisher\":{\"@id\":\"https:\\\/\\\/www.bizneo.com\\\/blog\\\/#organization\"},\"image\":{\"@id\":\"https:\\\/\\\/www.bizneo.com\\\/blog\\\/fr\\\/gestion-du-temps-freelance\\\/#primaryimage\"},\"thumbnailUrl\":\"https:\\\/\\\/www.bizneo.com\\\/blog\\\/wp-content\\\/uploads\\\/2024\\\/08\\\/Registro-horario-autonomos.jpg\",\"articleSection\":[\"Suivi du Temps de Travail\"],\"inLanguage\":\"es\",\"potentialAction\":[{\"@type\":\"CommentAction\",\"name\":\"Comment\",\"target\":[\"https:\\\/\\\/www.bizneo.com\\\/blog\\\/fr\\\/gestion-du-temps-freelance\\\/#respond\"]}]},{\"@type\":\"WebPage\",\"@id\":\"https:\\\/\\\/www.bizneo.com\\\/blog\\\/fr\\\/gestion-du-temps-freelance\\\/\",\"url\":\"https:\\\/\\\/www.bizneo.com\\\/blog\\\/fr\\\/gestion-du-temps-freelance\\\/\",\"name\":\"Gestion du temps freelance : est-ce obligatoire ?\",\"isPartOf\":{\"@id\":\"https:\\\/\\\/www.bizneo.com\\\/blog\\\/#website\"},\"primaryImageOfPage\":{\"@id\":\"https:\\\/\\\/www.bizneo.com\\\/blog\\\/fr\\\/gestion-du-temps-freelance\\\/#primaryimage\"},\"image\":{\"@id\":\"https:\\\/\\\/www.bizneo.com\\\/blog\\\/fr\\\/gestion-du-temps-freelance\\\/#primaryimage\"},\"thumbnailUrl\":\"https:\\\/\\\/www.bizneo.com\\\/blog\\\/wp-content\\\/uploads\\\/2024\\\/08\\\/Registro-horario-autonomos.jpg\",\"datePublished\":\"2025-06-06T10:53:18+00:00\",\"dateModified\":\"2026-01-26T15:48:57+00:00\",\"description\":\"La gestion du temps freelance est-elle obligatoire ? Dans cet article, nous vous proposons une r\u00e9ponse d\u00e9finitive.\",\"breadcrumb\":{\"@id\":\"https:\\\/\\\/www.bizneo.com\\\/blog\\\/fr\\\/gestion-du-temps-freelance\\\/#breadcrumb\"},\"inLanguage\":\"es\",\"potentialAction\":[{\"@type\":\"ReadAction\",\"target\":[\"https:\\\/\\\/www.bizneo.com\\\/blog\\\/fr\\\/gestion-du-temps-freelance\\\/\"]}]},{\"@type\":\"ImageObject\",\"inLanguage\":\"es\",\"@id\":\"https:\\\/\\\/www.bizneo.com\\\/blog\\\/fr\\\/gestion-du-temps-freelance\\\/#primaryimage\",\"url\":\"https:\\\/\\\/www.bizneo.com\\\/blog\\\/wp-content\\\/uploads\\\/2024\\\/08\\\/Registro-horario-autonomos.jpg\",\"contentUrl\":\"https:\\\/\\\/www.bizneo.com\\\/blog\\\/wp-content\\\/uploads\\\/2024\\\/08\\\/Registro-horario-autonomos.jpg\",\"width\":1080,\"height\":607,\"caption\":\"Registro horario en aut\u00f3nomos\"},{\"@type\":\"BreadcrumbList\",\"@id\":\"https:\\\/\\\/www.bizneo.com\\\/blog\\\/fr\\\/gestion-du-temps-freelance\\\/#breadcrumb\",\"itemListElement\":[{\"@type\":\"ListItem\",\"position\":1,\"name\":\"Portada\",\"item\":\"https:\\\/\\\/www.bizneo.com\\\/blog\\\/\"},{\"@type\":\"ListItem\",\"position\":2,\"name\":\"Gestion du Temps de Travail\",\"item\":\"https:\\\/\\\/www.bizneo.com\\\/blog\\\/fr\\\/category\\\/gestion-du-temps-de-travail\\\/\"},{\"@type\":\"ListItem\",\"position\":3,\"name\":\"Suivi du Temps de Travail\",\"item\":\"https:\\\/\\\/www.bizneo.com\\\/blog\\\/fr\\\/category\\\/gestion-du-temps-de-travail\\\/suivi-du-temps-de-travail\\\/\"},{\"@type\":\"ListItem\",\"position\":4,\"name\":\"Le gestion du temps freelance est-elle obligatoire pour les ind\u00e9pendants ?\"}]},{\"@type\":\"WebSite\",\"@id\":\"https:\\\/\\\/www.bizneo.com\\\/blog\\\/#website\",\"url\":\"https:\\\/\\\/www.bizneo.com\\\/blog\\\/\",\"name\":\"Blog de Recursos Humanos de Bizneo HR: pr\u00e1ctico y actual\",\"description\":\"Todo sobre actualidad, herramientas y tecnolog\u00eda  para optimizar la gesti\u00f3n del talento humano\",\"publisher\":{\"@id\":\"https:\\\/\\\/www.bizneo.com\\\/blog\\\/#organization\"},\"potentialAction\":[{\"@type\":\"SearchAction\",\"target\":{\"@type\":\"EntryPoint\",\"urlTemplate\":\"https:\\\/\\\/www.bizneo.com\\\/blog\\\/?s={search_term_string}\"},\"query-input\":{\"@type\":\"PropertyValueSpecification\",\"valueRequired\":true,\"valueName\":\"search_term_string\"}}],\"inLanguage\":\"es\"},{\"@type\":\"Organization\",\"@id\":\"https:\\\/\\\/www.bizneo.com\\\/blog\\\/#organization\",\"name\":\"Bizneo HR\",\"url\":\"https:\\\/\\\/www.bizneo.com\\\/blog\\\/\",\"logo\":{\"@type\":\"ImageObject\",\"inLanguage\":\"es\",\"@id\":\"https:\\\/\\\/www.bizneo.com\\\/blog\\\/#\\\/schema\\\/logo\\\/image\\\/\",\"url\":\"https:\\\/\\\/www.bizneo.com\\\/blog\\\/wp-content\\\/uploads\\\/2020\\\/09\\\/Icono-Logo-Bizneo-HR.png\",\"contentUrl\":\"https:\\\/\\\/www.bizneo.com\\\/blog\\\/wp-content\\\/uploads\\\/2020\\\/09\\\/Icono-Logo-Bizneo-HR.png\",\"width\":834,\"height\":834,\"caption\":\"Bizneo HR\"},\"image\":{\"@id\":\"https:\\\/\\\/www.bizneo.com\\\/blog\\\/#\\\/schema\\\/logo\\\/image\\\/\"}},{\"@type\":\"Person\",\"@id\":\"https:\\\/\\\/www.bizneo.com\\\/blog\\\/#\\\/schema\\\/person\\\/c54a399718abb92cd32efffb5977118a\",\"name\":\"Frederic\",\"image\":{\"@type\":\"ImageObject\",\"inLanguage\":\"es\",\"@id\":\"https:\\\/\\\/secure.gravatar.com\\\/avatar\\\/566b48122abdbf3668ee93a4e72dc097f49820d5841e88c2eb000e8530457898?s=96&d=mm&r=g\",\"url\":\"https:\\\/\\\/secure.gravatar.com\\\/avatar\\\/566b48122abdbf3668ee93a4e72dc097f49820d5841e88c2eb000e8530457898?s=96&d=mm&r=g\",\"contentUrl\":\"https:\\\/\\\/secure.gravatar.com\\\/avatar\\\/566b48122abdbf3668ee93a4e72dc097f49820d5841e88c2eb000e8530457898?s=96&d=mm&r=g\",\"caption\":\"Frederic\"},\"url\":\"https:\\\/\\\/www.bizneo.com\\\/blog\\\/author\\\/frederic\\\/\"}]}<\/script>\n<!-- \/ Yoast SEO plugin. -->","yoast_head_json":{"title":"Gestion du temps freelance : est-ce obligatoire ?","description":"La gestion du temps freelance est-elle obligatoire ? Dans cet article, nous vous proposons une r\u00e9ponse d\u00e9finitive.","robots":{"index":"index","follow":"follow","max-snippet":"max-snippet:-1","max-image-preview":"max-image-preview:large","max-video-preview":"max-video-preview:-1"},"og_locale":"es_ES","og_type":"article","og_title":"Gestion du temps freelance : est-ce obligatoire ?","og_description":"La gestion du temps freelance est-elle obligatoire ? Dans cet article, nous vous proposons une r\u00e9ponse d\u00e9finitive.","og_url":"https:\/\/www.bizneo.com\/blog\/fr\/gestion-du-temps-freelance\/","og_site_name":"Blog de Recursos Humanos de Bizneo HR: pr\u00e1ctico y actual","article_published_time":"2025-06-06T10:53:18+00:00","article_modified_time":"2026-01-26T15:48:57+00:00","og_image":[{"width":1080,"height":607,"url":"https:\/\/www.bizneo.com\/blog\/wp-content\/uploads\/2024\/08\/Registro-horario-autonomos.jpg","type":"image\/jpeg"}],"author":"Frederic","twitter_card":"summary_large_image","twitter_misc":{"Escrito por":"Frederic","Tiempo de lectura":"105 minutos"},"schema":{"@context":"https:\/\/schema.org","@graph":[{"@type":["Article","BlogPosting"],"@id":"https:\/\/www.bizneo.com\/blog\/fr\/gestion-du-temps-freelance\/#article","isPartOf":{"@id":"https:\/\/www.bizneo.com\/blog\/fr\/gestion-du-temps-freelance\/"},"author":{"name":"Frederic","@id":"https:\/\/www.bizneo.com\/blog\/#\/schema\/person\/c54a399718abb92cd32efffb5977118a"},"headline":"Le gestion du temps freelance est-elle obligatoire pour les ind\u00e9pendants ?","datePublished":"2025-06-06T10:53:18+00:00","dateModified":"2026-01-26T15:48:57+00:00","mainEntityOfPage":{"@id":"https:\/\/www.bizneo.com\/blog\/fr\/gestion-du-temps-freelance\/"},"wordCount":2189,"commentCount":0,"publisher":{"@id":"https:\/\/www.bizneo.com\/blog\/#organization"},"image":{"@id":"https:\/\/www.bizneo.com\/blog\/fr\/gestion-du-temps-freelance\/#primaryimage"},"thumbnailUrl":"https:\/\/www.bizneo.com\/blog\/wp-content\/uploads\/2024\/08\/Registro-horario-autonomos.jpg","articleSection":["Suivi du Temps de Travail"],"inLanguage":"es","potentialAction":[{"@type":"CommentAction","name":"Comment","target":["https:\/\/www.bizneo.com\/blog\/fr\/gestion-du-temps-freelance\/#respond"]}]},{"@type":"WebPage","@id":"https:\/\/www.bizneo.com\/blog\/fr\/gestion-du-temps-freelance\/","url":"https:\/\/www.bizneo.com\/blog\/fr\/gestion-du-temps-freelance\/","name":"Gestion du temps freelance : est-ce obligatoire ?","isPartOf":{"@id":"https:\/\/www.bizneo.com\/blog\/#website"},"primaryImageOfPage":{"@id":"https:\/\/www.bizneo.com\/blog\/fr\/gestion-du-temps-freelance\/#primaryimage"},"image":{"@id":"https:\/\/www.bizneo.com\/blog\/fr\/gestion-du-temps-freelance\/#primaryimage"},"thumbnailUrl":"https:\/\/www.bizneo.com\/blog\/wp-content\/uploads\/2024\/08\/Registro-horario-autonomos.jpg","datePublished":"2025-06-06T10:53:18+00:00","dateModified":"2026-01-26T15:48:57+00:00","description":"La gestion du temps freelance est-elle obligatoire ? Dans cet article, nous vous proposons une r\u00e9ponse d\u00e9finitive.","breadcrumb":{"@id":"https:\/\/www.bizneo.com\/blog\/fr\/gestion-du-temps-freelance\/#breadcrumb"},"inLanguage":"es","potentialAction":[{"@type":"ReadAction","target":["https:\/\/www.bizneo.com\/blog\/fr\/gestion-du-temps-freelance\/"]}]},{"@type":"ImageObject","inLanguage":"es","@id":"https:\/\/www.bizneo.com\/blog\/fr\/gestion-du-temps-freelance\/#primaryimage","url":"https:\/\/www.bizneo.com\/blog\/wp-content\/uploads\/2024\/08\/Registro-horario-autonomos.jpg","contentUrl":"https:\/\/www.bizneo.com\/blog\/wp-content\/uploads\/2024\/08\/Registro-horario-autonomos.jpg","width":1080,"height":607,"caption":"Registro horario en aut\u00f3nomos"},{"@type":"BreadcrumbList","@id":"https:\/\/www.bizneo.com\/blog\/fr\/gestion-du-temps-freelance\/#breadcrumb","itemListElement":[{"@type":"ListItem","position":1,"name":"Portada","item":"https:\/\/www.bizneo.com\/blog\/"},{"@type":"ListItem","position":2,"name":"Gestion du Temps de Travail","item":"https:\/\/www.bizneo.com\/blog\/fr\/category\/gestion-du-temps-de-travail\/"},{"@type":"ListItem","position":3,"name":"Suivi du Temps de Travail","item":"https:\/\/www.bizneo.com\/blog\/fr\/category\/gestion-du-temps-de-travail\/suivi-du-temps-de-travail\/"},{"@type":"ListItem","position":4,"name":"Le gestion du temps freelance est-elle obligatoire pour les ind\u00e9pendants ?"}]},{"@type":"WebSite","@id":"https:\/\/www.bizneo.com\/blog\/#website","url":"https:\/\/www.bizneo.com\/blog\/","name":"Blog de Recursos Humanos de Bizneo HR: pr\u00e1ctico y actual","description":"Todo sobre actualidad, herramientas y tecnolog\u00eda  para optimizar la gesti\u00f3n del talento humano","publisher":{"@id":"https:\/\/www.bizneo.com\/blog\/#organization"},"potentialAction":[{"@type":"SearchAction","target":{"@type":"EntryPoint","urlTemplate":"https:\/\/www.bizneo.com\/blog\/?s={search_term_string}"},"query-input":{"@type":"PropertyValueSpecification","valueRequired":true,"valueName":"search_term_string"}}],"inLanguage":"es"},{"@type":"Organization","@id":"https:\/\/www.bizneo.com\/blog\/#organization","name":"Bizneo HR","url":"https:\/\/www.bizneo.com\/blog\/","logo":{"@type":"ImageObject","inLanguage":"es","@id":"https:\/\/www.bizneo.com\/blog\/#\/schema\/logo\/image\/","url":"https:\/\/www.bizneo.com\/blog\/wp-content\/uploads\/2020\/09\/Icono-Logo-Bizneo-HR.png","contentUrl":"https:\/\/www.bizneo.com\/blog\/wp-content\/uploads\/2020\/09\/Icono-Logo-Bizneo-HR.png","width":834,"height":834,"caption":"Bizneo HR"},"image":{"@id":"https:\/\/www.bizneo.com\/blog\/#\/schema\/logo\/image\/"}},{"@type":"Person","@id":"https:\/\/www.bizneo.com\/blog\/#\/schema\/person\/c54a399718abb92cd32efffb5977118a","name":"Frederic","image":{"@type":"ImageObject","inLanguage":"es","@id":"https:\/\/secure.gravatar.com\/avatar\/566b48122abdbf3668ee93a4e72dc097f49820d5841e88c2eb000e8530457898?s=96&d=mm&r=g","url":"https:\/\/secure.gravatar.com\/avatar\/566b48122abdbf3668ee93a4e72dc097f49820d5841e88c2eb000e8530457898?s=96&d=mm&r=g","contentUrl":"https:\/\/secure.gravatar.com\/avatar\/566b48122abdbf3668ee93a4e72dc097f49820d5841e88c2eb000e8530457898?s=96&d=mm&r=g","caption":"Frederic"},"url":"https:\/\/www.bizneo.com\/blog\/author\/frederic\/"}]}},"spectra_custom_meta":{"onesignal_meta_box_present":["1"],"onesignal_send_notification":["1"],"onesignal_modify_title_and_content":[""],"onesignal_notification_custom_heading":[null],"onesignal_notification_custom_content":[null],"wp_review_type":["none"],"Views":["72"],"_thumbnail_id":["49331"],"_yoast_wpseo_metadesc":["La gestion du temps freelance est-elle obligatoire ? Dans cet article, nous vous proposons une r\u00e9ponse d\u00e9finitive."],"_yoast_wpseo_focuskw":["gestion du temps freelance"],"_yoast_wpseo_primary_category":["320"],"_edit_lock":["1769442590:47"],"_edit_last":["47"],"_vce_meta":["a:4:{s:11:\"use_sidebar\";s:7:\"inherit\";s:7:\"sidebar\";s:7:\"inherit\";s:14:\"sticky_sidebar\";s:7:\"inherit\";s:6:\"layout\";s:7:\"inherit\";}"],"_yoast_wpseo_linkdex":["88"],"_yoast_wpseo_estimated-reading-time-minutes":["105"],"_yoast_wpseo_content_score":["60"],"_yoast_wpseo_title":["Gestion du temps freelance : est-ce obligatoire ?"],"_uag_css_file_name":["uag-css-51751.css"],"_uag_page_assets":["a:9:{s:3:\"css\";s:263:\".uag-blocks-common-selector{z-index:var(--z-index-desktop) !important}@media (max-width: 976px){.uag-blocks-common-selector{z-index:var(--z-index-tablet) !important}}@media (max-width: 767px){.uag-blocks-common-selector{z-index:var(--z-index-mobile) !important}}\n\";s:2:\"js\";s:0:\"\";s:18:\"current_block_list\";a:8:{i:0;s:14:\"core\/paragraph\";i:1;s:9:\"core\/list\";i:2;s:14:\"core\/list-item\";i:3;s:12:\"core\/heading\";i:4;s:10:\"core\/image\";i:5;s:9:\"core\/html\";i:6;s:12:\"core\/details\";i:7;s:14:\"core\/shortcode\";}s:8:\"uag_flag\";b:0;s:11:\"uag_version\";s:10:\"1777548730\";s:6:\"gfonts\";a:0:{}s:10:\"gfonts_url\";s:0:\"\";s:12:\"gfonts_files\";a:0:{}s:14:\"uag_faq_layout\";b:0;}"]},"uagb_featured_image_src":{"full":["https:\/\/www.bizneo.com\/blog\/wp-content\/uploads\/2024\/08\/Registro-horario-autonomos.jpg",1080,607,false],"thumbnail":["https:\/\/www.bizneo.com\/blog\/wp-content\/uploads\/2024\/08\/Registro-horario-autonomos-150x150.jpg",150,150,true],"medium":["https:\/\/www.bizneo.com\/blog\/wp-content\/uploads\/2024\/08\/Registro-horario-autonomos-300x169.jpg",300,169,true],"medium_large":["https:\/\/www.bizneo.com\/blog\/wp-content\/uploads\/2024\/08\/Registro-horario-autonomos-768x432.jpg",768,432,true],"large":["https:\/\/www.bizneo.com\/blog\/wp-content\/uploads\/2024\/08\/Registro-horario-autonomos-1024x576.jpg",1024,576,true],"1536x1536":["https:\/\/www.bizneo.com\/blog\/wp-content\/uploads\/2024\/08\/Registro-horario-autonomos.jpg",1080,607,false],"2048x2048":["https:\/\/www.bizneo.com\/blog\/wp-content\/uploads\/2024\/08\/Registro-horario-autonomos.jpg",1080,607,false]},"uagb_author_info":{"display_name":"Frederic","author_link":"https:\/\/www.bizneo.com\/blog\/author\/frederic\/"},"uagb_comment_info":0,"uagb_excerpt":"Si vous \u00eates un travailleur ind\u00e9pendant, vous vous demandez peut-\u00eatre s'il est n\u00e9cessaire de tenir un registre des heures de travail de votre journ\u00e9e de travail. Dans cet article, nous passons en revue la l\u00e9gislation relative \u00e0 la comptabilisation du temps de travail afin de r\u00e9pondre \u00e0 cette question fr\u00e9quente.","_links":{"self":[{"href":"https:\/\/www.bizneo.com\/blog\/wp-json\/wp\/v2\/posts\/51751","targetHints":{"allow":["GET"]}}],"collection":[{"href":"https:\/\/www.bizneo.com\/blog\/wp-json\/wp\/v2\/posts"}],"about":[{"href":"https:\/\/www.bizneo.com\/blog\/wp-json\/wp\/v2\/types\/post"}],"author":[{"embeddable":true,"href":"https:\/\/www.bizneo.com\/blog\/wp-json\/wp\/v2\/users\/37"}],"replies":[{"embeddable":true,"href":"https:\/\/www.bizneo.com\/blog\/wp-json\/wp\/v2\/comments?post=51751"}],"version-history":[{"count":10,"href":"https:\/\/www.bizneo.com\/blog\/wp-json\/wp\/v2\/posts\/51751\/revisions"}],"predecessor-version":[{"id":58132,"href":"https:\/\/www.bizneo.com\/blog\/wp-json\/wp\/v2\/posts\/51751\/revisions\/58132"}],"wp:featuredmedia":[{"embeddable":true,"href":"https:\/\/www.bizneo.com\/blog\/wp-json\/wp\/v2\/media\/49331"}],"wp:attachment":[{"href":"https:\/\/www.bizneo.com\/blog\/wp-json\/wp\/v2\/media?parent=51751"}],"wp:term":[{"taxonomy":"category","embeddable":true,"href":"https:\/\/www.bizneo.com\/blog\/wp-json\/wp\/v2\/categories?post=51751"},{"taxonomy":"post_tag","embeddable":true,"href":"https:\/\/www.bizneo.com\/blog\/wp-json\/wp\/v2\/tags?post=51751"}],"curies":[{"name":"wp","href":"https:\/\/api.w.org\/{rel}","templated":true}]}}