{"id":51157,"date":"2025-02-20T14:52:19","date_gmt":"2025-02-20T13:52:19","guid":{"rendered":"https:\/\/www.bizneo.com\/blog\/?p=51157"},"modified":"2026-01-26T22:51:22","modified_gmt":"2026-01-26T21:51:22","slug":"types-horaire-de-travail","status":"publish","type":"post","link":"https:\/\/www.bizneo.com\/blog\/fr\/types-horaire-de-travail\/","title":{"rendered":"9 types d\u2019horaires de travail"},"content":{"rendered":"\n<p>Les entreprises doivent avoir une connaissance pr\u00e9cise des diff\u00e9rents r\u00e9gimes de travail existants avant d&#8217;\u00e9tablir les horaires de leurs employ\u00e9s. <strong>Chaque type d&#8217;horaire de travail pr\u00e9sente des particularit\u00e9s propres<\/strong>.<\/p>\n\n\n\n<p>Bien que le contrat \u00e0 temps plein, g\u00e9n\u00e9ralement fix\u00e9 \u00e0 35 heures par semaine, demeure la norme,<strong> les contrats \u00e0 temps partiel sont de plus en plus courants<\/strong>. Comprendre les divers modes d&#8217;organisation du travail est une \u00e9tape essentielle pour optimiser la <a href=\"https:\/\/www.bizneo.com\/blog\/fr\/gestion-du-temps-travail\/\" data-wpel-link=\"internal\" target=\"_blank\">gestion du temps<\/a> des ressources humaines et assurer le bien-\u00eatre des salari\u00e9s.<\/p>\n\n\n\n<h2 class=\"wp-block-heading\">Qu&#8217;est-ce que l&#8217;horaire de travail ?<\/h2>\n\n\n\n<p>L&#8217;horaire de travail correspond au <strong>temps qu\u2019un salari\u00e9 consacre \u00e0 accomplir les t\u00e2ches pour lesquelles il a \u00e9t\u00e9 embauch\u00e9<\/strong>. En France, la limitation de la dur\u00e9e quotidienne du travail \u00e0 huit heures a \u00e9t\u00e9 introduite d\u00e8s 1919, marquant une \u00e9tape importante dans l\u2019histoire des droits des travailleurs.<\/p>\n\n\n\n<p>Depuis, diff\u00e9rents types d\u2019organisation du temps de travail ont vu le jour, en fonction de la dur\u00e9e et de la r\u00e9partition des heures dans la journ\u00e9e. En droit fran\u00e7ais,<strong> la dur\u00e9e l\u00e9gale de travail est d\u00e9finie par l&#8217;article L3121-27 du Code du travail<\/strong>, qui fixe la dur\u00e9e hebdomadaire \u00e0 35 heures pour un emploi \u00e0 temps plein, avec des dispositions sp\u00e9cifiques concernant les heures suppl\u00e9mentaires et les exceptions.<\/p>\n\n\n\n<p>Aujourd&#8217;hui, de nombreuses discussions portent sur<strong> l\u2019introduction de la semaine de travail de quatre jours<\/strong>. Certaines entreprises exp\u00e9rimentent ce mod\u00e8le pour \u00e9valuer son impact sur la productivit\u00e9, le bien-\u00eatre des salari\u00e9s et la dynamique interne.<\/p>\n\n\n\n<p>Voici les principales configurations test\u00e9es :<\/p>\n\n\n\n<ul class=\"wp-block-list\">\n<li><strong>4&#215;10 :<\/strong> journ\u00e9es de 10 heures, avec un jour travaill\u00e9 en moins.<\/li>\n\n\n\n<li><strong>4&#215;8 ou 4&#215;9 : <\/strong>journ\u00e9es et heures hebdomadaires r\u00e9duites.<\/li>\n<\/ul>\n\n\n\n<p>Ces nouveaux mod\u00e8les soul\u00e8vent plusieurs interrogations :<\/p>\n\n\n\n<ul class=\"wp-block-list\">\n<li>Quels sont <strong>les impacts sur les droits des salari\u00e9s<\/strong>, notamment en termes de repos et d&#8217;\u00e9quilibre vie professionnelle\/vie personnelle ?<\/li>\n\n\n\n<li>Comment influencent-ils <strong>l&#8217;organisation interne<\/strong> et la culture d&#8217;entreprise ?<\/li>\n\n\n\n<li>Quelles <strong>pr\u00e9cautions <\/strong>prendre pour \u00e9viter les erreurs dans la planification des \u00e9quipes et des horaires ?<\/li>\n<\/ul>\n\n\n\n<figure class=\"wp-block-image size-large\"><a href=\"https:\/\/hello.bizneo.com\/kit\/gestion-du-temps\/?utm_content=post-KIT-Tiempo\" data-wpel-link=\"internal\" target=\"_blank\"><img decoding=\"async\" width=\"1024\" height=\"307\" src=\"https:\/\/www.bizneo.com\/blog\/wp-content\/uploads\/2025\/01\/KIT-Temps-1024x307.png\" alt=\"Kit gestion du temps\" class=\"wp-image-52109\" srcset=\"https:\/\/www.bizneo.com\/blog\/wp-content\/uploads\/2025\/01\/KIT-Temps-1024x307.png 1024w, https:\/\/www.bizneo.com\/blog\/wp-content\/uploads\/2025\/01\/KIT-Temps-300x90.png 300w, https:\/\/www.bizneo.com\/blog\/wp-content\/uploads\/2025\/01\/KIT-Temps-768x230.png 768w, https:\/\/www.bizneo.com\/blog\/wp-content\/uploads\/2025\/01\/KIT-Temps-810x243.png 810w, https:\/\/www.bizneo.com\/blog\/wp-content\/uploads\/2025\/01\/KIT-Temps-1140x342.png 1140w, https:\/\/www.bizneo.com\/blog\/wp-content\/uploads\/2025\/01\/KIT-Temps.png 1360w\" sizes=\"(max-width: 1024px) 100vw, 1024px\" \/><\/a><\/figure>\n\n\n\n<h2 class=\"wp-block-heading\">Les 9 types de journ\u00e9es de travail en France<\/h2>\n\n\n\n<p>Les journ\u00e9es de travail en France se distinguent par le nombre de jours travaill\u00e9s, la dur\u00e9e des heures et leur r\u00e9partition. Voici les principales cat\u00e9gories :<\/p>\n\n\n\n<h3 class=\"wp-block-heading\">1. L&#8217;horaire de travail complet<\/h3>\n\n\n\n<p>Ce type d\u2019horaire est le plus r\u00e9pandu et correspond \u00e0 une semaine de <strong>35 heures pour un emploi \u00e0 temps plein<\/strong>, g\u00e9n\u00e9ralement r\u00e9parties en <strong>7 heures par jour<\/strong>. Toutefois, certaines entreprises appliquent une annualisation du temps de travail, permettant de moduler les horaires sur l&#8217;ann\u00e9e, \u00e0 condition de respecter les limites l\u00e9gales fix\u00e9es par la convention collective ou l\u2019accord d\u2019entreprise.<\/p>\n\n\n\n<p>Dans ce cadre, <strong>une pause d\u2019au moins 20 minutes<\/strong> est obligatoire d\u00e8s que l&#8217;horaire de travail atteint 6 heures cons\u00e9cutives. En principe, il est interdit de travailler plus de 10 heures par jour, sauf d\u00e9rogations sp\u00e9cifiques.<\/p>\n\n\n\n<div id=\"cbox-scg1WDLnL1oYABGY\"><\/div>\n\n\n\n<p><\/p>\n\n\n\n<h3 class=\"wp-block-heading\">2. L\u2019horaire de travail \u00e0 temps partiel<\/h3>\n\n\n\n<p>Le<strong> contrat \u00e0 temps partiel<\/strong> pr\u00e9voit un nombre d\u2019heures hebdomadaires inf\u00e9rieur \u00e0 la dur\u00e9e l\u00e9gale (35 heures), fix\u00e9 dans le contrat de travail.<strong> La dur\u00e9e minimale de travail est de 24 heures par semaine<\/strong>, sauf cas particuliers (\u00e9tudiants, demande explicite du salari\u00e9). Les heures compl\u00e9mentaires sont encadr\u00e9es et r\u00e9mun\u00e9r\u00e9es avec une majoration.<\/p>\n\n\n\n<figure class=\"wp-block-image size-full\"><a href=\"\/fr\/logiciel-planning\/\" data-wpel-link=\"internal\" target=\"_blank\"><img decoding=\"async\" width=\"1500\" height=\"1054\" src=\"https:\/\/www.bizneo.com\/blog\/wp-content\/uploads\/2024\/02\/logiciel-horaire-de-travail.webp\" alt=\"configuration des \u00e9quipes et des horaires\" class=\"wp-image-45258\" srcset=\"https:\/\/www.bizneo.com\/blog\/wp-content\/uploads\/2024\/02\/logiciel-horaire-de-travail.webp 1500w, https:\/\/www.bizneo.com\/blog\/wp-content\/uploads\/2024\/02\/logiciel-horaire-de-travail-300x211.webp 300w, https:\/\/www.bizneo.com\/blog\/wp-content\/uploads\/2024\/02\/logiciel-horaire-de-travail-1024x720.webp 1024w, https:\/\/www.bizneo.com\/blog\/wp-content\/uploads\/2024\/02\/logiciel-horaire-de-travail-768x540.webp 768w, https:\/\/www.bizneo.com\/blog\/wp-content\/uploads\/2024\/02\/logiciel-horaire-de-travail-810x569.webp 810w, https:\/\/www.bizneo.com\/blog\/wp-content\/uploads\/2024\/02\/logiciel-horaire-de-travail-1140x801.webp 1140w\" sizes=\"(max-width: 1500px) 100vw, 1500px\" \/><\/a><\/figure>\n\n\n\n<p>Un <a href=\"\/fr\/logiciel-planning\/\" target=\"_blank\" rel=\"noreferrer noopener\" data-wpel-link=\"internal\">logiciel de gestion des plannings<\/a> peut <strong>optimiser la r\u00e9partition des heures <\/strong>et \u00e9viter les chevauchements d&#8217;horaires. <strong>Tout cela \u00e0 partir d&#8217;un seul tableau<\/strong> afin d&#8217;\u00e9viter les chevauchements et les absences impr\u00e9vues (il y a toujours quelqu&#8217;un dans une \u00e9quipe malgr\u00e9 les maladies et les cong\u00e9s), et il est m\u00eame possible d&#8217;analyser quels travailleurs \u00e9taient pr\u00e9sents dans l&#8217;\u00e9quipe dont la productivit\u00e9 est la plus \u00e9lev\u00e9e.<\/p>\n\n\n\n<figure class=\"wp-block-image size-large\"><a href=\"https:\/\/www.bizneo.com\/fr\/logiciel-planning\/\" target=\"_blank\" rel=\"noopener\" data-wpel-link=\"internal\"><img decoding=\"async\" width=\"1024\" height=\"154\" src=\"https:\/\/www.bizneo.com\/blog\/wp-content\/uploads\/2021\/08\/banner-medio-plannings-1024x154.jpg\" alt=\"logiciel de planning de travail\" class=\"wp-image-25130\" srcset=\"https:\/\/www.bizneo.com\/blog\/wp-content\/uploads\/2021\/08\/banner-medio-plannings-1024x154.jpg 1024w, https:\/\/www.bizneo.com\/blog\/wp-content\/uploads\/2021\/08\/banner-medio-plannings-300x45.jpg 300w, https:\/\/www.bizneo.com\/blog\/wp-content\/uploads\/2021\/08\/banner-medio-plannings-768x115.jpg 768w, https:\/\/www.bizneo.com\/blog\/wp-content\/uploads\/2021\/08\/banner-medio-plannings-810x122.jpg 810w, https:\/\/www.bizneo.com\/blog\/wp-content\/uploads\/2021\/08\/banner-medio-plannings-1140x171.jpg 1140w, https:\/\/www.bizneo.com\/blog\/wp-content\/uploads\/2021\/08\/banner-medio-plannings.jpg 1360w\" sizes=\"(max-width: 1024px) 100vw, 1024px\" \/><\/a><\/figure>\n\n\n\n<h3 class=\"wp-block-heading\">3. Travail \u00e0 temps partiel modul\u00e9<\/h3>\n\n\n\n<p>Dans ce mod\u00e8le, le salari\u00e9 travaille <strong>un nombre d\u2019heures d\u00e9fini de fa\u00e7on variable<\/strong> selon les jours ou les semaines, sans d\u00e9passer la limite contractuelle. Ce syst\u00e8me est adapt\u00e9 aux variations d\u2019activit\u00e9 dans les secteurs saisonniers ou avec des pics d\u2019activit\u00e9.<\/p>\n\n\n\n<h3 class=\"wp-block-heading\">4. L\u2019horaire de travail r\u00e9duit pour raisons sp\u00e9cifiques<\/h3>\n\n\n\n<p>Ce r\u00e9gime concerne certains salari\u00e9s, par exemple ceux occupant<strong> des postes dangereux <\/strong>(industrie chimique, travaux en hauteur, etc.) <strong>ou en situation particuli\u00e8re<\/strong> (allaitement, pr\u00e9sence parentale, handicap). Des am\u00e9nagements d\u2019horaires sont pr\u00e9vus pour prot\u00e9ger la sant\u00e9 des travailleurs.<\/p>\n\n\n\n<h3 class=\"wp-block-heading\">5. Horaires de travail fractionn\u00e9s<\/h3>\n\n\n\n<p>Ce mod\u00e8le concerne surtout les <strong>salari\u00e9s \u00e0 temps plein avec des interruptions importantes <\/strong>dans leur journ\u00e9e de travail (plus d\u2019une heure). Il est fr\u00e9quent dans les m\u00e9tiers n\u00e9cessitant une disponibilit\u00e9 \u00e0 des heures pr\u00e9cises, comme les transports ou la restauration.<\/p>\n\n\n\n<h3 class=\"wp-block-heading\">6. Temps de travail continu<\/h3>\n\n\n\n<p>La journ\u00e9e continue est <strong>une journ\u00e9e sans interruption prolong\u00e9e<\/strong>, sauf une courte pause obligatoire de 20 \u00e0 30 minutes. C\u2019est un mod\u00e8le courant dans les entreprises favorisant une organisation compacte de l&#8217;horaire de travail.<\/p>\n\n\n\n<h3 class=\"wp-block-heading\">7. Travail le week-end ou les jours f\u00e9ri\u00e9s<\/h3>\n\n\n\n<p>Ce mod\u00e8le concerne les salari\u00e9s dont <strong>l\u2019activit\u00e9 principale se concentre sur les week-ends<\/strong> ou les jours f\u00e9ri\u00e9s. Il est courant dans la grande distribution, l\u2019h\u00f4tellerie-restauration ou les \u00e9v\u00e9nements. Des majorations de salaire sont souvent pr\u00e9vues pour ces jours sp\u00e9cifiques.<\/p>\n\n\n\n<h3 class=\"wp-block-heading\">8. Travail de nuit<\/h3>\n\n\n\n<p>Le travail de nuit, d\u00e9fini comme le travail effectu\u00e9 <strong>entre 21 h et 6 h<\/strong> (22 h \u00e0 7 h dans certains cas), donne lieu \u00e0 des r\u00e8gles sp\u00e9cifiques :<\/p>\n\n\n\n<ul class=\"wp-block-list\">\n<li>Une <strong>dur\u00e9e maximale de 8 heures<\/strong> cons\u00e9cutives.<\/li>\n\n\n\n<li>Un repos compensateur ou une r\u00e9mun\u00e9ration major\u00e9e.<\/li>\n\n\n\n<li>Un suivi m\u00e9dical r\u00e9gulier et gratuit.<br>Les heures suppl\u00e9mentaires de nuit sont strictement encadr\u00e9es, sauf en cas d&#8217;urgence.<\/li>\n<\/ul>\n\n\n\n<bzn-info><a href=\"\/blog\/fr\/planning-de-travail\/\" id=\"destacado-post\" target=\"_blank\" rel=\"noopener\" data-wpel-link=\"internal\"><span class=\"bzn-link-title\"><strong>Tout sur le planning de travail<\/strong><\/span> <br>Types et optimisation<\/br><\/a><\/bzn-info>\n\n\n\n<p><\/p>\n\n\n\n<h3 class=\"wp-block-heading\">9. Travail post\u00e9<\/h3>\n\n\n\n<p>Ce r\u00e9gime concerne <strong>les entreprises fonctionnant en continu<\/strong> (industries, services d\u2019urgence, etc.). Les employ\u00e9s alternent entre diff\u00e9rents cr\u00e9neaux (matin, apr\u00e8s-midi, nuit) selon un planning rotatif. Les postes de nuit sont limit\u00e9s \u00e0<strong> deux semaines cons\u00e9cutives<\/strong>, sauf d\u00e9rogation.<\/p>\n\n\n\n<p>Des outils de gestion des plannings permettent d\u2019organiser ces rotations et d\u2019\u00e9viter les conflits entre salari\u00e9s.<\/p>\n\n\n\n<figure class=\"wp-block-image size-large\"><a href=\"\/fr\/logiciel-planning\/\" data-wpel-link=\"internal\" target=\"_blank\"><img decoding=\"async\" width=\"1024\" height=\"735\" src=\"https:\/\/www.bizneo.com\/blog\/wp-content\/uploads\/2024\/02\/planification-plannings-et-horaires-1024x735.webp\" alt=\"organisateur de plannings et horaires\" class=\"wp-image-44988\" srcset=\"https:\/\/www.bizneo.com\/blog\/wp-content\/uploads\/2024\/02\/planification-plannings-et-horaires-1024x735.webp 1024w, https:\/\/www.bizneo.com\/blog\/wp-content\/uploads\/2024\/02\/planification-plannings-et-horaires-300x215.webp 300w, https:\/\/www.bizneo.com\/blog\/wp-content\/uploads\/2024\/02\/planification-plannings-et-horaires-768x551.webp 768w, https:\/\/www.bizneo.com\/blog\/wp-content\/uploads\/2024\/02\/planification-plannings-et-horaires-810x581.webp 810w, https:\/\/www.bizneo.com\/blog\/wp-content\/uploads\/2024\/02\/planification-plannings-et-horaires-1140x818.webp 1140w, https:\/\/www.bizneo.com\/blog\/wp-content\/uploads\/2024\/02\/planification-plannings-et-horaires.webp 1500w\" sizes=\"(max-width: 1024px) 100vw, 1024px\" \/><\/a><\/figure>\n\n\n\n<p>Ces diff\u00e9rents types d\u2019horaires n\u00e9cessitent<strong> une planification rigoureuse <\/strong>et une prise en compte des contraintes l\u00e9gales pour garantir le respect des droits des travailleurs et une organisation efficace.<\/p>\n\n\n\n<p>Les outils modernes permettent <strong>d\u2019organiser les rotations \u00e0 l\u2019avance et de limiter les conflits d\u2019horaires entre coll\u00e8gues.<\/strong><\/p>\n\n\n\n<bzn-info><a href=\"\/blog\/fr\/planning-de-travail-rotatif\/\" id=\"destacado-post\" target=\"_blank\" rel=\"noopener noreferrer\" data-wpel-link=\"internal\"><span class=\"bzn-link-title\"><strong>Planning de travail rotatif : est-ce une bonne id\u00e9e ?<\/strong><\/span> <br>Types d&#8217;\u00e9quipes tournantes<\/br><\/a><\/bzn-info>\n\n\n\n<p><\/p>\n\n\n\n<h2 class=\"wp-block-heading\">Les pauses obligatoires et absences r\u00e9mun\u00e9r\u00e9es dans les diff\u00e9rents types d\u2019horaire de travail en France<\/h2>\n\n\n\n<p>Outre les horaires de travail, il convient \u00e9galement de pr\u00eater attention aux pauses obligatoires que tous les employ\u00e9s doivent prendre.<\/p>\n\n\n\n<h3 class=\"wp-block-heading\">Les pauses obligatoires selon le Code du travail<\/h3>\n\n\n\n<p>En France, les pauses et temps de repos sont encadr\u00e9s par des r\u00e8gles pr\u00e9cises :<\/p>\n\n\n\n<ol class=\"wp-block-list\">\n<li><strong>Repos hebdomadaire<\/strong>\n<ul class=\"wp-block-list\">\n<li>Chaque salari\u00e9 doit b\u00e9n\u00e9ficier d\u2019au moins <strong>24 heures cons\u00e9cutives de repos hebdomadaire<\/strong>, auxquelles s\u2019ajoutent les 11 heures de repos quotidien.<\/li>\n\n\n\n<li>En g\u00e9n\u00e9ral, le repos hebdomadaire est fix\u00e9 le dimanche, sauf d\u00e9rogations sp\u00e9cifiques pour certaines activit\u00e9s (commerce, restauration, h\u00f4pitaux, etc.).<\/li>\n<\/ul>\n<\/li>\n\n\n\n<li><strong>Repos entre deux journ\u00e9es de travail<\/strong>\n<ul class=\"wp-block-list\">\n<li>Une p\u00e9riode minimale de <strong>11 heures cons\u00e9cutives<\/strong> de repos est obligatoire entre deux journ\u00e9es de travail.<\/li>\n<\/ul>\n<\/li>\n\n\n\n<li><strong>Pause durant l&#8217;horaire de travail<\/strong>\n<ul class=\"wp-block-list\">\n<li>Une pause de <strong>20 minutes cons\u00e9cutives minimum<\/strong> est obligatoire apr\u00e8s <strong>6 heures cons\u00e9cutives de travail<\/strong>.<\/li>\n\n\n\n<li>Certaines conventions collectives ou accords d\u2019entreprise peuvent pr\u00e9voir des pauses plus longues ou des dispositions sp\u00e9cifiques.<\/li>\n<\/ul>\n<\/li>\n<\/ol>\n\n\n\n<div id=\"cbox-IuvA3aIgx1G8KmNN\"><\/div>\n\n\n\n<p><\/p>\n\n\n\n<h3 class=\"wp-block-heading\">Absences justifi\u00e9es avec maintien de salaire<\/h3>\n\n\n\n<p>Sous r\u00e9serve de fournir un justificatif et, dans certains cas, de respecter un pr\u00e9avis, les salari\u00e9s ont droit \u00e0 des absences r\u00e9mun\u00e9r\u00e9es pour des \u00e9v\u00e9nements personnels :<\/p>\n\n\n\n<ol class=\"wp-block-list\">\n<li><strong>Mariage ou PACS<\/strong>\n<ul class=\"wp-block-list\">\n<li><strong>4 jours ouvrables<\/strong> de cong\u00e9 pour le salari\u00e9 qui se marie ou conclut un PACS.<\/li>\n<\/ul>\n<\/li>\n\n\n\n<li><strong>Naissance ou adoption d\u2019un enfant<\/strong>\n<ul class=\"wp-block-list\">\n<li><strong>Cong\u00e9 de paternit\u00e9 et d\u2019accueil de l\u2019enfant<\/strong> : 28 jours, dont 7 jours obligatoires.<\/li>\n\n\n\n<li><strong>Cong\u00e9 de maternit\u00e9<\/strong> : 16 semaines minimum (6 semaines avant la naissance et 10 semaines apr\u00e8s).<\/li>\n<\/ul>\n<\/li>\n\n\n\n<li><strong>D\u00e9c\u00e8s d\u2019un proche<\/strong>\n<ul class=\"wp-block-list\">\n<li><strong>3 jours<\/strong> pour le d\u00e9c\u00e8s d\u2019un conjoint, partenaire de PACS, concubin, parent ou enfant.<\/li>\n\n\n\n<li><strong>1 jour<\/strong> pour le d\u00e9c\u00e8s d\u2019un grand-parent ou d\u2019un beau-parent.<\/li>\n\n\n\n<li>Certaines conventions collectives peuvent accorder des dur\u00e9es plus longues.<\/li>\n<\/ul>\n<\/li>\n\n\n\n<li><strong>D\u00e9m\u00e9nagement<\/strong>\n<ul class=\"wp-block-list\">\n<li>Aucun cong\u00e9 pour d\u00e9m\u00e9nagement n\u2019est pr\u00e9vu par la loi, mais certaines conventions collectives ou accords d\u2019entreprise accordent g\u00e9n\u00e9ralement <strong>1 jour ouvrable<\/strong>.<\/li>\n<\/ul>\n<\/li>\n<\/ol>\n\n\n\n<p>Ces dispositions garantissent un \u00e9quilibre entre la vie personnelle et professionnelle des salari\u00e9s tout en respectant leurs droits fondamentaux. Pour des cas sp\u00e9cifiques, il <strong>est conseill\u00e9 de consulter la convention collective applicable ou les accords d\u2019entreprise.<\/strong><\/p>\n\n\n\n<figure class=\"wp-block-image size-full\"><a href=\"\/fr\/logiciel-gestion-conges-absences\/\" data-wpel-link=\"internal\" target=\"_blank\"><img decoding=\"async\" width=\"1500\" height=\"1084\" src=\"https:\/\/www.bizneo.com\/blog\/wp-content\/uploads\/2021\/09\/Rapports-conges-absenteisme.webp\" alt=\"Contr\u00f4ler le taux d'absent\u00e9isme avec des rapports d\u00e9taill\u00e9s pour chaque secteur\" class=\"wp-image-25509\" srcset=\"https:\/\/www.bizneo.com\/blog\/wp-content\/uploads\/2021\/09\/Rapports-conges-absenteisme.webp 1500w, https:\/\/www.bizneo.com\/blog\/wp-content\/uploads\/2021\/09\/Rapports-conges-absenteisme-300x217.webp 300w, https:\/\/www.bizneo.com\/blog\/wp-content\/uploads\/2021\/09\/Rapports-conges-absenteisme-1024x740.webp 1024w, https:\/\/www.bizneo.com\/blog\/wp-content\/uploads\/2021\/09\/Rapports-conges-absenteisme-768x555.webp 768w, https:\/\/www.bizneo.com\/blog\/wp-content\/uploads\/2021\/09\/Rapports-conges-absenteisme-810x585.webp 810w, https:\/\/www.bizneo.com\/blog\/wp-content\/uploads\/2021\/09\/Rapports-conges-absenteisme-1140x824.webp 1140w\" sizes=\"(max-width: 1500px) 100vw, 1500px\" \/><\/a><\/figure>\n\n\n\n<h2 class=\"wp-block-heading\">Comment automatiser la gestion des horaires de travail ?<\/h2>\n\n\n\n<p>Avec des outils comme <strong>Bizneo HR<\/strong>, il est possible de g\u00e9rer les horaires et les absences en conformit\u00e9 avec les r\u00e9glementations en vigueur.<\/p>\n\n\n\n<figure class=\"wp-block-image size-full\"><a href=\"\/fr\/logiciel-planning\/\" data-wpel-link=\"internal\" target=\"_blank\"><img decoding=\"async\" width=\"1500\" height=\"1017\" src=\"https:\/\/www.bizneo.com\/blog\/wp-content\/uploads\/2024\/02\/Planning-des-temps-de-travail-du-personnel.webp\" alt=\"Types de planning de travail\" class=\"wp-image-45257\" srcset=\"https:\/\/www.bizneo.com\/blog\/wp-content\/uploads\/2024\/02\/Planning-des-temps-de-travail-du-personnel.webp 1500w, https:\/\/www.bizneo.com\/blog\/wp-content\/uploads\/2024\/02\/Planning-des-temps-de-travail-du-personnel-300x203.webp 300w, https:\/\/www.bizneo.com\/blog\/wp-content\/uploads\/2024\/02\/Planning-des-temps-de-travail-du-personnel-1024x694.webp 1024w, https:\/\/www.bizneo.com\/blog\/wp-content\/uploads\/2024\/02\/Planning-des-temps-de-travail-du-personnel-768x521.webp 768w, https:\/\/www.bizneo.com\/blog\/wp-content\/uploads\/2024\/02\/Planning-des-temps-de-travail-du-personnel-810x549.webp 810w, https:\/\/www.bizneo.com\/blog\/wp-content\/uploads\/2024\/02\/Planning-des-temps-de-travail-du-personnel-1140x773.webp 1140w\" sizes=\"(max-width: 1500px) 100vw, 1500px\" \/><\/a><\/figure>\n\n\n\n<p>Ce logiciel de gestion des temps offre :<\/p>\n\n\n\n<figure class=\"wp-block-image size-full\"><a href=\"\/fr\/logiciel-gestion-temps-de-travail\/\" data-wpel-link=\"internal\" target=\"_blank\"><img decoding=\"async\" width=\"1500\" height=\"1103\" src=\"https:\/\/www.bizneo.com\/blog\/wp-content\/uploads\/2021\/09\/systeme-controle-horaires-presences-acces-1.webp\" alt=\"Outil de Gestion des Temps de Travail\" class=\"wp-image-25497\" srcset=\"https:\/\/www.bizneo.com\/blog\/wp-content\/uploads\/2021\/09\/systeme-controle-horaires-presences-acces-1.webp 1500w, https:\/\/www.bizneo.com\/blog\/wp-content\/uploads\/2021\/09\/systeme-controle-horaires-presences-acces-1-300x221.webp 300w, https:\/\/www.bizneo.com\/blog\/wp-content\/uploads\/2021\/09\/systeme-controle-horaires-presences-acces-1-1024x753.webp 1024w, https:\/\/www.bizneo.com\/blog\/wp-content\/uploads\/2021\/09\/systeme-controle-horaires-presences-acces-1-768x565.webp 768w, https:\/\/www.bizneo.com\/blog\/wp-content\/uploads\/2021\/09\/systeme-controle-horaires-presences-acces-1-810x596.webp 810w, https:\/\/www.bizneo.com\/blog\/wp-content\/uploads\/2021\/09\/systeme-controle-horaires-presences-acces-1-1140x838.webp 1140w\" sizes=\"(max-width: 1500px) 100vw, 1500px\" \/><\/a><\/figure>\n\n\n\n<ul class=\"wp-block-list\">\n<li>Un enregistrement pr\u00e9cis des heures.<\/li>\n\n\n\n<li>Une r\u00e9partition \u00e9quitable des charges de travail.<\/li>\n\n\n\n<li>La transparence gr\u00e2ce \u00e0 des donn\u00e9es accessibles \u00e0 tous.<\/li>\n\n\n\n<li>Une r\u00e9duction des co\u00fbts administratifs gr\u00e2ce \u00e0 la num\u00e9risation.<\/li>\n\n\n\n<li>Une gestion simplifi\u00e9e des cong\u00e9s, absences et heures suppl\u00e9mentaires.<\/li>\n<\/ul>\n\n\n\n<p>L\u2019automatisation permet non seulement d\u2019<strong>optimiser la gestion des ressources humaines<\/strong>, mais aussi de renforcer la productivit\u00e9 et la satisfaction des employ\u00e9s.<\/p>\n\n\n\n<figure class=\"wp-block-image size-large\"><a href=\"https:\/\/www.bizneo.com\/fr\/logiciel-gestion-temps-de-travail\/\" data-wpel-link=\"internal\" target=\"_blank\"><img decoding=\"async\" width=\"1024\" height=\"307\" src=\"https:\/\/www.bizneo.com\/blog\/wp-content\/uploads\/2021\/08\/Logiciel-de-Gestion-des-Temps-de-Travail-1-1024x307.jpg\" alt=\"Logiciel GTA gestion du temps de travail et des activit\u00e9s\" class=\"wp-image-25105\" srcset=\"https:\/\/www.bizneo.com\/blog\/wp-content\/uploads\/2021\/08\/Logiciel-de-Gestion-des-Temps-de-Travail-1-1024x307.jpg 1024w, https:\/\/www.bizneo.com\/blog\/wp-content\/uploads\/2021\/08\/Logiciel-de-Gestion-des-Temps-de-Travail-1-300x90.jpg 300w, https:\/\/www.bizneo.com\/blog\/wp-content\/uploads\/2021\/08\/Logiciel-de-Gestion-des-Temps-de-Travail-1-768x230.jpg 768w, https:\/\/www.bizneo.com\/blog\/wp-content\/uploads\/2021\/08\/Logiciel-de-Gestion-des-Temps-de-Travail-1-810x243.jpg 810w, https:\/\/www.bizneo.com\/blog\/wp-content\/uploads\/2021\/08\/Logiciel-de-Gestion-des-Temps-de-Travail-1-1140x342.jpg 1140w, https:\/\/www.bizneo.com\/blog\/wp-content\/uploads\/2021\/08\/Logiciel-de-Gestion-des-Temps-de-Travail-1.jpg 1360w\" sizes=\"(max-width: 1024px) 100vw, 1024px\" \/><\/a><\/figure>\n","protected":false},"excerpt":{"rendered":"<p>Les entreprises doivent avoir une connaissance pr\u00e9cise des diff\u00e9rents r\u00e9gimes de travail existants avant d&#8217;\u00e9tablir les horaires de leurs employ\u00e9s. [&hellip;]<\/p>\n","protected":false},"author":37,"featured_media":52607,"comment_status":"open","ping_status":"open","sticky":false,"template":"","format":"standard","meta":{"_uag_custom_page_level_css":"","site-sidebar-layout":"default","site-content-layout":"","ast-site-content-layout":"default","site-content-style":"default","site-sidebar-style":"default","ast-global-header-display":"","ast-banner-title-visibility":"","ast-main-header-display":"","ast-hfb-above-header-display":"","ast-hfb-below-header-display":"","ast-hfb-mobile-header-display":"","site-post-title":"","ast-breadcrumbs-content":"","ast-featured-img":"","footer-sml-layout":"","ast-disable-related-posts":"","theme-transparent-header-meta":"","adv-header-id-meta":"","stick-header-meta":"","header-above-stick-meta":"","header-main-stick-meta":"","header-below-stick-meta":"","astra-migrate-meta-layouts":"default","ast-page-background-enabled":"default","ast-page-background-meta":{"desktop":{"background-color":"var(--ast-global-color-5)","background-image":"","background-repeat":"repeat","background-position":"center center","background-size":"auto","background-attachment":"scroll","background-type":"","background-media":"","overlay-type":"","overlay-color":"","overlay-opacity":"","overlay-gradient":""},"tablet":{"background-color":"","background-image":"","background-repeat":"repeat","background-position":"center center","background-size":"auto","background-attachment":"scroll","background-type":"","background-media":"","overlay-type":"","overlay-color":"","overlay-opacity":"","overlay-gradient":""},"mobile":{"background-color":"","background-image":"","background-repeat":"repeat","background-position":"center center","background-size":"auto","background-attachment":"scroll","background-type":"","background-media":"","overlay-type":"","overlay-color":"","overlay-opacity":"","overlay-gradient":""}},"ast-content-background-meta":{"desktop":{"background-color":"var(--ast-global-color-4)","background-image":"","background-repeat":"repeat","background-position":"center center","background-size":"auto","background-attachment":"scroll","background-type":"","background-media":"","overlay-type":"","overlay-color":"","overlay-opacity":"","overlay-gradient":""},"tablet":{"background-color":"var(--ast-global-color-4)","background-image":"","background-repeat":"repeat","background-position":"center center","background-size":"auto","background-attachment":"scroll","background-type":"","background-media":"","overlay-type":"","overlay-color":"","overlay-opacity":"","overlay-gradient":""},"mobile":{"background-color":"var(--ast-global-color-4)","background-image":"","background-repeat":"repeat","background-position":"center center","background-size":"auto","background-attachment":"scroll","background-type":"","background-media":"","overlay-type":"","overlay-color":"","overlay-opacity":"","overlay-gradient":""}},"footnotes":""},"categories":[318,320],"tags":[],"class_list":["post-51157","post","type-post","status-publish","format-standard","has-post-thumbnail","hentry","category-gestion-du-temps-de-travail","category-suivi-du-temps-de-travail"],"yoast_head":"<!-- This site is optimized with the Yoast SEO plugin v27.5 - https:\/\/yoast.com\/product\/yoast-seo-wordpress\/ -->\n<title>Horaire de travail | 9 types et conseils de gestion<\/title>\n<meta name=\"description\" content=\"L&#039;horaire de travail correspond au temps qu&#039;a un salari\u00e9 pour effectuer les t\u00e2ches pour lesquelles il a \u00e9t\u00e9 embauch\u00e9.\" \/>\n<meta name=\"robots\" content=\"index, follow, max-snippet:-1, max-image-preview:large, max-video-preview:-1\" \/>\n<meta property=\"og:locale\" content=\"es_ES\" \/>\n<meta property=\"og:type\" content=\"article\" \/>\n<meta property=\"og:title\" content=\"Horaire de travail | 9 types et conseils de gestion\" \/>\n<meta property=\"og:description\" content=\"L&#039;horaire de travail correspond au temps qu&#039;a un salari\u00e9 pour effectuer les t\u00e2ches pour lesquelles il a \u00e9t\u00e9 embauch\u00e9.\" \/>\n<meta property=\"og:url\" content=\"https:\/\/www.bizneo.com\/blog\/fr\/types-horaire-de-travail\/\" \/>\n<meta property=\"og:site_name\" content=\"Blog de Recursos Humanos de Bizneo HR: pr\u00e1ctico y actual\" \/>\n<meta property=\"article:published_time\" content=\"2025-02-20T13:52:19+00:00\" \/>\n<meta property=\"article:modified_time\" content=\"2026-01-26T21:51:22+00:00\" \/>\n<meta property=\"og:image\" content=\"https:\/\/www.bizneo.com\/blog\/wp-content\/uploads\/2024\/11\/types-horaire-de-travail.webp\" \/>\n\t<meta property=\"og:image:width\" content=\"1140\" \/>\n\t<meta property=\"og:image:height\" content=\"640\" \/>\n\t<meta property=\"og:image:type\" content=\"image\/webp\" \/>\n<meta name=\"author\" content=\"Frederic\" \/>\n<meta name=\"twitter:card\" content=\"summary_large_image\" \/>\n<meta name=\"twitter:label1\" content=\"Escrito por\" \/>\n\t<meta name=\"twitter:data1\" content=\"Frederic\" \/>\n\t<meta name=\"twitter:label2\" content=\"Tiempo de lectura\" \/>\n\t<meta name=\"twitter:data2\" content=\"9 minutos\" \/>\n<script type=\"application\/ld+json\" class=\"yoast-schema-graph\">{\"@context\":\"https:\\\/\\\/schema.org\",\"@graph\":[{\"@type\":[\"Article\",\"BlogPosting\"],\"@id\":\"https:\\\/\\\/www.bizneo.com\\\/blog\\\/fr\\\/types-horaire-de-travail\\\/#article\",\"isPartOf\":{\"@id\":\"https:\\\/\\\/www.bizneo.com\\\/blog\\\/fr\\\/types-horaire-de-travail\\\/\"},\"author\":{\"name\":\"Frederic\",\"@id\":\"https:\\\/\\\/www.bizneo.com\\\/blog\\\/#\\\/schema\\\/person\\\/c54a399718abb92cd32efffb5977118a\"},\"headline\":\"9 types d\u2019horaires de travail\",\"datePublished\":\"2025-02-20T13:52:19+00:00\",\"dateModified\":\"2026-01-26T21:51:22+00:00\",\"mainEntityOfPage\":{\"@id\":\"https:\\\/\\\/www.bizneo.com\\\/blog\\\/fr\\\/types-horaire-de-travail\\\/\"},\"wordCount\":1610,\"commentCount\":0,\"publisher\":{\"@id\":\"https:\\\/\\\/www.bizneo.com\\\/blog\\\/#organization\"},\"image\":{\"@id\":\"https:\\\/\\\/www.bizneo.com\\\/blog\\\/fr\\\/types-horaire-de-travail\\\/#primaryimage\"},\"thumbnailUrl\":\"https:\\\/\\\/www.bizneo.com\\\/blog\\\/wp-content\\\/uploads\\\/2024\\\/11\\\/types-horaire-de-travail.webp\",\"articleSection\":[\"Gestion du Temps de Travail\",\"Suivi du Temps de Travail\"],\"inLanguage\":\"es\",\"potentialAction\":[{\"@type\":\"CommentAction\",\"name\":\"Comment\",\"target\":[\"https:\\\/\\\/www.bizneo.com\\\/blog\\\/fr\\\/types-horaire-de-travail\\\/#respond\"]}]},{\"@type\":\"WebPage\",\"@id\":\"https:\\\/\\\/www.bizneo.com\\\/blog\\\/fr\\\/types-horaire-de-travail\\\/\",\"url\":\"https:\\\/\\\/www.bizneo.com\\\/blog\\\/fr\\\/types-horaire-de-travail\\\/\",\"name\":\"Horaire de travail | 9 types et conseils de gestion\",\"isPartOf\":{\"@id\":\"https:\\\/\\\/www.bizneo.com\\\/blog\\\/#website\"},\"primaryImageOfPage\":{\"@id\":\"https:\\\/\\\/www.bizneo.com\\\/blog\\\/fr\\\/types-horaire-de-travail\\\/#primaryimage\"},\"image\":{\"@id\":\"https:\\\/\\\/www.bizneo.com\\\/blog\\\/fr\\\/types-horaire-de-travail\\\/#primaryimage\"},\"thumbnailUrl\":\"https:\\\/\\\/www.bizneo.com\\\/blog\\\/wp-content\\\/uploads\\\/2024\\\/11\\\/types-horaire-de-travail.webp\",\"datePublished\":\"2025-02-20T13:52:19+00:00\",\"dateModified\":\"2026-01-26T21:51:22+00:00\",\"description\":\"L'horaire de travail correspond au temps qu'a un salari\u00e9 pour effectuer les t\u00e2ches pour lesquelles il a \u00e9t\u00e9 embauch\u00e9.\",\"breadcrumb\":{\"@id\":\"https:\\\/\\\/www.bizneo.com\\\/blog\\\/fr\\\/types-horaire-de-travail\\\/#breadcrumb\"},\"inLanguage\":\"es\",\"potentialAction\":[{\"@type\":\"ReadAction\",\"target\":[\"https:\\\/\\\/www.bizneo.com\\\/blog\\\/fr\\\/types-horaire-de-travail\\\/\"]}]},{\"@type\":\"ImageObject\",\"inLanguage\":\"es\",\"@id\":\"https:\\\/\\\/www.bizneo.com\\\/blog\\\/fr\\\/types-horaire-de-travail\\\/#primaryimage\",\"url\":\"https:\\\/\\\/www.bizneo.com\\\/blog\\\/wp-content\\\/uploads\\\/2024\\\/11\\\/types-horaire-de-travail.webp\",\"contentUrl\":\"https:\\\/\\\/www.bizneo.com\\\/blog\\\/wp-content\\\/uploads\\\/2024\\\/11\\\/types-horaire-de-travail.webp\",\"width\":1140,\"height\":640,\"caption\":\"types d\u2019horaires de travail\"},{\"@type\":\"BreadcrumbList\",\"@id\":\"https:\\\/\\\/www.bizneo.com\\\/blog\\\/fr\\\/types-horaire-de-travail\\\/#breadcrumb\",\"itemListElement\":[{\"@type\":\"ListItem\",\"position\":1,\"name\":\"Portada\",\"item\":\"https:\\\/\\\/www.bizneo.com\\\/blog\\\/\"},{\"@type\":\"ListItem\",\"position\":2,\"name\":\"Gestion du Temps de Travail\",\"item\":\"https:\\\/\\\/www.bizneo.com\\\/blog\\\/fr\\\/category\\\/gestion-du-temps-de-travail\\\/\"},{\"@type\":\"ListItem\",\"position\":3,\"name\":\"9 types d\u2019horaires de travail\"}]},{\"@type\":\"WebSite\",\"@id\":\"https:\\\/\\\/www.bizneo.com\\\/blog\\\/#website\",\"url\":\"https:\\\/\\\/www.bizneo.com\\\/blog\\\/\",\"name\":\"Blog de Recursos Humanos de Bizneo HR: pr\u00e1ctico y actual\",\"description\":\"Todo sobre actualidad, herramientas y tecnolog\u00eda  para optimizar la gesti\u00f3n del talento humano\",\"publisher\":{\"@id\":\"https:\\\/\\\/www.bizneo.com\\\/blog\\\/#organization\"},\"potentialAction\":[{\"@type\":\"SearchAction\",\"target\":{\"@type\":\"EntryPoint\",\"urlTemplate\":\"https:\\\/\\\/www.bizneo.com\\\/blog\\\/?s={search_term_string}\"},\"query-input\":{\"@type\":\"PropertyValueSpecification\",\"valueRequired\":true,\"valueName\":\"search_term_string\"}}],\"inLanguage\":\"es\"},{\"@type\":\"Organization\",\"@id\":\"https:\\\/\\\/www.bizneo.com\\\/blog\\\/#organization\",\"name\":\"Bizneo HR\",\"url\":\"https:\\\/\\\/www.bizneo.com\\\/blog\\\/\",\"logo\":{\"@type\":\"ImageObject\",\"inLanguage\":\"es\",\"@id\":\"https:\\\/\\\/www.bizneo.com\\\/blog\\\/#\\\/schema\\\/logo\\\/image\\\/\",\"url\":\"https:\\\/\\\/www.bizneo.com\\\/blog\\\/wp-content\\\/uploads\\\/2020\\\/09\\\/Icono-Logo-Bizneo-HR.png\",\"contentUrl\":\"https:\\\/\\\/www.bizneo.com\\\/blog\\\/wp-content\\\/uploads\\\/2020\\\/09\\\/Icono-Logo-Bizneo-HR.png\",\"width\":834,\"height\":834,\"caption\":\"Bizneo HR\"},\"image\":{\"@id\":\"https:\\\/\\\/www.bizneo.com\\\/blog\\\/#\\\/schema\\\/logo\\\/image\\\/\"}},{\"@type\":\"Person\",\"@id\":\"https:\\\/\\\/www.bizneo.com\\\/blog\\\/#\\\/schema\\\/person\\\/c54a399718abb92cd32efffb5977118a\",\"name\":\"Frederic\",\"image\":{\"@type\":\"ImageObject\",\"inLanguage\":\"es\",\"@id\":\"https:\\\/\\\/secure.gravatar.com\\\/avatar\\\/566b48122abdbf3668ee93a4e72dc097f49820d5841e88c2eb000e8530457898?s=96&d=mm&r=g\",\"url\":\"https:\\\/\\\/secure.gravatar.com\\\/avatar\\\/566b48122abdbf3668ee93a4e72dc097f49820d5841e88c2eb000e8530457898?s=96&d=mm&r=g\",\"contentUrl\":\"https:\\\/\\\/secure.gravatar.com\\\/avatar\\\/566b48122abdbf3668ee93a4e72dc097f49820d5841e88c2eb000e8530457898?s=96&d=mm&r=g\",\"caption\":\"Frederic\"},\"url\":\"https:\\\/\\\/www.bizneo.com\\\/blog\\\/author\\\/frederic\\\/\"}]}<\/script>\n<!-- \/ Yoast SEO plugin. -->","yoast_head_json":{"title":"Horaire de travail | 9 types et conseils de gestion","description":"L'horaire de travail correspond au temps qu'a un salari\u00e9 pour effectuer les t\u00e2ches pour lesquelles il a \u00e9t\u00e9 embauch\u00e9.","robots":{"index":"index","follow":"follow","max-snippet":"max-snippet:-1","max-image-preview":"max-image-preview:large","max-video-preview":"max-video-preview:-1"},"og_locale":"es_ES","og_type":"article","og_title":"Horaire de travail | 9 types et conseils de gestion","og_description":"L'horaire de travail correspond au temps qu'a un salari\u00e9 pour effectuer les t\u00e2ches pour lesquelles il a \u00e9t\u00e9 embauch\u00e9.","og_url":"https:\/\/www.bizneo.com\/blog\/fr\/types-horaire-de-travail\/","og_site_name":"Blog de Recursos Humanos de Bizneo HR: pr\u00e1ctico y actual","article_published_time":"2025-02-20T13:52:19+00:00","article_modified_time":"2026-01-26T21:51:22+00:00","og_image":[{"width":1140,"height":640,"url":"https:\/\/www.bizneo.com\/blog\/wp-content\/uploads\/2024\/11\/types-horaire-de-travail.webp","type":"image\/webp"}],"author":"Frederic","twitter_card":"summary_large_image","twitter_misc":{"Escrito por":"Frederic","Tiempo de lectura":"9 minutos"},"schema":{"@context":"https:\/\/schema.org","@graph":[{"@type":["Article","BlogPosting"],"@id":"https:\/\/www.bizneo.com\/blog\/fr\/types-horaire-de-travail\/#article","isPartOf":{"@id":"https:\/\/www.bizneo.com\/blog\/fr\/types-horaire-de-travail\/"},"author":{"name":"Frederic","@id":"https:\/\/www.bizneo.com\/blog\/#\/schema\/person\/c54a399718abb92cd32efffb5977118a"},"headline":"9 types d\u2019horaires de travail","datePublished":"2025-02-20T13:52:19+00:00","dateModified":"2026-01-26T21:51:22+00:00","mainEntityOfPage":{"@id":"https:\/\/www.bizneo.com\/blog\/fr\/types-horaire-de-travail\/"},"wordCount":1610,"commentCount":0,"publisher":{"@id":"https:\/\/www.bizneo.com\/blog\/#organization"},"image":{"@id":"https:\/\/www.bizneo.com\/blog\/fr\/types-horaire-de-travail\/#primaryimage"},"thumbnailUrl":"https:\/\/www.bizneo.com\/blog\/wp-content\/uploads\/2024\/11\/types-horaire-de-travail.webp","articleSection":["Gestion du Temps de Travail","Suivi du Temps de Travail"],"inLanguage":"es","potentialAction":[{"@type":"CommentAction","name":"Comment","target":["https:\/\/www.bizneo.com\/blog\/fr\/types-horaire-de-travail\/#respond"]}]},{"@type":"WebPage","@id":"https:\/\/www.bizneo.com\/blog\/fr\/types-horaire-de-travail\/","url":"https:\/\/www.bizneo.com\/blog\/fr\/types-horaire-de-travail\/","name":"Horaire de travail | 9 types et conseils de gestion","isPartOf":{"@id":"https:\/\/www.bizneo.com\/blog\/#website"},"primaryImageOfPage":{"@id":"https:\/\/www.bizneo.com\/blog\/fr\/types-horaire-de-travail\/#primaryimage"},"image":{"@id":"https:\/\/www.bizneo.com\/blog\/fr\/types-horaire-de-travail\/#primaryimage"},"thumbnailUrl":"https:\/\/www.bizneo.com\/blog\/wp-content\/uploads\/2024\/11\/types-horaire-de-travail.webp","datePublished":"2025-02-20T13:52:19+00:00","dateModified":"2026-01-26T21:51:22+00:00","description":"L'horaire de travail correspond au temps qu'a un salari\u00e9 pour effectuer les t\u00e2ches pour lesquelles il a \u00e9t\u00e9 embauch\u00e9.","breadcrumb":{"@id":"https:\/\/www.bizneo.com\/blog\/fr\/types-horaire-de-travail\/#breadcrumb"},"inLanguage":"es","potentialAction":[{"@type":"ReadAction","target":["https:\/\/www.bizneo.com\/blog\/fr\/types-horaire-de-travail\/"]}]},{"@type":"ImageObject","inLanguage":"es","@id":"https:\/\/www.bizneo.com\/blog\/fr\/types-horaire-de-travail\/#primaryimage","url":"https:\/\/www.bizneo.com\/blog\/wp-content\/uploads\/2024\/11\/types-horaire-de-travail.webp","contentUrl":"https:\/\/www.bizneo.com\/blog\/wp-content\/uploads\/2024\/11\/types-horaire-de-travail.webp","width":1140,"height":640,"caption":"types d\u2019horaires de travail"},{"@type":"BreadcrumbList","@id":"https:\/\/www.bizneo.com\/blog\/fr\/types-horaire-de-travail\/#breadcrumb","itemListElement":[{"@type":"ListItem","position":1,"name":"Portada","item":"https:\/\/www.bizneo.com\/blog\/"},{"@type":"ListItem","position":2,"name":"Gestion du Temps de Travail","item":"https:\/\/www.bizneo.com\/blog\/fr\/category\/gestion-du-temps-de-travail\/"},{"@type":"ListItem","position":3,"name":"9 types d\u2019horaires de travail"}]},{"@type":"WebSite","@id":"https:\/\/www.bizneo.com\/blog\/#website","url":"https:\/\/www.bizneo.com\/blog\/","name":"Blog de Recursos Humanos de Bizneo HR: pr\u00e1ctico y actual","description":"Todo sobre actualidad, herramientas y tecnolog\u00eda  para optimizar la gesti\u00f3n del talento humano","publisher":{"@id":"https:\/\/www.bizneo.com\/blog\/#organization"},"potentialAction":[{"@type":"SearchAction","target":{"@type":"EntryPoint","urlTemplate":"https:\/\/www.bizneo.com\/blog\/?s={search_term_string}"},"query-input":{"@type":"PropertyValueSpecification","valueRequired":true,"valueName":"search_term_string"}}],"inLanguage":"es"},{"@type":"Organization","@id":"https:\/\/www.bizneo.com\/blog\/#organization","name":"Bizneo HR","url":"https:\/\/www.bizneo.com\/blog\/","logo":{"@type":"ImageObject","inLanguage":"es","@id":"https:\/\/www.bizneo.com\/blog\/#\/schema\/logo\/image\/","url":"https:\/\/www.bizneo.com\/blog\/wp-content\/uploads\/2020\/09\/Icono-Logo-Bizneo-HR.png","contentUrl":"https:\/\/www.bizneo.com\/blog\/wp-content\/uploads\/2020\/09\/Icono-Logo-Bizneo-HR.png","width":834,"height":834,"caption":"Bizneo HR"},"image":{"@id":"https:\/\/www.bizneo.com\/blog\/#\/schema\/logo\/image\/"}},{"@type":"Person","@id":"https:\/\/www.bizneo.com\/blog\/#\/schema\/person\/c54a399718abb92cd32efffb5977118a","name":"Frederic","image":{"@type":"ImageObject","inLanguage":"es","@id":"https:\/\/secure.gravatar.com\/avatar\/566b48122abdbf3668ee93a4e72dc097f49820d5841e88c2eb000e8530457898?s=96&d=mm&r=g","url":"https:\/\/secure.gravatar.com\/avatar\/566b48122abdbf3668ee93a4e72dc097f49820d5841e88c2eb000e8530457898?s=96&d=mm&r=g","contentUrl":"https:\/\/secure.gravatar.com\/avatar\/566b48122abdbf3668ee93a4e72dc097f49820d5841e88c2eb000e8530457898?s=96&d=mm&r=g","caption":"Frederic"},"url":"https:\/\/www.bizneo.com\/blog\/author\/frederic\/"}]}},"spectra_custom_meta":{"onesignal_meta_box_present":["1"],"onesignal_send_notification":[""],"onesignal_modify_title_and_content":[""],"onesignal_notification_custom_heading":[null],"onesignal_notification_custom_content":[null],"Views":["110758"],"wp_review_positive_count":["0"],"wp_review_negative_count":["0"],"wp_review_type":["none"],"wp_review_user_reviews":["0"],"wp_review_review_count":["0"],"_thumbnail_id":["52607"],"_yoast_wpseo_title":["Horaire de travail | 9 types et conseils de gestion"],"_yoast_wpseo_metadesc":["L'horaire de travail correspond au temps qu'a un salari\u00e9 pour effectuer les t\u00e2ches pour lesquelles il a \u00e9t\u00e9 embauch\u00e9."],"_yoast_wpseo_focuskw":["horaire de travail"],"_yoast_wpseo_primary_category":["318"],"_edit_lock":["1769464343:47"],"_edit_last":["47"],"_vce_meta":["a:4:{s:11:\"use_sidebar\";s:7:\"inherit\";s:7:\"sidebar\";s:7:\"inherit\";s:14:\"sticky_sidebar\";s:7:\"inherit\";s:6:\"layout\";s:7:\"inherit\";}"],"_yoast_wpseo_linkdex":["93"],"_yoast_wpseo_content_score":["90"],"_yoast_wpseo_estimated-reading-time-minutes":["9"],"_uag_css_file_name":["uag-css-51157.css"],"_uag_page_assets":["a:9:{s:3:\"css\";s:263:\".uag-blocks-common-selector{z-index:var(--z-index-desktop) !important}@media (max-width: 976px){.uag-blocks-common-selector{z-index:var(--z-index-tablet) !important}}@media (max-width: 767px){.uag-blocks-common-selector{z-index:var(--z-index-mobile) !important}}\n\";s:2:\"js\";s:0:\"\";s:18:\"current_block_list\";a:8:{i:0;s:14:\"core\/paragraph\";i:1;s:12:\"core\/heading\";i:2;s:9:\"core\/list\";i:3;s:14:\"core\/list-item\";i:4;s:10:\"core\/image\";i:5;s:9:\"core\/html\";i:6;s:12:\"core\/details\";i:7;s:14:\"core\/shortcode\";}s:8:\"uag_flag\";b:0;s:11:\"uag_version\";s:10:\"1777548730\";s:6:\"gfonts\";a:0:{}s:10:\"gfonts_url\";s:0:\"\";s:12:\"gfonts_files\";a:0:{}s:14:\"uag_faq_layout\";b:0;}"]},"uagb_featured_image_src":{"full":["https:\/\/www.bizneo.com\/blog\/wp-content\/uploads\/2024\/11\/types-horaire-de-travail.webp",1140,640,false],"thumbnail":["https:\/\/www.bizneo.com\/blog\/wp-content\/uploads\/2024\/11\/types-horaire-de-travail-150x150.webp",150,150,true],"medium":["https:\/\/www.bizneo.com\/blog\/wp-content\/uploads\/2024\/11\/types-horaire-de-travail-300x168.webp",300,168,true],"medium_large":["https:\/\/www.bizneo.com\/blog\/wp-content\/uploads\/2024\/11\/types-horaire-de-travail-768x431.webp",768,431,true],"large":["https:\/\/www.bizneo.com\/blog\/wp-content\/uploads\/2024\/11\/types-horaire-de-travail-1024x575.webp",1024,575,true],"1536x1536":["https:\/\/www.bizneo.com\/blog\/wp-content\/uploads\/2024\/11\/types-horaire-de-travail.webp",1140,640,false],"2048x2048":["https:\/\/www.bizneo.com\/blog\/wp-content\/uploads\/2024\/11\/types-horaire-de-travail.webp",1140,640,false]},"uagb_author_info":{"display_name":"Frederic","author_link":"https:\/\/www.bizneo.com\/blog\/author\/frederic\/"},"uagb_comment_info":0,"uagb_excerpt":"Les entreprises doivent avoir une connaissance pr\u00e9cise des diff\u00e9rents r\u00e9gimes de travail existants avant d&#8217;\u00e9tablir les horaires de leurs employ\u00e9s. [&hellip;]","_links":{"self":[{"href":"https:\/\/www.bizneo.com\/blog\/wp-json\/wp\/v2\/posts\/51157","targetHints":{"allow":["GET"]}}],"collection":[{"href":"https:\/\/www.bizneo.com\/blog\/wp-json\/wp\/v2\/posts"}],"about":[{"href":"https:\/\/www.bizneo.com\/blog\/wp-json\/wp\/v2\/types\/post"}],"author":[{"embeddable":true,"href":"https:\/\/www.bizneo.com\/blog\/wp-json\/wp\/v2\/users\/37"}],"replies":[{"embeddable":true,"href":"https:\/\/www.bizneo.com\/blog\/wp-json\/wp\/v2\/comments?post=51157"}],"version-history":[{"count":5,"href":"https:\/\/www.bizneo.com\/blog\/wp-json\/wp\/v2\/posts\/51157\/revisions"}],"predecessor-version":[{"id":58191,"href":"https:\/\/www.bizneo.com\/blog\/wp-json\/wp\/v2\/posts\/51157\/revisions\/58191"}],"wp:featuredmedia":[{"embeddable":true,"href":"https:\/\/www.bizneo.com\/blog\/wp-json\/wp\/v2\/media\/52607"}],"wp:attachment":[{"href":"https:\/\/www.bizneo.com\/blog\/wp-json\/wp\/v2\/media?parent=51157"}],"wp:term":[{"taxonomy":"category","embeddable":true,"href":"https:\/\/www.bizneo.com\/blog\/wp-json\/wp\/v2\/categories?post=51157"},{"taxonomy":"post_tag","embeddable":true,"href":"https:\/\/www.bizneo.com\/blog\/wp-json\/wp\/v2\/tags?post=51157"}],"curies":[{"name":"wp","href":"https:\/\/api.w.org\/{rel}","templated":true}]}}