{"id":49329,"date":"2024-12-18T09:30:16","date_gmt":"2024-12-18T08:30:16","guid":{"rendered":"https:\/\/www.bizneo.com\/blog\/?p=49329"},"modified":"2024-12-23T09:30:15","modified_gmt":"2024-12-23T08:30:15","slug":"registro-horario-autonomos","status":"publish","type":"post","link":"https:\/\/www.bizneo.com\/blog\/registro-horario-autonomos\/","title":{"rendered":"Registro horario en aut\u00f3nomos | \u00bfEs obligatorio?"},"content":{"rendered":"\n<p>A partir de la aprobaci\u00f3n del Real Decreto 8\/2019 en Espa\u00f1a, donde la ley obliga a las empresas a llevar un control de las horas trabajadas de sus empleados, muchos aut\u00f3nomos siguen dudando de si esta normativa les afecta. <strong>\u00bfEl registro horario en aut\u00f3nomos es obligatorio?<\/strong><\/p>\n\n\n\n<p>Aunque la <strong>respuesta corta es en general negativa, detr\u00e1s de esta hay muchas inc\u00f3gnitas que deben resolverse<\/strong>. El motivo es que las diferentes situaciones y legislaciones <strong>puede dar la vuelta a la respuesta<\/strong>, <strong>pasando a ser positiva<\/strong> y bajo peligro de sanci\u00f3n en caso de incumplimiento.<\/p>\n\n\n\n<h2 class=\"wp-block-heading\">\u00bfEs obligatorio el control horario en aut\u00f3nomos?<\/h2>\n\n\n\n<p>La <a href=\"https:\/\/www.mites.gob.es\/ficheros\/ministerio\/GuiaRegistroJornada.pdf\" rel=\"nofollow noopener\" data-wpel-link=\"external\" target=\"_blank\">gu\u00eda sobre el registro de la jornada, publicada por el Ministerio de Trabajo, Migraciones y Seguridad Social<\/a>, <strong>aclara muy bien la duda habitual sobre el registro horario en aut\u00f3nomos<\/strong>. En el apartado A, que trata sobre preguntas relativas al \u00e1mbito de aplicaci\u00f3n del registro horario regulado en el art\u00edculo 34.9 del Estatuto de los Trabajadores, dice lo siguiente:<\/p>\n\n\n\n<blockquote class=\"wp-block-quote is-layout-flow wp-block-quote-is-layout-flow\">\n<p><em>El registro horario se aplica a la totalidad de trabajadores, al margen de su categor\u00eda o grupo profesional, a todos los sectores de actividad y a todas las empresas, cualquiera que sea su tama\u00f1o u organizaci\u00f3n del trabajo, siempre y cuando est\u00e9n incluidas en el \u00e1mbito de aplicaci\u00f3n que define el art\u00edculo 1 ET. <\/em><\/p>\n\n\n\n<p><em>Respecto de aquellas otras relaciones o prestaciones de trabajo excluidas del \u00e1mbito de aplicaci\u00f3n del Estatuto de los Trabajadores, como socios trabajadores de cooperativas, trabajadores aut\u00f3nomos, etc., no se aplicar\u00e1 el art\u00edculo 34.9 ET y, por tanto, no existir\u00e1 obligaci\u00f3n de registro horario.<\/em><\/p>\n<\/blockquote>\n\n\n\n<p>Con esto podemos concluir, que, en <strong>Espa\u00f1a, el registro horario solo es obligatorio para los empleados por cuenta ajena<\/strong>.<strong> Los aut\u00f3nomos, al no tener una relaci\u00f3n laboral de dependencia, no est\u00e1n sujetos a esta normativa.<\/strong><\/p>\n\n\n\n<p>Sin embargo, <strong>hay algunas excepciones<\/strong> que deben tenerse en cuenta. Por ejemplo, si un <strong>aut\u00f3nomo tiene empleados a su cargo, debe registrar las horas de trabajo de sus empleados<\/strong>, aunque esto no implica que deba registrar su propia jornada.<\/p>\n\n\n\n<p>Por otro lado, hay que tener en cuenta que existen ciertos sectores donde el <strong>control horario est\u00e1 regulado por otras normativas, <\/strong>como el <strong>transporte<\/strong> y la <strong>construcci\u00f3n<\/strong>. En estos casos, los aut\u00f3nomos que trabajen en dichos sectores deber\u00e1n cumplir con las revisar su propia normativa, aunque no se les aplique el Real Decreto 8\/2019 de manera directa.<\/p>\n\n\n\n<figure class=\"wp-block-image size-large\"><a href=\"https:\/\/hello.bizneo.com\/kit\/gestion-del-tiempo\/?utm_content=post-KIT-Tiempo\" data-wpel-link=\"internal\" target=\"_blank\"><img decoding=\"async\" width=\"1024\" height=\"307\" src=\"https:\/\/www.bizneo.com\/blog\/wp-content\/uploads\/2023\/03\/KIT-Tiempo-1-1024x307.png\" alt=\"Kit de Gesti\u00f3n del Tiempo\" class=\"wp-image-39178\" srcset=\"https:\/\/www.bizneo.com\/blog\/wp-content\/uploads\/2023\/03\/KIT-Tiempo-1-1024x307.png 1024w, https:\/\/www.bizneo.com\/blog\/wp-content\/uploads\/2023\/03\/KIT-Tiempo-1-300x90.png 300w, https:\/\/www.bizneo.com\/blog\/wp-content\/uploads\/2023\/03\/KIT-Tiempo-1-768x230.png 768w, https:\/\/www.bizneo.com\/blog\/wp-content\/uploads\/2023\/03\/KIT-Tiempo-1-810x243.png 810w, https:\/\/www.bizneo.com\/blog\/wp-content\/uploads\/2023\/03\/KIT-Tiempo-1-1140x342.png 1140w, https:\/\/www.bizneo.com\/blog\/wp-content\/uploads\/2023\/03\/KIT-Tiempo-1.png 1360w\" sizes=\"(max-width: 1024px) 100vw, 1024px\" \/><\/a><\/figure>\n\n\n\n<h3 class=\"wp-block-heading\">Control horario y su relaci\u00f3n con la reducci\u00f3n de jornada para aut\u00f3nomos en 2025<\/h3>\n\n\n\n<p><strong>A partir de enero de 2025<\/strong>, los aut\u00f3nomos que colaboren con empresas o gestionen empleados estar\u00e1n obligados a implementar un <strong>control horario obligatorio<\/strong>. Aunque no estar\u00e1n directamente afectados por la reducci\u00f3n de jornada, deber\u00e1n adaptarse a los posibles efectos indirectos en sus relaciones laborales.<\/p>\n\n\n\n<h4 class=\"wp-block-heading\">Claves principales:<\/h4>\n\n\n\n<ul class=\"wp-block-list\">\n<li><strong>Registro horario obligatorio<\/strong>: Los aut\u00f3nomos deber\u00e1n registrar sus jornadas cuando trabajen con terceros o gestionen equipos, asegurando que este registro sea accesible para inspecciones laborales.<\/li>\n\n\n\n<li><strong>Sanciones<\/strong>: Las multas por incumplimiento, manipulaci\u00f3n o ausencia de registro oscilan entre <strong>626 y 10.000 euros<\/strong>.<\/li>\n\n\n\n<li><strong>Impacto indirecto por reducci\u00f3n de jornada<\/strong>:\n<ul class=\"wp-block-list\">\n<li>La <strong>reducci\u00f3n gradual de jornada para empleados<\/strong> (primero a 37,5 horas semanales) podr\u00eda influir en los plazos de entrega y organizaci\u00f3n de aut\u00f3nomos que trabajen con empresas reguladas.<\/li>\n\n\n\n<li>Los aut\u00f3nomos con empleados estar\u00e1n obligados a cumplir con las normativas de reducci\u00f3n de jornada aplicables a su personal.<\/li>\n<\/ul>\n<\/li>\n<\/ul>\n\n\n\n<p>Es fundamental que los aut\u00f3nomos <strong>se anticipen a estos cambios adoptando <a href=\"https:\/\/www.bizneo.com\/blog\/sistema-de-control-horario-digital\/\" data-wpel-link=\"internal\" target=\"_blank\">sistemas digitales de registro horario<\/a><\/strong> y est\u00e9n atentos a c\u00f3mo la reducci\u00f3n de jornada podr\u00eda impactar en sus relaciones laborales.<\/p>\n\n\n\n<h3 class=\"wp-block-heading\">Registro de jornada en aut\u00f3nomos en otros pa\u00edses<\/h3>\n\n\n\n<p>M\u00e1s all\u00e1 de nuestras fronteras, en pa\u00edses como <strong>Colombia, M\u00e9xico o Argentina,<\/strong> tambi\u00e9n se han implementado normativas similares para el control horario. \u00bfAlguna de ellas obliga a los aut\u00f3nomos o trabajadores independientes a registrar sus horarios de trabajo?<\/p>\n\n\n\n<ul class=\"wp-block-list\">\n<li><strong>Argentina:<\/strong> la conocida como \u201c<a href=\"https:\/\/servicios.infoleg.gob.ar\/infolegInternet\/anexos\/190000-194999\/193980\/norma.htm\" target=\"_blank\" rel=\"noreferrer noopener nofollow\" data-wpel-link=\"external\">Ley del Presentismo<\/a>\u201d premia a los empleados que cumplen con su horario laboral, tanto a nivel de<a href=\"\/blog\/gestion-de-ausencias\/\" target=\"_blank\" rel=\"noreferrer noopener\" data-wpel-link=\"internal\"> absentismo<\/a> como en puntualidad. Con el objetivo de calcular estos incentivos, las empresas deben llevar un registro detallado de las horas trabajadas por sus empleados. Sin embargo, esta ley no se aplica a los trabajadores aut\u00f3nomos, quienes mantienen la flexibilidad para gestionar su propio tiempo de trabajo.<\/li>\n\n\n\n<li><strong>Colombia<\/strong>: el <a href=\"http:\/\/www.secretariasenado.gov.co\/senado\/basedoc\/codigo_sustantivo_trabajo.html\" target=\"_blank\" rel=\"noreferrer noopener nofollow\" data-wpel-link=\"external\">C\u00f3digo Sustantivo del Trabajo<\/a> establece que los empleadores deben llevar un registro del tiempo trabajado por sus empleados, incluyendo horas extras. Sin embargo, al igual que en otros pa\u00edses, esta regulaci\u00f3n no se aplica directamente a los trabajadores independientes o aut\u00f3nomos. No obstante, los aut\u00f3nomos que contraten empleados s\u00ed deben cumplir con esta obligaci\u00f3n para sus trabajadores.<\/li>\n\n\n\n<li><strong>M\u00e9xico:<\/strong> la <a href=\"https:\/\/www.diputados.gob.mx\/LeyesBiblio\/pdf\/LFT.pdf\" target=\"_blank\" rel=\"noreferrer noopener nofollow\" data-wpel-link=\"external\">LFT<\/a> (Ley Federal de Trabajo) obliga a los patrones a registrar las horas de entrada y salida de los empleados. Sin embargo, los aut\u00f3nomos, conocidos como trabajadores sin patr\u00f3n, no est\u00e1n sujetos a esta obligaci\u00f3n mientras no contraten a ning\u00fan trabajador. Por otro lado, los trabajadores aut\u00f3nomos a domicilio, o aquellos que trabajan a trav\u00e9s de plataformas digitales como Uber o Rappi, pueden estar sujetos a regulaciones espec\u00edficas.<\/li>\n<\/ul>\n\n\n\n<bzn-down><a href=\"https:\/\/hello.bizneo.com\/plantilla\/control-horario-trabajadores\/?utm_content=post-destacado\" id=\"destacado-wc-descarga\" target=\"_blank\" rel=\"noopener noreferrer\" data-wpel-link=\"internal\"><span class=\"bzn-link-title\">DESCARGA GRATIS: PLANTILLA DE CONTROL HORARIO &#038; REGISTRO DE JORNADA<\/span>Proyecto sencillo para registrar las horas trabajadas de un n\u00famero peque\u00f1o de empleados (m\u00e1x 10).<\/a><\/bzn-down>\n\n\n\n<p><\/p>\n\n\n\n<h2 class=\"wp-block-heading\">Registro horario para aut\u00f3nomos con trabajadores a su cargo: obligaciones y consecuencias<\/h2>\n\n\n\n<p>En 2023, y seg\u00fan los <a href=\"https:\/\/mites.gob.es\/ficheros\/ministerio\/sec_trabajo\/autonomos\/economia-soc\/autonomos\/estadistica\/2023\/1TRIMESTRE\/RESUMEN_DE_RESULTADOS_1er_TRIM_2023.pdf\" rel=\"nofollow noopener\" data-wpel-link=\"external\" target=\"_blank\">datos del Ministerio de Trabajo del Gobierno de Espa\u00f1a<\/a>, <strong>el 20,8 % de las personas trabajadoras por cuenta propia ten\u00edan asalariados a su cargo<\/strong>. Cuando esto sucede, estos aut\u00f3nomos, aunque mantienen su estatus de trabajadores por cuenta propia, adquieren ciertas responsabilidades adicionales en cuanto al registro horario.<\/p>\n\n\n\n<p>En estos casos, el <strong>aut\u00f3nomo asume el papel de empleador y, por lo tanto, est\u00e1 obligado a cumplir con las normativas de registro horario para sus empleados<\/strong>. Repasando el Real Decreto 8\/2019, podemos destacar los siguientes puntos clave:<\/p>\n\n\n\n<ol start=\"1\" class=\"wp-block-list\">\n<li><strong>Obligatoriedad:<\/strong> El aut\u00f3nomo debe implementar un sistema de registro diario de la jornada laboral de sus empleados, que incluya el horario concreto de inicio y finalizaci\u00f3n de la jornada de trabajo.<\/li>\n\n\n\n<li><strong>Conservaci\u00f3n de registros:<\/strong> Los registros deben mantenerse durante al menos cuatro a\u00f1os y estar a disposici\u00f3n de los trabajadores, sus representantes legales y la Inspecci\u00f3n de Trabajo y Seguridad Social.<\/li>\n\n\n\n<li><strong>Descansos<\/strong>: el registro horario debe incluir tambi\u00e9n los descansos diarios y semanales, as\u00ed como las pausas entre jornadas. Es importante asegurar que se respeten los tiempos de descanso establecidos por la ley para garantizar la salud y bienestar de los trabajadores.<\/li>\n\n\n\n<li><strong>Horas extraordinarias:<\/strong> el registro debe incluir las horas extraordinarias realizadas por los empleados. Estas deben compensarse seg\u00fan lo establecido en la legislaci\u00f3n laboral, ya sea mediante retribuci\u00f3n econ\u00f3mica o tiempo de descanso.<\/li>\n\n\n\n<li><strong>Modalidad:<\/strong> la ley no especifica un m\u00e9todo concreto para llevar a cabo el registro horario, permitiendo cierta flexibilidad. Los aut\u00f3nomos pueden elegir el sistema que mejor se adapte a su negocio, ya sea mediante hojas de c\u00e1lculo, aplicaciones m\u00f3viles o sistemas de fichaje electr\u00f3nico, siempre que sea fiable y no manipulable.<\/li>\n<\/ol>\n\n\n\n<p>Estos son, a grandes rasgos, los principales puntos que un aut\u00f3nomo con trabajadores a su cargo debe tener en cuenta respecto al registro horario. El incumplimiento de estas obligaciones puede acarrear consecuencias graves, incluyendo <strong>sanciones econ\u00f3micas que pueden ir desde los 626 euros hasta los 6250 euros.<\/strong><\/p>\n\n\n\n<p>M\u00e1s all\u00e1 de sanciones econ\u00f3micas, el control horario para aut\u00f3nomos <strong>tambi\u00e9n facilita la gesti\u00f3n de recursos humanos y la planificaci\u00f3n del trabajo<\/strong>. Ayuda a optimizar la productividad, asegura el cumplimiento de las horas acordadas y facilita el c\u00e1lculo de n\u00f3minas. Adem\u00e1s, proporciona transparencia en las relaciones laborales, lo que a su vez puede mejorar la satisfacci\u00f3n y retenci\u00f3n de los empleados.<\/p>\n\n\n\n<figure class=\"wp-block-image\"><a href=\"\/control-horario\/\" data-wpel-link=\"internal\" target=\"_blank\"><img decoding=\"async\" width=\"1360\" height=\"204\" src=\"https:\/\/www.bizneo.com\/blog\/wp-content\/uploads\/2024\/02\/banner_medio-herramienta-control-horario.jpg\" alt=\"Herramienta de control horario\" class=\"wp-image-44735\" srcset=\"https:\/\/www.bizneo.com\/blog\/wp-content\/uploads\/2024\/02\/banner_medio-herramienta-control-horario.jpg 1360w, https:\/\/www.bizneo.com\/blog\/wp-content\/uploads\/2024\/02\/banner_medio-herramienta-control-horario-300x45.jpg 300w, https:\/\/www.bizneo.com\/blog\/wp-content\/uploads\/2024\/02\/banner_medio-herramienta-control-horario-1024x154.jpg 1024w, https:\/\/www.bizneo.com\/blog\/wp-content\/uploads\/2024\/02\/banner_medio-herramienta-control-horario-768x115.jpg 768w, https:\/\/www.bizneo.com\/blog\/wp-content\/uploads\/2024\/02\/banner_medio-herramienta-control-horario-810x122.jpg 810w, https:\/\/www.bizneo.com\/blog\/wp-content\/uploads\/2024\/02\/banner_medio-herramienta-control-horario-1140x171.jpg 1140w\" sizes=\"(max-width: 1360px) 100vw, 1360px\" \/><\/a><\/figure>\n\n\n\n<h2 class=\"wp-block-heading\">C\u00f3mo optimizar el registro horario para aut\u00f3nomos con empleados<\/h2>\n\n\n\n<p>Los aut\u00f3nomos que hayan adquirido el estatus de empleador, sin importar el n\u00famero de empleados contratados, deber\u00e1n <a href=\"\/blog\/como-calcular-las-horas-de-trabajo\/\" data-wpel-link=\"internal\" target=\"_blank\">calcular y registrar las horas de trabajo<\/a>. Y aunque la opci\u00f3n de control horario <strong>mediante fichero de Excel, o incluso en papel, puede parecer atractiva por su simplicidad, no suele ser la m\u00e1s eficiente ni segura.<\/strong><\/p>\n\n\n\n<p>Un<strong> <a href=\"\/control-horario\/\" data-wpel-link=\"internal\" target=\"_blank\">software de control horario<\/a> se presenta como la opci\u00f3n m\u00e1s eficiente para el registro horario de aut\u00f3nomos con empleados<\/strong>. Sus m\u00faltiples opciones, unida a la facilidad de uso e integraci\u00f3n, as\u00ed como la automatizaci\u00f3n de los registros e informes, hacen de esta una herramienta muy \u00fatil tanto para el empleador como para los trabajadores.<\/p>\n\n\n\n<h3 class=\"wp-block-heading\">Cumplir con la ley<\/h3>\n\n\n\n<p>La ley exige que las horas trabajadas se <strong>registren y conserven de forma permanente durante 4 a\u00f1os<\/strong>. Adem\u00e1s, los registros deben ser f\u00e1cilmente accesibles para todas las partes.<\/p>\n\n\n\n<figure class=\"wp-block-image size-full\"><a href=\"\/control-horario\/\" target=\"_blank\" rel=\"noreferrer noopener\" data-wpel-link=\"internal\"><img decoding=\"async\" width=\"1500\" height=\"1103\" src=\"https:\/\/www.bizneo.com\/blog\/wp-content\/uploads\/2020\/11\/Registro-horas-trabajo.webp\" alt=\"Registro de horas de trabajo\" class=\"wp-image-17717\" srcset=\"https:\/\/www.bizneo.com\/blog\/wp-content\/uploads\/2020\/11\/Registro-horas-trabajo.webp 1500w, https:\/\/www.bizneo.com\/blog\/wp-content\/uploads\/2020\/11\/Registro-horas-trabajo-300x221.webp 300w, https:\/\/www.bizneo.com\/blog\/wp-content\/uploads\/2020\/11\/Registro-horas-trabajo-1024x753.webp 1024w, https:\/\/www.bizneo.com\/blog\/wp-content\/uploads\/2020\/11\/Registro-horas-trabajo-768x565.webp 768w, https:\/\/www.bizneo.com\/blog\/wp-content\/uploads\/2020\/11\/Registro-horas-trabajo-810x596.webp 810w, https:\/\/www.bizneo.com\/blog\/wp-content\/uploads\/2020\/11\/Registro-horas-trabajo-1140x838.webp 1140w\" sizes=\"(max-width: 1500px) 100vw, 1500px\" \/><\/a><\/figure>\n\n\n\n<p>Un software de control horario facilita su registro seguro y almacenamiento a lo largo del tiempo, <strong>simplificando su gesti\u00f3n y ahorrando tiempo.<\/strong> Y cuando hablamos de personas aut\u00f3nomas, esto es algo crucial, sobre todo en cuestiones de supervivencia econ\u00f3mica (en relaci\u00f3n tambi\u00e9n con las posibles multas).<\/p>\n\n\n\n<h3 class=\"wp-block-heading\">Productividad<\/h3>\n\n\n\n<p>Mientras que otros m\u00e9todos de registro de jornada para aut\u00f3nomos son m\u00e1s laboriosos y propensos a errores, un <strong>software de control horario automatiza gran parte del proceso<\/strong>. <\/p>\n\n\n\n<figure class=\"wp-block-image size-full\"><a href=\"\/control-horario\/\" target=\"_blank\" rel=\"noreferrer noopener\" data-wpel-link=\"internal\"><img decoding=\"async\" width=\"1500\" height=\"1006\" src=\"https:\/\/www.bizneo.com\/blog\/wp-content\/uploads\/2020\/11\/Software-de-RR-HH-para-control-horario.webp\" alt=\"Software de control horario\" class=\"wp-image-17715\" srcset=\"https:\/\/www.bizneo.com\/blog\/wp-content\/uploads\/2020\/11\/Software-de-RR-HH-para-control-horario.webp 1500w, https:\/\/www.bizneo.com\/blog\/wp-content\/uploads\/2020\/11\/Software-de-RR-HH-para-control-horario-300x201.webp 300w, https:\/\/www.bizneo.com\/blog\/wp-content\/uploads\/2020\/11\/Software-de-RR-HH-para-control-horario-1024x687.webp 1024w, https:\/\/www.bizneo.com\/blog\/wp-content\/uploads\/2020\/11\/Software-de-RR-HH-para-control-horario-768x515.webp 768w, https:\/\/www.bizneo.com\/blog\/wp-content\/uploads\/2020\/11\/Software-de-RR-HH-para-control-horario-810x543.webp 810w, https:\/\/www.bizneo.com\/blog\/wp-content\/uploads\/2020\/11\/Software-de-RR-HH-para-control-horario-1140x765.webp 1140w\" sizes=\"(max-width: 1500px) 100vw, 1500px\" \/><\/a><\/figure>\n\n\n\n<p>Esto no solo ahorra tiempo, sino que tambi\u00e9n reduce la posibilidad de errores humanos durante el registro. Los aut\u00f3nomos empleadores pueden<strong> dedicar su valioso tiempo a mejorar su negocio en lugar de labores m\u00e1s administrativas<\/strong>.<\/p>\n\n\n\n<p>Por su parte, los <strong>empleados pueden registrar su jornada laboral desde cualquier lugar<\/strong>, ya sea a trav\u00e9s del ordenador o mediante app m\u00f3vil. Adem\u00e1s, es posible contar con <strong>diferentes m\u00e9todos de fichaje<\/strong>: mediante PIN, cron\u00f3metro con reglas, c\u00f3digo QR, <a href=\"\/blog\/fichar-por-reconocimiento-facial\/\" data-wpel-link=\"internal\" target=\"_blank\">reconocimiento facial<\/a>, etc.<\/p>\n\n\n\n<figure class=\"wp-block-image size-large\"><a href=\"\/control-horario\/\" data-wpel-link=\"internal\" target=\"_blank\"><img decoding=\"async\" src=\"https:\/\/www.bizneo.com\/blog\/wp-content\/uploads\/2023\/01\/Sistemas-de-fichaje-para-control-de-presencia-1024x684.webp\" alt=\"Software de control de presencia\" class=\"wp-image-38338\"\/><\/a><\/figure>\n\n\n\n<p>Asimismo, estos pueden <strong>acceder f\u00e1cilmente a sus registros, verificar sus horas trabajadas y solicitar correcciones<\/strong> si es necesario. Esto no solo aumenta la transparencia, sino que tambi\u00e9n reduce la carga administrativa para el aut\u00f3nomo empleador.<\/p>\n\n\n\n<figure class=\"wp-block-image size-full\"><a href=\"https:\/\/hello.bizneo.com\/guia-absentismo-y-estrategia-en-rrhh\/?utm_content=post-banner\" data-wpel-link=\"internal\" target=\"_blank\"><img decoding=\"async\" width=\"1360\" height=\"204\" src=\"https:\/\/www.bizneo.com\/blog\/wp-content\/uploads\/2022\/03\/banner-absentismo.jpg\" alt=\"Gu\u00eda absentismo laboral\" class=\"wp-image-32298\" srcset=\"https:\/\/www.bizneo.com\/blog\/wp-content\/uploads\/2022\/03\/banner-absentismo.jpg 1360w, https:\/\/www.bizneo.com\/blog\/wp-content\/uploads\/2022\/03\/banner-absentismo-300x45.jpg 300w, https:\/\/www.bizneo.com\/blog\/wp-content\/uploads\/2022\/03\/banner-absentismo-1024x154.jpg 1024w, https:\/\/www.bizneo.com\/blog\/wp-content\/uploads\/2022\/03\/banner-absentismo-768x115.jpg 768w, https:\/\/www.bizneo.com\/blog\/wp-content\/uploads\/2022\/03\/banner-absentismo-810x122.jpg 810w, https:\/\/www.bizneo.com\/blog\/wp-content\/uploads\/2022\/03\/banner-absentismo-1140x171.jpg 1140w\" sizes=\"(max-width: 1360px) 100vw, 1360px\" \/><\/a><\/figure>\n\n\n\n<h3 class=\"wp-block-heading\">Descansos<\/h3>\n\n\n\n<p>Como ya hemos comentado, la ley de control horario tambi\u00e9n <strong>existe registrar y <a href=\"\/blog\/tiempo-efectivo-de-trabajo\/\" data-wpel-link=\"internal\" target=\"_blank\">monitorizar los descansos previstos<\/a> durante la jornada laboral<\/strong> de manera precisa, asegurando que se cumplan las normativas laborales. Esto no solo beneficia a los empleados, sino que tambi\u00e9n protege al aut\u00f3nomo empleador.<\/p>\n\n\n\n<figure class=\"wp-block-image size-full\"><a href=\"\/control-horario\/\" target=\"_blank\" rel=\"noopener noreferrer\" data-wpel-link=\"internal\"><img decoding=\"async\" width=\"1500\" height=\"1077\" src=\"https:\/\/www.bizneo.com\/blog\/wp-content\/uploads\/2020\/11\/app-control-horario-turnos.webp\" alt=\"App de turnos y control horario\" class=\"wp-image-18028\" srcset=\"https:\/\/www.bizneo.com\/blog\/wp-content\/uploads\/2020\/11\/app-control-horario-turnos.webp 1500w, https:\/\/www.bizneo.com\/blog\/wp-content\/uploads\/2020\/11\/app-control-horario-turnos-300x215.webp 300w, https:\/\/www.bizneo.com\/blog\/wp-content\/uploads\/2020\/11\/app-control-horario-turnos-1024x735.webp 1024w, https:\/\/www.bizneo.com\/blog\/wp-content\/uploads\/2020\/11\/app-control-horario-turnos-768x551.webp 768w, https:\/\/www.bizneo.com\/blog\/wp-content\/uploads\/2020\/11\/app-control-horario-turnos-810x582.webp 810w, https:\/\/www.bizneo.com\/blog\/wp-content\/uploads\/2020\/11\/app-control-horario-turnos-1140x819.webp 1140w\" sizes=\"(max-width: 1500px) 100vw, 1500px\" \/><\/a><\/figure>\n\n\n\n<p>De nuevo, un software de control horario es la mejor manera de registrar y gestionar estos descansos de manera eficiente. Estas herramientas suelen incluir <strong>funciones espec\u00edficas para el registro de pausas,<\/strong> permitiendo a los empleados marcar f\u00e1cilmente el inicio y fin de sus descansos.<\/p>\n\n\n\n<bzn-link><a href=\"\/control-horario\/\" id=\"destacado-control\" target=\"_blank\" rel=\"noopener noreferrer\" data-wpel-link=\"internal\"><span class=\"bzn-link-title\"><strong>SOFTWARE DE CONTROL HORARIO Y PRESENCIA<\/strong> <\/span>\u00a1La herramienta de Bizneo HR hace mucho m\u00e1s que registrar la jornada laboral!<\/a><\/bzn-link>\n\n\n\n<p><\/p>\n\n\n\n<h3 class=\"wp-block-heading\">Control de puntualidad<\/h3>\n\n\n\n<p>Aunque en Espa\u00f1a no ocurre como en Argentina, donde se premia monetariamente la puntualidad, este sigue siendo un aspecto importante del d\u00eda a d\u00eda. El <strong>registro de entrada y salida permite identificar patrones que pueden llevar a la mejora de la productividad.<\/strong><\/p>\n\n\n\n<figure class=\"wp-block-image size-full\"><a href=\"\/workflows\/\" data-wpel-link=\"internal\" target=\"_blank\"><img decoding=\"async\" width=\"1500\" height=\"1077\" src=\"https:\/\/www.bizneo.com\/blog\/wp-content\/uploads\/2023\/01\/workflows-e-incidencias-de-control-horario.webp\" alt=\"Workflows para control horario\" class=\"wp-image-38243\" srcset=\"https:\/\/www.bizneo.com\/blog\/wp-content\/uploads\/2023\/01\/workflows-e-incidencias-de-control-horario.webp 1500w, https:\/\/www.bizneo.com\/blog\/wp-content\/uploads\/2023\/01\/workflows-e-incidencias-de-control-horario-300x215.webp 300w, https:\/\/www.bizneo.com\/blog\/wp-content\/uploads\/2023\/01\/workflows-e-incidencias-de-control-horario-1024x735.webp 1024w, https:\/\/www.bizneo.com\/blog\/wp-content\/uploads\/2023\/01\/workflows-e-incidencias-de-control-horario-768x551.webp 768w, https:\/\/www.bizneo.com\/blog\/wp-content\/uploads\/2023\/01\/workflows-e-incidencias-de-control-horario-810x582.webp 810w, https:\/\/www.bizneo.com\/blog\/wp-content\/uploads\/2023\/01\/workflows-e-incidencias-de-control-horario-1140x819.webp 1140w\" sizes=\"(max-width: 1500px) 100vw, 1500px\" \/><\/a><\/figure>\n\n\n\n<p>Con un programa de control horario no solo es sencillo controlar la puntualidad, sino que tambi\u00e9n se pueden <strong>programar alertas para evitar olvidos de fichaje<\/strong>. De la misma forma, se puede establecer distintos <strong>umbrales de flexibilidad y minutos de cortes\u00eda<\/strong> para la llegada y salida de los empleados. Esto permite una gesti\u00f3n m\u00e1s flexible del tiempo de trabajo.<\/p>\n\n\n\n<h3 class=\"wp-block-heading\">Horas extras para aut\u00f3nomos con empleados<\/h3>\n\n\n\n<p>El <strong>registro preciso de las <\/strong><a href=\"https:\/\/www.bizneo.com\/blog\/control-de-horas-extra\/\" target=\"_blank\" rel=\"noreferrer noopener\" data-wpel-link=\"internal\"><strong>horas extras<\/strong> <\/a>es crucial tanto para el cumplimiento legal como para la gesti\u00f3n eficiente del negocio. Un software de control horario facilita el <strong>seguimiento detallado de estas horas adicionales<\/strong>, permitiendo su c\u00e1lculo autom\u00e1tico y asegurando una compensaci\u00f3n justa. Adem\u00e1s, proporciona datos valiosos sobre patrones de trabajo que pueden ayudar a optimizar la planificaci\u00f3n y distribuci\u00f3n de tareas.<\/p>\n\n\n\n<figure class=\"wp-block-image size-large\"><a href=\"\/control-horario\/\" data-wpel-link=\"internal\" target=\"_blank\"><img decoding=\"async\" width=\"1024\" height=\"735\" src=\"https:\/\/www.bizneo.com\/blog\/wp-content\/uploads\/2023\/01\/Bolsa-de-horas-de-trabajo-1024x735.webp\" alt=\"Bolsa de horas en el trabajo\" class=\"wp-image-38335\" srcset=\"https:\/\/www.bizneo.com\/blog\/wp-content\/uploads\/2023\/01\/Bolsa-de-horas-de-trabajo-1024x735.webp 1024w, https:\/\/www.bizneo.com\/blog\/wp-content\/uploads\/2023\/01\/Bolsa-de-horas-de-trabajo-300x215.webp 300w, https:\/\/www.bizneo.com\/blog\/wp-content\/uploads\/2023\/01\/Bolsa-de-horas-de-trabajo-768x551.webp 768w, https:\/\/www.bizneo.com\/blog\/wp-content\/uploads\/2023\/01\/Bolsa-de-horas-de-trabajo-810x582.webp 810w, https:\/\/www.bizneo.com\/blog\/wp-content\/uploads\/2023\/01\/Bolsa-de-horas-de-trabajo-1140x819.webp 1140w, https:\/\/www.bizneo.com\/blog\/wp-content\/uploads\/2023\/01\/Bolsa-de-horas-de-trabajo.webp 1500w\" sizes=\"(max-width: 1024px) 100vw, 1024px\" \/><\/a><\/figure>\n\n\n\n<p>Por otro lado, su <strong>integraci\u00f3n con un sistema de n\u00f3minas<\/strong> puede facilitar su contabilidad. Como las horas extras se pueden <a href=\"\/blog\/compensacion-laboral\/\" target=\"_blank\" rel=\"noreferrer noopener\" data-wpel-link=\"internal\">compensar<\/a> con horas libres o mediante su pago, es necesario <strong><a href=\"\/blog\/bolsa-de-horas-de-trabajo\/\" data-wpel-link=\"internal\" target=\"_blank\">automatizar la bolsa de horas<\/a> <\/strong>y la forma en que se van a compensar.<\/p>\n\n\n\n<p>Su automatizaci\u00f3n, empleando <strong>reglas y pol\u00edticas personalizadas <\/strong>que establecen el n\u00famero de horas extras que puede realizar cada trabajador, as\u00ed como los acuerdos de compensaci\u00f3n, evita que se generen conflictos y malentendidos.<\/p>\n\n\n\n<h3 class=\"wp-block-heading\">Pol\u00edticas de fichaje para aut\u00f3nomos con empleados<\/h3>\n\n\n\n<p>El registro horario de aut\u00f3nomos con personal a cargo puede incluir <strong>diferentes variantes que influyan en su control y registro.<\/strong> Por ejemplo, se pueden establecer horarios flexibles, de descanso, teletrabajo, turnos rotativos\u2026. Un software de control horario permite configurar estas <strong>pol\u00edticas de manera personalizada<\/strong>, adapt\u00e1ndose a la realidad de cada aut\u00f3nomo empleador y facilitando el cumplimiento legislativo.<\/p>\n\n\n\n<figure class=\"wp-block-image size-large\"><a href=\"\/control-horario\/\" data-wpel-link=\"internal\" target=\"_blank\"><img decoding=\"async\" width=\"1024\" height=\"735\" src=\"https:\/\/www.bizneo.com\/blog\/wp-content\/uploads\/2023\/01\/Configuracion-del-registro-y-control-de-horas-trabajadas-1024x735.webp\" alt=\"Configuraci\u00f3n del control horario\" class=\"wp-image-38336\" srcset=\"https:\/\/www.bizneo.com\/blog\/wp-content\/uploads\/2023\/01\/Configuracion-del-registro-y-control-de-horas-trabajadas-1024x735.webp 1024w, https:\/\/www.bizneo.com\/blog\/wp-content\/uploads\/2023\/01\/Configuracion-del-registro-y-control-de-horas-trabajadas-300x215.webp 300w, https:\/\/www.bizneo.com\/blog\/wp-content\/uploads\/2023\/01\/Configuracion-del-registro-y-control-de-horas-trabajadas-768x551.webp 768w, https:\/\/www.bizneo.com\/blog\/wp-content\/uploads\/2023\/01\/Configuracion-del-registro-y-control-de-horas-trabajadas-810x582.webp 810w, https:\/\/www.bizneo.com\/blog\/wp-content\/uploads\/2023\/01\/Configuracion-del-registro-y-control-de-horas-trabajadas-1140x819.webp 1140w, https:\/\/www.bizneo.com\/blog\/wp-content\/uploads\/2023\/01\/Configuracion-del-registro-y-control-de-horas-trabajadas.webp 1500w\" sizes=\"(max-width: 1024px) 100vw, 1024px\" \/><\/a><\/figure>\n\n\n\n<h3 class=\"wp-block-heading\">Informes para el registro de la jornada de los aut\u00f3nomos con trabajadores<\/h3>\n\n\n\n<p>M\u00e1s all\u00e1 de cumplir con la ley, el r<strong>egistro horario para aut\u00f3nomos empleadores es una oportunidad para evaluar y mejorar la rentabilidad de su negocio<\/strong>.<\/p>\n\n\n\n<figure class=\"wp-block-image size-full\"><a href=\"\/control-horario\/\" target=\"_blank\" rel=\"noreferrer noopener\" data-wpel-link=\"internal\"><img decoding=\"async\" width=\"1125\" height=\"915\" src=\"https:\/\/www.bizneo.com\/blog\/wp-content\/uploads\/2021\/05\/Informes-de-control-horario-y-turnos.webp\" alt=\"Informe de control horario para trabajadores\" class=\"wp-image-21838\" srcset=\"https:\/\/www.bizneo.com\/blog\/wp-content\/uploads\/2021\/05\/Informes-de-control-horario-y-turnos.webp 1125w, https:\/\/www.bizneo.com\/blog\/wp-content\/uploads\/2021\/05\/Informes-de-control-horario-y-turnos-300x244.webp 300w, https:\/\/www.bizneo.com\/blog\/wp-content\/uploads\/2021\/05\/Informes-de-control-horario-y-turnos-1024x833.webp 1024w, https:\/\/www.bizneo.com\/blog\/wp-content\/uploads\/2021\/05\/Informes-de-control-horario-y-turnos-768x625.webp 768w, https:\/\/www.bizneo.com\/blog\/wp-content\/uploads\/2021\/05\/Informes-de-control-horario-y-turnos-810x659.webp 810w\" sizes=\"(max-width: 1125px) 100vw, 1125px\" \/><\/a><\/figure>\n\n\n\n<p>Mediante la <strong>generaci\u00f3n autom\u00e1tica de informes<\/strong> que proporcionan este tipo de software, los aut\u00f3nomos pueden calcular f\u00e1cilmente distintas m\u00e9tricas como el absentismo, la productividad y los costes laborales. Tanto a nivel individual como colectivo, estos datos permiten tomar decisiones informadas sobre la gesti\u00f3n del tiempo y los recursos humanos.<\/p>\n\n\n\n<figure class=\"wp-block-image size-full\"><a href=\"\/control-horario\/\" data-wpel-link=\"internal\" target=\"_blank\"><img decoding=\"async\" width=\"1360\" height=\"408\" src=\"https:\/\/www.bizneo.com\/blog\/wp-content\/uploads\/2024\/02\/Banner-grande-software-control-horario.jpg\" alt=\"Software de control horario\" class=\"wp-image-44807\" srcset=\"https:\/\/www.bizneo.com\/blog\/wp-content\/uploads\/2024\/02\/Banner-grande-software-control-horario.jpg 1360w, https:\/\/www.bizneo.com\/blog\/wp-content\/uploads\/2024\/02\/Banner-grande-software-control-horario-300x90.jpg 300w, https:\/\/www.bizneo.com\/blog\/wp-content\/uploads\/2024\/02\/Banner-grande-software-control-horario-1024x307.jpg 1024w, https:\/\/www.bizneo.com\/blog\/wp-content\/uploads\/2024\/02\/Banner-grande-software-control-horario-768x230.jpg 768w, https:\/\/www.bizneo.com\/blog\/wp-content\/uploads\/2024\/02\/Banner-grande-software-control-horario-810x243.jpg 810w, https:\/\/www.bizneo.com\/blog\/wp-content\/uploads\/2024\/02\/Banner-grande-software-control-horario-1140x342.jpg 1140w\" sizes=\"(max-width: 1360px) 100vw, 1360px\" \/><\/a><\/figure>\n","protected":false},"excerpt":{"rendered":"<p>Si eres trabajador aut\u00f3nomo, es posible que te preguntes si es necesario realizar un registro de las horas de trabajo de tu jornada laboral. En este art\u00edculo repasamos la ley de control horario para dar respuesta a esta duda tan habitual. <\/p>\n","protected":false},"author":19,"featured_media":49331,"comment_status":"open","ping_status":"open","sticky":false,"template":"","format":"standard","meta":{"_uag_custom_page_level_css":"","site-sidebar-layout":"default","site-content-layout":"","ast-site-content-layout":"default","site-content-style":"default","site-sidebar-style":"default","ast-global-header-display":"","ast-banner-title-visibility":"","ast-main-header-display":"","ast-hfb-above-header-display":"","ast-hfb-below-header-display":"","ast-hfb-mobile-header-display":"","site-post-title":"","ast-breadcrumbs-content":"","ast-featured-img":"","footer-sml-layout":"","ast-disable-related-posts":"","theme-transparent-header-meta":"","adv-header-id-meta":"","stick-header-meta":"","header-above-stick-meta":"","header-main-stick-meta":"","header-below-stick-meta":"","astra-migrate-meta-layouts":"default","ast-page-background-enabled":"default","ast-page-background-meta":{"desktop":{"background-color":"var(--ast-global-color-5)","background-image":"","background-repeat":"repeat","background-position":"center center","background-size":"auto","background-attachment":"scroll","background-type":"","background-media":"","overlay-type":"","overlay-color":"","overlay-opacity":"","overlay-gradient":""},"tablet":{"background-color":"","background-image":"","background-repeat":"repeat","background-position":"center center","background-size":"auto","background-attachment":"scroll","background-type":"","background-media":"","overlay-type":"","overlay-color":"","overlay-opacity":"","overlay-gradient":""},"mobile":{"background-color":"","background-image":"","background-repeat":"repeat","background-position":"center center","background-size":"auto","background-attachment":"scroll","background-type":"","background-media":"","overlay-type":"","overlay-color":"","overlay-opacity":"","overlay-gradient":""}},"ast-content-background-meta":{"desktop":{"background-color":"var(--ast-global-color-4)","background-image":"","background-repeat":"repeat","background-position":"center center","background-size":"auto","background-attachment":"scroll","background-type":"","background-media":"","overlay-type":"","overlay-color":"","overlay-opacity":"","overlay-gradient":""},"tablet":{"background-color":"var(--ast-global-color-4)","background-image":"","background-repeat":"repeat","background-position":"center center","background-size":"auto","background-attachment":"scroll","background-type":"","background-media":"","overlay-type":"","overlay-color":"","overlay-opacity":"","overlay-gradient":""},"mobile":{"background-color":"var(--ast-global-color-4)","background-image":"","background-repeat":"repeat","background-position":"center center","background-size":"auto","background-attachment":"scroll","background-type":"","background-media":"","overlay-type":"","overlay-color":"","overlay-opacity":"","overlay-gradient":""}},"footnotes":""},"categories":[91],"tags":[],"class_list":["post-49329","post","type-post","status-publish","format-standard","has-post-thumbnail","hentry","category-control-horario"],"yoast_head":"<!-- This site is optimized with the Yoast SEO plugin v27.5 - https:\/\/yoast.com\/product\/yoast-seo-wordpress\/ -->\n<title>Registro horario en aut\u00f3nomos | \u00bfEs obligatorio? - Blog de Recursos Humanos de Bizneo HR: pr\u00e1ctico y actual<\/title>\n<meta name=\"description\" content=\"\u00bfEs obligatorio el registro horario en aut\u00f3nomos? En este art\u00edculo te ofrecemos la respuesta definitiva para distintas situaciones\" \/>\n<meta name=\"robots\" content=\"index, follow, max-snippet:-1, max-image-preview:large, max-video-preview:-1\" \/>\n<meta property=\"og:locale\" content=\"es_ES\" \/>\n<meta property=\"og:type\" content=\"article\" \/>\n<meta property=\"og:title\" content=\"Registro horario en aut\u00f3nomos | \u00bfEs obligatorio? - Blog de Recursos Humanos de Bizneo HR: pr\u00e1ctico y actual\" \/>\n<meta property=\"og:description\" content=\"\u00bfEs obligatorio el registro horario en aut\u00f3nomos? En este art\u00edculo te ofrecemos la respuesta definitiva para distintas situaciones\" \/>\n<meta property=\"og:url\" content=\"https:\/\/www.bizneo.com\/blog\/registro-horario-autonomos\/\" \/>\n<meta property=\"og:site_name\" content=\"Blog de Recursos Humanos de Bizneo HR: pr\u00e1ctico y actual\" \/>\n<meta property=\"article:published_time\" content=\"2024-12-18T08:30:16+00:00\" \/>\n<meta property=\"article:modified_time\" content=\"2024-12-23T08:30:15+00:00\" \/>\n<meta property=\"og:image\" content=\"https:\/\/www.bizneo.com\/blog\/wp-content\/uploads\/2024\/08\/Registro-horario-autonomos.jpg\" \/>\n\t<meta property=\"og:image:width\" content=\"1080\" \/>\n\t<meta property=\"og:image:height\" content=\"607\" \/>\n\t<meta property=\"og:image:type\" content=\"image\/jpeg\" \/>\n<meta name=\"author\" content=\"Manuel\" \/>\n<meta name=\"twitter:card\" content=\"summary_large_image\" \/>\n<meta name=\"twitter:label1\" content=\"Escrito por\" \/>\n\t<meta name=\"twitter:data1\" content=\"Manuel\" \/>\n\t<meta name=\"twitter:label2\" content=\"Tiempo de lectura\" \/>\n\t<meta name=\"twitter:data2\" content=\"12 minutos\" \/>\n<script type=\"application\/ld+json\" class=\"yoast-schema-graph\">{\"@context\":\"https:\\\/\\\/schema.org\",\"@graph\":[{\"@type\":[\"Article\",\"BlogPosting\"],\"@id\":\"https:\\\/\\\/www.bizneo.com\\\/blog\\\/registro-horario-autonomos\\\/#article\",\"isPartOf\":{\"@id\":\"https:\\\/\\\/www.bizneo.com\\\/blog\\\/registro-horario-autonomos\\\/\"},\"author\":{\"name\":\"Manuel\",\"@id\":\"https:\\\/\\\/www.bizneo.com\\\/blog\\\/#\\\/schema\\\/person\\\/c214ed4e57467dc66e9ad00ef27ff74e\"},\"headline\":\"Registro horario en aut\u00f3nomos | \u00bfEs obligatorio?\",\"datePublished\":\"2024-12-18T08:30:16+00:00\",\"dateModified\":\"2024-12-23T08:30:15+00:00\",\"mainEntityOfPage\":{\"@id\":\"https:\\\/\\\/www.bizneo.com\\\/blog\\\/registro-horario-autonomos\\\/\"},\"wordCount\":2210,\"commentCount\":0,\"publisher\":{\"@id\":\"https:\\\/\\\/www.bizneo.com\\\/blog\\\/#organization\"},\"image\":{\"@id\":\"https:\\\/\\\/www.bizneo.com\\\/blog\\\/registro-horario-autonomos\\\/#primaryimage\"},\"thumbnailUrl\":\"https:\\\/\\\/www.bizneo.com\\\/blog\\\/wp-content\\\/uploads\\\/2024\\\/08\\\/Registro-horario-autonomos.jpg\",\"articleSection\":[\"Control Horario\"],\"inLanguage\":\"es\",\"potentialAction\":[{\"@type\":\"CommentAction\",\"name\":\"Comment\",\"target\":[\"https:\\\/\\\/www.bizneo.com\\\/blog\\\/registro-horario-autonomos\\\/#respond\"]}]},{\"@type\":\"WebPage\",\"@id\":\"https:\\\/\\\/www.bizneo.com\\\/blog\\\/registro-horario-autonomos\\\/\",\"url\":\"https:\\\/\\\/www.bizneo.com\\\/blog\\\/registro-horario-autonomos\\\/\",\"name\":\"Registro horario en aut\u00f3nomos | \u00bfEs obligatorio? - Blog de Recursos Humanos de Bizneo HR: pr\u00e1ctico y actual\",\"isPartOf\":{\"@id\":\"https:\\\/\\\/www.bizneo.com\\\/blog\\\/#website\"},\"primaryImageOfPage\":{\"@id\":\"https:\\\/\\\/www.bizneo.com\\\/blog\\\/registro-horario-autonomos\\\/#primaryimage\"},\"image\":{\"@id\":\"https:\\\/\\\/www.bizneo.com\\\/blog\\\/registro-horario-autonomos\\\/#primaryimage\"},\"thumbnailUrl\":\"https:\\\/\\\/www.bizneo.com\\\/blog\\\/wp-content\\\/uploads\\\/2024\\\/08\\\/Registro-horario-autonomos.jpg\",\"datePublished\":\"2024-12-18T08:30:16+00:00\",\"dateModified\":\"2024-12-23T08:30:15+00:00\",\"description\":\"\u00bfEs obligatorio el registro horario en aut\u00f3nomos? En este art\u00edculo te ofrecemos la respuesta definitiva para distintas situaciones\",\"breadcrumb\":{\"@id\":\"https:\\\/\\\/www.bizneo.com\\\/blog\\\/registro-horario-autonomos\\\/#breadcrumb\"},\"inLanguage\":\"es\",\"potentialAction\":[{\"@type\":\"ReadAction\",\"target\":[\"https:\\\/\\\/www.bizneo.com\\\/blog\\\/registro-horario-autonomos\\\/\"]}]},{\"@type\":\"ImageObject\",\"inLanguage\":\"es\",\"@id\":\"https:\\\/\\\/www.bizneo.com\\\/blog\\\/registro-horario-autonomos\\\/#primaryimage\",\"url\":\"https:\\\/\\\/www.bizneo.com\\\/blog\\\/wp-content\\\/uploads\\\/2024\\\/08\\\/Registro-horario-autonomos.jpg\",\"contentUrl\":\"https:\\\/\\\/www.bizneo.com\\\/blog\\\/wp-content\\\/uploads\\\/2024\\\/08\\\/Registro-horario-autonomos.jpg\",\"width\":1080,\"height\":607,\"caption\":\"Registro horario en aut\u00f3nomos\"},{\"@type\":\"BreadcrumbList\",\"@id\":\"https:\\\/\\\/www.bizneo.com\\\/blog\\\/registro-horario-autonomos\\\/#breadcrumb\",\"itemListElement\":[{\"@type\":\"ListItem\",\"position\":1,\"name\":\"Portada\",\"item\":\"https:\\\/\\\/www.bizneo.com\\\/blog\\\/\"},{\"@type\":\"ListItem\",\"position\":2,\"name\":\"Gesti\u00f3n del Tiempo\",\"item\":\"https:\\\/\\\/www.bizneo.com\\\/blog\\\/category\\\/gestion-del-tiempo\\\/\"},{\"@type\":\"ListItem\",\"position\":3,\"name\":\"Control Horario\",\"item\":\"https:\\\/\\\/www.bizneo.com\\\/blog\\\/category\\\/gestion-del-tiempo\\\/control-horario\\\/\"},{\"@type\":\"ListItem\",\"position\":4,\"name\":\"Registro horario en aut\u00f3nomos | \u00bfEs obligatorio?\"}]},{\"@type\":\"WebSite\",\"@id\":\"https:\\\/\\\/www.bizneo.com\\\/blog\\\/#website\",\"url\":\"https:\\\/\\\/www.bizneo.com\\\/blog\\\/\",\"name\":\"Blog de Recursos Humanos de Bizneo HR: pr\u00e1ctico y actual\",\"description\":\"Todo sobre actualidad, herramientas y tecnolog\u00eda  para optimizar la gesti\u00f3n del talento humano\",\"publisher\":{\"@id\":\"https:\\\/\\\/www.bizneo.com\\\/blog\\\/#organization\"},\"potentialAction\":[{\"@type\":\"SearchAction\",\"target\":{\"@type\":\"EntryPoint\",\"urlTemplate\":\"https:\\\/\\\/www.bizneo.com\\\/blog\\\/?s={search_term_string}\"},\"query-input\":{\"@type\":\"PropertyValueSpecification\",\"valueRequired\":true,\"valueName\":\"search_term_string\"}}],\"inLanguage\":\"es\"},{\"@type\":\"Organization\",\"@id\":\"https:\\\/\\\/www.bizneo.com\\\/blog\\\/#organization\",\"name\":\"Bizneo HR\",\"url\":\"https:\\\/\\\/www.bizneo.com\\\/blog\\\/\",\"logo\":{\"@type\":\"ImageObject\",\"inLanguage\":\"es\",\"@id\":\"https:\\\/\\\/www.bizneo.com\\\/blog\\\/#\\\/schema\\\/logo\\\/image\\\/\",\"url\":\"https:\\\/\\\/www.bizneo.com\\\/blog\\\/wp-content\\\/uploads\\\/2020\\\/09\\\/Icono-Logo-Bizneo-HR.png\",\"contentUrl\":\"https:\\\/\\\/www.bizneo.com\\\/blog\\\/wp-content\\\/uploads\\\/2020\\\/09\\\/Icono-Logo-Bizneo-HR.png\",\"width\":834,\"height\":834,\"caption\":\"Bizneo HR\"},\"image\":{\"@id\":\"https:\\\/\\\/www.bizneo.com\\\/blog\\\/#\\\/schema\\\/logo\\\/image\\\/\"}},{\"@type\":\"Person\",\"@id\":\"https:\\\/\\\/www.bizneo.com\\\/blog\\\/#\\\/schema\\\/person\\\/c214ed4e57467dc66e9ad00ef27ff74e\",\"name\":\"Manuel\",\"image\":{\"@type\":\"ImageObject\",\"inLanguage\":\"es\",\"@id\":\"https:\\\/\\\/secure.gravatar.com\\\/avatar\\\/22bbee4d392ae2a2b505779bfca638dc9fa78ae739ef1b72ea1d6b7ed752fcb2?s=96&d=mm&r=g\",\"url\":\"https:\\\/\\\/secure.gravatar.com\\\/avatar\\\/22bbee4d392ae2a2b505779bfca638dc9fa78ae739ef1b72ea1d6b7ed752fcb2?s=96&d=mm&r=g\",\"contentUrl\":\"https:\\\/\\\/secure.gravatar.com\\\/avatar\\\/22bbee4d392ae2a2b505779bfca638dc9fa78ae739ef1b72ea1d6b7ed752fcb2?s=96&d=mm&r=g\",\"caption\":\"Manuel\"},\"sameAs\":[\"https:\\\/\\\/www.linkedin.com\\\/in\\\/manuel-martin-redactor-seo\\\/\"],\"url\":\"https:\\\/\\\/www.bizneo.com\\\/blog\\\/author\\\/manuel\\\/\"}]}<\/script>\n<!-- \/ Yoast SEO plugin. -->","yoast_head_json":{"title":"Registro horario en aut\u00f3nomos | \u00bfEs obligatorio? - Blog de Recursos Humanos de Bizneo HR: pr\u00e1ctico y actual","description":"\u00bfEs obligatorio el registro horario en aut\u00f3nomos? En este art\u00edculo te ofrecemos la respuesta definitiva para distintas situaciones","robots":{"index":"index","follow":"follow","max-snippet":"max-snippet:-1","max-image-preview":"max-image-preview:large","max-video-preview":"max-video-preview:-1"},"og_locale":"es_ES","og_type":"article","og_title":"Registro horario en aut\u00f3nomos | \u00bfEs obligatorio? - Blog de Recursos Humanos de Bizneo HR: pr\u00e1ctico y actual","og_description":"\u00bfEs obligatorio el registro horario en aut\u00f3nomos? En este art\u00edculo te ofrecemos la respuesta definitiva para distintas situaciones","og_url":"https:\/\/www.bizneo.com\/blog\/registro-horario-autonomos\/","og_site_name":"Blog de Recursos Humanos de Bizneo HR: pr\u00e1ctico y actual","article_published_time":"2024-12-18T08:30:16+00:00","article_modified_time":"2024-12-23T08:30:15+00:00","og_image":[{"width":1080,"height":607,"url":"https:\/\/www.bizneo.com\/blog\/wp-content\/uploads\/2024\/08\/Registro-horario-autonomos.jpg","type":"image\/jpeg"}],"author":"Manuel","twitter_card":"summary_large_image","twitter_misc":{"Escrito por":"Manuel","Tiempo de lectura":"12 minutos"},"schema":{"@context":"https:\/\/schema.org","@graph":[{"@type":["Article","BlogPosting"],"@id":"https:\/\/www.bizneo.com\/blog\/registro-horario-autonomos\/#article","isPartOf":{"@id":"https:\/\/www.bizneo.com\/blog\/registro-horario-autonomos\/"},"author":{"name":"Manuel","@id":"https:\/\/www.bizneo.com\/blog\/#\/schema\/person\/c214ed4e57467dc66e9ad00ef27ff74e"},"headline":"Registro horario en aut\u00f3nomos | \u00bfEs obligatorio?","datePublished":"2024-12-18T08:30:16+00:00","dateModified":"2024-12-23T08:30:15+00:00","mainEntityOfPage":{"@id":"https:\/\/www.bizneo.com\/blog\/registro-horario-autonomos\/"},"wordCount":2210,"commentCount":0,"publisher":{"@id":"https:\/\/www.bizneo.com\/blog\/#organization"},"image":{"@id":"https:\/\/www.bizneo.com\/blog\/registro-horario-autonomos\/#primaryimage"},"thumbnailUrl":"https:\/\/www.bizneo.com\/blog\/wp-content\/uploads\/2024\/08\/Registro-horario-autonomos.jpg","articleSection":["Control Horario"],"inLanguage":"es","potentialAction":[{"@type":"CommentAction","name":"Comment","target":["https:\/\/www.bizneo.com\/blog\/registro-horario-autonomos\/#respond"]}]},{"@type":"WebPage","@id":"https:\/\/www.bizneo.com\/blog\/registro-horario-autonomos\/","url":"https:\/\/www.bizneo.com\/blog\/registro-horario-autonomos\/","name":"Registro horario en aut\u00f3nomos | \u00bfEs obligatorio? - Blog de Recursos Humanos de Bizneo HR: pr\u00e1ctico y actual","isPartOf":{"@id":"https:\/\/www.bizneo.com\/blog\/#website"},"primaryImageOfPage":{"@id":"https:\/\/www.bizneo.com\/blog\/registro-horario-autonomos\/#primaryimage"},"image":{"@id":"https:\/\/www.bizneo.com\/blog\/registro-horario-autonomos\/#primaryimage"},"thumbnailUrl":"https:\/\/www.bizneo.com\/blog\/wp-content\/uploads\/2024\/08\/Registro-horario-autonomos.jpg","datePublished":"2024-12-18T08:30:16+00:00","dateModified":"2024-12-23T08:30:15+00:00","description":"\u00bfEs obligatorio el registro horario en aut\u00f3nomos? En este art\u00edculo te ofrecemos la respuesta definitiva para distintas situaciones","breadcrumb":{"@id":"https:\/\/www.bizneo.com\/blog\/registro-horario-autonomos\/#breadcrumb"},"inLanguage":"es","potentialAction":[{"@type":"ReadAction","target":["https:\/\/www.bizneo.com\/blog\/registro-horario-autonomos\/"]}]},{"@type":"ImageObject","inLanguage":"es","@id":"https:\/\/www.bizneo.com\/blog\/registro-horario-autonomos\/#primaryimage","url":"https:\/\/www.bizneo.com\/blog\/wp-content\/uploads\/2024\/08\/Registro-horario-autonomos.jpg","contentUrl":"https:\/\/www.bizneo.com\/blog\/wp-content\/uploads\/2024\/08\/Registro-horario-autonomos.jpg","width":1080,"height":607,"caption":"Registro horario en aut\u00f3nomos"},{"@type":"BreadcrumbList","@id":"https:\/\/www.bizneo.com\/blog\/registro-horario-autonomos\/#breadcrumb","itemListElement":[{"@type":"ListItem","position":1,"name":"Portada","item":"https:\/\/www.bizneo.com\/blog\/"},{"@type":"ListItem","position":2,"name":"Gesti\u00f3n del Tiempo","item":"https:\/\/www.bizneo.com\/blog\/category\/gestion-del-tiempo\/"},{"@type":"ListItem","position":3,"name":"Control Horario","item":"https:\/\/www.bizneo.com\/blog\/category\/gestion-del-tiempo\/control-horario\/"},{"@type":"ListItem","position":4,"name":"Registro horario en aut\u00f3nomos | \u00bfEs obligatorio?"}]},{"@type":"WebSite","@id":"https:\/\/www.bizneo.com\/blog\/#website","url":"https:\/\/www.bizneo.com\/blog\/","name":"Blog de Recursos Humanos de Bizneo HR: pr\u00e1ctico y actual","description":"Todo sobre actualidad, herramientas y tecnolog\u00eda  para optimizar la gesti\u00f3n del talento humano","publisher":{"@id":"https:\/\/www.bizneo.com\/blog\/#organization"},"potentialAction":[{"@type":"SearchAction","target":{"@type":"EntryPoint","urlTemplate":"https:\/\/www.bizneo.com\/blog\/?s={search_term_string}"},"query-input":{"@type":"PropertyValueSpecification","valueRequired":true,"valueName":"search_term_string"}}],"inLanguage":"es"},{"@type":"Organization","@id":"https:\/\/www.bizneo.com\/blog\/#organization","name":"Bizneo HR","url":"https:\/\/www.bizneo.com\/blog\/","logo":{"@type":"ImageObject","inLanguage":"es","@id":"https:\/\/www.bizneo.com\/blog\/#\/schema\/logo\/image\/","url":"https:\/\/www.bizneo.com\/blog\/wp-content\/uploads\/2020\/09\/Icono-Logo-Bizneo-HR.png","contentUrl":"https:\/\/www.bizneo.com\/blog\/wp-content\/uploads\/2020\/09\/Icono-Logo-Bizneo-HR.png","width":834,"height":834,"caption":"Bizneo HR"},"image":{"@id":"https:\/\/www.bizneo.com\/blog\/#\/schema\/logo\/image\/"}},{"@type":"Person","@id":"https:\/\/www.bizneo.com\/blog\/#\/schema\/person\/c214ed4e57467dc66e9ad00ef27ff74e","name":"Manuel","image":{"@type":"ImageObject","inLanguage":"es","@id":"https:\/\/secure.gravatar.com\/avatar\/22bbee4d392ae2a2b505779bfca638dc9fa78ae739ef1b72ea1d6b7ed752fcb2?s=96&d=mm&r=g","url":"https:\/\/secure.gravatar.com\/avatar\/22bbee4d392ae2a2b505779bfca638dc9fa78ae739ef1b72ea1d6b7ed752fcb2?s=96&d=mm&r=g","contentUrl":"https:\/\/secure.gravatar.com\/avatar\/22bbee4d392ae2a2b505779bfca638dc9fa78ae739ef1b72ea1d6b7ed752fcb2?s=96&d=mm&r=g","caption":"Manuel"},"sameAs":["https:\/\/www.linkedin.com\/in\/manuel-martin-redactor-seo\/"],"url":"https:\/\/www.bizneo.com\/blog\/author\/manuel\/"}]}},"spectra_custom_meta":{"_edit_lock":["1769464974:47"],"_thumbnail_id":["49331"],"_edit_last":["10"],"onesignal_meta_box_present":["1"],"onesignal_send_notification":[""],"onesignal_modify_title_and_content":[""],"onesignal_notification_custom_heading":[null],"onesignal_notification_custom_content":[null],"wp_review_type":["none"],"_vce_meta":["a:4:{s:11:\"use_sidebar\";s:7:\"inherit\";s:7:\"sidebar\";s:7:\"inherit\";s:14:\"sticky_sidebar\";s:7:\"inherit\";s:6:\"layout\";s:7:\"inherit\";}"],"_yoast_wpseo_primary_category":["91"],"_yoast_wpseo_estimated-reading-time-minutes":["12"],"_yoast_wpseo_focuskw":["registro horario en aut\u00f3nomos"],"_yoast_wpseo_linkdex":["81"],"_yoast_wpseo_metadesc":["\u00bfEs obligatorio el registro horario en aut\u00f3nomos? En este art\u00edculo te ofrecemos la respuesta definitiva para distintas situaciones"],"Views":["734"],"_yoast_wpseo_content_score":["90"],"_uag_css_file_name":["uag-css-49329.css"],"_uag_page_assets":["a:9:{s:3:\"css\";s:263:\".uag-blocks-common-selector{z-index:var(--z-index-desktop) !important}@media (max-width: 976px){.uag-blocks-common-selector{z-index:var(--z-index-tablet) !important}}@media (max-width: 767px){.uag-blocks-common-selector{z-index:var(--z-index-mobile) !important}}\n\";s:2:\"js\";s:0:\"\";s:18:\"current_block_list\";a:9:{i:0;s:14:\"core\/paragraph\";i:1;s:12:\"core\/heading\";i:2;s:10:\"core\/quote\";i:3;s:10:\"core\/image\";i:4;s:9:\"core\/list\";i:5;s:14:\"core\/list-item\";i:6;s:9:\"core\/html\";i:7;s:12:\"core\/details\";i:8;s:14:\"core\/shortcode\";}s:8:\"uag_flag\";b:0;s:11:\"uag_version\";s:10:\"1777548730\";s:6:\"gfonts\";a:0:{}s:10:\"gfonts_url\";s:0:\"\";s:12:\"gfonts_files\";a:0:{}s:14:\"uag_faq_layout\";b:0;}"]},"uagb_featured_image_src":{"full":["https:\/\/www.bizneo.com\/blog\/wp-content\/uploads\/2024\/08\/Registro-horario-autonomos.jpg",1080,607,false],"thumbnail":["https:\/\/www.bizneo.com\/blog\/wp-content\/uploads\/2024\/08\/Registro-horario-autonomos-150x150.jpg",150,150,true],"medium":["https:\/\/www.bizneo.com\/blog\/wp-content\/uploads\/2024\/08\/Registro-horario-autonomos-300x169.jpg",300,169,true],"medium_large":["https:\/\/www.bizneo.com\/blog\/wp-content\/uploads\/2024\/08\/Registro-horario-autonomos-768x432.jpg",768,432,true],"large":["https:\/\/www.bizneo.com\/blog\/wp-content\/uploads\/2024\/08\/Registro-horario-autonomos-1024x576.jpg",1024,576,true],"1536x1536":["https:\/\/www.bizneo.com\/blog\/wp-content\/uploads\/2024\/08\/Registro-horario-autonomos.jpg",1080,607,false],"2048x2048":["https:\/\/www.bizneo.com\/blog\/wp-content\/uploads\/2024\/08\/Registro-horario-autonomos.jpg",1080,607,false]},"uagb_author_info":{"display_name":"Manuel","author_link":"https:\/\/www.bizneo.com\/blog\/author\/manuel\/"},"uagb_comment_info":0,"uagb_excerpt":"Si eres trabajador aut\u00f3nomo, es posible que te preguntes si es necesario realizar un registro de las horas de trabajo de tu jornada laboral. En este art\u00edculo repasamos la ley de control horario para dar respuesta a esta duda tan habitual.","_links":{"self":[{"href":"https:\/\/www.bizneo.com\/blog\/wp-json\/wp\/v2\/posts\/49329","targetHints":{"allow":["GET"]}}],"collection":[{"href":"https:\/\/www.bizneo.com\/blog\/wp-json\/wp\/v2\/posts"}],"about":[{"href":"https:\/\/www.bizneo.com\/blog\/wp-json\/wp\/v2\/types\/post"}],"author":[{"embeddable":true,"href":"https:\/\/www.bizneo.com\/blog\/wp-json\/wp\/v2\/users\/19"}],"replies":[{"embeddable":true,"href":"https:\/\/www.bizneo.com\/blog\/wp-json\/wp\/v2\/comments?post=49329"}],"version-history":[{"count":10,"href":"https:\/\/www.bizneo.com\/blog\/wp-json\/wp\/v2\/posts\/49329\/revisions"}],"predecessor-version":[{"id":51637,"href":"https:\/\/www.bizneo.com\/blog\/wp-json\/wp\/v2\/posts\/49329\/revisions\/51637"}],"wp:featuredmedia":[{"embeddable":true,"href":"https:\/\/www.bizneo.com\/blog\/wp-json\/wp\/v2\/media\/49331"}],"wp:attachment":[{"href":"https:\/\/www.bizneo.com\/blog\/wp-json\/wp\/v2\/media?parent=49329"}],"wp:term":[{"taxonomy":"category","embeddable":true,"href":"https:\/\/www.bizneo.com\/blog\/wp-json\/wp\/v2\/categories?post=49329"},{"taxonomy":"post_tag","embeddable":true,"href":"https:\/\/www.bizneo.com\/blog\/wp-json\/wp\/v2\/tags?post=49329"}],"curies":[{"name":"wp","href":"https:\/\/api.w.org\/{rel}","templated":true}]}}