{"id":47616,"date":"2024-11-20T15:31:00","date_gmt":"2024-11-20T14:31:00","guid":{"rendered":"https:\/\/www.bizneo.com\/blog\/?p=47616"},"modified":"2026-01-26T23:17:33","modified_gmt":"2026-01-26T22:17:33","slug":"piano-sviluppo","status":"publish","type":"post","link":"https:\/\/www.bizneo.com\/blog\/it\/piano-sviluppo\/","title":{"rendered":"Piano di sviluppo: come implementarlo nella tua azienda"},"content":{"rendered":"\n<p>I <strong>piani di sviluppo professionale<\/strong> e personale sono strettamente correlati. \u00c8 importante che le aziende li comprendano in modo completo, in quanto le performance dei dipendenti dipendono anche dall&#8217;evoluzione delle loro competenze e dal loro benessere sul lavoro.<\/p>\n\n\n\n<p>Sapere come incoraggiare <strong>lo sviluppo dei dipendenti ha un impatto positivo sulla produttivit\u00e0<\/strong> e, se ben gestito, sulla qualit\u00e0 della vita delle persone. Le organizzazioni devono aggiungere competenze in aree specifiche, mantenere il personale in costante formazione e implementare nuovi metodi di lavoro per incrementare le loro carriere.<\/p>\n\n\n\n<h2 class=\"wp-block-heading\">Cos&#8217;\u00e8 lo sviluppo professionale?<\/h2>\n\n\n\n<p>Lo <strong>sviluppo professionale<\/strong> \u00e8 un processo continuo caratterizzato<strong> dal desiderio di auto-miglioramento del dipendente<\/strong>. Cio\u00e8 quando un dipendente, nel corso del tempo, accumula, arricchisce e migliora le proprie esperienze, competenze e relazioni sul lavoro.<\/p>\n\n\n\n<p>Quando evolve come lavoratore e come persona, <strong>quando raggiunge le sue aspirazioni e le sue sfide<\/strong>. In breve, lo sviluppo professionale si ottiene quando si \u00e8 un lavoratore migliore.<\/p>\n\n\n\n<figure class=\"wp-block-image size-full\"><a href=\"\/it\/hr-analytics\/\" data-wpel-link=\"internal\" target=\"_blank\"><img decoding=\"async\" src=\"https:\/\/www.bizneo.com\/blog\/wp-content\/uploads\/2024\/11\/Rapporti-di-valutazione-del-talento-e-competenze.webp\" alt=\"Rapporti di valutazione del talento e competenze\" class=\"wp-image-27592\"\/><\/a><\/figure>\n\n\n\n<p>Lo sviluppo lavorativo <strong>si basa su una combinazione di abitudini personali<\/strong><em> <\/em>(impegno, sforzo, responsabilit\u00e0, ecc.) <strong>e di sviluppo professionale nel proprio lavoro<\/strong>. Entrambe le aree, se ben gestite, portano alla soddisfazione e al miglioramento della produttivit\u00e0.<\/p>\n\n\n\n<h2 class=\"wp-block-heading\">Fasi dello sviluppo professionale dei lavoratori<\/h2>\n\n\n\n<p>Lo sviluppo professionale basa su cinque fasi.<\/p>\n\n\n\n<h3 class=\"wp-block-heading\">Crescita (0-14 a\u00f1os)<\/h3>\n\n\n\n<p>Durante questo periodo, la persona esplora gli interessi, interagisce con gli altri, sviluppa la propria personalit\u00e0 ed entra nelle aree educative in cui sar\u00e0 formata.<\/p>\n\n\n\n<h3 class=\"wp-block-heading\">Esplorazione (15-24 a\u00f1os)<\/h3>\n\n\n\n<p>I <strong>primi passi del piano di sviluppo professionale<\/strong>. L&#8217;adolescente scopre i propri interessi e inizia a svilupparli attraverso una formazione pi\u00f9 specializzata (universit\u00e0, esperienze lavorative, primi lavori). Una fase di ansia di imparare ma in cui non c&#8217;\u00e8 ancora esperienza.<\/p>\n\n\n\n<figure class=\"wp-block-image size-large\"><a href=\"https:\/\/hello.bizneo.com\/template\/strategia-ciclo-vita-dipendente\/?utm_content=post-banner-medio\" data-wpel-link=\"internal\" target=\"_blank\"><img decoding=\"async\" width=\"1024\" height=\"154\" src=\"https:\/\/www.bizneo.com\/blog\/wp-content\/uploads\/2025\/07\/banner-ciclo-vita-dipendente-1024x154.jpg\" alt=\"banner ciclo vita dipendente\" class=\"wp-image-55119\" srcset=\"https:\/\/www.bizneo.com\/blog\/wp-content\/uploads\/2025\/07\/banner-ciclo-vita-dipendente-1024x154.jpg 1024w, https:\/\/www.bizneo.com\/blog\/wp-content\/uploads\/2025\/07\/banner-ciclo-vita-dipendente-300x45.jpg 300w, https:\/\/www.bizneo.com\/blog\/wp-content\/uploads\/2025\/07\/banner-ciclo-vita-dipendente-768x115.jpg 768w, https:\/\/www.bizneo.com\/blog\/wp-content\/uploads\/2025\/07\/banner-ciclo-vita-dipendente-810x122.jpg 810w, https:\/\/www.bizneo.com\/blog\/wp-content\/uploads\/2025\/07\/banner-ciclo-vita-dipendente-1140x171.jpg 1140w, https:\/\/www.bizneo.com\/blog\/wp-content\/uploads\/2025\/07\/banner-ciclo-vita-dipendente.jpg 1360w\" sizes=\"(max-width: 1024px) 100vw, 1024px\" \/><\/a><\/figure>\n\n\n\n<h3 class=\"wp-block-heading\">Stabilizzazione (25-44 a\u00f1os)<\/h3>\n\n\n\n<p>Si definisce la propria personalit\u00e0 ed \u00e8 ora di stabilirsi nel settore lavorativo desiderato. A poco a poco iniziate a costruire la vostra carriera. Siete alla ricerca di maggiori opportunit\u00e0 per acquisire esperienza e sviluppo professionale. Pertanto, le aziende dovrebbero prevedere piani di promozione interna per i lavoratori di questa fascia. Questo \u00e8 il momento in cui si cerca una promozione e si raggiungono posizioni di responsabilit\u00e0.<\/p>\n\n\n\n<h3 class=\"wp-block-heading\">Mantenimento e consolidamento (45-64 anni)<\/h3>\n\n\n\n<p>La persona si concentra sul mantenimento della propria posizione, si fa un nome nella propria professione e inizia la fase di insegnamento ai pi\u00f9 giovani. Allo stesso tempo, sar\u00e0 il momento di fare da leader e raggiungere grandi traguardi.<\/p>\n\n\n\n<h3 class=\"wp-block-heading\">Declino (65 anni e oltre)<\/h3>\n\n\n\n<p>Progressivamente, la produttivit\u00e0 della persona diminuisce e le opportunit\u00e0 si riducono. Si avvicina il momento del pensionamento e della pianificazione della successione aziendale.<\/p>\n\n\n\n<bzn-info><a href=\"\/blog\/it\/piano-carriera-dipendenti\/\" id=\"destacado-post\" target=\"_blank\" rel=\"noopener noreferrer\" data-wpel-link=\"internal\"><span class=\"bzn-link-title\"><strong>Come creare un piano di carriera per i tuoi dipendenti <\/strong> <\/span>Scopri perch\u00e9 e come implementare un piano di crescita in azienda.<\/a><\/bzn-info>\n\n\n\n<p><\/p>\n\n\n\n<h2 class=\"wp-block-heading\">Importanza del piano di sviluppo professionale<\/h2>\n\n\n\n<p>Il <strong>piano di sviluppo professionale<\/strong> \u00e8 diventato un&#8217;area chiave nelle organizzazioni perch\u00e9 riduce diversi inconvenienti per il dipartimento Risorse Umane.<\/p>\n\n\n\n<figure class=\"wp-block-image size-full\"><a href=\"\/it\/formazione-personale\/\" data-wpel-link=\"internal\" target=\"_blank\"><img decoding=\"async\" width=\"1500\" height=\"1094\" src=\"https:\/\/www.bizneo.com\/blog\/wp-content\/uploads\/2021\/09\/percorsi-formativi.webp\" alt=\" Percorsi formativi \" class=\"wp-image-26574\" srcset=\"https:\/\/www.bizneo.com\/blog\/wp-content\/uploads\/2021\/09\/percorsi-formativi.webp 1500w, https:\/\/www.bizneo.com\/blog\/wp-content\/uploads\/2021\/09\/percorsi-formativi-300x219.webp 300w, https:\/\/www.bizneo.com\/blog\/wp-content\/uploads\/2021\/09\/percorsi-formativi-1024x747.webp 1024w, https:\/\/www.bizneo.com\/blog\/wp-content\/uploads\/2021\/09\/percorsi-formativi-768x560.webp 768w, https:\/\/www.bizneo.com\/blog\/wp-content\/uploads\/2021\/09\/percorsi-formativi-810x591.webp 810w, https:\/\/www.bizneo.com\/blog\/wp-content\/uploads\/2021\/09\/percorsi-formativi-1140x831.webp 1140w\" sizes=\"(max-width: 1500px) 100vw, 1500px\" \/><\/a><\/figure>\n\n\n\n<p>\u00c8 necessario intendere lo sviluppo professionale come un <strong>adattamento progressivo e naturale al lavoro<\/strong>, con l&#8217;obiettivo di raggiungere il massimo potenziale del dipendente. Questo facilita quindi la gestione dei talenti.<\/p>\n\n\n\n<p>Il piano di sviluppo professionale <strong>influisce sulle seguenti aree<\/strong>:<\/p>\n\n\n\n<ul class=\"wp-block-list\">\n<li>Gestione efficiente del personale, con personale qualificato e di talento.<\/li>\n\n\n\n<li>Facilita l&#8217;equilibrio tra lavoro, esigenze lavorative e persona responsabile.<\/li>\n\n\n\n<li>Promuove la motivazione, la soddisfazione lavorativa e il senso di appartenenza dei dipendenti.<\/li>\n\n\n\n<li>L&#8217;organizzazione promuove un&#8217;equa valutazione del lavoro attraverso lo sviluppo professionale.<\/li>\n\n\n\n<li>Miglioramento della produttivit\u00e0 con dipendenti pi\u00f9 qualificati e soddisfatti delle loro mansioni.<\/li>\n\n\n\n<li>Riconoscimento dei punti di forza e di debolezza; soprattutto se esiste un metodo di valutazione delle prestazioni che pu\u00f2 essere applicato in gruppo o individualmente.<\/li>\n<\/ul>\n\n\n\n<bzn-warning><a href=\"\/blog\/it\/formazione-personale-azienda\/\" id=\"destacado-post\" target=\"_blank\" rel=\"noopener noreferrer\" data-wpel-link=\"internal\"><span class=\"bzn-warning-title\"><strong>L&#8217;importanza della FORMAZIONE DEL PERSONALE<\/strong> <\/span><br>Suggerimenti per migliorare la formazione dei dipendenti<\/a><br><\/bzn-warning>\n\n\n\n<p><\/p>\n\n\n\n<h2 class=\"wp-block-heading\">Tappe del piano di sviluppo e carriera<\/h2>\n\n\n\n<p>Il piano di sviluppo della carriera si articola nelle seguenti fasi.<\/p>\n\n\n\n<h3 class=\"wp-block-heading\">Autovalutazione<\/h3>\n\n\n\n<p>\u00c8 una fase di esplorazione in cui il dipendente riconosce interessi, valori e competenze in vista della sua carriera professionale. Sceglie quali aspettative ha, cosa vuole fare della sua carriera, dove vuole andare in azienda.<\/p>\n\n\n\n<p>Da parte dell&#8217;organizzazione, se nota che i dipendenti hanno dei dubbi in merito, si possono utilizzare dei <a href=\"https:\/\/www.bizneo.com\/blog\/it\/questionario-clima-aziendale\/\" target=\"_blank\" rel=\"noreferrer noopener\" data-wpel-link=\"internal\">questionari sul clima aziendale<\/a> per consultare i dipendenti sulle loro aspettative e sulla proiezione che hanno all&#8217;interno dell&#8217;organizzazione. Queste informazioni sono utili anche quando si pensa a un piano di carriera e possono essere supportate da una mappa dei talenti.<\/p>\n\n\n\n<bzn-note><a href=\"\/blog\/it\/valutazione-del-personale\/\" id=\"destacado-post\" target=\"_blank\" rel=\"noopener noreferrer\" data-wpel-link=\"internal\"><span class=\"bzn-link-title\"><strong>COS&#8217;\u00c8 LA VALUTAZIONE DEL PERSONALE<\/strong> <\/span><br>Guida definitiva a questo sistema<\/a><br><\/bzn-note><br>\n\n\n\n<p><\/p>\n\n\n\n<h3 class=\"wp-block-heading\">Proiezione di carriera<\/h3>\n\n\n\n<p>\u00c8 una <strong>fase di esplorazione<\/strong> in cui il dipendente riconosce interessi, valori e competenze in vista della sua carriera professionale. Sceglie quali aspettative ha, cosa vuole fare della sua carriera, dove vuole andare in azienda.<\/p>\n\n\n\n<figure class=\"wp-block-image size-full\"><a href=\"\/it\/valutazione-personale\/\" target=\"_blank\" rel=\"noreferrer noopener\" data-wpel-link=\"internal\"><img decoding=\"async\" width=\"1125\" height=\"969\" src=\"https:\/\/www.bizneo.com\/blog\/wp-content\/uploads\/2021\/09\/Valutazione-delle-competenze.webp\" alt=\"Software per la valutazione del personale\" class=\"wp-image-25968\" srcset=\"https:\/\/www.bizneo.com\/blog\/wp-content\/uploads\/2021\/09\/Valutazione-delle-competenze.webp 1125w, https:\/\/www.bizneo.com\/blog\/wp-content\/uploads\/2021\/09\/Valutazione-delle-competenze-300x258.webp 300w, https:\/\/www.bizneo.com\/blog\/wp-content\/uploads\/2021\/09\/Valutazione-delle-competenze-1024x882.webp 1024w, https:\/\/www.bizneo.com\/blog\/wp-content\/uploads\/2021\/09\/Valutazione-delle-competenze-768x662.webp 768w, https:\/\/www.bizneo.com\/blog\/wp-content\/uploads\/2021\/09\/Valutazione-delle-competenze-810x698.webp 810w\" sizes=\"(max-width: 1125px) 100vw, 1125px\" \/><\/a><\/figure>\n\n\n\n<p>Da parte dell&#8217;organizzazione, se nota che i dipendenti hanno dei dubbi in merito, si possono utilizzare indagini sul clima lavorativo per consultare i dipendenti sulle loro aspettative e sulla proiezione che hanno all&#8217;interno dell&#8217;organizzazione. Queste informazioni sono utili anche quando si pensa a un piano di carriera e possono essere supportate da una mappa dei talenti.<\/p>\n\n\n\n<figure class=\"wp-block-image size-large\"><a href=\"https:\/\/www.bizneo.com\/it\/formazione-personale\/\" data-wpel-link=\"internal\" target=\"_blank\"><img decoding=\"async\" width=\"1024\" height=\"154\" src=\"https:\/\/www.bizneo.com\/blog\/wp-content\/uploads\/2021\/09\/banner-medio-formazione-1024x154.jpg\" alt=\"Software per la gestione della formazione del personale \" class=\"wp-image-51972\" srcset=\"https:\/\/www.bizneo.com\/blog\/wp-content\/uploads\/2021\/09\/banner-medio-formazione-1024x154.jpg 1024w, https:\/\/www.bizneo.com\/blog\/wp-content\/uploads\/2021\/09\/banner-medio-formazione-300x45.jpg 300w, https:\/\/www.bizneo.com\/blog\/wp-content\/uploads\/2021\/09\/banner-medio-formazione-768x115.jpg 768w, https:\/\/www.bizneo.com\/blog\/wp-content\/uploads\/2021\/09\/banner-medio-formazione-810x122.jpg 810w, https:\/\/www.bizneo.com\/blog\/wp-content\/uploads\/2021\/09\/banner-medio-formazione-1140x171.jpg 1140w, https:\/\/www.bizneo.com\/blog\/wp-content\/uploads\/2021\/09\/banner-medio-formazione.jpg 1360w\" sizes=\"(max-width: 1024px) 100vw, 1024px\" \/><\/a><\/figure>\n\n\n\n<h3 class=\"wp-block-heading\">Definizione di mete e obiettivi<\/h3>\n\n\n\n<p>Lo sviluppo della carriera necessita di <strong>obiettivi e traguardi chiari<\/strong> come stimoli per la crescita.<\/p>\n\n\n\n<p>I risultati dell&#8217;autovalutazione e del feedback di carriera (valutazione delle prestazioni e del potenziale) devono essere presi in considerazione.<\/p>\n\n\n\n<figure class=\"wp-block-image size-full\"><a href=\"\/it\/valutazione-personale\/\" data-wpel-link=\"internal\" target=\"_blank\"><img decoding=\"async\" width=\"1500\" height=\"1109\" src=\"https:\/\/www.bizneo.com\/blog\/wp-content\/uploads\/2021\/10\/Valutazione-obiettivi.webp\" alt=\" Valutazione per obiettivi \" class=\"wp-image-26697\" srcset=\"https:\/\/www.bizneo.com\/blog\/wp-content\/uploads\/2021\/10\/Valutazione-obiettivi.webp 1500w, https:\/\/www.bizneo.com\/blog\/wp-content\/uploads\/2021\/10\/Valutazione-obiettivi-300x222.webp 300w, https:\/\/www.bizneo.com\/blog\/wp-content\/uploads\/2021\/10\/Valutazione-obiettivi-1024x757.webp 1024w, https:\/\/www.bizneo.com\/blog\/wp-content\/uploads\/2021\/10\/Valutazione-obiettivi-768x568.webp 768w, https:\/\/www.bizneo.com\/blog\/wp-content\/uploads\/2021\/10\/Valutazione-obiettivi-810x599.webp 810w, https:\/\/www.bizneo.com\/blog\/wp-content\/uploads\/2021\/10\/Valutazione-obiettivi-1140x843.webp 1140w\" sizes=\"(max-width: 1500px) 100vw, 1500px\" \/><\/a><\/figure>\n\n\n\n<p>Anche se possono essere su scale diverse, <strong>idealmente gli obiettivi di carriera del dipendente dovrebbero essere integrati con lo sviluppo organizzativo.<\/strong> Ci sono diversi modi per combinarli:<\/p>\n\n\n\n<ul class=\"wp-block-list\">\n<li>Quello che vuole raggiungere nella sua carriera si pu\u00f2 scoprire attraverso <a href=\"https:\/\/www.bizneo.com\/blog\/it\/questionario-clima-aziendale\/\" data-wpel-link=\"internal\" target=\"_blank\">sondaggi lavorativi<\/a> rivolti ai dipendenti (senza compromettere la privacy delle risposte).<\/li>\n\n\n\n<li>Per stimare il suo potenziale e verificare se \u00e8 in sintonia con l&#8217;azienda, sar\u00e0 necessario combinare la <a href=\"https:\/\/www.bizneo.com\/blog\/it\/valutazione-potenziale-dipendenti\/\" data-wpel-link=\"internal\" target=\"_blank\">valutazione<\/a> con la <a href=\"https:\/\/www.bizneo.com\/blog\/it\/formazione-personale-azienda\/\" data-wpel-link=\"internal\" target=\"_blank\">formazione<\/a>. Il tutto gestito tramite un <a href=\"\/it\/formazione-personale\/\" data-wpel-link=\"internal\" target=\"_blank\">software di formazione<\/a>, che favorir\u00e0 il suo apprendimento in modo personalizzato.<\/li>\n<\/ul>\n\n\n\n<bzn-link><a href=\"\/it\/formazione-personale\/\" id=\"destacado-formacion\" target=\"_blank\" rel=\"noopener noreferrer\" data-wpel-link=\"internal\"><span class=\"bzn-link-title\">Software per la GESTIONE DELLA FORMAZIONE AZIENDALE<\/span>Crea piani di formazione e sviluppo per i tuoi dipendenti.<\/a><\/bzn-link>\n\n\n\n<p><\/p>\n\n\n\n<h3 class=\"wp-block-heading\">Un piano di sviluppo professionale delle competenze<\/h3>\n\n\n\n<p>Quando il dipendente \u00e8 completamente integrato nell&#8217;azienda, svolge il suo lavoro e lo fa bene, arriva il momento della promozione interna. \u00c8 un passaggio cruciale, poich\u00e9 lo sviluppo professionale non dovrebbe essere un evento occasionale ma pianificato sin dalle basi dell&#8217;azienda.<br><br>Tuttavia, le prestazioni non sono l&#8217;unico fattore determinante per una promozione, ma anche il valore aggiunto che il dipendente apporta all&#8217;organizzazione. Deve riflettere su cosa pu\u00f2 fare per far emergere la propria azienda nel settore.<\/p>\n\n\n\n<p><strong>\u00c8 ideale che l&#8217;azienda affronti un piano di sviluppo lavorativo in modo integrato<\/strong>, puntando a massimizzare il rendimento dei dipendenti, offrendo opportunit\u00e0 di formazione ed esperienze che aiutino a perfezionare le loro competenze e raggiungere il loro massimo potenziale.<\/p>\n\n\n\n<p>Il nostro <a href=\"\/it\/valutazione-personale\/\" data-wpel-link=\"internal\" target=\"_blank\">software di valutazioni del personale<\/a> include una matrice di talento che misura il <strong>talento e le prestazioni attuali rispetto al potenziale futuro di ogni dipendente<\/strong>.<\/p>\n\n\n\n<figure class=\"wp-block-image size-full\"><a href=\"\/it\/valutazione-personale\/\" data-wpel-link=\"internal\" target=\"_blank\"><img decoding=\"async\" width=\"1125\" height=\"649\" src=\"https:\/\/www.bizneo.com\/blog\/wp-content\/uploads\/2021\/10\/matrice-talenti.webp\" alt=\"Matrice dei talenti\" class=\"wp-image-26703\" srcset=\"https:\/\/www.bizneo.com\/blog\/wp-content\/uploads\/2021\/10\/matrice-talenti.webp 1125w, https:\/\/www.bizneo.com\/blog\/wp-content\/uploads\/2021\/10\/matrice-talenti-300x173.webp 300w, https:\/\/www.bizneo.com\/blog\/wp-content\/uploads\/2021\/10\/matrice-talenti-1024x591.webp 1024w, https:\/\/www.bizneo.com\/blog\/wp-content\/uploads\/2021\/10\/matrice-talenti-768x443.webp 768w, https:\/\/www.bizneo.com\/blog\/wp-content\/uploads\/2021\/10\/matrice-talenti-810x467.webp 810w\" sizes=\"(max-width: 1125px) 100vw, 1125px\" \/><\/a><\/figure>\n\n\n\n<p>La formazione continua favorisce il miglioramento della produttivit\u00e0 e rafforza il senso di appartenenza dei dipendenti. Questo eviter\u00e0 la fuga di talenti o gestioni improvvisate del personale.<\/p>\n\n\n\n<p>UC Berkeley&nbsp;ha raccomandato di segmentare lo sviluppo professionale in tre percentuali:<\/p>\n\n\n\n<ul class=\"wp-block-list\">\n<li>70% derivato dalle attivit\u00e0 quotidiane e dall&#8217;apprendimento che ne consegue.<\/li>\n\n\n\n<li>20% proveniente dall&#8217;interazione con i responsabili.<\/li>\n\n\n\n<li>10% generato tramite conferenze, corsi e attivit\u00e0 di apprendimento.<\/li>\n<\/ul>\n\n\n\n<p>Oltre a questo, esistono una serie di opportunit\u00e0 in un piano di sviluppo professionale che possono essere realizzate attraverso vari metodi. <strong>Una di queste \u00e8 il lavoro On Demand, che prevede l&#8217;impiego di professionisti per compiti o progetti specifici<\/strong>, senza la necessit\u00e0 di ristrutturare il team o ridurre l&#8217;indipendenza del dipendente.<\/p>\n\n\n\n<p>In questo contesto si aggiungono il <strong>telelavoro<\/strong>, la <strong>conciliazione familiare<\/strong> e lo <strong>smart working<\/strong> come alternative che ampliano il mercato del lavoro e aiutano ad espandere le possibilit\u00e0 di crescita.<\/p>\n\n\n\n<h3 class=\"wp-block-heading\">Gestione del piano di sviluppo professionale e di carriera<\/h3>\n\n\n\n<p>Guidare il dipendente nella sua carriera e nel suo sviluppo professionale incoraggia:<\/p>\n\n\n\n<h4 class=\"wp-block-heading\">Costruzione di relazioni<\/h4>\n\n\n\n<p>Il lavoro offre l&#8217;opportunit\u00e0 di <strong>conoscere altre persone provenienti da settori e aree diverse<\/strong>. Sapersi relazionare con loro pu\u00f2 essere un&#8217;opportunit\u00e0 in futuro, dal punto di vista del dipendente. Per l&#8217; azienda, queste relazioni possono facilitare nuovi affari e accordi con altre aziende.<\/p>\n\n\n\n<h4 class=\"wp-block-heading\">Pianificazione continua<\/h4>\n\n\n\n<p>Si tratta di <strong>adattarsi continuamente alle esigenze e alle tendenze che ogni settore sviluppa<\/strong>, soprattutto se si lavora in aree legate alla tecnologia e al talento digitale.<\/p>\n\n\n\n<h4 class=\"wp-block-heading\">Proporre nuovi obiettivi<\/h4>\n\n\n\n<p>Rinnovare le <strong>aspirazioni<\/strong> \u00e8 importante e, in molti casi, necessario: sono il motore dello sviluppo professionale e prevengono la demotivazione sul lavoro.<\/p>\n\n\n\n<p>Questi <strong>obiettivi<\/strong>, che possono essere concreti (orientati alla produttivit\u00e0 e ai risultati) o intangibili (come il miglioramento dell&#8217;ambiente di lavoro per evitare malumori) potrebbero essere stimolati attraverso orari di lavoro flessibili, telelavoro o retribuzioni migliori.<\/p>\n\n\n\n<figure class=\"wp-block-image size-large\"><a href=\"https:\/\/www.bizneo.com\/it\/formazione-personale\/\" data-wpel-link=\"internal\" target=\"_blank\"><img decoding=\"async\" width=\"1024\" height=\"307\" src=\"https:\/\/www.bizneo.com\/blog\/wp-content\/uploads\/2025\/01\/Software-per-la-Gestione-della-Formazione-1024x307.jpg\" alt=\"Software per la gestione della formazione del personale\" class=\"wp-image-52065\" srcset=\"https:\/\/www.bizneo.com\/blog\/wp-content\/uploads\/2025\/01\/Software-per-la-Gestione-della-Formazione-1024x307.jpg 1024w, https:\/\/www.bizneo.com\/blog\/wp-content\/uploads\/2025\/01\/Software-per-la-Gestione-della-Formazione-300x90.jpg 300w, https:\/\/www.bizneo.com\/blog\/wp-content\/uploads\/2025\/01\/Software-per-la-Gestione-della-Formazione-768x230.jpg 768w, https:\/\/www.bizneo.com\/blog\/wp-content\/uploads\/2025\/01\/Software-per-la-Gestione-della-Formazione-810x243.jpg 810w, https:\/\/www.bizneo.com\/blog\/wp-content\/uploads\/2025\/01\/Software-per-la-Gestione-della-Formazione-1140x342.jpg 1140w, https:\/\/www.bizneo.com\/blog\/wp-content\/uploads\/2025\/01\/Software-per-la-Gestione-della-Formazione.jpg 1360w\" sizes=\"(max-width: 1024px) 100vw, 1024px\" \/><\/a><\/figure>\n","protected":false},"excerpt":{"rendered":"<p>Lo sviluppo professionale deve essere pianificato fin dall&#8217;inizio e non solo quando emerge la necessit\u00e0 di trattenere un talento distintivo.<\/p>\n","protected":false},"author":39,"featured_media":50839,"comment_status":"open","ping_status":"open","sticky":false,"template":"","format":"standard","meta":{"_uag_custom_page_level_css":"","site-sidebar-layout":"default","site-content-layout":"","ast-site-content-layout":"default","site-content-style":"default","site-sidebar-style":"default","ast-global-header-display":"","ast-banner-title-visibility":"","ast-main-header-display":"","ast-hfb-above-header-display":"","ast-hfb-below-header-display":"","ast-hfb-mobile-header-display":"","site-post-title":"","ast-breadcrumbs-content":"","ast-featured-img":"","footer-sml-layout":"","ast-disable-related-posts":"","theme-transparent-header-meta":"","adv-header-id-meta":"","stick-header-meta":"","header-above-stick-meta":"","header-main-stick-meta":"","header-below-stick-meta":"","astra-migrate-meta-layouts":"default","ast-page-background-enabled":"default","ast-page-background-meta":{"desktop":{"background-color":"var(--ast-global-color-5)","background-image":"","background-repeat":"repeat","background-position":"center center","background-size":"auto","background-attachment":"scroll","background-type":"","background-media":"","overlay-type":"","overlay-color":"","overlay-opacity":"","overlay-gradient":""},"tablet":{"background-color":"","background-image":"","background-repeat":"repeat","background-position":"center center","background-size":"auto","background-attachment":"scroll","background-type":"","background-media":"","overlay-type":"","overlay-color":"","overlay-opacity":"","overlay-gradient":""},"mobile":{"background-color":"","background-image":"","background-repeat":"repeat","background-position":"center center","background-size":"auto","background-attachment":"scroll","background-type":"","background-media":"","overlay-type":"","overlay-color":"","overlay-opacity":"","overlay-gradient":""}},"ast-content-background-meta":{"desktop":{"background-color":"var(--ast-global-color-4)","background-image":"","background-repeat":"repeat","background-position":"center center","background-size":"auto","background-attachment":"scroll","background-type":"","background-media":"","overlay-type":"","overlay-color":"","overlay-opacity":"","overlay-gradient":""},"tablet":{"background-color":"var(--ast-global-color-4)","background-image":"","background-repeat":"repeat","background-position":"center center","background-size":"auto","background-attachment":"scroll","background-type":"","background-media":"","overlay-type":"","overlay-color":"","overlay-opacity":"","overlay-gradient":""},"mobile":{"background-color":"var(--ast-global-color-4)","background-image":"","background-repeat":"repeat","background-position":"center center","background-size":"auto","background-attachment":"scroll","background-type":"","background-media":"","overlay-type":"","overlay-color":"","overlay-opacity":"","overlay-gradient":""}},"footnotes":""},"categories":[361,355],"tags":[],"class_list":["post-47616","post","type-post","status-publish","format-standard","has-post-thumbnail","hentry","category-formazione","category-gestione-dei-talenti"],"yoast_head":"<!-- This site is optimized with the Yoast SEO plugin v27.5 - https:\/\/yoast.com\/product\/yoast-seo-wordpress\/ -->\n<title>Piano di Sviluppo | Come Implementarlo nella tua Azienda<\/title>\n<meta name=\"description\" content=\"Un piano di sviluppo per la carriera dei dipendenti in azienda consente loro di esprimere il loro potenziale e migliorare la produttivit\u00e0.\" \/>\n<meta name=\"robots\" content=\"index, follow, max-snippet:-1, max-image-preview:large, max-video-preview:-1\" \/>\n<meta property=\"og:locale\" content=\"es_ES\" \/>\n<meta property=\"og:type\" content=\"article\" \/>\n<meta property=\"og:title\" content=\"Piano di Sviluppo | Come Implementarlo nella tua Azienda\" \/>\n<meta property=\"og:description\" content=\"Un piano di sviluppo per la carriera dei dipendenti in azienda consente loro di esprimere il loro potenziale e migliorare la produttivit\u00e0.\" \/>\n<meta property=\"og:url\" content=\"https:\/\/www.bizneo.com\/blog\/it\/piano-sviluppo\/\" \/>\n<meta property=\"og:site_name\" content=\"Blog de Recursos Humanos de Bizneo HR: pr\u00e1ctico y actual\" \/>\n<meta property=\"article:published_time\" content=\"2024-11-20T14:31:00+00:00\" \/>\n<meta property=\"article:modified_time\" content=\"2026-01-26T22:17:33+00:00\" \/>\n<meta property=\"og:image\" content=\"https:\/\/www.bizneo.com\/blog\/wp-content\/uploads\/2024\/07\/Piano-di-sviluppo.webp\" \/>\n\t<meta property=\"og:image:width\" content=\"1140\" \/>\n\t<meta property=\"og:image:height\" content=\"640\" \/>\n\t<meta property=\"og:image:type\" content=\"image\/webp\" \/>\n<meta name=\"author\" content=\"Matteo\" \/>\n<meta name=\"twitter:card\" content=\"summary_large_image\" \/>\n<meta name=\"twitter:label1\" content=\"Escrito por\" \/>\n\t<meta name=\"twitter:data1\" content=\"Matteo\" \/>\n\t<meta name=\"twitter:label2\" content=\"Tiempo de lectura\" \/>\n\t<meta name=\"twitter:data2\" content=\"9 minutos\" \/>\n<script type=\"application\/ld+json\" class=\"yoast-schema-graph\">{\"@context\":\"https:\\\/\\\/schema.org\",\"@graph\":[{\"@type\":[\"Article\",\"BlogPosting\"],\"@id\":\"https:\\\/\\\/www.bizneo.com\\\/blog\\\/it\\\/piano-sviluppo\\\/#article\",\"isPartOf\":{\"@id\":\"https:\\\/\\\/www.bizneo.com\\\/blog\\\/it\\\/piano-sviluppo\\\/\"},\"author\":{\"name\":\"Matteo\",\"@id\":\"https:\\\/\\\/www.bizneo.com\\\/blog\\\/#\\\/schema\\\/person\\\/918c65806041f66782c1c3af5eb0ab96\"},\"headline\":\"Piano di sviluppo: come implementarlo nella tua azienda\",\"datePublished\":\"2024-11-20T14:31:00+00:00\",\"dateModified\":\"2026-01-26T22:17:33+00:00\",\"mainEntityOfPage\":{\"@id\":\"https:\\\/\\\/www.bizneo.com\\\/blog\\\/it\\\/piano-sviluppo\\\/\"},\"wordCount\":1419,\"commentCount\":0,\"publisher\":{\"@id\":\"https:\\\/\\\/www.bizneo.com\\\/blog\\\/#organization\"},\"image\":{\"@id\":\"https:\\\/\\\/www.bizneo.com\\\/blog\\\/it\\\/piano-sviluppo\\\/#primaryimage\"},\"thumbnailUrl\":\"https:\\\/\\\/www.bizneo.com\\\/blog\\\/wp-content\\\/uploads\\\/2024\\\/07\\\/Piano-di-sviluppo.webp\",\"articleSection\":[\"Formazione\",\"Gestione dei talenti\"],\"inLanguage\":\"es\",\"potentialAction\":[{\"@type\":\"CommentAction\",\"name\":\"Comment\",\"target\":[\"https:\\\/\\\/www.bizneo.com\\\/blog\\\/it\\\/piano-sviluppo\\\/#respond\"]}]},{\"@type\":\"WebPage\",\"@id\":\"https:\\\/\\\/www.bizneo.com\\\/blog\\\/it\\\/piano-sviluppo\\\/\",\"url\":\"https:\\\/\\\/www.bizneo.com\\\/blog\\\/it\\\/piano-sviluppo\\\/\",\"name\":\"Piano di Sviluppo | Come Implementarlo nella tua Azienda\",\"isPartOf\":{\"@id\":\"https:\\\/\\\/www.bizneo.com\\\/blog\\\/#website\"},\"primaryImageOfPage\":{\"@id\":\"https:\\\/\\\/www.bizneo.com\\\/blog\\\/it\\\/piano-sviluppo\\\/#primaryimage\"},\"image\":{\"@id\":\"https:\\\/\\\/www.bizneo.com\\\/blog\\\/it\\\/piano-sviluppo\\\/#primaryimage\"},\"thumbnailUrl\":\"https:\\\/\\\/www.bizneo.com\\\/blog\\\/wp-content\\\/uploads\\\/2024\\\/07\\\/Piano-di-sviluppo.webp\",\"datePublished\":\"2024-11-20T14:31:00+00:00\",\"dateModified\":\"2026-01-26T22:17:33+00:00\",\"description\":\"Un piano di sviluppo per la carriera dei dipendenti in azienda consente loro di esprimere il loro potenziale e migliorare la produttivit\u00e0.\",\"breadcrumb\":{\"@id\":\"https:\\\/\\\/www.bizneo.com\\\/blog\\\/it\\\/piano-sviluppo\\\/#breadcrumb\"},\"inLanguage\":\"es\",\"potentialAction\":[{\"@type\":\"ReadAction\",\"target\":[\"https:\\\/\\\/www.bizneo.com\\\/blog\\\/it\\\/piano-sviluppo\\\/\"]}]},{\"@type\":\"ImageObject\",\"inLanguage\":\"es\",\"@id\":\"https:\\\/\\\/www.bizneo.com\\\/blog\\\/it\\\/piano-sviluppo\\\/#primaryimage\",\"url\":\"https:\\\/\\\/www.bizneo.com\\\/blog\\\/wp-content\\\/uploads\\\/2024\\\/07\\\/Piano-di-sviluppo.webp\",\"contentUrl\":\"https:\\\/\\\/www.bizneo.com\\\/blog\\\/wp-content\\\/uploads\\\/2024\\\/07\\\/Piano-di-sviluppo.webp\",\"width\":1140,\"height\":640,\"caption\":\"Piano di sviluppo\"},{\"@type\":\"BreadcrumbList\",\"@id\":\"https:\\\/\\\/www.bizneo.com\\\/blog\\\/it\\\/piano-sviluppo\\\/#breadcrumb\",\"itemListElement\":[{\"@type\":\"ListItem\",\"position\":1,\"name\":\"Portada\",\"item\":\"https:\\\/\\\/www.bizneo.com\\\/blog\\\/\"},{\"@type\":\"ListItem\",\"position\":2,\"name\":\"Gestione dei talenti\",\"item\":\"https:\\\/\\\/www.bizneo.com\\\/blog\\\/it\\\/category\\\/gestione-dei-talenti\\\/\"},{\"@type\":\"ListItem\",\"position\":3,\"name\":\"Formazione\",\"item\":\"https:\\\/\\\/www.bizneo.com\\\/blog\\\/it\\\/category\\\/gestione-dei-talenti\\\/formazione\\\/\"},{\"@type\":\"ListItem\",\"position\":4,\"name\":\"Piano di sviluppo: come implementarlo nella tua azienda\"}]},{\"@type\":\"WebSite\",\"@id\":\"https:\\\/\\\/www.bizneo.com\\\/blog\\\/#website\",\"url\":\"https:\\\/\\\/www.bizneo.com\\\/blog\\\/\",\"name\":\"Blog de Recursos Humanos de Bizneo HR: pr\u00e1ctico y actual\",\"description\":\"Todo sobre actualidad, herramientas y tecnolog\u00eda  para optimizar la gesti\u00f3n del talento humano\",\"publisher\":{\"@id\":\"https:\\\/\\\/www.bizneo.com\\\/blog\\\/#organization\"},\"potentialAction\":[{\"@type\":\"SearchAction\",\"target\":{\"@type\":\"EntryPoint\",\"urlTemplate\":\"https:\\\/\\\/www.bizneo.com\\\/blog\\\/?s={search_term_string}\"},\"query-input\":{\"@type\":\"PropertyValueSpecification\",\"valueRequired\":true,\"valueName\":\"search_term_string\"}}],\"inLanguage\":\"es\"},{\"@type\":\"Organization\",\"@id\":\"https:\\\/\\\/www.bizneo.com\\\/blog\\\/#organization\",\"name\":\"Bizneo HR\",\"url\":\"https:\\\/\\\/www.bizneo.com\\\/blog\\\/\",\"logo\":{\"@type\":\"ImageObject\",\"inLanguage\":\"es\",\"@id\":\"https:\\\/\\\/www.bizneo.com\\\/blog\\\/#\\\/schema\\\/logo\\\/image\\\/\",\"url\":\"https:\\\/\\\/www.bizneo.com\\\/blog\\\/wp-content\\\/uploads\\\/2020\\\/09\\\/Icono-Logo-Bizneo-HR.png\",\"contentUrl\":\"https:\\\/\\\/www.bizneo.com\\\/blog\\\/wp-content\\\/uploads\\\/2020\\\/09\\\/Icono-Logo-Bizneo-HR.png\",\"width\":834,\"height\":834,\"caption\":\"Bizneo HR\"},\"image\":{\"@id\":\"https:\\\/\\\/www.bizneo.com\\\/blog\\\/#\\\/schema\\\/logo\\\/image\\\/\"}},{\"@type\":\"Person\",\"@id\":\"https:\\\/\\\/www.bizneo.com\\\/blog\\\/#\\\/schema\\\/person\\\/918c65806041f66782c1c3af5eb0ab96\",\"name\":\"Matteo\",\"image\":{\"@type\":\"ImageObject\",\"inLanguage\":\"es\",\"@id\":\"https:\\\/\\\/secure.gravatar.com\\\/avatar\\\/0978826a0ddab20cbf6d5aed62bb04a54b6e14fb794074e39a18a1b365c03e20?s=96&d=mm&r=g\",\"url\":\"https:\\\/\\\/secure.gravatar.com\\\/avatar\\\/0978826a0ddab20cbf6d5aed62bb04a54b6e14fb794074e39a18a1b365c03e20?s=96&d=mm&r=g\",\"contentUrl\":\"https:\\\/\\\/secure.gravatar.com\\\/avatar\\\/0978826a0ddab20cbf6d5aed62bb04a54b6e14fb794074e39a18a1b365c03e20?s=96&d=mm&r=g\",\"caption\":\"Matteo\"},\"url\":\"https:\\\/\\\/www.bizneo.com\\\/blog\\\/author\\\/matteo\\\/\"}]}<\/script>\n<!-- \/ Yoast SEO plugin. -->","yoast_head_json":{"title":"Piano di Sviluppo | Come Implementarlo nella tua Azienda","description":"Un piano di sviluppo per la carriera dei dipendenti in azienda consente loro di esprimere il loro potenziale e migliorare la produttivit\u00e0.","robots":{"index":"index","follow":"follow","max-snippet":"max-snippet:-1","max-image-preview":"max-image-preview:large","max-video-preview":"max-video-preview:-1"},"og_locale":"es_ES","og_type":"article","og_title":"Piano di Sviluppo | Come Implementarlo nella tua Azienda","og_description":"Un piano di sviluppo per la carriera dei dipendenti in azienda consente loro di esprimere il loro potenziale e migliorare la produttivit\u00e0.","og_url":"https:\/\/www.bizneo.com\/blog\/it\/piano-sviluppo\/","og_site_name":"Blog de Recursos Humanos de Bizneo HR: pr\u00e1ctico y actual","article_published_time":"2024-11-20T14:31:00+00:00","article_modified_time":"2026-01-26T22:17:33+00:00","og_image":[{"width":1140,"height":640,"url":"https:\/\/www.bizneo.com\/blog\/wp-content\/uploads\/2024\/07\/Piano-di-sviluppo.webp","type":"image\/webp"}],"author":"Matteo","twitter_card":"summary_large_image","twitter_misc":{"Escrito por":"Matteo","Tiempo de lectura":"9 minutos"},"schema":{"@context":"https:\/\/schema.org","@graph":[{"@type":["Article","BlogPosting"],"@id":"https:\/\/www.bizneo.com\/blog\/it\/piano-sviluppo\/#article","isPartOf":{"@id":"https:\/\/www.bizneo.com\/blog\/it\/piano-sviluppo\/"},"author":{"name":"Matteo","@id":"https:\/\/www.bizneo.com\/blog\/#\/schema\/person\/918c65806041f66782c1c3af5eb0ab96"},"headline":"Piano di sviluppo: come implementarlo nella tua azienda","datePublished":"2024-11-20T14:31:00+00:00","dateModified":"2026-01-26T22:17:33+00:00","mainEntityOfPage":{"@id":"https:\/\/www.bizneo.com\/blog\/it\/piano-sviluppo\/"},"wordCount":1419,"commentCount":0,"publisher":{"@id":"https:\/\/www.bizneo.com\/blog\/#organization"},"image":{"@id":"https:\/\/www.bizneo.com\/blog\/it\/piano-sviluppo\/#primaryimage"},"thumbnailUrl":"https:\/\/www.bizneo.com\/blog\/wp-content\/uploads\/2024\/07\/Piano-di-sviluppo.webp","articleSection":["Formazione","Gestione dei talenti"],"inLanguage":"es","potentialAction":[{"@type":"CommentAction","name":"Comment","target":["https:\/\/www.bizneo.com\/blog\/it\/piano-sviluppo\/#respond"]}]},{"@type":"WebPage","@id":"https:\/\/www.bizneo.com\/blog\/it\/piano-sviluppo\/","url":"https:\/\/www.bizneo.com\/blog\/it\/piano-sviluppo\/","name":"Piano di Sviluppo | Come Implementarlo nella tua Azienda","isPartOf":{"@id":"https:\/\/www.bizneo.com\/blog\/#website"},"primaryImageOfPage":{"@id":"https:\/\/www.bizneo.com\/blog\/it\/piano-sviluppo\/#primaryimage"},"image":{"@id":"https:\/\/www.bizneo.com\/blog\/it\/piano-sviluppo\/#primaryimage"},"thumbnailUrl":"https:\/\/www.bizneo.com\/blog\/wp-content\/uploads\/2024\/07\/Piano-di-sviluppo.webp","datePublished":"2024-11-20T14:31:00+00:00","dateModified":"2026-01-26T22:17:33+00:00","description":"Un piano di sviluppo per la carriera dei dipendenti in azienda consente loro di esprimere il loro potenziale e migliorare la produttivit\u00e0.","breadcrumb":{"@id":"https:\/\/www.bizneo.com\/blog\/it\/piano-sviluppo\/#breadcrumb"},"inLanguage":"es","potentialAction":[{"@type":"ReadAction","target":["https:\/\/www.bizneo.com\/blog\/it\/piano-sviluppo\/"]}]},{"@type":"ImageObject","inLanguage":"es","@id":"https:\/\/www.bizneo.com\/blog\/it\/piano-sviluppo\/#primaryimage","url":"https:\/\/www.bizneo.com\/blog\/wp-content\/uploads\/2024\/07\/Piano-di-sviluppo.webp","contentUrl":"https:\/\/www.bizneo.com\/blog\/wp-content\/uploads\/2024\/07\/Piano-di-sviluppo.webp","width":1140,"height":640,"caption":"Piano di sviluppo"},{"@type":"BreadcrumbList","@id":"https:\/\/www.bizneo.com\/blog\/it\/piano-sviluppo\/#breadcrumb","itemListElement":[{"@type":"ListItem","position":1,"name":"Portada","item":"https:\/\/www.bizneo.com\/blog\/"},{"@type":"ListItem","position":2,"name":"Gestione dei talenti","item":"https:\/\/www.bizneo.com\/blog\/it\/category\/gestione-dei-talenti\/"},{"@type":"ListItem","position":3,"name":"Formazione","item":"https:\/\/www.bizneo.com\/blog\/it\/category\/gestione-dei-talenti\/formazione\/"},{"@type":"ListItem","position":4,"name":"Piano di sviluppo: come implementarlo nella tua azienda"}]},{"@type":"WebSite","@id":"https:\/\/www.bizneo.com\/blog\/#website","url":"https:\/\/www.bizneo.com\/blog\/","name":"Blog de Recursos Humanos de Bizneo HR: pr\u00e1ctico y actual","description":"Todo sobre actualidad, herramientas y tecnolog\u00eda  para optimizar la gesti\u00f3n del talento humano","publisher":{"@id":"https:\/\/www.bizneo.com\/blog\/#organization"},"potentialAction":[{"@type":"SearchAction","target":{"@type":"EntryPoint","urlTemplate":"https:\/\/www.bizneo.com\/blog\/?s={search_term_string}"},"query-input":{"@type":"PropertyValueSpecification","valueRequired":true,"valueName":"search_term_string"}}],"inLanguage":"es"},{"@type":"Organization","@id":"https:\/\/www.bizneo.com\/blog\/#organization","name":"Bizneo HR","url":"https:\/\/www.bizneo.com\/blog\/","logo":{"@type":"ImageObject","inLanguage":"es","@id":"https:\/\/www.bizneo.com\/blog\/#\/schema\/logo\/image\/","url":"https:\/\/www.bizneo.com\/blog\/wp-content\/uploads\/2020\/09\/Icono-Logo-Bizneo-HR.png","contentUrl":"https:\/\/www.bizneo.com\/blog\/wp-content\/uploads\/2020\/09\/Icono-Logo-Bizneo-HR.png","width":834,"height":834,"caption":"Bizneo HR"},"image":{"@id":"https:\/\/www.bizneo.com\/blog\/#\/schema\/logo\/image\/"}},{"@type":"Person","@id":"https:\/\/www.bizneo.com\/blog\/#\/schema\/person\/918c65806041f66782c1c3af5eb0ab96","name":"Matteo","image":{"@type":"ImageObject","inLanguage":"es","@id":"https:\/\/secure.gravatar.com\/avatar\/0978826a0ddab20cbf6d5aed62bb04a54b6e14fb794074e39a18a1b365c03e20?s=96&d=mm&r=g","url":"https:\/\/secure.gravatar.com\/avatar\/0978826a0ddab20cbf6d5aed62bb04a54b6e14fb794074e39a18a1b365c03e20?s=96&d=mm&r=g","contentUrl":"https:\/\/secure.gravatar.com\/avatar\/0978826a0ddab20cbf6d5aed62bb04a54b6e14fb794074e39a18a1b365c03e20?s=96&d=mm&r=g","caption":"Matteo"},"url":"https:\/\/www.bizneo.com\/blog\/author\/matteo\/"}]}},"spectra_custom_meta":{"onesignal_meta_box_present":["1"],"onesignal_send_notification":[""],"onesignal_modify_title_and_content":[""],"onesignal_notification_custom_heading":[null],"onesignal_notification_custom_content":[null],"Views":["52233"],"wp_review_positive_count":["0"],"wp_review_negative_count":["0"],"wp_review_type":["none"],"_thumbnail_id":["50839"],"_yoast_wpseo_title":["Piano di Sviluppo | Come Implementarlo nella tua Azienda"],"_yoast_wpseo_metadesc":["Un piano di sviluppo per la carriera dei dipendenti in azienda consente loro di esprimere il loro potenziale e migliorare la produttivit\u00e0."],"_yoast_wpseo_focuskw":["piano di sviluppo"],"_yoast_wpseo_primary_category":["361"],"_edit_lock":["1769466073:47"],"_edit_last":["47"],"_vce_meta":["a:4:{s:11:\"use_sidebar\";s:7:\"inherit\";s:7:\"sidebar\";s:7:\"inherit\";s:14:\"sticky_sidebar\";s:7:\"inherit\";s:6:\"layout\";s:7:\"inherit\";}"],"_yoast_wpseo_linkdex":["84"],"_yoast_wpseo_content_score":["90"],"_yoast_wpseo_estimated-reading-time-minutes":["9"],"_wp_old_date":["2024-07-10"],"wp_review_user_reviews":["0"],"wp_review_review_count":["0"],"_uag_css_file_name":["uag-css-47616.css"],"_uag_page_assets":["a:9:{s:3:\"css\";s:263:\".uag-blocks-common-selector{z-index:var(--z-index-desktop) !important}@media (max-width: 976px){.uag-blocks-common-selector{z-index:var(--z-index-tablet) !important}}@media (max-width: 767px){.uag-blocks-common-selector{z-index:var(--z-index-mobile) !important}}\n\";s:2:\"js\";s:0:\"\";s:18:\"current_block_list\";a:8:{i:0;s:14:\"core\/paragraph\";i:1;s:12:\"core\/heading\";i:2;s:10:\"core\/image\";i:3;s:9:\"core\/html\";i:4;s:9:\"core\/list\";i:5;s:14:\"core\/list-item\";i:6;s:12:\"core\/details\";i:7;s:14:\"core\/shortcode\";}s:8:\"uag_flag\";b:0;s:11:\"uag_version\";s:10:\"1777484736\";s:6:\"gfonts\";a:0:{}s:10:\"gfonts_url\";s:0:\"\";s:12:\"gfonts_files\";a:0:{}s:14:\"uag_faq_layout\";b:0;}"]},"uagb_featured_image_src":{"full":["https:\/\/www.bizneo.com\/blog\/wp-content\/uploads\/2024\/07\/Piano-di-sviluppo.webp",1140,640,false],"thumbnail":["https:\/\/www.bizneo.com\/blog\/wp-content\/uploads\/2024\/07\/Piano-di-sviluppo-150x150.webp",150,150,true],"medium":["https:\/\/www.bizneo.com\/blog\/wp-content\/uploads\/2024\/07\/Piano-di-sviluppo-300x168.webp",300,168,true],"medium_large":["https:\/\/www.bizneo.com\/blog\/wp-content\/uploads\/2024\/07\/Piano-di-sviluppo-768x431.webp",768,431,true],"large":["https:\/\/www.bizneo.com\/blog\/wp-content\/uploads\/2024\/07\/Piano-di-sviluppo-1024x575.webp",1024,575,true],"1536x1536":["https:\/\/www.bizneo.com\/blog\/wp-content\/uploads\/2024\/07\/Piano-di-sviluppo.webp",1140,640,false],"2048x2048":["https:\/\/www.bizneo.com\/blog\/wp-content\/uploads\/2024\/07\/Piano-di-sviluppo.webp",1140,640,false]},"uagb_author_info":{"display_name":"Matteo","author_link":"https:\/\/www.bizneo.com\/blog\/author\/matteo\/"},"uagb_comment_info":0,"uagb_excerpt":"Lo sviluppo professionale deve essere pianificato fin dall'inizio e non solo quando emerge la necessit\u00e0 di trattenere un talento distintivo.","_links":{"self":[{"href":"https:\/\/www.bizneo.com\/blog\/wp-json\/wp\/v2\/posts\/47616","targetHints":{"allow":["GET"]}}],"collection":[{"href":"https:\/\/www.bizneo.com\/blog\/wp-json\/wp\/v2\/posts"}],"about":[{"href":"https:\/\/www.bizneo.com\/blog\/wp-json\/wp\/v2\/types\/post"}],"author":[{"embeddable":true,"href":"https:\/\/www.bizneo.com\/blog\/wp-json\/wp\/v2\/users\/39"}],"replies":[{"embeddable":true,"href":"https:\/\/www.bizneo.com\/blog\/wp-json\/wp\/v2\/comments?post=47616"}],"version-history":[{"count":11,"href":"https:\/\/www.bizneo.com\/blog\/wp-json\/wp\/v2\/posts\/47616\/revisions"}],"predecessor-version":[{"id":58244,"href":"https:\/\/www.bizneo.com\/blog\/wp-json\/wp\/v2\/posts\/47616\/revisions\/58244"}],"wp:featuredmedia":[{"embeddable":true,"href":"https:\/\/www.bizneo.com\/blog\/wp-json\/wp\/v2\/media\/50839"}],"wp:attachment":[{"href":"https:\/\/www.bizneo.com\/blog\/wp-json\/wp\/v2\/media?parent=47616"}],"wp:term":[{"taxonomy":"category","embeddable":true,"href":"https:\/\/www.bizneo.com\/blog\/wp-json\/wp\/v2\/categories?post=47616"},{"taxonomy":"post_tag","embeddable":true,"href":"https:\/\/www.bizneo.com\/blog\/wp-json\/wp\/v2\/tags?post=47616"}],"curies":[{"name":"wp","href":"https:\/\/api.w.org\/{rel}","templated":true}]}}