{"id":45804,"date":"2024-04-11T10:39:22","date_gmt":"2024-04-11T09:39:22","guid":{"rendered":"https:\/\/www.bizneo.com\/blog\/?p=45804"},"modified":"2026-01-26T23:53:59","modified_gmt":"2026-01-26T22:53:59","slug":"evaluation-du-potentiel","status":"publish","type":"post","link":"https:\/\/www.bizneo.com\/blog\/fr\/evaluation-du-potentiel\/","title":{"rendered":"Comment faire l&#8217;\u00e9valuation du potentiel des salari\u00e9s"},"content":{"rendered":"\n<p>L&#8217;\u00e9valuation du potentiel des employ\u00e9s est devenue une priorit\u00e9. Il y a quelques ann\u00e9es, les entreprises cherchaient des talents \u00e0 l&#8217;\u00e9tranger. Aujourd&#8217;hui, les priorit\u00e9s des entreprises ont chang\u00e9 : la <a href=\"\/blog\/fr\/formation-du-personnel\/\" target=\"_blank\" rel=\"noreferrer noopener\" data-wpel-link=\"internal\">formation du personnel<\/a>, le d\u00e9veloppement professionnel et l&#8217;engagement des employ\u00e9s sont essentiels. <\/p>\n\n\n\n<p>Nous parlons ici de <strong>gestion du capital humain<\/strong>, en bref, de la mani\u00e8re de faire le bilan du potentiel des employ\u00e9s ; une strat\u00e9gie qui permettra \u00e0 l&#8217;organisation de <strong>cro\u00eetre et de r\u00e9duire les co\u00fbts d&#8217;exploitation<\/strong>.<\/p>\n\n\n\n<h2 class=\"wp-block-heading\">\u00c9valuation du potentiel : qu\u00e8saco ?<\/h2>\n\n\n\n<p>L&#8217;\u00e9valuation du potentiel consiste \u00e0 mesurer les comp\u00e9tences, les aptitudes, les connaissances et les performances actuelles d&#8217;un employ\u00e9 et \u00e0 analyser dans quelle mesure il peut progresser, \u00e0 quel niveau il peut s&#8217;am\u00e9liorer, apprendre et se d\u00e9velopper pour atteindre sa meilleure version et ses meilleures performances. <\/p>\n\n\n\n<p><strong>Elle compare les talents et les performances actuels avec les talents et les performances futurs.<\/strong><\/p>\n\n\n\n<figure class=\"wp-block-image size-large\"><a href=\"https:\/\/hello.bizneo.com\/template\/erreurs-evaluation-performances\/?utm_content=post-banner-medio\" data-wpel-link=\"internal\" target=\"_blank\"><img decoding=\"async\" width=\"1024\" height=\"154\" src=\"https:\/\/www.bizneo.com\/blog\/wp-content\/uploads\/2023\/08\/Erreurs-evaluation-talents-competences-1024x154.jpg\" alt=\"Erreurs courantes dans l'\u00e9valuation des talents et comp\u00e9tences\" class=\"wp-image-41370\" srcset=\"https:\/\/www.bizneo.com\/blog\/wp-content\/uploads\/2023\/08\/Erreurs-evaluation-talents-competences-1024x154.jpg 1024w, https:\/\/www.bizneo.com\/blog\/wp-content\/uploads\/2023\/08\/Erreurs-evaluation-talents-competences-300x45.jpg 300w, https:\/\/www.bizneo.com\/blog\/wp-content\/uploads\/2023\/08\/Erreurs-evaluation-talents-competences-768x115.jpg 768w, https:\/\/www.bizneo.com\/blog\/wp-content\/uploads\/2023\/08\/Erreurs-evaluation-talents-competences-810x122.jpg 810w, https:\/\/www.bizneo.com\/blog\/wp-content\/uploads\/2023\/08\/Erreurs-evaluation-talents-competences-1140x171.jpg 1140w, https:\/\/www.bizneo.com\/blog\/wp-content\/uploads\/2023\/08\/Erreurs-evaluation-talents-competences.jpg 1360w\" sizes=\"(max-width: 1024px) 100vw, 1024px\" \/><\/a><\/figure>\n\n\n\n<h2 class=\"wp-block-heading\">L&#8217;importance du d\u00e9veloppement du potentiel humain dans l&#8217;entreprise<\/h2>\n\n\n\n<p>Le potentiel humain est la <strong>capacit\u00e9 <\/strong>des personnes \u00e0 s&#8217;efforcer d&#8217;atteindre leurs objectifs, \u00e0 grandir et \u00e0 s&#8217;am\u00e9liorer. Il s&#8217;agit donc d&#8217;une qualit\u00e9 dont<strong> la formation et les r\u00e9sultats<\/strong> sont tr\u00e8s subjectifs.<\/p>\n\n\n\n<p>Pour les entreprises, il est important de faire l&#8217;\u00e9valuation du potentiel humain de leurs employ\u00e9s : progresser dans les <a href=\"\/blog\/fr\/aptitudes-professionnelles\/\" target=\"_blank\" rel=\"noreferrer noopener\" data-wpel-link=\"internal\">aptitudes<\/a> et les comp\u00e9tences dont l&#8217;organisation a besoin contribuera \u00e0 atteindre les objectifs de l&#8217;entreprise.<\/p>\n\n\n\n<h3 class=\"wp-block-heading\">Facteurs essentiels du potentiel humain<\/h3>\n\n\n\n<p>Les entreprises ont tout int\u00e9r\u00eat \u00e0 <strong>encourager le d\u00e9veloppement du potentiel humain <\/strong>afin que les capacit\u00e9s initiales de leurs salari\u00e9s soient renforc\u00e9es et se d\u00e9veloppent. Cela augmentera <strong>leur motivation et leurs efforts au travail<\/strong>, car ils seront anim\u00e9s par le d\u00e9sir de se r\u00e9aliser professionnellement. G\u00e9rer correctement l&#8217;\u00e9valuation du potentiel humain de la main-d&#8217;\u0153uvre permet de progresser.<\/p>\n\n\n\n<p>La <strong>personnalit\u00e9 de chaque individu<\/strong> joue \u00e9galement un r\u00f4le cl\u00e9 dans la gestion du potentiel humain. Les pessimistes ont tendance \u00e0 chercher des probl\u00e8mes dans toutes les situations. Les optimistes, en revanche, consid\u00e8rent <strong>chaque situation comme des opportunit\u00e9s d&#8217;am\u00e9lioration<\/strong> et se concentrent sur le c\u00f4t\u00e9 positif.<\/p>\n\n\n\n<figure class=\"wp-block-image size-full\"><a href=\"\/fr\/logiciel-de-recrutement\/\" data-wpel-link=\"internal\" target=\"_blank\"><img decoding=\"async\" src=\"https:\/\/www.bizneo.com\/blog\/wp-content\/uploads\/2024\/10\/Tests-psychometriques-de-personnalite.png\" alt=\"Tests psychom\u00e9triques de personnalit\u00e9\" class=\"wp-image-27527\"\/><\/a><\/figure>\n\n\n\n<p>Lors de <strong>la s\u00e9lection du bon candidat<\/strong>, le responsable des ressources humaines doit se demander si le candidat affronte chaque situation dans le chaos, l&#8217;angoisse et la douleur, ou dans un esprit de d\u00e9passement de soi.<\/p>\n\n\n\n<p>Une entreprise g\u00e9rera bien le potentiel humain si elle est capable de mettre en \u0153uvre des processus qui <strong>attirent, motivent, d\u00e9veloppent professionnellement ses employ\u00e9s<\/strong> et sont capables de les fid\u00e9liser.<\/p>\n\n\n\n<p>L&#8217;\u00e9valuation du potentiel humain est pertinent pour les entreprises, ce que corroborent les donn\u00e9es de la startup Acsendo (une entreprise d\u00e9di\u00e9e \u00e0 la gestion des talents et au d\u00e9veloppement du haut potentiel au travail).<\/p>\n\n\n\n<div class=\"bzn-pie\"><div class=\"donut-pie\"><svg version=\"1.1\" class=\"donut-pie-svg\" xmlns=\"http:\/\/www.w3.org\/2000\/svg\" xmlns:xlink=\"http:\/\/www.w3.org\/1999\/xlink\" x=\"0px\" y=\"0px\" viewBox=\"0 0 256 256\" style=\"enable-background:new 0 0 256 256;\" xml:space=\"preserve\"><circle style=\"fill:none;stroke:#E2E4E9;stroke-width:5;stroke-miterlimit:10;\" cx=\"128\" cy=\"128\" r=\"111.5\"\/><circle style=\"fill:none;stroke:#7D9DEA;stroke-width:15;stroke-linecap:round;stroke-miterlimit:10;stroke-dasharray:462,999;\" cx=\"128\" cy=\"128\" r=\"111.5\"\/><text transform=\"matrix(1 0 0 1 63.7307 154.5616)\" style=\"fill:#1E2941; font-family:'Plus Jakarta Sans'; font-size: 70px; font-weight: 600; line-height: 56px;\">66<\/text><text transform=\"matrix(1 0 0 1 146.7307 140.5616)\" style=\"fill:#667085;font-family:'Nunito Sans'; font-size:50px; font-weight: 400; line-height: 56px; \">%<\/text><\/svg><\/div><p class=\"cnt\" markdown=\"1\"> 66 % des entreprises recrutent des candidats qui, m\u00eame s&#8217;ils n&#8217;ont pas les comp\u00e9tences et l&#8217;exp\u00e9rience n\u00e9cessaires pour occuper le poste,<strong> ont d\u00e9montr\u00e9 avoir le potentiel au travail, n\u00e9cessaire pour bien l&#8217;occuper une fois form\u00e9s.<\/strong><\/p><\/div>\n\n\n\n<p><\/p>\n\n\n\n<p>C&#8217;est pourquoi une bonne gestion du potentiel humain dans les entreprises passe par<strong> l&#8217;analyse des performances des employ\u00e9s<\/strong> afin d&#8217;adapter leurs t\u00e2ches et de les affecter \u00e0 celles qui leur permettent de mieux accomplir leur travail et d&#8217;\u00e9voluer.<\/p>\n\n\n\n<p>Notre <a href=\"\/fr\/gestion-des-competences-gpec\/\" target=\"_blank\" rel=\"noreferrer noopener\" data-wpel-link=\"internal\">logiciel d&#8217;\u00e9valuation des performances<\/a> vous permet d&#8217;int\u00e9grer la <a href=\"\/blog\/fr\/matrice-de-competences\/\" target=\"_blank\" rel=\"noreferrer noopener\" data-wpel-link=\"internal\">matrice des comp\u00e9tences<\/a> et de <strong>suivre leurs performances par rapport \u00e0 leur potentiel<\/strong>.<\/p>\n\n\n\n<figure class=\"wp-block-image size-full\"><a href=\"\/fr\/gestion-des-competences-gpec\/\" target=\"_blank\" rel=\"noreferrer noopener\" data-wpel-link=\"internal\"><img decoding=\"async\" width=\"1125\" height=\"649\" src=\"https:\/\/www.bizneo.com\/blog\/wp-content\/uploads\/2021\/09\/Matrice-9-box.webp\" alt=\"Talent Mapping\" class=\"wp-image-26274\" srcset=\"https:\/\/www.bizneo.com\/blog\/wp-content\/uploads\/2021\/09\/Matrice-9-box.webp 1125w, https:\/\/www.bizneo.com\/blog\/wp-content\/uploads\/2021\/09\/Matrice-9-box-300x173.webp 300w, https:\/\/www.bizneo.com\/blog\/wp-content\/uploads\/2021\/09\/Matrice-9-box-1024x591.webp 1024w, https:\/\/www.bizneo.com\/blog\/wp-content\/uploads\/2021\/09\/Matrice-9-box-768x443.webp 768w, https:\/\/www.bizneo.com\/blog\/wp-content\/uploads\/2021\/09\/Matrice-9-box-810x467.webp 810w\" sizes=\"(max-width: 1125px) 100vw, 1125px\" \/><\/a><\/figure>\n\n\n\n<p>Une m\u00e9thode efficace et tr\u00e8s visuelle qui permet la d\u00e9tection de potentiel des talents, de les classer et de les comparer \u00e0 d&#8217;autres employ\u00e9s afin d&#8217;estimer <strong>dans quelle mesure ils peuvent cro\u00eetre et se d\u00e9velopper <\/strong>dans l&#8217;entreprise.<\/p>\n\n\n\n<div id=\"cbox-I61FlLunbi3bQuEj\"><\/div>\n\n\n\n<p><\/p>\n\n\n\n<h2 class=\"wp-block-heading\">Avantages du d\u00e9veloppement du potentiel humain<\/h2>\n\n\n\n<p>Les entreprises qui g\u00e8rent bien l&#8217;\u00e9valuation du potentiel humain de leurs employ\u00e9s en tirent les avantages suivants :<\/p>\n\n\n\n<ul class=\"wp-block-list\">\n<li><strong>Am\u00e9lioration de la <a href=\"\/blog\/fr\/qvt\/\" target=\"_blank\" rel=\"noreferrer noopener\" data-wpel-link=\"internal\">qualit\u00e9 de vie au travail<\/a><\/strong> et de la satisfaction du personnel.<\/li>\n\n\n\n<li>Elles <strong>fid\u00e9lisent <\/strong>leurs employ\u00e9s.<\/li>\n\n\n\n<li>Elle<strong> \u00e9vite la fuite des talents <\/strong>vers des entreprises concurrentes.<\/li>\n\n\n\n<li>Diminution de la <strong>rotation du personnel<\/strong>, avec les \u00e9conomies que cela g\u00e9n\u00e8re.<\/li>\n\n\n\n<li><strong>Croissance et formation continue <\/strong>de vos employ\u00e9s, ce qui se traduit par une augmentation de la productivit\u00e9 du travail.<\/li>\n\n\n\n<li><strong>Augmentation des performances<\/strong> des travailleurs parce qu&#8217;ils veulent atteindre les objectifs propos\u00e9s.<\/li>\n\n\n\n<li>Il<strong> r\u00e9duit l&#8217;\u00e9cart entre les comp\u00e9tences exig\u00e9es<\/strong> par l&#8217;entit\u00e9 et les <strong>comp\u00e9tences <\/strong>de l&#8217;employ\u00e9.<\/li>\n\n\n\n<li>Il favorise la communication bidirectionnelle ou le <a href=\"\/blog\/fr\/feedback-entreprise\/\" target=\"_blank\" rel=\"noreferrer noopener\" data-wpel-link=\"internal\">feedback<\/a> entre les travailleurs et le patron.<\/li>\n\n\n\n<li>Il permet d&#8217;<strong>obtenir des donn\u00e9es int\u00e9ressantes<\/strong> sur la proc\u00e9dure en cours et sur ce qui devrait \u00eatre am\u00e9lior\u00e9.<\/li>\n<\/ul>\n\n\n\n<h2 class=\"wp-block-heading\">D\u00e9tection de potentiel gr\u00e2ce aux tests<\/h2>\n\n\n\n<p>Les entreprises peuvent utiliser <strong>de nombreux tests pour mesurer les performances<\/strong> de leurs employ\u00e9s. Mais ce n&#8217;est pas tout, il existe des tests qui examinent les comp\u00e9tences cl\u00e9s n\u00e9cessaires pour le poste, les recoupent avec les comp\u00e9tences que vous poss\u00e9dez actuellement et \u00e9valuent la mani\u00e8re dont vous vous adapterez et la capacit\u00e9 de progression.<\/p>\n\n\n\n<p>En d&#8217;autres termes, il s&#8217;agit de savoir dans quelle mesure l&#8217;employ\u00e9 peut \u00eatre performant aujourd&#8217;hui et dans quelle mesure il peut exploiter son talent \u00e0 l&#8217;avenir. <strong>On parle de d\u00e9tection de potentiel et de projection de carri\u00e8re.<\/strong><\/p>\n\n\n\n<p>Nous avons rassembl\u00e9 ces mod\u00e8les dans un document unique que vous pouvez <strong>obtenir dans le formulaire<\/strong> ci-dessous :<\/p>\n\n\n\n<figure class=\"wp-block-image size-full\"><a href=\"https:\/\/hello.bizneo.com\/template\/guide-tests-ressources-humaines\/?utm_content=Opt-in-banner-blog\" data-wpel-link=\"internal\" target=\"_blank\"><img decoding=\"async\" width=\"810\" height=\"332\" src=\"https:\/\/www.bizneo.com\/blog\/wp-content\/uploads\/2023\/10\/Guide-tests-ressources-humaines.png\" alt=\"Guide tests de Ressources Humaines\" class=\"wp-image-43831\" srcset=\"https:\/\/www.bizneo.com\/blog\/wp-content\/uploads\/2023\/10\/Guide-tests-ressources-humaines.png 810w, https:\/\/www.bizneo.com\/blog\/wp-content\/uploads\/2023\/10\/Guide-tests-ressources-humaines-300x123.png 300w, https:\/\/www.bizneo.com\/blog\/wp-content\/uploads\/2023\/10\/Guide-tests-ressources-humaines-768x315.png 768w\" sizes=\"(max-width: 810px) 100vw, 810px\" \/><\/a><\/figure>\n\n\n\n<p><\/p>\n\n\n\n<h2 class=\"wp-block-heading\">Comment g\u00e9rer le potentiel humain | Conseils<\/h2>\n\n\n\n<p>La <strong>d\u00e9finition d&#8217;une strat\u00e9gie<\/strong> est essentielle pour g\u00e9rer correctement le potentiel humain d&#8217;une entreprise.<\/p>\n\n\n\n<ul class=\"wp-block-list\">\n<li>Pour commencer, il faut<strong> fixer des objectifs d&#8217;entreprise<\/strong> qui peuvent \u00eatre mesur\u00e9s quantitativement. Ensuite, il faut <strong>d\u00e9terminer les comportements ou les attitudes que les employ\u00e9s<\/strong> doivent avoir pour les atteindre et favoriser ainsi le d\u00e9veloppement du potentiel humain.<\/li>\n\n\n\n<li>Ensuite, il faut<strong> mesurer p\u00e9riodiquement les performances<\/strong> des employ\u00e9s afin d&#8217;\u00e9valuer le r\u00e9sultat de l&#8217;analyse effectu\u00e9e dans les \u00e9tapes pr\u00e9c\u00e9dentes.<\/li>\n\n\n\n<li>Enfin, il est important que le personnel qui a d\u00e9montr\u00e9 le plus haut potentiel au travail soit <a href=\"\/blog\/fr\/reconnaissance-au-travail\/\" target=\"_blank\" rel=\"noreferrer noopener\" data-wpel-link=\"internal\">reconnu<\/a> et r\u00e9compens\u00e9 pour ses efforts d&#8217;une mani\u00e8re ou d&#8217;une autre motivante.<\/li>\n<\/ul>\n\n\n\n<figure class=\"wp-block-image size-full\"><a href=\"https:\/\/www.bizneo.com\/fr\/gestion-des-competences-gpec\/\" target=\"_blank\" rel=\"noreferrer noopener\" data-wpel-link=\"internal\"><img decoding=\"async\" width=\"1143\" height=\"1032\" src=\"https:\/\/www.bizneo.com\/blog\/wp-content\/uploads\/2021\/10\/Rapports-evaluation-talents-competences.webp\" alt=\"Rapport d'\u00e9valuation des comp\u00e9tences\" class=\"wp-image-27792\" srcset=\"https:\/\/www.bizneo.com\/blog\/wp-content\/uploads\/2021\/10\/Rapports-evaluation-talents-competences.webp 1143w, https:\/\/www.bizneo.com\/blog\/wp-content\/uploads\/2021\/10\/Rapports-evaluation-talents-competences-300x271.webp 300w, https:\/\/www.bizneo.com\/blog\/wp-content\/uploads\/2021\/10\/Rapports-evaluation-talents-competences-1024x925.webp 1024w, https:\/\/www.bizneo.com\/blog\/wp-content\/uploads\/2021\/10\/Rapports-evaluation-talents-competences-768x693.webp 768w, https:\/\/www.bizneo.com\/blog\/wp-content\/uploads\/2021\/10\/Rapports-evaluation-talents-competences-810x731.webp 810w, https:\/\/www.bizneo.com\/blog\/wp-content\/uploads\/2021\/10\/Rapports-evaluation-talents-competences-1140x1029.webp 1140w\" sizes=\"(max-width: 1143px) 100vw, 1143px\" \/><\/a><\/figure>\n\n\n\n<p>Afin de mettre en \u0153uvre la strat\u00e9gie ci-dessus, les entreprises ont besoin de ressources telles que :<\/p>\n\n\n\n<ul class=\"wp-block-list\">\n<li>Un <a href=\"\/blog\/fr\/systeme-evaluation-de-la-performance\/\" target=\"_blank\" rel=\"noreferrer noopener\" data-wpel-link=\"internal\">syst\u00e8me d&#8217;\u00e9valuation des performances<\/a><\/li>\n\n\n\n<li>Syst\u00e8mes d&#8217;optimisation des processus.<\/li>\n\n\n\n<li>Plans d&#8217;incitation.<\/li>\n\n\n\n<li>Dynamiques internes ou externes \u00e0 l&#8217;entreprise pour am\u00e9liorer l&#8217;environnement de travail.<\/li>\n\n\n\n<li>Des <a href=\"\/blog\/fr\/plan-de-formation\/\" target=\"_blank\" rel=\"noreferrer noopener\" data-wpel-link=\"internal\">plans de formation<\/a> accessibles aux employ\u00e9s.<\/li>\n<\/ul>\n\n\n\n<figure class=\"wp-block-image size-full\"><a href=\"https:\/\/www.bizneo.com\/fr\/gestion-des-competences-gpec\/\" data-wpel-link=\"internal\" target=\"_blank\"><img decoding=\"async\" width=\"1360\" height=\"204\" src=\"https:\/\/www.bizneo.com\/blog\/wp-content\/uploads\/2024\/02\/banner-medio-competences.jpg\" alt=\"Lacunes de comp\u00e9tences biais evaluations\" class=\"wp-image-45528\" srcset=\"https:\/\/www.bizneo.com\/blog\/wp-content\/uploads\/2024\/02\/banner-medio-competences.jpg 1360w, https:\/\/www.bizneo.com\/blog\/wp-content\/uploads\/2024\/02\/banner-medio-competences-300x45.jpg 300w, https:\/\/www.bizneo.com\/blog\/wp-content\/uploads\/2024\/02\/banner-medio-competences-1024x154.jpg 1024w, https:\/\/www.bizneo.com\/blog\/wp-content\/uploads\/2024\/02\/banner-medio-competences-768x115.jpg 768w, https:\/\/www.bizneo.com\/blog\/wp-content\/uploads\/2024\/02\/banner-medio-competences-810x122.jpg 810w, https:\/\/www.bizneo.com\/blog\/wp-content\/uploads\/2024\/02\/banner-medio-competences-1140x171.jpg 1140w\" sizes=\"(max-width: 1360px) 100vw, 1360px\" \/><\/a><\/figure>\n\n\n\n<h3 class=\"wp-block-heading\">Peut-il y avoir d\u00e9veloppement du potentiel humain sans formation ?<\/h3>\n\n\n\n<p><strong>Les salari\u00e9s apprennent tous les jours <\/strong>sur leur lieu de travail. De nouvelles t\u00e2ches, de nouveaux processus, de nouveaux syst\u00e8mes. Gr\u00e2ce aux astuces, conseils et recommandations de leurs coll\u00e8gues et de leurs sup\u00e9rieurs. Et par le biais d&#8217;erreurs (il faut perdre la peur de faire des erreurs, tant que cela permet d&#8217;identifier o\u00f9 se situe le probl\u00e8me et d&#8217;en tirer des le\u00e7ons).<\/p>\n\n\n\n<p>Si la routine et le travail quotidien n&#8217;exploitent pas les <a href=\"\/blog\/fr\/competences-professionnelles\/\" target=\"_blank\" rel=\"noreferrer noopener\" data-wpel-link=\"internal\">comp\u00e9tences professionnelles<\/a> d&#8217;un employ\u00e9, <strong>la formation peut \u00eatre une option<\/strong>. L&#8217;objectif d&#8217;un bon plan de formation est de d\u00e9velopper les comp\u00e9tences des travailleurs pour qu&#8217;ils puissent occuper des postes cl\u00e9s au sein de l&#8217;organisation, ce que vous pouvez facilement faire si vous tirez parti de toutes les possibilit\u00e9s offertes par un <a href=\"\/fr\/logiciel-gestion-formation\/\" target=\"_blank\" rel=\"noreferrer noopener\" data-wpel-link=\"internal\">logiciel de gestion de la formation<\/a>.<\/p>\n\n\n\n<figure class=\"wp-block-image size-full\"><a href=\"\/fr\/logiciel-gestion-formation\/\" target=\"_blank\" rel=\"noreferrer noopener\" data-wpel-link=\"internal\"><img decoding=\"async\" width=\"1500\" height=\"1094\" src=\"https:\/\/www.bizneo.com\/blog\/wp-content\/uploads\/2021\/09\/plan-action-et-formation.webp\" alt=\"Parcours de Formation\" class=\"wp-image-26346\" srcset=\"https:\/\/www.bizneo.com\/blog\/wp-content\/uploads\/2021\/09\/plan-action-et-formation.webp 1500w, https:\/\/www.bizneo.com\/blog\/wp-content\/uploads\/2021\/09\/plan-action-et-formation-300x219.webp 300w, https:\/\/www.bizneo.com\/blog\/wp-content\/uploads\/2021\/09\/plan-action-et-formation-1024x747.webp 1024w, https:\/\/www.bizneo.com\/blog\/wp-content\/uploads\/2021\/09\/plan-action-et-formation-768x560.webp 768w, https:\/\/www.bizneo.com\/blog\/wp-content\/uploads\/2021\/09\/plan-action-et-formation-810x591.webp 810w, https:\/\/www.bizneo.com\/blog\/wp-content\/uploads\/2021\/09\/plan-action-et-formation-1140x831.webp 1140w\" sizes=\"(max-width: 1500px) 100vw, 1500px\" \/><\/a><\/figure>\n\n\n\n<p>Avec ce <a href=\"https:\/\/www.bizneo.com\/fr\/\" target=\"_blank\" rel=\"noreferrer noopener\" data-wpel-link=\"internal\">logiciel RH<\/a> dot\u00e9 de modules d&#8217;\u00e9valuation et de formation, vous offrez aux employ\u00e9s toutes les ressources dont ils ont besoin pour <strong>exploiter et d\u00e9velopper leur potentiel humain<\/strong>. Cours, s\u00e9minaires, programmes de sp\u00e9cialisation\u2026 Et vous pourrez les <strong>suivre \u00e0 partir d&#8217;une seule plateforme<\/strong> et v\u00e9rifier leur \u00e9volution :<\/p>\n\n\n\n<ul class=\"wp-block-list\">\n<li>La personne assiste-t-elle ?<\/li>\n\n\n\n<li>Comment progressent-ils ?<\/li>\n\n\n\n<li>Cela a-t-il un impact sur leurs performances ?<\/li>\n<\/ul>\n\n\n\n<p>Un logiciel qui s&#8217;allie \u00e0 l&#8217;\u00e9valuation des performances et qui vous permettra de <strong>d\u00e9velopper les talents de votre entreprise.<\/strong><\/p>\n\n\n\n<h2 class=\"wp-block-heading\">Comment \u00e9valuer le potentiel des salari\u00e9s : 6 cl\u00e9s<\/h2>\n\n\n\n<h3 class=\"wp-block-heading\">D\u00e9tecter le potentiel humain<\/h3>\n\n\n\n<p>La d\u00e9tection de potentiel par P\u00f4le emploi donne des id\u00e9es pour trouver de bonnes m\u00e9thodes. Il est n\u00e9cessaire de <strong>mesurer son travail<\/strong>. Gr\u00e2ce \u00e0 un <strong>logiciel d&#8217;\u00e9valuation de la performance<\/strong>, vous pouvez mesurer la performance de vos employ\u00e9s et leur potentiel de croissance \u00e0 court et \u00e0 long terme.<\/p>\n\n\n\n<figure class=\"wp-block-image size-full\"><a href=\"\/fr\/gestion-des-competences-gpec\/\" target=\"_blank\" rel=\"noreferrer noopener\" data-wpel-link=\"internal\"><img decoding=\"async\" width=\"1125\" height=\"969\" src=\"https:\/\/www.bizneo.com\/blog\/wp-content\/uploads\/2021\/09\/Logiciel-evaluation-performance-competences.webp\" alt=\"Logiciel de Gestion des Compe\u0301tences\" class=\"wp-image-25378\" srcset=\"https:\/\/www.bizneo.com\/blog\/wp-content\/uploads\/2021\/09\/Logiciel-evaluation-performance-competences.webp 1125w, https:\/\/www.bizneo.com\/blog\/wp-content\/uploads\/2021\/09\/Logiciel-evaluation-performance-competences-300x258.webp 300w, https:\/\/www.bizneo.com\/blog\/wp-content\/uploads\/2021\/09\/Logiciel-evaluation-performance-competences-1024x882.webp 1024w, https:\/\/www.bizneo.com\/blog\/wp-content\/uploads\/2021\/09\/Logiciel-evaluation-performance-competences-768x662.webp 768w, https:\/\/www.bizneo.com\/blog\/wp-content\/uploads\/2021\/09\/Logiciel-evaluation-performance-competences-810x698.webp 810w\" sizes=\"(max-width: 1125px) 100vw, 1125px\" \/><\/a><\/figure>\n\n\n\n<p>Tous les <a href=\"https:\/\/www.bizneo.com\/blog\/fr\/gpec\/\" data-wpel-link=\"internal\" target=\"_blank\">mod\u00e8les d&#8217;\u00e9valuation GPEC<\/a> et les crit\u00e8res d&#8217;\u00e9valuation enti\u00e8rement personnalisables sont disponibles<strong> pour mesurer les forces et les faiblesses<\/strong>.<\/p>\n\n\n\n<p><strong>Quel est l&#8217;int\u00e9r\u00eat pour l&#8217;entreprise ? <\/strong>Placer les collaborateurs \u00e0 des postes correspondant \u00e0 leurs comp\u00e9tences, leur proposer des plans de formation, les promouvoir et prendre des d\u00e9cisions sp\u00e9cifiques sur la base des donn\u00e9es recueillies dans les rapports.<\/p>\n\n\n\n<p>Il existe <strong>trois grands types <\/strong>d&#8217;\u00e9valuation des performances :<\/p>\n\n\n\n<ul class=\"wp-block-list\">\n<li><strong>L&#8217;\u00e9valuation par objectifs : <\/strong>il s&#8217;agit de la m\u00e9thode traditionnelle d&#8217;\u00e9valuation. Dans ce cas, les r\u00e9sultats sont mesur\u00e9s <strong>en fonction des notes obtenues par chaque employ\u00e9<\/strong>. Une fois le graphique observ\u00e9, nous pouvons d\u00e9terminer quel employ\u00e9 m\u00e9rite une certaine forme de compensation, \u00e9valuer les points \u00e0 am\u00e9liorer, quels objectifs ont \u00e9t\u00e9 atteints et lesquels ne l&#8217;ont pas \u00e9t\u00e9.<\/li>\n\n\n\n<li><strong><a href=\"\/blog\/fr\/evaluation-des-competences\/\" target=\"_blank\" rel=\"noreferrer noopener\" data-wpel-link=\"internal\">\u00c9valuation des comp\u00e9tences<\/a> : <\/strong>il s&#8217;agit \u00e9galement d&#8217;une nouvelle m\u00e9thode d&#8217;\u00e9valuation. Elle n&#8217;est pas ax\u00e9e sur une \u00e9valuation num\u00e9rique du travail, mais se fonde sur le retour d&#8217;information que chaque employ\u00e9 re\u00e7oit de son sup\u00e9rieur direct, du personnel dont il a la charge, des clients et des coll\u00e8gues. Elle se concentre davantage sur ce que l&#8217;on appelle l&#8217;<a href=\"\/blog\/fr\/evaluation-360-degres\/\" data-wpel-link=\"internal\" target=\"_blank\">\u00e9valuation \u00e0 360\u00b0<\/a>. Elle implique des r\u00e9unions plus fr\u00e9quentes et encourage la communication et la transparence.<\/li>\n\n\n\n<li><strong>M\u00e9thode mixte :<\/strong> elle r\u00e9alise une \u00e9valuation dans laquelle elle utilise les outils des deux m\u00e9thodes pr\u00e9c\u00e9dentes de mani\u00e8re \u00e0 mesurer les comp\u00e9tences de chaque travailleur sur la base de questions quantitatives.<\/li>\n<\/ul>\n\n\n\n<figure class=\"wp-block-image size-full\"><a href=\"https:\/\/www.bizneo.com\/fr\/gestion-des-competences-gpec\/\" target=\"_blank\" rel=\"noopener\" data-wpel-link=\"internal\"><img decoding=\"async\" width=\"1360\" height=\"204\" src=\"https:\/\/www.bizneo.com\/blog\/wp-content\/uploads\/2021\/08\/banner-medio-competences.jpg\" alt=\"logiciel \u00e9valuation des comp\u00e9tences\" class=\"wp-image-25138\" srcset=\"https:\/\/www.bizneo.com\/blog\/wp-content\/uploads\/2021\/08\/banner-medio-competences.jpg 1360w, https:\/\/www.bizneo.com\/blog\/wp-content\/uploads\/2021\/08\/banner-medio-competences-300x45.jpg 300w, https:\/\/www.bizneo.com\/blog\/wp-content\/uploads\/2021\/08\/banner-medio-competences-1024x154.jpg 1024w, https:\/\/www.bizneo.com\/blog\/wp-content\/uploads\/2021\/08\/banner-medio-competences-768x115.jpg 768w, https:\/\/www.bizneo.com\/blog\/wp-content\/uploads\/2021\/08\/banner-medio-competences-810x122.jpg 810w, https:\/\/www.bizneo.com\/blog\/wp-content\/uploads\/2021\/08\/banner-medio-competences-1140x171.jpg 1140w\" sizes=\"(max-width: 1360px) 100vw, 1360px\" \/><\/a><\/figure>\n\n\n\n<h3 class=\"wp-block-heading\">Encourager et d\u00e9velopper le potentiel humain<\/h3>\n\n\n\n<p>Le rythme de vie rapide que nous menons fait que, bien que nous souhaitions continuer \u00e0 nous former, le temps ne nous le permet pas. Les entreprises doivent stimuler le potentiel humain de tous les travailleurs, en particulier ceux qui ont le d\u00e9sir de s&#8217;am\u00e9liorer.<\/p>\n\n\n\n<figure class=\"wp-block-image size-large\"><a href=\"\/fr\/gestion-des-competences-gpec\/\" data-wpel-link=\"internal\" target=\"_blank\"><img decoding=\"async\" width=\"1024\" height=\"783\" src=\"https:\/\/www.bizneo.com\/blog\/wp-content\/uploads\/2021\/09\/Evaluation-gestion-par-competence-1024x783.webp\" alt=\"Gestion des Compe\u0301tences\" class=\"wp-image-25395\" srcset=\"https:\/\/www.bizneo.com\/blog\/wp-content\/uploads\/2021\/09\/Evaluation-gestion-par-competence-1024x783.webp 1024w, https:\/\/www.bizneo.com\/blog\/wp-content\/uploads\/2021\/09\/Evaluation-gestion-par-competence-300x229.webp 300w, https:\/\/www.bizneo.com\/blog\/wp-content\/uploads\/2021\/09\/Evaluation-gestion-par-competence-768x587.webp 768w, https:\/\/www.bizneo.com\/blog\/wp-content\/uploads\/2021\/09\/Evaluation-gestion-par-competence-810x619.webp 810w, https:\/\/www.bizneo.com\/blog\/wp-content\/uploads\/2021\/09\/Evaluation-gestion-par-competence-1140x872.webp 1140w, https:\/\/www.bizneo.com\/blog\/wp-content\/uploads\/2021\/09\/Evaluation-gestion-par-competence.webp 1500w\" sizes=\"(max-width: 1024px) 100vw, 1024px\" \/><\/a><\/figure>\n\n\n\n<p>En fin de compte, cela aura <strong>un impact sur la croissance professionnelle du travailleur et donc de l&#8217;entreprise<\/strong>, sur sa loyaut\u00e9 envers l&#8217;entit\u00e9 parce qu&#8217;elle lui apporte ce dont il a besoin et sur la motivation du travailleur parce qu&#8217;il se sentira valoris\u00e9 et pourra d\u00e9velopper un plan de carri\u00e8re au sein de l&#8217;organisation.<\/p>\n\n\n\n<p><strong>Faciliter la formation des employ\u00e9s <\/strong>est tr\u00e8s important, mais comment pouvons-nous le faire au sein du d\u00e9partement des ressources humaines ?<\/p>\n\n\n\n<bzn-info><a href=\"\/blog\/fr\/plan-de-carriere\/\" id=\"destacado-post\" target=\"_blank\" rel=\"noopener\" data-wpel-link=\"internal\"><span class=\"bzn-link-title\"><strong>Comment cr\u00e9er un plan de carri\u00e8re ?<\/strong> <\/span><br>9 \u00e9tapes pour mettre en \u0153uvre un plan de croissance pour votre personnel.<\/a><\/br><\/bzn-info>\n\n\n\n<p><\/p>\n\n\n\n<h3 class=\"wp-block-heading\">La formation pour d\u00e9velopper le potentiel des employ\u00e9s<\/h3>\n\n\n\n<p>En mettant \u00e0 leur disposition <strong>des outils simples qui leur permettent d&#8217;acc\u00e9der au contenu <\/strong>partout et \u00e0 tout moment. Ils pourront ainsi concilier leur vie professionnelle et familiale sans n\u00e9gliger leur profession.<\/p>\n\n\n\n<p>Le <strong>LMS <\/strong>est le logiciel id\u00e9al pour atteindre cet objectif, car les travailleurs peuvent acc\u00e9der \u00e0 cette <strong>plateforme en ligne<\/strong> avec leur mot de passe quand ils le souhaitent pour t\u00e9l\u00e9charger le syllabus, lire des articles ou regarder des vid\u00e9os en rapport avec le sujet, auto-contr\u00f4ler leur apprentissage, communiquer avec l&#8217;enseignant pour r\u00e9soudre des doutes et examiner le contenu sans quitter leur domicile ou l&#8217;endroit o\u00f9 ils se trouvent.<\/p>\n\n\n\n<figure class=\"wp-block-image size-full\"><a href=\"\/fr\/logiciel-gestion-formation\/\" target=\"_blank\" rel=\"noreferrer noopener\" data-wpel-link=\"internal\"><img decoding=\"async\" width=\"1500\" height=\"907\" src=\"https:\/\/www.bizneo.com\/blog\/wp-content\/uploads\/2021\/09\/Appli-de-gestion-de-la-formation.webp\" alt=\"Appli de gestion de la formation\" class=\"wp-image-25382\" srcset=\"https:\/\/www.bizneo.com\/blog\/wp-content\/uploads\/2021\/09\/Appli-de-gestion-de-la-formation.webp 1500w, https:\/\/www.bizneo.com\/blog\/wp-content\/uploads\/2021\/09\/Appli-de-gestion-de-la-formation-300x181.webp 300w, https:\/\/www.bizneo.com\/blog\/wp-content\/uploads\/2021\/09\/Appli-de-gestion-de-la-formation-1024x619.webp 1024w, https:\/\/www.bizneo.com\/blog\/wp-content\/uploads\/2021\/09\/Appli-de-gestion-de-la-formation-768x464.webp 768w, https:\/\/www.bizneo.com\/blog\/wp-content\/uploads\/2021\/09\/Appli-de-gestion-de-la-formation-810x490.webp 810w, https:\/\/www.bizneo.com\/blog\/wp-content\/uploads\/2021\/09\/Appli-de-gestion-de-la-formation-1140x689.webp 1140w\" sizes=\"(max-width: 1500px) 100vw, 1500px\" \/><\/a><\/figure>\n\n\n\n<p>Cette facilit\u00e9 d&#8217;acc\u00e8s \u00e0 la formation est <strong>tr\u00e8s appr\u00e9ci\u00e9e par les employ\u00e9s<\/strong> et a un impact positif sur l&#8217;organisation car elle augmente la productivit\u00e9 et <strong>r\u00e9duit <a href=\"\/blog\/fr\/absenteisme-au-travail\/\" target=\"_blank\" rel=\"noreferrer noopener\" data-wpel-link=\"internal\">l&#8217;absent\u00e9isme<\/a>, la fuite des cerveaux et les taux de rotation<\/strong>.<\/p>\n\n\n\n<p>En fait, pour la jeune g\u00e9n\u00e9ration, il s&#8217;agit d&#8217;une motivation cl\u00e9 dans le choix d&#8217;un emploi. <strong>67 % des jeunes<\/strong> appartenant \u00e0 la \u00abg\u00e9n\u00e9ration Z\u00bb (n\u00e9s entre 2000 et 2009) sont ceux qui <strong>accordent le plus d&#8217;importance \u00e0 la formation dans un emploi<\/strong>, selon le rapport What Workers Want 2019 de Hays.<\/p>\n\n\n\n<bzn-link><a href=\"\/fr\/logiciel-gestion-formation\/\" target=\"_blank\" rel=\"noopener\" id=\"destacado-lms\" data-wpel-link=\"internal\"><span class=\"bzn-link-title\">VOICI UN EXEMPLE D&#8217;OUTIL UTILIS\u00c9 POUR FORMER LES TALENTS<\/span>Il vous permet de suivre les formations, les pr\u00e9sences, les co\u00fbts et&#8230; bien plus encore.<\/a><\/bzn-link>\n\n\n\n<p><\/p>\n\n\n\n<h3 class=\"wp-block-heading\">L&#8217;engagement des employ\u00e9s est essentiel<\/h3>\n\n\n\n<p>Le manque d&#8217;engagement et de motivation g\u00e9n\u00e8re de mauvais r\u00e9sultats pour l&#8217;entreprise et emp\u00eache l&#8217;\u00e9valuation du potentiel humain et son d\u00e9veloppement. En revanche, un <strong>bon engagement au travail<\/strong>, fond\u00e9 sur la satisfaction des employ\u00e9s \u00e0 l&#8217;\u00e9gard de leurs conditions de travail et sur leur \u00e9panouissement professionnel, accro\u00eet l&#8217;efficacit\u00e9 des employ\u00e9s et augmente les b\u00e9n\u00e9fices de l&#8217;entreprise.<\/p>\n\n\n\n<p>Les <a href=\"\/blog\/fr\/questionnaire-qvt\/\" target=\"_blank\" rel=\"noreferrer noopener\" data-wpel-link=\"internal\">questionnaires QVT<\/a> sont un bon outil pour mesurer le degr\u00e9 de satisfaction des employ\u00e9s et, par cons\u00e9quent, leur engagement.<\/p>\n\n\n\n<p>Pourquoi ? Ces enqu\u00eates vous permettent de g\u00e9rer rapidement et facilement le potentiel humain de toute entreprise. Elles fournissent les donn\u00e9es n\u00e9cessaires pour <strong>d\u00e9tecter s&#8217;il existe des conflits entre les travailleurs<\/strong> qui r\u00e9duisent leur productivit\u00e9 et pour pouvoir y rem\u00e9dier.<\/p>\n\n\n\n<p>En outre, les employ\u00e9s remarqueront que <strong>leur entreprise se pr\u00e9occupe de leur bien-\u00eatre<\/strong>. Cela r\u00e9duit deux aspects importants qui affectent de nombreuses entreprises : l&#8217;absent\u00e9isme et la rotation du personnel.<\/p>\n\n\n\n<p>En r\u00e9sum\u00e9, si le d\u00e9partement des ressources humaines s&#8217;efforce d&#8217;<strong>am\u00e9liorer l&#8217;environnement de travail <\/strong>\u00e0 l&#8217;aide de cet outil simple, la rentabilit\u00e9 de l&#8217;entreprise augmentera et les employ\u00e9s seront satisfaits de leurs conditions de travail.<\/p>\n\n\n\n<h3 class=\"wp-block-heading\">Le leadership<\/h3>\n\n\n\n<p>Le<strong> leadership est une comp\u00e9tence n\u00e9cessaire<\/strong> dans toutes les \u00e9quipes de travail. M\u00eame si vous pr\u00f4nez une \u00e9quipe \u00e9galitaire dans laquelle les opinions de tous les participants sont pertinentes, vous aurez toujours besoin d&#8217;<strong>un leader capable de diriger les processus <\/strong>de pr\u00e8s.<\/p>\n\n\n\n<p>Il faut donc <strong>abandonner le mod\u00e8le hi\u00e9rarchique traditionnel <\/strong>de l&#8217;employ\u00e9 et du patron, qui n&#8217;a pas fonctionn\u00e9.<\/p>\n\n\n\n<p>Un <strong>leader <\/strong>est une personne capable de g\u00e9rer des groupes de personnes sans user de son autorit\u00e9. Elle sait d\u00e9l\u00e9guer et reconna\u00eet le travail de ses collaborateurs tout en entretenant avec eux un dialogue constant.<\/p>\n\n\n\n<figure class=\"wp-block-image size-full\"><a href=\"https:\/\/hello.bizneo.com\/template\/guide-reconnaissance-professionnelle\/?utm_content=post-banner\" data-wpel-link=\"internal\" target=\"_blank\"><img decoding=\"async\" width=\"1360\" height=\"204\" src=\"https:\/\/www.bizneo.com\/blog\/wp-content\/uploads\/2022\/02\/guide-Reconnaissance-professionnelle.jpg\" alt=\"guide Reconnaissance professionnelle\" class=\"wp-image-32276\" srcset=\"https:\/\/www.bizneo.com\/blog\/wp-content\/uploads\/2022\/02\/guide-Reconnaissance-professionnelle.jpg 1360w, https:\/\/www.bizneo.com\/blog\/wp-content\/uploads\/2022\/02\/guide-Reconnaissance-professionnelle-300x45.jpg 300w, https:\/\/www.bizneo.com\/blog\/wp-content\/uploads\/2022\/02\/guide-Reconnaissance-professionnelle-1024x154.jpg 1024w, https:\/\/www.bizneo.com\/blog\/wp-content\/uploads\/2022\/02\/guide-Reconnaissance-professionnelle-768x115.jpg 768w, https:\/\/www.bizneo.com\/blog\/wp-content\/uploads\/2022\/02\/guide-Reconnaissance-professionnelle-810x122.jpg 810w, https:\/\/www.bizneo.com\/blog\/wp-content\/uploads\/2022\/02\/guide-Reconnaissance-professionnelle-1140x171.jpg 1140w\" sizes=\"(max-width: 1360px) 100vw, 1360px\" \/><\/a><\/figure>\n\n\n\n<h3 class=\"wp-block-heading\">Efficacit\u00e9 organisationnelle<\/h3>\n\n\n\n<p>La <strong>capacit\u00e9 \u00e0 travailler en \u00e9quipe<\/strong> est un potentiel humain remarquable dans la recherche de l&#8217;efficacit\u00e9 organisationnelle. L&#8217;imbrication des personnes au sein d&#8217;une entreprise d\u00e9termine<strong> son bon fonctionnement<\/strong>.<\/p>\n\n\n\n<p>Il est essentiel que la communication entre les diff\u00e9rents services soit fluide. Qu&#8217;il y ait un engagement en faveur de l&#8217;innovation et que les processus et les responsabilit\u00e9s de chacun soient analys\u00e9s.<\/p>\n\n\n\n<figure class=\"wp-block-image size-full\"><a href=\"\/fr\/gestion-des-competences-gpec\/\" data-wpel-link=\"internal\" target=\"_blank\"><img decoding=\"async\" width=\"1360\" height=\"408\" src=\"https:\/\/www.bizneo.com\/blog\/wp-content\/uploads\/2024\/02\/logiciel-evaluation-competences.jpg\" alt=\"logiciel \u00e9valuation des comp\u00e9tences et performances)\" class=\"wp-image-45493\" srcset=\"https:\/\/www.bizneo.com\/blog\/wp-content\/uploads\/2024\/02\/logiciel-evaluation-competences.jpg 1360w, https:\/\/www.bizneo.com\/blog\/wp-content\/uploads\/2024\/02\/logiciel-evaluation-competences-300x90.jpg 300w, https:\/\/www.bizneo.com\/blog\/wp-content\/uploads\/2024\/02\/logiciel-evaluation-competences-1024x307.jpg 1024w, https:\/\/www.bizneo.com\/blog\/wp-content\/uploads\/2024\/02\/logiciel-evaluation-competences-768x230.jpg 768w, https:\/\/www.bizneo.com\/blog\/wp-content\/uploads\/2024\/02\/logiciel-evaluation-competences-810x243.jpg 810w, https:\/\/www.bizneo.com\/blog\/wp-content\/uploads\/2024\/02\/logiciel-evaluation-competences-1140x342.jpg 1140w\" sizes=\"(max-width: 1360px) 100vw, 1360px\" \/><\/a><\/figure>\n","protected":false},"excerpt":{"rendered":"<p>Le personnel est le meilleur capital d&#8217;une entreprise : de son efficacit\u00e9 d\u00e9pendent les r\u00e9sultats de l&#8217;entreprise. C&#8217;est pourquoi investir dans la gestion du potentiel humain est une priorit\u00e9.<\/p>\n","protected":false},"author":37,"featured_media":46104,"comment_status":"open","ping_status":"open","sticky":false,"template":"","format":"standard","meta":{"_uag_custom_page_level_css":"","site-sidebar-layout":"default","site-content-layout":"","ast-site-content-layout":"default","site-content-style":"default","site-sidebar-style":"default","ast-global-header-display":"","ast-banner-title-visibility":"","ast-main-header-display":"","ast-hfb-above-header-display":"","ast-hfb-below-header-display":"","ast-hfb-mobile-header-display":"","site-post-title":"","ast-breadcrumbs-content":"","ast-featured-img":"","footer-sml-layout":"","ast-disable-related-posts":"","theme-transparent-header-meta":"","adv-header-id-meta":"","stick-header-meta":"","header-above-stick-meta":"","header-main-stick-meta":"","header-below-stick-meta":"","astra-migrate-meta-layouts":"default","ast-page-background-enabled":"default","ast-page-background-meta":{"desktop":{"background-color":"var(--ast-global-color-5)","background-image":"","background-repeat":"repeat","background-position":"center center","background-size":"auto","background-attachment":"scroll","background-type":"","background-media":"","overlay-type":"","overlay-color":"","overlay-opacity":"","overlay-gradient":""},"tablet":{"background-color":"","background-image":"","background-repeat":"repeat","background-position":"center center","background-size":"auto","background-attachment":"scroll","background-type":"","background-media":"","overlay-type":"","overlay-color":"","overlay-opacity":"","overlay-gradient":""},"mobile":{"background-color":"","background-image":"","background-repeat":"repeat","background-position":"center center","background-size":"auto","background-attachment":"scroll","background-type":"","background-media":"","overlay-type":"","overlay-color":"","overlay-opacity":"","overlay-gradient":""}},"ast-content-background-meta":{"desktop":{"background-color":"var(--ast-global-color-4)","background-image":"","background-repeat":"repeat","background-position":"center center","background-size":"auto","background-attachment":"scroll","background-type":"","background-media":"","overlay-type":"","overlay-color":"","overlay-opacity":"","overlay-gradient":""},"tablet":{"background-color":"var(--ast-global-color-4)","background-image":"","background-repeat":"repeat","background-position":"center center","background-size":"auto","background-attachment":"scroll","background-type":"","background-media":"","overlay-type":"","overlay-color":"","overlay-opacity":"","overlay-gradient":""},"mobile":{"background-color":"var(--ast-global-color-4)","background-image":"","background-repeat":"repeat","background-position":"center center","background-size":"auto","background-attachment":"scroll","background-type":"","background-media":"","overlay-type":"","overlay-color":"","overlay-opacity":"","overlay-gradient":""}},"footnotes":""},"categories":[309,307],"tags":[],"class_list":["post-45804","post","type-post","status-publish","format-standard","has-post-thumbnail","hentry","category-evaluation-des-performances","category-gestion-des-talents"],"yoast_head":"<!-- This site is optimized with the Yoast SEO plugin v27.5 - https:\/\/yoast.com\/product\/yoast-seo-wordpress\/ -->\n<title>\u00c9valuation du potentiel humain | Mesurer le talent des employ\u00e9s<\/title>\n<meta name=\"description\" content=\"Comment faire l&#039;\u00e9valuation du potentiel humain ? D\u00e9tecter le potentiel, le stimuler, le former... d\u00e9couvrir comment exploiter le talent.\" \/>\n<meta name=\"robots\" content=\"index, follow, max-snippet:-1, max-image-preview:large, max-video-preview:-1\" \/>\n<meta property=\"og:locale\" content=\"es_ES\" \/>\n<meta property=\"og:type\" content=\"article\" \/>\n<meta property=\"og:title\" content=\"\u00c9valuation du potentiel humain | Mesurer le talent des employ\u00e9s\" \/>\n<meta property=\"og:description\" content=\"Comment faire l&#039;\u00e9valuation du potentiel humain ? D\u00e9tecter le potentiel, le stimuler, le former... d\u00e9couvrir comment exploiter le talent.\" \/>\n<meta property=\"og:url\" content=\"https:\/\/www.bizneo.com\/blog\/fr\/evaluation-du-potentiel\/\" \/>\n<meta property=\"og:site_name\" content=\"Blog de Recursos Humanos de Bizneo HR: pr\u00e1ctico y actual\" \/>\n<meta property=\"article:published_time\" content=\"2024-04-11T09:39:22+00:00\" \/>\n<meta property=\"article:modified_time\" content=\"2026-01-26T22:53:59+00:00\" \/>\n<meta property=\"og:image\" content=\"https:\/\/www.bizneo.com\/blog\/wp-content\/uploads\/2024\/03\/evaluation-du-potentiel-salaries.webp\" \/>\n\t<meta property=\"og:image:width\" content=\"1140\" \/>\n\t<meta property=\"og:image:height\" content=\"640\" \/>\n\t<meta property=\"og:image:type\" content=\"image\/webp\" \/>\n<meta name=\"author\" content=\"Frederic\" \/>\n<meta name=\"twitter:card\" content=\"summary_large_image\" \/>\n<meta name=\"twitter:label1\" content=\"Escrito por\" \/>\n\t<meta name=\"twitter:data1\" content=\"Frederic\" \/>\n\t<meta name=\"twitter:label2\" content=\"Tiempo de lectura\" \/>\n\t<meta name=\"twitter:data2\" content=\"1 minuto\" \/>\n<script type=\"application\/ld+json\" class=\"yoast-schema-graph\">{\"@context\":\"https:\\\/\\\/schema.org\",\"@graph\":[{\"@type\":[\"Article\",\"BlogPosting\"],\"@id\":\"https:\\\/\\\/www.bizneo.com\\\/blog\\\/fr\\\/evaluation-du-potentiel\\\/#article\",\"isPartOf\":{\"@id\":\"https:\\\/\\\/www.bizneo.com\\\/blog\\\/fr\\\/evaluation-du-potentiel\\\/\"},\"author\":{\"name\":\"Frederic\",\"@id\":\"https:\\\/\\\/www.bizneo.com\\\/blog\\\/#\\\/schema\\\/person\\\/c54a399718abb92cd32efffb5977118a\"},\"headline\":\"Comment faire l&#8217;\u00e9valuation du potentiel des salari\u00e9s\",\"datePublished\":\"2024-04-11T09:39:22+00:00\",\"dateModified\":\"2026-01-26T22:53:59+00:00\",\"mainEntityOfPage\":{\"@id\":\"https:\\\/\\\/www.bizneo.com\\\/blog\\\/fr\\\/evaluation-du-potentiel\\\/\"},\"wordCount\":2522,\"commentCount\":0,\"publisher\":{\"@id\":\"https:\\\/\\\/www.bizneo.com\\\/blog\\\/#organization\"},\"image\":{\"@id\":\"https:\\\/\\\/www.bizneo.com\\\/blog\\\/fr\\\/evaluation-du-potentiel\\\/#primaryimage\"},\"thumbnailUrl\":\"https:\\\/\\\/www.bizneo.com\\\/blog\\\/wp-content\\\/uploads\\\/2024\\\/03\\\/evaluation-du-potentiel-salaries.webp\",\"articleSection\":[\"\u00c9valuation des performances\",\"Gestion des talents\"],\"inLanguage\":\"es\",\"potentialAction\":[{\"@type\":\"CommentAction\",\"name\":\"Comment\",\"target\":[\"https:\\\/\\\/www.bizneo.com\\\/blog\\\/fr\\\/evaluation-du-potentiel\\\/#respond\"]}]},{\"@type\":\"WebPage\",\"@id\":\"https:\\\/\\\/www.bizneo.com\\\/blog\\\/fr\\\/evaluation-du-potentiel\\\/\",\"url\":\"https:\\\/\\\/www.bizneo.com\\\/blog\\\/fr\\\/evaluation-du-potentiel\\\/\",\"name\":\"\u00c9valuation du potentiel humain | Mesurer le talent des employ\u00e9s\",\"isPartOf\":{\"@id\":\"https:\\\/\\\/www.bizneo.com\\\/blog\\\/#website\"},\"primaryImageOfPage\":{\"@id\":\"https:\\\/\\\/www.bizneo.com\\\/blog\\\/fr\\\/evaluation-du-potentiel\\\/#primaryimage\"},\"image\":{\"@id\":\"https:\\\/\\\/www.bizneo.com\\\/blog\\\/fr\\\/evaluation-du-potentiel\\\/#primaryimage\"},\"thumbnailUrl\":\"https:\\\/\\\/www.bizneo.com\\\/blog\\\/wp-content\\\/uploads\\\/2024\\\/03\\\/evaluation-du-potentiel-salaries.webp\",\"datePublished\":\"2024-04-11T09:39:22+00:00\",\"dateModified\":\"2026-01-26T22:53:59+00:00\",\"description\":\"Comment faire l'\u00e9valuation du potentiel humain ? D\u00e9tecter le potentiel, le stimuler, le former... d\u00e9couvrir comment exploiter le talent.\",\"breadcrumb\":{\"@id\":\"https:\\\/\\\/www.bizneo.com\\\/blog\\\/fr\\\/evaluation-du-potentiel\\\/#breadcrumb\"},\"inLanguage\":\"es\",\"potentialAction\":[{\"@type\":\"ReadAction\",\"target\":[\"https:\\\/\\\/www.bizneo.com\\\/blog\\\/fr\\\/evaluation-du-potentiel\\\/\"]}]},{\"@type\":\"ImageObject\",\"inLanguage\":\"es\",\"@id\":\"https:\\\/\\\/www.bizneo.com\\\/blog\\\/fr\\\/evaluation-du-potentiel\\\/#primaryimage\",\"url\":\"https:\\\/\\\/www.bizneo.com\\\/blog\\\/wp-content\\\/uploads\\\/2024\\\/03\\\/evaluation-du-potentiel-salaries.webp\",\"contentUrl\":\"https:\\\/\\\/www.bizneo.com\\\/blog\\\/wp-content\\\/uploads\\\/2024\\\/03\\\/evaluation-du-potentiel-salaries.webp\",\"width\":1140,\"height\":640,\"caption\":\"\u00e9valuation du potentiel des salari\u00e9s\"},{\"@type\":\"BreadcrumbList\",\"@id\":\"https:\\\/\\\/www.bizneo.com\\\/blog\\\/fr\\\/evaluation-du-potentiel\\\/#breadcrumb\",\"itemListElement\":[{\"@type\":\"ListItem\",\"position\":1,\"name\":\"Portada\",\"item\":\"https:\\\/\\\/www.bizneo.com\\\/blog\\\/\"},{\"@type\":\"ListItem\",\"position\":2,\"name\":\"Gestion des talents\",\"item\":\"https:\\\/\\\/www.bizneo.com\\\/blog\\\/fr\\\/category\\\/gestion-des-talents\\\/\"},{\"@type\":\"ListItem\",\"position\":3,\"name\":\"Comment faire l&#8217;\u00e9valuation du potentiel des salari\u00e9s\"}]},{\"@type\":\"WebSite\",\"@id\":\"https:\\\/\\\/www.bizneo.com\\\/blog\\\/#website\",\"url\":\"https:\\\/\\\/www.bizneo.com\\\/blog\\\/\",\"name\":\"Blog de Recursos Humanos de Bizneo HR: pr\u00e1ctico y actual\",\"description\":\"Todo sobre actualidad, herramientas y tecnolog\u00eda  para optimizar la gesti\u00f3n del talento humano\",\"publisher\":{\"@id\":\"https:\\\/\\\/www.bizneo.com\\\/blog\\\/#organization\"},\"potentialAction\":[{\"@type\":\"SearchAction\",\"target\":{\"@type\":\"EntryPoint\",\"urlTemplate\":\"https:\\\/\\\/www.bizneo.com\\\/blog\\\/?s={search_term_string}\"},\"query-input\":{\"@type\":\"PropertyValueSpecification\",\"valueRequired\":true,\"valueName\":\"search_term_string\"}}],\"inLanguage\":\"es\"},{\"@type\":\"Organization\",\"@id\":\"https:\\\/\\\/www.bizneo.com\\\/blog\\\/#organization\",\"name\":\"Bizneo HR\",\"url\":\"https:\\\/\\\/www.bizneo.com\\\/blog\\\/\",\"logo\":{\"@type\":\"ImageObject\",\"inLanguage\":\"es\",\"@id\":\"https:\\\/\\\/www.bizneo.com\\\/blog\\\/#\\\/schema\\\/logo\\\/image\\\/\",\"url\":\"https:\\\/\\\/www.bizneo.com\\\/blog\\\/wp-content\\\/uploads\\\/2020\\\/09\\\/Icono-Logo-Bizneo-HR.png\",\"contentUrl\":\"https:\\\/\\\/www.bizneo.com\\\/blog\\\/wp-content\\\/uploads\\\/2020\\\/09\\\/Icono-Logo-Bizneo-HR.png\",\"width\":834,\"height\":834,\"caption\":\"Bizneo HR\"},\"image\":{\"@id\":\"https:\\\/\\\/www.bizneo.com\\\/blog\\\/#\\\/schema\\\/logo\\\/image\\\/\"}},{\"@type\":\"Person\",\"@id\":\"https:\\\/\\\/www.bizneo.com\\\/blog\\\/#\\\/schema\\\/person\\\/c54a399718abb92cd32efffb5977118a\",\"name\":\"Frederic\",\"image\":{\"@type\":\"ImageObject\",\"inLanguage\":\"es\",\"@id\":\"https:\\\/\\\/secure.gravatar.com\\\/avatar\\\/566b48122abdbf3668ee93a4e72dc097f49820d5841e88c2eb000e8530457898?s=96&d=mm&r=g\",\"url\":\"https:\\\/\\\/secure.gravatar.com\\\/avatar\\\/566b48122abdbf3668ee93a4e72dc097f49820d5841e88c2eb000e8530457898?s=96&d=mm&r=g\",\"contentUrl\":\"https:\\\/\\\/secure.gravatar.com\\\/avatar\\\/566b48122abdbf3668ee93a4e72dc097f49820d5841e88c2eb000e8530457898?s=96&d=mm&r=g\",\"caption\":\"Frederic\"},\"url\":\"https:\\\/\\\/www.bizneo.com\\\/blog\\\/author\\\/frederic\\\/\"}]}<\/script>\n<!-- \/ Yoast SEO plugin. -->","yoast_head_json":{"title":"\u00c9valuation du potentiel humain | Mesurer le talent des employ\u00e9s","description":"Comment faire l'\u00e9valuation du potentiel humain ? D\u00e9tecter le potentiel, le stimuler, le former... d\u00e9couvrir comment exploiter le talent.","robots":{"index":"index","follow":"follow","max-snippet":"max-snippet:-1","max-image-preview":"max-image-preview:large","max-video-preview":"max-video-preview:-1"},"og_locale":"es_ES","og_type":"article","og_title":"\u00c9valuation du potentiel humain | Mesurer le talent des employ\u00e9s","og_description":"Comment faire l'\u00e9valuation du potentiel humain ? D\u00e9tecter le potentiel, le stimuler, le former... d\u00e9couvrir comment exploiter le talent.","og_url":"https:\/\/www.bizneo.com\/blog\/fr\/evaluation-du-potentiel\/","og_site_name":"Blog de Recursos Humanos de Bizneo HR: pr\u00e1ctico y actual","article_published_time":"2024-04-11T09:39:22+00:00","article_modified_time":"2026-01-26T22:53:59+00:00","og_image":[{"width":1140,"height":640,"url":"https:\/\/www.bizneo.com\/blog\/wp-content\/uploads\/2024\/03\/evaluation-du-potentiel-salaries.webp","type":"image\/webp"}],"author":"Frederic","twitter_card":"summary_large_image","twitter_misc":{"Escrito por":"Frederic","Tiempo de lectura":"1 minuto"},"schema":{"@context":"https:\/\/schema.org","@graph":[{"@type":["Article","BlogPosting"],"@id":"https:\/\/www.bizneo.com\/blog\/fr\/evaluation-du-potentiel\/#article","isPartOf":{"@id":"https:\/\/www.bizneo.com\/blog\/fr\/evaluation-du-potentiel\/"},"author":{"name":"Frederic","@id":"https:\/\/www.bizneo.com\/blog\/#\/schema\/person\/c54a399718abb92cd32efffb5977118a"},"headline":"Comment faire l&#8217;\u00e9valuation du potentiel des salari\u00e9s","datePublished":"2024-04-11T09:39:22+00:00","dateModified":"2026-01-26T22:53:59+00:00","mainEntityOfPage":{"@id":"https:\/\/www.bizneo.com\/blog\/fr\/evaluation-du-potentiel\/"},"wordCount":2522,"commentCount":0,"publisher":{"@id":"https:\/\/www.bizneo.com\/blog\/#organization"},"image":{"@id":"https:\/\/www.bizneo.com\/blog\/fr\/evaluation-du-potentiel\/#primaryimage"},"thumbnailUrl":"https:\/\/www.bizneo.com\/blog\/wp-content\/uploads\/2024\/03\/evaluation-du-potentiel-salaries.webp","articleSection":["\u00c9valuation des performances","Gestion des talents"],"inLanguage":"es","potentialAction":[{"@type":"CommentAction","name":"Comment","target":["https:\/\/www.bizneo.com\/blog\/fr\/evaluation-du-potentiel\/#respond"]}]},{"@type":"WebPage","@id":"https:\/\/www.bizneo.com\/blog\/fr\/evaluation-du-potentiel\/","url":"https:\/\/www.bizneo.com\/blog\/fr\/evaluation-du-potentiel\/","name":"\u00c9valuation du potentiel humain | Mesurer le talent des employ\u00e9s","isPartOf":{"@id":"https:\/\/www.bizneo.com\/blog\/#website"},"primaryImageOfPage":{"@id":"https:\/\/www.bizneo.com\/blog\/fr\/evaluation-du-potentiel\/#primaryimage"},"image":{"@id":"https:\/\/www.bizneo.com\/blog\/fr\/evaluation-du-potentiel\/#primaryimage"},"thumbnailUrl":"https:\/\/www.bizneo.com\/blog\/wp-content\/uploads\/2024\/03\/evaluation-du-potentiel-salaries.webp","datePublished":"2024-04-11T09:39:22+00:00","dateModified":"2026-01-26T22:53:59+00:00","description":"Comment faire l'\u00e9valuation du potentiel humain ? D\u00e9tecter le potentiel, le stimuler, le former... d\u00e9couvrir comment exploiter le talent.","breadcrumb":{"@id":"https:\/\/www.bizneo.com\/blog\/fr\/evaluation-du-potentiel\/#breadcrumb"},"inLanguage":"es","potentialAction":[{"@type":"ReadAction","target":["https:\/\/www.bizneo.com\/blog\/fr\/evaluation-du-potentiel\/"]}]},{"@type":"ImageObject","inLanguage":"es","@id":"https:\/\/www.bizneo.com\/blog\/fr\/evaluation-du-potentiel\/#primaryimage","url":"https:\/\/www.bizneo.com\/blog\/wp-content\/uploads\/2024\/03\/evaluation-du-potentiel-salaries.webp","contentUrl":"https:\/\/www.bizneo.com\/blog\/wp-content\/uploads\/2024\/03\/evaluation-du-potentiel-salaries.webp","width":1140,"height":640,"caption":"\u00e9valuation du potentiel des salari\u00e9s"},{"@type":"BreadcrumbList","@id":"https:\/\/www.bizneo.com\/blog\/fr\/evaluation-du-potentiel\/#breadcrumb","itemListElement":[{"@type":"ListItem","position":1,"name":"Portada","item":"https:\/\/www.bizneo.com\/blog\/"},{"@type":"ListItem","position":2,"name":"Gestion des talents","item":"https:\/\/www.bizneo.com\/blog\/fr\/category\/gestion-des-talents\/"},{"@type":"ListItem","position":3,"name":"Comment faire l&#8217;\u00e9valuation du potentiel des salari\u00e9s"}]},{"@type":"WebSite","@id":"https:\/\/www.bizneo.com\/blog\/#website","url":"https:\/\/www.bizneo.com\/blog\/","name":"Blog de Recursos Humanos de Bizneo HR: pr\u00e1ctico y actual","description":"Todo sobre actualidad, herramientas y tecnolog\u00eda  para optimizar la gesti\u00f3n del talento humano","publisher":{"@id":"https:\/\/www.bizneo.com\/blog\/#organization"},"potentialAction":[{"@type":"SearchAction","target":{"@type":"EntryPoint","urlTemplate":"https:\/\/www.bizneo.com\/blog\/?s={search_term_string}"},"query-input":{"@type":"PropertyValueSpecification","valueRequired":true,"valueName":"search_term_string"}}],"inLanguage":"es"},{"@type":"Organization","@id":"https:\/\/www.bizneo.com\/blog\/#organization","name":"Bizneo HR","url":"https:\/\/www.bizneo.com\/blog\/","logo":{"@type":"ImageObject","inLanguage":"es","@id":"https:\/\/www.bizneo.com\/blog\/#\/schema\/logo\/image\/","url":"https:\/\/www.bizneo.com\/blog\/wp-content\/uploads\/2020\/09\/Icono-Logo-Bizneo-HR.png","contentUrl":"https:\/\/www.bizneo.com\/blog\/wp-content\/uploads\/2020\/09\/Icono-Logo-Bizneo-HR.png","width":834,"height":834,"caption":"Bizneo HR"},"image":{"@id":"https:\/\/www.bizneo.com\/blog\/#\/schema\/logo\/image\/"}},{"@type":"Person","@id":"https:\/\/www.bizneo.com\/blog\/#\/schema\/person\/c54a399718abb92cd32efffb5977118a","name":"Frederic","image":{"@type":"ImageObject","inLanguage":"es","@id":"https:\/\/secure.gravatar.com\/avatar\/566b48122abdbf3668ee93a4e72dc097f49820d5841e88c2eb000e8530457898?s=96&d=mm&r=g","url":"https:\/\/secure.gravatar.com\/avatar\/566b48122abdbf3668ee93a4e72dc097f49820d5841e88c2eb000e8530457898?s=96&d=mm&r=g","contentUrl":"https:\/\/secure.gravatar.com\/avatar\/566b48122abdbf3668ee93a4e72dc097f49820d5841e88c2eb000e8530457898?s=96&d=mm&r=g","caption":"Frederic"},"url":"https:\/\/www.bizneo.com\/blog\/author\/frederic\/"}]}},"spectra_custom_meta":{"onesignal_meta_box_present":["1"],"onesignal_send_notification":[""],"onesignal_modify_title_and_content":[""],"onesignal_notification_custom_heading":[null],"onesignal_notification_custom_content":[null],"response_body":["{\"id\":\"23a5cb8f-2a24-4109-9b14-ec27bb851f59\",\"recipients\":0,\"external_id\":\"61caf2b7-56a7-03fc-741d-dff3984affeb\",\"warnings\":[\"You must configure iOS notifications in your OneSignal settings if you wish to send messages to iOS users.\",\"You must configure Android notifications in your OneSignal settings if you wish to send messages to Android users.\"]}"],"status":["200"],"recipients":["0"],"Views":["35194"],"wp_review_type":["none"],"wp_review_user_reviews":["0"],"wp_review_review_count":["0"],"wp_review_positive_count":["0"],"wp_review_negative_count":["0"],"_thumbnail_id":["46104"],"_yoast_wpseo_title":["\u00c9valuation du potentiel humain | Mesurer le talent des employ\u00e9s"],"_yoast_wpseo_metadesc":["Comment faire l'\u00e9valuation du potentiel humain ? D\u00e9tecter le potentiel, le stimuler, le former... d\u00e9couvrir comment exploiter le talent."],"_yoast_wpseo_focuskw":["\u00e9valuation du potentiel"],"_yoast_wpseo_primary_category":["307"],"_edit_lock":["1769468261:47"],"_edit_last":["47"],"_vce_meta":["a:4:{s:11:\"use_sidebar\";s:7:\"inherit\";s:7:\"sidebar\";s:7:\"inherit\";s:14:\"sticky_sidebar\";s:7:\"inherit\";s:6:\"layout\";s:7:\"inherit\";}"],"_yoast_wpseo_linkdex":["90"],"_yoast_wpseo_estimated-reading-time-minutes":["1"],"_yoast_wpseo_wordproof_timestamp":[""],"_yoast_wpseo_content_score":["60"],"_uag_css_file_name":["uag-css-45804.css"],"_uag_page_assets":["a:9:{s:3:\"css\";s:263:\".uag-blocks-common-selector{z-index:var(--z-index-desktop) !important}@media (max-width: 976px){.uag-blocks-common-selector{z-index:var(--z-index-tablet) !important}}@media (max-width: 767px){.uag-blocks-common-selector{z-index:var(--z-index-mobile) !important}}\n\";s:2:\"js\";s:0:\"\";s:18:\"current_block_list\";a:8:{i:0;s:14:\"core\/paragraph\";i:1;s:12:\"core\/heading\";i:2;s:10:\"core\/image\";i:3;s:9:\"core\/html\";i:4;s:9:\"core\/list\";i:5;s:14:\"core\/list-item\";i:6;s:12:\"core\/details\";i:7;s:14:\"core\/shortcode\";}s:8:\"uag_flag\";b:0;s:11:\"uag_version\";s:10:\"1777548730\";s:6:\"gfonts\";a:0:{}s:10:\"gfonts_url\";s:0:\"\";s:12:\"gfonts_files\";a:0:{}s:14:\"uag_faq_layout\";b:0;}"]},"uagb_featured_image_src":{"full":["https:\/\/www.bizneo.com\/blog\/wp-content\/uploads\/2024\/03\/evaluation-du-potentiel-salaries.webp",1140,640,false],"thumbnail":["https:\/\/www.bizneo.com\/blog\/wp-content\/uploads\/2024\/03\/evaluation-du-potentiel-salaries-150x150.webp",150,150,true],"medium":["https:\/\/www.bizneo.com\/blog\/wp-content\/uploads\/2024\/03\/evaluation-du-potentiel-salaries-300x168.webp",300,168,true],"medium_large":["https:\/\/www.bizneo.com\/blog\/wp-content\/uploads\/2024\/03\/evaluation-du-potentiel-salaries-768x431.webp",768,431,true],"large":["https:\/\/www.bizneo.com\/blog\/wp-content\/uploads\/2024\/03\/evaluation-du-potentiel-salaries-1024x575.webp",1024,575,true],"1536x1536":["https:\/\/www.bizneo.com\/blog\/wp-content\/uploads\/2024\/03\/evaluation-du-potentiel-salaries.webp",1140,640,false],"2048x2048":["https:\/\/www.bizneo.com\/blog\/wp-content\/uploads\/2024\/03\/evaluation-du-potentiel-salaries.webp",1140,640,false]},"uagb_author_info":{"display_name":"Frederic","author_link":"https:\/\/www.bizneo.com\/blog\/author\/frederic\/"},"uagb_comment_info":18,"uagb_excerpt":"Le personnel est le meilleur capital d'une entreprise : de son efficacit\u00e9 d\u00e9pendent les r\u00e9sultats de l'entreprise. C'est pourquoi investir dans la gestion du potentiel humain est une priorit\u00e9.","_links":{"self":[{"href":"https:\/\/www.bizneo.com\/blog\/wp-json\/wp\/v2\/posts\/45804","targetHints":{"allow":["GET"]}}],"collection":[{"href":"https:\/\/www.bizneo.com\/blog\/wp-json\/wp\/v2\/posts"}],"about":[{"href":"https:\/\/www.bizneo.com\/blog\/wp-json\/wp\/v2\/types\/post"}],"author":[{"embeddable":true,"href":"https:\/\/www.bizneo.com\/blog\/wp-json\/wp\/v2\/users\/37"}],"replies":[{"embeddable":true,"href":"https:\/\/www.bizneo.com\/blog\/wp-json\/wp\/v2\/comments?post=45804"}],"version-history":[{"count":11,"href":"https:\/\/www.bizneo.com\/blog\/wp-json\/wp\/v2\/posts\/45804\/revisions"}],"predecessor-version":[{"id":58323,"href":"https:\/\/www.bizneo.com\/blog\/wp-json\/wp\/v2\/posts\/45804\/revisions\/58323"}],"wp:featuredmedia":[{"embeddable":true,"href":"https:\/\/www.bizneo.com\/blog\/wp-json\/wp\/v2\/media\/46104"}],"wp:attachment":[{"href":"https:\/\/www.bizneo.com\/blog\/wp-json\/wp\/v2\/media?parent=45804"}],"wp:term":[{"taxonomy":"category","embeddable":true,"href":"https:\/\/www.bizneo.com\/blog\/wp-json\/wp\/v2\/categories?post=45804"},{"taxonomy":"post_tag","embeddable":true,"href":"https:\/\/www.bizneo.com\/blog\/wp-json\/wp\/v2\/tags?post=45804"}],"curies":[{"name":"wp","href":"https:\/\/api.w.org\/{rel}","templated":true}]}}