{"id":45427,"date":"2024-02-27T12:36:03","date_gmt":"2024-02-27T11:36:03","guid":{"rendered":"https:\/\/www.bizneo.com\/blog\/?p=45427"},"modified":"2026-01-27T18:23:24","modified_gmt":"2026-01-27T17:23:24","slug":"absenteisme-au-travail","status":"publish","type":"post","link":"https:\/\/www.bizneo.com\/blog\/fr\/absenteisme-au-travail\/","title":{"rendered":"Un guide pour lutter contre l&#8217;absent\u00e9isme"},"content":{"rendered":"\n<p>L&#8217;<strong>absent\u00e9isme au travail <\/strong>d\u00e9signe le fait de s&#8217;absenter ou d&#8217;abandonner le lieu de travail et les t\u00e2ches qui y sont li\u00e9es. Il s&#8217;agit d&#8217;une violation des conditions fix\u00e9es dans le contrat de travail qui entra\u00eene chaque ann\u00e9e des milliers d&#8217;euros de pertes pour les entreprises.<\/p>\n\n\n\n<p>C&#8217;est pourquoi il est essentiel de lutter contre ce ph\u00e9nom\u00e8ne en prenant les mesures n\u00e9cessaires. Mais quels sont les types d&#8217;absent\u00e9isme, <strong>comment les pr\u00e9venir<\/strong> et les d\u00e9tecter ? Et surtout\u2026 Comment le r\u00e9soudre ?<\/p>\n\n\n\n<h2 class=\"wp-block-heading\">Qu&#8217;est-ce que l&#8217;absent\u00e9isme au travail ?<\/h2>\n\n\n\n<p>L&#8217;<strong>absent\u00e9isme<\/strong> est quand un employ\u00e9, avec ou sans raison sp\u00e9cifique ou pr\u00e9avis, <strong>ne se pr\u00e9sente pas au travail ou quitte son poste<\/strong> avant son horaire de travail. Surtout quand il s&#8217;agit d&#8217;absences injustifi\u00e9es r\u00e9p\u00e9t\u00e9es.<\/p>\n\n\n\n<p>Lorsqu&#8217;une personne est absente du travail sans pr\u00e9avis, ses responsabilit\u00e9s et ses engagements doivent \u00eatre pris en charge par un autre employ\u00e9 ou \u00eatre suspendus. Cela affecte n\u00e9gativement leur production et la dynamique g\u00e9n\u00e9rale du travail. La <a href=\"https:\/\/www.bizneo.com\/blog\/fr\/qvt\/\" target=\"_blank\" rel=\"noreferrer noopener\" data-wpel-link=\"internal\">qualit\u00e9 de vie au travail<\/a> et les relations avec les autres coll\u00e8gues s&#8217;en trouvent m\u00eame perturb\u00e9es.<\/p>\n\n\n\n<p>C&#8217;est pourquoi l&#8217;<strong>absent\u00e9isme professionnel<\/strong> est l&#8217;un des principaux probl\u00e8mes des <a href=\"\/blog\/fr\/ressources-humaines\/\" data-wpel-link=\"internal\" target=\"_blank\">ressources humaines<\/a>. Elles doivent donc mettre en place diff\u00e9rentes m\u00e9thodes et pratiques pour pr\u00e9venir l&#8217;absent\u00e9isme et en faire un suivi.<\/p>\n\n\n\n<p>Parmi ces m\u00e9thodes, l&#8217;utilisation de <a href=\"\/fr\/logiciel-gestion-conges-absences\/\" data-wpel-link=\"internal\" target=\"_blank\">logiciels de gestion des cong\u00e9s et absences<\/a>, et de <a href=\"\/fr\/logiciel-gestion-temps-de-travail\/\" data-wpel-link=\"internal\" target=\"_blank\">logiciel de gestion du temps<\/a>, tels que ceux propos\u00e9s par Bizneo HR, permet d&#8217;\u00e9tudier et de documenter chaque cas de mani\u00e8re sp\u00e9cifique afin de proc\u00e9der \u00e0 une \u00e9valuation sinc\u00e8re et efficace.<\/p>\n\n\n\n<figure class=\"wp-block-image size-full\"><a href=\"\/fr\/logiciel-gestion-conges-absences\/\" data-wpel-link=\"internal\" target=\"_blank\"><img decoding=\"async\" width=\"1500\" height=\"1084\" src=\"https:\/\/www.bizneo.com\/blog\/wp-content\/uploads\/2021\/09\/Rapports-conges-absenteisme.webp\" alt=\"Contr\u00f4ler le taux d'absent\u00e9isme avec des rapports d\u00e9taill\u00e9s pour chaque secteur\" class=\"wp-image-25509\" srcset=\"https:\/\/www.bizneo.com\/blog\/wp-content\/uploads\/2021\/09\/Rapports-conges-absenteisme.webp 1500w, https:\/\/www.bizneo.com\/blog\/wp-content\/uploads\/2021\/09\/Rapports-conges-absenteisme-300x217.webp 300w, https:\/\/www.bizneo.com\/blog\/wp-content\/uploads\/2021\/09\/Rapports-conges-absenteisme-1024x740.webp 1024w, https:\/\/www.bizneo.com\/blog\/wp-content\/uploads\/2021\/09\/Rapports-conges-absenteisme-768x555.webp 768w, https:\/\/www.bizneo.com\/blog\/wp-content\/uploads\/2021\/09\/Rapports-conges-absenteisme-810x585.webp 810w, https:\/\/www.bizneo.com\/blog\/wp-content\/uploads\/2021\/09\/Rapports-conges-absenteisme-1140x824.webp 1140w\" sizes=\"(max-width: 1500px) 100vw, 1500px\" \/><\/a><\/figure>\n\n\n\n<h2 class=\"wp-block-heading\">L&#8217;absent\u00e9isme en France<\/h2>\n\n\n\n<p>D&#8217;apr\u00e8s l&#8217;\u00e9tude d&#8217;Ayming dans son 13e barom\u00e8tre sur l&#8217;Absent\u00e9isme et l&#8217;engagement, il a \u00e9t\u00e9 enregistr\u00e9 en France <strong>un taux d&#8217;absent\u00e9isme de 6,87 %<\/strong> pour l&#8217;ann\u00e9e 2020, correspondant \u00e0 une moyenne de 25,1 jours d&#8217;absence annuels par employ\u00e9. Une hausse notable de ce ph\u00e9nom\u00e8ne est particuli\u00e8rement remarqu\u00e9e parmi les travailleurs \u00e2g\u00e9s de plus de 40 ans.<\/p>\n\n\n\n<p>Parall\u00e8lement, une tendance similaire est observ\u00e9e dans les analyses de Gras Savoye Willis Towers Watson, qui soulignent une progression r\u00e9guli\u00e8re de l&#8217;absent\u00e9isme dans le milieu professionnel sur plusieurs ann\u00e9es. Selon leurs donn\u00e9es, le taux d&#8217;absent\u00e9isme a connu <strong>une augmentation significative, passant de 4,18 % en 2019 \u00e0 5,04 % en 2020<\/strong>.<\/p>\n\n\n\n<bzn-info><a href=\"\/blog\/fr\/gestion-des-absences\/\" id=\"destacado-post\" target=\"_blank\" rel=\"noopener noreferrer\" data-wpel-link=\"internal\"><span class=\"bzn-link-title\"><strong>Qu\u2019est-ce que la gestion des absences ?<\/strong><\/span> <br>Fonctionnalit\u00e9s d\u2019un logiciel de contr\u00f4le des absences du personnel.<\/br><\/a><\/bzn-info>\n\n\n\n<p><\/p>\n\n\n\n<h2 class=\"wp-block-heading\">Que dit la loi sur l&#8217;absent\u00e9isme au travail ? <\/h2>\n\n\n\n<p>En France, la l<strong>\u00e9gislation relative \u00e0 l&#8217;absent\u00e9isme au travail <\/strong>s&#8217;articule autour de plusieurs principes cl\u00e9s, bien qu&#8217;il n&#8217;existe <strong>pas de loi sp\u00e9cifique<\/strong> d\u00e9di\u00e9e uniquement \u00e0 l&#8217;absent\u00e9isme. Voici quelques \u00e9l\u00e9ments cl\u00e9s :<\/p>\n\n\n\n<ol class=\"wp-block-list\">\n<li><strong>Justification des absences<\/strong> : Les salari\u00e9s sont tenus de justifier leurs absences et de les notifier \u00e0 leur employeur. En g\u00e9n\u00e9ral, pour les <a href=\"https:\/\/www.bizneo.com\/blog\/fr\/gestion-des-absences\/\" data-wpel-link=\"internal\" target=\"_blank\">gestion des absences<\/a> dues \u00e0 une maladie, un certificat m\u00e9dical est n\u00e9cessaire. L&#8217;employeur peut demander ce certificat d\u00e8s le premier jour d&#8217;absence.<\/li>\n\n\n\n<li><strong>Maintien de salaire<\/strong> : En cas de maladie, le salari\u00e9 peut b\u00e9n\u00e9ficier d&#8217;un maintien de salaire sous certaines conditions, en fonction de son anciennet\u00e9 dans l&#8217;entreprise et des dispositions de la convention collective applicable.<\/li>\n\n\n\n<li><strong>Absences r\u00e9p\u00e9t\u00e9es ou prolong\u00e9es<\/strong> : Si un salari\u00e9 a des absences r\u00e9p\u00e9t\u00e9es ou prolong\u00e9es qui perturbent le fonctionnement de l&#8217;entreprise, cela peut constituer un motif de licenciement. Toutefois, l&#8217;employeur doit d\u00e9montrer la g\u00eane caus\u00e9e et respecter la proc\u00e9dure de licenciement.<\/li>\n\n\n\n<li><strong>Contr\u00f4le des arr\u00eats maladie<\/strong> : L&#8217;employeur a le droit de faire contr\u00f4ler un arr\u00eat maladie par un m\u00e9decin de son choix. Si le contr\u00f4le r\u00e9v\u00e8le un abus, des sanctions peuvent \u00eatre prises, allant jusqu&#8217;au licenciement pour faute.<\/li>\n\n\n\n<li><strong>Pr\u00e9vention de l&#8217;absent\u00e9isme<\/strong> : Les entreprises sont encourag\u00e9es \u00e0 mettre en place des politiques de pr\u00e9vention de l&#8217;absent\u00e9isme, en identifiant les causes possibles (conditions de travail, stress, etc.) et en proposant des solutions adapt\u00e9es.<\/li>\n\n\n\n<li><strong>Dialogue social<\/strong> : Le dialogue entre employeurs et repr\u00e9sentants des salari\u00e9s est essentiel pour g\u00e9rer et pr\u00e9venir l&#8217;absent\u00e9isme. Les comit\u00e9s sociaux et \u00e9conomiques (CSE) jouent un r\u00f4le important dans ce domaine.<\/li>\n<\/ol>\n\n\n\n<h2 class=\"wp-block-heading\">Types d&#8217;absent\u00e9isme au travail<\/h2>\n\n\n\n<p>Il est n\u00e9cessaire de conna\u00eetre les diff\u00e9rents types d&#8217;absent\u00e9isme au travail, car il est essentiel de les classer correctement pour pouvoir traiter chaque cas. Les diff\u00e9rents types d&#8217;absent\u00e9isme sont les suivants :<\/p>\n\n\n\n<h3 class=\"wp-block-heading\">Absence justifi\u00e9e<\/h3>\n\n\n\n<p>Dans ce cas, l&#8217;employ\u00e9 notifie son absence pour des raisons qui l&#8217;emp\u00eachent de se pr\u00e9senter au travail ou d&#8217;accomplir ses t\u00e2ches professionnelles pendant la p\u00e9riode fix\u00e9e, dans les cas o\u00f9 l&#8217;employ\u00e9 travaille \u00e0 distance ou dans un bureau \u00e0 domicile.<\/p>\n\n\n\n<p>Il peut s&#8217;agir, par exemple, d&#8217;un d\u00e9m\u00e9nagement, un \u00e9v\u00e9nement qui peut co\u00efncider avec les heures de travail normales de l&#8217;employ\u00e9 et pour lequel des mesures doivent \u00eatre prises.<\/p>\n\n\n\n<p>Le <a href=\"\/fr\/logiciel-gestion-temps-de-travail\/\" target=\"_blank\" rel=\"noreferrer noopener\" data-wpel-link=\"internal\">logiciel de gestion des temps de travail<\/a> de Bizneo HR offre la possibilit\u00e9 de d\u00e9finir le type d&#8217;absence \u00e0 partir d&#8217;une longue liste qui peut \u00eatre adapt\u00e9e en fonction de la convention et des accords que l&#8217;organisation a conclus avec les employ\u00e9s. Il inclut <strong>des documents et des pi\u00e8ces justificatives pour garantir la validit\u00e9 juridique<\/strong>.<\/p>\n\n\n\n<figure class=\"wp-block-image size-large\"><a href=\"https:\/\/www.bizneo.com\/fr\/logiciel-gestion-temps-de-travail\/\" target=\"_blank\" rel=\"noopener\" data-wpel-link=\"internal\"><img decoding=\"async\" width=\"1024\" height=\"154\" src=\"https:\/\/www.bizneo.com\/blog\/wp-content\/uploads\/2021\/08\/banner_medio-outil-pointage-1024x154.jpg\" alt=\"Logiciel gestion du temps de travail et des activit\u00e9s\" class=\"wp-image-25100\" srcset=\"https:\/\/www.bizneo.com\/blog\/wp-content\/uploads\/2021\/08\/banner_medio-outil-pointage-1024x154.jpg 1024w, https:\/\/www.bizneo.com\/blog\/wp-content\/uploads\/2021\/08\/banner_medio-outil-pointage-300x45.jpg 300w, https:\/\/www.bizneo.com\/blog\/wp-content\/uploads\/2021\/08\/banner_medio-outil-pointage-768x115.jpg 768w, https:\/\/www.bizneo.com\/blog\/wp-content\/uploads\/2021\/08\/banner_medio-outil-pointage-810x122.jpg 810w, https:\/\/www.bizneo.com\/blog\/wp-content\/uploads\/2021\/08\/banner_medio-outil-pointage-1140x171.jpg 1140w, https:\/\/www.bizneo.com\/blog\/wp-content\/uploads\/2021\/08\/banner_medio-outil-pointage.jpg 1360w\" sizes=\"(max-width: 1024px) 100vw, 1024px\" \/><\/a><\/figure>\n\n\n\n<p><\/p>\n\n\n\n<h3 class=\"wp-block-heading\">Pr\u00e9sent\u00e9isme : un autre type d&#8217;absent\u00e9isme au travail<\/h3>\n\n\n\n<p>Ce type d&#8217;absent\u00e9isme se produit lorsque le salari\u00e9 est au travail mais n&#8217;accomplit pas ses t\u00e2ches, <strong>perdant son temps \u00e0 d&#8217;autres t\u00e2ches<\/strong> ou \u00e0 aucune t\u00e2che sp\u00e9cifique. En r\u00e9alit\u00e9, il s&#8217;agit de pr\u00e9sent\u00e9isme.<\/p>\n\n\n\n<p>Le pr\u00e9sent\u00e9isme signifie que <strong>l&#8217;employ\u00e9 est au travail mais qu&#8217;il n&#8217;est pas productif<\/strong>. Il est d\u00fb \u00e0 des causes telles que le manque de motivation, le stress, la surcharge de travail due \u00e0 une d\u00e9sorganisation ou \u00e0 un d\u00e9s\u00e9quilibre dans la r\u00e9partition des t\u00e2ches, l&#8217;absence de communication efficace avec d&#8217;autres secteurs de l&#8217;organisation, entre autres raisons.<\/p>\n\n\n\n<p>Les enqu\u00eates constituent un moyen de traiter ce type de cas. Bizneo HR propose son <a href=\"\/fr\/questionnaire-qvt-bien-etre\/\" data-wpel-link=\"internal\" target=\"_blank\">logiciel d&#8217;enqu\u00eate RH<\/a> qui permet d&#8217;<strong>effectuer des consultations personnelles et priv\u00e9es<\/strong>, de sorte que l&#8217;employ\u00e9 ne se sente pas sous pression \u00e0 ce moment-l\u00e0 et que l&#8217;organisation reconnaisse les \u00e9ventuels inconv\u00e9nients au sein de l&#8217;op\u00e9ration.<\/p>\n\n\n\n<figure class=\"wp-block-image size-full\"><a href=\"\/fr\/questionnaire-qvt-bien-etre\/\" target=\"_blank\" rel=\"noreferrer noopener\" data-wpel-link=\"internal\"><img decoding=\"async\" width=\"1500\" height=\"1160\" src=\"https:\/\/www.bizneo.com\/blog\/wp-content\/uploads\/2022\/01\/logiciel-qvt.webp\" alt=\"Logiciel qualit\u00e9 de vie au travail QVT\" class=\"wp-image-30745\" srcset=\"https:\/\/www.bizneo.com\/blog\/wp-content\/uploads\/2022\/01\/logiciel-qvt.webp 1500w, https:\/\/www.bizneo.com\/blog\/wp-content\/uploads\/2022\/01\/logiciel-qvt-300x232.webp 300w, https:\/\/www.bizneo.com\/blog\/wp-content\/uploads\/2022\/01\/logiciel-qvt-1024x792.webp 1024w, https:\/\/www.bizneo.com\/blog\/wp-content\/uploads\/2022\/01\/logiciel-qvt-768x594.webp 768w, https:\/\/www.bizneo.com\/blog\/wp-content\/uploads\/2022\/01\/logiciel-qvt-810x626.webp 810w, https:\/\/www.bizneo.com\/blog\/wp-content\/uploads\/2022\/01\/logiciel-qvt-1140x882.webp 1140w\" sizes=\"(max-width: 1500px) 100vw, 1500px\" \/><\/a><\/figure>\n\n\n\n<h3 class=\"wp-block-heading\">Absent\u00e9isme \u00e9motionnel<\/h3>\n\n\n\n<p>La pr\u00e9sence \u00e9motionnelle du salari\u00e9 est \u00e9galement prise en compte dans l&#8217;absent\u00e9isme. Lorsque le salari\u00e9 est au travail, il ex\u00e9cute ses t\u00e2ches, mais <strong>sur le plan intellectuel et \u00e9motionnel, il est ailleurs<\/strong>.<\/p>\n\n\n\n<p>C&#8217;est lorsque l&#8217;employ\u00e9 ne se sent pas identifi\u00e9 \u00e0 l&#8217;organisation, qu&#8217;il n&#8217;est pas motiv\u00e9 ou qu&#8217;il \u00e9prouve un certain malaise physique.<\/p>\n\n\n\n<h3 class=\"wp-block-heading\">Absence injustifi\u00e9e<\/h3>\n\n\n\n<p>Ce type d&#8217;<strong>absent\u00e9isme<\/strong> se produit lorsque le salari\u00e9 s&#8217;absente du travail ou n&#8217;accomplit pas ses t\u00e2ches dans les d\u00e9lais convenus <strong>sans aucune justification ou raison de son absence<\/strong>, manquant ainsi \u00e0 ses devoirs.<\/p>\n\n\n\n<h2 class=\"wp-block-heading\">Les causes de l&#8217;absent\u00e9isme<\/h2>\n\n\n\n<p>Pourquoi y a-t-il de l&#8217;<strong>absent\u00e9isme professionnel<\/strong> ? Les causes sont divis\u00e9es en deux cat\u00e9gories : celles qui rel\u00e8vent de la responsabilit\u00e9 du travailleur et celles qui d\u00e9pendent de l&#8217;entreprise.<\/p>\n\n\n\n<h3 class=\"wp-block-heading\">Raisons de l&#8217;absent\u00e9isme chez les travailleurs<\/h3>\n\n\n\n<ul class=\"wp-block-list\">\n<li><strong>Maladies.<\/strong> Dans cette section, des cas fictifs ou volontairement exag\u00e9r\u00e9s sont pr\u00e9sent\u00e9s pour justifier l&#8217;absent\u00e9isme. Cependant, il s&#8217;agit \u00e9galement de maladies chroniques ou sp\u00e9cifiques qui sont justifi\u00e9es et r\u00e9elles.<\/li>\n\n\n\n<li><strong>Raisons familiales. <\/strong>En raison d&#8217;un accident, de soins ou d&#8217;obligations familiales, l&#8217;absent\u00e9isme peut \u00e9galement \u00eatre excus\u00e9 ou signal\u00e9. Cela va de la maladie d&#8217;un enfant au d\u00e9c\u00e8s d&#8217;un autre membre de la famille.<\/li>\n\n\n\n<li>Force majeure. L&#8217;employ\u00e9 invoque des raisons ind\u00e9pendantes de sa volont\u00e9 pour ne pas pouvoir se rendre au travail. Par exemple, une d\u00e9faillance du syst\u00e8me de transport.<\/li>\n\n\n\n<li><strong>Raisons personnelles. <\/strong>Le stress li\u00e9 au travail, les examens m\u00e9dicaux ou universitaires, ou tout autre d\u00e9sagr\u00e9ment personnel peuvent affecter l&#8217;estime de soi, les heures de travail et l&#8217;engagement des employ\u00e9s, ce qui, dans certains cas, conduit \u00e0 l&#8217;absent\u00e9isme.<\/li>\n<\/ul>\n\n\n\n<bzn-info><a href=\"\/blog\/fr\/calculer-heures-travail\/\" id=\"destacado-post\" target=\"_blank\" rel=\"noopener\" data-wpel-link=\"internal\"><span class=\"bzn-link-title\"><strong>Comment calculer les heures de travail ?<\/strong><\/span> <br> Le calcul des heures travaill\u00e9es gr\u00e2ce \u00e0 la technologie offre beaucoup d&#8217;avantages !<\/br><\/a><\/bzn-info>\n\n\n\n<p><\/p>\n\n\n\n<h3 class=\"wp-block-heading\">Les causes de l&#8217;absent\u00e9isme li\u00e9es \u00e0 l&#8217;entreprise<\/h3>\n\n\n\n<ul class=\"wp-block-list\">\n<li><strong>Insatisfaction professionnelle.<\/strong> Les employ\u00e9s qui ne se sentent pas engag\u00e9s et li\u00e9s \u00e0 l&#8217;organisation peuvent le manifester par l&#8217;absent\u00e9isme. Il incombe \u00e0 l&#8217;organisation d&#8217;\u00e9valuer cette situation.<\/li>\n\n\n\n<li><strong>Manque de supervision. <\/strong>En n&#8217;\u00e9tablissant pas de contr\u00f4les et d&#8217;\u00e9valuations, l&#8217;organisation est vuln\u00e9rable \u00e0 l&#8217;absent\u00e9isme et voit sa productivit\u00e9 et la poursuite de ses objectifs affect\u00e9es.<\/li>\n\n\n\n<li><strong>Manque de mesures d&#8217;incitation. <\/strong>Les employ\u00e9s ont \u00e9galement des aspirations et des objectifs professionnels. Si l&#8217;organisation ne cr\u00e9e pas un climat dans lequel les employ\u00e9s sentent qu&#8217;ils peuvent les atteindre, l&#8217;absent\u00e9isme est probable.<\/li>\n\n\n\n<li><strong>Mauvaises installations.<\/strong> L&#8217;entretien des espaces et le type de relations de travail sont des facteurs d\u00e9terminants. S&#8217;ils ne sont pas ad\u00e9quats, ils influenceront les performances de l&#8217;employ\u00e9 ; ils influencent \u00e9galement le climat de l&#8217;organisation.<\/li>\n\n\n\n<li><strong>Accidents du travail et risques professionnels.<\/strong> Si la sant\u00e9 de l&#8217;employ\u00e9 est menac\u00e9e, cela influencera ses performances et son engagement.<\/li>\n\n\n\n<li><strong>Rotation du personnel. <\/strong>Les changements constants au sein de l&#8217;organisation affectent le climat de travail et, par cons\u00e9quent, la motivation, le sentiment d&#8217;appartenance et l&#8217;identit\u00e9 de l&#8217;employ\u00e9.<\/li>\n<\/ul>\n\n\n\n<h2 class=\"wp-block-heading\">Cons\u00e9quences de l&#8217;absent\u00e9isme<\/h2>\n\n\n\n<p>Lorsque l&#8217;absent\u00e9isme se g\u00e9n\u00e9ralise, il affecte consid\u00e9rablement les activit\u00e9s et la productivit\u00e9 de l&#8217;entreprise.<\/p>\n\n\n\n<h3 class=\"wp-block-heading\">L&#8217;absent\u00e9isme fait baisser les profits et la productivit\u00e9<\/h3>\n\n\n\n<p>L&#8217;absent\u00e9isme non contr\u00f4l\u00e9 limite la capacit\u00e9 de l&#8217;entreprise \u00e0 atteindre ses objectifs. Selon le secteur d&#8217;activit\u00e9, il peut entra\u00eener<strong> des retards dans la production ou une n\u00e9gligence dans le service \u00e0 la client\u00e8le<\/strong>. L&#8217;image et la rentabilit\u00e9 de l&#8217;entreprise s&#8217;en trouvent affect\u00e9es.<\/p>\n\n\n\n<h3 class=\"wp-block-heading\">L&#8217;absent\u00e9isme augmente les co\u00fbts<\/h3>\n\n\n\n<p>Lorsqu&#8217;une personne est absente sans pr\u00e9avis, quelqu&#8217;un d&#8217;autre doit la remplacer, ce qui implique le paiement d&#8217;heures suppl\u00e9mentaires. Si le probl\u00e8me de l&#8217;absent\u00e9isme est grave, le service des ressources humaines sera impliqu\u00e9 dans un cycle sans fin de licenciement, d&#8217;embauche et de formation, ce qui repr\u00e9sente <strong>une \u00e9norme perte d&#8217;argent<\/strong>.<\/p>\n\n\n\n<h3 class=\"wp-block-heading\">Ce probl\u00e8me nuit \u00e0 l&#8217;ensemble de l&#8217;\u00e9quipe<\/h3>\n\n\n\n<p>M\u00eame les meilleurs \u00e9l\u00e9ments peuvent perdre leur motivation lorsqu&#8217;ils sont contraints de couvrir les absences et de terminer<strong> le travail inachev\u00e9<\/strong> des autres.<\/p>\n\n\n\n<p>Quant aux sup\u00e9rieurs hi\u00e9rarchiques, ils sont confront\u00e9s \u00e0 la t\u00e2che difficile de proc\u00e9der \u00e0 des ajustements et d&#8217;exercer <strong>une pression accrue sur leur personnel <\/strong>pour qu&#8217;il atteigne les objectifs du service. Cela peut assombrir le climat de travail.<\/p>\n\n\n\n<h2 class=\"wp-block-heading\">7 cl\u00e9s pour pr\u00e9venir l&#8217;absent\u00e9isme<\/h2>\n\n\n\n<p>Les situations d\u00e9crites ci-dessus peuvent \u00eatre \u00e9vit\u00e9es en adoptant des mesures ad\u00e9quates. Voici quelques-unes de ces mesures.<\/p>\n\n\n\n<h3 class=\"wp-block-heading\">\u00c9tablir des r\u00e8gles en mati\u00e8re d&#8217;absence et de pr\u00e9sence<\/h3>\n\n\n\n<p>Les politiques d&#8217;absence doivent \u00eatre \u00e9crites et formalis\u00e9es de mani\u00e8re \u00e0 pouvoir \u00eatre suivies par les diff\u00e9rents secteurs de l&#8217;organisation. <strong>Elles fonctionnent comme des r\u00e8gles au sein du syst\u00e8me organisationnel<\/strong>.<\/p>\n\n\n\n<p>Les cadres, les superviseurs et les responsables de secteur doivent \u00eatre les premiers responsables du respect de ces r\u00e8gles. Ils doivent donc \u00eatre les premiers \u00e0 respecter les protocoles de gestion des absences et \u00e0 se conformer \u00e0 la politique de pr\u00e9sence.<\/p>\n\n\n\n<p>L&#8217;\u00e9tablissement d&#8217;horaires et d&#8217;une politique claire pour l&#8217;ensemble de l&#8217;organisation facilitera grandement le fonctionnement de cette derni\u00e8re et d\u00e9finira clairement les mesures \u00e0 prendre en cas d&#8217;absence.<\/p>\n\n\n\n<h3 class=\"wp-block-heading\">Revoir les proc\u00e9dures de demande de cong\u00e9<\/h3>\n\n\n\n<p>L&#8217;absent\u00e9isme peut, dans certains cas, \u00eatre caus\u00e9 par des difficult\u00e9s dans le processus de d\u00e9claration et d&#8217;enregistrement. L&#8217;objectif est d&#8217;\u00e9tablir une m\u00e9thode simple et pratique pour les diff\u00e9rents cas.<\/p>\n\n\n\n<p>En ce sens, le logiciel de gestion des cong\u00e9s et des absences de Bizneo HR dispose d&#8217;<strong>un syst\u00e8me de rappels et d&#8217;alertes automatis\u00e9s<\/strong> pour les enregistrements effectu\u00e9s et non effectu\u00e9s, ainsi que de la possibilit\u00e9 de pointer \u00e0 partir de n&#8217;importe quel type d&#8217;appareil.<\/p>\n\n\n\n<figure class=\"wp-block-image size-large\"><a href=\"\/fr\/logiciel-gestion-conges-absences\/\" data-wpel-link=\"internal\" target=\"_blank\"><img decoding=\"async\" width=\"1024\" height=\"735\" src=\"https:\/\/www.bizneo.com\/blog\/wp-content\/uploads\/2023\/09\/workflows-conges-absences-1024x735.webp\" alt=\"Workflows cong\u00e9s\" class=\"wp-image-42565\" srcset=\"https:\/\/www.bizneo.com\/blog\/wp-content\/uploads\/2023\/09\/workflows-conges-absences-1024x735.webp 1024w, https:\/\/www.bizneo.com\/blog\/wp-content\/uploads\/2023\/09\/workflows-conges-absences-300x215.webp 300w, https:\/\/www.bizneo.com\/blog\/wp-content\/uploads\/2023\/09\/workflows-conges-absences-768x551.webp 768w, https:\/\/www.bizneo.com\/blog\/wp-content\/uploads\/2023\/09\/workflows-conges-absences-810x582.webp 810w, https:\/\/www.bizneo.com\/blog\/wp-content\/uploads\/2023\/09\/workflows-conges-absences-1140x819.webp 1140w, https:\/\/www.bizneo.com\/blog\/wp-content\/uploads\/2023\/09\/workflows-conges-absences.webp 1500w\" sizes=\"(max-width: 1024px) 100vw, 1024px\" \/><\/a><\/figure>\n\n\n\n<p>En outre, il dispose d&#8217;<strong>une interface qui met automatiquement \u00e0 jour les quarts de travail rotatifs en fonction des r\u00f4les ou des contrats<\/strong>, tout en permettant au gestionnaire et \u00e0 l&#8217;employ\u00e9 de rev\u00e9rifier l&#8217;horaire, comme nous l&#8217;avons mentionn\u00e9.<\/p>\n\n\n\n<figure class=\"wp-block-image size-large\"><a href=\"https:\/\/www.bizneo.com\/fr\/logiciel-gestion-conges-absences\/\" target=\"_blank\" rel=\"noopener\" data-wpel-link=\"internal\"><img decoding=\"async\" width=\"1024\" height=\"154\" src=\"https:\/\/www.bizneo.com\/blog\/wp-content\/uploads\/2021\/09\/banner-medio-conges-excel-1024x154.jpg\" alt=\"outil de gestion des cong\u00e9s\" class=\"wp-image-25204\" srcset=\"https:\/\/www.bizneo.com\/blog\/wp-content\/uploads\/2021\/09\/banner-medio-conges-excel-1024x154.jpg 1024w, https:\/\/www.bizneo.com\/blog\/wp-content\/uploads\/2021\/09\/banner-medio-conges-excel-300x45.jpg 300w, https:\/\/www.bizneo.com\/blog\/wp-content\/uploads\/2021\/09\/banner-medio-conges-excel-768x115.jpg 768w, https:\/\/www.bizneo.com\/blog\/wp-content\/uploads\/2021\/09\/banner-medio-conges-excel-810x122.jpg 810w, https:\/\/www.bizneo.com\/blog\/wp-content\/uploads\/2021\/09\/banner-medio-conges-excel-1140x171.jpg 1140w, https:\/\/www.bizneo.com\/blog\/wp-content\/uploads\/2021\/09\/banner-medio-conges-excel.jpg 1360w\" sizes=\"(max-width: 1024px) 100vw, 1024px\" \/><\/a><\/figure>\n\n\n\n<h3 class=\"wp-block-heading\">Avoir un logiciel d&#8217;absence<\/h3>\n\n\n\n<p>Pour simplifier ces processus, de mani\u00e8re v\u00e9ridique et d\u00e9taill\u00e9e, il est recommand\u00e9 de disposer d&#8217;un syst\u00e8me qui permette un contr\u00f4le pr\u00e9cis de chaque cas. Sur cette base, nous proposons <strong>notre <a href=\"\/fr\/logiciel-gestion-conges-absences\/\" data-wpel-link=\"internal\" target=\"_blank\">logiciel de gestion des absences<\/a><\/strong>, gr\u00e2ce auquel vous pouvez enregistrer vos absences dans un calendrier, joindre des fichiers, des justifications, entre autres ressources qui facilitent leur gestion et leur documentation.<\/p>\n\n\n\n<figure class=\"wp-block-image size-full\"><a href=\"\/fr\/logiciel-gestion-conges-absences\/\" data-wpel-link=\"internal\" target=\"_blank\"><img decoding=\"async\" width=\"1500\" height=\"1108\" src=\"https:\/\/www.bizneo.com\/blog\/wp-content\/uploads\/2021\/09\/logiciel-gestion-planning-conges-absences.webp\" alt=\"Logiciel de Gestion de Cong\u00e9s\" class=\"wp-image-25515\" srcset=\"https:\/\/www.bizneo.com\/blog\/wp-content\/uploads\/2021\/09\/logiciel-gestion-planning-conges-absences.webp 1500w, https:\/\/www.bizneo.com\/blog\/wp-content\/uploads\/2021\/09\/logiciel-gestion-planning-conges-absences-300x222.webp 300w, https:\/\/www.bizneo.com\/blog\/wp-content\/uploads\/2021\/09\/logiciel-gestion-planning-conges-absences-1024x756.webp 1024w, https:\/\/www.bizneo.com\/blog\/wp-content\/uploads\/2021\/09\/logiciel-gestion-planning-conges-absences-768x567.webp 768w, https:\/\/www.bizneo.com\/blog\/wp-content\/uploads\/2021\/09\/logiciel-gestion-planning-conges-absences-810x598.webp 810w, https:\/\/www.bizneo.com\/blog\/wp-content\/uploads\/2021\/09\/logiciel-gestion-planning-conges-absences-1140x842.webp 1140w\" sizes=\"(max-width: 1500px) 100vw, 1500px\" \/><\/a><\/figure>\n\n\n\n<p>Outre ces avantages, le principal facteur de diff\u00e9renciation du logiciel Bizneo HR est de disposer d&#8217;une plateforme cloud, 100% en ligne, pour l&#8217;enregistrement de la journ\u00e9e de travail ; d&#8217;un acc\u00e8s centralis\u00e9 pour la gestion des horaires, des <a href=\"https:\/\/www.bizneo.com\/blog\/fr\/conges\/\" data-wpel-link=\"internal\" target=\"_blank\">cong\u00e9s<\/a> et des <a href=\"https:\/\/www.bizneo.com\/blog\/fr\/gestion-des-absences\/\" data-wpel-link=\"internal\" target=\"_blank\">absences<\/a>, ainsi que de recherches rapides par fonction ou par plage de dates pour rendre ce processus encore plus efficace.<\/p>\n\n\n\n<bzn-link><a href=\"\/fr\/logiciel-gestion-conges-absences\/\" id=\"destacado-vacaciones\" target=\"_blank\" rel=\"noopener\" data-wpel-link=\"internal\"><span class=\"bzn-link-title\">CET OUTIL CALCULE AUTOMATIQUEMENT LES CONG\u00c9S ET LES ARR\u00caTS MALADIE<\/span>Il vous permet d&#8217;optimiser le traitement des nouveaut\u00e9s ou des incidents dans la paie.<\/a><\/bzn-link>\n\n\n\n<p><\/p>\n\n\n\n<h3 class=\"wp-block-heading\">Programmes de suivi et de bien-\u00eatre<\/h3>\n\n\n\n<p>L&#8217;absent\u00e9isme est le sympt\u00f4me d&#8217;une dynamique organisationnelle qui ne fonctionne pas. Pour l&#8217;\u00e9tudier et \u00e9viter que la situation ne s&#8217;aggrave et ne nuise \u00e0 l&#8217;organisation, il est recommand\u00e9 d&#8217;effectuer un suivi et de disposer d&#8217;un logiciel d&#8217;enqu\u00eate afin de conna\u00eetre l&#8217;opinion des employ\u00e9s sur diff\u00e9rentes questions.<\/p>\n\n\n\n<p>Cela permet de cr\u00e9er <strong>un meilleur environnement de travail <\/strong>et d&#8217;\u00e9viter les menaces potentielles. Sur la base de ces informations, un programme de <a href=\"\/blog\/fr\/formation-du-personnel\/\" target=\"_blank\" rel=\"noreferrer noopener\" data-wpel-link=\"internal\">formation professionnelle<\/a> peut \u00e9galement \u00eatre d\u00e9velopp\u00e9 pour motiver les employ\u00e9s de l&#8217;organisation.<\/p>\n\n\n\n<figure class=\"wp-block-image size-full\"><a href=\"\/fr\/logiciel-gestion-formation\/\" target=\"_blank\" rel=\"noreferrer noopener\" data-wpel-link=\"internal\"><img decoding=\"async\" width=\"1500\" height=\"1094\" src=\"https:\/\/www.bizneo.com\/blog\/wp-content\/uploads\/2021\/09\/plan-action-et-formation.webp\" alt=\"Parcours de Formation\" class=\"wp-image-26346\" srcset=\"https:\/\/www.bizneo.com\/blog\/wp-content\/uploads\/2021\/09\/plan-action-et-formation.webp 1500w, https:\/\/www.bizneo.com\/blog\/wp-content\/uploads\/2021\/09\/plan-action-et-formation-300x219.webp 300w, https:\/\/www.bizneo.com\/blog\/wp-content\/uploads\/2021\/09\/plan-action-et-formation-1024x747.webp 1024w, https:\/\/www.bizneo.com\/blog\/wp-content\/uploads\/2021\/09\/plan-action-et-formation-768x560.webp 768w, https:\/\/www.bizneo.com\/blog\/wp-content\/uploads\/2021\/09\/plan-action-et-formation-810x591.webp 810w, https:\/\/www.bizneo.com\/blog\/wp-content\/uploads\/2021\/09\/plan-action-et-formation-1140x831.webp 1140w\" sizes=\"(max-width: 1500px) 100vw, 1500px\" \/><\/a><\/figure>\n\n\n\n<p>Dans cette optique, <strong>Bizneo HR <\/strong>propose \u00e9galement son LMS. Ce service est facile \u00e0 utiliser et offre de multiples options pour la gestion et <strong>le d\u00e9veloppement des employ\u00e9s<\/strong>, avec des missions personnalis\u00e9es et des programmes de carri\u00e8re bas\u00e9s sur le potentiel de chaque employ\u00e9.<\/p>\n\n\n\n<figure class=\"wp-block-image size-large\"><a href=\"https:\/\/www.bizneo.com\/fr\/logiciel-gestion-formation\/\" target=\"_blank\" rel=\"noopener\" data-wpel-link=\"internal\"><img decoding=\"async\" width=\"1024\" height=\"154\" src=\"https:\/\/www.bizneo.com\/blog\/wp-content\/uploads\/2021\/09\/banner-medio-formation-1024x154.jpg\" alt=\"logiciel de gestion de la formation\" class=\"wp-image-25214\" srcset=\"https:\/\/www.bizneo.com\/blog\/wp-content\/uploads\/2021\/09\/banner-medio-formation-1024x154.jpg 1024w, https:\/\/www.bizneo.com\/blog\/wp-content\/uploads\/2021\/09\/banner-medio-formation-300x45.jpg 300w, https:\/\/www.bizneo.com\/blog\/wp-content\/uploads\/2021\/09\/banner-medio-formation-768x115.jpg 768w, https:\/\/www.bizneo.com\/blog\/wp-content\/uploads\/2021\/09\/banner-medio-formation-810x122.jpg 810w, https:\/\/www.bizneo.com\/blog\/wp-content\/uploads\/2021\/09\/banner-medio-formation-1140x171.jpg 1140w, https:\/\/www.bizneo.com\/blog\/wp-content\/uploads\/2021\/09\/banner-medio-formation.jpg 1360w\" sizes=\"(max-width: 1024px) 100vw, 1024px\" \/><\/a><\/figure>\n\n\n\n<h3 class=\"wp-block-heading\">Flexibilit\u00e9 des horaires<\/h3>\n\n\n\n<p>Le fait de disposer de plusieurs options dans le cadre des horaires permet d&#8217;offrir des solutions aux employ\u00e9s, en particulier \u00e0 ceux qui doivent parcourir de longues distances ou lorsque l&#8217;organisation est situ\u00e9e dans une zone o\u00f9 le trafic est important.<\/p>\n\n\n\n<p>Selon les donn\u00e9es d&#8217;Adecco, on enregistre une moyenne de 10,7 jours perdus par an. Ce chiffre, \u00e0 grande \u00e9chelle, repr\u00e9sente plus de 50 milliards d&#8217;euros de pertes dues \u00e0 l&#8217;absent\u00e9isme.<\/p>\n\n\n\n<p>Sur cette base, et selon les donn\u00e9es de Bizneo HR, la mise en place d&#8217;<strong>une politique efficace d&#8217;horaire flexible<\/strong> g\u00e9n\u00e8re une augmentation de la productivit\u00e9 de l&#8217;ordre de 10 \u00e0 15 %.<\/p>\n\n\n\n<p>Cela permet non seulement de <strong>favoriser une meilleure relation entre l&#8217;employ\u00e9 et l&#8217;organisation<\/strong>, mais aussi d&#8217;\u00e9viter les pertes \u00e0 court, moyen et long terme, au b\u00e9n\u00e9fice des deux parties.<\/p>\n\n\n\n<bzn-note><a href=\"\/blog\/fr\/suivi-du-temps\/\" id=\"destacado-post\" target=\"_blank\" rel=\"noopener noreferrer\" data-wpel-link=\"internal\"><span class=\"bzn-link-title\"><strong>Qu\u2019est ce que le suivi du temps\u00a0?<\/strong><\/span> <br>D\u00e9couvrez les avantages d&#8217;utililser un logiciel suivi du temps dans votre entreprise<\/br><\/a><\/bzn-note>\n\n\n\n<p><\/p>\n\n\n\n<h2 class=\"wp-block-heading\">Comment calculer l&#8217;absent\u00e9isme ?<\/h2>\n\n\n\n<p>Le calcul de l&#8217;absent\u00e9isme est une t\u00e2che essentielle en raison de son impact particulier, par rapport au(x) salari\u00e9(s), et de l&#8217;influence qu&#8217;il peut avoir sur la prise de d\u00e9cision de l&#8217;organisation. Pour ce faire, il est recommand\u00e9 de proc\u00e9der de la mani\u00e8re suivante.<\/p>\n\n\n\n<h3 class=\"wp-block-heading\">Segmenter l&#8217;\u00e9chantillon<\/h3>\n\n\n\n<p>Pour que le calcul de l&#8217;<strong>absent\u00e9isme au travail<\/strong> soit efficace, il est n\u00e9cessaire de s\u00e9lectionner une p\u00e9riode d&#8217;\u00e9valuation sp\u00e9cifique. Cette p\u00e9riode peut \u00eatre un mois, un trimestre, un semestre ou m\u00eame une ann\u00e9e, selon la profondeur de l&#8217;analyse.<\/p>\n\n\n\n<p>\u00c0 partir de l\u00e0, deux proc\u00e9dures peuvent \u00eatre mises en \u0153uvre :<\/p>\n\n\n\n<ol class=\"wp-block-list\">\n<li>Additionner le nombre initial de salari\u00e9s au moment de l&#8217;\u00e9valuation et \u00e0 la fin de l&#8217;\u00e9valuation. Cette somme doit \u00eatre divis\u00e9e par deux.<\/li>\n\n\n\n<li>Additionner le nombre final de salari\u00e9s par mois et diviser par le nombre de mois de l&#8217;\u00e9valuation.<\/li>\n<\/ol>\n\n\n\n<h3 class=\"wp-block-heading\">Jours de travail<\/h3>\n\n\n\n<p>Tous les jours du mois ne sont \u00e9videmment pas des jours ouvrables. Il existe des jours f\u00e9ri\u00e9s, des jours sp\u00e9cifiques pendant lesquels aucun travail n&#8217;est effectu\u00e9, entre autres variantes. Il est n\u00e9cessaire de<strong> pr\u00e9ciser combien de jours seront des jours ouvrables<\/strong> afin d&#8217;obtenir des r\u00e9sultats efficaces. Nous sugg\u00e9rons ce qui suit :<\/p>\n\n\n\n<ul class=\"wp-block-list\">\n<li>Comptez les jours f\u00e9ri\u00e9s et les semaines du trimestre.<\/li>\n\n\n\n<li>Compter les jours irr\u00e9guliers, c&#8217;est-\u00e0-dire les jours suppl\u00e9mentaires au d\u00e9but et \u00e0 la fin du trimestre lorsque celui-ci se termine et commence au milieu d&#8217;une semaine.<\/li>\n\n\n\n<li>Multiplier le nombre de semaines par cinq.<\/li>\n\n\n\n<li>Ajoutez le nombre de jours irr\u00e9guliers au r\u00e9sultat pr\u00e9c\u00e9dent et soustrayez les jours f\u00e9ri\u00e9s.<\/li>\n<\/ul>\n\n\n\n<figure class=\"wp-block-image size-full\"><a href=\"https:\/\/hello.bizneo.com\/template\/erreurs-ressources-humaines\/?utm_content=post-banner\" data-wpel-link=\"internal\" target=\"_blank\"><img decoding=\"async\" width=\"1360\" height=\"204\" src=\"https:\/\/www.bizneo.com\/blog\/wp-content\/uploads\/2024\/02\/banner-erreurs-rh.jpg\" alt=\"Erreurs RH\" class=\"wp-image-45157\" srcset=\"https:\/\/www.bizneo.com\/blog\/wp-content\/uploads\/2024\/02\/banner-erreurs-rh.jpg 1360w, https:\/\/www.bizneo.com\/blog\/wp-content\/uploads\/2024\/02\/banner-erreurs-rh-300x45.jpg 300w, https:\/\/www.bizneo.com\/blog\/wp-content\/uploads\/2024\/02\/banner-erreurs-rh-1024x154.jpg 1024w, https:\/\/www.bizneo.com\/blog\/wp-content\/uploads\/2024\/02\/banner-erreurs-rh-768x115.jpg 768w, https:\/\/www.bizneo.com\/blog\/wp-content\/uploads\/2024\/02\/banner-erreurs-rh-810x122.jpg 810w, https:\/\/www.bizneo.com\/blog\/wp-content\/uploads\/2024\/02\/banner-erreurs-rh-1140x171.jpg 1140w\" sizes=\"(max-width: 1360px) 100vw, 1360px\" \/><\/a><\/figure>\n\n\n\n<h3 class=\"wp-block-heading\">D\u00e9terminer les jours de travail de l&#8217;entreprise<\/h3>\n\n\n\n<p>\u00c0 ce stade, il faut<strong> multiplier le nombre moyen de salari\u00e9s par le nombre de jours ouvrables<\/strong>, toujours en fonction de la p\u00e9riode choisie. D&#8217;o\u00f9 l&#8217;importance de bien segmenter chacune des \u00e9tapes pr\u00e9c\u00e9dentes afin d&#8217;obtenir des r\u00e9sultats pr\u00e9cis.<\/p>\n\n\n\n<h3 class=\"wp-block-heading\">D\u00e9terminer le nombre de jours de travail perdus en raison de l&#8217;absent\u00e9isme<\/h3>\n\n\n\n<p>\u00c0 ce stade du calcul de l&#8217;absent\u00e9isme, <strong>on prend comme r\u00e9f\u00e9rence la dur\u00e9e d&#8217;une journ\u00e9e de travail<\/strong>. L&#8217;exemple classique est celui des huit heures et du nombre de salari\u00e9s pr\u00e9c\u00e9demment pris.<\/p>\n\n\n\n<p>Ensuite, on additionne le nombre moyen de jours d&#8217;arr\u00eat maladie des salari\u00e9s et les autres raisons qu&#8217;ils invoquent pour s&#8217;absenter du travail. Le r\u00e9sultat sera le nombre de jours de travail perdus.<\/p>\n\n\n\n<h3 class=\"wp-block-heading\">Bilan de l&#8217;absent\u00e9isme<\/h3>\n\n\n\n<p>Enfin, il est recommand\u00e9 de<strong> diviser le nombre de jours perdus pour cause d&#8217;absent\u00e9isme par le nombre total de jours de travail<\/strong> dans l&#8217;entreprise.<\/p>\n\n\n\n<p>Ce chiffre donne une image claire de l&#8217;absent\u00e9isme au sein de l&#8217;organisation. Il est alors beaucoup plus facile de prendre diff\u00e9rentes mesures pour l&#8217;\u00e9valuer.<\/p>\n\n\n\n<p>Une fa\u00e7on de s&#8217;appuyer sur la technologie est d&#8217;utiliser un <a href=\"\/fr\/logiciel-gestion-temps-de-travail\/\" data-wpel-link=\"internal\" target=\"_blank\">logiciel de gestion du temps<\/a> propos\u00e9 par <strong>Bizneo HR<\/strong>, gr\u00e2ce auquel vous pouvez d\u00e9velopper des mesures, tenir des registres d\u00e9taill\u00e9s et document\u00e9s des jours travaill\u00e9s par l&#8217;employ\u00e9 ou le groupe s\u00e9lectionn\u00e9, y compris la double validation des registres, \u00e0 la fois de l&#8217;employ\u00e9 et du sup\u00e9rieur hi\u00e9rarchique.<\/p>\n\n\n\n<figure class=\"wp-block-image size-full\"><a href=\"\/fr\/logiciel-gestion-temps-de-travail\/\" data-wpel-link=\"internal\" target=\"_blank\"><img decoding=\"async\" width=\"1500\" height=\"1103\" src=\"https:\/\/www.bizneo.com\/blog\/wp-content\/uploads\/2021\/09\/systeme-controle-horaires-presences-acces-1.webp\" alt=\"Outil de Gestion des Temps de Travail\" class=\"wp-image-25497\" srcset=\"https:\/\/www.bizneo.com\/blog\/wp-content\/uploads\/2021\/09\/systeme-controle-horaires-presences-acces-1.webp 1500w, https:\/\/www.bizneo.com\/blog\/wp-content\/uploads\/2021\/09\/systeme-controle-horaires-presences-acces-1-300x221.webp 300w, https:\/\/www.bizneo.com\/blog\/wp-content\/uploads\/2021\/09\/systeme-controle-horaires-presences-acces-1-1024x753.webp 1024w, https:\/\/www.bizneo.com\/blog\/wp-content\/uploads\/2021\/09\/systeme-controle-horaires-presences-acces-1-768x565.webp 768w, https:\/\/www.bizneo.com\/blog\/wp-content\/uploads\/2021\/09\/systeme-controle-horaires-presences-acces-1-810x596.webp 810w, https:\/\/www.bizneo.com\/blog\/wp-content\/uploads\/2021\/09\/systeme-controle-horaires-presences-acces-1-1140x838.webp 1140w\" sizes=\"(max-width: 1500px) 100vw, 1500px\" \/><\/a><\/figure>\n\n\n\n<h2 class=\"wp-block-heading\">5 strat\u00e9gies pour lutter contre l&#8217;absent\u00e9isme au travail<\/h2>\n\n\n\n<p>Il existe diff\u00e9rents outils pour aider \u00e0 pr\u00e9venir l&#8217;absent\u00e9isme. Il s&#8217;agit d&#8217;\u00e9valuer chaque sc\u00e9nario individuellement, de reconna\u00eetre les probl\u00e8mes de l&#8217;organisation et les causes de l&#8217;absent\u00e9isme afin de les traiter d&#8217;une mani\u00e8re particuli\u00e8re.<\/p>\n\n\n\n<h3 class=\"wp-block-heading\">Promouvoir un climat de travail favorable pour pr\u00e9venir l&#8217;absent\u00e9isme<\/h3>\n\n\n\n<p>Les gens passent une grande partie de leur vie dans des environnements de travail. En g\u00e9n\u00e9ral, sept \u00e0 huit heures par jour. Faciliter et garantir un environnement de travail agr\u00e9able est une t\u00e2che essentielle pour baisser le taux d&#8217;absent\u00e9isme. Il s&#8217;agit de cr\u00e9er les conditions pour que les employ\u00e9s ne souhaitent pas quitter l&#8217;organisation mais, au contraire, <strong>g\u00e9n\u00e8rent un plus grand sentiment d&#8217;appartenance et d&#8217;engagement<\/strong>.<\/p>\n\n\n\n<p>Pour ce faire, il convient d&#8217;<strong>am\u00e9nager les espaces de travail<\/strong>, de promouvoir les journ\u00e9es de r\u00e9union, d&#8217;int\u00e9grer les diff\u00e9rents secteurs de l&#8217;organisation et de disposer d&#8217;un logiciel permettant d&#8217;\u00e9valuer l&#8217;impact de ces mesures et d&#8217;autres encore.<\/p>\n\n\n\n<p>Ce syst\u00e8me peut \u00eatre automatis\u00e9 gr\u00e2ce au <a href=\"\/blog\/fr\/formation-du-personnel\/\" target=\"_blank\" rel=\"noreferrer noopener\" data-wpel-link=\"internal\">logiciel de questionnaires QVT<\/a> propos\u00e9 par Bizneo HR, qui permet d&#8217;effectuer des consultations priv\u00e9es et s\u00e9curis\u00e9es de mani\u00e8re simple pour<strong> conna\u00eetre l&#8217;avis des employ\u00e9s <\/strong>sur l&#8217;environnement de travail.<\/p>\n\n\n\n<div id=\"cbox-7TscG01lcjnm4j96\"><\/div>\n\n\n\n<p><\/p>\n\n\n\n<h3 class=\"wp-block-heading\">L&#8217;\u00e9valuation des performances, un outil contre l&#8217;absent\u00e9isme<\/h3>\n\n\n\n<p>En connaissant la productivit\u00e9 d&#8217;un employ\u00e9, l&#8217;organisation dispose d&#8217;informations directes sur son engagement et ses performances.<\/p>\n\n\n\n<p>C&#8217;est aussi une opportunit\u00e9 :<strong> reconna\u00eetre le travail et les efforts d&#8217;un employ\u00e9<\/strong> par des r\u00e9compenses est un moyen de lutter contre l&#8217;absent\u00e9isme. La personne se sent valoris\u00e9e. Cela favorise sa relation avec l&#8217;organisation, le sentiment d&#8217;appartenance.<\/p>\n\n\n\n<figure class=\"wp-block-image size-full\"><a href=\"\/fr\/gestion-des-competences-gpec\/\" target=\"_blank\" rel=\"noreferrer noopener\" data-wpel-link=\"internal\"><img decoding=\"async\" width=\"1125\" height=\"969\" src=\"https:\/\/www.bizneo.com\/blog\/wp-content\/uploads\/2021\/09\/Logiciel-evaluation-performance-competences.webp\" alt=\"Logiciel de Gestion des Compe\u0301tences\" class=\"wp-image-25378\" srcset=\"https:\/\/www.bizneo.com\/blog\/wp-content\/uploads\/2021\/09\/Logiciel-evaluation-performance-competences.webp 1125w, https:\/\/www.bizneo.com\/blog\/wp-content\/uploads\/2021\/09\/Logiciel-evaluation-performance-competences-300x258.webp 300w, https:\/\/www.bizneo.com\/blog\/wp-content\/uploads\/2021\/09\/Logiciel-evaluation-performance-competences-1024x882.webp 1024w, https:\/\/www.bizneo.com\/blog\/wp-content\/uploads\/2021\/09\/Logiciel-evaluation-performance-competences-768x662.webp 768w, https:\/\/www.bizneo.com\/blog\/wp-content\/uploads\/2021\/09\/Logiciel-evaluation-performance-competences-810x698.webp 810w\" sizes=\"(max-width: 1125px) 100vw, 1125px\" \/><\/a><\/figure>\n\n\n\n<p>Pour ce type de pratique, il est conseill\u00e9 de disposer d&#8217;un logiciel d&#8217;\u00e9valuation qui permet de fournir un <a href=\"\/blog\/fr\/feedback-entreprise\/\" target=\"_blank\" rel=\"noreferrer noopener\" data-wpel-link=\"internal\">feedback<\/a> efficace et document\u00e9 sur les comp\u00e9tences de l&#8217;employ\u00e9, de reconna\u00eetre les talents cl\u00e9s au sein de l&#8217;organisation, d&#8217;encourager la motivation, de reconna\u00eetre les possibilit\u00e9s de formation et d&#8217;y travailler.<\/p>\n\n\n\n<figure class=\"wp-block-image size-full\"><a href=\"https:\/\/www.bizneo.com\/fr\/gestion-des-competences-gpec\/\" target=\"_blank\" rel=\"noopener\" data-wpel-link=\"internal\"><img decoding=\"async\" width=\"1360\" height=\"204\" src=\"https:\/\/www.bizneo.com\/blog\/wp-content\/uploads\/2021\/08\/banner-medio-competences.jpg\" alt=\"logiciel \u00e9valuation des comp\u00e9tences\" class=\"wp-image-25138\" srcset=\"https:\/\/www.bizneo.com\/blog\/wp-content\/uploads\/2021\/08\/banner-medio-competences.jpg 1360w, https:\/\/www.bizneo.com\/blog\/wp-content\/uploads\/2021\/08\/banner-medio-competences-300x45.jpg 300w, https:\/\/www.bizneo.com\/blog\/wp-content\/uploads\/2021\/08\/banner-medio-competences-1024x154.jpg 1024w, https:\/\/www.bizneo.com\/blog\/wp-content\/uploads\/2021\/08\/banner-medio-competences-768x115.jpg 768w, https:\/\/www.bizneo.com\/blog\/wp-content\/uploads\/2021\/08\/banner-medio-competences-810x122.jpg 810w, https:\/\/www.bizneo.com\/blog\/wp-content\/uploads\/2021\/08\/banner-medio-competences-1140x171.jpg 1140w\" sizes=\"(max-width: 1360px) 100vw, 1360px\" \/><\/a><\/figure>\n\n\n\n<h3 class=\"wp-block-heading\">La formation, cl\u00e9 de la lutte contre l&#8217;absent\u00e9isme<\/h3>\n\n\n\n<p>Comme le sugg\u00e8re le point pr\u00e9c\u00e9dent, la pr\u00e9vention de l&#8217;absent\u00e9isme passe par la reconnaissance des points \u00e0 am\u00e9liorer. Mais il ne s&#8217;agit pas seulement d&#8217;alerter, il faut aussi les traiter.<\/p>\n\n\n\n<p>Disposer d&#8217;un <a href=\"\/fr\/logiciel-gestion-formation\/\" target=\"_blank\" rel=\"noreferrer noopener\" data-wpel-link=\"internal\">outil de gestion de la formation<\/a> tel que Bizneo HR permet aux organisations de promouvoir des <a href=\"\/blog\/fr\/plan-de-carriere\/\" data-wpel-link=\"internal\" target=\"_blank\">plans de carri\u00e8re<\/a> pour chaque employ\u00e9, avec des \u00e9valuations p\u00e9riodiques, un syst\u00e8me de notifications et de rappels, ainsi que d&#8217;autres avantages.<\/p>\n\n\n\n<figure class=\"wp-block-image size-large\"><a href=\"\/fr\/logiciel-gestion-formation\/\" data-wpel-link=\"internal\" target=\"_blank\"><img decoding=\"async\" width=\"1024\" height=\"711\" src=\"https:\/\/www.bizneo.com\/blog\/wp-content\/uploads\/2024\/02\/combien-coute-formation-employe-1024x711.webp\" alt=\"Co\u00fbt de la formation\" class=\"wp-image-44934\" srcset=\"https:\/\/www.bizneo.com\/blog\/wp-content\/uploads\/2024\/02\/combien-coute-formation-employe-1024x711.webp 1024w, https:\/\/www.bizneo.com\/blog\/wp-content\/uploads\/2024\/02\/combien-coute-formation-employe-300x208.webp 300w, https:\/\/www.bizneo.com\/blog\/wp-content\/uploads\/2024\/02\/combien-coute-formation-employe-768x534.webp 768w, https:\/\/www.bizneo.com\/blog\/wp-content\/uploads\/2024\/02\/combien-coute-formation-employe-810x563.webp 810w, https:\/\/www.bizneo.com\/blog\/wp-content\/uploads\/2024\/02\/combien-coute-formation-employe-1140x792.webp 1140w, https:\/\/www.bizneo.com\/blog\/wp-content\/uploads\/2024\/02\/combien-coute-formation-employe-145x100.webp 145w, https:\/\/www.bizneo.com\/blog\/wp-content\/uploads\/2024\/02\/combien-coute-formation-employe.webp 1500w\" sizes=\"(max-width: 1024px) 100vw, 1024px\" \/><\/a><\/figure>\n\n\n\n<p>L&#8217;un d&#8217;entre eux, fruit du d\u00e9veloppement complet de l&#8217;outil, est de pouvoir \u00e9valuer le retour sur investissement de chaque processus. L&#8217;organisation peut ainsi reconna\u00eetre la rentabilit\u00e9 de son investissement gr\u00e2ce \u00e0 une gestion intelligente des diff\u00e9rentes \u00e9tapes.<\/p>\n\n\n\n<p>Aujourd&#8217;hui, <strong>le processus de formation ne doit plus \u00eatre rigide et traditionnel<\/strong>. Au contraire, les progr\u00e8s de la gamification apparaissent comme une alternative au rafra\u00eechissement des processus d&#8217;enseignement. Il s&#8217;agit d&#8217;une s\u00e9rie de m\u00e9thodes et d&#8217;activations qui s&#8217;inscrivent dans une perspective lucide visant \u00e0 faire de la r\u00e9cr\u00e9ation un vecteur de connaissance.<\/p>\n\n\n\n<p>En consacrant du temps et des ressources \u00e0 leur formation, <strong>les employ\u00e9s tendent \u00e0 se sentir valoris\u00e9s et \u00e0 d\u00e9velopper leur engagement<\/strong> envers l&#8217;organisation. Il s&#8217;agit d&#8217;une strat\u00e9gie qui implique des aspects tels que l&#8217;\u00e9ducation et la motivation pour encourager la croissance des employ\u00e9s au sein de l&#8217;organisation.<\/p>\n\n\n\n<h3 class=\"wp-block-heading\">Optimiser la gestion du temps pour pr\u00e9venir l&#8217;absent\u00e9isme<\/h3>\n\n\n\n<p>La satisfaction d&#8217;un employ\u00e9 est proportionnelle \u00e0 l&#8217;efficacit\u00e9 avec laquelle il accomplit ses t\u00e2ches. Il est essentiel de savoir r\u00e9partir la charge de travail et d&#8217;attribuer les t\u00e2ches en fonction des capacit\u00e9s de chaque employ\u00e9. De cette mani\u00e8re, un employ\u00e9 n&#8217;est ni surcharg\u00e9, ni surmen\u00e9.<\/p>\n\n\n\n<p>\u00c0 cette fin, deux outils sont recommand\u00e9s pour faciliter la gestion de ces domaines. Le premier est un logiciel de gestion du temps, qui <strong>permet de suivre les heures de travail effectu\u00e9es, de fixer des rappels<\/strong> pour les enregistrements et de g\u00e9rer plus efficacement la rotation des heures de travail.<\/p>\n\n\n\n<figure class=\"wp-block-image size-full\"><a href=\"\/fr\/logiciel-planning\/\" data-wpel-link=\"internal\" target=\"_blank\"><img decoding=\"async\" width=\"1500\" height=\"1054\" src=\"https:\/\/www.bizneo.com\/blog\/wp-content\/uploads\/2024\/02\/logiciel-horaire-de-travail.webp\" alt=\"configuration des \u00e9quipes et des horaires\" class=\"wp-image-45258\" srcset=\"https:\/\/www.bizneo.com\/blog\/wp-content\/uploads\/2024\/02\/logiciel-horaire-de-travail.webp 1500w, https:\/\/www.bizneo.com\/blog\/wp-content\/uploads\/2024\/02\/logiciel-horaire-de-travail-300x211.webp 300w, https:\/\/www.bizneo.com\/blog\/wp-content\/uploads\/2024\/02\/logiciel-horaire-de-travail-1024x720.webp 1024w, https:\/\/www.bizneo.com\/blog\/wp-content\/uploads\/2024\/02\/logiciel-horaire-de-travail-768x540.webp 768w, https:\/\/www.bizneo.com\/blog\/wp-content\/uploads\/2024\/02\/logiciel-horaire-de-travail-810x569.webp 810w, https:\/\/www.bizneo.com\/blog\/wp-content\/uploads\/2024\/02\/logiciel-horaire-de-travail-1140x801.webp 1140w\" sizes=\"(max-width: 1500px) 100vw, 1500px\" \/><\/a><\/figure>\n\n\n\n<p>Gr\u00e2ce \u00e0 cette ressource, l&#8217;entreprise gagne en productivit\u00e9, car elle surveille en permanence les diff\u00e9rentes \u00e9tapes des processus par le biais d&#8217;alertes ;<strong> elle acc\u00e9l\u00e8re les processus de prise de d\u00e9cision et l&#8217;organisation de la supervision du travai<\/strong>l. En outre, ce syst\u00e8me garantit la confidentialit\u00e9 des diff\u00e9rentes couches d&#8217;information trait\u00e9es par l&#8217;organisation.<\/p>\n\n\n\n<p>Un autre syst\u00e8me permettant de g\u00e9rer ce sc\u00e9nario est le logiciel d&#8217;absence dont Bizneo HR dispose \u00e9galement. Ce logiciel permet <strong>une r\u00e9vision rapide et claire des calendriers<\/strong>, informe le personnel des nouveaux d\u00e9veloppements li\u00e9s \u00e0 la journ\u00e9e de travail et simplifie l&#8217;enregistrement en supprimant les feuilles de calcul, les courriers \u00e9lectroniques et l&#8217;utilisation du papier.<\/p>\n\n\n\n<bzn-info><a href=\"\/blog\/fr\/planning-de-travail\/\" id=\"destacado-post\" target=\"_blank\" rel=\"noopener\" data-wpel-link=\"internal\"><span class=\"bzn-link-title\"><strong>Tout sur le planning de travail<\/strong><\/span> <br>Types et optimisation<\/br><\/a><\/bzn-info>\n\n\n\n<p><\/p>\n\n\n\n<h3 class=\"wp-block-heading\">Motivez vos employ\u00e9s<\/h3>\n\n\n\n<p>Encourager la motivation est beaucoup plus rentable que de g\u00e9rer les cong\u00e9s de maladie. Il existe diff\u00e9rents moyens d&#8217;y parvenir, des primes financi\u00e8res aux jours de cong\u00e9, en passant par des options telles que les horaires de travail flexibles, les journ\u00e9es d&#8217;int\u00e9gration en dehors des heures de travail normales, les programmes de formation, les divers avantages li\u00e9s \u00e0 l&#8217;emploi pour l&#8217;appartenance \u00e0 l&#8217;organisation et la r\u00e9alisation d&#8217;objectifs, entre autres aspects.<\/p>\n\n\n\n<p>Une autre option consiste \u00e0 mettre en place du t\u00e9l\u00e9travail. Pour vous aider \u00e0 mettre en \u0153uvre cette option, nous avons \u00e9labor\u00e9 un guide complet expliquant comment transformer votre mod\u00e8le de travail :<\/p>\n\n\n\n<figure class=\"wp-block-image size-large\"><a href=\"https:\/\/www.bizneo.com\/fr\/logiciel-gestion-conges-absences\/\" target=\"_blank\" rel=\"noopener\" data-wpel-link=\"internal\"><img decoding=\"async\" width=\"1024\" height=\"307\" src=\"https:\/\/www.bizneo.com\/blog\/wp-content\/uploads\/2021\/09\/logiciel-gestion-des-conges-1024x307.jpg\" alt=\"logiciel cong\u00e9s\" class=\"wp-image-25209\" srcset=\"https:\/\/www.bizneo.com\/blog\/wp-content\/uploads\/2021\/09\/logiciel-gestion-des-conges-1024x307.jpg 1024w, https:\/\/www.bizneo.com\/blog\/wp-content\/uploads\/2021\/09\/logiciel-gestion-des-conges-300x90.jpg 300w, https:\/\/www.bizneo.com\/blog\/wp-content\/uploads\/2021\/09\/logiciel-gestion-des-conges-768x230.jpg 768w, https:\/\/www.bizneo.com\/blog\/wp-content\/uploads\/2021\/09\/logiciel-gestion-des-conges-810x243.jpg 810w, https:\/\/www.bizneo.com\/blog\/wp-content\/uploads\/2021\/09\/logiciel-gestion-des-conges-1140x342.jpg 1140w, https:\/\/www.bizneo.com\/blog\/wp-content\/uploads\/2021\/09\/logiciel-gestion-des-conges.jpg 1360w\" sizes=\"(max-width: 1024px) 100vw, 1024px\" \/><\/a><\/figure>\n","protected":false},"excerpt":{"rendered":"<p>Plus d&#8217;un million de personnes s&#8217;absentent chaque jour au travail. L&#8217;absent\u00e9isme co\u00fbte des millions d&#8217;euros aux entreprises.<\/p>\n","protected":false},"author":37,"featured_media":45471,"comment_status":"open","ping_status":"open","sticky":false,"template":"","format":"standard","meta":{"_uag_custom_page_level_css":"","site-sidebar-layout":"default","site-content-layout":"","ast-site-content-layout":"default","site-content-style":"default","site-sidebar-style":"default","ast-global-header-display":"","ast-banner-title-visibility":"","ast-main-header-display":"","ast-hfb-above-header-display":"","ast-hfb-below-header-display":"","ast-hfb-mobile-header-display":"","site-post-title":"","ast-breadcrumbs-content":"","ast-featured-img":"","footer-sml-layout":"","ast-disable-related-posts":"","theme-transparent-header-meta":"","adv-header-id-meta":"","stick-header-meta":"","header-above-stick-meta":"","header-main-stick-meta":"","header-below-stick-meta":"","astra-migrate-meta-layouts":"default","ast-page-background-enabled":"default","ast-page-background-meta":{"desktop":{"background-color":"var(--ast-global-color-5)","background-image":"","background-repeat":"repeat","background-position":"center center","background-size":"auto","background-attachment":"scroll","background-type":"","background-media":"","overlay-type":"","overlay-color":"","overlay-opacity":"","overlay-gradient":""},"tablet":{"background-color":"","background-image":"","background-repeat":"repeat","background-position":"center center","background-size":"auto","background-attachment":"scroll","background-type":"","background-media":"","overlay-type":"","overlay-color":"","overlay-opacity":"","overlay-gradient":""},"mobile":{"background-color":"","background-image":"","background-repeat":"repeat","background-position":"center center","background-size":"auto","background-attachment":"scroll","background-type":"","background-media":"","overlay-type":"","overlay-color":"","overlay-opacity":"","overlay-gradient":""}},"ast-content-background-meta":{"desktop":{"background-color":"var(--ast-global-color-4)","background-image":"","background-repeat":"repeat","background-position":"center center","background-size":"auto","background-attachment":"scroll","background-type":"","background-media":"","overlay-type":"","overlay-color":"","overlay-opacity":"","overlay-gradient":""},"tablet":{"background-color":"var(--ast-global-color-4)","background-image":"","background-repeat":"repeat","background-position":"center center","background-size":"auto","background-attachment":"scroll","background-type":"","background-media":"","overlay-type":"","overlay-color":"","overlay-opacity":"","overlay-gradient":""},"mobile":{"background-color":"var(--ast-global-color-4)","background-image":"","background-repeat":"repeat","background-position":"center center","background-size":"auto","background-attachment":"scroll","background-type":"","background-media":"","overlay-type":"","overlay-color":"","overlay-opacity":"","overlay-gradient":""}},"footnotes":""},"categories":[316],"tags":[],"class_list":["post-45427","post","type-post","status-publish","format-standard","has-post-thumbnail","hentry","category-gestion-du-personnel"],"yoast_head":"<!-- This site is optimized with the Yoast SEO plugin v27.5 - https:\/\/yoast.com\/product\/yoast-seo-wordpress\/ -->\n<title>Absent\u00e9isme au travail | Guide pratique pour les entreprises<\/title>\n<meta name=\"description\" content=\"L&#039;absent\u00e9isme au travail entra\u00eene des pertes consid\u00e9rables pour les entreprises. Voici comment encourager les salari\u00e9s \u00e0 \u00eatre pr\u00e9sents !\" \/>\n<meta name=\"robots\" content=\"index, follow, max-snippet:-1, max-image-preview:large, max-video-preview:-1\" \/>\n<meta property=\"og:locale\" content=\"es_ES\" \/>\n<meta property=\"og:type\" content=\"article\" \/>\n<meta property=\"og:title\" content=\"Absent\u00e9isme au travail | Guide pratique pour les entreprises\" \/>\n<meta property=\"og:description\" content=\"L&#039;absent\u00e9isme au travail entra\u00eene des pertes consid\u00e9rables pour les entreprises. Voici comment encourager les salari\u00e9s \u00e0 \u00eatre pr\u00e9sents !\" \/>\n<meta property=\"og:url\" content=\"https:\/\/www.bizneo.com\/blog\/fr\/absenteisme-au-travail\/\" \/>\n<meta property=\"og:site_name\" content=\"Blog de Recursos Humanos de Bizneo HR: pr\u00e1ctico y actual\" \/>\n<meta property=\"article:published_time\" content=\"2024-02-27T11:36:03+00:00\" \/>\n<meta property=\"article:modified_time\" content=\"2026-01-27T17:23:24+00:00\" \/>\n<meta property=\"og:image\" content=\"https:\/\/www.bizneo.com\/blog\/wp-content\/uploads\/2024\/02\/absenteisme-au-travail-1.webp\" \/>\n\t<meta property=\"og:image:width\" content=\"1140\" \/>\n\t<meta property=\"og:image:height\" content=\"640\" \/>\n\t<meta property=\"og:image:type\" content=\"image\/webp\" \/>\n<meta name=\"author\" content=\"Frederic\" \/>\n<meta name=\"twitter:card\" content=\"summary_large_image\" \/>\n<meta name=\"twitter:label1\" content=\"Escrito por\" \/>\n\t<meta name=\"twitter:data1\" content=\"Frederic\" \/>\n\t<meta name=\"twitter:label2\" content=\"Tiempo de lectura\" \/>\n\t<meta name=\"twitter:data2\" content=\"20 minutos\" \/>\n<script type=\"application\/ld+json\" class=\"yoast-schema-graph\">{\"@context\":\"https:\\\/\\\/schema.org\",\"@graph\":[{\"@type\":[\"Article\",\"BlogPosting\"],\"@id\":\"https:\\\/\\\/www.bizneo.com\\\/blog\\\/fr\\\/absenteisme-au-travail\\\/#article\",\"isPartOf\":{\"@id\":\"https:\\\/\\\/www.bizneo.com\\\/blog\\\/fr\\\/absenteisme-au-travail\\\/\"},\"author\":{\"name\":\"Frederic\",\"@id\":\"https:\\\/\\\/www.bizneo.com\\\/blog\\\/#\\\/schema\\\/person\\\/c54a399718abb92cd32efffb5977118a\"},\"headline\":\"Un guide pour lutter contre l&#8217;absent\u00e9isme\",\"datePublished\":\"2024-02-27T11:36:03+00:00\",\"dateModified\":\"2026-01-27T17:23:24+00:00\",\"mainEntityOfPage\":{\"@id\":\"https:\\\/\\\/www.bizneo.com\\\/blog\\\/fr\\\/absenteisme-au-travail\\\/\"},\"wordCount\":4284,\"commentCount\":0,\"publisher\":{\"@id\":\"https:\\\/\\\/www.bizneo.com\\\/blog\\\/#organization\"},\"image\":{\"@id\":\"https:\\\/\\\/www.bizneo.com\\\/blog\\\/fr\\\/absenteisme-au-travail\\\/#primaryimage\"},\"thumbnailUrl\":\"https:\\\/\\\/www.bizneo.com\\\/blog\\\/wp-content\\\/uploads\\\/2024\\\/02\\\/absenteisme-au-travail-1.webp\",\"articleSection\":[\"Gestion du Personnel\"],\"inLanguage\":\"es\",\"potentialAction\":[{\"@type\":\"CommentAction\",\"name\":\"Comment\",\"target\":[\"https:\\\/\\\/www.bizneo.com\\\/blog\\\/fr\\\/absenteisme-au-travail\\\/#respond\"]}]},{\"@type\":\"WebPage\",\"@id\":\"https:\\\/\\\/www.bizneo.com\\\/blog\\\/fr\\\/absenteisme-au-travail\\\/\",\"url\":\"https:\\\/\\\/www.bizneo.com\\\/blog\\\/fr\\\/absenteisme-au-travail\\\/\",\"name\":\"Absent\u00e9isme au travail | Guide pratique pour les entreprises\",\"isPartOf\":{\"@id\":\"https:\\\/\\\/www.bizneo.com\\\/blog\\\/#website\"},\"primaryImageOfPage\":{\"@id\":\"https:\\\/\\\/www.bizneo.com\\\/blog\\\/fr\\\/absenteisme-au-travail\\\/#primaryimage\"},\"image\":{\"@id\":\"https:\\\/\\\/www.bizneo.com\\\/blog\\\/fr\\\/absenteisme-au-travail\\\/#primaryimage\"},\"thumbnailUrl\":\"https:\\\/\\\/www.bizneo.com\\\/blog\\\/wp-content\\\/uploads\\\/2024\\\/02\\\/absenteisme-au-travail-1.webp\",\"datePublished\":\"2024-02-27T11:36:03+00:00\",\"dateModified\":\"2026-01-27T17:23:24+00:00\",\"description\":\"L'absent\u00e9isme au travail entra\u00eene des pertes consid\u00e9rables pour les entreprises. Voici comment encourager les salari\u00e9s \u00e0 \u00eatre pr\u00e9sents !\",\"breadcrumb\":{\"@id\":\"https:\\\/\\\/www.bizneo.com\\\/blog\\\/fr\\\/absenteisme-au-travail\\\/#breadcrumb\"},\"inLanguage\":\"es\",\"potentialAction\":[{\"@type\":\"ReadAction\",\"target\":[\"https:\\\/\\\/www.bizneo.com\\\/blog\\\/fr\\\/absenteisme-au-travail\\\/\"]}]},{\"@type\":\"ImageObject\",\"inLanguage\":\"es\",\"@id\":\"https:\\\/\\\/www.bizneo.com\\\/blog\\\/fr\\\/absenteisme-au-travail\\\/#primaryimage\",\"url\":\"https:\\\/\\\/www.bizneo.com\\\/blog\\\/wp-content\\\/uploads\\\/2024\\\/02\\\/absenteisme-au-travail-1.webp\",\"contentUrl\":\"https:\\\/\\\/www.bizneo.com\\\/blog\\\/wp-content\\\/uploads\\\/2024\\\/02\\\/absenteisme-au-travail-1.webp\",\"width\":1140,\"height\":640,\"caption\":\"absent\u00e9isme au travail\"},{\"@type\":\"BreadcrumbList\",\"@id\":\"https:\\\/\\\/www.bizneo.com\\\/blog\\\/fr\\\/absenteisme-au-travail\\\/#breadcrumb\",\"itemListElement\":[{\"@type\":\"ListItem\",\"position\":1,\"name\":\"Portada\",\"item\":\"https:\\\/\\\/www.bizneo.com\\\/blog\\\/\"},{\"@type\":\"ListItem\",\"position\":2,\"name\":\"Gestion du Personnel\",\"item\":\"https:\\\/\\\/www.bizneo.com\\\/blog\\\/fr\\\/category\\\/gestion-du-personnel\\\/\"},{\"@type\":\"ListItem\",\"position\":3,\"name\":\"Un guide pour lutter contre l&#8217;absent\u00e9isme\"}]},{\"@type\":\"WebSite\",\"@id\":\"https:\\\/\\\/www.bizneo.com\\\/blog\\\/#website\",\"url\":\"https:\\\/\\\/www.bizneo.com\\\/blog\\\/\",\"name\":\"Blog de Recursos Humanos de Bizneo HR: pr\u00e1ctico y actual\",\"description\":\"Todo sobre actualidad, herramientas y tecnolog\u00eda  para optimizar la gesti\u00f3n del talento humano\",\"publisher\":{\"@id\":\"https:\\\/\\\/www.bizneo.com\\\/blog\\\/#organization\"},\"potentialAction\":[{\"@type\":\"SearchAction\",\"target\":{\"@type\":\"EntryPoint\",\"urlTemplate\":\"https:\\\/\\\/www.bizneo.com\\\/blog\\\/?s={search_term_string}\"},\"query-input\":{\"@type\":\"PropertyValueSpecification\",\"valueRequired\":true,\"valueName\":\"search_term_string\"}}],\"inLanguage\":\"es\"},{\"@type\":\"Organization\",\"@id\":\"https:\\\/\\\/www.bizneo.com\\\/blog\\\/#organization\",\"name\":\"Bizneo HR\",\"url\":\"https:\\\/\\\/www.bizneo.com\\\/blog\\\/\",\"logo\":{\"@type\":\"ImageObject\",\"inLanguage\":\"es\",\"@id\":\"https:\\\/\\\/www.bizneo.com\\\/blog\\\/#\\\/schema\\\/logo\\\/image\\\/\",\"url\":\"https:\\\/\\\/www.bizneo.com\\\/blog\\\/wp-content\\\/uploads\\\/2020\\\/09\\\/Icono-Logo-Bizneo-HR.png\",\"contentUrl\":\"https:\\\/\\\/www.bizneo.com\\\/blog\\\/wp-content\\\/uploads\\\/2020\\\/09\\\/Icono-Logo-Bizneo-HR.png\",\"width\":834,\"height\":834,\"caption\":\"Bizneo HR\"},\"image\":{\"@id\":\"https:\\\/\\\/www.bizneo.com\\\/blog\\\/#\\\/schema\\\/logo\\\/image\\\/\"}},{\"@type\":\"Person\",\"@id\":\"https:\\\/\\\/www.bizneo.com\\\/blog\\\/#\\\/schema\\\/person\\\/c54a399718abb92cd32efffb5977118a\",\"name\":\"Frederic\",\"image\":{\"@type\":\"ImageObject\",\"inLanguage\":\"es\",\"@id\":\"https:\\\/\\\/secure.gravatar.com\\\/avatar\\\/566b48122abdbf3668ee93a4e72dc097f49820d5841e88c2eb000e8530457898?s=96&d=mm&r=g\",\"url\":\"https:\\\/\\\/secure.gravatar.com\\\/avatar\\\/566b48122abdbf3668ee93a4e72dc097f49820d5841e88c2eb000e8530457898?s=96&d=mm&r=g\",\"contentUrl\":\"https:\\\/\\\/secure.gravatar.com\\\/avatar\\\/566b48122abdbf3668ee93a4e72dc097f49820d5841e88c2eb000e8530457898?s=96&d=mm&r=g\",\"caption\":\"Frederic\"},\"url\":\"https:\\\/\\\/www.bizneo.com\\\/blog\\\/author\\\/frederic\\\/\"}]}<\/script>\n<!-- \/ Yoast SEO plugin. -->","yoast_head_json":{"title":"Absent\u00e9isme au travail | Guide pratique pour les entreprises","description":"L'absent\u00e9isme au travail entra\u00eene des pertes consid\u00e9rables pour les entreprises. Voici comment encourager les salari\u00e9s \u00e0 \u00eatre pr\u00e9sents !","robots":{"index":"index","follow":"follow","max-snippet":"max-snippet:-1","max-image-preview":"max-image-preview:large","max-video-preview":"max-video-preview:-1"},"og_locale":"es_ES","og_type":"article","og_title":"Absent\u00e9isme au travail | Guide pratique pour les entreprises","og_description":"L'absent\u00e9isme au travail entra\u00eene des pertes consid\u00e9rables pour les entreprises. Voici comment encourager les salari\u00e9s \u00e0 \u00eatre pr\u00e9sents !","og_url":"https:\/\/www.bizneo.com\/blog\/fr\/absenteisme-au-travail\/","og_site_name":"Blog de Recursos Humanos de Bizneo HR: pr\u00e1ctico y actual","article_published_time":"2024-02-27T11:36:03+00:00","article_modified_time":"2026-01-27T17:23:24+00:00","og_image":[{"width":1140,"height":640,"url":"https:\/\/www.bizneo.com\/blog\/wp-content\/uploads\/2024\/02\/absenteisme-au-travail-1.webp","type":"image\/webp"}],"author":"Frederic","twitter_card":"summary_large_image","twitter_misc":{"Escrito por":"Frederic","Tiempo de lectura":"20 minutos"},"schema":{"@context":"https:\/\/schema.org","@graph":[{"@type":["Article","BlogPosting"],"@id":"https:\/\/www.bizneo.com\/blog\/fr\/absenteisme-au-travail\/#article","isPartOf":{"@id":"https:\/\/www.bizneo.com\/blog\/fr\/absenteisme-au-travail\/"},"author":{"name":"Frederic","@id":"https:\/\/www.bizneo.com\/blog\/#\/schema\/person\/c54a399718abb92cd32efffb5977118a"},"headline":"Un guide pour lutter contre l&#8217;absent\u00e9isme","datePublished":"2024-02-27T11:36:03+00:00","dateModified":"2026-01-27T17:23:24+00:00","mainEntityOfPage":{"@id":"https:\/\/www.bizneo.com\/blog\/fr\/absenteisme-au-travail\/"},"wordCount":4284,"commentCount":0,"publisher":{"@id":"https:\/\/www.bizneo.com\/blog\/#organization"},"image":{"@id":"https:\/\/www.bizneo.com\/blog\/fr\/absenteisme-au-travail\/#primaryimage"},"thumbnailUrl":"https:\/\/www.bizneo.com\/blog\/wp-content\/uploads\/2024\/02\/absenteisme-au-travail-1.webp","articleSection":["Gestion du Personnel"],"inLanguage":"es","potentialAction":[{"@type":"CommentAction","name":"Comment","target":["https:\/\/www.bizneo.com\/blog\/fr\/absenteisme-au-travail\/#respond"]}]},{"@type":"WebPage","@id":"https:\/\/www.bizneo.com\/blog\/fr\/absenteisme-au-travail\/","url":"https:\/\/www.bizneo.com\/blog\/fr\/absenteisme-au-travail\/","name":"Absent\u00e9isme au travail | Guide pratique pour les entreprises","isPartOf":{"@id":"https:\/\/www.bizneo.com\/blog\/#website"},"primaryImageOfPage":{"@id":"https:\/\/www.bizneo.com\/blog\/fr\/absenteisme-au-travail\/#primaryimage"},"image":{"@id":"https:\/\/www.bizneo.com\/blog\/fr\/absenteisme-au-travail\/#primaryimage"},"thumbnailUrl":"https:\/\/www.bizneo.com\/blog\/wp-content\/uploads\/2024\/02\/absenteisme-au-travail-1.webp","datePublished":"2024-02-27T11:36:03+00:00","dateModified":"2026-01-27T17:23:24+00:00","description":"L'absent\u00e9isme au travail entra\u00eene des pertes consid\u00e9rables pour les entreprises. Voici comment encourager les salari\u00e9s \u00e0 \u00eatre pr\u00e9sents !","breadcrumb":{"@id":"https:\/\/www.bizneo.com\/blog\/fr\/absenteisme-au-travail\/#breadcrumb"},"inLanguage":"es","potentialAction":[{"@type":"ReadAction","target":["https:\/\/www.bizneo.com\/blog\/fr\/absenteisme-au-travail\/"]}]},{"@type":"ImageObject","inLanguage":"es","@id":"https:\/\/www.bizneo.com\/blog\/fr\/absenteisme-au-travail\/#primaryimage","url":"https:\/\/www.bizneo.com\/blog\/wp-content\/uploads\/2024\/02\/absenteisme-au-travail-1.webp","contentUrl":"https:\/\/www.bizneo.com\/blog\/wp-content\/uploads\/2024\/02\/absenteisme-au-travail-1.webp","width":1140,"height":640,"caption":"absent\u00e9isme au travail"},{"@type":"BreadcrumbList","@id":"https:\/\/www.bizneo.com\/blog\/fr\/absenteisme-au-travail\/#breadcrumb","itemListElement":[{"@type":"ListItem","position":1,"name":"Portada","item":"https:\/\/www.bizneo.com\/blog\/"},{"@type":"ListItem","position":2,"name":"Gestion du Personnel","item":"https:\/\/www.bizneo.com\/blog\/fr\/category\/gestion-du-personnel\/"},{"@type":"ListItem","position":3,"name":"Un guide pour lutter contre l&#8217;absent\u00e9isme"}]},{"@type":"WebSite","@id":"https:\/\/www.bizneo.com\/blog\/#website","url":"https:\/\/www.bizneo.com\/blog\/","name":"Blog de Recursos Humanos de Bizneo HR: pr\u00e1ctico y actual","description":"Todo sobre actualidad, herramientas y tecnolog\u00eda  para optimizar la gesti\u00f3n del talento humano","publisher":{"@id":"https:\/\/www.bizneo.com\/blog\/#organization"},"potentialAction":[{"@type":"SearchAction","target":{"@type":"EntryPoint","urlTemplate":"https:\/\/www.bizneo.com\/blog\/?s={search_term_string}"},"query-input":{"@type":"PropertyValueSpecification","valueRequired":true,"valueName":"search_term_string"}}],"inLanguage":"es"},{"@type":"Organization","@id":"https:\/\/www.bizneo.com\/blog\/#organization","name":"Bizneo HR","url":"https:\/\/www.bizneo.com\/blog\/","logo":{"@type":"ImageObject","inLanguage":"es","@id":"https:\/\/www.bizneo.com\/blog\/#\/schema\/logo\/image\/","url":"https:\/\/www.bizneo.com\/blog\/wp-content\/uploads\/2020\/09\/Icono-Logo-Bizneo-HR.png","contentUrl":"https:\/\/www.bizneo.com\/blog\/wp-content\/uploads\/2020\/09\/Icono-Logo-Bizneo-HR.png","width":834,"height":834,"caption":"Bizneo HR"},"image":{"@id":"https:\/\/www.bizneo.com\/blog\/#\/schema\/logo\/image\/"}},{"@type":"Person","@id":"https:\/\/www.bizneo.com\/blog\/#\/schema\/person\/c54a399718abb92cd32efffb5977118a","name":"Frederic","image":{"@type":"ImageObject","inLanguage":"es","@id":"https:\/\/secure.gravatar.com\/avatar\/566b48122abdbf3668ee93a4e72dc097f49820d5841e88c2eb000e8530457898?s=96&d=mm&r=g","url":"https:\/\/secure.gravatar.com\/avatar\/566b48122abdbf3668ee93a4e72dc097f49820d5841e88c2eb000e8530457898?s=96&d=mm&r=g","contentUrl":"https:\/\/secure.gravatar.com\/avatar\/566b48122abdbf3668ee93a4e72dc097f49820d5841e88c2eb000e8530457898?s=96&d=mm&r=g","caption":"Frederic"},"url":"https:\/\/www.bizneo.com\/blog\/author\/frederic\/"}]}},"spectra_custom_meta":{"onesignal_meta_box_present":["1"],"onesignal_send_notification":[""],"Views":["36587"],"onesignal_modify_title_and_content":[""],"onesignal_notification_custom_heading":[null],"onesignal_notification_custom_content":[null],"wp_review_type":["none"],"_thumbnail_id":["45471"],"_yoast_wpseo_title":["Absent\u00e9isme au travail | Guide pratique pour les entreprises"],"_yoast_wpseo_metadesc":["L'absent\u00e9isme au travail entra\u00eene des pertes consid\u00e9rables pour les entreprises. Voici comment encourager les salari\u00e9s \u00e0 \u00eatre pr\u00e9sents !"],"_yoast_wpseo_focuskw":["absent\u00e9isme au travail"],"_yoast_wpseo_primary_category":["316"],"_edit_lock":["1769534822:47"],"_edit_last":["47"],"_vce_meta":["a:4:{s:11:\"use_sidebar\";s:7:\"inherit\";s:7:\"sidebar\";s:7:\"inherit\";s:14:\"sticky_sidebar\";s:7:\"inherit\";s:6:\"layout\";s:7:\"inherit\";}"],"_yoast_wpseo_linkdex":["88"],"_yoast_wpseo_estimated-reading-time-minutes":["20"],"_wp_old_date":["2024-02-22"],"_yoast_wpseo_wordproof_timestamp":[""],"_yoast_wpseo_content_score":["90"],"_uag_css_file_name":["uag-css-45427.css"],"_uag_page_assets":["a:9:{s:3:\"css\";s:263:\".uag-blocks-common-selector{z-index:var(--z-index-desktop) !important}@media (max-width: 976px){.uag-blocks-common-selector{z-index:var(--z-index-tablet) !important}}@media (max-width: 767px){.uag-blocks-common-selector{z-index:var(--z-index-mobile) !important}}\n\";s:2:\"js\";s:0:\"\";s:18:\"current_block_list\";a:8:{i:0;s:14:\"core\/paragraph\";i:1;s:12:\"core\/heading\";i:2;s:10:\"core\/image\";i:3;s:9:\"core\/html\";i:4;s:9:\"core\/list\";i:5;s:14:\"core\/list-item\";i:6;s:12:\"core\/details\";i:7;s:14:\"core\/shortcode\";}s:8:\"uag_flag\";b:0;s:11:\"uag_version\";s:10:\"1777374828\";s:6:\"gfonts\";a:0:{}s:10:\"gfonts_url\";s:0:\"\";s:12:\"gfonts_files\";a:0:{}s:14:\"uag_faq_layout\";b:0;}"]},"uagb_featured_image_src":{"full":["https:\/\/www.bizneo.com\/blog\/wp-content\/uploads\/2024\/02\/absenteisme-au-travail-1.webp",1140,640,false],"thumbnail":["https:\/\/www.bizneo.com\/blog\/wp-content\/uploads\/2024\/02\/absenteisme-au-travail-1-150x150.webp",150,150,true],"medium":["https:\/\/www.bizneo.com\/blog\/wp-content\/uploads\/2024\/02\/absenteisme-au-travail-1-300x168.webp",300,168,true],"medium_large":["https:\/\/www.bizneo.com\/blog\/wp-content\/uploads\/2024\/02\/absenteisme-au-travail-1-768x431.webp",768,431,true],"large":["https:\/\/www.bizneo.com\/blog\/wp-content\/uploads\/2024\/02\/absenteisme-au-travail-1-1024x575.webp",1024,575,true],"1536x1536":["https:\/\/www.bizneo.com\/blog\/wp-content\/uploads\/2024\/02\/absenteisme-au-travail-1.webp",1140,640,false],"2048x2048":["https:\/\/www.bizneo.com\/blog\/wp-content\/uploads\/2024\/02\/absenteisme-au-travail-1.webp",1140,640,false]},"uagb_author_info":{"display_name":"Frederic","author_link":"https:\/\/www.bizneo.com\/blog\/author\/frederic\/"},"uagb_comment_info":0,"uagb_excerpt":"Plus d'un million de personnes s'absentent chaque jour au travail. L'absent\u00e9isme co\u00fbte des millions d'euros aux entreprises.","_links":{"self":[{"href":"https:\/\/www.bizneo.com\/blog\/wp-json\/wp\/v2\/posts\/45427","targetHints":{"allow":["GET"]}}],"collection":[{"href":"https:\/\/www.bizneo.com\/blog\/wp-json\/wp\/v2\/posts"}],"about":[{"href":"https:\/\/www.bizneo.com\/blog\/wp-json\/wp\/v2\/types\/post"}],"author":[{"embeddable":true,"href":"https:\/\/www.bizneo.com\/blog\/wp-json\/wp\/v2\/users\/37"}],"replies":[{"embeddable":true,"href":"https:\/\/www.bizneo.com\/blog\/wp-json\/wp\/v2\/comments?post=45427"}],"version-history":[{"count":14,"href":"https:\/\/www.bizneo.com\/blog\/wp-json\/wp\/v2\/posts\/45427\/revisions"}],"predecessor-version":[{"id":59182,"href":"https:\/\/www.bizneo.com\/blog\/wp-json\/wp\/v2\/posts\/45427\/revisions\/59182"}],"wp:featuredmedia":[{"embeddable":true,"href":"https:\/\/www.bizneo.com\/blog\/wp-json\/wp\/v2\/media\/45471"}],"wp:attachment":[{"href":"https:\/\/www.bizneo.com\/blog\/wp-json\/wp\/v2\/media?parent=45427"}],"wp:term":[{"taxonomy":"category","embeddable":true,"href":"https:\/\/www.bizneo.com\/blog\/wp-json\/wp\/v2\/categories?post=45427"},{"taxonomy":"post_tag","embeddable":true,"href":"https:\/\/www.bizneo.com\/blog\/wp-json\/wp\/v2\/tags?post=45427"}],"curies":[{"name":"wp","href":"https:\/\/api.w.org\/{rel}","templated":true}]}}