{"id":4504,"date":"2025-06-20T09:29:00","date_gmt":"2025-06-20T08:29:00","guid":{"rendered":"https:\/\/www.bizneo.com\/blog\/?p=4504"},"modified":"2026-01-26T16:41:05","modified_gmt":"2026-01-26T15:41:05","slug":"formacion-de-los-trabajadores","status":"publish","type":"post","link":"https:\/\/www.bizneo.com\/blog\/formacion-de-los-trabajadores\/","title":{"rendered":"La formaci\u00f3n de los trabajadores, clave de crecimiento empresarial"},"content":{"rendered":"\n<p>\u00bfEs posible que un candidato cuyas competencias sorprendieron a los responsables del proceso de selecci\u00f3n acabe convirti\u00e9ndose en <strong>un empleado incapaz de afrontar los cambios<\/strong>? S\u00ed, por desgracia. Sin embargo, los departamentos de <a href=\"https:\/\/www.bizneo.com\/blog\/recursos-humanos-funciones\/\" data-wpel-link=\"internal\" target=\"_blank\">Recursos Humanos<\/a> pueden hacer algo al respecto: apostar por la formaci\u00f3n de los trabajadores.<\/p>\n\n\n\n<p>Se trata de un elemento clave en cualquier plan estrat\u00e9gico empresarial. B\u00e1sicamente porque <strong>actualizar los conocimientos de la plantilla y prepararla para asumir nuevos retos<\/strong> es un factor de crecimiento y motivaci\u00f3n en s\u00ed mismo.<\/p>\n\n\n\n<h2 class=\"wp-block-heading\">Qu\u00e9 es y por qu\u00e9 es tan importante la formaci\u00f3n de los trabajadores<\/h2>\n\n\n\n<p>La <strong>formaci\u00f3n del personal o formaci\u00f3n de los trabajadores<\/strong>, tambi\u00e9n llamada <strong>formaci\u00f3n profesional<\/strong>, se refiere al conjunto de acciones implementadas <strong>para ayudar a los empleados a adquirir y desarrollar nuevas competencias<\/strong>. <\/p>\n\n\n\n<p>Estas acciones pueden adoptar diversas formas: <strong>talleres, conferencias, formaciones individuales, cursos online o incluso transferencias internas de conocimientos entre empleados.<\/strong><\/p>\n\n\n\n<p>En un entorno laboral en constante cambio, el <strong>capital humano es clave<\/strong>, pero sus <a href=\"\/blog\/habilidades-laborales\/\" target=\"_blank\" rel=\"noreferrer noopener\" data-wpel-link=\"internal\">habilidades<\/a> pueden quedar obsoletas. Por eso, <strong>la formaci\u00f3n busca mantener actualizados a los empleado<\/strong>s, aline\u00e1ndolos con las necesidades presentes y futuras de la empresa. Este enfoque ha dado lugar al concepto de <a href=\"https:\/\/www.bizneo.com\/blog\/formacion-continua\/\" data-wpel-link=\"internal\" target=\"_blank\">formaci\u00f3n continua<\/a>, un aprendizaje permanente que permite a las organizaciones seguir siendo competitivas y, al mismo tiempo, <strong>aumentar la productividad, la motivaci\u00f3n y la fidelidad del talento interno.<\/strong><\/p>\n\n\n\n<p>En nuestra gu\u00eda ofrecemos estrategias y t\u00e9cnicas para optimizar cada fase del ciclo del trabajador. <strong>Y una de las m\u00e1s importantes es la formaci\u00f3n del personal <\/strong>para desarrollar al m\u00e1ximo su talento y que puedan explotar para aportar de verdad a la empresa. <\/p>\n\n\n\n<div id=\"cbox-ePHon7q4Afw8Y7TG\"><\/div>\n\n\n\n<p><\/p>\n\n\n\n<h2 class=\"wp-block-heading\">C\u00f3mo ha evolucionado la formaci\u00f3n de trabajadores<\/h2>\n\n\n\n<p>La formaci\u00f3n de los trabajadores no es un asunto novedoso en las empresas. Hace ya muchos a\u00f1os que la mayor\u00eda de grandes compa\u00f1\u00edas cuentan con planes de este tipo. Sin embargo, no siempre se ha puesto el acento en lo esencial, esto es, en adquirir destrezas para trabajar con nuevas realidades comerciales o actualizar los conocimientos b\u00e1sicos para cumplir sus tareas. <\/p>\n\n\n\n<p>De manera convencional, las empresas se limitaban a <strong>contratar cursos tem\u00e1ticos para la formaci\u00f3n de trabajadores<\/strong>, que estos deb\u00edan superar para conseguir un determinado complemento salarial o, simplemente, como una obligaci\u00f3n contractual m\u00e1s.<\/p>\n\n\n\n<p>Estos cursos de formaci\u00f3n de personal se hicieron especialmente populares en los primeros compases de Internet. Las compa\u00f1\u00edas, interesadas en incorporar los nuevos sistemas inform\u00e1ticos, precisaban de <strong>trabajadores capaces de trabajar con ordenadores y con los primeros paquetes ofim\u00e1ticos<\/strong>. La creciente sofisticaci\u00f3n y especializaci\u00f3n de los programas inform\u00e1ticos convirti\u00f3 los planes formativos en una absoluta necesidad para las empresas.<\/p>\n\n\n\n<h3 class=\"wp-block-heading\">La actualidad de la formaci\u00f3n de personal<\/h3>\n\n\n\n<p>En la actualidad, la formaci\u00f3n en las empresas ha adquirido un car\u00e1cter mucho m\u00e1s concreto. Dependiendo de las caracter\u00edsticas de su puesto de trabajo o de los proyectos en los que participe, cada trabajador deber\u00e1 realizar un curso u otro, una situaci\u00f3n que obliga a los departamentos de RR. HH. a contemplar muchas m\u00e1s variables. <strong>Y a dedicar m\u00e1s tiempo a esta cuesti\u00f3n.<\/strong><\/p>\n\n\n\n<div class=\"bzn-pie\"><div class=\"donut-pie\"><svg version=\"1.1\" class=\"donut-pie-svg\" xmlns=\"http:\/\/www.w3.org\/2000\/svg\" xmlns:xlink=\"http:\/\/www.w3.org\/1999\/xlink\" x=\"0px\" y=\"0px\" viewBox=\"0 0 256 256\" style=\"enable-background:new 0 0 256 256;\" xml:space=\"preserve\"><circle style=\"fill:none;stroke:#E2E4E9;stroke-width:5;stroke-miterlimit:10;\" cx=\"128\" cy=\"128\" r=\"111.5\"\/><circle style=\"fill:none;stroke:#7D9DEA;stroke-width:15;stroke-linecap:round;stroke-miterlimit:10;stroke-dasharray:112,999;\" cx=\"128\" cy=\"128\" r=\"111.5\"\/><text transform=\"matrix(1 0 0 1 63.7307 154.5616)\" style=\"fill:#1E2941; font-family:'Plus Jakarta Sans'; font-size: 70px; font-weight: 600; line-height: 56px;\">16<\/text><text transform=\"matrix(1 0 0 1 146.7307 140.5616)\" style=\"fill:#667085;font-family:'Nunito Sans'; font-size:50px; font-weight: 400; line-height: 56px; \">%<\/text><\/svg><\/div><p class=\"cnt\" markdown=\"1\">Seg\u00fan una encuesta del FMI recogida en un informe de noviembre de 2024, el 16\u202f% de los adultos en Espa\u00f1a (25\u201164\u202fa\u00f1os) participa en formaci\u00f3n continua, superando el objetivo del 15\u202f% establecido por la Agenda 2030.<\/p><\/div>\n\n\n\n<p>Para ahorrar tiempo y dinero, las empresas <strong>pueden apostar por digitalizar el proceso<\/strong>. Un <a href=\"\/gestion-formacion\/\" data-wpel-link=\"internal\" target=\"_blank\">software de formaci\u00f3n<\/a> ayuda a crear un plan formativo, supervisa todo el proceso y, lo m\u00e1s importante, garantiza el crecimiento del trabajador. <strong>Facilita que tus empleados alcancen todo su potencial. <\/strong><\/p>\n\n\n\n<figure class=\"wp-block-image size-large\"><a href=\"\/gestion-formacion\/\" data-wpel-link=\"internal\" target=\"_blank\"><img decoding=\"async\" width=\"1024\" height=\"619\" src=\"https:\/\/www.bizneo.com\/blog\/wp-content\/uploads\/2023\/01\/App-de-gestion-de-formacion-1024x619.webp\" alt=\"Software de formaci\u00f3n\" class=\"wp-image-38371\" srcset=\"https:\/\/www.bizneo.com\/blog\/wp-content\/uploads\/2023\/01\/App-de-gestion-de-formacion-1024x619.webp 1024w, https:\/\/www.bizneo.com\/blog\/wp-content\/uploads\/2023\/01\/App-de-gestion-de-formacion-300x181.webp 300w, https:\/\/www.bizneo.com\/blog\/wp-content\/uploads\/2023\/01\/App-de-gestion-de-formacion-768x464.webp 768w, https:\/\/www.bizneo.com\/blog\/wp-content\/uploads\/2023\/01\/App-de-gestion-de-formacion-810x490.webp 810w, https:\/\/www.bizneo.com\/blog\/wp-content\/uploads\/2023\/01\/App-de-gestion-de-formacion-1140x689.webp 1140w, https:\/\/www.bizneo.com\/blog\/wp-content\/uploads\/2023\/01\/App-de-gestion-de-formacion.webp 1500w\" sizes=\"(max-width: 1024px) 100vw, 1024px\" \/><\/a><\/figure>\n\n\n\n<h2 class=\"wp-block-heading\">Ventajas de la formaci\u00f3n de los trabajadores<\/h2>\n\n\n\n<p>Es innegable que la realizaci\u00f3n peri\u00f3dica de cursos para empleados se traduce a medio o largo plazo en una serie de ventajas tanto para estos como para las empresas. Estos ser\u00edan los beneficios m\u00e1s relevantes de la formaci\u00f3n de trabajadores:<\/p>\n\n\n\n<h3 class=\"wp-block-heading\">Permite cubrir puestos con talento propio<\/h3>\n\n\n\n<p>Cuando una empresa desea implementar un nuevo sistema o detecta algunas carencias t\u00e9cnicas en su plantilla, el recurso m\u00e1s habitual para solventarlo es contratar a nuevos profesionales. <\/p>\n\n\n\n<p>Un buen plan de formaci\u00f3n de trabajadores puede <strong>dar respuesta a parte de las necesidades operativas que vayan surgiendo<\/strong>, al tiempo que se evita el tener que realizar un proceso de selecci\u00f3n a las primeras de cambio.<\/p>\n\n\n\n<figure class=\"wp-block-image size-large\"><a href=\"https:\/\/hello.bizneo.com\/guia\/software-rrhh-roles-de-una-empresa\/?utm_content=post-banner-medio\" target=\"_blank\" rel=\"noopener noreferrer\" data-wpel-link=\"internal\"><img decoding=\"async\" width=\"1360\" height=\"204\" src=\"https:\/\/www.bizneo.com\/blog\/wp-content\/uploads\/2021\/09\/banner-impacto-software-rrhh.jpg\" alt=\"Gu\u00eda impacto de un software de RRHH en los roles de una empresa\" class=\"wp-image-25740\" srcset=\"https:\/\/www.bizneo.com\/blog\/wp-content\/uploads\/2021\/09\/banner-impacto-software-rrhh.jpg 1360w, https:\/\/www.bizneo.com\/blog\/wp-content\/uploads\/2021\/09\/banner-impacto-software-rrhh-300x45.jpg 300w, https:\/\/www.bizneo.com\/blog\/wp-content\/uploads\/2021\/09\/banner-impacto-software-rrhh-1024x154.jpg 1024w, https:\/\/www.bizneo.com\/blog\/wp-content\/uploads\/2021\/09\/banner-impacto-software-rrhh-768x115.jpg 768w, https:\/\/www.bizneo.com\/blog\/wp-content\/uploads\/2021\/09\/banner-impacto-software-rrhh-810x122.jpg 810w, https:\/\/www.bizneo.com\/blog\/wp-content\/uploads\/2021\/09\/banner-impacto-software-rrhh-1140x171.jpg 1140w\" sizes=\"(max-width: 1360px) 100vw, 1360px\" \/><\/a><\/figure>\n\n\n\n<h3 class=\"wp-block-heading\">Aumenta las opciones de crecimiento interno<\/h3>\n\n\n\n<p>Si la compa\u00f1\u00eda se beneficia de la mejor formaci\u00f3n de sus empleados a la hora de adaptarse a los cambios del sector, los trabajadores tambi\u00e9n pueden <strong>crecer<\/strong> <strong>profesionalmente<\/strong> dentro de la empresa. <\/p>\n\n\n\n<p>De este modo, los empleados que muestren m\u00e1s inter\u00e9s en actualizar sus conocimientos o mejorar sus competencias ver\u00e1n recompensado su esfuerzo con nuevas responsabilidades dentro de la empresa.   <\/p>\n\n\n\n<bzn-info><a href=\"\/blog\/promocion-interna\/\" id=\"destacado-post\" target=\"_blank\" rel=\"noopener noreferrer\" data-wpel-link=\"internal\"><span class=\"bzn-note-title\"><strong>Promoci\u00f3n Interna | Gu\u00eda del desarrollo de empleados en una empresa <\/strong> <\/span><br>5 razones para apostar por el ascenso en el trabajo.<\/a><br><\/bzn-info>\n\n\n\n<p><\/p>\n\n\n\n<h3 class=\"wp-block-heading\">Mejora la satisfacci\u00f3n de los empleados y la retenci\u00f3n del talento<\/h3>\n\n\n\n<p>Si una empresa consigue formar profesionales m\u00e1s competentes y, adem\u00e1s, les facilita v\u00edas de promoci\u00f3n en el seno de la compa\u00f1\u00eda, ser\u00e1 mucho m\u00e1s probable que los mejores trabajadores deseen continuar en la plantilla. <\/p>\n\n\n\n<p>Es muy importante que <strong>los planes formativos est\u00e9n asociados con una serie de incentivos para los trabajadores<\/strong>, de tal manera que estos se sientan reconocidos por la empresa y afronten sus obligaciones con mayor motivaci\u00f3n.<\/p>\n\n\n\n<figure class=\"wp-block-image size-large\"><a href=\"https:\/\/hello.bizneo.com\/guia-reconocimiento-laboral\/?utm_content=post-banner-medio\" data-wpel-link=\"internal\" target=\"_blank\"><img decoding=\"async\" width=\"1024\" height=\"154\" src=\"https:\/\/www.bizneo.com\/blog\/wp-content\/uploads\/2021\/03\/banner-reconocimiento-laboral-1024x154.jpg\" alt=\"gu\u00eda reconocimiento laboral\" class=\"wp-image-19533\" srcset=\"https:\/\/www.bizneo.com\/blog\/wp-content\/uploads\/2021\/03\/banner-reconocimiento-laboral-1024x154.jpg 1024w, https:\/\/www.bizneo.com\/blog\/wp-content\/uploads\/2021\/03\/banner-reconocimiento-laboral-300x45.jpg 300w, https:\/\/www.bizneo.com\/blog\/wp-content\/uploads\/2021\/03\/banner-reconocimiento-laboral-768x115.jpg 768w, https:\/\/www.bizneo.com\/blog\/wp-content\/uploads\/2021\/03\/banner-reconocimiento-laboral-810x122.jpg 810w, https:\/\/www.bizneo.com\/blog\/wp-content\/uploads\/2021\/03\/banner-reconocimiento-laboral-1140x171.jpg 1140w, https:\/\/www.bizneo.com\/blog\/wp-content\/uploads\/2021\/03\/banner-reconocimiento-laboral.jpg 1360w\" sizes=\"(max-width: 1024px) 100vw, 1024px\" \/><\/a><\/figure>\n\n\n\n<h3 class=\"wp-block-heading\">Prepara a la plantilla para afrontar nuevas realidades<\/h3>\n\n\n\n<p>La formaci\u00f3n de personal no tiene por qu\u00e9 presentar un car\u00e1cter finalista. Quiz\u00e1 las habilidades y los conocimientos que se adquieran a trav\u00e9s de un curso para trabajadores no demuestren su utilidad a medio plazo. <\/p>\n\n\n\n<p>No obstante, cuando se planteen esas <strong>situaciones novedosas para las cuales han sido preparados los empleados<\/strong>, la empresa agradecer\u00e1 haber apostado a tiempo por la formaci\u00f3n de trabajadores.   <\/p>\n\n\n\n<bzn-note><a href=\"\/blog\/plan-de-carrera-profesional\/\" id=\"destacado-post\" target=\"_blank\" rel=\"noopener noreferrer\" data-wpel-link=\"internal\"><span class=\"bzn-link-title\"><strong>C\u00f3mo dise\u00f1ar un plan de carrera profesional <\/strong> <\/span><br>9 pasos para implementar un plan de crecimiento para tu plantilla.<\/a><br><\/bzn-note>\n\n\n\n<p><\/p>\n\n\n\n<h3 class=\"wp-block-heading\">La formaci\u00f3n de los trabajadores mejora la productividad<\/h3>\n\n\n\n<p>M\u00e1s all\u00e1 de la tem\u00e1tica de los cursos formativos que se desarrollan en las empresas, una de las consecuencias m\u00e1s positivas de los mismos es el <strong>aumento de la productividad de los empleados<\/strong>. <\/p>\n\n\n\n<p>De este modo, la empresa gana en competitividad sin necesidad de realizar grandes inversiones ni de <strong>contratar a m\u00e1s personal<\/strong>.   <\/p>\n\n\n\n<h3 class=\"wp-block-heading\">La formaci\u00f3n de los empleados tiene beneficios fiscales<\/h3>\n\n\n\n<p>De cara a arraigar el concepto de formaci\u00f3n de personal en las empresas espa\u00f1olas, estas pueden aprovecharse de una serie de <strong>bonificaciones fiscales por la realizaci\u00f3n de cursos para sus trabajadores<\/strong>. <\/p>\n\n\n\n<p>Generalmente, estas bonificaciones se aplican sobre las cotizaciones sociales de los empleados por cuenta de la empresa.   <\/p>\n\n\n\n<h2 class=\"wp-block-heading\">Consejos para mejorar la formaci\u00f3n de tus trabajadores<\/h2>\n\n\n\n<p>Hemos constatado que la formaci\u00f3n de los empleados puede beneficiar a la empresa de m\u00faltiples maneras. Ahora bien, para que los cursos tengan un <strong>impacto m\u00e1s positivo e inmediato<\/strong> en el d\u00eda a d\u00eda de la compa\u00f1\u00eda, conviene prestar tomar en consideraci\u00f3n varias cuestiones de cara a construir un plan de formaci\u00f3n.<\/p>\n\n\n\n<h3 class=\"wp-block-heading\">Detecta las carencias formativas<\/h3>\n\n\n\n<p>\u00bfCu\u00e1les son las <strong>principales necesidades operativas de la empresa<\/strong>? Si se van a estrechar lazos con clientes u otras compa\u00f1\u00edas del extranjero, tal vez la principal \u00e1rea a reforzar sea la de los idiomas. <\/p>\n\n\n\n<p>Si se constata que la plantilla presenta carencias formativas en materia de lenguas extranjeras, ser\u00eda interesante dise\u00f1ar un plan espec\u00edfico para aprender los idiomas requeridos.<\/p>\n\n\n\n<bzn-down><a href=\"https:\/\/hello.bizneo.com\/plantilla\/evaluar-el-desempeno-laboral\/?utm_content=post-destacado\" id=\"destacado-wc-descarga\" target=\"_blank\" rel=\"noopener noreferrer\" data-wpel-link=\"internal\"><span class=\"bzn-link-title\">DESCARGA GRATIS: PLANTILLA PARA EVALUAR EL DESEMPE\u00d1O<\/span>Proyecto sencillo para medir a 10 personas utilizando hasta 8 criterios de evaluaci\u00f3n.<\/a><\/bzn-down>\n\n\n\n<p><\/p>\n\n\n\n<h3 class=\"wp-block-heading\">Digitaliza los departamentos<\/h3>\n\n\n\n<p>El proceso de digitalizaci\u00f3n de la actividad empresarial es imparable y alcanza ya a pr\u00e1cticamente todos los departamentos. <\/p>\n\n\n\n<p>Si se desea implementar nuevos sistemas inform\u00e1ticos o autom\u00e1ticos en un departamento cuyo personal <strong>no cuenta con los conocimientos b\u00e1sicos para trabajar en un entorno tecnol\u00f3gico<\/strong>, es prioritario habilitar un <a href=\"\/\" data-wpel-link=\"internal\" target=\"_blank\">programa de Recursos Humanos<\/a> a medida. <\/p>\n\n\n\n<figure class=\"wp-block-image\"><a href=\"\/gestion-formacion\/\" target=\"_blank\" rel=\"noreferrer noopener\" data-wpel-link=\"internal\"><img decoding=\"async\" width=\"1024\" height=\"738\" src=\"https:\/\/www.bizneo.com\/blog\/wp-content\/uploads\/2019\/11\/Software-de-capacitacion-laboral-1024x738.webp\" alt=\"Portal del software de formaci\u00f3n\" class=\"wp-image-18081\" srcset=\"https:\/\/www.bizneo.com\/blog\/wp-content\/uploads\/2019\/11\/Software-de-capacitacion-laboral-1024x738.webp 1024w, https:\/\/www.bizneo.com\/blog\/wp-content\/uploads\/2019\/11\/Software-de-capacitacion-laboral-300x216.webp 300w, https:\/\/www.bizneo.com\/blog\/wp-content\/uploads\/2019\/11\/Software-de-capacitacion-laboral-768x553.webp 768w, https:\/\/www.bizneo.com\/blog\/wp-content\/uploads\/2019\/11\/Software-de-capacitacion-laboral-810x584.webp 810w, https:\/\/www.bizneo.com\/blog\/wp-content\/uploads\/2019\/11\/Software-de-capacitacion-laboral-1140x822.webp 1140w, https:\/\/www.bizneo.com\/blog\/wp-content\/uploads\/2019\/11\/Software-de-capacitacion-laboral.webp 1500w\" sizes=\"(max-width: 1024px) 100vw, 1024px\" \/><\/a><\/figure>\n\n\n\n<p>En caso contrario, la digitalizaci\u00f3n de la empresa ser\u00e1 incompleta o imperfecta.<\/p>\n\n\n\n<bzn-info><a href=\"\/\" id=\"destacado-post\" target=\"_blank\" rel=\"noopener noreferrer\" data-wpel-link=\"internal\"><span class=\"bzn-note-title\"><strong>Programas de Recursos Humanos y c\u00f3mo implementarlos<\/strong> <\/span><br>Descubre las ventajas de contar con un software de Recursos Humanos<\/a><br><\/bzn-info>\n\n\n\n<p><\/p>\n\n\n\n<h3 class=\"wp-block-heading\">Conocer la formaci\u00f3n de personal<\/h3>\n\n\n\n<p>Suele ponerse el acento en las necesidades formativas de los trabajadores pero, <strong>\u00bfha comprobado la empresa cu\u00e1les son las aptitudes y el bagaje acad\u00e9mico de los empleados? <\/strong><\/p>\n\n\n\n<p>El departamento de RR.HH debe <strong>recabar los datos sobre la formaci\u00f3n de los empleados<\/strong> para mantener actualizadas sus fichas. Esta tarea resulta mucho m\u00e1s sencilla con un sistema inform\u00e1tico<\/p>\n\n\n\n<h3 class=\"wp-block-heading\">Gamificaci\u00f3n y otras propuestas de formaci\u00f3n de trabajadores<\/h3>\n\n\n\n<p>Los tiempos en que los estudiantes ejerc\u00edan un rol totalmente pasivo en el proceso de aprendizaje han quedado atr\u00e1s y las empresas no pueden mantenerse al margen de esta tendencia. <\/p>\n\n\n\n<p>Los cursos para trabajadores deben abrirse a nuevas propuestas did\u00e1cticas, como la <strong>gamificaci\u00f3n, los juegos de roles o el constructivismo<\/strong>. Con estos recursos, el aprendizaje ser\u00e1 m\u00e1s significativo. <\/p>\n\n\n\n<p>En nuestra gu\u00eda de pruebas de RR. HH. hablamos de distintos modelos y m\u00e9todos para conocer el potencial del trabajador y<strong> c\u00f3mo lograrlo con formaci\u00f3n.<\/strong><\/p>\n\n\n\n<figure class=\"wp-block-image size-large\"><a href=\"\/\/hello.bizneo.com\/guia-pruebas-recursos-humanos\/?utm_content=post-banner\" target=\"_blank\" rel=\"noreferrer noopener\" data-wpel-link=\"internal\"><img decoding=\"async\" width=\"1360\" height=\"204\" src=\"https:\/\/www.bizneo.com\/blog\/wp-content\/uploads\/2021\/01\/banner-pruebas-rrhh.jpg\" alt=\"Pruebas de Recursos Humanos\" class=\"wp-image-18749\" srcset=\"https:\/\/www.bizneo.com\/blog\/wp-content\/uploads\/2021\/01\/banner-pruebas-rrhh.jpg 1360w, https:\/\/www.bizneo.com\/blog\/wp-content\/uploads\/2021\/01\/banner-pruebas-rrhh-300x45.jpg 300w, https:\/\/www.bizneo.com\/blog\/wp-content\/uploads\/2021\/01\/banner-pruebas-rrhh-1024x154.jpg 1024w, https:\/\/www.bizneo.com\/blog\/wp-content\/uploads\/2021\/01\/banner-pruebas-rrhh-768x115.jpg 768w, https:\/\/www.bizneo.com\/blog\/wp-content\/uploads\/2021\/01\/banner-pruebas-rrhh-810x122.jpg 810w, https:\/\/www.bizneo.com\/blog\/wp-content\/uploads\/2021\/01\/banner-pruebas-rrhh-1140x171.jpg 1140w\" sizes=\"(max-width: 1360px) 100vw, 1360px\" \/><\/a><\/figure>\n\n\n\n<h2 class=\"wp-block-heading\">C\u00f3mo garantizar la formaci\u00f3n de los trabajadores<\/h2>\n\n\n\n<p>Una vez que la empresa tiene claro lo que persigue con la formaci\u00f3n de los empleados, llega el momento de dise\u00f1ar un plan de formaci\u00f3n a medida de la empresa. Se trata de un proceso que consta de cuatro fases:<\/p>\n\n\n\n<ul class=\"wp-block-list\">\n<li><strong>Identificaci\u00f3n de las necesidades formativas de la plantilla<\/strong>: tal y como se ha indicado en el apartado anterior, se analizar\u00e1n los principales campos en los que se desea mejorar la formaci\u00f3n de los empleados dependiendo de los objetivos de la empresa.<\/li>\n\n\n\n<li><strong>Dise\u00f1o del plan<\/strong>: constatadas las necesidades o los problemas a que se enfrenta la empresa, conviene detallar c\u00f3mo se superar\u00e1n. La formaci\u00f3n de trabajadores debe incluir los cursos que se van a impartir, la temporalizaci\u00f3n de los mismos, la relaci\u00f3n de miembros que deben superar cada uno de ellos y los objetivos espec\u00edficos que se persiguen en cada opci\u00f3n formativa. Tambi\u00e9n hay que desglosar los contenidos de los cursos escogidos y toda la informaci\u00f3n relevante que se conozca.<\/li>\n\n\n\n<li><strong>Valoraci\u00f3n de resultados<\/strong>: una vez haya finalizado el curso, se proceder\u00e1 a recabar las opiniones de los asistentes, as\u00ed como de los responsables de la empresa que hayan seguido su desarrollo. Esta informaci\u00f3n es muy importante para revisar la formaci\u00f3n de personal de cara al futuro.<\/li>\n<\/ul>\n\n\n\n<p>En otro apartado, se alud\u00eda a la necesidad empresarial de profundizar en la digitalizaci\u00f3n de sus diferentes departamentos. En esta l\u00ednea, la gesti\u00f3n de <strong>la formaci\u00f3n de los trabajadores tambi\u00e9n puede automatizarse<\/strong> en gran medida con la implementaci\u00f3n de un <a href=\"\/gestion-formacion\/\" data-wpel-link=\"internal\" target=\"_blank\">software de gesti\u00f3n de formaci\u00f3n<\/a>. <\/p>\n\n\n\n<figure class=\"wp-block-image size-full\"><a href=\"\/gestion-formacion\/\" target=\"_blank\" rel=\"noreferrer noopener\" data-wpel-link=\"internal\"><img decoding=\"async\" src=\"https:\/\/www.bizneo.com\/blog\/wp-content\/uploads\/2020\/11\/itinerario-formacion-trabajadores.webp\" alt=\"Control de un plan de capacitaci\u00f3n de personal\" class=\"wp-image-18081\"\/><\/a><\/figure>\n\n\n\n<p>Los sistemas m\u00e1s avanzados permiten acceder al <strong>historial formativo de los empleados<\/strong>, control y seguimiento de los cursos para observar con datos c\u00f3mo ha evolucionado gracias a ellos, si le ha permitido mejorar su desempe\u00f1o o no&#8230; <\/p>\n\n\n\n<figure class=\"wp-block-image size-large\"><a href=\"\/gestion-formacion\/\" target=\"_blank\" rel=\"noreferrer noopener\" data-wpel-link=\"internal\"><img decoding=\"async\" width=\"1360\" height=\"408\" src=\"https:\/\/www.bizneo.com\/blog\/wp-content\/uploads\/2021\/01\/Banner-grande-software-formacion-laboral.jpg\" alt=\"Programa de formaci\u00f3n para empleados\" class=\"wp-image-19087\" srcset=\"https:\/\/www.bizneo.com\/blog\/wp-content\/uploads\/2021\/01\/Banner-grande-software-formacion-laboral.jpg 1360w, https:\/\/www.bizneo.com\/blog\/wp-content\/uploads\/2021\/01\/Banner-grande-software-formacion-laboral-300x90.jpg 300w, https:\/\/www.bizneo.com\/blog\/wp-content\/uploads\/2021\/01\/Banner-grande-software-formacion-laboral-1024x307.jpg 1024w, https:\/\/www.bizneo.com\/blog\/wp-content\/uploads\/2021\/01\/Banner-grande-software-formacion-laboral-768x230.jpg 768w, https:\/\/www.bizneo.com\/blog\/wp-content\/uploads\/2021\/01\/Banner-grande-software-formacion-laboral-810x243.jpg 810w, https:\/\/www.bizneo.com\/blog\/wp-content\/uploads\/2021\/01\/Banner-grande-software-formacion-laboral-1140x342.jpg 1140w\" sizes=\"(max-width: 1360px) 100vw, 1360px\" \/><\/a><\/figure>\n","protected":false},"excerpt":{"rendered":"<p>La formaci\u00f3n de los trabajadores es uno de los aspectos m\u00e1s determinantes en el \u00e9xito de cualquier empresa. Es por eso que los departamentos de RR.HH deben enfocar este sensible apartado como una apuesta de futuro que responda a unas necesidades muy espec\u00edficas.<\/p>\n","protected":false},"author":10,"featured_media":4506,"comment_status":"open","ping_status":"open","sticky":false,"template":"","format":"standard","meta":{"_uag_custom_page_level_css":"","site-sidebar-layout":"default","site-content-layout":"","ast-site-content-layout":"default","site-content-style":"default","site-sidebar-style":"default","ast-global-header-display":"","ast-banner-title-visibility":"","ast-main-header-display":"","ast-hfb-above-header-display":"","ast-hfb-below-header-display":"","ast-hfb-mobile-header-display":"","site-post-title":"","ast-breadcrumbs-content":"","ast-featured-img":"","footer-sml-layout":"","ast-disable-related-posts":"","theme-transparent-header-meta":"","adv-header-id-meta":"","stick-header-meta":"","header-above-stick-meta":"","header-main-stick-meta":"","header-below-stick-meta":"","astra-migrate-meta-layouts":"default","ast-page-background-enabled":"default","ast-page-background-meta":{"desktop":{"background-color":"var(--ast-global-color-5)","background-image":"","background-repeat":"repeat","background-position":"center center","background-size":"auto","background-attachment":"scroll","background-type":"","background-media":"","overlay-type":"","overlay-color":"","overlay-opacity":"","overlay-gradient":""},"tablet":{"background-color":"","background-image":"","background-repeat":"repeat","background-position":"center center","background-size":"auto","background-attachment":"scroll","background-type":"","background-media":"","overlay-type":"","overlay-color":"","overlay-opacity":"","overlay-gradient":""},"mobile":{"background-color":"","background-image":"","background-repeat":"repeat","background-position":"center center","background-size":"auto","background-attachment":"scroll","background-type":"","background-media":"","overlay-type":"","overlay-color":"","overlay-opacity":"","overlay-gradient":""}},"ast-content-background-meta":{"desktop":{"background-color":"var(--ast-global-color-4)","background-image":"","background-repeat":"repeat","background-position":"center center","background-size":"auto","background-attachment":"scroll","background-type":"","background-media":"","overlay-type":"","overlay-color":"","overlay-opacity":"","overlay-gradient":""},"tablet":{"background-color":"var(--ast-global-color-4)","background-image":"","background-repeat":"repeat","background-position":"center center","background-size":"auto","background-attachment":"scroll","background-type":"","background-media":"","overlay-type":"","overlay-color":"","overlay-opacity":"","overlay-gradient":""},"mobile":{"background-color":"var(--ast-global-color-4)","background-image":"","background-repeat":"repeat","background-position":"center center","background-size":"auto","background-attachment":"scroll","background-type":"","background-media":"","overlay-type":"","overlay-color":"","overlay-opacity":"","overlay-gradient":""}},"footnotes":""},"categories":[85,7],"tags":[18],"class_list":["post-4504","post","type-post","status-publish","format-standard","has-post-thumbnail","hentry","category-formacion","category-gestion-del-talento","tag-formacion-y-desarrollo"],"yoast_head":"<!-- This site is optimized with the Yoast SEO plugin v27.4 - https:\/\/yoast.com\/product\/yoast-seo-wordpress\/ -->\n<title>Formaci\u00f3n de los trabajadores | Gu\u00eda Pr\u00e1ctica para mejorarla<\/title>\n<meta name=\"description\" content=\"Mejorar la formaci\u00f3n de los trabajadores es clave para el crecimiento empresarial. Cons\u00edguelo con dos ingredientes: un plan y tecnolog\u00eda.\" \/>\n<meta name=\"robots\" content=\"index, follow, max-snippet:-1, max-image-preview:large, max-video-preview:-1\" \/>\n<meta property=\"og:locale\" content=\"es_ES\" \/>\n<meta property=\"og:type\" content=\"article\" \/>\n<meta property=\"og:title\" content=\"Formaci\u00f3n de los trabajadores | Gu\u00eda Pr\u00e1ctica para mejorarla\" \/>\n<meta property=\"og:description\" content=\"Mejorar la formaci\u00f3n de los trabajadores es clave para el crecimiento empresarial. Cons\u00edguelo con dos ingredientes: un plan y tecnolog\u00eda.\" \/>\n<meta property=\"og:url\" content=\"https:\/\/www.bizneo.com\/blog\/formacion-de-los-trabajadores\/\" \/>\n<meta property=\"og:site_name\" content=\"Blog de Recursos Humanos de Bizneo HR: pr\u00e1ctico y actual\" \/>\n<meta property=\"article:published_time\" content=\"2025-06-20T08:29:00+00:00\" \/>\n<meta property=\"article:modified_time\" content=\"2026-01-26T15:41:05+00:00\" \/>\n<meta property=\"og:image\" content=\"https:\/\/www.bizneo.com\/blog\/wp-content\/uploads\/2019\/09\/formacion-trabajadores.jpg\" \/>\n\t<meta property=\"og:image:width\" content=\"1140\" \/>\n\t<meta property=\"og:image:height\" content=\"640\" \/>\n\t<meta property=\"og:image:type\" content=\"image\/jpeg\" \/>\n<meta name=\"author\" content=\"\u00c1lvaro Andr\u00e9s\" \/>\n<meta name=\"twitter:card\" content=\"summary_large_image\" \/>\n<meta name=\"twitter:label1\" content=\"Escrito por\" \/>\n\t<meta name=\"twitter:data1\" content=\"\u00c1lvaro Andr\u00e9s\" \/>\n\t<meta name=\"twitter:label2\" content=\"Tiempo de lectura\" \/>\n\t<meta name=\"twitter:data2\" content=\"80 minutos\" \/>\n<script type=\"application\/ld+json\" class=\"yoast-schema-graph\">{\"@context\":\"https:\\\/\\\/schema.org\",\"@graph\":[{\"@type\":[\"Article\",\"BlogPosting\"],\"@id\":\"https:\\\/\\\/www.bizneo.com\\\/blog\\\/formacion-de-los-trabajadores\\\/#article\",\"isPartOf\":{\"@id\":\"https:\\\/\\\/www.bizneo.com\\\/blog\\\/formacion-de-los-trabajadores\\\/\"},\"author\":{\"name\":\"\u00c1lvaro Andr\u00e9s\",\"@id\":\"https:\\\/\\\/www.bizneo.com\\\/blog\\\/#\\\/schema\\\/person\\\/f932a31bafbfb0726b3071df66e72848\"},\"headline\":\"La formaci\u00f3n de los trabajadores, clave de crecimiento empresarial\",\"datePublished\":\"2025-06-20T08:29:00+00:00\",\"dateModified\":\"2026-01-26T15:41:05+00:00\",\"mainEntityOfPage\":{\"@id\":\"https:\\\/\\\/www.bizneo.com\\\/blog\\\/formacion-de-los-trabajadores\\\/\"},\"wordCount\":1896,\"commentCount\":0,\"publisher\":{\"@id\":\"https:\\\/\\\/www.bizneo.com\\\/blog\\\/#organization\"},\"image\":{\"@id\":\"https:\\\/\\\/www.bizneo.com\\\/blog\\\/formacion-de-los-trabajadores\\\/#primaryimage\"},\"thumbnailUrl\":\"https:\\\/\\\/www.bizneo.com\\\/blog\\\/wp-content\\\/uploads\\\/2019\\\/09\\\/formacion-trabajadores.jpg\",\"keywords\":[\"Formaci\u00f3n y Desarrollo\"],\"articleSection\":[\"Formaci\u00f3n\",\"Gesti\u00f3n del talento\"],\"inLanguage\":\"es\",\"potentialAction\":[{\"@type\":\"CommentAction\",\"name\":\"Comment\",\"target\":[\"https:\\\/\\\/www.bizneo.com\\\/blog\\\/formacion-de-los-trabajadores\\\/#respond\"]}]},{\"@type\":\"WebPage\",\"@id\":\"https:\\\/\\\/www.bizneo.com\\\/blog\\\/formacion-de-los-trabajadores\\\/\",\"url\":\"https:\\\/\\\/www.bizneo.com\\\/blog\\\/formacion-de-los-trabajadores\\\/\",\"name\":\"Formaci\u00f3n de los trabajadores | Gu\u00eda Pr\u00e1ctica para mejorarla\",\"isPartOf\":{\"@id\":\"https:\\\/\\\/www.bizneo.com\\\/blog\\\/#website\"},\"primaryImageOfPage\":{\"@id\":\"https:\\\/\\\/www.bizneo.com\\\/blog\\\/formacion-de-los-trabajadores\\\/#primaryimage\"},\"image\":{\"@id\":\"https:\\\/\\\/www.bizneo.com\\\/blog\\\/formacion-de-los-trabajadores\\\/#primaryimage\"},\"thumbnailUrl\":\"https:\\\/\\\/www.bizneo.com\\\/blog\\\/wp-content\\\/uploads\\\/2019\\\/09\\\/formacion-trabajadores.jpg\",\"datePublished\":\"2025-06-20T08:29:00+00:00\",\"dateModified\":\"2026-01-26T15:41:05+00:00\",\"description\":\"Mejorar la formaci\u00f3n de los trabajadores es clave para el crecimiento empresarial. Cons\u00edguelo con dos ingredientes: un plan y tecnolog\u00eda.\",\"breadcrumb\":{\"@id\":\"https:\\\/\\\/www.bizneo.com\\\/blog\\\/formacion-de-los-trabajadores\\\/#breadcrumb\"},\"inLanguage\":\"es\",\"potentialAction\":[{\"@type\":\"ReadAction\",\"target\":[\"https:\\\/\\\/www.bizneo.com\\\/blog\\\/formacion-de-los-trabajadores\\\/\"]}]},{\"@type\":\"ImageObject\",\"inLanguage\":\"es\",\"@id\":\"https:\\\/\\\/www.bizneo.com\\\/blog\\\/formacion-de-los-trabajadores\\\/#primaryimage\",\"url\":\"https:\\\/\\\/www.bizneo.com\\\/blog\\\/wp-content\\\/uploads\\\/2019\\\/09\\\/formacion-trabajadores.jpg\",\"contentUrl\":\"https:\\\/\\\/www.bizneo.com\\\/blog\\\/wp-content\\\/uploads\\\/2019\\\/09\\\/formacion-trabajadores.jpg\",\"width\":1140,\"height\":640,\"caption\":\"formacion trabajadores\"},{\"@type\":\"BreadcrumbList\",\"@id\":\"https:\\\/\\\/www.bizneo.com\\\/blog\\\/formacion-de-los-trabajadores\\\/#breadcrumb\",\"itemListElement\":[{\"@type\":\"ListItem\",\"position\":1,\"name\":\"Portada\",\"item\":\"https:\\\/\\\/www.bizneo.com\\\/blog\\\/\"},{\"@type\":\"ListItem\",\"position\":2,\"name\":\"Gesti\u00f3n del talento\",\"item\":\"https:\\\/\\\/www.bizneo.com\\\/blog\\\/category\\\/gestion-del-talento\\\/\"},{\"@type\":\"ListItem\",\"position\":3,\"name\":\"La formaci\u00f3n de los trabajadores, clave de crecimiento empresarial\"}]},{\"@type\":\"WebSite\",\"@id\":\"https:\\\/\\\/www.bizneo.com\\\/blog\\\/#website\",\"url\":\"https:\\\/\\\/www.bizneo.com\\\/blog\\\/\",\"name\":\"Blog de Recursos Humanos de Bizneo HR: pr\u00e1ctico y actual\",\"description\":\"Todo sobre actualidad, herramientas y tecnolog\u00eda  para optimizar la gesti\u00f3n del talento humano\",\"publisher\":{\"@id\":\"https:\\\/\\\/www.bizneo.com\\\/blog\\\/#organization\"},\"potentialAction\":[{\"@type\":\"SearchAction\",\"target\":{\"@type\":\"EntryPoint\",\"urlTemplate\":\"https:\\\/\\\/www.bizneo.com\\\/blog\\\/?s={search_term_string}\"},\"query-input\":{\"@type\":\"PropertyValueSpecification\",\"valueRequired\":true,\"valueName\":\"search_term_string\"}}],\"inLanguage\":\"es\"},{\"@type\":\"Organization\",\"@id\":\"https:\\\/\\\/www.bizneo.com\\\/blog\\\/#organization\",\"name\":\"Bizneo HR\",\"url\":\"https:\\\/\\\/www.bizneo.com\\\/blog\\\/\",\"logo\":{\"@type\":\"ImageObject\",\"inLanguage\":\"es\",\"@id\":\"https:\\\/\\\/www.bizneo.com\\\/blog\\\/#\\\/schema\\\/logo\\\/image\\\/\",\"url\":\"https:\\\/\\\/www.bizneo.com\\\/blog\\\/wp-content\\\/uploads\\\/2020\\\/09\\\/Icono-Logo-Bizneo-HR.png\",\"contentUrl\":\"https:\\\/\\\/www.bizneo.com\\\/blog\\\/wp-content\\\/uploads\\\/2020\\\/09\\\/Icono-Logo-Bizneo-HR.png\",\"width\":834,\"height\":834,\"caption\":\"Bizneo HR\"},\"image\":{\"@id\":\"https:\\\/\\\/www.bizneo.com\\\/blog\\\/#\\\/schema\\\/logo\\\/image\\\/\"}},{\"@type\":\"Person\",\"@id\":\"https:\\\/\\\/www.bizneo.com\\\/blog\\\/#\\\/schema\\\/person\\\/f932a31bafbfb0726b3071df66e72848\",\"name\":\"\u00c1lvaro Andr\u00e9s\",\"image\":{\"@type\":\"ImageObject\",\"inLanguage\":\"es\",\"@id\":\"https:\\\/\\\/secure.gravatar.com\\\/avatar\\\/c6b277afc20d169a72d7f266c0f4e889c65d2c4ec098d46bc9fba0266f1cde35?s=96&d=mm&r=g\",\"url\":\"https:\\\/\\\/secure.gravatar.com\\\/avatar\\\/c6b277afc20d169a72d7f266c0f4e889c65d2c4ec098d46bc9fba0266f1cde35?s=96&d=mm&r=g\",\"contentUrl\":\"https:\\\/\\\/secure.gravatar.com\\\/avatar\\\/c6b277afc20d169a72d7f266c0f4e889c65d2c4ec098d46bc9fba0266f1cde35?s=96&d=mm&r=g\",\"caption\":\"\u00c1lvaro Andr\u00e9s\"},\"url\":\"https:\\\/\\\/www.bizneo.com\\\/blog\\\/author\\\/alvaroa\\\/\"}]}<\/script>\n<!-- \/ Yoast SEO plugin. -->","yoast_head_json":{"title":"Formaci\u00f3n de los trabajadores | Gu\u00eda Pr\u00e1ctica para mejorarla","description":"Mejorar la formaci\u00f3n de los trabajadores es clave para el crecimiento empresarial. Cons\u00edguelo con dos ingredientes: un plan y tecnolog\u00eda.","robots":{"index":"index","follow":"follow","max-snippet":"max-snippet:-1","max-image-preview":"max-image-preview:large","max-video-preview":"max-video-preview:-1"},"og_locale":"es_ES","og_type":"article","og_title":"Formaci\u00f3n de los trabajadores | Gu\u00eda Pr\u00e1ctica para mejorarla","og_description":"Mejorar la formaci\u00f3n de los trabajadores es clave para el crecimiento empresarial. Cons\u00edguelo con dos ingredientes: un plan y tecnolog\u00eda.","og_url":"https:\/\/www.bizneo.com\/blog\/formacion-de-los-trabajadores\/","og_site_name":"Blog de Recursos Humanos de Bizneo HR: pr\u00e1ctico y actual","article_published_time":"2025-06-20T08:29:00+00:00","article_modified_time":"2026-01-26T15:41:05+00:00","og_image":[{"width":1140,"height":640,"url":"https:\/\/www.bizneo.com\/blog\/wp-content\/uploads\/2019\/09\/formacion-trabajadores.jpg","type":"image\/jpeg"}],"author":"\u00c1lvaro Andr\u00e9s","twitter_card":"summary_large_image","twitter_misc":{"Escrito por":"\u00c1lvaro Andr\u00e9s","Tiempo de lectura":"80 minutos"},"schema":{"@context":"https:\/\/schema.org","@graph":[{"@type":["Article","BlogPosting"],"@id":"https:\/\/www.bizneo.com\/blog\/formacion-de-los-trabajadores\/#article","isPartOf":{"@id":"https:\/\/www.bizneo.com\/blog\/formacion-de-los-trabajadores\/"},"author":{"name":"\u00c1lvaro Andr\u00e9s","@id":"https:\/\/www.bizneo.com\/blog\/#\/schema\/person\/f932a31bafbfb0726b3071df66e72848"},"headline":"La formaci\u00f3n de los trabajadores, clave de crecimiento empresarial","datePublished":"2025-06-20T08:29:00+00:00","dateModified":"2026-01-26T15:41:05+00:00","mainEntityOfPage":{"@id":"https:\/\/www.bizneo.com\/blog\/formacion-de-los-trabajadores\/"},"wordCount":1896,"commentCount":0,"publisher":{"@id":"https:\/\/www.bizneo.com\/blog\/#organization"},"image":{"@id":"https:\/\/www.bizneo.com\/blog\/formacion-de-los-trabajadores\/#primaryimage"},"thumbnailUrl":"https:\/\/www.bizneo.com\/blog\/wp-content\/uploads\/2019\/09\/formacion-trabajadores.jpg","keywords":["Formaci\u00f3n y Desarrollo"],"articleSection":["Formaci\u00f3n","Gesti\u00f3n del talento"],"inLanguage":"es","potentialAction":[{"@type":"CommentAction","name":"Comment","target":["https:\/\/www.bizneo.com\/blog\/formacion-de-los-trabajadores\/#respond"]}]},{"@type":"WebPage","@id":"https:\/\/www.bizneo.com\/blog\/formacion-de-los-trabajadores\/","url":"https:\/\/www.bizneo.com\/blog\/formacion-de-los-trabajadores\/","name":"Formaci\u00f3n de los trabajadores | Gu\u00eda Pr\u00e1ctica para mejorarla","isPartOf":{"@id":"https:\/\/www.bizneo.com\/blog\/#website"},"primaryImageOfPage":{"@id":"https:\/\/www.bizneo.com\/blog\/formacion-de-los-trabajadores\/#primaryimage"},"image":{"@id":"https:\/\/www.bizneo.com\/blog\/formacion-de-los-trabajadores\/#primaryimage"},"thumbnailUrl":"https:\/\/www.bizneo.com\/blog\/wp-content\/uploads\/2019\/09\/formacion-trabajadores.jpg","datePublished":"2025-06-20T08:29:00+00:00","dateModified":"2026-01-26T15:41:05+00:00","description":"Mejorar la formaci\u00f3n de los trabajadores es clave para el crecimiento empresarial. Cons\u00edguelo con dos ingredientes: un plan y tecnolog\u00eda.","breadcrumb":{"@id":"https:\/\/www.bizneo.com\/blog\/formacion-de-los-trabajadores\/#breadcrumb"},"inLanguage":"es","potentialAction":[{"@type":"ReadAction","target":["https:\/\/www.bizneo.com\/blog\/formacion-de-los-trabajadores\/"]}]},{"@type":"ImageObject","inLanguage":"es","@id":"https:\/\/www.bizneo.com\/blog\/formacion-de-los-trabajadores\/#primaryimage","url":"https:\/\/www.bizneo.com\/blog\/wp-content\/uploads\/2019\/09\/formacion-trabajadores.jpg","contentUrl":"https:\/\/www.bizneo.com\/blog\/wp-content\/uploads\/2019\/09\/formacion-trabajadores.jpg","width":1140,"height":640,"caption":"formacion trabajadores"},{"@type":"BreadcrumbList","@id":"https:\/\/www.bizneo.com\/blog\/formacion-de-los-trabajadores\/#breadcrumb","itemListElement":[{"@type":"ListItem","position":1,"name":"Portada","item":"https:\/\/www.bizneo.com\/blog\/"},{"@type":"ListItem","position":2,"name":"Gesti\u00f3n del talento","item":"https:\/\/www.bizneo.com\/blog\/category\/gestion-del-talento\/"},{"@type":"ListItem","position":3,"name":"La formaci\u00f3n de los trabajadores, clave de crecimiento empresarial"}]},{"@type":"WebSite","@id":"https:\/\/www.bizneo.com\/blog\/#website","url":"https:\/\/www.bizneo.com\/blog\/","name":"Blog de Recursos Humanos de Bizneo HR: pr\u00e1ctico y actual","description":"Todo sobre actualidad, herramientas y tecnolog\u00eda  para optimizar la gesti\u00f3n del talento humano","publisher":{"@id":"https:\/\/www.bizneo.com\/blog\/#organization"},"potentialAction":[{"@type":"SearchAction","target":{"@type":"EntryPoint","urlTemplate":"https:\/\/www.bizneo.com\/blog\/?s={search_term_string}"},"query-input":{"@type":"PropertyValueSpecification","valueRequired":true,"valueName":"search_term_string"}}],"inLanguage":"es"},{"@type":"Organization","@id":"https:\/\/www.bizneo.com\/blog\/#organization","name":"Bizneo HR","url":"https:\/\/www.bizneo.com\/blog\/","logo":{"@type":"ImageObject","inLanguage":"es","@id":"https:\/\/www.bizneo.com\/blog\/#\/schema\/logo\/image\/","url":"https:\/\/www.bizneo.com\/blog\/wp-content\/uploads\/2020\/09\/Icono-Logo-Bizneo-HR.png","contentUrl":"https:\/\/www.bizneo.com\/blog\/wp-content\/uploads\/2020\/09\/Icono-Logo-Bizneo-HR.png","width":834,"height":834,"caption":"Bizneo HR"},"image":{"@id":"https:\/\/www.bizneo.com\/blog\/#\/schema\/logo\/image\/"}},{"@type":"Person","@id":"https:\/\/www.bizneo.com\/blog\/#\/schema\/person\/f932a31bafbfb0726b3071df66e72848","name":"\u00c1lvaro Andr\u00e9s","image":{"@type":"ImageObject","inLanguage":"es","@id":"https:\/\/secure.gravatar.com\/avatar\/c6b277afc20d169a72d7f266c0f4e889c65d2c4ec098d46bc9fba0266f1cde35?s=96&d=mm&r=g","url":"https:\/\/secure.gravatar.com\/avatar\/c6b277afc20d169a72d7f266c0f4e889c65d2c4ec098d46bc9fba0266f1cde35?s=96&d=mm&r=g","contentUrl":"https:\/\/secure.gravatar.com\/avatar\/c6b277afc20d169a72d7f266c0f4e889c65d2c4ec098d46bc9fba0266f1cde35?s=96&d=mm&r=g","caption":"\u00c1lvaro Andr\u00e9s"},"url":"https:\/\/www.bizneo.com\/blog\/author\/alvaroa\/"}]}},"spectra_custom_meta":{"_is_githuber_markdown":["1"],"_edit_lock":["1769442068:47"],"_edit_last":["47"],"_is_githuber_mermaid":[""],"_is_githuber_katex":[""],"_yoast_wpseo_content_score":["60"],"_yoast_wpseo_primary_category":["7"],"_vce_meta":["a:4:{s:11:\"use_sidebar\";s:7:\"inherit\";s:7:\"sidebar\";s:7:\"inherit\";s:14:\"sticky_sidebar\";s:7:\"inherit\";s:6:\"layout\";s:7:\"inherit\";}"],"_thumbnail_id":["4506"],"_yoast_wpseo_focuskw":["formaci\u00f3n de los trabajadores"],"_yoast_wpseo_title":["Formaci\u00f3n de los trabajadores | Gu\u00eda Pr\u00e1ctica para mejorarla"],"_yoast_wpseo_metadesc":["Mejorar la formaci\u00f3n de los trabajadores es clave para el crecimiento empresarial. Cons\u00edguelo con dos ingredientes: un plan y tecnolog\u00eda."],"_yoast_wpseo_linkdex":["90"],"_is_githuber_markdown_enabled":["no"],"onesignal_meta_box_present":["1"],"onesignal_send_notification":[""],"_githuber_prismjs":[""],"_githuber_highlightjs":[""],"_is_githuber_sequence":[""],"_is_githuber_flow_chart":[""],"_is_githuber_mathjax":[""],"onesignal_modify_title_and_content":[""],"onesignal_notification_custom_heading":[null],"onesignal_notification_custom_content":[null],"_yoast_wpseo_estimated-reading-time-minutes":["80"],"Views":["13197"],"response_body":["{\"id\":\"52b56abc-207b-44a9-a97e-a71a721803fa\",\"recipients\":7205,\"external_id\":\"65422ea9-4e4a-0da4-33eb-5b2718a48c0b\",\"warnings\":[\"You must configure iOS notifications in your OneSignal settings if you wish to send messages to iOS users.\",\"You must configure Android notifications in your OneSignal settings if you wish to send messages to Android users.\"]}"],"status":["200"],"recipients":["7205"],"wp_review_type":["none"],"wp_review_positive_count":["0"],"wp_review_negative_count":["0"],"_at_widget":["1"],"_yoast_wpseo_wordproof_timestamp":[""],"wp_review_user_reviews":["0"],"wp_review_review_count":["0"],"_wp_old_date":["2019-09-20"],"_uag_css_file_name":["uag-css-4504.css"],"_uag_page_assets":["a:9:{s:3:\"css\";s:263:\".uag-blocks-common-selector{z-index:var(--z-index-desktop) !important}@media (max-width: 976px){.uag-blocks-common-selector{z-index:var(--z-index-tablet) !important}}@media (max-width: 767px){.uag-blocks-common-selector{z-index:var(--z-index-mobile) !important}}\n\";s:2:\"js\";s:0:\"\";s:18:\"current_block_list\";a:8:{i:0;s:14:\"core\/paragraph\";i:1;s:12:\"core\/heading\";i:2;s:9:\"core\/html\";i:3;s:10:\"core\/image\";i:4;s:9:\"core\/list\";i:5;s:14:\"core\/list-item\";i:6;s:12:\"core\/details\";i:7;s:14:\"core\/shortcode\";}s:8:\"uag_flag\";b:0;s:11:\"uag_version\";s:10:\"1777314230\";s:6:\"gfonts\";a:0:{}s:10:\"gfonts_url\";s:0:\"\";s:12:\"gfonts_files\";a:0:{}s:14:\"uag_faq_layout\";b:0;}"]},"uagb_featured_image_src":{"full":["https:\/\/www.bizneo.com\/blog\/wp-content\/uploads\/2019\/09\/formacion-trabajadores.jpg",1140,640,false],"thumbnail":["https:\/\/www.bizneo.com\/blog\/wp-content\/uploads\/2019\/09\/formacion-trabajadores-150x150.jpg",150,150,true],"medium":["https:\/\/www.bizneo.com\/blog\/wp-content\/uploads\/2019\/09\/formacion-trabajadores-300x168.jpg",300,168,true],"medium_large":["https:\/\/www.bizneo.com\/blog\/wp-content\/uploads\/2019\/09\/formacion-trabajadores-768x431.jpg",768,431,true],"large":["https:\/\/www.bizneo.com\/blog\/wp-content\/uploads\/2019\/09\/formacion-trabajadores-1024x575.jpg",1024,575,true],"1536x1536":["https:\/\/www.bizneo.com\/blog\/wp-content\/uploads\/2019\/09\/formacion-trabajadores.jpg",1140,640,false],"2048x2048":["https:\/\/www.bizneo.com\/blog\/wp-content\/uploads\/2019\/09\/formacion-trabajadores.jpg",1140,640,false]},"uagb_author_info":{"display_name":"\u00c1lvaro Andr\u00e9s","author_link":"https:\/\/www.bizneo.com\/blog\/author\/alvaroa\/"},"uagb_comment_info":1,"uagb_excerpt":"La formaci\u00f3n de los trabajadores es uno de los aspectos m\u00e1s determinantes en el \u00e9xito de cualquier empresa. Es por eso que los departamentos de RR.HH deben enfocar este sensible apartado como una apuesta de futuro que responda a unas necesidades muy espec\u00edficas.","_links":{"self":[{"href":"https:\/\/www.bizneo.com\/blog\/wp-json\/wp\/v2\/posts\/4504","targetHints":{"allow":["GET"]}}],"collection":[{"href":"https:\/\/www.bizneo.com\/blog\/wp-json\/wp\/v2\/posts"}],"about":[{"href":"https:\/\/www.bizneo.com\/blog\/wp-json\/wp\/v2\/types\/post"}],"author":[{"embeddable":true,"href":"https:\/\/www.bizneo.com\/blog\/wp-json\/wp\/v2\/users\/10"}],"replies":[{"embeddable":true,"href":"https:\/\/www.bizneo.com\/blog\/wp-json\/wp\/v2\/comments?post=4504"}],"version-history":[{"count":27,"href":"https:\/\/www.bizneo.com\/blog\/wp-json\/wp\/v2\/posts\/4504\/revisions"}],"predecessor-version":[{"id":58117,"href":"https:\/\/www.bizneo.com\/blog\/wp-json\/wp\/v2\/posts\/4504\/revisions\/58117"}],"wp:featuredmedia":[{"embeddable":true,"href":"https:\/\/www.bizneo.com\/blog\/wp-json\/wp\/v2\/media\/4506"}],"wp:attachment":[{"href":"https:\/\/www.bizneo.com\/blog\/wp-json\/wp\/v2\/media?parent=4504"}],"wp:term":[{"taxonomy":"category","embeddable":true,"href":"https:\/\/www.bizneo.com\/blog\/wp-json\/wp\/v2\/categories?post=4504"},{"taxonomy":"post_tag","embeddable":true,"href":"https:\/\/www.bizneo.com\/blog\/wp-json\/wp\/v2\/tags?post=4504"}],"curies":[{"name":"wp","href":"https:\/\/api.w.org\/{rel}","templated":true}]}}