{"id":4476,"date":"2019-09-18T17:09:08","date_gmt":"2019-09-18T16:09:08","guid":{"rendered":"https:\/\/www.bizneo.com\/blog\/?p=4476"},"modified":"2026-02-01T20:32:24","modified_gmt":"2026-02-01T19:32:24","slug":"calculo-de-horas-extra","status":"publish","type":"post","link":"https:\/\/www.bizneo.com\/blog\/calculo-de-horas-extra\/","title":{"rendered":"C\u00f3mo calcular las horas extra de tus empleados"},"content":{"rendered":"\n<p>Las horas extras, tambi\u00e9n llamadas horas extraordinarias, son las horas de trabajo que un empleado realiza sobre la duraci\u00f3n m\u00e1xima de su jornada ordinaria de trabajo. De acuerdo a nuestra legislaci\u00f3n laboral, estas horas tienen car\u00e1cter voluntario y deben aparecer reflejadas en el salario de los trabajadores que las realizan.<\/p>\n\n\n\n<p>Si eres empresario y no sabes c\u00f3mo pagar las horas extras de tus empleados, deja que te ayudemos con esta gu\u00eda pr\u00e1ctica para el c\u00e1lculo de horas extras de tus empleados que explica una soluci\u00f3n de <a href=\"\/control-horario\/\" data-wpel-link=\"internal\" target=\"_blank\">control horario<\/a> que incluye la funcionalidad.<\/p>\n\n\n\n<h2 class=\"wp-block-heading\">C\u00f3mo se pagan las horas extras en Espa\u00f1a<\/h2>\n\n\n\n<p>El<strong> Real Decreto-ley 8\/2019<\/strong>, de 8 de marzo, estableci\u00f3 la obligaci\u00f3n de las empresas espa\u00f1olas de llevar un <a href=\"https:\/\/www.bizneo.com\/blog\/registro-de-jornada-laboral\/\" data-wpel-link=\"internal\" target=\"_blank\">registro del horario de sus trabajadores<\/a>. El principal objetivo del registro horario es acabar con el impago de las horas extraordinarias. Sin embargo, esto tambi\u00e9n permite agilizar otra cuesti\u00f3n: el c\u00e1lculo de horas extra en s\u00ed mismo.<\/p>\n\n\n\n<bzn-info><a href=\"\/blog\/control-de-horas-extra\/\" id=\"destacado-post\" target=\"_blank\" rel=\"noopener noreferrer\" data-wpel-link=\"internal\"><span class=\"bzn-link-title\"><strong>Controlar las horas extra puede ser un aut\u00e9ntico dolor de cabeza sin las herramientas digitales necesarias.<\/strong><\/span><br>\u00bfCu\u00e1l es el mejor m\u00e9todo el control de horas extra?<br><\/a><\/bzn-info>\n\n\n\n<p><\/p>\n\n\n\n<h2 class=\"wp-block-heading\">L\u00edmites legales en el c\u00e1lculo de horas extras<\/h2>\n\n\n\n<p>En Espa\u00f1a, el Estatuto de los Trabajadores establece que el <strong>m\u00e1ximo de horas que un trabajador puede realizar como jornada laboral<\/strong> ordinaria son 9 y que siempre deben garantizarse por lo menos 12 horas de <a href=\"https:\/\/www.bizneo.com\/blog\/descanso-en-el-trabajo\/\" data-wpel-link=\"internal\" target=\"_blank\">descanso en la jornada laboral <\/a>entre la conclusi\u00f3n de un d\u00eda de trabajo y el inicio del siguiente.<\/p>\n\n\n\n<p>En lo que respecta al <strong>l\u00edmite m\u00e1ximo de horas<\/strong> extra que puede realizar cada trabajador, este no puede ser superior a las 80 anuales, aunque esta cantidad puede reducirse por convenio o contrato individual. A efectos del c\u00e1lculo de hora extra, recuerda que el citado l\u00edmite de 80 horas NO se aplica a las horas extra:<\/p>\n\n\n\n<ul class=\"wp-block-list\">\n<li><strong>Que se realicen para<\/strong> <strong>prevenir o reparar siniestros<\/strong> o da\u00f1os de car\u00e1cter extraordinario (horas por fuerza mayor).<\/li>\n\n\n\n<li><strong>Que se hayan compensado con periodos de descanso<\/strong> dentro de los cuatro meses siguientes a su realizaci\u00f3n.<\/li>\n<\/ul>\n\n\n\n<p>Por tanto, solo computar\u00e1n como horas extraordinarias las que hayan sido <strong>realizadas y retribuidas en dinero<\/strong>.<\/p>\n\n\n\n<bzn-link><a href=\"https:\/\/hello.bizneo.com\/wc-employer-branding-video-lp\/?utm_content=post-destacado\" id=\"destacado-wc-video\" =&quot;_blank&quot;=\"\" rel=\"noopener noreferrer\" data-wpel-link=\"internal\" target=\"_blank\"><span class=\"bzn-link-title\">VER VIDEO: EMPLOYER BRANDING Y FIDELIZACI\u00d3N DEL TALENTO<\/span>Retener vs. fidelizar: razones para proteger el talento y que no se marche.<\/a><\/bzn-link>\n\n\n\n<p><\/p>\n\n\n\n<p>Por otra parte y contrariamente a lo que muchos piensan, los empresarios no tienen por qu\u00e9 <strong>pagar m\u00e1s<\/strong> por una hora de trabajo extra que por una hora de trabajo normal. Para determinar el precio de las horas extra simplemente habr\u00e1 que mirar lo establecido en cada convenio colectivo. Eso s\u00ed: el valor de una hora extra ser\u00e1, como m\u00ednimo, el de una hora normal.<\/p>\n\n\n\n<p>Eso s\u00ed, aparte del valor monetario est\u00e1 el valor de salario emocional. Cuando un trabajador hace m\u00e1s horas de las acordadas por contrato es justo que el empresario reconozca ese esfuerzo y dedicaci\u00f3n a la empresa. <\/p>\n\n\n\n<p>Nosotros hemos elaborado una<strong> gu\u00eda sobre el reconocimiento laboral <\/strong>en la que podr\u00e1s encontrar c\u00f3mo pagar adecuadamente las horas extra. <\/p>\n\n\n\n<figure class=\"wp-block-image size-large\"><a href=\"https:\/\/hello.bizneo.com\/guia-reconocimiento-laboral\/?utm_content=post-banner-medio\" data-wpel-link=\"internal\" target=\"_blank\"><img decoding=\"async\" width=\"1024\" height=\"154\" src=\"https:\/\/www.bizneo.com\/blog\/wp-content\/uploads\/2021\/03\/banner-reconocimiento-laboral-1024x154.jpg\" alt=\"gu\u00eda reconocimiento laboral\" class=\"wp-image-19533\" srcset=\"https:\/\/www.bizneo.com\/blog\/wp-content\/uploads\/2021\/03\/banner-reconocimiento-laboral-1024x154.jpg 1024w, https:\/\/www.bizneo.com\/blog\/wp-content\/uploads\/2021\/03\/banner-reconocimiento-laboral-300x45.jpg 300w, https:\/\/www.bizneo.com\/blog\/wp-content\/uploads\/2021\/03\/banner-reconocimiento-laboral-768x115.jpg 768w, https:\/\/www.bizneo.com\/blog\/wp-content\/uploads\/2021\/03\/banner-reconocimiento-laboral-810x122.jpg 810w, https:\/\/www.bizneo.com\/blog\/wp-content\/uploads\/2021\/03\/banner-reconocimiento-laboral-1140x171.jpg 1140w, https:\/\/www.bizneo.com\/blog\/wp-content\/uploads\/2021\/03\/banner-reconocimiento-laboral.jpg 1360w\" sizes=\"(max-width: 1024px) 100vw, 1024px\" \/><\/a><\/figure>\n\n\n\n<h2 class=\"wp-block-heading\">Colectivos que no pueden realizar horas extras<\/h2>\n\n\n\n<p>Otro factor a tener en cuenta para c\u00e1lculo de horas extras, es que en Espa\u00f1a los siguientes colectivos tienen p<strong>rohibida la realizaci\u00f3n de horas extraordinarias<\/strong>:<\/p>\n\n\n\n<ul class=\"wp-block-list\">\n<li><strong>Trabajadores menores de 18 a\u00f1os<\/strong>, ya que su jornada de trabajo no puede exceder nunca de ocho horas diarias.<\/li>\n\n\n\n<li><strong>Trabajadores nocturnos<\/strong> (salvo ciertas y muy limitadas excepciones), ya que&nbsp; su jornada de trabajo no puede exceder de ocho horas diarias de promedio, en un per\u00edodo de referencia de quince d\u00edas.<\/li>\n\n\n\n<li><strong>Trabajadoras que est\u00e9n disfrutando de un permiso de maternidad<\/strong> a tiempo parcial, salvo para prevenir o reparar siniestros o da\u00f1os de car\u00e1cter extraordinario.<\/li>\n\n\n\n<li><strong>Trabajadores minusv\u00e1lidos<\/strong> que trabajen en los centros especiales de empleo, salvo para prevenir o reparar siniestros o da\u00f1os de car\u00e1cter extraordinario.&nbsp;<\/li>\n<\/ul>\n\n\n\n<p>\u00a1Cuidado! Si no respetas estas limitaciones, tu empresa podr\u00eda incurrir en sanciones \u201cmuy graves\u201d. <\/p>\n\n\n\n<p><em><span style=\"background-color: rgb(255, 255, 255);\"><strong>Todo el mundo habla de la jornada de cuatro d\u00edas.<\/strong> <\/span><\/em><span style=\"background-color: rgb(255, 255, 255);\">Las empresas dudan si hacer pruebas para comprobar si la productividad empeora, se mantiene o <\/span>mejora. <\/p>\n\n\n\n<p>Hay que tener en cuenta los cambios contractuales seg\u00fan el modelo implantado:<\/p>\n\n\n\n<ul class=\"wp-block-list\">\n<li>Jornada 4&#215;10 -&gt; m\u00e1s horas pero menos d\u00edas<\/li>\n\n\n\n<li>Jornada 4&#215;8 &#8211; 4&#215;9, menos d\u00edas y menos horas<strong> <\/strong><\/li>\n<\/ul>\n\n\n\n<p>&#8230;<strong>y en las horas que trabaja cada empleado y c\u00f3mo afecta a su sueldo<\/strong> (\u00bfse mantiene o se reduce&#8230;? Si te interesa&#8230; <strong>no dudes en descargar nuestra gu\u00eda gratuita:<\/strong><\/p>\n\n\n\n<figure class=\"wp-block-image size-full\"><a href=\"https:\/\/hello.bizneo.com\/guia\/jornada-laboral-cuatro-dias\/?utm_content=post-banner-medio\" data-wpel-link=\"internal\" target=\"_blank\"><img decoding=\"async\" width=\"1360\" height=\"204\" src=\"https:\/\/www.bizneo.com\/blog\/wp-content\/uploads\/2022\/08\/banner-jornada-4-dias.jpg\" alt=\"Gu\u00eda jornada de 4 d\u00edas \" class=\"wp-image-35438\" srcset=\"https:\/\/www.bizneo.com\/blog\/wp-content\/uploads\/2022\/08\/banner-jornada-4-dias.jpg 1360w, https:\/\/www.bizneo.com\/blog\/wp-content\/uploads\/2022\/08\/banner-jornada-4-dias-300x45.jpg 300w, https:\/\/www.bizneo.com\/blog\/wp-content\/uploads\/2022\/08\/banner-jornada-4-dias-1024x154.jpg 1024w, https:\/\/www.bizneo.com\/blog\/wp-content\/uploads\/2022\/08\/banner-jornada-4-dias-768x115.jpg 768w, https:\/\/www.bizneo.com\/blog\/wp-content\/uploads\/2022\/08\/banner-jornada-4-dias-810x122.jpg 810w, https:\/\/www.bizneo.com\/blog\/wp-content\/uploads\/2022\/08\/banner-jornada-4-dias-1140x171.jpg 1140w\" sizes=\"(max-width: 1360px) 100vw, 1360px\" \/><\/a><\/figure>\n\n\n\n<h2 class=\"wp-block-heading\">C\u00e1lculo de horas extras: qu\u00e9 pasa si no las pago<\/h2>\n\n\n\n<p>Las empresas que no declaran y\/o recompensan las horas extra de sus empleados pueden sufrir las siguientes <strong>sanciones<\/strong>:<\/p>\n\n\n\n<ul class=\"wp-block-list\">\n<li>Si la empresa <strong>no cumplimenta el registro diario de jornada<\/strong>: infracci\u00f3n grave, sancionable con multa por importe de 626 a 6.250 euros.<\/li>\n\n\n\n<li>Si la compa\u00f1\u00eda declara la realizaci\u00f3n de horas extraordinarias <strong>por encima del l\u00edmite legal de 80 horas anuales<\/strong>: infracci\u00f3n grave, sancionable con multa por importe de 626 a 6.250 euros.<\/li>\n\n\n\n<li><strong>La inspecci\u00f3n de trabajo detecta horas extraordinarias no declaradas<\/strong>: Infracci\u00f3n grave, sancionable con multa por importe de 626 euros a 6.250 euros.<\/li>\n\n\n\n<li>Cuando entidad <strong>no acredita la compensaci\u00f3n econ\u00f3mica<\/strong> o en descansos correspondiente a las horas extra declaradas: infracci\u00f3n grave o muy grave, sancionable con multa por importe de 626 euros a 187.515 euros. La gravedad de la sanci\u00f3n depender\u00e1 de la entidad del impago.<\/li>\n\n\n\n<li>Si la empresa paga las horas extraordinarias, pero <strong>sin hacerlo constar en la n\u00f3mina<\/strong>: infracci\u00f3n grave, sancionable con multa por importe de 626 euros a 6.250 euros.<\/li>\n\n\n\n<li>Si la empresa <strong>enmascara el pago de las horas extraordinarias<\/strong> bajo otros conceptos salariales. Se trata de una infracci\u00f3n grave, sancionable con multa por importe de 626 euros a 6.250 euros.<\/li>\n\n\n\n<li>En caso de que la empresa <strong>no comunique a los representantes legales<\/strong> de los trabajadores las horas extraordinarias realizadas. Se considera una infracci\u00f3n grave, sancionable con multa por importe de 626 a 6.250 euros.<\/li>\n<\/ul>\n\n\n\n<p>De acuerdo con <a href=\"\/blog\/ley-control-presencia\/\" target=\"_blank\" rel=\"noreferrer noopener\" aria-label=\" (se abre en una nueva pesta\u00f1a)\" data-wpel-link=\"internal\">la ley de registro de jornada laboral<\/a>, en caso de que un trabajador quiera <strong>reclamar ante un juzgado la realizaci\u00f3n de horas extra no pagadas<\/strong> (o compensadas), este podr\u00e1 demostrar de forma fehaciente su horario laboral efectivo.<\/p>\n\n\n\n<bzn-link><a href=\"https:\/\/www.bizneo.com\/control-horario\/\" id=\"destacado-control\" target=\"_blank\" rel=\"noopener noreferrer\" data-wpel-link=\"internal\"><span class=\"bzn-link-title\">TEN DISPONIBLE CUALQUIER REGISTRO DE HORAS CON VALIDEZ LEGAL<\/span>\u00a1\u00a1Software de control de horas y turnos 100% online!!<\/a><\/bzn-link>\n\n\n\n<p><\/p>\n\n\n\n<p>Las horas realizadas podr\u00e1n reclamarse tanto si el trabajador sigue trabajando como si ya no est\u00e1 en la empresa en cuesti\u00f3n. Sin embargo, el demandante <strong>no podr\u00e1 superar el plazo de un a\u00f1o para exigir el pago<\/strong> de las horas extra que haya realizado.<\/p>\n\n\n\n<div id=\"cbox-PlFB5OwVGmf9r7x2\"><\/div>\n\n\n\n<p><\/p>\n\n\n\n<h2 class=\"wp-block-heading\">Automatiza el c\u00e1lculo de horas extras con un buen software<\/h2>\n\n\n\n<p>Existen varias <a href=\"https:\/\/www.bizneo.com\/blog\/herramientas-de-control-horario\/\" data-wpel-link=\"internal\" target=\"_blank\">herramientas de control horario<\/a> para hacer el c\u00e1lculo de hora extra de los empleados de una organizaci\u00f3n. Las m\u00e1s utilizadas hasta el momento son las siguientes:<\/p>\n\n\n\n<ul class=\"wp-block-list\">\n<li><strong>Registros manuales<\/strong> (plantillas excel o en papel): m\u00e9todos tradicionales de f\u00e1cil implementaci\u00f3n, pero poco adaptables.<\/li>\n<\/ul>\n\n\n\n<bzn-down><a href=\"https:\/\/hello.bizneo.com\/plantilla\/control-horario-trabajadores\/?utm_content=post-destacado\" id=\"destacado-wc-descarga\" target=\"_blank\" rel=\"noopener noreferrer\" data-wpel-link=\"internal\"><span class=\"bzn-link-title\">DESCARGA GRATIS: PLANTILLA DE CONTROL HORARIO &#038; REGISTRO DE JORNADA<\/span>Proyecto sencillo para registrar las horas trabajadas de un n\u00famero peque\u00f1o de empleados (m\u00e1x 10).<\/a><\/bzn-down>\n\n\n\n<p><\/p>\n\n\n\n<ul class=\"wp-block-list\">\n<li><strong>M\u00e1quinas de fichar<\/strong> (biom\u00e9tricas o de proximidad): m\u00e9todo a prueba de fraude pero dif\u00edcil de implementar y poco indicado para el control de los trabajadores en movilidad o que <a href=\"\/blog\/teletrabajo\/\" target=\"_blank\" rel=\"noreferrer noopener\" data-wpel-link=\"internal\">teletrabajan<\/a>.<\/li>\n\n\n\n<li><strong><a href=\"\/gestion-tiempo\/\" data-wpel-link=\"internal\" target=\"_blank\">Software de gesti\u00f3n del tiempo<\/a><\/strong>: m\u00e9todo que automatiza y facilita el control horario, sin los inconvenientes que puede generar la instalaci\u00f3n y\/o el mantenimiento de aparatos hardware.<\/li>\n<\/ul>\n\n\n\n<figure class=\"wp-block-image size-full\"><a href=\"\/control-horario\/\" target=\"_blank\" rel=\"noreferrer noopener\" data-wpel-link=\"internal\"><img decoding=\"async\" width=\"1500\" height=\"1129\" src=\"https:\/\/www.bizneo.com\/blog\/wp-content\/uploads\/2020\/11\/Gestion-de-horas-extra.webp\" alt=\"Horas extras en el trabajo\" class=\"wp-image-17716\" srcset=\"https:\/\/www.bizneo.com\/blog\/wp-content\/uploads\/2020\/11\/Gestion-de-horas-extra.webp 1500w, https:\/\/www.bizneo.com\/blog\/wp-content\/uploads\/2020\/11\/Gestion-de-horas-extra-300x226.webp 300w, https:\/\/www.bizneo.com\/blog\/wp-content\/uploads\/2020\/11\/Gestion-de-horas-extra-1024x771.webp 1024w, https:\/\/www.bizneo.com\/blog\/wp-content\/uploads\/2020\/11\/Gestion-de-horas-extra-768x578.webp 768w, https:\/\/www.bizneo.com\/blog\/wp-content\/uploads\/2020\/11\/Gestion-de-horas-extra-810x610.webp 810w, https:\/\/www.bizneo.com\/blog\/wp-content\/uploads\/2020\/11\/Gestion-de-horas-extra-1140x858.webp 1140w\" sizes=\"(max-width: 1500px) 100vw, 1500px\" \/><\/a><\/figure>\n\n\n\n<p>La propuesta de <strong>Bizneo HR<\/strong> pertenece a la tercera categor\u00eda, la m\u00e1s <strong>innovadora<\/strong> <strong>y flexible<\/strong> de todas. Es un <strong><a aria-label=\" (se abre en una nueva pesta\u00f1a)\" href=\"https:\/\/www.bizneo.com\/control-horario\/\" target=\"_blank\" rel=\"noreferrer noopener\" data-wpel-link=\"internal\">software de control horario<\/a><\/strong> (y turnos) que responde a la entrada en vigor del Decreto Ley 8\/2019 sobre el Registro de la Jornada Laboral obligatorio y se caracteriza por ser de r\u00e1pida implementaci\u00f3n, 100% online y f\u00e1cil de usar.<\/p>\n\n\n\n<bzn-link><a href=\"\/control-horario\/\" id=\"destacado-control\" target=\"_blank\" rel=\"noopener noreferrer\" data-wpel-link=\"internal\"><span class=\"bzn-link-title\"><strong>SOFTWARE DE CONTROL HORARIO CON HORAS EXTRA<\/strong> <\/span>Automatiza la gesti\u00f3n del trabajo extra y su compensaci\u00f3n<\/a><\/bzn-link>\n\n\n\n<p><\/p>\n\n\n\n<p>Entre sus <strong>FUNCIONALIDADES<\/strong> m\u00e1s destacadas encontramos:<\/p>\n\n\n\n<ul class=\"wp-block-list\">\n<li>Software dise\u00f1ado para la <strong>pyme y gran empresa<\/strong>.<\/li>\n\n\n\n<li>Doble validaci\u00f3n de registros por parte del empleado y de su responsable directo, tanto en entrada y como en salida.<\/li>\n\n\n\n<li>Sistemas <strong>recordatorios y alertas<\/strong> a trav\u00e9s de emails automatizados parametrizables.<\/li>\n\n\n\n<li><strong>Configurador de turnos <\/strong>rotativos seg\u00fan roles o tipos de contrato.<\/li>\n<\/ul>\n\n\n\n<figure class=\"wp-block-image size-full\"><a href=\"\/gestion-turnos\/\" target=\"_blank\" rel=\"noopener noreferrer\" data-wpel-link=\"internal\"><img decoding=\"async\" width=\"1500\" height=\"1006\" src=\"https:\/\/www.bizneo.com\/blog\/wp-content\/uploads\/2020\/11\/Software-de-Recursos-Humanos-con-gestion-de-turnos.webp\" alt=\"Gestor de turnos\" class=\"wp-image-17736\" srcset=\"https:\/\/www.bizneo.com\/blog\/wp-content\/uploads\/2020\/11\/Software-de-Recursos-Humanos-con-gestion-de-turnos.webp 1500w, https:\/\/www.bizneo.com\/blog\/wp-content\/uploads\/2020\/11\/Software-de-Recursos-Humanos-con-gestion-de-turnos-300x201.webp 300w, https:\/\/www.bizneo.com\/blog\/wp-content\/uploads\/2020\/11\/Software-de-Recursos-Humanos-con-gestion-de-turnos-1024x687.webp 1024w, https:\/\/www.bizneo.com\/blog\/wp-content\/uploads\/2020\/11\/Software-de-Recursos-Humanos-con-gestion-de-turnos-768x515.webp 768w, https:\/\/www.bizneo.com\/blog\/wp-content\/uploads\/2020\/11\/Software-de-Recursos-Humanos-con-gestion-de-turnos-810x543.webp 810w, https:\/\/www.bizneo.com\/blog\/wp-content\/uploads\/2020\/11\/Software-de-Recursos-Humanos-con-gestion-de-turnos-1140x765.webp 1140w\" sizes=\"(max-width: 1500px) 100vw, 1500px\" \/><\/a><\/figure>\n\n\n\n<ul class=\"wp-block-list\">\n<li><strong>Configurador de tipos de horas extra<\/strong> y reglas de compensaci\u00f3n.<\/li>\n\n\n\n<li>Plataforma <em><strong>web<\/strong> <strong>responsive<\/strong><\/em>.<\/li>\n\n\n\n<li>Generaci\u00f3n de <strong>informes descargables<\/strong> y con validez jur\u00eddica (formatos .xml o .pdf.)<\/li>\n<\/ul>\n\n\n\n<figure class=\"wp-block-image size-full\"><a href=\"\/control-horario\/\" target=\"_blank\" rel=\"noreferrer noopener\" data-wpel-link=\"internal\"><img decoding=\"async\" width=\"1125\" height=\"915\" src=\"https:\/\/www.bizneo.com\/blog\/wp-content\/uploads\/2021\/05\/Informes-de-control-horario-y-turnos.webp\" alt=\"Informe de control horario para trabajadores\" class=\"wp-image-21838\" srcset=\"https:\/\/www.bizneo.com\/blog\/wp-content\/uploads\/2021\/05\/Informes-de-control-horario-y-turnos.webp 1125w, https:\/\/www.bizneo.com\/blog\/wp-content\/uploads\/2021\/05\/Informes-de-control-horario-y-turnos-300x244.webp 300w, https:\/\/www.bizneo.com\/blog\/wp-content\/uploads\/2021\/05\/Informes-de-control-horario-y-turnos-1024x833.webp 1024w, https:\/\/www.bizneo.com\/blog\/wp-content\/uploads\/2021\/05\/Informes-de-control-horario-y-turnos-768x625.webp 768w, https:\/\/www.bizneo.com\/blog\/wp-content\/uploads\/2021\/05\/Informes-de-control-horario-y-turnos-810x659.webp 810w\" sizes=\"(max-width: 1125px) 100vw, 1125px\" \/><\/a><\/figure>\n\n\n\n<ul class=\"wp-block-list\">\n<li><strong>Implantaci\u00f3n r\u00e1pida y sencilla<\/strong>.<\/li>\n\n\n\n<li><strong>Servicio de soporte<\/strong> a disposici\u00f3n del cliente.<\/li>\n\n\n\n<li>Plataforma <strong>multi-idioma<\/strong>.<\/li>\n\n\n\n<li>Incorporado en un sistema para la <strong>gesti\u00f3n integral de horas extra<\/strong>, vacaciones y ausencias.<\/li>\n<\/ul>\n\n\n\n<figure class=\"wp-block-image size-full\"><a href=\"\/control-horario\/\" data-wpel-link=\"internal\" target=\"_blank\"><img decoding=\"async\" width=\"1360\" height=\"408\" src=\"https:\/\/www.bizneo.com\/blog\/wp-content\/uploads\/2024\/02\/Banner-grande-software-control-horario.jpg\" alt=\"Software de control horario\" class=\"wp-image-44807\" srcset=\"https:\/\/www.bizneo.com\/blog\/wp-content\/uploads\/2024\/02\/Banner-grande-software-control-horario.jpg 1360w, https:\/\/www.bizneo.com\/blog\/wp-content\/uploads\/2024\/02\/Banner-grande-software-control-horario-300x90.jpg 300w, https:\/\/www.bizneo.com\/blog\/wp-content\/uploads\/2024\/02\/Banner-grande-software-control-horario-1024x307.jpg 1024w, https:\/\/www.bizneo.com\/blog\/wp-content\/uploads\/2024\/02\/Banner-grande-software-control-horario-768x230.jpg 768w, https:\/\/www.bizneo.com\/blog\/wp-content\/uploads\/2024\/02\/Banner-grande-software-control-horario-810x243.jpg 810w, https:\/\/www.bizneo.com\/blog\/wp-content\/uploads\/2024\/02\/Banner-grande-software-control-horario-1140x342.jpg 1140w\" sizes=\"(max-width: 1360px) 100vw, 1360px\" \/><\/a><\/figure>\n","protected":false},"excerpt":{"rendered":"<p>Un software de gesti\u00f3n de tiempo acaba con los quebraderos de cabeza en el c\u00e1lculo de horas extra.<\/p>\n","protected":false},"author":1,"featured_media":4471,"comment_status":"open","ping_status":"open","sticky":false,"template":"","format":"standard","meta":{"_uag_custom_page_level_css":"","site-sidebar-layout":"default","site-content-layout":"","ast-site-content-layout":"default","site-content-style":"default","site-sidebar-style":"default","ast-global-header-display":"","ast-banner-title-visibility":"","ast-main-header-display":"","ast-hfb-above-header-display":"","ast-hfb-below-header-display":"","ast-hfb-mobile-header-display":"","site-post-title":"","ast-breadcrumbs-content":"","ast-featured-img":"","footer-sml-layout":"","ast-disable-related-posts":"","theme-transparent-header-meta":"","adv-header-id-meta":"","stick-header-meta":"","header-above-stick-meta":"","header-main-stick-meta":"","header-below-stick-meta":"","astra-migrate-meta-layouts":"default","ast-page-background-enabled":"default","ast-page-background-meta":{"desktop":{"background-color":"var(--ast-global-color-5)","background-image":"","background-repeat":"repeat","background-position":"center center","background-size":"auto","background-attachment":"scroll","background-type":"","background-media":"","overlay-type":"","overlay-color":"","overlay-opacity":"","overlay-gradient":""},"tablet":{"background-color":"","background-image":"","background-repeat":"repeat","background-position":"center center","background-size":"auto","background-attachment":"scroll","background-type":"","background-media":"","overlay-type":"","overlay-color":"","overlay-opacity":"","overlay-gradient":""},"mobile":{"background-color":"","background-image":"","background-repeat":"repeat","background-position":"center center","background-size":"auto","background-attachment":"scroll","background-type":"","background-media":"","overlay-type":"","overlay-color":"","overlay-opacity":"","overlay-gradient":""}},"ast-content-background-meta":{"desktop":{"background-color":"var(--ast-global-color-4)","background-image":"","background-repeat":"repeat","background-position":"center center","background-size":"auto","background-attachment":"scroll","background-type":"","background-media":"","overlay-type":"","overlay-color":"","overlay-opacity":"","overlay-gradient":""},"tablet":{"background-color":"var(--ast-global-color-4)","background-image":"","background-repeat":"repeat","background-position":"center center","background-size":"auto","background-attachment":"scroll","background-type":"","background-media":"","overlay-type":"","overlay-color":"","overlay-opacity":"","overlay-gradient":""},"mobile":{"background-color":"var(--ast-global-color-4)","background-image":"","background-repeat":"repeat","background-position":"center center","background-size":"auto","background-attachment":"scroll","background-type":"","background-media":"","overlay-type":"","overlay-color":"","overlay-opacity":"","overlay-gradient":""}},"footnotes":""},"categories":[91,89],"tags":[22],"class_list":["post-4476","post","type-post","status-publish","format-standard","has-post-thumbnail","hentry","category-control-horario","category-gestion-del-tiempo","tag-gestion-del-tiempo"],"yoast_head":"<!-- This site is optimized with the Yoast SEO plugin v27.5 - https:\/\/yoast.com\/product\/yoast-seo-wordpress\/ -->\n<title>C\u00e1lculo de horas extras | GU\u00cdA PR\u00c1CTICA para RR. HH.<\/title>\n<meta name=\"description\" content=\"El c\u00e1lculo de horas extras puede ser un quebradero de cabeza para RR.HH. Por fortuna es posible agilizarlo con un software adecuado.\" \/>\n<meta name=\"robots\" content=\"index, follow, max-snippet:-1, max-image-preview:large, max-video-preview:-1\" \/>\n<meta property=\"og:locale\" content=\"es_ES\" \/>\n<meta property=\"og:type\" content=\"article\" \/>\n<meta property=\"og:title\" content=\"C\u00e1lculo de horas extras | GU\u00cdA PR\u00c1CTICA para RR. HH.\" \/>\n<meta property=\"og:description\" content=\"El c\u00e1lculo de horas extras puede ser un quebradero de cabeza para RR.HH. Por fortuna es posible agilizarlo con un software adecuado.\" \/>\n<meta property=\"og:url\" content=\"https:\/\/www.bizneo.com\/blog\/calculo-de-horas-extra\/\" \/>\n<meta property=\"og:site_name\" content=\"Blog de Recursos Humanos de Bizneo HR: pr\u00e1ctico y actual\" \/>\n<meta property=\"article:published_time\" content=\"2019-09-18T16:09:08+00:00\" \/>\n<meta property=\"article:modified_time\" content=\"2026-02-01T19:32:24+00:00\" \/>\n<meta property=\"og:image\" content=\"https:\/\/www.bizneo.com\/blog\/wp-content\/uploads\/2019\/09\/calculo-horas-extra.jpg\" \/>\n\t<meta property=\"og:image:width\" content=\"1140\" \/>\n\t<meta property=\"og:image:height\" content=\"640\" \/>\n\t<meta property=\"og:image:type\" content=\"image\/jpeg\" \/>\n<meta name=\"author\" content=\"Administrador\" \/>\n<meta name=\"twitter:card\" content=\"summary_large_image\" \/>\n<meta name=\"twitter:label1\" content=\"Escrito por\" \/>\n\t<meta name=\"twitter:data1\" content=\"Administrador\" \/>\n\t<meta name=\"twitter:label2\" content=\"Tiempo de lectura\" \/>\n\t<meta name=\"twitter:data2\" content=\"8 minutos\" \/>\n<script type=\"application\/ld+json\" class=\"yoast-schema-graph\">{\"@context\":\"https:\\\/\\\/schema.org\",\"@graph\":[{\"@type\":[\"Article\",\"BlogPosting\"],\"@id\":\"https:\\\/\\\/www.bizneo.com\\\/blog\\\/calculo-de-horas-extra\\\/#article\",\"isPartOf\":{\"@id\":\"https:\\\/\\\/www.bizneo.com\\\/blog\\\/calculo-de-horas-extra\\\/\"},\"author\":{\"name\":\"Administrador\",\"@id\":\"https:\\\/\\\/www.bizneo.com\\\/blog\\\/#\\\/schema\\\/person\\\/23f3b7a861d694d27c594a66068cb263\"},\"headline\":\"C\u00f3mo calcular las horas extra de tus empleados\",\"datePublished\":\"2019-09-18T16:09:08+00:00\",\"dateModified\":\"2026-02-01T19:32:24+00:00\",\"mainEntityOfPage\":{\"@id\":\"https:\\\/\\\/www.bizneo.com\\\/blog\\\/calculo-de-horas-extra\\\/\"},\"wordCount\":1407,\"commentCount\":1,\"publisher\":{\"@id\":\"https:\\\/\\\/www.bizneo.com\\\/blog\\\/#organization\"},\"image\":{\"@id\":\"https:\\\/\\\/www.bizneo.com\\\/blog\\\/calculo-de-horas-extra\\\/#primaryimage\"},\"thumbnailUrl\":\"https:\\\/\\\/www.bizneo.com\\\/blog\\\/wp-content\\\/uploads\\\/2019\\\/09\\\/calculo-horas-extra.jpg\",\"keywords\":[\"Gesti\u00f3n del tiempo\"],\"articleSection\":[\"Control Horario\",\"Gesti\u00f3n del Tiempo\"],\"inLanguage\":\"es\",\"potentialAction\":[{\"@type\":\"CommentAction\",\"name\":\"Comment\",\"target\":[\"https:\\\/\\\/www.bizneo.com\\\/blog\\\/calculo-de-horas-extra\\\/#respond\"]}]},{\"@type\":\"WebPage\",\"@id\":\"https:\\\/\\\/www.bizneo.com\\\/blog\\\/calculo-de-horas-extra\\\/\",\"url\":\"https:\\\/\\\/www.bizneo.com\\\/blog\\\/calculo-de-horas-extra\\\/\",\"name\":\"C\u00e1lculo de horas extras | GU\u00cdA PR\u00c1CTICA para RR. HH.\",\"isPartOf\":{\"@id\":\"https:\\\/\\\/www.bizneo.com\\\/blog\\\/#website\"},\"primaryImageOfPage\":{\"@id\":\"https:\\\/\\\/www.bizneo.com\\\/blog\\\/calculo-de-horas-extra\\\/#primaryimage\"},\"image\":{\"@id\":\"https:\\\/\\\/www.bizneo.com\\\/blog\\\/calculo-de-horas-extra\\\/#primaryimage\"},\"thumbnailUrl\":\"https:\\\/\\\/www.bizneo.com\\\/blog\\\/wp-content\\\/uploads\\\/2019\\\/09\\\/calculo-horas-extra.jpg\",\"datePublished\":\"2019-09-18T16:09:08+00:00\",\"dateModified\":\"2026-02-01T19:32:24+00:00\",\"description\":\"El c\u00e1lculo de horas extras puede ser un quebradero de cabeza para RR.HH. Por fortuna es posible agilizarlo con un software adecuado.\",\"breadcrumb\":{\"@id\":\"https:\\\/\\\/www.bizneo.com\\\/blog\\\/calculo-de-horas-extra\\\/#breadcrumb\"},\"inLanguage\":\"es\",\"potentialAction\":[{\"@type\":\"ReadAction\",\"target\":[\"https:\\\/\\\/www.bizneo.com\\\/blog\\\/calculo-de-horas-extra\\\/\"]}]},{\"@type\":\"ImageObject\",\"inLanguage\":\"es\",\"@id\":\"https:\\\/\\\/www.bizneo.com\\\/blog\\\/calculo-de-horas-extra\\\/#primaryimage\",\"url\":\"https:\\\/\\\/www.bizneo.com\\\/blog\\\/wp-content\\\/uploads\\\/2019\\\/09\\\/calculo-horas-extra.jpg\",\"contentUrl\":\"https:\\\/\\\/www.bizneo.com\\\/blog\\\/wp-content\\\/uploads\\\/2019\\\/09\\\/calculo-horas-extra.jpg\",\"width\":1140,\"height\":640,\"caption\":\"calculo horas extra\"},{\"@type\":\"BreadcrumbList\",\"@id\":\"https:\\\/\\\/www.bizneo.com\\\/blog\\\/calculo-de-horas-extra\\\/#breadcrumb\",\"itemListElement\":[{\"@type\":\"ListItem\",\"position\":1,\"name\":\"Portada\",\"item\":\"https:\\\/\\\/www.bizneo.com\\\/blog\\\/\"},{\"@type\":\"ListItem\",\"position\":2,\"name\":\"Gesti\u00f3n del Tiempo\",\"item\":\"https:\\\/\\\/www.bizneo.com\\\/blog\\\/category\\\/gestion-del-tiempo\\\/\"},{\"@type\":\"ListItem\",\"position\":3,\"name\":\"C\u00f3mo calcular las horas extra de tus empleados\"}]},{\"@type\":\"WebSite\",\"@id\":\"https:\\\/\\\/www.bizneo.com\\\/blog\\\/#website\",\"url\":\"https:\\\/\\\/www.bizneo.com\\\/blog\\\/\",\"name\":\"Blog de Recursos Humanos de Bizneo HR: pr\u00e1ctico y actual\",\"description\":\"Todo sobre actualidad, herramientas y tecnolog\u00eda  para optimizar la gesti\u00f3n del talento humano\",\"publisher\":{\"@id\":\"https:\\\/\\\/www.bizneo.com\\\/blog\\\/#organization\"},\"potentialAction\":[{\"@type\":\"SearchAction\",\"target\":{\"@type\":\"EntryPoint\",\"urlTemplate\":\"https:\\\/\\\/www.bizneo.com\\\/blog\\\/?s={search_term_string}\"},\"query-input\":{\"@type\":\"PropertyValueSpecification\",\"valueRequired\":true,\"valueName\":\"search_term_string\"}}],\"inLanguage\":\"es\"},{\"@type\":\"Organization\",\"@id\":\"https:\\\/\\\/www.bizneo.com\\\/blog\\\/#organization\",\"name\":\"Bizneo HR\",\"url\":\"https:\\\/\\\/www.bizneo.com\\\/blog\\\/\",\"logo\":{\"@type\":\"ImageObject\",\"inLanguage\":\"es\",\"@id\":\"https:\\\/\\\/www.bizneo.com\\\/blog\\\/#\\\/schema\\\/logo\\\/image\\\/\",\"url\":\"https:\\\/\\\/www.bizneo.com\\\/blog\\\/wp-content\\\/uploads\\\/2020\\\/09\\\/Icono-Logo-Bizneo-HR.png\",\"contentUrl\":\"https:\\\/\\\/www.bizneo.com\\\/blog\\\/wp-content\\\/uploads\\\/2020\\\/09\\\/Icono-Logo-Bizneo-HR.png\",\"width\":834,\"height\":834,\"caption\":\"Bizneo HR\"},\"image\":{\"@id\":\"https:\\\/\\\/www.bizneo.com\\\/blog\\\/#\\\/schema\\\/logo\\\/image\\\/\"}},{\"@type\":\"Person\",\"@id\":\"https:\\\/\\\/www.bizneo.com\\\/blog\\\/#\\\/schema\\\/person\\\/23f3b7a861d694d27c594a66068cb263\",\"name\":\"Administrador\",\"image\":{\"@type\":\"ImageObject\",\"inLanguage\":\"es\",\"@id\":\"https:\\\/\\\/secure.gravatar.com\\\/avatar\\\/5240687c03eb00a22ec4ce88f6f19c78d1de2f9e3c062c75d4dda4e8ffbdc4f6?s=96&d=mm&r=g\",\"url\":\"https:\\\/\\\/secure.gravatar.com\\\/avatar\\\/5240687c03eb00a22ec4ce88f6f19c78d1de2f9e3c062c75d4dda4e8ffbdc4f6?s=96&d=mm&r=g\",\"contentUrl\":\"https:\\\/\\\/secure.gravatar.com\\\/avatar\\\/5240687c03eb00a22ec4ce88f6f19c78d1de2f9e3c062c75d4dda4e8ffbdc4f6?s=96&d=mm&r=g\",\"caption\":\"Administrador\"},\"url\":\"https:\\\/\\\/www.bizneo.com\\\/blog\\\/author\\\/sistemas\\\/\"}]}<\/script>\n<!-- \/ Yoast SEO plugin. -->","yoast_head_json":{"title":"C\u00e1lculo de horas extras | GU\u00cdA PR\u00c1CTICA para RR. HH.","description":"El c\u00e1lculo de horas extras puede ser un quebradero de cabeza para RR.HH. Por fortuna es posible agilizarlo con un software adecuado.","robots":{"index":"index","follow":"follow","max-snippet":"max-snippet:-1","max-image-preview":"max-image-preview:large","max-video-preview":"max-video-preview:-1"},"og_locale":"es_ES","og_type":"article","og_title":"C\u00e1lculo de horas extras | GU\u00cdA PR\u00c1CTICA para RR. HH.","og_description":"El c\u00e1lculo de horas extras puede ser un quebradero de cabeza para RR.HH. Por fortuna es posible agilizarlo con un software adecuado.","og_url":"https:\/\/www.bizneo.com\/blog\/calculo-de-horas-extra\/","og_site_name":"Blog de Recursos Humanos de Bizneo HR: pr\u00e1ctico y actual","article_published_time":"2019-09-18T16:09:08+00:00","article_modified_time":"2026-02-01T19:32:24+00:00","og_image":[{"width":1140,"height":640,"url":"https:\/\/www.bizneo.com\/blog\/wp-content\/uploads\/2019\/09\/calculo-horas-extra.jpg","type":"image\/jpeg"}],"author":"Administrador","twitter_card":"summary_large_image","twitter_misc":{"Escrito por":"Administrador","Tiempo de lectura":"8 minutos"},"schema":{"@context":"https:\/\/schema.org","@graph":[{"@type":["Article","BlogPosting"],"@id":"https:\/\/www.bizneo.com\/blog\/calculo-de-horas-extra\/#article","isPartOf":{"@id":"https:\/\/www.bizneo.com\/blog\/calculo-de-horas-extra\/"},"author":{"name":"Administrador","@id":"https:\/\/www.bizneo.com\/blog\/#\/schema\/person\/23f3b7a861d694d27c594a66068cb263"},"headline":"C\u00f3mo calcular las horas extra de tus empleados","datePublished":"2019-09-18T16:09:08+00:00","dateModified":"2026-02-01T19:32:24+00:00","mainEntityOfPage":{"@id":"https:\/\/www.bizneo.com\/blog\/calculo-de-horas-extra\/"},"wordCount":1407,"commentCount":1,"publisher":{"@id":"https:\/\/www.bizneo.com\/blog\/#organization"},"image":{"@id":"https:\/\/www.bizneo.com\/blog\/calculo-de-horas-extra\/#primaryimage"},"thumbnailUrl":"https:\/\/www.bizneo.com\/blog\/wp-content\/uploads\/2019\/09\/calculo-horas-extra.jpg","keywords":["Gesti\u00f3n del tiempo"],"articleSection":["Control Horario","Gesti\u00f3n del Tiempo"],"inLanguage":"es","potentialAction":[{"@type":"CommentAction","name":"Comment","target":["https:\/\/www.bizneo.com\/blog\/calculo-de-horas-extra\/#respond"]}]},{"@type":"WebPage","@id":"https:\/\/www.bizneo.com\/blog\/calculo-de-horas-extra\/","url":"https:\/\/www.bizneo.com\/blog\/calculo-de-horas-extra\/","name":"C\u00e1lculo de horas extras | GU\u00cdA PR\u00c1CTICA para RR. HH.","isPartOf":{"@id":"https:\/\/www.bizneo.com\/blog\/#website"},"primaryImageOfPage":{"@id":"https:\/\/www.bizneo.com\/blog\/calculo-de-horas-extra\/#primaryimage"},"image":{"@id":"https:\/\/www.bizneo.com\/blog\/calculo-de-horas-extra\/#primaryimage"},"thumbnailUrl":"https:\/\/www.bizneo.com\/blog\/wp-content\/uploads\/2019\/09\/calculo-horas-extra.jpg","datePublished":"2019-09-18T16:09:08+00:00","dateModified":"2026-02-01T19:32:24+00:00","description":"El c\u00e1lculo de horas extras puede ser un quebradero de cabeza para RR.HH. Por fortuna es posible agilizarlo con un software adecuado.","breadcrumb":{"@id":"https:\/\/www.bizneo.com\/blog\/calculo-de-horas-extra\/#breadcrumb"},"inLanguage":"es","potentialAction":[{"@type":"ReadAction","target":["https:\/\/www.bizneo.com\/blog\/calculo-de-horas-extra\/"]}]},{"@type":"ImageObject","inLanguage":"es","@id":"https:\/\/www.bizneo.com\/blog\/calculo-de-horas-extra\/#primaryimage","url":"https:\/\/www.bizneo.com\/blog\/wp-content\/uploads\/2019\/09\/calculo-horas-extra.jpg","contentUrl":"https:\/\/www.bizneo.com\/blog\/wp-content\/uploads\/2019\/09\/calculo-horas-extra.jpg","width":1140,"height":640,"caption":"calculo horas extra"},{"@type":"BreadcrumbList","@id":"https:\/\/www.bizneo.com\/blog\/calculo-de-horas-extra\/#breadcrumb","itemListElement":[{"@type":"ListItem","position":1,"name":"Portada","item":"https:\/\/www.bizneo.com\/blog\/"},{"@type":"ListItem","position":2,"name":"Gesti\u00f3n del Tiempo","item":"https:\/\/www.bizneo.com\/blog\/category\/gestion-del-tiempo\/"},{"@type":"ListItem","position":3,"name":"C\u00f3mo calcular las horas extra de tus empleados"}]},{"@type":"WebSite","@id":"https:\/\/www.bizneo.com\/blog\/#website","url":"https:\/\/www.bizneo.com\/blog\/","name":"Blog de Recursos Humanos de Bizneo HR: pr\u00e1ctico y actual","description":"Todo sobre actualidad, herramientas y tecnolog\u00eda  para optimizar la gesti\u00f3n del talento humano","publisher":{"@id":"https:\/\/www.bizneo.com\/blog\/#organization"},"potentialAction":[{"@type":"SearchAction","target":{"@type":"EntryPoint","urlTemplate":"https:\/\/www.bizneo.com\/blog\/?s={search_term_string}"},"query-input":{"@type":"PropertyValueSpecification","valueRequired":true,"valueName":"search_term_string"}}],"inLanguage":"es"},{"@type":"Organization","@id":"https:\/\/www.bizneo.com\/blog\/#organization","name":"Bizneo HR","url":"https:\/\/www.bizneo.com\/blog\/","logo":{"@type":"ImageObject","inLanguage":"es","@id":"https:\/\/www.bizneo.com\/blog\/#\/schema\/logo\/image\/","url":"https:\/\/www.bizneo.com\/blog\/wp-content\/uploads\/2020\/09\/Icono-Logo-Bizneo-HR.png","contentUrl":"https:\/\/www.bizneo.com\/blog\/wp-content\/uploads\/2020\/09\/Icono-Logo-Bizneo-HR.png","width":834,"height":834,"caption":"Bizneo HR"},"image":{"@id":"https:\/\/www.bizneo.com\/blog\/#\/schema\/logo\/image\/"}},{"@type":"Person","@id":"https:\/\/www.bizneo.com\/blog\/#\/schema\/person\/23f3b7a861d694d27c594a66068cb263","name":"Administrador","image":{"@type":"ImageObject","inLanguage":"es","@id":"https:\/\/secure.gravatar.com\/avatar\/5240687c03eb00a22ec4ce88f6f19c78d1de2f9e3c062c75d4dda4e8ffbdc4f6?s=96&d=mm&r=g","url":"https:\/\/secure.gravatar.com\/avatar\/5240687c03eb00a22ec4ce88f6f19c78d1de2f9e3c062c75d4dda4e8ffbdc4f6?s=96&d=mm&r=g","contentUrl":"https:\/\/secure.gravatar.com\/avatar\/5240687c03eb00a22ec4ce88f6f19c78d1de2f9e3c062c75d4dda4e8ffbdc4f6?s=96&d=mm&r=g","caption":"Administrador"},"url":"https:\/\/www.bizneo.com\/blog\/author\/sistemas\/"}]}},"spectra_custom_meta":{"_is_githuber_markdown":["1"],"_edit_lock":["1769974577:47"],"_edit_last":["47"],"_is_githuber_mermaid":[""],"_is_githuber_katex":[""],"_thumbnail_id":["4471"],"_yoast_wpseo_focuskw":["c\u00e1lculo de horas extras"],"_yoast_wpseo_title":["C\u00e1lculo de horas extras | GU\u00cdA PR\u00c1CTICA para RR. HH."],"_yoast_wpseo_metadesc":["El c\u00e1lculo de horas extras puede ser un quebradero de cabeza para RR.HH. Por fortuna es posible agilizarlo con un software adecuado."],"_yoast_wpseo_linkdex":["86"],"_yoast_wpseo_content_score":["90"],"_yoast_wpseo_primary_category":["89"],"_vce_meta":["a:4:{s:11:\"use_sidebar\";s:7:\"inherit\";s:7:\"sidebar\";s:7:\"inherit\";s:14:\"sticky_sidebar\";s:7:\"inherit\";s:6:\"layout\";s:7:\"inherit\";}"],"_is_githuber_markdown_enabled":["no"],"onesignal_meta_box_present":["1"],"onesignal_send_notification":[""],"_is_githuber_mathjax":[""],"_githuber_prismjs":[""],"_githuber_highlightjs":[""],"_is_githuber_sequence":[""],"_is_githuber_flow_chart":[""],"onesignal_modify_title_and_content":[""],"onesignal_notification_custom_heading":[null],"onesignal_notification_custom_content":[null],"_yoast_wpseo_estimated-reading-time-minutes":["8"],"response_body":["{\"id\":\"abb37f86-089f-4c2c-97cf-36b772bbdb91\",\"recipients\":4942,\"external_id\":\"cc57415b-8b87-70f6-6579-48afc23555c5\",\"warnings\":[\"You must configure iOS notifications in your OneSignal settings if you wish to send messages to iOS users.\",\"You must configure Android notifications in your OneSignal settings if you wish to send messages to Android users.\"]}"],"status":["200"],"recipients":["4942"],"Views":["7732"],"wp_review_type":["none"],"_at_widget":["1"],"_yoast_wpseo_wordproof_timestamp":[""],"wp_review_user_reviews":["0"],"wp_review_review_count":["0"],"wp_review_positive_count":["0"],"wp_review_negative_count":["0"],"_uag_css_file_name":["uag-css-4476.css"],"_uag_page_assets":["a:9:{s:3:\"css\";s:263:\".uag-blocks-common-selector{z-index:var(--z-index-desktop) !important}@media (max-width: 976px){.uag-blocks-common-selector{z-index:var(--z-index-tablet) !important}}@media (max-width: 767px){.uag-blocks-common-selector{z-index:var(--z-index-mobile) !important}}\n\";s:2:\"js\";s:0:\"\";s:18:\"current_block_list\";a:8:{i:0;s:14:\"core\/paragraph\";i:1;s:12:\"core\/heading\";i:2;s:9:\"core\/html\";i:3;s:9:\"core\/list\";i:4;s:14:\"core\/list-item\";i:5;s:10:\"core\/image\";i:6;s:12:\"core\/details\";i:7;s:14:\"core\/shortcode\";}s:8:\"uag_flag\";b:0;s:11:\"uag_version\";s:10:\"1777548730\";s:6:\"gfonts\";a:0:{}s:10:\"gfonts_url\";s:0:\"\";s:12:\"gfonts_files\";a:0:{}s:14:\"uag_faq_layout\";b:0;}"]},"uagb_featured_image_src":{"full":["https:\/\/www.bizneo.com\/blog\/wp-content\/uploads\/2019\/09\/calculo-horas-extra.jpg",1140,640,false],"thumbnail":["https:\/\/www.bizneo.com\/blog\/wp-content\/uploads\/2019\/09\/calculo-horas-extra-150x150.jpg",150,150,true],"medium":["https:\/\/www.bizneo.com\/blog\/wp-content\/uploads\/2019\/09\/calculo-horas-extra-300x168.jpg",300,168,true],"medium_large":["https:\/\/www.bizneo.com\/blog\/wp-content\/uploads\/2019\/09\/calculo-horas-extra-768x431.jpg",768,431,true],"large":["https:\/\/www.bizneo.com\/blog\/wp-content\/uploads\/2019\/09\/calculo-horas-extra-1024x575.jpg",1024,575,true],"1536x1536":["https:\/\/www.bizneo.com\/blog\/wp-content\/uploads\/2019\/09\/calculo-horas-extra.jpg",1140,640,false],"2048x2048":["https:\/\/www.bizneo.com\/blog\/wp-content\/uploads\/2019\/09\/calculo-horas-extra.jpg",1140,640,false]},"uagb_author_info":{"display_name":"Administrador","author_link":"https:\/\/www.bizneo.com\/blog\/author\/sistemas\/"},"uagb_comment_info":1,"uagb_excerpt":"Un software de gesti\u00f3n de tiempo acaba con los quebraderos de cabeza en el c\u00e1lculo de horas extra.","_links":{"self":[{"href":"https:\/\/www.bizneo.com\/blog\/wp-json\/wp\/v2\/posts\/4476","targetHints":{"allow":["GET"]}}],"collection":[{"href":"https:\/\/www.bizneo.com\/blog\/wp-json\/wp\/v2\/posts"}],"about":[{"href":"https:\/\/www.bizneo.com\/blog\/wp-json\/wp\/v2\/types\/post"}],"author":[{"embeddable":true,"href":"https:\/\/www.bizneo.com\/blog\/wp-json\/wp\/v2\/users\/1"}],"replies":[{"embeddable":true,"href":"https:\/\/www.bizneo.com\/blog\/wp-json\/wp\/v2\/comments?post=4476"}],"version-history":[{"count":50,"href":"https:\/\/www.bizneo.com\/blog\/wp-json\/wp\/v2\/posts\/4476\/revisions"}],"predecessor-version":[{"id":59712,"href":"https:\/\/www.bizneo.com\/blog\/wp-json\/wp\/v2\/posts\/4476\/revisions\/59712"}],"wp:featuredmedia":[{"embeddable":true,"href":"https:\/\/www.bizneo.com\/blog\/wp-json\/wp\/v2\/media\/4471"}],"wp:attachment":[{"href":"https:\/\/www.bizneo.com\/blog\/wp-json\/wp\/v2\/media?parent=4476"}],"wp:term":[{"taxonomy":"category","embeddable":true,"href":"https:\/\/www.bizneo.com\/blog\/wp-json\/wp\/v2\/categories?post=4476"},{"taxonomy":"post_tag","embeddable":true,"href":"https:\/\/www.bizneo.com\/blog\/wp-json\/wp\/v2\/tags?post=4476"}],"curies":[{"name":"wp","href":"https:\/\/api.w.org\/{rel}","templated":true}]}}