{"id":4102,"date":"2019-08-22T09:32:25","date_gmt":"2019-08-22T08:32:25","guid":{"rendered":"https:\/\/www.bizneo.com\/blog\/?p=4102"},"modified":"2026-02-01T20:36:15","modified_gmt":"2026-02-01T19:36:15","slug":"vacaciones-de-trabajo","status":"publish","type":"post","link":"https:\/\/www.bizneo.com\/blog\/vacaciones-de-trabajo\/","title":{"rendered":"19 dudas frecuentes sobre las vacaciones de trabajo. Ahora resueltas"},"content":{"rendered":"\n<p>Disfrutar de un periodo de <strong>vacaciones de trabajo<\/strong> es uno de los derechos m\u00e1s importantes de los empleados; una cuesti\u00f3n que incide sobre su bienestar y que <strong>repercute en la productividad de la empresa<\/strong>. Acerca de esta cuesti\u00f3n, sin embargo, suelen surgir m\u00faltiples preguntas y dudas, algunas de ellas relacionadas con la legislaci\u00f3n y otra que tienen que ver directamente con c\u00f3mo gestionar la <a href=\"\/blog\/todo-lo-que-necesitas-saber-sobre-la-solicitud-de-vacaciones-laborales\/\" target=\"_blank\" rel=\"noreferrer noopener\" data-wpel-link=\"internal\">solicitud de vacaciones<\/a> de los empleados. Hoy tratamos de resolverlas.<\/p>\n\n\n\n<h2 class=\"wp-block-heading\">D\u00f3nde queda recogido este derecho al descanso<\/h2>\n\n\n\n<p>El derecho al <a href=\"https:\/\/www.bizneo.com\/blog\/descanso-en-el-trabajo\/\" data-wpel-link=\"internal\" target=\"_blank\">descanso en la jornada laboral<\/a>, a las vacaciones de trabajo de los espa\u00f1oles tal y como lo conocemos hoy, fue aprobado por el <a href=\"https:\/\/www.boe.es\/buscar\/act.php?id=BOE-A-2015-11430&amp;tn=1&amp;p=20190312\" target=\"_blank\" rel=\"noreferrer noopener nofollow\" data-wpel-link=\"external\">Real Decreto Legislativo 2\/2015 del 23 de octubre<\/a>, por el que se aprobaba el texto refundido de la  Ley del Estatuto de los Trabajadores. Se trata de su \u00faltima actualizaci\u00f3n.<\/p>\n\n\n\n<p>En cualquier caso, es el <strong><a href=\"https:\/\/www.boe.es\/buscar\/pdf\/1995\/BOE-A-1995-7730-consolidado.pdf\" target=\"_blank\" rel=\"noreferrer noopener nofollow\" data-wpel-link=\"external\">Estatuto de los Trabajadores<\/a><\/strong> el que rige. Las condiciones m\u00ednimas se exigen en su <strong>art\u00edculo 38<\/strong>, que regula las vacaciones anuales. Directamente relacionado con las vacaciones, la legislaci\u00f3n tambi\u00e9n recoge los descansos semanales, fiestas y permisos.<\/p>\n\n\n\n<bzn-info><a href=\"\/blog\/como-se-calculan-las-vacaciones\/\" id=\"destacado-post\" target=\"_blank\" rel=\"noopener noreferrer\" data-wpel-link=\"internal\"><span class=\"bzn-link-title\"><strong>C\u00d3MO CALCULAR LAS VACACIONES DE TUS EMPLEADOS<\/strong><\/span> <br>Gu\u00eda pr\u00e1ctica para gestionar el descanso de tu plantilla<\/br><\/a><\/bzn-info>\n\n\n\n<p><\/p>\n\n\n\n<h2 class=\"wp-block-heading\">Por qu\u00e9 es importante cogerse vacaciones de trabajo<\/h2>\n\n\n\n<figure class=\"wp-block-image\"><img decoding=\"async\" width=\"1024\" height=\"575\" src=\"https:\/\/www.bizneo.com\/blog\/wp-content\/uploads\/2019\/07\/solicitud-vacaciones-laborales-1024x575.jpg\" alt=\"solicitud de vacaciones\" class=\"wp-image-3755\" srcset=\"https:\/\/www.bizneo.com\/blog\/wp-content\/uploads\/2019\/07\/solicitud-vacaciones-laborales-1024x575.jpg 1024w, https:\/\/www.bizneo.com\/blog\/wp-content\/uploads\/2019\/07\/solicitud-vacaciones-laborales-300x168.jpg 300w, https:\/\/www.bizneo.com\/blog\/wp-content\/uploads\/2019\/07\/solicitud-vacaciones-laborales-768x431.jpg 768w, https:\/\/www.bizneo.com\/blog\/wp-content\/uploads\/2019\/07\/solicitud-vacaciones-laborales-810x455.jpg 810w, https:\/\/www.bizneo.com\/blog\/wp-content\/uploads\/2019\/07\/solicitud-vacaciones-laborales.jpg 1140w\" sizes=\"(max-width: 1024px) 100vw, 1024px\" \/><\/figure>\n\n\n\n<p>Pero descansar no es solo un derecho, sino una necesidad, tanto para el trabajador como para la empresa. No hacerlo puede conllevar graves <strong>problemas de salud<\/strong>, desde el punto de vista psicol\u00f3gico y f\u00edsico. Sobre todo si se acumula un estr\u00e9s de manera continuada en el tiempo.<\/p>\n\n\n\n<p>Entre otros, las personas que no se toman un respiro laboral acarrean <strong>problemas de memoria<\/strong>, tensi\u00f3n e incluso dificultades para conciliar el sue\u00f1o. Esta falta de sue\u00f1o incrementa los niveles de cortisol \u2013la hormona del estr\u00e9s\u2013 y la sensaci\u00f3n de apetito; lo que podr\u00eda derivar en cambios de peso.<\/p>\n\n\n\n<p>Asimismo, <strong>se debilita el sistema inmune<\/strong> \u2013de forma que los empleados que no desconectan tienden a ponerse enfermos m\u00e1s a menudo\u2013 y suelen estar m\u00e1s irritables. Tambi\u00e9n puede alterarse su deseo sexual. Otras consecuencias f\u00edsicas son el incremento del az\u00facar en sangre, las migra\u00f1as, el dolor muscular, la aparici\u00f3n de calambres y el aumento del riesgo de enfermedad cardiovascular. <\/p>\n\n\n\n<p><strong>Respecto a la compa\u00f1\u00eda y m\u00e1s all\u00e1 de la enfermedad<\/strong>, tomarse unas vacaciones de trabajo mejora la <a href=\"https:\/\/www.bizneo.com\/blog\/productividad-en-el-trabajo\/\" data-wpel-link=\"internal\" target=\"_blank\">productividad laboral<\/a> entre un 10% y un 15%, pues cuando descansamos nuestro cuerpo genera endorfinas, dopamina y serotonina. Por desgracia, solo uno de cada tres trabajadores consigue desconectar en vacaciones. El dato resulta preocupante si tenemos en cuenta que casi 1 de cada 5 trabajadores corre el riesgo de desarrollar el <strong>s\u00edndrome de <\/strong><em><strong>burnout<\/strong><\/em><strong> <\/strong>(o s\u00edndrome del trabajador quemado).<\/p>\n\n\n\n<bzn-down><a href=\"https:\/\/hello.bizneo.com\/guia-absentismo-y-estrategia-en-rrhh\/?utm_content=post-destacado\" id=\"destacado-wc-descarga\" target=\"_blank\" rel=\"noopener noreferrer\" data-wpel-link=\"internal\"><span class=\"bzn-link-title\">GU\u00cdA DESCARGABLE: TODO SOBRE ABSENTISMO LABORAL Y C\u00d3MO REDUCIRLO<\/span>Eval\u00faa el impacto que tiene sobre tu empresa y aplica ideas para reducirlo.<\/a><\/bzn-down>\n\n\n\n<p><\/p>\n\n\n\n<h2 class=\"wp-block-heading\">Cu\u00e1ndo empiezan a generase las vacaciones de trabajo<\/h2>\n\n\n\n<p>Las vacaciones de trabajo <strong>comienzan a generarse con cada a\u00f1o natural<\/strong>, es decir, del 1 de enero al 31 de diciembre. En el momento en el que existe una relaci\u00f3n laboral, el trabajador adquiere este derecho.<\/p>\n\n\n\n<p>Por otra parte, <strong>cuando el trabajador se incorpora a medio a\u00f1o<\/strong> y, por tanto, presta sus servicios durante un periodo inferior al a\u00f1o, tiene derecho a la parte proporcional de vacaciones. La manera de calcular este periodo ser\u00e1 mediante una sencilla regla de tres.<\/p>\n\n\n\n<figure class=\"wp-block-image size-large\"><a href=\"https:\/\/hello.bizneo.com\/kit\/gestion-del-tiempo\/?utm_content=post-KIT-Tiempo\" data-wpel-link=\"internal\" target=\"_blank\"><img decoding=\"async\" width=\"1024\" height=\"307\" src=\"https:\/\/www.bizneo.com\/blog\/wp-content\/uploads\/2023\/03\/KIT-Tiempo-1-1024x307.png\" alt=\"Kit de Gesti\u00f3n del Tiempo\" class=\"wp-image-39178\" srcset=\"https:\/\/www.bizneo.com\/blog\/wp-content\/uploads\/2023\/03\/KIT-Tiempo-1-1024x307.png 1024w, https:\/\/www.bizneo.com\/blog\/wp-content\/uploads\/2023\/03\/KIT-Tiempo-1-300x90.png 300w, https:\/\/www.bizneo.com\/blog\/wp-content\/uploads\/2023\/03\/KIT-Tiempo-1-768x230.png 768w, https:\/\/www.bizneo.com\/blog\/wp-content\/uploads\/2023\/03\/KIT-Tiempo-1-810x243.png 810w, https:\/\/www.bizneo.com\/blog\/wp-content\/uploads\/2023\/03\/KIT-Tiempo-1-1140x342.png 1140w, https:\/\/www.bizneo.com\/blog\/wp-content\/uploads\/2023\/03\/KIT-Tiempo-1.png 1360w\" sizes=\"(max-width: 1024px) 100vw, 1024px\" \/><\/a><\/figure>\n\n\n\n<h2 class=\"wp-block-heading\">Cu\u00e1ndo pueden disfrutarse las vacaciones de trabajo<\/h2>\n\n\n\n<p>Cuando lo acuerden la empresa y el trabajador ser\u00e1 cuando puedan disfrutarse las vacaciones de trabajo. En este punto, tambi\u00e9n cabe comentar que ya no es posible iniciar el periodo de vacaciones en un d\u00eda festivo o inh\u00e1bil. <\/p>\n\n\n\n<p>Adem\u00e1s, si las vacaciones coinciden con d\u00edas no laborables \u2013imaginemos, un puente o similares\u2013, estos no computar\u00e1n como vacaciones de trabajo. Aqu\u00ed tambi\u00e9n <strong>existen diferencias en funci\u00f3n de si el convenio se refiere a d\u00edas naturales o laborables<\/strong>. En el primer caso podr\u00edan perderse.<\/p>\n\n\n\n<h2 class=\"wp-block-heading\">Cu\u00e1l es la duraci\u00f3n de las vacaciones de trabajo establecida por la ley<\/h2>\n\n\n\n<p>La duraci\u00f3n de las vacaciones de trabajo <strong>tiende a cambiar en funci\u00f3n del convenio y de la compa\u00f1\u00eda<\/strong>. Sin embargo, la ley establece que este descanso no puede ser inferior a 30 d\u00edas naturales \u2013en este c\u00f3mputo se incluyen los domingos y los festivos, lo que equivaldr\u00eda a 22 d\u00edas laborales\u2013.  En definitiva: que cada empleado tiene derecho o genera dos d\u00edas y medio por mes trabajado.<\/p>\n\n\n\n<p>Algo que tiene much\u00edsimo sentido pues, seg\u00fan <a href=\"\/blog\/trabajadores-desconectar-vacaciones\/\" target=\"_blank\" rel=\"noreferrer noopener\" data-wpel-link=\"internal\">un informe<\/a> elaborado por Bizneo HR, hasta e<strong>l 40% de los empleados necesitan dos semanas o m\u00e1s<\/strong> para desconectar del trabajo. Sin embargo, este periodo puede variar enormemente en funci\u00f3n del pa\u00eds en el que se trabaje, la legislaci\u00f3n vigente y un largo etc\u00e9tera de cuestiones.<\/p>\n\n\n\n<h2 class=\"wp-block-heading\">\u00bfY si es un trabajador a media jornada?<\/h2>\n\n\n\n<p>Los trabajadores que cuentan con un contrato parcial no tienen menos d\u00edas de vacaciones que aquellos que lo hacen a jornada completa. Es decir, <strong>por trabajar media jornada no se tienen la mitad de las vacaciones<\/strong>. <\/p>\n\n\n\n<p>Lo que s\u00ed recibir\u00e1 este empleado es una compensaci\u00f3n acorde a su jornada y l\u00f3gicamente menor que la de una persona que trabaje a tiempo completo.<\/p>\n\n\n\n<div id=\"cbox-EEG7aVSGmxe2ZB5R\"><\/div>\n\n\n\n<p><\/p>\n\n\n\n<h2 class=\"wp-block-heading\">\u00bfPueden cogerse de una sola vez?<\/h2>\n\n\n\n<p>Efectivamente, las vacaciones pueden disfrutarse de una sola vez. Pero lo cierto es que no resulta habitual y que <strong>es dif\u00edcil que empleado y empresa se pongan de acuerdo<\/strong> para establecerlo de esta manera.<\/p>\n\n\n\n<p>En cualquier caso, las vacaciones de trabajo pueden fragmentarse siempre que uno de los periodos solicitados sea de dos semanas completas sin interrupci\u00f3n.<\/p>\n\n\n\n<h2 class=\"wp-block-heading\">\u00bfLas vacaciones de trabajo caducan?<\/h2>\n\n\n\n<p>Existe un l\u00edmite para disfrutar de las vacaciones de trabajo, habitualmente <strong>el fin del a\u00f1o natural<\/strong>. Salvo que el convenio o un pacto con la compa\u00f1\u00eda indiquen lo contrario. O sea, que no se pueden acumular de un a\u00f1o a otro. Si no se ha disfrutado de ellas antes del 31 de diciembre, se pueden perder.<\/p>\n\n\n\n<p>\u00danicamente suele ampliarse este plazo en supuestos muy concretos: <\/p>\n\n\n\n<p>En caso de cualquier <strong>incapacidad<\/strong> <strong>temporal<\/strong> que haga imposible que el trabajador disfrute de sus vacaciones durante el a\u00f1o natural que le corresponden. Eso s\u00ed, siempre <strong>que no hayan pasado m\u00e1s de 18 meses <\/strong>desde el final del a\u00f1o en el que se hayan generado estas vacaciones.<\/p>\n\n\n\n<p>Cuando las vacaciones se solapen con el per\u00edodo de suspensi\u00f3n del contrato de trabajo que se prev\u00e9 en los apartados 4, 5 y 7 del Art. 48 del Estatuto de los Trabajadores:<\/p>\n\n\n\n<p>Si las vacaciones coinciden con una incapacidad temporal fruto del embarazo, del parto o de la lactancia.<br><\/p>\n\n\n\n<ul class=\"wp-block-list\">\n<li>Por nacimiento de un hijo (16 semanas).<\/li>\n\n\n\n<li>Por adopci\u00f3n, guarda y acogimiento (16 semanas).<\/li>\n\n\n\n<li>Por riesgo durante el embarazo o la lactancia natural.<\/li>\n<\/ul>\n\n\n\n<p>Tampoco suele aplicarse de manera tan estricta en los contratos que tienen una duraci\u00f3n determinada.<\/p>\n\n\n\n<h2 class=\"wp-block-heading\">\u00bfPueden establecerse preferencias seg\u00fan la situaci\u00f3n del trabajador?<\/h2>\n\n\n\n<p>A menos que el convenio diga lo contrario, <strong>como empresa no podemos dar prioridad o discriminar entre trabajadores<\/strong>, independientemente de su situaci\u00f3n. Nos estamos refiriendo, por ejemplo, al caso de aquellos empleados que tengan hijos o que cuenten con mayor antig\u00fcedad. No deber\u00eda haber preferencias.<\/p>\n\n\n\n<bzn-info><a href=\"\/blog\/control-de-vacaciones\/\" id=\"destacado-post\" target=\"_blank\" rel=\"noopener noreferrer\" data-wpel-link=\"internal\"><span class=\"bzn-link-title\"><strong>C\u00d3MO LLEVAR UN CONTROL EFECTIVO DE LAS VACACIONES<\/strong><\/span> <br>Descubre las claves para gestionar una pol\u00edtica vacacional flexible.<\/br><\/a><\/bzn-info>\n\n\n\n<p><\/p>\n\n\n\n<h2 class=\"wp-block-heading\">C\u00f3mo influyen las bajas en las vacaciones de trabajo<\/h2>\n\n\n\n<p>Una de las grandes inc\u00f3gnitas sobre las vacaciones de trabajo es si aquellos trabajadores de baja tienen derecho a disfrutarlas de igual modo. En este caso, <strong>si el periodo de vacaciones coincide con una baja m\u00e9dica o incapacidad temporal<\/strong>, el empleado tendr\u00e1 derecho a recuperar esos d\u00edas. <\/p>\n\n\n\n<p>Es decir, le corresponder\u00eda un periodo nuevo que tendr\u00e1 que disfrutar <strong>cuando termine su incapacidad y antes de que transcurran 18 meses<\/strong> \u2013respecto del a\u00f1o en el que tendr\u00eda que haber disfrutado de sus vacaciones\u2013.<\/p>\n\n\n\n<p>Nuestra herramienta<strong> automatiza el control y planificaci\u00f3n de d\u00edas disponibles, pendientes y gastados<\/strong>. Un sistema para para pymes y grandes empresas que facilita la gesti\u00f3n tanto del responsable como del empleado. <\/p>\n\n\n\n<figure class=\"wp-block-image size-large\"><a href=\"\/gestor-vacaciones\/\" target=\"_blank\" rel=\"noreferrer noopener\" data-wpel-link=\"internal\"><img decoding=\"async\" width=\"1024\" height=\"687\" src=\"https:\/\/www.bizneo.com\/blog\/wp-content\/uploads\/2020\/05\/Software-de-Recursos-Humanos-para-vacaciones-1024x687.webp\" alt=\"Software de vacaciones de empleados\" class=\"wp-image-18385\" srcset=\"https:\/\/www.bizneo.com\/blog\/wp-content\/uploads\/2020\/05\/Software-de-Recursos-Humanos-para-vacaciones-1024x687.webp 1024w, https:\/\/www.bizneo.com\/blog\/wp-content\/uploads\/2020\/05\/Software-de-Recursos-Humanos-para-vacaciones-300x201.webp 300w, https:\/\/www.bizneo.com\/blog\/wp-content\/uploads\/2020\/05\/Software-de-Recursos-Humanos-para-vacaciones-768x515.webp 768w, https:\/\/www.bizneo.com\/blog\/wp-content\/uploads\/2020\/05\/Software-de-Recursos-Humanos-para-vacaciones-810x543.webp 810w, https:\/\/www.bizneo.com\/blog\/wp-content\/uploads\/2020\/05\/Software-de-Recursos-Humanos-para-vacaciones-1140x765.webp 1140w, https:\/\/www.bizneo.com\/blog\/wp-content\/uploads\/2020\/05\/Software-de-Recursos-Humanos-para-vacaciones.webp 1500w\" sizes=\"(max-width: 1024px) 100vw, 1024px\" \/><\/a><\/figure>\n\n\n\n<h2 class=\"wp-block-heading\">\u00bfPuede la empresa negar las vacaciones de trabajo?<\/h2>\n\n\n\n<p>Aunque trabajador y empresa deben ponerse de acuerdo a la hora de fijar las vacaciones, la compa\u00f1\u00eda s\u00ed tiene derecho a negar el periodo solicitado ante determinadas circunstancias. En concreto, por lo que se conoce como \u00abnecesidades del servicio\u00bb. Estas necesidades, eso s\u00ed, <strong>siempre deber\u00e1n estar correctamente justificadas<\/strong>. Tras negarse las vacaciones, deber\u00e1 acordarse un nuevo periodo con el trabajador.<\/p>\n\n\n\n<p><strong>Podr\u00e1n negarse las vacaciones cuando<\/strong>:<\/p>\n\n\n\n<ul class=\"wp-block-list\">\n<li>El convenio establezca cuando se toman pero las fechas solicitadas por el trabajador con coincidan con ellas.<\/li>\n\n\n\n<li>Si el periodo de vacaciones coincide con el que han pedido otros trabajadores de la empresa del mismo nivel o que realizan las mismas funciones.<\/li>\n<\/ul>\n\n\n\n<h2 class=\"wp-block-heading\">Con cu\u00e1nta antelaci\u00f3n deben conocerse las vacaciones de trabajo<\/h2>\n\n\n\n<p>El empleado deber\u00e1 conocer el calendario de vacaciones de la compa\u00f1\u00eda y las fechas que le corresponden <strong>al menos dos meses antes del disfrute de sus vacaciones<\/strong>. Esto, salvo que el Convenio Colectivo fije un plazo superior \u2013cada convenio tiene sus particularidades\u2013.  <\/p>\n\n\n\n<p>Resulta conveniente que las vacaciones se otorguen por escrito, con el fin de evitar problemas a posteriori.<\/p>\n\n\n\n<h2 class=\"wp-block-heading\">Qui\u00e9n decide la fecha de las vacaciones<\/h2>\n\n\n\n<figure class=\"wp-block-image\"><img decoding=\"async\" width=\"1024\" height=\"575\" src=\"https:\/\/www.bizneo.com\/blog\/wp-content\/uploads\/2019\/08\/AdobeStock_23971650-1-2-1024x575.jpeg\" alt=\"plantilla de solicitud de vacaciones\" class=\"wp-image-4095\" srcset=\"https:\/\/www.bizneo.com\/blog\/wp-content\/uploads\/2019\/08\/AdobeStock_23971650-1-2-1024x575.jpeg 1024w, https:\/\/www.bizneo.com\/blog\/wp-content\/uploads\/2019\/08\/AdobeStock_23971650-1-2-300x168.jpeg 300w, https:\/\/www.bizneo.com\/blog\/wp-content\/uploads\/2019\/08\/AdobeStock_23971650-1-2-768x431.jpeg 768w, https:\/\/www.bizneo.com\/blog\/wp-content\/uploads\/2019\/08\/AdobeStock_23971650-1-2-810x455.jpeg 810w, https:\/\/www.bizneo.com\/blog\/wp-content\/uploads\/2019\/08\/AdobeStock_23971650-1-2.jpeg 1140w\" sizes=\"(max-width: 1024px) 100vw, 1024px\" \/><\/figure>\n\n\n\n<p>Otra de las dudas frecuentes tiene que ver con qui\u00e9n escoge la fecha de las vacaciones. Es decir, si la empresa puede imponerlas o el trabajador tiene la potestad de solicitar las fechas que desee. En concreto, el art\u00edculo 38 referido establece que el per\u00edodo de disfrute deber\u00e1 ser acordado por la empresa y el trabajador <strong>de conformidad con lo que marquen los convenios colectivos<\/strong>.<\/p>\n\n\n\n<figure class=\"wp-block-image size-large\"><a href=\"https:\/\/hello.bizneo.com\/news-letter-suscripcion\/?utm_content=newsletter-banner\" target=\"_blank\" rel=\"noreferrer noopener\" data-wpel-link=\"internal\"><img decoding=\"async\" width=\"1360\" height=\"204\" src=\"https:\/\/www.bizneo.com\/blog\/wp-content\/uploads\/2021\/04\/Newsletter.jpg\" alt=\"imagen que invita a suscribirse a la newsletter de Bizneo HR\" class=\"wp-image-21156\" srcset=\"https:\/\/www.bizneo.com\/blog\/wp-content\/uploads\/2021\/04\/Newsletter.jpg 1360w, https:\/\/www.bizneo.com\/blog\/wp-content\/uploads\/2021\/04\/Newsletter-300x45.jpg 300w, https:\/\/www.bizneo.com\/blog\/wp-content\/uploads\/2021\/04\/Newsletter-1024x154.jpg 1024w, https:\/\/www.bizneo.com\/blog\/wp-content\/uploads\/2021\/04\/Newsletter-768x115.jpg 768w, https:\/\/www.bizneo.com\/blog\/wp-content\/uploads\/2021\/04\/Newsletter-810x122.jpg 810w, https:\/\/www.bizneo.com\/blog\/wp-content\/uploads\/2021\/04\/Newsletter-1140x171.jpg 1140w\" sizes=\"(max-width: 1360px) 100vw, 1360px\" \/><\/a><\/figure>\n\n\n\n<p>Es decir, <strong>ni el trabajador podr\u00e1 imponer sus vacaciones, ni tampoco podr\u00e1 hacerlo la empresa.<\/strong> En caso de que ambas partes no se pongan de acuerdo,  ser\u00e1 la jurisdicci\u00f3n competente la que decida una fecha no recurrible. Asimismo, existe la creencia de que el trabajador podr\u00e1 elegir 15 d\u00edas y la empresa otros 15. <\/p>\n\n\n\n<p>Sin embargo, nada m\u00e1s lejos, siempre tendr\u00e1n que estar conformes ambas partes y ninguna podr\u00e1 tomar la decisi\u00f3n de manera unilateral. De hecho, si lo hace el empleado, esto <strong>podr\u00eda ser motivo de despido disciplinario<\/strong>.<\/p>\n\n\n\n<p>Eso s\u00ed, deber\u00e1 existir un <strong>calendario de vacaciones fijado por la empresa<\/strong>; y el trabajador tendr\u00e1 que conocer con dos meses de antelaci\u00f3n al menos, qu\u00e9 fechas le corresponden. El acuerdo deber\u00e1 constar por escrito.<\/p>\n\n\n\n<h2 class=\"wp-block-heading\">\u00bfPuede modificarse el calendario de vacaciones de trabajo?<\/h2>\n\n\n\n<p>Una vez aprobado el calendario, <strong>\u00bfes posible modificarlo?<\/strong> La respuesta deber\u00eda ser que no. Sin embargo, pueden existir causas de fuerza mayor \u2013y demostrables\u2013 que exijan esta modificaci\u00f3n por parte de la compa\u00f1\u00eda. En caso del trabajador, solo podr\u00e1 pedir estos cambios ante circunstancias imprevistas y siempre y cuando no perjudique a la organizaci\u00f3n.<\/p>\n\n\n\n<p>Tanto para acordar, solicitar y pedir modificaciones en el calendario, resulta de gran ayuda contar con un <a rel=\"noreferrer noopener\" href=\"\/gestor-vacaciones\/\" target=\"_blank\" data-wpel-link=\"internal\"><strong>software de gesti\u00f3n de vacaciones y ausencias<\/strong><\/a>. <\/p>\n\n\n\n<figure class=\"wp-block-image size-full\"><a href=\"\/gestor-vacaciones\/\" target=\"_blank\" rel=\"noreferrer noopener\" data-wpel-link=\"internal\"><img decoding=\"async\" width=\"1500\" height=\"1108\" src=\"https:\/\/www.bizneo.com\/blog\/wp-content\/uploads\/2020\/11\/Cuadrante-de-vacaciones-de-empleados.webp\" alt=\"Cuadrante de vacaciones\" class=\"wp-image-17979\" srcset=\"https:\/\/www.bizneo.com\/blog\/wp-content\/uploads\/2020\/11\/Cuadrante-de-vacaciones-de-empleados.webp 1500w, https:\/\/www.bizneo.com\/blog\/wp-content\/uploads\/2020\/11\/Cuadrante-de-vacaciones-de-empleados-300x222.webp 300w, https:\/\/www.bizneo.com\/blog\/wp-content\/uploads\/2020\/11\/Cuadrante-de-vacaciones-de-empleados-1024x756.webp 1024w, https:\/\/www.bizneo.com\/blog\/wp-content\/uploads\/2020\/11\/Cuadrante-de-vacaciones-de-empleados-768x567.webp 768w, https:\/\/www.bizneo.com\/blog\/wp-content\/uploads\/2020\/11\/Cuadrante-de-vacaciones-de-empleados-810x598.webp 810w, https:\/\/www.bizneo.com\/blog\/wp-content\/uploads\/2020\/11\/Cuadrante-de-vacaciones-de-empleados-1140x842.webp 1140w\" sizes=\"(max-width: 1500px) 100vw, 1500px\" \/><\/a><\/figure>\n\n\n\n<p>Este te permitir\u00e1 hacer una <strong>revisi\u00f3n clara y r\u00e1pida de los calendarios laborales<\/strong>, otorgar mayor autonom\u00eda a los equipos, evitar solapamientos y cumplir con la legislaci\u00f3n de manera m\u00e1s sencilla.<\/p>\n\n\n\n<bzn-link><a href=\"https:\/\/hello.bizneo.com\/gestion-vacaciones-empleados-software\/lk\/\" id=\"destacado-vacaciones\" target=\"_blank\" rel=\"noopener noreferrer\" data-wpel-link=\"internal\"><span class=\"bzn-link-title\">PIDE UNA DEMO GRATIS DE ESTE SOFTWARE DE VACACIONES Y AUSENCIAS<\/span>Una herramienta autogestionable y f\u00e1cil de usar 100% online<\/a><\/bzn-link>\n\n\n\n<p><\/p>\n\n\n\n<h2 class=\"wp-block-heading\">\u00bfLos empleados pueden trabajar en otra empresa durante sus vacaciones?<\/h2>\n\n\n\n<p>Aunque es important\u00edsimo desconectar, el trabajador puede en una circunstancia personal especial (pongamos, por ejemplo, que su pareja tiene un restaurante y <strong>que \u00e9l ayuda all\u00ed durante sus vacaciones<\/strong>). Surgir\u00eda entonces una pregunta: \u00bfpuede trabajar estando de vacaciones de trabajo en su empresa habitual?<\/p>\n\n\n\n<p><strong>La respuesta es que s\u00ed<\/strong>, a no ser que su contrato laboral cuente con una cl\u00e1usula de exclusividad, o si se trata de una empresa de la competencia y el contrato refleja esta excepci\u00f3n.<\/p>\n\n\n\n<h2 class=\"wp-block-heading\">\u00bfEs posible pagar las vacaciones en lugar de darlas?<\/h2>\n\n\n\n<p>No, no es posible pagar las vacaciones en lugar de d\u00e1rselas al trabajador. Salvo en casos concretos:<\/p>\n\n\n\n<ul class=\"wp-block-list\">\n<li>Si se jubila despu\u00e9s de un <strong>periodo de incapacidad laboral<\/strong> y sin haber disfrutado de los d\u00edas de vacaciones.<\/li>\n\n\n\n<li>Si el contrato se extingue <a href=\"\/blog\/como-se-pagan-las-vacaciones-no-disfrutadas\/\" target=\"_blank\" rel=\"noreferrer noopener\" data-wpel-link=\"internal\">antes de disfrutar de las vacaciones<\/a>.<\/li>\n\n\n\n<li>Si se produce un cese de contrato antes de que el empleado haya podido disfrutar de sus vacaciones de trabajo. En cualquier caso, la compa\u00f1\u00eda no puede obligar al trabajador a tomarse unas vacaciones de trabajo <strong>durante el preaviso<\/strong> cuando lo va a despedir. De nuevo este periodo debe establecerse por acuerdo entre la empresa y el empleado.<\/li>\n\n\n\n<li>En el caso de los <strong>contratos por ETT<\/strong> (empresas de trabajo temporal) que duren menos de un a\u00f1o, suelen pagarse las vacaciones no disfrutadas al final del contrato.<\/li>\n<\/ul>\n\n\n\n<h2 class=\"wp-block-heading\">Las ausencias de trabajo justificadas, \u00bfgeneran vacaciones de trabajo?<\/h2>\n\n\n\n<p>Las ausencias justificadas al trabajo, inclusive las huelgas, siguen generando ese derecho a las vacaciones, sencillamente porque este derecho empieza, como dec\u00edamos, cuando se establece la relaci\u00f3n laboral. Independientemente de si existe un trabajo efectivo. <\/p>\n\n\n\n<p>Esto se aplica tambi\u00e9n a las bajas, periodos de enfermedad, accidentes, maternidad y m\u00e1s. Y por eso <strong>los periodos de huelga tampoco pueden descontarse<\/strong>.<\/p>\n\n\n\n<h2 class=\"wp-block-heading\">Cu\u00e1nto se paga al empleado por sus vacaciones<\/h2>\n\n\n\n<p>El empleado cobrar\u00e1 exactamente lo mismo durante el disfrute de sus vacaciones de trabajo, <strong>excepto si existen conceptos inherentes a la ocupaci\u00f3n efectiva del puesto que desempe\u00f1a<\/strong>. Nos estamos refiriendo, por ejemplo, a la existencia de un bonus de transporte o comidas que el empleado recibe cuando va a trabajar.<\/p>\n\n\n\n<p>En cualquier caso, el empleado debe recibir una retribuci\u00f3n acorde con su salario habitual.<\/p>\n\n\n\n<bzn-down><a href=\"https:\/\/hello.bizneo.com\/plantilla\/calcular-sueldo-por-hora\/?utm_content=Opt-in-blog\" id=\"destacado-wc-descarga\" target=\"_blank\" rel=\"noopener noreferrer\" data-wpel-link=\"internal\"><span class=\"bzn-link-title\">CALCULADORA | PRECIO POR HORA DEL TRABAJADOR<\/span>Descubre el coste de tu plantilla.<\/a><\/bzn-down>\n\n\n\n<p><\/p>\n\n\n\n<h2 class=\"wp-block-heading\">\u00bfSe puede sancionar al trabajador con la reducci\u00f3n de las vacaciones?<\/h2>\n\n\n\n<p>Dicho esto, <strong>resulta ilegal sancionar a un empleado con la p\u00e9rdida o reducci\u00f3n de estos d\u00edas<\/strong> de vacaciones de trabajo que le corresponden. En concreto, el art\u00edculo 53.3 del Estatuto del Trabajador reza: \u00abno se podr\u00e1n imponer sanciones que consistan en la reducci\u00f3n de la duraci\u00f3n de las vacaciones u otra minoraci\u00f3n de los derechos al descanso del trabajador o multa del haber\u00bb.<\/p>\n\n\n\n<p>Una vez que hemos solucionado todas tus dudas sobre el descanso de tus trabajadores te hemos preparado una<strong> plantilla personalizable para comunicar las fechas de vacaciones<\/strong> de un empleado. <\/p>\n\n\n\n<figure class=\"wp-block-image size-large\"><img decoding=\"async\" width=\"1024\" height=\"774\" src=\"https:\/\/www.bizneo.com\/blog\/wp-content\/uploads\/2020\/05\/pantalla-vacaciones-compressor-1-1024x774.jpg\" alt=\"carta o email para comunicar vacaciones a un empleado\" class=\"wp-image-12753\" srcset=\"https:\/\/www.bizneo.com\/blog\/wp-content\/uploads\/2020\/05\/pantalla-vacaciones-compressor-1-1024x774.jpg 1024w, https:\/\/www.bizneo.com\/blog\/wp-content\/uploads\/2020\/05\/pantalla-vacaciones-compressor-1-300x227.jpg 300w, https:\/\/www.bizneo.com\/blog\/wp-content\/uploads\/2020\/05\/pantalla-vacaciones-compressor-1-768x580.jpg 768w, https:\/\/www.bizneo.com\/blog\/wp-content\/uploads\/2020\/05\/pantalla-vacaciones-compressor-1-810x612.jpg 810w, https:\/\/www.bizneo.com\/blog\/wp-content\/uploads\/2020\/05\/pantalla-vacaciones-compressor-1-1140x862.jpg 1140w, https:\/\/www.bizneo.com\/blog\/wp-content\/uploads\/2020\/05\/pantalla-vacaciones-compressor-1.jpg 1200w\" sizes=\"(max-width: 1024px) 100vw, 1024px\" \/><\/figure>\n\n\n\n<figure class=\"wp-block-image size-full\"><a href=\"https:\/\/hello.bizneo.com\/plantilla\/cartas-comunicados-rrhh\/?utm_content=Opt-in-banner-blog\" data-wpel-link=\"internal\" target=\"_blank\"><img decoding=\"async\" width=\"810\" height=\"332\" src=\"https:\/\/www.bizneo.com\/blog\/wp-content\/uploads\/2023\/10\/Cartas-Recursos-Humanos.png\" alt=\"Cartas para Recursos Humanos\" class=\"wp-image-43792\" srcset=\"https:\/\/www.bizneo.com\/blog\/wp-content\/uploads\/2023\/10\/Cartas-Recursos-Humanos.png 810w, https:\/\/www.bizneo.com\/blog\/wp-content\/uploads\/2023\/10\/Cartas-Recursos-Humanos-300x123.png 300w, https:\/\/www.bizneo.com\/blog\/wp-content\/uploads\/2023\/10\/Cartas-Recursos-Humanos-768x315.png 768w\" sizes=\"(max-width: 810px) 100vw, 810px\" \/><\/a><\/figure>\n\n\n\n<p><\/p>\n\n\n\n<p>Sin embargo, si lo que necesitas es una<strong> gesti\u00f3n avanzada y automatizada<\/strong> prueba nuestro <a rel=\"noreferrer noopener\" href=\"\/gestor-vacaciones\/\" target=\"_blank\" data-wpel-link=\"internal\">software de vacaciones de empleados<\/a>. Un sistema de solicitud y aprobaci\u00f3n de vacaciones que <strong>ahorrar\u00e1 esfuerzo y dinero<\/strong> al departamento de RR.HH.<\/p>\n\n\n\n<figure class=\"wp-block-image size-full size-large\"><a href=\"\/gestor-vacaciones\/\" target=\"_blank\" rel=\"noreferrer noopener\" data-wpel-link=\"internal\"><img decoding=\"async\" width=\"1360\" height=\"408\" src=\"https:\/\/www.bizneo.com\/blog\/wp-content\/uploads\/2021\/01\/Banner-grande-software-vacaciones-ausencias.jpg\" alt=\"software de vacaciones empleados\" class=\"wp-image-19092\" srcset=\"https:\/\/www.bizneo.com\/blog\/wp-content\/uploads\/2021\/01\/Banner-grande-software-vacaciones-ausencias.jpg 1360w, https:\/\/www.bizneo.com\/blog\/wp-content\/uploads\/2021\/01\/Banner-grande-software-vacaciones-ausencias-300x90.jpg 300w, https:\/\/www.bizneo.com\/blog\/wp-content\/uploads\/2021\/01\/Banner-grande-software-vacaciones-ausencias-1024x307.jpg 1024w, https:\/\/www.bizneo.com\/blog\/wp-content\/uploads\/2021\/01\/Banner-grande-software-vacaciones-ausencias-768x230.jpg 768w, https:\/\/www.bizneo.com\/blog\/wp-content\/uploads\/2021\/01\/Banner-grande-software-vacaciones-ausencias-810x243.jpg 810w, https:\/\/www.bizneo.com\/blog\/wp-content\/uploads\/2021\/01\/Banner-grande-software-vacaciones-ausencias-1140x342.jpg 1140w\" sizes=\"(max-width: 1360px) 100vw, 1360px\" \/><\/a><\/figure>\n","protected":false},"excerpt":{"rendered":"<p>Gestionar las vacaciones de trabajo de toda una plantilla no siempre resulta sencillo. Te contamos algunas de las dudas m\u00e1s frecuentes, tanto para empleados como para el personal de Recursos Humanos.<\/p>\n","protected":false},"author":1,"featured_media":4112,"comment_status":"open","ping_status":"open","sticky":false,"template":"","format":"standard","meta":{"_uag_custom_page_level_css":"","site-sidebar-layout":"default","site-content-layout":"","ast-site-content-layout":"default","site-content-style":"default","site-sidebar-style":"default","ast-global-header-display":"","ast-banner-title-visibility":"","ast-main-header-display":"","ast-hfb-above-header-display":"","ast-hfb-below-header-display":"","ast-hfb-mobile-header-display":"","site-post-title":"","ast-breadcrumbs-content":"","ast-featured-img":"","footer-sml-layout":"","ast-disable-related-posts":"","theme-transparent-header-meta":"","adv-header-id-meta":"","stick-header-meta":"","header-above-stick-meta":"","header-main-stick-meta":"","header-below-stick-meta":"","astra-migrate-meta-layouts":"default","ast-page-background-enabled":"default","ast-page-background-meta":{"desktop":{"background-color":"var(--ast-global-color-5)","background-image":"","background-repeat":"repeat","background-position":"center center","background-size":"auto","background-attachment":"scroll","background-type":"","background-media":"","overlay-type":"","overlay-color":"","overlay-opacity":"","overlay-gradient":""},"tablet":{"background-color":"","background-image":"","background-repeat":"repeat","background-position":"center center","background-size":"auto","background-attachment":"scroll","background-type":"","background-media":"","overlay-type":"","overlay-color":"","overlay-opacity":"","overlay-gradient":""},"mobile":{"background-color":"","background-image":"","background-repeat":"repeat","background-position":"center center","background-size":"auto","background-attachment":"scroll","background-type":"","background-media":"","overlay-type":"","overlay-color":"","overlay-opacity":"","overlay-gradient":""}},"ast-content-background-meta":{"desktop":{"background-color":"var(--ast-global-color-4)","background-image":"","background-repeat":"repeat","background-position":"center center","background-size":"auto","background-attachment":"scroll","background-type":"","background-media":"","overlay-type":"","overlay-color":"","overlay-opacity":"","overlay-gradient":""},"tablet":{"background-color":"var(--ast-global-color-4)","background-image":"","background-repeat":"repeat","background-position":"center center","background-size":"auto","background-attachment":"scroll","background-type":"","background-media":"","overlay-type":"","overlay-color":"","overlay-opacity":"","overlay-gradient":""},"mobile":{"background-color":"var(--ast-global-color-4)","background-image":"","background-repeat":"repeat","background-position":"center center","background-size":"auto","background-attachment":"scroll","background-type":"","background-media":"","overlay-type":"","overlay-color":"","overlay-opacity":"","overlay-gradient":""}},"footnotes":""},"categories":[94],"tags":[48],"class_list":["post-4102","post","type-post","status-publish","format-standard","has-post-thumbnail","hentry","category-tendencias","tag-vacaciones"],"yoast_head":"<!-- This site is optimized with the Yoast SEO plugin v27.5 - https:\/\/yoast.com\/product\/yoast-seo-wordpress\/ -->\n<title>19 dudas frecuentes sobre las vacaciones de trabajo que debes conocer<\/title>\n<meta name=\"description\" content=\"El Estatuto de los Trabajadores regula en Espa\u00f1a las vacaciones de trabajo. Sin embargo, en ocasiones pueden surgir ciertas dudas. Resu\u00e9lvelas aqu\u00ed.\" \/>\n<meta name=\"robots\" content=\"index, follow, max-snippet:-1, max-image-preview:large, max-video-preview:-1\" \/>\n<meta property=\"og:locale\" content=\"es_ES\" \/>\n<meta property=\"og:type\" content=\"article\" \/>\n<meta property=\"og:title\" content=\"19 dudas frecuentes sobre las vacaciones de trabajo que debes conocer\" \/>\n<meta property=\"og:description\" content=\"El Estatuto de los Trabajadores regula en Espa\u00f1a las vacaciones de trabajo. Sin embargo, en ocasiones pueden surgir ciertas dudas. Resu\u00e9lvelas aqu\u00ed.\" \/>\n<meta property=\"og:url\" content=\"https:\/\/www.bizneo.com\/blog\/vacaciones-de-trabajo\/\" \/>\n<meta property=\"og:site_name\" content=\"Blog de Recursos Humanos de Bizneo HR: pr\u00e1ctico y actual\" \/>\n<meta property=\"article:published_time\" content=\"2019-08-22T08:32:25+00:00\" \/>\n<meta property=\"article:modified_time\" content=\"2026-02-01T19:36:15+00:00\" \/>\n<meta property=\"og:image\" content=\"https:\/\/www.bizneo.com\/blog\/wp-content\/uploads\/2019\/08\/vacaciones-de-trabajo.jpg\" \/>\n\t<meta property=\"og:image:width\" content=\"1140\" \/>\n\t<meta property=\"og:image:height\" content=\"640\" \/>\n\t<meta property=\"og:image:type\" content=\"image\/jpeg\" \/>\n<meta name=\"author\" content=\"Administrador\" \/>\n<meta name=\"twitter:card\" content=\"summary_large_image\" \/>\n<meta name=\"twitter:label1\" content=\"Escrito por\" \/>\n\t<meta name=\"twitter:data1\" content=\"Administrador\" \/>\n\t<meta name=\"twitter:label2\" content=\"Tiempo de lectura\" \/>\n\t<meta name=\"twitter:data2\" content=\"13 minutos\" \/>\n<script type=\"application\/ld+json\" class=\"yoast-schema-graph\">{\"@context\":\"https:\\\/\\\/schema.org\",\"@graph\":[{\"@type\":[\"Article\",\"BlogPosting\"],\"@id\":\"https:\\\/\\\/www.bizneo.com\\\/blog\\\/vacaciones-de-trabajo\\\/#article\",\"isPartOf\":{\"@id\":\"https:\\\/\\\/www.bizneo.com\\\/blog\\\/vacaciones-de-trabajo\\\/\"},\"author\":{\"name\":\"Administrador\",\"@id\":\"https:\\\/\\\/www.bizneo.com\\\/blog\\\/#\\\/schema\\\/person\\\/23f3b7a861d694d27c594a66068cb263\"},\"headline\":\"19 dudas frecuentes sobre las vacaciones de trabajo. Ahora resueltas\",\"datePublished\":\"2019-08-22T08:32:25+00:00\",\"dateModified\":\"2026-02-01T19:36:15+00:00\",\"mainEntityOfPage\":{\"@id\":\"https:\\\/\\\/www.bizneo.com\\\/blog\\\/vacaciones-de-trabajo\\\/\"},\"wordCount\":2437,\"commentCount\":41,\"publisher\":{\"@id\":\"https:\\\/\\\/www.bizneo.com\\\/blog\\\/#organization\"},\"image\":{\"@id\":\"https:\\\/\\\/www.bizneo.com\\\/blog\\\/vacaciones-de-trabajo\\\/#primaryimage\"},\"thumbnailUrl\":\"https:\\\/\\\/www.bizneo.com\\\/blog\\\/wp-content\\\/uploads\\\/2019\\\/08\\\/vacaciones-de-trabajo.jpg\",\"keywords\":[\"Vacaciones\"],\"articleSection\":[\"Tendencias\"],\"inLanguage\":\"es\",\"potentialAction\":[{\"@type\":\"CommentAction\",\"name\":\"Comment\",\"target\":[\"https:\\\/\\\/www.bizneo.com\\\/blog\\\/vacaciones-de-trabajo\\\/#respond\"]}]},{\"@type\":\"WebPage\",\"@id\":\"https:\\\/\\\/www.bizneo.com\\\/blog\\\/vacaciones-de-trabajo\\\/\",\"url\":\"https:\\\/\\\/www.bizneo.com\\\/blog\\\/vacaciones-de-trabajo\\\/\",\"name\":\"19 dudas frecuentes sobre las vacaciones de trabajo que debes conocer\",\"isPartOf\":{\"@id\":\"https:\\\/\\\/www.bizneo.com\\\/blog\\\/#website\"},\"primaryImageOfPage\":{\"@id\":\"https:\\\/\\\/www.bizneo.com\\\/blog\\\/vacaciones-de-trabajo\\\/#primaryimage\"},\"image\":{\"@id\":\"https:\\\/\\\/www.bizneo.com\\\/blog\\\/vacaciones-de-trabajo\\\/#primaryimage\"},\"thumbnailUrl\":\"https:\\\/\\\/www.bizneo.com\\\/blog\\\/wp-content\\\/uploads\\\/2019\\\/08\\\/vacaciones-de-trabajo.jpg\",\"datePublished\":\"2019-08-22T08:32:25+00:00\",\"dateModified\":\"2026-02-01T19:36:15+00:00\",\"description\":\"El Estatuto de los Trabajadores regula en Espa\u00f1a las vacaciones de trabajo. Sin embargo, en ocasiones pueden surgir ciertas dudas. Resu\u00e9lvelas aqu\u00ed.\",\"breadcrumb\":{\"@id\":\"https:\\\/\\\/www.bizneo.com\\\/blog\\\/vacaciones-de-trabajo\\\/#breadcrumb\"},\"inLanguage\":\"es\",\"potentialAction\":[{\"@type\":\"ReadAction\",\"target\":[\"https:\\\/\\\/www.bizneo.com\\\/blog\\\/vacaciones-de-trabajo\\\/\"]}]},{\"@type\":\"ImageObject\",\"inLanguage\":\"es\",\"@id\":\"https:\\\/\\\/www.bizneo.com\\\/blog\\\/vacaciones-de-trabajo\\\/#primaryimage\",\"url\":\"https:\\\/\\\/www.bizneo.com\\\/blog\\\/wp-content\\\/uploads\\\/2019\\\/08\\\/vacaciones-de-trabajo.jpg\",\"contentUrl\":\"https:\\\/\\\/www.bizneo.com\\\/blog\\\/wp-content\\\/uploads\\\/2019\\\/08\\\/vacaciones-de-trabajo.jpg\",\"width\":1140,\"height\":640,\"caption\":\"vacaciones de trabajo\"},{\"@type\":\"BreadcrumbList\",\"@id\":\"https:\\\/\\\/www.bizneo.com\\\/blog\\\/vacaciones-de-trabajo\\\/#breadcrumb\",\"itemListElement\":[{\"@type\":\"ListItem\",\"position\":1,\"name\":\"Portada\",\"item\":\"https:\\\/\\\/www.bizneo.com\\\/blog\\\/\"},{\"@type\":\"ListItem\",\"position\":2,\"name\":\"Tendencias\",\"item\":\"https:\\\/\\\/www.bizneo.com\\\/blog\\\/category\\\/tendencias\\\/\"},{\"@type\":\"ListItem\",\"position\":3,\"name\":\"19 dudas frecuentes sobre las vacaciones de trabajo. Ahora resueltas\"}]},{\"@type\":\"WebSite\",\"@id\":\"https:\\\/\\\/www.bizneo.com\\\/blog\\\/#website\",\"url\":\"https:\\\/\\\/www.bizneo.com\\\/blog\\\/\",\"name\":\"Blog de Recursos Humanos de Bizneo HR: pr\u00e1ctico y actual\",\"description\":\"Todo sobre actualidad, herramientas y tecnolog\u00eda  para optimizar la gesti\u00f3n del talento humano\",\"publisher\":{\"@id\":\"https:\\\/\\\/www.bizneo.com\\\/blog\\\/#organization\"},\"potentialAction\":[{\"@type\":\"SearchAction\",\"target\":{\"@type\":\"EntryPoint\",\"urlTemplate\":\"https:\\\/\\\/www.bizneo.com\\\/blog\\\/?s={search_term_string}\"},\"query-input\":{\"@type\":\"PropertyValueSpecification\",\"valueRequired\":true,\"valueName\":\"search_term_string\"}}],\"inLanguage\":\"es\"},{\"@type\":\"Organization\",\"@id\":\"https:\\\/\\\/www.bizneo.com\\\/blog\\\/#organization\",\"name\":\"Bizneo HR\",\"url\":\"https:\\\/\\\/www.bizneo.com\\\/blog\\\/\",\"logo\":{\"@type\":\"ImageObject\",\"inLanguage\":\"es\",\"@id\":\"https:\\\/\\\/www.bizneo.com\\\/blog\\\/#\\\/schema\\\/logo\\\/image\\\/\",\"url\":\"https:\\\/\\\/www.bizneo.com\\\/blog\\\/wp-content\\\/uploads\\\/2020\\\/09\\\/Icono-Logo-Bizneo-HR.png\",\"contentUrl\":\"https:\\\/\\\/www.bizneo.com\\\/blog\\\/wp-content\\\/uploads\\\/2020\\\/09\\\/Icono-Logo-Bizneo-HR.png\",\"width\":834,\"height\":834,\"caption\":\"Bizneo HR\"},\"image\":{\"@id\":\"https:\\\/\\\/www.bizneo.com\\\/blog\\\/#\\\/schema\\\/logo\\\/image\\\/\"}},{\"@type\":\"Person\",\"@id\":\"https:\\\/\\\/www.bizneo.com\\\/blog\\\/#\\\/schema\\\/person\\\/23f3b7a861d694d27c594a66068cb263\",\"name\":\"Administrador\",\"image\":{\"@type\":\"ImageObject\",\"inLanguage\":\"es\",\"@id\":\"https:\\\/\\\/secure.gravatar.com\\\/avatar\\\/5240687c03eb00a22ec4ce88f6f19c78d1de2f9e3c062c75d4dda4e8ffbdc4f6?s=96&d=mm&r=g\",\"url\":\"https:\\\/\\\/secure.gravatar.com\\\/avatar\\\/5240687c03eb00a22ec4ce88f6f19c78d1de2f9e3c062c75d4dda4e8ffbdc4f6?s=96&d=mm&r=g\",\"contentUrl\":\"https:\\\/\\\/secure.gravatar.com\\\/avatar\\\/5240687c03eb00a22ec4ce88f6f19c78d1de2f9e3c062c75d4dda4e8ffbdc4f6?s=96&d=mm&r=g\",\"caption\":\"Administrador\"},\"url\":\"https:\\\/\\\/www.bizneo.com\\\/blog\\\/author\\\/sistemas\\\/\"}]}<\/script>\n<!-- \/ Yoast SEO plugin. -->","yoast_head_json":{"title":"19 dudas frecuentes sobre las vacaciones de trabajo que debes conocer","description":"El Estatuto de los Trabajadores regula en Espa\u00f1a las vacaciones de trabajo. Sin embargo, en ocasiones pueden surgir ciertas dudas. Resu\u00e9lvelas aqu\u00ed.","robots":{"index":"index","follow":"follow","max-snippet":"max-snippet:-1","max-image-preview":"max-image-preview:large","max-video-preview":"max-video-preview:-1"},"og_locale":"es_ES","og_type":"article","og_title":"19 dudas frecuentes sobre las vacaciones de trabajo que debes conocer","og_description":"El Estatuto de los Trabajadores regula en Espa\u00f1a las vacaciones de trabajo. Sin embargo, en ocasiones pueden surgir ciertas dudas. Resu\u00e9lvelas aqu\u00ed.","og_url":"https:\/\/www.bizneo.com\/blog\/vacaciones-de-trabajo\/","og_site_name":"Blog de Recursos Humanos de Bizneo HR: pr\u00e1ctico y actual","article_published_time":"2019-08-22T08:32:25+00:00","article_modified_time":"2026-02-01T19:36:15+00:00","og_image":[{"width":1140,"height":640,"url":"https:\/\/www.bizneo.com\/blog\/wp-content\/uploads\/2019\/08\/vacaciones-de-trabajo.jpg","type":"image\/jpeg"}],"author":"Administrador","twitter_card":"summary_large_image","twitter_misc":{"Escrito por":"Administrador","Tiempo de lectura":"13 minutos"},"schema":{"@context":"https:\/\/schema.org","@graph":[{"@type":["Article","BlogPosting"],"@id":"https:\/\/www.bizneo.com\/blog\/vacaciones-de-trabajo\/#article","isPartOf":{"@id":"https:\/\/www.bizneo.com\/blog\/vacaciones-de-trabajo\/"},"author":{"name":"Administrador","@id":"https:\/\/www.bizneo.com\/blog\/#\/schema\/person\/23f3b7a861d694d27c594a66068cb263"},"headline":"19 dudas frecuentes sobre las vacaciones de trabajo. Ahora resueltas","datePublished":"2019-08-22T08:32:25+00:00","dateModified":"2026-02-01T19:36:15+00:00","mainEntityOfPage":{"@id":"https:\/\/www.bizneo.com\/blog\/vacaciones-de-trabajo\/"},"wordCount":2437,"commentCount":41,"publisher":{"@id":"https:\/\/www.bizneo.com\/blog\/#organization"},"image":{"@id":"https:\/\/www.bizneo.com\/blog\/vacaciones-de-trabajo\/#primaryimage"},"thumbnailUrl":"https:\/\/www.bizneo.com\/blog\/wp-content\/uploads\/2019\/08\/vacaciones-de-trabajo.jpg","keywords":["Vacaciones"],"articleSection":["Tendencias"],"inLanguage":"es","potentialAction":[{"@type":"CommentAction","name":"Comment","target":["https:\/\/www.bizneo.com\/blog\/vacaciones-de-trabajo\/#respond"]}]},{"@type":"WebPage","@id":"https:\/\/www.bizneo.com\/blog\/vacaciones-de-trabajo\/","url":"https:\/\/www.bizneo.com\/blog\/vacaciones-de-trabajo\/","name":"19 dudas frecuentes sobre las vacaciones de trabajo que debes conocer","isPartOf":{"@id":"https:\/\/www.bizneo.com\/blog\/#website"},"primaryImageOfPage":{"@id":"https:\/\/www.bizneo.com\/blog\/vacaciones-de-trabajo\/#primaryimage"},"image":{"@id":"https:\/\/www.bizneo.com\/blog\/vacaciones-de-trabajo\/#primaryimage"},"thumbnailUrl":"https:\/\/www.bizneo.com\/blog\/wp-content\/uploads\/2019\/08\/vacaciones-de-trabajo.jpg","datePublished":"2019-08-22T08:32:25+00:00","dateModified":"2026-02-01T19:36:15+00:00","description":"El Estatuto de los Trabajadores regula en Espa\u00f1a las vacaciones de trabajo. Sin embargo, en ocasiones pueden surgir ciertas dudas. Resu\u00e9lvelas aqu\u00ed.","breadcrumb":{"@id":"https:\/\/www.bizneo.com\/blog\/vacaciones-de-trabajo\/#breadcrumb"},"inLanguage":"es","potentialAction":[{"@type":"ReadAction","target":["https:\/\/www.bizneo.com\/blog\/vacaciones-de-trabajo\/"]}]},{"@type":"ImageObject","inLanguage":"es","@id":"https:\/\/www.bizneo.com\/blog\/vacaciones-de-trabajo\/#primaryimage","url":"https:\/\/www.bizneo.com\/blog\/wp-content\/uploads\/2019\/08\/vacaciones-de-trabajo.jpg","contentUrl":"https:\/\/www.bizneo.com\/blog\/wp-content\/uploads\/2019\/08\/vacaciones-de-trabajo.jpg","width":1140,"height":640,"caption":"vacaciones de trabajo"},{"@type":"BreadcrumbList","@id":"https:\/\/www.bizneo.com\/blog\/vacaciones-de-trabajo\/#breadcrumb","itemListElement":[{"@type":"ListItem","position":1,"name":"Portada","item":"https:\/\/www.bizneo.com\/blog\/"},{"@type":"ListItem","position":2,"name":"Tendencias","item":"https:\/\/www.bizneo.com\/blog\/category\/tendencias\/"},{"@type":"ListItem","position":3,"name":"19 dudas frecuentes sobre las vacaciones de trabajo. Ahora resueltas"}]},{"@type":"WebSite","@id":"https:\/\/www.bizneo.com\/blog\/#website","url":"https:\/\/www.bizneo.com\/blog\/","name":"Blog de Recursos Humanos de Bizneo HR: pr\u00e1ctico y actual","description":"Todo sobre actualidad, herramientas y tecnolog\u00eda  para optimizar la gesti\u00f3n del talento humano","publisher":{"@id":"https:\/\/www.bizneo.com\/blog\/#organization"},"potentialAction":[{"@type":"SearchAction","target":{"@type":"EntryPoint","urlTemplate":"https:\/\/www.bizneo.com\/blog\/?s={search_term_string}"},"query-input":{"@type":"PropertyValueSpecification","valueRequired":true,"valueName":"search_term_string"}}],"inLanguage":"es"},{"@type":"Organization","@id":"https:\/\/www.bizneo.com\/blog\/#organization","name":"Bizneo HR","url":"https:\/\/www.bizneo.com\/blog\/","logo":{"@type":"ImageObject","inLanguage":"es","@id":"https:\/\/www.bizneo.com\/blog\/#\/schema\/logo\/image\/","url":"https:\/\/www.bizneo.com\/blog\/wp-content\/uploads\/2020\/09\/Icono-Logo-Bizneo-HR.png","contentUrl":"https:\/\/www.bizneo.com\/blog\/wp-content\/uploads\/2020\/09\/Icono-Logo-Bizneo-HR.png","width":834,"height":834,"caption":"Bizneo HR"},"image":{"@id":"https:\/\/www.bizneo.com\/blog\/#\/schema\/logo\/image\/"}},{"@type":"Person","@id":"https:\/\/www.bizneo.com\/blog\/#\/schema\/person\/23f3b7a861d694d27c594a66068cb263","name":"Administrador","image":{"@type":"ImageObject","inLanguage":"es","@id":"https:\/\/secure.gravatar.com\/avatar\/5240687c03eb00a22ec4ce88f6f19c78d1de2f9e3c062c75d4dda4e8ffbdc4f6?s=96&d=mm&r=g","url":"https:\/\/secure.gravatar.com\/avatar\/5240687c03eb00a22ec4ce88f6f19c78d1de2f9e3c062c75d4dda4e8ffbdc4f6?s=96&d=mm&r=g","contentUrl":"https:\/\/secure.gravatar.com\/avatar\/5240687c03eb00a22ec4ce88f6f19c78d1de2f9e3c062c75d4dda4e8ffbdc4f6?s=96&d=mm&r=g","caption":"Administrador"},"url":"https:\/\/www.bizneo.com\/blog\/author\/sistemas\/"}]}},"spectra_custom_meta":{"_is_githuber_markdown":["1"],"_edit_lock":["1769974583:47"],"_edit_last":["47"],"_is_githuber_mermaid":[""],"_is_githuber_katex":[""],"_yoast_wpseo_focuskw":["vacaciones de trabajo"],"_yoast_wpseo_title":["19 dudas frecuentes sobre las vacaciones de trabajo que debes conocer"],"_yoast_wpseo_metadesc":["El Estatuto de los Trabajadores regula en Espa\u00f1a las vacaciones de trabajo. Sin embargo, en ocasiones pueden surgir ciertas dudas. Resu\u00e9lvelas aqu\u00ed."],"_yoast_wpseo_linkdex":["85"],"_yoast_wpseo_content_score":["90"],"_yoast_wpseo_primary_category":["94"],"_vce_meta":["a:4:{s:11:\"use_sidebar\";s:7:\"inherit\";s:7:\"sidebar\";s:7:\"inherit\";s:14:\"sticky_sidebar\";s:7:\"inherit\";s:6:\"layout\";s:7:\"inherit\";}"],"_is_githuber_markdown_enabled":["no"],"_thumbnail_id":["4112"],"onesignal_meta_box_present":["1"],"onesignal_send_notification":[""],"_githuber_prismjs":[""],"_githuber_highlightjs":[""],"_is_githuber_sequence":[""],"_is_githuber_flow_chart":[""],"_is_githuber_mathjax":[""],"onesignal_modify_title_and_content":[""],"onesignal_notification_custom_heading":[null],"onesignal_notification_custom_content":[null],"_yoast_wpseo_estimated-reading-time-minutes":["13"],"Views":["68435"],"wp_review_type":["none"],"wp_review_positive_count":["0"],"wp_review_negative_count":["0"],"response_body":["{\"id\":\"25a92805-3bbe-479e-802e-a9647b4920da\",\"recipients\":10000,\"external_id\":\"1424798c-2573-21d7-e344-8b2f78e5cb20\",\"warnings\":[\"You must configure iOS notifications in your OneSignal settings if you wish to send messages to iOS users.\",\"You must configure Android notifications in your OneSignal settings if you wish to send messages to Android users.\"]}"],"status":["200"],"recipients":["10000"],"_at_widget":["1"],"_yoast_wpseo_wordproof_timestamp":[""],"wp_review_user_reviews":["0"],"wp_review_review_count":["0"],"_uag_css_file_name":["uag-css-4102.css"],"_uag_page_assets":["a:9:{s:3:\"css\";s:263:\".uag-blocks-common-selector{z-index:var(--z-index-desktop) !important}@media (max-width: 976px){.uag-blocks-common-selector{z-index:var(--z-index-tablet) !important}}@media (max-width: 767px){.uag-blocks-common-selector{z-index:var(--z-index-mobile) !important}}\n\";s:2:\"js\";s:0:\"\";s:18:\"current_block_list\";a:8:{i:0;s:14:\"core\/paragraph\";i:1;s:12:\"core\/heading\";i:2;s:9:\"core\/html\";i:3;s:10:\"core\/image\";i:4;s:9:\"core\/list\";i:5;s:14:\"core\/list-item\";i:6;s:12:\"core\/details\";i:7;s:14:\"core\/shortcode\";}s:8:\"uag_flag\";b:0;s:11:\"uag_version\";s:10:\"1777548730\";s:6:\"gfonts\";a:0:{}s:10:\"gfonts_url\";s:0:\"\";s:12:\"gfonts_files\";a:0:{}s:14:\"uag_faq_layout\";b:0;}"]},"uagb_featured_image_src":{"full":["https:\/\/www.bizneo.com\/blog\/wp-content\/uploads\/2019\/08\/vacaciones-de-trabajo.jpg",1140,640,false],"thumbnail":["https:\/\/www.bizneo.com\/blog\/wp-content\/uploads\/2019\/08\/vacaciones-de-trabajo-150x150.jpg",150,150,true],"medium":["https:\/\/www.bizneo.com\/blog\/wp-content\/uploads\/2019\/08\/vacaciones-de-trabajo-300x168.jpg",300,168,true],"medium_large":["https:\/\/www.bizneo.com\/blog\/wp-content\/uploads\/2019\/08\/vacaciones-de-trabajo-768x431.jpg",768,431,true],"large":["https:\/\/www.bizneo.com\/blog\/wp-content\/uploads\/2019\/08\/vacaciones-de-trabajo-1024x575.jpg",1024,575,true],"1536x1536":["https:\/\/www.bizneo.com\/blog\/wp-content\/uploads\/2019\/08\/vacaciones-de-trabajo.jpg",1140,640,false],"2048x2048":["https:\/\/www.bizneo.com\/blog\/wp-content\/uploads\/2019\/08\/vacaciones-de-trabajo.jpg",1140,640,false]},"uagb_author_info":{"display_name":"Administrador","author_link":"https:\/\/www.bizneo.com\/blog\/author\/sistemas\/"},"uagb_comment_info":41,"uagb_excerpt":"Gestionar las vacaciones de trabajo de toda una plantilla no siempre resulta sencillo. Te contamos algunas de las dudas m\u00e1s frecuentes, tanto para empleados como para el personal de Recursos Humanos.","_links":{"self":[{"href":"https:\/\/www.bizneo.com\/blog\/wp-json\/wp\/v2\/posts\/4102","targetHints":{"allow":["GET"]}}],"collection":[{"href":"https:\/\/www.bizneo.com\/blog\/wp-json\/wp\/v2\/posts"}],"about":[{"href":"https:\/\/www.bizneo.com\/blog\/wp-json\/wp\/v2\/types\/post"}],"author":[{"embeddable":true,"href":"https:\/\/www.bizneo.com\/blog\/wp-json\/wp\/v2\/users\/1"}],"replies":[{"embeddable":true,"href":"https:\/\/www.bizneo.com\/blog\/wp-json\/wp\/v2\/comments?post=4102"}],"version-history":[{"count":54,"href":"https:\/\/www.bizneo.com\/blog\/wp-json\/wp\/v2\/posts\/4102\/revisions"}],"predecessor-version":[{"id":59718,"href":"https:\/\/www.bizneo.com\/blog\/wp-json\/wp\/v2\/posts\/4102\/revisions\/59718"}],"wp:featuredmedia":[{"embeddable":true,"href":"https:\/\/www.bizneo.com\/blog\/wp-json\/wp\/v2\/media\/4112"}],"wp:attachment":[{"href":"https:\/\/www.bizneo.com\/blog\/wp-json\/wp\/v2\/media?parent=4102"}],"wp:term":[{"taxonomy":"category","embeddable":true,"href":"https:\/\/www.bizneo.com\/blog\/wp-json\/wp\/v2\/categories?post=4102"},{"taxonomy":"post_tag","embeddable":true,"href":"https:\/\/www.bizneo.com\/blog\/wp-json\/wp\/v2\/tags?post=4102"}],"curies":[{"name":"wp","href":"https:\/\/api.w.org\/{rel}","templated":true}]}}