{"id":40897,"date":"2023-07-26T11:27:06","date_gmt":"2023-07-26T10:27:06","guid":{"rendered":"https:\/\/www.bizneo.com\/blog\/?p=40897"},"modified":"2026-01-27T18:50:18","modified_gmt":"2026-01-27T17:50:18","slug":"escala-de-ferias","status":"publish","type":"post","link":"https:\/\/www.bizneo.com\/blog\/pt\/escala-de-ferias\/","title":{"rendered":"Escala de F\u00e9rias | Montar e planejar com sucesso"},"content":{"rendered":"\n<p>A escala de f\u00e9rias \u00e9 uma das preocupa\u00e7\u00f5es centrais do departamento de Recursos Humanos nas empresas. Afinal, garantir que os colaboradores tirem folga de maneira organizada \u00e9 essencial para manter um ambiente de trabalho saud\u00e1vel e produtivo.<\/p>\n\n\n\n<h2 class=\"wp-block-heading\">O que \u00e9 escala de f\u00e9rias?&nbsp;<\/h2>\n\n\n\n<p>A escala de f\u00e9rias \u00e9 uma estrat\u00e9gia utilizado pelas empresas para<strong> organizar e distribuir as folgas e aus\u00eancias <\/strong>dos funcion\u00e1rios &#8211; colaboradores ao longo do ano. A partir dessa abordagem, o departamento de <strong>RH estabelece per\u00edodos espec\u00edficos nos quais cada funcion\u00e1rio pode tirar as <a href=\"https:\/\/www.bizneo.com\/blog\/pt\/ferias\/\" data-wpel-link=\"internal\" target=\"_blank\">f\u00e9rias<\/a><\/strong>, considerando as leis trabalhistas, as necessidades da empresa e da equipe a qual o colaborador pertence.<\/p>\n\n\n\n<figure class=\"wp-block-image size-full\"><a href=\"\/br\/gestao-ferias\/\" target=\"_blank\" rel=\"noreferrer noopener\" data-wpel-link=\"internal\"><img decoding=\"async\" width=\"1500\" height=\"1108\" src=\"https:\/\/www.bizneo.com\/blog\/wp-content\/uploads\/2021\/04\/Solucao-de-planejamento-de-ferias.webp\" alt=\"cronograma de f\u00e9rias de funcionarios\" class=\"wp-image-21538\" srcset=\"https:\/\/www.bizneo.com\/blog\/wp-content\/uploads\/2021\/04\/Solucao-de-planejamento-de-ferias.webp 1500w, https:\/\/www.bizneo.com\/blog\/wp-content\/uploads\/2021\/04\/Solucao-de-planejamento-de-ferias-300x222.webp 300w, https:\/\/www.bizneo.com\/blog\/wp-content\/uploads\/2021\/04\/Solucao-de-planejamento-de-ferias-1024x756.webp 1024w, https:\/\/www.bizneo.com\/blog\/wp-content\/uploads\/2021\/04\/Solucao-de-planejamento-de-ferias-768x567.webp 768w, https:\/\/www.bizneo.com\/blog\/wp-content\/uploads\/2021\/04\/Solucao-de-planejamento-de-ferias-810x598.webp 810w, https:\/\/www.bizneo.com\/blog\/wp-content\/uploads\/2021\/04\/Solucao-de-planejamento-de-ferias-1140x842.webp 1140w\" sizes=\"(max-width: 1500px) 100vw, 1500px\" \/><\/a><\/figure>\n\n\n\n<p>O objetivo da escala de f\u00e9rias <strong>\u00e9 evitar que v\u00e1rios funcion\u00e1rios de um mesmo setor se ausentem ao mesmo tempo<\/strong>, o que poderia impactar negativamente as opera\u00e7\u00f5es da empresa.&nbsp;<\/p>\n\n\n\n<p>Al\u00e9m disso, ela<strong> ajuda os colaboradores<\/strong> a se programarem com anteced\u00eancia para organizar viagens, por exemplo, aproveitando o per\u00edodo de descanso da melhor maneira.<\/p>\n\n\n\n<h3 class=\"wp-block-heading\">O que diz a lei sobre a escala de f\u00e9rias?&nbsp;<\/h3>\n\n\n\n<p><strong>No Brasil<\/strong>, a legisla\u00e7\u00e3o trabalhista, mais especificamente a Consolida\u00e7\u00e3o das Leis do Trabalho (<a href=\"https:\/\/www.bizneo.com\/blog\/pt\/clt\/\" target=\"_blank\" rel=\"noreferrer noopener\" data-wpel-link=\"internal\">CLT<\/a>), estabelece algumas regras a serem seguidas em rela\u00e7\u00e3o \u00e0 escala de f\u00e9rias de funcion\u00e1rios. Segundo a CLT, todo trabalhador tem direito a um per\u00edodo m\u00ednimo de 30 dias consecutivos de f\u00e9rias ap\u00f3s completar um ano de trabalho.<\/p>\n\n\n\n<p>A lei permite que as f\u00e9rias sejam divididas em at\u00e9 tr\u00eas per\u00edodos, desde que um deles n\u00e3o seja inferior a 10 dias corridos.&nbsp;<\/p>\n\n\n\n<p>De acordo com o artigo 238\u00b0 do C\u00f3digo do Trabalho , a maioria dos colaboradores em Portugal t\u00eam direito a 22 dias \u00fateis de f\u00e9rias por ano , que podem ser tirados de uma s\u00f3 vez ou em mais per\u00edodos.<\/p>\n\n\n\n<p><strong>Portugal<\/strong> possui as suas pr\u00f3prias regras sobre marca\u00e7\u00e3o de f\u00e9rias de acordo com o tamanho das empresas.<\/p>\n\n\n\n<ul class=\"wp-block-list\">\n<li><strong>Pequenas, m\u00e9dias e grandes empresas<\/strong>, o per\u00edodo de descanso deve ser marcado entre 1 de Maio e 31 de Outubro (exceto se existir legisla\u00e7\u00e3o coletiva de trabalho).<\/li>\n\n\n\n<li><strong>Microempresas<\/strong> (at\u00e9 9 colaboradores), as f\u00e9rias podem ser marcadas em qualquer altura do ano.<\/li>\n<\/ul>\n\n\n\n<p>Mas, o mais importante \u00e9 que a atribui\u00e7\u00e3o de f\u00e9rias d<strong>eve ser partir de um acordo entre empregado e empregador<\/strong>, sendo indispens\u00e1vel uma negocia\u00e7\u00e3o para definir os per\u00edodos que melhor atendam \u00e0s necessidades de ambas as partes.<\/p>\n\n\n\n<bzn-info>Tamb\u00e9m lhe pode interessar: <a href=\"\/blog\/pt\/controle-de-ferias\/\" id=\"destacado-post\" target=\"_blank\" rel=\"noopener noreferrer\" data-wpel-link=\"internal\"> Como melhorar o controle de f\u00e9rias de seus colaboradores<\/a>. 7 vantagens imprescind\u00edveis!<\/bzn-info><br>\n\n\n\n<p><\/p>\n\n\n\n<h2 class=\"wp-block-heading\">Qual a import\u00e2ncia da escala de f\u00e9rias para a empresa?<\/h2>\n\n\n\n<p>A escala de f\u00e9rias de funcion\u00e1rios \u00e9 fundamental para o <strong>planejamento e a organiza\u00e7\u00e3o das atividades<\/strong> da empresa. Quando essa estrat\u00e9gia \u00e9 bem elaborada e executada, traz diversos benef\u00edcios, tanto para o neg\u00f3cio quanto para os funcion\u00e1rios.<\/p>\n\n\n\n<p>Em primeiro lugar, o modelo de escala de f\u00e9rias evita que a empresa sofra com per\u00edodos de aus\u00eancia de pe\u00e7as-chave para a execu\u00e7\u00e3o de um determinado projeto, por exemplo. Nesse caso, a falta de determinados funcion\u00e1rios poderia prejudicar a produtividade da equipe e o cumprimento de prazos.&nbsp;<\/p>\n\n\n\n<p>Distribuindo as f\u00e9rias de forma equilibrada no calend\u00e1rio, a escala contribui para a empresa manter sua <strong>opera\u00e7\u00e3o em um ritmo constante<\/strong>, garantindo um fluxo de trabalho cont\u00ednuo e com mais estabilidade.<\/p>\n\n\n\n<p>Al\u00e9m disso, a escala de f\u00e9rias contribui para um ambiente de trabalho saud\u00e1vel, no qual todos os funcion\u00e1rios t\u00eam a oportunidade de <strong>descansar e recarregar suas energias<\/strong>. O descanso adequado \u00e9 essencial para evitar a exaust\u00e3o, o esgotamento profissional e o burnout, melhorando a motiva\u00e7\u00e3o e a satisfa\u00e7\u00e3o dos colaboradores.<\/p>\n\n\n\n<bzn-down><a href=\"https:\/\/hello.bizneo.com\/template\/planilha-controle-ferias-excel\/?utm_content=post-destacado\" id=\"destacado-wc-descarga\" target=\"_blank\" rel=\"noopener noreferrer\" data-wpel-link=\"internal\"><span class=\"bzn-link-title\">DOWNLOAD GR\u00c1TIS: PLANILHA PARA CONTROLE DE F\u00c9RIAS EM EXCEL<\/span>Modelo de f\u00e9rias e aus\u00eancias que pode ser baixado e edit\u00e1vel.<\/a><\/bzn-down>\n\n\n\n<p><\/p>\n\n\n\n<h2 class=\"wp-block-heading\">Como o RH pode planejar uma escala de f\u00e9rias?<\/h2>\n\n\n\n<p>Planejar a escala de f\u00e9rias pode ser um grande desafio para o departamento de RH. Mas, com algumas estrat\u00e9gias, \u00e9 poss\u00edvel garantir uma distribui\u00e7\u00e3o justa e eficiente. Alguns pontos-chave a serem considerados s\u00e3o:<\/p>\n\n\n\n<ul class=\"wp-block-list\">\n<li><strong>Planejamento antecipado:<\/strong> O RH deve ter uma vis\u00e3o global das atividades e projetos planejados para o ano. Assim, na hora de elaborar a escala de f\u00e9rias, o departamento evita conflitos de interesse entre os funcion\u00e1rios e a empresa. Al\u00e9m disso, \u00e9 importante que as equipes comuniquem com anteced\u00eancia os per\u00edodos mais intensos de trabalho. A partir disso, o RH consegue criar planejamentos mais eficientes.<\/li>\n<\/ul>\n\n\n\n<ul class=\"wp-block-list\">\n<li><strong>Necessidades individuais:<\/strong> \u00c9 fundamental conhecer as necessidades e prefer\u00eancias dos colaboradores em rela\u00e7\u00e3o \u00e0s f\u00e9rias. Algumas pessoas podem ter restri\u00e7\u00f5es de datas ou preferir tirar f\u00e9rias em determinadas \u00e9pocas do ano, como durante as f\u00e9rias escolares. Quando o RH leva esses aspectos em conta, demonstra empatia pelos funcion\u00e1rios, aumentando a satisfa\u00e7\u00e3o que eles t\u00eam com a empresa.&nbsp;<\/li>\n<\/ul>\n\n\n\n<ul class=\"wp-block-list\">\n<li><strong>Capacidade da equipe: <\/strong>Ao montar a escala de f\u00e9rias, o RH deve avaliar a capacidade da equipe em lidar com as aus\u00eancias. \u00c9 importante garantir que o n\u00famero de colaboradores em atividade seja suficiente para manter o ritmo de trabalho e evitar sobrecarga excessiva para os funcion\u00e1rios que n\u00e3o est\u00e3o de f\u00e9rias.<\/li>\n<\/ul>\n\n\n\n<ul class=\"wp-block-list\">\n<li><strong>Equil\u00edbrio entre setores: <\/strong>\u00c9 recomend\u00e1vel distribuir as f\u00e9rias de forma equilibrada entre os diferentes setores da empresa. Dessa forma, o RH consegue evitar que um departamento fique desfalcado enquanto outros t\u00eam muitos funcion\u00e1rios de f\u00e9rias.<\/li>\n<\/ul>\n\n\n\n<figure class=\"wp-block-image size-large\"><a href=\"https:\/\/hello.bizneo.com\/br\/demo\/time\/?utm_content=post-banner-medio\" target=\"_blank\" rel=\"noopener\" data-wpel-link=\"internal\"><img decoding=\"async\" width=\"1360\" height=\"204\" src=\"https:\/\/www.bizneo.com\/blog\/wp-content\/uploads\/2021\/04\/banner-medio-ferias-excel.jpg\" alt=\"software gest\u00e3o de f\u00e9rias e ausencias\" class=\"wp-image-21496\" srcset=\"https:\/\/www.bizneo.com\/blog\/wp-content\/uploads\/2021\/04\/banner-medio-ferias-excel.jpg 1360w, https:\/\/www.bizneo.com\/blog\/wp-content\/uploads\/2021\/04\/banner-medio-ferias-excel-300x45.jpg 300w, https:\/\/www.bizneo.com\/blog\/wp-content\/uploads\/2021\/04\/banner-medio-ferias-excel-1024x154.jpg 1024w, https:\/\/www.bizneo.com\/blog\/wp-content\/uploads\/2021\/04\/banner-medio-ferias-excel-768x115.jpg 768w, https:\/\/www.bizneo.com\/blog\/wp-content\/uploads\/2021\/04\/banner-medio-ferias-excel-810x122.jpg 810w, https:\/\/www.bizneo.com\/blog\/wp-content\/uploads\/2021\/04\/banner-medio-ferias-excel-1140x171.jpg 1140w\" sizes=\"(max-width: 1360px) 100vw, 1360px\" \/><\/a><\/figure>\n\n\n\n<h2 class=\"wp-block-heading\">Como fazer uma escala de f\u00e9rias?<\/h2>\n\n\n\n<p>Fazer a escala de f\u00e9rias de funcion\u00e1rios <strong>pode ser um processo complexo, <\/strong>especialmente em empresas de m\u00e9dio e grande porte.&nbsp;<\/p>\n\n\n\n<p>Tradicionalmente, <strong>esse processo era feito manualmente<\/strong>, exigindo tempo e esfor\u00e7o consider\u00e1veis do departamento de RH. A <a href=\"https:\/\/www.bizneo.com\/blog\/pt\/planilha-excel-ferias\/\" data-wpel-link=\"internal\" target=\"_blank\">planilha de f\u00e9rias em Excel<\/a> continua sendo usada por algumas empresas, mas, para escalar os processos, essa se mostra uma alternativa pouco eficiente.&nbsp;<\/p>\n\n\n\n<p>Com o <strong>avan\u00e7o da tecnologia<\/strong>, muitas empresas passaram <strong>a implementar solu\u00e7\u00f5es de <a href=\"\/br\/\" data-wpel-link=\"internal\" target=\"_blank\">software de RH<\/a> para facilitar essa tarefa.<\/strong><\/p>\n\n\n\n<figure class=\"wp-block-image size-full\"><a href=\"\/br\/gestao-ferias\/\" target=\"_blank\" rel=\"noreferrer noopener\" data-wpel-link=\"internal\"><img decoding=\"async\" width=\"1500\" height=\"1077\" src=\"https:\/\/www.bizneo.com\/blog\/wp-content\/uploads\/2021\/04\/programa-para-o-calculo-de-ferias-ausencias-automatico.webp\" alt=\"Gest\u00e3o de f\u00e9rias e aus\u00eancias\" class=\"wp-image-21540\" srcset=\"https:\/\/www.bizneo.com\/blog\/wp-content\/uploads\/2021\/04\/programa-para-o-calculo-de-ferias-ausencias-automatico.webp 1500w, https:\/\/www.bizneo.com\/blog\/wp-content\/uploads\/2021\/04\/programa-para-o-calculo-de-ferias-ausencias-automatico-300x215.webp 300w, https:\/\/www.bizneo.com\/blog\/wp-content\/uploads\/2021\/04\/programa-para-o-calculo-de-ferias-ausencias-automatico-1024x735.webp 1024w, https:\/\/www.bizneo.com\/blog\/wp-content\/uploads\/2021\/04\/programa-para-o-calculo-de-ferias-ausencias-automatico-768x551.webp 768w, https:\/\/www.bizneo.com\/blog\/wp-content\/uploads\/2021\/04\/programa-para-o-calculo-de-ferias-ausencias-automatico-810x582.webp 810w, https:\/\/www.bizneo.com\/blog\/wp-content\/uploads\/2021\/04\/programa-para-o-calculo-de-ferias-ausencias-automatico-1140x819.webp 1140w\" sizes=\"(max-width: 1500px) 100vw, 1500px\" \/><\/a><\/figure>\n\n\n\n<p>Um <a href=\"\/br\/gestao-ferias\/\" data-wpel-link=\"internal\" target=\"_blank\">software de gest\u00e3o de f\u00e9rias e aus\u00eancias<\/a>, como o da Bizneo HR, <strong>oferece recursos que agilizam e simplificam a cria\u00e7\u00e3o de um modelo de escala de f\u00e9rias<\/strong>. Ele permite que o RH visualize de forma clara o calend\u00e1rio de f\u00e9rias de cada funcion\u00e1rio, identifique poss\u00edveis conflitos e restri\u00e7\u00f5es, e fa\u00e7a ajustes de forma \u00e1gil.<\/p>\n\n\n\n<figure class=\"wp-block-image size-large\"><a href=\"\/br\/gestao-ferias\/\" data-wpel-link=\"internal\" target=\"_blank\"><img decoding=\"async\" width=\"1500\" height=\"1092\" src=\"https:\/\/www.bizneo.com\/blog\/wp-content\/uploads\/2023\/02\/software-de-marcacao-de-ferias.webp\" alt=\"software para calcular automaticamente as f\u00e9rias dos colaboradores\" class=\"wp-image-38669\" srcset=\"https:\/\/www.bizneo.com\/blog\/wp-content\/uploads\/2023\/02\/software-de-marcacao-de-ferias.webp 1500w, https:\/\/www.bizneo.com\/blog\/wp-content\/uploads\/2023\/02\/software-de-marcacao-de-ferias-300x218.webp 300w, https:\/\/www.bizneo.com\/blog\/wp-content\/uploads\/2023\/02\/software-de-marcacao-de-ferias-1024x745.webp 1024w, https:\/\/www.bizneo.com\/blog\/wp-content\/uploads\/2023\/02\/software-de-marcacao-de-ferias-768x559.webp 768w, https:\/\/www.bizneo.com\/blog\/wp-content\/uploads\/2023\/02\/software-de-marcacao-de-ferias-810x590.webp 810w, https:\/\/www.bizneo.com\/blog\/wp-content\/uploads\/2023\/02\/software-de-marcacao-de-ferias-1140x830.webp 1140w\" sizes=\"(max-width: 1500px) 100vw, 1500px\" \/><\/a><\/figure>\n\n\n\n<p>Al\u00e9m disso, uma solu\u00e7\u00e3o como essa <strong>envia notifica\u00e7\u00f5es autom\u00e1ticas<\/strong> aos funcion\u00e1rios sobre seus per\u00edodos de f\u00e9rias, facilitando o processo de comunica\u00e7\u00e3o.<\/p>\n\n\n\n<bzn-warning><a href=\"\/br\/gestao-ferias\/\" id=\"destacado-vacaciones\" target=\"_blank\" rel=\"noopener noreferrer\" data-wpel-link=\"internal\"><span class=\"bzn-note-title\"><strong>Deixe o velho calend\u00e1rio de feriados para tr\u00e1s. E&#8230; \n<\/strong> <\/span><br>APOSTE NA TECNOLOGIA COM UM SOFTWARE DE GEST\u00c3O DE F\u00c9RIAS!<\/a><\/br><\/bzn-warning>\n\n\n\n<p><\/p>\n\n\n\n<h3 class=\"wp-block-heading\">Onde elaborar a escala de f\u00e9rias de funcion\u00e1rios?&nbsp;<\/h3>\n\n\n\n<p>Com um <a href=\"\/br\/gestao-ferias\/\" data-wpel-link=\"internal\" target=\"_blank\">software de f\u00e9rias e aus\u00eancias<\/a>, \u00e9 poss\u00edvel <strong>criar e gerenciar escalas de f\u00e9rias<\/strong> de forma centralizada e eficiente.&nbsp;<\/p>\n\n\n\n<p>Essa ferramenta oferece uma interface intuitiva<strong>, por meio da qual o RH consegue visualizar o calend\u00e1rio da empresa<\/strong>, identificar os per\u00edodos dispon\u00edveis e alocar as f\u00e9rias dos colaboradores de maneira equilibrada.<\/p>\n\n\n\n<figure class=\"wp-block-image size-full\"><a href=\"\/br\/gestao-ferias\/\" target=\"_blank\" rel=\"noreferrer noopener\" data-wpel-link=\"internal\"><img decoding=\"async\" width=\"1500\" height=\"1089\" src=\"https:\/\/www.bizneo.com\/blog\/wp-content\/uploads\/2021\/04\/calendario-de-ferias-de-sua-empresa.webp\" alt=\"Sistema de controle de f\u00e9rias\" class=\"wp-image-21543\" srcset=\"https:\/\/www.bizneo.com\/blog\/wp-content\/uploads\/2021\/04\/calendario-de-ferias-de-sua-empresa.webp 1500w, https:\/\/www.bizneo.com\/blog\/wp-content\/uploads\/2021\/04\/calendario-de-ferias-de-sua-empresa-300x218.webp 300w, https:\/\/www.bizneo.com\/blog\/wp-content\/uploads\/2021\/04\/calendario-de-ferias-de-sua-empresa-1024x743.webp 1024w, https:\/\/www.bizneo.com\/blog\/wp-content\/uploads\/2021\/04\/calendario-de-ferias-de-sua-empresa-768x558.webp 768w, https:\/\/www.bizneo.com\/blog\/wp-content\/uploads\/2021\/04\/calendario-de-ferias-de-sua-empresa-810x588.webp 810w, https:\/\/www.bizneo.com\/blog\/wp-content\/uploads\/2021\/04\/calendario-de-ferias-de-sua-empresa-1140x828.webp 1140w\" sizes=\"(max-width: 1500px) 100vw, 1500px\" \/><\/a><\/figure>\n\n\n\n<p>Al\u00e9m disso, a escala de f\u00e9rias automatizada <strong>possibilita o armazenamento seguro de informa\u00e7\u00f5es sobre as f\u00e9rias de cada funcion\u00e1rio<\/strong>, como datas de in\u00edcio e t\u00e9rmino, hist\u00f3rico de f\u00e9rias anteriores e prefer\u00eancias individuais. Isso facilita o planejamento futuro e ajuda a evitar conflitos.<\/p>\n\n\n<p><bzn-link><a href=\"\/br\/gestao-ferias\/\" id=\"destacado-vacaciones\" target=\"_blank\" rel=\"noopener noreferrer\" data-wpel-link=\"internal\"><span class=\"bzn-link-title\">Gerencia as f\u00e9rias e licen\u00e7as de sua equipe&#8230;<\/span>Em tempo recorde!<\/a><\/bzn-link><\/p>\n\n\n<p><\/p>\n\n\n\n<h2 class=\"wp-block-heading\">Vantagens de adotar uma escala de f\u00e9rias&nbsp;automatizada<\/h2>\n\n\n\n<p>A utiliza\u00e7\u00e3o de uma <a href=\"https:\/\/www.bizneo.com\/blog\/pt\/ferramentas-de-rh\/\" data-wpel-link=\"internal\" target=\"_blank\">ferramenta de RH<\/a> para o <a href=\"https:\/\/www.bizneo.com\/blog\/pt\/controle-de-ferias\/\" target=\"_blank\" rel=\"noreferrer noopener\" data-wpel-link=\"internal\">controle de f\u00e9rias<\/a> traz uma s\u00e9rie de vantagens para a empresa e o departamento de RH. Separamos alguns de seus principais benef\u00edcios:<\/p>\n\n\n\n<ul class=\"wp-block-list\">\n<li><strong>Economia de tempo: <\/strong>Com um software especializado, o processo de cria\u00e7\u00e3o e gerenciamento da escala de f\u00e9rias se torna muito mais r\u00e1pido e eficiente. As tarefas manuais e repetitivas s\u00e3o automatizadas, liberando tempo para que o RH possa se concentrar em atividades mais estrat\u00e9gicas e que n\u00e3o podem ser substitu\u00eddas pela tecnologia.<\/li>\n\n\n\n<li><strong>Redu\u00e7\u00e3o de erros: <\/strong>A automa\u00e7\u00e3o oferecida pela tecnologia reduz as probabilidades de erros humanos, como sobreposi\u00e7\u00e3o de f\u00e9rias ou esquecimento de datas. Isso garante uma distribui\u00e7\u00e3o justa e eficiente das f\u00e9rias, evitando conflitos e insatisfa\u00e7\u00e3o entre os colaboradores.<\/li>\n\n\n\n<li><strong>Maior transpar\u00eancia: <\/strong>Com um <a href=\"https:\/\/www.bizneo.com\/blog\/pt\/sistema-rh\/\" data-wpel-link=\"internal\" target=\"_blank\">sistema de RH,<\/a> tanto o Recursos Humanos como os colaboradores t\u00eam acesso f\u00e1cil e r\u00e1pido \u00e0s informa\u00e7\u00f5es sobre as f\u00e9rias, o que torna o processo mais transparente. Todos podem verificar o calend\u00e1rio, identificar os per\u00edodos dispon\u00edveis e acompanhar as solicita\u00e7\u00f5es de f\u00e9rias dos colegas, promovendo uma comunica\u00e7\u00e3o clara e evitando mal-entendidos.<\/li>\n\n\n\n<li><strong>Planejamento estrat\u00e9gico: <\/strong>Um software de RH oferece recursos avan\u00e7ados de an\u00e1lise e relat\u00f3rios. Isso ajuda o departamento de RH a identificar tend\u00eancias, padr\u00f5es de f\u00e9rias e necessidades de contrata\u00e7\u00e3o tempor\u00e1ria com anteced\u00eancia. Isso facilita o planejamento estrat\u00e9gico da empresa, garantindo que as opera\u00e7\u00f5es n\u00e3o sejam interrompidas durante os per\u00edodos de f\u00e9rias.<\/li>\n<\/ul>\n\n\n\n<bzn-info><a href=\"\/blog\/pt\/programar-ferias-funcionarios\/\" id=\"destacado-post\" target=\"_blank\" rel=\"noopener noreferrer\" data-wpel-link=\"internal\"><span class=\"bzn-note-title\"><strong>Como programar as f\u00e9rias de funcion\u00e1rios com efici\u00eancia<\/strong><\/span><br>Como automatizar tudo com um planejador de f\u00e9rias!<\/a><\/bzn-info>\n\n\n\n<p><\/p>\n\n\n\n<h2 class=\"wp-block-heading\">Como a tecnologia ajuda na elabora\u00e7\u00e3o de escala de f\u00e9rias?&nbsp;<\/h2>\n\n\n\n<p>Um <a href=\"\/br\/gestao-ferias\/\" data-wpel-link=\"internal\" target=\"_blank\">software de controle de f\u00e9rias e aus\u00eancias<\/a>, tem uma s\u00e9rie de ferramentas para ajudar as empresas no planejamento e na elabora\u00e7\u00e3o da escala de f\u00e9rias de funcion\u00e1rios, como:<\/p>\n\n\n\n<ul class=\"wp-block-list\">\n<li>Vincula\u00e7\u00e3o a acordos coletivos de trabalhadores;<\/li>\n\n\n\n<li><a href=\"https:\/\/www.bizneo.com\/blog\/pt\/calcular-ferias-em-uma-empresa\/\" target=\"_blank\" rel=\"noreferrer noopener\" data-wpel-link=\"internal\">C\u00e1lculo das f\u00e9rias<\/a> autom\u00e1tico;<\/li>\n\n\n\n<li>Fluxo de aprova\u00e7\u00f5es por tipo de aus\u00eancia;<\/li>\n\n\n\n<li>Balan\u00e7o de dias livres utilizados e dispon\u00edveis;<\/li>\n\n\n\n<li>Calend\u00e1rio anual por colaborador e equipe;<\/li>\n\n\n\n<li>Notifica\u00e7\u00f5es autom\u00e1ticas de requisi\u00e7\u00f5es e aprova\u00e7\u00f5es;<\/li>\n\n\n\n<li>Gest\u00e3o simples de justificativas de aus\u00eancias;<\/li>\n\n\n\n<li>Personaliza\u00e7\u00e3o avan\u00e7ada de f\u00e9rias e aus\u00eancias.<\/li>\n<\/ul>\n\n\n\n<figure class=\"wp-block-image size-full\"><a href=\"\/br\/gestao-ferias\/\" target=\"_blank\" rel=\"noreferrer noopener\" data-wpel-link=\"internal\"><img decoding=\"async\" width=\"1500\" height=\"1006\" src=\"https:\/\/www.bizneo.com\/blog\/wp-content\/uploads\/2021\/04\/Software-de-Recursos-Humanos-para-ferias-e-ausencias.webp\" alt=\"software de gest\u00e3o de f\u00e9rias e faltas\" class=\"wp-image-21542\" srcset=\"https:\/\/www.bizneo.com\/blog\/wp-content\/uploads\/2021\/04\/Software-de-Recursos-Humanos-para-ferias-e-ausencias.webp 1500w, https:\/\/www.bizneo.com\/blog\/wp-content\/uploads\/2021\/04\/Software-de-Recursos-Humanos-para-ferias-e-ausencias-300x201.webp 300w, https:\/\/www.bizneo.com\/blog\/wp-content\/uploads\/2021\/04\/Software-de-Recursos-Humanos-para-ferias-e-ausencias-1024x687.webp 1024w, https:\/\/www.bizneo.com\/blog\/wp-content\/uploads\/2021\/04\/Software-de-Recursos-Humanos-para-ferias-e-ausencias-768x515.webp 768w, https:\/\/www.bizneo.com\/blog\/wp-content\/uploads\/2021\/04\/Software-de-Recursos-Humanos-para-ferias-e-ausencias-810x543.webp 810w, https:\/\/www.bizneo.com\/blog\/wp-content\/uploads\/2021\/04\/Software-de-Recursos-Humanos-para-ferias-e-ausencias-1140x765.webp 1140w\" sizes=\"(max-width: 1500px) 100vw, 1500px\" \/><\/a><\/figure>\n\n\n\n<p>Como vimos, a escala de f\u00e9rias \u00e9 uma<strong> pr\u00e1tica fundamental<\/strong> para o bom funcionamento de uma empresa, proporcionando descanso adequado aos colaboradores e garantindo a continuidade das opera\u00e7\u00f5es.&nbsp;<\/p>\n\n\n\n<p>Para otimizar o processo de cria\u00e7\u00e3o e gerenciamento da escala de f\u00e9rias, um <a href=\"\/br\/\" data-wpel-link=\"internal\" target=\"_blank\">software de Recursos Humanos<\/a> se mostra uma <strong>ferramenta indispens\u00e1vel<\/strong>.&nbsp;Com recursos automatizados e intuitivos, ele simplifica as tarefas, economiza tempo e reduz erros, trazendo efici\u00eancia e transpar\u00eancia para o departamento de RH e para toda a organiza\u00e7\u00e3o.<\/p>\n\n\n\n<figure class=\"wp-block-image size-large\"><a href=\"https:\/\/hello.bizneo.com\/br\/demo\/time\/?utm_content=post-banner-grande\" target=\"_blank\" rel=\"noopener\" data-wpel-link=\"internal\"><img decoding=\"async\" width=\"1360\" height=\"408\" src=\"https:\/\/www.bizneo.com\/blog\/wp-content\/uploads\/2021\/04\/Software-de-controle-de-ferias-e-ausencias.jpg\" alt=\"software gest\u00e3o de f\u00e9rias\" class=\"wp-image-21498\" srcset=\"https:\/\/www.bizneo.com\/blog\/wp-content\/uploads\/2021\/04\/Software-de-controle-de-ferias-e-ausencias.jpg 1360w, https:\/\/www.bizneo.com\/blog\/wp-content\/uploads\/2021\/04\/Software-de-controle-de-ferias-e-ausencias-300x90.jpg 300w, https:\/\/www.bizneo.com\/blog\/wp-content\/uploads\/2021\/04\/Software-de-controle-de-ferias-e-ausencias-1024x307.jpg 1024w, https:\/\/www.bizneo.com\/blog\/wp-content\/uploads\/2021\/04\/Software-de-controle-de-ferias-e-ausencias-768x230.jpg 768w, https:\/\/www.bizneo.com\/blog\/wp-content\/uploads\/2021\/04\/Software-de-controle-de-ferias-e-ausencias-810x243.jpg 810w, https:\/\/www.bizneo.com\/blog\/wp-content\/uploads\/2021\/04\/Software-de-controle-de-ferias-e-ausencias-1140x342.jpg 1140w\" sizes=\"(max-width: 1360px) 100vw, 1360px\" \/><\/a><\/figure>\n","protected":false},"excerpt":{"rendered":"<p>O que \u00e9 a escala de f\u00e9rias, qual a import\u00e2ncia desse processo para as empresas, suas vantagens e como a tecnologia de RH pode ajudar<\/p>\n","protected":false},"author":31,"featured_media":41038,"comment_status":"open","ping_status":"open","sticky":false,"template":"","format":"standard","meta":{"_uag_custom_page_level_css":"","site-sidebar-layout":"default","site-content-layout":"","ast-site-content-layout":"default","site-content-style":"default","site-sidebar-style":"default","ast-global-header-display":"","ast-banner-title-visibility":"","ast-main-header-display":"","ast-hfb-above-header-display":"","ast-hfb-below-header-display":"","ast-hfb-mobile-header-display":"","site-post-title":"","ast-breadcrumbs-content":"","ast-featured-img":"","footer-sml-layout":"","ast-disable-related-posts":"","theme-transparent-header-meta":"","adv-header-id-meta":"","stick-header-meta":"","header-above-stick-meta":"","header-main-stick-meta":"","header-below-stick-meta":"","astra-migrate-meta-layouts":"default","ast-page-background-enabled":"default","ast-page-background-meta":{"desktop":{"background-color":"var(--ast-global-color-5)","background-image":"","background-repeat":"repeat","background-position":"center center","background-size":"auto","background-attachment":"scroll","background-type":"","background-media":"","overlay-type":"","overlay-color":"","overlay-opacity":"","overlay-gradient":""},"tablet":{"background-color":"","background-image":"","background-repeat":"repeat","background-position":"center center","background-size":"auto","background-attachment":"scroll","background-type":"","background-media":"","overlay-type":"","overlay-color":"","overlay-opacity":"","overlay-gradient":""},"mobile":{"background-color":"","background-image":"","background-repeat":"repeat","background-position":"center center","background-size":"auto","background-attachment":"scroll","background-type":"","background-media":"","overlay-type":"","overlay-color":"","overlay-opacity":"","overlay-gradient":""}},"ast-content-background-meta":{"desktop":{"background-color":"var(--ast-global-color-4)","background-image":"","background-repeat":"repeat","background-position":"center center","background-size":"auto","background-attachment":"scroll","background-type":"","background-media":"","overlay-type":"","overlay-color":"","overlay-opacity":"","overlay-gradient":""},"tablet":{"background-color":"var(--ast-global-color-4)","background-image":"","background-repeat":"repeat","background-position":"center center","background-size":"auto","background-attachment":"scroll","background-type":"","background-media":"","overlay-type":"","overlay-color":"","overlay-opacity":"","overlay-gradient":""},"mobile":{"background-color":"var(--ast-global-color-4)","background-image":"","background-repeat":"repeat","background-position":"center center","background-size":"auto","background-attachment":"scroll","background-type":"","background-media":"","overlay-type":"","overlay-color":"","overlay-opacity":"","overlay-gradient":""}},"footnotes":""},"categories":[215],"tags":[],"class_list":["post-40897","post","type-post","status-publish","format-standard","has-post-thumbnail","hentry","category-gestao-de-ferias"],"yoast_head":"<!-- This site is optimized with the Yoast SEO plugin v27.5 - https:\/\/yoast.com\/product\/yoast-seo-wordpress\/ -->\n<title>Escala de F\u00e9rias | Montar e planejar com sucesso<\/title>\n<meta name=\"description\" content=\"Com a escala de f\u00e9rias, planeje e organize os dias de folga e as aus\u00eancias da sua equipe. Se voc\u00ea automatizar isso, melhor ainda.\" \/>\n<meta name=\"robots\" content=\"index, follow, max-snippet:-1, max-image-preview:large, max-video-preview:-1\" \/>\n<meta property=\"og:locale\" content=\"es_ES\" \/>\n<meta property=\"og:type\" content=\"article\" \/>\n<meta property=\"og:title\" content=\"Escala de F\u00e9rias | Montar e planejar com sucesso\" \/>\n<meta property=\"og:description\" content=\"Com a escala de f\u00e9rias, planeje e organize os dias de folga e as aus\u00eancias da sua equipe. Se voc\u00ea automatizar isso, melhor ainda.\" \/>\n<meta property=\"og:url\" content=\"https:\/\/www.bizneo.com\/blog\/pt\/escala-de-ferias\/\" \/>\n<meta property=\"og:site_name\" content=\"Blog de Recursos Humanos de Bizneo HR: pr\u00e1ctico y actual\" \/>\n<meta property=\"article:published_time\" content=\"2023-07-26T10:27:06+00:00\" \/>\n<meta property=\"article:modified_time\" content=\"2026-01-27T17:50:18+00:00\" \/>\n<meta property=\"og:image\" content=\"https:\/\/www.bizneo.com\/blog\/wp-content\/uploads\/2023\/06\/escala-de-ferias.jpg\" \/>\n\t<meta property=\"og:image:width\" content=\"1140\" \/>\n\t<meta property=\"og:image:height\" content=\"640\" \/>\n\t<meta property=\"og:image:type\" content=\"image\/jpeg\" \/>\n<meta name=\"author\" content=\"Talita\" \/>\n<meta name=\"twitter:card\" content=\"summary_large_image\" \/>\n<meta name=\"twitter:label1\" content=\"Escrito por\" \/>\n\t<meta name=\"twitter:data1\" content=\"Talita\" \/>\n\t<meta name=\"twitter:label2\" content=\"Tiempo de lectura\" \/>\n\t<meta name=\"twitter:data2\" content=\"9 minutos\" \/>\n<script type=\"application\/ld+json\" class=\"yoast-schema-graph\">{\"@context\":\"https:\\\/\\\/schema.org\",\"@graph\":[{\"@type\":[\"Article\",\"BlogPosting\"],\"@id\":\"https:\\\/\\\/www.bizneo.com\\\/blog\\\/pt\\\/escala-de-ferias\\\/#article\",\"isPartOf\":{\"@id\":\"https:\\\/\\\/www.bizneo.com\\\/blog\\\/pt\\\/escala-de-ferias\\\/\"},\"author\":{\"name\":\"Talita\",\"@id\":\"https:\\\/\\\/www.bizneo.com\\\/blog\\\/#\\\/schema\\\/person\\\/3aea8ddcb201926bb4394bbfb582a5fb\"},\"headline\":\"Escala de F\u00e9rias | Montar e planejar com sucesso\",\"datePublished\":\"2023-07-26T10:27:06+00:00\",\"dateModified\":\"2026-01-27T17:50:18+00:00\",\"mainEntityOfPage\":{\"@id\":\"https:\\\/\\\/www.bizneo.com\\\/blog\\\/pt\\\/escala-de-ferias\\\/\"},\"wordCount\":1760,\"commentCount\":0,\"publisher\":{\"@id\":\"https:\\\/\\\/www.bizneo.com\\\/blog\\\/#organization\"},\"image\":{\"@id\":\"https:\\\/\\\/www.bizneo.com\\\/blog\\\/pt\\\/escala-de-ferias\\\/#primaryimage\"},\"thumbnailUrl\":\"https:\\\/\\\/www.bizneo.com\\\/blog\\\/wp-content\\\/uploads\\\/2023\\\/06\\\/escala-de-ferias.jpg\",\"articleSection\":[\"Gest\u00e3o de f\u00e9rias\"],\"inLanguage\":\"es\",\"potentialAction\":[{\"@type\":\"CommentAction\",\"name\":\"Comment\",\"target\":[\"https:\\\/\\\/www.bizneo.com\\\/blog\\\/pt\\\/escala-de-ferias\\\/#respond\"]}]},{\"@type\":\"WebPage\",\"@id\":\"https:\\\/\\\/www.bizneo.com\\\/blog\\\/pt\\\/escala-de-ferias\\\/\",\"url\":\"https:\\\/\\\/www.bizneo.com\\\/blog\\\/pt\\\/escala-de-ferias\\\/\",\"name\":\"Escala de F\u00e9rias | Montar e planejar com sucesso\",\"isPartOf\":{\"@id\":\"https:\\\/\\\/www.bizneo.com\\\/blog\\\/#website\"},\"primaryImageOfPage\":{\"@id\":\"https:\\\/\\\/www.bizneo.com\\\/blog\\\/pt\\\/escala-de-ferias\\\/#primaryimage\"},\"image\":{\"@id\":\"https:\\\/\\\/www.bizneo.com\\\/blog\\\/pt\\\/escala-de-ferias\\\/#primaryimage\"},\"thumbnailUrl\":\"https:\\\/\\\/www.bizneo.com\\\/blog\\\/wp-content\\\/uploads\\\/2023\\\/06\\\/escala-de-ferias.jpg\",\"datePublished\":\"2023-07-26T10:27:06+00:00\",\"dateModified\":\"2026-01-27T17:50:18+00:00\",\"description\":\"Com a escala de f\u00e9rias, planeje e organize os dias de folga e as aus\u00eancias da sua equipe. Se voc\u00ea automatizar isso, melhor ainda.\",\"breadcrumb\":{\"@id\":\"https:\\\/\\\/www.bizneo.com\\\/blog\\\/pt\\\/escala-de-ferias\\\/#breadcrumb\"},\"inLanguage\":\"es\",\"potentialAction\":[{\"@type\":\"ReadAction\",\"target\":[\"https:\\\/\\\/www.bizneo.com\\\/blog\\\/pt\\\/escala-de-ferias\\\/\"]}]},{\"@type\":\"ImageObject\",\"inLanguage\":\"es\",\"@id\":\"https:\\\/\\\/www.bizneo.com\\\/blog\\\/pt\\\/escala-de-ferias\\\/#primaryimage\",\"url\":\"https:\\\/\\\/www.bizneo.com\\\/blog\\\/wp-content\\\/uploads\\\/2023\\\/06\\\/escala-de-ferias.jpg\",\"contentUrl\":\"https:\\\/\\\/www.bizneo.com\\\/blog\\\/wp-content\\\/uploads\\\/2023\\\/06\\\/escala-de-ferias.jpg\",\"width\":1140,\"height\":640,\"caption\":\"escala de f\u00e9rias\"},{\"@type\":\"BreadcrumbList\",\"@id\":\"https:\\\/\\\/www.bizneo.com\\\/blog\\\/pt\\\/escala-de-ferias\\\/#breadcrumb\",\"itemListElement\":[{\"@type\":\"ListItem\",\"position\":1,\"name\":\"Portada\",\"item\":\"https:\\\/\\\/www.bizneo.com\\\/blog\\\/\"},{\"@type\":\"ListItem\",\"position\":2,\"name\":\"Gest\u00e3o do tempo\",\"item\":\"https:\\\/\\\/www.bizneo.com\\\/blog\\\/pt\\\/category\\\/gestao-do-tempo\\\/\"},{\"@type\":\"ListItem\",\"position\":3,\"name\":\"Gest\u00e3o de f\u00e9rias\",\"item\":\"https:\\\/\\\/www.bizneo.com\\\/blog\\\/pt\\\/category\\\/gestao-do-tempo\\\/gestao-de-ferias\\\/\"},{\"@type\":\"ListItem\",\"position\":4,\"name\":\"Escala de F\u00e9rias | Montar e planejar com sucesso\"}]},{\"@type\":\"WebSite\",\"@id\":\"https:\\\/\\\/www.bizneo.com\\\/blog\\\/#website\",\"url\":\"https:\\\/\\\/www.bizneo.com\\\/blog\\\/\",\"name\":\"Blog de Recursos Humanos de Bizneo HR: pr\u00e1ctico y actual\",\"description\":\"Todo sobre actualidad, herramientas y tecnolog\u00eda  para optimizar la gesti\u00f3n del talento humano\",\"publisher\":{\"@id\":\"https:\\\/\\\/www.bizneo.com\\\/blog\\\/#organization\"},\"potentialAction\":[{\"@type\":\"SearchAction\",\"target\":{\"@type\":\"EntryPoint\",\"urlTemplate\":\"https:\\\/\\\/www.bizneo.com\\\/blog\\\/?s={search_term_string}\"},\"query-input\":{\"@type\":\"PropertyValueSpecification\",\"valueRequired\":true,\"valueName\":\"search_term_string\"}}],\"inLanguage\":\"es\"},{\"@type\":\"Organization\",\"@id\":\"https:\\\/\\\/www.bizneo.com\\\/blog\\\/#organization\",\"name\":\"Bizneo HR\",\"url\":\"https:\\\/\\\/www.bizneo.com\\\/blog\\\/\",\"logo\":{\"@type\":\"ImageObject\",\"inLanguage\":\"es\",\"@id\":\"https:\\\/\\\/www.bizneo.com\\\/blog\\\/#\\\/schema\\\/logo\\\/image\\\/\",\"url\":\"https:\\\/\\\/www.bizneo.com\\\/blog\\\/wp-content\\\/uploads\\\/2020\\\/09\\\/Icono-Logo-Bizneo-HR.png\",\"contentUrl\":\"https:\\\/\\\/www.bizneo.com\\\/blog\\\/wp-content\\\/uploads\\\/2020\\\/09\\\/Icono-Logo-Bizneo-HR.png\",\"width\":834,\"height\":834,\"caption\":\"Bizneo HR\"},\"image\":{\"@id\":\"https:\\\/\\\/www.bizneo.com\\\/blog\\\/#\\\/schema\\\/logo\\\/image\\\/\"}},{\"@type\":\"Person\",\"@id\":\"https:\\\/\\\/www.bizneo.com\\\/blog\\\/#\\\/schema\\\/person\\\/3aea8ddcb201926bb4394bbfb582a5fb\",\"name\":\"Talita\",\"image\":{\"@type\":\"ImageObject\",\"inLanguage\":\"es\",\"@id\":\"https:\\\/\\\/secure.gravatar.com\\\/avatar\\\/965e4e0e673ec5aef56da7c23c99dfcc4c209684c78c811d6ece9961d8e62ecd?s=96&d=mm&r=g\",\"url\":\"https:\\\/\\\/secure.gravatar.com\\\/avatar\\\/965e4e0e673ec5aef56da7c23c99dfcc4c209684c78c811d6ece9961d8e62ecd?s=96&d=mm&r=g\",\"contentUrl\":\"https:\\\/\\\/secure.gravatar.com\\\/avatar\\\/965e4e0e673ec5aef56da7c23c99dfcc4c209684c78c811d6ece9961d8e62ecd?s=96&d=mm&r=g\",\"caption\":\"Talita\"},\"url\":\"https:\\\/\\\/www.bizneo.com\\\/blog\\\/author\\\/talita\\\/\"}]}<\/script>\n<!-- \/ Yoast SEO plugin. -->","yoast_head_json":{"title":"Escala de F\u00e9rias | Montar e planejar com sucesso","description":"Com a escala de f\u00e9rias, planeje e organize os dias de folga e as aus\u00eancias da sua equipe. Se voc\u00ea automatizar isso, melhor ainda.","robots":{"index":"index","follow":"follow","max-snippet":"max-snippet:-1","max-image-preview":"max-image-preview:large","max-video-preview":"max-video-preview:-1"},"og_locale":"es_ES","og_type":"article","og_title":"Escala de F\u00e9rias | Montar e planejar com sucesso","og_description":"Com a escala de f\u00e9rias, planeje e organize os dias de folga e as aus\u00eancias da sua equipe. Se voc\u00ea automatizar isso, melhor ainda.","og_url":"https:\/\/www.bizneo.com\/blog\/pt\/escala-de-ferias\/","og_site_name":"Blog de Recursos Humanos de Bizneo HR: pr\u00e1ctico y actual","article_published_time":"2023-07-26T10:27:06+00:00","article_modified_time":"2026-01-27T17:50:18+00:00","og_image":[{"width":1140,"height":640,"url":"https:\/\/www.bizneo.com\/blog\/wp-content\/uploads\/2023\/06\/escala-de-ferias.jpg","type":"image\/jpeg"}],"author":"Talita","twitter_card":"summary_large_image","twitter_misc":{"Escrito por":"Talita","Tiempo de lectura":"9 minutos"},"schema":{"@context":"https:\/\/schema.org","@graph":[{"@type":["Article","BlogPosting"],"@id":"https:\/\/www.bizneo.com\/blog\/pt\/escala-de-ferias\/#article","isPartOf":{"@id":"https:\/\/www.bizneo.com\/blog\/pt\/escala-de-ferias\/"},"author":{"name":"Talita","@id":"https:\/\/www.bizneo.com\/blog\/#\/schema\/person\/3aea8ddcb201926bb4394bbfb582a5fb"},"headline":"Escala de F\u00e9rias | Montar e planejar com sucesso","datePublished":"2023-07-26T10:27:06+00:00","dateModified":"2026-01-27T17:50:18+00:00","mainEntityOfPage":{"@id":"https:\/\/www.bizneo.com\/blog\/pt\/escala-de-ferias\/"},"wordCount":1760,"commentCount":0,"publisher":{"@id":"https:\/\/www.bizneo.com\/blog\/#organization"},"image":{"@id":"https:\/\/www.bizneo.com\/blog\/pt\/escala-de-ferias\/#primaryimage"},"thumbnailUrl":"https:\/\/www.bizneo.com\/blog\/wp-content\/uploads\/2023\/06\/escala-de-ferias.jpg","articleSection":["Gest\u00e3o de f\u00e9rias"],"inLanguage":"es","potentialAction":[{"@type":"CommentAction","name":"Comment","target":["https:\/\/www.bizneo.com\/blog\/pt\/escala-de-ferias\/#respond"]}]},{"@type":"WebPage","@id":"https:\/\/www.bizneo.com\/blog\/pt\/escala-de-ferias\/","url":"https:\/\/www.bizneo.com\/blog\/pt\/escala-de-ferias\/","name":"Escala de F\u00e9rias | Montar e planejar com sucesso","isPartOf":{"@id":"https:\/\/www.bizneo.com\/blog\/#website"},"primaryImageOfPage":{"@id":"https:\/\/www.bizneo.com\/blog\/pt\/escala-de-ferias\/#primaryimage"},"image":{"@id":"https:\/\/www.bizneo.com\/blog\/pt\/escala-de-ferias\/#primaryimage"},"thumbnailUrl":"https:\/\/www.bizneo.com\/blog\/wp-content\/uploads\/2023\/06\/escala-de-ferias.jpg","datePublished":"2023-07-26T10:27:06+00:00","dateModified":"2026-01-27T17:50:18+00:00","description":"Com a escala de f\u00e9rias, planeje e organize os dias de folga e as aus\u00eancias da sua equipe. Se voc\u00ea automatizar isso, melhor ainda.","breadcrumb":{"@id":"https:\/\/www.bizneo.com\/blog\/pt\/escala-de-ferias\/#breadcrumb"},"inLanguage":"es","potentialAction":[{"@type":"ReadAction","target":["https:\/\/www.bizneo.com\/blog\/pt\/escala-de-ferias\/"]}]},{"@type":"ImageObject","inLanguage":"es","@id":"https:\/\/www.bizneo.com\/blog\/pt\/escala-de-ferias\/#primaryimage","url":"https:\/\/www.bizneo.com\/blog\/wp-content\/uploads\/2023\/06\/escala-de-ferias.jpg","contentUrl":"https:\/\/www.bizneo.com\/blog\/wp-content\/uploads\/2023\/06\/escala-de-ferias.jpg","width":1140,"height":640,"caption":"escala de f\u00e9rias"},{"@type":"BreadcrumbList","@id":"https:\/\/www.bizneo.com\/blog\/pt\/escala-de-ferias\/#breadcrumb","itemListElement":[{"@type":"ListItem","position":1,"name":"Portada","item":"https:\/\/www.bizneo.com\/blog\/"},{"@type":"ListItem","position":2,"name":"Gest\u00e3o do tempo","item":"https:\/\/www.bizneo.com\/blog\/pt\/category\/gestao-do-tempo\/"},{"@type":"ListItem","position":3,"name":"Gest\u00e3o de f\u00e9rias","item":"https:\/\/www.bizneo.com\/blog\/pt\/category\/gestao-do-tempo\/gestao-de-ferias\/"},{"@type":"ListItem","position":4,"name":"Escala de F\u00e9rias | Montar e planejar com sucesso"}]},{"@type":"WebSite","@id":"https:\/\/www.bizneo.com\/blog\/#website","url":"https:\/\/www.bizneo.com\/blog\/","name":"Blog de Recursos Humanos de Bizneo HR: pr\u00e1ctico y actual","description":"Todo sobre actualidad, herramientas y tecnolog\u00eda  para optimizar la gesti\u00f3n del talento humano","publisher":{"@id":"https:\/\/www.bizneo.com\/blog\/#organization"},"potentialAction":[{"@type":"SearchAction","target":{"@type":"EntryPoint","urlTemplate":"https:\/\/www.bizneo.com\/blog\/?s={search_term_string}"},"query-input":{"@type":"PropertyValueSpecification","valueRequired":true,"valueName":"search_term_string"}}],"inLanguage":"es"},{"@type":"Organization","@id":"https:\/\/www.bizneo.com\/blog\/#organization","name":"Bizneo HR","url":"https:\/\/www.bizneo.com\/blog\/","logo":{"@type":"ImageObject","inLanguage":"es","@id":"https:\/\/www.bizneo.com\/blog\/#\/schema\/logo\/image\/","url":"https:\/\/www.bizneo.com\/blog\/wp-content\/uploads\/2020\/09\/Icono-Logo-Bizneo-HR.png","contentUrl":"https:\/\/www.bizneo.com\/blog\/wp-content\/uploads\/2020\/09\/Icono-Logo-Bizneo-HR.png","width":834,"height":834,"caption":"Bizneo HR"},"image":{"@id":"https:\/\/www.bizneo.com\/blog\/#\/schema\/logo\/image\/"}},{"@type":"Person","@id":"https:\/\/www.bizneo.com\/blog\/#\/schema\/person\/3aea8ddcb201926bb4394bbfb582a5fb","name":"Talita","image":{"@type":"ImageObject","inLanguage":"es","@id":"https:\/\/secure.gravatar.com\/avatar\/965e4e0e673ec5aef56da7c23c99dfcc4c209684c78c811d6ece9961d8e62ecd?s=96&d=mm&r=g","url":"https:\/\/secure.gravatar.com\/avatar\/965e4e0e673ec5aef56da7c23c99dfcc4c209684c78c811d6ece9961d8e62ecd?s=96&d=mm&r=g","contentUrl":"https:\/\/secure.gravatar.com\/avatar\/965e4e0e673ec5aef56da7c23c99dfcc4c209684c78c811d6ece9961d8e62ecd?s=96&d=mm&r=g","caption":"Talita"},"url":"https:\/\/www.bizneo.com\/blog\/author\/talita\/"}]}},"spectra_custom_meta":{"_edit_lock":["1769536231:47"],"_edit_last":["47"],"onesignal_meta_box_present":["1"],"onesignal_send_notification":[""],"onesignal_modify_title_and_content":[""],"onesignal_notification_custom_heading":[null],"onesignal_notification_custom_content":[null],"wp_review_type":["none"],"_vce_meta":["a:4:{s:11:\"use_sidebar\";s:7:\"inherit\";s:7:\"sidebar\";s:7:\"inherit\";s:14:\"sticky_sidebar\";s:7:\"inherit\";s:6:\"layout\";s:7:\"inherit\";}"],"_yoast_wpseo_primary_category":["215"],"_yoast_wpseo_estimated-reading-time-minutes":["9"],"_yoast_wpseo_content_score":["90"],"_yoast_wpseo_focuskw":["escala de f\u00e9rias"],"_yoast_wpseo_metadesc":["Com a escala de f\u00e9rias, planeje e organize os dias de folga e as aus\u00eancias da sua equipe. Se voc\u00ea automatizar isso, melhor ainda."],"_yoast_wpseo_linkdex":["88"],"_thumbnail_id":["41038"],"_yoast_wpseo_wordproof_timestamp":[""],"_yoast_wpseo_title":["Escala de F\u00e9rias | Montar e planejar com sucesso"],"Views":["1750"],"_uag_css_file_name":["uag-css-40897.css"],"_uag_page_assets":["a:9:{s:3:\"css\";s:263:\".uag-blocks-common-selector{z-index:var(--z-index-desktop) !important}@media (max-width: 976px){.uag-blocks-common-selector{z-index:var(--z-index-tablet) !important}}@media (max-width: 767px){.uag-blocks-common-selector{z-index:var(--z-index-mobile) !important}}\n\";s:2:\"js\";s:0:\"\";s:18:\"current_block_list\";a:8:{i:0;s:14:\"core\/paragraph\";i:1;s:12:\"core\/heading\";i:2;s:10:\"core\/image\";i:3;s:9:\"core\/list\";i:4;s:14:\"core\/list-item\";i:5;s:9:\"core\/html\";i:6;s:12:\"core\/details\";i:7;s:14:\"core\/shortcode\";}s:8:\"uag_flag\";b:0;s:11:\"uag_version\";s:10:\"1777408547\";s:6:\"gfonts\";a:0:{}s:10:\"gfonts_url\";s:0:\"\";s:12:\"gfonts_files\";a:0:{}s:14:\"uag_faq_layout\";b:0;}"]},"uagb_featured_image_src":{"full":["https:\/\/www.bizneo.com\/blog\/wp-content\/uploads\/2023\/06\/escala-de-ferias.jpg",1140,640,false],"thumbnail":["https:\/\/www.bizneo.com\/blog\/wp-content\/uploads\/2023\/06\/escala-de-ferias-150x150.jpg",150,150,true],"medium":["https:\/\/www.bizneo.com\/blog\/wp-content\/uploads\/2023\/06\/escala-de-ferias-300x168.jpg",300,168,true],"medium_large":["https:\/\/www.bizneo.com\/blog\/wp-content\/uploads\/2023\/06\/escala-de-ferias-768x431.jpg",768,431,true],"large":["https:\/\/www.bizneo.com\/blog\/wp-content\/uploads\/2023\/06\/escala-de-ferias-1024x575.jpg",1024,575,true],"1536x1536":["https:\/\/www.bizneo.com\/blog\/wp-content\/uploads\/2023\/06\/escala-de-ferias.jpg",1140,640,false],"2048x2048":["https:\/\/www.bizneo.com\/blog\/wp-content\/uploads\/2023\/06\/escala-de-ferias.jpg",1140,640,false]},"uagb_author_info":{"display_name":"Talita","author_link":"https:\/\/www.bizneo.com\/blog\/author\/talita\/"},"uagb_comment_info":0,"uagb_excerpt":"O que \u00e9 a escala de f\u00e9rias, qual a import\u00e2ncia desse processo para as empresas, suas vantagens e como a tecnologia de RH pode ajudar","_links":{"self":[{"href":"https:\/\/www.bizneo.com\/blog\/wp-json\/wp\/v2\/posts\/40897","targetHints":{"allow":["GET"]}}],"collection":[{"href":"https:\/\/www.bizneo.com\/blog\/wp-json\/wp\/v2\/posts"}],"about":[{"href":"https:\/\/www.bizneo.com\/blog\/wp-json\/wp\/v2\/types\/post"}],"author":[{"embeddable":true,"href":"https:\/\/www.bizneo.com\/blog\/wp-json\/wp\/v2\/users\/31"}],"replies":[{"embeddable":true,"href":"https:\/\/www.bizneo.com\/blog\/wp-json\/wp\/v2\/comments?post=40897"}],"version-history":[{"count":15,"href":"https:\/\/www.bizneo.com\/blog\/wp-json\/wp\/v2\/posts\/40897\/revisions"}],"predecessor-version":[{"id":59243,"href":"https:\/\/www.bizneo.com\/blog\/wp-json\/wp\/v2\/posts\/40897\/revisions\/59243"}],"wp:featuredmedia":[{"embeddable":true,"href":"https:\/\/www.bizneo.com\/blog\/wp-json\/wp\/v2\/media\/41038"}],"wp:attachment":[{"href":"https:\/\/www.bizneo.com\/blog\/wp-json\/wp\/v2\/media?parent=40897"}],"wp:term":[{"taxonomy":"category","embeddable":true,"href":"https:\/\/www.bizneo.com\/blog\/wp-json\/wp\/v2\/categories?post=40897"},{"taxonomy":"post_tag","embeddable":true,"href":"https:\/\/www.bizneo.com\/blog\/wp-json\/wp\/v2\/tags?post=40897"}],"curies":[{"name":"wp","href":"https:\/\/api.w.org\/{rel}","templated":true}]}}