{"id":40871,"date":"2023-07-26T12:35:02","date_gmt":"2023-07-26T11:35:02","guid":{"rendered":"https:\/\/www.bizneo.com\/blog\/?p=40871"},"modified":"2026-02-04T15:47:10","modified_gmt":"2026-02-04T14:47:10","slug":"mapa-de-ferias","status":"publish","type":"post","link":"https:\/\/www.bizneo.com\/blog\/pt\/mapa-de-ferias\/","title":{"rendered":"Mapa de f\u00e9rias | Como criar e gerir com sucesso"},"content":{"rendered":"\n<p>As f\u00e9rias s\u00e3o essenciais para os colaboradores recarregarem energias, mas \u00e9 fundamental que as empresas tenham um controlo eficiente para garantir a continuidade das opera\u00e7\u00f5es e evitar preju\u00edzos. Neste contexto, <strong>a elabora\u00e7\u00e3o e gest\u00e3o de um mapa de f\u00e9rias \u00e9 uma obriga\u00e7\u00e3o essencial<\/strong>. <\/p>\n\n\n\n<p>O mapa de f\u00e9rias permite aos gestores monitorizar e planear per\u00edodos de descanso, evitando conflitos de datas e assegurando a efici\u00eancia. <\/p>\n\n\n\n<p>Al\u00e9m disso, \u00e9 uma ferramenta \u00fatil para os recursos humanos<strong>, ajudando a avaliar a disponibilidade dos colaboradores e a planear as atividades da empresa<\/strong> de acordo com as compet\u00eancias de cada um. <\/p>\n\n\n\n<h2 class=\"wp-block-heading\">O que \u00e9 um mapa de f\u00e9rias?<\/h2>\n\n\n\n<p>Um mapa de f\u00e9rias<strong> \u00e9 um documento que lista as datas em que os trabalhadores podem gozar as suas f\u00e9rias. <\/strong><\/p>\n\n\n\n<p>O mapa de f\u00e9rias ajuda a gerir as f\u00e9rias de forma justa e equilibrada,<strong> evitando conflitos entre os trabalhadores e garantindo que a empresa continue a funcionar normalmente durante todo o ano<\/strong>. Tamb\u00e9m permite que a empresa planifique melhor a sua for\u00e7a de trabalho, evitando per\u00edodos de escassez de pessoal em momentos cruciais.<\/p>\n\n\n\n<figure class=\"wp-block-image size-full\"><a href=\"\/pt-pt\/gestao-ferias\/\" target=\"_blank\" rel=\"noreferrer noopener\" data-wpel-link=\"internal\"><img decoding=\"async\" width=\"1500\" height=\"1089\" src=\"https:\/\/www.bizneo.com\/blog\/wp-content\/uploads\/2021\/04\/calendario-de-ferias-de-sua-empresa.webp\" alt=\"Sistema de controlo de f\u00e9rias\" class=\"wp-image-21543\" srcset=\"https:\/\/www.bizneo.com\/blog\/wp-content\/uploads\/2021\/04\/calendario-de-ferias-de-sua-empresa.webp 1500w, https:\/\/www.bizneo.com\/blog\/wp-content\/uploads\/2021\/04\/calendario-de-ferias-de-sua-empresa-300x218.webp 300w, https:\/\/www.bizneo.com\/blog\/wp-content\/uploads\/2021\/04\/calendario-de-ferias-de-sua-empresa-1024x743.webp 1024w, https:\/\/www.bizneo.com\/blog\/wp-content\/uploads\/2021\/04\/calendario-de-ferias-de-sua-empresa-768x558.webp 768w, https:\/\/www.bizneo.com\/blog\/wp-content\/uploads\/2021\/04\/calendario-de-ferias-de-sua-empresa-810x588.webp 810w, https:\/\/www.bizneo.com\/blog\/wp-content\/uploads\/2021\/04\/calendario-de-ferias-de-sua-empresa-1140x828.webp 1140w\" sizes=\"(max-width: 1500px) 100vw, 1500px\" \/><\/a><\/figure>\n\n\n\n<p>Ao criar um mapa de f\u00e9rias, \u00e9 importante ter em conta as necessidades dos trabalhadores, bem como as necessidades da empresa. Isso pode incluir acomodar as <strong>prefer\u00eancias dos trabalhadores<\/strong> relativamente a quando preferem gozar f\u00e9rias,<strong> bem como garantir que as fun\u00e7\u00f5es cr\u00edticas da empresa estejam cobertas durante todo o ano.<\/strong><\/p>\n\n\n\n<p>Os trabalhadores geralmente <strong>s\u00e3o obrigados a solicitar as suas f\u00e9rias com anteced\u00eancia, <\/strong>para que a empresa possa planear adequadamente. <\/p>\n\n\n\n<figure class=\"wp-block-image size-full\"><a href=\"\/pt-pt\/gestao-ferias\/\" data-wpel-link=\"internal\" target=\"_blank\"><img decoding=\"async\" width=\"1500\" height=\"1077\" src=\"https:\/\/www.bizneo.com\/blog\/wp-content\/uploads\/2023\/02\/workflows-ferias-avisos-feriados-1.webp\" alt=\"Workflows de aus\u00eancias e f\u00e9rias\" class=\"wp-image-38670\" srcset=\"https:\/\/www.bizneo.com\/blog\/wp-content\/uploads\/2023\/02\/workflows-ferias-avisos-feriados-1.webp 1500w, https:\/\/www.bizneo.com\/blog\/wp-content\/uploads\/2023\/02\/workflows-ferias-avisos-feriados-1-300x215.webp 300w, https:\/\/www.bizneo.com\/blog\/wp-content\/uploads\/2023\/02\/workflows-ferias-avisos-feriados-1-1024x735.webp 1024w, https:\/\/www.bizneo.com\/blog\/wp-content\/uploads\/2023\/02\/workflows-ferias-avisos-feriados-1-768x551.webp 768w, https:\/\/www.bizneo.com\/blog\/wp-content\/uploads\/2023\/02\/workflows-ferias-avisos-feriados-1-810x582.webp 810w, https:\/\/www.bizneo.com\/blog\/wp-content\/uploads\/2023\/02\/workflows-ferias-avisos-feriados-1-1140x819.webp 1140w\" sizes=\"(max-width: 1500px) 100vw, 1500px\" \/><\/a><\/figure>\n\n\n\n<p>Al\u00e9m disso, o mapa de f\u00e9rias deve ser comunicado de forma clara a todos os trabalhadores, para que saibam quando podem gozar as suas f\u00e9rias e quais os procedimentos de marca\u00e7\u00e3o.<\/p>\n\n\n\n<bzn-info><a href=\"\/blog\/pt\/programar-ferias-funcionarios\/\" id=\"destacado-post\" target=\"_blank\" rel=\"noopener noreferrer\" data-wpel-link=\"internal\"><span class=\"bzn-note-title\"><strong>Como programar as f\u00e9rias dos trabalhadores com efici\u00eancia<\/strong><\/span><br>Como automatizar tudo com um planeador de f\u00e9rias!<\/a><\/bzn-info>\n\n\n\n<p><\/p>\n\n\n\n<h2 class=\"wp-block-heading\">O que diz a lei sobre o mapa de f\u00e9rias?<\/h2>\n\n\n\n<p>Anualmente, at\u00e9 meados do m\u00eas de abril, <strong>as empresas s\u00e3o obrigadas a elaborar e afixar o mapa de f\u00e9rias.<\/strong> Este documento deve manter-se afixado at\u00e9 ao final de outubro.<strong> Com o Bizneo HR<\/strong>, <strong>\u00e9 poss\u00edvel exportar para Excel <\/strong>e consultar o mapa anual de f\u00e9rias das equipas.<\/p>\n\n\n\n<figure class=\"wp-block-image size-large\"><a href=\"\/pt-pt\/gestao-ferias\/\" data-wpel-link=\"internal\" target=\"_blank\"><img decoding=\"async\" width=\"1024\" height=\"745\" src=\"https:\/\/www.bizneo.com\/blog\/wp-content\/uploads\/2023\/07\/calendario-mapa-ferias-1024x745.png\" alt=\"Mapa de f\u00e9rias\" class=\"wp-image-51148\" srcset=\"https:\/\/www.bizneo.com\/blog\/wp-content\/uploads\/2023\/07\/calendario-mapa-ferias-1024x745.png 1024w, https:\/\/www.bizneo.com\/blog\/wp-content\/uploads\/2023\/07\/calendario-mapa-ferias-300x218.png 300w, https:\/\/www.bizneo.com\/blog\/wp-content\/uploads\/2023\/07\/calendario-mapa-ferias-768x559.png 768w, https:\/\/www.bizneo.com\/blog\/wp-content\/uploads\/2023\/07\/calendario-mapa-ferias-810x590.png 810w, https:\/\/www.bizneo.com\/blog\/wp-content\/uploads\/2023\/07\/calendario-mapa-ferias-1140x830.png 1140w, https:\/\/www.bizneo.com\/blog\/wp-content\/uploads\/2023\/07\/calendario-mapa-ferias.png 1500w\" sizes=\"(max-width: 1024px) 100vw, 1024px\" \/><\/a><\/figure>\n\n\n\n<blockquote class=\"wp-block-quote is-layout-flow wp-block-quote-is-layout-flow\">\n<p><strong>Em Portugal<\/strong>, segundo o artigo 241.\u00ba do <strong>C\u00f3digo do Trabalho<\/strong>, as empresas s\u00e3o obrigadas a elaborar um mapa de f\u00e9rias que indique o in\u00edcio e o fim dos per\u00edodos de f\u00e9rias de cada trabalhador. Este mapa <strong>deve ser preparado antes do dia 15 de abril<\/strong> de cada ano <strong>e deve permanecer exposto nos locais de trabalho at\u00e9 31 de outubro. <\/strong><\/p>\n<\/blockquote>\n\n\n\n<blockquote class=\"wp-block-quote is-layout-flow wp-block-quote-is-layout-flow\">\n<p><strong>No Brasil<\/strong>, a marca\u00e7\u00e3o de f\u00e9rias por parte dos trabalhadores \u00e9 um direito garantido pela <strong>Consolida\u00e7\u00e3o das Leis do Trabalho (CLT)<\/strong>. De acordo com o artigo 129 da CLT, <strong>todo trabalhador tem direito anualmente a um per\u00edodo de f\u00e9rias<\/strong> sem preju\u00edzo da remunera\u00e7\u00e3o. Al\u00e9m disso, conforme o artigo 135, o<strong> empregador deve comunicar o per\u00edodo de f\u00e9rias ao trabalhador <\/strong>com, no m\u00ednimo, <strong>30 dias de anteced\u00eancia.<\/strong><\/p>\n\n\n\n<hr class=\"wp-block-separator has-alpha-channel-opacity\"\/>\n<\/blockquote>\n\n\n\n<p>Para garantir que os colaboradores possam usufruir desse direito, <strong>as empresas devem estabelecer pol\u00edticas claras de f\u00e9rias.<\/strong> <strong> <\/strong>Devem tamb\u00e9m<strong> permitir que os trabalhadores escolham as datas mais convenientes para as suas necessidades pessoais e profissionais<\/strong>.<\/p>\n\n\n\n<figure class=\"wp-block-image size-full\"><a href=\"\/pt-pt\/gestao-ferias\/\" target=\"_blank\" rel=\"noreferrer noopener\" data-wpel-link=\"internal\"><img decoding=\"async\" width=\"1500\" height=\"1104\" src=\"https:\/\/www.bizneo.com\/blog\/wp-content\/uploads\/2021\/04\/politica-de-ferias-e-ausencias.webp\" alt=\"Pol\u00edtica personalizada de f\u00e9rias e aus\u00eancias\" class=\"wp-image-21572\" srcset=\"https:\/\/www.bizneo.com\/blog\/wp-content\/uploads\/2021\/04\/politica-de-ferias-e-ausencias.webp 1500w, https:\/\/www.bizneo.com\/blog\/wp-content\/uploads\/2021\/04\/politica-de-ferias-e-ausencias-300x221.webp 300w, https:\/\/www.bizneo.com\/blog\/wp-content\/uploads\/2021\/04\/politica-de-ferias-e-ausencias-1024x754.webp 1024w, https:\/\/www.bizneo.com\/blog\/wp-content\/uploads\/2021\/04\/politica-de-ferias-e-ausencias-768x565.webp 768w, https:\/\/www.bizneo.com\/blog\/wp-content\/uploads\/2021\/04\/politica-de-ferias-e-ausencias-810x596.webp 810w, https:\/\/www.bizneo.com\/blog\/wp-content\/uploads\/2021\/04\/politica-de-ferias-e-ausencias-1140x839.webp 1140w\" sizes=\"(max-width: 1500px) 100vw, 1500px\" \/><\/a><\/figure>\n\n\n\n<p>No entanto, <strong>\u00e9 importante recordar que as f\u00e9rias n\u00e3o podem prejudicar o funcionamento da empresa,<\/strong> e os empregadores t\u00eam o direito de recusar a marca\u00e7\u00e3o de f\u00e9rias em determinados per\u00edodos, como em \u00e9pocas de maior produ\u00e7\u00e3o.<\/p>\n\n\n\n<p>Al\u00e9m disso, \u00e9 fundamental que os trabalhadores planeiem com anteced\u00eancia as suas f\u00e9rias. <strong>Devem evitar deixar para a \u00faltima hora<\/strong>, prevenindo problemas para a empresa e para os pr\u00f3prios trabalhadores. No mapa de f\u00e9rias devem estar especificadas de forma clara as datas de in\u00edcio e de fim das f\u00e9rias de cada colaborador.<\/p>\n\n\n\n<p>Este documento <strong>deve ser atualizado todos os anos<\/strong> e ser do conhecimento de todos os trabalhadores da empresa.<\/p>\n\n\n\n<bzn-note><a href=\"\/blog\/pt\/escala-de-ferias\/\" id=\"destacado-post\" target=\"_blank\" rel=\"noopener noreferrer\" data-wpel-link=\"internal\"><span class=\"bzn-note-title\"><strong>Como planear a escala de f\u00e9rias da sua equipa<\/strong><\/span><br>Vantagens de adotar uma escala de f\u00e9rias&nbsp;automatizada!<\/a><\/bzn-note>\n\n\n\n<p><\/p>\n\n\n\n<h2 class=\"wp-block-heading\">Marca\u00e7\u00e3o das f\u00e9rias dos trabalhadores | 5 passos<\/h2>\n\n\n\n<p>Elaborar um mapa de f\u00e9rias eficiente \u00e9 essencial para garantir o bem-estar dos trabalhadores e o bom funcionamento da empresa. <strong>Seguindo estes passos<\/strong>, \u00e9 poss\u00edvel assegurar que todos tenham a oportunidade de descansar <strong>e que as atividades da empresa continuem a decorrer sem interrup\u00e7\u00f5es.<\/strong><\/p>\n\n\n\n<h3 class=\"wp-block-heading\">Definir um per\u00edodo para as f\u00e9rias<\/h3>\n\n\n\n<p>\u00c9 importante definir uma data para que todos os trabalhadores possam solicitar as suas f\u00e9rias, tendo em conta as necessidades da empresa. <\/p>\n\n\n\n<figure class=\"wp-block-image size-large\"><a href=\"\/pt-pt\/gestao-ferias\/\" data-wpel-link=\"internal\" target=\"_blank\"><img decoding=\"async\" width=\"1024\" height=\"756\" src=\"https:\/\/www.bizneo.com\/blog\/wp-content\/uploads\/2023\/07\/Mapa-ferias-1024x756.png\" alt=\"Definir mapa de f\u00e9rias\" class=\"wp-image-51150\" srcset=\"https:\/\/www.bizneo.com\/blog\/wp-content\/uploads\/2023\/07\/Mapa-ferias-1024x756.png 1024w, https:\/\/www.bizneo.com\/blog\/wp-content\/uploads\/2023\/07\/Mapa-ferias-300x222.png 300w, https:\/\/www.bizneo.com\/blog\/wp-content\/uploads\/2023\/07\/Mapa-ferias-768x567.png 768w, https:\/\/www.bizneo.com\/blog\/wp-content\/uploads\/2023\/07\/Mapa-ferias-810x598.png 810w, https:\/\/www.bizneo.com\/blog\/wp-content\/uploads\/2023\/07\/Mapa-ferias-1140x842.png 1140w, https:\/\/www.bizneo.com\/blog\/wp-content\/uploads\/2023\/07\/Mapa-ferias.png 1500w\" sizes=\"(max-width: 1024px) 100vw, 1024px\" \/><\/a><\/figure>\n\n\n\n<h3 class=\"wp-block-heading\">Estabelecer crit\u00e9rios de prioridade<\/h3>\n\n\n\n<p>\u00c9 necess\u00e1rio definir crit\u00e9rios para a distribui\u00e7\u00e3o das f\u00e9rias, como antiguidade, fun\u00e7\u00e3o ou departamento. Isto garantir\u00e1 que todos os trabalhadores tenham as mesmas oportunidades de descanso.<\/p>\n\n\n\n<h3 class=\"wp-block-heading\">Criar um calend\u00e1rio de f\u00e9rias<\/h3>\n\n\n\n<p>Com os crit\u00e9rios definidos, <strong>\u00e9 hora de criar um calend\u00e1rio ou <a href=\"https:\/\/www.bizneo.com\/blog\/pt\/escala-de-ferias\/\" data-wpel-link=\"internal\" target=\"_blank\">escala de f\u00e9rias<\/a><\/strong>, onde cada trabalhador <strong>ter\u00e1 a oportunidade de marcar as suas f\u00e9rias com base nestes mesmos crit\u00e9rios<\/strong>. Este calend\u00e1rio deve ser divulgado com anteced\u00eancia para que todos possam organizar-se.<\/p>\n\n\n\n<figure class=\"wp-block-image size-full\"><a href=\"\/pt-pt\/gestao-ferias\/\" target=\"_blank\" rel=\"noreferrer noopener\" data-wpel-link=\"internal\"><img decoding=\"async\" width=\"1500\" height=\"1108\" src=\"https:\/\/www.bizneo.com\/blog\/wp-content\/uploads\/2021\/04\/Solucao-de-planejamento-de-ferias.webp\" alt=\"Cronograma de f\u00e9rias de trabalhadores\" class=\"wp-image-21538\" srcset=\"https:\/\/www.bizneo.com\/blog\/wp-content\/uploads\/2021\/04\/Solucao-de-planejamento-de-ferias.webp 1500w, https:\/\/www.bizneo.com\/blog\/wp-content\/uploads\/2021\/04\/Solucao-de-planejamento-de-ferias-300x222.webp 300w, https:\/\/www.bizneo.com\/blog\/wp-content\/uploads\/2021\/04\/Solucao-de-planejamento-de-ferias-1024x756.webp 1024w, https:\/\/www.bizneo.com\/blog\/wp-content\/uploads\/2021\/04\/Solucao-de-planejamento-de-ferias-768x567.webp 768w, https:\/\/www.bizneo.com\/blog\/wp-content\/uploads\/2021\/04\/Solucao-de-planejamento-de-ferias-810x598.webp 810w, https:\/\/www.bizneo.com\/blog\/wp-content\/uploads\/2021\/04\/Solucao-de-planejamento-de-ferias-1140x842.webp 1140w\" sizes=\"(max-width: 1500px) 100vw, 1500px\" \/><\/a><\/figure>\n\n\n\n<h3 class=\"wp-block-heading\">Planear a cobertura das atividades<\/h3>\n\n\n\n<p>\u00c9 fundamental que a empresa se organize para garantir que as atividades continuem a funcionar mesmo durante as f\u00e9rias dos trabalhadores. Isto pode incluir a contrata\u00e7\u00e3o de tempor\u00e1rios ou a redistribui\u00e7\u00e3o de tarefas entre os restantes membros da equipa.<\/p>\n\n\n\n<h3 class=\"wp-block-heading\">Comunicar aos trabalhadores<\/h3>\n\n\n\n<p>Por fim, \u00e9 necess\u00e1rio comunicar aos trabalhadores o mapa de f\u00e9rias elaborado, explicando os crit\u00e9rios de prioridade e o calend\u00e1rio. \u00c9 importante que tenham clareza sobre o processo para evitar conflitos e mal-entendidos.<\/p>\n\n\n\n<bzn-link><a href=\"\/pt-pt\/gestao-ferias\/\" id=\"destacado-vacaciones\" target=\"_blank\" rel=\"noopener noreferrer\" data-wpel-link=\"internal\"><span class=\"bzn-note-title\"><strong>Deixe o velho calend\u00e1rio em papel para tr\u00e1s. E&#8230; \n<\/strong> <\/span><br>APOSTE NA TECNOLOGIA COM UM SOFTWARE DE GEST\u00c3O DE F\u00c9RIAS!<\/a><\/br><\/bzn-link>\n\n\n\n<p><\/p>\n\n\n\n<h2 class=\"wp-block-heading\">Fa\u00e7a o download do exemplo de um mapa de f\u00e9rias em Excel<\/h2>\n\n\n\n<p>Para as empresas, <strong>\u00e9 essencial ter um plano de f\u00e9rias bem estruturado.<\/strong> \u00c9 a forma de <strong>garantir que as atividades n\u00e3o sejam interrompidas e que a equipa seja gerida adequadamente<\/strong> durante esse per\u00edodo.<\/p>\n\n\n\n<p>Uma forma de organizar o plano de f\u00e9rias na empresa \u00e9 atrav\u00e9s de uma <a href=\"https:\/\/www.bizneo.com\/blog\/pt\/planilha-excel-ferias\/\" data-wpel-link=\"internal\" target=\"_blank\">folha de c\u00e1lculo de f\u00e9rias em Excel<\/a>. Nela devem ser listados todos os trabalhadores e os respetivos per\u00edodos de f\u00e9rias. Al\u00e9m disso, \u00e9 importante especificar quem ficar\u00e1 respons\u00e1vel por cada fun\u00e7\u00e3o durante a aus\u00eancia.<\/p>\n\n\n\n<p>A folha de c\u00e1lculo tamb\u00e9m pode incluir informa\u00e7\u00f5es sobre as pol\u00edticas de f\u00e9rias da empresa, como o per\u00edodo m\u00ednimo e m\u00e1ximo de f\u00e9rias, o acumular de dias e as regras para o agendamento.<\/p>\n\n\n\n<p>Fa\u00e7a o download do mapa de f\u00e9rias em Excel que disponibilizamos e comece j\u00e1 a organizar o calend\u00e1rio de f\u00e9rias dos trabalhadores. <\/p>\n\n\n\n<p><\/p>\n\n\n\n<div id=\"cbox-CZ6beVo9FCVwXgDv\"><\/div>\n\n\n\n<p><\/p>\n\n\n\n<p>No entanto, este mapa de f\u00e9rias em Excel <strong>s\u00f3 \u00e9 recomendado se a empresa tiver poucos trabalhadores ou estiver apenas a come\u00e7ar a digitalizar-se<\/strong>, sendo um primeiro passo antes de adotar uma solu\u00e7\u00e3o mais profissional. <\/p>\n\n\n\n<p><strong>Porqu\u00ea? <\/strong>Assim que o n\u00famero de trabalhadores come\u00e7a a aumentar e as f\u00e9rias se sobrep\u00f5em, ou regras e pol\u00edticas mais complexas precisam de ser registadas\u2026 <strong>o Excel perde efici\u00eancia e s\u00f3 gera problemas.<\/strong> Se pretende tornar este processo ainda mais eficiente, <strong>est\u00e1 na hora de dar o pr\u00f3ximo passo.<\/strong><\/p>\n\n\n\n<figure class=\"wp-block-image size-large\"><a href=\"\/pt-pt\/gestao-ferias\/\" target=\"_blank\" rel=\"noopener\" data-wpel-link=\"internal\"><img decoding=\"async\" width=\"1360\" height=\"204\" src=\"https:\/\/www.bizneo.com\/blog\/wp-content\/uploads\/2021\/04\/banner-medio-ferias-excel.jpg\" alt=\"Software de gest\u00e3o de f\u00e9rias e aus\u00eancias\" class=\"wp-image-21496\" srcset=\"https:\/\/www.bizneo.com\/blog\/wp-content\/uploads\/2021\/04\/banner-medio-ferias-excel.jpg 1360w, https:\/\/www.bizneo.com\/blog\/wp-content\/uploads\/2021\/04\/banner-medio-ferias-excel-300x45.jpg 300w, https:\/\/www.bizneo.com\/blog\/wp-content\/uploads\/2021\/04\/banner-medio-ferias-excel-1024x154.jpg 1024w, https:\/\/www.bizneo.com\/blog\/wp-content\/uploads\/2021\/04\/banner-medio-ferias-excel-768x115.jpg 768w, https:\/\/www.bizneo.com\/blog\/wp-content\/uploads\/2021\/04\/banner-medio-ferias-excel-810x122.jpg 810w, https:\/\/www.bizneo.com\/blog\/wp-content\/uploads\/2021\/04\/banner-medio-ferias-excel-1140x171.jpg 1140w\" sizes=\"(max-width: 1360px) 100vw, 1360px\" \/><\/a><\/figure>\n\n\n\n<h2 class=\"wp-block-heading\">Quais as vantagens de gerir o mapa de f\u00e9rias com um software?<\/h2>\n\n\n\n<p>Gerir o mapa de f\u00e9rias de uma empresa pode ser uma tarefa desafiante. Nem sempre \u00e9 f\u00e1cil equilibrar as necessidades dos trabalhadores com as exig\u00eancias do neg\u00f3cio. Felizmente, <strong>o uso de um <a href=\"https:\/\/www.bizneo.com\/pt-pt\/gestao-ferias\/\" data-wpel-link=\"internal\" target=\"_blank\">software de gest\u00e3o de f\u00e9rias e aus\u00eancias<\/a> pode simplificar todo o processo, tornando-o mais r\u00e1pido<\/strong>, eficiente e preciso do que a utiliza\u00e7\u00e3o de folhas de c\u00e1lculo em Excel.<\/p>\n\n\n\n<figure class=\"wp-block-image size-full\"><a href=\"\/pt-pt\/gestao-ferias\/\" target=\"_blank\" rel=\"noreferrer noopener\" data-wpel-link=\"internal\"><img decoding=\"async\" width=\"1500\" height=\"1006\" src=\"https:\/\/www.bizneo.com\/blog\/wp-content\/uploads\/2021\/04\/Software-de-Recursos-Humanos-para-ferias-e-ausencias.webp\" alt=\"Software de gest\u00e3o de f\u00e9rias e aus\u00eancias\" class=\"wp-image-21542\" srcset=\"https:\/\/www.bizneo.com\/blog\/wp-content\/uploads\/2021\/04\/Software-de-Recursos-Humanos-para-ferias-e-ausencias.webp 1500w, https:\/\/www.bizneo.com\/blog\/wp-content\/uploads\/2021\/04\/Software-de-Recursos-Humanos-para-ferias-e-ausencias-300x201.webp 300w, https:\/\/www.bizneo.com\/blog\/wp-content\/uploads\/2021\/04\/Software-de-Recursos-Humanos-para-ferias-e-ausencias-1024x687.webp 1024w, https:\/\/www.bizneo.com\/blog\/wp-content\/uploads\/2021\/04\/Software-de-Recursos-Humanos-para-ferias-e-ausencias-768x515.webp 768w, https:\/\/www.bizneo.com\/blog\/wp-content\/uploads\/2021\/04\/Software-de-Recursos-Humanos-para-ferias-e-ausencias-810x543.webp 810w, https:\/\/www.bizneo.com\/blog\/wp-content\/uploads\/2021\/04\/Software-de-Recursos-Humanos-para-ferias-e-ausencias-1140x765.webp 1140w\" sizes=\"(max-width: 1500px) 100vw, 1500px\" \/><\/a><\/figure>\n\n\n\n<p>Um software de gest\u00e3o do mapa de f\u00e9rias <strong>\u00e9 uma ferramenta essencial para empresas de todos os tamanhos e setores<\/strong>. Permite \u00e0s organiza\u00e7\u00f5es gerir de forma eficiente os pedidos de f\u00e9rias dos trabalhadores, garantindo uma cobertura adequada durante todo o ano.<\/p>\n\n\n\n<p>Aqui est\u00e3o algumas das principais vantagens de um software de gest\u00e3o do mapa de f\u00e9rias:<\/p>\n\n\n\n<h3 class=\"wp-block-heading\">Facilidade de utiliza\u00e7\u00e3o<\/h3>\n\n\n\n<p>Um software de gest\u00e3o do mapa de f\u00e9rias como o da Bizneo HR \u00e9 intuitivo e <strong>pode ser acedido a partir de qualquer dispositivo com liga\u00e7\u00e3o \u00e0 internet<\/strong>. Os trabalhadores podem solicitar f\u00e9rias com apenas alguns cliques, e os gestores <strong>podem aprovar ou rejeitar os pedidos com a mesma facilidade;<\/strong><\/p>\n\n\n\n<figure class=\"wp-block-image size-full\"><a href=\"\/pt-pt\/gestao-ferias\/\" target=\"_blank\" rel=\"noreferrer noopener\" data-wpel-link=\"internal\"><img decoding=\"async\" width=\"1690\" height=\"1077\" src=\"https:\/\/www.bizneo.com\/blog\/wp-content\/uploads\/2021\/04\/App-controle-ferias.webp\" alt=\"Aplica\u00e7\u00e3o de f\u00e9rias para trabalhadores\" class=\"wp-image-21537\" srcset=\"https:\/\/www.bizneo.com\/blog\/wp-content\/uploads\/2021\/04\/App-controle-ferias.webp 1690w, https:\/\/www.bizneo.com\/blog\/wp-content\/uploads\/2021\/04\/App-controle-ferias-300x191.webp 300w, https:\/\/www.bizneo.com\/blog\/wp-content\/uploads\/2021\/04\/App-controle-ferias-1024x653.webp 1024w, https:\/\/www.bizneo.com\/blog\/wp-content\/uploads\/2021\/04\/App-controle-ferias-768x489.webp 768w, https:\/\/www.bizneo.com\/blog\/wp-content\/uploads\/2021\/04\/App-controle-ferias-1536x979.webp 1536w, https:\/\/www.bizneo.com\/blog\/wp-content\/uploads\/2021\/04\/App-controle-ferias-810x516.webp 810w, https:\/\/www.bizneo.com\/blog\/wp-content\/uploads\/2021\/04\/App-controle-ferias-1140x726.webp 1140w\" sizes=\"(max-width: 1690px) 100vw, 1690px\" \/><\/a><\/figure>\n\n\n\n<h3 class=\"wp-block-heading\">Redu\u00e7\u00e3o de erros<\/h3>\n\n\n\n<p><strong>Toda a informa\u00e7\u00e3o fica centralizada num \u00fanico local<\/strong>. Isto reduz a probabilidade de erros, como conflitos de f\u00e9rias ou falhas de cobertura durante um determinado per\u00edodo;<\/p>\n\n\n\n<h3 class=\"wp-block-heading\">Poupan\u00e7a de tempo<\/h3>\n\n\n\n<p>Automatiza muitas das tarefas manuais envolvidas no processo de pedido e aprova\u00e7\u00e3o de f\u00e9rias. Isso permite poupar tempo e possibilita que os gestores se concentrem noutras tarefas mais estrat\u00e9gicas.<\/p>\n\n\n\n<h3 class=\"wp-block-heading\">Maior transpar\u00eancia<\/h3>\n\n\n\n<p>Com um software de gest\u00e3o do mapa de f\u00e9rias, <strong>os trabalhadores podem consultar facilmente o n\u00famero de dias de f\u00e9rias dispon\u00edveis, <\/strong>as datas em que os colegas estar\u00e3o ausentes e os per\u00edodos em que n\u00e3o existe cobertura suficiente. Isto ajuda a garantir que todos tenham visibilidade dos planos de f\u00e9rias e que a empresa mantenha sempre a organiza\u00e7\u00e3o necess\u00e1ria;<\/p>\n\n\n\n<figure class=\"wp-block-image size-full\"><a href=\"\/pt-pt\/gestao-ferias\/\" target=\"_blank\" rel=\"noreferrer noopener\" data-wpel-link=\"internal\"><img decoding=\"async\" width=\"1500\" height=\"1084\" src=\"https:\/\/www.bizneo.com\/blog\/wp-content\/uploads\/2021\/04\/Relatorios-ferias-absenteismo.webp\" alt=\"Relat\u00f3rios de f\u00e9rias e aus\u00eancias\" class=\"wp-image-21541\" srcset=\"https:\/\/www.bizneo.com\/blog\/wp-content\/uploads\/2021\/04\/Relatorios-ferias-absenteismo.webp 1500w, https:\/\/www.bizneo.com\/blog\/wp-content\/uploads\/2021\/04\/Relatorios-ferias-absenteismo-300x217.webp 300w, https:\/\/www.bizneo.com\/blog\/wp-content\/uploads\/2021\/04\/Relatorios-ferias-absenteismo-1024x740.webp 1024w, https:\/\/www.bizneo.com\/blog\/wp-content\/uploads\/2021\/04\/Relatorios-ferias-absenteismo-768x555.webp 768w, https:\/\/www.bizneo.com\/blog\/wp-content\/uploads\/2021\/04\/Relatorios-ferias-absenteismo-810x585.webp 810w, https:\/\/www.bizneo.com\/blog\/wp-content\/uploads\/2021\/04\/Relatorios-ferias-absenteismo-1140x824.webp 1140w\" sizes=\"(max-width: 1500px) 100vw, 1500px\" \/><\/a><\/figure>\n\n\n\n<h3 class=\"wp-block-heading\">Melhor planeamento<\/h3>\n\n\n\n<p>Com o software, os gestores podem planear antecipadamente as necessidades da empresa em termos de cobertura de pessoal.<strong> \u00c9 poss\u00edvel identificar rapidamente quando h\u00e1 demasiadas pessoas de f\u00e9rias e ajustar os hor\u00e1rios de trabalho em conformidade, <\/strong>garantindo que a empresa continua a funcionar sem problemas.<\/p>\n\n\n\n<figure class=\"wp-block-image size-full\"><a href=\"\/pt-pt\/gestao-ferias\/\" target=\"_blank\" rel=\"noreferrer noopener\" data-wpel-link=\"internal\"><img decoding=\"async\" width=\"1500\" height=\"1077\" src=\"https:\/\/www.bizneo.com\/blog\/wp-content\/uploads\/2021\/04\/programa-para-o-calculo-de-ferias-ausencias-automatico.webp\" alt=\"Gest\u00e3o de f\u00e9rias e aus\u00eancias\" class=\"wp-image-21540\" srcset=\"https:\/\/www.bizneo.com\/blog\/wp-content\/uploads\/2021\/04\/programa-para-o-calculo-de-ferias-ausencias-automatico.webp 1500w, https:\/\/www.bizneo.com\/blog\/wp-content\/uploads\/2021\/04\/programa-para-o-calculo-de-ferias-ausencias-automatico-300x215.webp 300w, https:\/\/www.bizneo.com\/blog\/wp-content\/uploads\/2021\/04\/programa-para-o-calculo-de-ferias-ausencias-automatico-1024x735.webp 1024w, https:\/\/www.bizneo.com\/blog\/wp-content\/uploads\/2021\/04\/programa-para-o-calculo-de-ferias-ausencias-automatico-768x551.webp 768w, https:\/\/www.bizneo.com\/blog\/wp-content\/uploads\/2021\/04\/programa-para-o-calculo-de-ferias-ausencias-automatico-810x582.webp 810w, https:\/\/www.bizneo.com\/blog\/wp-content\/uploads\/2021\/04\/programa-para-o-calculo-de-ferias-ausencias-automatico-1140x819.webp 1140w\" sizes=\"(max-width: 1500px) 100vw, 1500px\" \/><\/a><\/figure>\n\n\n\n<p>Ajuda as empresas a gerir melhor a sua for\u00e7a de trabalho e a garantir a continuidade do neg\u00f3cio durante os per\u00edodos de f\u00e9rias. <strong>Ao implementar um mapa de f\u00e9rias digital, as empresas podem aumentar a produtividade<\/strong>, melhorar a satisfa\u00e7\u00e3o dos trabalhadores e promover um ambiente de trabalho mais equilibrado e saud\u00e1vel. Em resumo, <strong>um mapa de f\u00e9rias \u00e9 uma ferramenta valiosa para todas as partes envolvidas<\/strong> e deve ser considerado parte integrante de um planeamento de f\u00e9rias bem-sucedido.<\/p>\n\n\n\n<figure class=\"wp-block-image size-large\"><a href=\"\/pt-pt\/gestao-ferias\/\" target=\"_blank\" rel=\"noopener\" data-wpel-link=\"internal\"><img decoding=\"async\" width=\"1360\" height=\"408\" src=\"https:\/\/www.bizneo.com\/blog\/wp-content\/uploads\/2021\/04\/Software-de-controle-de-ferias-e-ausencias.jpg\" alt=\"Software de gest\u00e3o de f\u00e9rias\" class=\"wp-image-21498\" srcset=\"https:\/\/www.bizneo.com\/blog\/wp-content\/uploads\/2021\/04\/Software-de-controle-de-ferias-e-ausencias.jpg 1360w, https:\/\/www.bizneo.com\/blog\/wp-content\/uploads\/2021\/04\/Software-de-controle-de-ferias-e-ausencias-300x90.jpg 300w, https:\/\/www.bizneo.com\/blog\/wp-content\/uploads\/2021\/04\/Software-de-controle-de-ferias-e-ausencias-1024x307.jpg 1024w, https:\/\/www.bizneo.com\/blog\/wp-content\/uploads\/2021\/04\/Software-de-controle-de-ferias-e-ausencias-768x230.jpg 768w, https:\/\/www.bizneo.com\/blog\/wp-content\/uploads\/2021\/04\/Software-de-controle-de-ferias-e-ausencias-810x243.jpg 810w, https:\/\/www.bizneo.com\/blog\/wp-content\/uploads\/2021\/04\/Software-de-controle-de-ferias-e-ausencias-1140x342.jpg 1140w\" sizes=\"(max-width: 1360px) 100vw, 1360px\" \/><\/a><\/figure>\n","protected":false},"excerpt":{"rendered":"<p>Descubra como criar e gerir um mapa de f\u00e9rias de forma eficiente e garanta que todas as opera\u00e7\u00f5es decorrem normalmente durante o per\u00edodo de descanso dos colaboradores.<\/p>\n","protected":false},"author":26,"featured_media":41057,"comment_status":"open","ping_status":"open","sticky":false,"template":"","format":"standard","meta":{"_uag_custom_page_level_css":"","site-sidebar-layout":"default","site-content-layout":"","ast-site-content-layout":"default","site-content-style":"default","site-sidebar-style":"default","ast-global-header-display":"","ast-banner-title-visibility":"","ast-main-header-display":"","ast-hfb-above-header-display":"","ast-hfb-below-header-display":"","ast-hfb-mobile-header-display":"","site-post-title":"","ast-breadcrumbs-content":"","ast-featured-img":"","footer-sml-layout":"","ast-disable-related-posts":"","theme-transparent-header-meta":"","adv-header-id-meta":"","stick-header-meta":"","header-above-stick-meta":"","header-main-stick-meta":"","header-below-stick-meta":"","astra-migrate-meta-layouts":"default","ast-page-background-enabled":"default","ast-page-background-meta":{"desktop":{"background-color":"var(--ast-global-color-5)","background-image":"","background-repeat":"repeat","background-position":"center center","background-size":"auto","background-attachment":"scroll","background-type":"","background-media":"","overlay-type":"","overlay-color":"","overlay-opacity":"","overlay-gradient":""},"tablet":{"background-color":"","background-image":"","background-repeat":"repeat","background-position":"center center","background-size":"auto","background-attachment":"scroll","background-type":"","background-media":"","overlay-type":"","overlay-color":"","overlay-opacity":"","overlay-gradient":""},"mobile":{"background-color":"","background-image":"","background-repeat":"repeat","background-position":"center center","background-size":"auto","background-attachment":"scroll","background-type":"","background-media":"","overlay-type":"","overlay-color":"","overlay-opacity":"","overlay-gradient":""}},"ast-content-background-meta":{"desktop":{"background-color":"var(--ast-global-color-4)","background-image":"","background-repeat":"repeat","background-position":"center center","background-size":"auto","background-attachment":"scroll","background-type":"","background-media":"","overlay-type":"","overlay-color":"","overlay-opacity":"","overlay-gradient":""},"tablet":{"background-color":"var(--ast-global-color-4)","background-image":"","background-repeat":"repeat","background-position":"center center","background-size":"auto","background-attachment":"scroll","background-type":"","background-media":"","overlay-type":"","overlay-color":"","overlay-opacity":"","overlay-gradient":""},"mobile":{"background-color":"var(--ast-global-color-4)","background-image":"","background-repeat":"repeat","background-position":"center center","background-size":"auto","background-attachment":"scroll","background-type":"","background-media":"","overlay-type":"","overlay-color":"","overlay-opacity":"","overlay-gradient":""}},"footnotes":""},"categories":[215],"tags":[],"class_list":["post-40871","post","type-post","status-publish","format-standard","has-post-thumbnail","hentry","category-gestao-de-ferias"],"yoast_head":"<!-- This site is optimized with the Yoast SEO plugin v27.5 - https:\/\/yoast.com\/product\/yoast-seo-wordpress\/ -->\n<title>Mapa de f\u00e9rias | Como criar e gerir com sucesso<\/title>\n<meta name=\"description\" content=\"Crie de forma eficiente o mapa de f\u00e9rias, o documento onde s\u00e3o registadas as f\u00e9rias e aus\u00eancias dos colaboradores de uma empresa.\" \/>\n<meta name=\"robots\" content=\"index, follow, max-snippet:-1, max-image-preview:large, max-video-preview:-1\" \/>\n<meta property=\"og:locale\" content=\"es_ES\" \/>\n<meta property=\"og:type\" content=\"article\" \/>\n<meta property=\"og:title\" content=\"Mapa de f\u00e9rias | Como criar e gerir com sucesso\" \/>\n<meta property=\"og:description\" content=\"Crie de forma eficiente o mapa de f\u00e9rias, o documento onde s\u00e3o registadas as f\u00e9rias e aus\u00eancias dos colaboradores de uma empresa.\" \/>\n<meta property=\"og:url\" content=\"https:\/\/www.bizneo.com\/blog\/pt\/mapa-de-ferias\/\" \/>\n<meta property=\"og:site_name\" content=\"Blog de Recursos Humanos de Bizneo HR: pr\u00e1ctico y actual\" \/>\n<meta property=\"article:published_time\" content=\"2023-07-26T11:35:02+00:00\" \/>\n<meta property=\"article:modified_time\" content=\"2026-02-04T14:47:10+00:00\" \/>\n<meta property=\"og:image\" content=\"https:\/\/www.bizneo.com\/blog\/wp-content\/uploads\/2023\/06\/mapa-ferias.jpg\" \/>\n\t<meta property=\"og:image:width\" content=\"1140\" \/>\n\t<meta property=\"og:image:height\" content=\"855\" \/>\n\t<meta property=\"og:image:type\" content=\"image\/jpeg\" \/>\n<meta name=\"author\" content=\"Mariana\" \/>\n<meta name=\"twitter:card\" content=\"summary_large_image\" \/>\n<meta name=\"twitter:label1\" content=\"Escrito por\" \/>\n\t<meta name=\"twitter:data1\" content=\"Mariana\" \/>\n\t<meta name=\"twitter:label2\" content=\"Tiempo de lectura\" \/>\n\t<meta name=\"twitter:data2\" content=\"10 minutos\" \/>\n<script type=\"application\/ld+json\" class=\"yoast-schema-graph\">{\"@context\":\"https:\\\/\\\/schema.org\",\"@graph\":[{\"@type\":[\"Article\",\"BlogPosting\"],\"@id\":\"https:\\\/\\\/www.bizneo.com\\\/blog\\\/pt\\\/mapa-de-ferias\\\/#article\",\"isPartOf\":{\"@id\":\"https:\\\/\\\/www.bizneo.com\\\/blog\\\/pt\\\/mapa-de-ferias\\\/\"},\"author\":{\"name\":\"Mariana\",\"@id\":\"https:\\\/\\\/www.bizneo.com\\\/blog\\\/#\\\/schema\\\/person\\\/51f43d1aea1133ed6ec679cc2ef5ae7d\"},\"headline\":\"Mapa de f\u00e9rias | Como criar e gerir com sucesso\",\"datePublished\":\"2023-07-26T11:35:02+00:00\",\"dateModified\":\"2026-02-04T14:47:10+00:00\",\"mainEntityOfPage\":{\"@id\":\"https:\\\/\\\/www.bizneo.com\\\/blog\\\/pt\\\/mapa-de-ferias\\\/\"},\"wordCount\":1730,\"commentCount\":0,\"publisher\":{\"@id\":\"https:\\\/\\\/www.bizneo.com\\\/blog\\\/#organization\"},\"image\":{\"@id\":\"https:\\\/\\\/www.bizneo.com\\\/blog\\\/pt\\\/mapa-de-ferias\\\/#primaryimage\"},\"thumbnailUrl\":\"https:\\\/\\\/www.bizneo.com\\\/blog\\\/wp-content\\\/uploads\\\/2023\\\/06\\\/mapa-ferias.jpg\",\"articleSection\":[\"Gest\u00e3o de f\u00e9rias\"],\"inLanguage\":\"es\",\"potentialAction\":[{\"@type\":\"CommentAction\",\"name\":\"Comment\",\"target\":[\"https:\\\/\\\/www.bizneo.com\\\/blog\\\/pt\\\/mapa-de-ferias\\\/#respond\"]}]},{\"@type\":\"WebPage\",\"@id\":\"https:\\\/\\\/www.bizneo.com\\\/blog\\\/pt\\\/mapa-de-ferias\\\/\",\"url\":\"https:\\\/\\\/www.bizneo.com\\\/blog\\\/pt\\\/mapa-de-ferias\\\/\",\"name\":\"Mapa de f\u00e9rias | Como criar e gerir com sucesso\",\"isPartOf\":{\"@id\":\"https:\\\/\\\/www.bizneo.com\\\/blog\\\/#website\"},\"primaryImageOfPage\":{\"@id\":\"https:\\\/\\\/www.bizneo.com\\\/blog\\\/pt\\\/mapa-de-ferias\\\/#primaryimage\"},\"image\":{\"@id\":\"https:\\\/\\\/www.bizneo.com\\\/blog\\\/pt\\\/mapa-de-ferias\\\/#primaryimage\"},\"thumbnailUrl\":\"https:\\\/\\\/www.bizneo.com\\\/blog\\\/wp-content\\\/uploads\\\/2023\\\/06\\\/mapa-ferias.jpg\",\"datePublished\":\"2023-07-26T11:35:02+00:00\",\"dateModified\":\"2026-02-04T14:47:10+00:00\",\"description\":\"Crie de forma eficiente o mapa de f\u00e9rias, o documento onde s\u00e3o registadas as f\u00e9rias e aus\u00eancias dos colaboradores de uma empresa.\",\"breadcrumb\":{\"@id\":\"https:\\\/\\\/www.bizneo.com\\\/blog\\\/pt\\\/mapa-de-ferias\\\/#breadcrumb\"},\"inLanguage\":\"es\",\"potentialAction\":[{\"@type\":\"ReadAction\",\"target\":[\"https:\\\/\\\/www.bizneo.com\\\/blog\\\/pt\\\/mapa-de-ferias\\\/\"]}]},{\"@type\":\"ImageObject\",\"inLanguage\":\"es\",\"@id\":\"https:\\\/\\\/www.bizneo.com\\\/blog\\\/pt\\\/mapa-de-ferias\\\/#primaryimage\",\"url\":\"https:\\\/\\\/www.bizneo.com\\\/blog\\\/wp-content\\\/uploads\\\/2023\\\/06\\\/mapa-ferias.jpg\",\"contentUrl\":\"https:\\\/\\\/www.bizneo.com\\\/blog\\\/wp-content\\\/uploads\\\/2023\\\/06\\\/mapa-ferias.jpg\",\"width\":1140,\"height\":855,\"caption\":\"Mapa de f\u00e9rias\"},{\"@type\":\"BreadcrumbList\",\"@id\":\"https:\\\/\\\/www.bizneo.com\\\/blog\\\/pt\\\/mapa-de-ferias\\\/#breadcrumb\",\"itemListElement\":[{\"@type\":\"ListItem\",\"position\":1,\"name\":\"Portada\",\"item\":\"https:\\\/\\\/www.bizneo.com\\\/blog\\\/\"},{\"@type\":\"ListItem\",\"position\":2,\"name\":\"Gest\u00e3o do tempo\",\"item\":\"https:\\\/\\\/www.bizneo.com\\\/blog\\\/pt\\\/category\\\/gestao-do-tempo\\\/\"},{\"@type\":\"ListItem\",\"position\":3,\"name\":\"Gest\u00e3o de f\u00e9rias\",\"item\":\"https:\\\/\\\/www.bizneo.com\\\/blog\\\/pt\\\/category\\\/gestao-do-tempo\\\/gestao-de-ferias\\\/\"},{\"@type\":\"ListItem\",\"position\":4,\"name\":\"Mapa de f\u00e9rias | Como criar e gerir com sucesso\"}]},{\"@type\":\"WebSite\",\"@id\":\"https:\\\/\\\/www.bizneo.com\\\/blog\\\/#website\",\"url\":\"https:\\\/\\\/www.bizneo.com\\\/blog\\\/\",\"name\":\"Blog de Recursos Humanos de Bizneo HR: pr\u00e1ctico y actual\",\"description\":\"Todo sobre actualidad, herramientas y tecnolog\u00eda  para optimizar la gesti\u00f3n del talento humano\",\"publisher\":{\"@id\":\"https:\\\/\\\/www.bizneo.com\\\/blog\\\/#organization\"},\"potentialAction\":[{\"@type\":\"SearchAction\",\"target\":{\"@type\":\"EntryPoint\",\"urlTemplate\":\"https:\\\/\\\/www.bizneo.com\\\/blog\\\/?s={search_term_string}\"},\"query-input\":{\"@type\":\"PropertyValueSpecification\",\"valueRequired\":true,\"valueName\":\"search_term_string\"}}],\"inLanguage\":\"es\"},{\"@type\":\"Organization\",\"@id\":\"https:\\\/\\\/www.bizneo.com\\\/blog\\\/#organization\",\"name\":\"Bizneo HR\",\"url\":\"https:\\\/\\\/www.bizneo.com\\\/blog\\\/\",\"logo\":{\"@type\":\"ImageObject\",\"inLanguage\":\"es\",\"@id\":\"https:\\\/\\\/www.bizneo.com\\\/blog\\\/#\\\/schema\\\/logo\\\/image\\\/\",\"url\":\"https:\\\/\\\/www.bizneo.com\\\/blog\\\/wp-content\\\/uploads\\\/2020\\\/09\\\/Icono-Logo-Bizneo-HR.png\",\"contentUrl\":\"https:\\\/\\\/www.bizneo.com\\\/blog\\\/wp-content\\\/uploads\\\/2020\\\/09\\\/Icono-Logo-Bizneo-HR.png\",\"width\":834,\"height\":834,\"caption\":\"Bizneo HR\"},\"image\":{\"@id\":\"https:\\\/\\\/www.bizneo.com\\\/blog\\\/#\\\/schema\\\/logo\\\/image\\\/\"}},{\"@type\":\"Person\",\"@id\":\"https:\\\/\\\/www.bizneo.com\\\/blog\\\/#\\\/schema\\\/person\\\/51f43d1aea1133ed6ec679cc2ef5ae7d\",\"name\":\"Mariana\",\"image\":{\"@type\":\"ImageObject\",\"inLanguage\":\"es\",\"@id\":\"https:\\\/\\\/secure.gravatar.com\\\/avatar\\\/ef4d4bb38255c7f2bfb5958bd7539c0e1f95adfcc0fcaa2ccde50cb0d06bd4d8?s=96&d=mm&r=g\",\"url\":\"https:\\\/\\\/secure.gravatar.com\\\/avatar\\\/ef4d4bb38255c7f2bfb5958bd7539c0e1f95adfcc0fcaa2ccde50cb0d06bd4d8?s=96&d=mm&r=g\",\"contentUrl\":\"https:\\\/\\\/secure.gravatar.com\\\/avatar\\\/ef4d4bb38255c7f2bfb5958bd7539c0e1f95adfcc0fcaa2ccde50cb0d06bd4d8?s=96&d=mm&r=g\",\"caption\":\"Mariana\"},\"url\":\"https:\\\/\\\/www.bizneo.com\\\/blog\\\/author\\\/mariana\\\/\"}]}<\/script>\n<!-- \/ Yoast SEO plugin. -->","yoast_head_json":{"title":"Mapa de f\u00e9rias | Como criar e gerir com sucesso","description":"Crie de forma eficiente o mapa de f\u00e9rias, o documento onde s\u00e3o registadas as f\u00e9rias e aus\u00eancias dos colaboradores de uma empresa.","robots":{"index":"index","follow":"follow","max-snippet":"max-snippet:-1","max-image-preview":"max-image-preview:large","max-video-preview":"max-video-preview:-1"},"og_locale":"es_ES","og_type":"article","og_title":"Mapa de f\u00e9rias | Como criar e gerir com sucesso","og_description":"Crie de forma eficiente o mapa de f\u00e9rias, o documento onde s\u00e3o registadas as f\u00e9rias e aus\u00eancias dos colaboradores de uma empresa.","og_url":"https:\/\/www.bizneo.com\/blog\/pt\/mapa-de-ferias\/","og_site_name":"Blog de Recursos Humanos de Bizneo HR: pr\u00e1ctico y actual","article_published_time":"2023-07-26T11:35:02+00:00","article_modified_time":"2026-02-04T14:47:10+00:00","og_image":[{"width":1140,"height":855,"url":"https:\/\/www.bizneo.com\/blog\/wp-content\/uploads\/2023\/06\/mapa-ferias.jpg","type":"image\/jpeg"}],"author":"Mariana","twitter_card":"summary_large_image","twitter_misc":{"Escrito por":"Mariana","Tiempo de lectura":"10 minutos"},"schema":{"@context":"https:\/\/schema.org","@graph":[{"@type":["Article","BlogPosting"],"@id":"https:\/\/www.bizneo.com\/blog\/pt\/mapa-de-ferias\/#article","isPartOf":{"@id":"https:\/\/www.bizneo.com\/blog\/pt\/mapa-de-ferias\/"},"author":{"name":"Mariana","@id":"https:\/\/www.bizneo.com\/blog\/#\/schema\/person\/51f43d1aea1133ed6ec679cc2ef5ae7d"},"headline":"Mapa de f\u00e9rias | Como criar e gerir com sucesso","datePublished":"2023-07-26T11:35:02+00:00","dateModified":"2026-02-04T14:47:10+00:00","mainEntityOfPage":{"@id":"https:\/\/www.bizneo.com\/blog\/pt\/mapa-de-ferias\/"},"wordCount":1730,"commentCount":0,"publisher":{"@id":"https:\/\/www.bizneo.com\/blog\/#organization"},"image":{"@id":"https:\/\/www.bizneo.com\/blog\/pt\/mapa-de-ferias\/#primaryimage"},"thumbnailUrl":"https:\/\/www.bizneo.com\/blog\/wp-content\/uploads\/2023\/06\/mapa-ferias.jpg","articleSection":["Gest\u00e3o de f\u00e9rias"],"inLanguage":"es","potentialAction":[{"@type":"CommentAction","name":"Comment","target":["https:\/\/www.bizneo.com\/blog\/pt\/mapa-de-ferias\/#respond"]}]},{"@type":"WebPage","@id":"https:\/\/www.bizneo.com\/blog\/pt\/mapa-de-ferias\/","url":"https:\/\/www.bizneo.com\/blog\/pt\/mapa-de-ferias\/","name":"Mapa de f\u00e9rias | Como criar e gerir com sucesso","isPartOf":{"@id":"https:\/\/www.bizneo.com\/blog\/#website"},"primaryImageOfPage":{"@id":"https:\/\/www.bizneo.com\/blog\/pt\/mapa-de-ferias\/#primaryimage"},"image":{"@id":"https:\/\/www.bizneo.com\/blog\/pt\/mapa-de-ferias\/#primaryimage"},"thumbnailUrl":"https:\/\/www.bizneo.com\/blog\/wp-content\/uploads\/2023\/06\/mapa-ferias.jpg","datePublished":"2023-07-26T11:35:02+00:00","dateModified":"2026-02-04T14:47:10+00:00","description":"Crie de forma eficiente o mapa de f\u00e9rias, o documento onde s\u00e3o registadas as f\u00e9rias e aus\u00eancias dos colaboradores de uma empresa.","breadcrumb":{"@id":"https:\/\/www.bizneo.com\/blog\/pt\/mapa-de-ferias\/#breadcrumb"},"inLanguage":"es","potentialAction":[{"@type":"ReadAction","target":["https:\/\/www.bizneo.com\/blog\/pt\/mapa-de-ferias\/"]}]},{"@type":"ImageObject","inLanguage":"es","@id":"https:\/\/www.bizneo.com\/blog\/pt\/mapa-de-ferias\/#primaryimage","url":"https:\/\/www.bizneo.com\/blog\/wp-content\/uploads\/2023\/06\/mapa-ferias.jpg","contentUrl":"https:\/\/www.bizneo.com\/blog\/wp-content\/uploads\/2023\/06\/mapa-ferias.jpg","width":1140,"height":855,"caption":"Mapa de f\u00e9rias"},{"@type":"BreadcrumbList","@id":"https:\/\/www.bizneo.com\/blog\/pt\/mapa-de-ferias\/#breadcrumb","itemListElement":[{"@type":"ListItem","position":1,"name":"Portada","item":"https:\/\/www.bizneo.com\/blog\/"},{"@type":"ListItem","position":2,"name":"Gest\u00e3o do tempo","item":"https:\/\/www.bizneo.com\/blog\/pt\/category\/gestao-do-tempo\/"},{"@type":"ListItem","position":3,"name":"Gest\u00e3o de f\u00e9rias","item":"https:\/\/www.bizneo.com\/blog\/pt\/category\/gestao-do-tempo\/gestao-de-ferias\/"},{"@type":"ListItem","position":4,"name":"Mapa de f\u00e9rias | Como criar e gerir com sucesso"}]},{"@type":"WebSite","@id":"https:\/\/www.bizneo.com\/blog\/#website","url":"https:\/\/www.bizneo.com\/blog\/","name":"Blog de Recursos Humanos de Bizneo HR: pr\u00e1ctico y actual","description":"Todo sobre actualidad, herramientas y tecnolog\u00eda  para optimizar la gesti\u00f3n del talento humano","publisher":{"@id":"https:\/\/www.bizneo.com\/blog\/#organization"},"potentialAction":[{"@type":"SearchAction","target":{"@type":"EntryPoint","urlTemplate":"https:\/\/www.bizneo.com\/blog\/?s={search_term_string}"},"query-input":{"@type":"PropertyValueSpecification","valueRequired":true,"valueName":"search_term_string"}}],"inLanguage":"es"},{"@type":"Organization","@id":"https:\/\/www.bizneo.com\/blog\/#organization","name":"Bizneo HR","url":"https:\/\/www.bizneo.com\/blog\/","logo":{"@type":"ImageObject","inLanguage":"es","@id":"https:\/\/www.bizneo.com\/blog\/#\/schema\/logo\/image\/","url":"https:\/\/www.bizneo.com\/blog\/wp-content\/uploads\/2020\/09\/Icono-Logo-Bizneo-HR.png","contentUrl":"https:\/\/www.bizneo.com\/blog\/wp-content\/uploads\/2020\/09\/Icono-Logo-Bizneo-HR.png","width":834,"height":834,"caption":"Bizneo HR"},"image":{"@id":"https:\/\/www.bizneo.com\/blog\/#\/schema\/logo\/image\/"}},{"@type":"Person","@id":"https:\/\/www.bizneo.com\/blog\/#\/schema\/person\/51f43d1aea1133ed6ec679cc2ef5ae7d","name":"Mariana","image":{"@type":"ImageObject","inLanguage":"es","@id":"https:\/\/secure.gravatar.com\/avatar\/ef4d4bb38255c7f2bfb5958bd7539c0e1f95adfcc0fcaa2ccde50cb0d06bd4d8?s=96&d=mm&r=g","url":"https:\/\/secure.gravatar.com\/avatar\/ef4d4bb38255c7f2bfb5958bd7539c0e1f95adfcc0fcaa2ccde50cb0d06bd4d8?s=96&d=mm&r=g","contentUrl":"https:\/\/secure.gravatar.com\/avatar\/ef4d4bb38255c7f2bfb5958bd7539c0e1f95adfcc0fcaa2ccde50cb0d06bd4d8?s=96&d=mm&r=g","caption":"Mariana"},"url":"https:\/\/www.bizneo.com\/blog\/author\/mariana\/"}]}},"spectra_custom_meta":{"_edit_lock":["1770216678:10"],"_edit_last":["10"],"onesignal_meta_box_present":["1"],"onesignal_send_notification":[""],"onesignal_modify_title_and_content":[""],"onesignal_notification_custom_heading":[null],"onesignal_notification_custom_content":[null],"wp_review_type":["none"],"_vce_meta":["a:4:{s:11:\"use_sidebar\";s:7:\"inherit\";s:7:\"sidebar\";s:7:\"inherit\";s:14:\"sticky_sidebar\";s:7:\"inherit\";s:6:\"layout\";s:7:\"inherit\";}"],"_yoast_wpseo_primary_category":["215"],"_yoast_wpseo_focuskw":["mapa de f\u00e9rias"],"_yoast_wpseo_title":["Mapa de f\u00e9rias | Como criar e gerir com sucesso"],"_yoast_wpseo_metadesc":["Crie de forma eficiente o mapa de f\u00e9rias, o documento onde s\u00e3o registadas as f\u00e9rias e aus\u00eancias dos colaboradores de uma empresa."],"_yoast_wpseo_linkdex":["84"],"_yoast_wpseo_content_score":["90"],"_yoast_wpseo_estimated-reading-time-minutes":["10"],"_thumbnail_id":["41057"],"_yoast_wpseo_wordproof_timestamp":[""],"Views":["4859"],"_uag_css_file_name":["uag-css-40871.css"],"_uag_page_assets":["a:9:{s:3:\"css\";s:263:\".uag-blocks-common-selector{z-index:var(--z-index-desktop) !important}@media (max-width: 976px){.uag-blocks-common-selector{z-index:var(--z-index-tablet) !important}}@media (max-width: 767px){.uag-blocks-common-selector{z-index:var(--z-index-mobile) !important}}\n\";s:2:\"js\";s:0:\"\";s:18:\"current_block_list\";a:8:{i:0;s:14:\"core\/paragraph\";i:1;s:12:\"core\/heading\";i:2;s:10:\"core\/image\";i:3;s:9:\"core\/html\";i:4;s:10:\"core\/quote\";i:5;s:14:\"core\/separator\";i:6;s:12:\"core\/details\";i:7;s:14:\"core\/shortcode\";}s:8:\"uag_flag\";b:0;s:11:\"uag_version\";s:10:\"1777548730\";s:6:\"gfonts\";a:0:{}s:10:\"gfonts_url\";s:0:\"\";s:12:\"gfonts_files\";a:0:{}s:14:\"uag_faq_layout\";b:0;}"]},"uagb_featured_image_src":{"full":["https:\/\/www.bizneo.com\/blog\/wp-content\/uploads\/2023\/06\/mapa-ferias.jpg",1140,855,false],"thumbnail":["https:\/\/www.bizneo.com\/blog\/wp-content\/uploads\/2023\/06\/mapa-ferias-150x150.jpg",150,150,true],"medium":["https:\/\/www.bizneo.com\/blog\/wp-content\/uploads\/2023\/06\/mapa-ferias-300x225.jpg",300,225,true],"medium_large":["https:\/\/www.bizneo.com\/blog\/wp-content\/uploads\/2023\/06\/mapa-ferias-768x576.jpg",768,576,true],"large":["https:\/\/www.bizneo.com\/blog\/wp-content\/uploads\/2023\/06\/mapa-ferias-1024x768.jpg",1024,768,true],"1536x1536":["https:\/\/www.bizneo.com\/blog\/wp-content\/uploads\/2023\/06\/mapa-ferias.jpg",1140,855,false],"2048x2048":["https:\/\/www.bizneo.com\/blog\/wp-content\/uploads\/2023\/06\/mapa-ferias.jpg",1140,855,false]},"uagb_author_info":{"display_name":"Mariana","author_link":"https:\/\/www.bizneo.com\/blog\/author\/mariana\/"},"uagb_comment_info":0,"uagb_excerpt":"Descubra como criar e gerir um mapa de f\u00e9rias de forma eficiente e garanta que todas as opera\u00e7\u00f5es decorrem normalmente durante o per\u00edodo de descanso dos colaboradores.","_links":{"self":[{"href":"https:\/\/www.bizneo.com\/blog\/wp-json\/wp\/v2\/posts\/40871","targetHints":{"allow":["GET"]}}],"collection":[{"href":"https:\/\/www.bizneo.com\/blog\/wp-json\/wp\/v2\/posts"}],"about":[{"href":"https:\/\/www.bizneo.com\/blog\/wp-json\/wp\/v2\/types\/post"}],"author":[{"embeddable":true,"href":"https:\/\/www.bizneo.com\/blog\/wp-json\/wp\/v2\/users\/26"}],"replies":[{"embeddable":true,"href":"https:\/\/www.bizneo.com\/blog\/wp-json\/wp\/v2\/comments?post=40871"}],"version-history":[{"count":41,"href":"https:\/\/www.bizneo.com\/blog\/wp-json\/wp\/v2\/posts\/40871\/revisions"}],"predecessor-version":[{"id":59792,"href":"https:\/\/www.bizneo.com\/blog\/wp-json\/wp\/v2\/posts\/40871\/revisions\/59792"}],"wp:featuredmedia":[{"embeddable":true,"href":"https:\/\/www.bizneo.com\/blog\/wp-json\/wp\/v2\/media\/41057"}],"wp:attachment":[{"href":"https:\/\/www.bizneo.com\/blog\/wp-json\/wp\/v2\/media?parent=40871"}],"wp:term":[{"taxonomy":"category","embeddable":true,"href":"https:\/\/www.bizneo.com\/blog\/wp-json\/wp\/v2\/categories?post=40871"},{"taxonomy":"post_tag","embeddable":true,"href":"https:\/\/www.bizneo.com\/blog\/wp-json\/wp\/v2\/tags?post=40871"}],"curies":[{"name":"wp","href":"https:\/\/api.w.org\/{rel}","templated":true}]}}