{"id":39827,"date":"2025-10-30T11:35:45","date_gmt":"2025-10-30T10:35:45","guid":{"rendered":"https:\/\/www.bizneo.com\/blog\/?p=39827"},"modified":"2025-10-30T11:37:04","modified_gmt":"2025-10-30T10:37:04","slug":"red-social-corporativa","status":"publish","type":"post","link":"https:\/\/www.bizneo.com\/blog\/red-social-corporativa\/","title":{"rendered":"Red social corporativa | Soluci\u00f3n para mejorar la comunicaci\u00f3n"},"content":{"rendered":"\n<p>Una red social corporativa es de gran utilidad para las empresas. No solo facilita la comunicaci\u00f3n interna del personal, sino que <strong>se extiende al exterior<\/strong>. Permite que personas interesadas en la organizaci\u00f3n, como los consumidores, expresen sus inquietudes o dudas para que sean escuchadas.<\/p>\n\n\n\n<p>Es mucho m\u00e1s que un tabl\u00f3n de anuncios de empresa: es una <strong>herramienta comunicativa de primera orden<\/strong>. Dadas las posibilidades que ofrece, merece la pena conocer en detalle en qu\u00e9 consiste y sus funcionalidades.<\/p>\n\n\n\n<h2 class=\"wp-block-heading\">\u00bfQu\u00e9 es una red social corporativa?<\/h2>\n\n\n\n<p>Una red social corporativa es una <strong>comunidad de individuos relacionados con una empresa<\/strong>. Su alcance va m\u00e1s all\u00e1 de los empleados, pues engloba a los accionistas, clientes, socios, proveedores o cualquier figura con intereses en la organizaci\u00f3n. Su car\u00e1cter es privado, es decir, no est\u00e1 abierta a todo el mundo. Por tanto, no hay que confundirla con una red social convencional, como Twitter o Facebook.<\/p>\n\n\n\n<figure class=\"wp-block-image size-full\"><a href=\"\/portal-de-recursos-humanos\/\" data-wpel-link=\"internal\" target=\"_blank\"><img decoding=\"async\" width=\"1500\" height=\"1077\" src=\"https:\/\/www.bizneo.com\/blog\/wp-content\/uploads\/2023\/01\/tablon-de-anuncios-online.webp\" alt=\"Tabl\u00f3n de anuncios en RR. HH.\" class=\"wp-image-38356\" srcset=\"https:\/\/www.bizneo.com\/blog\/wp-content\/uploads\/2023\/01\/tablon-de-anuncios-online.webp 1500w, https:\/\/www.bizneo.com\/blog\/wp-content\/uploads\/2023\/01\/tablon-de-anuncios-online-300x215.webp 300w, https:\/\/www.bizneo.com\/blog\/wp-content\/uploads\/2023\/01\/tablon-de-anuncios-online-1024x735.webp 1024w, https:\/\/www.bizneo.com\/blog\/wp-content\/uploads\/2023\/01\/tablon-de-anuncios-online-768x551.webp 768w, https:\/\/www.bizneo.com\/blog\/wp-content\/uploads\/2023\/01\/tablon-de-anuncios-online-810x582.webp 810w, https:\/\/www.bizneo.com\/blog\/wp-content\/uploads\/2023\/01\/tablon-de-anuncios-online-1140x819.webp 1140w\" sizes=\"(max-width: 1500px) 100vw, 1500px\" \/><\/a><\/figure>\n\n\n\n<p>Su principal funci\u00f3n es la de <strong>ofrecer un espacio de comunicaci\u00f3n<\/strong> a personas con intereses en la empresa. Se ofrece un lugar en el que interactuar e intercambiar informaci\u00f3n de una manera sencilla, accesible y que fomente una <a href=\"\/blog\/retroalimentacion\/\" target=\"_blank\" rel=\"noreferrer noopener\" data-wpel-link=\"internal\">retroalimentaci\u00f3n <\/a>inmediata que trata de perpetuarse en el tiempo.<\/p>\n\n\n\n<figure class=\"wp-block-image size-large\"><a href=\"https:\/\/hello.bizneo.com\/kit\/gestion-de-rrhh\/?utm_content=post-KIT-RRHH\" data-wpel-link=\"internal\" target=\"_blank\"><img decoding=\"async\" width=\"1024\" height=\"307\" src=\"https:\/\/www.bizneo.com\/blog\/wp-content\/uploads\/2023\/03\/KIT-RRHH-1024x307.png\" alt=\"Kit de Gesti\u00f3n de Personal\" class=\"wp-image-39184\" srcset=\"https:\/\/www.bizneo.com\/blog\/wp-content\/uploads\/2023\/03\/KIT-RRHH-1024x307.png 1024w, https:\/\/www.bizneo.com\/blog\/wp-content\/uploads\/2023\/03\/KIT-RRHH-300x90.png 300w, https:\/\/www.bizneo.com\/blog\/wp-content\/uploads\/2023\/03\/KIT-RRHH-768x230.png 768w, https:\/\/www.bizneo.com\/blog\/wp-content\/uploads\/2023\/03\/KIT-RRHH-810x243.png 810w, https:\/\/www.bizneo.com\/blog\/wp-content\/uploads\/2023\/03\/KIT-RRHH-1140x342.png 1140w, https:\/\/www.bizneo.com\/blog\/wp-content\/uploads\/2023\/03\/KIT-RRHH.png 1360w\" sizes=\"(max-width: 1024px) 100vw, 1024px\" \/><\/a><\/figure>\n\n\n\n<h3 class=\"wp-block-heading\">Diferencias entre una red social corporativa y una intranet<\/h3>\n\n\n\n<p>Es importante no confundir una <a href=\"\/blog\/intranet\/\" data-wpel-link=\"internal\" target=\"_blank\">intranet<\/a> con una red social corporativa. Pese a que ambos sistemas tienen como finalidad la transmisi\u00f3n de informaci\u00f3n, <strong>sus participantes no son exactamente los mismos<\/strong>. En el caso de la primera, solo es accesible por parte de la plantilla sin importar su posici\u00f3n en el <a href=\"\/blog\/organigrama-de-una-empresa\/\" target=\"_blank\" rel=\"noreferrer noopener\" data-wpel-link=\"internal\">organigrama de la empresa<\/a>.<\/p>\n\n\n\n<p>En cuanto a la red social, en ella se dan cita desde los empleados hasta los clientes, lo que aumenta el rango de participantes en gran medida. Esto se debe a que <strong>se pretende conseguir la m\u00e1xima viralidad<\/strong> en la transmisi\u00f3n de la informaci\u00f3n. Al fin y el cabo, se establece una comunicaci\u00f3n bidireccional.<\/p>\n\n\n\n<p>Adem\u00e1s, <strong>una intranet tiene como finalidad las relaciones laborales<\/strong>. Los empleados intercambian informaci\u00f3n para sus proyectos o el departamento de Recursos Humanos lanza avisos y alertas cuando es necesario. Esto \u00faltimo se realiza de manera automatizada gracias a los <a href=\"\/blog\/workflow-recursos-humanos\/\" target=\"_blank\" rel=\"noreferrer noopener\" data-wpel-link=\"internal\">workflows <\/a>que permite crear un <a href=\"https:\/\/www.bizneo.com\/portal-de-recursos-humanos\/\" target=\"_blank\" rel=\"noreferrer noopener\" data-wpel-link=\"internal\">software de portal del empleado<\/a>.<\/p>\n\n\n\n<figure class=\"wp-block-image size-full\"><a href=\"\/portal-de-recursos-humanos\/\" target=\"_blank\" rel=\"noopener noreferrer\" data-wpel-link=\"internal\"><img decoding=\"async\" width=\"1500\" height=\"1077\" src=\"https:\/\/www.bizneo.com\/blog\/wp-content\/uploads\/2020\/11\/Portal-del-empleado-y-del-manager.webp\" alt=\"Portal del m\u00e1nager y portal del trabajador\" class=\"wp-image-18049\" srcset=\"https:\/\/www.bizneo.com\/blog\/wp-content\/uploads\/2020\/11\/Portal-del-empleado-y-del-manager.webp 1500w, https:\/\/www.bizneo.com\/blog\/wp-content\/uploads\/2020\/11\/Portal-del-empleado-y-del-manager-300x215.webp 300w, https:\/\/www.bizneo.com\/blog\/wp-content\/uploads\/2020\/11\/Portal-del-empleado-y-del-manager-1024x735.webp 1024w, https:\/\/www.bizneo.com\/blog\/wp-content\/uploads\/2020\/11\/Portal-del-empleado-y-del-manager-768x551.webp 768w, https:\/\/www.bizneo.com\/blog\/wp-content\/uploads\/2020\/11\/Portal-del-empleado-y-del-manager-810x582.webp 810w, https:\/\/www.bizneo.com\/blog\/wp-content\/uploads\/2020\/11\/Portal-del-empleado-y-del-manager-1140x819.webp 1140w\" sizes=\"(max-width: 1500px) 100vw, 1500px\" \/><\/a><\/figure>\n\n\n\n<p>Sin embargo, con las redes sociales corporativas la finalidad es mucho m\u00e1s amplia, pues abarca desde anunciar productos nuevos a recibir cr\u00edticas por parte de clientes.<\/p>\n\n\n\n<h2 class=\"wp-block-heading\">Las funcionalidades que tienen las redes sociales empresariales<\/h2>\n\n\n\n<p>Las funcionalidades de una red social corporativa son variadas y <strong>adquieren un formato similar a las redes convencionales<\/strong>. De este modo, utilizar se hace m\u00e1s sencillo, ya que los usuarios estar\u00e1n familiarizados.<\/p>\n\n\n\n<h3 class=\"wp-block-heading\">Creaci\u00f3n y uso perfiles<\/h3>\n\n\n\n<p>Se permite la creaci\u00f3n de perfiles para que los usuarios puedan interactuar y encontrar a otros de manera c\u00f3moda. <strong>Cada uno cuenta con su <a href=\"\/blog\/ficha-de-empleado\/\" target=\"_blank\" rel=\"noreferrer noopener\" data-wpel-link=\"internal\">ficha de empleado<\/a><\/strong> en el que acceder a la informaci\u00f3n que le interesa, as\u00ed como poder enviar y contestar los mensajes que estime oportunos.<\/p>\n\n\n\n<figure class=\"wp-block-image size-full size-large\"><a href=\"\/base-de-datos-empleados\/\" data-wpel-link=\"internal\" target=\"_blank\"><img decoding=\"async\" width=\"1500\" height=\"1066\" src=\"https:\/\/www.bizneo.com\/blog\/wp-content\/uploads\/2023\/01\/Ficha-de-trabajadores-en-una-base-de-datos-de-RR-HH.webp\" alt=\"Ficha del empleado\" class=\"wp-image-38351\" srcset=\"https:\/\/www.bizneo.com\/blog\/wp-content\/uploads\/2023\/01\/Ficha-de-trabajadores-en-una-base-de-datos-de-RR-HH.webp 1500w, https:\/\/www.bizneo.com\/blog\/wp-content\/uploads\/2023\/01\/Ficha-de-trabajadores-en-una-base-de-datos-de-RR-HH-300x213.webp 300w, https:\/\/www.bizneo.com\/blog\/wp-content\/uploads\/2023\/01\/Ficha-de-trabajadores-en-una-base-de-datos-de-RR-HH-1024x728.webp 1024w, https:\/\/www.bizneo.com\/blog\/wp-content\/uploads\/2023\/01\/Ficha-de-trabajadores-en-una-base-de-datos-de-RR-HH-768x546.webp 768w, https:\/\/www.bizneo.com\/blog\/wp-content\/uploads\/2023\/01\/Ficha-de-trabajadores-en-una-base-de-datos-de-RR-HH-810x576.webp 810w, https:\/\/www.bizneo.com\/blog\/wp-content\/uploads\/2023\/01\/Ficha-de-trabajadores-en-una-base-de-datos-de-RR-HH-1140x810.webp 1140w\" sizes=\"(max-width: 1500px) 100vw, 1500px\" \/><\/a><\/figure>\n\n\n\n<p>Dentro del perfil, existe un muro, similar al de las redes sociales convencionales, en el que <strong>comprobar las \u00faltimas novedades o compartir cualquier noticia<\/strong>. Por regla general, se admiten im\u00e1genes y v\u00eddeos, lo que contribuye a ofrecer un mejor servicio.<\/p>\n\n\n\n<h3 class=\"wp-block-heading\">Gesti\u00f3n de documentos<\/h3>\n\n\n\n<p>Es una funci\u00f3n esencial para poder transmitir informaci\u00f3n. Los documentos se cargan desde un ordenador o un tel\u00e9fono m\u00f3vil y se <strong>almacenan en la nube<\/strong>. Esto ayuda a crear cuantas copias se necesiten sin tener que ocupar espacio f\u00edsico. Adem\u00e1s, cabe la posibilidad de enviar los archivos a cualquier usuario.<\/p>\n\n\n\n<p>En caso de que la empresa as\u00ed lo desee, puede utilizar la red social corporativa para <strong>enviar documentos tan importantes como una n\u00f3mina<\/strong>. El departamento de Recursos Humanos dispone de una herramienta r\u00e1pida y de uso \u00e1gil para efectuar un proceso tan sensible con la mayor puntualidad y seguridad.<\/p>\n\n\n\n<figure class=\"wp-block-image size-full\"><a href=\"\/gestion-documental\/\" target=\"_blank\" rel=\"noreferrer noopener\" data-wpel-link=\"internal\"><img decoding=\"async\" width=\"1500\" height=\"1052\" src=\"https:\/\/www.bizneo.com\/blog\/wp-content\/uploads\/2020\/11\/Sistema-de-Gestion-Documental-DMS.webp\" alt=\"Software de Gesti\u00f3n Documental para empresas\" class=\"wp-image-17970\" srcset=\"https:\/\/www.bizneo.com\/blog\/wp-content\/uploads\/2020\/11\/Sistema-de-Gestion-Documental-DMS.webp 1500w, https:\/\/www.bizneo.com\/blog\/wp-content\/uploads\/2020\/11\/Sistema-de-Gestion-Documental-DMS-300x210.webp 300w, https:\/\/www.bizneo.com\/blog\/wp-content\/uploads\/2020\/11\/Sistema-de-Gestion-Documental-DMS-1024x718.webp 1024w, https:\/\/www.bizneo.com\/blog\/wp-content\/uploads\/2020\/11\/Sistema-de-Gestion-Documental-DMS-768x539.webp 768w, https:\/\/www.bizneo.com\/blog\/wp-content\/uploads\/2020\/11\/Sistema-de-Gestion-Documental-DMS-810x568.webp 810w, https:\/\/www.bizneo.com\/blog\/wp-content\/uploads\/2020\/11\/Sistema-de-Gestion-Documental-DMS-1140x800.webp 1140w\" sizes=\"(max-width: 1500px) 100vw, 1500px\" \/><\/a><\/figure>\n\n\n\n<p><\/p>\n\n\n\n<h3 class=\"wp-block-heading\">Planificaci\u00f3n de actividades<\/h3>\n\n\n\n<p>La red social incluye la posibilidad de <strong>organizar eventos<\/strong>, como una charla informativa. Al existir tantos interesados en la actividad de la empresa, lanzar avisos a trav\u00e9s de la herramienta ahorra tiempo y esfuerzo. Todos los participantes se mantienen al tanto de los acontecimiento que se vayan a crear, lo que les ayuda a seguirlos y aumenta las probabilidades de que acudan.<\/p>\n\n\n\n<p>Los profesionales de Recursos Humanos pueden sacar mucho partido a una herramienta con esta caracter\u00edsticas. Y no solo para avisar de un evento, sino que <strong>tienen la capacidad de informar sobre formaciones en curso<\/strong> o cualquier otro hecho que interese a la plantilla.<\/p>\n\n\n\n<p>De hecho, utilizarla para <strong>simplificar el <\/strong><a href=\"\/blog\/onboarding\/\" target=\"_blank\" rel=\"noreferrer noopener\" data-wpel-link=\"internal\"><strong>onboarding<\/strong> <\/a>de los nuevos talentos es una idea excelente. Estos tienen una oportunidad de oro para familiarizarse con el funcionamiento de la empresa, comunicarse con otros empleados, leer consejos o consultar sus dudas en tiempo real. As\u00ed, el proceso de integraci\u00f3n es mucho m\u00e1s amigable.<\/p>\n\n\n\n<figure class=\"wp-block-image size-full\"><a href=\"\/portal-de-recursos-humanos\/\" data-wpel-link=\"internal\" target=\"_blank\"><img decoding=\"async\" width=\"1500\" height=\"1052\" src=\"https:\/\/www.bizneo.com\/blog\/wp-content\/uploads\/2022\/06\/Workflows-para-onboarding-y-offboarding.webp\" alt=\"Software de onboarding de empleados\" class=\"wp-image-34621\" srcset=\"https:\/\/www.bizneo.com\/blog\/wp-content\/uploads\/2022\/06\/Workflows-para-onboarding-y-offboarding.webp 1500w, https:\/\/www.bizneo.com\/blog\/wp-content\/uploads\/2022\/06\/Workflows-para-onboarding-y-offboarding-300x210.webp 300w, https:\/\/www.bizneo.com\/blog\/wp-content\/uploads\/2022\/06\/Workflows-para-onboarding-y-offboarding-1024x718.webp 1024w, https:\/\/www.bizneo.com\/blog\/wp-content\/uploads\/2022\/06\/Workflows-para-onboarding-y-offboarding-768x539.webp 768w, https:\/\/www.bizneo.com\/blog\/wp-content\/uploads\/2022\/06\/Workflows-para-onboarding-y-offboarding-810x568.webp 810w, https:\/\/www.bizneo.com\/blog\/wp-content\/uploads\/2022\/06\/Workflows-para-onboarding-y-offboarding-1140x800.webp 1140w\" sizes=\"(max-width: 1500px) 100vw, 1500px\" \/><\/a><\/figure>\n\n\n\n<p><\/p>\n\n\n\n<h3 class=\"wp-block-heading\">Comunicaci\u00f3n interna<\/h3>\n\n\n\n<p>La <strong>comunicaci\u00f3n interna entre los miembros de la empresa<\/strong> tambi\u00e9n es factible, y puede realizarse de varias maneras. Una de ellas es mediante mensajes privados, los cuales involucran a un par de usuarios. Para ganar en rapidez, las conversaciones a trav\u00e9s de chat son una opci\u00f3n com\u00fan y atractiva.<\/p>\n\n\n\n<figure class=\"wp-block-image size-large\"><a href=\"\/reclutamiento-seleccion-ats\/\" target=\"_blank\" rel=\"noreferrer noopener\" data-wpel-link=\"internal\"><img decoding=\"async\" width=\"1024\" height=\"668\" src=\"https:\/\/www.bizneo.com\/blog\/wp-content\/uploads\/2020\/10\/Reclutamiento-colaborativo-1024x668.webp\" alt=\"Software de reclutamiento y selecci\u00f3n con comunicaci\u00f3n interna del proceso\" class=\"wp-image-17094\" srcset=\"https:\/\/www.bizneo.com\/blog\/wp-content\/uploads\/2020\/10\/Reclutamiento-colaborativo-1024x668.webp 1024w, https:\/\/www.bizneo.com\/blog\/wp-content\/uploads\/2020\/10\/Reclutamiento-colaborativo-300x196.webp 300w, https:\/\/www.bizneo.com\/blog\/wp-content\/uploads\/2020\/10\/Reclutamiento-colaborativo-768x501.webp 768w, https:\/\/www.bizneo.com\/blog\/wp-content\/uploads\/2020\/10\/Reclutamiento-colaborativo-810x529.webp 810w, https:\/\/www.bizneo.com\/blog\/wp-content\/uploads\/2020\/10\/Reclutamiento-colaborativo-1140x744.webp 1140w, https:\/\/www.bizneo.com\/blog\/wp-content\/uploads\/2020\/10\/Reclutamiento-colaborativo.webp 1500w\" sizes=\"(max-width: 1024px) 100vw, 1024px\" \/><\/a><\/figure>\n\n\n\n<p>Otra alternativa consiste en <strong>dejar mensajes en el muro de otro usuario<\/strong> o participar en grupos. Sin embargo, en ambas se limita la privacidad, un detalle que merece la pena tener en cuenta.<\/p>\n\n\n\n<figure class=\"wp-block-image size-large\"><a href=\"\/portal-de-recursos-humanos\/\" target=\"_blank\" rel=\"noreferrer noopener\" data-wpel-link=\"internal\"><img decoding=\"async\" width=\"1360\" height=\"204\" src=\"https:\/\/www.bizneo.com\/blog\/wp-content\/uploads\/2021\/04\/banner-medio-portal-rrhh.jpg\" alt=\"Portal de un software de RR. HH.\" class=\"wp-image-21159\" srcset=\"https:\/\/www.bizneo.com\/blog\/wp-content\/uploads\/2021\/04\/banner-medio-portal-rrhh.jpg 1360w, https:\/\/www.bizneo.com\/blog\/wp-content\/uploads\/2021\/04\/banner-medio-portal-rrhh-300x45.jpg 300w, https:\/\/www.bizneo.com\/blog\/wp-content\/uploads\/2021\/04\/banner-medio-portal-rrhh-1024x154.jpg 1024w, https:\/\/www.bizneo.com\/blog\/wp-content\/uploads\/2021\/04\/banner-medio-portal-rrhh-768x115.jpg 768w, https:\/\/www.bizneo.com\/blog\/wp-content\/uploads\/2021\/04\/banner-medio-portal-rrhh-810x122.jpg 810w, https:\/\/www.bizneo.com\/blog\/wp-content\/uploads\/2021\/04\/banner-medio-portal-rrhh-1140x171.jpg 1140w\" sizes=\"(max-width: 1360px) 100vw, 1360px\" \/><\/a><\/figure>\n\n\n\n<h2 class=\"wp-block-heading\">\u00bfPor qu\u00e9 implementar una red social corporativa?<\/h2>\n\n\n\n<p>Implementar una red social corporativa es todo un acierto, en especial si se busca potenciar la comunicaci\u00f3n interna y externa. En la actualidad, las empresas no solo limitan su actividad de ofrecer productos o servicios, tambi\u00e9n prestan atenci\u00f3n a acciones de responsabilidad corporativa. Al disponer de un canal informativo como el mencionado, <strong>es m\u00e1s sencillo hacer realidad sus planes<\/strong> y que incluyan a agentes externos de la organizaci\u00f3n.<\/p>\n\n\n\n<p>Adem\u00e1s, es una herramienta que <strong>ayuda a eliminar reuniones innecesarias<\/strong> o a reducir su extensi\u00f3n. Los encuentros pueden realizarse a trav\u00e9s de la red o hablar de diferentes puntos sobre la marcha en cualquier momento del d\u00eda. As\u00ed, se evita perder el tiempo en interacciones que no tienen por qu\u00e9 aportar valor.<\/p>\n\n\n\n<figure class=\"wp-block-image size-full\"><a href=\"\/\" target=\"_blank\" rel=\"noopener noreferrer\" data-wpel-link=\"internal\"><img decoding=\"async\" width=\"1280\" height=\"1068\" src=\"https:\/\/www.bizneo.com\/blog\/wp-content\/uploads\/2020\/11\/Software-Recursos-Humanos.webp\" alt=\"Software de Recursos Humanos\" class=\"wp-image-17966\" srcset=\"https:\/\/www.bizneo.com\/blog\/wp-content\/uploads\/2020\/11\/Software-Recursos-Humanos.webp 1280w, https:\/\/www.bizneo.com\/blog\/wp-content\/uploads\/2020\/11\/Software-Recursos-Humanos-300x250.webp 300w, https:\/\/www.bizneo.com\/blog\/wp-content\/uploads\/2020\/11\/Software-Recursos-Humanos-1024x854.webp 1024w, https:\/\/www.bizneo.com\/blog\/wp-content\/uploads\/2020\/11\/Software-Recursos-Humanos-768x641.webp 768w, https:\/\/www.bizneo.com\/blog\/wp-content\/uploads\/2020\/11\/Software-Recursos-Humanos-810x676.webp 810w, https:\/\/www.bizneo.com\/blog\/wp-content\/uploads\/2020\/11\/Software-Recursos-Humanos-1140x951.webp 1140w\" sizes=\"(max-width: 1280px) 100vw, 1280px\" \/><\/a><\/figure>\n\n\n\n<p>Y no hay que olvidar que <strong>contribuyen a que los empleados se autogestionen<\/strong>, algo que pueden llevar a cabo dado al poder acceder a una informaci\u00f3n variada. En caso de tener que comunicar una baja, disponen de un canal para avisar al instante, lo que mejora el <a href=\"\/blog\/control-de-vacaciones\/\" target=\"_blank\" rel=\"noreferrer noopener\" data-wpel-link=\"internal\">control de las vacaciones<\/a>.<\/p>\n\n\n\n<figure class=\"wp-block-image size-full\"><a href=\"https:\/\/hello.bizneo.com\/demo\/suite\/es\/?utm_content=post-banner-medio\" data-wpel-link=\"internal\" target=\"_blank\"><img decoding=\"async\" width=\"1360\" height=\"204\" src=\"https:\/\/www.bizneo.com\/blog\/wp-content\/uploads\/2024\/02\/banner-medio-gestion-talento-personal.jpg\" alt=\"Software de RR. HH. para la gesti\u00f3n del personal y el talento\" class=\"wp-image-44729\" srcset=\"https:\/\/www.bizneo.com\/blog\/wp-content\/uploads\/2024\/02\/banner-medio-gestion-talento-personal.jpg 1360w, https:\/\/www.bizneo.com\/blog\/wp-content\/uploads\/2024\/02\/banner-medio-gestion-talento-personal-300x45.jpg 300w, https:\/\/www.bizneo.com\/blog\/wp-content\/uploads\/2024\/02\/banner-medio-gestion-talento-personal-1024x154.jpg 1024w, https:\/\/www.bizneo.com\/blog\/wp-content\/uploads\/2024\/02\/banner-medio-gestion-talento-personal-768x115.jpg 768w, https:\/\/www.bizneo.com\/blog\/wp-content\/uploads\/2024\/02\/banner-medio-gestion-talento-personal-810x122.jpg 810w, https:\/\/www.bizneo.com\/blog\/wp-content\/uploads\/2024\/02\/banner-medio-gestion-talento-personal-1140x171.jpg 1140w\" sizes=\"(max-width: 1360px) 100vw, 1360px\" \/><\/a><\/figure>\n\n\n\n<h3 class=\"wp-block-heading\">Ventajas esenciales de las redes sociales corporativas internas<\/h3>\n\n\n\n<p>Las redes sociales corporativas ofrecen una amplia variedad de ventajas, de entre las que destacan las siguientes:<\/p>\n\n\n\n<ul class=\"wp-block-list\">\n<li>Son una <strong>fuente de motivaci\u00f3n<\/strong> para todos los empleados, ya que disponen de un espacio en el que su voz ser\u00e1 escuchada. Si tienen ideas que aportar, la red es el lugar adecuado.<\/li>\n\n\n\n<li>Se <strong>mejora la imagen de marca<\/strong> cuando se deja participar a clientes y proveedores. La empresa se muestra como una organizaci\u00f3n moderna, innovadora y que presta atenci\u00f3n a los problemas de los consumidores.<\/li>\n\n\n\n<li><strong>Acceso desde cualquier lugar<\/strong> gracias al uso de aplicaciones para m\u00f3vil. Los empleados y otras personas podr\u00e1n utilizar la red social corporativa all\u00ed donde se encuentren.<\/li>\n\n\n\n<li><strong>La comunicaci\u00f3n interna se potencia y simplifica <\/strong>al ofrecer un canal tan variado, el cual ayuda a enviar documentos o a realizar una reuni\u00f3n.<\/li>\n\n\n\n<li><strong>La <a href=\"\/blog\/productividad\/\" target=\"_blank\" rel=\"noreferrer noopener\" data-wpel-link=\"internal\">productividad <\/a>aumenta<\/strong> al reducir el n\u00famero de correos electr\u00f3nicos enviados y las reuniones.<\/li>\n\n\n\n<li>El <strong>sentimiento de pertenencia<\/strong> se va construyendo debido a la interacci\u00f3n diaria y se proyecta credibilidad al hacer caso a las sugerencias de agentes externos.<\/li>\n<\/ul>\n\n\n\n<p>Cuando se implementa una red social corporativa, la empresa sale ganando. No solo consigue diferentes ventajas, sino que alcanza a todas las personas interesadas en su actividad. Aunque sea de manera indirecta, se sienten part\u00edcipes en el funcionamiento de la organizaci\u00f3n, algo que ayuda a generar una imagen positiva y cercana, pero sin dejar de ofrecer un buen canal de comunicaci\u00f3n interno.<\/p>\n\n\n\n<figure class=\"wp-block-image size-large\"><a href=\"https:\/\/hello.bizneo.com\/demo\/suite\/es\/?utm_content=post-banner\" target=\"_blank\" rel=\"noreferrer noopener\" data-wpel-link=\"internal\"><img decoding=\"async\" src=\"https:\/\/www.bizneo.com\/blog\/wp-content\/uploads\/2024\/02\/Banner-grande-software-recursos-humanos.jpg\" alt=\"Portal de Recursos Humanos\" class=\"wp-image-16752\"\/><\/a><\/figure>\n","protected":false},"excerpt":{"rendered":"<p>Con una red social corporativa, participan en las comunicaciones de la empresa desde los trabajadores hasta los clientes.<\/p>\n","protected":false},"author":15,"featured_media":39834,"comment_status":"open","ping_status":"open","sticky":false,"template":"","format":"standard","meta":{"_uag_custom_page_level_css":"","site-sidebar-layout":"default","site-content-layout":"","ast-site-content-layout":"default","site-content-style":"default","site-sidebar-style":"default","ast-global-header-display":"","ast-banner-title-visibility":"","ast-main-header-display":"","ast-hfb-above-header-display":"","ast-hfb-below-header-display":"","ast-hfb-mobile-header-display":"","site-post-title":"","ast-breadcrumbs-content":"","ast-featured-img":"","footer-sml-layout":"","ast-disable-related-posts":"","theme-transparent-header-meta":"","adv-header-id-meta":"","stick-header-meta":"","header-above-stick-meta":"","header-main-stick-meta":"","header-below-stick-meta":"","astra-migrate-meta-layouts":"default","ast-page-background-enabled":"default","ast-page-background-meta":{"desktop":{"background-color":"var(--ast-global-color-5)","background-image":"","background-repeat":"repeat","background-position":"center center","background-size":"auto","background-attachment":"scroll","background-type":"","background-media":"","overlay-type":"","overlay-color":"","overlay-opacity":"","overlay-gradient":""},"tablet":{"background-color":"","background-image":"","background-repeat":"repeat","background-position":"center center","background-size":"auto","background-attachment":"scroll","background-type":"","background-media":"","overlay-type":"","overlay-color":"","overlay-opacity":"","overlay-gradient":""},"mobile":{"background-color":"","background-image":"","background-repeat":"repeat","background-position":"center center","background-size":"auto","background-attachment":"scroll","background-type":"","background-media":"","overlay-type":"","overlay-color":"","overlay-opacity":"","overlay-gradient":""}},"ast-content-background-meta":{"desktop":{"background-color":"var(--ast-global-color-4)","background-image":"","background-repeat":"repeat","background-position":"center center","background-size":"auto","background-attachment":"scroll","background-type":"","background-media":"","overlay-type":"","overlay-color":"","overlay-opacity":"","overlay-gradient":""},"tablet":{"background-color":"var(--ast-global-color-4)","background-image":"","background-repeat":"repeat","background-position":"center center","background-size":"auto","background-attachment":"scroll","background-type":"","background-media":"","overlay-type":"","overlay-color":"","overlay-opacity":"","overlay-gradient":""},"mobile":{"background-color":"var(--ast-global-color-4)","background-image":"","background-repeat":"repeat","background-position":"center center","background-size":"auto","background-attachment":"scroll","background-type":"","background-media":"","overlay-type":"","overlay-color":"","overlay-opacity":"","overlay-gradient":""}},"footnotes":""},"categories":[93],"tags":[],"class_list":["post-39827","post","type-post","status-publish","format-standard","has-post-thumbnail","hentry","category-gestion-de-personal"],"yoast_head":"<!-- This site is optimized with the Yoast SEO plugin v27.5 - https:\/\/yoast.com\/product\/yoast-seo-wordpress\/ -->\n<title>Red social corporativa | Soluci\u00f3n para mejorar la comunicaci\u00f3n<\/title>\n<meta name=\"description\" content=\"Una red social corporativa mejora la comunicaci\u00f3n, colaboraci\u00f3n y productividad en tu empresa. Para aprovecharla, tienes que conocerla\" \/>\n<meta name=\"robots\" content=\"index, follow, max-snippet:-1, max-image-preview:large, max-video-preview:-1\" \/>\n<meta property=\"og:locale\" content=\"es_ES\" \/>\n<meta property=\"og:type\" content=\"article\" \/>\n<meta property=\"og:title\" content=\"Red social corporativa | Soluci\u00f3n para mejorar la comunicaci\u00f3n\" \/>\n<meta property=\"og:description\" content=\"Una red social corporativa mejora la comunicaci\u00f3n, colaboraci\u00f3n y productividad en tu empresa. Para aprovecharla, tienes que conocerla\" \/>\n<meta property=\"og:url\" content=\"https:\/\/www.bizneo.com\/blog\/red-social-corporativa\/\" \/>\n<meta property=\"og:site_name\" content=\"Blog de Recursos Humanos de Bizneo HR: pr\u00e1ctico y actual\" \/>\n<meta property=\"article:published_time\" content=\"2025-10-30T10:35:45+00:00\" \/>\n<meta property=\"article:modified_time\" content=\"2025-10-30T10:37:04+00:00\" \/>\n<meta property=\"og:image\" content=\"https:\/\/www.bizneo.com\/blog\/wp-content\/uploads\/2023\/03\/red-social-corporativa.jpg\" \/>\n\t<meta property=\"og:image:width\" content=\"1140\" \/>\n\t<meta property=\"og:image:height\" content=\"640\" \/>\n\t<meta property=\"og:image:type\" content=\"image\/jpeg\" \/>\n<meta name=\"author\" content=\"Daniel\" \/>\n<meta name=\"twitter:card\" content=\"summary_large_image\" \/>\n<meta name=\"twitter:label1\" content=\"Escrito por\" \/>\n\t<meta name=\"twitter:data1\" content=\"Daniel\" \/>\n\t<meta name=\"twitter:label2\" content=\"Tiempo de lectura\" \/>\n\t<meta name=\"twitter:data2\" content=\"9 minutos\" \/>\n<script type=\"application\/ld+json\" class=\"yoast-schema-graph\">{\"@context\":\"https:\\\/\\\/schema.org\",\"@graph\":[{\"@type\":[\"Article\",\"BlogPosting\"],\"@id\":\"https:\\\/\\\/www.bizneo.com\\\/blog\\\/red-social-corporativa\\\/#article\",\"isPartOf\":{\"@id\":\"https:\\\/\\\/www.bizneo.com\\\/blog\\\/red-social-corporativa\\\/\"},\"author\":{\"name\":\"Daniel\",\"@id\":\"https:\\\/\\\/www.bizneo.com\\\/blog\\\/#\\\/schema\\\/person\\\/9e07e3df75f53d154c1eb061ec16fff8\"},\"headline\":\"Red social corporativa | Soluci\u00f3n para mejorar la comunicaci\u00f3n\",\"datePublished\":\"2025-10-30T10:35:45+00:00\",\"dateModified\":\"2025-10-30T10:37:04+00:00\",\"mainEntityOfPage\":{\"@id\":\"https:\\\/\\\/www.bizneo.com\\\/blog\\\/red-social-corporativa\\\/\"},\"wordCount\":1368,\"commentCount\":0,\"publisher\":{\"@id\":\"https:\\\/\\\/www.bizneo.com\\\/blog\\\/#organization\"},\"image\":{\"@id\":\"https:\\\/\\\/www.bizneo.com\\\/blog\\\/red-social-corporativa\\\/#primaryimage\"},\"thumbnailUrl\":\"https:\\\/\\\/www.bizneo.com\\\/blog\\\/wp-content\\\/uploads\\\/2023\\\/03\\\/red-social-corporativa.jpg\",\"articleSection\":[\"Gesti\u00f3n de Personal\"],\"inLanguage\":\"es\",\"potentialAction\":[{\"@type\":\"CommentAction\",\"name\":\"Comment\",\"target\":[\"https:\\\/\\\/www.bizneo.com\\\/blog\\\/red-social-corporativa\\\/#respond\"]}]},{\"@type\":\"WebPage\",\"@id\":\"https:\\\/\\\/www.bizneo.com\\\/blog\\\/red-social-corporativa\\\/\",\"url\":\"https:\\\/\\\/www.bizneo.com\\\/blog\\\/red-social-corporativa\\\/\",\"name\":\"Red social corporativa | Soluci\u00f3n para mejorar la comunicaci\u00f3n\",\"isPartOf\":{\"@id\":\"https:\\\/\\\/www.bizneo.com\\\/blog\\\/#website\"},\"primaryImageOfPage\":{\"@id\":\"https:\\\/\\\/www.bizneo.com\\\/blog\\\/red-social-corporativa\\\/#primaryimage\"},\"image\":{\"@id\":\"https:\\\/\\\/www.bizneo.com\\\/blog\\\/red-social-corporativa\\\/#primaryimage\"},\"thumbnailUrl\":\"https:\\\/\\\/www.bizneo.com\\\/blog\\\/wp-content\\\/uploads\\\/2023\\\/03\\\/red-social-corporativa.jpg\",\"datePublished\":\"2025-10-30T10:35:45+00:00\",\"dateModified\":\"2025-10-30T10:37:04+00:00\",\"description\":\"Una red social corporativa mejora la comunicaci\u00f3n, colaboraci\u00f3n y productividad en tu empresa. Para aprovecharla, tienes que conocerla\",\"breadcrumb\":{\"@id\":\"https:\\\/\\\/www.bizneo.com\\\/blog\\\/red-social-corporativa\\\/#breadcrumb\"},\"inLanguage\":\"es\",\"potentialAction\":[{\"@type\":\"ReadAction\",\"target\":[\"https:\\\/\\\/www.bizneo.com\\\/blog\\\/red-social-corporativa\\\/\"]}]},{\"@type\":\"ImageObject\",\"inLanguage\":\"es\",\"@id\":\"https:\\\/\\\/www.bizneo.com\\\/blog\\\/red-social-corporativa\\\/#primaryimage\",\"url\":\"https:\\\/\\\/www.bizneo.com\\\/blog\\\/wp-content\\\/uploads\\\/2023\\\/03\\\/red-social-corporativa.jpg\",\"contentUrl\":\"https:\\\/\\\/www.bizneo.com\\\/blog\\\/wp-content\\\/uploads\\\/2023\\\/03\\\/red-social-corporativa.jpg\",\"width\":1140,\"height\":640,\"caption\":\"Red social corporativa\"},{\"@type\":\"BreadcrumbList\",\"@id\":\"https:\\\/\\\/www.bizneo.com\\\/blog\\\/red-social-corporativa\\\/#breadcrumb\",\"itemListElement\":[{\"@type\":\"ListItem\",\"position\":1,\"name\":\"Portada\",\"item\":\"https:\\\/\\\/www.bizneo.com\\\/blog\\\/\"},{\"@type\":\"ListItem\",\"position\":2,\"name\":\"Gesti\u00f3n de Personal\",\"item\":\"https:\\\/\\\/www.bizneo.com\\\/blog\\\/category\\\/gestion-de-personal\\\/\"},{\"@type\":\"ListItem\",\"position\":3,\"name\":\"Red social corporativa | Soluci\u00f3n para mejorar la comunicaci\u00f3n\"}]},{\"@type\":\"WebSite\",\"@id\":\"https:\\\/\\\/www.bizneo.com\\\/blog\\\/#website\",\"url\":\"https:\\\/\\\/www.bizneo.com\\\/blog\\\/\",\"name\":\"Blog de Recursos Humanos de Bizneo HR: pr\u00e1ctico y actual\",\"description\":\"Todo sobre actualidad, herramientas y tecnolog\u00eda  para optimizar la gesti\u00f3n del talento humano\",\"publisher\":{\"@id\":\"https:\\\/\\\/www.bizneo.com\\\/blog\\\/#organization\"},\"potentialAction\":[{\"@type\":\"SearchAction\",\"target\":{\"@type\":\"EntryPoint\",\"urlTemplate\":\"https:\\\/\\\/www.bizneo.com\\\/blog\\\/?s={search_term_string}\"},\"query-input\":{\"@type\":\"PropertyValueSpecification\",\"valueRequired\":true,\"valueName\":\"search_term_string\"}}],\"inLanguage\":\"es\"},{\"@type\":\"Organization\",\"@id\":\"https:\\\/\\\/www.bizneo.com\\\/blog\\\/#organization\",\"name\":\"Bizneo HR\",\"url\":\"https:\\\/\\\/www.bizneo.com\\\/blog\\\/\",\"logo\":{\"@type\":\"ImageObject\",\"inLanguage\":\"es\",\"@id\":\"https:\\\/\\\/www.bizneo.com\\\/blog\\\/#\\\/schema\\\/logo\\\/image\\\/\",\"url\":\"https:\\\/\\\/www.bizneo.com\\\/blog\\\/wp-content\\\/uploads\\\/2020\\\/09\\\/Icono-Logo-Bizneo-HR.png\",\"contentUrl\":\"https:\\\/\\\/www.bizneo.com\\\/blog\\\/wp-content\\\/uploads\\\/2020\\\/09\\\/Icono-Logo-Bizneo-HR.png\",\"width\":834,\"height\":834,\"caption\":\"Bizneo HR\"},\"image\":{\"@id\":\"https:\\\/\\\/www.bizneo.com\\\/blog\\\/#\\\/schema\\\/logo\\\/image\\\/\"}},{\"@type\":\"Person\",\"@id\":\"https:\\\/\\\/www.bizneo.com\\\/blog\\\/#\\\/schema\\\/person\\\/9e07e3df75f53d154c1eb061ec16fff8\",\"name\":\"Daniel\",\"image\":{\"@type\":\"ImageObject\",\"inLanguage\":\"es\",\"@id\":\"https:\\\/\\\/secure.gravatar.com\\\/avatar\\\/e8734814cef39068ae43ffaed9272abd02ab94412a517ab9211f0dfcaab812c8?s=96&d=mm&r=g\",\"url\":\"https:\\\/\\\/secure.gravatar.com\\\/avatar\\\/e8734814cef39068ae43ffaed9272abd02ab94412a517ab9211f0dfcaab812c8?s=96&d=mm&r=g\",\"contentUrl\":\"https:\\\/\\\/secure.gravatar.com\\\/avatar\\\/e8734814cef39068ae43ffaed9272abd02ab94412a517ab9211f0dfcaab812c8?s=96&d=mm&r=g\",\"caption\":\"Daniel\"},\"url\":\"https:\\\/\\\/www.bizneo.com\\\/blog\\\/author\\\/daniel\\\/\"}]}<\/script>\n<!-- \/ Yoast SEO plugin. -->","yoast_head_json":{"title":"Red social corporativa | Soluci\u00f3n para mejorar la comunicaci\u00f3n","description":"Una red social corporativa mejora la comunicaci\u00f3n, colaboraci\u00f3n y productividad en tu empresa. Para aprovecharla, tienes que conocerla","robots":{"index":"index","follow":"follow","max-snippet":"max-snippet:-1","max-image-preview":"max-image-preview:large","max-video-preview":"max-video-preview:-1"},"og_locale":"es_ES","og_type":"article","og_title":"Red social corporativa | Soluci\u00f3n para mejorar la comunicaci\u00f3n","og_description":"Una red social corporativa mejora la comunicaci\u00f3n, colaboraci\u00f3n y productividad en tu empresa. Para aprovecharla, tienes que conocerla","og_url":"https:\/\/www.bizneo.com\/blog\/red-social-corporativa\/","og_site_name":"Blog de Recursos Humanos de Bizneo HR: pr\u00e1ctico y actual","article_published_time":"2025-10-30T10:35:45+00:00","article_modified_time":"2025-10-30T10:37:04+00:00","og_image":[{"width":1140,"height":640,"url":"https:\/\/www.bizneo.com\/blog\/wp-content\/uploads\/2023\/03\/red-social-corporativa.jpg","type":"image\/jpeg"}],"author":"Daniel","twitter_card":"summary_large_image","twitter_misc":{"Escrito por":"Daniel","Tiempo de lectura":"9 minutos"},"schema":{"@context":"https:\/\/schema.org","@graph":[{"@type":["Article","BlogPosting"],"@id":"https:\/\/www.bizneo.com\/blog\/red-social-corporativa\/#article","isPartOf":{"@id":"https:\/\/www.bizneo.com\/blog\/red-social-corporativa\/"},"author":{"name":"Daniel","@id":"https:\/\/www.bizneo.com\/blog\/#\/schema\/person\/9e07e3df75f53d154c1eb061ec16fff8"},"headline":"Red social corporativa | Soluci\u00f3n para mejorar la comunicaci\u00f3n","datePublished":"2025-10-30T10:35:45+00:00","dateModified":"2025-10-30T10:37:04+00:00","mainEntityOfPage":{"@id":"https:\/\/www.bizneo.com\/blog\/red-social-corporativa\/"},"wordCount":1368,"commentCount":0,"publisher":{"@id":"https:\/\/www.bizneo.com\/blog\/#organization"},"image":{"@id":"https:\/\/www.bizneo.com\/blog\/red-social-corporativa\/#primaryimage"},"thumbnailUrl":"https:\/\/www.bizneo.com\/blog\/wp-content\/uploads\/2023\/03\/red-social-corporativa.jpg","articleSection":["Gesti\u00f3n de Personal"],"inLanguage":"es","potentialAction":[{"@type":"CommentAction","name":"Comment","target":["https:\/\/www.bizneo.com\/blog\/red-social-corporativa\/#respond"]}]},{"@type":"WebPage","@id":"https:\/\/www.bizneo.com\/blog\/red-social-corporativa\/","url":"https:\/\/www.bizneo.com\/blog\/red-social-corporativa\/","name":"Red social corporativa | Soluci\u00f3n para mejorar la comunicaci\u00f3n","isPartOf":{"@id":"https:\/\/www.bizneo.com\/blog\/#website"},"primaryImageOfPage":{"@id":"https:\/\/www.bizneo.com\/blog\/red-social-corporativa\/#primaryimage"},"image":{"@id":"https:\/\/www.bizneo.com\/blog\/red-social-corporativa\/#primaryimage"},"thumbnailUrl":"https:\/\/www.bizneo.com\/blog\/wp-content\/uploads\/2023\/03\/red-social-corporativa.jpg","datePublished":"2025-10-30T10:35:45+00:00","dateModified":"2025-10-30T10:37:04+00:00","description":"Una red social corporativa mejora la comunicaci\u00f3n, colaboraci\u00f3n y productividad en tu empresa. Para aprovecharla, tienes que conocerla","breadcrumb":{"@id":"https:\/\/www.bizneo.com\/blog\/red-social-corporativa\/#breadcrumb"},"inLanguage":"es","potentialAction":[{"@type":"ReadAction","target":["https:\/\/www.bizneo.com\/blog\/red-social-corporativa\/"]}]},{"@type":"ImageObject","inLanguage":"es","@id":"https:\/\/www.bizneo.com\/blog\/red-social-corporativa\/#primaryimage","url":"https:\/\/www.bizneo.com\/blog\/wp-content\/uploads\/2023\/03\/red-social-corporativa.jpg","contentUrl":"https:\/\/www.bizneo.com\/blog\/wp-content\/uploads\/2023\/03\/red-social-corporativa.jpg","width":1140,"height":640,"caption":"Red social corporativa"},{"@type":"BreadcrumbList","@id":"https:\/\/www.bizneo.com\/blog\/red-social-corporativa\/#breadcrumb","itemListElement":[{"@type":"ListItem","position":1,"name":"Portada","item":"https:\/\/www.bizneo.com\/blog\/"},{"@type":"ListItem","position":2,"name":"Gesti\u00f3n de Personal","item":"https:\/\/www.bizneo.com\/blog\/category\/gestion-de-personal\/"},{"@type":"ListItem","position":3,"name":"Red social corporativa | Soluci\u00f3n para mejorar la comunicaci\u00f3n"}]},{"@type":"WebSite","@id":"https:\/\/www.bizneo.com\/blog\/#website","url":"https:\/\/www.bizneo.com\/blog\/","name":"Blog de Recursos Humanos de Bizneo HR: pr\u00e1ctico y actual","description":"Todo sobre actualidad, herramientas y tecnolog\u00eda  para optimizar la gesti\u00f3n del talento humano","publisher":{"@id":"https:\/\/www.bizneo.com\/blog\/#organization"},"potentialAction":[{"@type":"SearchAction","target":{"@type":"EntryPoint","urlTemplate":"https:\/\/www.bizneo.com\/blog\/?s={search_term_string}"},"query-input":{"@type":"PropertyValueSpecification","valueRequired":true,"valueName":"search_term_string"}}],"inLanguage":"es"},{"@type":"Organization","@id":"https:\/\/www.bizneo.com\/blog\/#organization","name":"Bizneo HR","url":"https:\/\/www.bizneo.com\/blog\/","logo":{"@type":"ImageObject","inLanguage":"es","@id":"https:\/\/www.bizneo.com\/blog\/#\/schema\/logo\/image\/","url":"https:\/\/www.bizneo.com\/blog\/wp-content\/uploads\/2020\/09\/Icono-Logo-Bizneo-HR.png","contentUrl":"https:\/\/www.bizneo.com\/blog\/wp-content\/uploads\/2020\/09\/Icono-Logo-Bizneo-HR.png","width":834,"height":834,"caption":"Bizneo HR"},"image":{"@id":"https:\/\/www.bizneo.com\/blog\/#\/schema\/logo\/image\/"}},{"@type":"Person","@id":"https:\/\/www.bizneo.com\/blog\/#\/schema\/person\/9e07e3df75f53d154c1eb061ec16fff8","name":"Daniel","image":{"@type":"ImageObject","inLanguage":"es","@id":"https:\/\/secure.gravatar.com\/avatar\/e8734814cef39068ae43ffaed9272abd02ab94412a517ab9211f0dfcaab812c8?s=96&d=mm&r=g","url":"https:\/\/secure.gravatar.com\/avatar\/e8734814cef39068ae43ffaed9272abd02ab94412a517ab9211f0dfcaab812c8?s=96&d=mm&r=g","contentUrl":"https:\/\/secure.gravatar.com\/avatar\/e8734814cef39068ae43ffaed9272abd02ab94412a517ab9211f0dfcaab812c8?s=96&d=mm&r=g","caption":"Daniel"},"url":"https:\/\/www.bizneo.com\/blog\/author\/daniel\/"}]}},"spectra_custom_meta":{"_edit_lock":["1769433771:47"],"_thumbnail_id":["39834"],"_edit_last":["10"],"onesignal_meta_box_present":["1"],"onesignal_send_notification":["1"],"onesignal_modify_title_and_content":[""],"onesignal_notification_custom_heading":[null],"onesignal_notification_custom_content":[null],"wp_review_type":["none"],"_at_widget":["1"],"_vce_meta":["a:4:{s:11:\"use_sidebar\";s:7:\"inherit\";s:7:\"sidebar\";s:7:\"inherit\";s:14:\"sticky_sidebar\";s:7:\"inherit\";s:6:\"layout\";s:7:\"inherit\";}"],"_yoast_wpseo_primary_category":["93"],"_yoast_wpseo_focuskw":["Red social corporativa"],"_yoast_wpseo_title":["Red social corporativa | Soluci\u00f3n para mejorar la comunicaci\u00f3n"],"_yoast_wpseo_metadesc":["Una red social corporativa mejora la comunicaci\u00f3n, colaboraci\u00f3n y productividad en tu empresa. Para aprovecharla, tienes que conocerla"],"_yoast_wpseo_linkdex":["91"],"_yoast_wpseo_content_score":["90"],"_yoast_wpseo_estimated-reading-time-minutes":["9"],"_wp_old_date":["2023-03-30"],"_uag_css_file_name":["uag-css-39827.css"],"_uag_page_assets":["a:9:{s:3:\"css\";s:263:\".uag-blocks-common-selector{z-index:var(--z-index-desktop) !important}@media (max-width: 976px){.uag-blocks-common-selector{z-index:var(--z-index-tablet) !important}}@media (max-width: 767px){.uag-blocks-common-selector{z-index:var(--z-index-mobile) !important}}\n\";s:2:\"js\";s:0:\"\";s:18:\"current_block_list\";a:8:{i:0;s:14:\"core\/paragraph\";i:1;s:12:\"core\/heading\";i:2;s:10:\"core\/image\";i:3;s:9:\"core\/list\";i:4;s:14:\"core\/list-item\";i:5;s:12:\"core\/details\";i:6;s:9:\"core\/html\";i:7;s:14:\"core\/shortcode\";}s:8:\"uag_flag\";b:0;s:11:\"uag_version\";s:10:\"1777484736\";s:6:\"gfonts\";a:0:{}s:10:\"gfonts_url\";s:0:\"\";s:12:\"gfonts_files\";a:0:{}s:14:\"uag_faq_layout\";b:0;}"]},"uagb_featured_image_src":{"full":["https:\/\/www.bizneo.com\/blog\/wp-content\/uploads\/2023\/03\/red-social-corporativa.jpg",1140,640,false],"thumbnail":["https:\/\/www.bizneo.com\/blog\/wp-content\/uploads\/2023\/03\/red-social-corporativa-150x150.jpg",150,150,true],"medium":["https:\/\/www.bizneo.com\/blog\/wp-content\/uploads\/2023\/03\/red-social-corporativa-300x168.jpg",300,168,true],"medium_large":["https:\/\/www.bizneo.com\/blog\/wp-content\/uploads\/2023\/03\/red-social-corporativa-768x431.jpg",768,431,true],"large":["https:\/\/www.bizneo.com\/blog\/wp-content\/uploads\/2023\/03\/red-social-corporativa-1024x575.jpg",1024,575,true],"1536x1536":["https:\/\/www.bizneo.com\/blog\/wp-content\/uploads\/2023\/03\/red-social-corporativa.jpg",1140,640,false],"2048x2048":["https:\/\/www.bizneo.com\/blog\/wp-content\/uploads\/2023\/03\/red-social-corporativa.jpg",1140,640,false]},"uagb_author_info":{"display_name":"Daniel","author_link":"https:\/\/www.bizneo.com\/blog\/author\/daniel\/"},"uagb_comment_info":0,"uagb_excerpt":"Con una red social corporativa, participan en las comunicaciones de la empresa desde los trabajadores hasta los clientes.","_links":{"self":[{"href":"https:\/\/www.bizneo.com\/blog\/wp-json\/wp\/v2\/posts\/39827","targetHints":{"allow":["GET"]}}],"collection":[{"href":"https:\/\/www.bizneo.com\/blog\/wp-json\/wp\/v2\/posts"}],"about":[{"href":"https:\/\/www.bizneo.com\/blog\/wp-json\/wp\/v2\/types\/post"}],"author":[{"embeddable":true,"href":"https:\/\/www.bizneo.com\/blog\/wp-json\/wp\/v2\/users\/15"}],"replies":[{"embeddable":true,"href":"https:\/\/www.bizneo.com\/blog\/wp-json\/wp\/v2\/comments?post=39827"}],"version-history":[{"count":4,"href":"https:\/\/www.bizneo.com\/blog\/wp-json\/wp\/v2\/posts\/39827\/revisions"}],"predecessor-version":[{"id":56692,"href":"https:\/\/www.bizneo.com\/blog\/wp-json\/wp\/v2\/posts\/39827\/revisions\/56692"}],"wp:featuredmedia":[{"embeddable":true,"href":"https:\/\/www.bizneo.com\/blog\/wp-json\/wp\/v2\/media\/39834"}],"wp:attachment":[{"href":"https:\/\/www.bizneo.com\/blog\/wp-json\/wp\/v2\/media?parent=39827"}],"wp:term":[{"taxonomy":"category","embeddable":true,"href":"https:\/\/www.bizneo.com\/blog\/wp-json\/wp\/v2\/categories?post=39827"},{"taxonomy":"post_tag","embeddable":true,"href":"https:\/\/www.bizneo.com\/blog\/wp-json\/wp\/v2\/tags?post=39827"}],"curies":[{"name":"wp","href":"https:\/\/api.w.org\/{rel}","templated":true}]}}