{"id":36465,"date":"2023-03-29T11:45:09","date_gmt":"2023-03-29T10:45:09","guid":{"rendered":"https:\/\/www.bizneo.com\/blog\/?p=36465"},"modified":"2026-01-29T15:53:15","modified_gmt":"2026-01-29T14:53:15","slug":"tabla-de-vacaciones","status":"publish","type":"post","link":"https:\/\/www.bizneo.com\/blog\/tabla-de-vacaciones\/","title":{"rendered":"Tabla de vacaciones en M\u00e9xico | Calcula tus d\u00edas libres"},"content":{"rendered":"\n<p>En algunos pa\u00edses de Latinoam\u00e9rica, principalmente en M\u00e9xico, los d\u00edas libres que dispone un trabajador se calculan empleando lo que se denomina <strong>tabla de vacaciones<\/strong>. En ella se especifican el n\u00famero de d\u00edas de vacaciones que tiene derecho a disfrutar el trabajador por cada a\u00f1o de servicio, n\u00famero que va cambiando a\u00f1o tras a\u00f1o seg\u00fan la experiencia acumulada.<\/p>\n\n\n\n<p>Aunque puede parecer un m\u00e9todo sencillo de aplicar, la realidad es muy distinta cuando existe un gran volumen y variedad de trabajadores. <strong>Emplear solamente una tabla de vacaciones por a\u00f1o suele ser bastante improductivo<\/strong> y puede conllevar a errores graves. Esto puede generar malestar en la plantilla y trabajo adicional para el departamento de recursos humanos.<\/p>\n\n\n\n<p><strong>Automatizar el c\u00e1lculo del n\u00famero de d\u00edas correspondientes<\/strong> a cada empleado, as\u00ed como su <a href=\"https:\/\/www.bizneo.com\/blog\/prima-vacacional\/\" data-wpel-link=\"internal\" target=\"_blank\">prima vacacional<\/a>, es sin duda la mejor forma de afrontar esta tarea recurrente.<\/p>\n\n\n\n<h2 class=\"wp-block-heading\">\u00bfQu\u00e9 es una tabla de vacaciones?<\/h2>\n\n\n\n<p>La tabla de vacaciones es una <strong>lista en la que se especifica el n\u00famero de d\u00edas de vacaciones que tiene derecho a disfrutar el trabajador por cada a\u00f1o de servicio<\/strong>. Se trata de una tabla informativa que se utiliza principalmente para <a href=\"\/blog\/control-de-vacaciones\/\" target=\"_blank\" rel=\"noreferrer noopener\" data-wpel-link=\"internal\">calcular los d\u00edas de vacaciones<\/a> que pertocan a cada trabajador seg\u00fan los a\u00f1os laborados que ha ido acumulando a lo largo de su trayectoria profesional.<\/p>\n\n\n\n<p>En el <strong><a href=\"https:\/\/www.gob.mx\/cms\/uploads\/attachment\/file\/156203\/1044_Ley_Federal_del_Trabajo.pdf\" rel=\"nofollow noopener\" data-wpel-link=\"external\" target=\"_blank\">art\u00edculo 76 de la LFT<\/a><\/strong>, Ley Federal de Trabajo en M\u00e9xico, se especifica el m\u00ednimo de d\u00edas de vacaciones que deben disfrutar los trabajadores seg\u00fan los a\u00f1os de trabajo acumulados. Dice as\u00ed:<\/p>\n\n\n\n<blockquote class=\"wp-block-quote is-layout-flow wp-block-quote-is-layout-flow\">\n<p>Los trabajadores que tengan m\u00e1s de un a\u00f1o de servicios disfrutar\u00e1n de un per\u00edodo anual de vacaciones pagadas, que en ning\u00fan caso podr\u00e1 ser inferior a seis d\u00edas laborables, y que aumentar\u00e1 en dos d\u00edas laborables, hasta llegar a doce, por cada a\u00f1o subsecuente de servicios. Despu\u00e9s del cuarto a\u00f1o, el per\u00edodo de vacaciones aumentar\u00e1 en dos d\u00edas por cada cinco de servicios.<\/p>\n<\/blockquote>\n\n\n\n<p>Nuestros consultores han preparado un <a href=\"https:\/\/www.bizneo.com\/blog\/plantilla-excel-vacaciones-ausencias-empleados\/\" data-wpel-link=\"internal\" target=\"_blank\">excel de vacaciones<\/a> para hacer un registro y seguimiento de las vacaciones de un peque\u00f1o grupo de trabajadores (m\u00e1ximo 10). <\/p>\n\n\n\n<div id=\"cbox-EEG7aVSGmxe2ZB5R\"><\/div>\n\n\n\n<p><\/p>\n\n\n\n<p>Es ideal para empezar a planificar las ausencias, pero&#8230; observar\u00e9is que en el momento que aumenta la plantilla o que queremos precisi\u00f3n, c\u00e1lculos exactos o diferentes pol\u00edticas, la tabla de vacaciones en excel <strong>no es flexible ni escalable<\/strong>, y por, tanto, se queda corto y ser\u00eda mejor contar con tecnolog\u00eda que evite errores y cuente con multitud de funcionalidades para perfeccionar la gesti\u00f3n.<\/p>\n\n\n\n<p><\/p>\n\n\n\n<figure class=\"wp-block-image\"><a href=\"\/gestor-vacaciones\/\" target=\"_blank\" rel=\"noreferrer noopener\" data-wpel-link=\"internal\"><img decoding=\"async\" width=\"1360\" height=\"204\" src=\"https:\/\/www.bizneo.com\/blog\/wp-content\/uploads\/2021\/04\/banner-medio-vacaciones-excel.jpg\" alt=\"software de control de vacaciones y ausencias\" class=\"wp-image-21169\" srcset=\"https:\/\/www.bizneo.com\/blog\/wp-content\/uploads\/2021\/04\/banner-medio-vacaciones-excel.jpg 1360w, https:\/\/www.bizneo.com\/blog\/wp-content\/uploads\/2021\/04\/banner-medio-vacaciones-excel-300x45.jpg 300w, https:\/\/www.bizneo.com\/blog\/wp-content\/uploads\/2021\/04\/banner-medio-vacaciones-excel-1024x154.jpg 1024w, https:\/\/www.bizneo.com\/blog\/wp-content\/uploads\/2021\/04\/banner-medio-vacaciones-excel-768x115.jpg 768w, https:\/\/www.bizneo.com\/blog\/wp-content\/uploads\/2021\/04\/banner-medio-vacaciones-excel-810x122.jpg 810w, https:\/\/www.bizneo.com\/blog\/wp-content\/uploads\/2021\/04\/banner-medio-vacaciones-excel-1140x171.jpg 1140w\" sizes=\"(max-width: 1360px) 100vw, 1360px\" \/><\/a><\/figure>\n\n\n\n<h2 class=\"wp-block-heading\">\u00bfC\u00f3mo funciona la tabla de vacaciones por a\u00f1o?<\/h2>\n\n\n\n<p>La tabla de vacaciones por a\u00f1o es muy f\u00e1cil de interpretar a primera vista. Esta se divide en columnas, la primera de ellas se refiere al <strong>n\u00famero de a\u00f1os de servicio<\/strong> del trabajador, mientras que las siguientes columnas muestran el <strong>n\u00famero de d\u00edas de vacaciones<\/strong> a los que tiene derecho el trabajador por cada a\u00f1o de servicio. <\/p>\n\n\n\n<p>En <strong>Espa\u00f1a<\/strong>, por ejemplo, los trabajadores con condiciones habituales tienen 22 d\u00edas laborables o 30 naturales de vacaciones al a\u00f1o.<\/p>\n\n\n\n<p><strong>Te mostramos a continuaci\u00f3n como era para M\u00e9xico hasta ahora (y en el siguiente apartado c\u00f3mo es a partir de 2023):<\/strong><\/p>\n\n\n\n<figure class=\"wp-block-table is-style-stripes\"><table><tbody><tr><td>A\u00f1os acumulados<\/td><td>D\u00edas vacaciones<\/td><\/tr><tr><td>1<\/td><td>6<\/td><\/tr><tr><td>2<\/td><td>8<\/td><\/tr><tr><td>3<\/td><td>10<\/td><\/tr><tr><td>4<\/td><td>12<\/td><\/tr><tr><td>De 5 a 9<\/td><td>14<\/td><\/tr><tr><td>De 10 a 14<\/td><td>16<\/td><\/tr><tr><td>De 15 a 19<\/td><td>18<\/td><\/tr><tr><td>De 20 a 24<\/td><td>20<\/td><\/tr><tr><td>De 25 a 29<\/td><td>22<\/td><\/tr><tr><td>De 30 a 34<\/td><td>24<\/td><\/tr><tr><td>De 34 a 39<\/td><td>26<\/td><\/tr><\/tbody><\/table><\/figure>\n\n\n\n<p>Como puedes ver en la tabla de d\u00edas de vacaciones, durante los <strong>primeros 4 a\u00f1os se acumulaban 2 d\u00edas por a\u00f1o trabajado<\/strong>. A partir de aqu\u00ed, se iban acumulando <strong>dos d\u00edas adicionales cada 5 a\u00f1os<\/strong>. Esta norma se manten\u00eda hasta acumular 34 a\u00f1os de vida laboral, momento en el que los trabajadores pod\u00edan optar a al m\u00e1ximo de d\u00edas indicados por ley: <strong>26 d\u00edas<\/strong> de vacaciones pagadas.<\/p>\n\n\n\n<p>Adem\u00e1s, cabe recordar que la ley exig\u00eda que los empleados deben <strong>disfrutar de al menos 6 d\u00edas de vacaciones seguidos al a\u00f1o<\/strong>. Esto, a la hora de la verdad, no sol\u00eda llevarse a cabo, al menos durante los primeros a\u00f1os. Al solo disponer de 6 u 8 d\u00edas de vacaciones, los trabajadores prefer\u00edan distribuirlos de manera equitativa a lo largo del a\u00f1o.<\/p>\n\n\n\n<p>Por otro lado, a los d\u00edas de vacaciones pagados que se derivan de la tabla de vacaciones por a\u00f1o, el empleador tiene que sumarle, en su caso, los d\u00edas de <strong>permisos retribuidos<\/strong>, as\u00ed como aquellos <strong>otros d\u00edas no laborables<\/strong> en los que el empleado, por ley, tenga derecho a descansar.<\/p>\n\n\n\n<p>Tambi\u00e9n se debe tener en cuenta lo que se denomina la <strong><a href=\"\/blog\/prima-vacacional\/\" target=\"_blank\" rel=\"noreferrer noopener\" data-wpel-link=\"internal\">prima vacacional<\/a>,<\/strong> la cual, por defecto, debe representar el <strong>25 % del salario del trabajador<\/strong>. En la pr\u00e1ctica, algunas empresas aumentan este porcentaje como parte de su estrategia para captar y retener talento y aumentar la satisfacci\u00f3n del trabajador.<\/p>\n\n\n\n<bzn-info><a href=\"\/blog\/como-se-calculan-las-vacaciones\/\" id=\"destacado-post\" target=\"_blank\" rel=\"noopener noreferrer\" data-wpel-link=\"internal\"><span class=\"bzn-link-title\"><strong>C\u00f3mo calcular las vacaciones en una empresa: gu\u00eda pr\u00e1ctica<\/strong><\/span> <br>Analizamos c\u00f3mo se calculan las vacaciones no disfrutadas en diversos escenarios<\/br><\/a><\/bzn-info>\n\n\n\n<p><\/p>\n\n\n\n<h3 class=\"wp-block-heading\">Reforma Laboral en M\u00e9xico: cambios en la tabla de vacaciones<\/h3>\n\n\n\n<p>La <strong>reforma de Ley Federal de Trabajo en M\u00e9xico para aumentar los d\u00edas de vacaciones<\/strong> al a\u00f1o ha entrado en vigor el 1 de enero de 2023. M\u00e9xico es hasta el momento el pa\u00eds con menos vacaciones de la OCDE, seguido de Honduras (10) y Paraguay (12). Esto podr\u00eda cambiar muy pronto.<\/p>\n\n\n\n<p>La reforma del art\u00edculo 76 y 78 de la LFT mejorar\u00eda las condiciones laborales de todos los empleados mexicanos, doblando sus d\u00edas de vacaciones disponibles desde el primer a\u00f1o. Esto quiere decir que incluso las personas que reci\u00e9n empiezan a trabajar, dispondr\u00edas de <strong>12 d\u00edas al a\u00f1o de vacaciones pagadas.<\/strong><\/p>\n\n\n\n<p>La cantidad de d\u00edas libres seguir\u00e1 aument\u00e1ndose a raz\u00f3n de dos d\u00edas por a\u00f1o durante los primeros 5 a\u00f1os. Tras este primer periodo, la futura tabla de vacaciones funcionar\u00eda de la misma forma que la actual. Se aumentar\u00e1 <strong>2 d\u00edas cada 5 a\u00f1os, hasta llegar a los 30 d\u00edas como m\u00e1ximo<\/strong>. La reforma fue aprobada por el Senado el 27 de septiembre de 2022 y entra en vigor<strong> a partir del 1 de enero de 2023<\/strong>.<\/p>\n\n\n\n<figure class=\"wp-block-table is-style-stripes\"><table><tbody><tr><td>A\u00f1os acumulados 2023<\/td><td>D\u00edas vacaciones 2023<\/td><\/tr><tr><td>1<\/td><td>12<\/td><\/tr><tr><td>2<\/td><td>14<\/td><\/tr><tr><td>3<\/td><td>16<\/td><\/tr><tr><td>4<\/td><td>18<\/td><\/tr><tr><td>5<\/td><td>20<\/td><\/tr><tr><td>De 6 a 10<\/td><td>22<\/td><\/tr><tr><td>De 11 a 15<\/td><td>24<\/td><\/tr><tr><td>De 16 a 20<\/td><td>26<\/td><\/tr><tr><td>De 21 a 25<\/td><td>28<\/td><\/tr><tr><td>De 26 a 30<\/td><td>30<\/td><\/tr><\/tbody><\/table><\/figure>\n\n\n\n<bzn-info><a href=\"\/blog\/control-de-vacaciones\/\" id=\"destacado-post\" target=\"_blank\" rel=\"noopener noreferrer\" data-wpel-link=\"internal\"><span class=\"bzn-link-title\"><strong>C\u00d3MO LLEVAR UN CONTROL EFECTIVO DE LAS VACACIONES<\/strong><\/span> <br>Descubre las claves para gestionar una pol\u00edtica vacacional flexible.<\/br><\/a><\/bzn-info>\n\n\n\n<p><\/p>\n\n\n\n<h2 class=\"wp-block-heading\">\u00bfEs efectiva la tabla para calcular vacaciones?<\/h2>\n\n\n\n<p>Te\u00f3ricamente, aplicar estas sencillas normas permite los empleados y al departamento de <a href=\"https:\/\/www.bizneo.com\/blog\/recursos-humanos-funciones\/\" data-wpel-link=\"internal\" target=\"_blank\">Recursos Humanos<\/a> <strong>calcular f\u00e1cilmente el n\u00famero de d\u00edas de vacaciones<\/strong> que corresponden a cada trabajador. Pero esto <strong>no es as\u00ed cuando lo llevamos a la pr\u00e1ctica,<\/strong> al menos, para empresas que ya disponen de un buen n\u00famero de empleados.<\/p>\n\n\n\n<p>La tabla de vacaciones es una herramienta \u00fatil, pero no muy eficaz para calcular con exactitud los d\u00edas de vacaciones de cada trabajador, igual que pasa con una plantilla en Excel. Es dif\u00edcil <strong>calcular los a\u00f1os trabajados de todos los empleados, as\u00ed como cuantos d\u00edas se han consumido<\/strong> o <strong><a href=\"https:\/\/www.bizneo.com\/blog\/organizar-vacaciones-empleados\/\" data-wpel-link=\"internal\" target=\"_blank\">c\u00f3mo organizar las vacaciones de toda una plantilla<\/a><\/strong> para que estas no afecten a la productividad de la empresa. <\/p>\n\n\n\n<p>Por tanto, <strong>NO son opciones efectivas<\/strong>. Aqu\u00ed la soluci\u00f3n es contar con una soluci\u00f3n tecnol\u00f3gica:<\/p>\n\n\n\n<h3 class=\"wp-block-heading\">Contar con la tecnolog\u00eda, la mejor forma de automatizar el c\u00e1lculo de tabla de vacaciones<\/h3>\n\n\n\n<p>Lo cierto es que la mejor manera de calcular las vacaciones de tus trabajadores es <strong>automatizar este proceso con un<a href=\"https:\/\/www.bizneo.com\/gestor-vacaciones\/\" target=\"_blank\" rel=\"noreferrer noopener\" data-wpel-link=\"internal\"> software de control de vacaciones y ausencias<\/a><\/strong>. En primer lugar, el software te permitir\u00e1 <strong>calcular con exactitud los a\u00f1os trabajados por cada empleado<\/strong> y el n\u00famero de d\u00edas de vacaciones a los que tiene derecho, sin margen de error y sin necesidad de actualizar manualmente los datos.<\/p>\n\n\n\n<figure class=\"wp-block-image size-full\"><a href=\"\/gestor-vacaciones\/\" target=\"_blank\" rel=\"noreferrer noopener\" data-wpel-link=\"internal\"><img decoding=\"async\" width=\"1500\" height=\"1089\" src=\"https:\/\/www.bizneo.com\/blog\/wp-content\/uploads\/2020\/12\/Calendario-de-vacaciones-de-tu-empresa.webp\" alt=\"Autogesti\u00f3n de vacaciones para empleados\" class=\"wp-image-18378\" srcset=\"https:\/\/www.bizneo.com\/blog\/wp-content\/uploads\/2020\/12\/Calendario-de-vacaciones-de-tu-empresa.webp 1500w, https:\/\/www.bizneo.com\/blog\/wp-content\/uploads\/2020\/12\/Calendario-de-vacaciones-de-tu-empresa-300x218.webp 300w, https:\/\/www.bizneo.com\/blog\/wp-content\/uploads\/2020\/12\/Calendario-de-vacaciones-de-tu-empresa-1024x743.webp 1024w, https:\/\/www.bizneo.com\/blog\/wp-content\/uploads\/2020\/12\/Calendario-de-vacaciones-de-tu-empresa-768x558.webp 768w, https:\/\/www.bizneo.com\/blog\/wp-content\/uploads\/2020\/12\/Calendario-de-vacaciones-de-tu-empresa-810x588.webp 810w, https:\/\/www.bizneo.com\/blog\/wp-content\/uploads\/2020\/12\/Calendario-de-vacaciones-de-tu-empresa-1140x828.webp 1140w\" sizes=\"(max-width: 1500px) 100vw, 1500px\" \/><\/a><\/figure>\n\n\n\n<p>En segundo lugar, es posible <strong>organizar con facilidad las vacaciones de todos tus empleados para evitar problemas de productividad en la empresa<\/strong>. El departamento de RR. HH tiene los datos de toda la plantilla en un mismo lugar, por lo que antes de aprobar cualquier<a href=\"\/blog\/todo-lo-que-necesitas-saber-sobre-la-solicitud-de-vacaciones-laborales\/\" target=\"_blank\" rel=\"noreferrer noopener\" data-wpel-link=\"internal\"> solicitud de vacaciones<\/a>, podr\u00e1n comprobar la viabilidad de estas, as\u00ed como organizarlas de forma m\u00e1s efectiva a lo largo del a\u00f1o. <\/p>\n\n\n\n<figure class=\"wp-block-image size-full\"><a href=\"\/gestor-vacaciones\/\" target=\"_blank\" rel=\"noreferrer noopener\" data-wpel-link=\"internal\"><img decoding=\"async\" width=\"1500\" height=\"1108\" src=\"https:\/\/www.bizneo.com\/blog\/wp-content\/uploads\/2020\/11\/Cuadrante-de-vacaciones-de-empleados.webp\" alt=\"Cuadrante de vacaciones\" class=\"wp-image-17979\" srcset=\"https:\/\/www.bizneo.com\/blog\/wp-content\/uploads\/2020\/11\/Cuadrante-de-vacaciones-de-empleados.webp 1500w, https:\/\/www.bizneo.com\/blog\/wp-content\/uploads\/2020\/11\/Cuadrante-de-vacaciones-de-empleados-300x222.webp 300w, https:\/\/www.bizneo.com\/blog\/wp-content\/uploads\/2020\/11\/Cuadrante-de-vacaciones-de-empleados-1024x756.webp 1024w, https:\/\/www.bizneo.com\/blog\/wp-content\/uploads\/2020\/11\/Cuadrante-de-vacaciones-de-empleados-768x567.webp 768w, https:\/\/www.bizneo.com\/blog\/wp-content\/uploads\/2020\/11\/Cuadrante-de-vacaciones-de-empleados-810x598.webp 810w, https:\/\/www.bizneo.com\/blog\/wp-content\/uploads\/2020\/11\/Cuadrante-de-vacaciones-de-empleados-1140x842.webp 1140w\" sizes=\"(max-width: 1500px) 100vw, 1500px\" \/><\/a><\/figure>\n\n\n\n<p>Asimismo, la <strong>solicitud y aprobaci\u00f3n de vacaciones por parte de los empleados &#8211; m\u00e1nagers es tambi\u00e9n sencilla<\/strong>, ya que pueden realizarla desde el portal en cualquier dispositivo y en tiempo real, y con avisos y recordatorios gracias a los <a href=\"https:\/\/www.bizneo.com\/blog\/workflow-recursos-humanos\/\" data-wpel-link=\"internal\" target=\"_blank\">workflows<\/a>&#8230; Esto facilita la comunicaci\u00f3n entre las diferentes partes y aumenta la efectividad del proceso.<\/p>\n\n\n\n<figure class=\"wp-block-image size-full\"><a href=\"\/gestor-vacaciones\/\" target=\"_blank\" rel=\"noreferrer noopener\" data-wpel-link=\"internal\"><img decoding=\"async\" width=\"1690\" height=\"1077\" src=\"https:\/\/www.bizneo.com\/blog\/wp-content\/uploads\/2020\/12\/app-de-vacaciones-de-empleados.webp\" alt=\"app de vacaciones de empleados\" class=\"wp-image-18377\" srcset=\"https:\/\/www.bizneo.com\/blog\/wp-content\/uploads\/2020\/12\/app-de-vacaciones-de-empleados.webp 1690w, https:\/\/www.bizneo.com\/blog\/wp-content\/uploads\/2020\/12\/app-de-vacaciones-de-empleados-300x191.webp 300w, https:\/\/www.bizneo.com\/blog\/wp-content\/uploads\/2020\/12\/app-de-vacaciones-de-empleados-1024x653.webp 1024w, https:\/\/www.bizneo.com\/blog\/wp-content\/uploads\/2020\/12\/app-de-vacaciones-de-empleados-768x489.webp 768w, https:\/\/www.bizneo.com\/blog\/wp-content\/uploads\/2020\/12\/app-de-vacaciones-de-empleados-1536x979.webp 1536w, https:\/\/www.bizneo.com\/blog\/wp-content\/uploads\/2020\/12\/app-de-vacaciones-de-empleados-810x516.webp 810w, https:\/\/www.bizneo.com\/blog\/wp-content\/uploads\/2020\/12\/app-de-vacaciones-de-empleados-1140x726.webp 1140w\" sizes=\"(max-width: 1690px) 100vw, 1690px\" \/><\/a><\/figure>\n\n\n\n<p>Por otro lado, aunque esta tabla de vacaciones es la norma actual, esta puede ser sometida a una revisi\u00f3n en cualquier momento, tal y como parece que va a suceder. Cuando esto suceda, el <strong>software se actualizar\u00e1 autom\u00e1ticamente<\/strong>, sin que esto suponga modificar todos los datos de todos nuestros empleados, algo que s\u00ed pasar\u00eda si trabajamos con una plantilla de Excel.<\/p>\n\n\n\n<figure class=\"wp-block-image size-full size-large\"><a href=\"\/gestor-vacaciones\/\" target=\"_blank\" rel=\"noreferrer noopener\" data-wpel-link=\"internal\"><img decoding=\"async\" width=\"1360\" height=\"408\" src=\"https:\/\/www.bizneo.com\/blog\/wp-content\/uploads\/2021\/01\/Banner-grande-software-vacaciones-ausencias.jpg\" alt=\"software de vacaciones empleados\" class=\"wp-image-19092\" srcset=\"https:\/\/www.bizneo.com\/blog\/wp-content\/uploads\/2021\/01\/Banner-grande-software-vacaciones-ausencias.jpg 1360w, https:\/\/www.bizneo.com\/blog\/wp-content\/uploads\/2021\/01\/Banner-grande-software-vacaciones-ausencias-300x90.jpg 300w, https:\/\/www.bizneo.com\/blog\/wp-content\/uploads\/2021\/01\/Banner-grande-software-vacaciones-ausencias-1024x307.jpg 1024w, https:\/\/www.bizneo.com\/blog\/wp-content\/uploads\/2021\/01\/Banner-grande-software-vacaciones-ausencias-768x230.jpg 768w, https:\/\/www.bizneo.com\/blog\/wp-content\/uploads\/2021\/01\/Banner-grande-software-vacaciones-ausencias-810x243.jpg 810w, https:\/\/www.bizneo.com\/blog\/wp-content\/uploads\/2021\/01\/Banner-grande-software-vacaciones-ausencias-1140x342.jpg 1140w\" sizes=\"(max-width: 1360px) 100vw, 1360px\" \/><\/a><\/figure>\n","protected":false},"excerpt":{"rendered":"<p>La tabla de vacaciones se emplea en M\u00e9xico para calcular los d\u00edas libres que dispone cada trabajador anualmente. \u00bfPero son realmente efectivas a lo hora de gestionar las vacaciones de una plantilla?<\/p>\n","protected":false},"author":19,"featured_media":39736,"comment_status":"open","ping_status":"open","sticky":false,"template":"","format":"standard","meta":{"_uag_custom_page_level_css":"","site-sidebar-layout":"default","site-content-layout":"","ast-site-content-layout":"default","site-content-style":"default","site-sidebar-style":"default","ast-global-header-display":"","ast-banner-title-visibility":"","ast-main-header-display":"","ast-hfb-above-header-display":"","ast-hfb-below-header-display":"","ast-hfb-mobile-header-display":"","site-post-title":"","ast-breadcrumbs-content":"","ast-featured-img":"","footer-sml-layout":"","ast-disable-related-posts":"","theme-transparent-header-meta":"","adv-header-id-meta":"","stick-header-meta":"","header-above-stick-meta":"","header-main-stick-meta":"","header-below-stick-meta":"","astra-migrate-meta-layouts":"default","ast-page-background-enabled":"default","ast-page-background-meta":{"desktop":{"background-color":"var(--ast-global-color-5)","background-image":"","background-repeat":"repeat","background-position":"center center","background-size":"auto","background-attachment":"scroll","background-type":"","background-media":"","overlay-type":"","overlay-color":"","overlay-opacity":"","overlay-gradient":""},"tablet":{"background-color":"","background-image":"","background-repeat":"repeat","background-position":"center center","background-size":"auto","background-attachment":"scroll","background-type":"","background-media":"","overlay-type":"","overlay-color":"","overlay-opacity":"","overlay-gradient":""},"mobile":{"background-color":"","background-image":"","background-repeat":"repeat","background-position":"center center","background-size":"auto","background-attachment":"scroll","background-type":"","background-media":"","overlay-type":"","overlay-color":"","overlay-opacity":"","overlay-gradient":""}},"ast-content-background-meta":{"desktop":{"background-color":"var(--ast-global-color-4)","background-image":"","background-repeat":"repeat","background-position":"center center","background-size":"auto","background-attachment":"scroll","background-type":"","background-media":"","overlay-type":"","overlay-color":"","overlay-opacity":"","overlay-gradient":""},"tablet":{"background-color":"var(--ast-global-color-4)","background-image":"","background-repeat":"repeat","background-position":"center center","background-size":"auto","background-attachment":"scroll","background-type":"","background-media":"","overlay-type":"","overlay-color":"","overlay-opacity":"","overlay-gradient":""},"mobile":{"background-color":"var(--ast-global-color-4)","background-image":"","background-repeat":"repeat","background-position":"center center","background-size":"auto","background-attachment":"scroll","background-type":"","background-media":"","overlay-type":"","overlay-color":"","overlay-opacity":"","overlay-gradient":""}},"footnotes":""},"categories":[90],"tags":[],"class_list":["post-36465","post","type-post","status-publish","format-standard","has-post-thumbnail","hentry","category-gestion-de-vacaciones"],"yoast_head":"<!-- This site is optimized with the Yoast SEO plugin v27.5 - https:\/\/yoast.com\/product\/yoast-seo-wordpress\/ -->\n<title>Tabla de vacaciones en M\u00e9xico | Calcula tus d\u00edas libres<\/title>\n<meta name=\"description\" content=\"La tabla de vacaciones se emplea en M\u00e9xico para calcular los d\u00edas libres de cada trabajador anualmente. Usa una alternativa + eficiente.\" \/>\n<meta name=\"robots\" content=\"index, follow, max-snippet:-1, max-image-preview:large, max-video-preview:-1\" \/>\n<meta property=\"og:locale\" content=\"es_ES\" \/>\n<meta property=\"og:type\" content=\"article\" \/>\n<meta property=\"og:title\" content=\"Tabla de vacaciones en M\u00e9xico | Calcula tus d\u00edas libres\" \/>\n<meta property=\"og:description\" content=\"La tabla de vacaciones se emplea en M\u00e9xico para calcular los d\u00edas libres de cada trabajador anualmente. Usa una alternativa + eficiente.\" \/>\n<meta property=\"og:url\" content=\"https:\/\/www.bizneo.com\/blog\/tabla-de-vacaciones\/\" \/>\n<meta property=\"og:site_name\" content=\"Blog de Recursos Humanos de Bizneo HR: pr\u00e1ctico y actual\" \/>\n<meta property=\"article:published_time\" content=\"2023-03-29T10:45:09+00:00\" \/>\n<meta property=\"article:modified_time\" content=\"2026-01-29T14:53:15+00:00\" \/>\n<meta property=\"og:image\" content=\"https:\/\/www.bizneo.com\/blog\/wp-content\/uploads\/2023\/03\/tabla-de-vacaciones.jpg\" \/>\n\t<meta property=\"og:image:width\" content=\"1140\" \/>\n\t<meta property=\"og:image:height\" content=\"640\" \/>\n\t<meta property=\"og:image:type\" content=\"image\/jpeg\" \/>\n<meta name=\"author\" content=\"Manuel\" \/>\n<meta name=\"twitter:card\" content=\"summary_large_image\" \/>\n<meta name=\"twitter:label1\" content=\"Escrito por\" \/>\n\t<meta name=\"twitter:data1\" content=\"Manuel\" \/>\n\t<meta name=\"twitter:label2\" content=\"Tiempo de lectura\" \/>\n\t<meta name=\"twitter:data2\" content=\"8 minutos\" \/>\n<script type=\"application\/ld+json\" class=\"yoast-schema-graph\">{\"@context\":\"https:\\\/\\\/schema.org\",\"@graph\":[{\"@type\":[\"Article\",\"BlogPosting\"],\"@id\":\"https:\\\/\\\/www.bizneo.com\\\/blog\\\/tabla-de-vacaciones\\\/#article\",\"isPartOf\":{\"@id\":\"https:\\\/\\\/www.bizneo.com\\\/blog\\\/tabla-de-vacaciones\\\/\"},\"author\":{\"name\":\"Manuel\",\"@id\":\"https:\\\/\\\/www.bizneo.com\\\/blog\\\/#\\\/schema\\\/person\\\/c214ed4e57467dc66e9ad00ef27ff74e\"},\"headline\":\"Tabla de vacaciones en M\u00e9xico | Calcula tus d\u00edas libres\",\"datePublished\":\"2023-03-29T10:45:09+00:00\",\"dateModified\":\"2026-01-29T14:53:15+00:00\",\"mainEntityOfPage\":{\"@id\":\"https:\\\/\\\/www.bizneo.com\\\/blog\\\/tabla-de-vacaciones\\\/\"},\"wordCount\":1532,\"commentCount\":8,\"publisher\":{\"@id\":\"https:\\\/\\\/www.bizneo.com\\\/blog\\\/#organization\"},\"image\":{\"@id\":\"https:\\\/\\\/www.bizneo.com\\\/blog\\\/tabla-de-vacaciones\\\/#primaryimage\"},\"thumbnailUrl\":\"https:\\\/\\\/www.bizneo.com\\\/blog\\\/wp-content\\\/uploads\\\/2023\\\/03\\\/tabla-de-vacaciones.jpg\",\"articleSection\":[\"Gesti\u00f3n de Vacaciones\"],\"inLanguage\":\"es\",\"potentialAction\":[{\"@type\":\"CommentAction\",\"name\":\"Comment\",\"target\":[\"https:\\\/\\\/www.bizneo.com\\\/blog\\\/tabla-de-vacaciones\\\/#respond\"]}]},{\"@type\":\"WebPage\",\"@id\":\"https:\\\/\\\/www.bizneo.com\\\/blog\\\/tabla-de-vacaciones\\\/\",\"url\":\"https:\\\/\\\/www.bizneo.com\\\/blog\\\/tabla-de-vacaciones\\\/\",\"name\":\"Tabla de vacaciones en M\u00e9xico | Calcula tus d\u00edas libres\",\"isPartOf\":{\"@id\":\"https:\\\/\\\/www.bizneo.com\\\/blog\\\/#website\"},\"primaryImageOfPage\":{\"@id\":\"https:\\\/\\\/www.bizneo.com\\\/blog\\\/tabla-de-vacaciones\\\/#primaryimage\"},\"image\":{\"@id\":\"https:\\\/\\\/www.bizneo.com\\\/blog\\\/tabla-de-vacaciones\\\/#primaryimage\"},\"thumbnailUrl\":\"https:\\\/\\\/www.bizneo.com\\\/blog\\\/wp-content\\\/uploads\\\/2023\\\/03\\\/tabla-de-vacaciones.jpg\",\"datePublished\":\"2023-03-29T10:45:09+00:00\",\"dateModified\":\"2026-01-29T14:53:15+00:00\",\"description\":\"La tabla de vacaciones se emplea en M\u00e9xico para calcular los d\u00edas libres de cada trabajador anualmente. Usa una alternativa + eficiente.\",\"breadcrumb\":{\"@id\":\"https:\\\/\\\/www.bizneo.com\\\/blog\\\/tabla-de-vacaciones\\\/#breadcrumb\"},\"inLanguage\":\"es\",\"potentialAction\":[{\"@type\":\"ReadAction\",\"target\":[\"https:\\\/\\\/www.bizneo.com\\\/blog\\\/tabla-de-vacaciones\\\/\"]}]},{\"@type\":\"ImageObject\",\"inLanguage\":\"es\",\"@id\":\"https:\\\/\\\/www.bizneo.com\\\/blog\\\/tabla-de-vacaciones\\\/#primaryimage\",\"url\":\"https:\\\/\\\/www.bizneo.com\\\/blog\\\/wp-content\\\/uploads\\\/2023\\\/03\\\/tabla-de-vacaciones.jpg\",\"contentUrl\":\"https:\\\/\\\/www.bizneo.com\\\/blog\\\/wp-content\\\/uploads\\\/2023\\\/03\\\/tabla-de-vacaciones.jpg\",\"width\":1140,\"height\":640,\"caption\":\"tabla de vacaciones\"},{\"@type\":\"BreadcrumbList\",\"@id\":\"https:\\\/\\\/www.bizneo.com\\\/blog\\\/tabla-de-vacaciones\\\/#breadcrumb\",\"itemListElement\":[{\"@type\":\"ListItem\",\"position\":1,\"name\":\"Portada\",\"item\":\"https:\\\/\\\/www.bizneo.com\\\/blog\\\/\"},{\"@type\":\"ListItem\",\"position\":2,\"name\":\"Gesti\u00f3n del Tiempo\",\"item\":\"https:\\\/\\\/www.bizneo.com\\\/blog\\\/category\\\/gestion-del-tiempo\\\/\"},{\"@type\":\"ListItem\",\"position\":3,\"name\":\"Gesti\u00f3n de Vacaciones\",\"item\":\"https:\\\/\\\/www.bizneo.com\\\/blog\\\/category\\\/gestion-del-tiempo\\\/gestion-de-vacaciones\\\/\"},{\"@type\":\"ListItem\",\"position\":4,\"name\":\"Tabla de vacaciones en M\u00e9xico | Calcula tus d\u00edas libres\"}]},{\"@type\":\"WebSite\",\"@id\":\"https:\\\/\\\/www.bizneo.com\\\/blog\\\/#website\",\"url\":\"https:\\\/\\\/www.bizneo.com\\\/blog\\\/\",\"name\":\"Blog de Recursos Humanos de Bizneo HR: pr\u00e1ctico y actual\",\"description\":\"Todo sobre actualidad, herramientas y tecnolog\u00eda  para optimizar la gesti\u00f3n del talento humano\",\"publisher\":{\"@id\":\"https:\\\/\\\/www.bizneo.com\\\/blog\\\/#organization\"},\"potentialAction\":[{\"@type\":\"SearchAction\",\"target\":{\"@type\":\"EntryPoint\",\"urlTemplate\":\"https:\\\/\\\/www.bizneo.com\\\/blog\\\/?s={search_term_string}\"},\"query-input\":{\"@type\":\"PropertyValueSpecification\",\"valueRequired\":true,\"valueName\":\"search_term_string\"}}],\"inLanguage\":\"es\"},{\"@type\":\"Organization\",\"@id\":\"https:\\\/\\\/www.bizneo.com\\\/blog\\\/#organization\",\"name\":\"Bizneo HR\",\"url\":\"https:\\\/\\\/www.bizneo.com\\\/blog\\\/\",\"logo\":{\"@type\":\"ImageObject\",\"inLanguage\":\"es\",\"@id\":\"https:\\\/\\\/www.bizneo.com\\\/blog\\\/#\\\/schema\\\/logo\\\/image\\\/\",\"url\":\"https:\\\/\\\/www.bizneo.com\\\/blog\\\/wp-content\\\/uploads\\\/2020\\\/09\\\/Icono-Logo-Bizneo-HR.png\",\"contentUrl\":\"https:\\\/\\\/www.bizneo.com\\\/blog\\\/wp-content\\\/uploads\\\/2020\\\/09\\\/Icono-Logo-Bizneo-HR.png\",\"width\":834,\"height\":834,\"caption\":\"Bizneo HR\"},\"image\":{\"@id\":\"https:\\\/\\\/www.bizneo.com\\\/blog\\\/#\\\/schema\\\/logo\\\/image\\\/\"}},{\"@type\":\"Person\",\"@id\":\"https:\\\/\\\/www.bizneo.com\\\/blog\\\/#\\\/schema\\\/person\\\/c214ed4e57467dc66e9ad00ef27ff74e\",\"name\":\"Manuel\",\"image\":{\"@type\":\"ImageObject\",\"inLanguage\":\"es\",\"@id\":\"https:\\\/\\\/secure.gravatar.com\\\/avatar\\\/22bbee4d392ae2a2b505779bfca638dc9fa78ae739ef1b72ea1d6b7ed752fcb2?s=96&d=mm&r=g\",\"url\":\"https:\\\/\\\/secure.gravatar.com\\\/avatar\\\/22bbee4d392ae2a2b505779bfca638dc9fa78ae739ef1b72ea1d6b7ed752fcb2?s=96&d=mm&r=g\",\"contentUrl\":\"https:\\\/\\\/secure.gravatar.com\\\/avatar\\\/22bbee4d392ae2a2b505779bfca638dc9fa78ae739ef1b72ea1d6b7ed752fcb2?s=96&d=mm&r=g\",\"caption\":\"Manuel\"},\"sameAs\":[\"https:\\\/\\\/www.linkedin.com\\\/in\\\/manuel-martin-redactor-seo\\\/\"],\"url\":\"https:\\\/\\\/www.bizneo.com\\\/blog\\\/author\\\/manuel\\\/\"}]}<\/script>\n<!-- \/ Yoast SEO plugin. -->","yoast_head_json":{"title":"Tabla de vacaciones en M\u00e9xico | Calcula tus d\u00edas libres","description":"La tabla de vacaciones se emplea en M\u00e9xico para calcular los d\u00edas libres de cada trabajador anualmente. Usa una alternativa + eficiente.","robots":{"index":"index","follow":"follow","max-snippet":"max-snippet:-1","max-image-preview":"max-image-preview:large","max-video-preview":"max-video-preview:-1"},"og_locale":"es_ES","og_type":"article","og_title":"Tabla de vacaciones en M\u00e9xico | Calcula tus d\u00edas libres","og_description":"La tabla de vacaciones se emplea en M\u00e9xico para calcular los d\u00edas libres de cada trabajador anualmente. Usa una alternativa + eficiente.","og_url":"https:\/\/www.bizneo.com\/blog\/tabla-de-vacaciones\/","og_site_name":"Blog de Recursos Humanos de Bizneo HR: pr\u00e1ctico y actual","article_published_time":"2023-03-29T10:45:09+00:00","article_modified_time":"2026-01-29T14:53:15+00:00","og_image":[{"width":1140,"height":640,"url":"https:\/\/www.bizneo.com\/blog\/wp-content\/uploads\/2023\/03\/tabla-de-vacaciones.jpg","type":"image\/jpeg"}],"author":"Manuel","twitter_card":"summary_large_image","twitter_misc":{"Escrito por":"Manuel","Tiempo de lectura":"8 minutos"},"schema":{"@context":"https:\/\/schema.org","@graph":[{"@type":["Article","BlogPosting"],"@id":"https:\/\/www.bizneo.com\/blog\/tabla-de-vacaciones\/#article","isPartOf":{"@id":"https:\/\/www.bizneo.com\/blog\/tabla-de-vacaciones\/"},"author":{"name":"Manuel","@id":"https:\/\/www.bizneo.com\/blog\/#\/schema\/person\/c214ed4e57467dc66e9ad00ef27ff74e"},"headline":"Tabla de vacaciones en M\u00e9xico | Calcula tus d\u00edas libres","datePublished":"2023-03-29T10:45:09+00:00","dateModified":"2026-01-29T14:53:15+00:00","mainEntityOfPage":{"@id":"https:\/\/www.bizneo.com\/blog\/tabla-de-vacaciones\/"},"wordCount":1532,"commentCount":8,"publisher":{"@id":"https:\/\/www.bizneo.com\/blog\/#organization"},"image":{"@id":"https:\/\/www.bizneo.com\/blog\/tabla-de-vacaciones\/#primaryimage"},"thumbnailUrl":"https:\/\/www.bizneo.com\/blog\/wp-content\/uploads\/2023\/03\/tabla-de-vacaciones.jpg","articleSection":["Gesti\u00f3n de Vacaciones"],"inLanguage":"es","potentialAction":[{"@type":"CommentAction","name":"Comment","target":["https:\/\/www.bizneo.com\/blog\/tabla-de-vacaciones\/#respond"]}]},{"@type":"WebPage","@id":"https:\/\/www.bizneo.com\/blog\/tabla-de-vacaciones\/","url":"https:\/\/www.bizneo.com\/blog\/tabla-de-vacaciones\/","name":"Tabla de vacaciones en M\u00e9xico | Calcula tus d\u00edas libres","isPartOf":{"@id":"https:\/\/www.bizneo.com\/blog\/#website"},"primaryImageOfPage":{"@id":"https:\/\/www.bizneo.com\/blog\/tabla-de-vacaciones\/#primaryimage"},"image":{"@id":"https:\/\/www.bizneo.com\/blog\/tabla-de-vacaciones\/#primaryimage"},"thumbnailUrl":"https:\/\/www.bizneo.com\/blog\/wp-content\/uploads\/2023\/03\/tabla-de-vacaciones.jpg","datePublished":"2023-03-29T10:45:09+00:00","dateModified":"2026-01-29T14:53:15+00:00","description":"La tabla de vacaciones se emplea en M\u00e9xico para calcular los d\u00edas libres de cada trabajador anualmente. Usa una alternativa + eficiente.","breadcrumb":{"@id":"https:\/\/www.bizneo.com\/blog\/tabla-de-vacaciones\/#breadcrumb"},"inLanguage":"es","potentialAction":[{"@type":"ReadAction","target":["https:\/\/www.bizneo.com\/blog\/tabla-de-vacaciones\/"]}]},{"@type":"ImageObject","inLanguage":"es","@id":"https:\/\/www.bizneo.com\/blog\/tabla-de-vacaciones\/#primaryimage","url":"https:\/\/www.bizneo.com\/blog\/wp-content\/uploads\/2023\/03\/tabla-de-vacaciones.jpg","contentUrl":"https:\/\/www.bizneo.com\/blog\/wp-content\/uploads\/2023\/03\/tabla-de-vacaciones.jpg","width":1140,"height":640,"caption":"tabla de vacaciones"},{"@type":"BreadcrumbList","@id":"https:\/\/www.bizneo.com\/blog\/tabla-de-vacaciones\/#breadcrumb","itemListElement":[{"@type":"ListItem","position":1,"name":"Portada","item":"https:\/\/www.bizneo.com\/blog\/"},{"@type":"ListItem","position":2,"name":"Gesti\u00f3n del Tiempo","item":"https:\/\/www.bizneo.com\/blog\/category\/gestion-del-tiempo\/"},{"@type":"ListItem","position":3,"name":"Gesti\u00f3n de Vacaciones","item":"https:\/\/www.bizneo.com\/blog\/category\/gestion-del-tiempo\/gestion-de-vacaciones\/"},{"@type":"ListItem","position":4,"name":"Tabla de vacaciones en M\u00e9xico | Calcula tus d\u00edas libres"}]},{"@type":"WebSite","@id":"https:\/\/www.bizneo.com\/blog\/#website","url":"https:\/\/www.bizneo.com\/blog\/","name":"Blog de Recursos Humanos de Bizneo HR: pr\u00e1ctico y actual","description":"Todo sobre actualidad, herramientas y tecnolog\u00eda  para optimizar la gesti\u00f3n del talento humano","publisher":{"@id":"https:\/\/www.bizneo.com\/blog\/#organization"},"potentialAction":[{"@type":"SearchAction","target":{"@type":"EntryPoint","urlTemplate":"https:\/\/www.bizneo.com\/blog\/?s={search_term_string}"},"query-input":{"@type":"PropertyValueSpecification","valueRequired":true,"valueName":"search_term_string"}}],"inLanguage":"es"},{"@type":"Organization","@id":"https:\/\/www.bizneo.com\/blog\/#organization","name":"Bizneo HR","url":"https:\/\/www.bizneo.com\/blog\/","logo":{"@type":"ImageObject","inLanguage":"es","@id":"https:\/\/www.bizneo.com\/blog\/#\/schema\/logo\/image\/","url":"https:\/\/www.bizneo.com\/blog\/wp-content\/uploads\/2020\/09\/Icono-Logo-Bizneo-HR.png","contentUrl":"https:\/\/www.bizneo.com\/blog\/wp-content\/uploads\/2020\/09\/Icono-Logo-Bizneo-HR.png","width":834,"height":834,"caption":"Bizneo HR"},"image":{"@id":"https:\/\/www.bizneo.com\/blog\/#\/schema\/logo\/image\/"}},{"@type":"Person","@id":"https:\/\/www.bizneo.com\/blog\/#\/schema\/person\/c214ed4e57467dc66e9ad00ef27ff74e","name":"Manuel","image":{"@type":"ImageObject","inLanguage":"es","@id":"https:\/\/secure.gravatar.com\/avatar\/22bbee4d392ae2a2b505779bfca638dc9fa78ae739ef1b72ea1d6b7ed752fcb2?s=96&d=mm&r=g","url":"https:\/\/secure.gravatar.com\/avatar\/22bbee4d392ae2a2b505779bfca638dc9fa78ae739ef1b72ea1d6b7ed752fcb2?s=96&d=mm&r=g","contentUrl":"https:\/\/secure.gravatar.com\/avatar\/22bbee4d392ae2a2b505779bfca638dc9fa78ae739ef1b72ea1d6b7ed752fcb2?s=96&d=mm&r=g","caption":"Manuel"},"sameAs":["https:\/\/www.linkedin.com\/in\/manuel-martin-redactor-seo\/"],"url":"https:\/\/www.bizneo.com\/blog\/author\/manuel\/"}]}},"spectra_custom_meta":{"_edit_lock":["1769698475:47"],"_edit_last":["47"],"onesignal_meta_box_present":["1"],"onesignal_send_notification":[""],"onesignal_modify_title_and_content":[""],"onesignal_notification_custom_heading":[null],"onesignal_notification_custom_content":[null],"wp_review_type":["none"],"_at_widget":["1"],"_vce_meta":["a:4:{s:11:\"use_sidebar\";s:7:\"inherit\";s:7:\"sidebar\";s:7:\"inherit\";s:14:\"sticky_sidebar\";s:7:\"inherit\";s:6:\"layout\";s:7:\"inherit\";}"],"_yoast_wpseo_estimated-reading-time-minutes":["8"],"_yoast_wpseo_primary_category":["90"],"_yoast_wpseo_content_score":["90"],"_yoast_wpseo_focuskw":["tabla de vacaciones"],"_yoast_wpseo_title":["Tabla de vacaciones en M\u00e9xico | Calcula tus d\u00edas libres"],"_yoast_wpseo_metadesc":["La tabla de vacaciones se emplea en M\u00e9xico para calcular los d\u00edas libres de cada trabajador anualmente. Usa una alternativa + eficiente."],"_yoast_wpseo_linkdex":["86"],"_yoast_wpseo_wordproof_timestamp":[""],"_thumbnail_id":["39736"],"Views":["46488"],"wp_review_positive_count":["0"],"wp_review_negative_count":["0"],"wp_review_user_reviews":["0"],"wp_review_review_count":["0"],"_uag_css_file_name":["uag-css-36465.css"],"_uag_page_assets":["a:9:{s:3:\"css\";s:263:\".uag-blocks-common-selector{z-index:var(--z-index-desktop) !important}@media (max-width: 976px){.uag-blocks-common-selector{z-index:var(--z-index-tablet) !important}}@media (max-width: 767px){.uag-blocks-common-selector{z-index:var(--z-index-mobile) !important}}\n\";s:2:\"js\";s:0:\"\";s:18:\"current_block_list\";a:8:{i:0;s:14:\"core\/paragraph\";i:1;s:12:\"core\/heading\";i:2;s:10:\"core\/quote\";i:3;s:9:\"core\/html\";i:4;s:10:\"core\/image\";i:5;s:10:\"core\/table\";i:6;s:12:\"core\/details\";i:7;s:14:\"core\/shortcode\";}s:8:\"uag_flag\";b:0;s:11:\"uag_version\";s:10:\"1777548730\";s:6:\"gfonts\";a:0:{}s:10:\"gfonts_url\";s:0:\"\";s:12:\"gfonts_files\";a:0:{}s:14:\"uag_faq_layout\";b:0;}"]},"uagb_featured_image_src":{"full":["https:\/\/www.bizneo.com\/blog\/wp-content\/uploads\/2023\/03\/tabla-de-vacaciones.jpg",1140,640,false],"thumbnail":["https:\/\/www.bizneo.com\/blog\/wp-content\/uploads\/2023\/03\/tabla-de-vacaciones-150x150.jpg",150,150,true],"medium":["https:\/\/www.bizneo.com\/blog\/wp-content\/uploads\/2023\/03\/tabla-de-vacaciones-300x168.jpg",300,168,true],"medium_large":["https:\/\/www.bizneo.com\/blog\/wp-content\/uploads\/2023\/03\/tabla-de-vacaciones-768x431.jpg",768,431,true],"large":["https:\/\/www.bizneo.com\/blog\/wp-content\/uploads\/2023\/03\/tabla-de-vacaciones-1024x575.jpg",1024,575,true],"1536x1536":["https:\/\/www.bizneo.com\/blog\/wp-content\/uploads\/2023\/03\/tabla-de-vacaciones.jpg",1140,640,false],"2048x2048":["https:\/\/www.bizneo.com\/blog\/wp-content\/uploads\/2023\/03\/tabla-de-vacaciones.jpg",1140,640,false]},"uagb_author_info":{"display_name":"Manuel","author_link":"https:\/\/www.bizneo.com\/blog\/author\/manuel\/"},"uagb_comment_info":8,"uagb_excerpt":"La tabla de vacaciones se emplea en M\u00e9xico para calcular los d\u00edas libres que dispone cada trabajador anualmente. \u00bfPero son realmente efectivas a lo hora de gestionar las vacaciones de una plantilla?","_links":{"self":[{"href":"https:\/\/www.bizneo.com\/blog\/wp-json\/wp\/v2\/posts\/36465","targetHints":{"allow":["GET"]}}],"collection":[{"href":"https:\/\/www.bizneo.com\/blog\/wp-json\/wp\/v2\/posts"}],"about":[{"href":"https:\/\/www.bizneo.com\/blog\/wp-json\/wp\/v2\/types\/post"}],"author":[{"embeddable":true,"href":"https:\/\/www.bizneo.com\/blog\/wp-json\/wp\/v2\/users\/19"}],"replies":[{"embeddable":true,"href":"https:\/\/www.bizneo.com\/blog\/wp-json\/wp\/v2\/comments?post=36465"}],"version-history":[{"count":20,"href":"https:\/\/www.bizneo.com\/blog\/wp-json\/wp\/v2\/posts\/36465\/revisions"}],"predecessor-version":[{"id":59276,"href":"https:\/\/www.bizneo.com\/blog\/wp-json\/wp\/v2\/posts\/36465\/revisions\/59276"}],"wp:featuredmedia":[{"embeddable":true,"href":"https:\/\/www.bizneo.com\/blog\/wp-json\/wp\/v2\/media\/39736"}],"wp:attachment":[{"href":"https:\/\/www.bizneo.com\/blog\/wp-json\/wp\/v2\/media?parent=36465"}],"wp:term":[{"taxonomy":"category","embeddable":true,"href":"https:\/\/www.bizneo.com\/blog\/wp-json\/wp\/v2\/categories?post=36465"},{"taxonomy":"post_tag","embeddable":true,"href":"https:\/\/www.bizneo.com\/blog\/wp-json\/wp\/v2\/tags?post=36465"}],"curies":[{"name":"wp","href":"https:\/\/api.w.org\/{rel}","templated":true}]}}