{"id":35761,"date":"2022-10-06T12:57:45","date_gmt":"2022-10-06T11:57:45","guid":{"rendered":"https:\/\/www.bizneo.com\/blog\/?p=35761"},"modified":"2026-02-04T12:03:13","modified_gmt":"2026-02-04T11:03:13","slug":"mudanca-de-horario-de-trabalho","status":"publish","type":"post","link":"https:\/\/www.bizneo.com\/blog\/pt\/mudanca-de-horario-de-trabalho\/","title":{"rendered":"Mudan\u00e7a de hor\u00e1rio de trabalho: como notificar essa altera\u00e7\u00e3o?"},"content":{"rendered":"\n<p>Notificar mudan\u00e7a de hor\u00e1rio de trabalho <strong>pode resolver muitos entraves na empresa relacionados \u00e0 sobreposi\u00e7\u00e3o e \u00e0 produtividade.<\/strong> Contudo, esse comunicado de altera\u00e7\u00e3o de hor\u00e1rio de trabalho tende a se posicionar como um assunto espinhoso em algumas ocasi\u00f5es, principalmente quando h\u00e1 um imprevisto.&nbsp;<\/p>\n\n\n\n<p>Por isso, faz\u00ea-lo da melhor forma e respeitando a legisla\u00e7\u00e3o evita desconforto entre os colaboradores. Consequentemente, essa quest\u00e3o deixa de afetar a&nbsp;<strong>produtividade<\/strong>&nbsp;e at\u00e9 mesmo o&nbsp;<strong>clima<\/strong><strong>&nbsp;no ambiente de trabalho<\/strong>.<\/p>\n\n\n\n<p>Al\u00e9m disso, a altera\u00e7\u00e3o de hor\u00e1rio de trabalho na empresa deve ser algo excepcional, uma vez que o objetivo deve ser sempre&nbsp;<strong>planejar o calend\u00e1rio laboral com anteced\u00eancia<\/strong>. Ao mesmo tempo, tanto no planejamento quanto no comunicado de mudan\u00e7a de hor\u00e1rio de trabalho, \u00e9 vi\u00e1vel utilizar um <a href=\"\/br\/escalas-de-trabalho\/\" data-wpel-link=\"internal\" target=\"_blank\">software de escala de trabalho<\/a> que permita automatizar processos.<\/p>\n\n\n\n<h2 class=\"wp-block-heading\">A mudan\u00e7a de hor\u00e1rio de trabalho \u00e9 algo permitido?<\/h2>\n\n\n\n<p>Antes de mais nada, \u00e9 importante entender qual a legisla\u00e7\u00e3o vigente no Brasil em rela\u00e7\u00e3o ao aviso pr\u00e9vio de mudan\u00e7a de hor\u00e1rio.&nbsp;<\/p>\n\n\n\n<p>De acordo com o artigo 468 da <a href=\"https:\/\/www.bizneo.com\/blog\/pt\/clt\/\" data-wpel-link=\"internal\" target=\"_blank\">Consolida\u00e7\u00e3o das Leis do Trabalho (CLT)<\/a>, essa altera\u00e7\u00e3o de turno de trabalho&nbsp;<strong>n\u00e3o pode ser uma decis\u00e3o unilateral<\/strong>&nbsp;por parte dos empregadores. Ademais, n\u00e3o pode acarretar preju\u00edzo, direto ou indireto, aos colaboradores.<\/p>\n\n\n\n<p>Nesse sentido,<strong> quando a mudan\u00e7a de hor\u00e1rio \u00e9 feita num mesmo turno, ela \u00e9 l\u00edcita<\/strong>. Afinal, \u00e9 inerente ao exerc\u00edcio do jus variandi dos empregadores. Ou seja, pode ser aplicada de modo unilateral.<\/p>\n\n\n\n<p>Por outro lado, a declara\u00e7\u00e3o de mudan\u00e7a de hor\u00e1rio no trabalho que envolve a mudan\u00e7a de um turno para outro&nbsp;<strong>afeta a estabiliza\u00e7\u00e3o contratual b\u00e1sica<\/strong>. Portanto, \u00e9 necess\u00e1rio obter a anu\u00eancia dos colaboradores antes de ser anunciada.&nbsp;<\/p>\n\n\n\n<p>Tamb\u00e9m deve ser observado se a altera\u00e7\u00e3o de turno de trabalho n\u00e3o acarretar\u00e1 preju\u00edzos a eles. Por exemplo, se estudam no per\u00edodo noturno, a mudan\u00e7a de turno pode prejudicar a vida pessoal dessas pessoas.<\/p>\n\n\n\n<p>Al\u00e9m disso, para as organiza\u00e7\u00f5es que desejam implementar essas modifica\u00e7\u00f5es, oferecemos solu\u00e7\u00f5es com o intuito de mensurar as decis\u00f5es para que elas sejam adequadas e alcancem o sucesso.&nbsp;<\/p>\n\n\n\n<bzn-note><a href=\"\/blog\/pt\/escala-de-trabalho\/\" id=\"destacado-post\" target=\"_blank\" rel=\"noopener noreferrer\" data-wpel-link=\"internal\"><span class=\"bzn-note-title\"><strong>Escala de Trabalho<\/strong><\/span><br> Como cri\u00e1-la em sua empresa com tecnologia<\/a><\/bzn-note>\n\n\n\n<p><\/p>\n\n\n\n<h2 class=\"wp-block-heading\">O comunicado de altera\u00e7\u00e3o de hor\u00e1rio de trabalho<\/h2>\n\n\n\n<p>Conforme a legisla\u00e7\u00e3o brasileira,&nbsp;<strong>a mudan\u00e7a de hor\u00e1rio de trabalho n\u00e3o deve se tornar uma constante no contrato<\/strong>. Afinal, isso impossibilitaria aos colaboradores terem uma previsibilidade em rela\u00e7\u00e3o ao hor\u00e1rio de trabalho, atrapalhando a vida pessoal.&nbsp;<\/p>\n\n\n\n<p>Por isso, usar um <a href=\"\/br\/\" data-wpel-link=\"internal\" target=\"_blank\">software de RH<\/a> que automatiza o processo \u00e9 uma alternativa bastante eficiente. Dessa maneira, \u00e9 poss\u00edvel ter a certeza de que a altera\u00e7\u00e3o de hor\u00e1rio de trabalho est\u00e1 sendo corretamente comunicada.<\/p>\n\n\n\n<figure class=\"wp-block-image size-large\"><a href=\"\/br\/escalas-de-trabalho\/\" target=\"_blank\" rel=\"noopener\" data-wpel-link=\"internal\"><img decoding=\"async\" width=\"1360\" height=\"204\" src=\"https:\/\/www.bizneo.com\/blog\/wp-content\/uploads\/2021\/06\/banner-medio-turnos-escalas.jpg\" alt=\"Software de Escala de Trabalho\" class=\"wp-image-23328\" srcset=\"https:\/\/www.bizneo.com\/blog\/wp-content\/uploads\/2021\/06\/banner-medio-turnos-escalas.jpg 1360w, https:\/\/www.bizneo.com\/blog\/wp-content\/uploads\/2021\/06\/banner-medio-turnos-escalas-300x45.jpg 300w, https:\/\/www.bizneo.com\/blog\/wp-content\/uploads\/2021\/06\/banner-medio-turnos-escalas-1024x154.jpg 1024w, https:\/\/www.bizneo.com\/blog\/wp-content\/uploads\/2021\/06\/banner-medio-turnos-escalas-768x115.jpg 768w, https:\/\/www.bizneo.com\/blog\/wp-content\/uploads\/2021\/06\/banner-medio-turnos-escalas-810x122.jpg 810w, https:\/\/www.bizneo.com\/blog\/wp-content\/uploads\/2021\/06\/banner-medio-turnos-escalas-1140x171.jpg 1140w\" sizes=\"(max-width: 1360px) 100vw, 1360px\" \/><\/a><\/figure>\n\n\n\n<p><\/p>\n\n\n\n<h2 class=\"wp-block-heading\">O planejamento inicial: chave na comunica\u00e7\u00e3o da mudan\u00e7a de hor\u00e1rio de trabalho<\/h2>\n\n\n\n<p>Primeiramente, a mudan\u00e7a de hor\u00e1rio de trabalho n\u00e3o costuma ser uma not\u00edcia agrad\u00e1vel. Nesse sentido, os departamentos de Recursos Humanos <strong>antecipam que esse tipo de altera\u00e7\u00e3o de \u00faltima hora gera mal-estar na equipe<\/strong>.&nbsp;<\/p>\n\n\n\n<figure class=\"wp-block-image size-large\"><a href=\"\/br\/escalas-de-trabalho\/\" target=\"_blank\" rel=\"noopener\" data-wpel-link=\"internal\"><img decoding=\"async\" width=\"1500\" height=\"1006\" src=\"https:\/\/www.bizneo.com\/blog\/wp-content\/uploads\/2021\/06\/Software-de-gestao-de-Recursos-Humanos-com-escalas-e-turnos.webp\" alt=\"Sistema de escala de trabalho\" class=\"wp-image-23322\" srcset=\"https:\/\/www.bizneo.com\/blog\/wp-content\/uploads\/2021\/06\/Software-de-gestao-de-Recursos-Humanos-com-escalas-e-turnos.webp 1500w, https:\/\/www.bizneo.com\/blog\/wp-content\/uploads\/2021\/06\/Software-de-gestao-de-Recursos-Humanos-com-escalas-e-turnos-300x201.webp 300w, https:\/\/www.bizneo.com\/blog\/wp-content\/uploads\/2021\/06\/Software-de-gestao-de-Recursos-Humanos-com-escalas-e-turnos-1024x687.webp 1024w, https:\/\/www.bizneo.com\/blog\/wp-content\/uploads\/2021\/06\/Software-de-gestao-de-Recursos-Humanos-com-escalas-e-turnos-768x515.webp 768w, https:\/\/www.bizneo.com\/blog\/wp-content\/uploads\/2021\/06\/Software-de-gestao-de-Recursos-Humanos-com-escalas-e-turnos-810x543.webp 810w, https:\/\/www.bizneo.com\/blog\/wp-content\/uploads\/2021\/06\/Software-de-gestao-de-Recursos-Humanos-com-escalas-e-turnos-1140x765.webp 1140w\" sizes=\"(max-width: 1500px) 100vw, 1500px\" \/><\/a><\/figure>\n\n\n\n<p>Logo, se isso ocorre com muita frequ\u00eancia, esse inc\u00f4modo pode se converter em algo negativo, como&nbsp;<strong>falta de talentos na equipe<\/strong>&nbsp;e&nbsp;<strong>alta rotatividade de colaboradores<\/strong>.<\/p>\n\n\n\n<figure class=\"wp-block-image size-large\"><a href=\"\/br\/controle-ponto\/\" target=\"_blank\" rel=\"noopener\" data-wpel-link=\"internal\"><img decoding=\"async\" width=\"1500\" height=\"1077\" src=\"https:\/\/www.bizneo.com\/blog\/wp-content\/uploads\/2021\/04\/Aplicativo-o-app-de-controle-de-ponto.webp\" alt=\"app de ponto eletr\u00f4nico\" class=\"wp-image-21599\" srcset=\"https:\/\/www.bizneo.com\/blog\/wp-content\/uploads\/2021\/04\/Aplicativo-o-app-de-controle-de-ponto.webp 1500w, https:\/\/www.bizneo.com\/blog\/wp-content\/uploads\/2021\/04\/Aplicativo-o-app-de-controle-de-ponto-300x215.webp 300w, https:\/\/www.bizneo.com\/blog\/wp-content\/uploads\/2021\/04\/Aplicativo-o-app-de-controle-de-ponto-1024x735.webp 1024w, https:\/\/www.bizneo.com\/blog\/wp-content\/uploads\/2021\/04\/Aplicativo-o-app-de-controle-de-ponto-768x551.webp 768w, https:\/\/www.bizneo.com\/blog\/wp-content\/uploads\/2021\/04\/Aplicativo-o-app-de-controle-de-ponto-810x582.webp 810w, https:\/\/www.bizneo.com\/blog\/wp-content\/uploads\/2021\/04\/Aplicativo-o-app-de-controle-de-ponto-1140x819.webp 1140w\" sizes=\"(max-width: 1500px) 100vw, 1500px\" \/><\/a><\/figure>\n\n\n\n<p>Dessa maneira, para que isso n\u00e3o aconte\u00e7a, \u00e9 imprescind\u00edvel planejar o calend\u00e1rio laboral com um <a href=\"https:\/\/www.bizneo.com\/br\/escalas-de-trabalho\/\" data-wpel-link=\"internal\" target=\"_blank\">software de turnos de trabalho<\/a>. O aviso pr\u00e9vio de mudan\u00e7a de hor\u00e1rio deve ser feito de maneira que os colaboradores consigam conciliar com tranquilidade a vida pessoal e a laboral.<\/p>\n\n\n\n<p>Como resultado, situa\u00e7\u00f5es inc\u00f4modas para todas as partes envolvidas s\u00e3o evitadas. Afinal, ao carregar uma publica\u00e7\u00e3o de hor\u00e1rios de trabalho com acesso imediato de todos os colaboradores no software, a empresa possui&nbsp;<strong>dom\u00ednio sobre o planning semanal, mensal ou at\u00e9 mesmo anual<\/strong>.&nbsp;<\/p>\n\n\n\n<figure class=\"wp-block-image size-large\"><a href=\"\/br\/controle-ponto\/\" target=\"_blank\" rel=\"noopener\" data-wpel-link=\"internal\"><img decoding=\"async\" width=\"1500\" height=\"1220\" src=\"https:\/\/www.bizneo.com\/blog\/wp-content\/uploads\/2021\/04\/Relatorio-de-horas-trabalhadas.webp\" alt=\"relat\u00f3rios de registro de ponto\" class=\"wp-image-21605\" srcset=\"https:\/\/www.bizneo.com\/blog\/wp-content\/uploads\/2021\/04\/Relatorio-de-horas-trabalhadas.webp 1500w, https:\/\/www.bizneo.com\/blog\/wp-content\/uploads\/2021\/04\/Relatorio-de-horas-trabalhadas-300x244.webp 300w, https:\/\/www.bizneo.com\/blog\/wp-content\/uploads\/2021\/04\/Relatorio-de-horas-trabalhadas-1024x833.webp 1024w, https:\/\/www.bizneo.com\/blog\/wp-content\/uploads\/2021\/04\/Relatorio-de-horas-trabalhadas-768x625.webp 768w, https:\/\/www.bizneo.com\/blog\/wp-content\/uploads\/2021\/04\/Relatorio-de-horas-trabalhadas-810x659.webp 810w, https:\/\/www.bizneo.com\/blog\/wp-content\/uploads\/2021\/04\/Relatorio-de-horas-trabalhadas-1140x927.webp 1140w\" sizes=\"(max-width: 1500px) 100vw, 1500px\" \/><\/a><\/figure>\n\n\n\n<p>Sem as ferramentas adequadas, essa organiza\u00e7\u00e3o n\u00e3o \u00e9 simples, sobretudo se for necess\u00e1rio gerir e ajustar os hor\u00e1rios de uma equipe grande. A&nbsp;<strong>\u00fanica maneira<\/strong>&nbsp;<strong>de fazer isso de forma eficaz e r\u00e1pida \u00e9 atrav\u00e9s de um software de gest\u00e3o de turnos&nbsp;<\/strong>que permite criar calend\u00e1rios e <a href=\"https:\/\/www.bizneo.com\/blog\/pt\/escala-de-trabalho\/\" data-wpel-link=\"internal\" target=\"_blank\">escalas de trabalho<\/a> automaticamente.<\/p>\n\n\n\n<p>Por sorte, atualmente h\u00e1 v\u00e1rias op\u00e7\u00f5es que permitem automatizar o comunicado de altera\u00e7\u00e3o de hor\u00e1rio de trabalho. Dessa forma, \u00e9 poss\u00edvel planejar as mudan\u00e7as de escalas de trabalho e comunic\u00e1-las \u00e0 equipe de modo correto e eficiente.<\/p>\n\n\n\n<bzn-link><a href=\"\/br\/escalas-de-trabalho\/\" id=\"destacado-ats\" target=\"_blank\" rel=\"noopener noreferrer\" data-wpel-link=\"internal\"><span class=\"bzn-link-title\">SISTEMA DE GEST\u00c3O DE ESCALAS DE TRABALHO E TURNOS<\/span>Teste a ferramenta que vai simplificar a gest\u00e3o de turnos da sua empresa.<\/a><\/bzn-link>\n\n\n\n<p><\/p>\n\n\n\n<h2 class=\"wp-block-heading\">Otimizando a comunica\u00e7\u00e3o dos hor\u00e1rios de trabalho com um software de gest\u00e3o de turnos<\/h2>\n\n\n\n<p>Sem d\u00favida, a digitaliza\u00e7\u00e3o dos processos no departamento de <a href=\"https:\/\/www.bizneo.com\/blog\/pt\/recursos-humanos\/\" data-wpel-link=\"internal\" target=\"_blank\">Recursos Humanos<\/a> <strong>est\u00e1 crescendo na maior parte de suas a\u00e7\u00f5es<\/strong>.<\/p>\n\n\n\n<p>Logo, o planejamento e o comunicado de altera\u00e7\u00e3o de hor\u00e1rio de trabalho e dos turnos rotativos fazem parte dessa realidade. S\u00f3 para ilustrar, publicar os quadrantes de trabalho num painel f\u00edsico ou entreg\u00e1-los em papel <strong>\u00e9 um h\u00e1bito cada vez mais raro<\/strong>, visto que cada vez mais as empresas utilizam canais digitais.<\/p>\n\n\n\n<p>Nesse sentido, um <a href=\"\/br\/escalas-de-trabalho\/\" data-wpel-link=\"internal\" target=\"_blank\">software de gest\u00e3o de turnos<\/a> \u00e9 realmente \u00fatil. O primeiro ponto \u00e9 que realizar escalas de trabalho conforme as necessidades do neg\u00f3cio fica bem mais simples em compara\u00e7\u00e3o \u00e0 elabora\u00e7\u00e3o manual.&nbsp;<\/p>\n\n\n\n<figure class=\"wp-block-image size-large\"><a href=\"\/br\/escalas-de-trabalho\/\" target=\"_blank\" rel=\"noopener\" data-wpel-link=\"internal\"><img decoding=\"async\" width=\"1500\" height=\"1054\" src=\"https:\/\/www.bizneo.com\/blog\/wp-content\/uploads\/2021\/04\/Escalas-de-turnos-de-trabalho.webp\" alt=\"planejamento avan\u00e7ado de turnos\" class=\"wp-image-21602\" srcset=\"https:\/\/www.bizneo.com\/blog\/wp-content\/uploads\/2021\/04\/Escalas-de-turnos-de-trabalho.webp 1500w, https:\/\/www.bizneo.com\/blog\/wp-content\/uploads\/2021\/04\/Escalas-de-turnos-de-trabalho-300x211.webp 300w, https:\/\/www.bizneo.com\/blog\/wp-content\/uploads\/2021\/04\/Escalas-de-turnos-de-trabalho-1024x720.webp 1024w, https:\/\/www.bizneo.com\/blog\/wp-content\/uploads\/2021\/04\/Escalas-de-turnos-de-trabalho-768x540.webp 768w, https:\/\/www.bizneo.com\/blog\/wp-content\/uploads\/2021\/04\/Escalas-de-turnos-de-trabalho-810x569.webp 810w, https:\/\/www.bizneo.com\/blog\/wp-content\/uploads\/2021\/04\/Escalas-de-turnos-de-trabalho-1140x801.webp 1140w\" sizes=\"(max-width: 1500px) 100vw, 1500px\" \/><\/a><\/figure>\n\n\n\n<p>Os n\u00fameros de <a href=\"https:\/\/www.bizneo.com\/blog\/pt\/turnos-de-trabalho\/\" data-wpel-link=\"internal\" target=\"_blank\">turnos de trabalho<\/a>, os hor\u00e1rios e os <a href=\"https:\/\/www.bizneo.com\/blog\/pt\/tipos-contrato-de-trabalho\/\" data-wpel-link=\"internal\" target=\"_blank\">contratos<\/a>, por exemplo, s\u00e3o introduzidos no software que organiza tudo automaticamente. Inegavelmente, isso&nbsp;<strong>economiza dezenas de horas de trabalho mensal<\/strong>.<\/p>\n\n\n\n<p>Al\u00e9m disso, <strong>o mesmo software \u00e9 respons\u00e1vel pelo comunicado de altera\u00e7\u00e3o de hor\u00e1rio de trabalho \u00e0 pessoa em quest\u00e3o<\/strong>, que receber\u00e1 uma notifica\u00e7\u00e3o via aplicativo ou e-mail. Ela tamb\u00e9m pode acessar o portal do colaborador para verificar se seu quadrante de trabalho est\u00e1 pronto ou sofreu alguma mudan\u00e7a de turno.&nbsp;<\/p>\n\n\n\n<p>Se isso acontecer, <strong>\u00e9 poss\u00edvel automatizar os avisos de mudan\u00e7a de hor\u00e1rio de trabalho utilizando <a href=\"https:\/\/www.bizneo.com\/blog\/pt\/workflow-e-sistema-bpm\/\" data-wpel-link=\"internal\" target=\"_blank\">workflows<\/a>.<\/strong><\/p>\n\n\n\n<figure class=\"wp-block-image size-full\"><a href=\"\/br\/controle-ponto\/\" data-wpel-link=\"internal\" target=\"_blank\"><img decoding=\"async\" width=\"1500\" height=\"1077\" src=\"https:\/\/www.bizneo.com\/blog\/wp-content\/uploads\/2023\/02\/workflows-Controle-de-ponto.webp\" alt=\"workflows para controle de ponto\" class=\"wp-image-38497\" srcset=\"https:\/\/www.bizneo.com\/blog\/wp-content\/uploads\/2023\/02\/workflows-Controle-de-ponto.webp 1500w, https:\/\/www.bizneo.com\/blog\/wp-content\/uploads\/2023\/02\/workflows-Controle-de-ponto-300x215.webp 300w, https:\/\/www.bizneo.com\/blog\/wp-content\/uploads\/2023\/02\/workflows-Controle-de-ponto-1024x735.webp 1024w, https:\/\/www.bizneo.com\/blog\/wp-content\/uploads\/2023\/02\/workflows-Controle-de-ponto-768x551.webp 768w, https:\/\/www.bizneo.com\/blog\/wp-content\/uploads\/2023\/02\/workflows-Controle-de-ponto-810x582.webp 810w, https:\/\/www.bizneo.com\/blog\/wp-content\/uploads\/2023\/02\/workflows-Controle-de-ponto-1140x819.webp 1140w\" sizes=\"(max-width: 1500px) 100vw, 1500px\" \/><\/a><\/figure>\n\n\n\n<p>No caso de realizar qualquer altera\u00e7\u00e3o manualmente, o programa se encarregar\u00e1 de&nbsp;<strong>recalcular todos os hor\u00e1rios de trabalho automaticamente<\/strong>, levando em considera\u00e7\u00e3o todos os aspectos: f\u00e9rias, licen\u00e7as, feriados, autoriza\u00e7\u00f5es, indeniza\u00e7\u00f5es, <a href=\"https:\/\/www.bizneo.com\/blog\/pt\/turnos-rotativos-na-empresa\/\" data-wpel-link=\"internal\" target=\"_blank\">turnos rotativos<\/a>, e at\u00e9 legisla\u00e7\u00e3o ou quest\u00f5es legais, conforme o pa\u00eds.&nbsp;<\/p>\n\n\n\n<figure class=\"wp-block-image size-large\"><a href=\"\/br\/escalas-de-trabalho\/\" target=\"_blank\" rel=\"noopener\" data-wpel-link=\"internal\"><img decoding=\"async\" width=\"1500\" height=\"1017\" src=\"https:\/\/www.bizneo.com\/blog\/wp-content\/uploads\/2021\/06\/horarios-de-trabalho-de-funcionarios.webp\" alt=\"relat\u00f3rios de registro de ponto\" class=\"wp-image-23358\" srcset=\"https:\/\/www.bizneo.com\/blog\/wp-content\/uploads\/2021\/06\/horarios-de-trabalho-de-funcionarios.webp 1500w, https:\/\/www.bizneo.com\/blog\/wp-content\/uploads\/2021\/06\/horarios-de-trabalho-de-funcionarios-300x203.webp 300w, https:\/\/www.bizneo.com\/blog\/wp-content\/uploads\/2021\/06\/horarios-de-trabalho-de-funcionarios-1024x694.webp 1024w, https:\/\/www.bizneo.com\/blog\/wp-content\/uploads\/2021\/06\/horarios-de-trabalho-de-funcionarios-768x521.webp 768w, https:\/\/www.bizneo.com\/blog\/wp-content\/uploads\/2021\/06\/horarios-de-trabalho-de-funcionarios-810x549.webp 810w, https:\/\/www.bizneo.com\/blog\/wp-content\/uploads\/2021\/06\/horarios-de-trabalho-de-funcionarios-1140x773.webp 1140w\" sizes=\"(max-width: 1500px) 100vw, 1500px\" \/><\/a><\/figure>\n\n\n\n<p>Com toda a certeza, <strong>esse trabalho levaria muito tempo<\/strong>, caso fosse feito da forma tradicional. Al\u00e9m disso, poderia causar erros facilmente, provocando desconforto no ambiente de trabalho.<\/p>\n\n\n\n<bzn-info><a href=\"\/blog\/pt\/workflow-e-sistema-bpm\/\" id=\"destacado-post\" target=\"_blank\" rel=\"noopener noreferrer\" data-wpel-link=\"internal\"><span class=\"bzn-note-title\"><strong>Workflow e sistema BPM aplicado aos RH<\/strong> <\/span><br>Saiba mais sobre a automatiza\u00e7\u00e3o dos fluxos de trabalho.<\/a><\/br><\/bzn-info>\n\n\n\n<p><\/p>\n\n\n\n<h2 class=\"wp-block-heading\">Automatizando avisos e mudan\u00e7a de hor\u00e1rio de trabalho com workflows<\/h2>\n\n\n\n<p>Como pudemos constatar, qualquer mudan\u00e7a de hor\u00e1rio de trabalho<strong> deve ser comunicada respeitando a legisla\u00e7\u00e3o<\/strong>. Sem d\u00favida, a melhor maneira de fazer isso \u00e9 automatizando o processo com workflows para Recursos Humanos. Um <a href=\"\/br\/escalas-de-trabalho\/\" data-wpel-link=\"internal\" target=\"_blank\">sistema de escalas de trabalho<\/a> consegue fazer isso.<\/p>\n\n\n\n<figure class=\"wp-block-image size-full\"><a href=\"\/br\/workflows\/\" data-wpel-link=\"internal\" target=\"_blank\"><img decoding=\"async\" width=\"652\" height=\"414\" src=\"https:\/\/www.bizneo.com\/blog\/wp-content\/uploads\/2022\/02\/Workflows-br.jpg\" alt=\"Workflows software RH\" class=\"wp-image-31167\" srcset=\"https:\/\/www.bizneo.com\/blog\/wp-content\/uploads\/2022\/02\/Workflows-br.jpg 652w, https:\/\/www.bizneo.com\/blog\/wp-content\/uploads\/2022\/02\/Workflows-br-300x190.jpg 300w\" sizes=\"(max-width: 652px) 100vw, 652px\" \/><\/a><\/figure>\n\n\n\n<p>O segredo \u00e9 que o sistema, ao contr\u00e1rio dos humanos,<strong> n\u00e3o se esquece de notificar uma mudan\u00e7a de hor\u00e1rio<\/strong>. Cada vez que confirmamos uma altera\u00e7\u00e3o, por mais simples que seja,&nbsp;<strong>os colaboradores afetados recebem uma notifica\u00e7\u00e3o de altera\u00e7\u00e3o<\/strong>&nbsp;pelo e-mail ou aplicativo no celular.<\/p>\n\n\n\n<p>Dessa maneira, <strong>garantimos que a notifica\u00e7\u00e3o de altera\u00e7\u00e3o de hor\u00e1rio de trabalho<\/strong> foi feita e chegou aos colaboradores sem possibilidade de erro.&nbsp;<\/p>\n\n\n\n<p>O mesmo acontece com os quadrantes de turno de trabalho, concess\u00e3o ou revoga\u00e7\u00e3o de f\u00e9rias e alvar\u00e1s, <a href=\"https:\/\/www.bizneo.com\/blog\/pt\/controle-das-horas-trabalhadas\/\" data-wpel-link=\"internal\" target=\"_blank\">controle de horas trabalhadas<\/a>, assinaturas, entre outros. A melhor parte \u00e9 que podemos gerar fluxos personalizados e adaptar as comunica\u00e7\u00f5es de hor\u00e1rios automatizados conforme nossas necessidades.&nbsp;<\/p>\n\n\n\n<p>Sem d\u00favida, <strong>isso economiza muito tempo, assim como melhora a comunica\u00e7\u00e3o interna e o clima laboral na empresa<\/strong>. Tudo isso resultar\u00e1 em maior bem-estar e produtividade.&nbsp;<\/p>\n\n\n\n<figure class=\"wp-block-image size-large\"><a href=\"https:\/\/hello.bizneo.com\/br\/demo\/time\/?utm_content=post-banner-grande\" target=\"_blank\" rel=\"noopener\" data-wpel-link=\"internal\"><img decoding=\"async\" width=\"1360\" height=\"408\" src=\"https:\/\/www.bizneo.com\/blog\/wp-content\/uploads\/2021\/06\/software-de-gestao-de-turnos.jpg\" alt=\"Sistema de gestao de turnos\" class=\"wp-image-23327\" srcset=\"https:\/\/www.bizneo.com\/blog\/wp-content\/uploads\/2021\/06\/software-de-gestao-de-turnos.jpg 1360w, https:\/\/www.bizneo.com\/blog\/wp-content\/uploads\/2021\/06\/software-de-gestao-de-turnos-300x90.jpg 300w, https:\/\/www.bizneo.com\/blog\/wp-content\/uploads\/2021\/06\/software-de-gestao-de-turnos-1024x307.jpg 1024w, https:\/\/www.bizneo.com\/blog\/wp-content\/uploads\/2021\/06\/software-de-gestao-de-turnos-768x230.jpg 768w, https:\/\/www.bizneo.com\/blog\/wp-content\/uploads\/2021\/06\/software-de-gestao-de-turnos-810x243.jpg 810w, https:\/\/www.bizneo.com\/blog\/wp-content\/uploads\/2021\/06\/software-de-gestao-de-turnos-1140x342.jpg 1140w\" sizes=\"(max-width: 1360px) 100vw, 1360px\" \/><\/a><\/figure>\n\n\n\n<p><\/p>\n","protected":false},"excerpt":{"rendered":"<p>A comunica\u00e7\u00e3o da mudan\u00e7a de hor\u00e1rio de trabalho \u00e9 um ponto-chave na gest\u00e3o de pessoas ao solucionar problemas internos. Saiba mais!<\/p>\n","protected":false},"author":27,"featured_media":36214,"comment_status":"open","ping_status":"open","sticky":false,"template":"","format":"standard","meta":{"_uag_custom_page_level_css":"","site-sidebar-layout":"default","site-content-layout":"","ast-site-content-layout":"default","site-content-style":"default","site-sidebar-style":"default","ast-global-header-display":"","ast-banner-title-visibility":"","ast-main-header-display":"","ast-hfb-above-header-display":"","ast-hfb-below-header-display":"","ast-hfb-mobile-header-display":"","site-post-title":"","ast-breadcrumbs-content":"","ast-featured-img":"","footer-sml-layout":"","ast-disable-related-posts":"","theme-transparent-header-meta":"","adv-header-id-meta":"","stick-header-meta":"","header-above-stick-meta":"","header-main-stick-meta":"","header-below-stick-meta":"","astra-migrate-meta-layouts":"default","ast-page-background-enabled":"default","ast-page-background-meta":{"desktop":{"background-color":"var(--ast-global-color-5)","background-image":"","background-repeat":"repeat","background-position":"center center","background-size":"auto","background-attachment":"scroll","background-type":"","background-media":"","overlay-type":"","overlay-color":"","overlay-opacity":"","overlay-gradient":""},"tablet":{"background-color":"","background-image":"","background-repeat":"repeat","background-position":"center center","background-size":"auto","background-attachment":"scroll","background-type":"","background-media":"","overlay-type":"","overlay-color":"","overlay-opacity":"","overlay-gradient":""},"mobile":{"background-color":"","background-image":"","background-repeat":"repeat","background-position":"center center","background-size":"auto","background-attachment":"scroll","background-type":"","background-media":"","overlay-type":"","overlay-color":"","overlay-opacity":"","overlay-gradient":""}},"ast-content-background-meta":{"desktop":{"background-color":"var(--ast-global-color-4)","background-image":"","background-repeat":"repeat","background-position":"center center","background-size":"auto","background-attachment":"scroll","background-type":"","background-media":"","overlay-type":"","overlay-color":"","overlay-opacity":"","overlay-gradient":""},"tablet":{"background-color":"var(--ast-global-color-4)","background-image":"","background-repeat":"repeat","background-position":"center center","background-size":"auto","background-attachment":"scroll","background-type":"","background-media":"","overlay-type":"","overlay-color":"","overlay-opacity":"","overlay-gradient":""},"mobile":{"background-color":"var(--ast-global-color-4)","background-image":"","background-repeat":"repeat","background-position":"center center","background-size":"auto","background-attachment":"scroll","background-type":"","background-media":"","overlay-type":"","overlay-color":"","overlay-opacity":"","overlay-gradient":""}},"footnotes":""},"categories":[213,209],"tags":[],"class_list":["post-35761","post","type-post","status-publish","format-standard","has-post-thumbnail","hentry","category-gestao-de-turnos","category-gestao-do-tempo"],"yoast_head":"<!-- This site is optimized with the Yoast SEO plugin v27.5 - https:\/\/yoast.com\/product\/yoast-seo-wordpress\/ -->\n<title>Mudan\u00e7a de hor\u00e1rio de trabalho: como notificar essa altera\u00e7\u00e3o?<\/title>\n<meta name=\"description\" content=\"A comunica\u00e7\u00e3o da mudan\u00e7a de hor\u00e1rio de trabalho \u00e9 um ponto-chave na gest\u00e3o de pessoas ao solucionar problemas internos. Saiba mais!\" \/>\n<meta name=\"robots\" content=\"index, follow, max-snippet:-1, max-image-preview:large, max-video-preview:-1\" \/>\n<meta property=\"og:locale\" content=\"es_ES\" \/>\n<meta property=\"og:type\" content=\"article\" \/>\n<meta property=\"og:title\" content=\"Mudan\u00e7a de hor\u00e1rio de trabalho: como notificar essa altera\u00e7\u00e3o?\" \/>\n<meta property=\"og:description\" content=\"A comunica\u00e7\u00e3o da mudan\u00e7a de hor\u00e1rio de trabalho \u00e9 um ponto-chave na gest\u00e3o de pessoas ao solucionar problemas internos. Saiba mais!\" \/>\n<meta property=\"og:url\" content=\"https:\/\/www.bizneo.com\/blog\/pt\/mudanca-de-horario-de-trabalho\/\" \/>\n<meta property=\"og:site_name\" content=\"Blog de Recursos Humanos de Bizneo HR: pr\u00e1ctico y actual\" \/>\n<meta property=\"article:published_time\" content=\"2022-10-06T11:57:45+00:00\" \/>\n<meta property=\"article:modified_time\" content=\"2026-02-04T11:03:13+00:00\" \/>\n<meta property=\"og:image\" content=\"https:\/\/www.bizneo.com\/blog\/wp-content\/uploads\/2022\/10\/mudanca-de-horario-de-trabalho.jpg\" \/>\n\t<meta property=\"og:image:width\" content=\"1140\" \/>\n\t<meta property=\"og:image:height\" content=\"640\" \/>\n\t<meta property=\"og:image:type\" content=\"image\/jpeg\" \/>\n<meta name=\"author\" content=\"Lana\" \/>\n<meta name=\"twitter:card\" content=\"summary_large_image\" \/>\n<meta name=\"twitter:label1\" content=\"Escrito por\" \/>\n\t<meta name=\"twitter:data1\" content=\"Lana\" \/>\n\t<meta name=\"twitter:label2\" content=\"Tiempo de lectura\" \/>\n\t<meta name=\"twitter:data2\" content=\"8 minutos\" \/>\n<script type=\"application\/ld+json\" class=\"yoast-schema-graph\">{\"@context\":\"https:\\\/\\\/schema.org\",\"@graph\":[{\"@type\":[\"Article\",\"BlogPosting\"],\"@id\":\"https:\\\/\\\/www.bizneo.com\\\/blog\\\/pt\\\/mudanca-de-horario-de-trabalho\\\/#article\",\"isPartOf\":{\"@id\":\"https:\\\/\\\/www.bizneo.com\\\/blog\\\/pt\\\/mudanca-de-horario-de-trabalho\\\/\"},\"author\":{\"name\":\"Lana\",\"@id\":\"https:\\\/\\\/www.bizneo.com\\\/blog\\\/#\\\/schema\\\/person\\\/83ac79fc725aba02b89f6819cd0c2ee1\"},\"headline\":\"Mudan\u00e7a de hor\u00e1rio de trabalho: como notificar essa altera\u00e7\u00e3o?\",\"datePublished\":\"2022-10-06T11:57:45+00:00\",\"dateModified\":\"2026-02-04T11:03:13+00:00\",\"mainEntityOfPage\":{\"@id\":\"https:\\\/\\\/www.bizneo.com\\\/blog\\\/pt\\\/mudanca-de-horario-de-trabalho\\\/\"},\"wordCount\":1363,\"commentCount\":0,\"publisher\":{\"@id\":\"https:\\\/\\\/www.bizneo.com\\\/blog\\\/#organization\"},\"image\":{\"@id\":\"https:\\\/\\\/www.bizneo.com\\\/blog\\\/pt\\\/mudanca-de-horario-de-trabalho\\\/#primaryimage\"},\"thumbnailUrl\":\"https:\\\/\\\/www.bizneo.com\\\/blog\\\/wp-content\\\/uploads\\\/2022\\\/10\\\/mudanca-de-horario-de-trabalho.jpg\",\"articleSection\":[\"Gest\u00e3o de turnos\",\"Gest\u00e3o do tempo\"],\"inLanguage\":\"es\",\"potentialAction\":[{\"@type\":\"CommentAction\",\"name\":\"Comment\",\"target\":[\"https:\\\/\\\/www.bizneo.com\\\/blog\\\/pt\\\/mudanca-de-horario-de-trabalho\\\/#respond\"]}]},{\"@type\":\"WebPage\",\"@id\":\"https:\\\/\\\/www.bizneo.com\\\/blog\\\/pt\\\/mudanca-de-horario-de-trabalho\\\/\",\"url\":\"https:\\\/\\\/www.bizneo.com\\\/blog\\\/pt\\\/mudanca-de-horario-de-trabalho\\\/\",\"name\":\"Mudan\u00e7a de hor\u00e1rio de trabalho: como notificar essa altera\u00e7\u00e3o?\",\"isPartOf\":{\"@id\":\"https:\\\/\\\/www.bizneo.com\\\/blog\\\/#website\"},\"primaryImageOfPage\":{\"@id\":\"https:\\\/\\\/www.bizneo.com\\\/blog\\\/pt\\\/mudanca-de-horario-de-trabalho\\\/#primaryimage\"},\"image\":{\"@id\":\"https:\\\/\\\/www.bizneo.com\\\/blog\\\/pt\\\/mudanca-de-horario-de-trabalho\\\/#primaryimage\"},\"thumbnailUrl\":\"https:\\\/\\\/www.bizneo.com\\\/blog\\\/wp-content\\\/uploads\\\/2022\\\/10\\\/mudanca-de-horario-de-trabalho.jpg\",\"datePublished\":\"2022-10-06T11:57:45+00:00\",\"dateModified\":\"2026-02-04T11:03:13+00:00\",\"description\":\"A comunica\u00e7\u00e3o da mudan\u00e7a de hor\u00e1rio de trabalho \u00e9 um ponto-chave na gest\u00e3o de pessoas ao solucionar problemas internos. Saiba mais!\",\"breadcrumb\":{\"@id\":\"https:\\\/\\\/www.bizneo.com\\\/blog\\\/pt\\\/mudanca-de-horario-de-trabalho\\\/#breadcrumb\"},\"inLanguage\":\"es\",\"potentialAction\":[{\"@type\":\"ReadAction\",\"target\":[\"https:\\\/\\\/www.bizneo.com\\\/blog\\\/pt\\\/mudanca-de-horario-de-trabalho\\\/\"]}]},{\"@type\":\"ImageObject\",\"inLanguage\":\"es\",\"@id\":\"https:\\\/\\\/www.bizneo.com\\\/blog\\\/pt\\\/mudanca-de-horario-de-trabalho\\\/#primaryimage\",\"url\":\"https:\\\/\\\/www.bizneo.com\\\/blog\\\/wp-content\\\/uploads\\\/2022\\\/10\\\/mudanca-de-horario-de-trabalho.jpg\",\"contentUrl\":\"https:\\\/\\\/www.bizneo.com\\\/blog\\\/wp-content\\\/uploads\\\/2022\\\/10\\\/mudanca-de-horario-de-trabalho.jpg\",\"width\":1140,\"height\":640,\"caption\":\"mudan\u00e7a de horario de trabalho\"},{\"@type\":\"BreadcrumbList\",\"@id\":\"https:\\\/\\\/www.bizneo.com\\\/blog\\\/pt\\\/mudanca-de-horario-de-trabalho\\\/#breadcrumb\",\"itemListElement\":[{\"@type\":\"ListItem\",\"position\":1,\"name\":\"Portada\",\"item\":\"https:\\\/\\\/www.bizneo.com\\\/blog\\\/\"},{\"@type\":\"ListItem\",\"position\":2,\"name\":\"Gest\u00e3o do tempo\",\"item\":\"https:\\\/\\\/www.bizneo.com\\\/blog\\\/pt\\\/category\\\/gestao-do-tempo\\\/\"},{\"@type\":\"ListItem\",\"position\":3,\"name\":\"Gest\u00e3o de turnos\",\"item\":\"https:\\\/\\\/www.bizneo.com\\\/blog\\\/pt\\\/category\\\/gestao-do-tempo\\\/gestao-de-turnos\\\/\"},{\"@type\":\"ListItem\",\"position\":4,\"name\":\"Mudan\u00e7a de hor\u00e1rio de trabalho: como notificar essa altera\u00e7\u00e3o?\"}]},{\"@type\":\"WebSite\",\"@id\":\"https:\\\/\\\/www.bizneo.com\\\/blog\\\/#website\",\"url\":\"https:\\\/\\\/www.bizneo.com\\\/blog\\\/\",\"name\":\"Blog de Recursos Humanos de Bizneo HR: pr\u00e1ctico y actual\",\"description\":\"Todo sobre actualidad, herramientas y tecnolog\u00eda  para optimizar la gesti\u00f3n del talento humano\",\"publisher\":{\"@id\":\"https:\\\/\\\/www.bizneo.com\\\/blog\\\/#organization\"},\"potentialAction\":[{\"@type\":\"SearchAction\",\"target\":{\"@type\":\"EntryPoint\",\"urlTemplate\":\"https:\\\/\\\/www.bizneo.com\\\/blog\\\/?s={search_term_string}\"},\"query-input\":{\"@type\":\"PropertyValueSpecification\",\"valueRequired\":true,\"valueName\":\"search_term_string\"}}],\"inLanguage\":\"es\"},{\"@type\":\"Organization\",\"@id\":\"https:\\\/\\\/www.bizneo.com\\\/blog\\\/#organization\",\"name\":\"Bizneo HR\",\"url\":\"https:\\\/\\\/www.bizneo.com\\\/blog\\\/\",\"logo\":{\"@type\":\"ImageObject\",\"inLanguage\":\"es\",\"@id\":\"https:\\\/\\\/www.bizneo.com\\\/blog\\\/#\\\/schema\\\/logo\\\/image\\\/\",\"url\":\"https:\\\/\\\/www.bizneo.com\\\/blog\\\/wp-content\\\/uploads\\\/2020\\\/09\\\/Icono-Logo-Bizneo-HR.png\",\"contentUrl\":\"https:\\\/\\\/www.bizneo.com\\\/blog\\\/wp-content\\\/uploads\\\/2020\\\/09\\\/Icono-Logo-Bizneo-HR.png\",\"width\":834,\"height\":834,\"caption\":\"Bizneo HR\"},\"image\":{\"@id\":\"https:\\\/\\\/www.bizneo.com\\\/blog\\\/#\\\/schema\\\/logo\\\/image\\\/\"}},{\"@type\":\"Person\",\"@id\":\"https:\\\/\\\/www.bizneo.com\\\/blog\\\/#\\\/schema\\\/person\\\/83ac79fc725aba02b89f6819cd0c2ee1\",\"name\":\"Lana\",\"image\":{\"@type\":\"ImageObject\",\"inLanguage\":\"es\",\"@id\":\"https:\\\/\\\/secure.gravatar.com\\\/avatar\\\/a49eec314532e4c9f33504f07c8b7ea1dcf64dd2daff411a0d9e5d1776e9847c?s=96&d=mm&r=g\",\"url\":\"https:\\\/\\\/secure.gravatar.com\\\/avatar\\\/a49eec314532e4c9f33504f07c8b7ea1dcf64dd2daff411a0d9e5d1776e9847c?s=96&d=mm&r=g\",\"contentUrl\":\"https:\\\/\\\/secure.gravatar.com\\\/avatar\\\/a49eec314532e4c9f33504f07c8b7ea1dcf64dd2daff411a0d9e5d1776e9847c?s=96&d=mm&r=g\",\"caption\":\"Lana\"},\"url\":\"https:\\\/\\\/www.bizneo.com\\\/blog\\\/author\\\/lana\\\/\"}]}<\/script>\n<!-- \/ Yoast SEO plugin. -->","yoast_head_json":{"title":"Mudan\u00e7a de hor\u00e1rio de trabalho: como notificar essa altera\u00e7\u00e3o?","description":"A comunica\u00e7\u00e3o da mudan\u00e7a de hor\u00e1rio de trabalho \u00e9 um ponto-chave na gest\u00e3o de pessoas ao solucionar problemas internos. Saiba mais!","robots":{"index":"index","follow":"follow","max-snippet":"max-snippet:-1","max-image-preview":"max-image-preview:large","max-video-preview":"max-video-preview:-1"},"og_locale":"es_ES","og_type":"article","og_title":"Mudan\u00e7a de hor\u00e1rio de trabalho: como notificar essa altera\u00e7\u00e3o?","og_description":"A comunica\u00e7\u00e3o da mudan\u00e7a de hor\u00e1rio de trabalho \u00e9 um ponto-chave na gest\u00e3o de pessoas ao solucionar problemas internos. Saiba mais!","og_url":"https:\/\/www.bizneo.com\/blog\/pt\/mudanca-de-horario-de-trabalho\/","og_site_name":"Blog de Recursos Humanos de Bizneo HR: pr\u00e1ctico y actual","article_published_time":"2022-10-06T11:57:45+00:00","article_modified_time":"2026-02-04T11:03:13+00:00","og_image":[{"width":1140,"height":640,"url":"https:\/\/www.bizneo.com\/blog\/wp-content\/uploads\/2022\/10\/mudanca-de-horario-de-trabalho.jpg","type":"image\/jpeg"}],"author":"Lana","twitter_card":"summary_large_image","twitter_misc":{"Escrito por":"Lana","Tiempo de lectura":"8 minutos"},"schema":{"@context":"https:\/\/schema.org","@graph":[{"@type":["Article","BlogPosting"],"@id":"https:\/\/www.bizneo.com\/blog\/pt\/mudanca-de-horario-de-trabalho\/#article","isPartOf":{"@id":"https:\/\/www.bizneo.com\/blog\/pt\/mudanca-de-horario-de-trabalho\/"},"author":{"name":"Lana","@id":"https:\/\/www.bizneo.com\/blog\/#\/schema\/person\/83ac79fc725aba02b89f6819cd0c2ee1"},"headline":"Mudan\u00e7a de hor\u00e1rio de trabalho: como notificar essa altera\u00e7\u00e3o?","datePublished":"2022-10-06T11:57:45+00:00","dateModified":"2026-02-04T11:03:13+00:00","mainEntityOfPage":{"@id":"https:\/\/www.bizneo.com\/blog\/pt\/mudanca-de-horario-de-trabalho\/"},"wordCount":1363,"commentCount":0,"publisher":{"@id":"https:\/\/www.bizneo.com\/blog\/#organization"},"image":{"@id":"https:\/\/www.bizneo.com\/blog\/pt\/mudanca-de-horario-de-trabalho\/#primaryimage"},"thumbnailUrl":"https:\/\/www.bizneo.com\/blog\/wp-content\/uploads\/2022\/10\/mudanca-de-horario-de-trabalho.jpg","articleSection":["Gest\u00e3o de turnos","Gest\u00e3o do tempo"],"inLanguage":"es","potentialAction":[{"@type":"CommentAction","name":"Comment","target":["https:\/\/www.bizneo.com\/blog\/pt\/mudanca-de-horario-de-trabalho\/#respond"]}]},{"@type":"WebPage","@id":"https:\/\/www.bizneo.com\/blog\/pt\/mudanca-de-horario-de-trabalho\/","url":"https:\/\/www.bizneo.com\/blog\/pt\/mudanca-de-horario-de-trabalho\/","name":"Mudan\u00e7a de hor\u00e1rio de trabalho: como notificar essa altera\u00e7\u00e3o?","isPartOf":{"@id":"https:\/\/www.bizneo.com\/blog\/#website"},"primaryImageOfPage":{"@id":"https:\/\/www.bizneo.com\/blog\/pt\/mudanca-de-horario-de-trabalho\/#primaryimage"},"image":{"@id":"https:\/\/www.bizneo.com\/blog\/pt\/mudanca-de-horario-de-trabalho\/#primaryimage"},"thumbnailUrl":"https:\/\/www.bizneo.com\/blog\/wp-content\/uploads\/2022\/10\/mudanca-de-horario-de-trabalho.jpg","datePublished":"2022-10-06T11:57:45+00:00","dateModified":"2026-02-04T11:03:13+00:00","description":"A comunica\u00e7\u00e3o da mudan\u00e7a de hor\u00e1rio de trabalho \u00e9 um ponto-chave na gest\u00e3o de pessoas ao solucionar problemas internos. Saiba mais!","breadcrumb":{"@id":"https:\/\/www.bizneo.com\/blog\/pt\/mudanca-de-horario-de-trabalho\/#breadcrumb"},"inLanguage":"es","potentialAction":[{"@type":"ReadAction","target":["https:\/\/www.bizneo.com\/blog\/pt\/mudanca-de-horario-de-trabalho\/"]}]},{"@type":"ImageObject","inLanguage":"es","@id":"https:\/\/www.bizneo.com\/blog\/pt\/mudanca-de-horario-de-trabalho\/#primaryimage","url":"https:\/\/www.bizneo.com\/blog\/wp-content\/uploads\/2022\/10\/mudanca-de-horario-de-trabalho.jpg","contentUrl":"https:\/\/www.bizneo.com\/blog\/wp-content\/uploads\/2022\/10\/mudanca-de-horario-de-trabalho.jpg","width":1140,"height":640,"caption":"mudan\u00e7a de horario de trabalho"},{"@type":"BreadcrumbList","@id":"https:\/\/www.bizneo.com\/blog\/pt\/mudanca-de-horario-de-trabalho\/#breadcrumb","itemListElement":[{"@type":"ListItem","position":1,"name":"Portada","item":"https:\/\/www.bizneo.com\/blog\/"},{"@type":"ListItem","position":2,"name":"Gest\u00e3o do tempo","item":"https:\/\/www.bizneo.com\/blog\/pt\/category\/gestao-do-tempo\/"},{"@type":"ListItem","position":3,"name":"Gest\u00e3o de turnos","item":"https:\/\/www.bizneo.com\/blog\/pt\/category\/gestao-do-tempo\/gestao-de-turnos\/"},{"@type":"ListItem","position":4,"name":"Mudan\u00e7a de hor\u00e1rio de trabalho: como notificar essa altera\u00e7\u00e3o?"}]},{"@type":"WebSite","@id":"https:\/\/www.bizneo.com\/blog\/#website","url":"https:\/\/www.bizneo.com\/blog\/","name":"Blog de Recursos Humanos de Bizneo HR: pr\u00e1ctico y actual","description":"Todo sobre actualidad, herramientas y tecnolog\u00eda  para optimizar la gesti\u00f3n del talento humano","publisher":{"@id":"https:\/\/www.bizneo.com\/blog\/#organization"},"potentialAction":[{"@type":"SearchAction","target":{"@type":"EntryPoint","urlTemplate":"https:\/\/www.bizneo.com\/blog\/?s={search_term_string}"},"query-input":{"@type":"PropertyValueSpecification","valueRequired":true,"valueName":"search_term_string"}}],"inLanguage":"es"},{"@type":"Organization","@id":"https:\/\/www.bizneo.com\/blog\/#organization","name":"Bizneo HR","url":"https:\/\/www.bizneo.com\/blog\/","logo":{"@type":"ImageObject","inLanguage":"es","@id":"https:\/\/www.bizneo.com\/blog\/#\/schema\/logo\/image\/","url":"https:\/\/www.bizneo.com\/blog\/wp-content\/uploads\/2020\/09\/Icono-Logo-Bizneo-HR.png","contentUrl":"https:\/\/www.bizneo.com\/blog\/wp-content\/uploads\/2020\/09\/Icono-Logo-Bizneo-HR.png","width":834,"height":834,"caption":"Bizneo HR"},"image":{"@id":"https:\/\/www.bizneo.com\/blog\/#\/schema\/logo\/image\/"}},{"@type":"Person","@id":"https:\/\/www.bizneo.com\/blog\/#\/schema\/person\/83ac79fc725aba02b89f6819cd0c2ee1","name":"Lana","image":{"@type":"ImageObject","inLanguage":"es","@id":"https:\/\/secure.gravatar.com\/avatar\/a49eec314532e4c9f33504f07c8b7ea1dcf64dd2daff411a0d9e5d1776e9847c?s=96&d=mm&r=g","url":"https:\/\/secure.gravatar.com\/avatar\/a49eec314532e4c9f33504f07c8b7ea1dcf64dd2daff411a0d9e5d1776e9847c?s=96&d=mm&r=g","contentUrl":"https:\/\/secure.gravatar.com\/avatar\/a49eec314532e4c9f33504f07c8b7ea1dcf64dd2daff411a0d9e5d1776e9847c?s=96&d=mm&r=g","caption":"Lana"},"url":"https:\/\/www.bizneo.com\/blog\/author\/lana\/"}]}},"spectra_custom_meta":{"_edit_lock":["1770203044:10"],"_edit_last":["10"],"onesignal_meta_box_present":["1"],"onesignal_send_notification":[""],"onesignal_modify_title_and_content":[""],"onesignal_notification_custom_heading":[null],"onesignal_notification_custom_content":[null],"wp_review_type":["none"],"_at_widget":["1"],"_vce_meta":["a:4:{s:11:\"use_sidebar\";s:7:\"inherit\";s:7:\"sidebar\";s:7:\"inherit\";s:14:\"sticky_sidebar\";s:7:\"inherit\";s:6:\"layout\";s:7:\"inherit\";}"],"_yoast_wpseo_focuskw":["mudan\u00e7a de hor\u00e1rio de trabalho"],"_yoast_wpseo_title":["Mudan\u00e7a de hor\u00e1rio de trabalho: como notificar essa altera\u00e7\u00e3o?"],"_yoast_wpseo_metadesc":["A comunica\u00e7\u00e3o da mudan\u00e7a de hor\u00e1rio de trabalho \u00e9 um ponto-chave na gest\u00e3o de pessoas ao solucionar problemas internos. Saiba mais!"],"_yoast_wpseo_linkdex":["84"],"_yoast_wpseo_content_score":["90"],"_yoast_wpseo_estimated-reading-time-minutes":["8"],"_yoast_wpseo_primary_category":["213"],"_yoast_wpseo_wordproof_timestamp":[""],"_thumbnail_id":["36214"],"Views":["6492"],"_uag_css_file_name":["uag-css-35761.css"],"_uag_page_assets":["a:9:{s:3:\"css\";s:263:\".uag-blocks-common-selector{z-index:var(--z-index-desktop) !important}@media (max-width: 976px){.uag-blocks-common-selector{z-index:var(--z-index-tablet) !important}}@media (max-width: 767px){.uag-blocks-common-selector{z-index:var(--z-index-mobile) !important}}\n\";s:2:\"js\";s:0:\"\";s:18:\"current_block_list\";a:6:{i:0;s:14:\"core\/paragraph\";i:1;s:12:\"core\/heading\";i:2;s:9:\"core\/html\";i:3;s:10:\"core\/image\";i:4;s:12:\"core\/details\";i:5;s:14:\"core\/shortcode\";}s:8:\"uag_flag\";b:0;s:11:\"uag_version\";s:10:\"1777484736\";s:6:\"gfonts\";a:0:{}s:10:\"gfonts_url\";s:0:\"\";s:12:\"gfonts_files\";a:0:{}s:14:\"uag_faq_layout\";b:0;}"]},"uagb_featured_image_src":{"full":["https:\/\/www.bizneo.com\/blog\/wp-content\/uploads\/2022\/10\/mudanca-de-horario-de-trabalho.jpg",1140,640,false],"thumbnail":["https:\/\/www.bizneo.com\/blog\/wp-content\/uploads\/2022\/10\/mudanca-de-horario-de-trabalho-150x150.jpg",150,150,true],"medium":["https:\/\/www.bizneo.com\/blog\/wp-content\/uploads\/2022\/10\/mudanca-de-horario-de-trabalho-300x168.jpg",300,168,true],"medium_large":["https:\/\/www.bizneo.com\/blog\/wp-content\/uploads\/2022\/10\/mudanca-de-horario-de-trabalho-768x431.jpg",768,431,true],"large":["https:\/\/www.bizneo.com\/blog\/wp-content\/uploads\/2022\/10\/mudanca-de-horario-de-trabalho-1024x575.jpg",1024,575,true],"1536x1536":["https:\/\/www.bizneo.com\/blog\/wp-content\/uploads\/2022\/10\/mudanca-de-horario-de-trabalho.jpg",1140,640,false],"2048x2048":["https:\/\/www.bizneo.com\/blog\/wp-content\/uploads\/2022\/10\/mudanca-de-horario-de-trabalho.jpg",1140,640,false]},"uagb_author_info":{"display_name":"Lana","author_link":"https:\/\/www.bizneo.com\/blog\/author\/lana\/"},"uagb_comment_info":0,"uagb_excerpt":"A comunica\u00e7\u00e3o da mudan\u00e7a de hor\u00e1rio de trabalho \u00e9 um ponto-chave na gest\u00e3o de pessoas ao solucionar problemas internos. Saiba mais!","_links":{"self":[{"href":"https:\/\/www.bizneo.com\/blog\/wp-json\/wp\/v2\/posts\/35761","targetHints":{"allow":["GET"]}}],"collection":[{"href":"https:\/\/www.bizneo.com\/blog\/wp-json\/wp\/v2\/posts"}],"about":[{"href":"https:\/\/www.bizneo.com\/blog\/wp-json\/wp\/v2\/types\/post"}],"author":[{"embeddable":true,"href":"https:\/\/www.bizneo.com\/blog\/wp-json\/wp\/v2\/users\/27"}],"replies":[{"embeddable":true,"href":"https:\/\/www.bizneo.com\/blog\/wp-json\/wp\/v2\/comments?post=35761"}],"version-history":[{"count":18,"href":"https:\/\/www.bizneo.com\/blog\/wp-json\/wp\/v2\/posts\/35761\/revisions"}],"predecessor-version":[{"id":59757,"href":"https:\/\/www.bizneo.com\/blog\/wp-json\/wp\/v2\/posts\/35761\/revisions\/59757"}],"wp:featuredmedia":[{"embeddable":true,"href":"https:\/\/www.bizneo.com\/blog\/wp-json\/wp\/v2\/media\/36214"}],"wp:attachment":[{"href":"https:\/\/www.bizneo.com\/blog\/wp-json\/wp\/v2\/media?parent=35761"}],"wp:term":[{"taxonomy":"category","embeddable":true,"href":"https:\/\/www.bizneo.com\/blog\/wp-json\/wp\/v2\/categories?post=35761"},{"taxonomy":"post_tag","embeddable":true,"href":"https:\/\/www.bizneo.com\/blog\/wp-json\/wp\/v2\/tags?post=35761"}],"curies":[{"name":"wp","href":"https:\/\/api.w.org\/{rel}","templated":true}]}}