{"id":35573,"date":"2022-10-07T09:44:17","date_gmt":"2022-10-07T08:44:17","guid":{"rendered":"https:\/\/www.bizneo.com\/blog\/?p=35573"},"modified":"2026-02-04T12:02:59","modified_gmt":"2026-02-04T11:02:59","slug":"processos-de-gestao-de-pessoas","status":"publish","type":"post","link":"https:\/\/www.bizneo.com\/blog\/pt\/processos-de-gestao-de-pessoas\/","title":{"rendered":"Processos da gest\u00e3o de pessoas: como reter o talento na sua empresa"},"content":{"rendered":"\n<p>Os processos da gest\u00e3o de pessoas s\u00e3o essenciais para o bom funcionamento das organiza\u00e7\u00f5es. <strong>Nenhuma empresa pode funcionar sem as pessoas que a representam<\/strong>, pois s\u00e3o elas as respons\u00e1veis pela execu\u00e7\u00e3o dos processos e, consequentemente, pelos resultados dos neg\u00f3cios.<\/p>\n\n\n\n<p>De um modo geral, a <a href=\"\/blog\/pt\/gestao-de-pessoas\/\" data-wpel-link=\"internal\" target=\"_blank\">gest\u00e3o de pessoas<\/a> consiste num <strong>conjunto de t\u00e9cnicas de RH que tem como objetivo o desenvolvimento dos colaboradores<\/strong>.<\/p>\n\n\n\n<h2 class=\"wp-block-heading\">O que s\u00e3o processos da gest\u00e3o de pessoas<\/h2>\n\n\n\n<p>Nos \u00faltimos anos, os processos de gest\u00e3o de pessoas ganharam maior destaque nas organiza\u00e7\u00f5es. \u00c9 atrav\u00e9s deste investimento nas equipes que se <strong>aumentam os n\u00edveis <\/strong>de motiva\u00e7\u00e3o e compromisso dos colaboradores, traduzindo-se em <strong>melhores resultados para as empresas.<\/strong><\/p>\n\n\n\n<p>\u00c9 fundamental que os <strong>objetivos da empresa estejam alinhados com os dos colaboradores<\/strong>, garantido, assim, que todas as suas necessidades s\u00e3o salvaguardadas.<\/p>\n\n\n\n<p>De um modo geral, os processos da gest\u00e3o de pessoas dizem respeito \u00e0 <strong>atra\u00e7\u00e3o, contrata\u00e7\u00e3o, reten\u00e7\u00e3o, motiva\u00e7\u00e3o e maximiza\u00e7\u00e3o dos resultados<\/strong> dos funcion\u00e1rios.<\/p>\n\n\n\n<p>Atrav\u00e9s da gest\u00e3o de pessoas e seus processos, as <strong>empresas tornam-se mais eficazes<\/strong>, conseguindo da melhor forma a coopera\u00e7\u00e3o dos colaboradores, para que os objetivos pessoais e da pr\u00f3pria organiza\u00e7\u00e3o sejam alcan\u00e7ados.<\/p>\n\n\n\n<p>No entanto, para que se consiga esta reciprocidade entre os colaboradores e a empresa, existem alguns processos de gest\u00e3o de pessoas que devem ser postos em pr\u00e1tica.<\/p>\n\n\n\n<figure class=\"wp-block-image size-full\"><a href=\"https:\/\/hello.bizneo.com\/template\/estrategias-ciclo-vida-colaborador\/?utm_content=post-banner-medio\" data-wpel-link=\"internal\" target=\"_blank\"><img decoding=\"async\" width=\"1360\" height=\"204\" src=\"https:\/\/www.bizneo.com\/blog\/wp-content\/uploads\/2021\/11\/Ciclo-vida-colaborador.jpg\" alt=\"Ciclo vida colaborador\" class=\"wp-image-33789\" srcset=\"https:\/\/www.bizneo.com\/blog\/wp-content\/uploads\/2021\/11\/Ciclo-vida-colaborador.jpg 1360w, https:\/\/www.bizneo.com\/blog\/wp-content\/uploads\/2021\/11\/Ciclo-vida-colaborador-300x45.jpg 300w, https:\/\/www.bizneo.com\/blog\/wp-content\/uploads\/2021\/11\/Ciclo-vida-colaborador-1024x154.jpg 1024w, https:\/\/www.bizneo.com\/blog\/wp-content\/uploads\/2021\/11\/Ciclo-vida-colaborador-768x115.jpg 768w, https:\/\/www.bizneo.com\/blog\/wp-content\/uploads\/2021\/11\/Ciclo-vida-colaborador-810x122.jpg 810w, https:\/\/www.bizneo.com\/blog\/wp-content\/uploads\/2021\/11\/Ciclo-vida-colaborador-1140x171.jpg 1140w\" sizes=\"(max-width: 1360px) 100vw, 1360px\" \/><\/a><\/figure>\n\n\n\n<h2 class=\"wp-block-heading\">Os 5 principais processos de gest\u00e3o de pessoas<\/h2>\n\n\n\n<p>\u00c9 importante que os RH desenvolvam a\u00e7\u00f5es capazes de <strong>fomentar o bem-estar e a motiva\u00e7\u00e3o das equipes<\/strong>, tendo sempre em como objetivo <strong>alinhar os objetivos de cada colaborador com os resultados<\/strong> que a empresa deseja alcan\u00e7ar.<\/p>\n\n\n\n<p>No entanto, esta n\u00e3o \u00e9 uma tarefa f\u00e1cil. Os processos da gest\u00e3o de pessoas devem ser bem definidos de forma pr\u00e9via, pois s\u00f3 desta forma as a\u00e7\u00f5es desenvolvidas pelos <a href=\"\/blog\/pt\/recursos-humanos\/\" data-wpel-link=\"internal\" target=\"_blank\">RH<\/a> poder\u00e3o ter o efeito desejado. <\/p>\n\n\n\n<p>Os recursos humanos s\u00e3o divididos em subsistemas, ou \u00e1reas, com fun\u00e7\u00f5es distintas. Deve ser clara qual a funcionalidade cada \u00e1rea, bem como quais as responsabilidades de cada profissional de acordo com a sua forma\u00e7\u00e3o e experi\u00eancia.<\/p>\n\n\n\n<h3 class=\"wp-block-heading\">Agregar pessoas &#8211; Recrutamento<\/h3>\n\n\n\n<p>Nesta fase, os RH t\u00eam como principal fun\u00e7\u00e3o o<a href=\"\/blog\/pt\/recrutamento-de-pessoas\/\" data-wpel-link=\"internal\" target=\"_blank\"> recrutamento e sele\u00e7\u00e3o<\/a> dos melhores candidatos.<\/p>\n\n\n\n<figure class=\"wp-block-image size-full\"><a href=\"\/br\/software-recrutamento-selecao\/\" target=\"_blank\" rel=\"noreferrer noopener\" data-wpel-link=\"internal\"><img decoding=\"async\" width=\"1500\" height=\"1193\" src=\"https:\/\/www.bizneo.com\/blog\/wp-content\/uploads\/2021\/05\/Software-de-recrutamento-de-pessoas.webp\" alt=\"Software de recrutamento e sele\u00e7\u00e3o de pessoas\" class=\"wp-image-22489\" srcset=\"https:\/\/www.bizneo.com\/blog\/wp-content\/uploads\/2021\/05\/Software-de-recrutamento-de-pessoas.webp 1500w, https:\/\/www.bizneo.com\/blog\/wp-content\/uploads\/2021\/05\/Software-de-recrutamento-de-pessoas-300x239.webp 300w, https:\/\/www.bizneo.com\/blog\/wp-content\/uploads\/2021\/05\/Software-de-recrutamento-de-pessoas-1024x814.webp 1024w, https:\/\/www.bizneo.com\/blog\/wp-content\/uploads\/2021\/05\/Software-de-recrutamento-de-pessoas-768x611.webp 768w, https:\/\/www.bizneo.com\/blog\/wp-content\/uploads\/2021\/05\/Software-de-recrutamento-de-pessoas-810x644.webp 810w, https:\/\/www.bizneo.com\/blog\/wp-content\/uploads\/2021\/05\/Software-de-recrutamento-de-pessoas-1140x907.webp 1140w\" sizes=\"(max-width: 1500px) 100vw, 1500px\" \/><\/a><\/figure>\n\n\n\n<p>Quando este processo decorre de forma eficiente, o mais natural \u00e9 a empresa conseguir <strong>angariar os melhores talentos<\/strong> para as suas equipes. \u00c9 esperado que, ap\u00f3s o per\u00edodo de adapta\u00e7\u00e3o, os novos colaboradores se mostrem cada vez mais comprometidos e dedicados ao seu posto.<\/p>\n\n\n\n<bzn-warning><a href=\"\/blog\/pt\/7-sinais-de-que-voce-precisa-de-um-ats\/\" id=\"destacado-post\" target=\"_blank\" rel=\"noopener noreferrer\" data-wpel-link=\"internal\"><span class=\"bzn-note-title\"><strong>7 sinais de que voc\u00ea precisa de um ATS em seus processos de sele\u00e7\u00e3o e recrutamento<\/strong> <\/span><br>Veja como captar talentos com software especializado.<\/a><\/br><\/bzn-warning>\n\n\n\n<p><\/p>\n\n\n\n<h3 class=\"wp-block-heading\">Processo de aplicar pessoas &#8211; Onboarding e  avalia\u00e7\u00e3o<\/h3>\n\n\n\n<p>Tamb\u00e9m falamos sobre a fase de integra\u00e7\u00e3o do trabalhador. <strong><a href=\"https:\/\/www.bizneo.com\/blog\/pt\/onboarding-de-funcionarios\/\" data-wpel-link=\"internal\" target=\"_blank\">Onboarding<\/a> e explica\u00e7\u00e3o de todas as suas tarefas e obriga\u00e7\u00f5es.<\/strong> Saber quem \u00e9 o respons\u00e1vel e qual membro da equipe est\u00e1 encarregado de cada fun\u00e7\u00e3o.<\/p>\n\n\n\n<figure class=\"wp-block-image size-large\"><a href=\"\/br\/avaliacao-desempenho\/\" target=\"_blank\" rel=\"noopener\" data-wpel-link=\"internal\"><img decoding=\"async\" width=\"1125\" height=\"969\" src=\"https:\/\/www.bizneo.com\/blog\/wp-content\/uploads\/2021\/04\/Avaliacao-de-desempenho-por-competencias.webp\" alt=\"Avalia\u00e7\u00e3o de desempenho por compet\u00eancias\" class=\"wp-image-21628\" srcset=\"https:\/\/www.bizneo.com\/blog\/wp-content\/uploads\/2021\/04\/Avaliacao-de-desempenho-por-competencias.webp 1125w, https:\/\/www.bizneo.com\/blog\/wp-content\/uploads\/2021\/04\/Avaliacao-de-desempenho-por-competencias-300x258.webp 300w, https:\/\/www.bizneo.com\/blog\/wp-content\/uploads\/2021\/04\/Avaliacao-de-desempenho-por-competencias-1024x882.webp 1024w, https:\/\/www.bizneo.com\/blog\/wp-content\/uploads\/2021\/04\/Avaliacao-de-desempenho-por-competencias-768x662.webp 768w, https:\/\/www.bizneo.com\/blog\/wp-content\/uploads\/2021\/04\/Avaliacao-de-desempenho-por-competencias-810x698.webp 810w\" sizes=\"(max-width: 1125px) 100vw, 1125px\" \/><\/a><\/figure>\n\n\n\n<p>Por sua vez, a <a href=\"https:\/\/www.bizneo.com\/blog\/pt\/avaliacao-de-desempenho\/\" data-wpel-link=\"internal\" target=\"_blank\">avalia\u00e7\u00e3o de desempenho<\/a> \u00e9 essencial. Este trabalhador est\u00e1 cumprindo as expectativas? Se assim for, ele ou ela ser\u00e1 recompensado. Caso contr\u00e1rio, veremos como na pr\u00f3xima etapa precisaremos de treinamento para atingir seu melhor <a href=\"https:\/\/www.bizneo.com\/blog\/pt\/avaliacao-de-potencial\/\" data-wpel-link=\"internal\" target=\"_blank\">potencial<\/a>.<\/p>\n\n\n\n<figure class=\"wp-block-image size-large\"><a href=\"https:\/\/hello.bizneo.com\/kit\/gestao-de-rh\/?utm_content=post-KIT-RRHH\" data-wpel-link=\"internal\" target=\"_blank\"><img decoding=\"async\" width=\"1024\" height=\"307\" src=\"https:\/\/www.bizneo.com\/blog\/wp-content\/uploads\/2025\/01\/KIT-RH-1-1024x307.png\" alt=\"KIT Gest\u00e3o de pessoas\" class=\"wp-image-52110\" srcset=\"https:\/\/www.bizneo.com\/blog\/wp-content\/uploads\/2025\/01\/KIT-RH-1-1024x307.png 1024w, https:\/\/www.bizneo.com\/blog\/wp-content\/uploads\/2025\/01\/KIT-RH-1-300x90.png 300w, https:\/\/www.bizneo.com\/blog\/wp-content\/uploads\/2025\/01\/KIT-RH-1-768x230.png 768w, https:\/\/www.bizneo.com\/blog\/wp-content\/uploads\/2025\/01\/KIT-RH-1-810x243.png 810w, https:\/\/www.bizneo.com\/blog\/wp-content\/uploads\/2025\/01\/KIT-RH-1-1140x342.png 1140w, https:\/\/www.bizneo.com\/blog\/wp-content\/uploads\/2025\/01\/KIT-RH-1.png 1360w\" sizes=\"(max-width: 1024px) 100vw, 1024px\" \/><\/a><\/figure>\n\n\n\n<h3 class=\"wp-block-heading\">Treinamento e desenvolvimento<\/h3>\n\n\n\n<p>Esta \u00e9, talvez, uma das \u00e1reas mais desafiantes da <a href=\"https:\/\/www.bizneo.com\/blog\/pt\/gestao-de-talentos\/\" data-wpel-link=\"internal\" target=\"_blank\">gest\u00e3o de talentos<\/a>.<\/p>\n\n\n\n<p>Mesmo com a contrata\u00e7\u00e3o de profissionais qualificados, determinadas \u00e1reas exigem forma\u00e7\u00e3o espec\u00edfica. Al\u00e9m disso, a <strong>evolu\u00e7\u00e3o do pr\u00f3prio mercado e o aparecimento de novas necessidades nas empresas<\/strong>, podem tamb\u00e9m exigir algum <a href=\"https:\/\/www.bizneo.com\/blog\/pt\/treinamento-e-desenvolvimento-de-pessoas\/\" data-wpel-link=\"internal\" target=\"_blank\">treinamento<\/a>.<\/p>\n\n\n\n<figure class=\"wp-block-image size-full\"><a href=\"\/br\/treinamento-desenvolvimento-profissional\/\" target=\"_blank\" rel=\"noreferrer noopener\" data-wpel-link=\"internal\"><img decoding=\"async\" width=\"1500\" height=\"1094\" src=\"https:\/\/www.bizneo.com\/blog\/wp-content\/uploads\/2021\/05\/Plano-de-treinamento-e-desenvolvimento.webp\" alt=\"Sistema de capacitac\u0327a\u0303o profissional\" class=\"wp-image-22416\" srcset=\"https:\/\/www.bizneo.com\/blog\/wp-content\/uploads\/2021\/05\/Plano-de-treinamento-e-desenvolvimento.webp 1500w, https:\/\/www.bizneo.com\/blog\/wp-content\/uploads\/2021\/05\/Plano-de-treinamento-e-desenvolvimento-300x219.webp 300w, https:\/\/www.bizneo.com\/blog\/wp-content\/uploads\/2021\/05\/Plano-de-treinamento-e-desenvolvimento-1024x747.webp 1024w, https:\/\/www.bizneo.com\/blog\/wp-content\/uploads\/2021\/05\/Plano-de-treinamento-e-desenvolvimento-768x560.webp 768w, https:\/\/www.bizneo.com\/blog\/wp-content\/uploads\/2021\/05\/Plano-de-treinamento-e-desenvolvimento-810x591.webp 810w, https:\/\/www.bizneo.com\/blog\/wp-content\/uploads\/2021\/05\/Plano-de-treinamento-e-desenvolvimento-1140x831.webp 1140w\" sizes=\"(max-width: 1500px) 100vw, 1500px\" \/><\/a><\/figure>\n\n\n\n<p>O treinamento deve ser educativo, levando os colaboradores a desempenhar da melhor forma as suas fun\u00e7\u00f5es. Ao promover o conhecimento dos funcion\u00e1rios, permitindo o seu <strong><a href=\"https:\/\/www.bizneo.com\/blog\/pt\/treinamento-e-desenvolvimento-de-pessoas\/\" data-wpel-link=\"internal\" target=\"_blank\">desenvolvimento pessoal<\/a> e profissional<\/strong>, teremos equipas mais motivadas e preparadas para melhorar a execu\u00e7\u00e3o de processos.<\/p>\n\n\n\n<bzn-info><a href=\"\/br\/\" id=\"destacado-post\" target=\"_blank\" rel=\"noopener\" data-wpel-link=\"internal\"><span class=\"bzn-link-title\"><strong>Software de Recursos Humanos | RANKING+VENCEDOR ?<\/strong><\/span> <br> An\u00e1lise e compara\u00e7\u00e3o das 10 melhores solu\u00e7\u00f5es<\/br><\/a><\/bzn-info>\n\n\n\n<p><\/p>\n\n\n\n<h3 class=\"wp-block-heading\">Sal\u00e1rios<\/h3>\n\n\n\n<p>Os <strong>sal\u00e1rios s\u00e3o ainda um dos principais fatores que influenciam a motiva\u00e7\u00e3o dos colaboradores<\/strong>. \u00c9 fundamental que os RH mantenham um equil\u00edbrio entre os cargos e os sal\u00e1rios, de forma a que cada colaborador se sinta no mesmo patamar de colegas que desempenham as mesmas fun\u00e7\u00f5es. <\/p>\n\n\n\n<figure class=\"wp-block-image size-full\"><a href=\"\/br\/cadastro-de-colaboradores\/\" target=\"_blank\" rel=\"noreferrer noopener\" data-wpel-link=\"internal\"><img decoding=\"async\" width=\"1500\" height=\"1066\" src=\"https:\/\/www.bizneo.com\/blog\/wp-content\/uploads\/2021\/04\/ficha-de-cadastro-funcionario.webp\" alt=\"Gest\u00e3o de pessoas\" class=\"wp-image-21713\" srcset=\"https:\/\/www.bizneo.com\/blog\/wp-content\/uploads\/2021\/04\/ficha-de-cadastro-funcionario.webp 1500w, https:\/\/www.bizneo.com\/blog\/wp-content\/uploads\/2021\/04\/ficha-de-cadastro-funcionario-300x213.webp 300w, https:\/\/www.bizneo.com\/blog\/wp-content\/uploads\/2021\/04\/ficha-de-cadastro-funcionario-1024x728.webp 1024w, https:\/\/www.bizneo.com\/blog\/wp-content\/uploads\/2021\/04\/ficha-de-cadastro-funcionario-768x546.webp 768w, https:\/\/www.bizneo.com\/blog\/wp-content\/uploads\/2021\/04\/ficha-de-cadastro-funcionario-810x576.webp 810w, https:\/\/www.bizneo.com\/blog\/wp-content\/uploads\/2021\/04\/ficha-de-cadastro-funcionario-1140x810.webp 1140w\" sizes=\"(max-width: 1500px) 100vw, 1500px\" \/><\/a><\/figure>\n\n\n\n<p>Al\u00e9m disso, a empresa deve tamb\u00e9m analisar os valores praticados dentro do setor, para que os seus sal\u00e1rios se encontrem dentro dos valores de mercado. Esta antecipa\u00e7\u00e3o de potenciais reclama\u00e7\u00f5es por parte dos funcion\u00e1rios, \u00e9 tamb\u00e9m uma forma de ret\u00ea-los na institui\u00e7\u00e3o.<\/p>\n\n\n\n<h3 class=\"wp-block-heading\">Processos para recompensar os funcion\u00e1rios<\/h3>\n\n\n\n<p>Al\u00e9m do sal\u00e1rio, existem <strong>funcion\u00e1rios que consideram o pacote de benef\u00edcios um fator muito atrativo<\/strong>. Os RH t\u00eam a dif\u00edcil miss\u00e3o de procurar os melhores incentivos e implementar aqueles que s\u00e3o ben\u00e9ficos para todos.<\/p>\n\n\n\n<figure class=\"wp-block-image size-full\"><a href=\"https:\/\/hello.bizneo.com\/template\/manual-reconhecimento-laboral\/?utm_content=post-banner\" data-wpel-link=\"internal\" target=\"_blank\"><img decoding=\"async\" width=\"1360\" height=\"204\" src=\"https:\/\/www.bizneo.com\/blog\/wp-content\/uploads\/2022\/03\/banner-reconhecimiento-no-trabalho.jpg\" alt=\"Guia reconhecimento no trabalho\" class=\"wp-image-32221\" srcset=\"https:\/\/www.bizneo.com\/blog\/wp-content\/uploads\/2022\/03\/banner-reconhecimiento-no-trabalho.jpg 1360w, https:\/\/www.bizneo.com\/blog\/wp-content\/uploads\/2022\/03\/banner-reconhecimiento-no-trabalho-300x45.jpg 300w, https:\/\/www.bizneo.com\/blog\/wp-content\/uploads\/2022\/03\/banner-reconhecimiento-no-trabalho-1024x154.jpg 1024w, https:\/\/www.bizneo.com\/blog\/wp-content\/uploads\/2022\/03\/banner-reconhecimiento-no-trabalho-768x115.jpg 768w, https:\/\/www.bizneo.com\/blog\/wp-content\/uploads\/2022\/03\/banner-reconhecimiento-no-trabalho-810x122.jpg 810w, https:\/\/www.bizneo.com\/blog\/wp-content\/uploads\/2022\/03\/banner-reconhecimiento-no-trabalho-1140x171.jpg 1140w\" sizes=\"(max-width: 1360px) 100vw, 1360px\" \/><\/a><\/figure>\n\n\n\n<h2 class=\"wp-block-heading\">Benef\u00edcios dos processos da gest\u00e3o de pessoas<\/h2>\n\n\n\n<p>N\u00e3o h\u00e1 d\u00favidas de que <strong>as pessoas s\u00e3o o bem mais valioso de qualquer empresa<\/strong>. Embora pare\u00e7a um lugar comum, esta \u00e9 uma verdade que as empresas devem ter presente.<\/p>\n\n\n\n<p>Qualquer pessoa precisa de <strong>est\u00edmulos para se sentir motivada a desenvolver um bom trabalho<\/strong>. E, por isso, a gest\u00e3o de pessoas deve encontrar as melhores pr\u00e1ticas a implementar, tendo em vista um objetivo comum.<\/p>\n\n\n\n<p>Quando a gest\u00e3o de pessoas \u00e9 eficiente, as empresas conseguem:<\/p>\n\n\n\n<ul class=\"wp-block-list\">\n<li>Engajar os colaboradores;<\/li>\n\n\n\n<li>Atrair talentos;<\/li>\n\n\n\n<li>Reter talentos;<\/li>\n\n\n\n<li>Gerar compromisso com a empresa;<\/li>\n\n\n\n<li>Incentivar a inova\u00e7\u00e3o;<\/li>\n\n\n\n<li>Fomentar a criatividade;<\/li>\n\n\n\n<li>Melhorar a liga\u00e7\u00e3o entre l\u00edderes e funcion\u00e1rios;<\/li>\n\n\n\n<li>Aumentar os n\u00edveis de <a href=\"https:\/\/www.bizneo.com\/blog\/pt\/produtividade-no-trabalho\/\" data-wpel-link=\"internal\" target=\"_blank\">produtividade<\/a>.<\/li>\n<\/ul>\n\n\n\n<figure class=\"wp-block-image size-full\"><a href=\"https:\/\/hello.bizneo.com\/template\/software-rh-funcoes-nas-empresa\/?utm_content=post-banner-medio\" data-wpel-link=\"internal\" target=\"_blank\"><img decoding=\"async\" width=\"1360\" height=\"204\" src=\"https:\/\/www.bizneo.com\/blog\/wp-content\/uploads\/2022\/02\/Banner-impacto-software-rh-funcoes.jpg\" alt=\"Banner impacto software rh funcoes\" class=\"wp-image-31954\" srcset=\"https:\/\/www.bizneo.com\/blog\/wp-content\/uploads\/2022\/02\/Banner-impacto-software-rh-funcoes.jpg 1360w, https:\/\/www.bizneo.com\/blog\/wp-content\/uploads\/2022\/02\/Banner-impacto-software-rh-funcoes-300x45.jpg 300w, https:\/\/www.bizneo.com\/blog\/wp-content\/uploads\/2022\/02\/Banner-impacto-software-rh-funcoes-1024x154.jpg 1024w, https:\/\/www.bizneo.com\/blog\/wp-content\/uploads\/2022\/02\/Banner-impacto-software-rh-funcoes-768x115.jpg 768w, https:\/\/www.bizneo.com\/blog\/wp-content\/uploads\/2022\/02\/Banner-impacto-software-rh-funcoes-810x122.jpg 810w, https:\/\/www.bizneo.com\/blog\/wp-content\/uploads\/2022\/02\/Banner-impacto-software-rh-funcoes-1140x171.jpg 1140w\" sizes=\"(max-width: 1360px) 100vw, 1360px\" \/><\/a><\/figure>\n\n\n\n<h2 class=\"wp-block-heading\">Pilares dos processos de gest\u00e3o de pessoas<\/h2>\n\n\n\n<p>O <strong>investimento no capital humano \u00e9 realmente crucial<\/strong> para o sucesso das empresas. O primeiro passo \u00e9 sempre conhecer bem as necessidades dos colaboradores e das empresas, de forma a implementar medidas que garantam o desenvolvimento e crescimento de ambos.<\/p>\n\n\n\n<p>Uma gest\u00e3o estrat\u00e9gica de pessoas assenta em 8 pilares essenciais:<\/p>\n\n\n\n<ol class=\"wp-block-list\">\n<li><strong>Motiva\u00e7\u00e3o <\/strong>&#8211; pessoas motivadas s\u00e3o mais produtivas;<\/li>\n\n\n\n<li><strong>Lideran\u00e7a<\/strong> &#8211; uma equipa bem liderada \u00e9 mais rent\u00e1vel. Os cargos mais altos da empresa devem ser capacitados pelos RH para liderarem com base na comunica\u00e7\u00e3o e humaniza\u00e7\u00e3o;<\/li>\n\n\n\n<li><strong>Comunica\u00e7\u00e3o<\/strong> &#8211; a comunica\u00e7\u00e3o deve ser sempre simples, clara e bilateral. Ouvir os colaboradores \u00e9 essencial para os mater motivados;<\/li>\n\n\n\n<li><strong>Coopera\u00e7\u00e3o<\/strong> &#8211; todos os envolvidos devem colaborar e desenvolver-se em conjunto, para que possam contribuir para o seu pr\u00f3prio crescimento e da empresa;<\/li>\n\n\n\n<li><strong>Capacita\u00e7\u00e3o<\/strong> &#8211; \u00e9 fundamental investir na capacita\u00e7\u00e3o de cada um dos profissionais. O desenvolvimento do capital humano \u00e9 uma das formas de garantir a <a href=\"https:\/\/www.bizneo.com\/blog\/pt\/retencao-de-talento\/\" data-wpel-link=\"internal\" target=\"_blank\">reten\u00e7\u00e3o do talento<\/a> na empresa;<\/li>\n\n\n\n<li><strong>Trabalho em equipe<\/strong> &#8211; no trabalho em equipe, \u00e9 importante que o l\u00edder realce o que cada colaborador tem de melhor. \u00c9 importante  que numa equipe se estabele\u00e7am e fortale\u00e7am rela\u00e7\u00f5es;<\/li>\n\n\n\n<li><strong><a href=\"https:\/\/www.bizneo.com\/blog\/pt\/treinamento-e-desenvolvimento-de-pessoas\/\" data-wpel-link=\"internal\" target=\"_blank\">Treinamento e desenvolvimento<\/a> <\/strong>&#8211; equipes bem sucedidas s\u00e3o constantemente alvo de a\u00e7\u00f5es de treinamento;<\/li>\n\n\n\n<li><strong>Envolvimento<\/strong> &#8211; a empresa s\u00f3 alcan\u00e7ar\u00e1 os seus objetivos se os seus colaboradores se mantiverem envolvidos e comprometidos.<\/li>\n<\/ol>\n\n\n\n<div id=\"cbox-AWb8qccbRZrB3QZk\"><\/div>\n\n\n\n<p><\/p>\n\n\n\n<h2 class=\"wp-block-heading\">Erros que n\u00e3o deve cometer em processos da gest\u00e3o de pessoas<\/h2>\n\n\n\n<p>Quando falamos em processos de gest\u00e3o de pessoas, \u00e9 natural que as empresas pensem que est\u00e3o a fazer tudo da melhor forma. No entanto, existem alguns erros que podem comprometer uma gest\u00e3o de pessoas estrat\u00e9gica e eficaz.<\/p>\n\n\n\n<h3 class=\"wp-block-heading\">N\u00e3o planejar<\/h3>\n\n\n\n<p>\u00c9 importante planejar cada fase da <strong>administra\u00e7\u00e3o de recursos humanos<\/strong>. Cada a\u00e7\u00e3o desenvolvida deve gerar resultados e isso s\u00f3 acontecer\u00e1 se o gestor e os RH definirem o que deve ser feito tendo em vista o objetivo a alcan\u00e7ar.<\/p>\n\n\n\n<div id=\"cbox-0JkBqo83i0tPVJnI\"><\/div>\n\n\n\n<p><\/p>\n\n\n\n<p><\/p>\n\n\n\n<h3 class=\"wp-block-heading\">Comunica\u00e7\u00e3o fraca<\/h3>\n\n\n\n<p>As <strong>informa\u00e7\u00f5es que s\u00e3o transmitidas aos colaboradores devem circular de forma clara<\/strong>, para que n\u00e3o gere d\u00favidas ou algum tipo de conflito. Uma <a href=\"\/blog\/pt\/comunicacao-interna\/\" data-wpel-link=\"internal\" target=\"_blank\">comunica\u00e7\u00e3o interna<\/a> objetiva favorece uma rela\u00e7\u00e3o de confian\u00e7a.<\/p>\n\n\n\n<h3 class=\"wp-block-heading\">Objetivos inating\u00edveis <\/h3>\n\n\n\n<p>S\u00e3o os desafios que determinam a motiva\u00e7\u00e3o de todos os envolvidos, mas <strong>\u00e9 importante que os desafios ou metas a atingir sejam vi\u00e1veis<\/strong>. Quando se definem objetivos demasiado ambiciosos ou fora do alcance, a estrat\u00e9gia pode ficar comprometida. <\/p>\n\n\n\n<figure class=\"wp-block-image size-large\"><a href=\"\/br\/avaliacao-desempenho\/\" target=\"_blank\" rel=\"noopener\" data-wpel-link=\"internal\"><img decoding=\"async\" width=\"1500\" height=\"1109\" src=\"https:\/\/www.bizneo.com\/blog\/wp-content\/uploads\/2021\/04\/Sistema-com-avaliacao-por-objetivos.webp\" alt=\"Avalia\u00e7\u00e3o de desempenho por objetivos\" class=\"wp-image-21629\" srcset=\"https:\/\/www.bizneo.com\/blog\/wp-content\/uploads\/2021\/04\/Sistema-com-avaliacao-por-objetivos.webp 1500w, https:\/\/www.bizneo.com\/blog\/wp-content\/uploads\/2021\/04\/Sistema-com-avaliacao-por-objetivos-300x222.webp 300w, https:\/\/www.bizneo.com\/blog\/wp-content\/uploads\/2021\/04\/Sistema-com-avaliacao-por-objetivos-1024x757.webp 1024w, https:\/\/www.bizneo.com\/blog\/wp-content\/uploads\/2021\/04\/Sistema-com-avaliacao-por-objetivos-768x568.webp 768w, https:\/\/www.bizneo.com\/blog\/wp-content\/uploads\/2021\/04\/Sistema-com-avaliacao-por-objetivos-810x599.webp 810w, https:\/\/www.bizneo.com\/blog\/wp-content\/uploads\/2021\/04\/Sistema-com-avaliacao-por-objetivos-1140x843.webp 1140w\" sizes=\"(max-width: 1500px) 100vw, 1500px\" \/><\/a><\/figure>\n\n\n\n<h3 class=\"wp-block-heading\">Falta de treinamento<\/h3>\n\n\n\n<p>As equipas de trabalho devem ter um <strong>cronograma de treinamentos<\/strong>, sejam eles obrigat\u00f3rios ou opcionais. Mesmo que os objetivos estejam sendo alcan\u00e7ados, a melhoria cont\u00ednua \u00e9 um ponto a favor.<\/p>\n\n\n\n<p>J\u00e1 l\u00e1 vai o tempo em que nas empresas apenas importava as atividades mais operacionais nos departamentos de RH. Hoje, mais do que nunca, a vis\u00e3o de que <strong>as pessoas s\u00e3o o recurso mais importante<\/strong> a trabalhar \u00e9 uma realidade.<\/p>\n\n\n\n<p>Os processos da gest\u00e3o de pessoas assumem um papel cada vez mais relevante, no qual os colaboradores e as empresas se devem manter alinhados na concretiza\u00e7\u00e3o de objetivos comuns.<\/p>\n\n\n\n<p>Gerir pessoas \u00e9 uma tarefa com alguma complexidade, mas, felizmente, hoje existem v\u00e1rias plataformas que permitem agilizar todos estes processos. <\/p>\n\n\n\n<figure class=\"wp-block-image size-full\"><a href=\"\/br\/\" target=\"_blank\" rel=\"noreferrer noopener\" data-wpel-link=\"internal\"><img decoding=\"async\" width=\"1280\" height=\"1068\" src=\"https:\/\/www.bizneo.com\/blog\/wp-content\/uploads\/2021\/04\/Bizneo-Software-Recursos-Humanos.webp\" alt=\"Portal de RH\" class=\"wp-image-21718\" srcset=\"https:\/\/www.bizneo.com\/blog\/wp-content\/uploads\/2021\/04\/Bizneo-Software-Recursos-Humanos.webp 1280w, https:\/\/www.bizneo.com\/blog\/wp-content\/uploads\/2021\/04\/Bizneo-Software-Recursos-Humanos-300x250.webp 300w, https:\/\/www.bizneo.com\/blog\/wp-content\/uploads\/2021\/04\/Bizneo-Software-Recursos-Humanos-1024x854.webp 1024w, https:\/\/www.bizneo.com\/blog\/wp-content\/uploads\/2021\/04\/Bizneo-Software-Recursos-Humanos-768x641.webp 768w, https:\/\/www.bizneo.com\/blog\/wp-content\/uploads\/2021\/04\/Bizneo-Software-Recursos-Humanos-810x676.webp 810w, https:\/\/www.bizneo.com\/blog\/wp-content\/uploads\/2021\/04\/Bizneo-Software-Recursos-Humanos-1140x951.webp 1140w\" sizes=\"(max-width: 1280px) 100vw, 1280px\" \/><\/a><\/figure>\n\n\n\n<p>Um <a href=\"\/br\/\" data-wpel-link=\"internal\" target=\"_blank\">software de RH<\/a> permite a centraliza\u00e7\u00e3o e gest\u00e3o de toda a informa\u00e7\u00e3o, permitindo-lhe estar mais atento \u00e0s necessidades da sua empresa e implementando as a\u00e7\u00f5es necess\u00e1rias para que todas as metas sejam alcan\u00e7adas. <\/p>\n\n\n\n<figure class=\"wp-block-image size-full\"><a href=\"https:\/\/hello.bizneo.com\/demo\/suite\/br\/?utm_content=post-banner-grande\" target=\"_blank\" rel=\"noopener\" data-wpel-link=\"internal\"><img decoding=\"async\" width=\"1360\" height=\"408\" src=\"https:\/\/www.bizneo.com\/blog\/wp-content\/uploads\/2021\/04\/Software-Recursos-Humanos-RH.jpg\" alt=\"Software de Recursos Humanos (RH)\" class=\"wp-image-21674\" srcset=\"https:\/\/www.bizneo.com\/blog\/wp-content\/uploads\/2021\/04\/Software-Recursos-Humanos-RH.jpg 1360w, https:\/\/www.bizneo.com\/blog\/wp-content\/uploads\/2021\/04\/Software-Recursos-Humanos-RH-300x90.jpg 300w, https:\/\/www.bizneo.com\/blog\/wp-content\/uploads\/2021\/04\/Software-Recursos-Humanos-RH-1024x307.jpg 1024w, https:\/\/www.bizneo.com\/blog\/wp-content\/uploads\/2021\/04\/Software-Recursos-Humanos-RH-768x230.jpg 768w, https:\/\/www.bizneo.com\/blog\/wp-content\/uploads\/2021\/04\/Software-Recursos-Humanos-RH-810x243.jpg 810w, https:\/\/www.bizneo.com\/blog\/wp-content\/uploads\/2021\/04\/Software-Recursos-Humanos-RH-1140x342.jpg 1140w\" sizes=\"(max-width: 1360px) 100vw, 1360px\" \/><\/a><\/figure>\n","protected":false},"excerpt":{"rendered":"<p>Saiba em detalhes sobre os processos da gest\u00e3o de pessoas que permitem cuidar e desenvolver os funcion\u00e1rios.<\/p>\n","protected":false},"author":26,"featured_media":36276,"comment_status":"open","ping_status":"open","sticky":false,"template":"","format":"standard","meta":{"_uag_custom_page_level_css":"","site-sidebar-layout":"default","site-content-layout":"","ast-site-content-layout":"default","site-content-style":"default","site-sidebar-style":"default","ast-global-header-display":"","ast-banner-title-visibility":"","ast-main-header-display":"","ast-hfb-above-header-display":"","ast-hfb-below-header-display":"","ast-hfb-mobile-header-display":"","site-post-title":"","ast-breadcrumbs-content":"","ast-featured-img":"","footer-sml-layout":"","ast-disable-related-posts":"","theme-transparent-header-meta":"","adv-header-id-meta":"","stick-header-meta":"","header-above-stick-meta":"","header-main-stick-meta":"","header-below-stick-meta":"","astra-migrate-meta-layouts":"default","ast-page-background-enabled":"default","ast-page-background-meta":{"desktop":{"background-color":"var(--ast-global-color-5)","background-image":"","background-repeat":"repeat","background-position":"center center","background-size":"auto","background-attachment":"scroll","background-type":"","background-media":"","overlay-type":"","overlay-color":"","overlay-opacity":"","overlay-gradient":""},"tablet":{"background-color":"","background-image":"","background-repeat":"repeat","background-position":"center center","background-size":"auto","background-attachment":"scroll","background-type":"","background-media":"","overlay-type":"","overlay-color":"","overlay-opacity":"","overlay-gradient":""},"mobile":{"background-color":"","background-image":"","background-repeat":"repeat","background-position":"center center","background-size":"auto","background-attachment":"scroll","background-type":"","background-media":"","overlay-type":"","overlay-color":"","overlay-opacity":"","overlay-gradient":""}},"ast-content-background-meta":{"desktop":{"background-color":"var(--ast-global-color-4)","background-image":"","background-repeat":"repeat","background-position":"center center","background-size":"auto","background-attachment":"scroll","background-type":"","background-media":"","overlay-type":"","overlay-color":"","overlay-opacity":"","overlay-gradient":""},"tablet":{"background-color":"var(--ast-global-color-4)","background-image":"","background-repeat":"repeat","background-position":"center center","background-size":"auto","background-attachment":"scroll","background-type":"","background-media":"","overlay-type":"","overlay-color":"","overlay-opacity":"","overlay-gradient":""},"mobile":{"background-color":"var(--ast-global-color-4)","background-image":"","background-repeat":"repeat","background-position":"center center","background-size":"auto","background-attachment":"scroll","background-type":"","background-media":"","overlay-type":"","overlay-color":"","overlay-opacity":"","overlay-gradient":""}},"footnotes":""},"categories":[207],"tags":[],"class_list":["post-35573","post","type-post","status-publish","format-standard","has-post-thumbnail","hentry","category-gestao-de-pessoal"],"yoast_head":"<!-- This site is optimized with the Yoast SEO plugin v27.4 - https:\/\/yoast.com\/product\/yoast-seo-wordpress\/ -->\n<title>5 Processos da gest\u00e3o de pessoas |\u00a0Como reter o talento<\/title>\n<meta name=\"description\" content=\"Quais s\u00e3o os principais processos da gest\u00e3o de pessoas? 1. Recrutamento. 2. Onboarding. 3. Treinamento. 4. Desenvolvimento. 5. Reconhecimento.\" \/>\n<meta name=\"robots\" content=\"index, follow, max-snippet:-1, max-image-preview:large, max-video-preview:-1\" \/>\n<meta property=\"og:locale\" content=\"es_ES\" \/>\n<meta property=\"og:type\" content=\"article\" \/>\n<meta property=\"og:title\" content=\"5 Processos da gest\u00e3o de pessoas |\u00a0Como reter o talento\" \/>\n<meta property=\"og:description\" content=\"Quais s\u00e3o os principais processos da gest\u00e3o de pessoas? 1. Recrutamento. 2. Onboarding. 3. Treinamento. 4. Desenvolvimento. 5. Reconhecimento.\" \/>\n<meta property=\"og:url\" content=\"https:\/\/www.bizneo.com\/blog\/pt\/processos-de-gestao-de-pessoas\/\" \/>\n<meta property=\"og:site_name\" content=\"Blog de Recursos Humanos de Bizneo HR: pr\u00e1ctico y actual\" \/>\n<meta property=\"article:published_time\" content=\"2022-10-07T08:44:17+00:00\" \/>\n<meta property=\"article:modified_time\" content=\"2026-02-04T11:02:59+00:00\" \/>\n<meta property=\"og:image\" content=\"https:\/\/www.bizneo.com\/blog\/wp-content\/uploads\/2022\/10\/processos-de-gestao-de-pessoas.jpg\" \/>\n\t<meta property=\"og:image:width\" content=\"1140\" \/>\n\t<meta property=\"og:image:height\" content=\"640\" \/>\n\t<meta property=\"og:image:type\" content=\"image\/jpeg\" \/>\n<meta name=\"author\" content=\"Mariana\" \/>\n<meta name=\"twitter:card\" content=\"summary_large_image\" \/>\n<meta name=\"twitter:label1\" content=\"Escrito por\" \/>\n\t<meta name=\"twitter:data1\" content=\"Mariana\" \/>\n\t<meta name=\"twitter:label2\" content=\"Tiempo de lectura\" \/>\n\t<meta name=\"twitter:data2\" content=\"89 minutos\" \/>\n<script type=\"application\/ld+json\" class=\"yoast-schema-graph\">{\"@context\":\"https:\\\/\\\/schema.org\",\"@graph\":[{\"@type\":[\"Article\",\"BlogPosting\"],\"@id\":\"https:\\\/\\\/www.bizneo.com\\\/blog\\\/pt\\\/processos-de-gestao-de-pessoas\\\/#article\",\"isPartOf\":{\"@id\":\"https:\\\/\\\/www.bizneo.com\\\/blog\\\/pt\\\/processos-de-gestao-de-pessoas\\\/\"},\"author\":{\"name\":\"Mariana\",\"@id\":\"https:\\\/\\\/www.bizneo.com\\\/blog\\\/#\\\/schema\\\/person\\\/51f43d1aea1133ed6ec679cc2ef5ae7d\"},\"headline\":\"Processos da gest\u00e3o de pessoas: como reter o talento na sua empresa\",\"datePublished\":\"2022-10-07T08:44:17+00:00\",\"dateModified\":\"2026-02-04T11:02:59+00:00\",\"mainEntityOfPage\":{\"@id\":\"https:\\\/\\\/www.bizneo.com\\\/blog\\\/pt\\\/processos-de-gestao-de-pessoas\\\/\"},\"wordCount\":1537,\"commentCount\":0,\"publisher\":{\"@id\":\"https:\\\/\\\/www.bizneo.com\\\/blog\\\/#organization\"},\"image\":{\"@id\":\"https:\\\/\\\/www.bizneo.com\\\/blog\\\/pt\\\/processos-de-gestao-de-pessoas\\\/#primaryimage\"},\"thumbnailUrl\":\"https:\\\/\\\/www.bizneo.com\\\/blog\\\/wp-content\\\/uploads\\\/2022\\\/10\\\/processos-de-gestao-de-pessoas.jpg\",\"articleSection\":[\"Gest\u00e3o de pessoal\"],\"inLanguage\":\"es\",\"potentialAction\":[{\"@type\":\"CommentAction\",\"name\":\"Comment\",\"target\":[\"https:\\\/\\\/www.bizneo.com\\\/blog\\\/pt\\\/processos-de-gestao-de-pessoas\\\/#respond\"]}]},{\"@type\":\"WebPage\",\"@id\":\"https:\\\/\\\/www.bizneo.com\\\/blog\\\/pt\\\/processos-de-gestao-de-pessoas\\\/\",\"url\":\"https:\\\/\\\/www.bizneo.com\\\/blog\\\/pt\\\/processos-de-gestao-de-pessoas\\\/\",\"name\":\"5 Processos da gest\u00e3o de pessoas |\u00a0Como reter o talento\",\"isPartOf\":{\"@id\":\"https:\\\/\\\/www.bizneo.com\\\/blog\\\/#website\"},\"primaryImageOfPage\":{\"@id\":\"https:\\\/\\\/www.bizneo.com\\\/blog\\\/pt\\\/processos-de-gestao-de-pessoas\\\/#primaryimage\"},\"image\":{\"@id\":\"https:\\\/\\\/www.bizneo.com\\\/blog\\\/pt\\\/processos-de-gestao-de-pessoas\\\/#primaryimage\"},\"thumbnailUrl\":\"https:\\\/\\\/www.bizneo.com\\\/blog\\\/wp-content\\\/uploads\\\/2022\\\/10\\\/processos-de-gestao-de-pessoas.jpg\",\"datePublished\":\"2022-10-07T08:44:17+00:00\",\"dateModified\":\"2026-02-04T11:02:59+00:00\",\"description\":\"Quais s\u00e3o os principais processos da gest\u00e3o de pessoas? 1. Recrutamento. 2. Onboarding. 3. Treinamento. 4. Desenvolvimento. 5. Reconhecimento.\",\"breadcrumb\":{\"@id\":\"https:\\\/\\\/www.bizneo.com\\\/blog\\\/pt\\\/processos-de-gestao-de-pessoas\\\/#breadcrumb\"},\"inLanguage\":\"es\",\"potentialAction\":[{\"@type\":\"ReadAction\",\"target\":[\"https:\\\/\\\/www.bizneo.com\\\/blog\\\/pt\\\/processos-de-gestao-de-pessoas\\\/\"]}]},{\"@type\":\"ImageObject\",\"inLanguage\":\"es\",\"@id\":\"https:\\\/\\\/www.bizneo.com\\\/blog\\\/pt\\\/processos-de-gestao-de-pessoas\\\/#primaryimage\",\"url\":\"https:\\\/\\\/www.bizneo.com\\\/blog\\\/wp-content\\\/uploads\\\/2022\\\/10\\\/processos-de-gestao-de-pessoas.jpg\",\"contentUrl\":\"https:\\\/\\\/www.bizneo.com\\\/blog\\\/wp-content\\\/uploads\\\/2022\\\/10\\\/processos-de-gestao-de-pessoas.jpg\",\"width\":1140,\"height\":640,\"caption\":\"processos de gestao de pessoas\"},{\"@type\":\"BreadcrumbList\",\"@id\":\"https:\\\/\\\/www.bizneo.com\\\/blog\\\/pt\\\/processos-de-gestao-de-pessoas\\\/#breadcrumb\",\"itemListElement\":[{\"@type\":\"ListItem\",\"position\":1,\"name\":\"Portada\",\"item\":\"https:\\\/\\\/www.bizneo.com\\\/blog\\\/\"},{\"@type\":\"ListItem\",\"position\":2,\"name\":\"Gest\u00e3o de pessoal\",\"item\":\"https:\\\/\\\/www.bizneo.com\\\/blog\\\/pt\\\/category\\\/gestao-de-pessoal\\\/\"},{\"@type\":\"ListItem\",\"position\":3,\"name\":\"Processos da gest\u00e3o de pessoas: como reter o talento na sua empresa\"}]},{\"@type\":\"WebSite\",\"@id\":\"https:\\\/\\\/www.bizneo.com\\\/blog\\\/#website\",\"url\":\"https:\\\/\\\/www.bizneo.com\\\/blog\\\/\",\"name\":\"Blog de Recursos Humanos de Bizneo HR: pr\u00e1ctico y actual\",\"description\":\"Todo sobre actualidad, herramientas y tecnolog\u00eda  para optimizar la gesti\u00f3n del talento humano\",\"publisher\":{\"@id\":\"https:\\\/\\\/www.bizneo.com\\\/blog\\\/#organization\"},\"potentialAction\":[{\"@type\":\"SearchAction\",\"target\":{\"@type\":\"EntryPoint\",\"urlTemplate\":\"https:\\\/\\\/www.bizneo.com\\\/blog\\\/?s={search_term_string}\"},\"query-input\":{\"@type\":\"PropertyValueSpecification\",\"valueRequired\":true,\"valueName\":\"search_term_string\"}}],\"inLanguage\":\"es\"},{\"@type\":\"Organization\",\"@id\":\"https:\\\/\\\/www.bizneo.com\\\/blog\\\/#organization\",\"name\":\"Bizneo HR\",\"url\":\"https:\\\/\\\/www.bizneo.com\\\/blog\\\/\",\"logo\":{\"@type\":\"ImageObject\",\"inLanguage\":\"es\",\"@id\":\"https:\\\/\\\/www.bizneo.com\\\/blog\\\/#\\\/schema\\\/logo\\\/image\\\/\",\"url\":\"https:\\\/\\\/www.bizneo.com\\\/blog\\\/wp-content\\\/uploads\\\/2020\\\/09\\\/Icono-Logo-Bizneo-HR.png\",\"contentUrl\":\"https:\\\/\\\/www.bizneo.com\\\/blog\\\/wp-content\\\/uploads\\\/2020\\\/09\\\/Icono-Logo-Bizneo-HR.png\",\"width\":834,\"height\":834,\"caption\":\"Bizneo HR\"},\"image\":{\"@id\":\"https:\\\/\\\/www.bizneo.com\\\/blog\\\/#\\\/schema\\\/logo\\\/image\\\/\"}},{\"@type\":\"Person\",\"@id\":\"https:\\\/\\\/www.bizneo.com\\\/blog\\\/#\\\/schema\\\/person\\\/51f43d1aea1133ed6ec679cc2ef5ae7d\",\"name\":\"Mariana\",\"image\":{\"@type\":\"ImageObject\",\"inLanguage\":\"es\",\"@id\":\"https:\\\/\\\/secure.gravatar.com\\\/avatar\\\/ef4d4bb38255c7f2bfb5958bd7539c0e1f95adfcc0fcaa2ccde50cb0d06bd4d8?s=96&d=mm&r=g\",\"url\":\"https:\\\/\\\/secure.gravatar.com\\\/avatar\\\/ef4d4bb38255c7f2bfb5958bd7539c0e1f95adfcc0fcaa2ccde50cb0d06bd4d8?s=96&d=mm&r=g\",\"contentUrl\":\"https:\\\/\\\/secure.gravatar.com\\\/avatar\\\/ef4d4bb38255c7f2bfb5958bd7539c0e1f95adfcc0fcaa2ccde50cb0d06bd4d8?s=96&d=mm&r=g\",\"caption\":\"Mariana\"},\"url\":\"https:\\\/\\\/www.bizneo.com\\\/blog\\\/author\\\/mariana\\\/\"}]}<\/script>\n<!-- \/ Yoast SEO plugin. -->","yoast_head_json":{"title":"5 Processos da gest\u00e3o de pessoas |\u00a0Como reter o talento","description":"Quais s\u00e3o os principais processos da gest\u00e3o de pessoas? 1. Recrutamento. 2. Onboarding. 3. Treinamento. 4. Desenvolvimento. 5. Reconhecimento.","robots":{"index":"index","follow":"follow","max-snippet":"max-snippet:-1","max-image-preview":"max-image-preview:large","max-video-preview":"max-video-preview:-1"},"og_locale":"es_ES","og_type":"article","og_title":"5 Processos da gest\u00e3o de pessoas |\u00a0Como reter o talento","og_description":"Quais s\u00e3o os principais processos da gest\u00e3o de pessoas? 1. Recrutamento. 2. Onboarding. 3. Treinamento. 4. Desenvolvimento. 5. Reconhecimento.","og_url":"https:\/\/www.bizneo.com\/blog\/pt\/processos-de-gestao-de-pessoas\/","og_site_name":"Blog de Recursos Humanos de Bizneo HR: pr\u00e1ctico y actual","article_published_time":"2022-10-07T08:44:17+00:00","article_modified_time":"2026-02-04T11:02:59+00:00","og_image":[{"width":1140,"height":640,"url":"https:\/\/www.bizneo.com\/blog\/wp-content\/uploads\/2022\/10\/processos-de-gestao-de-pessoas.jpg","type":"image\/jpeg"}],"author":"Mariana","twitter_card":"summary_large_image","twitter_misc":{"Escrito por":"Mariana","Tiempo de lectura":"89 minutos"},"schema":{"@context":"https:\/\/schema.org","@graph":[{"@type":["Article","BlogPosting"],"@id":"https:\/\/www.bizneo.com\/blog\/pt\/processos-de-gestao-de-pessoas\/#article","isPartOf":{"@id":"https:\/\/www.bizneo.com\/blog\/pt\/processos-de-gestao-de-pessoas\/"},"author":{"name":"Mariana","@id":"https:\/\/www.bizneo.com\/blog\/#\/schema\/person\/51f43d1aea1133ed6ec679cc2ef5ae7d"},"headline":"Processos da gest\u00e3o de pessoas: como reter o talento na sua empresa","datePublished":"2022-10-07T08:44:17+00:00","dateModified":"2026-02-04T11:02:59+00:00","mainEntityOfPage":{"@id":"https:\/\/www.bizneo.com\/blog\/pt\/processos-de-gestao-de-pessoas\/"},"wordCount":1537,"commentCount":0,"publisher":{"@id":"https:\/\/www.bizneo.com\/blog\/#organization"},"image":{"@id":"https:\/\/www.bizneo.com\/blog\/pt\/processos-de-gestao-de-pessoas\/#primaryimage"},"thumbnailUrl":"https:\/\/www.bizneo.com\/blog\/wp-content\/uploads\/2022\/10\/processos-de-gestao-de-pessoas.jpg","articleSection":["Gest\u00e3o de pessoal"],"inLanguage":"es","potentialAction":[{"@type":"CommentAction","name":"Comment","target":["https:\/\/www.bizneo.com\/blog\/pt\/processos-de-gestao-de-pessoas\/#respond"]}]},{"@type":"WebPage","@id":"https:\/\/www.bizneo.com\/blog\/pt\/processos-de-gestao-de-pessoas\/","url":"https:\/\/www.bizneo.com\/blog\/pt\/processos-de-gestao-de-pessoas\/","name":"5 Processos da gest\u00e3o de pessoas |\u00a0Como reter o talento","isPartOf":{"@id":"https:\/\/www.bizneo.com\/blog\/#website"},"primaryImageOfPage":{"@id":"https:\/\/www.bizneo.com\/blog\/pt\/processos-de-gestao-de-pessoas\/#primaryimage"},"image":{"@id":"https:\/\/www.bizneo.com\/blog\/pt\/processos-de-gestao-de-pessoas\/#primaryimage"},"thumbnailUrl":"https:\/\/www.bizneo.com\/blog\/wp-content\/uploads\/2022\/10\/processos-de-gestao-de-pessoas.jpg","datePublished":"2022-10-07T08:44:17+00:00","dateModified":"2026-02-04T11:02:59+00:00","description":"Quais s\u00e3o os principais processos da gest\u00e3o de pessoas? 1. Recrutamento. 2. Onboarding. 3. Treinamento. 4. Desenvolvimento. 5. Reconhecimento.","breadcrumb":{"@id":"https:\/\/www.bizneo.com\/blog\/pt\/processos-de-gestao-de-pessoas\/#breadcrumb"},"inLanguage":"es","potentialAction":[{"@type":"ReadAction","target":["https:\/\/www.bizneo.com\/blog\/pt\/processos-de-gestao-de-pessoas\/"]}]},{"@type":"ImageObject","inLanguage":"es","@id":"https:\/\/www.bizneo.com\/blog\/pt\/processos-de-gestao-de-pessoas\/#primaryimage","url":"https:\/\/www.bizneo.com\/blog\/wp-content\/uploads\/2022\/10\/processos-de-gestao-de-pessoas.jpg","contentUrl":"https:\/\/www.bizneo.com\/blog\/wp-content\/uploads\/2022\/10\/processos-de-gestao-de-pessoas.jpg","width":1140,"height":640,"caption":"processos de gestao de pessoas"},{"@type":"BreadcrumbList","@id":"https:\/\/www.bizneo.com\/blog\/pt\/processos-de-gestao-de-pessoas\/#breadcrumb","itemListElement":[{"@type":"ListItem","position":1,"name":"Portada","item":"https:\/\/www.bizneo.com\/blog\/"},{"@type":"ListItem","position":2,"name":"Gest\u00e3o de pessoal","item":"https:\/\/www.bizneo.com\/blog\/pt\/category\/gestao-de-pessoal\/"},{"@type":"ListItem","position":3,"name":"Processos da gest\u00e3o de pessoas: como reter o talento na sua empresa"}]},{"@type":"WebSite","@id":"https:\/\/www.bizneo.com\/blog\/#website","url":"https:\/\/www.bizneo.com\/blog\/","name":"Blog de Recursos Humanos de Bizneo HR: pr\u00e1ctico y actual","description":"Todo sobre actualidad, herramientas y tecnolog\u00eda  para optimizar la gesti\u00f3n del talento humano","publisher":{"@id":"https:\/\/www.bizneo.com\/blog\/#organization"},"potentialAction":[{"@type":"SearchAction","target":{"@type":"EntryPoint","urlTemplate":"https:\/\/www.bizneo.com\/blog\/?s={search_term_string}"},"query-input":{"@type":"PropertyValueSpecification","valueRequired":true,"valueName":"search_term_string"}}],"inLanguage":"es"},{"@type":"Organization","@id":"https:\/\/www.bizneo.com\/blog\/#organization","name":"Bizneo HR","url":"https:\/\/www.bizneo.com\/blog\/","logo":{"@type":"ImageObject","inLanguage":"es","@id":"https:\/\/www.bizneo.com\/blog\/#\/schema\/logo\/image\/","url":"https:\/\/www.bizneo.com\/blog\/wp-content\/uploads\/2020\/09\/Icono-Logo-Bizneo-HR.png","contentUrl":"https:\/\/www.bizneo.com\/blog\/wp-content\/uploads\/2020\/09\/Icono-Logo-Bizneo-HR.png","width":834,"height":834,"caption":"Bizneo HR"},"image":{"@id":"https:\/\/www.bizneo.com\/blog\/#\/schema\/logo\/image\/"}},{"@type":"Person","@id":"https:\/\/www.bizneo.com\/blog\/#\/schema\/person\/51f43d1aea1133ed6ec679cc2ef5ae7d","name":"Mariana","image":{"@type":"ImageObject","inLanguage":"es","@id":"https:\/\/secure.gravatar.com\/avatar\/ef4d4bb38255c7f2bfb5958bd7539c0e1f95adfcc0fcaa2ccde50cb0d06bd4d8?s=96&d=mm&r=g","url":"https:\/\/secure.gravatar.com\/avatar\/ef4d4bb38255c7f2bfb5958bd7539c0e1f95adfcc0fcaa2ccde50cb0d06bd4d8?s=96&d=mm&r=g","contentUrl":"https:\/\/secure.gravatar.com\/avatar\/ef4d4bb38255c7f2bfb5958bd7539c0e1f95adfcc0fcaa2ccde50cb0d06bd4d8?s=96&d=mm&r=g","caption":"Mariana"},"url":"https:\/\/www.bizneo.com\/blog\/author\/mariana\/"}]}},"spectra_custom_meta":{"_edit_lock":["1770203097:10"],"_edit_last":["10"],"onesignal_meta_box_present":["1"],"onesignal_send_notification":[""],"onesignal_modify_title_and_content":[""],"onesignal_notification_custom_heading":[null],"onesignal_notification_custom_content":[null],"wp_review_type":["none"],"_at_widget":["1"],"_vce_meta":["a:4:{s:11:\"use_sidebar\";s:7:\"inherit\";s:7:\"sidebar\";s:7:\"inherit\";s:14:\"sticky_sidebar\";s:7:\"inherit\";s:6:\"layout\";s:7:\"inherit\";}"],"_yoast_wpseo_primary_category":["207"],"_yoast_wpseo_focuskw":["Processos de gest\u00e3o de pessoas"],"_yoast_wpseo_title":["5 Processos da gest\u00e3o de pessoas |\u00a0Como reter o talento"],"_yoast_wpseo_metadesc":["Quais s\u00e3o os principais processos da gest\u00e3o de pessoas? 1. Recrutamento. 2. Onboarding. 3. Treinamento. 4. Desenvolvimento. 5. Reconhecimento."],"_yoast_wpseo_linkdex":["88"],"_yoast_wpseo_estimated-reading-time-minutes":["89"],"_yoast_wpseo_wordproof_timestamp":[""],"_thumbnail_id":["36276"],"Views":["685"],"_yoast_wpseo_content_score":["90"],"_uag_css_file_name":["uag-css-35573.css"]},"uagb_featured_image_src":{"full":["https:\/\/www.bizneo.com\/blog\/wp-content\/uploads\/2022\/10\/processos-de-gestao-de-pessoas.jpg",1140,640,false],"thumbnail":["https:\/\/www.bizneo.com\/blog\/wp-content\/uploads\/2022\/10\/processos-de-gestao-de-pessoas-150x150.jpg",150,150,true],"medium":["https:\/\/www.bizneo.com\/blog\/wp-content\/uploads\/2022\/10\/processos-de-gestao-de-pessoas-300x168.jpg",300,168,true],"medium_large":["https:\/\/www.bizneo.com\/blog\/wp-content\/uploads\/2022\/10\/processos-de-gestao-de-pessoas-768x431.jpg",768,431,true],"large":["https:\/\/www.bizneo.com\/blog\/wp-content\/uploads\/2022\/10\/processos-de-gestao-de-pessoas-1024x575.jpg",1024,575,true],"1536x1536":["https:\/\/www.bizneo.com\/blog\/wp-content\/uploads\/2022\/10\/processos-de-gestao-de-pessoas.jpg",1140,640,false],"2048x2048":["https:\/\/www.bizneo.com\/blog\/wp-content\/uploads\/2022\/10\/processos-de-gestao-de-pessoas.jpg",1140,640,false]},"uagb_author_info":{"display_name":"Mariana","author_link":"https:\/\/www.bizneo.com\/blog\/author\/mariana\/"},"uagb_comment_info":0,"uagb_excerpt":"Saiba em detalhes sobre os processos da gest\u00e3o de pessoas que permitem cuidar e desenvolver os funcion\u00e1rios.","_links":{"self":[{"href":"https:\/\/www.bizneo.com\/blog\/wp-json\/wp\/v2\/posts\/35573","targetHints":{"allow":["GET"]}}],"collection":[{"href":"https:\/\/www.bizneo.com\/blog\/wp-json\/wp\/v2\/posts"}],"about":[{"href":"https:\/\/www.bizneo.com\/blog\/wp-json\/wp\/v2\/types\/post"}],"author":[{"embeddable":true,"href":"https:\/\/www.bizneo.com\/blog\/wp-json\/wp\/v2\/users\/26"}],"replies":[{"embeddable":true,"href":"https:\/\/www.bizneo.com\/blog\/wp-json\/wp\/v2\/comments?post=35573"}],"version-history":[{"count":35,"href":"https:\/\/www.bizneo.com\/blog\/wp-json\/wp\/v2\/posts\/35573\/revisions"}],"predecessor-version":[{"id":59755,"href":"https:\/\/www.bizneo.com\/blog\/wp-json\/wp\/v2\/posts\/35573\/revisions\/59755"}],"wp:featuredmedia":[{"embeddable":true,"href":"https:\/\/www.bizneo.com\/blog\/wp-json\/wp\/v2\/media\/36276"}],"wp:attachment":[{"href":"https:\/\/www.bizneo.com\/blog\/wp-json\/wp\/v2\/media?parent=35573"}],"wp:term":[{"taxonomy":"category","embeddable":true,"href":"https:\/\/www.bizneo.com\/blog\/wp-json\/wp\/v2\/categories?post=35573"},{"taxonomy":"post_tag","embeddable":true,"href":"https:\/\/www.bizneo.com\/blog\/wp-json\/wp\/v2\/tags?post=35573"}],"curies":[{"name":"wp","href":"https:\/\/api.w.org\/{rel}","templated":true}]}}