{"id":33663,"date":"2025-06-20T11:10:00","date_gmt":"2025-06-20T10:10:00","guid":{"rendered":"https:\/\/www.bizneo.com\/blog\/?p=33663"},"modified":"2026-01-26T16:38:47","modified_gmt":"2026-01-26T15:38:47","slug":"gestion-des-talents","status":"publish","type":"post","link":"https:\/\/www.bizneo.com\/blog\/fr\/gestion-des-talents\/","title":{"rendered":"Gestion des talents | 5 strat\u00e9gies et exemples de r\u00e9ussite"},"content":{"rendered":"\n<p>La gestion des talents consiste \u00e0 <strong>identifier les comp\u00e9tences professionnelles, les attitudes et les aptitudes que <\/strong>vos collaborateurs doivent poss\u00e9der pour \u00eatre performant.&nbsp;<\/p>\n\n\n\n<div class=\"bzn-pie\"><div class=\"donut-pie\"><svg version=\"1.1\" class=\"donut-pie-svg\" xmlns=\"http:\/\/www.w3.org\/2000\/svg\" xmlns:xlink=\"http:\/\/www.w3.org\/1999\/xlink\" x=\"0px\" y=\"0px\" viewBox=\"0 0 256 256\" style=\"enable-background:new 0 0 256 256;\" xml:space=\"preserve\"><circle style=\"fill:none;stroke:#E2E4E9;stroke-width:5;stroke-miterlimit:10;\" cx=\"128\" cy=\"128\" r=\"111.5\"\/><circle style=\"fill:none;stroke:#7D9DEA;stroke-width:15;stroke-linecap:round;stroke-miterlimit:10;stroke-dasharray:105,999;\" cx=\"128\" cy=\"128\" r=\"111.5\"\/><text transform=\"matrix(1 0 0 1 63.7307 154.5616)\" style=\"fill:#1E2941; font-family:'Plus Jakarta Sans'; font-size: 70px; font-weight: 600; line-height: 56px;\">15<\/text><text transform=\"matrix(1 0 0 1 146.7307 140.5616)\" style=\"fill:#667085;font-family:'Nunito Sans'; font-size:50px; font-weight: 400; line-height: 56px; \">%<\/text><\/svg><\/div><p class=\"cnt\" markdown=\"1\"> Une \u00e9tude du Hackett Group a r\u00e9v\u00e9l\u00e9 que les entreprises qui appliquent cette strat\u00e9gie ont un chiffre d&#8217;affaires sup\u00e9rieur de 15 % par rapport \u00e0 leurs concurrents. <\/p><\/div>\n\n\n\n<p><\/p>\n\n\n\n<p>Par la suite, une enqu\u00eate men\u00e9e par <strong>McBassi &amp; Co.5 <\/strong>a \u00e9tabli que les entreprises qui g\u00e8rent les talents en s&#8217;appuyant sur le leadership, la loyaut\u00e9, la formation, l&#8217;innovation et la comp\u00e9tence, sont plus stables sur le march\u00e9. Elles r\u00e9alisent des b\u00e9n\u00e9fices plus \u00e9lev\u00e9s.<\/p>\n\n\n\n<p>Alors, comment r\u00e9aliser une bonne <a href=\"https:\/\/www.bizneo.com\/blog\/fr\/gpec\/\" data-wpel-link=\"internal\" target=\"_blank\">GPEC<\/a> ? Quels sont les exemples \u00e0 prendre en compte pour mettre en place une strat\u00e9gie efficace ?<\/p>\n\n\n\n<h2 class=\"wp-block-heading\">Qu&#8217;est-ce que la gestion des talents ?<\/h2>\n\n\n\n<p>La gestion des talents fait r\u00e9f\u00e9rence aux strat\u00e9gies et processus utilis\u00e9s par les entreprises<strong> pour attirer, d\u00e9velopper, motiver et retenir les collaborateurs \u00e0 plus fort potentiel,<\/strong> maximisant ainsi leur performance et leur contribution \u00e0 la r\u00e9ussite de l\u2019organisation.<\/p>\n\n\n\n<p>Dans cette optique, le management des talents est caract\u00e9ris\u00e9 par l&#8217;accent mis sur des aspects tels que l&#8217;<strong>engagement des<\/strong> <strong>salari\u00e9s<\/strong>, leur <strong>potentiel<\/strong> ou la mani\u00e8re d&#8217;\u00e9viter la <strong>d\u00e9motivation<\/strong>.<\/p>\n\n\n\n<p>Cette vision contemple l&#8217;ensemble du <a href=\"\/blog\/fr\/cycle-de-vie-du-salarie\/\" data-wpel-link=\"internal\" target=\"_blank\">cycle de vie dans l&#8217;entreprise<\/a>. Il commence avec l&#8217;arriv\u00e9e d&#8217;un nouveau collaborateur (onboarding) et se poursuit jusqu&#8217;\u00e0 son d\u00e9part de l&#8217;entreprise (entretiens de d\u00e9part). <\/p>\n\n\n\n<blockquote class=\"wp-block-quote is-layout-flow wp-block-quote-is-layout-flow\">\n<p>Selon le <a href=\"https:\/\/www.shrm.org\/resourcesandtools\/hr-topics\/organizational-and-employee-development\/pages\/global-talent-trends-2024.aspx\" target=\"_blank\" rel=\"nofollow noopener\" data-wpel-link=\"external\">rapport Talent Trends 2024 de la SHRM<\/a>, 55\u202f% des organisations d\u00e9clarent que la croissance de leur effectif et de leurs revenus est directement li\u00e9e \u00e0 leurs strat\u00e9gies de gestion des talents, soulignant le lien entre les bons talents et les performances de l\u2019entreprise.<\/p>\n<\/blockquote>\n\n\n\n<p>D\u00e9couvrez <strong>comment un <a href=\"\/fr\/\" data-wpel-link=\"internal\" target=\"_blank\">logiciel SIRH<\/a> peut apporter un vrai facteur suppl\u00e9mentaire <\/strong>pour aider votre d\u00e9partement RH \u00e0 prendre en charge le flux de chaque professionnel.<\/p>\n\n\n\n<div id=\"cbox-I61FlLunbi3bQuEj\"><\/div>\n\n\n\n<p><\/p>\n\n\n\n<h2 class=\"wp-block-heading\">Les 5 cl\u00e9s de la gestion des talents<\/h2>\n\n\n\n<p>Mais <strong>comment construire une bonne strat\u00e9gie de management des talents en partant de z\u00e9ro ? <\/strong>Il est clair que les entreprises qui ont n\u00e9glig\u00e9 ce domaine ont <strong>beaucoup de travail devant elles.<\/strong><\/p>\n\n\n\n<p>D\u00e9couvrez comment r\u00e9soudre les probl\u00e8mes li\u00e9s \u00e0 la gestion des talents avec l&#8217;utilisation d&#8217;un outil RH.  Nous avons \u00e9labor\u00e9 pour vous un guide complet avec des informations cl\u00e9s et les outils dont vous avez besoin. Vous trouverez une description g\u00e9n\u00e9rale des r\u00f4les les plus courants que l&#8217;on peut trouver dans les entreprises et des <strong>pr\u00e9occupations ou d\u00e9fis les plus fr\u00e9quents<\/strong> auxquels ils sont confront\u00e9s lors de la gestion des talents.<\/p>\n\n\n\n<h3 class=\"wp-block-heading\">1. Mettre en place un plan strat\u00e9gique de gestion des talents<\/h3>\n\n\n\n<p><strong>Rien n&#8217;est le fruit du hasard<\/strong>. Il est possible que certaines variables s&#8217;am\u00e9liorent apparemment de mani\u00e8re totalement fortuite, mais le plus souvent, la croissance est le r\u00e9sultat d&#8217;un travail correctement planifi\u00e9.<\/p>\n\n\n\n<p>Disposer d&#8217;un plan strat\u00e9gique de gestion des talents en entreprise est <strong>la premi\u00e8re \u00e9tape <\/strong>\u00e0 mettre en place. Ce plan de gestion des talents doit faire l&#8217;objet d&#8217;un soutien maximal et \u00eatre pleinement adapt\u00e9 aux caract\u00e9ristiques de la soci\u00e9t\u00e9. Il doit \u00e9galement \u00eatre align\u00e9 sur les objectifs d\u00e9termin\u00e9s.<\/p>\n\n\n\n<p>Nous avons \u00e9labor\u00e9 un guide tr\u00e8s visuel avec des illustrations de l&#8217;impact des <a href=\"https:\/\/www.bizneo.com\/fr\/\" data-wpel-link=\"internal\" target=\"_blank\">logiciels RH<\/a> sur les diff\u00e9rents r\u00f4les dans une entreprise. En d&#8217;autres termes, il contribue \u00e0 r\u00e9soudre les principales pr\u00e9occupations et les principaux probl\u00e8mes de chaque poste. Il permet d\u2019optimiser le travail quotidien.<\/p>\n\n\n\n<figure class=\"wp-block-image size-full\"><a href=\"https:\/\/hello.bizneo.com\/template\/logiciel-rh-roles-dans-une-entreprise\/?utm_content=post-banner-medio\" data-wpel-link=\"internal\" target=\"_blank\"><img decoding=\"async\" width=\"1360\" height=\"204\" src=\"https:\/\/www.bizneo.com\/blog\/wp-content\/uploads\/2022\/02\/Banner-impact-logiciel-rh-roles.jpg\" alt=\"Banner impact logiciel rh roles\" class=\"wp-image-31953\" srcset=\"https:\/\/www.bizneo.com\/blog\/wp-content\/uploads\/2022\/02\/Banner-impact-logiciel-rh-roles.jpg 1360w, https:\/\/www.bizneo.com\/blog\/wp-content\/uploads\/2022\/02\/Banner-impact-logiciel-rh-roles-300x45.jpg 300w, https:\/\/www.bizneo.com\/blog\/wp-content\/uploads\/2022\/02\/Banner-impact-logiciel-rh-roles-1024x154.jpg 1024w, https:\/\/www.bizneo.com\/blog\/wp-content\/uploads\/2022\/02\/Banner-impact-logiciel-rh-roles-768x115.jpg 768w, https:\/\/www.bizneo.com\/blog\/wp-content\/uploads\/2022\/02\/Banner-impact-logiciel-rh-roles-810x122.jpg 810w, https:\/\/www.bizneo.com\/blog\/wp-content\/uploads\/2022\/02\/Banner-impact-logiciel-rh-roles-1140x171.jpg 1140w\" sizes=\"(max-width: 1360px) 100vw, 1360px\" \/><\/a><\/figure>\n\n\n\n<p><\/p>\n\n\n\n<h3 class=\"wp-block-heading\">2. La gestion des talents dans le recrutement<\/h3>\n\n\n\n<p>Le processus de recrutement est la premi\u00e8re \u00e9tape <strong>pour mettre en pratique la gestion des talents<\/strong>. Chaque processus de recrutement doit \u00eatre abord\u00e9 avec l&#8217;id\u00e9e d&#8217;attirer les meilleurs talents et de faire en sorte que ces derniers restent longtemps dans l&#8217;entreprise.<\/p>\n\n\n\n<p>Il est clair que le march\u00e9 compte de nombreux candidats apparemment bien qualifi\u00e9s, mais <strong>comment identifier les talents les plus appropri\u00e9s \u00e0 notre philosophie d&#8217;entreprise ?<\/strong><\/p>\n\n\n\n<p>Un <a href=\"https:\/\/www.bizneo.com\/fr\/logiciel-de-recrutement\/\" data-wpel-link=\"internal\" target=\"_blank\">logiciel de recrutement et de s\u00e9lection<\/a> (<a href=\"https:\/\/www.bizneo.com\/blog\/fr\/ats-recrutement\/\" data-wpel-link=\"internal\" target=\"_blank\">ATS<\/a>) peut rendre cette t\u00e2che beaucoup plus facile. Le syst\u00e8me permet de publier des offres sur plus <strong>de 200 plateformes de recrutement diff\u00e9rentes<\/strong>.&nbsp; Tout cela augmente consid\u00e9rablement les chances de trouver les profils les plus ad\u00e9quats tr\u00e8s facilement.<\/p>\n\n\n\n<figure class=\"wp-block-image size-full\"><a href=\"\/fr\/logiciel-de-recrutement\/\" data-wpel-link=\"internal\" target=\"_blank\"><img decoding=\"async\" width=\"1500\" height=\"1193\" src=\"https:\/\/www.bizneo.com\/blog\/wp-content\/uploads\/2021\/09\/logiciel-recrutement-ats.webp\" alt=\"Logiciel de Recrutement Digital\" class=\"wp-image-26235\" srcset=\"https:\/\/www.bizneo.com\/blog\/wp-content\/uploads\/2021\/09\/logiciel-recrutement-ats.webp 1500w, https:\/\/www.bizneo.com\/blog\/wp-content\/uploads\/2021\/09\/logiciel-recrutement-ats-300x239.webp 300w, https:\/\/www.bizneo.com\/blog\/wp-content\/uploads\/2021\/09\/logiciel-recrutement-ats-1024x814.webp 1024w, https:\/\/www.bizneo.com\/blog\/wp-content\/uploads\/2021\/09\/logiciel-recrutement-ats-768x611.webp 768w, https:\/\/www.bizneo.com\/blog\/wp-content\/uploads\/2021\/09\/logiciel-recrutement-ats-810x644.webp 810w, https:\/\/www.bizneo.com\/blog\/wp-content\/uploads\/2021\/09\/logiciel-recrutement-ats-1140x907.webp 1140w\" sizes=\"(max-width: 1500px) 100vw, 1500px\" \/><\/a><\/figure>\n\n\n\n<p>En outre, l&#8217;\u00e9valuation de chaque candidat peut \u00eatre automatis\u00e9e au moyen de <strong>killers questions et de syst\u00e8mes de notation. <\/strong>Ces techniques permettent d&#8217;\u00e9viter les pr\u00e9jug\u00e9s sur les personnes et de d\u00e9tecter les comp\u00e9tences les plus int\u00e9ressantes d\u00e8s le d\u00e9but.<\/p>\n\n\n\n<bzn-down><a href=\"https:\/\/hello.bizneo.com\/template\/recrutement-personnel\/\" id=\"destacado-wc-descarga\" target=\"_blank\" rel=\"noopener noreferrer\" data-wpel-link=\"internal\"><span class=\"bzn-link-title\">T\u00e9l\u00e9chargement GRATUIT: Mod\u00e8le de recrutement en format Excel<\/span>Parfait pour les processus de recrutement simples\n.<\/a><\/bzn-down>\n\n\n\n<p><\/p>\n\n\n\n<h3 class=\"wp-block-heading\">3. Identifier les talents internes<\/h3>\n\n\n\n<p>Attirer les meilleurs talents est une option pour se d\u00e9velopper et apporter de nouvelles comp\u00e9tences \u00e0 l&#8217;entreprise. Mais pourquoi ne pas promouvoir les salari\u00e9s qui poss\u00e8dent \u00e9galement les <a href=\"https:\/\/www.bizneo.com\/blog\/fr\/competences-professionnelles\/\" data-wpel-link=\"internal\" target=\"_blank\">comp\u00e9tences<\/a> dont l&#8217;entreprise a besoin ? Le rep\u00e9rage de ces talents peut acc\u00e9l\u00e9rer le processus de recrutement et, dans le m\u00eame temps, il constitue un <strong>renforcement tr\u00e8s positif de la motivation de l&#8217;ensemble du personnel<\/strong>.<\/p>\n\n\n\n<p>D\u00e9tecter correctement les talents internes n\u00e9cessite une prise en compte des diff\u00e9rents param\u00e8tres comme : productivit\u00e9, degr\u00e9 de r\u00e9solution dans divers domaines, formation, etc. Tout ceci repr\u00e9sente une lourde charge de travail pour le d\u00e9partement RH.<\/p>\n\n\n\n<figure class=\"wp-block-image size-full\"><a href=\"https:\/\/www.bizneo.com\/fr\/gestion-des-competences-gpec\/\" target=\"_blank\" rel=\"noreferrer noopener\" data-wpel-link=\"internal\"><img decoding=\"async\" width=\"1143\" height=\"1032\" src=\"https:\/\/www.bizneo.com\/blog\/wp-content\/uploads\/2021\/10\/Rapports-evaluation-talents-competences.webp\" alt=\"Rapport d'\u00e9valuation des comp\u00e9tences\" class=\"wp-image-27792\" srcset=\"https:\/\/www.bizneo.com\/blog\/wp-content\/uploads\/2021\/10\/Rapports-evaluation-talents-competences.webp 1143w, https:\/\/www.bizneo.com\/blog\/wp-content\/uploads\/2021\/10\/Rapports-evaluation-talents-competences-300x271.webp 300w, https:\/\/www.bizneo.com\/blog\/wp-content\/uploads\/2021\/10\/Rapports-evaluation-talents-competences-1024x925.webp 1024w, https:\/\/www.bizneo.com\/blog\/wp-content\/uploads\/2021\/10\/Rapports-evaluation-talents-competences-768x693.webp 768w, https:\/\/www.bizneo.com\/blog\/wp-content\/uploads\/2021\/10\/Rapports-evaluation-talents-competences-810x731.webp 810w, https:\/\/www.bizneo.com\/blog\/wp-content\/uploads\/2021\/10\/Rapports-evaluation-talents-competences-1140x1029.webp 1140w\" sizes=\"(max-width: 1143px) 100vw, 1143px\" \/><\/a><\/figure>\n\n\n\n<p>La mise en place d&#8217;un <a href=\"\/fr\/gestion-des-competences-gpec\/\" data-wpel-link=\"internal\" target=\"_blank\">logiciel GPEC<\/a> est un moyen rapide et efficace de <strong>mesurer les performances de chaque employ\u00e9 sur la base de crit\u00e8res objectifs pr\u00e9alablement \u00e9tablis<\/strong>. Il vous permet d&#8217;analyser les comp\u00e9tences et les qualit\u00e9s de chaque collaborateur et de les comparer aux comp\u00e9tences cl\u00e9s requises pour le poste.<\/p>\n\n\n\n<p>Ce programme permet d&#8217;\u00e9tablir des statistiques sur le long terme, d&#8217;\u00e9viter les pr\u00e9jug\u00e9s inconscients, <strong>d&#8217;identifier les besoins et les atouts et d&#8217;am\u00e9liorer la prise de d\u00e9cision<\/strong> (sur la base de donn\u00e9es objectives). En plus, elle am\u00e9liore la gestion de ces processus, avec les \u00e9conomies de co\u00fbts op\u00e9rationnels que cela implique.<\/p>\n\n\n\n<figure class=\"wp-block-image size-large\"><a href=\"https:\/\/www.bizneo.com\/fr\/gestion-des-competences-gpec\/\" target=\"_blank\" rel=\"noopener\" data-wpel-link=\"internal\"><img decoding=\"async\" width=\"1024\" height=\"154\" src=\"https:\/\/www.bizneo.com\/blog\/wp-content\/uploads\/2021\/08\/banner-medio-outil-evaluation-1024x154.jpg\" alt=\"syst\u00e8me d \u00e9valuation des performances du personnel\" class=\"wp-image-25142\" srcset=\"https:\/\/www.bizneo.com\/blog\/wp-content\/uploads\/2021\/08\/banner-medio-outil-evaluation-1024x154.jpg 1024w, https:\/\/www.bizneo.com\/blog\/wp-content\/uploads\/2021\/08\/banner-medio-outil-evaluation-300x45.jpg 300w, https:\/\/www.bizneo.com\/blog\/wp-content\/uploads\/2021\/08\/banner-medio-outil-evaluation-768x115.jpg 768w, https:\/\/www.bizneo.com\/blog\/wp-content\/uploads\/2021\/08\/banner-medio-outil-evaluation-810x122.jpg 810w, https:\/\/www.bizneo.com\/blog\/wp-content\/uploads\/2021\/08\/banner-medio-outil-evaluation-1140x171.jpg 1140w, https:\/\/www.bizneo.com\/blog\/wp-content\/uploads\/2021\/08\/banner-medio-outil-evaluation.jpg 1360w\" sizes=\"(max-width: 1024px) 100vw, 1024px\" \/><\/a><\/figure>\n\n\n\n<h3 class=\"wp-block-heading\">4. Formation et nouvelles m\u00e9thodologies d&#8217;apprentissage dans l&#8217;entreprise<\/h3>\n\n\n\n<p>L&#8217;une des tendances les plus importantes dans ce domaine est l&#8217;apprentissage tout au long de la vie. D\u2019apr\u00e8s cette vision, <strong>tous les professionnels sont tenus d&#8217;actualiser ou d&#8217;\u00e9largir r\u00e9guli\u00e8rement leurs connaissances et leurs comp\u00e9tences<\/strong>.<\/p>\n\n\n\n<p>Le syst\u00e8me d&#8217;apprentissage LMS donne non seulement la possibilit\u00e9 de choisir entre plusieurs options de formation. Il permet \u00e9galement aux entreprises de proc\u00e9der \u00e0 une <strong>\u00e9valuation plus pr\u00e9cise des r\u00e9sultats de chaque proposition de formation<\/strong>.<\/p>\n\n\n\n<figure class=\"wp-block-image size-full\"><a href=\"\/fr\/logiciel-gestion-formation\/\" target=\"_blank\" rel=\"noreferrer noopener\" data-wpel-link=\"internal\"><img decoding=\"async\" width=\"1500\" height=\"1006\" src=\"https:\/\/www.bizneo.com\/blog\/wp-content\/uploads\/2021\/09\/Logiciel-SIRH-Gestion-formation.webp\" alt=\"Logiciel de Gestion de la Formation\" class=\"wp-image-26342\" srcset=\"https:\/\/www.bizneo.com\/blog\/wp-content\/uploads\/2021\/09\/Logiciel-SIRH-Gestion-formation.webp 1500w, https:\/\/www.bizneo.com\/blog\/wp-content\/uploads\/2021\/09\/Logiciel-SIRH-Gestion-formation-300x201.webp 300w, https:\/\/www.bizneo.com\/blog\/wp-content\/uploads\/2021\/09\/Logiciel-SIRH-Gestion-formation-1024x687.webp 1024w, https:\/\/www.bizneo.com\/blog\/wp-content\/uploads\/2021\/09\/Logiciel-SIRH-Gestion-formation-768x515.webp 768w, https:\/\/www.bizneo.com\/blog\/wp-content\/uploads\/2021\/09\/Logiciel-SIRH-Gestion-formation-810x543.webp 810w, https:\/\/www.bizneo.com\/blog\/wp-content\/uploads\/2021\/09\/Logiciel-SIRH-Gestion-formation-1140x765.webp 1140w\" sizes=\"(max-width: 1500px) 100vw, 1500px\" \/><\/a><\/figure>\n\n\n\n<p><strong>Le salari\u00e9 a-t-il combl\u00e9 les lacunes qu&#8217;il avait avant le cours ou l&#8217;activit\u00e9 de formation ?<\/strong> La r\u00e9ponse \u00e0 cette question est essentielle <strong>pour v\u00e9rifier si l&#8217;apprentissage a \u00e9t\u00e9 significatif.<\/strong><\/p>\n\n\n\n<p>La gamification est une pratique de plus en plus r\u00e9pandue qui rend les s\u00e9ances de formation plus dynamiques et permet de travailler des comp\u00e9tences telles que la <strong>coop\u00e9ration, le d\u00e9sir d&#8217;exceller ou la prise de d\u00e9cision <\/strong>dans<strong> des contextes tr\u00e8s vari\u00e9s.<\/strong><\/p>\n\n\n\n<bzn-link><a href=\"\/fr\/logiciel-gestion-formation\/\" id=\"destacado-lms\" target=\"_blank\" rel=\"noopener noreferrer\" data-wpel-link=\"internal\"><span class=\"bzn-link-title\"><strong>Logiciel pour le d\u00e9veloppement de la formation de vos collaborateurs<\/strong> <\/span>Cr\u00e9ez un plan de formation efficace pour votre entreprise et stimulant pour vos collaborateurs.<\/a><\/bzn-link>\n\n\n\n<p><\/p>\n\n\n\n<h3 class=\"wp-block-heading\">5. Plans de carri\u00e8re et promotion professionnelles dans la gestion des talents<\/h3>\n\n\n\n<p>La cr\u00e9ation de plans de carri\u00e8re <strong>donne aux salari\u00e9s la possibilit\u00e9 de se promouvoir en interne <\/strong>et de visualiser un meilleur avenir au sein de l&#8217;entreprise.<\/p>\n\n\n\n<p>Ce dernier \u00e9l\u00e9ment, qui a des r\u00e9sonances psychologiques \u00e9videntes, sert de stimulant pour le personnel, qui sait que <strong>ses efforts et sa d\u00e9termination peuvent se traduire par de plus grandes responsabilit\u00e9s ou l&#8217;acc\u00e8s \u00e0 des postes plus importants<\/strong>.<\/p>\n\n\n\n<figure class=\"wp-block-image size-full\"><a href=\"https:\/\/hello.bizneo.com\/template\/guide-reconnaissance-professionnelle\/?utm_content=post-banner\" data-wpel-link=\"internal\" target=\"_blank\"><img decoding=\"async\" width=\"1360\" height=\"204\" src=\"https:\/\/www.bizneo.com\/blog\/wp-content\/uploads\/2022\/02\/guide-Reconnaissance-professionnelle.jpg\" alt=\"guide Reconnaissance professionnelle\" class=\"wp-image-32276\" srcset=\"https:\/\/www.bizneo.com\/blog\/wp-content\/uploads\/2022\/02\/guide-Reconnaissance-professionnelle.jpg 1360w, https:\/\/www.bizneo.com\/blog\/wp-content\/uploads\/2022\/02\/guide-Reconnaissance-professionnelle-300x45.jpg 300w, https:\/\/www.bizneo.com\/blog\/wp-content\/uploads\/2022\/02\/guide-Reconnaissance-professionnelle-1024x154.jpg 1024w, https:\/\/www.bizneo.com\/blog\/wp-content\/uploads\/2022\/02\/guide-Reconnaissance-professionnelle-768x115.jpg 768w, https:\/\/www.bizneo.com\/blog\/wp-content\/uploads\/2022\/02\/guide-Reconnaissance-professionnelle-810x122.jpg 810w, https:\/\/www.bizneo.com\/blog\/wp-content\/uploads\/2022\/02\/guide-Reconnaissance-professionnelle-1140x171.jpg 1140w\" sizes=\"(max-width: 1360px) 100vw, 1360px\" \/><\/a><\/figure>\n\n\n\n<h2 class=\"wp-block-heading\">Avantages cl\u00e9s d\u2019une gestion efficace des talents<\/h2>\n\n\n\n<p>Mettre en place une strat\u00e9gie efficace de gestion des talents n\u2019am\u00e9liore pas seulement le bien-\u00eatre des \u00e9quipes, mais apporte \u00e9galement des b\u00e9n\u00e9fices directs \u00e0 l\u2019entreprise :<\/p>\n\n\n\n<ul class=\"wp-block-list\">\n<li><strong>Productivit\u00e9 accrue :<\/strong> des collaborateurs motiv\u00e9s, form\u00e9s en continu et \u00e9voluant dans un environnement favorable travaillent mieux et obtiennent de meilleurs r\u00e9sultats.<\/li>\n\n\n\n<li><strong>R\u00e9duction du turnover :<\/strong> fid\u00e9liser les talents cl\u00e9s permet de r\u00e9duire les co\u00fbts de recrutement et de conserver un savoir-faire pr\u00e9cieux.<\/li>\n\n\n\n<li><strong>Fid\u00e9lisation et r\u00e9putation :<\/strong> lorsque les employ\u00e9s se sentent reconnus, ils deviennent de v\u00e9ritables ambassadeurs de la marque, m\u00eame apr\u00e8s avoir quitt\u00e9 l\u2019entreprise.<\/li>\n\n\n\n<li><strong>Attraction de profils qualifi\u00e9s :<\/strong> un bon climat de travail et des perspectives d\u2019\u00e9volution attirent davantage de candidats de qualit\u00e9.<\/li>\n\n\n\n<li><strong>Stimulation de l\u2019innovation et de la croissance :<\/strong> des \u00e9quipes engag\u00e9es et diversifi\u00e9es sont essentielles pour faire progresser durablement l\u2019organisation.<\/li>\n<\/ul>\n\n\n\n<p>Une bonne gestion des talents renforce la culture d\u2019entreprise, am\u00e9liore l\u2019exp\u00e9rience collaborateur et positionne l\u2019entreprise comme un acteur attractif sur le march\u00e9 de l\u2019emploi.<\/p>\n\n\n\n<h2 class=\"wp-block-heading\">Erreurs fr\u00e9quentes dans la gestion des talents \u00e0 \u00e9viter<\/h2>\n\n\n\n<p>Une mauvaise gestion des talents n\u2019impacte pas seulement le bien-\u00eatre des \u00e9quipes, mais peut aussi entra\u00eener des <strong>cons\u00e9quences directes sur la productivit\u00e9, le turnover et la r\u00e9putation de l\u2019entreprise<\/strong>.<\/p>\n\n\n\n<h3 class=\"wp-block-heading\">Des processus de recrutement trop longs<\/h3>\n\n\n\n<p>Allonger inutilement le processus de recrutement est une erreur fr\u00e9quente qui peut vous faire <strong>perdre les meilleurs candidats<\/strong>. Un manque d\u2019agilit\u00e9 g\u00e9n\u00e8re de la <strong>d\u00e9motivation, de l\u2019incertitude<\/strong> et donne une <strong>image d\u2019inefficacit\u00e9<\/strong>. Dans un march\u00e9 comp\u00e9titif, une entreprise plus rapide peut facilement capter le talent convoit\u00e9.<\/p>\n\n\n\n<h3 class=\"wp-block-heading\">Des recrutements pr\u00e9cipit\u00e9s ou mal fond\u00e9s<\/h3>\n\n\n\n<p>\u00c0 l\u2019inverse, recruter dans la pr\u00e9cipitation, <strong>sans v\u00e9rifier correctement les comp\u00e9tences ou l\u2019ad\u00e9quation culturelle<\/strong>, peut entra\u00eener des <strong>probl\u00e8mes d\u2019int\u00e9gration, une faible performance<\/strong> ou des <strong>d\u00e9parts pr\u00e9matur\u00e9s<\/strong>. Une bonne gestion des talents repose sur un <strong>\u00e9quilibre entre r\u00e9activit\u00e9 et rigueur d\u2019analyse<\/strong>.<\/p>\n\n\n\n<figure class=\"wp-block-image size-large\"><a href=\"https:\/\/hello.bizneo.com\/template\/7-erreurs-recrutement\/?utm_content=post-banner\" data-wpel-link=\"internal\" target=\"_blank\"><img decoding=\"async\" width=\"1024\" height=\"154\" src=\"https:\/\/www.bizneo.com\/blog\/wp-content\/uploads\/2022\/05\/Erreurs-processus-recrutement-1024x154.jpg\" alt=\"7 erreurs communes de recrutement \" class=\"wp-image-34177\" srcset=\"https:\/\/www.bizneo.com\/blog\/wp-content\/uploads\/2022\/05\/Erreurs-processus-recrutement-1024x154.jpg 1024w, https:\/\/www.bizneo.com\/blog\/wp-content\/uploads\/2022\/05\/Erreurs-processus-recrutement-300x45.jpg 300w, https:\/\/www.bizneo.com\/blog\/wp-content\/uploads\/2022\/05\/Erreurs-processus-recrutement-768x115.jpg 768w, https:\/\/www.bizneo.com\/blog\/wp-content\/uploads\/2022\/05\/Erreurs-processus-recrutement-810x122.jpg 810w, https:\/\/www.bizneo.com\/blog\/wp-content\/uploads\/2022\/05\/Erreurs-processus-recrutement-1140x171.jpg 1140w, https:\/\/www.bizneo.com\/blog\/wp-content\/uploads\/2022\/05\/Erreurs-processus-recrutement.jpg 1360w\" sizes=\"(max-width: 1024px) 100vw, 1024px\" \/><\/a><\/figure>\n\n\n\n<h3 class=\"wp-block-heading\">Un manque de communication interne entre les d\u00e9partements cl\u00e9s<\/h3>\n\n\n\n<p>L\u2019un des \u00e9cueils majeurs est le <strong>manque de coordination entre les RH et les managers op\u00e9rationnels<\/strong>. Sans une communication fluide entre ceux qui d\u00e9finissent la strat\u00e9gie de talents et ceux qui g\u00e8rent les \u00e9quipes au quotidien, on <strong>passe \u00e0 c\u00f4t\u00e9 d\u2019opportunit\u00e9s d\u2019am\u00e9lioration, de personnalisation et de d\u00e9veloppement<\/strong>.<\/p>\n\n\n\n<h3 class=\"wp-block-heading\">Peu d\u2019\u00e9coute active et absence de feedback<\/h3>\n\n\n\n<p>La gestion des talents ne peut pas se baser uniquement sur des KPIs ou des proc\u00e9dures standards. Il est essentiel d\u2019<strong>\u00e9couter les employ\u00e9s, de favoriser les \u00e9changes ouverts et de cultiver une culture du feedback r\u00e9gulier<\/strong>. <strong>Ignorer les retours du terrain engendre de la distance et une perte d\u2019engagement<\/strong>.<\/p>\n\n\n\n<h3 class=\"wp-block-heading\">Penser que les talents resteront sans effort<\/h3>\n\n\n\n<p>Croire qu\u2019un collaborateur performant restera ind\u00e9finiment sans efforts de fid\u00e9lisation est une erreur. Les talents veulent <strong>\u00e9voluer, \u00eatre reconnus et relever de nouveaux d\u00e9fis<\/strong>. <strong>Sans ces leviers, ils chercheront ailleurs. La r\u00e9tention demande une strat\u00e9gie proactive<\/strong>.<\/p>\n\n\n\n<h3 class=\"wp-block-heading\">N\u00e9gliger l\u2019exp\u00e9rience collaborateur<\/h3>\n\n\n\n<p>L\u2019<strong>exp\u00e9rience collaborateur commence d\u00e8s le processus de recrutement<\/strong>, se poursuit avec l\u2019onboarding, la formation, le climat de travail, la reconnaissance, etc. <strong>N\u00e9gliger cette exp\u00e9rience augmente les risques de turnover, de d\u00e9sengagement et nuit \u00e0 votre marque employeur<\/strong>.<\/p>\n\n\n\n<h3 class=\"wp-block-heading\">Peu d\u2019investissements en formation et d\u00e9veloppement<\/h3>\n\n\n\n<p>Ne pas offrir d\u2019<strong>opportunit\u00e9s d\u2019apprentissage ou de mont\u00e9e en comp\u00e9tences<\/strong> est l\u2019une des causes principales de frustration. Les employ\u00e9s veulent <strong>se d\u00e9velopper, apprendre de nouvelles choses, \u00e9voluer<\/strong>. Sans cette possibilit\u00e9, ils risquent de <strong>se d\u00e9sengager ou partir<\/strong>.<\/p>\n\n\n\n<h3 class=\"wp-block-heading\">Ne pas \u00e9valuer ni ajuster sa strat\u00e9gie de gestion des talents<\/h3>\n\n\n\n<p>Mettre en place des actions sans en mesurer l\u2019impact est une erreur strat\u00e9gique. Il faut suivre des indicateurs comme la <strong>r\u00e9tention, l\u2019engagement, la performance ou la satisfaction<\/strong> pour identifier ce qui fonctionne ou non. <strong>Une gestion efficace repose sur l\u2019analyse de donn\u00e9es concr\u00e8tes<\/strong>.<\/p>\n\n\n\n<figure class=\"wp-block-image size-large\"><a href=\"https:\/\/hello.bizneo.com\/template\/erreurs-evaluation-performances\/?utm_content=post-banner-medio\" data-wpel-link=\"internal\" target=\"_blank\"><img decoding=\"async\" width=\"1024\" height=\"154\" src=\"https:\/\/www.bizneo.com\/blog\/wp-content\/uploads\/2023\/08\/Erreurs-evaluation-talents-competences-1024x154.jpg\" alt=\"Erreurs courantes dans l'\u00e9valuation des talents et comp\u00e9tences\" class=\"wp-image-41370\" srcset=\"https:\/\/www.bizneo.com\/blog\/wp-content\/uploads\/2023\/08\/Erreurs-evaluation-talents-competences-1024x154.jpg 1024w, https:\/\/www.bizneo.com\/blog\/wp-content\/uploads\/2023\/08\/Erreurs-evaluation-talents-competences-300x45.jpg 300w, https:\/\/www.bizneo.com\/blog\/wp-content\/uploads\/2023\/08\/Erreurs-evaluation-talents-competences-768x115.jpg 768w, https:\/\/www.bizneo.com\/blog\/wp-content\/uploads\/2023\/08\/Erreurs-evaluation-talents-competences-810x122.jpg 810w, https:\/\/www.bizneo.com\/blog\/wp-content\/uploads\/2023\/08\/Erreurs-evaluation-talents-competences-1140x171.jpg 1140w, https:\/\/www.bizneo.com\/blog\/wp-content\/uploads\/2023\/08\/Erreurs-evaluation-talents-competences.jpg 1360w\" sizes=\"(max-width: 1024px) 100vw, 1024px\" \/><\/a><\/figure>\n\n\n\n<h2 class=\"wp-block-heading\">5 exemples de gestion des talents en entreprise<\/h2>\n\n\n\n<h3 class=\"wp-block-heading\">Strat\u00e9gie de gestion des talents de Fly The Nest<\/h3>\n\n\n\n<p>Cette start-up fran\u00e7aise sp\u00e9cialis\u00e9e dans le conseil aux entreprises re\u00e7oit ses candidats \u00e0 un d\u00eener o\u00f9 ils ne parlent pas de travail. D\u2019apr\u00e8s son dirigeant, cette technique de recrutement permet de d\u00e9celer les talents,&nbsp;<\/p>\n\n\n\n<p>Ensuite, l\u2019onboarding de 6 mois pr\u00f4ne l\u2019autonomie rapide de ses nouveaux arrivants. Convaincue du talent de ses nouvelles recrues, ils re\u00e7oivent durant toute la dur\u00e9e de l\u2019onboarding un accompagnement via un tuteur volontaire.<\/p>\n\n\n\n<figure class=\"wp-block-image size-full\"><a href=\"https:\/\/hello.bizneo.com\/template\/gestion-des-competences-feedback\/?utm_content=post-banner\" data-wpel-link=\"internal\" target=\"_blank\"><img decoding=\"async\" width=\"1360\" height=\"204\" src=\"https:\/\/www.bizneo.com\/blog\/wp-content\/uploads\/2022\/04\/banner-communiquer-evaluation-competences.jpg\" alt=\"Guide Feedback \" class=\"wp-image-33318\" srcset=\"https:\/\/www.bizneo.com\/blog\/wp-content\/uploads\/2022\/04\/banner-communiquer-evaluation-competences.jpg 1360w, https:\/\/www.bizneo.com\/blog\/wp-content\/uploads\/2022\/04\/banner-communiquer-evaluation-competences-300x45.jpg 300w, https:\/\/www.bizneo.com\/blog\/wp-content\/uploads\/2022\/04\/banner-communiquer-evaluation-competences-1024x154.jpg 1024w, https:\/\/www.bizneo.com\/blog\/wp-content\/uploads\/2022\/04\/banner-communiquer-evaluation-competences-768x115.jpg 768w, https:\/\/www.bizneo.com\/blog\/wp-content\/uploads\/2022\/04\/banner-communiquer-evaluation-competences-810x122.jpg 810w, https:\/\/www.bizneo.com\/blog\/wp-content\/uploads\/2022\/04\/banner-communiquer-evaluation-competences-1140x171.jpg 1140w\" sizes=\"(max-width: 1360px) 100vw, 1360px\" \/><\/a><\/figure>\n\n\n\n<h3 class=\"wp-block-heading\">HubSpot, un exemple de r\u00e9ussite de strat\u00e9gie de gestion des talents<\/h3>\n\n\n\n<p><strong>Glassdoor <\/strong>&#8211; portail sp\u00e9cialis\u00e9 dans les avis d&#8217;entreprises et les offres d&#8217;emploi &#8211; a plac\u00e9 HubSpot en t\u00eate de son <strong>classement des 100 meilleures entreprises o\u00f9 travailler en 2020<\/strong>.<\/p>\n\n\n\n<p><strong>La raison ?<\/strong> L&#8217;entreprise am\u00e9ricaine, leader des logiciels d&#8217;inbound marketing, investit massivement dans le bien-\u00eatre et la formation de ses colaborateurs.&nbsp;<\/p>\n\n\n\n<p>Entre autres, chaque HubSpotter a <strong>droit \u00e0 un minimum de 5 000 dollars par an \u00e0 investir dans la formation<\/strong>. En outre, l&#8217;entreprise offre \u00e0 ses employ\u00e9s une multitude de <strong>cours et de possibilit\u00e9s d&#8217;apprentissage en ligne<\/strong>, comme le \u00abFree Books Program\u00bb, la <strong>plateforme d&#8217;apprentissage en ligne <\/strong>\u00abLearn@HubSpot\u00bb, les <strong>conf\u00e9rences sp\u00e9cialis\u00e9es <\/strong>(appel\u00e9es \u00abHubTalks\u00bb), des <strong>ateliers<\/strong>, etc.<\/p>\n\n\n\n<bzn-info><a href=\"\/blog\/fr\/evaluation-du-potentiel\/\" id=\"destacado-post\" target=\"_blank\" rel=\"noopener noreferrer\" data-wpel-link=\"internal\"><span class=\"bzn-link-title\"><strong>Comment faire l\u2019\u00e9valuation du potentiel des salari\u00e9s<\/strong> <\/span><br>Peut-il y avoir d\u00e9veloppement du potentiel humain sans formation ?<\/a><br><\/bzn-info>\n\n\n\n<p><\/p>\n\n\n\n<h3 class=\"wp-block-heading\">Le&nbsp; plan de gestion des talents de la soci\u00e9t\u00e9 Pyr\u00e9n\u00e9es <\/h3>\n\n\n\n<p>Pyr\u00e9n\u00e9es est une entreprise de grands magasins en Andorre qui compte plus de 1 500 employ\u00e9s. <strong>\u00c0 ses d\u00e9buts, elle n&#8217;avait pas de concurrents <\/strong>, car les prix bas pratiqu\u00e9s en Andorre faisaient que les Europ\u00e9ens venaient acheter. Lorsque les <strong>prix se sont stabilis\u00e9s, <\/strong>Pyr\u00e9n\u00e9es a \u00e9t\u00e9 confront\u00e9e \u00e0 un probl\u00e8me majeur. Les ventes ont alors chut\u00e9 et <strong>son personnel n&#8217;avait pas les qualifications et les comp\u00e9tences n\u00e9cessaires <\/strong>pour faire la diff\u00e9rence sur le march\u00e9.<\/p>\n\n\n\n<p>Face \u00e0 cette situation, ils ont d\u00e9cid\u00e9 de <strong>lancer un nouveau projet : Pyr\u00e9n\u00e9es 2000<\/strong>. Son principal objectif \u00e9tait de r\u00e9aliser un transfert de la culture d&#8217;entreprise ax\u00e9 sur la <strong>pr\u00e9paration des employ\u00e9s afin qu&#8217;ils soient le meilleur exemple de la mani\u00e8re de transmettre les valeurs et la mission <\/strong>de l&#8217;entreprise. La strat\u00e9gie de la nouvelle gestion des talents comportait <strong>six points&nbsp;<\/strong>:<\/p>\n\n\n\n<h4 class=\"wp-block-heading\">Enqu\u00eate<\/h4>\n\n\n\n<p>Ils devaient savoir ce qu&#8217;il fallait changer et, suite aux r\u00e9sultats, ils se sont concentr\u00e9s sur l&#8217;am\u00e9lioration du travail d&#8217;\u00e9quipe, la prise de d\u00e9cision, la formation continue des employ\u00e9s, leur engagement, la loyaut\u00e9 envers l&#8217;entreprise et la fid\u00e9lit\u00e9 des client<\/p>\n\n\n\n<h4 class=\"wp-block-heading\">D\u00e9finir les valeurs et la mission de l&#8217;entreprise<\/h4>\n\n\n\n<p>Ils souhaitaient que leurs employ\u00e9s accordent une attention particuli\u00e8re \u00e0 l&#8217;orientation client, \u00e0 l&#8217;innovation, \u00e0 l&#8217;am\u00e9lioration de la communication et \u00e0 l&#8217;orientation vers les r\u00e9sultats.<\/p>\n\n\n\n<figure class=\"wp-block-image size-full\"><a href=\"https:\/\/hello.bizneo.com\/template\/erreurs-ressources-humaines\/?utm_content=post-banner\" data-wpel-link=\"internal\" target=\"_blank\"><img decoding=\"async\" width=\"1360\" height=\"204\" src=\"https:\/\/www.bizneo.com\/blog\/wp-content\/uploads\/2024\/02\/banner-erreurs-rh.jpg\" alt=\"Erreurs RH\" class=\"wp-image-45157\" srcset=\"https:\/\/www.bizneo.com\/blog\/wp-content\/uploads\/2024\/02\/banner-erreurs-rh.jpg 1360w, https:\/\/www.bizneo.com\/blog\/wp-content\/uploads\/2024\/02\/banner-erreurs-rh-300x45.jpg 300w, https:\/\/www.bizneo.com\/blog\/wp-content\/uploads\/2024\/02\/banner-erreurs-rh-1024x154.jpg 1024w, https:\/\/www.bizneo.com\/blog\/wp-content\/uploads\/2024\/02\/banner-erreurs-rh-768x115.jpg 768w, https:\/\/www.bizneo.com\/blog\/wp-content\/uploads\/2024\/02\/banner-erreurs-rh-810x122.jpg 810w, https:\/\/www.bizneo.com\/blog\/wp-content\/uploads\/2024\/02\/banner-erreurs-rh-1140x171.jpg 1140w\" sizes=\"(max-width: 1360px) 100vw, 1360px\" \/><\/a><\/figure>\n\n\n\n<h4 class=\"wp-block-heading\">D\u00e9finir le style de leadership des managers<\/h4>\n\n\n\n<p>Il \u00e9tait \u00e9galement essentiel de commencer par les plus hauts responsables, car ils n&#8217;avaient jamais travaill\u00e9 dans cette direction auparavant. Ils devaient commencer \u00e0 mettre en \u0153uvre cette culture d&#8217;entreprise par l&#8217;exemple.<\/p>\n\n\n\n<ul class=\"wp-block-list\">\n<li>D\u00e9finir une strat\u00e9gie globale<\/li>\n\n\n\n<li>Cette t\u00e2che doit \u00eatre accomplie par tous les membres de l&#8217;entreprise.<\/li>\n<\/ul>\n\n\n\n<h4 class=\"wp-block-heading\">Travail de communication interne<\/h4>\n\n\n\n<p>Un engagement \u00e0 transmettre cette nouvelle culture d&#8217;entreprise aux employ\u00e9s, puis \u00e0 effectuer des analyses r\u00e9guli\u00e8res pour \u00e9valuer l&#8217;assimilation des nouveaux concepts et leur mise en \u0153uvre.<\/p>\n\n\n\n<h4 class=\"wp-block-heading\">\u00c9valuation \u00e0 360\u00b0 de tous les managers<\/h4>\n\n\n\n<p>Pour v\u00e9rifier si leur fa\u00e7on d&#8217;exercer le leadership co\u00efncide avec celle qu&#8217;ils viennent de d\u00e9finir. Il a fallu que chacun d&#8217;entre eux s&#8217;engage r\u00e9ellement \u00e0 s&#8217;adapter au nouveau profil de leadership.<\/p>\n\n\n\n<p>Cette strat\u00e9gie de gestion des talents bas\u00e9e sur les comp\u00e9tences <strong>a renforc\u00e9 l&#8217;engagement et la confiance de toutes les \u00e9quipes <\/strong>et de l&#8217;entreprise Pyr\u00e9n\u00e9es en g\u00e9n\u00e9ral.<\/p>\n\n\n\n<p>L&#8217;accent mis sur le d\u00e9veloppement des comp\u00e9tences des employ\u00e9s a \u00e9t\u00e9 un autre point cl\u00e9 une fois la strat\u00e9gie avanc\u00e9e. En fait, les processus de s\u00e9lection ont commenc\u00e9 \u00e0 \u00eatre r\u00e9alis\u00e9s au moyen d&#8217;<strong>entretiens bas\u00e9s sur les comp\u00e9tences.<\/strong><\/p>\n\n\n\n<p>Quelle est la situation de l&#8217;entreprise des Pyr\u00e9n\u00e9es aujourd&#8217;hui gr\u00e2ce \u00e0 une gestion correcte des talents par les comp\u00e9tences ?<\/p>\n\n\n\n<ul class=\"wp-block-list\">\n<li><strong>Ils ont quadrupl\u00e9 leurs b\u00e9n\u00e9fices nets en 4 ans.<\/strong><\/li>\n\n\n\n<li><strong>Les ventes ont augment\u00e9 de 15 %.<\/strong><\/li>\n\n\n\n<li><strong>La rotation du personnel a diminu\u00e9 de 50 % \u00e0 32 %.<\/strong><\/li>\n<\/ul>\n\n\n\n<p><strong>La fid\u00e9lit\u00e9 des employ\u00e9s a \u00e9t\u00e9 am\u00e9lior\u00e9e <\/strong>gr\u00e2ce \u00e0 sa politique consistant \u00e0 ne pas l\u00e9siner sur la formation, \u00e0 faciliter la conciliation familiale et la <a href=\"https:\/\/www.bizneo.com\/blog\/fr\/promotion-professionnelle\/\" data-wpel-link=\"internal\" target=\"_blank\">promotion interne<\/a>. 85% de ses employ\u00e9s sont promus au sein de l&#8217;entit\u00e9.<\/p>\n\n\n\n<bzn-info><a href=\"\/blog\/fr\/evaluation-360-degres\/\" id=\"destacado-post\" target=\"_blank\" rel=\"noopener noreferrer\" data-wpel-link=\"internal\"><span class=\"bzn-link-title\"><strong>\u00c9valuation \u00e0 360 degr\u00e9s: d\u00e9finition et avantages<\/strong><\/span> <br> Syst\u00e8me qui integre le feedback de toute l&#8217;\u00e9quipe. Comment l&#8217;implanter?<br><\/a><\/bzn-info>\n\n\n\n<p><\/p>\n\n\n\n<h3 class=\"wp-block-heading\">Intel, un management des talents bas\u00e9e sur l&#8217;\u00e9coute active<\/h3>\n\n\n\n<p>Le g\u00e9ant des microprocesseurs Intel est actuellement l&#8217;<strong>une des entreprises les plus recherch\u00e9es par <\/strong>les travailleurs du monde entier, en raison de ses excellentes politiques de gestion des talents.<\/p>\n\n\n\n<p>Intel, en particulier, se distingue par son utilisation astucieuse des <a href=\"https:\/\/www.bizneo.com\/blog\/fr\/questionnaire-qvt\/\" data-wpel-link=\"internal\" target=\"_blank\">enqu\u00eates QVT <\/a>. Par exemple, en 2012, l&#8217;entreprise a lanc\u00e9 la fameuse initiative \u00abBring-Your-Own PC Employee Stypend\u00bb, qui visait \u00e0 \u00e9tudier <strong>quels types d&#8217;avantages \u00e9taient les plus appr\u00e9ci\u00e9s par ses employ\u00e9s.<\/strong><\/p>\n\n\n\n<figure class=\"wp-block-image size-large\"><a href=\"https:\/\/hello.bizneo.com\/kit\/evaluations\/?utm_content=post-KIT-Talento\" data-wpel-link=\"internal\" target=\"_blank\"><img decoding=\"async\" width=\"1024\" height=\"307\" src=\"https:\/\/www.bizneo.com\/blog\/wp-content\/uploads\/2025\/01\/Kit-talent-1024x307.png\" alt=\"Kit \u00e9valuation des talents et des performances\" class=\"wp-image-52108\" srcset=\"https:\/\/www.bizneo.com\/blog\/wp-content\/uploads\/2025\/01\/Kit-talent-1024x307.png 1024w, https:\/\/www.bizneo.com\/blog\/wp-content\/uploads\/2025\/01\/Kit-talent-300x90.png 300w, https:\/\/www.bizneo.com\/blog\/wp-content\/uploads\/2025\/01\/Kit-talent-768x230.png 768w, https:\/\/www.bizneo.com\/blog\/wp-content\/uploads\/2025\/01\/Kit-talent-810x243.png 810w, https:\/\/www.bizneo.com\/blog\/wp-content\/uploads\/2025\/01\/Kit-talent-1140x342.png 1140w, https:\/\/www.bizneo.com\/blog\/wp-content\/uploads\/2025\/01\/Kit-talent.png 1360w\" sizes=\"(max-width: 1024px) 100vw, 1024px\" \/><\/a><\/figure>\n\n\n\n<h3 class=\"wp-block-heading\">Gestion des talents chez Est\u00e9e Lauder<\/h3>\n\n\n\n<p>La soci\u00e9t\u00e9 de produits de beaut\u00e9 Est\u00e9e Lauder, qui emploie plus de 1 600 personnes dans le monde, est un autre bon exemple de bonne gestion des talents. L&#8217;entreprise est consciente de l&#8217;<strong>importance de ses employ\u00e9s et prend <\/strong>donc <strong>soin d&#8217;eux de la mani\u00e8re <\/strong>suivante :<\/p>\n\n\n\n<ul class=\"wp-block-list\">\n<li>Accords avec des restaurants, des gymnases et d&#8217;autres \u00e9tablissements.<\/li>\n\n\n\n<li>Cadeau de certains produits de la marque afin qu&#8217;ils puissent les utiliser et devenir des ambassadeurs pour leurs clients ou amis.<\/li>\n\n\n\n<li>Les avantages sociaux tels que l&#8217;assurance vie, la prime de vacances, les plans de retraite, etc.<\/li>\n\n\n\n<li>L&#8217;entreprise s&#8217;engage \u00e0 attirer les talents en accordant une attention particuli\u00e8re aux comp\u00e9tences des candidats et en \u00e9liminant la tranche d&#8217;\u00e2ge pour ses offres d&#8217;emploi.<\/li>\n\n\n\n<li>Possibilit\u00e9s de promotion interne.<\/li>\n\n\n\n<li>La diversit\u00e9 de leurs employ\u00e9s comme facteur de croissance.<\/li>\n\n\n\n<li>Ils facilitent et encouragent la capacit\u00e9 de cr\u00e9ation et d&#8217;innovation de leur personnel.<\/li>\n\n\n\n<li>La formation continue en tant qu&#8217;aspect fondamental de la culture organisationnelle et des valeurs d&#8217;entreprise.<\/li>\n\n\n\n<li>Une communication interne \u00e9troite et \u00e0 double sens.<\/li>\n<\/ul>\n\n\n\n<figure class=\"wp-block-image size-large\"><a href=\"https:\/\/hello.bizneo.com\/demo\/suite\/fr\/?utm_content=post-banner-grande\" target=\"_blank\" rel=\"noopener\" data-wpel-link=\"internal\"><img decoding=\"async\" width=\"1024\" height=\"307\" src=\"https:\/\/www.bizneo.com\/blog\/wp-content\/uploads\/2021\/09\/Logiciel-RH-2-1024x307.jpg\" alt=\"logiciel ressources humaines\" class=\"wp-image-25200\" srcset=\"https:\/\/www.bizneo.com\/blog\/wp-content\/uploads\/2021\/09\/Logiciel-RH-2-1024x307.jpg 1024w, https:\/\/www.bizneo.com\/blog\/wp-content\/uploads\/2021\/09\/Logiciel-RH-2-300x90.jpg 300w, https:\/\/www.bizneo.com\/blog\/wp-content\/uploads\/2021\/09\/Logiciel-RH-2-768x230.jpg 768w, https:\/\/www.bizneo.com\/blog\/wp-content\/uploads\/2021\/09\/Logiciel-RH-2-810x243.jpg 810w, https:\/\/www.bizneo.com\/blog\/wp-content\/uploads\/2021\/09\/Logiciel-RH-2-1140x342.jpg 1140w, https:\/\/www.bizneo.com\/blog\/wp-content\/uploads\/2021\/09\/Logiciel-RH-2.jpg 1360w\" sizes=\"(max-width: 1024px) 100vw, 1024px\" \/><\/a><\/figure>\n","protected":false},"excerpt":{"rendered":"<p>La strat\u00e9gie de gestion des talents est bas\u00e9e sur les comp\u00e9tences. Elle peut \u00eatre appliqu\u00e9e aux processus de s\u00e9lection, \u00e0 la formation, aux plans de carri\u00e8re et \u00e0 la politique de r\u00e9mun\u00e9ration.<\/p>\n","protected":false},"author":36,"featured_media":41384,"comment_status":"open","ping_status":"open","sticky":false,"template":"","format":"standard","meta":{"_uag_custom_page_level_css":"","site-sidebar-layout":"default","site-content-layout":"","ast-site-content-layout":"default","site-content-style":"default","site-sidebar-style":"default","ast-global-header-display":"","ast-banner-title-visibility":"","ast-main-header-display":"","ast-hfb-above-header-display":"","ast-hfb-below-header-display":"","ast-hfb-mobile-header-display":"","site-post-title":"","ast-breadcrumbs-content":"","ast-featured-img":"","footer-sml-layout":"","ast-disable-related-posts":"","theme-transparent-header-meta":"","adv-header-id-meta":"","stick-header-meta":"","header-above-stick-meta":"","header-main-stick-meta":"","header-below-stick-meta":"","astra-migrate-meta-layouts":"default","ast-page-background-enabled":"default","ast-page-background-meta":{"desktop":{"background-color":"var(--ast-global-color-5)","background-image":"","background-repeat":"repeat","background-position":"center center","background-size":"auto","background-attachment":"scroll","background-type":"","background-media":"","overlay-type":"","overlay-color":"","overlay-opacity":"","overlay-gradient":""},"tablet":{"background-color":"","background-image":"","background-repeat":"repeat","background-position":"center center","background-size":"auto","background-attachment":"scroll","background-type":"","background-media":"","overlay-type":"","overlay-color":"","overlay-opacity":"","overlay-gradient":""},"mobile":{"background-color":"","background-image":"","background-repeat":"repeat","background-position":"center center","background-size":"auto","background-attachment":"scroll","background-type":"","background-media":"","overlay-type":"","overlay-color":"","overlay-opacity":"","overlay-gradient":""}},"ast-content-background-meta":{"desktop":{"background-color":"var(--ast-global-color-4)","background-image":"","background-repeat":"repeat","background-position":"center center","background-size":"auto","background-attachment":"scroll","background-type":"","background-media":"","overlay-type":"","overlay-color":"","overlay-opacity":"","overlay-gradient":""},"tablet":{"background-color":"var(--ast-global-color-4)","background-image":"","background-repeat":"repeat","background-position":"center center","background-size":"auto","background-attachment":"scroll","background-type":"","background-media":"","overlay-type":"","overlay-color":"","overlay-opacity":"","overlay-gradient":""},"mobile":{"background-color":"var(--ast-global-color-4)","background-image":"","background-repeat":"repeat","background-position":"center center","background-size":"auto","background-attachment":"scroll","background-type":"","background-media":"","overlay-type":"","overlay-color":"","overlay-opacity":"","overlay-gradient":""}},"footnotes":""},"categories":[307],"tags":[],"class_list":["post-33663","post","type-post","status-publish","format-standard","has-post-thumbnail","hentry","category-gestion-des-talents"],"yoast_head":"<!-- This site is optimized with the Yoast SEO plugin v27.5 - https:\/\/yoast.com\/product\/yoast-seo-wordpress\/ -->\n<title>Gestion des talents | 5 strat\u00e9gies et exemples de r\u00e9ussite<\/title>\n<meta name=\"description\" content=\"Qu&#039;est-ce que la gestion des talents en entreprise ? D\u00e9couvrez 5 cl\u00e9s, strat\u00e9gies et exemples de cas de succ\u00e8s.\" \/>\n<meta name=\"robots\" content=\"index, follow, max-snippet:-1, max-image-preview:large, max-video-preview:-1\" \/>\n<meta property=\"og:locale\" content=\"es_ES\" \/>\n<meta property=\"og:type\" content=\"article\" \/>\n<meta property=\"og:title\" content=\"Gestion des talents | 5 strat\u00e9gies et exemples de r\u00e9ussite\" \/>\n<meta property=\"og:description\" content=\"Qu&#039;est-ce que la gestion des talents en entreprise ? D\u00e9couvrez 5 cl\u00e9s, strat\u00e9gies et exemples de cas de succ\u00e8s.\" \/>\n<meta property=\"og:url\" content=\"https:\/\/www.bizneo.com\/blog\/fr\/gestion-des-talents\/\" \/>\n<meta property=\"og:site_name\" content=\"Blog de Recursos Humanos de Bizneo HR: pr\u00e1ctico y actual\" \/>\n<meta property=\"article:published_time\" content=\"2025-06-20T10:10:00+00:00\" \/>\n<meta property=\"article:modified_time\" content=\"2026-01-26T15:38:47+00:00\" \/>\n<meta property=\"og:image\" content=\"https:\/\/www.bizneo.com\/blog\/wp-content\/uploads\/2023\/08\/Gestion-des-talents.jpeg\" \/>\n\t<meta property=\"og:image:width\" content=\"1140\" \/>\n\t<meta property=\"og:image:height\" content=\"640\" \/>\n\t<meta property=\"og:image:type\" content=\"image\/jpeg\" \/>\n<meta name=\"author\" content=\"Elisabeth\" \/>\n<meta name=\"twitter:card\" content=\"summary_large_image\" \/>\n<meta name=\"twitter:label1\" content=\"Escrito por\" \/>\n\t<meta name=\"twitter:data1\" content=\"Elisabeth\" \/>\n\t<meta name=\"twitter:label2\" content=\"Tiempo de lectura\" \/>\n\t<meta name=\"twitter:data2\" content=\"172 minutos\" \/>\n<script type=\"application\/ld+json\" class=\"yoast-schema-graph\">{\"@context\":\"https:\\\/\\\/schema.org\",\"@graph\":[{\"@type\":[\"Article\",\"BlogPosting\"],\"@id\":\"https:\\\/\\\/www.bizneo.com\\\/blog\\\/fr\\\/gestion-des-talents\\\/#article\",\"isPartOf\":{\"@id\":\"https:\\\/\\\/www.bizneo.com\\\/blog\\\/fr\\\/gestion-des-talents\\\/\"},\"author\":{\"name\":\"Elisabeth\",\"@id\":\"https:\\\/\\\/www.bizneo.com\\\/blog\\\/#\\\/schema\\\/person\\\/266c0e46c3dc615e4fb4befb4f140a68\"},\"headline\":\"Gestion des talents | 5 strat\u00e9gies et exemples de r\u00e9ussite\",\"datePublished\":\"2025-06-20T10:10:00+00:00\",\"dateModified\":\"2026-01-26T15:38:47+00:00\",\"mainEntityOfPage\":{\"@id\":\"https:\\\/\\\/www.bizneo.com\\\/blog\\\/fr\\\/gestion-des-talents\\\/\"},\"wordCount\":3170,\"commentCount\":0,\"publisher\":{\"@id\":\"https:\\\/\\\/www.bizneo.com\\\/blog\\\/#organization\"},\"image\":{\"@id\":\"https:\\\/\\\/www.bizneo.com\\\/blog\\\/fr\\\/gestion-des-talents\\\/#primaryimage\"},\"thumbnailUrl\":\"https:\\\/\\\/www.bizneo.com\\\/blog\\\/wp-content\\\/uploads\\\/2023\\\/08\\\/Gestion-des-talents.jpeg\",\"articleSection\":[\"Gestion des talents\"],\"inLanguage\":\"es\",\"potentialAction\":[{\"@type\":\"CommentAction\",\"name\":\"Comment\",\"target\":[\"https:\\\/\\\/www.bizneo.com\\\/blog\\\/fr\\\/gestion-des-talents\\\/#respond\"]}]},{\"@type\":\"WebPage\",\"@id\":\"https:\\\/\\\/www.bizneo.com\\\/blog\\\/fr\\\/gestion-des-talents\\\/\",\"url\":\"https:\\\/\\\/www.bizneo.com\\\/blog\\\/fr\\\/gestion-des-talents\\\/\",\"name\":\"Gestion des talents | 5 strat\u00e9gies et exemples de r\u00e9ussite\",\"isPartOf\":{\"@id\":\"https:\\\/\\\/www.bizneo.com\\\/blog\\\/#website\"},\"primaryImageOfPage\":{\"@id\":\"https:\\\/\\\/www.bizneo.com\\\/blog\\\/fr\\\/gestion-des-talents\\\/#primaryimage\"},\"image\":{\"@id\":\"https:\\\/\\\/www.bizneo.com\\\/blog\\\/fr\\\/gestion-des-talents\\\/#primaryimage\"},\"thumbnailUrl\":\"https:\\\/\\\/www.bizneo.com\\\/blog\\\/wp-content\\\/uploads\\\/2023\\\/08\\\/Gestion-des-talents.jpeg\",\"datePublished\":\"2025-06-20T10:10:00+00:00\",\"dateModified\":\"2026-01-26T15:38:47+00:00\",\"description\":\"Qu'est-ce que la gestion des talents en entreprise ? D\u00e9couvrez 5 cl\u00e9s, strat\u00e9gies et exemples de cas de succ\u00e8s.\",\"breadcrumb\":{\"@id\":\"https:\\\/\\\/www.bizneo.com\\\/blog\\\/fr\\\/gestion-des-talents\\\/#breadcrumb\"},\"inLanguage\":\"es\",\"potentialAction\":[{\"@type\":\"ReadAction\",\"target\":[\"https:\\\/\\\/www.bizneo.com\\\/blog\\\/fr\\\/gestion-des-talents\\\/\"]}]},{\"@type\":\"ImageObject\",\"inLanguage\":\"es\",\"@id\":\"https:\\\/\\\/www.bizneo.com\\\/blog\\\/fr\\\/gestion-des-talents\\\/#primaryimage\",\"url\":\"https:\\\/\\\/www.bizneo.com\\\/blog\\\/wp-content\\\/uploads\\\/2023\\\/08\\\/Gestion-des-talents.jpeg\",\"contentUrl\":\"https:\\\/\\\/www.bizneo.com\\\/blog\\\/wp-content\\\/uploads\\\/2023\\\/08\\\/Gestion-des-talents.jpeg\",\"width\":1140,\"height\":640,\"caption\":\"Gestion des talents\"},{\"@type\":\"BreadcrumbList\",\"@id\":\"https:\\\/\\\/www.bizneo.com\\\/blog\\\/fr\\\/gestion-des-talents\\\/#breadcrumb\",\"itemListElement\":[{\"@type\":\"ListItem\",\"position\":1,\"name\":\"Portada\",\"item\":\"https:\\\/\\\/www.bizneo.com\\\/blog\\\/\"},{\"@type\":\"ListItem\",\"position\":2,\"name\":\"Gestion des talents\",\"item\":\"https:\\\/\\\/www.bizneo.com\\\/blog\\\/fr\\\/category\\\/gestion-des-talents\\\/\"},{\"@type\":\"ListItem\",\"position\":3,\"name\":\"Gestion des talents | 5 strat\u00e9gies et exemples de r\u00e9ussite\"}]},{\"@type\":\"WebSite\",\"@id\":\"https:\\\/\\\/www.bizneo.com\\\/blog\\\/#website\",\"url\":\"https:\\\/\\\/www.bizneo.com\\\/blog\\\/\",\"name\":\"Blog de Recursos Humanos de Bizneo HR: pr\u00e1ctico y actual\",\"description\":\"Todo sobre actualidad, herramientas y tecnolog\u00eda  para optimizar la gesti\u00f3n del talento humano\",\"publisher\":{\"@id\":\"https:\\\/\\\/www.bizneo.com\\\/blog\\\/#organization\"},\"potentialAction\":[{\"@type\":\"SearchAction\",\"target\":{\"@type\":\"EntryPoint\",\"urlTemplate\":\"https:\\\/\\\/www.bizneo.com\\\/blog\\\/?s={search_term_string}\"},\"query-input\":{\"@type\":\"PropertyValueSpecification\",\"valueRequired\":true,\"valueName\":\"search_term_string\"}}],\"inLanguage\":\"es\"},{\"@type\":\"Organization\",\"@id\":\"https:\\\/\\\/www.bizneo.com\\\/blog\\\/#organization\",\"name\":\"Bizneo HR\",\"url\":\"https:\\\/\\\/www.bizneo.com\\\/blog\\\/\",\"logo\":{\"@type\":\"ImageObject\",\"inLanguage\":\"es\",\"@id\":\"https:\\\/\\\/www.bizneo.com\\\/blog\\\/#\\\/schema\\\/logo\\\/image\\\/\",\"url\":\"https:\\\/\\\/www.bizneo.com\\\/blog\\\/wp-content\\\/uploads\\\/2020\\\/09\\\/Icono-Logo-Bizneo-HR.png\",\"contentUrl\":\"https:\\\/\\\/www.bizneo.com\\\/blog\\\/wp-content\\\/uploads\\\/2020\\\/09\\\/Icono-Logo-Bizneo-HR.png\",\"width\":834,\"height\":834,\"caption\":\"Bizneo HR\"},\"image\":{\"@id\":\"https:\\\/\\\/www.bizneo.com\\\/blog\\\/#\\\/schema\\\/logo\\\/image\\\/\"}},{\"@type\":\"Person\",\"@id\":\"https:\\\/\\\/www.bizneo.com\\\/blog\\\/#\\\/schema\\\/person\\\/266c0e46c3dc615e4fb4befb4f140a68\",\"name\":\"Elisabeth\",\"image\":{\"@type\":\"ImageObject\",\"inLanguage\":\"es\",\"@id\":\"https:\\\/\\\/secure.gravatar.com\\\/avatar\\\/b0a9bf04d7a3a9b01c01ba3d4db1b31b660c18e6aaf206208f4faff91a19724d?s=96&d=mm&r=g\",\"url\":\"https:\\\/\\\/secure.gravatar.com\\\/avatar\\\/b0a9bf04d7a3a9b01c01ba3d4db1b31b660c18e6aaf206208f4faff91a19724d?s=96&d=mm&r=g\",\"contentUrl\":\"https:\\\/\\\/secure.gravatar.com\\\/avatar\\\/b0a9bf04d7a3a9b01c01ba3d4db1b31b660c18e6aaf206208f4faff91a19724d?s=96&d=mm&r=g\",\"caption\":\"Elisabeth\"},\"url\":\"https:\\\/\\\/www.bizneo.com\\\/blog\\\/author\\\/elisabeth\\\/\"}]}<\/script>\n<!-- \/ Yoast SEO plugin. -->","yoast_head_json":{"title":"Gestion des talents | 5 strat\u00e9gies et exemples de r\u00e9ussite","description":"Qu'est-ce que la gestion des talents en entreprise ? D\u00e9couvrez 5 cl\u00e9s, strat\u00e9gies et exemples de cas de succ\u00e8s.","robots":{"index":"index","follow":"follow","max-snippet":"max-snippet:-1","max-image-preview":"max-image-preview:large","max-video-preview":"max-video-preview:-1"},"og_locale":"es_ES","og_type":"article","og_title":"Gestion des talents | 5 strat\u00e9gies et exemples de r\u00e9ussite","og_description":"Qu'est-ce que la gestion des talents en entreprise ? D\u00e9couvrez 5 cl\u00e9s, strat\u00e9gies et exemples de cas de succ\u00e8s.","og_url":"https:\/\/www.bizneo.com\/blog\/fr\/gestion-des-talents\/","og_site_name":"Blog de Recursos Humanos de Bizneo HR: pr\u00e1ctico y actual","article_published_time":"2025-06-20T10:10:00+00:00","article_modified_time":"2026-01-26T15:38:47+00:00","og_image":[{"width":1140,"height":640,"url":"https:\/\/www.bizneo.com\/blog\/wp-content\/uploads\/2023\/08\/Gestion-des-talents.jpeg","type":"image\/jpeg"}],"author":"Elisabeth","twitter_card":"summary_large_image","twitter_misc":{"Escrito por":"Elisabeth","Tiempo de lectura":"172 minutos"},"schema":{"@context":"https:\/\/schema.org","@graph":[{"@type":["Article","BlogPosting"],"@id":"https:\/\/www.bizneo.com\/blog\/fr\/gestion-des-talents\/#article","isPartOf":{"@id":"https:\/\/www.bizneo.com\/blog\/fr\/gestion-des-talents\/"},"author":{"name":"Elisabeth","@id":"https:\/\/www.bizneo.com\/blog\/#\/schema\/person\/266c0e46c3dc615e4fb4befb4f140a68"},"headline":"Gestion des talents | 5 strat\u00e9gies et exemples de r\u00e9ussite","datePublished":"2025-06-20T10:10:00+00:00","dateModified":"2026-01-26T15:38:47+00:00","mainEntityOfPage":{"@id":"https:\/\/www.bizneo.com\/blog\/fr\/gestion-des-talents\/"},"wordCount":3170,"commentCount":0,"publisher":{"@id":"https:\/\/www.bizneo.com\/blog\/#organization"},"image":{"@id":"https:\/\/www.bizneo.com\/blog\/fr\/gestion-des-talents\/#primaryimage"},"thumbnailUrl":"https:\/\/www.bizneo.com\/blog\/wp-content\/uploads\/2023\/08\/Gestion-des-talents.jpeg","articleSection":["Gestion des talents"],"inLanguage":"es","potentialAction":[{"@type":"CommentAction","name":"Comment","target":["https:\/\/www.bizneo.com\/blog\/fr\/gestion-des-talents\/#respond"]}]},{"@type":"WebPage","@id":"https:\/\/www.bizneo.com\/blog\/fr\/gestion-des-talents\/","url":"https:\/\/www.bizneo.com\/blog\/fr\/gestion-des-talents\/","name":"Gestion des talents | 5 strat\u00e9gies et exemples de r\u00e9ussite","isPartOf":{"@id":"https:\/\/www.bizneo.com\/blog\/#website"},"primaryImageOfPage":{"@id":"https:\/\/www.bizneo.com\/blog\/fr\/gestion-des-talents\/#primaryimage"},"image":{"@id":"https:\/\/www.bizneo.com\/blog\/fr\/gestion-des-talents\/#primaryimage"},"thumbnailUrl":"https:\/\/www.bizneo.com\/blog\/wp-content\/uploads\/2023\/08\/Gestion-des-talents.jpeg","datePublished":"2025-06-20T10:10:00+00:00","dateModified":"2026-01-26T15:38:47+00:00","description":"Qu'est-ce que la gestion des talents en entreprise ? D\u00e9couvrez 5 cl\u00e9s, strat\u00e9gies et exemples de cas de succ\u00e8s.","breadcrumb":{"@id":"https:\/\/www.bizneo.com\/blog\/fr\/gestion-des-talents\/#breadcrumb"},"inLanguage":"es","potentialAction":[{"@type":"ReadAction","target":["https:\/\/www.bizneo.com\/blog\/fr\/gestion-des-talents\/"]}]},{"@type":"ImageObject","inLanguage":"es","@id":"https:\/\/www.bizneo.com\/blog\/fr\/gestion-des-talents\/#primaryimage","url":"https:\/\/www.bizneo.com\/blog\/wp-content\/uploads\/2023\/08\/Gestion-des-talents.jpeg","contentUrl":"https:\/\/www.bizneo.com\/blog\/wp-content\/uploads\/2023\/08\/Gestion-des-talents.jpeg","width":1140,"height":640,"caption":"Gestion des talents"},{"@type":"BreadcrumbList","@id":"https:\/\/www.bizneo.com\/blog\/fr\/gestion-des-talents\/#breadcrumb","itemListElement":[{"@type":"ListItem","position":1,"name":"Portada","item":"https:\/\/www.bizneo.com\/blog\/"},{"@type":"ListItem","position":2,"name":"Gestion des talents","item":"https:\/\/www.bizneo.com\/blog\/fr\/category\/gestion-des-talents\/"},{"@type":"ListItem","position":3,"name":"Gestion des talents | 5 strat\u00e9gies et exemples de r\u00e9ussite"}]},{"@type":"WebSite","@id":"https:\/\/www.bizneo.com\/blog\/#website","url":"https:\/\/www.bizneo.com\/blog\/","name":"Blog de Recursos Humanos de Bizneo HR: pr\u00e1ctico y actual","description":"Todo sobre actualidad, herramientas y tecnolog\u00eda  para optimizar la gesti\u00f3n del talento humano","publisher":{"@id":"https:\/\/www.bizneo.com\/blog\/#organization"},"potentialAction":[{"@type":"SearchAction","target":{"@type":"EntryPoint","urlTemplate":"https:\/\/www.bizneo.com\/blog\/?s={search_term_string}"},"query-input":{"@type":"PropertyValueSpecification","valueRequired":true,"valueName":"search_term_string"}}],"inLanguage":"es"},{"@type":"Organization","@id":"https:\/\/www.bizneo.com\/blog\/#organization","name":"Bizneo HR","url":"https:\/\/www.bizneo.com\/blog\/","logo":{"@type":"ImageObject","inLanguage":"es","@id":"https:\/\/www.bizneo.com\/blog\/#\/schema\/logo\/image\/","url":"https:\/\/www.bizneo.com\/blog\/wp-content\/uploads\/2020\/09\/Icono-Logo-Bizneo-HR.png","contentUrl":"https:\/\/www.bizneo.com\/blog\/wp-content\/uploads\/2020\/09\/Icono-Logo-Bizneo-HR.png","width":834,"height":834,"caption":"Bizneo HR"},"image":{"@id":"https:\/\/www.bizneo.com\/blog\/#\/schema\/logo\/image\/"}},{"@type":"Person","@id":"https:\/\/www.bizneo.com\/blog\/#\/schema\/person\/266c0e46c3dc615e4fb4befb4f140a68","name":"Elisabeth","image":{"@type":"ImageObject","inLanguage":"es","@id":"https:\/\/secure.gravatar.com\/avatar\/b0a9bf04d7a3a9b01c01ba3d4db1b31b660c18e6aaf206208f4faff91a19724d?s=96&d=mm&r=g","url":"https:\/\/secure.gravatar.com\/avatar\/b0a9bf04d7a3a9b01c01ba3d4db1b31b660c18e6aaf206208f4faff91a19724d?s=96&d=mm&r=g","contentUrl":"https:\/\/secure.gravatar.com\/avatar\/b0a9bf04d7a3a9b01c01ba3d4db1b31b660c18e6aaf206208f4faff91a19724d?s=96&d=mm&r=g","caption":"Elisabeth"},"url":"https:\/\/www.bizneo.com\/blog\/author\/elisabeth\/"}]}},"spectra_custom_meta":{"onesignal_meta_box_present":["1"],"onesignal_send_notification":[""],"onesignal_modify_title_and_content":[""],"onesignal_notification_custom_heading":[null],"onesignal_notification_custom_content":[null],"Views":["61705"],"wp_review_type":["none"],"wp_review_positive_count":["0"],"wp_review_negative_count":["0"],"_thumbnail_id":["41384"],"_yoast_wpseo_title":["Gestion des talents | 5 strat\u00e9gies et exemples de r\u00e9ussite"],"_yoast_wpseo_metadesc":["Qu'est-ce que la gestion des talents en entreprise ? D\u00e9couvrez 5 cl\u00e9s, strat\u00e9gies et exemples de cas de succ\u00e8s."],"_yoast_wpseo_focuskw":["Gestion des talents"],"_yoast_wpseo_primary_category":["307"],"_edit_lock":["1769442019:47"],"_edit_last":["47"],"_at_widget":["1"],"_vce_meta":["a:4:{s:11:\"use_sidebar\";s:7:\"inherit\";s:7:\"sidebar\";s:7:\"inherit\";s:14:\"sticky_sidebar\";s:7:\"inherit\";s:6:\"layout\";s:7:\"inherit\";}"],"_yoast_wpseo_linkdex":["93"],"_yoast_wpseo_content_score":["60"],"_yoast_wpseo_estimated-reading-time-minutes":["172"],"_yoast_wpseo_wordproof_timestamp":[""],"wp_review_user_reviews":["0"],"wp_review_review_count":["0"],"_wp_old_date":["2023-08-23"],"_uag_css_file_name":["uag-css-33663.css"],"_uag_page_assets":["a:9:{s:3:\"css\";s:263:\".uag-blocks-common-selector{z-index:var(--z-index-desktop) !important}@media (max-width: 976px){.uag-blocks-common-selector{z-index:var(--z-index-tablet) !important}}@media (max-width: 767px){.uag-blocks-common-selector{z-index:var(--z-index-mobile) !important}}\n\";s:2:\"js\";s:0:\"\";s:18:\"current_block_list\";a:9:{i:0;s:14:\"core\/paragraph\";i:1;s:9:\"core\/html\";i:2;s:12:\"core\/heading\";i:3;s:10:\"core\/quote\";i:4;s:10:\"core\/image\";i:5;s:9:\"core\/list\";i:6;s:14:\"core\/list-item\";i:7;s:12:\"core\/details\";i:8;s:14:\"core\/shortcode\";}s:8:\"uag_flag\";b:0;s:11:\"uag_version\";s:10:\"1777548730\";s:6:\"gfonts\";a:0:{}s:10:\"gfonts_url\";s:0:\"\";s:12:\"gfonts_files\";a:0:{}s:14:\"uag_faq_layout\";b:0;}"]},"uagb_featured_image_src":{"full":["https:\/\/www.bizneo.com\/blog\/wp-content\/uploads\/2023\/08\/Gestion-des-talents.jpeg",1140,640,false],"thumbnail":["https:\/\/www.bizneo.com\/blog\/wp-content\/uploads\/2023\/08\/Gestion-des-talents-150x150.jpeg",150,150,true],"medium":["https:\/\/www.bizneo.com\/blog\/wp-content\/uploads\/2023\/08\/Gestion-des-talents-300x168.jpeg",300,168,true],"medium_large":["https:\/\/www.bizneo.com\/blog\/wp-content\/uploads\/2023\/08\/Gestion-des-talents-768x431.jpeg",768,431,true],"large":["https:\/\/www.bizneo.com\/blog\/wp-content\/uploads\/2023\/08\/Gestion-des-talents-1024x575.jpeg",1024,575,true],"1536x1536":["https:\/\/www.bizneo.com\/blog\/wp-content\/uploads\/2023\/08\/Gestion-des-talents.jpeg",1140,640,false],"2048x2048":["https:\/\/www.bizneo.com\/blog\/wp-content\/uploads\/2023\/08\/Gestion-des-talents.jpeg",1140,640,false]},"uagb_author_info":{"display_name":"Elisabeth","author_link":"https:\/\/www.bizneo.com\/blog\/author\/elisabeth\/"},"uagb_comment_info":0,"uagb_excerpt":"La strat\u00e9gie de gestion des talents est bas\u00e9e sur les comp\u00e9tences. Elle peut \u00eatre appliqu\u00e9e aux processus de s\u00e9lection, \u00e0 la formation, aux plans de carri\u00e8re et \u00e0 la politique de r\u00e9mun\u00e9ration.","_links":{"self":[{"href":"https:\/\/www.bizneo.com\/blog\/wp-json\/wp\/v2\/posts\/33663","targetHints":{"allow":["GET"]}}],"collection":[{"href":"https:\/\/www.bizneo.com\/blog\/wp-json\/wp\/v2\/posts"}],"about":[{"href":"https:\/\/www.bizneo.com\/blog\/wp-json\/wp\/v2\/types\/post"}],"author":[{"embeddable":true,"href":"https:\/\/www.bizneo.com\/blog\/wp-json\/wp\/v2\/users\/36"}],"replies":[{"embeddable":true,"href":"https:\/\/www.bizneo.com\/blog\/wp-json\/wp\/v2\/comments?post=33663"}],"version-history":[{"count":54,"href":"https:\/\/www.bizneo.com\/blog\/wp-json\/wp\/v2\/posts\/33663\/revisions"}],"predecessor-version":[{"id":58112,"href":"https:\/\/www.bizneo.com\/blog\/wp-json\/wp\/v2\/posts\/33663\/revisions\/58112"}],"wp:featuredmedia":[{"embeddable":true,"href":"https:\/\/www.bizneo.com\/blog\/wp-json\/wp\/v2\/media\/41384"}],"wp:attachment":[{"href":"https:\/\/www.bizneo.com\/blog\/wp-json\/wp\/v2\/media?parent=33663"}],"wp:term":[{"taxonomy":"category","embeddable":true,"href":"https:\/\/www.bizneo.com\/blog\/wp-json\/wp\/v2\/categories?post=33663"},{"taxonomy":"post_tag","embeddable":true,"href":"https:\/\/www.bizneo.com\/blog\/wp-json\/wp\/v2\/tags?post=33663"}],"curies":[{"name":"wp","href":"https:\/\/api.w.org\/{rel}","templated":true}]}}