{"id":33076,"date":"2022-04-12T08:55:58","date_gmt":"2022-04-12T07:55:58","guid":{"rendered":"https:\/\/www.bizneo.com\/blog\/?p=33076"},"modified":"2026-02-01T17:41:17","modified_gmt":"2026-02-01T16:41:17","slug":"perfil-profissional","status":"publish","type":"post","link":"https:\/\/www.bizneo.com\/blog\/pt\/perfil-profissional\/","title":{"rendered":"Como identificar um bom perfil profissional?"},"content":{"rendered":"\n<p>Quando selecionamos um funcion\u00e1rio, devemos identificar seu<strong> perfil profissional<\/strong> para determinar se essa pessoa se enquadra na cultura e nos valores da organiza\u00e7\u00e3o ou, ao contr\u00e1rio, se a sua contrata\u00e7\u00e3o pode gerar algum desconforto no ambiente de trabalho.<\/p>\n\n\n\n<p>O <a href=\"https:\/\/www.bizneo.com\/blog\/pt\/selecao-de-pessoas\/\" data-wpel-link=\"internal\" target=\"_blank\">processo de sele\u00e7\u00e3o de pessoas<\/a> \u00e9 fundamental para <strong>entender a personalidade do colaborador<\/strong> porque, com as perguntas e din\u00e2micas certas, podemos facilmente decifrar com que tipo de funcion\u00e1rio estamos lidando.<\/p>\n\n\n\n<h2 class=\"wp-block-heading\">7 tipos de perfil profissional<\/h2>\n\n\n\n<h3 class=\"wp-block-heading\">Perfil profissional competitivo<\/h3>\n\n\n\n<p>Esse \u00e9 um tipo de profissional que, de certa forma, \u00e9 agressivo. Trata-se de algu\u00e9m que <strong>gosta muito do risco<\/strong>, desde que haja a possibilidade de obter grandes lucros. Um de seus principais defeitos \u00e9 que essa \u00e2nsia por resultados pode fazer com que essa pessoa <strong>n\u00e3o preste tanta aten\u00e7\u00e3o aos detalhes<\/strong> quanto outros trabalhadores.<\/p>\n\n\n\n<p>Esse perfil \u00e9 facilmente identific\u00e1vel, porque est\u00e1 disposto a fazer qualquer sacrif\u00edcio para avan\u00e7ar na sua carreira e sempre <strong>quer se destacar entre seus colegas<\/strong>.<\/p>\n\n\n\n<figure class=\"wp-block-image size-full\"><a href=\"https:\/\/hello.bizneo.com\/template\/7-erros-recrutamento\/?utm_content=post-banner\" data-wpel-link=\"internal\" target=\"_blank\"><img decoding=\"async\" width=\"1360\" height=\"204\" src=\"https:\/\/www.bizneo.com\/blog\/wp-content\/uploads\/2022\/05\/Erros-processo-recrutamento.jpg\" alt=\"7 erros comuns de recrutamento\" class=\"wp-image-34176\" srcset=\"https:\/\/www.bizneo.com\/blog\/wp-content\/uploads\/2022\/05\/Erros-processo-recrutamento.jpg 1360w, https:\/\/www.bizneo.com\/blog\/wp-content\/uploads\/2022\/05\/Erros-processo-recrutamento-300x45.jpg 300w, https:\/\/www.bizneo.com\/blog\/wp-content\/uploads\/2022\/05\/Erros-processo-recrutamento-1024x154.jpg 1024w, https:\/\/www.bizneo.com\/blog\/wp-content\/uploads\/2022\/05\/Erros-processo-recrutamento-768x115.jpg 768w, https:\/\/www.bizneo.com\/blog\/wp-content\/uploads\/2022\/05\/Erros-processo-recrutamento-810x122.jpg 810w, https:\/\/www.bizneo.com\/blog\/wp-content\/uploads\/2022\/05\/Erros-processo-recrutamento-1140x171.jpg 1140w\" sizes=\"(max-width: 1360px) 100vw, 1360px\" \/><\/a><\/figure>\n\n\n\n<h3 class=\"wp-block-heading\">Perfil profissional executor<\/h3>\n\n\n\n<p>Esse perfil profissional se caracteriza por n\u00e3o ter uma grande motiva\u00e7\u00e3o na tomada de decis\u00f5es. Esses colaboradores se sentem mais \u00e0 vontade para <strong>realizar as tarefas indicadas<\/strong> por seus supervisores. O ponto positivo \u00e9 que eles est\u00e3o sempre dispostos a passar do abstrato para o concreto por meio da a\u00e7\u00e3o.<\/p>\n\n\n\n<p>O perfil do profissional executor \u00e9 muito <strong>pr\u00e1tico e objetivo<\/strong>, embora sua principal desvantagem seja muitas vezes <strong>negligenciar a fase de planejamento <\/strong>antes de realizar uma a\u00e7\u00e3o, o que pode levar a um erro.<\/p>\n\n\n\n<h3 class=\"wp-block-heading\">Perfil de trabalho planejador<\/h3>\n\n\n\n<p>O planejador \u00e9 um perfil profissional que se caracteriza por ser muito <strong>cauteloso e reflexivo<\/strong>. Ao tomar uma decis\u00e3o, o planejador <strong>n\u00e3o se deixa levar por suas emo\u00e7\u00f5es<\/strong> e avalia as poss\u00edveis consequ\u00eancias de todas as alternativas.<\/p>\n\n\n\n<p>\u00c9 sua<strong> vis\u00e3o de longo prazo<\/strong> que torna o planejador um profissional muito adequado para ambientes comerciais e administrativos. Al\u00e9m disso, pode ser interessante ter esse tipo de colaborador em <strong>cargos de lideran\u00e7a<\/strong>.<\/p>\n\n\n\n<h3 class=\"wp-block-heading\">Perfil profissional procrastinador<\/h3>\n\n\n\n<p>Essa caracter\u00edstica \u00e9 <strong>muito comum entre todas as pessoas<\/strong>, dentro de qualquer setor de trabalho. Mesmo assim, devemos ter muito cuidado quando percebemos que a procrastina\u00e7\u00e3o \u00e9 o tra\u00e7o principal e dominante de um de nossos colaboradores. Um profissional com essas caracter\u00edsticas tende a <strong>deixar tudo para depois<\/strong>, se esquecendo at\u00e9 das suas obriga\u00e7\u00f5es.<\/p>\n\n\n\n<p>Embora possa ser um <strong>problema administr\u00e1vel<\/strong>, \u00e9 preciso ter um cuidado especial com o perfil profissional procrastinador em ambientes com hor\u00e1rios muito flex\u00edveis ou em trabalhos freelancer.<\/p>\n\n\n\n<p>Coletamos modelos para ajudar os especialistas de RH a <strong>planejar a carreira dos funcion\u00e1rios<\/strong>. Entre eles, h\u00e1 testes de sele\u00e7\u00e3o para capturar apenas o perfil que a empresa mais precisa, com habilidades e compet\u00eancias espec\u00edficas para o cargo.<\/p>\n\n\n\n<figure class=\"wp-block-image size-full\"><a href=\"https:\/\/hello.bizneo.com\/template\/manual-testes-recursos-humanos\/?utm_content=Opt-in-banner-blog\" data-wpel-link=\"internal\" target=\"_blank\"><img decoding=\"async\" width=\"810\" height=\"332\" src=\"https:\/\/www.bizneo.com\/blog\/wp-content\/uploads\/2023\/10\/Guia-testes-recursos-humanos.png\" alt=\"Guia testes de Recursos Humanos\" class=\"wp-image-43832\" srcset=\"https:\/\/www.bizneo.com\/blog\/wp-content\/uploads\/2023\/10\/Guia-testes-recursos-humanos.png 810w, https:\/\/www.bizneo.com\/blog\/wp-content\/uploads\/2023\/10\/Guia-testes-recursos-humanos-300x123.png 300w, https:\/\/www.bizneo.com\/blog\/wp-content\/uploads\/2023\/10\/Guia-testes-recursos-humanos-768x315.png 768w\" sizes=\"(max-width: 810px) 100vw, 810px\" \/><\/a><\/figure>\n\n\n\n<p>Assim, \u00e9 poss\u00edvel saber se vale a pena contratar um funcion\u00e1rio. Baixe nosso guia gratuito!<\/p>\n\n\n\n<h3 class=\"wp-block-heading\">Perfil de trabalho anal\u00edtico<\/h3>\n\n\n\n<p>As caracter\u00edsiticas principais de um colaborador anal\u00edtico s\u00e3o <strong>a concentra\u00e7\u00e3o, o perfeccionismo e a aten\u00e7\u00e3o ao detalhe<\/strong>.<\/p>\n\n\n\n<p>Um perfil profissional anal\u00edtico \u00e9 <strong>extremamente meticuloso<\/strong> e tende a revisar in\u00fameras vezes o trabalho para identificar poss\u00edveis erros. Funcion\u00e1rios anal\u00edticos <strong>buscam seguran\u00e7a e estabilidade<\/strong> e, por isso, n\u00e3o gostam de trabalhar sob press\u00e3o e nem de mudan\u00e7as constantes.<\/p>\n\n\n\n<h3 class=\"wp-block-heading\">Perfil profissional comunicativo<\/h3>\n\n\n\n<p>Sem d\u00favida, o perfil profissional comunicativo se destaca por sua<strong> habilidade lingu\u00edstica<\/strong>. Esse tipo de colaborador tem um <strong>grande carisma<\/strong> e atua perfeitamente em \u00e1reas que precisam de algu\u00e9m que saiba falar em p\u00fablico ou negociar.<\/p>\n\n\n\n<figure class=\"wp-block-image size-large\"><a href=\"https:\/\/hello.bizneo.com\/kit\/recrutamento-e-selecao\/?utm_content=post-KIT-Reclutamiento\" data-wpel-link=\"internal\" target=\"_blank\"><img decoding=\"async\" width=\"1024\" height=\"307\" src=\"https:\/\/www.bizneo.com\/blog\/wp-content\/uploads\/2025\/01\/KIT-Recrutamento-1024x307.png\" alt=\"KIT recrutamento e sele\u00e7\u00e3o\" class=\"wp-image-52111\" srcset=\"https:\/\/www.bizneo.com\/blog\/wp-content\/uploads\/2025\/01\/KIT-Recrutamento-1024x307.png 1024w, https:\/\/www.bizneo.com\/blog\/wp-content\/uploads\/2025\/01\/KIT-Recrutamento-300x90.png 300w, https:\/\/www.bizneo.com\/blog\/wp-content\/uploads\/2025\/01\/KIT-Recrutamento-768x230.png 768w, https:\/\/www.bizneo.com\/blog\/wp-content\/uploads\/2025\/01\/KIT-Recrutamento-810x243.png 810w, https:\/\/www.bizneo.com\/blog\/wp-content\/uploads\/2025\/01\/KIT-Recrutamento-1140x342.png 1140w, https:\/\/www.bizneo.com\/blog\/wp-content\/uploads\/2025\/01\/KIT-Recrutamento.png 1360w\" sizes=\"(max-width: 1024px) 100vw, 1024px\" \/><\/a><\/figure>\n\n\n\n<h3 class=\"wp-block-heading\">Perfil de trabalho idealista<\/h3>\n\n\n\n<p>Os profissionais que se enquadram no perfil idealista vivem com a <strong>cabe\u00e7a nas nuvens<\/strong> e <strong>lutam para alcan\u00e7ar seus sonhos<\/strong>. Essas duas caracter\u00edsticas, somadas \u00e0 <strong>grande persist\u00eancia <\/strong>que costumam ter, fazem deles \u00f3timos empreendedores.<\/p>\n\n\n\n<p>Idealistas <strong>n\u00e3o s\u00e3o muito bons em seguir ordens<\/strong>, ent\u00e3o ser aut\u00f4nomo pode funcionar melhor para esse tipo de profissional, tamb\u00e9m por serem <strong>ambiciosos e criativos<\/strong>.&nbsp;<\/p>\n\n\n\n<p>Com nosso <strong><a href=\"\/br\/software-recrutamento-selecao\/\" data-wpel-link=\"internal\" target=\"_blank\">software de recrutamento e sele\u00e7\u00e3o<\/a><\/strong> voc\u00ea ter\u00e1 acesso \u00e0s ferramentas e <strong><a href=\"https:\/\/www.bizneo.com\/blog\/pt\/tecnicas-de-recrutamento-e-selecao\/\" data-wpel-link=\"internal\" target=\"_blank\">t\u00e9cnicas de recrutamento e sele\u00e7\u00e3o<\/a><\/strong> necess\u00e1rias para encontrar o perfil profissional que a sua empresa precisa. Por exemplo, a<strong> <a href=\"https:\/\/www.bizneo.com\/blog\/pt\/triagem-de-curriculos\/\" data-wpel-link=\"internal\" target=\"_blank\">triagem de curr\u00edculos<\/a> <\/strong>facilita que apenas candidatos com as <a href=\"https:\/\/www.bizneo.com\/blog\/pt\/habilidades-profissionais\/\" data-wpel-link=\"internal\" target=\"_blank\">habilidades<\/a> e compet\u00eancias indicadas para o cargo passem para as pr\u00f3ximas fases do processo seletivo.<\/p>\n\n\n\n<figure class=\"wp-block-image size-full\"><a href=\"\/br\/software-recrutamento-selecao\/\" target=\"_blank\" rel=\"noreferrer noopener\" data-wpel-link=\"internal\"><img decoding=\"async\" width=\"1364\" height=\"1216\" src=\"https:\/\/www.bizneo.com\/blog\/wp-content\/uploads\/2021\/08\/testes-de-psicometricos-de-personalidade.png\" alt=\"testes de personalidade\" class=\"wp-image-24775\" srcset=\"https:\/\/www.bizneo.com\/blog\/wp-content\/uploads\/2021\/08\/testes-de-psicometricos-de-personalidade.png 1364w, https:\/\/www.bizneo.com\/blog\/wp-content\/uploads\/2021\/08\/testes-de-psicometricos-de-personalidade-300x267.png 300w, https:\/\/www.bizneo.com\/blog\/wp-content\/uploads\/2021\/08\/testes-de-psicometricos-de-personalidade-1024x913.png 1024w, https:\/\/www.bizneo.com\/blog\/wp-content\/uploads\/2021\/08\/testes-de-psicometricos-de-personalidade-768x685.png 768w, https:\/\/www.bizneo.com\/blog\/wp-content\/uploads\/2021\/08\/testes-de-psicometricos-de-personalidade-810x722.png 810w, https:\/\/www.bizneo.com\/blog\/wp-content\/uploads\/2021\/08\/testes-de-psicometricos-de-personalidade-1140x1016.png 1140w\" sizes=\"(max-width: 1364px) 100vw, 1364px\" \/><\/a><\/figure>\n\n\n\n<p>E <strong><a href=\"https:\/\/www.bizneo.com\/blog\/pt\/testes-psicometricos\/\" data-wpel-link=\"internal\" target=\"_blank\">testes psicom\u00e9tricos<\/a><\/strong> podem ser integrados para garantir que o candidato tem bons diferenciais.&nbsp;<\/p>\n\n\n\n<figure class=\"wp-block-image size-full\"><a href=\"\/br\/software-recrutamento-selecao\/\" target=\"_blank\" rel=\"noreferrer noopener\" data-wpel-link=\"internal\"><img decoding=\"async\" width=\"1364\" height=\"808\" src=\"https:\/\/www.bizneo.com\/blog\/wp-content\/uploads\/2021\/08\/testes-psicometricos-de-inteligencia.png\" alt=\"testes psicome\u0301tricos de intelige\u0302ncia\" class=\"wp-image-24776\" srcset=\"https:\/\/www.bizneo.com\/blog\/wp-content\/uploads\/2021\/08\/testes-psicometricos-de-inteligencia.png 1364w, https:\/\/www.bizneo.com\/blog\/wp-content\/uploads\/2021\/08\/testes-psicometricos-de-inteligencia-300x178.png 300w, https:\/\/www.bizneo.com\/blog\/wp-content\/uploads\/2021\/08\/testes-psicometricos-de-inteligencia-1024x607.png 1024w, https:\/\/www.bizneo.com\/blog\/wp-content\/uploads\/2021\/08\/testes-psicometricos-de-inteligencia-768x455.png 768w, https:\/\/www.bizneo.com\/blog\/wp-content\/uploads\/2021\/08\/testes-psicometricos-de-inteligencia-810x480.png 810w, https:\/\/www.bizneo.com\/blog\/wp-content\/uploads\/2021\/08\/testes-psicometricos-de-inteligencia-1140x675.png 1140w\" sizes=\"(max-width: 1364px) 100vw, 1364px\" \/><\/a><\/figure>\n\n\n\n<h2 class=\"wp-block-heading\">Outros perfis profissionais: perfis t\u00f3xicos<\/h2>\n\n\n\n<ul class=\"wp-block-list\">\n<li><strong>O fofoqueiro: <\/strong>identificar esse tipo de perfil profissional \u00e9 complicado porque passa, de alguma forma, pelo controle da conversa descontra\u00edda entre os colegas. Esse tipo de perfil \u00e9 o daquela pessoa que quer saber todos os detalhes de assuntos pessoais de seus colegas de trabalho e que alimenta picuinhas entre as pessoas.&nbsp;<\/li>\n<\/ul>\n\n\n\n<ul class=\"wp-block-list\">\n<li><strong>O reclam\u00e3o: <\/strong>embora a reclama\u00e7\u00e3o seja v\u00e1lida dentro da empresa, esse perfil profissional se caracteriza por apenas falar sobre os aspectos negativos do dia a dia. Esse colaborador nunca v\u00ea o lado positivo das coisas e procura arrastar o restante da equipe para essa vis\u00e3o negativa do ambiente de trabalho.<\/li>\n<\/ul>\n\n\n\n<ul class=\"wp-block-list\">\n<li><strong>O egoc\u00eantrico: <\/strong>quando trabalhamos em equipe, devemos estar dispostos a dialogar e levar em conta o que nossos colegas pensam. O perfil profissional egoc\u00eantrico ignora completamente essa l\u00f3gica e n\u00e3o aceita qualquer tipo de cr\u00edtica ou sugest\u00e3o que n\u00e3o sejam suas.<\/li>\n<\/ul>\n\n\n\n<p>Cada fun\u00e7\u00e3o em uma empresa tem suas preocupa\u00e7\u00f5es, tarefas e obriga\u00e7\u00f5es. Desenvolvemos <strong>um guia que explica o impacto do software de RH em cada uma delas.<\/strong><\/p>\n\n\n\n<p>Voc\u00ea vai saber como ela resolve os principais problemas do dia a dia e como te ajuda a ter um melhor desempenho em seu perfil profissional.<\/p>\n\n\n\n<figure class=\"wp-block-image size-full\"><a href=\"https:\/\/hello.bizneo.com\/template\/software-rh-funcoes-nas-empresa\/?utm_content=post-banner-medio\" data-wpel-link=\"internal\" target=\"_blank\"><img decoding=\"async\" width=\"1360\" height=\"204\" src=\"https:\/\/www.bizneo.com\/blog\/wp-content\/uploads\/2022\/02\/Banner-impacto-software-rh-funcoes.jpg\" alt=\"Banner impacto software rh funcoes\" class=\"wp-image-31954\" srcset=\"https:\/\/www.bizneo.com\/blog\/wp-content\/uploads\/2022\/02\/Banner-impacto-software-rh-funcoes.jpg 1360w, https:\/\/www.bizneo.com\/blog\/wp-content\/uploads\/2022\/02\/Banner-impacto-software-rh-funcoes-300x45.jpg 300w, https:\/\/www.bizneo.com\/blog\/wp-content\/uploads\/2022\/02\/Banner-impacto-software-rh-funcoes-1024x154.jpg 1024w, https:\/\/www.bizneo.com\/blog\/wp-content\/uploads\/2022\/02\/Banner-impacto-software-rh-funcoes-768x115.jpg 768w, https:\/\/www.bizneo.com\/blog\/wp-content\/uploads\/2022\/02\/Banner-impacto-software-rh-funcoes-810x122.jpg 810w, https:\/\/www.bizneo.com\/blog\/wp-content\/uploads\/2022\/02\/Banner-impacto-software-rh-funcoes-1140x171.jpg 1140w\" sizes=\"(max-width: 1360px) 100vw, 1360px\" \/><\/a><\/figure>\n\n\n\n<h2 class=\"wp-block-heading\">Perfis de trabalho positivos<\/h2>\n\n\n\n<ul class=\"wp-block-list\">\n<li><strong>O perfeccionista: <\/strong>Este tipo de profissional presta aten\u00e7\u00e3o aos pequenos detalhes e estimula o resto da equipe a fazer o mesmo. Ele garante que tudo corra bem e o seu trabalho acaba sempre impactando positivamente os resultados globais.<\/li>\n<\/ul>\n\n\n\n<ul class=\"wp-block-list\">\n<li><strong>O l\u00edder: <\/strong>o perfil profissional de lideran\u00e7a \u00e9 extremamente necess\u00e1rio em todas as organiza\u00e7\u00f5es, porque se trata da pessoa que decide tomar as r\u00e9deas e orientar sua equipe para os melhores resultados. Esse colaborador sabe dialogar e sua capacidade de ouvir \u00e9 uma de suas maiores virtudes.<\/li>\n<\/ul>\n\n\n\n<ul class=\"wp-block-list\">\n<li><strong>O ousado:<\/strong> a criatividade \u00e9 seu motor. Esse profissional n\u00e3o tem medo de tomar decis\u00f5es inovadoras e apostar em novas ideias. \u00c9 ideal para manter a vontade da equipe para evoluir e melhorar.<\/li>\n<\/ul>\n\n\n\n<h2 class=\"wp-block-heading\">Como identificar um bom perfil profissional<\/h2>\n\n\n\n<h3 class=\"wp-block-heading\">Defina as necessidades do cargo<\/h3>\n\n\n\n<p>Como dissemos, para identificar corretamente em qual perfil profissional cada pessoa se encaixa, devemos tentar <strong>identificar a personalidade desde o in\u00edcio <\/strong>do processo seletivo.<\/p>\n\n\n\n<figure class=\"wp-block-image size-large\"><a href=\"\/br\/organograma-empresa\/\" data-wpel-link=\"internal\" target=\"_blank\"><img decoding=\"async\" width=\"1024\" height=\"739\" src=\"https:\/\/www.bizneo.com\/blog\/wp-content\/uploads\/2023\/04\/Descricao-das-funcoes-1024x739.webp\" alt=\"defini\u00e7\u00e3o e descri\u00e7\u00e3o do cargo de trabalho\" class=\"wp-image-40034\" srcset=\"https:\/\/www.bizneo.com\/blog\/wp-content\/uploads\/2023\/04\/Descricao-das-funcoes-1024x739.webp 1024w, https:\/\/www.bizneo.com\/blog\/wp-content\/uploads\/2023\/04\/Descricao-das-funcoes-300x216.webp 300w, https:\/\/www.bizneo.com\/blog\/wp-content\/uploads\/2023\/04\/Descricao-das-funcoes-768x554.webp 768w, https:\/\/www.bizneo.com\/blog\/wp-content\/uploads\/2023\/04\/Descricao-das-funcoes-810x584.webp 810w, https:\/\/www.bizneo.com\/blog\/wp-content\/uploads\/2023\/04\/Descricao-das-funcoes-1140x823.webp 1140w, https:\/\/www.bizneo.com\/blog\/wp-content\/uploads\/2023\/04\/Descricao-das-funcoes.webp 1501w\" sizes=\"(max-width: 1024px) 100vw, 1024px\" \/><\/a><\/figure>\n\n\n\n<p>Assim, ao publicar a oferta de emprego, \u00e9 interessante buscar candidatos que se enquadrem no <a href=\"https:\/\/www.bizneo.com\/blog\/pt\/perfil-do-candidato\/\" data-wpel-link=\"internal\" target=\"_blank\">perfil do candidato<\/a> que procuramos. Ou seja, desde o in\u00edcio,<strong> devemos definir claramente quais perfis profissionais queremos incorporar na empresa<\/strong>.<\/p>\n\n\n\n<div id=\"cbox-ebbWppP2ZJG4Q8cN\"><\/div>\n\n\n\n<p><\/p>\n\n\n\n<h3 class=\"wp-block-heading\">Use a entrevista de compet\u00eancia<\/h3>\n\n\n\n<p>Uma vez estabelecidas essas diretrizes, as <strong>entrevistas <\/strong>desempenham um papel importante para a escolha dos melhores candidatos. Fazer uma entrevista de compet\u00eancias pode ajudar a identificar as <strong>habilidades mais frequentes <\/strong>em determinados tipos de perfil profissional.<\/p>\n\n\n\n<figure class=\"wp-block-image size-full\"><a href=\"\/br\/software-recrutamento-selecao\/\" target=\"_blank\" rel=\"noreferrer noopener\" data-wpel-link=\"internal\"><img decoding=\"async\" width=\"1500\" height=\"1029\" src=\"https:\/\/www.bizneo.com\/blog\/wp-content\/uploads\/2021\/05\/software-Video-entrevista-de-emprego.webp\" alt=\"Sistema de v\u00eddeo entrevistas para recrutamento\" class=\"wp-image-22492\" srcset=\"https:\/\/www.bizneo.com\/blog\/wp-content\/uploads\/2021\/05\/software-Video-entrevista-de-emprego.webp 1500w, https:\/\/www.bizneo.com\/blog\/wp-content\/uploads\/2021\/05\/software-Video-entrevista-de-emprego-300x206.webp 300w, https:\/\/www.bizneo.com\/blog\/wp-content\/uploads\/2021\/05\/software-Video-entrevista-de-emprego-1024x702.webp 1024w, https:\/\/www.bizneo.com\/blog\/wp-content\/uploads\/2021\/05\/software-Video-entrevista-de-emprego-768x527.webp 768w, https:\/\/www.bizneo.com\/blog\/wp-content\/uploads\/2021\/05\/software-Video-entrevista-de-emprego-810x556.webp 810w, https:\/\/www.bizneo.com\/blog\/wp-content\/uploads\/2021\/05\/software-Video-entrevista-de-emprego-1140x782.webp 1140w, https:\/\/www.bizneo.com\/blog\/wp-content\/uploads\/2021\/05\/software-Video-entrevista-de-emprego-145x100.webp 145w, https:\/\/www.bizneo.com\/blog\/wp-content\/uploads\/2021\/05\/software-Video-entrevista-de-emprego-380x260.webp 380w\" sizes=\"(max-width: 1500px) 100vw, 1500px\" \/><\/a><\/figure>\n\n\n\n<figure class=\"wp-block-image size-full\"><a href=\"\/br\/software-recrutamento-selecao\/\" target=\"_blank\" rel=\"noreferrer noopener\" data-wpel-link=\"internal\"><img decoding=\"async\" width=\"1364\" height=\"1216\" src=\"https:\/\/www.bizneo.com\/blog\/wp-content\/uploads\/2021\/05\/Provas-psicometricas-de-selecao-de-pessoal.png\" alt=\"Provas psicome\u0301tricas de selec\u0327a\u0303o de pessoal\" class=\"wp-image-22522\" srcset=\"https:\/\/www.bizneo.com\/blog\/wp-content\/uploads\/2021\/05\/Provas-psicometricas-de-selecao-de-pessoal.png 1364w, https:\/\/www.bizneo.com\/blog\/wp-content\/uploads\/2021\/05\/Provas-psicometricas-de-selecao-de-pessoal-300x267.png 300w, https:\/\/www.bizneo.com\/blog\/wp-content\/uploads\/2021\/05\/Provas-psicometricas-de-selecao-de-pessoal-1024x913.png 1024w, https:\/\/www.bizneo.com\/blog\/wp-content\/uploads\/2021\/05\/Provas-psicometricas-de-selecao-de-pessoal-768x685.png 768w, https:\/\/www.bizneo.com\/blog\/wp-content\/uploads\/2021\/05\/Provas-psicometricas-de-selecao-de-pessoal-810x722.png 810w, https:\/\/www.bizneo.com\/blog\/wp-content\/uploads\/2021\/05\/Provas-psicometricas-de-selecao-de-pessoal-1140x1016.png 1140w\" sizes=\"(max-width: 1364px) 100vw, 1364px\" \/><\/a><\/figure>\n\n\n\n<p>Assim, se procuramos um perfil comunicativo, as compet\u00eancias que devem ser identificadas s\u00e3o o carisma e a capacidade lingu\u00edstica.<\/p>\n\n\n\n<bzn-note><a href=\"\/blog\/pt\/selecao-por-competencias\/\" id=\"destacado-post\" target=\"_blank\" rel=\"noopener noreferrer\" data-wpel-link=\"internal\"><span class=\"bzn-note-title\"><strong>Sele\u00e7\u00e3o por compet\u00eancias<\/strong><\/span><br>Saiba como organizar as 4 fases de aplica\u00e7\u00e3o<\/a><\/bzn-note>\n\n\n\n<p><\/p>\n\n\n\n<h3 class=\"wp-block-heading\">Use as perguntas e os filtros para encontrar o melhor perfil profissional<\/h3>\n\n\n\n<p>Para agilizar a identifica\u00e7\u00e3o do perfil profissional durante o processo seletivo, uma dica \u00e9 utilizar o <strong><a href=\"https:\/\/www.bizneo.com\/br\/software-recrutamento-selecao\/\" target=\"_blank\" rel=\"noreferrer noopener\" data-wpel-link=\"internal\">software de recrutamento e sele\u00e7\u00e3o<\/a><\/strong>, focado em encontrar talentos diferenciados entre todos os candidatos do processo.<\/p>\n\n\n\n<figure class=\"wp-block-image size-full\"><a href=\"\/br\/software-recrutamento-selecao\/\" target=\"_blank\" rel=\"noreferrer noopener\" data-wpel-link=\"internal\"><img decoding=\"async\" width=\"1364\" height=\"996\" src=\"https:\/\/www.bizneo.com\/blog\/wp-content\/uploads\/2021\/05\/scorecards-recrutamento.png\" alt=\"Ferramenta scorecards\" class=\"wp-image-22521\" srcset=\"https:\/\/www.bizneo.com\/blog\/wp-content\/uploads\/2021\/05\/scorecards-recrutamento.png 1364w, https:\/\/www.bizneo.com\/blog\/wp-content\/uploads\/2021\/05\/scorecards-recrutamento-300x219.png 300w, https:\/\/www.bizneo.com\/blog\/wp-content\/uploads\/2021\/05\/scorecards-recrutamento-1024x748.png 1024w, https:\/\/www.bizneo.com\/blog\/wp-content\/uploads\/2021\/05\/scorecards-recrutamento-768x561.png 768w, https:\/\/www.bizneo.com\/blog\/wp-content\/uploads\/2021\/05\/scorecards-recrutamento-810x591.png 810w, https:\/\/www.bizneo.com\/blog\/wp-content\/uploads\/2021\/05\/scorecards-recrutamento-1140x832.png 1140w\" sizes=\"(max-width: 1364px) 100vw, 1364px\" \/><\/a><\/figure>\n\n\n\n<p>Gra\u00e7as aos <strong>filtros<\/strong> que descartam automaticamente os candidatos que n\u00e3o atendem aos <strong>requisitos b\u00e1sicos da oferta<\/strong>, fica mais f\u00e1cil encontrar aqueles que se enquadrariam no perfil procurado.<\/p>\n\n\n\n<p>Al\u00e9m disso, o <a href=\"https:\/\/www.bizneo.com\/blog\/pt\/7-sinais-de-que-voce-precisa-de-um-ats\/\" target=\"_blank\" rel=\"noreferrer noopener\" data-wpel-link=\"internal\">ATS<\/a> da Bizneo HR permite<strong> criar uma s\u00e9rie de perguntas-chave <\/strong>que a pessoa deve responder ao se candidatar a uma vaga. Assim, dependendo das respostas obtidas, <strong>o software decide se a inscri\u00e7\u00e3o \u00e9 v\u00e1lida ou n\u00e3o<\/strong>, com base em par\u00e2metros espec\u00edficos.<\/p>\n\n\n\n<p>Se voc\u00ea que fazer um <strong>tour personalizado e gratuito<\/strong> para conhecer todas funcionalidades oferecidas por essa ferramenta, al\u00e9m dos benef\u00edcios a m\u00e9dio e longo prazo, <a href=\"https:\/\/hello.bizneo.com\/demo\/suite\/pt\/\" target=\"_blank\" rel=\"noreferrer noopener nofollow\" data-wpel-link=\"internal\">clique aqui<\/a>.<\/p>\n\n\n\n<figure class=\"wp-block-image size-full\"><a href=\"\/br\/software-recrutamento-selecao\/\" target=\"_blank\" rel=\"noreferrer noopener\" data-wpel-link=\"internal\"><img decoding=\"async\" width=\"1360\" height=\"408\" src=\"https:\/\/www.bizneo.com\/blog\/wp-content\/uploads\/2021\/05\/ATS-com-multiposting.jpg\" alt=\"ATS de recrutamento e sele\u00e7\u00e3o com multiposting\" class=\"wp-image-22559\" srcset=\"https:\/\/www.bizneo.com\/blog\/wp-content\/uploads\/2021\/05\/ATS-com-multiposting.jpg 1360w, https:\/\/www.bizneo.com\/blog\/wp-content\/uploads\/2021\/05\/ATS-com-multiposting-300x90.jpg 300w, https:\/\/www.bizneo.com\/blog\/wp-content\/uploads\/2021\/05\/ATS-com-multiposting-1024x307.jpg 1024w, https:\/\/www.bizneo.com\/blog\/wp-content\/uploads\/2021\/05\/ATS-com-multiposting-768x230.jpg 768w, https:\/\/www.bizneo.com\/blog\/wp-content\/uploads\/2021\/05\/ATS-com-multiposting-810x243.jpg 810w, https:\/\/www.bizneo.com\/blog\/wp-content\/uploads\/2021\/05\/ATS-com-multiposting-1140x342.jpg 1140w\" sizes=\"(max-width: 1360px) 100vw, 1360px\" \/><\/a><\/figure>\n","protected":false},"excerpt":{"rendered":"<p>N\u00e3o s\u00e3o apenas as habilidades e aptid\u00f5es que contam ao contratar um novo perfil profissional. A personalidade da pessoa determina o papel que ela desempenhar\u00e1 em nossa empresa e como ir\u00e1 contribuir para nossas equipes.<\/p>\n","protected":false},"author":31,"featured_media":33432,"comment_status":"open","ping_status":"open","sticky":false,"template":"","format":"standard","meta":{"_uag_custom_page_level_css":"","site-sidebar-layout":"default","site-content-layout":"","ast-site-content-layout":"default","site-content-style":"default","site-sidebar-style":"default","ast-global-header-display":"","ast-banner-title-visibility":"","ast-main-header-display":"","ast-hfb-above-header-display":"","ast-hfb-below-header-display":"","ast-hfb-mobile-header-display":"","site-post-title":"","ast-breadcrumbs-content":"","ast-featured-img":"","footer-sml-layout":"","ast-disable-related-posts":"","theme-transparent-header-meta":"","adv-header-id-meta":"","stick-header-meta":"","header-above-stick-meta":"","header-main-stick-meta":"","header-below-stick-meta":"","astra-migrate-meta-layouts":"default","ast-page-background-enabled":"default","ast-page-background-meta":{"desktop":{"background-color":"var(--ast-global-color-5)","background-image":"","background-repeat":"repeat","background-position":"center center","background-size":"auto","background-attachment":"scroll","background-type":"","background-media":"","overlay-type":"","overlay-color":"","overlay-opacity":"","overlay-gradient":""},"tablet":{"background-color":"","background-image":"","background-repeat":"repeat","background-position":"center center","background-size":"auto","background-attachment":"scroll","background-type":"","background-media":"","overlay-type":"","overlay-color":"","overlay-opacity":"","overlay-gradient":""},"mobile":{"background-color":"","background-image":"","background-repeat":"repeat","background-position":"center center","background-size":"auto","background-attachment":"scroll","background-type":"","background-media":"","overlay-type":"","overlay-color":"","overlay-opacity":"","overlay-gradient":""}},"ast-content-background-meta":{"desktop":{"background-color":"var(--ast-global-color-4)","background-image":"","background-repeat":"repeat","background-position":"center center","background-size":"auto","background-attachment":"scroll","background-type":"","background-media":"","overlay-type":"","overlay-color":"","overlay-opacity":"","overlay-gradient":""},"tablet":{"background-color":"var(--ast-global-color-4)","background-image":"","background-repeat":"repeat","background-position":"center center","background-size":"auto","background-attachment":"scroll","background-type":"","background-media":"","overlay-type":"","overlay-color":"","overlay-opacity":"","overlay-gradient":""},"mobile":{"background-color":"var(--ast-global-color-4)","background-image":"","background-repeat":"repeat","background-position":"center center","background-size":"auto","background-attachment":"scroll","background-type":"","background-media":"","overlay-type":"","overlay-color":"","overlay-opacity":"","overlay-gradient":""}},"footnotes":""},"categories":[217],"tags":[],"class_list":["post-33076","post","type-post","status-publish","format-standard","has-post-thumbnail","hentry","category-recrutamento-e-selecao"],"yoast_head":"<!-- This site is optimized with the Yoast SEO plugin v27.5 - https:\/\/yoast.com\/product\/yoast-seo-wordpress\/ -->\n<title>Como identificar um bom perfil profissional | 7 exemplos pr\u00e1ticos<\/title>\n<meta name=\"description\" content=\"Existem diferentes tipos de perfil profissional e de candidatos. Saiba identificar o melhores para o seu processo seletivo.\" \/>\n<meta name=\"robots\" content=\"index, follow, max-snippet:-1, max-image-preview:large, max-video-preview:-1\" \/>\n<meta property=\"og:locale\" content=\"es_ES\" \/>\n<meta property=\"og:type\" content=\"article\" \/>\n<meta property=\"og:title\" content=\"Como identificar um bom perfil profissional | 7 exemplos pr\u00e1ticos\" \/>\n<meta property=\"og:description\" content=\"Existem diferentes tipos de perfil profissional e de candidatos. Saiba identificar o melhores para o seu processo seletivo.\" \/>\n<meta property=\"og:url\" content=\"https:\/\/www.bizneo.com\/blog\/pt\/perfil-profissional\/\" \/>\n<meta property=\"og:site_name\" content=\"Blog de Recursos Humanos de Bizneo HR: pr\u00e1ctico y actual\" \/>\n<meta property=\"article:published_time\" content=\"2022-04-12T07:55:58+00:00\" \/>\n<meta property=\"article:modified_time\" content=\"2026-02-01T16:41:17+00:00\" \/>\n<meta property=\"og:image\" content=\"https:\/\/www.bizneo.com\/blog\/wp-content\/uploads\/2022\/03\/perfil-profissional.jpg\" \/>\n\t<meta property=\"og:image:width\" content=\"1140\" \/>\n\t<meta property=\"og:image:height\" content=\"640\" \/>\n\t<meta property=\"og:image:type\" content=\"image\/jpeg\" \/>\n<meta name=\"author\" content=\"Talita\" \/>\n<meta name=\"twitter:card\" content=\"summary_large_image\" \/>\n<meta name=\"twitter:label1\" content=\"Escrito por\" \/>\n\t<meta name=\"twitter:data1\" content=\"Talita\" \/>\n\t<meta name=\"twitter:label2\" content=\"Tiempo de lectura\" \/>\n\t<meta name=\"twitter:data2\" content=\"9 minutos\" \/>\n<script type=\"application\/ld+json\" class=\"yoast-schema-graph\">{\"@context\":\"https:\\\/\\\/schema.org\",\"@graph\":[{\"@type\":[\"Article\",\"BlogPosting\"],\"@id\":\"https:\\\/\\\/www.bizneo.com\\\/blog\\\/pt\\\/perfil-profissional\\\/#article\",\"isPartOf\":{\"@id\":\"https:\\\/\\\/www.bizneo.com\\\/blog\\\/pt\\\/perfil-profissional\\\/\"},\"author\":{\"name\":\"Talita\",\"@id\":\"https:\\\/\\\/www.bizneo.com\\\/blog\\\/#\\\/schema\\\/person\\\/3aea8ddcb201926bb4394bbfb582a5fb\"},\"headline\":\"Como identificar um bom perfil profissional?\",\"datePublished\":\"2022-04-12T07:55:58+00:00\",\"dateModified\":\"2026-02-01T16:41:17+00:00\",\"mainEntityOfPage\":{\"@id\":\"https:\\\/\\\/www.bizneo.com\\\/blog\\\/pt\\\/perfil-profissional\\\/\"},\"wordCount\":1402,\"commentCount\":0,\"publisher\":{\"@id\":\"https:\\\/\\\/www.bizneo.com\\\/blog\\\/#organization\"},\"image\":{\"@id\":\"https:\\\/\\\/www.bizneo.com\\\/blog\\\/pt\\\/perfil-profissional\\\/#primaryimage\"},\"thumbnailUrl\":\"https:\\\/\\\/www.bizneo.com\\\/blog\\\/wp-content\\\/uploads\\\/2022\\\/03\\\/perfil-profissional.jpg\",\"articleSection\":[\"Recrutamento e sele\u00e7\u00e3o\"],\"inLanguage\":\"es\",\"potentialAction\":[{\"@type\":\"CommentAction\",\"name\":\"Comment\",\"target\":[\"https:\\\/\\\/www.bizneo.com\\\/blog\\\/pt\\\/perfil-profissional\\\/#respond\"]}]},{\"@type\":\"WebPage\",\"@id\":\"https:\\\/\\\/www.bizneo.com\\\/blog\\\/pt\\\/perfil-profissional\\\/\",\"url\":\"https:\\\/\\\/www.bizneo.com\\\/blog\\\/pt\\\/perfil-profissional\\\/\",\"name\":\"Como identificar um bom perfil profissional | 7 exemplos pr\u00e1ticos\",\"isPartOf\":{\"@id\":\"https:\\\/\\\/www.bizneo.com\\\/blog\\\/#website\"},\"primaryImageOfPage\":{\"@id\":\"https:\\\/\\\/www.bizneo.com\\\/blog\\\/pt\\\/perfil-profissional\\\/#primaryimage\"},\"image\":{\"@id\":\"https:\\\/\\\/www.bizneo.com\\\/blog\\\/pt\\\/perfil-profissional\\\/#primaryimage\"},\"thumbnailUrl\":\"https:\\\/\\\/www.bizneo.com\\\/blog\\\/wp-content\\\/uploads\\\/2022\\\/03\\\/perfil-profissional.jpg\",\"datePublished\":\"2022-04-12T07:55:58+00:00\",\"dateModified\":\"2026-02-01T16:41:17+00:00\",\"description\":\"Existem diferentes tipos de perfil profissional e de candidatos. Saiba identificar o melhores para o seu processo seletivo.\",\"breadcrumb\":{\"@id\":\"https:\\\/\\\/www.bizneo.com\\\/blog\\\/pt\\\/perfil-profissional\\\/#breadcrumb\"},\"inLanguage\":\"es\",\"potentialAction\":[{\"@type\":\"ReadAction\",\"target\":[\"https:\\\/\\\/www.bizneo.com\\\/blog\\\/pt\\\/perfil-profissional\\\/\"]}]},{\"@type\":\"ImageObject\",\"inLanguage\":\"es\",\"@id\":\"https:\\\/\\\/www.bizneo.com\\\/blog\\\/pt\\\/perfil-profissional\\\/#primaryimage\",\"url\":\"https:\\\/\\\/www.bizneo.com\\\/blog\\\/wp-content\\\/uploads\\\/2022\\\/03\\\/perfil-profissional.jpg\",\"contentUrl\":\"https:\\\/\\\/www.bizneo.com\\\/blog\\\/wp-content\\\/uploads\\\/2022\\\/03\\\/perfil-profissional.jpg\",\"width\":1140,\"height\":640,\"caption\":\"perfil profissional\"},{\"@type\":\"BreadcrumbList\",\"@id\":\"https:\\\/\\\/www.bizneo.com\\\/blog\\\/pt\\\/perfil-profissional\\\/#breadcrumb\",\"itemListElement\":[{\"@type\":\"ListItem\",\"position\":1,\"name\":\"Portada\",\"item\":\"https:\\\/\\\/www.bizneo.com\\\/blog\\\/\"},{\"@type\":\"ListItem\",\"position\":2,\"name\":\"Recrutamento e sele\u00e7\u00e3o\",\"item\":\"https:\\\/\\\/www.bizneo.com\\\/blog\\\/pt\\\/category\\\/recrutamento-e-selecao\\\/\"},{\"@type\":\"ListItem\",\"position\":3,\"name\":\"Como identificar um bom perfil profissional?\"}]},{\"@type\":\"WebSite\",\"@id\":\"https:\\\/\\\/www.bizneo.com\\\/blog\\\/#website\",\"url\":\"https:\\\/\\\/www.bizneo.com\\\/blog\\\/\",\"name\":\"Blog de Recursos Humanos de Bizneo HR: pr\u00e1ctico y actual\",\"description\":\"Todo sobre actualidad, herramientas y tecnolog\u00eda  para optimizar la gesti\u00f3n del talento humano\",\"publisher\":{\"@id\":\"https:\\\/\\\/www.bizneo.com\\\/blog\\\/#organization\"},\"potentialAction\":[{\"@type\":\"SearchAction\",\"target\":{\"@type\":\"EntryPoint\",\"urlTemplate\":\"https:\\\/\\\/www.bizneo.com\\\/blog\\\/?s={search_term_string}\"},\"query-input\":{\"@type\":\"PropertyValueSpecification\",\"valueRequired\":true,\"valueName\":\"search_term_string\"}}],\"inLanguage\":\"es\"},{\"@type\":\"Organization\",\"@id\":\"https:\\\/\\\/www.bizneo.com\\\/blog\\\/#organization\",\"name\":\"Bizneo HR\",\"url\":\"https:\\\/\\\/www.bizneo.com\\\/blog\\\/\",\"logo\":{\"@type\":\"ImageObject\",\"inLanguage\":\"es\",\"@id\":\"https:\\\/\\\/www.bizneo.com\\\/blog\\\/#\\\/schema\\\/logo\\\/image\\\/\",\"url\":\"https:\\\/\\\/www.bizneo.com\\\/blog\\\/wp-content\\\/uploads\\\/2020\\\/09\\\/Icono-Logo-Bizneo-HR.png\",\"contentUrl\":\"https:\\\/\\\/www.bizneo.com\\\/blog\\\/wp-content\\\/uploads\\\/2020\\\/09\\\/Icono-Logo-Bizneo-HR.png\",\"width\":834,\"height\":834,\"caption\":\"Bizneo HR\"},\"image\":{\"@id\":\"https:\\\/\\\/www.bizneo.com\\\/blog\\\/#\\\/schema\\\/logo\\\/image\\\/\"}},{\"@type\":\"Person\",\"@id\":\"https:\\\/\\\/www.bizneo.com\\\/blog\\\/#\\\/schema\\\/person\\\/3aea8ddcb201926bb4394bbfb582a5fb\",\"name\":\"Talita\",\"image\":{\"@type\":\"ImageObject\",\"inLanguage\":\"es\",\"@id\":\"https:\\\/\\\/secure.gravatar.com\\\/avatar\\\/965e4e0e673ec5aef56da7c23c99dfcc4c209684c78c811d6ece9961d8e62ecd?s=96&d=mm&r=g\",\"url\":\"https:\\\/\\\/secure.gravatar.com\\\/avatar\\\/965e4e0e673ec5aef56da7c23c99dfcc4c209684c78c811d6ece9961d8e62ecd?s=96&d=mm&r=g\",\"contentUrl\":\"https:\\\/\\\/secure.gravatar.com\\\/avatar\\\/965e4e0e673ec5aef56da7c23c99dfcc4c209684c78c811d6ece9961d8e62ecd?s=96&d=mm&r=g\",\"caption\":\"Talita\"},\"url\":\"https:\\\/\\\/www.bizneo.com\\\/blog\\\/author\\\/talita\\\/\"}]}<\/script>\n<!-- \/ Yoast SEO plugin. -->","yoast_head_json":{"title":"Como identificar um bom perfil profissional | 7 exemplos pr\u00e1ticos","description":"Existem diferentes tipos de perfil profissional e de candidatos. Saiba identificar o melhores para o seu processo seletivo.","robots":{"index":"index","follow":"follow","max-snippet":"max-snippet:-1","max-image-preview":"max-image-preview:large","max-video-preview":"max-video-preview:-1"},"og_locale":"es_ES","og_type":"article","og_title":"Como identificar um bom perfil profissional | 7 exemplos pr\u00e1ticos","og_description":"Existem diferentes tipos de perfil profissional e de candidatos. Saiba identificar o melhores para o seu processo seletivo.","og_url":"https:\/\/www.bizneo.com\/blog\/pt\/perfil-profissional\/","og_site_name":"Blog de Recursos Humanos de Bizneo HR: pr\u00e1ctico y actual","article_published_time":"2022-04-12T07:55:58+00:00","article_modified_time":"2026-02-01T16:41:17+00:00","og_image":[{"width":1140,"height":640,"url":"https:\/\/www.bizneo.com\/blog\/wp-content\/uploads\/2022\/03\/perfil-profissional.jpg","type":"image\/jpeg"}],"author":"Talita","twitter_card":"summary_large_image","twitter_misc":{"Escrito por":"Talita","Tiempo de lectura":"9 minutos"},"schema":{"@context":"https:\/\/schema.org","@graph":[{"@type":["Article","BlogPosting"],"@id":"https:\/\/www.bizneo.com\/blog\/pt\/perfil-profissional\/#article","isPartOf":{"@id":"https:\/\/www.bizneo.com\/blog\/pt\/perfil-profissional\/"},"author":{"name":"Talita","@id":"https:\/\/www.bizneo.com\/blog\/#\/schema\/person\/3aea8ddcb201926bb4394bbfb582a5fb"},"headline":"Como identificar um bom perfil profissional?","datePublished":"2022-04-12T07:55:58+00:00","dateModified":"2026-02-01T16:41:17+00:00","mainEntityOfPage":{"@id":"https:\/\/www.bizneo.com\/blog\/pt\/perfil-profissional\/"},"wordCount":1402,"commentCount":0,"publisher":{"@id":"https:\/\/www.bizneo.com\/blog\/#organization"},"image":{"@id":"https:\/\/www.bizneo.com\/blog\/pt\/perfil-profissional\/#primaryimage"},"thumbnailUrl":"https:\/\/www.bizneo.com\/blog\/wp-content\/uploads\/2022\/03\/perfil-profissional.jpg","articleSection":["Recrutamento e sele\u00e7\u00e3o"],"inLanguage":"es","potentialAction":[{"@type":"CommentAction","name":"Comment","target":["https:\/\/www.bizneo.com\/blog\/pt\/perfil-profissional\/#respond"]}]},{"@type":"WebPage","@id":"https:\/\/www.bizneo.com\/blog\/pt\/perfil-profissional\/","url":"https:\/\/www.bizneo.com\/blog\/pt\/perfil-profissional\/","name":"Como identificar um bom perfil profissional | 7 exemplos pr\u00e1ticos","isPartOf":{"@id":"https:\/\/www.bizneo.com\/blog\/#website"},"primaryImageOfPage":{"@id":"https:\/\/www.bizneo.com\/blog\/pt\/perfil-profissional\/#primaryimage"},"image":{"@id":"https:\/\/www.bizneo.com\/blog\/pt\/perfil-profissional\/#primaryimage"},"thumbnailUrl":"https:\/\/www.bizneo.com\/blog\/wp-content\/uploads\/2022\/03\/perfil-profissional.jpg","datePublished":"2022-04-12T07:55:58+00:00","dateModified":"2026-02-01T16:41:17+00:00","description":"Existem diferentes tipos de perfil profissional e de candidatos. Saiba identificar o melhores para o seu processo seletivo.","breadcrumb":{"@id":"https:\/\/www.bizneo.com\/blog\/pt\/perfil-profissional\/#breadcrumb"},"inLanguage":"es","potentialAction":[{"@type":"ReadAction","target":["https:\/\/www.bizneo.com\/blog\/pt\/perfil-profissional\/"]}]},{"@type":"ImageObject","inLanguage":"es","@id":"https:\/\/www.bizneo.com\/blog\/pt\/perfil-profissional\/#primaryimage","url":"https:\/\/www.bizneo.com\/blog\/wp-content\/uploads\/2022\/03\/perfil-profissional.jpg","contentUrl":"https:\/\/www.bizneo.com\/blog\/wp-content\/uploads\/2022\/03\/perfil-profissional.jpg","width":1140,"height":640,"caption":"perfil profissional"},{"@type":"BreadcrumbList","@id":"https:\/\/www.bizneo.com\/blog\/pt\/perfil-profissional\/#breadcrumb","itemListElement":[{"@type":"ListItem","position":1,"name":"Portada","item":"https:\/\/www.bizneo.com\/blog\/"},{"@type":"ListItem","position":2,"name":"Recrutamento e sele\u00e7\u00e3o","item":"https:\/\/www.bizneo.com\/blog\/pt\/category\/recrutamento-e-selecao\/"},{"@type":"ListItem","position":3,"name":"Como identificar um bom perfil profissional?"}]},{"@type":"WebSite","@id":"https:\/\/www.bizneo.com\/blog\/#website","url":"https:\/\/www.bizneo.com\/blog\/","name":"Blog de Recursos Humanos de Bizneo HR: pr\u00e1ctico y actual","description":"Todo sobre actualidad, herramientas y tecnolog\u00eda  para optimizar la gesti\u00f3n del talento humano","publisher":{"@id":"https:\/\/www.bizneo.com\/blog\/#organization"},"potentialAction":[{"@type":"SearchAction","target":{"@type":"EntryPoint","urlTemplate":"https:\/\/www.bizneo.com\/blog\/?s={search_term_string}"},"query-input":{"@type":"PropertyValueSpecification","valueRequired":true,"valueName":"search_term_string"}}],"inLanguage":"es"},{"@type":"Organization","@id":"https:\/\/www.bizneo.com\/blog\/#organization","name":"Bizneo HR","url":"https:\/\/www.bizneo.com\/blog\/","logo":{"@type":"ImageObject","inLanguage":"es","@id":"https:\/\/www.bizneo.com\/blog\/#\/schema\/logo\/image\/","url":"https:\/\/www.bizneo.com\/blog\/wp-content\/uploads\/2020\/09\/Icono-Logo-Bizneo-HR.png","contentUrl":"https:\/\/www.bizneo.com\/blog\/wp-content\/uploads\/2020\/09\/Icono-Logo-Bizneo-HR.png","width":834,"height":834,"caption":"Bizneo HR"},"image":{"@id":"https:\/\/www.bizneo.com\/blog\/#\/schema\/logo\/image\/"}},{"@type":"Person","@id":"https:\/\/www.bizneo.com\/blog\/#\/schema\/person\/3aea8ddcb201926bb4394bbfb582a5fb","name":"Talita","image":{"@type":"ImageObject","inLanguage":"es","@id":"https:\/\/secure.gravatar.com\/avatar\/965e4e0e673ec5aef56da7c23c99dfcc4c209684c78c811d6ece9961d8e62ecd?s=96&d=mm&r=g","url":"https:\/\/secure.gravatar.com\/avatar\/965e4e0e673ec5aef56da7c23c99dfcc4c209684c78c811d6ece9961d8e62ecd?s=96&d=mm&r=g","contentUrl":"https:\/\/secure.gravatar.com\/avatar\/965e4e0e673ec5aef56da7c23c99dfcc4c209684c78c811d6ece9961d8e62ecd?s=96&d=mm&r=g","caption":"Talita"},"url":"https:\/\/www.bizneo.com\/blog\/author\/talita\/"}]}},"spectra_custom_meta":{"onesignal_meta_box_present":["1"],"onesignal_send_notification":[""],"onesignal_modify_title_and_content":[""],"onesignal_notification_custom_heading":[null],"onesignal_notification_custom_content":[null],"response_body":["{\"id\":\"c192b655-3603-41ca-b231-6f19487c84f3\",\"recipients\":4801,\"external_id\":\"8e62f57e-d5a6-bf6f-0c44-6b0da9d4c653\",\"warnings\":[\"You must configure iOS notifications in your OneSignal settings if you wish to send messages to iOS users.\",\"You must configure Android notifications in your OneSignal settings if you wish to send messages to Android users.\"]}"],"status":["200"],"recipients":["4801"],"Views":["17835"],"wp_review_type":["none"],"_thumbnail_id":["33432"],"_yoast_wpseo_title":["Como identificar um bom perfil profissional | 7 exemplos pr\u00e1ticos"],"_yoast_wpseo_metadesc":["Existem diferentes tipos de perfil profissional e de candidatos. Saiba identificar o melhores para o seu processo seletivo."],"_yoast_wpseo_focuskw":["perfil profissional"],"_yoast_wpseo_primary_category":["217"],"_edit_lock":["1769964200:47"],"_edit_last":["47"],"_at_widget":["1"],"_vce_meta":["a:4:{s:11:\"use_sidebar\";s:7:\"inherit\";s:7:\"sidebar\";s:7:\"inherit\";s:14:\"sticky_sidebar\";s:7:\"inherit\";s:6:\"layout\";s:7:\"inherit\";}"],"_yoast_wpseo_linkdex":["89"],"_yoast_wpseo_content_score":["90"],"_yoast_wpseo_estimated-reading-time-minutes":["9"],"_yoast_wpseo_wordproof_timestamp":[""],"ao_post_optimize":["a:6:{s:16:\"ao_post_optimize\";s:2:\"on\";s:19:\"ao_post_js_optimize\";s:2:\"on\";s:20:\"ao_post_css_optimize\";s:2:\"on\";s:12:\"ao_post_ccss\";s:2:\"on\";s:16:\"ao_post_lazyload\";s:2:\"on\";s:15:\"ao_post_preload\";s:0:\"\";}"],"_uag_css_file_name":["uag-css-33076.css"],"_uag_page_assets":["a:9:{s:3:\"css\";s:263:\".uag-blocks-common-selector{z-index:var(--z-index-desktop) !important}@media (max-width: 976px){.uag-blocks-common-selector{z-index:var(--z-index-tablet) !important}}@media (max-width: 767px){.uag-blocks-common-selector{z-index:var(--z-index-mobile) !important}}\n\";s:2:\"js\";s:0:\"\";s:18:\"current_block_list\";a:8:{i:0;s:14:\"core\/paragraph\";i:1;s:12:\"core\/heading\";i:2;s:10:\"core\/image\";i:3;s:9:\"core\/list\";i:4;s:14:\"core\/list-item\";i:5;s:9:\"core\/html\";i:6;s:12:\"core\/details\";i:7;s:14:\"core\/shortcode\";}s:8:\"uag_flag\";b:0;s:11:\"uag_version\";s:10:\"1777484736\";s:6:\"gfonts\";a:0:{}s:10:\"gfonts_url\";s:0:\"\";s:12:\"gfonts_files\";a:0:{}s:14:\"uag_faq_layout\";b:0;}"]},"uagb_featured_image_src":{"full":["https:\/\/www.bizneo.com\/blog\/wp-content\/uploads\/2022\/03\/perfil-profissional.jpg",1140,640,false],"thumbnail":["https:\/\/www.bizneo.com\/blog\/wp-content\/uploads\/2022\/03\/perfil-profissional-150x150.jpg",150,150,true],"medium":["https:\/\/www.bizneo.com\/blog\/wp-content\/uploads\/2022\/03\/perfil-profissional-300x168.jpg",300,168,true],"medium_large":["https:\/\/www.bizneo.com\/blog\/wp-content\/uploads\/2022\/03\/perfil-profissional-768x431.jpg",768,431,true],"large":["https:\/\/www.bizneo.com\/blog\/wp-content\/uploads\/2022\/03\/perfil-profissional-1024x575.jpg",1024,575,true],"1536x1536":["https:\/\/www.bizneo.com\/blog\/wp-content\/uploads\/2022\/03\/perfil-profissional.jpg",1140,640,false],"2048x2048":["https:\/\/www.bizneo.com\/blog\/wp-content\/uploads\/2022\/03\/perfil-profissional.jpg",1140,640,false]},"uagb_author_info":{"display_name":"Talita","author_link":"https:\/\/www.bizneo.com\/blog\/author\/talita\/"},"uagb_comment_info":0,"uagb_excerpt":"N\u00e3o s\u00e3o apenas as habilidades e aptid\u00f5es que contam ao contratar um novo perfil profissional. A personalidade da pessoa determina o papel que ela desempenhar\u00e1 em nossa empresa e como ir\u00e1 contribuir para nossas equipes.","_links":{"self":[{"href":"https:\/\/www.bizneo.com\/blog\/wp-json\/wp\/v2\/posts\/33076","targetHints":{"allow":["GET"]}}],"collection":[{"href":"https:\/\/www.bizneo.com\/blog\/wp-json\/wp\/v2\/posts"}],"about":[{"href":"https:\/\/www.bizneo.com\/blog\/wp-json\/wp\/v2\/types\/post"}],"author":[{"embeddable":true,"href":"https:\/\/www.bizneo.com\/blog\/wp-json\/wp\/v2\/users\/31"}],"replies":[{"embeddable":true,"href":"https:\/\/www.bizneo.com\/blog\/wp-json\/wp\/v2\/comments?post=33076"}],"version-history":[{"count":21,"href":"https:\/\/www.bizneo.com\/blog\/wp-json\/wp\/v2\/posts\/33076\/revisions"}],"predecessor-version":[{"id":59330,"href":"https:\/\/www.bizneo.com\/blog\/wp-json\/wp\/v2\/posts\/33076\/revisions\/59330"}],"wp:featuredmedia":[{"embeddable":true,"href":"https:\/\/www.bizneo.com\/blog\/wp-json\/wp\/v2\/media\/33432"}],"wp:attachment":[{"href":"https:\/\/www.bizneo.com\/blog\/wp-json\/wp\/v2\/media?parent=33076"}],"wp:term":[{"taxonomy":"category","embeddable":true,"href":"https:\/\/www.bizneo.com\/blog\/wp-json\/wp\/v2\/categories?post=33076"},{"taxonomy":"post_tag","embeddable":true,"href":"https:\/\/www.bizneo.com\/blog\/wp-json\/wp\/v2\/tags?post=33076"}],"curies":[{"name":"wp","href":"https:\/\/api.w.org\/{rel}","templated":true}]}}