{"id":33056,"date":"2022-04-12T08:22:37","date_gmt":"2022-04-12T07:22:37","guid":{"rendered":"https:\/\/www.bizneo.com\/blog\/?p=33056"},"modified":"2026-02-01T17:41:54","modified_gmt":"2026-02-01T16:41:54","slug":"comunicacao-interna","status":"publish","type":"post","link":"https:\/\/www.bizneo.com\/blog\/pt\/comunicacao-interna\/","title":{"rendered":"Comunica\u00e7\u00e3o Interna | 7 dicas para melhor\u00e1-la em sua empresa"},"content":{"rendered":"\n<p>Cuidar da comunica\u00e7\u00e3o interna corporativa \u00e9 t\u00e3o importante que <strong>existem especialistas<\/strong> dedicados na elabora\u00e7\u00e3o e implementa\u00e7\u00e3o de estrat\u00e9gias mais adequadas. Todavia, quais s\u00e3o as vantagens de promover a comunica\u00e7\u00e3o interna dentro de uma empresa? Quais pontos-chave n\u00e3o podem ser negligenciados? <strong>Como podemos melhorar a comunica\u00e7\u00e3o corporativa?<\/strong><\/p>\n\n\n\n<h2 class=\"wp-block-heading\">O que \u00e9 a comunica\u00e7\u00e3o interna?<\/h2>\n\n\n\n<p>Antes de mais nada, <strong>a comunica\u00e7\u00e3o interna \u00e9 uma ferramenta essencial para promover o relacionamento saud\u00e1vel entre as equipes e a empresa<\/strong>. Seu objetivo \u00e9 melhorar os resultados ao gerir e integrar as diferentes \u00e1reas motivando os colaboradores.<\/p>\n\n\n\n<p>S\u00e3o objetivos da comunica\u00e7\u00e3o interna evitar a perda de talentos. Al\u00e9m disso, favorece a participa\u00e7\u00e3o e a compreens\u00e3o entre os integrantes de diversos departamentos.<\/p>\n\n\n\n<p>Ao realizar a comunica\u00e7\u00e3o da empresa da forma correta, os colaboradores conhecem melhor a organiza\u00e7\u00e3o. Conseguem transmitir seus valores aos clientes. Afinal, entendem desde o princ\u00edpio o que o neg\u00f3cio faz, quais s\u00e3o seus fundamentos e objetivos, quais projetos est\u00e3o em andamento, entre outros.<\/p>\n\n\n\n<p>No entanto, <strong>n\u00e3o se deve confundir comunica\u00e7\u00e3o interna com informa\u00e7\u00e3o. <\/strong>Esta se refere \u00e0 transmiss\u00e3o de mensagens. Contudo, a comunica\u00e7\u00e3o exige um feedback do receptor, ou seja, um feedback de ambas as partes. Portanto, tal comunica\u00e7\u00e3o deve ser bidirecional para que o trabalhador seja parte ativa.<\/p>\n\n\n\n<figure class=\"wp-block-image size-large\"><a href=\"https:\/\/hello.bizneo.com\/template\/avaliacao-de-desempenho-feedback\/?utm_content=post-banner\" data-wpel-link=\"internal\" target=\"_blank\"><img decoding=\"async\" width=\"1024\" height=\"154\" src=\"https:\/\/www.bizneo.com\/blog\/wp-content\/uploads\/2022\/04\/banner-comunicar-desempenho-1024x154.jpg\" alt=\"Guia Feedback colaboradores\" class=\"wp-image-33322\" srcset=\"https:\/\/www.bizneo.com\/blog\/wp-content\/uploads\/2022\/04\/banner-comunicar-desempenho-1024x154.jpg 1024w, https:\/\/www.bizneo.com\/blog\/wp-content\/uploads\/2022\/04\/banner-comunicar-desempenho-300x45.jpg 300w, https:\/\/www.bizneo.com\/blog\/wp-content\/uploads\/2022\/04\/banner-comunicar-desempenho-768x115.jpg 768w, https:\/\/www.bizneo.com\/blog\/wp-content\/uploads\/2022\/04\/banner-comunicar-desempenho-810x122.jpg 810w, https:\/\/www.bizneo.com\/blog\/wp-content\/uploads\/2022\/04\/banner-comunicar-desempenho-1140x171.jpg 1140w, https:\/\/www.bizneo.com\/blog\/wp-content\/uploads\/2022\/04\/banner-comunicar-desempenho.jpg 1360w\" sizes=\"(max-width: 1024px) 100vw, 1024px\" \/><\/a><\/figure>\n\n\n\n<h2 class=\"wp-block-heading\">A import\u00e2ncia da comunica\u00e7\u00e3o interna<\/h2>\n\n\n\n<p>Primeiramente, <strong>a comunica\u00e7\u00e3o interna nas empresas aumenta em 40% a satisfa\u00e7\u00e3o do(a) cliente<\/strong>. Ademais, pode melhorar a rentabilidade da institui\u00e7\u00e3o em 30%. Desse modo, os dados apontam para a import\u00e2ncia de conversar com os trabalhadores.<\/p>\n\n\n\n<p>Por\u00e9m, para obter tais resultados, \u00e9 indispens\u00e1vel ter um plano de comunica\u00e7\u00e3o interna como estrat\u00e9gia. Ou seja, diretrizes concretas para informar aos colaboradores os objetivos gerais ou de uma iniciativa. Certamente, elas permitem que eles tomem as decis\u00f5es mais vantajosas conforme as circunst\u00e2ncias e as mudan\u00e7as.<\/p>\n\n\n\n<p>Consequentemente, um conhecimento mais abrangente da empresa pelas equipes permite organizar melhor as prioridades e o tempo.<\/p>\n\n\n\n<h2 class=\"wp-block-heading\">Benef\u00edcios da comunica\u00e7\u00e3o interna<\/h2>\n\n\n\n<p>Primeiramente, comunica\u00e7\u00e3o interna nas organiza\u00e7\u00f5es proporciona: alinhamento da equipe; melhora do <a href=\"https:\/\/www.bizneo.com\/blog\/pt\/pesquisa-clima-organizacional\/\" target=\"_blank\" rel=\"noopener\" data-wpel-link=\"internal\">clima organizacional <\/a>;redu\u00e7\u00e3o da rotatividade; controle das crises com mais efici\u00eancia; e aumento da <a href=\"https:\/\/www.bizneo.com\/blog\/pt\/produtividade-no-trabalho\/\" data-wpel-link=\"internal\" target=\"_blank\">produtividade<\/a>.<\/p>\n\n\n\n<p>Tal cen\u00e1rio \u00e9 poss\u00edvel, porque, os colaboradores possuem toda a informa\u00e7\u00e3o necess\u00e1ria para tomarem decis\u00f5es otimizando os processos. Esse conhecimento resulta em <strong>agilidade para encontrar mais solu\u00e7\u00f5es em menos tempo<\/strong>.<\/p>\n\n\n\n<p>Inegavelmente, a seguran\u00e7a e a tranquilidade proporcionadas pela troca de informa\u00e7\u00f5es evitam um clima de desconfian\u00e7a entre integrantes da equipe, bem como geram sentimento de pertencimento.<\/p>\n\n\n\n<figure class=\"wp-block-image size-large\"><a href=\"https:\/\/hello.bizneo.com\/kit\/gestao-de-rh\/?utm_content=post-KIT-RRHH\" data-wpel-link=\"internal\" target=\"_blank\"><img decoding=\"async\" width=\"1024\" height=\"307\" src=\"https:\/\/www.bizneo.com\/blog\/wp-content\/uploads\/2025\/01\/KIT-RH-1-1024x307.png\" alt=\"KIT Gest\u00e3o de pessoas\" class=\"wp-image-52110\" srcset=\"https:\/\/www.bizneo.com\/blog\/wp-content\/uploads\/2025\/01\/KIT-RH-1-1024x307.png 1024w, https:\/\/www.bizneo.com\/blog\/wp-content\/uploads\/2025\/01\/KIT-RH-1-300x90.png 300w, https:\/\/www.bizneo.com\/blog\/wp-content\/uploads\/2025\/01\/KIT-RH-1-768x230.png 768w, https:\/\/www.bizneo.com\/blog\/wp-content\/uploads\/2025\/01\/KIT-RH-1-810x243.png 810w, https:\/\/www.bizneo.com\/blog\/wp-content\/uploads\/2025\/01\/KIT-RH-1-1140x342.png 1140w, https:\/\/www.bizneo.com\/blog\/wp-content\/uploads\/2025\/01\/KIT-RH-1.png 1360w\" sizes=\"(max-width: 1024px) 100vw, 1024px\" \/><\/a><\/figure>\n\n\n\n<h2 class=\"wp-block-heading\">7 dicas para a comunica\u00e7\u00e3o interna<\/h2>\n\n\n\n<p>Quais s\u00e3o os passos para que a estrat\u00e9gia de comunica\u00e7\u00e3o interna da empresa seja efetiva?<\/p>\n\n\n\n<h3 class=\"wp-block-heading\">Ouvir os colaboradores<\/h3>\n\n\n\n<p>Nesse sentido, ouvir assume uma import\u00e2ncia significativa. Tal processo de escuta deve investigar, com a ajuda dos integrantes, quais aspectos podem ser melhorados. Quais deles os deixam mais \u00e0 vontade? Como melhorar o clima organizacional? O que poderia motiv\u00e1-los?<\/p>\n\n\n\n<p>Inclusive, o <a href=\"\/br\/pesquisa-clima-organizacional\/\" data-wpel-link=\"internal\" target=\"_blank\">software de clima organizacional<\/a> da Bizneo HR tamb\u00e9m ajuda a avaliar a qualidade do ambiente de trabalho a partir de resultados de pesquisa. <\/p>\n\n\n\n<figure class=\"wp-block-image size-full\"><a href=\"\/br\/pesquisa-clima-organizacional\/\" target=\"_blank\" rel=\"noreferrer noopener\" data-wpel-link=\"internal\"><img decoding=\"async\" width=\"1500\" height=\"1006\" src=\"https:\/\/www.bizneo.com\/blog\/wp-content\/uploads\/2021\/04\/Sistema-de-Recursos-Humanos-com-pesquisa-de-clima.webp\" alt=\"pesquisa de clima organizacional\" class=\"wp-image-21517\" srcset=\"https:\/\/www.bizneo.com\/blog\/wp-content\/uploads\/2021\/04\/Sistema-de-Recursos-Humanos-com-pesquisa-de-clima.webp 1500w, https:\/\/www.bizneo.com\/blog\/wp-content\/uploads\/2021\/04\/Sistema-de-Recursos-Humanos-com-pesquisa-de-clima-300x201.webp 300w, https:\/\/www.bizneo.com\/blog\/wp-content\/uploads\/2021\/04\/Sistema-de-Recursos-Humanos-com-pesquisa-de-clima-1024x687.webp 1024w, https:\/\/www.bizneo.com\/blog\/wp-content\/uploads\/2021\/04\/Sistema-de-Recursos-Humanos-com-pesquisa-de-clima-768x515.webp 768w, https:\/\/www.bizneo.com\/blog\/wp-content\/uploads\/2021\/04\/Sistema-de-Recursos-Humanos-com-pesquisa-de-clima-810x543.webp 810w, https:\/\/www.bizneo.com\/blog\/wp-content\/uploads\/2021\/04\/Sistema-de-Recursos-Humanos-com-pesquisa-de-clima-1140x765.webp 1140w\" sizes=\"(max-width: 1500px) 100vw, 1500px\" \/><\/a><\/figure>\n\n\n\n<p>Visto que se escuta e se analisa a informa\u00e7\u00e3o, \u00e9 imprescind\u00edvel <strong>elaborar um plano de a\u00e7\u00e3o<\/strong> que responda, a curto ou m\u00e9dio prazo, \u00e0s necessidades que os colaboradores apontaram.<\/p>\n\n\n\n<figure class=\"wp-block-image size-large\"><a href=\"\/br\/pesquisa-clima-organizacional\/\" target=\"_blank\" rel=\"noopener\" data-wpel-link=\"internal\"><img decoding=\"async\" width=\"1024\" height=\"154\" src=\"https:\/\/www.bizneo.com\/blog\/wp-content\/uploads\/2021\/04\/banner-medio-pesquisas-rh-1024x154.jpg\" alt=\"sistema pesquisa clima organizacional\" class=\"wp-image-21476\" srcset=\"https:\/\/www.bizneo.com\/blog\/wp-content\/uploads\/2021\/04\/banner-medio-pesquisas-rh-1024x154.jpg 1024w, https:\/\/www.bizneo.com\/blog\/wp-content\/uploads\/2021\/04\/banner-medio-pesquisas-rh-300x45.jpg 300w, https:\/\/www.bizneo.com\/blog\/wp-content\/uploads\/2021\/04\/banner-medio-pesquisas-rh-768x115.jpg 768w, https:\/\/www.bizneo.com\/blog\/wp-content\/uploads\/2021\/04\/banner-medio-pesquisas-rh-810x122.jpg 810w, https:\/\/www.bizneo.com\/blog\/wp-content\/uploads\/2021\/04\/banner-medio-pesquisas-rh-1140x171.jpg 1140w, https:\/\/www.bizneo.com\/blog\/wp-content\/uploads\/2021\/04\/banner-medio-pesquisas-rh.jpg 1360w\" sizes=\"(max-width: 1024px) 100vw, 1024px\" \/><\/a><\/figure>\n\n\n\n<h3 class=\"wp-block-heading\">Planejamento: chave da comunica\u00e7\u00e3o interna<\/h3>\n\n\n\n<p>Por outro lado, a comunica\u00e7\u00e3o dentro da empresa deve ser pautada em estrat\u00e9gias concretas. Logo, significa <strong>escolher bem as mensagens e os per\u00edodos<\/strong> para colocar em pr\u00e1tica cada ponto do plano estrat\u00e9gico. Inclusive, cada \u00e1rea da empresa pode ter necessidades diferentes, exigindo t\u00e1ticas distintas.<\/p>\n\n\n\n<h3 class=\"wp-block-heading\">Integrar a estrat\u00e9gia de comunica\u00e7\u00e3o interna \u00e0s a\u00e7\u00f5es da empresa<\/h3>\n\n\n\n<p>Ap\u00f3s definir a estrat\u00e9gia e o planejamento dos pontos-chave da comunica\u00e7\u00e3o interna, \u00e9 necess\u00e1rio relacion\u00e1-lo com <strong>a\u00e7\u00f5es reais<\/strong> fugindo de situa\u00e7\u00f5es puramente te\u00f3ricas. Ou seja, as a\u00e7\u00f5es inovadoras da estrat\u00e9gia de comunica\u00e7\u00e3o interna devem ser sentidas em casos concretos.<\/p>\n\n\n\n<h3 class=\"wp-block-heading\">Compromisso m\u00fatuo entre os trabalhadores e a dire\u00e7\u00e3o da empresa<\/h3>\n\n\n\n<p>Com o intuito de obter os benef\u00edcios dessa pr\u00e1tica, <strong>a comunica\u00e7\u00e3o deve ser horizontal<\/strong>. Dessa maneira, o pensamento de que os l\u00edderes mandam e as equipes obedecem precisa ser descartado.<\/p>\n\n\n\n<p>Ali\u00e1s, a humildade dos respons\u00e1veis e a potencialidade das a\u00e7\u00f5es capazes de motivar os colaboradores s\u00e3o dois aspectos b\u00e1sicos para formar <a href=\"https:\/\/www.bizneo.com\/blog\/pt\/gestao-de-equipe-de-trabalho\/\" target=\"_blank\" rel=\"noopener\" data-wpel-link=\"internal\">equipes produtivas<\/a> e competitivas. Isso tamb\u00e9m implica no sentimento de pertencimento \u00e0 empresa por parte dos funcion\u00e1rios.<\/p>\n\n\n\n<h3 class=\"wp-block-heading\">Transpar\u00eancia<\/h3>\n\n\n\n<p>Com toda a certeza, os colaboradores necessitam confiar em seus respons\u00e1veis e gestores. Para isso, <strong>a gest\u00e3o precisa ser totalmente transparente<\/strong>. Nesse sentido, a comunica\u00e7\u00e3o interna deve fluir, ser clara e direta. Dessa forma, os processos ser\u00e3o agilizados e a confian\u00e7a aumentar\u00e1.<\/p>\n\n\n\n<p>Ademais, as mensagens da organiza\u00e7\u00e3o \u00e0 equipe devem ser simples e claras. Em s\u00edntese, precisam informar, fornecer e recordar informa\u00e7\u00f5es de interesse.<\/p>\n\n\n\n<bzn-warning> Se voc\u00ea quer agilidade nos processos, leia este post! <a href=\"\/blog\/gestao-de-equipe-de-trabalho\/\" id=\"destacado-post\" target=\"_blank\" rel=\"noopener noreferrer\" data-wpel-link=\"internal\">Gest\u00e3o de equipe de trabalho: t\u00e9cnicas para aumentar o rendimento<\/a>.<\/bzn-warning>\n\n\n\n<p><\/p>\n\n\n\n<h3 class=\"wp-block-heading\">Flexibilidade<\/h3>\n\n\n\n<p>Ao mesmo tempo, a organiza\u00e7\u00e3o necessita evitar uma pol\u00edtica conservadora que tende a bloquear seu crescimento. Al\u00e9m disso, se os colaboradores podem <strong>colaborar efetivamente<\/strong>, os processos ser\u00e3o otimizados. A confian\u00e7a entre os membros do grupo de trabalho aumenta na mesma propor\u00e7\u00e3o.<\/p>\n\n\n\n<h3 class=\"wp-block-heading\">Aproveitar as oportunidades tecnol\u00f3gicas para comunicar<\/h3>\n\n\n\n<p>Por fim, a cria\u00e7\u00e3o de conte\u00fados audiovisuais e multim\u00eddia com base em canais internos e estrat\u00e9gias digitais torna a <strong>comunica\u00e7\u00e3o mais atrativa e acess\u00edvel<\/strong>.<\/p>\n\n\n\n<figure class=\"wp-block-image size-full\"><a href=\"https:\/\/hello.bizneo.com\/template\/estrategias-ciclo-vida-colaborador\/?utm_content=post-banner-medio\" data-wpel-link=\"internal\" target=\"_blank\"><img decoding=\"async\" width=\"1360\" height=\"204\" src=\"https:\/\/www.bizneo.com\/blog\/wp-content\/uploads\/2021\/11\/Ciclo-vida-colaborador.jpg\" alt=\"Ciclo vida colaborador\" class=\"wp-image-33789\" srcset=\"https:\/\/www.bizneo.com\/blog\/wp-content\/uploads\/2021\/11\/Ciclo-vida-colaborador.jpg 1360w, https:\/\/www.bizneo.com\/blog\/wp-content\/uploads\/2021\/11\/Ciclo-vida-colaborador-300x45.jpg 300w, https:\/\/www.bizneo.com\/blog\/wp-content\/uploads\/2021\/11\/Ciclo-vida-colaborador-1024x154.jpg 1024w, https:\/\/www.bizneo.com\/blog\/wp-content\/uploads\/2021\/11\/Ciclo-vida-colaborador-768x115.jpg 768w, https:\/\/www.bizneo.com\/blog\/wp-content\/uploads\/2021\/11\/Ciclo-vida-colaborador-810x122.jpg 810w, https:\/\/www.bizneo.com\/blog\/wp-content\/uploads\/2021\/11\/Ciclo-vida-colaborador-1140x171.jpg 1140w\" sizes=\"(max-width: 1360px) 100vw, 1360px\" \/><\/a><\/figure>\n\n\n\n<h2 class=\"wp-block-heading\">Como melhorar a comunica\u00e7\u00e3o interna nas organiza\u00e7\u00f5es?<\/h2>\n\n\n\n<p>Para cessar ou evitar os problemas de comunica\u00e7\u00e3o interna nas empresas, os profissionais de Recursos Humanos devem: elaborar o planejamento de comunica\u00e7\u00e3o interna; selecionar os canais de comunica\u00e7\u00e3o; e incentivar os colaboradores nessas trocas.<\/p>\n\n\n\n<p>Em seguida, \u00e9 imprescind\u00edvel <strong>tomar cuidado tanto com a comunica\u00e7\u00e3o oral quanto com a escrita<\/strong>. No primeiro caso, o tom de voz deve ser agrad\u00e1vel, e o(a) comunicador(a) precisa perceber se todos est\u00e3o compreendendo a mensagem.<\/p>\n\n\n\n<p>O local escolhido para realizar a comunica\u00e7\u00e3o dentro da empresa tamb\u00e9m \u00e9 relevante.<\/p>\n\n\n\n<p>J\u00e1 a comunica\u00e7\u00e3o interna escrita deve ser revisada antes do envio, o qual deve acontecer atrav\u00e9s do canal adequado. Ademais, linguagem precisa ser bem observada para n\u00e3o haver equ\u00edvocos.<\/p>\n\n\n\n<div id=\"cbox-U8lFuCuuIjWKGUkG\"><\/div>\n\n\n\n<p><\/p>\n\n\n\n<p><\/p>\n\n\n\n<p><\/p>\n\n\n\n<h2 class=\"wp-block-heading\">Ferramentas de comunica\u00e7\u00e3o empresarial interna<\/h2>\n\n\n\n<p>Algumas ferramentas de comunica\u00e7\u00e3o interna nas empresas contribuem bastante para melhorar esse processo. S\u00e3o elas:<\/p>\n\n\n\n<h3 class=\"wp-block-heading\">Elabora\u00e7\u00e3o e compartilhamento de manual corporativo<\/h3>\n\n\n\n<p>Certamente, o manual corporativo \u00e9 de grande utilidade para as equipes. Logo no in\u00edcio ele deve conter um texto de boas-vindas, e em seguida toda a informa\u00e7\u00e3o relevante para suas fun\u00e7\u00f5es. Isso inclui os objetivos da empresa, o organograma, os procedimentos b\u00e1sicos, as normas internas, os valores da institui\u00e7\u00e3o e os recursos.<\/p>\n\n\n\n<p>Se redigido corretamente e com todos os detalhes fundamentais, o(a) colaborador(a) ser\u00e1 eficaz <strong>desde o seu primeiro dia<\/strong> na empresa, basicamente. Ademais, ao se sentir integrado(a) e informado(a), sua adapta\u00e7\u00e3o ser\u00e1 mais r\u00e1pida.<\/p>\n\n\n\n<h3 class=\"wp-block-heading\">Cria\u00e7\u00e3o de novos canais de comunica\u00e7\u00e3o<\/h3>\n\n\n\n<p>Na era tecnol\u00f3gica atual, \u00e9 inegavelmente mais eficaz usar canais de comunica\u00e7\u00e3o interna na empresa que <strong>estimulem as pessoas<\/strong>. Por exemplo, criar uma revista interna para traduzir de forma amena toda a informa\u00e7\u00e3o sobre a corpora\u00e7\u00e3o \u00e9 uma maneira din\u00e2mica de alcan\u00e7ar todos os colaboradores.<\/p>\n\n\n\n<p>Ao mesmo tempo, v\u00eddeos em canal do YouTube, newsletters, entre outros meios, tamb\u00e9m funcionam bem.<\/p>\n\n\n\n<h3 class=\"wp-block-heading\">Caixinha de sugest\u00f5es<\/h3>\n\n\n\n<p>Certamente, para que a comunica\u00e7\u00e3o interna funcione ela precisa ser bidirecional e baseada no respeito e na confian\u00e7a. No entanto, haver\u00e1 quest\u00f5es delicadas em que o(a) colaborador(a) <strong>n\u00e3o se sente \u00e0 vontade<\/strong> para revelar sua identidade ou dar a sua opini\u00e3o abertamente por medo de n\u00e3o ser compreendido(a). Colocar uma caixinha de sugest\u00f5es no ambiente da empresa resolve tal problema.<\/p>\n\n\n\n<bzn-note><a href=\"\/blog\/pt\/feedback-colaboradores\/\" id=\"destacado-post\" target=\"_blank\" rel=\"noopener noreferrer\" data-wpel-link=\"internal\"><span class=\"bzn-note-title\"><strong>Como dar um bom feedback aos seus colaboradores?<\/strong> <\/span><br> Como otimizar o feedback com a tecnologia.<\/a><br><\/bzn-note>\n\n\n\n<p><\/p>\n\n\n\n<h3 class=\"wp-block-heading\">Quadro de avisos<\/h3>\n\n\n\n<p>S\u00f3 para ilustrar, situa\u00e7\u00f5es pontuais, urgentes ou relevantes podem ser comunicadas atrav\u00e9s de um quadro de avisos. Este deve estar posicionado de modo com que <strong>todos possam consult\u00e1-lo<\/strong>.<\/p>\n\n\n\n<p>Ent\u00e3o, o e-mail dos colaboradores n\u00e3o fica sobrecarregado e n\u00e3o h\u00e1 o risco de as mensagens irem para o spam.<\/p>\n\n\n\n<h3 class=\"wp-block-heading\">Encontros peri\u00f3dicos<\/h3>\n\n\n\n<p>Visto que as ferramentas escritas n\u00e3o s\u00e3o suficientes para promover a participa\u00e7\u00e3o e a integra\u00e7\u00e3o de todos, \u00e9 fundamental reunir a equipe fisicamente. Ent\u00e3o, isso deve acontecer pelo menos <strong>duas vezes por m\u00eas<\/strong>.<\/p>\n\n\n\n<p>Afinal, as rela\u00e7\u00f5es interpessoais favorecem a comunica\u00e7\u00e3o e a empatia. Por isso, marcar encontros peri\u00f3dicos, nos quais s\u00e3o oferecidos e atualizados os dados, \u00e9 imprescind\u00edvel. Inclusive, o software da Bizneo HR facilita as <a href=\"https:\/\/www.bizneo.com\/blog\/pt\/avaliacao-de-desempenho\/\" data-wpel-link=\"internal\" target=\"_blank\">avalia\u00e7\u00f5es de desempenho<\/a>.<\/p>\n\n\n\n<figure class=\"wp-block-image size-full\"><a href=\"\/br\/avaliacao-desempenho\/\" target=\"_blank\" rel=\"noopener\" data-wpel-link=\"internal\"><img decoding=\"async\" width=\"1360\" height=\"204\" src=\"https:\/\/www.bizneo.com\/blog\/wp-content\/uploads\/2021\/04\/banner-medio-ferramenta-avaliacao-desempenho.jpg\" alt=\"Sistema de avalia\u00e7\u00e3o de desempenho\" class=\"wp-image-21492\" srcset=\"https:\/\/www.bizneo.com\/blog\/wp-content\/uploads\/2021\/04\/banner-medio-ferramenta-avaliacao-desempenho.jpg 1360w, https:\/\/www.bizneo.com\/blog\/wp-content\/uploads\/2021\/04\/banner-medio-ferramenta-avaliacao-desempenho-300x45.jpg 300w, https:\/\/www.bizneo.com\/blog\/wp-content\/uploads\/2021\/04\/banner-medio-ferramenta-avaliacao-desempenho-1024x154.jpg 1024w, https:\/\/www.bizneo.com\/blog\/wp-content\/uploads\/2021\/04\/banner-medio-ferramenta-avaliacao-desempenho-768x115.jpg 768w, https:\/\/www.bizneo.com\/blog\/wp-content\/uploads\/2021\/04\/banner-medio-ferramenta-avaliacao-desempenho-810x122.jpg 810w, https:\/\/www.bizneo.com\/blog\/wp-content\/uploads\/2021\/04\/banner-medio-ferramenta-avaliacao-desempenho-1140x171.jpg 1140w\" sizes=\"(max-width: 1360px) 100vw, 1360px\" \/><\/a><\/figure>\n\n\n\n<p>Ali\u00e1s, elas se posicionam como um aspecto igual ou mais importante que o pr\u00f3prio sistema. Ademais, a forma como os pontos fortes e fracos dos colaboradores s\u00e3o transmitidos \u00e9 essencial para ajud\u00e1-los no desenvolvimento de seus talentos.<\/p>\n\n\n\n<p><strong>Desenvolvemos conte\u00fado para download sobre a import\u00e2ncia do feedback nas avalia\u00e7\u00f5es de desempenho<\/strong>. \u00c9 t\u00e3o importante, se n\u00e3o mais importante, do que o pr\u00f3prio sistema. A forma como os pontos fortes ou fracos do funcion\u00e1rio s\u00e3o transmitidos \u00e9 fundamental para ajud\u00e1-los a desenvolver seus talentos em todo o seu potencial.<\/p>\n\n\n\n<div id=\"cbox-9h6r0EymB1Y1alt0\"><\/div>\n\n\n\n<p><\/p>\n\n\n<h3>Eventos extraordin\u00e1rios<\/h3>\n<p>Por fim, realizar atividades pontuais fora do escrit\u00f3rio melhora o clima organizacional, pois, permite aos colegas e l\u00edderes <strong>se relacionarem de forma mais descontra\u00edda<\/strong>.<\/p>\n<h2>Como saber se a comunica\u00e7\u00e3o interna \u00e9 boa?<\/h2>\n<p>Com toda a certeza, a comunica\u00e7\u00e3o interna entre os colaboradores \u00e9 a <strong>rede sobre a qual se sustenta a atividade da empresa<\/strong>. Uma organiza\u00e7\u00e3o que se comunica mal n\u00e3o ter\u00e1 sucesso em suas tarefas e seus objetivos. Certamente, ser\u00e1 um motor sem gasolina.<\/p>\n<p>Certamente, a chave do \u00eaxito dessa pol\u00edtica reside em ter um planejamento estrat\u00e9gico comunicacional adequado.<\/p>\n\n\n<h3 class=\"wp-block-heading\">Em que isso consiste?<\/h3>\n\n\n\n<p>Primeiramente, isso significa ter as <strong>ferramentas <\/strong>que permitem mensurar como a informa\u00e7\u00e3o e a comunica\u00e7\u00e3o est\u00e3o sendo divulgadas entre os funcion\u00e1rios. Portanto, estamos falando de pesquisas, diagn\u00f3sticos e avalia\u00e7\u00f5es.<\/p>\n\n\n\n<p>A Bizneo HR oferece um <a href=\"\/br\/\" data-wpel-link=\"internal\" target=\"_blank\">software de RH<\/a> com <a href=\"https:\/\/www.bizneo.com\/blog\/pt\/pesquisa-clima-organizacional\/\" data-wpel-link=\"internal\" target=\"_blank\">pesquisas de clima organizacional<\/a>. Ele permite desenvolver uma cultura de opini\u00e3o e melhoria cont\u00ednua. Ali\u00e1s, conta com mecanismos para poder escutar, informar e avaliar de forma r\u00e1pida, digital e centralizada.<\/p>\n\n\n\n<figure class=\"wp-block-image size-full\"><a href=\"\/br\/pesquisa-clima-organizacional\/\" target=\"_blank\" rel=\"noreferrer noopener\" data-wpel-link=\"internal\"><img decoding=\"async\" width=\"1500\" height=\"1160\" src=\"https:\/\/www.bizneo.com\/blog\/wp-content\/uploads\/2021\/04\/pesquisa-de-clima-organizacional-tipos.webp\" alt=\"tipos de pesquisas\" class=\"wp-image-21721\" srcset=\"https:\/\/www.bizneo.com\/blog\/wp-content\/uploads\/2021\/04\/pesquisa-de-clima-organizacional-tipos.webp 1500w, https:\/\/www.bizneo.com\/blog\/wp-content\/uploads\/2021\/04\/pesquisa-de-clima-organizacional-tipos-300x232.webp 300w, https:\/\/www.bizneo.com\/blog\/wp-content\/uploads\/2021\/04\/pesquisa-de-clima-organizacional-tipos-1024x792.webp 1024w, https:\/\/www.bizneo.com\/blog\/wp-content\/uploads\/2021\/04\/pesquisa-de-clima-organizacional-tipos-768x594.webp 768w, https:\/\/www.bizneo.com\/blog\/wp-content\/uploads\/2021\/04\/pesquisa-de-clima-organizacional-tipos-810x626.webp 810w, https:\/\/www.bizneo.com\/blog\/wp-content\/uploads\/2021\/04\/pesquisa-de-clima-organizacional-tipos-1140x882.webp 1140w\" sizes=\"(max-width: 1500px) 100vw, 1500px\" \/><\/a><\/figure>\n\n\n\n<p>Em seguida, deve haver um meio ou plataforma digital para concretizar a comunica\u00e7\u00e3o. Ou seja, um canal propriamente dito em que as pessoas possam se comunicar.<\/p>\n\n\n\n<figure class=\"wp-block-image size-full\"><a href=\"\/br\/\" target=\"_blank\" rel=\"noreferrer noopener\" data-wpel-link=\"internal\"><img decoding=\"async\" width=\"1280\" height=\"1068\" src=\"https:\/\/www.bizneo.com\/blog\/wp-content\/uploads\/2021\/04\/Bizneo-Software-Recursos-Humanos.webp\" alt=\"Portal de RH\" class=\"wp-image-21718\" srcset=\"https:\/\/www.bizneo.com\/blog\/wp-content\/uploads\/2021\/04\/Bizneo-Software-Recursos-Humanos.webp 1280w, https:\/\/www.bizneo.com\/blog\/wp-content\/uploads\/2021\/04\/Bizneo-Software-Recursos-Humanos-300x250.webp 300w, https:\/\/www.bizneo.com\/blog\/wp-content\/uploads\/2021\/04\/Bizneo-Software-Recursos-Humanos-1024x854.webp 1024w, https:\/\/www.bizneo.com\/blog\/wp-content\/uploads\/2021\/04\/Bizneo-Software-Recursos-Humanos-768x641.webp 768w, https:\/\/www.bizneo.com\/blog\/wp-content\/uploads\/2021\/04\/Bizneo-Software-Recursos-Humanos-810x676.webp 810w, https:\/\/www.bizneo.com\/blog\/wp-content\/uploads\/2021\/04\/Bizneo-Software-Recursos-Humanos-1140x951.webp 1140w\" sizes=\"(max-width: 1280px) 100vw, 1280px\" \/><\/a><\/figure>\n\n\n\n<p>Da mesma forma, \u00e9 fundamental a exist\u00eancia de <strong>a\u00e7\u00f5es grupais<\/strong> que reafirmem a estrat\u00e9gia de comunica\u00e7\u00e3o interna. Por exemplo, caf\u00e9s da manh\u00e3, reuni\u00f5es e conversas que incentivem a comunica\u00e7\u00e3o.<\/p>\n\n\n\n<p>Por \u00faltimo, \u00e9 preciso oferecer treinamento aos encarregados e l\u00edderes que v\u00e3o, primeiro, estabelecer esse clima comunicacional. Em segundo lugar, tamb\u00e9m ir\u00e3o avaliar se os objetivos comunicacionais estabelecidos est\u00e3o sendo cumpridos. Isso possui rela\u00e7\u00e3o com programas de coaching, cursos, semin\u00e1rios, entre outros.<\/p>\n\n\n\n<figure class=\"wp-block-image size-full\"><a href=\"https:\/\/hello.bizneo.com\/demo\/suite\/br\/?utm_content=post-banner-grande\" target=\"_blank\" rel=\"noopener\" data-wpel-link=\"internal\"><img decoding=\"async\" width=\"1360\" height=\"408\" src=\"https:\/\/www.bizneo.com\/blog\/wp-content\/uploads\/2021\/04\/Software-Recursos-Humanos-RH.jpg\" alt=\"Software de Recursos Humanos (RH)\" class=\"wp-image-21674\" srcset=\"https:\/\/www.bizneo.com\/blog\/wp-content\/uploads\/2021\/04\/Software-Recursos-Humanos-RH.jpg 1360w, https:\/\/www.bizneo.com\/blog\/wp-content\/uploads\/2021\/04\/Software-Recursos-Humanos-RH-300x90.jpg 300w, https:\/\/www.bizneo.com\/blog\/wp-content\/uploads\/2021\/04\/Software-Recursos-Humanos-RH-1024x307.jpg 1024w, https:\/\/www.bizneo.com\/blog\/wp-content\/uploads\/2021\/04\/Software-Recursos-Humanos-RH-768x230.jpg 768w, https:\/\/www.bizneo.com\/blog\/wp-content\/uploads\/2021\/04\/Software-Recursos-Humanos-RH-810x243.jpg 810w, https:\/\/www.bizneo.com\/blog\/wp-content\/uploads\/2021\/04\/Software-Recursos-Humanos-RH-1140x342.jpg 1140w\" sizes=\"(max-width: 1360px) 100vw, 1360px\" \/><\/a><\/figure>\n","protected":false},"excerpt":{"rendered":"<p>A produtividade de uma empresa est\u00e1 intimamente ligada \u00e0 comunica\u00e7\u00e3o interna, o que \u00e9 bom para o funcionamento de qualquer companhia.<\/p>\n","protected":false},"author":27,"featured_media":33429,"comment_status":"open","ping_status":"open","sticky":false,"template":"","format":"standard","meta":{"_uag_custom_page_level_css":"","site-sidebar-layout":"default","site-content-layout":"","ast-site-content-layout":"default","site-content-style":"default","site-sidebar-style":"default","ast-global-header-display":"","ast-banner-title-visibility":"","ast-main-header-display":"","ast-hfb-above-header-display":"","ast-hfb-below-header-display":"","ast-hfb-mobile-header-display":"","site-post-title":"","ast-breadcrumbs-content":"","ast-featured-img":"","footer-sml-layout":"","ast-disable-related-posts":"","theme-transparent-header-meta":"","adv-header-id-meta":"","stick-header-meta":"","header-above-stick-meta":"","header-main-stick-meta":"","header-below-stick-meta":"","astra-migrate-meta-layouts":"default","ast-page-background-enabled":"default","ast-page-background-meta":{"desktop":{"background-color":"var(--ast-global-color-5)","background-image":"","background-repeat":"repeat","background-position":"center center","background-size":"auto","background-attachment":"scroll","background-type":"","background-media":"","overlay-type":"","overlay-color":"","overlay-opacity":"","overlay-gradient":""},"tablet":{"background-color":"","background-image":"","background-repeat":"repeat","background-position":"center center","background-size":"auto","background-attachment":"scroll","background-type":"","background-media":"","overlay-type":"","overlay-color":"","overlay-opacity":"","overlay-gradient":""},"mobile":{"background-color":"","background-image":"","background-repeat":"repeat","background-position":"center center","background-size":"auto","background-attachment":"scroll","background-type":"","background-media":"","overlay-type":"","overlay-color":"","overlay-opacity":"","overlay-gradient":""}},"ast-content-background-meta":{"desktop":{"background-color":"var(--ast-global-color-4)","background-image":"","background-repeat":"repeat","background-position":"center center","background-size":"auto","background-attachment":"scroll","background-type":"","background-media":"","overlay-type":"","overlay-color":"","overlay-opacity":"","overlay-gradient":""},"tablet":{"background-color":"var(--ast-global-color-4)","background-image":"","background-repeat":"repeat","background-position":"center center","background-size":"auto","background-attachment":"scroll","background-type":"","background-media":"","overlay-type":"","overlay-color":"","overlay-opacity":"","overlay-gradient":""},"mobile":{"background-color":"var(--ast-global-color-4)","background-image":"","background-repeat":"repeat","background-position":"center center","background-size":"auto","background-attachment":"scroll","background-type":"","background-media":"","overlay-type":"","overlay-color":"","overlay-opacity":"","overlay-gradient":""}},"footnotes":""},"categories":[207],"tags":[],"class_list":["post-33056","post","type-post","status-publish","format-standard","has-post-thumbnail","hentry","category-gestao-de-pessoal"],"yoast_head":"<!-- This site is optimized with the Yoast SEO plugin v27.5 - https:\/\/yoast.com\/product\/yoast-seo-wordpress\/ -->\n<title>Comunica\u00e7\u00e3o Interna | 7 dicas para melhor\u00e1-la em sua empresa<\/title>\n<meta name=\"description\" content=\"A comunica\u00e7\u00e3o interna promove a produtividade e o bom funcionamento da equipe de trabalho. Tudo o que voc\u00ea precisa saber\" \/>\n<meta name=\"robots\" content=\"index, follow, max-snippet:-1, max-image-preview:large, max-video-preview:-1\" \/>\n<meta property=\"og:locale\" content=\"es_ES\" \/>\n<meta property=\"og:type\" content=\"article\" \/>\n<meta property=\"og:title\" content=\"Comunica\u00e7\u00e3o Interna | 7 dicas para melhor\u00e1-la em sua empresa\" \/>\n<meta property=\"og:description\" content=\"A comunica\u00e7\u00e3o interna promove a produtividade e o bom funcionamento da equipe de trabalho. Tudo o que voc\u00ea precisa saber\" \/>\n<meta property=\"og:url\" content=\"https:\/\/www.bizneo.com\/blog\/pt\/comunicacao-interna\/\" \/>\n<meta property=\"og:site_name\" content=\"Blog de Recursos Humanos de Bizneo HR: pr\u00e1ctico y actual\" \/>\n<meta property=\"article:published_time\" content=\"2022-04-12T07:22:37+00:00\" \/>\n<meta property=\"article:modified_time\" content=\"2026-02-01T16:41:54+00:00\" \/>\n<meta property=\"og:image\" content=\"https:\/\/www.bizneo.com\/blog\/wp-content\/uploads\/2022\/04\/comunicacao-interna.jpg\" \/>\n\t<meta property=\"og:image:width\" content=\"1140\" \/>\n\t<meta property=\"og:image:height\" content=\"640\" \/>\n\t<meta property=\"og:image:type\" content=\"image\/jpeg\" \/>\n<meta name=\"author\" content=\"Lana\" \/>\n<meta name=\"twitter:card\" content=\"summary_large_image\" \/>\n<meta name=\"twitter:label1\" content=\"Escrito por\" \/>\n\t<meta name=\"twitter:data1\" content=\"Lana\" \/>\n\t<meta name=\"twitter:label2\" content=\"Tiempo de lectura\" \/>\n\t<meta name=\"twitter:data2\" content=\"10 minutos\" \/>\n<script type=\"application\/ld+json\" class=\"yoast-schema-graph\">{\"@context\":\"https:\\\/\\\/schema.org\",\"@graph\":[{\"@type\":[\"Article\",\"BlogPosting\"],\"@id\":\"https:\\\/\\\/www.bizneo.com\\\/blog\\\/pt\\\/comunicacao-interna\\\/#article\",\"isPartOf\":{\"@id\":\"https:\\\/\\\/www.bizneo.com\\\/blog\\\/pt\\\/comunicacao-interna\\\/\"},\"author\":{\"name\":\"Lana\",\"@id\":\"https:\\\/\\\/www.bizneo.com\\\/blog\\\/#\\\/schema\\\/person\\\/83ac79fc725aba02b89f6819cd0c2ee1\"},\"headline\":\"Comunica\u00e7\u00e3o Interna | 7 dicas para melhor\u00e1-la em sua empresa\",\"datePublished\":\"2022-04-12T07:22:37+00:00\",\"dateModified\":\"2026-02-01T16:41:54+00:00\",\"mainEntityOfPage\":{\"@id\":\"https:\\\/\\\/www.bizneo.com\\\/blog\\\/pt\\\/comunicacao-interna\\\/\"},\"wordCount\":1913,\"commentCount\":0,\"publisher\":{\"@id\":\"https:\\\/\\\/www.bizneo.com\\\/blog\\\/#organization\"},\"image\":{\"@id\":\"https:\\\/\\\/www.bizneo.com\\\/blog\\\/pt\\\/comunicacao-interna\\\/#primaryimage\"},\"thumbnailUrl\":\"https:\\\/\\\/www.bizneo.com\\\/blog\\\/wp-content\\\/uploads\\\/2022\\\/04\\\/comunicacao-interna.jpg\",\"articleSection\":[\"Gest\u00e3o de pessoal\"],\"inLanguage\":\"es\",\"potentialAction\":[{\"@type\":\"CommentAction\",\"name\":\"Comment\",\"target\":[\"https:\\\/\\\/www.bizneo.com\\\/blog\\\/pt\\\/comunicacao-interna\\\/#respond\"]}]},{\"@type\":\"WebPage\",\"@id\":\"https:\\\/\\\/www.bizneo.com\\\/blog\\\/pt\\\/comunicacao-interna\\\/\",\"url\":\"https:\\\/\\\/www.bizneo.com\\\/blog\\\/pt\\\/comunicacao-interna\\\/\",\"name\":\"Comunica\u00e7\u00e3o Interna | 7 dicas para melhor\u00e1-la em sua empresa\",\"isPartOf\":{\"@id\":\"https:\\\/\\\/www.bizneo.com\\\/blog\\\/#website\"},\"primaryImageOfPage\":{\"@id\":\"https:\\\/\\\/www.bizneo.com\\\/blog\\\/pt\\\/comunicacao-interna\\\/#primaryimage\"},\"image\":{\"@id\":\"https:\\\/\\\/www.bizneo.com\\\/blog\\\/pt\\\/comunicacao-interna\\\/#primaryimage\"},\"thumbnailUrl\":\"https:\\\/\\\/www.bizneo.com\\\/blog\\\/wp-content\\\/uploads\\\/2022\\\/04\\\/comunicacao-interna.jpg\",\"datePublished\":\"2022-04-12T07:22:37+00:00\",\"dateModified\":\"2026-02-01T16:41:54+00:00\",\"description\":\"A comunica\u00e7\u00e3o interna promove a produtividade e o bom funcionamento da equipe de trabalho. Tudo o que voc\u00ea precisa saber\",\"breadcrumb\":{\"@id\":\"https:\\\/\\\/www.bizneo.com\\\/blog\\\/pt\\\/comunicacao-interna\\\/#breadcrumb\"},\"inLanguage\":\"es\",\"potentialAction\":[{\"@type\":\"ReadAction\",\"target\":[\"https:\\\/\\\/www.bizneo.com\\\/blog\\\/pt\\\/comunicacao-interna\\\/\"]}]},{\"@type\":\"ImageObject\",\"inLanguage\":\"es\",\"@id\":\"https:\\\/\\\/www.bizneo.com\\\/blog\\\/pt\\\/comunicacao-interna\\\/#primaryimage\",\"url\":\"https:\\\/\\\/www.bizneo.com\\\/blog\\\/wp-content\\\/uploads\\\/2022\\\/04\\\/comunicacao-interna.jpg\",\"contentUrl\":\"https:\\\/\\\/www.bizneo.com\\\/blog\\\/wp-content\\\/uploads\\\/2022\\\/04\\\/comunicacao-interna.jpg\",\"width\":1140,\"height\":640,\"caption\":\"comunica\u00e7\u00e3o interna\"},{\"@type\":\"BreadcrumbList\",\"@id\":\"https:\\\/\\\/www.bizneo.com\\\/blog\\\/pt\\\/comunicacao-interna\\\/#breadcrumb\",\"itemListElement\":[{\"@type\":\"ListItem\",\"position\":1,\"name\":\"Portada\",\"item\":\"https:\\\/\\\/www.bizneo.com\\\/blog\\\/\"},{\"@type\":\"ListItem\",\"position\":2,\"name\":\"Gest\u00e3o de pessoal\",\"item\":\"https:\\\/\\\/www.bizneo.com\\\/blog\\\/pt\\\/category\\\/gestao-de-pessoal\\\/\"},{\"@type\":\"ListItem\",\"position\":3,\"name\":\"Comunica\u00e7\u00e3o Interna | 7 dicas para melhor\u00e1-la em sua empresa\"}]},{\"@type\":\"WebSite\",\"@id\":\"https:\\\/\\\/www.bizneo.com\\\/blog\\\/#website\",\"url\":\"https:\\\/\\\/www.bizneo.com\\\/blog\\\/\",\"name\":\"Blog de Recursos Humanos de Bizneo HR: pr\u00e1ctico y actual\",\"description\":\"Todo sobre actualidad, herramientas y tecnolog\u00eda  para optimizar la gesti\u00f3n del talento humano\",\"publisher\":{\"@id\":\"https:\\\/\\\/www.bizneo.com\\\/blog\\\/#organization\"},\"potentialAction\":[{\"@type\":\"SearchAction\",\"target\":{\"@type\":\"EntryPoint\",\"urlTemplate\":\"https:\\\/\\\/www.bizneo.com\\\/blog\\\/?s={search_term_string}\"},\"query-input\":{\"@type\":\"PropertyValueSpecification\",\"valueRequired\":true,\"valueName\":\"search_term_string\"}}],\"inLanguage\":\"es\"},{\"@type\":\"Organization\",\"@id\":\"https:\\\/\\\/www.bizneo.com\\\/blog\\\/#organization\",\"name\":\"Bizneo HR\",\"url\":\"https:\\\/\\\/www.bizneo.com\\\/blog\\\/\",\"logo\":{\"@type\":\"ImageObject\",\"inLanguage\":\"es\",\"@id\":\"https:\\\/\\\/www.bizneo.com\\\/blog\\\/#\\\/schema\\\/logo\\\/image\\\/\",\"url\":\"https:\\\/\\\/www.bizneo.com\\\/blog\\\/wp-content\\\/uploads\\\/2020\\\/09\\\/Icono-Logo-Bizneo-HR.png\",\"contentUrl\":\"https:\\\/\\\/www.bizneo.com\\\/blog\\\/wp-content\\\/uploads\\\/2020\\\/09\\\/Icono-Logo-Bizneo-HR.png\",\"width\":834,\"height\":834,\"caption\":\"Bizneo HR\"},\"image\":{\"@id\":\"https:\\\/\\\/www.bizneo.com\\\/blog\\\/#\\\/schema\\\/logo\\\/image\\\/\"}},{\"@type\":\"Person\",\"@id\":\"https:\\\/\\\/www.bizneo.com\\\/blog\\\/#\\\/schema\\\/person\\\/83ac79fc725aba02b89f6819cd0c2ee1\",\"name\":\"Lana\",\"image\":{\"@type\":\"ImageObject\",\"inLanguage\":\"es\",\"@id\":\"https:\\\/\\\/secure.gravatar.com\\\/avatar\\\/a49eec314532e4c9f33504f07c8b7ea1dcf64dd2daff411a0d9e5d1776e9847c?s=96&d=mm&r=g\",\"url\":\"https:\\\/\\\/secure.gravatar.com\\\/avatar\\\/a49eec314532e4c9f33504f07c8b7ea1dcf64dd2daff411a0d9e5d1776e9847c?s=96&d=mm&r=g\",\"contentUrl\":\"https:\\\/\\\/secure.gravatar.com\\\/avatar\\\/a49eec314532e4c9f33504f07c8b7ea1dcf64dd2daff411a0d9e5d1776e9847c?s=96&d=mm&r=g\",\"caption\":\"Lana\"},\"url\":\"https:\\\/\\\/www.bizneo.com\\\/blog\\\/author\\\/lana\\\/\"}]}<\/script>\n<!-- \/ Yoast SEO plugin. -->","yoast_head_json":{"title":"Comunica\u00e7\u00e3o Interna | 7 dicas para melhor\u00e1-la em sua empresa","description":"A comunica\u00e7\u00e3o interna promove a produtividade e o bom funcionamento da equipe de trabalho. Tudo o que voc\u00ea precisa saber","robots":{"index":"index","follow":"follow","max-snippet":"max-snippet:-1","max-image-preview":"max-image-preview:large","max-video-preview":"max-video-preview:-1"},"og_locale":"es_ES","og_type":"article","og_title":"Comunica\u00e7\u00e3o Interna | 7 dicas para melhor\u00e1-la em sua empresa","og_description":"A comunica\u00e7\u00e3o interna promove a produtividade e o bom funcionamento da equipe de trabalho. Tudo o que voc\u00ea precisa saber","og_url":"https:\/\/www.bizneo.com\/blog\/pt\/comunicacao-interna\/","og_site_name":"Blog de Recursos Humanos de Bizneo HR: pr\u00e1ctico y actual","article_published_time":"2022-04-12T07:22:37+00:00","article_modified_time":"2026-02-01T16:41:54+00:00","og_image":[{"width":1140,"height":640,"url":"https:\/\/www.bizneo.com\/blog\/wp-content\/uploads\/2022\/04\/comunicacao-interna.jpg","type":"image\/jpeg"}],"author":"Lana","twitter_card":"summary_large_image","twitter_misc":{"Escrito por":"Lana","Tiempo de lectura":"10 minutos"},"schema":{"@context":"https:\/\/schema.org","@graph":[{"@type":["Article","BlogPosting"],"@id":"https:\/\/www.bizneo.com\/blog\/pt\/comunicacao-interna\/#article","isPartOf":{"@id":"https:\/\/www.bizneo.com\/blog\/pt\/comunicacao-interna\/"},"author":{"name":"Lana","@id":"https:\/\/www.bizneo.com\/blog\/#\/schema\/person\/83ac79fc725aba02b89f6819cd0c2ee1"},"headline":"Comunica\u00e7\u00e3o Interna | 7 dicas para melhor\u00e1-la em sua empresa","datePublished":"2022-04-12T07:22:37+00:00","dateModified":"2026-02-01T16:41:54+00:00","mainEntityOfPage":{"@id":"https:\/\/www.bizneo.com\/blog\/pt\/comunicacao-interna\/"},"wordCount":1913,"commentCount":0,"publisher":{"@id":"https:\/\/www.bizneo.com\/blog\/#organization"},"image":{"@id":"https:\/\/www.bizneo.com\/blog\/pt\/comunicacao-interna\/#primaryimage"},"thumbnailUrl":"https:\/\/www.bizneo.com\/blog\/wp-content\/uploads\/2022\/04\/comunicacao-interna.jpg","articleSection":["Gest\u00e3o de pessoal"],"inLanguage":"es","potentialAction":[{"@type":"CommentAction","name":"Comment","target":["https:\/\/www.bizneo.com\/blog\/pt\/comunicacao-interna\/#respond"]}]},{"@type":"WebPage","@id":"https:\/\/www.bizneo.com\/blog\/pt\/comunicacao-interna\/","url":"https:\/\/www.bizneo.com\/blog\/pt\/comunicacao-interna\/","name":"Comunica\u00e7\u00e3o Interna | 7 dicas para melhor\u00e1-la em sua empresa","isPartOf":{"@id":"https:\/\/www.bizneo.com\/blog\/#website"},"primaryImageOfPage":{"@id":"https:\/\/www.bizneo.com\/blog\/pt\/comunicacao-interna\/#primaryimage"},"image":{"@id":"https:\/\/www.bizneo.com\/blog\/pt\/comunicacao-interna\/#primaryimage"},"thumbnailUrl":"https:\/\/www.bizneo.com\/blog\/wp-content\/uploads\/2022\/04\/comunicacao-interna.jpg","datePublished":"2022-04-12T07:22:37+00:00","dateModified":"2026-02-01T16:41:54+00:00","description":"A comunica\u00e7\u00e3o interna promove a produtividade e o bom funcionamento da equipe de trabalho. Tudo o que voc\u00ea precisa saber","breadcrumb":{"@id":"https:\/\/www.bizneo.com\/blog\/pt\/comunicacao-interna\/#breadcrumb"},"inLanguage":"es","potentialAction":[{"@type":"ReadAction","target":["https:\/\/www.bizneo.com\/blog\/pt\/comunicacao-interna\/"]}]},{"@type":"ImageObject","inLanguage":"es","@id":"https:\/\/www.bizneo.com\/blog\/pt\/comunicacao-interna\/#primaryimage","url":"https:\/\/www.bizneo.com\/blog\/wp-content\/uploads\/2022\/04\/comunicacao-interna.jpg","contentUrl":"https:\/\/www.bizneo.com\/blog\/wp-content\/uploads\/2022\/04\/comunicacao-interna.jpg","width":1140,"height":640,"caption":"comunica\u00e7\u00e3o interna"},{"@type":"BreadcrumbList","@id":"https:\/\/www.bizneo.com\/blog\/pt\/comunicacao-interna\/#breadcrumb","itemListElement":[{"@type":"ListItem","position":1,"name":"Portada","item":"https:\/\/www.bizneo.com\/blog\/"},{"@type":"ListItem","position":2,"name":"Gest\u00e3o de pessoal","item":"https:\/\/www.bizneo.com\/blog\/pt\/category\/gestao-de-pessoal\/"},{"@type":"ListItem","position":3,"name":"Comunica\u00e7\u00e3o Interna | 7 dicas para melhor\u00e1-la em sua empresa"}]},{"@type":"WebSite","@id":"https:\/\/www.bizneo.com\/blog\/#website","url":"https:\/\/www.bizneo.com\/blog\/","name":"Blog de Recursos Humanos de Bizneo HR: pr\u00e1ctico y actual","description":"Todo sobre actualidad, herramientas y tecnolog\u00eda  para optimizar la gesti\u00f3n del talento humano","publisher":{"@id":"https:\/\/www.bizneo.com\/blog\/#organization"},"potentialAction":[{"@type":"SearchAction","target":{"@type":"EntryPoint","urlTemplate":"https:\/\/www.bizneo.com\/blog\/?s={search_term_string}"},"query-input":{"@type":"PropertyValueSpecification","valueRequired":true,"valueName":"search_term_string"}}],"inLanguage":"es"},{"@type":"Organization","@id":"https:\/\/www.bizneo.com\/blog\/#organization","name":"Bizneo HR","url":"https:\/\/www.bizneo.com\/blog\/","logo":{"@type":"ImageObject","inLanguage":"es","@id":"https:\/\/www.bizneo.com\/blog\/#\/schema\/logo\/image\/","url":"https:\/\/www.bizneo.com\/blog\/wp-content\/uploads\/2020\/09\/Icono-Logo-Bizneo-HR.png","contentUrl":"https:\/\/www.bizneo.com\/blog\/wp-content\/uploads\/2020\/09\/Icono-Logo-Bizneo-HR.png","width":834,"height":834,"caption":"Bizneo HR"},"image":{"@id":"https:\/\/www.bizneo.com\/blog\/#\/schema\/logo\/image\/"}},{"@type":"Person","@id":"https:\/\/www.bizneo.com\/blog\/#\/schema\/person\/83ac79fc725aba02b89f6819cd0c2ee1","name":"Lana","image":{"@type":"ImageObject","inLanguage":"es","@id":"https:\/\/secure.gravatar.com\/avatar\/a49eec314532e4c9f33504f07c8b7ea1dcf64dd2daff411a0d9e5d1776e9847c?s=96&d=mm&r=g","url":"https:\/\/secure.gravatar.com\/avatar\/a49eec314532e4c9f33504f07c8b7ea1dcf64dd2daff411a0d9e5d1776e9847c?s=96&d=mm&r=g","contentUrl":"https:\/\/secure.gravatar.com\/avatar\/a49eec314532e4c9f33504f07c8b7ea1dcf64dd2daff411a0d9e5d1776e9847c?s=96&d=mm&r=g","caption":"Lana"},"url":"https:\/\/www.bizneo.com\/blog\/author\/lana\/"}]}},"spectra_custom_meta":{"_edit_lock":["1769964211:47"],"_edit_last":["47"],"onesignal_meta_box_present":["1"],"onesignal_send_notification":[""],"onesignal_modify_title_and_content":[""],"onesignal_notification_custom_heading":[null],"onesignal_notification_custom_content":[null],"wp_review_type":["none"],"_at_widget":["1"],"_vce_meta":["a:4:{s:11:\"use_sidebar\";s:7:\"inherit\";s:7:\"sidebar\";s:7:\"inherit\";s:14:\"sticky_sidebar\";s:7:\"inherit\";s:6:\"layout\";s:7:\"inherit\";}"],"_yoast_wpseo_focuskw":["comunica\u00e7\u00e3o interna"],"_yoast_wpseo_title":["Comunica\u00e7\u00e3o Interna | 7 dicas para melhor\u00e1-la em sua empresa"],"_yoast_wpseo_metadesc":["A comunica\u00e7\u00e3o interna promove a produtividade e o bom funcionamento da equipe de trabalho. Tudo o que voc\u00ea precisa saber"],"_yoast_wpseo_linkdex":["91"],"_yoast_wpseo_estimated-reading-time-minutes":["10"],"_thumbnail_id":["33429"],"_yoast_wpseo_primary_category":["207"],"Views":["1197"],"_yoast_wpseo_wordproof_timestamp":[""],"_yoast_wpseo_content_score":["90"],"_uag_css_file_name":["uag-css-33056.css"],"_uag_page_assets":["a:9:{s:3:\"css\";s:263:\".uag-blocks-common-selector{z-index:var(--z-index-desktop) !important}@media (max-width: 976px){.uag-blocks-common-selector{z-index:var(--z-index-tablet) !important}}@media (max-width: 767px){.uag-blocks-common-selector{z-index:var(--z-index-mobile) !important}}\n\";s:2:\"js\";s:0:\"\";s:18:\"current_block_list\";a:6:{i:0;s:14:\"core\/paragraph\";i:1;s:12:\"core\/heading\";i:2;s:10:\"core\/image\";i:3;s:9:\"core\/html\";i:4;s:12:\"core\/details\";i:5;s:14:\"core\/shortcode\";}s:8:\"uag_flag\";b:0;s:11:\"uag_version\";s:10:\"1777548730\";s:6:\"gfonts\";a:0:{}s:10:\"gfonts_url\";s:0:\"\";s:12:\"gfonts_files\";a:0:{}s:14:\"uag_faq_layout\";b:0;}"]},"uagb_featured_image_src":{"full":["https:\/\/www.bizneo.com\/blog\/wp-content\/uploads\/2022\/04\/comunicacao-interna.jpg",1140,640,false],"thumbnail":["https:\/\/www.bizneo.com\/blog\/wp-content\/uploads\/2022\/04\/comunicacao-interna-150x150.jpg",150,150,true],"medium":["https:\/\/www.bizneo.com\/blog\/wp-content\/uploads\/2022\/04\/comunicacao-interna-300x168.jpg",300,168,true],"medium_large":["https:\/\/www.bizneo.com\/blog\/wp-content\/uploads\/2022\/04\/comunicacao-interna-768x431.jpg",768,431,true],"large":["https:\/\/www.bizneo.com\/blog\/wp-content\/uploads\/2022\/04\/comunicacao-interna-1024x575.jpg",1024,575,true],"1536x1536":["https:\/\/www.bizneo.com\/blog\/wp-content\/uploads\/2022\/04\/comunicacao-interna.jpg",1140,640,false],"2048x2048":["https:\/\/www.bizneo.com\/blog\/wp-content\/uploads\/2022\/04\/comunicacao-interna.jpg",1140,640,false]},"uagb_author_info":{"display_name":"Lana","author_link":"https:\/\/www.bizneo.com\/blog\/author\/lana\/"},"uagb_comment_info":0,"uagb_excerpt":"A produtividade de uma empresa est\u00e1 intimamente ligada \u00e0 comunica\u00e7\u00e3o interna, o que \u00e9 bom para o funcionamento de qualquer companhia.","_links":{"self":[{"href":"https:\/\/www.bizneo.com\/blog\/wp-json\/wp\/v2\/posts\/33056","targetHints":{"allow":["GET"]}}],"collection":[{"href":"https:\/\/www.bizneo.com\/blog\/wp-json\/wp\/v2\/posts"}],"about":[{"href":"https:\/\/www.bizneo.com\/blog\/wp-json\/wp\/v2\/types\/post"}],"author":[{"embeddable":true,"href":"https:\/\/www.bizneo.com\/blog\/wp-json\/wp\/v2\/users\/27"}],"replies":[{"embeddable":true,"href":"https:\/\/www.bizneo.com\/blog\/wp-json\/wp\/v2\/comments?post=33056"}],"version-history":[{"count":24,"href":"https:\/\/www.bizneo.com\/blog\/wp-json\/wp\/v2\/posts\/33056\/revisions"}],"predecessor-version":[{"id":59331,"href":"https:\/\/www.bizneo.com\/blog\/wp-json\/wp\/v2\/posts\/33056\/revisions\/59331"}],"wp:featuredmedia":[{"embeddable":true,"href":"https:\/\/www.bizneo.com\/blog\/wp-json\/wp\/v2\/media\/33429"}],"wp:attachment":[{"href":"https:\/\/www.bizneo.com\/blog\/wp-json\/wp\/v2\/media?parent=33056"}],"wp:term":[{"taxonomy":"category","embeddable":true,"href":"https:\/\/www.bizneo.com\/blog\/wp-json\/wp\/v2\/categories?post=33056"},{"taxonomy":"post_tag","embeddable":true,"href":"https:\/\/www.bizneo.com\/blog\/wp-json\/wp\/v2\/tags?post=33056"}],"curies":[{"name":"wp","href":"https:\/\/api.w.org\/{rel}","templated":true}]}}