{"id":32059,"date":"2022-03-02T12:20:33","date_gmt":"2022-03-02T11:20:33","guid":{"rendered":"https:\/\/www.bizneo.com\/blog\/?p=32059"},"modified":"2026-02-01T17:49:35","modified_gmt":"2026-02-01T16:49:35","slug":"reconhecimento-profissional","status":"publish","type":"post","link":"https:\/\/www.bizneo.com\/blog\/pt\/reconhecimento-profissional\/","title":{"rendered":"Reconhecimento profissional: import\u00e2ncia e exemplos"},"content":{"rendered":"\n<p>S\u00e3o v\u00e1rios os estudos que revelam que uma grande parte dos trabalhadores n\u00e3o recebe qualquer tipo de reconhecimento profissional por parte da sua empresa. Este \u00e9 um problema comum que afeta claramente a <a href=\"https:\/\/www.bizneo.com\/blog\/pt\/produtividade-no-trabalho\/\" data-wpel-link=\"internal\" target=\"_blank\">produtividade dos colaboradores<\/a>.<\/p>\n\n\n\n<p>O reconhecimento no trabalho \u00e9 uma necessidade para a grande maioria dos profissionais. \u00c9 tamb\u00e9m uma boa estrat\u00e9gia da empresa que pode gerar benef\u00edcios interessantes para o neg\u00f3cio. No entanto, para que as medidas de reconhecimento profissional sejam eficazes, devem ser <strong>implementadas correctamente e no momento certo<\/strong>.<\/p>\n\n\n\n<h2 class=\"wp-block-heading\">O que \u00e9 o reconhecimento profissional<\/h2>\n\n\n\n<p>O reconhecimento do trabalho \u00e9 qualquer <strong>iniciativa empresarial destinada a valorizar o trabalho dos funcion\u00e1rios<\/strong> ou qualquer <strong>conduta que tenha beneficiado a empresa<\/strong>. Existem diferentes tipos de reconhecimento profissional. Ao contr\u00e1rio das suposi\u00e7\u00f5es comuns, nem todas as recompensas precisam ser financeiras.<\/p>\n\n\n\n<p>Cada uma das t\u00e9cnicas de valoriza\u00e7\u00e3o profissional torna poss\u00edvel avaliar uma situa\u00e7\u00e3o espec\u00edfica da atividade de trabalho dos funcion\u00e1rios. Assim, as empresas t\u00eam diferentes alternativas \u00e0 sua disposi\u00e7\u00e3o para responder \u00e0s necessidades atuais da for\u00e7a de trabalho.<\/p>\n\n\n\n<p>Em um contexto marcado pelo aumento do <a href=\"\/blog\/pt\/teletrabalho\/\" data-wpel-link=\"internal\" target=\"_blank\">teletrabalho<\/a> e por medidas de reconcilia\u00e7\u00e3o familiar cada vez mais comuns, o reconhecimento do trabalho ganha maior import\u00e2ncia na gest\u00e3o di\u00e1ria. Gra\u00e7as a este recurso, \u00e9 mais f\u00e1cil manter altos n\u00edveis de motiva\u00e7\u00e3o e comprometimento entre os funcion\u00e1rios, mesmo quando eles n\u00e3o est\u00e3o fisicamente presentes na empresa.<\/p>\n\n\n\n<figure class=\"wp-block-image size-full\"><a href=\"https:\/\/hello.bizneo.com\/template\/manual-reconhecimento-laboral\/?utm_content=post-banner\" data-wpel-link=\"internal\" target=\"_blank\"><img decoding=\"async\" width=\"1360\" height=\"204\" src=\"https:\/\/www.bizneo.com\/blog\/wp-content\/uploads\/2022\/03\/banner-reconhecimiento-no-trabalho.jpg\" alt=\"Guia reconhecimento no trabalho\" class=\"wp-image-32221\" srcset=\"https:\/\/www.bizneo.com\/blog\/wp-content\/uploads\/2022\/03\/banner-reconhecimiento-no-trabalho.jpg 1360w, https:\/\/www.bizneo.com\/blog\/wp-content\/uploads\/2022\/03\/banner-reconhecimiento-no-trabalho-300x45.jpg 300w, https:\/\/www.bizneo.com\/blog\/wp-content\/uploads\/2022\/03\/banner-reconhecimiento-no-trabalho-1024x154.jpg 1024w, https:\/\/www.bizneo.com\/blog\/wp-content\/uploads\/2022\/03\/banner-reconhecimiento-no-trabalho-768x115.jpg 768w, https:\/\/www.bizneo.com\/blog\/wp-content\/uploads\/2022\/03\/banner-reconhecimiento-no-trabalho-810x122.jpg 810w, https:\/\/www.bizneo.com\/blog\/wp-content\/uploads\/2022\/03\/banner-reconhecimiento-no-trabalho-1140x171.jpg 1140w\" sizes=\"(max-width: 1360px) 100vw, 1360px\" \/><\/a><\/figure>\n\n\n\n<h2 class=\"wp-block-heading\">Import\u00e2ncia do reconhecimento no trabalho<\/h2>\n\n\n\n<p>O reconhecimento profissional tem um <strong>efeito muito positivo<\/strong> sobre a for\u00e7a de trabalho. Gera um <strong>efeito de <a href=\"https:\/\/www.bizneo.com\/blog\/pt\/feedback-colaboradores\/\" data-wpel-link=\"internal\" target=\"_blank\">feedback<\/a> que incentiva o funcion\u00e1rio a continuar a superar as metas<\/strong>. Tamb\u00e9m promove uma <strong>competi\u00e7\u00e3o saud\u00e1vel<\/strong> entre os funcion\u00e1rios, como todos podem ser reconhecidos.<\/p>\n\n\n\n<p>Esta quest\u00e3o est\u00e1 intimamente ligada ao que \u00e9 conhecido como <strong>remunera\u00e7\u00e3o emocional<\/strong>. Isto \u00e9, o conjunto de medidas de reconhecimento de emprego que n\u00e3o t\u00eam uma base econ\u00f4mica. A possibilidade de conseguir <strong>mais dias de folga, op\u00e7\u00f5es reais de promo\u00e7\u00e3o interna, maiores n\u00edveis de autonomia ou presentes<\/strong> para os funcion\u00e1rios s\u00e3o alguns exemplos.<\/p>\n\n\n\n<bzn-info><a href=\"\/blog\/pt\/capacitacao-profissional\/\" id=\"destacado-post\" target=\"_blank\" rel=\"noopener noreferrer\" data-wpel-link=\"internal\"><span class=\"bzn-link-title\"><strong>Como criar um bom plano de capacita\u00e7\u00e3o profissional <\/strong> <\/span><br>Rentabilize o talento e aumente a motiva\u00e7\u00e3o dos seus colaboradores.<\/a><\/br><\/bzn-info>\n\n\n\n<p><\/p>\n\n\n\n<p>Evidentemente, as a\u00e7\u00f5es de reconhecimento no trabalho devem ter diretrizes espec\u00edficas e devem ser conhecidas com anteced\u00eancia pelos funcion\u00e1rios. Isto n\u00e3o exclui a possibilidade de recompensar comportamentos excepcionais, mas \u00e9 mais aconselh\u00e1vel seguir crit\u00e9rios objetivos que permitam aos funcion\u00e1rios saber como eles podem ser reconhecidos.<\/p>\n\n\n\n<p>Em um sentido mais amplo, as t\u00e9cnicas de valoriza\u00e7\u00e3o profissional s\u00e3o uma pedra angular de qualquer <a href=\"\/blog\/pt\/programa-de-reconhecimento\" data-wpel-link=\"internal\" target=\"_blank\">programa de reconhecimento de colaboradores<\/a>. O capital humano est\u00e1 se tornando cada vez mais importante no ambiente corporativo. Por isso, manter os melhores desempenhos n\u00e3o \u00e9 apenas uma quest\u00e3o de oferecer boas condi\u00e7\u00f5es, \u00e9 tamb\u00e9m uma quest\u00e3o de manter as melhores pessoas.<\/p>\n\n\n\n<figure class=\"wp-block-image size-large\"><a href=\"\/br\/avaliacao-desempenho\/\" target=\"_blank\" rel=\"noopener\" data-wpel-link=\"internal\"><img decoding=\"async\" width=\"1125\" height=\"969\" src=\"https:\/\/www.bizneo.com\/blog\/wp-content\/uploads\/2021\/04\/Avaliacao-de-desempenho-por-competencias.webp\" alt=\"Avalia\u00e7\u00e3o de desempenho por compet\u00eancias\" class=\"wp-image-21628\" srcset=\"https:\/\/www.bizneo.com\/blog\/wp-content\/uploads\/2021\/04\/Avaliacao-de-desempenho-por-competencias.webp 1125w, https:\/\/www.bizneo.com\/blog\/wp-content\/uploads\/2021\/04\/Avaliacao-de-desempenho-por-competencias-300x258.webp 300w, https:\/\/www.bizneo.com\/blog\/wp-content\/uploads\/2021\/04\/Avaliacao-de-desempenho-por-competencias-1024x882.webp 1024w, https:\/\/www.bizneo.com\/blog\/wp-content\/uploads\/2021\/04\/Avaliacao-de-desempenho-por-competencias-768x662.webp 768w, https:\/\/www.bizneo.com\/blog\/wp-content\/uploads\/2021\/04\/Avaliacao-de-desempenho-por-competencias-810x698.webp 810w\" sizes=\"(max-width: 1125px) 100vw, 1125px\" \/><\/a><\/figure>\n\n\n\n<p>Para reconhecer o trabalho, primeiro \u00e9 preciso avali\u00e1-lo. Nosso <a href=\"\/br\/avaliacao-desempenho\/\" data-wpel-link=\"internal\" target=\"_blank\">software de avalia\u00e7\u00e3o de desempenho<\/a> permite identificar os funcion\u00e1rios com melhor desempenho e aqueles que est\u00e3o demonstrando mais habilidades e compet\u00eancias na empresa. Assim, voc\u00ea pode tomar decis\u00f5es com base em dados objetivos.<\/p>\n\n\n\n<figure class=\"wp-block-image size-large\"><a href=\"https:\/\/hello.bizneo.com\/template\/avaliacao-de-desempenho-feedback\/?utm_content=post-banner\" data-wpel-link=\"internal\" target=\"_blank\"><img decoding=\"async\" width=\"1024\" height=\"154\" src=\"https:\/\/www.bizneo.com\/blog\/wp-content\/uploads\/2022\/04\/banner-comunicar-desempenho-1024x154.jpg\" alt=\"Guia Feedback colaboradores\" class=\"wp-image-33322\" srcset=\"https:\/\/www.bizneo.com\/blog\/wp-content\/uploads\/2022\/04\/banner-comunicar-desempenho-1024x154.jpg 1024w, https:\/\/www.bizneo.com\/blog\/wp-content\/uploads\/2022\/04\/banner-comunicar-desempenho-300x45.jpg 300w, https:\/\/www.bizneo.com\/blog\/wp-content\/uploads\/2022\/04\/banner-comunicar-desempenho-768x115.jpg 768w, https:\/\/www.bizneo.com\/blog\/wp-content\/uploads\/2022\/04\/banner-comunicar-desempenho-810x122.jpg 810w, https:\/\/www.bizneo.com\/blog\/wp-content\/uploads\/2022\/04\/banner-comunicar-desempenho-1140x171.jpg 1140w, https:\/\/www.bizneo.com\/blog\/wp-content\/uploads\/2022\/04\/banner-comunicar-desempenho.jpg 1360w\" sizes=\"(max-width: 1024px) 100vw, 1024px\" \/><\/a><\/figure>\n\n\n\n<p>Reconhece quais colaboradores n\u00e3o est\u00e3o atendendo \u00e0s expectativas e lhes oferece <a href=\"\/blog\/pt\/treinamento-e-desenvolvimento-de-pessoas\/\" data-wpel-link=\"internal\" target=\"_blank\">treinamento e desenvolvimento<\/a> com o \u00fanico objetivo de <strong>capacit\u00e1-los a atingir seu pleno potencial<\/strong>. \u00c9 uma ferramenta para garantir o desenvolvimento de talentos.<\/p>\n\n\n\n<figure class=\"wp-block-image size-large\"><a href=\"\/br\/avaliacao-desempenho\/\" target=\"_blank\" rel=\"noopener\" data-wpel-link=\"internal\"><img decoding=\"async\" width=\"1125\" height=\"649\" src=\"https:\/\/www.bizneo.com\/blog\/wp-content\/uploads\/2021\/04\/Matriz-9-box-no-programa-de-avaliacao-de-desempenho.webp\" alt=\"Matriz de talento\" class=\"wp-image-21632\" srcset=\"https:\/\/www.bizneo.com\/blog\/wp-content\/uploads\/2021\/04\/Matriz-9-box-no-programa-de-avaliacao-de-desempenho.webp 1125w, https:\/\/www.bizneo.com\/blog\/wp-content\/uploads\/2021\/04\/Matriz-9-box-no-programa-de-avaliacao-de-desempenho-300x173.webp 300w, https:\/\/www.bizneo.com\/blog\/wp-content\/uploads\/2021\/04\/Matriz-9-box-no-programa-de-avaliacao-de-desempenho-1024x591.webp 1024w, https:\/\/www.bizneo.com\/blog\/wp-content\/uploads\/2021\/04\/Matriz-9-box-no-programa-de-avaliacao-de-desempenho-768x443.webp 768w, https:\/\/www.bizneo.com\/blog\/wp-content\/uploads\/2021\/04\/Matriz-9-box-no-programa-de-avaliacao-de-desempenho-810x467.webp 810w\" sizes=\"(max-width: 1125px) 100vw, 1125px\" \/><\/a><\/figure>\n\n\n\n<h2 class=\"wp-block-heading\">Exemplos de reconhecimento laboral<\/h2>\n\n\n\n<div id=\"cbox-0YAMPoIiOqAa5cBz\"><\/div>\n\n\n\n<p><\/p>\n\n\n\n<p>Existem numerosos exemplos de reconhecimento profissional que podem ser usados para: <\/p>\n\n\n\n<ul class=\"wp-block-list\">\n<li><strong>melhorar o clima de trabalho<\/strong>;<\/li>\n\n\n\n<li><strong>aumentar o bem-estar dos funcion\u00e1rios <\/strong>e <\/li>\n\n\n\n<li><strong>alcan\u00e7ar n\u00edveis mais altos de competitividade empresarial.<\/strong><\/li>\n<\/ul>\n\n\n\n<h3 class=\"wp-block-heading\">Reconhecimento profissional p\u00fablico<\/h3>\n\n\n\n<p>As t\u00e9cnicas de reconhecimento no local de trabalho podem ter um car\u00e1ter p\u00fablico, especialmente quando se trata de <strong>destacar o desempenho de um funcion\u00e1rio para outros colegas ou mesmo fora da empresa<\/strong>.<\/p>\n\n\n\n<p>Alguns dos exemplos mais significativos de valoriza\u00e7\u00e3o profissional dentro deste grupo seriam o <strong>reconhecimento profissional<\/strong> <strong>das m\u00eddias sociais, comunicados de imprensa, a exist\u00eancia de um muro da fama, cerim\u00f4nias de premia\u00e7\u00e3o ou ranking de funcion\u00e1rios.<\/strong><\/p>\n\n\n\n<p>Tais a\u00e7\u00f5es j\u00e1 trazem um benef\u00edcio moral ao trabalhador, independentemente das implica\u00e7\u00f5es concretas do reconhecimento, uma vez que <strong>seu trabalho se torna de conhecimento p\u00fablico.<\/strong><\/p>\n\n\n\n<bzn-down><a href=\"https:\/\/hello.bizneo.com\/template\/pesquisa-de-clima-organizacional\/?utm_content=post-destacado\" id=\"destacado-wc-descarga\" target=\"_blank\" rel=\"noopener noreferrer\" data-wpel-link=\"internal\"><span class=\"bzn-link-title\">DOWNLOAD GRATUITO: MODELO DE PESQUISAS DE CLIMA<\/span>Projeto simples para realizar pesquisas de satisfa\u00e7\u00e3o e clima de sua equipe.<\/a><\/bzn-down>\n\n\n\n<p><\/p>\n\n\n\n<h3 class=\"wp-block-heading\">Reconhecimento profissional privado<\/h3>\n\n\n\n<p>Em alguns casos, pode ser mais aconselh\u00e1vel que o reconhecimento do funcion\u00e1rio n\u00e3o seja divulgado e s\u00f3 seja comunicado ao funcion\u00e1rio. Estes reconhecimentos assumem um <strong>car\u00e1ter mais pessoal e refor\u00e7am o compromisso dos funcion\u00e1rios com a miss\u00e3o da empresa.<\/strong><\/p>\n\n\n\n<p>E-mails personalizados, chamadas ou reuni\u00f5es com a ger\u00eancia, entrega de presentes ao domic\u00edlio s\u00e3o exemplos de valoriza\u00e7\u00e3o profissional que n\u00e3o precisam ser de dom\u00ednio p\u00fablico (ou podem complementar o acima mencionado).<\/p>\n\n\n\n<bzn-info><a href=\"\/blog\/pt\/software-de-gestao-de-capital-humano\/\" id=\"destacado-post\" target=\"_blank\" rel=\"noopener noreferrer\" data-wpel-link=\"internal\"><span class=\"bzn-note-title\"><strong>Software de gest\u00e3o de capital humano | <\/strong> <\/span><br>Descubra 5 fun\u00e7\u00f5es TOP para RH<\/a><\/br><\/bzn-info>\n\n\n\n<p><\/p>\n\n\n\n<h3 class=\"wp-block-heading\">Reconhecimento profissional com benef\u00edcios para o funcion\u00e1rio<\/h3>\n\n\n\n<p>Independentemente de ser p\u00fablico ou privado, a forma mais comum de reconhecimento de emprego \u00e9 a concess\u00e3o de uma <strong>s\u00e9rie de benef\u00edcios ou presentes para o trabalhador.<\/strong><\/p>\n\n\n\n<p>A promo\u00e7\u00e3o a cargos de maior responsabilidade \u00e9 um dos reconhecimentos cl\u00e1ssicos que melhor s\u00e3o recebidos pelo pessoal.<\/p>\n\n\n\n<bzn-warning> Sabe o que \u00e9 gest\u00e3o de desempenho e de que forma ela impacta sua empresa e seus colaboradores? <a href=\"\/blog\/pt\/gestao-de-desempenho\/&quot;\" id=\"destacado-post\" target=\"_blank\" rel=\"noopener noreferrer\" data-wpel-link=\"internal\">Gest\u00e3o de desempenho<\/a>.<\/bzn-warning>\n\n\n\n<p><\/p>\n\n\n\n<p>Dias de folga, hor\u00e1rio de <a href=\"https:\/\/blog.runrun.it\/flexibilidade-no-trabalho\/\" data-wpel-link=\"external\" target=\"_blank\" rel=\"noopener\">trabalho flex\u00edvel<\/a>, nomea\u00e7\u00e3o de \u00abembaixadores de marca\u00bb, fornecimento de produtos promocionais de marca ou assinaturas de servi\u00e7os de todo tipo. Por outro lado, o treinamento gratuito e de qualidade \u00e9 um tipo de reconhecimento profissional que oferece <strong>vantagens tanto para o funcion\u00e1rio quanto para a empresa.<\/strong><\/p>\n\n\n\n<p>Naturalmente, <strong>presentes motivacionais para funcion\u00e1rios ou recompensas financeiras<\/strong> tamb\u00e9m s\u00e3o \u00fateis para <strong>aumentar a produtividade<\/strong>. Seja um b\u00f4nus na folha de pagamento, pagamento extra, descontos em determinados servi\u00e7os ou participa\u00e7\u00e3o na partilha de um grande pote comum para todos os funcion\u00e1rios.<\/p>\n\n\n\n<figure class=\"wp-block-image size-full\"><a href=\"https:\/\/hello.bizneo.com\/br\/demo\/performance\/?utm_content=post-banner-grande\" target=\"_blank\" rel=\"noopener\" data-wpel-link=\"internal\"><img decoding=\"async\" width=\"1360\" height=\"408\" src=\"https:\/\/www.bizneo.com\/blog\/wp-content\/uploads\/2021\/04\/Software-avaliacao-desempenho.jpg\" alt=\"Software de avalia\u00e7\u00e3o de desempenho\" class=\"wp-image-21488\" srcset=\"https:\/\/www.bizneo.com\/blog\/wp-content\/uploads\/2021\/04\/Software-avaliacao-desempenho.jpg 1360w, https:\/\/www.bizneo.com\/blog\/wp-content\/uploads\/2021\/04\/Software-avaliacao-desempenho-300x90.jpg 300w, https:\/\/www.bizneo.com\/blog\/wp-content\/uploads\/2021\/04\/Software-avaliacao-desempenho-1024x307.jpg 1024w, https:\/\/www.bizneo.com\/blog\/wp-content\/uploads\/2021\/04\/Software-avaliacao-desempenho-768x230.jpg 768w, https:\/\/www.bizneo.com\/blog\/wp-content\/uploads\/2021\/04\/Software-avaliacao-desempenho-810x243.jpg 810w, https:\/\/www.bizneo.com\/blog\/wp-content\/uploads\/2021\/04\/Software-avaliacao-desempenho-1140x342.jpg 1140w\" sizes=\"(max-width: 1360px) 100vw, 1360px\" \/><\/a><\/figure>\n","protected":false},"excerpt":{"rendered":"<p>Ser um bom profissional implica, entre outras coisas, que os funcion\u00e1rios estejam cientes de quais s\u00e3o seus deveres, independentemente das recompensas que adv\u00eam do seu cumprimento. Uma boa estrat\u00e9gia de reconhecimento profissional por parte da empresa pode ajud\u00e1-los a aumentar sua produtividade.<\/p>\n","protected":false},"author":26,"featured_media":32219,"comment_status":"open","ping_status":"open","sticky":false,"template":"","format":"standard","meta":{"_uag_custom_page_level_css":"","site-sidebar-layout":"default","site-content-layout":"","ast-site-content-layout":"default","site-content-style":"default","site-sidebar-style":"default","ast-global-header-display":"","ast-banner-title-visibility":"","ast-main-header-display":"","ast-hfb-above-header-display":"","ast-hfb-below-header-display":"","ast-hfb-mobile-header-display":"","site-post-title":"","ast-breadcrumbs-content":"","ast-featured-img":"","footer-sml-layout":"","ast-disable-related-posts":"","theme-transparent-header-meta":"","adv-header-id-meta":"","stick-header-meta":"","header-above-stick-meta":"","header-main-stick-meta":"","header-below-stick-meta":"","astra-migrate-meta-layouts":"default","ast-page-background-enabled":"default","ast-page-background-meta":{"desktop":{"background-color":"var(--ast-global-color-5)","background-image":"","background-repeat":"repeat","background-position":"center center","background-size":"auto","background-attachment":"scroll","background-type":"","background-media":"","overlay-type":"","overlay-color":"","overlay-opacity":"","overlay-gradient":""},"tablet":{"background-color":"","background-image":"","background-repeat":"repeat","background-position":"center center","background-size":"auto","background-attachment":"scroll","background-type":"","background-media":"","overlay-type":"","overlay-color":"","overlay-opacity":"","overlay-gradient":""},"mobile":{"background-color":"","background-image":"","background-repeat":"repeat","background-position":"center center","background-size":"auto","background-attachment":"scroll","background-type":"","background-media":"","overlay-type":"","overlay-color":"","overlay-opacity":"","overlay-gradient":""}},"ast-content-background-meta":{"desktop":{"background-color":"var(--ast-global-color-4)","background-image":"","background-repeat":"repeat","background-position":"center center","background-size":"auto","background-attachment":"scroll","background-type":"","background-media":"","overlay-type":"","overlay-color":"","overlay-opacity":"","overlay-gradient":""},"tablet":{"background-color":"var(--ast-global-color-4)","background-image":"","background-repeat":"repeat","background-position":"center center","background-size":"auto","background-attachment":"scroll","background-type":"","background-media":"","overlay-type":"","overlay-color":"","overlay-opacity":"","overlay-gradient":""},"mobile":{"background-color":"var(--ast-global-color-4)","background-image":"","background-repeat":"repeat","background-position":"center center","background-size":"auto","background-attachment":"scroll","background-type":"","background-media":"","overlay-type":"","overlay-color":"","overlay-opacity":"","overlay-gradient":""}},"footnotes":""},"categories":[203],"tags":[],"class_list":["post-32059","post","type-post","status-publish","format-standard","has-post-thumbnail","hentry","category-avaliacao-de-desempenho"],"yoast_head":"<!-- This site is optimized with the Yoast SEO plugin v27.5 - https:\/\/yoast.com\/product\/yoast-seo-wordpress\/ -->\n<title>Reconhecimento profissional: import\u00e2ncia e exemplos<\/title>\n<meta name=\"description\" content=\"O que \u00e9 o reconhecimento profissional e para que serve? Conhe\u00e7a +20 exemplos de reconhecimento, valoriza\u00e7\u00e3o e incentivos no trabalho.\" \/>\n<meta name=\"robots\" content=\"index, follow, max-snippet:-1, max-image-preview:large, max-video-preview:-1\" \/>\n<meta property=\"og:locale\" content=\"es_ES\" \/>\n<meta property=\"og:type\" content=\"article\" \/>\n<meta property=\"og:title\" content=\"Reconhecimento profissional: import\u00e2ncia e exemplos\" \/>\n<meta property=\"og:description\" content=\"O que \u00e9 o reconhecimento profissional e para que serve? Conhe\u00e7a +20 exemplos de reconhecimento, valoriza\u00e7\u00e3o e incentivos no trabalho.\" \/>\n<meta property=\"og:url\" content=\"https:\/\/www.bizneo.com\/blog\/pt\/reconhecimento-profissional\/\" \/>\n<meta property=\"og:site_name\" content=\"Blog de Recursos Humanos de Bizneo HR: pr\u00e1ctico y actual\" \/>\n<meta property=\"article:published_time\" content=\"2022-03-02T11:20:33+00:00\" \/>\n<meta property=\"article:modified_time\" content=\"2026-02-01T16:49:35+00:00\" \/>\n<meta property=\"og:image\" content=\"https:\/\/www.bizneo.com\/blog\/wp-content\/uploads\/2022\/03\/reconhecimento-profissional.png\" \/>\n\t<meta property=\"og:image:width\" content=\"1140\" \/>\n\t<meta property=\"og:image:height\" content=\"640\" \/>\n\t<meta property=\"og:image:type\" content=\"image\/jpeg\" \/>\n<meta name=\"author\" content=\"Mariana\" \/>\n<meta name=\"twitter:card\" content=\"summary_large_image\" \/>\n<meta name=\"twitter:label1\" content=\"Escrito por\" \/>\n\t<meta name=\"twitter:data1\" content=\"Mariana\" \/>\n\t<meta name=\"twitter:label2\" content=\"Tiempo de lectura\" \/>\n\t<meta name=\"twitter:data2\" content=\"6 minutos\" \/>\n<script type=\"application\/ld+json\" class=\"yoast-schema-graph\">{\"@context\":\"https:\\\/\\\/schema.org\",\"@graph\":[{\"@type\":[\"Article\",\"BlogPosting\"],\"@id\":\"https:\\\/\\\/www.bizneo.com\\\/blog\\\/pt\\\/reconhecimento-profissional\\\/#article\",\"isPartOf\":{\"@id\":\"https:\\\/\\\/www.bizneo.com\\\/blog\\\/pt\\\/reconhecimento-profissional\\\/\"},\"author\":{\"name\":\"Mariana\",\"@id\":\"https:\\\/\\\/www.bizneo.com\\\/blog\\\/#\\\/schema\\\/person\\\/51f43d1aea1133ed6ec679cc2ef5ae7d\"},\"headline\":\"Reconhecimento profissional: import\u00e2ncia e exemplos\",\"datePublished\":\"2022-03-02T11:20:33+00:00\",\"dateModified\":\"2026-02-01T16:49:35+00:00\",\"mainEntityOfPage\":{\"@id\":\"https:\\\/\\\/www.bizneo.com\\\/blog\\\/pt\\\/reconhecimento-profissional\\\/\"},\"wordCount\":908,\"commentCount\":0,\"publisher\":{\"@id\":\"https:\\\/\\\/www.bizneo.com\\\/blog\\\/#organization\"},\"image\":{\"@id\":\"https:\\\/\\\/www.bizneo.com\\\/blog\\\/pt\\\/reconhecimento-profissional\\\/#primaryimage\"},\"thumbnailUrl\":\"https:\\\/\\\/www.bizneo.com\\\/blog\\\/wp-content\\\/uploads\\\/2022\\\/03\\\/reconhecimento-profissional.png\",\"articleSection\":[\"Avalia\u00e7\u00e3o de desempenho\"],\"inLanguage\":\"es\",\"potentialAction\":[{\"@type\":\"CommentAction\",\"name\":\"Comment\",\"target\":[\"https:\\\/\\\/www.bizneo.com\\\/blog\\\/pt\\\/reconhecimento-profissional\\\/#respond\"]}]},{\"@type\":\"WebPage\",\"@id\":\"https:\\\/\\\/www.bizneo.com\\\/blog\\\/pt\\\/reconhecimento-profissional\\\/\",\"url\":\"https:\\\/\\\/www.bizneo.com\\\/blog\\\/pt\\\/reconhecimento-profissional\\\/\",\"name\":\"Reconhecimento profissional: import\u00e2ncia e exemplos\",\"isPartOf\":{\"@id\":\"https:\\\/\\\/www.bizneo.com\\\/blog\\\/#website\"},\"primaryImageOfPage\":{\"@id\":\"https:\\\/\\\/www.bizneo.com\\\/blog\\\/pt\\\/reconhecimento-profissional\\\/#primaryimage\"},\"image\":{\"@id\":\"https:\\\/\\\/www.bizneo.com\\\/blog\\\/pt\\\/reconhecimento-profissional\\\/#primaryimage\"},\"thumbnailUrl\":\"https:\\\/\\\/www.bizneo.com\\\/blog\\\/wp-content\\\/uploads\\\/2022\\\/03\\\/reconhecimento-profissional.png\",\"datePublished\":\"2022-03-02T11:20:33+00:00\",\"dateModified\":\"2026-02-01T16:49:35+00:00\",\"description\":\"O que \u00e9 o reconhecimento profissional e para que serve? Conhe\u00e7a +20 exemplos de reconhecimento, valoriza\u00e7\u00e3o e incentivos no trabalho.\",\"breadcrumb\":{\"@id\":\"https:\\\/\\\/www.bizneo.com\\\/blog\\\/pt\\\/reconhecimento-profissional\\\/#breadcrumb\"},\"inLanguage\":\"es\",\"potentialAction\":[{\"@type\":\"ReadAction\",\"target\":[\"https:\\\/\\\/www.bizneo.com\\\/blog\\\/pt\\\/reconhecimento-profissional\\\/\"]}]},{\"@type\":\"ImageObject\",\"inLanguage\":\"es\",\"@id\":\"https:\\\/\\\/www.bizneo.com\\\/blog\\\/pt\\\/reconhecimento-profissional\\\/#primaryimage\",\"url\":\"https:\\\/\\\/www.bizneo.com\\\/blog\\\/wp-content\\\/uploads\\\/2022\\\/03\\\/reconhecimento-profissional.png\",\"contentUrl\":\"https:\\\/\\\/www.bizneo.com\\\/blog\\\/wp-content\\\/uploads\\\/2022\\\/03\\\/reconhecimento-profissional.png\",\"width\":1140,\"height\":640,\"caption\":\"reconhecimento profissional\"},{\"@type\":\"BreadcrumbList\",\"@id\":\"https:\\\/\\\/www.bizneo.com\\\/blog\\\/pt\\\/reconhecimento-profissional\\\/#breadcrumb\",\"itemListElement\":[{\"@type\":\"ListItem\",\"position\":1,\"name\":\"Portada\",\"item\":\"https:\\\/\\\/www.bizneo.com\\\/blog\\\/\"},{\"@type\":\"ListItem\",\"position\":2,\"name\":\"Gest\u00e3o de Talentos\",\"item\":\"https:\\\/\\\/www.bizneo.com\\\/blog\\\/pt\\\/category\\\/gestao-de-talentos\\\/\"},{\"@type\":\"ListItem\",\"position\":3,\"name\":\"Avalia\u00e7\u00e3o de desempenho\",\"item\":\"https:\\\/\\\/www.bizneo.com\\\/blog\\\/pt\\\/category\\\/gestao-de-talentos\\\/avaliacao-de-desempenho\\\/\"},{\"@type\":\"ListItem\",\"position\":4,\"name\":\"Reconhecimento profissional: import\u00e2ncia e exemplos\"}]},{\"@type\":\"WebSite\",\"@id\":\"https:\\\/\\\/www.bizneo.com\\\/blog\\\/#website\",\"url\":\"https:\\\/\\\/www.bizneo.com\\\/blog\\\/\",\"name\":\"Blog de Recursos Humanos de Bizneo HR: pr\u00e1ctico y actual\",\"description\":\"Todo sobre actualidad, herramientas y tecnolog\u00eda  para optimizar la gesti\u00f3n del talento humano\",\"publisher\":{\"@id\":\"https:\\\/\\\/www.bizneo.com\\\/blog\\\/#organization\"},\"potentialAction\":[{\"@type\":\"SearchAction\",\"target\":{\"@type\":\"EntryPoint\",\"urlTemplate\":\"https:\\\/\\\/www.bizneo.com\\\/blog\\\/?s={search_term_string}\"},\"query-input\":{\"@type\":\"PropertyValueSpecification\",\"valueRequired\":true,\"valueName\":\"search_term_string\"}}],\"inLanguage\":\"es\"},{\"@type\":\"Organization\",\"@id\":\"https:\\\/\\\/www.bizneo.com\\\/blog\\\/#organization\",\"name\":\"Bizneo HR\",\"url\":\"https:\\\/\\\/www.bizneo.com\\\/blog\\\/\",\"logo\":{\"@type\":\"ImageObject\",\"inLanguage\":\"es\",\"@id\":\"https:\\\/\\\/www.bizneo.com\\\/blog\\\/#\\\/schema\\\/logo\\\/image\\\/\",\"url\":\"https:\\\/\\\/www.bizneo.com\\\/blog\\\/wp-content\\\/uploads\\\/2020\\\/09\\\/Icono-Logo-Bizneo-HR.png\",\"contentUrl\":\"https:\\\/\\\/www.bizneo.com\\\/blog\\\/wp-content\\\/uploads\\\/2020\\\/09\\\/Icono-Logo-Bizneo-HR.png\",\"width\":834,\"height\":834,\"caption\":\"Bizneo HR\"},\"image\":{\"@id\":\"https:\\\/\\\/www.bizneo.com\\\/blog\\\/#\\\/schema\\\/logo\\\/image\\\/\"}},{\"@type\":\"Person\",\"@id\":\"https:\\\/\\\/www.bizneo.com\\\/blog\\\/#\\\/schema\\\/person\\\/51f43d1aea1133ed6ec679cc2ef5ae7d\",\"name\":\"Mariana\",\"image\":{\"@type\":\"ImageObject\",\"inLanguage\":\"es\",\"@id\":\"https:\\\/\\\/secure.gravatar.com\\\/avatar\\\/ef4d4bb38255c7f2bfb5958bd7539c0e1f95adfcc0fcaa2ccde50cb0d06bd4d8?s=96&d=mm&r=g\",\"url\":\"https:\\\/\\\/secure.gravatar.com\\\/avatar\\\/ef4d4bb38255c7f2bfb5958bd7539c0e1f95adfcc0fcaa2ccde50cb0d06bd4d8?s=96&d=mm&r=g\",\"contentUrl\":\"https:\\\/\\\/secure.gravatar.com\\\/avatar\\\/ef4d4bb38255c7f2bfb5958bd7539c0e1f95adfcc0fcaa2ccde50cb0d06bd4d8?s=96&d=mm&r=g\",\"caption\":\"Mariana\"},\"url\":\"https:\\\/\\\/www.bizneo.com\\\/blog\\\/author\\\/mariana\\\/\"}]}<\/script>\n<!-- \/ Yoast SEO plugin. -->","yoast_head_json":{"title":"Reconhecimento profissional: import\u00e2ncia e exemplos","description":"O que \u00e9 o reconhecimento profissional e para que serve? Conhe\u00e7a +20 exemplos de reconhecimento, valoriza\u00e7\u00e3o e incentivos no trabalho.","robots":{"index":"index","follow":"follow","max-snippet":"max-snippet:-1","max-image-preview":"max-image-preview:large","max-video-preview":"max-video-preview:-1"},"og_locale":"es_ES","og_type":"article","og_title":"Reconhecimento profissional: import\u00e2ncia e exemplos","og_description":"O que \u00e9 o reconhecimento profissional e para que serve? Conhe\u00e7a +20 exemplos de reconhecimento, valoriza\u00e7\u00e3o e incentivos no trabalho.","og_url":"https:\/\/www.bizneo.com\/blog\/pt\/reconhecimento-profissional\/","og_site_name":"Blog de Recursos Humanos de Bizneo HR: pr\u00e1ctico y actual","article_published_time":"2022-03-02T11:20:33+00:00","article_modified_time":"2026-02-01T16:49:35+00:00","og_image":[{"width":1140,"height":640,"url":"https:\/\/www.bizneo.com\/blog\/wp-content\/uploads\/2022\/03\/reconhecimento-profissional.png","type":"image\/jpeg"}],"author":"Mariana","twitter_card":"summary_large_image","twitter_misc":{"Escrito por":"Mariana","Tiempo de lectura":"6 minutos"},"schema":{"@context":"https:\/\/schema.org","@graph":[{"@type":["Article","BlogPosting"],"@id":"https:\/\/www.bizneo.com\/blog\/pt\/reconhecimento-profissional\/#article","isPartOf":{"@id":"https:\/\/www.bizneo.com\/blog\/pt\/reconhecimento-profissional\/"},"author":{"name":"Mariana","@id":"https:\/\/www.bizneo.com\/blog\/#\/schema\/person\/51f43d1aea1133ed6ec679cc2ef5ae7d"},"headline":"Reconhecimento profissional: import\u00e2ncia e exemplos","datePublished":"2022-03-02T11:20:33+00:00","dateModified":"2026-02-01T16:49:35+00:00","mainEntityOfPage":{"@id":"https:\/\/www.bizneo.com\/blog\/pt\/reconhecimento-profissional\/"},"wordCount":908,"commentCount":0,"publisher":{"@id":"https:\/\/www.bizneo.com\/blog\/#organization"},"image":{"@id":"https:\/\/www.bizneo.com\/blog\/pt\/reconhecimento-profissional\/#primaryimage"},"thumbnailUrl":"https:\/\/www.bizneo.com\/blog\/wp-content\/uploads\/2022\/03\/reconhecimento-profissional.png","articleSection":["Avalia\u00e7\u00e3o de desempenho"],"inLanguage":"es","potentialAction":[{"@type":"CommentAction","name":"Comment","target":["https:\/\/www.bizneo.com\/blog\/pt\/reconhecimento-profissional\/#respond"]}]},{"@type":"WebPage","@id":"https:\/\/www.bizneo.com\/blog\/pt\/reconhecimento-profissional\/","url":"https:\/\/www.bizneo.com\/blog\/pt\/reconhecimento-profissional\/","name":"Reconhecimento profissional: import\u00e2ncia e exemplos","isPartOf":{"@id":"https:\/\/www.bizneo.com\/blog\/#website"},"primaryImageOfPage":{"@id":"https:\/\/www.bizneo.com\/blog\/pt\/reconhecimento-profissional\/#primaryimage"},"image":{"@id":"https:\/\/www.bizneo.com\/blog\/pt\/reconhecimento-profissional\/#primaryimage"},"thumbnailUrl":"https:\/\/www.bizneo.com\/blog\/wp-content\/uploads\/2022\/03\/reconhecimento-profissional.png","datePublished":"2022-03-02T11:20:33+00:00","dateModified":"2026-02-01T16:49:35+00:00","description":"O que \u00e9 o reconhecimento profissional e para que serve? Conhe\u00e7a +20 exemplos de reconhecimento, valoriza\u00e7\u00e3o e incentivos no trabalho.","breadcrumb":{"@id":"https:\/\/www.bizneo.com\/blog\/pt\/reconhecimento-profissional\/#breadcrumb"},"inLanguage":"es","potentialAction":[{"@type":"ReadAction","target":["https:\/\/www.bizneo.com\/blog\/pt\/reconhecimento-profissional\/"]}]},{"@type":"ImageObject","inLanguage":"es","@id":"https:\/\/www.bizneo.com\/blog\/pt\/reconhecimento-profissional\/#primaryimage","url":"https:\/\/www.bizneo.com\/blog\/wp-content\/uploads\/2022\/03\/reconhecimento-profissional.png","contentUrl":"https:\/\/www.bizneo.com\/blog\/wp-content\/uploads\/2022\/03\/reconhecimento-profissional.png","width":1140,"height":640,"caption":"reconhecimento profissional"},{"@type":"BreadcrumbList","@id":"https:\/\/www.bizneo.com\/blog\/pt\/reconhecimento-profissional\/#breadcrumb","itemListElement":[{"@type":"ListItem","position":1,"name":"Portada","item":"https:\/\/www.bizneo.com\/blog\/"},{"@type":"ListItem","position":2,"name":"Gest\u00e3o de Talentos","item":"https:\/\/www.bizneo.com\/blog\/pt\/category\/gestao-de-talentos\/"},{"@type":"ListItem","position":3,"name":"Avalia\u00e7\u00e3o de desempenho","item":"https:\/\/www.bizneo.com\/blog\/pt\/category\/gestao-de-talentos\/avaliacao-de-desempenho\/"},{"@type":"ListItem","position":4,"name":"Reconhecimento profissional: import\u00e2ncia e exemplos"}]},{"@type":"WebSite","@id":"https:\/\/www.bizneo.com\/blog\/#website","url":"https:\/\/www.bizneo.com\/blog\/","name":"Blog de Recursos Humanos de Bizneo HR: pr\u00e1ctico y actual","description":"Todo sobre actualidad, herramientas y tecnolog\u00eda  para optimizar la gesti\u00f3n del talento humano","publisher":{"@id":"https:\/\/www.bizneo.com\/blog\/#organization"},"potentialAction":[{"@type":"SearchAction","target":{"@type":"EntryPoint","urlTemplate":"https:\/\/www.bizneo.com\/blog\/?s={search_term_string}"},"query-input":{"@type":"PropertyValueSpecification","valueRequired":true,"valueName":"search_term_string"}}],"inLanguage":"es"},{"@type":"Organization","@id":"https:\/\/www.bizneo.com\/blog\/#organization","name":"Bizneo HR","url":"https:\/\/www.bizneo.com\/blog\/","logo":{"@type":"ImageObject","inLanguage":"es","@id":"https:\/\/www.bizneo.com\/blog\/#\/schema\/logo\/image\/","url":"https:\/\/www.bizneo.com\/blog\/wp-content\/uploads\/2020\/09\/Icono-Logo-Bizneo-HR.png","contentUrl":"https:\/\/www.bizneo.com\/blog\/wp-content\/uploads\/2020\/09\/Icono-Logo-Bizneo-HR.png","width":834,"height":834,"caption":"Bizneo HR"},"image":{"@id":"https:\/\/www.bizneo.com\/blog\/#\/schema\/logo\/image\/"}},{"@type":"Person","@id":"https:\/\/www.bizneo.com\/blog\/#\/schema\/person\/51f43d1aea1133ed6ec679cc2ef5ae7d","name":"Mariana","image":{"@type":"ImageObject","inLanguage":"es","@id":"https:\/\/secure.gravatar.com\/avatar\/ef4d4bb38255c7f2bfb5958bd7539c0e1f95adfcc0fcaa2ccde50cb0d06bd4d8?s=96&d=mm&r=g","url":"https:\/\/secure.gravatar.com\/avatar\/ef4d4bb38255c7f2bfb5958bd7539c0e1f95adfcc0fcaa2ccde50cb0d06bd4d8?s=96&d=mm&r=g","contentUrl":"https:\/\/secure.gravatar.com\/avatar\/ef4d4bb38255c7f2bfb5958bd7539c0e1f95adfcc0fcaa2ccde50cb0d06bd4d8?s=96&d=mm&r=g","caption":"Mariana"},"url":"https:\/\/www.bizneo.com\/blog\/author\/mariana\/"}]}},"spectra_custom_meta":{"onesignal_meta_box_present":["1"],"onesignal_send_notification":[""],"onesignal_modify_title_and_content":[""],"onesignal_notification_custom_heading":[null],"onesignal_notification_custom_content":[null],"response_body":["{\"id\":\"e9137f1b-99ab-4fcc-81f0-a5e1d0681ffb\",\"recipients\":4973,\"external_id\":\"bf207ceb-5628-f1da-7fb0-5272fffda48c\",\"warnings\":[\"You must configure iOS notifications in your OneSignal settings if you wish to send messages to iOS users.\",\"You must configure Android notifications in your OneSignal settings if you wish to send messages to Android users.\"]}"],"status":["200"],"recipients":["4973"],"Views":["11694"],"wp_review_type":["none"],"_thumbnail_id":["32219"],"_yoast_wpseo_title":["Reconhecimento profissional: import\u00e2ncia e exemplos"],"_yoast_wpseo_metadesc":["O que \u00e9 o reconhecimento profissional e para que serve? Conhe\u00e7a +20 exemplos de reconhecimento, valoriza\u00e7\u00e3o e incentivos no trabalho."],"_yoast_wpseo_focuskw":["reconhecimento profissional"],"_yoast_wpseo_primary_category":["203"],"_edit_lock":["1769964723:47"],"_edit_last":["47"],"_at_widget":["1"],"_vce_meta":["a:4:{s:11:\"use_sidebar\";s:7:\"inherit\";s:7:\"sidebar\";s:7:\"inherit\";s:14:\"sticky_sidebar\";s:7:\"inherit\";s:6:\"layout\";s:7:\"inherit\";}"],"_yoast_wpseo_linkdex":["93"],"_yoast_wpseo_content_score":["90"],"_yoast_wpseo_estimated-reading-time-minutes":["6"],"_yoast_wpseo_wordproof_timestamp":[""],"_uag_css_file_name":["uag-css-32059.css"],"_uag_page_assets":["a:9:{s:3:\"css\";s:263:\".uag-blocks-common-selector{z-index:var(--z-index-desktop) !important}@media (max-width: 976px){.uag-blocks-common-selector{z-index:var(--z-index-tablet) !important}}@media (max-width: 767px){.uag-blocks-common-selector{z-index:var(--z-index-mobile) !important}}\n\";s:2:\"js\";s:0:\"\";s:18:\"current_block_list\";a:8:{i:0;s:14:\"core\/paragraph\";i:1;s:12:\"core\/heading\";i:2;s:10:\"core\/image\";i:3;s:9:\"core\/html\";i:4;s:9:\"core\/list\";i:5;s:14:\"core\/list-item\";i:6;s:12:\"core\/details\";i:7;s:14:\"core\/shortcode\";}s:8:\"uag_flag\";b:0;s:11:\"uag_version\";s:10:\"1777374828\";s:6:\"gfonts\";a:0:{}s:10:\"gfonts_url\";s:0:\"\";s:12:\"gfonts_files\";a:0:{}s:14:\"uag_faq_layout\";b:0;}"]},"uagb_featured_image_src":{"full":["https:\/\/www.bizneo.com\/blog\/wp-content\/uploads\/2022\/03\/reconhecimento-profissional.png",1140,640,false],"thumbnail":["https:\/\/www.bizneo.com\/blog\/wp-content\/uploads\/2022\/03\/reconhecimento-profissional-150x150.png",150,150,true],"medium":["https:\/\/www.bizneo.com\/blog\/wp-content\/uploads\/2022\/03\/reconhecimento-profissional-300x168.png",300,168,true],"medium_large":["https:\/\/www.bizneo.com\/blog\/wp-content\/uploads\/2022\/03\/reconhecimento-profissional-768x431.png",768,431,true],"large":["https:\/\/www.bizneo.com\/blog\/wp-content\/uploads\/2022\/03\/reconhecimento-profissional-1024x575.png",1024,575,true],"1536x1536":["https:\/\/www.bizneo.com\/blog\/wp-content\/uploads\/2022\/03\/reconhecimento-profissional.png",1140,640,false],"2048x2048":["https:\/\/www.bizneo.com\/blog\/wp-content\/uploads\/2022\/03\/reconhecimento-profissional.png",1140,640,false]},"uagb_author_info":{"display_name":"Mariana","author_link":"https:\/\/www.bizneo.com\/blog\/author\/mariana\/"},"uagb_comment_info":0,"uagb_excerpt":"Ser um bom profissional implica, entre outras coisas, que os funcion\u00e1rios estejam cientes de quais s\u00e3o seus deveres, independentemente das recompensas que adv\u00eam do seu cumprimento. Uma boa estrat\u00e9gia de reconhecimento profissional por parte da empresa pode ajud\u00e1-los a aumentar sua produtividade.","_links":{"self":[{"href":"https:\/\/www.bizneo.com\/blog\/wp-json\/wp\/v2\/posts\/32059","targetHints":{"allow":["GET"]}}],"collection":[{"href":"https:\/\/www.bizneo.com\/blog\/wp-json\/wp\/v2\/posts"}],"about":[{"href":"https:\/\/www.bizneo.com\/blog\/wp-json\/wp\/v2\/types\/post"}],"author":[{"embeddable":true,"href":"https:\/\/www.bizneo.com\/blog\/wp-json\/wp\/v2\/users\/26"}],"replies":[{"embeddable":true,"href":"https:\/\/www.bizneo.com\/blog\/wp-json\/wp\/v2\/comments?post=32059"}],"version-history":[{"count":23,"href":"https:\/\/www.bizneo.com\/blog\/wp-json\/wp\/v2\/posts\/32059\/revisions"}],"predecessor-version":[{"id":59349,"href":"https:\/\/www.bizneo.com\/blog\/wp-json\/wp\/v2\/posts\/32059\/revisions\/59349"}],"wp:featuredmedia":[{"embeddable":true,"href":"https:\/\/www.bizneo.com\/blog\/wp-json\/wp\/v2\/media\/32219"}],"wp:attachment":[{"href":"https:\/\/www.bizneo.com\/blog\/wp-json\/wp\/v2\/media?parent=32059"}],"wp:term":[{"taxonomy":"category","embeddable":true,"href":"https:\/\/www.bizneo.com\/blog\/wp-json\/wp\/v2\/categories?post=32059"},{"taxonomy":"post_tag","embeddable":true,"href":"https:\/\/www.bizneo.com\/blog\/wp-json\/wp\/v2\/tags?post=32059"}],"curies":[{"name":"wp","href":"https:\/\/api.w.org\/{rel}","templated":true}]}}