{"id":29417,"date":"2022-02-03T14:12:12","date_gmt":"2022-02-03T13:12:12","guid":{"rendered":"https:\/\/www.bizneo.com\/blog\/?p=29417"},"modified":"2026-02-01T17:52:04","modified_gmt":"2026-02-01T16:52:04","slug":"competences-professionnelles","status":"publish","type":"post","link":"https:\/\/www.bizneo.com\/blog\/fr\/competences-professionnelles\/","title":{"rendered":"Comp\u00e9tences professionnelles | Les 7 plus recherch\u00e9es"},"content":{"rendered":"\n<p>Dans tout <a href=\"https:\/\/www.bizneo.com\/blog\/fr\/processus-de-recrutement\/\" target=\"_blank\" rel=\"noreferrer noopener\" data-wpel-link=\"internal\">processus de recrutement du personnel<\/a>, on \u00e9value la comp\u00e9tence du candidat. Cet aspect fondamental pour leur d\u00e9veloppement ne se r\u00e9f\u00e8re pas seulement \u00e0 sa comp\u00e9tence cv professionnelle et technique. Mais quelles sont ces diff\u00e9rents types de <strong>comp\u00e9tences professionnelles <\/strong>recherch\u00e9es ?<\/p>\n\n\n\n<h2 class=\"wp-block-heading\" id=\"qu-est-ce-que-la-competence-professionnelle\">Qu&#8217;est-ce que la comp\u00e9tence professionnelle ?<\/h2>\n\n\n\n<p>Par comp\u00e9tence CV, on entend les <strong>connaissances et les <a href=\"https:\/\/www.bizneo.com\/blog\/fr\/aptitudes-professionnelles\/\" data-wpel-link=\"internal\" target=\"_blank\">aptitudes<\/a> qu&#8217;une personne poss\u00e8de pour mener \u00e0 bien les missions confi\u00e9es<\/strong> par son entreprise. Cette comp\u00e9tence englobent les connaissances acquises, les aptitudes et les attitudes du collaborateur.&nbsp;Aussi, lorsqu\u2019on parle de comp\u00e9tences professionnelles, on se r\u00e9f\u00e8re \u00e0 un niveau diff\u00e9rent que celui des comp\u00e9tences purement techniques. Concr\u00e8tement, il s\u2019agit plut\u00f4t de la <strong>capacit\u00e9 de la personne \u00e0 effectuer ses t\u00e2ches<\/strong>.<\/p>\n\n\n\n<p>En d&#8217;autres termes, une personne qui a appris l&#8217;\u00e9criture cr\u00e9ative poss\u00e8de la technique, mais peut ne pas avoir la capacit\u00e9 de l&#8217;ex\u00e9cuter dans un emploi. Par cons\u00e9quent, on parle de comp\u00e9tence lorsque l\u2019<strong>on sait comment faire quelque chose et comment l&#8217;ex\u00e9cuter.<\/strong><\/p>\n\n\n\n<figure class=\"wp-block-image size-large\"><a href=\"\/fr\/gestion-des-competences-gpec\/\" data-wpel-link=\"internal\" target=\"_blank\"><img decoding=\"async\" width=\"1024\" height=\"783\" src=\"https:\/\/www.bizneo.com\/blog\/wp-content\/uploads\/2021\/09\/Evaluation-gestion-par-competence-1024x783.webp\" alt=\"Gestion des Compe\u0301tences\" class=\"wp-image-25395\" srcset=\"https:\/\/www.bizneo.com\/blog\/wp-content\/uploads\/2021\/09\/Evaluation-gestion-par-competence-1024x783.webp 1024w, https:\/\/www.bizneo.com\/blog\/wp-content\/uploads\/2021\/09\/Evaluation-gestion-par-competence-300x229.webp 300w, https:\/\/www.bizneo.com\/blog\/wp-content\/uploads\/2021\/09\/Evaluation-gestion-par-competence-768x587.webp 768w, https:\/\/www.bizneo.com\/blog\/wp-content\/uploads\/2021\/09\/Evaluation-gestion-par-competence-810x619.webp 810w, https:\/\/www.bizneo.com\/blog\/wp-content\/uploads\/2021\/09\/Evaluation-gestion-par-competence-1140x872.webp 1140w, https:\/\/www.bizneo.com\/blog\/wp-content\/uploads\/2021\/09\/Evaluation-gestion-par-competence.webp 1500w\" sizes=\"(max-width: 1024px) 100vw, 1024px\" \/><\/a><\/figure>\n\n\n\n<p>La technologie des <a href=\"\/fr\/\" data-wpel-link=\"internal\" target=\"_blank\">logiciels RH<\/a> est fondamentale pour capter et mesurer le talent dans les entreprises. <strong>La transformation num\u00e9rique aujourd&#8217;hui n&#8217;est plus un pari sur l&#8217;avenir,<\/strong> c&#8217;est une obligation pour ne pas perdre en comp\u00e9titivit\u00e9 sur le march\u00e9.<\/p>\n\n\n\n<bzn-info><a href=\"\/blog\/fr\/gpec\/\" id=\"destacado-post\" target=\"_blank\" rel=\"noopener noreferrer\" data-wpel-link=\"internal\"><span class=\"bzn-link-title\"><strong>Qu\u2019est-ce que la GPEC? | Guide complet<\/strong><\/span> <br>Tout sur Gestion Pr\u00e9visionnelle des Emplois et des Comp\u00e9tences<\/br><\/a><\/bzn-info>\n\n\n\n<p><\/p>\n\n\n\n<h2 class=\"wp-block-heading\" id=\"les-differents-types-de-competences-professionnelles\">Les diff\u00e9rents types de comp\u00e9tences&nbsp;professionnelles<\/h2>\n\n\n\n<p>Elles se classent en trois groupes principaux :<strong> comp\u00e9tence de base, les g\u00e9n\u00e9riques et les sp\u00e9cifiques.<\/strong><\/p>\n\n\n\n<p>Cette diff\u00e9renciation est essentielle au moment du choix du candidat lors du <a href=\"https:\/\/www.bizneo.com\/blog\/fr\/recrutement-et-selection\/\" data-wpel-link=\"internal\" target=\"_blank\">recrutement et s\u00e9lection<\/a> par le d\u00e9partement RH.<\/p>\n\n\n\n<h3 class=\"wp-block-heading\" id=\"la-competence-cv-basique\">La comp\u00e9tence CV basique<\/h3>\n\n\n\n<p>Par comp\u00e9tences basiques, on entend celles qu\u2019une personne doit avoir acquis via <strong>le syst\u00e8me scolaire obligatoire<\/strong>. <\/p>\n\n\n\n<h4 class=\"wp-block-heading\" id=\"types-de-competences-cv-basiques\">Types de comp\u00e9tences CV basiques<\/h4>\n\n\n\n<p>Elles sont divis\u00e9es en deux groupes:<\/p>\n\n\n\n<ul class=\"wp-block-list\">\n<li><strong>Comp\u00e9tences personnelles <\/strong>: celles qui sont acquises dans le cadre de l&#8217;enseignement obligatoire: lecture, \u00e9criture, math\u00e9matiques, connaissances g\u00e9n\u00e9rales.<\/li>\n\n\n\n<li><strong>Comp\u00e9tences sociales<\/strong> : Conna\u00eetre certaines r\u00e8gles de conduite de base ou de normes sociales.<\/li>\n<\/ul>\n\n\n\n<p>Il n&#8217;est pas n\u00e9cessaire de les approfondir, sauf pour les personnes \u00e9trang\u00e8res qui poss\u00e8dent certes<strong> les connaissances acquises dans leur pays d\u2019origine<\/strong>, mais qui ont besoin de se mettre au niveau dans leur pays d&#8217;accueil.<\/p>\n\n\n\n<p>Ces comp\u00e9tences professionnelles basiques <strong>peuvent \u00eatre d\u00e9velopp\u00e9es par tout le monde<\/strong>, et ce quelque soit l\u2019origine, la condition physique ou \u00e9conomique. Elles ne peuvent \u00eatre en aucun cas motif de discrimination, car tout le monde peut les d\u00e9velopper.<\/p>\n\n\n\n<bzn-down><a href=\"https:\/\/hello.bizneo.com\/template\/gestion-des-competences\/?utm_content=post-destacado\" id=\"destacado-wc-descarga\" target=\"_blank\" rel=\"noopener noreferrer\" data-wpel-link=\"internal\"><span class=\"bzn-link-title\">T\u00e9l\u00e9chargement GRATUIT: Mod\u00e8le de gestion des comp\u00e9tences<\/span>Appliquez jusqu&#8217;\u00e0 8 crit\u00e8res d&#8217;\u00e9valuation.<\/a><\/bzn-down>\n\n\n\n<p><\/p>\n\n\n\n<h3 class=\"wp-block-heading\" id=\"la-competence-cv-generique\">La comp\u00e9tence cv g\u00e9n\u00e9rique<\/h3>\n\n\n\n<p>Les comp\u00e9tences g\u00e9n\u00e9riques sont aussi appel\u00e9es <strong>comp\u00e9tences transversales<\/strong>.&nbsp;<\/p>\n\n\n\n<p>Elles font r\u00e9f\u00e9rences aux <strong>comp\u00e9tences g\u00e9n\u00e9rales demand\u00e9es pour n\u2019importe quel type d&#8217;emploi<\/strong> sans tenir compte des aspects sp\u00e9cifiques qui caract\u00e9risent chaque emploi. L&#8217;intelligence \u00e9motionnelle ou la pens\u00e9e cr\u00e9ative sont des exemples de comp\u00e9tences g\u00e9n\u00e9riques, qui sont communes \u00e0 plusieurs emplois, m\u00eame si elles prennent des formes diff\u00e9rentes selon l&#8217;entreprise ou l&#8217;emploi sp\u00e9cifique dans lequel elles sont d\u00e9velopp\u00e9es.<\/p>\n\n\n\n<p>Parmi la liste de comp\u00e9tences professionnelles g\u00e9n\u00e9riques ou transversales qui sont souvent importantes sur le lieu de travail, on peut citer : l\u2019apprentissage tout au long de la vie, le travail en \u00e9quipe, l\u2019orientation r\u00e9sultat, la gestion, la planification, la r\u00e9solution de probl\u00e8mes, la communication, l\u2019adaptabilit\u00e9,<strong> la proactivit\u00e9, la cr\u00e9ativit\u00e9, ou encore l\u2019intelligence \u00e9motionnelle.<\/strong><\/p>\n\n\n\n<p>Il est important de souligner que les comp\u00e9tences professionnelles g\u00e9n\u00e9riques diff\u00e8rent des comp\u00e9tences basiques, car <strong>certaines personnes ont des comp\u00e9tences transversales que d&#8217;autres n&#8217;ont pas<\/strong>. En revanche, les <strong>comp\u00e9tences basiques devraient \u00eatre universelles<\/strong>.<\/p>\n\n\n\n<p>Les comp\u00e9tences transversales <strong>sont essentielles pour tout type d&#8217;emploi,<\/strong> et surtout pour le <a href=\"https:\/\/www.bizneo.com\/blog\/fr\/ressources-humaines\/\" target=\"_blank\" rel=\"noreferrer noopener\" data-wpel-link=\"internal\">d\u00e9partement RH<\/a>. En effet, dans le cas d\u2019une culture organisationnelle tr\u00e8s cr\u00e9ative, cette comp\u00e9tence professionnelle devrait \u00eatre poss\u00e9d\u00e9e par tous les collaborateurs.<\/p>\n\n\n\n<p>Mais attention, les comp\u00e9tences professionnelles transversales <strong>ne sont pas forc\u00e9ment inn\u00e9es <\/strong>: elles peuvent presque toutes \u00eatre apprises et renforc\u00e9es par un travail assidu et par des plans de formation sp\u00e9cifiques.<\/p>\n\n\n\n<figure class=\"wp-block-image size-large\"><a href=\"https:\/\/hello.bizneo.com\/template\/7-erreurs-recrutement\/?utm_content=post-banner\" data-wpel-link=\"internal\" target=\"_blank\"><img decoding=\"async\" width=\"1024\" height=\"154\" src=\"https:\/\/www.bizneo.com\/blog\/wp-content\/uploads\/2022\/05\/Erreurs-processus-recrutement-1024x154.jpg\" alt=\"7 erreurs communes de recrutement \" class=\"wp-image-34177\" srcset=\"https:\/\/www.bizneo.com\/blog\/wp-content\/uploads\/2022\/05\/Erreurs-processus-recrutement-1024x154.jpg 1024w, https:\/\/www.bizneo.com\/blog\/wp-content\/uploads\/2022\/05\/Erreurs-processus-recrutement-300x45.jpg 300w, https:\/\/www.bizneo.com\/blog\/wp-content\/uploads\/2022\/05\/Erreurs-processus-recrutement-768x115.jpg 768w, https:\/\/www.bizneo.com\/blog\/wp-content\/uploads\/2022\/05\/Erreurs-processus-recrutement-810x122.jpg 810w, https:\/\/www.bizneo.com\/blog\/wp-content\/uploads\/2022\/05\/Erreurs-processus-recrutement-1140x171.jpg 1140w, https:\/\/www.bizneo.com\/blog\/wp-content\/uploads\/2022\/05\/Erreurs-processus-recrutement.jpg 1360w\" sizes=\"(max-width: 1024px) 100vw, 1024px\" \/><\/a><\/figure>\n\n\n\n<h3 class=\"wp-block-heading\" id=\"types-de-competences-professionnelles-competences-specifiques\">Types de comp\u00e9tences professionnelles : comp\u00e9tences sp\u00e9cifiques<\/h3>\n\n\n\n<p>Les comp\u00e9tences sp\u00e9cifiques sont celles<strong> qui se r\u00e9f\u00e8rent \u00e0 une profession particuli\u00e8re<\/strong>. Par exemple, le travail d&#8217;un vendeur requiert de l&#8217;intelligence \u00e9motionnelle et, plus pr\u00e9cis\u00e9ment, cela se traduit par la comp\u00e9tence consistant \u00e0 traiter avec les clients.<\/p>\n\n\n\n<p>Afin de parvenir \u00e0 une s\u00e9lection de talents diff\u00e9rentiels bas\u00e9e <a href=\"https:\/\/www.bizneo.com\/blog\/fr\/evaluation-des-competences\/\" data-wpel-link=\"internal\" target=\"_blank\">l&#8217;\u00e9valuation des comp\u00e9tences<\/a>, <strong>les entreprises peuvent s&#8217;appuyer sur la technologie<\/strong>. Les <a href=\"\/fr\/logiciel-de-recrutement\/\" data-wpel-link=\"internal\" target=\"_blank\">logiciels de recrutement<\/a> permettent de publier des offres <strong>sur plus de 200 portails d&#8217;emploi <\/strong>et de trier les candidats <strong>en fonction des comp\u00e9tences requises pour le poste \u00e0 pourvoir.<\/strong><\/p>\n\n\n\n<p><strong>Aussi, gr\u00e2ce aux syst\u00e8mes automatis\u00e9s, le recruteur peut utiliser <\/strong>les \u00abkiller questions\u00bb, pour exclure des candidats, et les filtres et recherches avanc\u00e9s pour la s\u00e9lection des CV.<strong> Des tableaux de bord scorecards indiquent les candidats avec les meilleures comp\u00e9tences pour la phase d&#8217;entretien.<\/strong><\/p>\n\n\n\n<figure class=\"wp-block-image size-full\"><a href=\"\/fr\/logiciel-de-recrutement\/\" data-wpel-link=\"internal\" target=\"_blank\"><img decoding=\"async\" width=\"1024\" height=\"748\" src=\"https:\/\/www.bizneo.com\/blog\/wp-content\/uploads\/2021\/10\/scorecards-recrutement.png\" alt=\"technologie des scorecards\" class=\"wp-image-27705\" srcset=\"https:\/\/www.bizneo.com\/blog\/wp-content\/uploads\/2021\/10\/scorecards-recrutement.png 1024w, https:\/\/www.bizneo.com\/blog\/wp-content\/uploads\/2021\/10\/scorecards-recrutement-300x219.png 300w, https:\/\/www.bizneo.com\/blog\/wp-content\/uploads\/2021\/10\/scorecards-recrutement-768x561.png 768w, https:\/\/www.bizneo.com\/blog\/wp-content\/uploads\/2021\/10\/scorecards-recrutement-810x592.png 810w\" sizes=\"(max-width: 1024px) 100vw, 1024px\" \/><\/a><\/figure>\n\n\n\n<p>Le syst\u00e8me vous permet \u00e9galement d<strong>&#8216;inclure des tests de s\u00e9lection<\/strong> afin de d\u00e9terminer pr\u00e9cis\u00e9ment si le candidat poss\u00e8de ou non les comp\u00e9tences n\u00e9cessaires. Il permet de r\u00e9aliser des tests psychom\u00e9triques, de personnalit\u00e9, d&#8217;adaptation au poste ou d\u2019autres enti\u00e8rement personnalis\u00e9s.<\/p>\n\n\n\n<figure class=\"wp-block-image size-full\"><a href=\"\/fr\/logiciel-de-recrutement\/\" data-wpel-link=\"internal\" target=\"_blank\"><img decoding=\"async\" width=\"1500\" height=\"1051\" src=\"https:\/\/www.bizneo.com\/blog\/wp-content\/uploads\/2021\/09\/Tests-psychometriques-de-recrutement.webp\" alt=\"\u00c9valuation psychom\u00e9triques de Recrutement\" class=\"wp-image-26221\" srcset=\"https:\/\/www.bizneo.com\/blog\/wp-content\/uploads\/2021\/09\/Tests-psychometriques-de-recrutement.webp 1500w, https:\/\/www.bizneo.com\/blog\/wp-content\/uploads\/2021\/09\/Tests-psychometriques-de-recrutement-300x210.webp 300w, https:\/\/www.bizneo.com\/blog\/wp-content\/uploads\/2021\/09\/Tests-psychometriques-de-recrutement-1024x717.webp 1024w, https:\/\/www.bizneo.com\/blog\/wp-content\/uploads\/2021\/09\/Tests-psychometriques-de-recrutement-768x538.webp 768w, https:\/\/www.bizneo.com\/blog\/wp-content\/uploads\/2021\/09\/Tests-psychometriques-de-recrutement-810x568.webp 810w, https:\/\/www.bizneo.com\/blog\/wp-content\/uploads\/2021\/09\/Tests-psychometriques-de-recrutement-1140x799.webp 1140w\" sizes=\"(max-width: 1500px) 100vw, 1500px\" \/><\/a><\/figure>\n\n\n\n<p>Apr\u00e8s le test, vous verrez facilement les r\u00e9sultats par rapport aux <a href=\"https:\/\/www.edflex.com\/blog\/competences-techniques\" data-wpel-link=\"external\" target=\"_blank\" rel=\"noopener\">comp\u00e9tences techniques<\/a> exig\u00e9es pour le poste. <\/p>\n\n\n\n<figure class=\"wp-block-image size-full\"><a href=\"\/fr\/logiciel-de-recrutement\/\" data-wpel-link=\"internal\" target=\"_blank\"><img decoding=\"async\" src=\"https:\/\/www.bizneo.com\/blog\/wp-content\/uploads\/2024\/10\/Test-de-competences.png\" alt=\"Test de Comp\u00e9tences \" class=\"wp-image-27699\"\/><\/a><\/figure>\n\n\n\n<p>Ces r\u00e9sultats sont organis\u00e9s par ordre en fonction de son ad\u00e9quation aux crit\u00e8res demand\u00e9s. En d&#8217;autres termes, l<strong>es candidats qui ne r\u00e9pondent pas aux exigences seront exclus.<\/strong><\/p>\n\n\n\n<bzn-link><a href=\"\/fr\/logiciel-de-recrutement\/\" id=\"destacado-ats\" target=\"_blank\" rel=\"noopener noreferrer\" data-wpel-link=\"internal\"><span class=\"bzn-note-title\">D\u00e9finissez les comp\u00e9tences recherch\u00e9es, \u00e9valuez-les et consultez les r\u00e9sultats&#8230;<\/span><strong><br>gr\u00e2ce aux scorecards<\/strong><\/a><\/br><\/bzn-link>\n\n\n\n<p><\/p>\n\n\n\n<h2 class=\"wp-block-heading\" id=\"la-competence-cv-la-plus-demandee\">La comp\u00e9tence CV la plus demand\u00e9e<\/h2>\n\n\n\n<p>Il est int\u00e9ressant de noter que la plupart de ces comp\u00e9tences ont trait \u00e0 l&#8217;attitude. Car, <a href=\"https:\/\/www.bizneo.com\/blog\/fr\/qualites-professionnelles\/\" data-wpel-link=\"internal\" target=\"_blank\">les qualit\u00e9s<\/a> peut \u00eatre modifi\u00e9e par un <a href=\"https:\/\/www.bizneo.com\/blog\/fr\/plan-de-formation\/\" target=\"_blank\" rel=\"noreferrer noopener\" data-wpel-link=\"internal\">plan de formation<\/a>, mais pas l&#8217;attitude.<\/p>\n\n\n\n<h3 class=\"wp-block-heading\" id=\"savoir-travailler-en-equipe\">Savoir travailler en \u00e9quipe<\/h3>\n\n\n\n<p>Savoir travailler en \u00e9quipe est l&#8217;une des comp\u00e9tences professionnelles les plus appr\u00e9ci\u00e9es. Si la personne a la capacit\u00e9 d&#8217;interagir correctement avec son \u00e9quipe, d&#8217;en tirer le meilleur parti et de s&#8217;adapter \u00e0 ses diff\u00e9rents membres, l<strong>e travail sera plus fructueux.<\/strong><\/p>\n\n\n\n<p>Pour y parvenir, il est important de savoir d\u00e9l\u00e9guer, de reconna\u00eetre le travail des autres et de faire preuve d&#8217;empathie \u00e0 leur \u00e9gard. Il est essentiel de parvenir \u00e0 des compromis, de dialoguer, de g\u00e9n\u00e9rer des conversations qui<strong> favorisent la r\u00e9solution des conflits, etc.<\/strong><\/p>\n\n\n\n<h3 class=\"wp-block-heading\" id=\"prendre-des-initiatives\">Prendre des initiatives<\/h3>\n\n\n\n<p>L&#8217;esprit d&#8217;initiative est l&#8217;une des comp\u00e9tences professionnelles qui est <strong>directement li\u00e9e \u00e0 la passion et \u00e0 la motivation<\/strong>. \u00catre cr\u00e9atif, capable d&#8217;innover et de communiquer, est un trait de caract\u00e8re tr\u00e8s pr\u00e9cieux pour toute organisation. Mieux encore, elle augmente la productivit\u00e9.<\/p>\n\n\n\n<p>Toutefois, pour encourager ce type d&#8217;initiative, l&#8217;entreprise elle-m\u00eame doit garantir un environnement et<strong> des canaux appropri\u00e9s<\/strong>.<\/p>\n\n\n\n<div id=\"cbox-2DzpxQBJtukwtO41\"><\/div>\n\n\n\n<p><\/p>\n\n\n\n<p><\/p>\n\n\n\n<h3 class=\"wp-block-heading\" id=\"savoir-prendre-des-decisions\">Savoir prendre des d\u00e9cisions<\/h3>\n\n\n\n<p>Un collaborateur comp\u00e9tent doit \u00e9galement \u00eatre capable de prendre des d\u00e9cisions rapidement, sans parti pris, et dans les meilleurs d\u00e9lais. Cela est particuli\u00e8rement n\u00e9cessaire pour les postes \u00e0 responsabilit\u00e9s. Ceci est \u00e9galement associ\u00e9 \u00e0 l&#8217;organisation et \u00e0 la capacit\u00e9 de structurer le travail de la personne.<\/p>\n\n\n\n<figure class=\"wp-block-image size-large\"><a href=\"https:\/\/hello.bizneo.com\/kit\/evaluations\/?utm_content=post-KIT-Talento\" data-wpel-link=\"internal\" target=\"_blank\"><img decoding=\"async\" width=\"1024\" height=\"307\" src=\"https:\/\/www.bizneo.com\/blog\/wp-content\/uploads\/2025\/01\/Kit-talent-1024x307.png\" alt=\"Kit \u00e9valuation des talents et des performances\" class=\"wp-image-52108\" srcset=\"https:\/\/www.bizneo.com\/blog\/wp-content\/uploads\/2025\/01\/Kit-talent-1024x307.png 1024w, https:\/\/www.bizneo.com\/blog\/wp-content\/uploads\/2025\/01\/Kit-talent-300x90.png 300w, https:\/\/www.bizneo.com\/blog\/wp-content\/uploads\/2025\/01\/Kit-talent-768x230.png 768w, https:\/\/www.bizneo.com\/blog\/wp-content\/uploads\/2025\/01\/Kit-talent-810x243.png 810w, https:\/\/www.bizneo.com\/blog\/wp-content\/uploads\/2025\/01\/Kit-talent-1140x342.png 1140w, https:\/\/www.bizneo.com\/blog\/wp-content\/uploads\/2025\/01\/Kit-talent.png 1360w\" sizes=\"(max-width: 1024px) 100vw, 1024px\" \/><\/a><\/figure>\n\n\n\n<h3 class=\"wp-block-heading\" id=\"capacite-d-apprentissage\">Capacit\u00e9 d&#8217;apprentissage<\/h3>\n\n\n\n<p>Comme nous l&#8217;avons dit, l&#8217;aptitude est apprise, l&#8217;attitude ne l&#8217;est pas. N\u00e9anmoins,<strong> il est essentiel que le collaborateur sache comment apprendre<\/strong>, c&#8217;est-\u00e0-dire comment acqu\u00e9rir efficacement de nouvelles connaissances. En outre, nous devons garder \u00e0 l&#8217;esprit que la <a href=\"https:\/\/www.bizneo.com\/blog\/fr\/formation-du-personnel\/\" data-wpel-link=\"internal\" target=\"_blank\">formation des salari\u00e9s<\/a> est essentielle pour encourager les talents internes, la croissance et la motivation.<\/p>\n\n\n\n<p>Donc, pour les encourager \u00e0 continuer \u00e0 apprendre, nous pouvons mettre en place des politiques de croissance interne, des plans de carri\u00e8re, des primes, etc.<\/p>\n\n\n\n<h3 class=\"wp-block-heading\" id=\"flexibilite-et-capacite-d-adaptation-au-changement\">Flexibilit\u00e9 et capacit\u00e9 d&#8217;adaptation au changement<\/h3>\n\n\n\n<p>Une autre des comp\u00e9tences professionnelles cv les plus appr\u00e9ci\u00e9es est la flexibilit\u00e9 et la capacit\u00e9 d&#8217;adaptation au changement. Les entreprises se d\u00e9veloppent, changent, \u00e9voluent et sont oblig\u00e9es de s&#8217;adapter. Les salari\u00e9s doivent donc eux aussi s&#8217;adapter. De surcro\u00eet, si un employ\u00e9 est pr\u00eat \u00e0 <strong>sortir de sa zone de confort<\/strong>, il apprendra davantage et se perfectionnera davantage. C&#8217;est une excellente attitude pour s&#8217;am\u00e9liorer.<\/p>\n\n\n\n<bzn-note><a href=\"\/blog\/fr\/recrutement-par-competences\/\" id=\"destacado-post\" target=\"_blank\" rel=\"noopener noreferrer\" data-wpel-link=\"internal\"><span class=\"bzn-note-title\"><strong>Recrutement et s\u00e9lection bas\u00e9 sur les comp\u00e9tences<\/strong> <\/span><br>4 phases pour la mettre en \u0153uvre<\/a><br><\/bzn-note>\n\n\n\n<p><\/p>\n\n\n\n<h3 class=\"wp-block-heading\" id=\"communiquer-efficacement\">Communiquer efficacement<\/h3>\n\n\n\n<p>Un bon candidat doit savoir comment transmettre ses id\u00e9es et les faire passer aux bonnes personnes <strong>de la mani\u00e8re la plus assertive et objective possible<\/strong>. Surtout en cas de responsabilit\u00e9 comme celle de chef d&#8217;\u00e9quipe.<\/p>\n\n\n\n<p>Il s&#8217;agit de disposer des outils de communication n\u00e9cessaires pour pouvoir mettre en \u0153uvre des plans d&#8217;action et des strat\u00e9gies de mani\u00e8re efficace, <strong>avec toutes les parties concern\u00e9es.<\/strong><\/p>\n\n\n\n<p>Cette communication implique, bien entendu, une \u00e9coute active. C&#8217;est tr\u00e8s positif lorsqu&#8217;il s&#8217;agit de recevoir <strong>un feedback de la part des autres d\u00e9partement<\/strong>s, des collaborateurs, des membres de la direction, etc.<\/p>\n\n\n\n<h3 class=\"wp-block-heading\" id=\"responsabilite\">Responsabilit\u00e9<\/h3>\n\n\n\n<p>Ind\u00e9pendamment de la position du salari\u00e9 et de sa responsabilit\u00e9, <strong>cette comp\u00e9tence cv est tr\u00e8s appr\u00e9ci\u00e9e par les entreprises.<\/strong><\/p>\n\n\n\n<p>Par l\u00e0 on entend le respect de r\u00e8gles simples comme celle du respect des horaires de travail, de la s\u00e9curit\u00e9, etc. Ce sont des questions qui, bien qu&#8217;elles semblent \u00e9videntes, doivent \u00eatre prises en compte.<\/p>\n\n\n\n<p>Mais si l&#8217;on va plus loin, il s&#8217;agit aussi de <strong>la responsabilit\u00e9 du collaborateur envers l&#8217;entreprise au sens large<\/strong>. En termes de non-divulgation de certaines informations, d&#8217;engagement envers l&#8217;entreprise, de cr\u00e9ation d&#8217;une image de marque, etc.<\/p>\n\n\n\n<figure class=\"wp-block-image size-large\"><a href=\"\/fr\/gestion-des-competences-gpec\/\" data-wpel-link=\"internal\" target=\"_blank\"><img decoding=\"async\" width=\"1024\" height=\"757\" src=\"https:\/\/www.bizneo.com\/blog\/wp-content\/uploads\/2023\/08\/evaluations-par-objectif-1024x757.webp\" alt=\"Evaluation des performances par objectifs\" class=\"wp-image-41515\" srcset=\"https:\/\/www.bizneo.com\/blog\/wp-content\/uploads\/2023\/08\/evaluations-par-objectif-1024x757.webp 1024w, https:\/\/www.bizneo.com\/blog\/wp-content\/uploads\/2023\/08\/evaluations-par-objectif-300x222.webp 300w, https:\/\/www.bizneo.com\/blog\/wp-content\/uploads\/2023\/08\/evaluations-par-objectif-768x568.webp 768w, https:\/\/www.bizneo.com\/blog\/wp-content\/uploads\/2023\/08\/evaluations-par-objectif-810x599.webp 810w, https:\/\/www.bizneo.com\/blog\/wp-content\/uploads\/2023\/08\/evaluations-par-objectif-1140x843.webp 1140w, https:\/\/www.bizneo.com\/blog\/wp-content\/uploads\/2023\/08\/evaluations-par-objectif.webp 1500w\" sizes=\"(max-width: 1024px) 100vw, 1024px\" \/><\/a><\/figure>\n\n\n\n<p>Les entreprises peuvent compter sur les <a href=\"https:\/\/www.bizneo.com\/fr\/gestion-des-competences-gpec\/\" target=\"_blank\" rel=\"noreferrer noopener\" data-wpel-link=\"internal\">logiciels d&#8217;\u00e9valuation GPEC<\/a> pour contr\u00f4ler les comp\u00e9tences d&#8217;un employ\u00e9 de mani\u00e8re pr\u00e9cise et facile.<\/p>\n\n\n\n<figure class=\"wp-block-image size-full\"><a href=\"https:\/\/hello.bizneo.com\/template\/gestion-des-competences-feedback\/?utm_content=post-banner\" data-wpel-link=\"internal\" target=\"_blank\"><img decoding=\"async\" width=\"1360\" height=\"204\" src=\"https:\/\/www.bizneo.com\/blog\/wp-content\/uploads\/2022\/04\/banner-communiquer-evaluation-competences.jpg\" alt=\"Guide Feedback \" class=\"wp-image-33318\" srcset=\"https:\/\/www.bizneo.com\/blog\/wp-content\/uploads\/2022\/04\/banner-communiquer-evaluation-competences.jpg 1360w, https:\/\/www.bizneo.com\/blog\/wp-content\/uploads\/2022\/04\/banner-communiquer-evaluation-competences-300x45.jpg 300w, https:\/\/www.bizneo.com\/blog\/wp-content\/uploads\/2022\/04\/banner-communiquer-evaluation-competences-1024x154.jpg 1024w, https:\/\/www.bizneo.com\/blog\/wp-content\/uploads\/2022\/04\/banner-communiquer-evaluation-competences-768x115.jpg 768w, https:\/\/www.bizneo.com\/blog\/wp-content\/uploads\/2022\/04\/banner-communiquer-evaluation-competences-810x122.jpg 810w, https:\/\/www.bizneo.com\/blog\/wp-content\/uploads\/2022\/04\/banner-communiquer-evaluation-competences-1140x171.jpg 1140w\" sizes=\"(max-width: 1360px) 100vw, 1360px\" \/><\/a><\/figure>\n\n\n\n<p>Un<strong> <\/strong><a href=\"https:\/\/www.bizneo.com\/blog\/fr\/systeme-evaluation-de-la-performance\/\" data-wpel-link=\"internal\" target=\"_blank\">syst\u00e8me d&#8217;\u00e9valuation de la performance<\/a>, <strong>permet de d\u00e9tecter les besoins de chaque collaborateur en termes de capacit\u00e9<\/strong>, et de l&#8217;inclure dans <strong>les processus de formation<\/strong> pour d\u00e9velopper tout son potentiel et am\u00e9liorer progressivement ses comp\u00e9tences professionnelles.<\/p>\n\n\n\n<figure class=\"wp-block-image size-full\"><a href=\"\/fr\/gestion-des-competences-gpec\/\" target=\"_blank\" rel=\"noreferrer noopener\" data-wpel-link=\"internal\"><img decoding=\"async\" width=\"1125\" height=\"649\" src=\"https:\/\/www.bizneo.com\/blog\/wp-content\/uploads\/2021\/09\/Matrice-9-box.webp\" alt=\"Talent Mapping\" class=\"wp-image-26274\" srcset=\"https:\/\/www.bizneo.com\/blog\/wp-content\/uploads\/2021\/09\/Matrice-9-box.webp 1125w, https:\/\/www.bizneo.com\/blog\/wp-content\/uploads\/2021\/09\/Matrice-9-box-300x173.webp 300w, https:\/\/www.bizneo.com\/blog\/wp-content\/uploads\/2021\/09\/Matrice-9-box-1024x591.webp 1024w, https:\/\/www.bizneo.com\/blog\/wp-content\/uploads\/2021\/09\/Matrice-9-box-768x443.webp 768w, https:\/\/www.bizneo.com\/blog\/wp-content\/uploads\/2021\/09\/Matrice-9-box-810x467.webp 810w\" sizes=\"(max-width: 1125px) 100vw, 1125px\" \/><\/a><\/figure>\n\n\n\n<p>Et pour atteindre ce dernier objectif, on retrouve l\u2019un des points forts de ce logiciel: &nbsp;la <a href=\"https:\/\/www.bizneo.com\/blog\/fr\/matrice-9-box\/\" data-wpel-link=\"internal\" target=\"_blank\"><strong>matrice<\/strong> <strong>9 box<\/strong><\/a>. Cet outil permet d&#8217;analyser les performances actuelles par rapport \u00e0 leur potentiel futur. <\/p>\n\n\n\n<p><strong>Jusqu&#8217;o\u00f9 un collaborateur peut-il exploiter son talent ?<\/strong><\/p>\n\n\n\n<figure class=\"wp-block-image size-large\"><a href=\"https:\/\/hello.bizneo.com\/demo\/suite\/fr\/?utm_content=post-banner-grande\" target=\"_blank\" rel=\"noopener\" data-wpel-link=\"internal\"><img decoding=\"async\" width=\"1024\" height=\"307\" src=\"https:\/\/www.bizneo.com\/blog\/wp-content\/uploads\/2021\/09\/Logiciel-RH-2-1024x307.jpg\" alt=\"logiciel ressources humaines\" class=\"wp-image-25200\" srcset=\"https:\/\/www.bizneo.com\/blog\/wp-content\/uploads\/2021\/09\/Logiciel-RH-2-1024x307.jpg 1024w, https:\/\/www.bizneo.com\/blog\/wp-content\/uploads\/2021\/09\/Logiciel-RH-2-300x90.jpg 300w, https:\/\/www.bizneo.com\/blog\/wp-content\/uploads\/2021\/09\/Logiciel-RH-2-768x230.jpg 768w, https:\/\/www.bizneo.com\/blog\/wp-content\/uploads\/2021\/09\/Logiciel-RH-2-810x243.jpg 810w, https:\/\/www.bizneo.com\/blog\/wp-content\/uploads\/2021\/09\/Logiciel-RH-2-1140x342.jpg 1140w, https:\/\/www.bizneo.com\/blog\/wp-content\/uploads\/2021\/09\/Logiciel-RH-2.jpg 1360w\" sizes=\"(max-width: 1024px) 100vw, 1024px\" \/><\/a><\/figure>\n","protected":false},"excerpt":{"rendered":"<p>Chacun poss\u00e8de une comp\u00e9tence professionelle et il en existe un grand nombre. Cependant, il n&#8217;est pas toujours facile de les distinguer, alors voici comment les diff\u00e9rencier.<\/p>\n","protected":false},"author":36,"featured_media":31221,"comment_status":"open","ping_status":"closed","sticky":false,"template":"","format":"standard","meta":{"_uag_custom_page_level_css":"","site-sidebar-layout":"default","site-content-layout":"","ast-site-content-layout":"default","site-content-style":"default","site-sidebar-style":"default","ast-global-header-display":"","ast-banner-title-visibility":"","ast-main-header-display":"","ast-hfb-above-header-display":"","ast-hfb-below-header-display":"","ast-hfb-mobile-header-display":"","site-post-title":"","ast-breadcrumbs-content":"","ast-featured-img":"","footer-sml-layout":"","ast-disable-related-posts":"","theme-transparent-header-meta":"","adv-header-id-meta":"","stick-header-meta":"","header-above-stick-meta":"","header-main-stick-meta":"","header-below-stick-meta":"","astra-migrate-meta-layouts":"default","ast-page-background-enabled":"default","ast-page-background-meta":{"desktop":{"background-color":"var(--ast-global-color-5)","background-image":"","background-repeat":"repeat","background-position":"center center","background-size":"auto","background-attachment":"scroll","background-type":"","background-media":"","overlay-type":"","overlay-color":"","overlay-opacity":"","overlay-gradient":""},"tablet":{"background-color":"","background-image":"","background-repeat":"repeat","background-position":"center center","background-size":"auto","background-attachment":"scroll","background-type":"","background-media":"","overlay-type":"","overlay-color":"","overlay-opacity":"","overlay-gradient":""},"mobile":{"background-color":"","background-image":"","background-repeat":"repeat","background-position":"center center","background-size":"auto","background-attachment":"scroll","background-type":"","background-media":"","overlay-type":"","overlay-color":"","overlay-opacity":"","overlay-gradient":""}},"ast-content-background-meta":{"desktop":{"background-color":"var(--ast-global-color-4)","background-image":"","background-repeat":"repeat","background-position":"center center","background-size":"auto","background-attachment":"scroll","background-type":"","background-media":"","overlay-type":"","overlay-color":"","overlay-opacity":"","overlay-gradient":""},"tablet":{"background-color":"var(--ast-global-color-4)","background-image":"","background-repeat":"repeat","background-position":"center center","background-size":"auto","background-attachment":"scroll","background-type":"","background-media":"","overlay-type":"","overlay-color":"","overlay-opacity":"","overlay-gradient":""},"mobile":{"background-color":"var(--ast-global-color-4)","background-image":"","background-repeat":"repeat","background-position":"center center","background-size":"auto","background-attachment":"scroll","background-type":"","background-media":"","overlay-type":"","overlay-color":"","overlay-opacity":"","overlay-gradient":""}},"footnotes":""},"categories":[309,326],"tags":[],"class_list":["post-29417","post","type-post","status-publish","format-standard","has-post-thumbnail","hentry","category-evaluation-des-performances","category-recrutement"],"yoast_head":"<!-- This site is optimized with the Yoast SEO plugin v27.5 - https:\/\/yoast.com\/product\/yoast-seo-wordpress\/ -->\n<title>Comp\u00e9tences professionnelles | Les 7 plus recherch\u00e9es<\/title>\n<meta name=\"description\" content=\"Quelles sont les comp\u00e9tences professionnelles dans un CV et comment elles permettent d&#039;attirer et de d\u00e9velopper les talents.\" \/>\n<meta name=\"robots\" content=\"index, follow, max-snippet:-1, max-image-preview:large, max-video-preview:-1\" \/>\n<meta property=\"og:locale\" content=\"es_ES\" \/>\n<meta property=\"og:type\" content=\"article\" \/>\n<meta property=\"og:title\" content=\"Comp\u00e9tences professionnelles | Les 7 plus recherch\u00e9es\" \/>\n<meta property=\"og:description\" content=\"Quelles sont les comp\u00e9tences professionnelles dans un CV et comment elles permettent d&#039;attirer et de d\u00e9velopper les talents.\" \/>\n<meta property=\"og:url\" content=\"https:\/\/www.bizneo.com\/blog\/fr\/competences-professionnelles\/\" \/>\n<meta property=\"og:site_name\" content=\"Blog de Recursos Humanos de Bizneo HR: pr\u00e1ctico y actual\" \/>\n<meta property=\"article:published_time\" content=\"2022-02-03T13:12:12+00:00\" \/>\n<meta property=\"article:modified_time\" content=\"2026-02-01T16:52:04+00:00\" \/>\n<meta property=\"og:image\" content=\"https:\/\/www.bizneo.com\/blog\/wp-content\/uploads\/2022\/02\/compe\u0301tences-professionnelles.jpeg\" \/>\n\t<meta property=\"og:image:width\" content=\"1024\" \/>\n\t<meta property=\"og:image:height\" content=\"575\" \/>\n\t<meta property=\"og:image:type\" content=\"image\/jpeg\" \/>\n<meta name=\"author\" content=\"Elisabeth\" \/>\n<meta name=\"twitter:card\" content=\"summary_large_image\" \/>\n<meta name=\"twitter:label1\" content=\"Escrito por\" \/>\n\t<meta name=\"twitter:data1\" content=\"Elisabeth\" \/>\n\t<meta name=\"twitter:label2\" content=\"Tiempo de lectura\" \/>\n\t<meta name=\"twitter:data2\" content=\"10 minutos\" \/>\n<script type=\"application\/ld+json\" class=\"yoast-schema-graph\">{\"@context\":\"https:\\\/\\\/schema.org\",\"@graph\":[{\"@type\":[\"Article\",\"BlogPosting\"],\"@id\":\"https:\\\/\\\/www.bizneo.com\\\/blog\\\/fr\\\/competences-professionnelles\\\/#article\",\"isPartOf\":{\"@id\":\"https:\\\/\\\/www.bizneo.com\\\/blog\\\/fr\\\/competences-professionnelles\\\/\"},\"author\":{\"name\":\"Elisabeth\",\"@id\":\"https:\\\/\\\/www.bizneo.com\\\/blog\\\/#\\\/schema\\\/person\\\/266c0e46c3dc615e4fb4befb4f140a68\"},\"headline\":\"Comp\u00e9tences professionnelles | Les 7 plus recherch\u00e9es\",\"datePublished\":\"2022-02-03T13:12:12+00:00\",\"dateModified\":\"2026-02-01T16:52:04+00:00\",\"mainEntityOfPage\":{\"@id\":\"https:\\\/\\\/www.bizneo.com\\\/blog\\\/fr\\\/competences-professionnelles\\\/\"},\"wordCount\":1802,\"commentCount\":0,\"publisher\":{\"@id\":\"https:\\\/\\\/www.bizneo.com\\\/blog\\\/#organization\"},\"image\":{\"@id\":\"https:\\\/\\\/www.bizneo.com\\\/blog\\\/fr\\\/competences-professionnelles\\\/#primaryimage\"},\"thumbnailUrl\":\"https:\\\/\\\/www.bizneo.com\\\/blog\\\/wp-content\\\/uploads\\\/2022\\\/02\\\/compe\u0301tences-professionnelles.jpeg\",\"articleSection\":[\"\u00c9valuation des performances\",\"Recrutement\"],\"inLanguage\":\"es\",\"potentialAction\":[{\"@type\":\"CommentAction\",\"name\":\"Comment\",\"target\":[\"https:\\\/\\\/www.bizneo.com\\\/blog\\\/fr\\\/competences-professionnelles\\\/#respond\"]}]},{\"@type\":\"WebPage\",\"@id\":\"https:\\\/\\\/www.bizneo.com\\\/blog\\\/fr\\\/competences-professionnelles\\\/\",\"url\":\"https:\\\/\\\/www.bizneo.com\\\/blog\\\/fr\\\/competences-professionnelles\\\/\",\"name\":\"Comp\u00e9tences professionnelles | Les 7 plus recherch\u00e9es\",\"isPartOf\":{\"@id\":\"https:\\\/\\\/www.bizneo.com\\\/blog\\\/#website\"},\"primaryImageOfPage\":{\"@id\":\"https:\\\/\\\/www.bizneo.com\\\/blog\\\/fr\\\/competences-professionnelles\\\/#primaryimage\"},\"image\":{\"@id\":\"https:\\\/\\\/www.bizneo.com\\\/blog\\\/fr\\\/competences-professionnelles\\\/#primaryimage\"},\"thumbnailUrl\":\"https:\\\/\\\/www.bizneo.com\\\/blog\\\/wp-content\\\/uploads\\\/2022\\\/02\\\/compe\u0301tences-professionnelles.jpeg\",\"datePublished\":\"2022-02-03T13:12:12+00:00\",\"dateModified\":\"2026-02-01T16:52:04+00:00\",\"description\":\"Quelles sont les comp\u00e9tences professionnelles dans un CV et comment elles permettent d'attirer et de d\u00e9velopper les talents.\",\"breadcrumb\":{\"@id\":\"https:\\\/\\\/www.bizneo.com\\\/blog\\\/fr\\\/competences-professionnelles\\\/#breadcrumb\"},\"inLanguage\":\"es\",\"potentialAction\":[{\"@type\":\"ReadAction\",\"target\":[\"https:\\\/\\\/www.bizneo.com\\\/blog\\\/fr\\\/competences-professionnelles\\\/\"]}]},{\"@type\":\"ImageObject\",\"inLanguage\":\"es\",\"@id\":\"https:\\\/\\\/www.bizneo.com\\\/blog\\\/fr\\\/competences-professionnelles\\\/#primaryimage\",\"url\":\"https:\\\/\\\/www.bizneo.com\\\/blog\\\/wp-content\\\/uploads\\\/2022\\\/02\\\/compe\u0301tences-professionnelles.jpeg\",\"contentUrl\":\"https:\\\/\\\/www.bizneo.com\\\/blog\\\/wp-content\\\/uploads\\\/2022\\\/02\\\/compe\u0301tences-professionnelles.jpeg\",\"width\":1024,\"height\":575,\"caption\":\"compe\u0301tences professionnelles\"},{\"@type\":\"BreadcrumbList\",\"@id\":\"https:\\\/\\\/www.bizneo.com\\\/blog\\\/fr\\\/competences-professionnelles\\\/#breadcrumb\",\"itemListElement\":[{\"@type\":\"ListItem\",\"position\":1,\"name\":\"Portada\",\"item\":\"https:\\\/\\\/www.bizneo.com\\\/blog\\\/\"},{\"@type\":\"ListItem\",\"position\":2,\"name\":\"Recrutement\",\"item\":\"https:\\\/\\\/www.bizneo.com\\\/blog\\\/fr\\\/category\\\/recrutement\\\/\"},{\"@type\":\"ListItem\",\"position\":3,\"name\":\"Comp\u00e9tences professionnelles | Les 7 plus recherch\u00e9es\"}]},{\"@type\":\"WebSite\",\"@id\":\"https:\\\/\\\/www.bizneo.com\\\/blog\\\/#website\",\"url\":\"https:\\\/\\\/www.bizneo.com\\\/blog\\\/\",\"name\":\"Blog de Recursos Humanos de Bizneo HR: pr\u00e1ctico y actual\",\"description\":\"Todo sobre actualidad, herramientas y tecnolog\u00eda  para optimizar la gesti\u00f3n del talento humano\",\"publisher\":{\"@id\":\"https:\\\/\\\/www.bizneo.com\\\/blog\\\/#organization\"},\"potentialAction\":[{\"@type\":\"SearchAction\",\"target\":{\"@type\":\"EntryPoint\",\"urlTemplate\":\"https:\\\/\\\/www.bizneo.com\\\/blog\\\/?s={search_term_string}\"},\"query-input\":{\"@type\":\"PropertyValueSpecification\",\"valueRequired\":true,\"valueName\":\"search_term_string\"}}],\"inLanguage\":\"es\"},{\"@type\":\"Organization\",\"@id\":\"https:\\\/\\\/www.bizneo.com\\\/blog\\\/#organization\",\"name\":\"Bizneo HR\",\"url\":\"https:\\\/\\\/www.bizneo.com\\\/blog\\\/\",\"logo\":{\"@type\":\"ImageObject\",\"inLanguage\":\"es\",\"@id\":\"https:\\\/\\\/www.bizneo.com\\\/blog\\\/#\\\/schema\\\/logo\\\/image\\\/\",\"url\":\"https:\\\/\\\/www.bizneo.com\\\/blog\\\/wp-content\\\/uploads\\\/2020\\\/09\\\/Icono-Logo-Bizneo-HR.png\",\"contentUrl\":\"https:\\\/\\\/www.bizneo.com\\\/blog\\\/wp-content\\\/uploads\\\/2020\\\/09\\\/Icono-Logo-Bizneo-HR.png\",\"width\":834,\"height\":834,\"caption\":\"Bizneo HR\"},\"image\":{\"@id\":\"https:\\\/\\\/www.bizneo.com\\\/blog\\\/#\\\/schema\\\/logo\\\/image\\\/\"}},{\"@type\":\"Person\",\"@id\":\"https:\\\/\\\/www.bizneo.com\\\/blog\\\/#\\\/schema\\\/person\\\/266c0e46c3dc615e4fb4befb4f140a68\",\"name\":\"Elisabeth\",\"image\":{\"@type\":\"ImageObject\",\"inLanguage\":\"es\",\"@id\":\"https:\\\/\\\/secure.gravatar.com\\\/avatar\\\/b0a9bf04d7a3a9b01c01ba3d4db1b31b660c18e6aaf206208f4faff91a19724d?s=96&d=mm&r=g\",\"url\":\"https:\\\/\\\/secure.gravatar.com\\\/avatar\\\/b0a9bf04d7a3a9b01c01ba3d4db1b31b660c18e6aaf206208f4faff91a19724d?s=96&d=mm&r=g\",\"contentUrl\":\"https:\\\/\\\/secure.gravatar.com\\\/avatar\\\/b0a9bf04d7a3a9b01c01ba3d4db1b31b660c18e6aaf206208f4faff91a19724d?s=96&d=mm&r=g\",\"caption\":\"Elisabeth\"},\"url\":\"https:\\\/\\\/www.bizneo.com\\\/blog\\\/author\\\/elisabeth\\\/\"}]}<\/script>\n<!-- \/ Yoast SEO plugin. -->","yoast_head_json":{"title":"Comp\u00e9tences professionnelles | Les 7 plus recherch\u00e9es","description":"Quelles sont les comp\u00e9tences professionnelles dans un CV et comment elles permettent d'attirer et de d\u00e9velopper les talents.","robots":{"index":"index","follow":"follow","max-snippet":"max-snippet:-1","max-image-preview":"max-image-preview:large","max-video-preview":"max-video-preview:-1"},"og_locale":"es_ES","og_type":"article","og_title":"Comp\u00e9tences professionnelles | Les 7 plus recherch\u00e9es","og_description":"Quelles sont les comp\u00e9tences professionnelles dans un CV et comment elles permettent d'attirer et de d\u00e9velopper les talents.","og_url":"https:\/\/www.bizneo.com\/blog\/fr\/competences-professionnelles\/","og_site_name":"Blog de Recursos Humanos de Bizneo HR: pr\u00e1ctico y actual","article_published_time":"2022-02-03T13:12:12+00:00","article_modified_time":"2026-02-01T16:52:04+00:00","og_image":[{"width":1024,"height":575,"url":"https:\/\/www.bizneo.com\/blog\/wp-content\/uploads\/2022\/02\/compe\u0301tences-professionnelles.jpeg","type":"image\/jpeg"}],"author":"Elisabeth","twitter_card":"summary_large_image","twitter_misc":{"Escrito por":"Elisabeth","Tiempo de lectura":"10 minutos"},"schema":{"@context":"https:\/\/schema.org","@graph":[{"@type":["Article","BlogPosting"],"@id":"https:\/\/www.bizneo.com\/blog\/fr\/competences-professionnelles\/#article","isPartOf":{"@id":"https:\/\/www.bizneo.com\/blog\/fr\/competences-professionnelles\/"},"author":{"name":"Elisabeth","@id":"https:\/\/www.bizneo.com\/blog\/#\/schema\/person\/266c0e46c3dc615e4fb4befb4f140a68"},"headline":"Comp\u00e9tences professionnelles | Les 7 plus recherch\u00e9es","datePublished":"2022-02-03T13:12:12+00:00","dateModified":"2026-02-01T16:52:04+00:00","mainEntityOfPage":{"@id":"https:\/\/www.bizneo.com\/blog\/fr\/competences-professionnelles\/"},"wordCount":1802,"commentCount":0,"publisher":{"@id":"https:\/\/www.bizneo.com\/blog\/#organization"},"image":{"@id":"https:\/\/www.bizneo.com\/blog\/fr\/competences-professionnelles\/#primaryimage"},"thumbnailUrl":"https:\/\/www.bizneo.com\/blog\/wp-content\/uploads\/2022\/02\/compe\u0301tences-professionnelles.jpeg","articleSection":["\u00c9valuation des performances","Recrutement"],"inLanguage":"es","potentialAction":[{"@type":"CommentAction","name":"Comment","target":["https:\/\/www.bizneo.com\/blog\/fr\/competences-professionnelles\/#respond"]}]},{"@type":"WebPage","@id":"https:\/\/www.bizneo.com\/blog\/fr\/competences-professionnelles\/","url":"https:\/\/www.bizneo.com\/blog\/fr\/competences-professionnelles\/","name":"Comp\u00e9tences professionnelles | Les 7 plus recherch\u00e9es","isPartOf":{"@id":"https:\/\/www.bizneo.com\/blog\/#website"},"primaryImageOfPage":{"@id":"https:\/\/www.bizneo.com\/blog\/fr\/competences-professionnelles\/#primaryimage"},"image":{"@id":"https:\/\/www.bizneo.com\/blog\/fr\/competences-professionnelles\/#primaryimage"},"thumbnailUrl":"https:\/\/www.bizneo.com\/blog\/wp-content\/uploads\/2022\/02\/compe\u0301tences-professionnelles.jpeg","datePublished":"2022-02-03T13:12:12+00:00","dateModified":"2026-02-01T16:52:04+00:00","description":"Quelles sont les comp\u00e9tences professionnelles dans un CV et comment elles permettent d'attirer et de d\u00e9velopper les talents.","breadcrumb":{"@id":"https:\/\/www.bizneo.com\/blog\/fr\/competences-professionnelles\/#breadcrumb"},"inLanguage":"es","potentialAction":[{"@type":"ReadAction","target":["https:\/\/www.bizneo.com\/blog\/fr\/competences-professionnelles\/"]}]},{"@type":"ImageObject","inLanguage":"es","@id":"https:\/\/www.bizneo.com\/blog\/fr\/competences-professionnelles\/#primaryimage","url":"https:\/\/www.bizneo.com\/blog\/wp-content\/uploads\/2022\/02\/compe\u0301tences-professionnelles.jpeg","contentUrl":"https:\/\/www.bizneo.com\/blog\/wp-content\/uploads\/2022\/02\/compe\u0301tences-professionnelles.jpeg","width":1024,"height":575,"caption":"compe\u0301tences professionnelles"},{"@type":"BreadcrumbList","@id":"https:\/\/www.bizneo.com\/blog\/fr\/competences-professionnelles\/#breadcrumb","itemListElement":[{"@type":"ListItem","position":1,"name":"Portada","item":"https:\/\/www.bizneo.com\/blog\/"},{"@type":"ListItem","position":2,"name":"Recrutement","item":"https:\/\/www.bizneo.com\/blog\/fr\/category\/recrutement\/"},{"@type":"ListItem","position":3,"name":"Comp\u00e9tences professionnelles | Les 7 plus recherch\u00e9es"}]},{"@type":"WebSite","@id":"https:\/\/www.bizneo.com\/blog\/#website","url":"https:\/\/www.bizneo.com\/blog\/","name":"Blog de Recursos Humanos de Bizneo HR: pr\u00e1ctico y actual","description":"Todo sobre actualidad, herramientas y tecnolog\u00eda  para optimizar la gesti\u00f3n del talento humano","publisher":{"@id":"https:\/\/www.bizneo.com\/blog\/#organization"},"potentialAction":[{"@type":"SearchAction","target":{"@type":"EntryPoint","urlTemplate":"https:\/\/www.bizneo.com\/blog\/?s={search_term_string}"},"query-input":{"@type":"PropertyValueSpecification","valueRequired":true,"valueName":"search_term_string"}}],"inLanguage":"es"},{"@type":"Organization","@id":"https:\/\/www.bizneo.com\/blog\/#organization","name":"Bizneo HR","url":"https:\/\/www.bizneo.com\/blog\/","logo":{"@type":"ImageObject","inLanguage":"es","@id":"https:\/\/www.bizneo.com\/blog\/#\/schema\/logo\/image\/","url":"https:\/\/www.bizneo.com\/blog\/wp-content\/uploads\/2020\/09\/Icono-Logo-Bizneo-HR.png","contentUrl":"https:\/\/www.bizneo.com\/blog\/wp-content\/uploads\/2020\/09\/Icono-Logo-Bizneo-HR.png","width":834,"height":834,"caption":"Bizneo HR"},"image":{"@id":"https:\/\/www.bizneo.com\/blog\/#\/schema\/logo\/image\/"}},{"@type":"Person","@id":"https:\/\/www.bizneo.com\/blog\/#\/schema\/person\/266c0e46c3dc615e4fb4befb4f140a68","name":"Elisabeth","image":{"@type":"ImageObject","inLanguage":"es","@id":"https:\/\/secure.gravatar.com\/avatar\/b0a9bf04d7a3a9b01c01ba3d4db1b31b660c18e6aaf206208f4faff91a19724d?s=96&d=mm&r=g","url":"https:\/\/secure.gravatar.com\/avatar\/b0a9bf04d7a3a9b01c01ba3d4db1b31b660c18e6aaf206208f4faff91a19724d?s=96&d=mm&r=g","contentUrl":"https:\/\/secure.gravatar.com\/avatar\/b0a9bf04d7a3a9b01c01ba3d4db1b31b660c18e6aaf206208f4faff91a19724d?s=96&d=mm&r=g","caption":"Elisabeth"},"url":"https:\/\/www.bizneo.com\/blog\/author\/elisabeth\/"}]}},"spectra_custom_meta":{"onesignal_meta_box_present":["1"],"onesignal_send_notification":[""],"onesignal_modify_title_and_content":[""],"onesignal_notification_custom_heading":[null],"onesignal_notification_custom_content":[null],"Views":["157630"],"wp_review_type":["none"],"wp_review_positive_count":["0"],"wp_review_negative_count":["0"],"wp_review_user_reviews":["0"],"wp_review_review_count":["0"],"_thumbnail_id":["31221"],"_yoast_wpseo_title":["Comp\u00e9tences professionnelles | Les 7 plus recherch\u00e9es"],"_yoast_wpseo_metadesc":["Quelles sont les comp\u00e9tences professionnelles dans un CV et comment elles permettent d'attirer et de d\u00e9velopper les talents."],"_yoast_wpseo_focuskw":["comp\u00e9tences"],"_yoast_wpseo_primary_category":["326"],"_edit_lock":["1769964726:47"],"_edit_last":["47"],"_vce_meta":["a:4:{s:11:\"use_sidebar\";s:7:\"inherit\";s:7:\"sidebar\";s:7:\"inherit\";s:14:\"sticky_sidebar\";s:7:\"inherit\";s:6:\"layout\";s:7:\"inherit\";}"],"_yoast_wpseo_linkdex":["88"],"_yoast_wpseo_content_score":["90"],"_yoast_wpseo_estimated-reading-time-minutes":["10"],"_at_widget":["1"],"_yoast_wpseo_wordproof_timestamp":[""],"_uag_css_file_name":["uag-css-29417.css"],"_uag_page_assets":["a:9:{s:3:\"css\";s:263:\".uag-blocks-common-selector{z-index:var(--z-index-desktop) !important}@media (max-width: 976px){.uag-blocks-common-selector{z-index:var(--z-index-tablet) !important}}@media (max-width: 767px){.uag-blocks-common-selector{z-index:var(--z-index-mobile) !important}}\n\";s:2:\"js\";s:0:\"\";s:18:\"current_block_list\";a:8:{i:0;s:14:\"core\/paragraph\";i:1;s:12:\"core\/heading\";i:2;s:10:\"core\/image\";i:3;s:9:\"core\/html\";i:4;s:9:\"core\/list\";i:5;s:14:\"core\/list-item\";i:6;s:12:\"core\/details\";i:7;s:14:\"core\/shortcode\";}s:8:\"uag_flag\";b:0;s:11:\"uag_version\";s:10:\"1777548730\";s:6:\"gfonts\";a:0:{}s:10:\"gfonts_url\";s:0:\"\";s:12:\"gfonts_files\";a:0:{}s:14:\"uag_faq_layout\";b:0;}"]},"uagb_featured_image_src":{"full":["https:\/\/www.bizneo.com\/blog\/wp-content\/uploads\/2022\/02\/compe\u0301tences-professionnelles.jpeg",1024,575,false],"thumbnail":["https:\/\/www.bizneo.com\/blog\/wp-content\/uploads\/2022\/02\/compe\u0301tences-professionnelles-150x150.jpeg",150,150,true],"medium":["https:\/\/www.bizneo.com\/blog\/wp-content\/uploads\/2022\/02\/compe\u0301tences-professionnelles-300x168.jpeg",300,168,true],"medium_large":["https:\/\/www.bizneo.com\/blog\/wp-content\/uploads\/2022\/02\/compe\u0301tences-professionnelles-768x431.jpeg",768,431,true],"large":["https:\/\/www.bizneo.com\/blog\/wp-content\/uploads\/2022\/02\/compe\u0301tences-professionnelles.jpeg",1024,575,false],"1536x1536":["https:\/\/www.bizneo.com\/blog\/wp-content\/uploads\/2022\/02\/compe\u0301tences-professionnelles.jpeg",1024,575,false],"2048x2048":["https:\/\/www.bizneo.com\/blog\/wp-content\/uploads\/2022\/02\/compe\u0301tences-professionnelles.jpeg",1024,575,false]},"uagb_author_info":{"display_name":"Elisabeth","author_link":"https:\/\/www.bizneo.com\/blog\/author\/elisabeth\/"},"uagb_comment_info":0,"uagb_excerpt":"Chacun poss\u00e8de une comp\u00e9tence professionelle et il en existe un grand nombre. Cependant, il n'est pas toujours facile de les distinguer, alors voici comment les diff\u00e9rencier.","_links":{"self":[{"href":"https:\/\/www.bizneo.com\/blog\/wp-json\/wp\/v2\/posts\/29417","targetHints":{"allow":["GET"]}}],"collection":[{"href":"https:\/\/www.bizneo.com\/blog\/wp-json\/wp\/v2\/posts"}],"about":[{"href":"https:\/\/www.bizneo.com\/blog\/wp-json\/wp\/v2\/types\/post"}],"author":[{"embeddable":true,"href":"https:\/\/www.bizneo.com\/blog\/wp-json\/wp\/v2\/users\/36"}],"replies":[{"embeddable":true,"href":"https:\/\/www.bizneo.com\/blog\/wp-json\/wp\/v2\/comments?post=29417"}],"version-history":[{"count":62,"href":"https:\/\/www.bizneo.com\/blog\/wp-json\/wp\/v2\/posts\/29417\/revisions"}],"predecessor-version":[{"id":59360,"href":"https:\/\/www.bizneo.com\/blog\/wp-json\/wp\/v2\/posts\/29417\/revisions\/59360"}],"wp:featuredmedia":[{"embeddable":true,"href":"https:\/\/www.bizneo.com\/blog\/wp-json\/wp\/v2\/media\/31221"}],"wp:attachment":[{"href":"https:\/\/www.bizneo.com\/blog\/wp-json\/wp\/v2\/media?parent=29417"}],"wp:term":[{"taxonomy":"category","embeddable":true,"href":"https:\/\/www.bizneo.com\/blog\/wp-json\/wp\/v2\/categories?post=29417"},{"taxonomy":"post_tag","embeddable":true,"href":"https:\/\/www.bizneo.com\/blog\/wp-json\/wp\/v2\/tags?post=29417"}],"curies":[{"name":"wp","href":"https:\/\/api.w.org\/{rel}","templated":true}]}}