{"id":28426,"date":"2021-11-18T17:38:37","date_gmt":"2021-11-18T16:38:37","guid":{"rendered":"https:\/\/www.bizneo.com\/blog\/?p=28426"},"modified":"2026-02-01T18:02:19","modified_gmt":"2026-02-01T17:02:19","slug":"valutazione-delle-competenze","status":"publish","type":"post","link":"https:\/\/www.bizneo.com\/blog\/it\/valutazione-delle-competenze\/","title":{"rendered":"Valutazione delle competenze: cos&#8217;\u00e8 e come applicarla?"},"content":{"rendered":"\n<p>Il controllo dei fattori esterni \u00e8 uno dei problemi che affrontiamo nella gestione della performance e una critica diffusa alla valutazione oggettiva. Una delle ragioni principali dell&#8217;emergere della <strong>valutazione delle competenze<\/strong>, che includiamo nel nostro <a href=\"\/it\/valutazione-personale\/\" target=\"_blank\" rel=\"noreferrer noopener\" data-wpel-link=\"internal\">software di valutazione del personale<\/a>.<\/p>\n\n\n\n<h2 class=\"wp-block-heading\">Perch\u00e9 la valutazione delle competenze<\/h2>\n\n\n\n<p>Per spiegare la valutazione delle competenze professionali, usiamo un esempio. Un venditore pu\u00f2 non aver raggiunto gli stessi obiettivi del suo collega: ma \u00e8 giusto prendere in considerazione solo questo criterio per promuovere l&#8217;altro?  Altri fattori come il tipo di clienti che ognuno ha avuto, la zona in cui ogni professionista vende hanno il loro peso.<\/p>\n\n\n\n<p>Sarebbe molto difficile considerare tutte queste variabili in una valutazione per obiettivi, quindi \u00e8 pi\u00f9 facile optare per una <strong>valutazione per competenze<\/strong>. Quello che viene chiesto \u00e8: il dipendente ha le competenze necessarie, ha lavorato duramente, lavora come parte di una squadra?<\/p>\n\n\n\n<figure class=\"wp-block-image size-full\"><a href=\"\/it\/valutazione-personale\/\" target=\"_blank\" rel=\"noreferrer noopener\" data-wpel-link=\"internal\"><img decoding=\"async\" width=\"1500\" height=\"1147\" src=\"https:\/\/www.bizneo.com\/blog\/wp-content\/uploads\/2021\/09\/analisi-delle-competenze.webp\" alt=\"valutazione del personale\" class=\"wp-image-25963\" srcset=\"https:\/\/www.bizneo.com\/blog\/wp-content\/uploads\/2021\/09\/analisi-delle-competenze.webp 1500w, https:\/\/www.bizneo.com\/blog\/wp-content\/uploads\/2021\/09\/analisi-delle-competenze-300x229.webp 300w, https:\/\/www.bizneo.com\/blog\/wp-content\/uploads\/2021\/09\/analisi-delle-competenze-1024x783.webp 1024w, https:\/\/www.bizneo.com\/blog\/wp-content\/uploads\/2021\/09\/analisi-delle-competenze-768x587.webp 768w, https:\/\/www.bizneo.com\/blog\/wp-content\/uploads\/2021\/09\/analisi-delle-competenze-810x619.webp 810w, https:\/\/www.bizneo.com\/blog\/wp-content\/uploads\/2021\/09\/analisi-delle-competenze-1140x872.webp 1140w\" sizes=\"(max-width: 1500px) 100vw, 1500px\" \/><\/a><\/figure>\n\n\n\n<p>\u00c8 chiaro che la valutazione basata sulle competenze prende in considerazione il <strong>potenziale del dipendente<\/strong> e non tanto la prestazione effettiva, ma \u00e8 pi\u00f9 importante che lui\/lei abbia la capacit\u00e0 come base per sviluppare gli aspetti tecnici. Il resto pu\u00f2 essere recuperato con la formazione, i piani di carriera e cos\u00ec via. Un buon feedback sar\u00e0 anche qui la chiave.<\/p>\n\n\n\n<h2 class=\"wp-block-heading\">Cos&#8217;\u00e8 la valutazione delle competenze?<\/h2>\n\n\n\n<p>La valutazione delle competenze professionali \u00e8 un modello che prende in considerazione il <strong>lungo periodo e il futuro del dipendente<\/strong>. Cio\u00e8, considera che un lavoratore con migliori competenze e abilit\u00e0 alla fine diventer\u00e0 pi\u00f9 competente di uno con solo pi\u00f9 esperienza. Questo fa parte di un cambiamento pi\u00f9 ampio nella valutazione delle prestazioni, dal guardare al passato al guardare al futuro.<\/p>\n\n\n\n<div id=\"cbox-bjPNdtCUlUjpfkPh\"><\/div>\n\n\n\n<p><\/p>\n\n\n\n<h2 class=\"wp-block-heading\">I vantaggi della valutazione per competenze<\/h2>\n\n\n\n<h3 class=\"wp-block-heading\">Le competenze si esprimono in termini qualitativi, ma la valutazione pu\u00f2 essere quantitativa<\/h3>\n\n\n\n<p>Per esempio, il lavoro di squadra pu\u00f2 essere valutato. Tuttavia, prende anche la forma di una valutazione informale, data la difficolt\u00e0 di ponderarne le qualit\u00e0. Il pi\u00f9 delle volte, questo tipo di valutazione delle competenze utilizza metodi di <strong>valutazione a 360 gradi<\/strong> o di check-in.<\/p>\n\n\n\n<figure class=\"wp-block-image size-full is-resized\"><a href=\"\/it\/valutazione-personale\/\" data-wpel-link=\"internal\" target=\"_blank\"><img decoding=\"async\" width=\"1125\" height=\"803\" src=\"https:\/\/www.bizneo.com\/blog\/wp-content\/uploads\/2021\/11\/Report-di-valutazione-delle-performance-e-degli-obiettivi.webp\" alt=\"Rapporto di valutazione delle prestazioni\" class=\"wp-image-28702\" style=\"width:840px;height:auto\" srcset=\"https:\/\/www.bizneo.com\/blog\/wp-content\/uploads\/2021\/11\/Report-di-valutazione-delle-performance-e-degli-obiettivi.webp 1125w, https:\/\/www.bizneo.com\/blog\/wp-content\/uploads\/2021\/11\/Report-di-valutazione-delle-performance-e-degli-obiettivi-300x214.webp 300w, https:\/\/www.bizneo.com\/blog\/wp-content\/uploads\/2021\/11\/Report-di-valutazione-delle-performance-e-degli-obiettivi-1024x731.webp 1024w, https:\/\/www.bizneo.com\/blog\/wp-content\/uploads\/2021\/11\/Report-di-valutazione-delle-performance-e-degli-obiettivi-768x548.webp 768w, https:\/\/www.bizneo.com\/blog\/wp-content\/uploads\/2021\/11\/Report-di-valutazione-delle-performance-e-degli-obiettivi-810x578.webp 810w\" sizes=\"(max-width: 1125px) 100vw, 1125px\" \/><\/a><\/figure>\n\n\n\n<p>La valutazione a 360 \u00e8 un tipo di <strong>valutazione completa delle prestazioni <\/strong>che si concentra sulle relazioni che il dipendente ha. I risultati sono ottenuti dal feedback dato dai manager diretti, dai subordinati, dai clienti interni ed esterni, e anche dai pari.<\/p>\n\n\n\n<h3 class=\"wp-block-heading\">La valutazione delle competenze fornisce una visione del metodo di lavoro<\/h3>\n\n\n\n<p>Un altro vantaggio della valutazione delle competenze \u00e8 che fornisce una visione del <strong>metodo di lavoro<\/strong>. Mentre la valutazione degli obiettivi riguardava ci\u00f2 che \u00e8 stato raggiunto, la valutazione delle competenze riguarda pi\u00f9 come \u00e8 stato raggiunto.<\/p>\n\n\n\n<h3 class=\"wp-block-heading\">La valutazione delle competenze fornisce informazioni sull&#8217;efficacia della formazione<\/h3>\n\n\n\n<p>Concentrandosi sul metodo, la valutazione delle competenze permette di concentrarsi sullo sviluppo dei dipendenti e di creare un <strong>sistema di formazione che permette ai dipendenti di migliorare.<\/strong><\/p>\n\n\n\n<p>Uno <a href=\"https:\/\/www2.deloitte.com\/content\/dam\/Deloitte\/cr\/Documents\/human-capital\/estudios\/170228-DUP_Global-Tendencias-Capital-Humano_2017.pdf\" target=\"_blank\" rel=\"noreferrer noopener nofollow\" data-wpel-link=\"external\">studio di Deloitte<\/a> ha dimostrato che i dipendenti devono rinnovare le loro competenze ogni anno. Di questo passo, \u00e8 pi\u00f9 che mai necessario incoraggiare la <strong>formazione dei dipendenti<\/strong>. Con questo problema in mente, molte aziende decidono di valutare questo importante aspetto, la formazione.<\/p>\n\n\n\n<bzn-note><a href=\"\/blog\/it\/valutazione-del-personale\/\" id=\"destacado-post\" target=\"_blank\" rel=\"noopener noreferrer\" data-wpel-link=\"internal\"><span class=\"bzn-link-title\"><strong>COS&#8217;\u00c8 LA VALUTAZIONE DEL PERSONALE<\/strong> <\/span><br>Guida definitiva a questo sistema<\/a><\/br><\/bzn-note><br>\n\n\n\n<p><\/p>\n\n\n\n<h2 class=\"wp-block-heading\">Come fare una buona valutazione  delle competenze<\/h2>\n\n\n\n<h3 class=\"wp-block-heading\">Definire le competenze da valutare<\/h3>\n\n\n\n<figure class=\"wp-block-image size-full\"><a href=\"\/it\/valutazione-personale\/\" target=\"_blank\" rel=\"noreferrer noopener\" data-wpel-link=\"internal\"><img decoding=\"async\" width=\"1125\" height=\"969\" src=\"https:\/\/www.bizneo.com\/blog\/wp-content\/uploads\/2021\/09\/Valutazione-delle-competenze.webp\" alt=\"Software per la valutazione del personale\" class=\"wp-image-25968\" srcset=\"https:\/\/www.bizneo.com\/blog\/wp-content\/uploads\/2021\/09\/Valutazione-delle-competenze.webp 1125w, https:\/\/www.bizneo.com\/blog\/wp-content\/uploads\/2021\/09\/Valutazione-delle-competenze-300x258.webp 300w, https:\/\/www.bizneo.com\/blog\/wp-content\/uploads\/2021\/09\/Valutazione-delle-competenze-1024x882.webp 1024w, https:\/\/www.bizneo.com\/blog\/wp-content\/uploads\/2021\/09\/Valutazione-delle-competenze-768x662.webp 768w, https:\/\/www.bizneo.com\/blog\/wp-content\/uploads\/2021\/09\/Valutazione-delle-competenze-810x698.webp 810w\" sizes=\"(max-width: 1125px) 100vw, 1125px\" \/><\/a><\/figure>\n\n\n\n<p>La prima cosa da fare prima di effettuare la valutazione basata sulle competenze \u00e8 determinare quali competenze vogliamo analizzare, cio\u00e8 <strong>quali parametri saranno utilizzati per valutare il dipendente<\/strong>. Questi dovrebbero essere appropriati al lavoro, al ruolo e cos\u00ec via.<\/p>\n\n\n\n<p>Alcuni <strong>esempi di competenze<\/strong> sono: leadership, empowerment, integrit\u00e0, prestazioni orientate al cliente, e una lunga eccetera. Queste competenze possono essere considerate con criteri di punteggio numerico, per esempio.<\/p>\n\n\n\n<figure class=\"wp-block-image size-large\"><a href=\"https:\/\/hello.bizneo.com\/template\/errori-valutazione-personale\/?utm_content=post-banner-medio\" data-wpel-link=\"internal\" target=\"_blank\"><img decoding=\"async\" width=\"1024\" height=\"154\" src=\"https:\/\/www.bizneo.com\/blog\/wp-content\/uploads\/2025\/07\/banner-valutazione-personale-1024x154.jpg\" alt=\"banner valutazione personale\" class=\"wp-image-55126\" srcset=\"https:\/\/www.bizneo.com\/blog\/wp-content\/uploads\/2025\/07\/banner-valutazione-personale-1024x154.jpg 1024w, https:\/\/www.bizneo.com\/blog\/wp-content\/uploads\/2025\/07\/banner-valutazione-personale-300x45.jpg 300w, https:\/\/www.bizneo.com\/blog\/wp-content\/uploads\/2025\/07\/banner-valutazione-personale-768x115.jpg 768w, https:\/\/www.bizneo.com\/blog\/wp-content\/uploads\/2025\/07\/banner-valutazione-personale-810x122.jpg 810w, https:\/\/www.bizneo.com\/blog\/wp-content\/uploads\/2025\/07\/banner-valutazione-personale-1140x171.jpg 1140w, https:\/\/www.bizneo.com\/blog\/wp-content\/uploads\/2025\/07\/banner-valutazione-personale.jpg 1360w\" sizes=\"(max-width: 1024px) 100vw, 1024px\" \/><\/a><\/figure>\n\n\n\n<h3 class=\"wp-block-heading\">Pianificare quando effettuare una valutazione delle competenze professionali<\/h3>\n\n\n\n<p>Pianificare la tempistica delle valutazioni \u00e8 la chiave per <strong>evitare di sovraccaricare dipendenti e manager<\/strong>. L&#8217;idea \u00e8 di programmare le valutazioni durante i periodi di lavoro meno impegnativi. \u00c8 anche importante pianificare la frequenza delle valutazioni, cos\u00ec come la frequenza del feedback.<\/p>\n\n\n\n<figure class=\"wp-block-image size-full\"><a href=\"\/it\/valutazione-personale\/\" data-wpel-link=\"internal\" target=\"_blank\"><img decoding=\"async\" width=\"1125\" height=\"649\" src=\"https:\/\/www.bizneo.com\/blog\/wp-content\/uploads\/2021\/10\/matrice-talenti.webp\" alt=\"Matrice dei talenti\" class=\"wp-image-26703\" srcset=\"https:\/\/www.bizneo.com\/blog\/wp-content\/uploads\/2021\/10\/matrice-talenti.webp 1125w, https:\/\/www.bizneo.com\/blog\/wp-content\/uploads\/2021\/10\/matrice-talenti-300x173.webp 300w, https:\/\/www.bizneo.com\/blog\/wp-content\/uploads\/2021\/10\/matrice-talenti-1024x591.webp 1024w, https:\/\/www.bizneo.com\/blog\/wp-content\/uploads\/2021\/10\/matrice-talenti-768x443.webp 768w, https:\/\/www.bizneo.com\/blog\/wp-content\/uploads\/2021\/10\/matrice-talenti-810x467.webp 810w\" sizes=\"(max-width: 1125px) 100vw, 1125px\" \/><\/a><\/figure>\n\n\n\n<p>Le nuove tendenze indicano i benefici della <strong>valutazione continua<\/strong>. Questo non \u00e8 solo utile per individuare le anomalie e affrontare i problemi in tempo, ma anche per il dipendente di vedere che viene monitorato in modo che possa crescere nell&#8217;azienda o sentirsi pi\u00f9 sostenuto e poter esprimere i suoi dubbi e le sue idee.<\/p>\n\n\n\n<h3 class=\"wp-block-heading\">Avere un sistema adeguato per effettuare la valutazione<\/h3>\n\n\n\n<p>Anche il sistema di valutazione basato sulle competenze \u00e8 fondamentale. \u00c8 qui che un modulo di valutazione delle prestazioni del <a href=\"https:\/\/www.bizneo.com\/it\/\" target=\"_blank\" rel=\"noreferrer noopener\" data-wpel-link=\"internal\">software HR<\/a> pu\u00f2 essere di grande aiuto. Si tratta di una piattaforma che non solo pu\u00f2 <strong>creare report a lungo termine<\/strong> e migliorare la gestione delle valutazioni, ma anche semplificare il feedback e persino la progettazione della valutazione stessa.<\/p>\n\n\n\n<p>In termini di competenze, il modulo ha specificamente una sezione di <strong>competenze comuni<\/strong> e ammissibili che possiamo associare ai nostri profili di lavoro. \u00c8 anche molto facile assegnare manager, valutatori, scadenze, creare avvisi e cos\u00ec via. Inoltre, ha diversi tipi di valutazioni, quindi \u00e8 facile adattarlo alle esigenze dell&#8217;azienda.<\/p>\n\n\n\n<figure class=\"wp-block-image size-full\"><a href=\"https:\/\/www.bizneo.com\/it\/valutazione-personale\/\" target=\"_blank\" rel=\"noopener\" data-wpel-link=\"internal\"><img decoding=\"async\" width=\"1360\" height=\"204\" src=\"https:\/\/www.bizneo.com\/blog\/wp-content\/uploads\/2021\/09\/banner-medio-strumento-valutazione.jpg\" alt=\"Software di valutazione modelli\" class=\"wp-image-26098\" srcset=\"https:\/\/www.bizneo.com\/blog\/wp-content\/uploads\/2021\/09\/banner-medio-strumento-valutazione.jpg 1360w, https:\/\/www.bizneo.com\/blog\/wp-content\/uploads\/2021\/09\/banner-medio-strumento-valutazione-300x45.jpg 300w, https:\/\/www.bizneo.com\/blog\/wp-content\/uploads\/2021\/09\/banner-medio-strumento-valutazione-1024x154.jpg 1024w, https:\/\/www.bizneo.com\/blog\/wp-content\/uploads\/2021\/09\/banner-medio-strumento-valutazione-768x115.jpg 768w, https:\/\/www.bizneo.com\/blog\/wp-content\/uploads\/2021\/09\/banner-medio-strumento-valutazione-810x122.jpg 810w, https:\/\/www.bizneo.com\/blog\/wp-content\/uploads\/2021\/09\/banner-medio-strumento-valutazione-1140x171.jpg 1140w\" sizes=\"(max-width: 1360px) 100vw, 1360px\" \/><\/a><\/figure>\n\n\n\n<h3 class=\"wp-block-heading\">Spiegare e comunicare la valutazione delle competenze<\/h3>\n\n\n\n<p>\u00c8 imperativo che ci sia una comprensione sia di <strong>come funziona il software di valutazione delle competenze sia del perch\u00e9<\/strong> la valutazione viene effettuata. Questo dovrebbe essere comunicato ai dipendenti attraverso i canali necessari (riunione con i dipendenti, invio di una comunicazione formale, ecc.)<\/p>\n\n\n\n<p>\u00c8 anche importante che la valutazione <strong>non sia vista come un esame.<\/strong> Qui la valutazione basata sulle competenze ha un chiaro vantaggio rispetto ad altri tipi di valutazione delle prestazioni in quanto, concentrandosi sulle competenze, toglie parte della pressione dagli obiettivi.<\/p>\n\n\n\n<h3 class=\"wp-block-heading\">Feedback sui risultati della valutazione basata sulle competenze<\/h3>\n\n\n\n<p>La fase finale della valutazione per competenze \u00e8 la spiegazione dei risultati. Dare un buon feedback \u00e8 la chiave. Parlare di competenze e abilit\u00e0 pu\u00f2 anche essere molto pi\u00f9 personale che parlare di obiettivi. <\/p>\n\n\n\n<figure class=\"wp-block-image size-full\"><a href=\"\/it\/valutazione-personale\/\" data-wpel-link=\"internal\" target=\"_blank\"><img decoding=\"async\" width=\"1500\" height=\"942\" src=\"https:\/\/www.bizneo.com\/blog\/wp-content\/uploads\/2021\/10\/Report-indicatori-performance.webp\" alt=\" KPI aziendali \" class=\"wp-image-26701\" srcset=\"https:\/\/www.bizneo.com\/blog\/wp-content\/uploads\/2021\/10\/Report-indicatori-performance.webp 1500w, https:\/\/www.bizneo.com\/blog\/wp-content\/uploads\/2021\/10\/Report-indicatori-performance-300x188.webp 300w, https:\/\/www.bizneo.com\/blog\/wp-content\/uploads\/2021\/10\/Report-indicatori-performance-1024x643.webp 1024w, https:\/\/www.bizneo.com\/blog\/wp-content\/uploads\/2021\/10\/Report-indicatori-performance-768x482.webp 768w, https:\/\/www.bizneo.com\/blog\/wp-content\/uploads\/2021\/10\/Report-indicatori-performance-320x200.webp 320w, https:\/\/www.bizneo.com\/blog\/wp-content\/uploads\/2021\/10\/Report-indicatori-performance-810x509.webp 810w, https:\/\/www.bizneo.com\/blog\/wp-content\/uploads\/2021\/10\/Report-indicatori-performance-1140x716.webp 1140w\" sizes=\"(max-width: 1500px) 100vw, 1500px\" \/><\/a><\/figure>\n\n\n\n<bzn-note><a href=\"\/blog\/it\/report-valutazione-personale\/\" id=\"destacado-post\" target=\"_blank\" rel=\"noopener noreferrer\" data-wpel-link=\"internal\"><span class=\"bzn-link-title\"><strong>Report di valutazione del personale<\/strong><\/span><br>Tipi di report di valutazione delle performance<\/a><br><\/bzn-note>\n\n\n\n<p><\/p>\n\n\n\n<h2 class=\"wp-block-heading\">Esempio di valutazione basata sulle competenze di Dell<\/h2>\n\n\n\n<p>Ma guardiamo un esempio pratico di valutazione basata sulle competenze: l&#8217;azienda di computer Dell aveva un sistema di <strong>gestione delle prestazioni di tipo classico<\/strong> che aveva iniziato a fallire.<\/p>\n\n\n\n<h3 class=\"wp-block-heading\">Il punto di partenza di Dell<\/h3>\n\n\n\n<ul class=\"wp-block-list\">\n<li>I dipendenti dovevano giustificare attivit\u00e0 molto specifiche, impossibili da ricordare nell&#8217;ultimo anno, e il clima di lavoro non era affatto positivo.<\/li>\n\n\n\n<li>I dipendenti avevano obiettivi individuali che li costringevano a competere con i loro colleghi per un punteggio migliore in una classifica.<\/li>\n\n\n\n<li>Inoltre, il problema principale era la mancanza di <strong>sviluppo del personale<\/strong>. Questo \u00e8 un grosso problema nel mondo della tecnologia, dove il ciclo di rinnovo della formazione \u00e8 pi\u00f9 breve che in altri campi professionali.<\/li>\n<\/ul>\n\n\n\n<h3 class=\"wp-block-heading\">L&#8217;implementazione della valutazione basata sulle competenze di Dell<\/h3>\n\n\n\n<p>Il nuovo modello di valutazione delle competenze \u00e8 iniziato con un aumento delle riunioni da una volta all&#8217;anno a <strong>una volta ogni tre mesi<\/strong>. In queste riunioni, il manager, il dipendente e i responsabili della formazione concordano un piano di sviluppo.<\/p>\n\n\n\n<p>L&#8217;obiettivo \u00e8 che <strong>il dipendente provi il piano di formazione<\/strong> nei prossimi tre mesi per vedere se \u00e8 utile, se si comporta adeguatamente o se c&#8217;\u00e8 bisogno di aumentare la formazione in alcune aree specifiche. Questi piani si concentrano sulle competenze necessarie per il lavoro, e i dipendenti sono liberi di proporre competenze da sviluppare durante questi incontri.<\/p>\n\n\n\n<p>Dopo tre mesi la formazione <strong>viene valutata<\/strong>. Se \u00e8 evidente che il piano di formazione non \u00e8 stato utile, viene modificato, se non \u00e8 stato eseguito, il dipendente riceve un avvertimento e se \u00e8 stato eseguito, viene giudicato positivamente.<\/p>\n\n\n\n<p><strong>Il sistema imita i modelli <em>agile<\/em> di sviluppo del software<\/strong>. La costante sperimentazione e creazione di piani permette di scegliere quale sia il pi\u00f9 ottimale da realizzare.<\/p>\n\n\n\n<p>Il dipendente ha voce in capitolo nella scelta della formazione perch\u00e9 conosce in prima persona i suoi bisogni formativi.<\/p>\n\n\n\n<p>Tutto questo piano culmina alla fine dell&#8217;anno con la <strong>valutazione del talento<\/strong>. Una valutazione finale che segue il <strong>modello a 360\u00ba<\/strong>. All&#8217;interno di questa valutazione, i dirigenti diretti valuteranno la conformit\u00e0 della formazione e l&#8217;adeguatezza del dipendente con le competenze richieste, cosa che era stata controllata poco a poco ad ogni riunione.<\/p>\n\n\n\n<bzn-link><a href=\"\/it\/valutazione-personale\/\" id=\"destacado-evaluaciones\" target=\"_blank\" rel=\"noopener noreferrer\" data-wpel-link=\"internal\"><span class=\"bzn-link-title\">CERCHI UN SOFTWARE DI VALUTAZIONE DEL PERSONALE?<\/span>&nbsp;Soluzioni con diversi tipi di valutazione: 360\u00ba, per competenze o obiettivi.<\/a><\/bzn-link>\n\n\n\n<p><\/p>\n\n\n\n<h3 class=\"wp-block-heading\">I risultati di Dell con la valutazione delle competenze<\/h3>\n\n\n\n<p>Il sistema ha generato un <strong>atteggiamento positivo <\/strong>tra i dipendenti. Inoltre, gli obiettivi ora comuni e le valutazioni a 360\u00b0 hanno risolto il problema della mancanza di lavoro di squadra dell&#8217;azienda e della concorrenza aggressiva.<\/p>\n\n\n\n<p>D&#8217;altra parte, non manca pi\u00f9 il sostegno del livello esecutivo e manageriale. I dipendenti si sentono sostenuti e imparano a <strong>migliorare i loro metodi di lavoro<\/strong>. Come abbiamo sottolineato, la valutazione basata sulle competenze \u00e8 pi\u00f9 utile per questo aspetto.<\/p>\n\n\n\n<p>Tuttavia, \u00e8 un processo che richiede tempo e un sistema complesso che richiede pi\u00f9 organizzazione. Uno dei problemi pi\u00f9 importanti \u00e8 nelle riunioni in cui si pianifica la formazione. Da un lato, un minimo di tre persone devono collaborare e raggiungere un accordo, il che rende difficile raggiungere un piano di sviluppo adeguato.<\/p>\n\n\n\n<p>Tutto sommato, la valutazione basata sulle competenze \u00e8 un modello sempre pi\u00f9 comune che ha <strong>vantaggi significativi<\/strong>. Prendereste in considerazione l&#8217;idea di implementarla o l&#8217;avete gi\u00e0 fatto?<\/p>\n\n\n\n<figure class=\"wp-block-image size-large\"><a href=\"https:\/\/www.bizneo.com\/it\/valutazione-personale\/\" target=\"_blank\" rel=\"noopener\" data-wpel-link=\"internal\"><img decoding=\"async\" width=\"1024\" height=\"307\" src=\"https:\/\/www.bizneo.com\/blog\/wp-content\/uploads\/2021\/09\/Software-per-la-valutazione-del-personale-1024x307.jpg\" alt=\"Software di Valutazione del Personale e Performance Management\" class=\"wp-image-26102\" srcset=\"https:\/\/www.bizneo.com\/blog\/wp-content\/uploads\/2021\/09\/Software-per-la-valutazione-del-personale-1024x307.jpg 1024w, https:\/\/www.bizneo.com\/blog\/wp-content\/uploads\/2021\/09\/Software-per-la-valutazione-del-personale-300x90.jpg 300w, https:\/\/www.bizneo.com\/blog\/wp-content\/uploads\/2021\/09\/Software-per-la-valutazione-del-personale-768x230.jpg 768w, https:\/\/www.bizneo.com\/blog\/wp-content\/uploads\/2021\/09\/Software-per-la-valutazione-del-personale-810x243.jpg 810w, https:\/\/www.bizneo.com\/blog\/wp-content\/uploads\/2021\/09\/Software-per-la-valutazione-del-personale-1140x342.jpg 1140w, https:\/\/www.bizneo.com\/blog\/wp-content\/uploads\/2021\/09\/Software-per-la-valutazione-del-personale.jpg 1360w\" sizes=\"(max-width: 1024px) 100vw, 1024px\" \/><\/a><\/figure>\n","protected":false},"excerpt":{"rendered":"<p>La valutazione delle competenze \u00e8 nata come alternativa al modello di valutazione delle performance basato sugli obiettivi. Ma perch\u00e9?<\/p>\n","protected":false},"author":39,"featured_media":28713,"comment_status":"open","ping_status":"open","sticky":false,"template":"","format":"standard","meta":{"_uag_custom_page_level_css":"","site-sidebar-layout":"default","site-content-layout":"","ast-site-content-layout":"default","site-content-style":"default","site-sidebar-style":"default","ast-global-header-display":"","ast-banner-title-visibility":"","ast-main-header-display":"","ast-hfb-above-header-display":"","ast-hfb-below-header-display":"","ast-hfb-mobile-header-display":"","site-post-title":"","ast-breadcrumbs-content":"","ast-featured-img":"","footer-sml-layout":"","ast-disable-related-posts":"","theme-transparent-header-meta":"","adv-header-id-meta":"","stick-header-meta":"","header-above-stick-meta":"","header-main-stick-meta":"","header-below-stick-meta":"","astra-migrate-meta-layouts":"default","ast-page-background-enabled":"default","ast-page-background-meta":{"desktop":{"background-color":"var(--ast-global-color-5)","background-image":"","background-repeat":"repeat","background-position":"center center","background-size":"auto","background-attachment":"scroll","background-type":"","background-media":"","overlay-type":"","overlay-color":"","overlay-opacity":"","overlay-gradient":""},"tablet":{"background-color":"","background-image":"","background-repeat":"repeat","background-position":"center center","background-size":"auto","background-attachment":"scroll","background-type":"","background-media":"","overlay-type":"","overlay-color":"","overlay-opacity":"","overlay-gradient":""},"mobile":{"background-color":"","background-image":"","background-repeat":"repeat","background-position":"center center","background-size":"auto","background-attachment":"scroll","background-type":"","background-media":"","overlay-type":"","overlay-color":"","overlay-opacity":"","overlay-gradient":""}},"ast-content-background-meta":{"desktop":{"background-color":"var(--ast-global-color-4)","background-image":"","background-repeat":"repeat","background-position":"center center","background-size":"auto","background-attachment":"scroll","background-type":"","background-media":"","overlay-type":"","overlay-color":"","overlay-opacity":"","overlay-gradient":""},"tablet":{"background-color":"var(--ast-global-color-4)","background-image":"","background-repeat":"repeat","background-position":"center center","background-size":"auto","background-attachment":"scroll","background-type":"","background-media":"","overlay-type":"","overlay-color":"","overlay-opacity":"","overlay-gradient":""},"mobile":{"background-color":"var(--ast-global-color-4)","background-image":"","background-repeat":"repeat","background-position":"center center","background-size":"auto","background-attachment":"scroll","background-type":"","background-media":"","overlay-type":"","overlay-color":"","overlay-opacity":"","overlay-gradient":""}},"footnotes":""},"categories":[355,357],"tags":[],"class_list":["post-28426","post","type-post","status-publish","format-standard","has-post-thumbnail","hentry","category-gestione-dei-talenti","category-valutazione-della-performance"],"yoast_head":"<!-- This site is optimized with the Yoast SEO plugin v27.5 - https:\/\/yoast.com\/product\/yoast-seo-wordpress\/ -->\n<title>Valutazione delle competenze | Cos&#039;\u00e8 e come applicarla?<\/title>\n<meta name=\"description\" content=\"Cos&#039;\u00e8 la valutazione delle competenze professionali? Come puoi applicarla alla tua azienda per migliorare i tuoi processi?\" \/>\n<meta name=\"robots\" content=\"index, follow, max-snippet:-1, max-image-preview:large, max-video-preview:-1\" \/>\n<meta property=\"og:locale\" content=\"es_ES\" \/>\n<meta property=\"og:type\" content=\"article\" \/>\n<meta property=\"og:title\" content=\"Valutazione delle competenze | Cos&#039;\u00e8 e come applicarla?\" \/>\n<meta property=\"og:description\" content=\"Cos&#039;\u00e8 la valutazione delle competenze professionali? Come puoi applicarla alla tua azienda per migliorare i tuoi processi?\" \/>\n<meta property=\"og:url\" content=\"https:\/\/www.bizneo.com\/blog\/it\/valutazione-delle-competenze\/\" \/>\n<meta property=\"og:site_name\" content=\"Blog de Recursos Humanos de Bizneo HR: pr\u00e1ctico y actual\" \/>\n<meta property=\"article:published_time\" content=\"2021-11-18T16:38:37+00:00\" \/>\n<meta property=\"article:modified_time\" content=\"2026-02-01T17:02:19+00:00\" \/>\n<meta property=\"og:image\" content=\"https:\/\/www.bizneo.com\/blog\/wp-content\/uploads\/2021\/11\/valutazione-delle-competenze.jpg\" \/>\n\t<meta property=\"og:image:width\" content=\"1140\" \/>\n\t<meta property=\"og:image:height\" content=\"640\" \/>\n\t<meta property=\"og:image:type\" content=\"image\/jpeg\" \/>\n<meta name=\"author\" content=\"Matteo\" \/>\n<meta name=\"twitter:card\" content=\"summary_large_image\" \/>\n<meta name=\"twitter:label1\" content=\"Escrito por\" \/>\n\t<meta name=\"twitter:data1\" content=\"Matteo\" \/>\n\t<meta name=\"twitter:label2\" content=\"Tiempo de lectura\" \/>\n\t<meta name=\"twitter:data2\" content=\"70 minutos\" \/>\n<script type=\"application\/ld+json\" class=\"yoast-schema-graph\">{\"@context\":\"https:\\\/\\\/schema.org\",\"@graph\":[{\"@type\":[\"Article\",\"BlogPosting\"],\"@id\":\"https:\\\/\\\/www.bizneo.com\\\/blog\\\/it\\\/valutazione-delle-competenze\\\/#article\",\"isPartOf\":{\"@id\":\"https:\\\/\\\/www.bizneo.com\\\/blog\\\/it\\\/valutazione-delle-competenze\\\/\"},\"author\":{\"name\":\"Matteo\",\"@id\":\"https:\\\/\\\/www.bizneo.com\\\/blog\\\/#\\\/schema\\\/person\\\/918c65806041f66782c1c3af5eb0ab96\"},\"headline\":\"Valutazione delle competenze: cos&#8217;\u00e8 e come applicarla?\",\"datePublished\":\"2021-11-18T16:38:37+00:00\",\"dateModified\":\"2026-02-01T17:02:19+00:00\",\"mainEntityOfPage\":{\"@id\":\"https:\\\/\\\/www.bizneo.com\\\/blog\\\/it\\\/valutazione-delle-competenze\\\/\"},\"wordCount\":1488,\"commentCount\":0,\"publisher\":{\"@id\":\"https:\\\/\\\/www.bizneo.com\\\/blog\\\/#organization\"},\"image\":{\"@id\":\"https:\\\/\\\/www.bizneo.com\\\/blog\\\/it\\\/valutazione-delle-competenze\\\/#primaryimage\"},\"thumbnailUrl\":\"https:\\\/\\\/www.bizneo.com\\\/blog\\\/wp-content\\\/uploads\\\/2021\\\/11\\\/valutazione-delle-competenze.jpg\",\"articleSection\":[\"Gestione dei talenti\",\"Valutazione della performance\"],\"inLanguage\":\"es\",\"potentialAction\":[{\"@type\":\"CommentAction\",\"name\":\"Comment\",\"target\":[\"https:\\\/\\\/www.bizneo.com\\\/blog\\\/it\\\/valutazione-delle-competenze\\\/#respond\"]}]},{\"@type\":\"WebPage\",\"@id\":\"https:\\\/\\\/www.bizneo.com\\\/blog\\\/it\\\/valutazione-delle-competenze\\\/\",\"url\":\"https:\\\/\\\/www.bizneo.com\\\/blog\\\/it\\\/valutazione-delle-competenze\\\/\",\"name\":\"Valutazione delle competenze | Cos'\u00e8 e come applicarla?\",\"isPartOf\":{\"@id\":\"https:\\\/\\\/www.bizneo.com\\\/blog\\\/#website\"},\"primaryImageOfPage\":{\"@id\":\"https:\\\/\\\/www.bizneo.com\\\/blog\\\/it\\\/valutazione-delle-competenze\\\/#primaryimage\"},\"image\":{\"@id\":\"https:\\\/\\\/www.bizneo.com\\\/blog\\\/it\\\/valutazione-delle-competenze\\\/#primaryimage\"},\"thumbnailUrl\":\"https:\\\/\\\/www.bizneo.com\\\/blog\\\/wp-content\\\/uploads\\\/2021\\\/11\\\/valutazione-delle-competenze.jpg\",\"datePublished\":\"2021-11-18T16:38:37+00:00\",\"dateModified\":\"2026-02-01T17:02:19+00:00\",\"description\":\"Cos'\u00e8 la valutazione delle competenze professionali? Come puoi applicarla alla tua azienda per migliorare i tuoi processi?\",\"breadcrumb\":{\"@id\":\"https:\\\/\\\/www.bizneo.com\\\/blog\\\/it\\\/valutazione-delle-competenze\\\/#breadcrumb\"},\"inLanguage\":\"es\",\"potentialAction\":[{\"@type\":\"ReadAction\",\"target\":[\"https:\\\/\\\/www.bizneo.com\\\/blog\\\/it\\\/valutazione-delle-competenze\\\/\"]}]},{\"@type\":\"ImageObject\",\"inLanguage\":\"es\",\"@id\":\"https:\\\/\\\/www.bizneo.com\\\/blog\\\/it\\\/valutazione-delle-competenze\\\/#primaryimage\",\"url\":\"https:\\\/\\\/www.bizneo.com\\\/blog\\\/wp-content\\\/uploads\\\/2021\\\/11\\\/valutazione-delle-competenze.jpg\",\"contentUrl\":\"https:\\\/\\\/www.bizneo.com\\\/blog\\\/wp-content\\\/uploads\\\/2021\\\/11\\\/valutazione-delle-competenze.jpg\",\"width\":1140,\"height\":640,\"caption\":\"valutazione delle competenze\"},{\"@type\":\"BreadcrumbList\",\"@id\":\"https:\\\/\\\/www.bizneo.com\\\/blog\\\/it\\\/valutazione-delle-competenze\\\/#breadcrumb\",\"itemListElement\":[{\"@type\":\"ListItem\",\"position\":1,\"name\":\"Portada\",\"item\":\"https:\\\/\\\/www.bizneo.com\\\/blog\\\/\"},{\"@type\":\"ListItem\",\"position\":2,\"name\":\"Gestione dei talenti\",\"item\":\"https:\\\/\\\/www.bizneo.com\\\/blog\\\/it\\\/category\\\/gestione-dei-talenti\\\/\"},{\"@type\":\"ListItem\",\"position\":3,\"name\":\"Valutazione della performance\",\"item\":\"https:\\\/\\\/www.bizneo.com\\\/blog\\\/it\\\/category\\\/gestione-dei-talenti\\\/valutazione-della-performance\\\/\"},{\"@type\":\"ListItem\",\"position\":4,\"name\":\"Valutazione delle competenze: cos&#8217;\u00e8 e come applicarla?\"}]},{\"@type\":\"WebSite\",\"@id\":\"https:\\\/\\\/www.bizneo.com\\\/blog\\\/#website\",\"url\":\"https:\\\/\\\/www.bizneo.com\\\/blog\\\/\",\"name\":\"Blog de Recursos Humanos de Bizneo HR: pr\u00e1ctico y actual\",\"description\":\"Todo sobre actualidad, herramientas y tecnolog\u00eda  para optimizar la gesti\u00f3n del talento humano\",\"publisher\":{\"@id\":\"https:\\\/\\\/www.bizneo.com\\\/blog\\\/#organization\"},\"potentialAction\":[{\"@type\":\"SearchAction\",\"target\":{\"@type\":\"EntryPoint\",\"urlTemplate\":\"https:\\\/\\\/www.bizneo.com\\\/blog\\\/?s={search_term_string}\"},\"query-input\":{\"@type\":\"PropertyValueSpecification\",\"valueRequired\":true,\"valueName\":\"search_term_string\"}}],\"inLanguage\":\"es\"},{\"@type\":\"Organization\",\"@id\":\"https:\\\/\\\/www.bizneo.com\\\/blog\\\/#organization\",\"name\":\"Bizneo HR\",\"url\":\"https:\\\/\\\/www.bizneo.com\\\/blog\\\/\",\"logo\":{\"@type\":\"ImageObject\",\"inLanguage\":\"es\",\"@id\":\"https:\\\/\\\/www.bizneo.com\\\/blog\\\/#\\\/schema\\\/logo\\\/image\\\/\",\"url\":\"https:\\\/\\\/www.bizneo.com\\\/blog\\\/wp-content\\\/uploads\\\/2020\\\/09\\\/Icono-Logo-Bizneo-HR.png\",\"contentUrl\":\"https:\\\/\\\/www.bizneo.com\\\/blog\\\/wp-content\\\/uploads\\\/2020\\\/09\\\/Icono-Logo-Bizneo-HR.png\",\"width\":834,\"height\":834,\"caption\":\"Bizneo HR\"},\"image\":{\"@id\":\"https:\\\/\\\/www.bizneo.com\\\/blog\\\/#\\\/schema\\\/logo\\\/image\\\/\"}},{\"@type\":\"Person\",\"@id\":\"https:\\\/\\\/www.bizneo.com\\\/blog\\\/#\\\/schema\\\/person\\\/918c65806041f66782c1c3af5eb0ab96\",\"name\":\"Matteo\",\"image\":{\"@type\":\"ImageObject\",\"inLanguage\":\"es\",\"@id\":\"https:\\\/\\\/secure.gravatar.com\\\/avatar\\\/0978826a0ddab20cbf6d5aed62bb04a54b6e14fb794074e39a18a1b365c03e20?s=96&d=mm&r=g\",\"url\":\"https:\\\/\\\/secure.gravatar.com\\\/avatar\\\/0978826a0ddab20cbf6d5aed62bb04a54b6e14fb794074e39a18a1b365c03e20?s=96&d=mm&r=g\",\"contentUrl\":\"https:\\\/\\\/secure.gravatar.com\\\/avatar\\\/0978826a0ddab20cbf6d5aed62bb04a54b6e14fb794074e39a18a1b365c03e20?s=96&d=mm&r=g\",\"caption\":\"Matteo\"},\"url\":\"https:\\\/\\\/www.bizneo.com\\\/blog\\\/author\\\/matteo\\\/\"}]}<\/script>\n<!-- \/ Yoast SEO plugin. -->","yoast_head_json":{"title":"Valutazione delle competenze | Cos'\u00e8 e come applicarla?","description":"Cos'\u00e8 la valutazione delle competenze professionali? Come puoi applicarla alla tua azienda per migliorare i tuoi processi?","robots":{"index":"index","follow":"follow","max-snippet":"max-snippet:-1","max-image-preview":"max-image-preview:large","max-video-preview":"max-video-preview:-1"},"og_locale":"es_ES","og_type":"article","og_title":"Valutazione delle competenze | Cos'\u00e8 e come applicarla?","og_description":"Cos'\u00e8 la valutazione delle competenze professionali? Come puoi applicarla alla tua azienda per migliorare i tuoi processi?","og_url":"https:\/\/www.bizneo.com\/blog\/it\/valutazione-delle-competenze\/","og_site_name":"Blog de Recursos Humanos de Bizneo HR: pr\u00e1ctico y actual","article_published_time":"2021-11-18T16:38:37+00:00","article_modified_time":"2026-02-01T17:02:19+00:00","og_image":[{"width":1140,"height":640,"url":"https:\/\/www.bizneo.com\/blog\/wp-content\/uploads\/2021\/11\/valutazione-delle-competenze.jpg","type":"image\/jpeg"}],"author":"Matteo","twitter_card":"summary_large_image","twitter_misc":{"Escrito por":"Matteo","Tiempo de lectura":"70 minutos"},"schema":{"@context":"https:\/\/schema.org","@graph":[{"@type":["Article","BlogPosting"],"@id":"https:\/\/www.bizneo.com\/blog\/it\/valutazione-delle-competenze\/#article","isPartOf":{"@id":"https:\/\/www.bizneo.com\/blog\/it\/valutazione-delle-competenze\/"},"author":{"name":"Matteo","@id":"https:\/\/www.bizneo.com\/blog\/#\/schema\/person\/918c65806041f66782c1c3af5eb0ab96"},"headline":"Valutazione delle competenze: cos&#8217;\u00e8 e come applicarla?","datePublished":"2021-11-18T16:38:37+00:00","dateModified":"2026-02-01T17:02:19+00:00","mainEntityOfPage":{"@id":"https:\/\/www.bizneo.com\/blog\/it\/valutazione-delle-competenze\/"},"wordCount":1488,"commentCount":0,"publisher":{"@id":"https:\/\/www.bizneo.com\/blog\/#organization"},"image":{"@id":"https:\/\/www.bizneo.com\/blog\/it\/valutazione-delle-competenze\/#primaryimage"},"thumbnailUrl":"https:\/\/www.bizneo.com\/blog\/wp-content\/uploads\/2021\/11\/valutazione-delle-competenze.jpg","articleSection":["Gestione dei talenti","Valutazione della performance"],"inLanguage":"es","potentialAction":[{"@type":"CommentAction","name":"Comment","target":["https:\/\/www.bizneo.com\/blog\/it\/valutazione-delle-competenze\/#respond"]}]},{"@type":"WebPage","@id":"https:\/\/www.bizneo.com\/blog\/it\/valutazione-delle-competenze\/","url":"https:\/\/www.bizneo.com\/blog\/it\/valutazione-delle-competenze\/","name":"Valutazione delle competenze | Cos'\u00e8 e come applicarla?","isPartOf":{"@id":"https:\/\/www.bizneo.com\/blog\/#website"},"primaryImageOfPage":{"@id":"https:\/\/www.bizneo.com\/blog\/it\/valutazione-delle-competenze\/#primaryimage"},"image":{"@id":"https:\/\/www.bizneo.com\/blog\/it\/valutazione-delle-competenze\/#primaryimage"},"thumbnailUrl":"https:\/\/www.bizneo.com\/blog\/wp-content\/uploads\/2021\/11\/valutazione-delle-competenze.jpg","datePublished":"2021-11-18T16:38:37+00:00","dateModified":"2026-02-01T17:02:19+00:00","description":"Cos'\u00e8 la valutazione delle competenze professionali? Come puoi applicarla alla tua azienda per migliorare i tuoi processi?","breadcrumb":{"@id":"https:\/\/www.bizneo.com\/blog\/it\/valutazione-delle-competenze\/#breadcrumb"},"inLanguage":"es","potentialAction":[{"@type":"ReadAction","target":["https:\/\/www.bizneo.com\/blog\/it\/valutazione-delle-competenze\/"]}]},{"@type":"ImageObject","inLanguage":"es","@id":"https:\/\/www.bizneo.com\/blog\/it\/valutazione-delle-competenze\/#primaryimage","url":"https:\/\/www.bizneo.com\/blog\/wp-content\/uploads\/2021\/11\/valutazione-delle-competenze.jpg","contentUrl":"https:\/\/www.bizneo.com\/blog\/wp-content\/uploads\/2021\/11\/valutazione-delle-competenze.jpg","width":1140,"height":640,"caption":"valutazione delle competenze"},{"@type":"BreadcrumbList","@id":"https:\/\/www.bizneo.com\/blog\/it\/valutazione-delle-competenze\/#breadcrumb","itemListElement":[{"@type":"ListItem","position":1,"name":"Portada","item":"https:\/\/www.bizneo.com\/blog\/"},{"@type":"ListItem","position":2,"name":"Gestione dei talenti","item":"https:\/\/www.bizneo.com\/blog\/it\/category\/gestione-dei-talenti\/"},{"@type":"ListItem","position":3,"name":"Valutazione della performance","item":"https:\/\/www.bizneo.com\/blog\/it\/category\/gestione-dei-talenti\/valutazione-della-performance\/"},{"@type":"ListItem","position":4,"name":"Valutazione delle competenze: cos&#8217;\u00e8 e come applicarla?"}]},{"@type":"WebSite","@id":"https:\/\/www.bizneo.com\/blog\/#website","url":"https:\/\/www.bizneo.com\/blog\/","name":"Blog de Recursos Humanos de Bizneo HR: pr\u00e1ctico y actual","description":"Todo sobre actualidad, herramientas y tecnolog\u00eda  para optimizar la gesti\u00f3n del talento humano","publisher":{"@id":"https:\/\/www.bizneo.com\/blog\/#organization"},"potentialAction":[{"@type":"SearchAction","target":{"@type":"EntryPoint","urlTemplate":"https:\/\/www.bizneo.com\/blog\/?s={search_term_string}"},"query-input":{"@type":"PropertyValueSpecification","valueRequired":true,"valueName":"search_term_string"}}],"inLanguage":"es"},{"@type":"Organization","@id":"https:\/\/www.bizneo.com\/blog\/#organization","name":"Bizneo HR","url":"https:\/\/www.bizneo.com\/blog\/","logo":{"@type":"ImageObject","inLanguage":"es","@id":"https:\/\/www.bizneo.com\/blog\/#\/schema\/logo\/image\/","url":"https:\/\/www.bizneo.com\/blog\/wp-content\/uploads\/2020\/09\/Icono-Logo-Bizneo-HR.png","contentUrl":"https:\/\/www.bizneo.com\/blog\/wp-content\/uploads\/2020\/09\/Icono-Logo-Bizneo-HR.png","width":834,"height":834,"caption":"Bizneo HR"},"image":{"@id":"https:\/\/www.bizneo.com\/blog\/#\/schema\/logo\/image\/"}},{"@type":"Person","@id":"https:\/\/www.bizneo.com\/blog\/#\/schema\/person\/918c65806041f66782c1c3af5eb0ab96","name":"Matteo","image":{"@type":"ImageObject","inLanguage":"es","@id":"https:\/\/secure.gravatar.com\/avatar\/0978826a0ddab20cbf6d5aed62bb04a54b6e14fb794074e39a18a1b365c03e20?s=96&d=mm&r=g","url":"https:\/\/secure.gravatar.com\/avatar\/0978826a0ddab20cbf6d5aed62bb04a54b6e14fb794074e39a18a1b365c03e20?s=96&d=mm&r=g","contentUrl":"https:\/\/secure.gravatar.com\/avatar\/0978826a0ddab20cbf6d5aed62bb04a54b6e14fb794074e39a18a1b365c03e20?s=96&d=mm&r=g","caption":"Matteo"},"url":"https:\/\/www.bizneo.com\/blog\/author\/matteo\/"}]}},"spectra_custom_meta":{"_edit_lock":["1769965593:47"],"_edit_last":["47"],"onesignal_meta_box_present":["1"],"onesignal_send_notification":[""],"onesignal_modify_title_and_content":[""],"onesignal_notification_custom_heading":[null],"onesignal_notification_custom_content":[null],"wp_review_type":["none"],"_at_widget":["1"],"_vce_meta":["a:4:{s:11:\"use_sidebar\";s:7:\"inherit\";s:7:\"sidebar\";s:7:\"inherit\";s:14:\"sticky_sidebar\";s:7:\"inherit\";s:6:\"layout\";s:7:\"inherit\";}"],"_yoast_wpseo_content_score":["90"],"_yoast_wpseo_estimated-reading-time-minutes":["70"],"_yoast_wpseo_focuskw":["valutazione delle competenze"],"_yoast_wpseo_title":["Valutazione delle competenze | Cos'\u00e8 e come applicarla?"],"_yoast_wpseo_metadesc":["Cos'\u00e8 la valutazione delle competenze professionali? Come puoi applicarla alla tua azienda per migliorare i tuoi processi?"],"_yoast_wpseo_linkdex":["88"],"_thumbnail_id":["28713"],"_yoast_wpseo_primary_category":["357"],"Views":["4703"],"_yoast_wpseo_wordproof_timestamp":[""],"_uag_css_file_name":["uag-css-28426.css"],"_uag_page_assets":["a:9:{s:3:\"css\";s:263:\".uag-blocks-common-selector{z-index:var(--z-index-desktop) !important}@media (max-width: 976px){.uag-blocks-common-selector{z-index:var(--z-index-tablet) !important}}@media (max-width: 767px){.uag-blocks-common-selector{z-index:var(--z-index-mobile) !important}}\n\";s:2:\"js\";s:0:\"\";s:18:\"current_block_list\";a:8:{i:0;s:14:\"core\/paragraph\";i:1;s:12:\"core\/heading\";i:2;s:10:\"core\/image\";i:3;s:9:\"core\/html\";i:4;s:9:\"core\/list\";i:5;s:14:\"core\/list-item\";i:6;s:12:\"core\/details\";i:7;s:14:\"core\/shortcode\";}s:8:\"uag_flag\";b:0;s:11:\"uag_version\";s:10:\"1777374828\";s:6:\"gfonts\";a:0:{}s:10:\"gfonts_url\";s:0:\"\";s:12:\"gfonts_files\";a:0:{}s:14:\"uag_faq_layout\";b:0;}"]},"uagb_featured_image_src":{"full":["https:\/\/www.bizneo.com\/blog\/wp-content\/uploads\/2021\/11\/valutazione-delle-competenze.jpg",1140,640,false],"thumbnail":["https:\/\/www.bizneo.com\/blog\/wp-content\/uploads\/2021\/11\/valutazione-delle-competenze-150x150.jpg",150,150,true],"medium":["https:\/\/www.bizneo.com\/blog\/wp-content\/uploads\/2021\/11\/valutazione-delle-competenze-300x168.jpg",300,168,true],"medium_large":["https:\/\/www.bizneo.com\/blog\/wp-content\/uploads\/2021\/11\/valutazione-delle-competenze-768x431.jpg",768,431,true],"large":["https:\/\/www.bizneo.com\/blog\/wp-content\/uploads\/2021\/11\/valutazione-delle-competenze-1024x575.jpg",1024,575,true],"1536x1536":["https:\/\/www.bizneo.com\/blog\/wp-content\/uploads\/2021\/11\/valutazione-delle-competenze.jpg",1140,640,false],"2048x2048":["https:\/\/www.bizneo.com\/blog\/wp-content\/uploads\/2021\/11\/valutazione-delle-competenze.jpg",1140,640,false]},"uagb_author_info":{"display_name":"Matteo","author_link":"https:\/\/www.bizneo.com\/blog\/author\/matteo\/"},"uagb_comment_info":0,"uagb_excerpt":"La valutazione delle competenze \u00e8 nata come alternativa al modello di valutazione delle performance basato sugli obiettivi. Ma perch\u00e9?","_links":{"self":[{"href":"https:\/\/www.bizneo.com\/blog\/wp-json\/wp\/v2\/posts\/28426","targetHints":{"allow":["GET"]}}],"collection":[{"href":"https:\/\/www.bizneo.com\/blog\/wp-json\/wp\/v2\/posts"}],"about":[{"href":"https:\/\/www.bizneo.com\/blog\/wp-json\/wp\/v2\/types\/post"}],"author":[{"embeddable":true,"href":"https:\/\/www.bizneo.com\/blog\/wp-json\/wp\/v2\/users\/39"}],"replies":[{"embeddable":true,"href":"https:\/\/www.bizneo.com\/blog\/wp-json\/wp\/v2\/comments?post=28426"}],"version-history":[{"count":16,"href":"https:\/\/www.bizneo.com\/blog\/wp-json\/wp\/v2\/posts\/28426\/revisions"}],"predecessor-version":[{"id":59385,"href":"https:\/\/www.bizneo.com\/blog\/wp-json\/wp\/v2\/posts\/28426\/revisions\/59385"}],"wp:featuredmedia":[{"embeddable":true,"href":"https:\/\/www.bizneo.com\/blog\/wp-json\/wp\/v2\/media\/28713"}],"wp:attachment":[{"href":"https:\/\/www.bizneo.com\/blog\/wp-json\/wp\/v2\/media?parent=28426"}],"wp:term":[{"taxonomy":"category","embeddable":true,"href":"https:\/\/www.bizneo.com\/blog\/wp-json\/wp\/v2\/categories?post=28426"},{"taxonomy":"post_tag","embeddable":true,"href":"https:\/\/www.bizneo.com\/blog\/wp-json\/wp\/v2\/tags?post=28426"}],"curies":[{"name":"wp","href":"https:\/\/api.w.org\/{rel}","templated":true}]}}