{"id":28141,"date":"2021-11-26T13:42:52","date_gmt":"2021-11-26T12:42:52","guid":{"rendered":"https:\/\/www.bizneo.com\/blog\/?p=28141"},"modified":"2026-02-01T17:58:21","modified_gmt":"2026-02-01T16:58:21","slug":"gestion-des-conges","status":"publish","type":"post","link":"https:\/\/www.bizneo.com\/blog\/fr\/gestion-des-conges\/","title":{"rendered":"Comment assurer une bonne gestion des cong\u00e9s de vos employ\u00e9s\u00a0?"},"content":{"rendered":"\n<p>Or, une mauvaise gestion des cong\u00e9s du personnel peut \u00eatre <strong>\u00e0 l&#8217;origine de pertes financi\u00e8res<\/strong>. Ryanair en est un bon exemple. La soci\u00e9t\u00e9 irlandaise a mal g\u00e9r\u00e9 les absences de ses employ\u00e9s et a d\u00fb <strong>annuler plus de 2 000 vols<\/strong>. Autrement dit, <strong>l&#8217;entreprise a perdu pr\u00e8s de 34,5 millions<\/strong> <strong>d&#8217;euros<\/strong> sous forme d&#8217;indemnisations pour les consommateurs\u2026<\/p>\n\n\n\n<p>Au moment de g\u00e9rer les cong\u00e9s et les absences, les responsables des ressources humaines re\u00e7oivent des centaines de mails avec les demandes de dates, des modifications, des questions\u2026 Et c&#8217;est difficile d&#8217;en sortir indemne&nbsp;!<\/p>\n\n\n\n<p><strong>Comment g\u00e9rer les cong\u00e9s des employ\u00e9s efficacement<\/strong> ? Existe-t-il un <a href=\"\/fr\/logiciel-gestion-conges-absences\/\" data-wpel-link=\"internal\" target=\"_blank\"><\/a><a href=\"\/fr\/logiciel-gestion-conges-absences\/\" data-wpel-link=\"internal\" target=\"_blank\">logiciel gestion des cong\u00e9s du personnel<\/a> qui simplifie et automatise les t\u00e2ches ? Quelles sont les erreurs les plus courantes dans la <a href=\"\/blog\/fr\/gestion-des-absences\/\" data-wpel-link=\"internal\" target=\"_blank\">gestion des absences<\/a> des salari\u00e9s ?<\/p>\n\n\n\n<h2 class=\"wp-block-heading\">L&#8217;importance d&#8217;une bonne gestion des cong\u00e9s <\/h2>\n\n\n\n<p>Lorsqu&#8217;on fait un bon suivi des cong\u00e9s du personnel, cela se refl\u00e8te sur <strong>les r\u00e9sultats de l&#8217;entreprise<\/strong>, l&#8217;environnement de travail et la productivit\u00e9.<\/p>\n\n\n\n<p>De nombreux d\u00e9partements RH appr\u00e9hendent <strong>la gestion des cong\u00e9s et des absences<\/strong>, ind\u00e9pendamment de la taille de l&#8217;entreprise. C&#8217;est une t\u00e2che chronophage et \u00e0 grand risque.<\/p>\n\n\n\n<p>D&#8217;autre part,<strong> les travailleurs doivent se reposer pour maintenir une bonne productivit\u00e9<\/strong>, diminuer le stress, entretenir leur cr\u00e9ativit\u00e9 et favoriser des conditions de travail optimales. D&#8217;ailleurs, on estime que la p\u00e9riode de repos id\u00e9ale pour se d\u00e9connecter et revenir plein d&#8217;\u00e9nergie est de <strong>10 jours<\/strong>.<\/p>\n\n\n\n<p>Mais pour que les <a href=\"https:\/\/www.bizneo.com\/blog\/fr\/conges\/\" data-wpel-link=\"internal\" target=\"_blank\">cong\u00e9s<\/a> soient une r\u00e9ussite, il faut <strong>\u00e9tablir des r\u00e8gles de base<\/strong> pour \u00e9viter les surprises et que<strong> tous connaissent leurs droits<\/strong>. Ou la raison d&#8217;un \u00e9ventuel refus d&#8217;une demande particuli\u00e8re.<\/p>\n\n\n\n<p>L&#8217;employeur doit faire preuve de souplesse avec tous les employ\u00e9s et leur permettre, dans la mesure du possible, de <strong>concilier leurs vacances avec leur vie familiale<\/strong>.<\/p>\n\n\n\n<bzn-info><a href=\"\/blog\/fr\/gestion-des-absences\/\" id=\"destacado-post\" target=\"_blank\" rel=\"noopener noreferrer\" data-wpel-link=\"internal\"><span class=\"bzn-link-title\"><strong>Qu\u2019est-ce que la gestion des absences ?<\/strong><\/span> <br>Fonctionnalit\u00e9s d\u2019un logiciel de contr\u00f4le des absences du personnel.<br><\/a><\/bzn-info>\n\n\n\n<p><\/p>\n\n\n\n<h2 class=\"wp-block-heading\">Syst\u00e8mes de gestion des cong\u00e9s du personnel <\/h2>\n\n\n\n<p>Il existe <strong>diff\u00e9rents syst\u00e8mes de gestion des absences<\/strong>. Class\u00e9s des plus traditionnelles aux plus modernes, on peut mentionner :<\/p>\n\n\n\n<h3 class=\"wp-block-heading\">Les plannings des cong\u00e9s<\/h3>\n\n\n\n<p>C&#8217;est la plus ancienne et celle qui provoque le plus d&#8217;erreurs&nbsp;: g\u00e9rer les absences sur un <a href=\"https:\/\/www.bizneo.com\/blog\/fr\/planning-des-conges\/\" data-wpel-link=\"internal\" target=\"_blank\">planning cong\u00e9s<\/a> et absences papier.&nbsp;Elle ne requiert <strong>aucune comp\u00e9tence en mati\u00e8re d&#8217;organisation et de gestion<\/strong>.<\/p>\n\n\n\n<p>Un<strong> <a href=\"\/fr\/logiciel-gestion-conges-absences\/\" data-wpel-link=\"internal\" target=\"_blank\"><\/a><a href=\"\/fr\/logiciel-gestion-conges-absences\/\" data-wpel-link=\"internal\" target=\"_blank\">logiciel de gestion des cong\u00e9s et absences<\/a><\/strong> permet \u00e0 chaque employ\u00e9 de demander ses cong\u00e9s et d&#8217;attendre simplement la validation de son responsable.<\/p>\n\n\n\n<figure class=\"wp-block-image size-full\"><a href=\"\/fr\/logiciel-gestion-conges-absences\/\" data-wpel-link=\"internal\" target=\"_blank\"><img decoding=\"async\" width=\"1500\" height=\"1089\" src=\"https:\/\/www.bizneo.com\/blog\/wp-content\/uploads\/2021\/09\/Calendrier-de-conges-et-absences-de-votre-entreprise.webp\" alt=\"Calendrier de cong\u00e9s et absences de votre entreprise\" class=\"wp-image-25505\" srcset=\"https:\/\/www.bizneo.com\/blog\/wp-content\/uploads\/2021\/09\/Calendrier-de-conges-et-absences-de-votre-entreprise.webp 1500w, https:\/\/www.bizneo.com\/blog\/wp-content\/uploads\/2021\/09\/Calendrier-de-conges-et-absences-de-votre-entreprise-300x218.webp 300w, https:\/\/www.bizneo.com\/blog\/wp-content\/uploads\/2021\/09\/Calendrier-de-conges-et-absences-de-votre-entreprise-1024x743.webp 1024w, https:\/\/www.bizneo.com\/blog\/wp-content\/uploads\/2021\/09\/Calendrier-de-conges-et-absences-de-votre-entreprise-768x558.webp 768w, https:\/\/www.bizneo.com\/blog\/wp-content\/uploads\/2021\/09\/Calendrier-de-conges-et-absences-de-votre-entreprise-810x588.webp 810w, https:\/\/www.bizneo.com\/blog\/wp-content\/uploads\/2021\/09\/Calendrier-de-conges-et-absences-de-votre-entreprise-1140x828.webp 1140w\" sizes=\"(max-width: 1500px) 100vw, 1500px\" \/><\/a><\/figure>\n\n\n\n<p>Cela rationalise le processus gr\u00e2ce \u00e0 des notifications automatiques <strong>et \u00e0 un bilan des jours de cong\u00e9s <\/strong>restants pour \u00eatre toujours au point.<\/p>\n\n\n\n<h3 class=\"wp-block-heading\">Gestion des cong\u00e9s sur Excel<\/h3>\n\n\n\n<div id=\"cbox-4lHZzEpMiUZHjpnz\"><\/div>\n\n\n\n<p><\/p>\n\n\n\n<p><\/p>\n\n\n\n<p>La gestion des cong\u00e9s sur tableau Excel syst\u00e8me \u00e9galement obsol\u00e8te et chronophage car, en plus de la <strong>saisie manuelle<\/strong> de toutes les donn\u00e9es, la moindre erreur engendre des probl\u00e8mes. Parmi les inconv\u00e9nients, on peut citer&nbsp;:<\/p>\n\n\n\n<ul class=\"wp-block-list\">\n<li>L&#8217;impossibilit\u00e9 de<strong> g\u00e9rer des t\u00e2ches simultan\u00e9es<\/strong>.<\/li>\n\n\n\n<li>Un <strong>risque de doublons<\/strong> lors de l&#8217;attribution des cong\u00e9s.<\/li>\n\n\n\n<li>Une <strong>navigation lente<\/strong> lorsqu&#8217;on accumule trop de donn\u00e9es.<\/li>\n\n\n\n<li><strong>Peu accessible<\/strong> et peu ergonomique&nbsp;: une \u00ab&nbsp;solution&nbsp;\u00bb non responsive.<\/li>\n\n\n\n<li><strong>Peu pratique<\/strong> pour travailler \u00e0 distance et acc\u00e9der \u00e0 un syst\u00e8me actualis\u00e9 en temps r\u00e9el.<\/li>\n<\/ul>\n\n\n\n<p>\u00c9vitez les erreurs et le probl\u00e8mes de la gestion des cong\u00e9s sur Excel avec un <strong><a href=\"\/fr\/logiciel-gestion-conges-absences\/\" data-wpel-link=\"internal\" target=\"_blank\">logiciel de gestion des cong\u00e9s<\/a><\/strong>.<\/p>\n\n\n\n<figure class=\"wp-block-image size-large\"><a href=\"https:\/\/www.bizneo.com\/fr\/logiciel-gestion-conges-absences\/\" target=\"_blank\" rel=\"noopener\" data-wpel-link=\"internal\"><img decoding=\"async\" width=\"1024\" height=\"154\" src=\"https:\/\/www.bizneo.com\/blog\/wp-content\/uploads\/2021\/09\/banner-medio-conges-excel-1024x154.jpg\" alt=\"outil de gestion des cong\u00e9s\" class=\"wp-image-25204\" srcset=\"https:\/\/www.bizneo.com\/blog\/wp-content\/uploads\/2021\/09\/banner-medio-conges-excel-1024x154.jpg 1024w, https:\/\/www.bizneo.com\/blog\/wp-content\/uploads\/2021\/09\/banner-medio-conges-excel-300x45.jpg 300w, https:\/\/www.bizneo.com\/blog\/wp-content\/uploads\/2021\/09\/banner-medio-conges-excel-768x115.jpg 768w, https:\/\/www.bizneo.com\/blog\/wp-content\/uploads\/2021\/09\/banner-medio-conges-excel-810x122.jpg 810w, https:\/\/www.bizneo.com\/blog\/wp-content\/uploads\/2021\/09\/banner-medio-conges-excel-1140x171.jpg 1140w, https:\/\/www.bizneo.com\/blog\/wp-content\/uploads\/2021\/09\/banner-medio-conges-excel.jpg 1360w\" sizes=\"(max-width: 1024px) 100vw, 1024px\" \/><\/a><\/figure>\n\n\n\n<h3 class=\"wp-block-heading\">Les bases de donn\u00e9es<\/h3>\n\n\n\n<p>Ici les cong\u00e9s sont enregistr\u00e9s dans un syst\u00e8me informatique. Cela permet un meilleur affichage des donn\u00e9es qu&#8217;avec le mod\u00e8le Excel, mais pr\u00e9sente <strong>toujours des limites importantes<\/strong>.&nbsp;Il permet de visualiser les cong\u00e9s et les absences mais <strong>pas de manipuler les donn\u00e9es<\/strong>. Il s&#8217;agit plus d&#8217;un syst\u00e8me d&#8217;affichage que de gestion.<\/p>\n\n\n\n<h3 class=\"wp-block-heading\">Les logiciels de gestion des cong\u00e9s et des absences<\/h3>\n\n\n\n<p>Voici un <a href=\"https:\/\/www.bizneo.com\/blog\/fr\/outil-rh\/\" data-wpel-link=\"internal\" target=\"_blank\">outil RH<\/a> qui <strong>simplifie le travail des responsables Ressources Humaines<\/strong> qui leur permet d&#8217;automatiser la gestion des cong\u00e9s. Vous pouvez effectuer toutes les t\u00e2ches n\u00e9cessaires li\u00e9es aux cong\u00e9s des travailleurs <strong>de fa\u00e7on tr\u00e8s visuelle<\/strong>.<\/p>\n\n\n\n<figure class=\"wp-block-image size-full\"><a href=\"\/fr\/logiciel-gestion-conges-absences\/\" data-wpel-link=\"internal\" target=\"_blank\"><img decoding=\"async\" width=\"1500\" height=\"1006\" src=\"https:\/\/www.bizneo.com\/blog\/wp-content\/uploads\/2021\/09\/Logiciel-RH-Gestion-conges-absences.webp\" alt=\"Logiciel de Cong\u00e9s et Absences \" class=\"wp-image-25513\" srcset=\"https:\/\/www.bizneo.com\/blog\/wp-content\/uploads\/2021\/09\/Logiciel-RH-Gestion-conges-absences.webp 1500w, https:\/\/www.bizneo.com\/blog\/wp-content\/uploads\/2021\/09\/Logiciel-RH-Gestion-conges-absences-300x201.webp 300w, https:\/\/www.bizneo.com\/blog\/wp-content\/uploads\/2021\/09\/Logiciel-RH-Gestion-conges-absences-1024x687.webp 1024w, https:\/\/www.bizneo.com\/blog\/wp-content\/uploads\/2021\/09\/Logiciel-RH-Gestion-conges-absences-768x515.webp 768w, https:\/\/www.bizneo.com\/blog\/wp-content\/uploads\/2021\/09\/Logiciel-RH-Gestion-conges-absences-810x543.webp 810w, https:\/\/www.bizneo.com\/blog\/wp-content\/uploads\/2021\/09\/Logiciel-RH-Gestion-conges-absences-1140x765.webp 1140w\" sizes=\"(max-width: 1500px) 100vw, 1500px\" \/><\/a><\/figure>\n\n\n\n<p>Comme <strong>le travailleur g\u00e8re ses demandes<\/strong> et peut consulter le syst\u00e8me, cela fluidifie le processus RH. Cet <a href=\"\/fr\/logiciel-gestion-conges-absences\/\" data-wpel-link=\"internal\" target=\"_blank\">logiciel de Cong\u00e9s et Absences<\/a> couvre pratiquement 99% des besoins des entreprises.<\/p>\n\n\n\n<p>Mais si l&#8217;autogestion automatique des cong\u00e9s ne suffit pas, nous pouvons mettre en place <strong>un<\/strong> <strong>syst\u00e8me personnalis\u00e9<\/strong> avec la flexibilit\u00e9 dont vous avez besoin.<\/p>\n\n\n\n<figure class=\"wp-block-image size-full\"><a href=\"\/fr\/logiciel-gestion-conges-absences\/\" data-wpel-link=\"internal\" target=\"_blank\"><img decoding=\"async\" width=\"1500\" height=\"1104\" src=\"https:\/\/www.bizneo.com\/blog\/wp-content\/uploads\/2021\/09\/Exemple-de-politique-de-conges-et-absences.webp\" alt=\"Exemple de politique de cong\u00e9s et absences\" class=\"wp-image-25511\" srcset=\"https:\/\/www.bizneo.com\/blog\/wp-content\/uploads\/2021\/09\/Exemple-de-politique-de-conges-et-absences.webp 1500w, https:\/\/www.bizneo.com\/blog\/wp-content\/uploads\/2021\/09\/Exemple-de-politique-de-conges-et-absences-300x221.webp 300w, https:\/\/www.bizneo.com\/blog\/wp-content\/uploads\/2021\/09\/Exemple-de-politique-de-conges-et-absences-1024x754.webp 1024w, https:\/\/www.bizneo.com\/blog\/wp-content\/uploads\/2021\/09\/Exemple-de-politique-de-conges-et-absences-768x565.webp 768w, https:\/\/www.bizneo.com\/blog\/wp-content\/uploads\/2021\/09\/Exemple-de-politique-de-conges-et-absences-810x596.webp 810w, https:\/\/www.bizneo.com\/blog\/wp-content\/uploads\/2021\/09\/Exemple-de-politique-de-conges-et-absences-1140x839.webp 1140w\" sizes=\"(max-width: 1500px) 100vw, 1500px\" \/><\/a><\/figure>\n\n\n\n<p>Aujourd&#8217;hui, les <strong>politiques de cong\u00e9s<\/strong> changent fr\u00e9quemment et nous vous donnons la <strong>possibilit\u00e9 de configurer<\/strong> :<\/p>\n\n\n\n<ul class=\"wp-block-list\">\n<li>Le nom\/type d&#8217;absence<\/li>\n\n\n\n<li>Si c&#8217;est comptabilis\u00e9 en cong\u00e9s<\/li>\n\n\n\n<li>La documentation requise<\/li>\n\n\n\n<li>Qu&#8217;elle soit automatiquement accept\u00e9e ou refus\u00e9e ou s&#8217;il faut la validation du responsable.<\/li>\n\n\n\n<li>Entre autres.<\/li>\n<\/ul>\n\n\n\n<bzn-link><a href=\"\/fr\/logiciel-gestion-conges-absences\/\" id=\"destacado-vacaciones\" target=\"_blank\" rel=\"noopener noreferrer\" data-wpel-link=\"internal\"><span class=\"bzn-link-title\">LOGICIEL DE CONG\u00c9S ET ABSENCES<\/span>G\u00e9rez facilement votre temps de travail gr\u00e2ce \u00e0 un outil 5 en 1<\/a><\/bzn-link>\n\n\n\n<p><\/p>\n\n\n\n<h2 class=\"wp-block-heading\">Avantages d&#8217;un logiciel pour la gestion des cong\u00e9s et des absences<\/h2>\n\n\n\n<p>Voici les avantages de l&#8217;utilisation d&#8217;un outil sp\u00e9cifique pour effectuer le suivi des absences et des cong\u00e9s dans une entreprise&nbsp;:<\/p>\n\n\n\n<ul class=\"wp-block-list\">\n<li>Cela <strong>am\u00e9liore la <a href=\"\/blog\/fr\/gestion-des-ressources-humaines-grh\/\" data-wpel-link=\"internal\" target=\"_blank\">gestion des ressources humaines<\/a><\/strong> en \u00e9vitant les impr\u00e9vus de derni\u00e8re minute ou un manque d&#8217;expertise en raison de cong\u00e9s simultan\u00e9s de deux professionnels du m\u00eame d\u00e9partement.<\/li>\n\n\n\n<li><strong>Attribution automatique des jours de cong\u00e9 <\/strong>pour chaque travailleur. Le syst\u00e8me identifie le type de contrat et informe sur les jours disponibles \u00e0 distribuer durant l&#8217;ann\u00e9e.<\/li>\n\n\n\n<li><strong>R\u00e9duction des conflits<\/strong> avec les employ\u00e9s qui peuvent consulter la plateforme en ligne \u00e0 tout moment.<\/li>\n\n\n\n<li><strong>Plus de transparence, d&#8217;\u00e9quit\u00e9 et de flexibilit\u00e9<\/strong>, ce qui favorise une bonne ambiance de travail.<\/li>\n\n\n\n<li><strong>Optimisation du temps<\/strong> des managers et des responsables RH et une meilleure accessibilit\u00e9.<\/li>\n<\/ul>\n\n\n\n<p><strong>Votre entreprise fait des voyages d&#8217;affaires ou du t\u00e9l\u00e9travail ?<\/strong><\/p>\n\n\n\n<p>Fournissez \u00e0 votre personnel <strong>une application pour g\u00e9rer les cong\u00e9s<\/strong> avec un acc\u00e8s 24h\/24 et 7j\/7. Notifications instantan\u00e9es, t\u00e9l\u00e9chargement des justificatifs, calendrier des absences\u2026 <strong>Facilitez la vie de vos employ\u00e9s et optimisez la gestion des responsables<\/strong>.<\/p>\n\n\n\n<figure class=\"wp-block-image size-full\"><a href=\"\/fr\/logiciel-gestion-conges-absences\/\" data-wpel-link=\"internal\" target=\"_blank\"><img decoding=\"async\" width=\"1690\" height=\"1077\" src=\"https:\/\/www.bizneo.com\/blog\/wp-content\/uploads\/2021\/09\/Application-pour-la-gestion-de-conges-des-collaborateurs-1.webp\" alt=\"Application pour la gestion de cong\u00e9s des collaborateurs facile\" class=\"wp-image-25501\" srcset=\"https:\/\/www.bizneo.com\/blog\/wp-content\/uploads\/2021\/09\/Application-pour-la-gestion-de-conges-des-collaborateurs-1.webp 1690w, https:\/\/www.bizneo.com\/blog\/wp-content\/uploads\/2021\/09\/Application-pour-la-gestion-de-conges-des-collaborateurs-1-300x191.webp 300w, https:\/\/www.bizneo.com\/blog\/wp-content\/uploads\/2021\/09\/Application-pour-la-gestion-de-conges-des-collaborateurs-1-1024x653.webp 1024w, https:\/\/www.bizneo.com\/blog\/wp-content\/uploads\/2021\/09\/Application-pour-la-gestion-de-conges-des-collaborateurs-1-768x489.webp 768w, https:\/\/www.bizneo.com\/blog\/wp-content\/uploads\/2021\/09\/Application-pour-la-gestion-de-conges-des-collaborateurs-1-1536x979.webp 1536w, https:\/\/www.bizneo.com\/blog\/wp-content\/uploads\/2021\/09\/Application-pour-la-gestion-de-conges-des-collaborateurs-1-810x516.webp 810w, https:\/\/www.bizneo.com\/blog\/wp-content\/uploads\/2021\/09\/Application-pour-la-gestion-de-conges-des-collaborateurs-1-1140x726.webp 1140w\" sizes=\"(max-width: 1690px) 100vw, 1690px\" \/><\/a><\/figure>\n\n\n\n<h2 class=\"wp-block-heading\">3 erreurs courantes dans la gestion des cong\u00e9s et des absences<\/h2>\n\n\n\n<p>Si l&#8217;entreprise ne dispose pas d&#8217;un outil qui simplifie et automatise les processus, elle peut commettre les<strong> erreurs suivantes dans la gestion des absenc<\/strong>es des ressources humaines :<\/p>\n\n\n\n<h3 class=\"wp-block-heading\">Programmer les cong\u00e9s trop en avance<\/h3>\n\n\n\n<p>Vouloir trop s&#8217;anticiper <strong>n&#8217;est pas une bonne id\u00e9e<\/strong>.<\/p>\n\n\n\n<p>Cela peut vous amener \u00e0 devoir modifier des jours f\u00e9ri\u00e9s fix\u00e9s a posteriori. <strong>Vous perdez en flexibilit\u00e9<\/strong> et vous obligez potentiellement les employ\u00e9s \u00e0 demander des dates qui ne correspondent pas \u00e0 leur vie de famille. Ce qui entra\u00eene d&#8217;ailleurs des demandes de modification.<\/p>\n\n\n\n<h3 class=\"wp-block-heading\">T\u00e2ches dupliqu\u00e9es<\/h3>\n\n\n\n<p>Normalement, les entreprises envoient un email pour demander les dates souhait\u00e9es par les employ\u00e9s. Ceux-ci r\u00e9pondent et le responsable doit tout concilier, <strong>tout faire cadrer sans chevauchements <\/strong>et garder toujours un travailleur essentiel en activit\u00e9. Le tout sans causer de <strong>probl\u00e8mes dans la gestion de l&#8217;entreprise<\/strong> ni dans l&#8217;ambiance de travail. Compliqu\u00e9, n&#8217;est-ce pas&nbsp;?<\/p>\n\n\n\n<p>On y perd du temps et on n&#8217;optimise pas ses ressources.<\/p>\n\n\n\n<p>Un <strong>syst\u00e8me de suivi des cong\u00e9s du personnel <\/strong>\u00e9vite ce casse-t\u00eate.&nbsp;Le responsable RH peut v\u00e9rifier directement sur la plateforme les demandes et les \u00e9ventuels probl\u00e8mes en un clin d&#8217;\u0153il. Tout pour ne pas compromettre votre service aupr\u00e8s de vos clients.<\/p>\n\n\n\n<figure class=\"wp-block-image size-full\"><a href=\"\/fr\/logiciel-gestion-conges-absences\/\" data-wpel-link=\"internal\" target=\"_blank\"><img decoding=\"async\" width=\"1500\" height=\"1108\" src=\"https:\/\/www.bizneo.com\/blog\/wp-content\/uploads\/2021\/09\/logiciel-gestion-planning-conges-absences.webp\" alt=\"Logiciel de Gestion de Cong\u00e9s\" class=\"wp-image-25515\" srcset=\"https:\/\/www.bizneo.com\/blog\/wp-content\/uploads\/2021\/09\/logiciel-gestion-planning-conges-absences.webp 1500w, https:\/\/www.bizneo.com\/blog\/wp-content\/uploads\/2021\/09\/logiciel-gestion-planning-conges-absences-300x222.webp 300w, https:\/\/www.bizneo.com\/blog\/wp-content\/uploads\/2021\/09\/logiciel-gestion-planning-conges-absences-1024x756.webp 1024w, https:\/\/www.bizneo.com\/blog\/wp-content\/uploads\/2021\/09\/logiciel-gestion-planning-conges-absences-768x567.webp 768w, https:\/\/www.bizneo.com\/blog\/wp-content\/uploads\/2021\/09\/logiciel-gestion-planning-conges-absences-810x598.webp 810w, https:\/\/www.bizneo.com\/blog\/wp-content\/uploads\/2021\/09\/logiciel-gestion-planning-conges-absences-1140x842.webp 1140w\" sizes=\"(max-width: 1500px) 100vw, 1500px\" \/><\/a><\/figure>\n\n\n\n<p><\/p>\n\n\n\n<h3 class=\"wp-block-heading\">Utilisation d&#8217;outils obsol\u00e8tes<\/h3>\n\n\n\n<p>L&#8217;utilisation d&#8217;Excel pour le suivi des vacances est <strong>une vieille m\u00e9thode<\/strong> qui remonte \u00e0 l&#8217;\u00e9poque o\u00f9 <strong>il n&#8217;existait pas d&#8217;outils pour automatiser <\/strong>et simplifier le processus.<\/p>\n\n\n\n<figure class=\"wp-block-image size-full\"><a href=\"\/fr\/logiciel-gestion-conges-absences\/\" data-wpel-link=\"internal\" target=\"_blank\"><img decoding=\"async\" width=\"1500\" height=\"1077\" src=\"https:\/\/www.bizneo.com\/blog\/wp-content\/uploads\/2021\/09\/Controle-de-Conges-et-Absences.webp\" alt=\"Contr\u00f4le de Cong\u00e9s et Absences totalement personnalisable\" class=\"wp-image-25507\" srcset=\"https:\/\/www.bizneo.com\/blog\/wp-content\/uploads\/2021\/09\/Controle-de-Conges-et-Absences.webp 1500w, https:\/\/www.bizneo.com\/blog\/wp-content\/uploads\/2021\/09\/Controle-de-Conges-et-Absences-300x215.webp 300w, https:\/\/www.bizneo.com\/blog\/wp-content\/uploads\/2021\/09\/Controle-de-Conges-et-Absences-1024x735.webp 1024w, https:\/\/www.bizneo.com\/blog\/wp-content\/uploads\/2021\/09\/Controle-de-Conges-et-Absences-768x551.webp 768w, https:\/\/www.bizneo.com\/blog\/wp-content\/uploads\/2021\/09\/Controle-de-Conges-et-Absences-810x582.webp 810w, https:\/\/www.bizneo.com\/blog\/wp-content\/uploads\/2021\/09\/Controle-de-Conges-et-Absences-1140x819.webp 1140w\" sizes=\"(max-width: 1500px) 100vw, 1500px\" \/><\/a><\/figure>\n\n\n\n<p>Avec <a href=\"\/fr\/logiciel-gestion-conges-absences\/\" data-wpel-link=\"internal\" target=\"_blank\">un logiciel de cong\u00e9 pour employ\u00e9s<\/a>, on met en place des r\u00e8gles et une configuration pour toutes les absences possibles dans une entreprise. Ainsi, <strong>on peut tout g\u00e9rer automatiquement<\/strong>.<\/p>\n\n\n\n<figure class=\"wp-block-image size-full\"><a href=\"https:\/\/hello.bizneo.com\/template\/logiciel-rh-roles-dans-une-entreprise\/?utm_content=post-banner-medio\" data-wpel-link=\"internal\" target=\"_blank\"><img decoding=\"async\" width=\"1360\" height=\"204\" src=\"https:\/\/www.bizneo.com\/blog\/wp-content\/uploads\/2022\/02\/Banner-impact-logiciel-rh-roles.jpg\" alt=\"Banner impact logiciel rh roles\" class=\"wp-image-31953\" srcset=\"https:\/\/www.bizneo.com\/blog\/wp-content\/uploads\/2022\/02\/Banner-impact-logiciel-rh-roles.jpg 1360w, https:\/\/www.bizneo.com\/blog\/wp-content\/uploads\/2022\/02\/Banner-impact-logiciel-rh-roles-300x45.jpg 300w, https:\/\/www.bizneo.com\/blog\/wp-content\/uploads\/2022\/02\/Banner-impact-logiciel-rh-roles-1024x154.jpg 1024w, https:\/\/www.bizneo.com\/blog\/wp-content\/uploads\/2022\/02\/Banner-impact-logiciel-rh-roles-768x115.jpg 768w, https:\/\/www.bizneo.com\/blog\/wp-content\/uploads\/2022\/02\/Banner-impact-logiciel-rh-roles-810x122.jpg 810w, https:\/\/www.bizneo.com\/blog\/wp-content\/uploads\/2022\/02\/Banner-impact-logiciel-rh-roles-1140x171.jpg 1140w\" sizes=\"(max-width: 1360px) 100vw, 1360px\" \/><\/a><\/figure>\n\n\n\n<h2 class=\"wp-block-heading\">Comment am\u00e9liorer le suivi des absences des salari\u00e9s<\/h2>\n\n\n\n<p>Il existe quatre \u00e9tapes essentielles pour optimiser la gestion des cong\u00e9s et des absences :<\/p>\n\n\n\n<h3 class=\"wp-block-heading\">Calculer automatiquement les cong\u00e9s de chaque employ\u00e9<\/h3>\n\n\n\n<p>Un <a href=\"\/fr\/logiciel-gestion-conges-absences\/\" data-wpel-link=\"internal\" target=\"_blank\">logiciel de cong\u00e9s<\/a><strong> calcule automatiquement le nombre de <\/strong>jours qui correspondent \u00e0 chaque employ\u00e9. Le registre ordonne et affiche les jours pris, les jours en attente et les <strong><a href=\"https:\/\/www.bizneo.com\/blog\/fr\/demande-de-conges\/\" data-wpel-link=\"internal\" target=\"_blank\">demandes de cong\u00e9 ou d&#8217;absence<\/a> valid\u00e9es <\/strong>par l&#8217;entreprise.&nbsp;<\/p>\n\n\n\n<p>Un calcul en fonction de la convention ou du poste de chacun qui prend en compte les jours f\u00e9ri\u00e9s \u00e0 \u00e9chelle locale, r\u00e9gionale ou nationale. Avec ce type d&#8217;outil, on obtient <strong>une transparence totale et une meilleure flexibilit\u00e9<\/strong>.<\/p>\n\n\n\n<p>Les demandes de cong\u00e9 sont centralis\u00e9es ce qui \u00e9vite la duplication des t\u00e2ches. Et le personnel peut le consulter et l&#8217;utiliser de fa\u00e7on autonome.<\/p>\n\n\n\n<bzn-link><a href=\"https:\/\/hello.bizneo.com\/demo\/suite\/fr\/\" id=\"destacado-vacaciones\" target=\"_blank\" rel=\"noopener noreferrer\" data-wpel-link=\"internal\"><span class=\"bzn-link-title\">CET OUTIL CALCULE AUTOMATIQUEMENT LES VACANCES ET LES CONG\u00c9S<\/span>Vous optimisez le processus de cl\u00f4ture des nouveaux d\u00e9veloppements ou des incidents de paie.<\/a><\/bzn-link>\n\n\n\n<p><\/p>\n\n\n\n<h3 class=\"wp-block-heading\">\u00c9tablir des alertes automatiques<\/h3>\n\n\n\n<p>Pour \u00e9viter les oublis dans un d\u00e9partement RH, les <a href=\"\/fr\/logiciel-gestion-conges-absences\/\" data-wpel-link=\"internal\" target=\"_blank\">logiciel de gestion des cong\u00e9s<\/a>, de cong\u00e9 et de vacances vous permettent de <strong>mettre en place des alertes automatiques<\/strong>. Cela favorise une organisation plus efficace, all\u00e8ge la charge bureaucratique et des r\u00e9ponses imm\u00e9diates, depuis n&#8217;importe quel dispositif.<\/p>\n\n\n\n<p>Un facteur d&#8217;harmonie au travail qui <strong>\u00e9vite les frustrations<\/strong> et qui incitent \u00e0 mieux accomplir ses t\u00e2ches professionnelles chez les employ\u00e9s.<\/p>\n\n\n\n<p>Toutefois, si vous avez besoin d&#8217;<strong>une gestion avanc\u00e9e et automatis\u00e9e<\/strong>, essayez notre logiciel de suivi des vacances. Un syst\u00e8me de demande et de validation des cong\u00e9s qui <strong>vous fera gagner du temps et de l&#8217;argent<\/strong>, \u00e0 moindre effort.<\/p>\n\n\n\n<bzn-info><a href=\"\/blog\/fr\/suivi-du-temps\/\" id=\"destacado-post\" target=\"_blank\" rel=\"noopener noreferrer\" data-wpel-link=\"internal\"><span class=\"bzn-link-title\"><strong>Qu\u2019est ce que le suivi du temps\u00a0?<\/strong><\/span> <br>D\u00e9couvrez les avantages d&#8217;utililser un logiciel suivi du temps dans votre entreprise<br><\/a><\/bzn-info>\n\n\n\n<p><\/p>\n\n\n\n<h3 class=\"wp-block-heading\">Communiquez correctement avec vos employ\u00e9s<\/h3>\n\n\n\n<p>Un syst\u00e8me de suivi des cong\u00e9s est utile car il vous permet de <strong>tenir votre personnel inform\u00e9 \u00e0 tout moment<\/strong> du calendrier de travail de l&#8217;organisme.<\/p>\n\n\n\n<p>De plus, si les demandes de cong\u00e9s sont trait\u00e9es<strong> rapidement et automatiqueme<\/strong>nt, ils se sentiront \u00e0 l&#8217;aise avec la r\u00e9activit\u00e9 de l&#8217;entreprise, favorisant <strong>un sentiment d&#8217;appartenance<\/strong>.&nbsp;Le logiciel permet \u00e9galement de conna\u00eetre les r\u00e8gles du jeu d\u00e8s le d\u00e9part. Comme les moments o\u00f9 l&#8217;on peut prendre des cong\u00e9s selon le besoin de personnel \u00e0 une p\u00e9riode donn\u00e9e.<\/p>\n\n\n\n<p>Pour tester le fonctionnement de notre syst\u00e8me, nous avons pr\u00e9par\u00e9 un mod\u00e8le personnalisable pour communiquer les dates de vacances d&#8217;un employ\u00e9. <strong>Une \u00e9tape pr\u00e9liminaire \u00e0 l&#8217;automatisation.<\/strong><\/p>\n\n\n\n<figure class=\"wp-block-image size-large\"><img decoding=\"async\" width=\"1024\" height=\"774\" src=\"https:\/\/www.bizneo.com\/blog\/wp-content\/uploads\/2022\/02\/Lettres-de-Ressources-Humaines-1024x774.jpg\" alt=\"\" class=\"wp-image-31835\" srcset=\"https:\/\/www.bizneo.com\/blog\/wp-content\/uploads\/2022\/02\/Lettres-de-Ressources-Humaines-1024x774.jpg 1024w, https:\/\/www.bizneo.com\/blog\/wp-content\/uploads\/2022\/02\/Lettres-de-Ressources-Humaines-300x227.jpg 300w, https:\/\/www.bizneo.com\/blog\/wp-content\/uploads\/2022\/02\/Lettres-de-Ressources-Humaines-768x580.jpg 768w, https:\/\/www.bizneo.com\/blog\/wp-content\/uploads\/2022\/02\/Lettres-de-Ressources-Humaines-810x612.jpg 810w, https:\/\/www.bizneo.com\/blog\/wp-content\/uploads\/2022\/02\/Lettres-de-Ressources-Humaines-1140x862.jpg 1140w, https:\/\/www.bizneo.com\/blog\/wp-content\/uploads\/2022\/02\/Lettres-de-Ressources-Humaines.jpg 1200w\" sizes=\"(max-width: 1024px) 100vw, 1024px\" \/><\/figure>\n\n\n\n<figure class=\"wp-block-image size-full\"><a href=\"https:\/\/hello.bizneo.com\/template\/lettres-ressources-humaines\/?utm_content=Opt-in-banner-blog\" data-wpel-link=\"internal\" target=\"_blank\"><img decoding=\"async\" width=\"810\" height=\"332\" src=\"https:\/\/www.bizneo.com\/blog\/wp-content\/uploads\/2023\/10\/Lettres-ressources-humaines.png\" alt=\"Lettres de Ressources Humaines\" class=\"wp-image-43829\" srcset=\"https:\/\/www.bizneo.com\/blog\/wp-content\/uploads\/2023\/10\/Lettres-ressources-humaines.png 810w, https:\/\/www.bizneo.com\/blog\/wp-content\/uploads\/2023\/10\/Lettres-ressources-humaines-300x123.png 300w, https:\/\/www.bizneo.com\/blog\/wp-content\/uploads\/2023\/10\/Lettres-ressources-humaines-768x315.png 768w\" sizes=\"(max-width: 810px) 100vw, 810px\" \/><\/a><\/figure>\n\n\n\n<p><\/p>\n\n\n\n<h3 class=\"wp-block-heading\">Rapports sur la gestion des absences et <meta charset=\"utf-8\">cong\u00e9s<\/h3>\n\n\n\n<p>Contr\u00f4lez l&#8217;absent\u00e9isme et les cong\u00e9s de votre personnel gr\u00e2ce \u00e0 des rapports rapides, pr\u00e9cis et faciles \u00e0 lire.&nbsp;<strong>Ne perdez pas de temps avec les processus routiniers<\/strong>.<\/p>\n\n\n\n<figure class=\"wp-block-image size-full\"><a href=\"\/fr\/logiciel-gestion-conges-absences\/\" data-wpel-link=\"internal\" target=\"_blank\"><img decoding=\"async\" width=\"1500\" height=\"1084\" src=\"https:\/\/www.bizneo.com\/blog\/wp-content\/uploads\/2021\/09\/Rapports-conges-absenteisme.webp\" alt=\"Contr\u00f4ler le taux d'absent\u00e9isme avec des rapports d\u00e9taill\u00e9s pour chaque secteur\" class=\"wp-image-25509\" srcset=\"https:\/\/www.bizneo.com\/blog\/wp-content\/uploads\/2021\/09\/Rapports-conges-absenteisme.webp 1500w, https:\/\/www.bizneo.com\/blog\/wp-content\/uploads\/2021\/09\/Rapports-conges-absenteisme-300x217.webp 300w, https:\/\/www.bizneo.com\/blog\/wp-content\/uploads\/2021\/09\/Rapports-conges-absenteisme-1024x740.webp 1024w, https:\/\/www.bizneo.com\/blog\/wp-content\/uploads\/2021\/09\/Rapports-conges-absenteisme-768x555.webp 768w, https:\/\/www.bizneo.com\/blog\/wp-content\/uploads\/2021\/09\/Rapports-conges-absenteisme-810x585.webp 810w, https:\/\/www.bizneo.com\/blog\/wp-content\/uploads\/2021\/09\/Rapports-conges-absenteisme-1140x824.webp 1140w\" sizes=\"(max-width: 1500px) 100vw, 1500px\" \/><\/a><\/figure>\n\n\n\n<p><\/p>\n\n\n\n<p>En outre, enregistrez toutes les donn\u00e9es cl\u00e9s pour le d\u00e9partement des ressources humaines lors des licenciements, des r\u00e9siliations, des renouvellements de contrat. Un moyen \u00e9galement de calculer l&#8217;absent\u00e9isme et la fa\u00e7on dont il a affect\u00e9 la productivit\u00e9.<\/p>\n\n\n\n<figure class=\"wp-block-image size-large\"><a href=\"https:\/\/www.bizneo.com\/fr\/logiciel-gestion-conges-absences\/\" target=\"_blank\" rel=\"noopener\" data-wpel-link=\"internal\"><img decoding=\"async\" width=\"1024\" height=\"307\" src=\"https:\/\/www.bizneo.com\/blog\/wp-content\/uploads\/2021\/09\/logiciel-gestion-des-conges-1024x307.jpg\" alt=\"logiciel cong\u00e9s\" class=\"wp-image-25209\" srcset=\"https:\/\/www.bizneo.com\/blog\/wp-content\/uploads\/2021\/09\/logiciel-gestion-des-conges-1024x307.jpg 1024w, https:\/\/www.bizneo.com\/blog\/wp-content\/uploads\/2021\/09\/logiciel-gestion-des-conges-300x90.jpg 300w, https:\/\/www.bizneo.com\/blog\/wp-content\/uploads\/2021\/09\/logiciel-gestion-des-conges-768x230.jpg 768w, https:\/\/www.bizneo.com\/blog\/wp-content\/uploads\/2021\/09\/logiciel-gestion-des-conges-810x243.jpg 810w, https:\/\/www.bizneo.com\/blog\/wp-content\/uploads\/2021\/09\/logiciel-gestion-des-conges-1140x342.jpg 1140w, https:\/\/www.bizneo.com\/blog\/wp-content\/uploads\/2021\/09\/logiciel-gestion-des-conges.jpg 1360w\" sizes=\"(max-width: 1024px) 100vw, 1024px\" \/><\/a><\/figure>\n","protected":false},"excerpt":{"rendered":"<p>La gestion des cong\u00e9s des employ\u00e9s est un v\u00e9ritable casse-t\u00eate pour les responsables RH. Lorsque les salari\u00e9s ont sign\u00e9 diff\u00e9rents types de contrats, c&#8217;est encore plus complexe.<\/p>\n","protected":false},"author":37,"featured_media":29040,"comment_status":"open","ping_status":"open","sticky":false,"template":"","format":"standard","meta":{"_uag_custom_page_level_css":"","site-sidebar-layout":"default","site-content-layout":"","ast-site-content-layout":"default","site-content-style":"default","site-sidebar-style":"default","ast-global-header-display":"","ast-banner-title-visibility":"","ast-main-header-display":"","ast-hfb-above-header-display":"","ast-hfb-below-header-display":"","ast-hfb-mobile-header-display":"","site-post-title":"","ast-breadcrumbs-content":"","ast-featured-img":"","footer-sml-layout":"","ast-disable-related-posts":"","theme-transparent-header-meta":"","adv-header-id-meta":"","stick-header-meta":"","header-above-stick-meta":"","header-main-stick-meta":"","header-below-stick-meta":"","astra-migrate-meta-layouts":"default","ast-page-background-enabled":"default","ast-page-background-meta":{"desktop":{"background-color":"var(--ast-global-color-5)","background-image":"","background-repeat":"repeat","background-position":"center center","background-size":"auto","background-attachment":"scroll","background-type":"","background-media":"","overlay-type":"","overlay-color":"","overlay-opacity":"","overlay-gradient":""},"tablet":{"background-color":"","background-image":"","background-repeat":"repeat","background-position":"center center","background-size":"auto","background-attachment":"scroll","background-type":"","background-media":"","overlay-type":"","overlay-color":"","overlay-opacity":"","overlay-gradient":""},"mobile":{"background-color":"","background-image":"","background-repeat":"repeat","background-position":"center center","background-size":"auto","background-attachment":"scroll","background-type":"","background-media":"","overlay-type":"","overlay-color":"","overlay-opacity":"","overlay-gradient":""}},"ast-content-background-meta":{"desktop":{"background-color":"var(--ast-global-color-4)","background-image":"","background-repeat":"repeat","background-position":"center center","background-size":"auto","background-attachment":"scroll","background-type":"","background-media":"","overlay-type":"","overlay-color":"","overlay-opacity":"","overlay-gradient":""},"tablet":{"background-color":"var(--ast-global-color-4)","background-image":"","background-repeat":"repeat","background-position":"center center","background-size":"auto","background-attachment":"scroll","background-type":"","background-media":"","overlay-type":"","overlay-color":"","overlay-opacity":"","overlay-gradient":""},"mobile":{"background-color":"var(--ast-global-color-4)","background-image":"","background-repeat":"repeat","background-position":"center center","background-size":"auto","background-attachment":"scroll","background-type":"","background-media":"","overlay-type":"","overlay-color":"","overlay-opacity":"","overlay-gradient":""}},"footnotes":""},"categories":[324,318],"tags":[],"class_list":["post-28141","post","type-post","status-publish","format-standard","has-post-thumbnail","hentry","category-gestion-des-conges","category-gestion-du-temps-de-travail"],"yoast_head":"<!-- This site is optimized with the Yoast SEO plugin v27.5 - https:\/\/yoast.com\/product\/yoast-seo-wordpress\/ -->\n<title>Gestion des cong\u00e9s | Automatiser le suivi des absences<\/title>\n<meta name=\"description\" content=\"\u00bf Quelles sont les principales erreurs dans la gestion des cong\u00e9s ? D\u00e9couvrez comment optimiser la gestion des cong\u00e9s et des absences.\" \/>\n<meta name=\"robots\" content=\"index, follow, max-snippet:-1, max-image-preview:large, max-video-preview:-1\" \/>\n<meta property=\"og:locale\" content=\"es_ES\" \/>\n<meta property=\"og:type\" content=\"article\" \/>\n<meta property=\"og:title\" content=\"Gestion des cong\u00e9s | Automatiser le suivi des absences\" \/>\n<meta property=\"og:description\" content=\"\u00bf Quelles sont les principales erreurs dans la gestion des cong\u00e9s ? D\u00e9couvrez comment optimiser la gestion des cong\u00e9s et des absences.\" \/>\n<meta property=\"og:url\" content=\"https:\/\/www.bizneo.com\/blog\/fr\/gestion-des-conges\/\" \/>\n<meta property=\"og:site_name\" content=\"Blog de Recursos Humanos de Bizneo HR: pr\u00e1ctico y actual\" \/>\n<meta property=\"article:published_time\" content=\"2021-11-26T12:42:52+00:00\" \/>\n<meta property=\"article:modified_time\" content=\"2026-02-01T16:58:21+00:00\" \/>\n<meta property=\"og:image\" content=\"https:\/\/www.bizneo.com\/blog\/wp-content\/uploads\/2021\/11\/Gestion-des-conges.jpg\" \/>\n\t<meta property=\"og:image:width\" content=\"1140\" \/>\n\t<meta property=\"og:image:height\" content=\"640\" \/>\n\t<meta property=\"og:image:type\" content=\"image\/jpeg\" \/>\n<meta name=\"author\" content=\"Frederic\" \/>\n<meta name=\"twitter:card\" content=\"summary_large_image\" \/>\n<meta name=\"twitter:label1\" content=\"Escrito por\" \/>\n\t<meta name=\"twitter:data1\" content=\"Frederic\" \/>\n\t<meta name=\"twitter:label2\" content=\"Tiempo de lectura\" \/>\n\t<meta name=\"twitter:data2\" content=\"11 minutos\" \/>\n<script type=\"application\/ld+json\" class=\"yoast-schema-graph\">{\"@context\":\"https:\\\/\\\/schema.org\",\"@graph\":[{\"@type\":[\"Article\",\"BlogPosting\"],\"@id\":\"https:\\\/\\\/www.bizneo.com\\\/blog\\\/fr\\\/gestion-des-conges\\\/#article\",\"isPartOf\":{\"@id\":\"https:\\\/\\\/www.bizneo.com\\\/blog\\\/fr\\\/gestion-des-conges\\\/\"},\"author\":{\"name\":\"Frederic\",\"@id\":\"https:\\\/\\\/www.bizneo.com\\\/blog\\\/#\\\/schema\\\/person\\\/c54a399718abb92cd32efffb5977118a\"},\"headline\":\"Comment assurer une bonne gestion des cong\u00e9s de vos employ\u00e9s\u00a0?\",\"datePublished\":\"2021-11-26T12:42:52+00:00\",\"dateModified\":\"2026-02-01T16:58:21+00:00\",\"mainEntityOfPage\":{\"@id\":\"https:\\\/\\\/www.bizneo.com\\\/blog\\\/fr\\\/gestion-des-conges\\\/\"},\"wordCount\":1905,\"commentCount\":0,\"publisher\":{\"@id\":\"https:\\\/\\\/www.bizneo.com\\\/blog\\\/#organization\"},\"image\":{\"@id\":\"https:\\\/\\\/www.bizneo.com\\\/blog\\\/fr\\\/gestion-des-conges\\\/#primaryimage\"},\"thumbnailUrl\":\"https:\\\/\\\/www.bizneo.com\\\/blog\\\/wp-content\\\/uploads\\\/2021\\\/11\\\/Gestion-des-conges.jpg\",\"articleSection\":[\"Gestion des Cong\u00e9s\",\"Gestion du Temps de Travail\"],\"inLanguage\":\"es\",\"potentialAction\":[{\"@type\":\"CommentAction\",\"name\":\"Comment\",\"target\":[\"https:\\\/\\\/www.bizneo.com\\\/blog\\\/fr\\\/gestion-des-conges\\\/#respond\"]}]},{\"@type\":\"WebPage\",\"@id\":\"https:\\\/\\\/www.bizneo.com\\\/blog\\\/fr\\\/gestion-des-conges\\\/\",\"url\":\"https:\\\/\\\/www.bizneo.com\\\/blog\\\/fr\\\/gestion-des-conges\\\/\",\"name\":\"Gestion des cong\u00e9s | Automatiser le suivi des absences\",\"isPartOf\":{\"@id\":\"https:\\\/\\\/www.bizneo.com\\\/blog\\\/#website\"},\"primaryImageOfPage\":{\"@id\":\"https:\\\/\\\/www.bizneo.com\\\/blog\\\/fr\\\/gestion-des-conges\\\/#primaryimage\"},\"image\":{\"@id\":\"https:\\\/\\\/www.bizneo.com\\\/blog\\\/fr\\\/gestion-des-conges\\\/#primaryimage\"},\"thumbnailUrl\":\"https:\\\/\\\/www.bizneo.com\\\/blog\\\/wp-content\\\/uploads\\\/2021\\\/11\\\/Gestion-des-conges.jpg\",\"datePublished\":\"2021-11-26T12:42:52+00:00\",\"dateModified\":\"2026-02-01T16:58:21+00:00\",\"description\":\"\u00bf Quelles sont les principales erreurs dans la gestion des cong\u00e9s ? D\u00e9couvrez comment optimiser la gestion des cong\u00e9s et des absences.\",\"breadcrumb\":{\"@id\":\"https:\\\/\\\/www.bizneo.com\\\/blog\\\/fr\\\/gestion-des-conges\\\/#breadcrumb\"},\"inLanguage\":\"es\",\"potentialAction\":[{\"@type\":\"ReadAction\",\"target\":[\"https:\\\/\\\/www.bizneo.com\\\/blog\\\/fr\\\/gestion-des-conges\\\/\"]}]},{\"@type\":\"ImageObject\",\"inLanguage\":\"es\",\"@id\":\"https:\\\/\\\/www.bizneo.com\\\/blog\\\/fr\\\/gestion-des-conges\\\/#primaryimage\",\"url\":\"https:\\\/\\\/www.bizneo.com\\\/blog\\\/wp-content\\\/uploads\\\/2021\\\/11\\\/Gestion-des-conges.jpg\",\"contentUrl\":\"https:\\\/\\\/www.bizneo.com\\\/blog\\\/wp-content\\\/uploads\\\/2021\\\/11\\\/Gestion-des-conges.jpg\",\"width\":1140,\"height\":640,\"caption\":\"Gestion des conge\u0301s\"},{\"@type\":\"BreadcrumbList\",\"@id\":\"https:\\\/\\\/www.bizneo.com\\\/blog\\\/fr\\\/gestion-des-conges\\\/#breadcrumb\",\"itemListElement\":[{\"@type\":\"ListItem\",\"position\":1,\"name\":\"Portada\",\"item\":\"https:\\\/\\\/www.bizneo.com\\\/blog\\\/\"},{\"@type\":\"ListItem\",\"position\":2,\"name\":\"Gestion du Temps de Travail\",\"item\":\"https:\\\/\\\/www.bizneo.com\\\/blog\\\/fr\\\/category\\\/gestion-du-temps-de-travail\\\/\"},{\"@type\":\"ListItem\",\"position\":3,\"name\":\"Gestion des Cong\u00e9s\",\"item\":\"https:\\\/\\\/www.bizneo.com\\\/blog\\\/fr\\\/category\\\/gestion-du-temps-de-travail\\\/gestion-des-conges\\\/\"},{\"@type\":\"ListItem\",\"position\":4,\"name\":\"Comment assurer une bonne gestion des cong\u00e9s de vos employ\u00e9s\u00a0?\"}]},{\"@type\":\"WebSite\",\"@id\":\"https:\\\/\\\/www.bizneo.com\\\/blog\\\/#website\",\"url\":\"https:\\\/\\\/www.bizneo.com\\\/blog\\\/\",\"name\":\"Blog de Recursos Humanos de Bizneo HR: pr\u00e1ctico y actual\",\"description\":\"Todo sobre actualidad, herramientas y tecnolog\u00eda  para optimizar la gesti\u00f3n del talento humano\",\"publisher\":{\"@id\":\"https:\\\/\\\/www.bizneo.com\\\/blog\\\/#organization\"},\"potentialAction\":[{\"@type\":\"SearchAction\",\"target\":{\"@type\":\"EntryPoint\",\"urlTemplate\":\"https:\\\/\\\/www.bizneo.com\\\/blog\\\/?s={search_term_string}\"},\"query-input\":{\"@type\":\"PropertyValueSpecification\",\"valueRequired\":true,\"valueName\":\"search_term_string\"}}],\"inLanguage\":\"es\"},{\"@type\":\"Organization\",\"@id\":\"https:\\\/\\\/www.bizneo.com\\\/blog\\\/#organization\",\"name\":\"Bizneo HR\",\"url\":\"https:\\\/\\\/www.bizneo.com\\\/blog\\\/\",\"logo\":{\"@type\":\"ImageObject\",\"inLanguage\":\"es\",\"@id\":\"https:\\\/\\\/www.bizneo.com\\\/blog\\\/#\\\/schema\\\/logo\\\/image\\\/\",\"url\":\"https:\\\/\\\/www.bizneo.com\\\/blog\\\/wp-content\\\/uploads\\\/2020\\\/09\\\/Icono-Logo-Bizneo-HR.png\",\"contentUrl\":\"https:\\\/\\\/www.bizneo.com\\\/blog\\\/wp-content\\\/uploads\\\/2020\\\/09\\\/Icono-Logo-Bizneo-HR.png\",\"width\":834,\"height\":834,\"caption\":\"Bizneo HR\"},\"image\":{\"@id\":\"https:\\\/\\\/www.bizneo.com\\\/blog\\\/#\\\/schema\\\/logo\\\/image\\\/\"}},{\"@type\":\"Person\",\"@id\":\"https:\\\/\\\/www.bizneo.com\\\/blog\\\/#\\\/schema\\\/person\\\/c54a399718abb92cd32efffb5977118a\",\"name\":\"Frederic\",\"image\":{\"@type\":\"ImageObject\",\"inLanguage\":\"es\",\"@id\":\"https:\\\/\\\/secure.gravatar.com\\\/avatar\\\/566b48122abdbf3668ee93a4e72dc097f49820d5841e88c2eb000e8530457898?s=96&d=mm&r=g\",\"url\":\"https:\\\/\\\/secure.gravatar.com\\\/avatar\\\/566b48122abdbf3668ee93a4e72dc097f49820d5841e88c2eb000e8530457898?s=96&d=mm&r=g\",\"contentUrl\":\"https:\\\/\\\/secure.gravatar.com\\\/avatar\\\/566b48122abdbf3668ee93a4e72dc097f49820d5841e88c2eb000e8530457898?s=96&d=mm&r=g\",\"caption\":\"Frederic\"},\"url\":\"https:\\\/\\\/www.bizneo.com\\\/blog\\\/author\\\/frederic\\\/\"}]}<\/script>\n<!-- \/ Yoast SEO plugin. -->","yoast_head_json":{"title":"Gestion des cong\u00e9s | Automatiser le suivi des absences","description":"\u00bf Quelles sont les principales erreurs dans la gestion des cong\u00e9s ? D\u00e9couvrez comment optimiser la gestion des cong\u00e9s et des absences.","robots":{"index":"index","follow":"follow","max-snippet":"max-snippet:-1","max-image-preview":"max-image-preview:large","max-video-preview":"max-video-preview:-1"},"og_locale":"es_ES","og_type":"article","og_title":"Gestion des cong\u00e9s | Automatiser le suivi des absences","og_description":"\u00bf Quelles sont les principales erreurs dans la gestion des cong\u00e9s ? D\u00e9couvrez comment optimiser la gestion des cong\u00e9s et des absences.","og_url":"https:\/\/www.bizneo.com\/blog\/fr\/gestion-des-conges\/","og_site_name":"Blog de Recursos Humanos de Bizneo HR: pr\u00e1ctico y actual","article_published_time":"2021-11-26T12:42:52+00:00","article_modified_time":"2026-02-01T16:58:21+00:00","og_image":[{"width":1140,"height":640,"url":"https:\/\/www.bizneo.com\/blog\/wp-content\/uploads\/2021\/11\/Gestion-des-conges.jpg","type":"image\/jpeg"}],"author":"Frederic","twitter_card":"summary_large_image","twitter_misc":{"Escrito por":"Frederic","Tiempo de lectura":"11 minutos"},"schema":{"@context":"https:\/\/schema.org","@graph":[{"@type":["Article","BlogPosting"],"@id":"https:\/\/www.bizneo.com\/blog\/fr\/gestion-des-conges\/#article","isPartOf":{"@id":"https:\/\/www.bizneo.com\/blog\/fr\/gestion-des-conges\/"},"author":{"name":"Frederic","@id":"https:\/\/www.bizneo.com\/blog\/#\/schema\/person\/c54a399718abb92cd32efffb5977118a"},"headline":"Comment assurer une bonne gestion des cong\u00e9s de vos employ\u00e9s\u00a0?","datePublished":"2021-11-26T12:42:52+00:00","dateModified":"2026-02-01T16:58:21+00:00","mainEntityOfPage":{"@id":"https:\/\/www.bizneo.com\/blog\/fr\/gestion-des-conges\/"},"wordCount":1905,"commentCount":0,"publisher":{"@id":"https:\/\/www.bizneo.com\/blog\/#organization"},"image":{"@id":"https:\/\/www.bizneo.com\/blog\/fr\/gestion-des-conges\/#primaryimage"},"thumbnailUrl":"https:\/\/www.bizneo.com\/blog\/wp-content\/uploads\/2021\/11\/Gestion-des-conges.jpg","articleSection":["Gestion des Cong\u00e9s","Gestion du Temps de Travail"],"inLanguage":"es","potentialAction":[{"@type":"CommentAction","name":"Comment","target":["https:\/\/www.bizneo.com\/blog\/fr\/gestion-des-conges\/#respond"]}]},{"@type":"WebPage","@id":"https:\/\/www.bizneo.com\/blog\/fr\/gestion-des-conges\/","url":"https:\/\/www.bizneo.com\/blog\/fr\/gestion-des-conges\/","name":"Gestion des cong\u00e9s | Automatiser le suivi des absences","isPartOf":{"@id":"https:\/\/www.bizneo.com\/blog\/#website"},"primaryImageOfPage":{"@id":"https:\/\/www.bizneo.com\/blog\/fr\/gestion-des-conges\/#primaryimage"},"image":{"@id":"https:\/\/www.bizneo.com\/blog\/fr\/gestion-des-conges\/#primaryimage"},"thumbnailUrl":"https:\/\/www.bizneo.com\/blog\/wp-content\/uploads\/2021\/11\/Gestion-des-conges.jpg","datePublished":"2021-11-26T12:42:52+00:00","dateModified":"2026-02-01T16:58:21+00:00","description":"\u00bf Quelles sont les principales erreurs dans la gestion des cong\u00e9s ? D\u00e9couvrez comment optimiser la gestion des cong\u00e9s et des absences.","breadcrumb":{"@id":"https:\/\/www.bizneo.com\/blog\/fr\/gestion-des-conges\/#breadcrumb"},"inLanguage":"es","potentialAction":[{"@type":"ReadAction","target":["https:\/\/www.bizneo.com\/blog\/fr\/gestion-des-conges\/"]}]},{"@type":"ImageObject","inLanguage":"es","@id":"https:\/\/www.bizneo.com\/blog\/fr\/gestion-des-conges\/#primaryimage","url":"https:\/\/www.bizneo.com\/blog\/wp-content\/uploads\/2021\/11\/Gestion-des-conges.jpg","contentUrl":"https:\/\/www.bizneo.com\/blog\/wp-content\/uploads\/2021\/11\/Gestion-des-conges.jpg","width":1140,"height":640,"caption":"Gestion des conge\u0301s"},{"@type":"BreadcrumbList","@id":"https:\/\/www.bizneo.com\/blog\/fr\/gestion-des-conges\/#breadcrumb","itemListElement":[{"@type":"ListItem","position":1,"name":"Portada","item":"https:\/\/www.bizneo.com\/blog\/"},{"@type":"ListItem","position":2,"name":"Gestion du Temps de Travail","item":"https:\/\/www.bizneo.com\/blog\/fr\/category\/gestion-du-temps-de-travail\/"},{"@type":"ListItem","position":3,"name":"Gestion des Cong\u00e9s","item":"https:\/\/www.bizneo.com\/blog\/fr\/category\/gestion-du-temps-de-travail\/gestion-des-conges\/"},{"@type":"ListItem","position":4,"name":"Comment assurer une bonne gestion des cong\u00e9s de vos employ\u00e9s\u00a0?"}]},{"@type":"WebSite","@id":"https:\/\/www.bizneo.com\/blog\/#website","url":"https:\/\/www.bizneo.com\/blog\/","name":"Blog de Recursos Humanos de Bizneo HR: pr\u00e1ctico y actual","description":"Todo sobre actualidad, herramientas y tecnolog\u00eda  para optimizar la gesti\u00f3n del talento humano","publisher":{"@id":"https:\/\/www.bizneo.com\/blog\/#organization"},"potentialAction":[{"@type":"SearchAction","target":{"@type":"EntryPoint","urlTemplate":"https:\/\/www.bizneo.com\/blog\/?s={search_term_string}"},"query-input":{"@type":"PropertyValueSpecification","valueRequired":true,"valueName":"search_term_string"}}],"inLanguage":"es"},{"@type":"Organization","@id":"https:\/\/www.bizneo.com\/blog\/#organization","name":"Bizneo HR","url":"https:\/\/www.bizneo.com\/blog\/","logo":{"@type":"ImageObject","inLanguage":"es","@id":"https:\/\/www.bizneo.com\/blog\/#\/schema\/logo\/image\/","url":"https:\/\/www.bizneo.com\/blog\/wp-content\/uploads\/2020\/09\/Icono-Logo-Bizneo-HR.png","contentUrl":"https:\/\/www.bizneo.com\/blog\/wp-content\/uploads\/2020\/09\/Icono-Logo-Bizneo-HR.png","width":834,"height":834,"caption":"Bizneo HR"},"image":{"@id":"https:\/\/www.bizneo.com\/blog\/#\/schema\/logo\/image\/"}},{"@type":"Person","@id":"https:\/\/www.bizneo.com\/blog\/#\/schema\/person\/c54a399718abb92cd32efffb5977118a","name":"Frederic","image":{"@type":"ImageObject","inLanguage":"es","@id":"https:\/\/secure.gravatar.com\/avatar\/566b48122abdbf3668ee93a4e72dc097f49820d5841e88c2eb000e8530457898?s=96&d=mm&r=g","url":"https:\/\/secure.gravatar.com\/avatar\/566b48122abdbf3668ee93a4e72dc097f49820d5841e88c2eb000e8530457898?s=96&d=mm&r=g","contentUrl":"https:\/\/secure.gravatar.com\/avatar\/566b48122abdbf3668ee93a4e72dc097f49820d5841e88c2eb000e8530457898?s=96&d=mm&r=g","caption":"Frederic"},"url":"https:\/\/www.bizneo.com\/blog\/author\/frederic\/"}]}},"spectra_custom_meta":{"onesignal_meta_box_present":["1"],"onesignal_send_notification":[""],"onesignal_modify_title_and_content":[""],"onesignal_notification_custom_heading":[null],"onesignal_notification_custom_content":[null],"Views":["8609"],"wp_review_type":["none"],"_thumbnail_id":["29040"],"_yoast_wpseo_title":["Gestion des cong\u00e9s | Automatiser le suivi des absences"],"_yoast_wpseo_metadesc":["\u00bf Quelles sont les principales erreurs dans la gestion des cong\u00e9s ? D\u00e9couvrez comment optimiser la gestion des cong\u00e9s et des absences."],"_yoast_wpseo_focuskw":["gestion des cong\u00e9s"],"_yoast_wpseo_primary_category":["324"],"_edit_lock":["1769965144:47"],"_edit_last":["47"],"_at_widget":["1"],"_vce_meta":["a:4:{s:11:\"use_sidebar\";s:7:\"inherit\";s:7:\"sidebar\";s:7:\"inherit\";s:14:\"sticky_sidebar\";s:7:\"inherit\";s:6:\"layout\";s:7:\"inherit\";}"],"_yoast_wpseo_linkdex":["93"],"_yoast_wpseo_estimated-reading-time-minutes":["11"],"_yoast_wpseo_wordproof_timestamp":[""],"_yoast_wpseo_content_score":["90"],"_uag_css_file_name":["uag-css-28141.css"],"_uag_page_assets":["a:9:{s:3:\"css\";s:263:\".uag-blocks-common-selector{z-index:var(--z-index-desktop) !important}@media (max-width: 976px){.uag-blocks-common-selector{z-index:var(--z-index-tablet) !important}}@media (max-width: 767px){.uag-blocks-common-selector{z-index:var(--z-index-mobile) !important}}\n\";s:2:\"js\";s:0:\"\";s:18:\"current_block_list\";a:8:{i:0;s:14:\"core\/paragraph\";i:1;s:12:\"core\/heading\";i:2;s:9:\"core\/html\";i:3;s:10:\"core\/image\";i:4;s:9:\"core\/list\";i:5;s:14:\"core\/list-item\";i:6;s:12:\"core\/details\";i:7;s:14:\"core\/shortcode\";}s:8:\"uag_flag\";b:0;s:11:\"uag_version\";s:10:\"1777548730\";s:6:\"gfonts\";a:0:{}s:10:\"gfonts_url\";s:0:\"\";s:12:\"gfonts_files\";a:0:{}s:14:\"uag_faq_layout\";b:0;}"]},"uagb_featured_image_src":{"full":["https:\/\/www.bizneo.com\/blog\/wp-content\/uploads\/2021\/11\/Gestion-des-conges.jpg",1140,640,false],"thumbnail":["https:\/\/www.bizneo.com\/blog\/wp-content\/uploads\/2021\/11\/Gestion-des-conges-150x150.jpg",150,150,true],"medium":["https:\/\/www.bizneo.com\/blog\/wp-content\/uploads\/2021\/11\/Gestion-des-conges-300x168.jpg",300,168,true],"medium_large":["https:\/\/www.bizneo.com\/blog\/wp-content\/uploads\/2021\/11\/Gestion-des-conges-768x431.jpg",768,431,true],"large":["https:\/\/www.bizneo.com\/blog\/wp-content\/uploads\/2021\/11\/Gestion-des-conges-1024x575.jpg",1024,575,true],"1536x1536":["https:\/\/www.bizneo.com\/blog\/wp-content\/uploads\/2021\/11\/Gestion-des-conges.jpg",1140,640,false],"2048x2048":["https:\/\/www.bizneo.com\/blog\/wp-content\/uploads\/2021\/11\/Gestion-des-conges.jpg",1140,640,false]},"uagb_author_info":{"display_name":"Frederic","author_link":"https:\/\/www.bizneo.com\/blog\/author\/frederic\/"},"uagb_comment_info":1,"uagb_excerpt":"La gestion des cong\u00e9s des employ\u00e9s est un v\u00e9ritable casse-t\u00eate pour les responsables RH. Lorsque les salari\u00e9s ont sign\u00e9 diff\u00e9rents types de contrats, c'est encore plus complexe.","_links":{"self":[{"href":"https:\/\/www.bizneo.com\/blog\/wp-json\/wp\/v2\/posts\/28141","targetHints":{"allow":["GET"]}}],"collection":[{"href":"https:\/\/www.bizneo.com\/blog\/wp-json\/wp\/v2\/posts"}],"about":[{"href":"https:\/\/www.bizneo.com\/blog\/wp-json\/wp\/v2\/types\/post"}],"author":[{"embeddable":true,"href":"https:\/\/www.bizneo.com\/blog\/wp-json\/wp\/v2\/users\/37"}],"replies":[{"embeddable":true,"href":"https:\/\/www.bizneo.com\/blog\/wp-json\/wp\/v2\/comments?post=28141"}],"version-history":[{"count":33,"href":"https:\/\/www.bizneo.com\/blog\/wp-json\/wp\/v2\/posts\/28141\/revisions"}],"predecessor-version":[{"id":59379,"href":"https:\/\/www.bizneo.com\/blog\/wp-json\/wp\/v2\/posts\/28141\/revisions\/59379"}],"wp:featuredmedia":[{"embeddable":true,"href":"https:\/\/www.bizneo.com\/blog\/wp-json\/wp\/v2\/media\/29040"}],"wp:attachment":[{"href":"https:\/\/www.bizneo.com\/blog\/wp-json\/wp\/v2\/media?parent=28141"}],"wp:term":[{"taxonomy":"category","embeddable":true,"href":"https:\/\/www.bizneo.com\/blog\/wp-json\/wp\/v2\/categories?post=28141"},{"taxonomy":"post_tag","embeddable":true,"href":"https:\/\/www.bizneo.com\/blog\/wp-json\/wp\/v2\/tags?post=28141"}],"curies":[{"name":"wp","href":"https:\/\/api.w.org\/{rel}","templated":true}]}}