{"id":26995,"date":"2021-10-06T15:45:05","date_gmt":"2021-10-06T14:45:05","guid":{"rendered":"https:\/\/www.bizneo.com\/blog\/?p=26995"},"modified":"2026-02-01T18:10:21","modified_gmt":"2026-02-01T17:10:21","slug":"controle-de-absenteismo","status":"publish","type":"post","link":"https:\/\/www.bizneo.com\/blog\/pt\/controle-de-absenteismo\/","title":{"rendered":"Guia para controle de absente\u00edsmo"},"content":{"rendered":"\n<p>O absentismo \u00e9 a <strong>aus\u00eancia no trabalho <\/strong>ou o abandono do emprego e das fun\u00e7\u00f5es do colaborador. \u00c9 uma viola\u00e7\u00e3o das condi\u00e7\u00f5es estabelecidas no contrato de trabalho que acarreta preju\u00edzos \u00e0s empresas de milhares de reais todos os anos.<\/p>\n\n\n\n<p>Por isso, <strong>combat\u00ea-lo com as medidas necess\u00e1rias \u00e9 fundamental.<\/strong> Mas quais s\u00e3o os tipos de absente\u00edsmo? Como preveni-los e detect\u00e1-los? Explicamos como otimizar o controle de absente\u00edsmo com um <a href=\"\/br\/gestao-ferias\/\" data-wpel-link=\"internal\" target=\"_blank\">programa para controle de f\u00e9rias de funcion\u00e1rios<\/a>.<\/p>\n\n\n\n<h2 class=\"wp-block-heading\" id=\"o-que-e-o-absenteismo\">O que \u00e9 o absente\u00edsmo?<\/h2>\n\n\n\n<p>O absente\u00edsmo \u00e9 caracterizado, basicamente, pela<strong> falta do funcion\u00e1rio no ambiente de trabalho<\/strong>.<\/p>\n\n\n\n<p>Nesse caso, o colaborador, com ou sem motivo espec\u00edfico ou aviso, n\u00e3o se apresenta para o cumprimento das suas fun\u00e7\u00f5es ou abandona o seu posto de trabalho sem que o seu hor\u00e1rio tenha sido cumprido.<\/p>\n\n\n\n<p>Quando uma pessoa se ausenta do trabalho sem avisar antecipadamente, suas responsabilidades e compromissos devem ser assumidos por outro funcion\u00e1rio ou s\u00e3o suspensos. Isso <strong>afeta negativamente a produtividade e a din\u00e2mica geral da empresa<\/strong>, al\u00e9m do ambiente organizacional e do relacionamento com os demais colegas.<\/p>\n\n\n\n<p>\u00c9 por isso que o absentismo \u00e9 <strong>um dos principais problemas dos <a href=\"https:\/\/www.bizneo.com\/blog\/pt\/recursos-humanos\/\" data-wpel-link=\"internal\" target=\"_blank\">Recursos Humanos<\/a><\/strong>. Por isso, h\u00e1 alguns m\u00e9todos e pr\u00e1ticas para preveni-lo e tamb\u00e9m para monitor\u00e1-lo.<\/p>\n\n\n\n<p>Entre eles, est\u00e1 a utiliza\u00e7\u00e3o de <strong><a href=\"\/br\/gestao-ferias\/\" data-wpel-link=\"internal\" target=\"_blank\">software de gest\u00e3o de f\u00e9rias<\/a> e <a href=\"https:\/\/www.bizneo.com\/blog\/pt\/controle-de-ponto\/\" data-wpel-link=\"internal\" target=\"_blank\">controle de ponto<\/a><\/strong>, como os oferecidos pela <strong>Bizneo RH<\/strong>. Por meio dessas ferramentas, cada caso pode ser estudado e documentado de forma espec\u00edfica para fazer uma avalia\u00e7\u00e3o mais precisa e eficaz.<\/p>\n\n\n\n<figure class=\"wp-block-image size-full size-large\"><a href=\"https:\/\/hello.bizneo.com\/br\/demo\/time\/?utm_content=post-banner-medio\" target=\"_blank\" rel=\"noopener\" data-wpel-link=\"internal\"><img decoding=\"async\" width=\"1360\" height=\"204\" src=\"https:\/\/www.bizneo.com\/blog\/wp-content\/uploads\/2022\/02\/banner-medio-ferias-ausencias.jpg\" alt=\"software gest\u00e3o de f\u00e9rias, licen\u00e7as e ausencias\" class=\"wp-image-31266\" srcset=\"https:\/\/www.bizneo.com\/blog\/wp-content\/uploads\/2022\/02\/banner-medio-ferias-ausencias.jpg 1360w, https:\/\/www.bizneo.com\/blog\/wp-content\/uploads\/2022\/02\/banner-medio-ferias-ausencias-300x45.jpg 300w, https:\/\/www.bizneo.com\/blog\/wp-content\/uploads\/2022\/02\/banner-medio-ferias-ausencias-1024x154.jpg 1024w, https:\/\/www.bizneo.com\/blog\/wp-content\/uploads\/2022\/02\/banner-medio-ferias-ausencias-768x115.jpg 768w, https:\/\/www.bizneo.com\/blog\/wp-content\/uploads\/2022\/02\/banner-medio-ferias-ausencias-810x122.jpg 810w, https:\/\/www.bizneo.com\/blog\/wp-content\/uploads\/2022\/02\/banner-medio-ferias-ausencias-1140x171.jpg 1140w\" sizes=\"(max-width: 1360px) 100vw, 1360px\" \/><\/a><\/figure>\n\n\n\n<h2 class=\"wp-block-heading\" id=\"absenteismo-no-brasil\">Absente\u00edsmo no Brasil<\/h2>\n\n\n\n<p>Uma pesquisa feita pela Levee e documentada em <a href=\"https:\/\/exame.com\/negocios\/faltas-atrasos-e-transito-um-ralo-que-custa-milhoes-as-grandes-empresas\/\" target=\"_blank\" rel=\"noreferrer noopener nofollow\" data-wpel-link=\"external\">mat\u00e9ria da revista Exame<\/a> mostrou que 500 das maiores empresas no Brasil perdem cerca de<strong> R$ 230 milh\u00f5es por an<\/strong>o, por conta da improdutividade no ambiente de trabalho.&nbsp;<\/p>\n\n\n\n<p>As empresas do setor de servi\u00e7os s\u00e3o as que mais sofrem com a falta de produtividade dos funcion\u00e1rios e com o absente\u00edsmo. Nesse segmento, estima-se que 5% dos funcion\u00e1rios faltem todos os dias. No varejo, por exemplo, esse percentual pode dobrar.&nbsp;<\/p>\n\n\n\n<p>Isso revela que o absente\u00edsmo pode trazer<strong> perdas financeiras importantes para os neg\u00f3cios <\/strong>e exige uma estrat\u00e9gia eficiente para combat\u00ea-lo.<\/p>\n\n\n\n<bzn-down><a href=\"https:\/\/hello.bizneo.com\/template\/planilha-controle-ferias-excel\/?utm_content=post-destacado\" id=\"destacado-wc-descarga\" target=\"_blank\" rel=\"noopener noreferrer\" data-wpel-link=\"internal\"><span class=\"bzn-link-title\">DOWNLOAD GR\u00c1TIS: PLANILHA PARA CONTROLE DE F\u00c9RIAS EM EXCEL<\/span>Modelo de f\u00e9rias e aus\u00eancias que pode ser baixado e edit\u00e1vel.<\/a><\/bzn-down>\n\n\n\n<p><\/p>\n\n\n\n<h3 class=\"wp-block-heading\" id=\"regulamentacao-do-absentismo-laboral\">Regulamenta\u00e7\u00e3o do absentismo laboral<\/h3>\n\n\n\n<p>De acordo com a Constitui\u00e7\u00e3o brasileira, <strong>o absente\u00edsmo envolve<\/strong>:<\/p>\n\n\n\n<ul class=\"wp-block-list\">\n<li>Aus\u00eancias injustificadas<\/li>\n\n\n\n<li>Atestados m\u00e9dicos (que constam no Artigo 11, Decreto 27.048\/49)<\/li>\n\n\n\n<li>Atrasos ou sa\u00eddas antes do hor\u00e1rio (presentes no Artigo 58 da <a href=\"https:\/\/www.bizneo.com\/blog\/pt\/clt\/\" data-wpel-link=\"internal\" target=\"_blank\">CLT<\/a>)<\/li>\n\n\n\n<li>Descansos semanais com remunera\u00e7\u00e3o (Lei 605\/49, Decreto 27.048\/49)<\/li>\n\n\n\n<li>Suspens\u00f5es por conta de indisciplina no trabalho (indicadas no Artigo 482 da CLT)<\/li>\n<\/ul>\n\n\n\n<p>E quais s\u00e3o os <strong>tipos de absente\u00edsmo mais comuns<\/strong>? Como eles s\u00e3o caracterizados? Confira a seguir!<\/p>\n\n\n\n<bzn-info>Tamb\u00e9m lhe pode interessar: <a href=\"\/blog\/pt\/controle-de-ferias\/\" id=\"destacado-post\" target=\"_blank\" rel=\"noopener noreferrer\" data-wpel-link=\"internal\"> Como melhorar o controle de f\u00e9rias de seus colaboradores<\/a>. 7 vantagens imprescind\u00edveis!<\/bzn-info><br>\n\n\n\n<p><\/p>\n\n\n\n<h2 class=\"wp-block-heading\" id=\"tipos-de-absenteismo\">Tipos de absente\u00edsmo<\/h2>\n\n\n\n<p>\u00c9 necess\u00e1rio conhecer os<strong> v\u00e1rios tipos de absentismo<\/strong>, visto que a classifica\u00e7\u00e3o correta \u00e9 fundamental para oferecer uma resposta apropriada a cada caso. Confira a seguir alguns tipos de absente\u00edsmo!<\/p>\n\n\n\n<h3 class=\"wp-block-heading\" id=\"ausencia-justificada\">Aus\u00eancia justificada<\/h3>\n\n\n\n<p>Neste caso, o trabalhador comunica a sua aus\u00eancia por motivos que, objetivamente, <strong>o impe\u00e7am de se apresentar ao servi\u00e7o ou de cumprir as suas fun\u00e7\u00f5es laborais durante o per\u00edodo estabelecido<\/strong>, no caso do <a href=\"https:\/\/www.bizneo.com\/blog\/pt\/teletrabalho\/\" data-wpel-link=\"internal\" target=\"_blank\">teletrabalho<\/a>.<\/p>\n\n\n\n<p>Um exemplo disso \u00e9 quando o funcion\u00e1rio est\u00e1 de mudan\u00e7a. Esse \u00e9 um evento que pode coincidir com o hor\u00e1rio normal de trabalho.<\/p>\n\n\n\n<figure class=\"wp-block-image size-full\"><a href=\"\/br\/gestao-ferias\/\" target=\"_blank\" rel=\"noreferrer noopener\" data-wpel-link=\"internal\"><img decoding=\"async\" width=\"1500\" height=\"1077\" src=\"https:\/\/www.bizneo.com\/blog\/wp-content\/uploads\/2021\/04\/programa-para-o-calculo-de-ferias-ausencias-automatico.webp\" alt=\"Gest\u00e3o de f\u00e9rias e aus\u00eancias\" class=\"wp-image-21540\" srcset=\"https:\/\/www.bizneo.com\/blog\/wp-content\/uploads\/2021\/04\/programa-para-o-calculo-de-ferias-ausencias-automatico.webp 1500w, https:\/\/www.bizneo.com\/blog\/wp-content\/uploads\/2021\/04\/programa-para-o-calculo-de-ferias-ausencias-automatico-300x215.webp 300w, https:\/\/www.bizneo.com\/blog\/wp-content\/uploads\/2021\/04\/programa-para-o-calculo-de-ferias-ausencias-automatico-1024x735.webp 1024w, https:\/\/www.bizneo.com\/blog\/wp-content\/uploads\/2021\/04\/programa-para-o-calculo-de-ferias-ausencias-automatico-768x551.webp 768w, https:\/\/www.bizneo.com\/blog\/wp-content\/uploads\/2021\/04\/programa-para-o-calculo-de-ferias-ausencias-automatico-810x582.webp 810w, https:\/\/www.bizneo.com\/blog\/wp-content\/uploads\/2021\/04\/programa-para-o-calculo-de-ferias-ausencias-automatico-1140x819.webp 1140w\" sizes=\"(max-width: 1500px) 100vw, 1500px\" \/><\/a><\/figure>\n\n\n\n<p>O <strong><a href=\"\/br\/gestao-ferias\/\" data-wpel-link=\"internal\" target=\"_blank\">software de f\u00e9rias e aus\u00eancias<\/a><\/strong> oferece a possibilidade de definir o tipo de aus\u00eancia, disponibilizando uma longa lista que pode ser personalizada de acordo com o combinado entre a organiza\u00e7\u00e3o e os funcion\u00e1rios.<\/p>\n\n\n\n<bzn-warning><a href=\"\/br\/gestao-ferias\/\" id=\"destacado-vacaciones\" target=\"_blank\" rel=\"noopener noreferrer\" data-wpel-link=\"internal\"><span class=\"bzn-note-title\"><strong>Deixe o velho calend\u00e1rio de feriados para tr\u00e1s. E&#8230; \n<\/strong> <\/span><br>APOSTE NA TECNOLOGIA COM UM SOFTWARE DE GEST\u00c3O DE F\u00c9RIAS!<\/a><\/br><\/bzn-warning>\n\n\n\n<p><\/p>\n\n\n\n<h3 class=\"wp-block-heading\" id=\"absenteismo-presencial\">Absente\u00edsmo presencial<\/h3>\n\n\n\n<p>Este tipo de absente\u00edsmo ocorre quando o funcion\u00e1rio est\u00e1 em seu trabalho, mas<strong> n\u00e3o cumpre suas fun\u00e7\u00f5es profissionais<\/strong>, perdendo tempo com outras tarefas ou em nenhuma atividade espec\u00edfica. Nesse caso, estamos falando sobre<strong> presente\u00edsmo<\/strong>.<\/p>\n\n\n\n<bzn-down><a href=\"https:\/\/hello.bizneo.com\/template\/pesquisa-de-clima-organizacional\/?utm_content=post-destacado\" id=\"destacado-wc-descarga\" target=\"_blank\" rel=\"noopener noreferrer\" data-wpel-link=\"internal\"><span class=\"bzn-link-title\">DOWNLOAD GRATUITO: MODELO DE PESQUISAS DE CLIMA<\/span>Projeto simples para realizar pesquisas de satisfa\u00e7\u00e3o e clima de sua equipe.<\/a><\/bzn-down>\n\n\n\n<p><\/p>\n\n\n\n<p>Por presente\u00edsmo entende-se que o funcion\u00e1rio est\u00e1 no trabalho, mas n\u00e3o est\u00e1 sendo produtivo. Isso pode ocorrer por diversos motivos, como desmotiva\u00e7\u00e3o, estresse, sobrecarga de trabalho por desorganiza\u00e7\u00e3o ou desequil\u00edbrio na atribui\u00e7\u00e3o de tarefas, falta de comunica\u00e7\u00e3o efetiva com outras \u00e1reas da organiza\u00e7\u00e3o, entre outros.<\/p>\n\n\n\n<figure class=\"wp-block-image size-full\"><a href=\"\/br\/pesquisa-clima-organizacional\/\" target=\"_blank\" rel=\"noreferrer noopener\" data-wpel-link=\"internal\"><img decoding=\"async\" width=\"1500\" height=\"1160\" src=\"https:\/\/www.bizneo.com\/blog\/wp-content\/uploads\/2021\/04\/pesquisa-de-clima-organizacional-tipos.webp\" alt=\"tipos de pesquisas\" class=\"wp-image-21721\" srcset=\"https:\/\/www.bizneo.com\/blog\/wp-content\/uploads\/2021\/04\/pesquisa-de-clima-organizacional-tipos.webp 1500w, https:\/\/www.bizneo.com\/blog\/wp-content\/uploads\/2021\/04\/pesquisa-de-clima-organizacional-tipos-300x232.webp 300w, https:\/\/www.bizneo.com\/blog\/wp-content\/uploads\/2021\/04\/pesquisa-de-clima-organizacional-tipos-1024x792.webp 1024w, https:\/\/www.bizneo.com\/blog\/wp-content\/uploads\/2021\/04\/pesquisa-de-clima-organizacional-tipos-768x594.webp 768w, https:\/\/www.bizneo.com\/blog\/wp-content\/uploads\/2021\/04\/pesquisa-de-clima-organizacional-tipos-810x626.webp 810w, https:\/\/www.bizneo.com\/blog\/wp-content\/uploads\/2021\/04\/pesquisa-de-clima-organizacional-tipos-1140x882.webp 1140w\" sizes=\"(max-width: 1500px) 100vw, 1500px\" \/><\/a><\/figure>\n\n\n\n<p>Uma forma de resolver esse tipo de situa\u00e7\u00e3o \u00e9 fazendo pesquisas. O <strong><a href=\"\/br\/pesquisa-clima-organizacional\/\" data-wpel-link=\"internal\" target=\"_blank\">software de pesquisa de clima organizacional<\/a> <\/strong>permite oferecer consultas personalizadas e privadas, para que o funcion\u00e1rio n\u00e3o se sinta pressionado naquele momento. Com isso, a organiza\u00e7\u00e3o pode reconhecer mais facilmente o que est\u00e1 acontecendo e agir sobre o problema.<\/p>\n\n\n\n<h3 class=\"wp-block-heading\" id=\"absenteismo-emocional\">Absente\u00edsmo emocional<\/h3>\n\n\n\n<p>A <strong>presen\u00e7a emocional do trabalhador <\/strong>tamb\u00e9m \u00e9 tida em conta no absentismo no trabalho. Quando o funcion\u00e1rio est\u00e1 em seu trabalho, executa suas tarefas, mas mental e emocionalmente ele est\u00e1 em outro lugar. Isso \u00e9 o absente\u00edsmo emocional.&nbsp;<\/p>\n\n\n\n<p>Esse tipo de coisa acontece quando o funcion\u00e1rio n\u00e3o se identifica com a organiza\u00e7\u00e3o, n\u00e3o est\u00e1 motivado ou vivencia algum tipo de desconforto.<\/p>\n\n\n\n<h3 class=\"wp-block-heading\" id=\"absentismo-injustificado\">Absentismo injustificado<\/h3>\n\n\n\n<p>Este tipo de absentismo ocorre quando o trabalhador<strong> perde o emprego ou n\u00e3o cumpre as suas fun\u00e7\u00f5es no hor\u00e1rio acordado<\/strong>, sem que haja justifica\u00e7\u00e3o ou motivo para a sua aus\u00eancia.<\/p>\n\n\n\n<figure class=\"wp-block-image size-large\"><a href=\"https:\/\/hello.bizneo.com\/kit\/gestao-do-tempo\/?utm_content=post-KIT-Tiempo\" data-wpel-link=\"internal\" target=\"_blank\"><img decoding=\"async\" width=\"1024\" height=\"307\" src=\"https:\/\/www.bizneo.com\/blog\/wp-content\/uploads\/2025\/01\/KIT-Tempo-1024x307.png\" alt=\"KIT Gest\u00e3o do tempo\" class=\"wp-image-52112\" srcset=\"https:\/\/www.bizneo.com\/blog\/wp-content\/uploads\/2025\/01\/KIT-Tempo-1024x307.png 1024w, https:\/\/www.bizneo.com\/blog\/wp-content\/uploads\/2025\/01\/KIT-Tempo-300x90.png 300w, https:\/\/www.bizneo.com\/blog\/wp-content\/uploads\/2025\/01\/KIT-Tempo-768x230.png 768w, https:\/\/www.bizneo.com\/blog\/wp-content\/uploads\/2025\/01\/KIT-Tempo-810x243.png 810w, https:\/\/www.bizneo.com\/blog\/wp-content\/uploads\/2025\/01\/KIT-Tempo-1140x342.png 1140w, https:\/\/www.bizneo.com\/blog\/wp-content\/uploads\/2025\/01\/KIT-Tempo.png 1360w\" sizes=\"(max-width: 1024px) 100vw, 1024px\" \/><\/a><\/figure>\n\n\n\n<h2 class=\"wp-block-heading\" id=\"causas-de-absenteismo\">Causas de absente\u00edsmo<\/h2>\n\n\n\n<p>As causas do \u00edndice de absentismo nas organiza\u00e7\u00f5es dividem-se em duas, as que s\u00e3o da responsabilidade do trabalhador e as outras que dependem da empresa.<\/p>\n\n\n\n<h3 class=\"wp-block-heading\" id=\"causas-do-absenteismo-do-trabalhador\">Causas do absente\u00edsmo do trabalhador<\/h3>\n\n\n\n<ul class=\"wp-block-list\">\n<li><strong>Doen\u00e7as.<\/strong> Nesse caso, incluem-se tanto as doen\u00e7as cr\u00f4nicas ou espec\u00edficas, que s\u00e3o reais e justificadas, como situa\u00e7\u00f5es pouco claras para justificar o absente\u00edsmo no trabalho.&nbsp;<\/li>\n\n\n\n<li><strong>Raz\u00f5es familiares. <\/strong>Por acidente ou compromissos familiares, o absente\u00edsmo tamb\u00e9m pode ser justificado nesses casos. Isso inclui tudo, desde a doen\u00e7a de uma crian\u00e7a at\u00e9 a morte de um membro da fam\u00edlia.<\/li>\n\n\n\n<li><strong>Motivos de for\u00e7a maior. <\/strong>O funcion\u00e1rio cita motivos fora de seu controle para n\u00e3o poder comparecer ao trabalho. Por exemplo, falhas no sistema de transporte.<\/li>\n\n\n\n<li><strong>Motivos pessoais. <\/strong>O estresse no trabalho, exames m\u00e9dicos e acad\u00eamicos ou algum outro compromisso pessoal podem levar ao absente\u00edsmo no trabalho.<\/li>\n<\/ul>\n\n\n\n<h3 class=\"wp-block-heading\" id=\"causas-de-absenteismo-motivadas-pela-empresa\">Causas de absente\u00edsmo motivadas pela empresa<\/h3>\n\n\n\n<ul class=\"wp-block-list\">\n<li><strong>Insatisfa\u00e7\u00e3o com o trabalho. <\/strong>Os funcion\u00e1rios que n\u00e3o se sentem comprometidos ou vinculados \u00e0 organiza\u00e7\u00e3o podem demonstrar isso por meio do absente\u00edsmo no trabalho. \u00c9 responsabilidade da organiza\u00e7\u00e3o avaliar o caso.<\/li>\n\n\n\n<li><strong>Falta de supervis\u00e3o. <\/strong>Por n\u00e3o estabelecer controles e avalia\u00e7\u00f5es, a organiza\u00e7\u00e3o fica vulner\u00e1vel ao absente\u00edsmo, o que afeta a produtividade da empresa e a conquista dos objetivos estabelecidos.<\/li>\n\n\n\n<li><strong>Falta de est\u00edmulos. <\/strong>Os funcion\u00e1rios tamb\u00e9m t\u00eam objetivos e aspira\u00e7\u00f5es de carreira. Se a organiza\u00e7\u00e3o n\u00e3o criar um clima adequado para o funcion\u00e1rio sentir que h\u00e1 perspectiva, \u00e9 prov\u00e1vel que haja casos de absente\u00edsmo.<\/li>\n\n\n\n<li><strong>P\u00e9ssimas condi\u00e7\u00f5es. <\/strong>Cuidar dos espa\u00e7os de trabalho e do tipo de v\u00ednculo trabalhista s\u00e3o fatores decisivos. Se esses aspectos n\u00e3o forem adequados, ir\u00e3o influenciar no <a href=\"https:\/\/www.bizneo.com\/blog\/pt\/avaliacao-de-desempenho\/\" target=\"_blank\" rel=\"noreferrer noopener\" data-wpel-link=\"internal\">desempenho do funcion\u00e1rio<\/a>; da mesma forma, impactam no clima da organiza\u00e7\u00e3o.<\/li>\n\n\n\n<li><strong>Acidentes de trabalho e riscos ocupacionais.<\/strong> Se a sa\u00fade do funcion\u00e1rio estiver em risco, isso influenciar\u00e1 no seu desempenho e no engajamento dele com a empresa.<\/li>\n\n\n\n<li><strong>Rota\u00e7\u00e3o de pessoal. <\/strong>As constantes mudan\u00e7as na organiza\u00e7\u00e3o afetam o ambiente de trabalho e, portanto, a motiva\u00e7\u00e3o, o sentimento de pertencimento e a identidade do colaborador.<\/li>\n<\/ul>\n\n\n\n<bzn-warning><a href=\"\/blog\/pt\/escala-de-ferias\/\" id=\"destacado-post\" target=\"_blank\" rel=\"noopener noreferrer\" data-wpel-link=\"internal\"><span class=\"bzn-note-title\"><strong>Como planejar a escala de f\u00e9rias de sua equipe<\/strong><\/span><br>Vantagens de adotar uma escala de f\u00e9rias&nbsp;automatizada!<\/a><\/bzn-warning>\n\n\n\n<p><\/p>\n\n\n\n<h2 class=\"wp-block-heading\" id=\"consequencias-do-absenteismo-no-trabalho\">Consequ\u00eancias do absente\u00edsmo no trabalho<\/h2>\n\n\n\n<p>Quando o<strong> \u00edndice de absente\u00edsmo \u00e9 alto<\/strong> e as aus\u00eancias se tornam uma pr\u00e1tica, afetam seriamente as atividades e a produtividade da empresa.<\/p>\n\n\n\n<h3 class=\"wp-block-heading\" id=\"o-absenteismo-reduz-recursos-e-produtividade\">O absente\u00edsmo reduz recursos e produtividade<\/h3>\n\n\n\n<p>A<strong> taxa de absente\u00edsmo descontrolada<\/strong> limita a capacidade da empresa de cumprir os objetivos definidos. Dependendo do tipo de neg\u00f3cio, pode haver atrasos na produ\u00e7\u00e3o e falhas importantes no atendimento ao cliente. Como consequ\u00eancia, <strong>a imagem da empresa e a lucratividade s\u00e3o afetadas<\/strong>.<\/p>\n\n\n\n<h3 class=\"wp-block-heading\" id=\"o-absenteismo-aumenta-os-custos\">O absente\u00edsmo aumenta os custos<\/h3>\n\n\n\n<p>Quando algu\u00e9m se ausenta sem aviso pr\u00e9vio, outra pessoa tem que cobrir a fun\u00e7\u00e3o do ausente, o que implicar\u00e1 no pagamento de horas extras. Se o problema de absente\u00edsmo for recorrente, a \u00e1rea de Recursos Humanos fica presa em um ciclo intermin\u00e1vel de demiss\u00f5es, contrata\u00e7\u00f5es e treinamentos, o que representa um<strong> grande gasto de dinheiro<\/strong>.<\/p>\n\n\n\n<h3 class=\"wp-block-heading\" id=\"o-absenteismo-prejudica-o-time-todo\">O absente\u00edsmo prejudica o time todo&nbsp;<\/h3>\n\n\n\n<p>Mesmo <strong>os melhores funcion\u00e1rios podem perder a motiva\u00e7\u00e3o<\/strong>, porque s\u00e3o for\u00e7ados a cobrir aus\u00eancias e concluir as tarefas inacabadas de outros.<\/p>\n\n\n\n<p>J\u00e1 os supervisores enfrentam a dif\u00edcil tarefa de fazer ajustes de \u00faltima hora e cobrar a equipe para alcan\u00e7ar as metas do departamento. Isso pode prejudicar o ambiente de trabalho.<\/p>\n\n\n\n<figure class=\"wp-block-image size-full\"><a href=\"https:\/\/hello.bizneo.com\/pt\/newsletter\/?utm_content=post-imagen\" target=\"_blank\" rel=\"noreferrer noopener\" data-wpel-link=\"internal\"><img decoding=\"async\" src=\"https:\/\/www.bizneo.com\/blog\/wp-content\/uploads\/2021\/04\/Newsletter-5.jpg\" alt=\"Newsletter Brasil\" class=\"wp-image-21715\"\/><\/a><\/figure>\n\n\n\n<h2 class=\"wp-block-heading\" id=\"7-chaves-para-prevenir-o-absenteismo-do-trabalho\">7 chaves para prevenir o absente\u00edsmo do trabalho<\/h2>\n\n\n\n<p>Os<strong> cen\u00e1rios de absente\u00edsmo<\/strong> descritos podem ser evitados se as medidas adequadas forem tomadas. Confira quais s\u00e3o elas a seguir!<\/p>\n\n\n\n<p><\/p>\n\n\n\n<h3 class=\"wp-block-heading\" id=\"estabelecer-politicas-de-ausencia-e-presenca\">Estabelecer pol\u00edticas de aus\u00eancia e presen\u00e7a<\/h3>\n\n\n\n<p>As<strong> pol\u00edticas de aus\u00eancias <\/strong>devem ser formalizadas por escrito para que possam ser levadas em considera\u00e7\u00e3o pelas diferentes \u00e1reas da organiza\u00e7\u00e3o. Elas funcionam como normas para toda a empresa.<\/p>\n\n\n\n<p>Gerentes e supervisores devem ser os principais respons\u00e1veis \u200b\u200bpelo cumprimento dos padr\u00f5es estabelecidos. Portanto, devem ser os primeiros a<strong> respeitar os protocolos para administrar as aus\u00eancias e cumprir com a pol\u00edtica de <a href=\"\/blog\/pt\/controlo-de-assiduidade\/\" data-wpel-link=\"internal\" target=\"_blank\">controle de assiduidade<\/a> ao trabalho<\/strong>.<\/p>\n\n\n\n<figure class=\"wp-block-image size-full\"><a href=\"\/br\/gestao-ferias\/\" target=\"_blank\" rel=\"noreferrer noopener\" data-wpel-link=\"internal\"><img decoding=\"async\" width=\"1500\" height=\"1104\" src=\"https:\/\/www.bizneo.com\/blog\/wp-content\/uploads\/2021\/04\/politica-de-ferias-e-ausencias.webp\" alt=\"pol\u00edtica personalizada de f\u00e9rias e aus\u00eancias\" class=\"wp-image-21572\" srcset=\"https:\/\/www.bizneo.com\/blog\/wp-content\/uploads\/2021\/04\/politica-de-ferias-e-ausencias.webp 1500w, https:\/\/www.bizneo.com\/blog\/wp-content\/uploads\/2021\/04\/politica-de-ferias-e-ausencias-300x221.webp 300w, https:\/\/www.bizneo.com\/blog\/wp-content\/uploads\/2021\/04\/politica-de-ferias-e-ausencias-1024x754.webp 1024w, https:\/\/www.bizneo.com\/blog\/wp-content\/uploads\/2021\/04\/politica-de-ferias-e-ausencias-768x565.webp 768w, https:\/\/www.bizneo.com\/blog\/wp-content\/uploads\/2021\/04\/politica-de-ferias-e-ausencias-810x596.webp 810w, https:\/\/www.bizneo.com\/blog\/wp-content\/uploads\/2021\/04\/politica-de-ferias-e-ausencias-1140x839.webp 1140w\" sizes=\"(max-width: 1500px) 100vw, 1500px\" \/><\/a><\/figure>\n\n\n\n<p>Se os cronogramas forem definidos e houver uma pol\u00edtica clara para toda a organiza\u00e7\u00e3o, ser\u00e1 muito mais f\u00e1cil para a empresa funcionar de forma eficiente. Da mesma maneira, \u00e9 preciso indicar claramente quais s\u00e3o os passos a seguir em caso de aus\u00eancia de colaborador.<\/p>\n\n\n\n<h3 class=\"wp-block-heading\" id=\"fazer-a-revisao-dos-processos-de-solicitacao-de-licencas\">Fazer a revis\u00e3o dos processos de solicita\u00e7\u00e3o de licen\u00e7as<\/h3>\n\n\n\n<p>O absente\u00edsmo pode ocorrer, em alguns casos, por<strong> dificuldades no processo de notifica\u00e7\u00e3o e registro<\/strong>. Para resolver essa quest\u00e3o, \u00e9 preciso estabelecer um m\u00e9todo simples e adequado para diferentes casos.<\/p>\n\n\n\n<p>Nesse sentido, o <strong>software de gest\u00e3o de f\u00e9rias e aus\u00eancias <\/strong>possui um <a href=\"https:\/\/www.bizneo.com\/blog\/pt\/sistema-rh\/\" data-wpel-link=\"internal\" target=\"_blank\">sistema de RH<\/a> automatizado de lembrete e alerta para os cadastros realizados, al\u00e9m da op\u00e7\u00e3o de fazer login em qualquer tipo de dispositivo.<\/p>\n\n\n\n<figure class=\"wp-block-image size-full\"><a href=\"\/br\/gestao-ferias\/\" target=\"_blank\" rel=\"noreferrer noopener\" data-wpel-link=\"internal\"><img decoding=\"async\" width=\"1500\" height=\"1006\" src=\"https:\/\/www.bizneo.com\/blog\/wp-content\/uploads\/2021\/04\/Software-de-Recursos-Humanos-para-ferias-e-ausencias.webp\" alt=\"software de gest\u00e3o de f\u00e9rias e faltas\" class=\"wp-image-21542\" srcset=\"https:\/\/www.bizneo.com\/blog\/wp-content\/uploads\/2021\/04\/Software-de-Recursos-Humanos-para-ferias-e-ausencias.webp 1500w, https:\/\/www.bizneo.com\/blog\/wp-content\/uploads\/2021\/04\/Software-de-Recursos-Humanos-para-ferias-e-ausencias-300x201.webp 300w, https:\/\/www.bizneo.com\/blog\/wp-content\/uploads\/2021\/04\/Software-de-Recursos-Humanos-para-ferias-e-ausencias-1024x687.webp 1024w, https:\/\/www.bizneo.com\/blog\/wp-content\/uploads\/2021\/04\/Software-de-Recursos-Humanos-para-ferias-e-ausencias-768x515.webp 768w, https:\/\/www.bizneo.com\/blog\/wp-content\/uploads\/2021\/04\/Software-de-Recursos-Humanos-para-ferias-e-ausencias-810x543.webp 810w, https:\/\/www.bizneo.com\/blog\/wp-content\/uploads\/2021\/04\/Software-de-Recursos-Humanos-para-ferias-e-ausencias-1140x765.webp 1140w\" sizes=\"(max-width: 1500px) 100vw, 1500px\" \/><\/a><\/figure>\n\n\n\n<p>Essa ferramenta tamb\u00e9m possui uma interface que atualiza automaticamente os turnos rotativos de acordo com fun\u00e7\u00f5es ou contratos, al\u00e9m de permitir que o gerente e o funcion\u00e1rio verifiquem novamente o cronograma.<\/p>\n\n\n\n<h3 class=\"wp-block-heading\" id=\"ter-um-software-de-gestao-de-ausencia\">Ter um software de gest\u00e3o de aus\u00eancia<\/h3>\n\n\n\n<p>Para simplificar os processos da <a href=\"https:\/\/www.bizneo.com\/blog\/pt\/gestao-de-pessoas\/\" target=\"_blank\" rel=\"noreferrer noopener\" data-wpel-link=\"internal\">gest\u00e3o de pessoas<\/a>, \u00e9 importante contar com um <a href=\"\/br\/\" data-wpel-link=\"internal\" target=\"_blank\">software de RH <\/a>que permita o <strong>controle preciso de cada caso<\/strong>. Para isso, conte com nosso software de gerenciamento de aus\u00eancias. Com ele, \u00e9 poss\u00edvel cadastrar as aus\u00eancias em um calend\u00e1rio, anexar arquivos, justificativas, entre outros recursos que facilitam a gest\u00e3o e organizam a documenta\u00e7\u00e3o.<\/p>\n\n\n\n<figure class=\"wp-block-image size-full\"><a href=\"\/br\/gestao-ferias\/\" target=\"_blank\" rel=\"noreferrer noopener\" data-wpel-link=\"internal\"><img decoding=\"async\" width=\"1500\" height=\"1108\" src=\"https:\/\/www.bizneo.com\/blog\/wp-content\/uploads\/2021\/04\/Solucao-de-planejamento-de-ferias.webp\" alt=\"cronograma de f\u00e9rias de funcionarios\" class=\"wp-image-21538\" srcset=\"https:\/\/www.bizneo.com\/blog\/wp-content\/uploads\/2021\/04\/Solucao-de-planejamento-de-ferias.webp 1500w, https:\/\/www.bizneo.com\/blog\/wp-content\/uploads\/2021\/04\/Solucao-de-planejamento-de-ferias-300x222.webp 300w, https:\/\/www.bizneo.com\/blog\/wp-content\/uploads\/2021\/04\/Solucao-de-planejamento-de-ferias-1024x756.webp 1024w, https:\/\/www.bizneo.com\/blog\/wp-content\/uploads\/2021\/04\/Solucao-de-planejamento-de-ferias-768x567.webp 768w, https:\/\/www.bizneo.com\/blog\/wp-content\/uploads\/2021\/04\/Solucao-de-planejamento-de-ferias-810x598.webp 810w, https:\/\/www.bizneo.com\/blog\/wp-content\/uploads\/2021\/04\/Solucao-de-planejamento-de-ferias-1140x842.webp 1140w\" sizes=\"(max-width: 1500px) 100vw, 1500px\" \/><\/a><\/figure>\n\n\n\n<p>Al\u00e9m dessas vantagens, o principal diferencial do <strong><a href=\"\/br\/\" data-wpel-link=\"internal\" target=\"_blank\">software de Recursos Humanos<\/a><\/strong> \u00e9 oferecer uma plataforma em nuvem, <strong>100% online para registrar o dia a dia da organiza\u00e7\u00e3o<\/strong>, acesso centralizado para gerenciamento de hor\u00e1rios, <a href=\"https:\/\/www.bizneo.com\/blog\/pt\/ferias\/\" data-wpel-link=\"internal\" target=\"_blank\">f\u00e9rias<\/a> e aus\u00eancias, al\u00e9m de buscas r\u00e1pidas por vagas ou intervalo de datas.<\/p>\n\n\n<p><bzn-link><a href=\"\/br\/gestao-ferias\/\" id=\"destacado-vacaciones\" target=\"_blank\" rel=\"noopener noreferrer\" data-wpel-link=\"internal\"><span class=\"bzn-link-title\">Gerencia as f\u00e9rias e licen\u00e7as de sua equipe&#8230;<\/span>Em tempo recorde!<\/a><\/bzn-link><\/p>\n\n\n<p><\/p>\n\n\n\n<h3 class=\"wp-block-heading\" id=\"programas-de-acompanhamento-e-bem-estar\">Programas de acompanhamento e bem-estar<\/h3>\n\n\n\n<p>A <strong>alta taxa de absente\u00edsmo <\/strong>\u00e9 um sintoma que pode indicar que a din\u00e2mica organizacional est\u00e1 falhando. Para analisar esse aspecto e evitar que a aus\u00eancia de colaboradores atinja n\u00edveis mais elevados e, portanto, prejudique a organiza\u00e7\u00e3o, recomenda-se monitorar e ter um software de pesquisa para saber a opini\u00e3o dos funcion\u00e1rios em rela\u00e7\u00e3o \u00e0s diferentes quest\u00f5es.<\/p>\n\n\n\n<p>Isso resulta na <strong>constru\u00e7\u00e3o de um melhor ambiente de trabalho <\/strong>e evita potenciais amea\u00e7as. A partir das informa\u00e7\u00f5es coletadas, tamb\u00e9m \u00e9 poss\u00edvel desenvolver um <a href=\"\/br\/treinamento-desenvolvimento-profissional\/\" data-wpel-link=\"internal\" target=\"_blank\">software de capacita\u00e7\u00e3o profissional e de carreira<\/a> para motivar os colaboradores da organiza\u00e7\u00e3o.<\/p>\n\n\n\n<figure class=\"wp-block-image size-full\"><a href=\"\/br\/treinamento-desenvolvimento-profissional\/\" target=\"_blank\" rel=\"noreferrer noopener\" data-wpel-link=\"internal\"><img decoding=\"async\" width=\"1500\" height=\"1094\" src=\"https:\/\/www.bizneo.com\/blog\/wp-content\/uploads\/2021\/05\/Plano-de-treinamento-e-desenvolvimento.webp\" alt=\"Sistema de capacitac\u0327a\u0303o profissional\" class=\"wp-image-22416\" srcset=\"https:\/\/www.bizneo.com\/blog\/wp-content\/uploads\/2021\/05\/Plano-de-treinamento-e-desenvolvimento.webp 1500w, https:\/\/www.bizneo.com\/blog\/wp-content\/uploads\/2021\/05\/Plano-de-treinamento-e-desenvolvimento-300x219.webp 300w, https:\/\/www.bizneo.com\/blog\/wp-content\/uploads\/2021\/05\/Plano-de-treinamento-e-desenvolvimento-1024x747.webp 1024w, https:\/\/www.bizneo.com\/blog\/wp-content\/uploads\/2021\/05\/Plano-de-treinamento-e-desenvolvimento-768x560.webp 768w, https:\/\/www.bizneo.com\/blog\/wp-content\/uploads\/2021\/05\/Plano-de-treinamento-e-desenvolvimento-810x591.webp 810w, https:\/\/www.bizneo.com\/blog\/wp-content\/uploads\/2021\/05\/Plano-de-treinamento-e-desenvolvimento-1140x831.webp 1140w\" sizes=\"(max-width: 1500px) 100vw, 1500px\" \/><\/a><\/figure>\n\n\n\n<p>Para ajudar ainda mais a sua empresa, a Bizneo HR tamb\u00e9m oferece uma <strong>ferramenta de <\/strong><a href=\"https:\/\/www.bizneo.com\/blog\/pt\/capacitacao-profissional\/\" data-wpel-link=\"internal\" target=\"_blank\"><strong>capacita\u00e7\u00e3o<\/strong> <strong>profissional<\/strong><\/a>. Esse sistema \u00e9 f\u00e1cil de usar e possui m\u00faltiplas op\u00e7\u00f5es para desenvolver os colaboradores, com atribui\u00e7\u00f5es e programas de carreira personalizados de acordo com o potencial de cada funcion\u00e1rio.<\/p>\n\n\n\n<h3 class=\"wp-block-heading\">Investir em um pacote de benef\u00edcios atrativo <\/h3>\n\n\n\n<p>O maior ativo de uma empresa s\u00e3o as pessoas.&nbsp;Os benef\u00edcios corporativos s\u00e3o vantagens que os colaboradores podem ter al\u00e9m da sua remunera\u00e7\u00e3o&nbsp;como:&nbsp;Seguro Sa\u00fade, Seguro de Vida, Seguro Odontol\u00f3gico, Previd\u00eancia Privada,&nbsp; Vale Refei\u00e7\u00e3o, Vale Alimenta\u00e7\u00e3o, Cr\u00e9dito Consignado, dentre outros.<\/p>\n\n\n\n<p>A <a href=\"https:\/\/www.bizneo.com\/blog\/pt\/retencao-de-talento\/\" data-wpel-link=\"internal\" target=\"_blank\">reten\u00e7\u00e3o dos melhores funcion\u00e1rios<\/a> ou o time mais qualificado deve ser um dos objetivos da lideran\u00e7a de recursos humanos de qualquer empresa.<\/p>\n\n\n\n<p>Uma cesta de benef\u00edcios adequada ao perfil dos colaboradores tem papel fundamental na redu\u00e7\u00e3o do absente\u00edsmo e no presente\u00edsmo.&nbsp; &nbsp;<\/p>\n\n\n\n<p>Bons <a href=\"https:\/\/alliate.com.br\/consultoria-em-gestao-de-saude-corporativa\/\" data-wpel-link=\"external\" target=\"_blank\" rel=\"noopener\">benef\u00edcios corporativos<\/a>, impulsionam a produtividade na empresa e colaboram muito com a atra\u00e7\u00e3o e reten\u00e7\u00e3o de talentos.<\/p>\n\n\n\n<p>Al\u00e9m de melhorar indicadores como:<\/p>\n\n\n\n<ul class=\"wp-block-list\">\n<li>Redu\u00e7\u00e3o de turnover<\/li>\n\n\n\n<li>Promove a qualidade de vida no trabalho<\/li>\n\n\n\n<li>Melhora dos indicadores de clima e produtividade<\/li>\n<\/ul>\n\n\n\n<p>Gerir e garantir um ambiente de trabalho agrad\u00e1vel, seguro e inspirador \u00e9 a condi\u00e7\u00e3o vital para a perman\u00eancia de um colaborador na organiza\u00e7\u00e3o.<\/p>\n\n\n\n<p>Pesquisas em diversos pa\u00edses apontam que os benef\u00edcios ofertados pela empresa s\u00e3o fatores primordiais na atratividade e reten\u00e7\u00e3o.&nbsp;<\/p>\n\n\n\n<p>Para&nbsp;estruturar ou incrementar o pacote de benef\u00edcios de sua empresa \u00e9 fundamental contar com o apoio de uma&nbsp;<a href=\"https:\/\/alliate.com.br\/consultoria-em-gestao-de-saude-corporativa\/\" data-wpel-link=\"external\" target=\"_blank\" rel=\"noopener\">consultoria de benef\u00edcios especializada<\/a>.<\/p>\n\n\n\n<h3 class=\"wp-block-heading\" id=\"flexibilidade-de-cronograma\">Flexibilidade de cronograma<\/h3>\n\n\n\n<p>Ter<strong> v\u00e1rias op\u00e7\u00f5es dentro de um cronograma<\/strong> \u00e9 uma \u00f3tima forma de oferecer solu\u00e7\u00f5es aos colaboradores, principalmente \u00e0queles que precisam pegar muito tr\u00e2nsito para chegar \u00e0 empresa.<\/p>\n\n\n\n<p><strong><em>Estabelecer uma pol\u00edtica eficaz de hor\u00e1rios flex\u00edveis gera um aumento de produtividade entre 10 e 15% nas empresas.<\/em><\/strong><\/p>\n\n\n\n<p>Dessa forma, n\u00e3o s\u00f3 a rela\u00e7\u00e3o entre o colaborador e a organiza\u00e7\u00e3o melhora, mas essa estrat\u00e9gia tamb\u00e9m evita perdas a curto, m\u00e9dio e longo prazo.<\/p>\n\n\n\n<p><\/p>\n\n\n\n<h2 class=\"wp-block-heading\" id=\"como-calcular-o-absenteismo\">Como calcular o absente\u00edsmo?<\/h2>\n\n\n\n<p>Calcular a taxa de absente\u00edsmo \u00e9 uma importante etapa da gest\u00e3o de aus\u00eancias, al\u00e9m de impactar nas tomadas de decis\u00e3o da empresa. Veja<strong> como fazer o c\u00e1lculo de absente\u00edsmo<\/strong> a seguir!<\/p>\n\n\n\n<h3 class=\"wp-block-heading\" id=\"segmente-a-amostra\">Segmente a amostra<\/h3>\n\n\n\n<p>Para que o <strong>c\u00e1lculo de absente\u00edsmo <\/strong>seja eficaz, voc\u00ea precisa selecionar um per\u00edodo de avalia\u00e7\u00e3o espec\u00edfico, que pode ser de um m\u00eas, um trimestre, um semestre e at\u00e9 um ano, dependendo da profundidade da an\u00e1lise.<\/p>\n\n\n\n<p>A partir da\u00ed, dois procedimentos podem ser realizados:<\/p>\n\n\n\n<ul class=\"wp-block-list\">\n<li>1. Some o n\u00famero inicial de funcion\u00e1rios no momento da avalia\u00e7\u00e3o e ao final da avalia\u00e7\u00e3o. Depois, divida o resultado por dois.<\/li>\n\n\n\n<li>2.Some o n\u00famero final de funcion\u00e1rios por m\u00eas e divida pelo n\u00famero de meses envolvido na avalia\u00e7\u00e3o.<\/li>\n<\/ul>\n\n\n\n<h3 class=\"wp-block-heading\" id=\"dias-de-trabalho\">Dias de trabalho<\/h3>\n\n\n\n<p>Nem todos os dias do m\u00eas s\u00e3o dias \u00fateis (de trabalho), como no caso dos feriados. \u00c9 necess\u00e1rio, portanto, especificar quantos dias os funcion\u00e1rios ir\u00e3o trabalhar para terem resultados eficientes. Sugerimos o seguinte:<\/p>\n\n\n\n<ul class=\"wp-block-list\">\n<li>Conte as f\u00e9rias e as semanas do trimestre.<\/li>\n\n\n\n<li>Conte os dias irregulares (considerando os trimestres que iniciam no meio de uma semana).<\/li>\n\n\n\n<li>Multiplique o n\u00famero de semanas por cinco.<\/li>\n\n\n\n<li>Some o n\u00famero de dias irregulares ao resultado e subtraia os feriados.<\/li>\n<\/ul>\n\n\n\n<h3 class=\"wp-block-heading\" id=\"especifique-os-dias-uteis-da-empresa\">Especifique os dias \u00fateis da empresa<\/h3>\n\n\n\n<p>Nesta etapa, o n\u00famero m\u00e9dio de funcion\u00e1rios \u00e9 multiplicado pelo n\u00famero de dias \u00fateis, sempre de acordo com o per\u00edodo de tempo selecionado. Por isso, \u00e9 importante<strong> segmentar adequadamente cada uma das etapas anteriores<\/strong> para obter resultados precisos.<\/p>\n\n\n\n<h3 class=\"wp-block-heading\" id=\"determine-o-numero-de-dias-de-trabalho-perdidos-por-conta-do-absenteismo\">Determine o n\u00famero de dias de trabalho perdidos por conta do absente\u00edsmo<\/h3>\n\n\n\n<p>Para <strong>calcular o absente\u00edsmo<\/strong> nesse caso, voc\u00ea deve ter como refer\u00eancia a dura\u00e7\u00e3o de uma jornada de trabalho. O exemplo cl\u00e1ssico s\u00e3o as oito horas e o n\u00famero de funcion\u00e1rios.<\/p>\n\n\n\n<p>Em seguida, voc\u00ea deve contar o n\u00famero m\u00e9dio de dias que os funcion\u00e1rios recebem licen\u00e7a m\u00e9dica ou que t\u00eam outros motivos para faltar ao trabalho. O resultado ser\u00e1 a quantidade de dias de trabalho perdidos.<\/p>\n\n\n\n<figure class=\"wp-block-image size-large\"><a href=\"\/br\/gestao-ferias\/\" data-wpel-link=\"internal\" target=\"_blank\"><img decoding=\"async\" width=\"1500\" height=\"1092\" src=\"https:\/\/www.bizneo.com\/blog\/wp-content\/uploads\/2023\/02\/software-de-marcacao-de-ferias.webp\" alt=\"software para calcular automaticamente as f\u00e9rias dos colaboradores\" class=\"wp-image-38669\" srcset=\"https:\/\/www.bizneo.com\/blog\/wp-content\/uploads\/2023\/02\/software-de-marcacao-de-ferias.webp 1500w, https:\/\/www.bizneo.com\/blog\/wp-content\/uploads\/2023\/02\/software-de-marcacao-de-ferias-300x218.webp 300w, https:\/\/www.bizneo.com\/blog\/wp-content\/uploads\/2023\/02\/software-de-marcacao-de-ferias-1024x745.webp 1024w, https:\/\/www.bizneo.com\/blog\/wp-content\/uploads\/2023\/02\/software-de-marcacao-de-ferias-768x559.webp 768w, https:\/\/www.bizneo.com\/blog\/wp-content\/uploads\/2023\/02\/software-de-marcacao-de-ferias-810x590.webp 810w, https:\/\/www.bizneo.com\/blog\/wp-content\/uploads\/2023\/02\/software-de-marcacao-de-ferias-1140x830.webp 1140w\" sizes=\"(max-width: 1500px) 100vw, 1500px\" \/><\/a><\/figure>\n\n\n\n<h3 class=\"wp-block-heading\" id=\"resultados-do-absenteismo-no-trabalho\">Resultados do absente\u00edsmo no trabalho<\/h3>\n\n\n\n<p>Por \u00faltimo, recomenda-se <strong>dividir o n\u00famero de dias perdidos pelo total de dias \u00fateis<\/strong> da empresa.<\/p>\n\n\n\n<p>Esse n\u00famero trar\u00e1 uma margem clara do absente\u00edsmo na organiza\u00e7\u00e3o. Dessa forma, \u00e9 muito mais f\u00e1cil tomar medidas eficientes para resolv\u00ea-lo.<\/p>\n\n\n\n<figure class=\"wp-block-image size-full\"><a href=\"\/br\/gestao-ferias\/\" target=\"_blank\" rel=\"noreferrer noopener\" data-wpel-link=\"internal\"><img decoding=\"async\" width=\"1500\" height=\"1084\" src=\"https:\/\/www.bizneo.com\/blog\/wp-content\/uploads\/2021\/04\/Relatorios-ferias-absenteismo.webp\" alt=\"Relat\u00f3rio de f\u00e9rias e aus\u00eancias\" class=\"wp-image-21541\" srcset=\"https:\/\/www.bizneo.com\/blog\/wp-content\/uploads\/2021\/04\/Relatorios-ferias-absenteismo.webp 1500w, https:\/\/www.bizneo.com\/blog\/wp-content\/uploads\/2021\/04\/Relatorios-ferias-absenteismo-300x217.webp 300w, https:\/\/www.bizneo.com\/blog\/wp-content\/uploads\/2021\/04\/Relatorios-ferias-absenteismo-1024x740.webp 1024w, https:\/\/www.bizneo.com\/blog\/wp-content\/uploads\/2021\/04\/Relatorios-ferias-absenteismo-768x555.webp 768w, https:\/\/www.bizneo.com\/blog\/wp-content\/uploads\/2021\/04\/Relatorios-ferias-absenteismo-810x585.webp 810w, https:\/\/www.bizneo.com\/blog\/wp-content\/uploads\/2021\/04\/Relatorios-ferias-absenteismo-1140x824.webp 1140w\" sizes=\"(max-width: 1500px) 100vw, 1500px\" \/><\/a><\/figure>\n\n\n\n<p>Nesse cen\u00e1rio, vale contar com o<strong> <\/strong><a href=\"\/br\/gestao-ferias\/\" data-wpel-link=\"internal\" target=\"_blank\"><strong>software de controle de f\u00e9rias do seu pessoal<\/strong>,<\/a> por meio do qual \u00e9 poss\u00edvel estabelecer e monitorar m\u00e9tricas, manter um registro detalhado e documentado dos dias trabalhados pelo funcion\u00e1rio, incluindo dupla valida\u00e7\u00e3o de registros.<\/p>\n\n\n\n<bzn-link><a href=\"\/br\/gestao-ferias\/\" id=\"destacado-vacaciones\" target=\"_blank\" rel=\"noopener noreferrer\" data-wpel-link=\"internal\"><span class=\"bzn-link-title\">SOFTWARE AVAN\u00c7ADO DE GEST\u00c3O DE F\u00c9RIAS<\/span>Autogest\u00e3o de licen\u00e7as e aus\u00eancias + otimiza\u00e7\u00e3o do planejamento e aprova\u00e7\u00e3o.<\/a><\/bzn-link>\n\n\n\n<p><\/p>\n\n\n\n<h2 class=\"wp-block-heading\" id=\"como-otimizar-o-controle-de-absenteismo\">Como otimizar o controle de absente\u00edsmo?<\/h2>\n\n\n\n<p>Existem diferentes <strong><a href=\"https:\/\/www.bizneo.com\/blog\/pt\/ferramentas-de-rh\/\" data-wpel-link=\"internal\" target=\"_blank\">ferramentas de RH<\/a> que ajudam a prevenir o absentismo<\/strong>. \u00c9 preciso avaliar cada cen\u00e1rio de forma particular, reconhecendo quais s\u00e3o os problemas da organiza\u00e7\u00e3o e as causas que levam ao absente\u00edsmo para poder enfrent\u00e1-los da melhor maneira.<\/p>\n\n\n\n<h3 class=\"wp-block-heading\" id=\"promova-um-ambiente-de-trabalho-favoravel-para-prevenir-o-absenteismo\">Promova um ambiente de trabalho favor\u00e1vel para prevenir o absente\u00edsmo<\/h3>\n\n\n\n<p>As pessoas passam grande parte da vida no trabalho. Em m\u00e9dia, de sete a nove horas diariamente. Garantir que o <strong>ambiente organizacional seja agrad\u00e1vel<\/strong> \u00e9 uma tarefa fundamental para evitar o absente\u00edsmo ao trabalho. \u00c9 preciso criar condi\u00e7\u00f5es para que os colaboradores n\u00e3o queiram sair da organiza\u00e7\u00e3o e tenham um maior sentimento de pertencimento e compromisso.<\/p>\n\n\n\n<p>Isso pode ser alcan\u00e7ado cuidando dos espa\u00e7os de trabalho, promovendo eventos e integrando as diferentes \u00e1reas da organiza\u00e7\u00e3o, bem como adotando um software que permite avaliar o impacto dessas e de outras medidas.<\/p>\n\n\n\n<p>O <a href=\"\/br\/pesquisa-clima-organizacional\/\" data-wpel-link=\"internal\" target=\"_blank\"><strong>software para pesquisa de clima organizacional<\/strong> <\/a>pode ajudar nesse caso. Com automa\u00e7\u00f5es eficientes, \u00e9 poss\u00edvel realizar consultas individuais e seguras, de forma simples, para saber a opini\u00e3o dos funcion\u00e1rios sobre o ambiente de trabalho.<\/p>\n\n\n\n<figure class=\"wp-block-image size-large\"><a href=\"\/br\/pesquisa-clima-organizacional\/\" target=\"_blank\" rel=\"noopener\" data-wpel-link=\"internal\"><img decoding=\"async\" width=\"1024\" height=\"154\" src=\"https:\/\/www.bizneo.com\/blog\/wp-content\/uploads\/2021\/04\/banner-medio-pesquisas-rh-1024x154.jpg\" alt=\"sistema pesquisa clima organizacional\" class=\"wp-image-21476\" srcset=\"https:\/\/www.bizneo.com\/blog\/wp-content\/uploads\/2021\/04\/banner-medio-pesquisas-rh-1024x154.jpg 1024w, https:\/\/www.bizneo.com\/blog\/wp-content\/uploads\/2021\/04\/banner-medio-pesquisas-rh-300x45.jpg 300w, https:\/\/www.bizneo.com\/blog\/wp-content\/uploads\/2021\/04\/banner-medio-pesquisas-rh-768x115.jpg 768w, https:\/\/www.bizneo.com\/blog\/wp-content\/uploads\/2021\/04\/banner-medio-pesquisas-rh-810x122.jpg 810w, https:\/\/www.bizneo.com\/blog\/wp-content\/uploads\/2021\/04\/banner-medio-pesquisas-rh-1140x171.jpg 1140w, https:\/\/www.bizneo.com\/blog\/wp-content\/uploads\/2021\/04\/banner-medio-pesquisas-rh.jpg 1360w\" sizes=\"(max-width: 1024px) 100vw, 1024px\" \/><\/a><\/figure>\n\n\n\n<h3 class=\"wp-block-heading\" id=\"avaliacao-de-desempenho-uma-ferramenta-de-controle-de-absenteismo\">Avalia\u00e7\u00e3o de desempenho, uma ferramenta de controle de absente\u00edsmo<\/h3>\n\n\n\n<p>Ao saber o qu\u00e3o produtivo um funcion\u00e1rio est\u00e1 sendo, a organiza\u00e7\u00e3o tem informa\u00e7\u00f5es diretas sobre seu engajamento e desempenho.<\/p>\n\n\n\n<p>Esta tamb\u00e9m \u00e9 uma oportunidade de reconhecer o trabalho e o esfor\u00e7o de um colaborador por meio de premia\u00e7\u00f5es \u00e9 uma forma de <strong>combater o absente\u00edsmo<\/strong>. A pessoa se sente valorizada. Isso fomenta a rela\u00e7\u00e3o com a organiza\u00e7\u00e3o, o <strong>sentimento de pertencimento<\/strong>.<\/p>\n\n\n\n<figure class=\"wp-block-image size-large\"><a href=\"\/br\/avaliacao-desempenho\/\" target=\"_blank\" rel=\"noopener\" data-wpel-link=\"internal\"><img decoding=\"async\" width=\"1125\" height=\"969\" src=\"https:\/\/www.bizneo.com\/blog\/wp-content\/uploads\/2021\/04\/Avaliacao-de-desempenho-por-competencias.webp\" alt=\"Avalia\u00e7\u00e3o de desempenho por compet\u00eancias\" class=\"wp-image-21628\" srcset=\"https:\/\/www.bizneo.com\/blog\/wp-content\/uploads\/2021\/04\/Avaliacao-de-desempenho-por-competencias.webp 1125w, https:\/\/www.bizneo.com\/blog\/wp-content\/uploads\/2021\/04\/Avaliacao-de-desempenho-por-competencias-300x258.webp 300w, https:\/\/www.bizneo.com\/blog\/wp-content\/uploads\/2021\/04\/Avaliacao-de-desempenho-por-competencias-1024x882.webp 1024w, https:\/\/www.bizneo.com\/blog\/wp-content\/uploads\/2021\/04\/Avaliacao-de-desempenho-por-competencias-768x662.webp 768w, https:\/\/www.bizneo.com\/blog\/wp-content\/uploads\/2021\/04\/Avaliacao-de-desempenho-por-competencias-810x698.webp 810w\" sizes=\"(max-width: 1125px) 100vw, 1125px\" \/><\/a><\/figure>\n\n\n\n<p>Para este tipo de est\u00e1gio, \u00e9 aconselh\u00e1vel ter um <a href=\"\/br\/avaliacao-desempenho\/\" data-wpel-link=\"internal\" target=\"_blank\">sistema de avalia\u00e7\u00e3o de desempenho<\/a> atrav\u00e9s do qual se possa oferecer um feedback eficaz e documentar as <a href=\"https:\/\/www.bizneo.com\/blog\/pt\/gestao-por-competencias\/\" target=\"_blank\" rel=\"noreferrer noopener\" data-wpel-link=\"internal\">compet\u00eancias do colaborador<\/a>, reconhecer os talentos-chave da organiza\u00e7\u00e3o, fomentar a motiva\u00e7\u00e3o, reconhecer oportunidades de forma\u00e7\u00e3o e trabalhar sobre eles.<\/p>\n\n\n\n<h3 class=\"wp-block-heading\" id=\"treinamento-chave-para-o-controle-de-absenteismo\">Treinamento, chave para o controle de absente\u00edsmo<\/h3>\n\n\n\n<p>Identificar pontos de melhoria \u00e9 fundamental para <strong>evitar o absente\u00edsmo<\/strong>. Mas n\u00e3o se trata apenas de encontr\u00e1-los, \u00e9 preciso resolv\u00ea-los.<\/p>\n\n\n\n<p>Ter uma <strong><a href=\"\/br\/treinamento-desenvolvimento-profissional\/\" data-wpel-link=\"internal\" target=\"_blank\">ferramenta de gest\u00e3o de treinamento<\/a><\/strong> permite que as organiza\u00e7\u00f5es promovam planos de carreira para cada funcion\u00e1rio, com avalia\u00e7\u00f5es peri\u00f3dicas, sistema de notifica\u00e7\u00f5es e lembretes, entre outras vantagens.<\/p>\n\n\n\n<p>Uma delas \u00e9 a possibilidade de<strong> avaliar o ROI <\/strong>de cada processo. Dessa forma, a organiza\u00e7\u00e3o pode identificar o retorno sobre o investimento feito por meio de uma gest\u00e3o inteligente.<\/p>\n\n\n\n<p>Hoje, o processo de treinamento n\u00e3o precisa ser r\u00edgido. Ao contr\u00e1rio, o avan\u00e7o da gamifica\u00e7\u00e3o surge como alternativa para otimizar e atualizar o processo de aprendizado.&nbsp;<\/p>\n\n\n\n<p>Ao dedicar tempo e esfor\u00e7o \u00e0 sua forma\u00e7\u00e3o, o colaborador pode se sentir mais valorizado e desenvolver um compromisso maior com a organiza\u00e7\u00e3o.&nbsp;<\/p>\n\n\n\n<bzn-link><a href=\"\/br\/treinamento-desenvolvimento-profissional\/\" id=\"destacado-lms\" target=\"_blank\" rel=\"noopener noreferrer\" data-wpel-link=\"internal\"><span class=\"bzn-link-title\"><strong>Sistema para desenvolvimento da capacita\u00e7\u00e3o de seus colaboradores<\/strong> <\/span> Crie planos de forma\u00e7\u00e3o e desenvolvimento para seus funcion\u00e1rios.<\/a><\/bzn-link>\n\n\n\n<p><\/p>\n\n\n\n<h3 class=\"wp-block-heading\" id=\"otimize-a-gestao-do-tempo-para-o-controle-de-absenteismo\">Otimize a gest\u00e3o do tempo para o controle de absente\u00edsmo<\/h3>\n\n\n\n<p>A satisfa\u00e7\u00e3o de um funcion\u00e1rio \u00e9 proporcional \u00e0 efic\u00e1cia com a qual ele realiza suas tarefas. Assim, saber distribuir as tarefas e design\u00e1-las de acordo com as capacidades de cada funcion\u00e1rio \u00e9 fundamental. Dessa forma, o funcion\u00e1rio n\u00e3o fica sobrecarregado.<\/p>\n\n\n\n<p>Para isso, \u00e9 recomend\u00e1vel ter duas ferramentas para facilitar o gerenciamento dessas etapas. A primeira \u00e9 um <strong><a href=\"\/br\/controle-ponto\/\" data-wpel-link=\"internal\" target=\"_blank\">software de controle de ponto<\/a><\/strong>, por meio do qual voc\u00ea pode ter controle das horas de trabalho cumpridas, definir lembretes para os registros e gerenciar com mais efici\u00eancia a rota\u00e7\u00e3o de hor\u00e1rios.<\/p>\n\n\n\n<figure class=\"wp-block-image size-large\"><a href=\"\/br\/controle-ponto\/\" target=\"_blank\" rel=\"noopener\" data-wpel-link=\"internal\"><img decoding=\"async\" width=\"1500\" height=\"1103\" src=\"https:\/\/www.bizneo.com\/blog\/wp-content\/uploads\/2021\/04\/Software-de-registro-de-ponto.webp\" alt=\"Registro de ponto online\" class=\"wp-image-21604\" srcset=\"https:\/\/www.bizneo.com\/blog\/wp-content\/uploads\/2021\/04\/Software-de-registro-de-ponto.webp 1500w, https:\/\/www.bizneo.com\/blog\/wp-content\/uploads\/2021\/04\/Software-de-registro-de-ponto-300x221.webp 300w, https:\/\/www.bizneo.com\/blog\/wp-content\/uploads\/2021\/04\/Software-de-registro-de-ponto-1024x753.webp 1024w, https:\/\/www.bizneo.com\/blog\/wp-content\/uploads\/2021\/04\/Software-de-registro-de-ponto-768x565.webp 768w, https:\/\/www.bizneo.com\/blog\/wp-content\/uploads\/2021\/04\/Software-de-registro-de-ponto-810x596.webp 810w, https:\/\/www.bizneo.com\/blog\/wp-content\/uploads\/2021\/04\/Software-de-registro-de-ponto-1140x838.webp 1140w\" sizes=\"(max-width: 1500px) 100vw, 1500px\" \/><\/a><\/figure>\n\n\n\n<p>Com esse recurso, a empresa ganha em termos de produtividade, monitoramento de tarefas, agilidade de processos e tomada de decis\u00e3o. Al\u00e9m disso, esse sistema garante privacidade e seguran\u00e7a das informa\u00e7\u00f5es.<\/p>\n\n\n\n<p>A segunda ferramenta \u00e9 o <strong>software de gest\u00e3o de aus\u00eancia<\/strong>, tamb\u00e9m oferecido pela Bizneo HR. O <a href=\"\/br\/\" data-wpel-link=\"internal\" target=\"_blank\">software RH<\/a> permite uma revis\u00e3o r\u00e1pida e clara dos calend\u00e1rios, informando a equipe sobre novidades relacionadas \u00e0 jornada de trabalho, facilitando o cadastro autom\u00e1tico e reduzindo o consumo de papel.<\/p>\n\n\n\n<figure class=\"wp-block-image size-full\"><a href=\"\/br\/gestao-ferias\/\" target=\"_blank\" rel=\"noreferrer noopener\" data-wpel-link=\"internal\"><img decoding=\"async\" width=\"1500\" height=\"1089\" src=\"https:\/\/www.bizneo.com\/blog\/wp-content\/uploads\/2021\/04\/calendario-de-ferias-de-sua-empresa.webp\" alt=\"Sistema de controle de f\u00e9rias\" class=\"wp-image-21543\" srcset=\"https:\/\/www.bizneo.com\/blog\/wp-content\/uploads\/2021\/04\/calendario-de-ferias-de-sua-empresa.webp 1500w, https:\/\/www.bizneo.com\/blog\/wp-content\/uploads\/2021\/04\/calendario-de-ferias-de-sua-empresa-300x218.webp 300w, https:\/\/www.bizneo.com\/blog\/wp-content\/uploads\/2021\/04\/calendario-de-ferias-de-sua-empresa-1024x743.webp 1024w, https:\/\/www.bizneo.com\/blog\/wp-content\/uploads\/2021\/04\/calendario-de-ferias-de-sua-empresa-768x558.webp 768w, https:\/\/www.bizneo.com\/blog\/wp-content\/uploads\/2021\/04\/calendario-de-ferias-de-sua-empresa-810x588.webp 810w, https:\/\/www.bizneo.com\/blog\/wp-content\/uploads\/2021\/04\/calendario-de-ferias-de-sua-empresa-1140x828.webp 1140w\" sizes=\"(max-width: 1500px) 100vw, 1500px\" \/><\/a><\/figure>\n\n\n\n<h3 class=\"wp-block-heading\" id=\"motive-seus-funcionarios\">Motive seus funcion\u00e1rios<\/h3>\n\n\n\n<p><strong>Encorajar a motiva\u00e7\u00e3o \u00e9 muito mais lucrativo do que gerenciar licen\u00e7as m\u00e9dicas.<\/strong> Existem v\u00e1rias formas de fazer isso, desde oferecer b\u00f4nus financeiros, at\u00e9 permitir hor\u00e1rios flex\u00edveis, organizar dias de integra\u00e7\u00e3o fora do hor\u00e1rio habitual, disponibilizar programas de forma\u00e7\u00e3o, e outros benef\u00edcios pelo cumprimento de metas. Outra op\u00e7\u00e3o \u00e9 <strong>permitir o trabalho remoto <\/strong>durante alguns dias da semana.&nbsp;<\/p>\n\n\n\n<figure class=\"wp-block-image size-large\"><a href=\"https:\/\/hello.bizneo.com\/br\/demo\/time\/?utm_content=post-banner-grande\" target=\"_blank\" rel=\"noopener\" data-wpel-link=\"internal\"><img decoding=\"async\" width=\"1360\" height=\"408\" src=\"https:\/\/www.bizneo.com\/blog\/wp-content\/uploads\/2021\/04\/Software-de-controle-de-ferias-e-ausencias.jpg\" alt=\"software gest\u00e3o de f\u00e9rias\" class=\"wp-image-21498\" srcset=\"https:\/\/www.bizneo.com\/blog\/wp-content\/uploads\/2021\/04\/Software-de-controle-de-ferias-e-ausencias.jpg 1360w, https:\/\/www.bizneo.com\/blog\/wp-content\/uploads\/2021\/04\/Software-de-controle-de-ferias-e-ausencias-300x90.jpg 300w, https:\/\/www.bizneo.com\/blog\/wp-content\/uploads\/2021\/04\/Software-de-controle-de-ferias-e-ausencias-1024x307.jpg 1024w, https:\/\/www.bizneo.com\/blog\/wp-content\/uploads\/2021\/04\/Software-de-controle-de-ferias-e-ausencias-768x230.jpg 768w, https:\/\/www.bizneo.com\/blog\/wp-content\/uploads\/2021\/04\/Software-de-controle-de-ferias-e-ausencias-810x243.jpg 810w, https:\/\/www.bizneo.com\/blog\/wp-content\/uploads\/2021\/04\/Software-de-controle-de-ferias-e-ausencias-1140x342.jpg 1140w\" sizes=\"(max-width: 1360px) 100vw, 1360px\" \/><\/a><\/figure>\n","protected":false},"excerpt":{"rendered":"<p>O absente\u00edsmo pode gerar importantes perdas financeiras para as empresas, mas \u00e9 poss\u00edvel reverter esse \u00edndice e garantir a qualidade de vida no trabalho.<\/p>\n","protected":false},"author":31,"featured_media":27366,"comment_status":"open","ping_status":"open","sticky":false,"template":"","format":"standard","meta":{"_uag_custom_page_level_css":"","site-sidebar-layout":"default","site-content-layout":"","ast-site-content-layout":"default","site-content-style":"default","site-sidebar-style":"default","ast-global-header-display":"","ast-banner-title-visibility":"","ast-main-header-display":"","ast-hfb-above-header-display":"","ast-hfb-below-header-display":"","ast-hfb-mobile-header-display":"","site-post-title":"","ast-breadcrumbs-content":"","ast-featured-img":"","footer-sml-layout":"","ast-disable-related-posts":"","theme-transparent-header-meta":"","adv-header-id-meta":"","stick-header-meta":"","header-above-stick-meta":"","header-main-stick-meta":"","header-below-stick-meta":"","astra-migrate-meta-layouts":"default","ast-page-background-enabled":"default","ast-page-background-meta":{"desktop":{"background-color":"var(--ast-global-color-5)","background-image":"","background-repeat":"repeat","background-position":"center center","background-size":"auto","background-attachment":"scroll","background-type":"","background-media":"","overlay-type":"","overlay-color":"","overlay-opacity":"","overlay-gradient":""},"tablet":{"background-color":"","background-image":"","background-repeat":"repeat","background-position":"center center","background-size":"auto","background-attachment":"scroll","background-type":"","background-media":"","overlay-type":"","overlay-color":"","overlay-opacity":"","overlay-gradient":""},"mobile":{"background-color":"","background-image":"","background-repeat":"repeat","background-position":"center center","background-size":"auto","background-attachment":"scroll","background-type":"","background-media":"","overlay-type":"","overlay-color":"","overlay-opacity":"","overlay-gradient":""}},"ast-content-background-meta":{"desktop":{"background-color":"var(--ast-global-color-4)","background-image":"","background-repeat":"repeat","background-position":"center center","background-size":"auto","background-attachment":"scroll","background-type":"","background-media":"","overlay-type":"","overlay-color":"","overlay-opacity":"","overlay-gradient":""},"tablet":{"background-color":"var(--ast-global-color-4)","background-image":"","background-repeat":"repeat","background-position":"center center","background-size":"auto","background-attachment":"scroll","background-type":"","background-media":"","overlay-type":"","overlay-color":"","overlay-opacity":"","overlay-gradient":""},"mobile":{"background-color":"var(--ast-global-color-4)","background-image":"","background-repeat":"repeat","background-position":"center center","background-size":"auto","background-attachment":"scroll","background-type":"","background-media":"","overlay-type":"","overlay-color":"","overlay-opacity":"","overlay-gradient":""}},"footnotes":""},"categories":[215,209],"tags":[],"class_list":["post-26995","post","type-post","status-publish","format-standard","has-post-thumbnail","hentry","category-gestao-de-ferias","category-gestao-do-tempo"],"yoast_head":"<!-- This site is optimized with the Yoast SEO plugin v27.5 - https:\/\/yoast.com\/product\/yoast-seo-wordpress\/ -->\n<title>Guia para controle de absente\u00edsmo | Como combat\u00ea-lo?<\/title>\n<meta name=\"description\" content=\"O absente\u00edsmo no trabalho gera importantes perdas financeiras para as organiza\u00e7\u00f5es todos os anos. Saiba como combat\u00ea-lo!\" \/>\n<meta name=\"robots\" content=\"index, follow, max-snippet:-1, max-image-preview:large, max-video-preview:-1\" \/>\n<meta property=\"og:locale\" content=\"es_ES\" \/>\n<meta property=\"og:type\" content=\"article\" \/>\n<meta property=\"og:title\" content=\"Guia para controle de absente\u00edsmo | Como combat\u00ea-lo?\" \/>\n<meta property=\"og:description\" content=\"O absente\u00edsmo no trabalho gera importantes perdas financeiras para as organiza\u00e7\u00f5es todos os anos. Saiba como combat\u00ea-lo!\" \/>\n<meta property=\"og:url\" content=\"https:\/\/www.bizneo.com\/blog\/pt\/controle-de-absenteismo\/\" \/>\n<meta property=\"og:site_name\" content=\"Blog de Recursos Humanos de Bizneo HR: pr\u00e1ctico y actual\" \/>\n<meta property=\"article:published_time\" content=\"2021-10-06T14:45:05+00:00\" \/>\n<meta property=\"article:modified_time\" content=\"2026-02-01T17:10:21+00:00\" \/>\n<meta property=\"og:image\" content=\"https:\/\/www.bizneo.com\/blog\/wp-content\/uploads\/2021\/10\/controle-de-absenteismo.jpg\" \/>\n\t<meta property=\"og:image:width\" content=\"1140\" \/>\n\t<meta property=\"og:image:height\" content=\"640\" \/>\n\t<meta property=\"og:image:type\" content=\"image\/jpeg\" \/>\n<meta name=\"author\" content=\"Talita\" \/>\n<meta name=\"twitter:card\" content=\"summary_large_image\" \/>\n<meta name=\"twitter:label1\" content=\"Escrito por\" \/>\n\t<meta name=\"twitter:data1\" content=\"Talita\" \/>\n\t<meta name=\"twitter:label2\" content=\"Tiempo de lectura\" \/>\n\t<meta name=\"twitter:data2\" content=\"295 minutos\" \/>\n<script type=\"application\/ld+json\" class=\"yoast-schema-graph\">{\"@context\":\"https:\\\/\\\/schema.org\",\"@graph\":[{\"@type\":[\"Article\",\"BlogPosting\"],\"@id\":\"https:\\\/\\\/www.bizneo.com\\\/blog\\\/pt\\\/controle-de-absenteismo\\\/#article\",\"isPartOf\":{\"@id\":\"https:\\\/\\\/www.bizneo.com\\\/blog\\\/pt\\\/controle-de-absenteismo\\\/\"},\"author\":{\"name\":\"Talita\",\"@id\":\"https:\\\/\\\/www.bizneo.com\\\/blog\\\/#\\\/schema\\\/person\\\/3aea8ddcb201926bb4394bbfb582a5fb\"},\"headline\":\"Guia para controle de absente\u00edsmo\",\"datePublished\":\"2021-10-06T14:45:05+00:00\",\"dateModified\":\"2026-02-01T17:10:21+00:00\",\"mainEntityOfPage\":{\"@id\":\"https:\\\/\\\/www.bizneo.com\\\/blog\\\/pt\\\/controle-de-absenteismo\\\/\"},\"wordCount\":3662,\"commentCount\":1,\"publisher\":{\"@id\":\"https:\\\/\\\/www.bizneo.com\\\/blog\\\/#organization\"},\"image\":{\"@id\":\"https:\\\/\\\/www.bizneo.com\\\/blog\\\/pt\\\/controle-de-absenteismo\\\/#primaryimage\"},\"thumbnailUrl\":\"https:\\\/\\\/www.bizneo.com\\\/blog\\\/wp-content\\\/uploads\\\/2021\\\/10\\\/controle-de-absenteismo.jpg\",\"articleSection\":[\"Gest\u00e3o de f\u00e9rias\",\"Gest\u00e3o do tempo\"],\"inLanguage\":\"es\",\"potentialAction\":[{\"@type\":\"CommentAction\",\"name\":\"Comment\",\"target\":[\"https:\\\/\\\/www.bizneo.com\\\/blog\\\/pt\\\/controle-de-absenteismo\\\/#respond\"]}]},{\"@type\":\"WebPage\",\"@id\":\"https:\\\/\\\/www.bizneo.com\\\/blog\\\/pt\\\/controle-de-absenteismo\\\/\",\"url\":\"https:\\\/\\\/www.bizneo.com\\\/blog\\\/pt\\\/controle-de-absenteismo\\\/\",\"name\":\"Guia para controle de absente\u00edsmo | Como combat\u00ea-lo?\",\"isPartOf\":{\"@id\":\"https:\\\/\\\/www.bizneo.com\\\/blog\\\/#website\"},\"primaryImageOfPage\":{\"@id\":\"https:\\\/\\\/www.bizneo.com\\\/blog\\\/pt\\\/controle-de-absenteismo\\\/#primaryimage\"},\"image\":{\"@id\":\"https:\\\/\\\/www.bizneo.com\\\/blog\\\/pt\\\/controle-de-absenteismo\\\/#primaryimage\"},\"thumbnailUrl\":\"https:\\\/\\\/www.bizneo.com\\\/blog\\\/wp-content\\\/uploads\\\/2021\\\/10\\\/controle-de-absenteismo.jpg\",\"datePublished\":\"2021-10-06T14:45:05+00:00\",\"dateModified\":\"2026-02-01T17:10:21+00:00\",\"description\":\"O absente\u00edsmo no trabalho gera importantes perdas financeiras para as organiza\u00e7\u00f5es todos os anos. Saiba como combat\u00ea-lo!\",\"breadcrumb\":{\"@id\":\"https:\\\/\\\/www.bizneo.com\\\/blog\\\/pt\\\/controle-de-absenteismo\\\/#breadcrumb\"},\"inLanguage\":\"es\",\"potentialAction\":[{\"@type\":\"ReadAction\",\"target\":[\"https:\\\/\\\/www.bizneo.com\\\/blog\\\/pt\\\/controle-de-absenteismo\\\/\"]}]},{\"@type\":\"ImageObject\",\"inLanguage\":\"es\",\"@id\":\"https:\\\/\\\/www.bizneo.com\\\/blog\\\/pt\\\/controle-de-absenteismo\\\/#primaryimage\",\"url\":\"https:\\\/\\\/www.bizneo.com\\\/blog\\\/wp-content\\\/uploads\\\/2021\\\/10\\\/controle-de-absenteismo.jpg\",\"contentUrl\":\"https:\\\/\\\/www.bizneo.com\\\/blog\\\/wp-content\\\/uploads\\\/2021\\\/10\\\/controle-de-absenteismo.jpg\",\"width\":1140,\"height\":640,\"caption\":\"controle de absentei\u0301smo\"},{\"@type\":\"BreadcrumbList\",\"@id\":\"https:\\\/\\\/www.bizneo.com\\\/blog\\\/pt\\\/controle-de-absenteismo\\\/#breadcrumb\",\"itemListElement\":[{\"@type\":\"ListItem\",\"position\":1,\"name\":\"Portada\",\"item\":\"https:\\\/\\\/www.bizneo.com\\\/blog\\\/\"},{\"@type\":\"ListItem\",\"position\":2,\"name\":\"Gest\u00e3o do tempo\",\"item\":\"https:\\\/\\\/www.bizneo.com\\\/blog\\\/pt\\\/category\\\/gestao-do-tempo\\\/\"},{\"@type\":\"ListItem\",\"position\":3,\"name\":\"Guia para controle de absente\u00edsmo\"}]},{\"@type\":\"WebSite\",\"@id\":\"https:\\\/\\\/www.bizneo.com\\\/blog\\\/#website\",\"url\":\"https:\\\/\\\/www.bizneo.com\\\/blog\\\/\",\"name\":\"Blog de Recursos Humanos de Bizneo HR: pr\u00e1ctico y actual\",\"description\":\"Todo sobre actualidad, herramientas y tecnolog\u00eda  para optimizar la gesti\u00f3n del talento humano\",\"publisher\":{\"@id\":\"https:\\\/\\\/www.bizneo.com\\\/blog\\\/#organization\"},\"potentialAction\":[{\"@type\":\"SearchAction\",\"target\":{\"@type\":\"EntryPoint\",\"urlTemplate\":\"https:\\\/\\\/www.bizneo.com\\\/blog\\\/?s={search_term_string}\"},\"query-input\":{\"@type\":\"PropertyValueSpecification\",\"valueRequired\":true,\"valueName\":\"search_term_string\"}}],\"inLanguage\":\"es\"},{\"@type\":\"Organization\",\"@id\":\"https:\\\/\\\/www.bizneo.com\\\/blog\\\/#organization\",\"name\":\"Bizneo HR\",\"url\":\"https:\\\/\\\/www.bizneo.com\\\/blog\\\/\",\"logo\":{\"@type\":\"ImageObject\",\"inLanguage\":\"es\",\"@id\":\"https:\\\/\\\/www.bizneo.com\\\/blog\\\/#\\\/schema\\\/logo\\\/image\\\/\",\"url\":\"https:\\\/\\\/www.bizneo.com\\\/blog\\\/wp-content\\\/uploads\\\/2020\\\/09\\\/Icono-Logo-Bizneo-HR.png\",\"contentUrl\":\"https:\\\/\\\/www.bizneo.com\\\/blog\\\/wp-content\\\/uploads\\\/2020\\\/09\\\/Icono-Logo-Bizneo-HR.png\",\"width\":834,\"height\":834,\"caption\":\"Bizneo HR\"},\"image\":{\"@id\":\"https:\\\/\\\/www.bizneo.com\\\/blog\\\/#\\\/schema\\\/logo\\\/image\\\/\"}},{\"@type\":\"Person\",\"@id\":\"https:\\\/\\\/www.bizneo.com\\\/blog\\\/#\\\/schema\\\/person\\\/3aea8ddcb201926bb4394bbfb582a5fb\",\"name\":\"Talita\",\"image\":{\"@type\":\"ImageObject\",\"inLanguage\":\"es\",\"@id\":\"https:\\\/\\\/secure.gravatar.com\\\/avatar\\\/965e4e0e673ec5aef56da7c23c99dfcc4c209684c78c811d6ece9961d8e62ecd?s=96&d=mm&r=g\",\"url\":\"https:\\\/\\\/secure.gravatar.com\\\/avatar\\\/965e4e0e673ec5aef56da7c23c99dfcc4c209684c78c811d6ece9961d8e62ecd?s=96&d=mm&r=g\",\"contentUrl\":\"https:\\\/\\\/secure.gravatar.com\\\/avatar\\\/965e4e0e673ec5aef56da7c23c99dfcc4c209684c78c811d6ece9961d8e62ecd?s=96&d=mm&r=g\",\"caption\":\"Talita\"},\"url\":\"https:\\\/\\\/www.bizneo.com\\\/blog\\\/author\\\/talita\\\/\"}]}<\/script>\n<!-- \/ Yoast SEO plugin. -->","yoast_head_json":{"title":"Guia para controle de absente\u00edsmo | Como combat\u00ea-lo?","description":"O absente\u00edsmo no trabalho gera importantes perdas financeiras para as organiza\u00e7\u00f5es todos os anos. Saiba como combat\u00ea-lo!","robots":{"index":"index","follow":"follow","max-snippet":"max-snippet:-1","max-image-preview":"max-image-preview:large","max-video-preview":"max-video-preview:-1"},"og_locale":"es_ES","og_type":"article","og_title":"Guia para controle de absente\u00edsmo | Como combat\u00ea-lo?","og_description":"O absente\u00edsmo no trabalho gera importantes perdas financeiras para as organiza\u00e7\u00f5es todos os anos. Saiba como combat\u00ea-lo!","og_url":"https:\/\/www.bizneo.com\/blog\/pt\/controle-de-absenteismo\/","og_site_name":"Blog de Recursos Humanos de Bizneo HR: pr\u00e1ctico y actual","article_published_time":"2021-10-06T14:45:05+00:00","article_modified_time":"2026-02-01T17:10:21+00:00","og_image":[{"width":1140,"height":640,"url":"https:\/\/www.bizneo.com\/blog\/wp-content\/uploads\/2021\/10\/controle-de-absenteismo.jpg","type":"image\/jpeg"}],"author":"Talita","twitter_card":"summary_large_image","twitter_misc":{"Escrito por":"Talita","Tiempo de lectura":"295 minutos"},"schema":{"@context":"https:\/\/schema.org","@graph":[{"@type":["Article","BlogPosting"],"@id":"https:\/\/www.bizneo.com\/blog\/pt\/controle-de-absenteismo\/#article","isPartOf":{"@id":"https:\/\/www.bizneo.com\/blog\/pt\/controle-de-absenteismo\/"},"author":{"name":"Talita","@id":"https:\/\/www.bizneo.com\/blog\/#\/schema\/person\/3aea8ddcb201926bb4394bbfb582a5fb"},"headline":"Guia para controle de absente\u00edsmo","datePublished":"2021-10-06T14:45:05+00:00","dateModified":"2026-02-01T17:10:21+00:00","mainEntityOfPage":{"@id":"https:\/\/www.bizneo.com\/blog\/pt\/controle-de-absenteismo\/"},"wordCount":3662,"commentCount":1,"publisher":{"@id":"https:\/\/www.bizneo.com\/blog\/#organization"},"image":{"@id":"https:\/\/www.bizneo.com\/blog\/pt\/controle-de-absenteismo\/#primaryimage"},"thumbnailUrl":"https:\/\/www.bizneo.com\/blog\/wp-content\/uploads\/2021\/10\/controle-de-absenteismo.jpg","articleSection":["Gest\u00e3o de f\u00e9rias","Gest\u00e3o do tempo"],"inLanguage":"es","potentialAction":[{"@type":"CommentAction","name":"Comment","target":["https:\/\/www.bizneo.com\/blog\/pt\/controle-de-absenteismo\/#respond"]}]},{"@type":"WebPage","@id":"https:\/\/www.bizneo.com\/blog\/pt\/controle-de-absenteismo\/","url":"https:\/\/www.bizneo.com\/blog\/pt\/controle-de-absenteismo\/","name":"Guia para controle de absente\u00edsmo | Como combat\u00ea-lo?","isPartOf":{"@id":"https:\/\/www.bizneo.com\/blog\/#website"},"primaryImageOfPage":{"@id":"https:\/\/www.bizneo.com\/blog\/pt\/controle-de-absenteismo\/#primaryimage"},"image":{"@id":"https:\/\/www.bizneo.com\/blog\/pt\/controle-de-absenteismo\/#primaryimage"},"thumbnailUrl":"https:\/\/www.bizneo.com\/blog\/wp-content\/uploads\/2021\/10\/controle-de-absenteismo.jpg","datePublished":"2021-10-06T14:45:05+00:00","dateModified":"2026-02-01T17:10:21+00:00","description":"O absente\u00edsmo no trabalho gera importantes perdas financeiras para as organiza\u00e7\u00f5es todos os anos. Saiba como combat\u00ea-lo!","breadcrumb":{"@id":"https:\/\/www.bizneo.com\/blog\/pt\/controle-de-absenteismo\/#breadcrumb"},"inLanguage":"es","potentialAction":[{"@type":"ReadAction","target":["https:\/\/www.bizneo.com\/blog\/pt\/controle-de-absenteismo\/"]}]},{"@type":"ImageObject","inLanguage":"es","@id":"https:\/\/www.bizneo.com\/blog\/pt\/controle-de-absenteismo\/#primaryimage","url":"https:\/\/www.bizneo.com\/blog\/wp-content\/uploads\/2021\/10\/controle-de-absenteismo.jpg","contentUrl":"https:\/\/www.bizneo.com\/blog\/wp-content\/uploads\/2021\/10\/controle-de-absenteismo.jpg","width":1140,"height":640,"caption":"controle de absentei\u0301smo"},{"@type":"BreadcrumbList","@id":"https:\/\/www.bizneo.com\/blog\/pt\/controle-de-absenteismo\/#breadcrumb","itemListElement":[{"@type":"ListItem","position":1,"name":"Portada","item":"https:\/\/www.bizneo.com\/blog\/"},{"@type":"ListItem","position":2,"name":"Gest\u00e3o do tempo","item":"https:\/\/www.bizneo.com\/blog\/pt\/category\/gestao-do-tempo\/"},{"@type":"ListItem","position":3,"name":"Guia para controle de absente\u00edsmo"}]},{"@type":"WebSite","@id":"https:\/\/www.bizneo.com\/blog\/#website","url":"https:\/\/www.bizneo.com\/blog\/","name":"Blog de Recursos Humanos de Bizneo HR: pr\u00e1ctico y actual","description":"Todo sobre actualidad, herramientas y tecnolog\u00eda  para optimizar la gesti\u00f3n del talento humano","publisher":{"@id":"https:\/\/www.bizneo.com\/blog\/#organization"},"potentialAction":[{"@type":"SearchAction","target":{"@type":"EntryPoint","urlTemplate":"https:\/\/www.bizneo.com\/blog\/?s={search_term_string}"},"query-input":{"@type":"PropertyValueSpecification","valueRequired":true,"valueName":"search_term_string"}}],"inLanguage":"es"},{"@type":"Organization","@id":"https:\/\/www.bizneo.com\/blog\/#organization","name":"Bizneo HR","url":"https:\/\/www.bizneo.com\/blog\/","logo":{"@type":"ImageObject","inLanguage":"es","@id":"https:\/\/www.bizneo.com\/blog\/#\/schema\/logo\/image\/","url":"https:\/\/www.bizneo.com\/blog\/wp-content\/uploads\/2020\/09\/Icono-Logo-Bizneo-HR.png","contentUrl":"https:\/\/www.bizneo.com\/blog\/wp-content\/uploads\/2020\/09\/Icono-Logo-Bizneo-HR.png","width":834,"height":834,"caption":"Bizneo HR"},"image":{"@id":"https:\/\/www.bizneo.com\/blog\/#\/schema\/logo\/image\/"}},{"@type":"Person","@id":"https:\/\/www.bizneo.com\/blog\/#\/schema\/person\/3aea8ddcb201926bb4394bbfb582a5fb","name":"Talita","image":{"@type":"ImageObject","inLanguage":"es","@id":"https:\/\/secure.gravatar.com\/avatar\/965e4e0e673ec5aef56da7c23c99dfcc4c209684c78c811d6ece9961d8e62ecd?s=96&d=mm&r=g","url":"https:\/\/secure.gravatar.com\/avatar\/965e4e0e673ec5aef56da7c23c99dfcc4c209684c78c811d6ece9961d8e62ecd?s=96&d=mm&r=g","contentUrl":"https:\/\/secure.gravatar.com\/avatar\/965e4e0e673ec5aef56da7c23c99dfcc4c209684c78c811d6ece9961d8e62ecd?s=96&d=mm&r=g","caption":"Talita"},"url":"https:\/\/www.bizneo.com\/blog\/author\/talita\/"}]}},"spectra_custom_meta":{"onesignal_meta_box_present":["1"],"onesignal_send_notification":[""],"Views":["6255"],"onesignal_modify_title_and_content":[""],"onesignal_notification_custom_heading":[null],"onesignal_notification_custom_content":[null],"wp_review_type":["none"],"_thumbnail_id":["27366"],"_yoast_wpseo_title":["Guia para controle de absente\u00edsmo | Como combat\u00ea-lo?"],"_yoast_wpseo_metadesc":["O absente\u00edsmo no trabalho gera importantes perdas financeiras para as organiza\u00e7\u00f5es todos os anos. Saiba como combat\u00ea-lo!"],"_yoast_wpseo_focuskw":["absente\u00edsmo"],"_yoast_wpseo_primary_category":["209"],"_edit_lock":["1769965938:47"],"_edit_last":["47"],"_at_widget":["1"],"_vce_meta":["a:4:{s:11:\"use_sidebar\";s:7:\"inherit\";s:7:\"sidebar\";s:7:\"inherit\";s:14:\"sticky_sidebar\";s:7:\"inherit\";s:6:\"layout\";s:7:\"inherit\";}"],"_yoast_wpseo_linkdex":["5"],"_yoast_wpseo_estimated-reading-time-minutes":["295"],"_yoast_wpseo_wordproof_timestamp":[""],"wp_review_positive_count":["0"],"wp_review_negative_count":["0"],"wp_review_user_reviews":["0"],"wp_review_review_count":["0"],"_yoast_wpseo_content_score":["90"],"_uag_css_file_name":["uag-css-26995.css"],"_uag_page_assets":["a:9:{s:3:\"css\";s:263:\".uag-blocks-common-selector{z-index:var(--z-index-desktop) !important}@media (max-width: 976px){.uag-blocks-common-selector{z-index:var(--z-index-tablet) !important}}@media (max-width: 767px){.uag-blocks-common-selector{z-index:var(--z-index-mobile) !important}}\n\";s:2:\"js\";s:0:\"\";s:18:\"current_block_list\";a:8:{i:0;s:14:\"core\/paragraph\";i:1;s:12:\"core\/heading\";i:2;s:10:\"core\/image\";i:3;s:9:\"core\/html\";i:4;s:9:\"core\/list\";i:5;s:14:\"core\/list-item\";i:6;s:12:\"core\/details\";i:7;s:14:\"core\/shortcode\";}s:8:\"uag_flag\";b:0;s:11:\"uag_version\";s:10:\"1777407497\";s:6:\"gfonts\";a:0:{}s:10:\"gfonts_url\";s:0:\"\";s:12:\"gfonts_files\";a:0:{}s:14:\"uag_faq_layout\";b:0;}"]},"uagb_featured_image_src":{"full":["https:\/\/www.bizneo.com\/blog\/wp-content\/uploads\/2021\/10\/controle-de-absenteismo.jpg",1140,640,false],"thumbnail":["https:\/\/www.bizneo.com\/blog\/wp-content\/uploads\/2021\/10\/controle-de-absenteismo-150x150.jpg",150,150,true],"medium":["https:\/\/www.bizneo.com\/blog\/wp-content\/uploads\/2021\/10\/controle-de-absenteismo-300x168.jpg",300,168,true],"medium_large":["https:\/\/www.bizneo.com\/blog\/wp-content\/uploads\/2021\/10\/controle-de-absenteismo-768x431.jpg",768,431,true],"large":["https:\/\/www.bizneo.com\/blog\/wp-content\/uploads\/2021\/10\/controle-de-absenteismo-1024x575.jpg",1024,575,true],"1536x1536":["https:\/\/www.bizneo.com\/blog\/wp-content\/uploads\/2021\/10\/controle-de-absenteismo.jpg",1140,640,false],"2048x2048":["https:\/\/www.bizneo.com\/blog\/wp-content\/uploads\/2021\/10\/controle-de-absenteismo.jpg",1140,640,false]},"uagb_author_info":{"display_name":"Talita","author_link":"https:\/\/www.bizneo.com\/blog\/author\/talita\/"},"uagb_comment_info":1,"uagb_excerpt":"O absente\u00edsmo pode gerar importantes perdas financeiras para as empresas, mas \u00e9 poss\u00edvel reverter esse \u00edndice e garantir a qualidade de vida no trabalho.","_links":{"self":[{"href":"https:\/\/www.bizneo.com\/blog\/wp-json\/wp\/v2\/posts\/26995","targetHints":{"allow":["GET"]}}],"collection":[{"href":"https:\/\/www.bizneo.com\/blog\/wp-json\/wp\/v2\/posts"}],"about":[{"href":"https:\/\/www.bizneo.com\/blog\/wp-json\/wp\/v2\/types\/post"}],"author":[{"embeddable":true,"href":"https:\/\/www.bizneo.com\/blog\/wp-json\/wp\/v2\/users\/31"}],"replies":[{"embeddable":true,"href":"https:\/\/www.bizneo.com\/blog\/wp-json\/wp\/v2\/comments?post=26995"}],"version-history":[{"count":43,"href":"https:\/\/www.bizneo.com\/blog\/wp-json\/wp\/v2\/posts\/26995\/revisions"}],"predecessor-version":[{"id":59410,"href":"https:\/\/www.bizneo.com\/blog\/wp-json\/wp\/v2\/posts\/26995\/revisions\/59410"}],"wp:featuredmedia":[{"embeddable":true,"href":"https:\/\/www.bizneo.com\/blog\/wp-json\/wp\/v2\/media\/27366"}],"wp:attachment":[{"href":"https:\/\/www.bizneo.com\/blog\/wp-json\/wp\/v2\/media?parent=26995"}],"wp:term":[{"taxonomy":"category","embeddable":true,"href":"https:\/\/www.bizneo.com\/blog\/wp-json\/wp\/v2\/categories?post=26995"},{"taxonomy":"post_tag","embeddable":true,"href":"https:\/\/www.bizneo.com\/blog\/wp-json\/wp\/v2\/tags?post=26995"}],"curies":[{"name":"wp","href":"https:\/\/api.w.org\/{rel}","templated":true}]}}