{"id":26909,"date":"2021-10-06T13:28:20","date_gmt":"2021-10-06T12:28:20","guid":{"rendered":"https:\/\/www.bizneo.com\/blog\/?p=26909"},"modified":"2026-02-01T18:10:49","modified_gmt":"2026-02-01T17:10:49","slug":"produtividade-no-trabalho","status":"publish","type":"post","link":"https:\/\/www.bizneo.com\/blog\/pt\/produtividade-no-trabalho\/","title":{"rendered":"Como medir e melhorar a produtividade no trabalho | Bizneo HR"},"content":{"rendered":"\n<p>Mensurar e analisar a produtividade no trabalho permite que as empresas <strong>detectem pontos de melhoria, proponham novas estrat\u00e9gias e tomem decis\u00f5es com base em dados reais<\/strong>.<\/p>\n\n\n\n<p>Na verdade, de acordo com um estudo da Universidade de Warwick, no Reino Unido, <strong>os funcion\u00e1rios que est\u00e3o satisfeitos com seus empregos s\u00e3o 12% mais produtivos.<\/strong><\/p>\n\n\n\n<p>O levantamento mostrou que os colaboradores <strong>aumentam em 31% a produtividade total da empresa e em 37% as vendas.<\/strong><\/p>\n\n\n\n<h2 class=\"wp-block-heading\" id=\"a-importancia-da-produtividade-no-trabalho\">A import\u00e2ncia da produtividade no trabalho<\/h2>\n\n\n\n<p>Quando falamos em produtividade do trabalho, <strong>logo pensamos na efici\u00eancia do processo produtivo de uma empresa<\/strong>. Este \u00e9 um fator chave nos resultados do neg\u00f3cio.<\/p>\n\n\n\n<p>Medir a produtividade ajuda a otimizar os <a href=\"https:\/\/www.bizneo.com\/blog\/pt\/recursos-humanos\/\" data-wpel-link=\"internal\" target=\"_blank\">Recursos Humanos<\/a> da empresa, detectar problemas \u2013 n\u00edvel de presen\u00e7a, absente\u00edsmo, funcion\u00e1rios que n\u00e3o realizam seu trabalho corretamente \u2013 e tomar melhores decis\u00f5es para o neg\u00f3cio.<\/p>\n\n\n\n<p>Da mesma forma,<strong> a produtividade no trabalho \u00e9 condicionada por uma s\u00e9rie de fatores<\/strong>, como o ambiente de trabalho, a flexibilidade oferecida pela empresa, as pr\u00f3prias condi\u00e7\u00f5es de trabalho, o l\u00edder da equipe, etc.<\/p>\n\n\n\n<p>Por exemplo, de acordo com a V Pesquisa Adecco sobre Felicidade no Trabalho, <strong>97% dos trabalhadores afirmam que a felicidade no trabalho influencia sua produtividade<\/strong>. Desfrutar de um ambiente organizacional de qualidade tamb\u00e9m impacta nesse aspecto.<\/p>\n\n\n\n<bzn-note><a href=\"\/blog\/pt\/ferramentas-de-rh\/\" id=\"destacado-post\" target=\"_blank\" rel=\"noopener noreferrer\" data-wpel-link=\"internal\"><span class=\"bzn-note-title\"><strong>10 fatores que tornam as ferramentas de RH essenciais para sua empresa<\/strong><\/span><br>Descubra as vantagens das ferramentas de Recursos Humanos!<\/a><\/bzn-note>\n\n\n\n<p><\/p>\n\n\n\n<h2 class=\"wp-block-heading\" id=\"7-vantagens-de-medir-a-produtividade-no-trabalho\">7 vantagens de medir a produtividade no trabalho<\/h2>\n\n\n\n<p>Medir a produtividade no trabalho traz diversos benef\u00edcios, como:<\/p>\n\n\n\n<ul class=\"wp-block-list\">\n<li>Antecipar os resultados e saber a rentabilidade que a empresa pode esperar no final do ano.<\/li>\n\n\n\n<li>Localizar facilmente as circunst\u00e2ncias que impedem o crescimento da empresa.<\/li>\n\n\n\n<li>Obter resultados reais a curto e m\u00e9dio prazo.<\/li>\n\n\n\n<li>Verificar quais a\u00e7\u00f5es trazem o resultado buscado.<\/li>\n\n\n\n<li>Ajustar corretamente as horas de trabalho e o volume de produ\u00e7\u00e3o.&nbsp;<\/li>\n\n\n\n<li>Saber com anteced\u00eancia a quantidade de unidades produzidas, o n\u00famero de funcion\u00e1rios que fizeram parte do processo e a quantidade de horas que cada um trabalhou, simplificando as an\u00e1lise e otimizando as tomadas de decis\u00e3o.<\/li>\n\n\n\n<li>Aumentar os pontos fortes da empresa e melhorar os pontos fracos.<\/li>\n<\/ul>\n\n\n\n<p>Tudo isso ajuda a aumentar a competitividade da sua empresa em rela\u00e7\u00e3o \u00e0s concorrentes do seu segmento.&nbsp;<\/p>\n\n\n\n<p>As empresas podem utilizar diferentes <a href=\"https:\/\/www.bizneo.com\/blog\/pt\/testes-psicometricos\/\" data-wpel-link=\"internal\" target=\"_blank\">testes psicom\u00e9tricos<\/a> para <a href=\"https:\/\/www.bizneo.com\/blog\/pt\/avaliacao-de-potencial\/\" data-wpel-link=\"internal\" target=\"_blank\">avaliar o potencial<\/a> dos candidatos para garantir que o pessoal tenha as qualidades certas para o trabalho e assim facilitar a sua produtividade. Al\u00e9m disso, \u00e9 poss\u00edvel <a href=\"https:\/\/www.bizneo.com\/blog\/pt\/habilidades-profissionais\/\" target=\"_blank\" rel=\"noreferrer noopener\" data-wpel-link=\"internal\">analisar as habilidades<\/a> de os trabalhadores da empresa no dia-a-dia para identificar talentos, adaptar cargos, explorar potenciais e projetar carreiras.<\/p>\n\n\n\n<figure class=\"wp-block-image size-large\"><a href=\"\/br\/avaliacao-desempenho\/\" target=\"_blank\" rel=\"noopener\" data-wpel-link=\"internal\"><img decoding=\"async\" width=\"1500\" height=\"1147\" src=\"https:\/\/www.bizneo.com\/blog\/wp-content\/uploads\/2021\/04\/Software-de-avaliacao-de-competencias.webp\" alt=\"gest\u00e3o por compet\u00eancias\" class=\"wp-image-21630\" srcset=\"https:\/\/www.bizneo.com\/blog\/wp-content\/uploads\/2021\/04\/Software-de-avaliacao-de-competencias.webp 1500w, https:\/\/www.bizneo.com\/blog\/wp-content\/uploads\/2021\/04\/Software-de-avaliacao-de-competencias-300x229.webp 300w, https:\/\/www.bizneo.com\/blog\/wp-content\/uploads\/2021\/04\/Software-de-avaliacao-de-competencias-1024x783.webp 1024w, https:\/\/www.bizneo.com\/blog\/wp-content\/uploads\/2021\/04\/Software-de-avaliacao-de-competencias-768x587.webp 768w, https:\/\/www.bizneo.com\/blog\/wp-content\/uploads\/2021\/04\/Software-de-avaliacao-de-competencias-810x619.webp 810w, https:\/\/www.bizneo.com\/blog\/wp-content\/uploads\/2021\/04\/Software-de-avaliacao-de-competencias-1140x872.webp 1140w\" sizes=\"(max-width: 1500px) 100vw, 1500px\" \/><\/a><\/figure>\n\n\n\n<p>Nesse caso, um <a href=\"https:\/\/www.bizneo.com\/blog\/pt\/sistema-de-gestao-de-pessoas\/\" data-wpel-link=\"internal\" target=\"_blank\">sistema de gest\u00e3o de pessoas<\/a> pode ajudar muito. Confira alguns que voc\u00ea pode implementar na sua empresa:<\/p>\n\n\n\n<bzn-info><a href=\"\/blog\/pt\/avaliacao-de-desempenho\/\" id=\"destacado-post\" target=\"_blank\" rel=\"noopener noreferrer\" data-wpel-link=\"internal\"><span class=\"bzn-link-title\"><strong>TUDO sobre Avalia\u00e7\u00e3o de Desempenho<\/strong><\/span><br>Descubra como implement\u00e1-la e quais s\u00e3o suas principais vantagens.<\/a><\/br><\/bzn-info>\n\n\n\n<p><\/p>\n\n\n\n<h2 class=\"wp-block-heading\" id=\"como-medir-a-produtividade-no-trabalho\">Como medir a produtividade no trabalho?<\/h2>\n\n\n\n<p>As melhores decis\u00f5es s\u00e3o aquelas baseadas em dados previamente analisados. Sem essas informa\u00e7\u00f5es, \u00e9 dif\u00edcil melhorar a produtividade do time.&nbsp;<\/p>\n\n\n\n<p>A fun\u00e7\u00e3o do monitoramento da produtividade no trabalho n\u00e3o \u00e9 controlar os funcion\u00e1rios, mas verificar o que pode ser corrigido, quais as necessidades que eles possuem e o que contribui para o seu crescimento pessoal e, portanto, tamb\u00e9m o da organiza\u00e7\u00e3o.<\/p>\n\n\n\n<figure class=\"wp-block-image size-large\"><a href=\"\/br\/avaliacao-desempenho\/\" target=\"_blank\" rel=\"noopener\" data-wpel-link=\"internal\"><img decoding=\"async\" width=\"1125\" height=\"803\" src=\"https:\/\/www.bizneo.com\/blog\/wp-content\/uploads\/2021\/08\/Relatorios-de-avaliacao-de-desempenho-e-objetivos.webp\" alt=\"Relato\u0301rio de avaliac\u0327a\u0303o de desempenho\" class=\"wp-image-24770\" srcset=\"https:\/\/www.bizneo.com\/blog\/wp-content\/uploads\/2021\/08\/Relatorios-de-avaliacao-de-desempenho-e-objetivos.webp 1125w, https:\/\/www.bizneo.com\/blog\/wp-content\/uploads\/2021\/08\/Relatorios-de-avaliacao-de-desempenho-e-objetivos-300x214.webp 300w, https:\/\/www.bizneo.com\/blog\/wp-content\/uploads\/2021\/08\/Relatorios-de-avaliacao-de-desempenho-e-objetivos-1024x731.webp 1024w, https:\/\/www.bizneo.com\/blog\/wp-content\/uploads\/2021\/08\/Relatorios-de-avaliacao-de-desempenho-e-objetivos-768x548.webp 768w, https:\/\/www.bizneo.com\/blog\/wp-content\/uploads\/2021\/08\/Relatorios-de-avaliacao-de-desempenho-e-objetivos-810x578.webp 810w\" sizes=\"(max-width: 1125px) 100vw, 1125px\" \/><\/a><\/figure>\n\n\n\n<p>Ter um <a href=\"\/br\/avaliacao-desempenho\/\" data-wpel-link=\"internal\" target=\"_blank\">software de avalia\u00e7\u00e3o de desempenho<\/a> \u00e9 uma forma r\u00e1pida e eficaz de analisar o desempenho de cada colaborador com base em crit\u00e9rios objetivos previamente estabelecidos.<\/p>\n\n\n\n<p>Seus relat\u00f3rios permitem que voc\u00ea analise as habilidades e qualidades de cada trabalhador e compare-as com os crit\u00e9rios da compet\u00eancia-chave para o cargo.<\/p>\n\n\n\n<figure class=\"wp-block-image size-full is-resized\"><a href=\"https:\/\/hello.bizneo.com\/template\/erros-avaliacao-desempenho\/?utm_content=post-banner\" data-wpel-link=\"internal\" target=\"_blank\"><img decoding=\"async\" width=\"1360\" height=\"204\" src=\"https:\/\/www.bizneo.com\/blog\/wp-content\/uploads\/2022\/12\/Erros-comuns-avaliacao-desempenho.jpg\" alt=\"Erros comuns da avalia\u00e7\u00e3o de desempenho\" class=\"wp-image-37514\" srcset=\"https:\/\/www.bizneo.com\/blog\/wp-content\/uploads\/2022\/12\/Erros-comuns-avaliacao-desempenho.jpg 1360w, https:\/\/www.bizneo.com\/blog\/wp-content\/uploads\/2022\/12\/Erros-comuns-avaliacao-desempenho-300x45.jpg 300w, https:\/\/www.bizneo.com\/blog\/wp-content\/uploads\/2022\/12\/Erros-comuns-avaliacao-desempenho-1024x154.jpg 1024w, https:\/\/www.bizneo.com\/blog\/wp-content\/uploads\/2022\/12\/Erros-comuns-avaliacao-desempenho-768x115.jpg 768w, https:\/\/www.bizneo.com\/blog\/wp-content\/uploads\/2022\/12\/Erros-comuns-avaliacao-desempenho-810x122.jpg 810w, https:\/\/www.bizneo.com\/blog\/wp-content\/uploads\/2022\/12\/Erros-comuns-avaliacao-desempenho-1140x171.jpg 1140w\" sizes=\"(max-width: 1360px) 100vw, 1360px\" \/><\/a><\/figure>\n\n\n\n<p>Para calcular a produtividade no trabalho, algumas etapas s\u00e3o recomendadas. Confira a seguir!<\/p>\n\n\n\n<h3 class=\"wp-block-heading\" id=\"determine-os-criterios-numericos-para-medir-a-produtividade\">Determine os crit\u00e9rios num\u00e9ricos para medir a produtividade<\/h3>\n\n\n\n<p><strong>Me\u00e7a a produtividade dos colaboradores com base nas mesmas unidades para todos.<\/strong> Tamb\u00e9m \u00e9 interessante comparar o per\u00edodo de trabalho de um funcion\u00e1rio em rela\u00e7\u00e3o a outro per\u00edodo em que ele foi mais produtivo porque teve que aumentar o n\u00famero de horas extras (por exemplo, por conta de um pico de oferta).<\/p>\n\n\n\n<h3 class=\"wp-block-heading\" id=\"escolha-indicadores-claros-e-relevantes\">Escolha indicadores claros e relevantes<\/h3>\n\n\n\n<p>\u00c9 necess\u00e1rio medir a produtividade com os tradicionais dados quantitativos, mas n\u00e3o podemos esquecer dos qualitativos. <strong>O que isso significa?<\/strong><\/p>\n\n\n\n<figure class=\"wp-block-image size-large\"><a href=\"\/br\/avaliacao-desempenho\/\" target=\"_blank\" rel=\"noopener\" data-wpel-link=\"internal\"><img decoding=\"async\" width=\"1500\" height=\"942\" src=\"https:\/\/www.bizneo.com\/blog\/wp-content\/uploads\/2021\/04\/Relatorios-e-indicadores-de-desempenho.webp\" alt=\"kpi do desempenho laboral\" class=\"wp-image-21631\" srcset=\"https:\/\/www.bizneo.com\/blog\/wp-content\/uploads\/2021\/04\/Relatorios-e-indicadores-de-desempenho.webp 1500w, https:\/\/www.bizneo.com\/blog\/wp-content\/uploads\/2021\/04\/Relatorios-e-indicadores-de-desempenho-300x188.webp 300w, https:\/\/www.bizneo.com\/blog\/wp-content\/uploads\/2021\/04\/Relatorios-e-indicadores-de-desempenho-1024x643.webp 1024w, https:\/\/www.bizneo.com\/blog\/wp-content\/uploads\/2021\/04\/Relatorios-e-indicadores-de-desempenho-768x482.webp 768w, https:\/\/www.bizneo.com\/blog\/wp-content\/uploads\/2021\/04\/Relatorios-e-indicadores-de-desempenho-320x200.webp 320w, https:\/\/www.bizneo.com\/blog\/wp-content\/uploads\/2021\/04\/Relatorios-e-indicadores-de-desempenho-810x509.webp 810w, https:\/\/www.bizneo.com\/blog\/wp-content\/uploads\/2021\/04\/Relatorios-e-indicadores-de-desempenho-1140x716.webp 1140w\" sizes=\"(max-width: 1500px) 100vw, 1500px\" \/><\/a><\/figure>\n\n\n\n<p>Isso significa mensurar resultados de a\u00e7\u00f5es concretas, como cursos de forma\u00e7\u00e3o disponibilizados aos colaboradores, estrat\u00e9gias motivacionais ou a avalia\u00e7\u00e3o do ambiente de trabalho. Uma forma de medir esses aspectos \u00e9 atribuir uma pontua\u00e7\u00e3o para cada tarefa realizada por cada trabalhador.<\/p>\n\n\n\n<h3 class=\"wp-block-heading\" id=\"defina-o-calculo-da-produtividade-com-base-no-tempo\">Defina o c\u00e1lculo da produtividade com base no tempo<\/h3>\n\n\n\n<p>\u00c9 preciso definir o per\u00edodo de avalia\u00e7\u00e3o da produtividade de cada colaborador. \u00c9 preciso decidir, portanto, <strong>se voc\u00ea far\u00e1 essa medi\u00e7\u00e3o em dias, meses ou anos<\/strong>. As an\u00e1lises mais relevantes s\u00e3o aquelas realizadas em um per\u00edodo de tempo mais curto, embora a avalia\u00e7\u00e3o dos dados tamb\u00e9m seja mais complicada.<\/p>\n\n\n\n<h3 class=\"wp-block-heading\" id=\"formula-para-calcular-a-produtividade-do-trabalho\">F\u00f3rmula para calcular a produtividade do trabalho<\/h3>\n\n\n\n<p>A f\u00f3rmula para calcular a produtividade \u00e9:<\/p>\n\n\n\n<figure class=\"wp-block-pullquote\"><blockquote><p>Produtividade do trabalho = (Produtos ou Servi\u00e7os Produzidos) \/ (Recursos Utilizados).<\/p><\/blockquote><\/figure>\n\n\n\n<p>Para que voc\u00ea entenda melhor esse conceito, confira alguns exemplos a seguir!<\/p>\n\n\n\n<h3 class=\"wp-block-heading\" id=\"exemplos-de-como-a-produtividade-e-medida-no-trabalho\">Exemplos de como a produtividade \u00e9 medida no trabalho<\/h3>\n\n\n\n<ul class=\"wp-block-list\">\n<li><strong>Exemplo 1: F\u00e1brica de Perfumes<\/strong><\/li>\n<\/ul>\n\n\n\n<p>Uma empresa produz 200.000 perfumes por dia e cada um custa 50 reais. Os custos com materiais, aluguel da f\u00e1brica e maquin\u00e1rio somam 100.000 reais. O n\u00famero total de horas de trabalho de cada um dos 10 trabalhadores \u00e9 igual a 8.<\/p>\n\n\n\n<p>Com esses dados, o c\u00e1lculo de produtividade fica assim:<\/p>\n\n\n\n<figure class=\"wp-block-pullquote\"><blockquote><p>(200.000&#215;50) \/ (8&#215;10 + 100.000) = 10.000.000 \/ 100.000 = 99,92 reais<\/p><\/blockquote><\/figure>\n\n\n\n<ul class=\"wp-block-list\">\n<li><strong>Exemplo 2: F\u00e1brica de sof\u00e1s<\/strong><\/li>\n<\/ul>\n\n\n\n<p>Uma f\u00e1brica de sof\u00e1s produz 30 sof\u00e1s diariamente. O pre\u00e7o de cada um deles \u00e9 de 300 reais. Para a sua realiza\u00e7\u00e3o, foram necess\u00e1rios 12 trabalhadores com jornada de 8 horas e que recebem 10 reais por hora.<\/p>\n\n\n\n<p>Os materiais para construir os sof\u00e1s custam 2.000 reais. J\u00e1 o custo do aluguel do armaz\u00e9m e das m\u00e1quinas \u00e9 de 200 reais por dia. <strong>Qual \u00e9 a produtividade?<\/strong><\/p>\n\n\n\n<figure class=\"wp-block-pullquote\"><blockquote><p>Produtividade= (30&#215;300)\/(12x8x10+2.000+200)=n9.000\/3.160 = 5.840<\/p><\/blockquote><\/figure>\n\n\n\n<p>Da mesma forma que essa \u00e9 a produtividade total do trabalho da f\u00e1brica, \u00e9 poss\u00edvel calcular a produtividade de um determinado funcion\u00e1rio ou a de todo um departamento. <strong>Como estimar a produtividade no trabalho de um funcion\u00e1rio que cobra 10 reais por hora e fabrica 8 sof\u00e1s? <\/strong>Da seguinte maneira:<\/p>\n\n\n\n<figure class=\"wp-block-pullquote\"><blockquote><p>Produtividade de trabalho do funcion\u00e1rio = (8&#215;300) \/ (8&#215;10) = 30<\/p><\/blockquote><\/figure>\n\n\n\n<bzn-down><a href=\"https:\/\/hello.bizneo.com\/plantilla\/modelo-avaliacao-desempenho\/?utm_content=post-destacado\" id=\"destacado-wc-descarga\" target=\"_blank\" rel=\"noopener noreferrer\" data-wpel-link=\"internal\"><span class=\"bzn-link-title\">DOWNLOAD GRATUITO: MODELO DE AVALIA\u00c7\u00c3O DE DESEMPENHO<\/span>Projeto simples para medir 10 pessoas usando at\u00e9 8 crit\u00e9rios de avalia\u00e7\u00e3o.<\/a><\/bzn-down>\n\n\n\n<p><\/p>\n\n\n\n<p><\/p>\n\n\n\n<h2 class=\"wp-block-heading\" id=\"7-dicas-para-medir-a-produtividade-no-trabalho\">Como medir a produtividade de uma empresa: 7 dicas<\/h2>\n\n\n\n<p>Quanto mais trabalho os funcion\u00e1rios conseguirem realizar no menor tempo poss\u00edvel, <strong>maior ser\u00e1 sua produtividade<\/strong>. <\/p>\n\n\n\n<p>No entanto, al\u00e9m das f\u00f3rmulas apresentadas, <strong>existem outros fatores que devemos levar em considera\u00e7\u00e3o<\/strong> se quisermos saber como melhorar a produtividade no trabalho, como:<\/p>\n\n\n\n<ul class=\"wp-block-list\">\n<li>Comparar os resultados atuais com os obtidos nos dias, meses ou anos anteriores.<\/li>\n\n\n\n<li>Controlar a quantidade de materiais desperdi\u00e7ados.<\/li>\n\n\n\n<li>Descobrir quantos colaboradores e quantas horas eles levaram para cumprir uma determinada quantidade de tarefas.<\/li>\n\n\n\n<li>Analisar os gastos com eletricidade, g\u00e1s e \u00e1gua, elementos envolvidos na produ\u00e7\u00e3o dos itens pelos funcion\u00e1rios.<\/li>\n\n\n\n<li>Medir novamente a produtividade cada vez que uma mudan\u00e7a for feita.<\/li>\n\n\n\n<li>Mensurar a quantidade de produtos que n\u00e3o s\u00e3o adequados para venda por n\u00e3o atenderem \u00e0s condi\u00e7\u00f5es m\u00ednimas de qualidade.&nbsp;<\/li>\n\n\n\n<li>Automatizar a <a href=\"https:\/\/www.bizneo.com\/blog\/pt\/gestao-de-desempenho\/\" data-wpel-link=\"internal\" target=\"_blank\">gest\u00e3o do desempenho dos funcion\u00e1rios<\/a> com avalia\u00e7\u00f5es peri\u00f3dicas. Para conseguir isso, voc\u00ea pode adotar um <a href=\"\/br\/avaliacao-desempenho\/\" data-wpel-link=\"internal\" target=\"_blank\">sistema de avalia\u00e7\u00e3o de desempenho<\/a>.<\/li>\n<\/ul>\n\n\n\n<figure class=\"wp-block-image size-large\"><a href=\"\/br\/avaliacao-desempenho\/\" target=\"_blank\" rel=\"noopener\" data-wpel-link=\"internal\"><img decoding=\"async\" width=\"1143\" height=\"1032\" src=\"https:\/\/www.bizneo.com\/blog\/wp-content\/uploads\/2021\/08\/Relatorios-de-avaliacao-de-talento-e-competencia-1.webp\" alt=\"Relato\u0301rio de avaliac\u0327a\u0303o por compete\u0302ncias\" class=\"wp-image-24771\" srcset=\"https:\/\/www.bizneo.com\/blog\/wp-content\/uploads\/2021\/08\/Relatorios-de-avaliacao-de-talento-e-competencia-1.webp 1143w, https:\/\/www.bizneo.com\/blog\/wp-content\/uploads\/2021\/08\/Relatorios-de-avaliacao-de-talento-e-competencia-1-300x271.webp 300w, https:\/\/www.bizneo.com\/blog\/wp-content\/uploads\/2021\/08\/Relatorios-de-avaliacao-de-talento-e-competencia-1-1024x925.webp 1024w, https:\/\/www.bizneo.com\/blog\/wp-content\/uploads\/2021\/08\/Relatorios-de-avaliacao-de-talento-e-competencia-1-768x693.webp 768w, https:\/\/www.bizneo.com\/blog\/wp-content\/uploads\/2021\/08\/Relatorios-de-avaliacao-de-talento-e-competencia-1-810x731.webp 810w, https:\/\/www.bizneo.com\/blog\/wp-content\/uploads\/2021\/08\/Relatorios-de-avaliacao-de-talento-e-competencia-1-1140x1029.webp 1140w\" sizes=\"(max-width: 1143px) 100vw, 1143px\" \/><\/a><\/figure>\n\n\n\n<p>Uma plataforma como essa permite identificar, com diferentes tipos  (<a href=\"https:\/\/www.bizneo.com\/blog\/pt\/avaliacao-360-graus\/\" data-wpel-link=\"internal\" target=\"_blank\">avalia\u00e7\u00f5es<\/a> <a href=\"https:\/\/www.bizneo.com\/blog\/pt\/avaliacao-360-graus\/\" data-wpel-link=\"internal\" target=\"_blank\">360\u00ba<\/a> ou 180, por exemplo), as necessidades do time, oferecer <a href=\"https:\/\/www.bizneo.com\/blog\/pt\/feedback-colaboradores\/\" data-wpel-link=\"internal\" target=\"_blank\">feedback<\/a> eficaz e documentado, descobrir os principais talentos da organiza\u00e7\u00e3o, entre outros elementos.<\/p>\n\n\n\n<figure class=\"wp-block-image size-full\"><a href=\"\/br\/avaliacao-desempenho\/\" target=\"_blank\" rel=\"noopener\" data-wpel-link=\"internal\"><img decoding=\"async\" width=\"1360\" height=\"204\" src=\"https:\/\/www.bizneo.com\/blog\/wp-content\/uploads\/2021\/04\/banner-medio-ferramenta-avaliacao-desempenho.jpg\" alt=\"Sistema de avalia\u00e7\u00e3o de desempenho\" class=\"wp-image-21492\" srcset=\"https:\/\/www.bizneo.com\/blog\/wp-content\/uploads\/2021\/04\/banner-medio-ferramenta-avaliacao-desempenho.jpg 1360w, https:\/\/www.bizneo.com\/blog\/wp-content\/uploads\/2021\/04\/banner-medio-ferramenta-avaliacao-desempenho-300x45.jpg 300w, https:\/\/www.bizneo.com\/blog\/wp-content\/uploads\/2021\/04\/banner-medio-ferramenta-avaliacao-desempenho-1024x154.jpg 1024w, https:\/\/www.bizneo.com\/blog\/wp-content\/uploads\/2021\/04\/banner-medio-ferramenta-avaliacao-desempenho-768x115.jpg 768w, https:\/\/www.bizneo.com\/blog\/wp-content\/uploads\/2021\/04\/banner-medio-ferramenta-avaliacao-desempenho-810x122.jpg 810w, https:\/\/www.bizneo.com\/blog\/wp-content\/uploads\/2021\/04\/banner-medio-ferramenta-avaliacao-desempenho-1140x171.jpg 1140w\" sizes=\"(max-width: 1360px) 100vw, 1360px\" \/><\/a><\/figure>\n\n\n\n<h2 class=\"wp-block-heading\" id=\"7-dicas-para-melhorar-a-produtividade-no-trabalho\">7 formas para melhorar a produtividade no trabalho<\/h2>\n\n\n\n<h3 class=\"wp-block-heading\" id=\"incentive-um-bom-ambiente-de-trabalho\">Incentive um bom ambiente de trabalho<\/h3>\n\n\n\n<p><strong>Um funcion\u00e1rio motivado \u00e9 um funcion\u00e1rio mais produtivo<\/strong>. Para criar um <a style=\"\" href=\"https:\/\/www.bizneo.com\/blog\/pt\/clima-organizacional-empresa\/\" data-wpel-link=\"internal\" target=\"_blank\">clima organizacional<\/a> de qualidade, algumas medidas para implementar na sua empresa s\u00e3o: flexibilizar o hor\u00e1rio de trabalho, oferecer <a href=\"https:\/\/www.bizneo.com\/blog\/pt\/reconhecimento-profissional\/\" data-wpel-link=\"internal\" target=\"_blank\">reconhecimento profissional<\/a>, oferecer promo\u00e7\u00f5es e adotar o <a style=\"\" href=\"https:\/\/www.bizneo.com\/blog\/pt\/teletrabalho\/\" target=\"_blank\" rel=\"noreferrer noopener\" data-wpel-link=\"internal\">teletrabalho<\/a> para conciliar vida profissional e vida pessoal.<\/p>\n\n\n\n<div id=\"cbox-0YAMPoIiOqAa5cBz\"><\/div>\n\n\n\n<p><\/p>\n\n\n\n<p>No entanto, <strong>cada trabalhador pode ter necessidades ou preocupa\u00e7\u00f5es diferentes<\/strong>:<\/p>\n\n\n\n<bzn-down><a href=\"https:\/\/hello.bizneo.com\/template\/pesquisa-de-clima-organizacional\/?utm_content=post-destacado\" id=\"destacado-wc-descarga\" target=\"_blank\" rel=\"noopener noreferrer\" data-wpel-link=\"internal\"><span class=\"bzn-link-title\">DOWNLOAD GRATUITO: MODELO DE PESQUISAS DE CLIMA<\/span>Projeto simples para realizar pesquisas de satisfa\u00e7\u00e3o e clima de sua equipe.<\/a><\/bzn-down>\n\n\n\n<p><\/p>\n\n\n\n<p> Para saber o que os motiva, existem ferramentas como o<a href=\"\/br\/pesquisa-clima-organizacional\/\" data-wpel-link=\"internal\" target=\"_blank\"> software para pesquisa de clima organizacional<\/a>, que permite conhecer a opini\u00e3o dos trabalhadores e analisar os dados a partir de relat\u00f3rios gr\u00e1ficos.<\/p>\n\n\n\n<figure class=\"wp-block-image size-full\"><a href=\"\/br\/pesquisa-clima-organizacional\/\" target=\"_blank\" rel=\"noreferrer noopener\" data-wpel-link=\"internal\"><img decoding=\"async\" width=\"1500\" height=\"1160\" src=\"https:\/\/www.bizneo.com\/blog\/wp-content\/uploads\/2021\/04\/pesquisa-de-clima-organizacional-tipos.webp\" alt=\"tipos de pesquisas\" class=\"wp-image-21721\" srcset=\"https:\/\/www.bizneo.com\/blog\/wp-content\/uploads\/2021\/04\/pesquisa-de-clima-organizacional-tipos.webp 1500w, https:\/\/www.bizneo.com\/blog\/wp-content\/uploads\/2021\/04\/pesquisa-de-clima-organizacional-tipos-300x232.webp 300w, https:\/\/www.bizneo.com\/blog\/wp-content\/uploads\/2021\/04\/pesquisa-de-clima-organizacional-tipos-1024x792.webp 1024w, https:\/\/www.bizneo.com\/blog\/wp-content\/uploads\/2021\/04\/pesquisa-de-clima-organizacional-tipos-768x594.webp 768w, https:\/\/www.bizneo.com\/blog\/wp-content\/uploads\/2021\/04\/pesquisa-de-clima-organizacional-tipos-810x626.webp 810w, https:\/\/www.bizneo.com\/blog\/wp-content\/uploads\/2021\/04\/pesquisa-de-clima-organizacional-tipos-1140x882.webp 1140w\" sizes=\"(max-width: 1500px) 100vw, 1500px\" \/><\/a><\/figure>\n\n\n\n<p>Para analisar o ambiente de trabalho, a primeira coisa que temos que <strong>definir \u00e9 qual o objetivo a ser alcan\u00e7ado com os resultados<\/strong>. Desta forma, \u00e9 poss\u00edvel personalizar o <a href=\"https:\/\/www.bizneo.com\/blog\/pt\/sistema-rh\/\" data-wpel-link=\"internal\" target=\"_blank\">sistema de RH<\/a> para obter as informa\u00e7\u00f5es desejadas, como:&nbsp;<\/p>\n\n\n\n<ul class=\"wp-block-list\">\n<li>Como \u00e9 o trabalho em equipe.<\/li>\n\n\n\n<li>Qual o n\u00edvel de satisfa\u00e7\u00e3o do funcion\u00e1rio em rela\u00e7\u00e3o \u00e0s condi\u00e7\u00f5es de trabalho.<\/li>\n\n\n\n<li>Seu sentimento de pertencimento no ambiente de trabalho<\/li>\n\n\n\n<li>Sua satisfa\u00e7\u00e3o com as pol\u00edticas de remunera\u00e7\u00e3o.<\/li>\n\n\n\n<li>As possibilidades de promo\u00e7\u00e3o na empresa.<\/li>\n<\/ul>\n\n\n\n<bzn-link><a href=\"\/br\/pesquisa-clima-organizacional\/\" id=\"destacado-encuestas\" target=\"_blank\" rel=\"noopener noreferrer\" data-wpel-link=\"internal\"><span class=\"bzn-link-title\"><strong>ME\u00c7A O CLIMA ORGANIZACIONAL COM O MELHOR SOFTWARE DE PESQUISAS<\/strong> <\/span>Solu\u00e7\u00e3o para conhecer melhor seus colaboradores e sua empresa<\/a><\/bzn-link>\n\n\n\n<p><\/p>\n\n\n\n<h3 class=\"wp-block-heading\" id=\"aposte-em-horarios-flexiveis\">Aposte em hor\u00e1rios flex\u00edveis<\/h3>\n\n\n\n<p>Em rela\u00e7\u00e3o ao monitoramento de horas e \u00e0 flexibilidade de hor\u00e1rios, implementar um <a href=\"\/br\/controle-ponto\/\" data-wpel-link=\"internal\" target=\"_blank\">software de controle de ponto<\/a> facilita a <a href=\"https:\/\/www.bizneo.com\/blog\/pt\/gestao-de-pessoas\/\" target=\"_blank\" rel=\"noreferrer noopener\" data-wpel-link=\"internal\">gest\u00e3o de pessoas<\/a> para a empresa e permite que os funcion\u00e1rios trabalhem de casa normalmente.<\/p>\n\n\n\n<figure class=\"wp-block-image size-large\"><a href=\"\/br\/controle-ponto\/\" target=\"_blank\" rel=\"noopener\" data-wpel-link=\"internal\"><img decoding=\"async\" width=\"1500\" height=\"1103\" src=\"https:\/\/www.bizneo.com\/blog\/wp-content\/uploads\/2021\/04\/Software-de-registro-de-ponto.webp\" alt=\"Registro de ponto online\" class=\"wp-image-21604\" srcset=\"https:\/\/www.bizneo.com\/blog\/wp-content\/uploads\/2021\/04\/Software-de-registro-de-ponto.webp 1500w, https:\/\/www.bizneo.com\/blog\/wp-content\/uploads\/2021\/04\/Software-de-registro-de-ponto-300x221.webp 300w, https:\/\/www.bizneo.com\/blog\/wp-content\/uploads\/2021\/04\/Software-de-registro-de-ponto-1024x753.webp 1024w, https:\/\/www.bizneo.com\/blog\/wp-content\/uploads\/2021\/04\/Software-de-registro-de-ponto-768x565.webp 768w, https:\/\/www.bizneo.com\/blog\/wp-content\/uploads\/2021\/04\/Software-de-registro-de-ponto-810x596.webp 810w, https:\/\/www.bizneo.com\/blog\/wp-content\/uploads\/2021\/04\/Software-de-registro-de-ponto-1140x838.webp 1140w\" sizes=\"(max-width: 1500px) 100vw, 1500px\" \/><\/a><\/figure>\n\n\n\n<p>As vantagens s\u00e3o muitas, por exemplo, a ferramenta recolhe os dados de <a href=\"https:\/\/www.bizneo.com\/blog\/pt\/controle-de-entrada-e-saida-de-pessoas\/\" target=\"_blank\" rel=\"noreferrer noopener\" data-wpel-link=\"internal\">entrada e sa\u00edda de pessoal<\/a> e das f\u00e9rias correspondentes. Gra\u00e7as a essas informa\u00e7\u00f5es, <strong>fica mais f\u00e1cil organizar o hor\u00e1rio de trabalho dos colaboradore<\/strong>s e definir as melhores estrat\u00e9gias para otimizar o desempenho de cada departamento.&nbsp;<\/p>\n\n\n\n<p>O <a href=\"https:\/\/www.bizneo.com\/blog\/pt\/controle-de-ponto\/\" data-wpel-link=\"internal\" target=\"_blank\">controle de ponto<\/a> ajuda muito no processo de gest\u00e3o da produtividade e traz benef\u00edcios como:<\/p>\n\n\n\n<ul class=\"wp-block-list\">\n<li>Instala\u00e7\u00e3o simples em qualquer dispositivo.<\/li>\n\n\n\n<li>Otimiza\u00e7\u00e3o do tempo dos profissionais de RH.&nbsp;<\/li>\n\n\n\n<li>Personaliza\u00e7\u00e3o da ferramenta de acordo com as necessidades da empresa.<\/li>\n<\/ul>\n\n\n\n<figure class=\"wp-block-image size-large\"><a href=\"\/br\/controle-ponto\/\" target=\"_blank\" rel=\"noopener\" data-wpel-link=\"internal\"><img decoding=\"async\" width=\"1500\" height=\"1006\" src=\"https:\/\/www.bizneo.com\/blog\/wp-content\/uploads\/2021\/04\/Software-de-RH-com-controle-de-ponto.webp\" alt=\"Controle de Ponto Online\" class=\"wp-image-21600\" srcset=\"https:\/\/www.bizneo.com\/blog\/wp-content\/uploads\/2021\/04\/Software-de-RH-com-controle-de-ponto.webp 1500w, https:\/\/www.bizneo.com\/blog\/wp-content\/uploads\/2021\/04\/Software-de-RH-com-controle-de-ponto-300x201.webp 300w, https:\/\/www.bizneo.com\/blog\/wp-content\/uploads\/2021\/04\/Software-de-RH-com-controle-de-ponto-1024x687.webp 1024w, https:\/\/www.bizneo.com\/blog\/wp-content\/uploads\/2021\/04\/Software-de-RH-com-controle-de-ponto-768x515.webp 768w, https:\/\/www.bizneo.com\/blog\/wp-content\/uploads\/2021\/04\/Software-de-RH-com-controle-de-ponto-810x543.webp 810w, https:\/\/www.bizneo.com\/blog\/wp-content\/uploads\/2021\/04\/Software-de-RH-com-controle-de-ponto-1140x765.webp 1140w\" sizes=\"(max-width: 1500px) 100vw, 1500px\" \/><\/a><\/figure>\n\n\n\n<p>Assim, \u00e9 poss\u00edvel, por exemplo, considerar com anteced\u00eancia os feriados para a organiza\u00e7\u00e3o dos hor\u00e1rios, definir qual a remunera\u00e7\u00e3o por cada hora extra, organizar turnos automaticamente, economizando tempo e evitando erros humanos. <strong>Todas essas s\u00e3o t\u00e9cnicas de produtividade.<\/strong><\/p>\n\n\n\n<p>Al\u00e9m disso, com o software tamb\u00e9m \u00e9 poss\u00edvel <strong>gerar relat\u00f3rios acess\u00edveis para identificar o grau de absente\u00edsmo<\/strong> de cada funcion\u00e1rio e o n\u00edvel de produtividade para encontrar solu\u00e7\u00f5es o mais r\u00e1pido poss\u00edvel.<\/p>\n\n\n\n<figure class=\"wp-block-image size-full\"><a href=\"\/br\/controle-ponto\/\" target=\"_blank\" rel=\"noopener\" data-wpel-link=\"internal\"><img decoding=\"async\" width=\"1360\" height=\"204\" src=\"https:\/\/www.bizneo.com\/blog\/wp-content\/uploads\/2021\/04\/banner_medio-ferramenta-controle-ponto.jpg\" alt=\"Software de Controle de Ponto\" class=\"wp-image-21484\" srcset=\"https:\/\/www.bizneo.com\/blog\/wp-content\/uploads\/2021\/04\/banner_medio-ferramenta-controle-ponto.jpg 1360w, https:\/\/www.bizneo.com\/blog\/wp-content\/uploads\/2021\/04\/banner_medio-ferramenta-controle-ponto-300x45.jpg 300w, https:\/\/www.bizneo.com\/blog\/wp-content\/uploads\/2021\/04\/banner_medio-ferramenta-controle-ponto-1024x154.jpg 1024w, https:\/\/www.bizneo.com\/blog\/wp-content\/uploads\/2021\/04\/banner_medio-ferramenta-controle-ponto-768x115.jpg 768w, https:\/\/www.bizneo.com\/blog\/wp-content\/uploads\/2021\/04\/banner_medio-ferramenta-controle-ponto-810x122.jpg 810w, https:\/\/www.bizneo.com\/blog\/wp-content\/uploads\/2021\/04\/banner_medio-ferramenta-controle-ponto-1140x171.jpg 1140w\" sizes=\"(max-width: 1360px) 100vw, 1360px\" \/><\/a><\/figure>\n\n\n\n<h3 class=\"wp-block-heading\" id=\"priorize-tarefas-importantes\">Priorize tarefas importantes<\/h3>\n\n\n\n<p>\u00c9 importante ajudar os funcion\u00e1rios a saberem quais s\u00e3o as prioridades de cada projeto. Para isso, <strong>divida os objetivos em pequenas tarefas para que os colaboradores saibam quais s\u00e3o as mais urgentes e quais os prazos de cada uma.<\/strong>&nbsp;<\/p>\n\n\n\n<p>Al\u00e9m disso, evite perder tempo com tarefas que ainda n\u00e3o s\u00e3o t\u00e3o relevantes para o andamento dos projetos.&nbsp; Essas s\u00e3o \u00f3timas t\u00e9cnicas de produtividade para voc\u00ea adotar.<\/p>\n\n\n\n<figure class=\"wp-block-image size-large\"><a href=\"\/br\/avaliacao-desempenho\/\" target=\"_blank\" rel=\"noopener\" data-wpel-link=\"internal\"><img decoding=\"async\" width=\"1500\" height=\"1109\" src=\"https:\/\/www.bizneo.com\/blog\/wp-content\/uploads\/2021\/04\/Sistema-com-avaliacao-por-objetivos.webp\" alt=\"Avalia\u00e7\u00e3o de desempenho por objetivos\" class=\"wp-image-21629\" srcset=\"https:\/\/www.bizneo.com\/blog\/wp-content\/uploads\/2021\/04\/Sistema-com-avaliacao-por-objetivos.webp 1500w, https:\/\/www.bizneo.com\/blog\/wp-content\/uploads\/2021\/04\/Sistema-com-avaliacao-por-objetivos-300x222.webp 300w, https:\/\/www.bizneo.com\/blog\/wp-content\/uploads\/2021\/04\/Sistema-com-avaliacao-por-objetivos-1024x757.webp 1024w, https:\/\/www.bizneo.com\/blog\/wp-content\/uploads\/2021\/04\/Sistema-com-avaliacao-por-objetivos-768x568.webp 768w, https:\/\/www.bizneo.com\/blog\/wp-content\/uploads\/2021\/04\/Sistema-com-avaliacao-por-objetivos-810x599.webp 810w, https:\/\/www.bizneo.com\/blog\/wp-content\/uploads\/2021\/04\/Sistema-com-avaliacao-por-objetivos-1140x843.webp 1140w\" sizes=\"(max-width: 1500px) 100vw, 1500px\" \/><\/a><\/figure>\n\n\n\n<h3 class=\"wp-block-heading\" id=\"promova-uma-comunicacao-efetiva\">Promova uma comunica\u00e7\u00e3o efetiva<\/h3>\n\n\n\n<p><strong>Ter uma comunica\u00e7\u00e3o efetiva com o seu time \u00e9 fundamental para que os funcion\u00e1rios n\u00e3o sejam simples executores de ordens,<\/strong> mas tamb\u00e9m contribuam com conhecimentos e ideias. Isso ser\u00e1 muito enriquecedor para todos e pode gerar novas oportunidades de neg\u00f3cios.<\/p>\n\n\n\n<h3 class=\"wp-block-heading\" id=\"ofereca-feedback-constante-com-os-funcionarios\">Ofere\u00e7a feedback constante com os funcion\u00e1rios<\/h3>\n\n\n\n<p>Re\u00fana-se com seus funcion\u00e1rios para compartilhar o <a href=\"https:\/\/www.bizneo.com\/blog\/pt\/feedback-colaboradores\/\" data-wpel-link=\"internal\" target=\"_blank\">feedback<\/a> e a evolu\u00e7\u00e3o das tarefas, <strong>quais problemas ainda precisam ser resolvidos e quais estrat\u00e9gias ser\u00e3o adotadas para solucion\u00e1-los<\/strong>. Essa estrat\u00e9gia oferece boas ideias sobre como melhorar a produtividade no trabalho.<\/p>\n\n\n\n<figure class=\"wp-block-image size-large\"><a href=\"https:\/\/hello.bizneo.com\/template\/avaliacao-de-desempenho-feedback\/?utm_content=post-banner\" data-wpel-link=\"internal\" target=\"_blank\"><img decoding=\"async\" width=\"1024\" height=\"154\" src=\"https:\/\/www.bizneo.com\/blog\/wp-content\/uploads\/2022\/04\/banner-comunicar-desempenho-1024x154.jpg\" alt=\"Guia Feedback colaboradores\" class=\"wp-image-33322\" srcset=\"https:\/\/www.bizneo.com\/blog\/wp-content\/uploads\/2022\/04\/banner-comunicar-desempenho-1024x154.jpg 1024w, https:\/\/www.bizneo.com\/blog\/wp-content\/uploads\/2022\/04\/banner-comunicar-desempenho-300x45.jpg 300w, https:\/\/www.bizneo.com\/blog\/wp-content\/uploads\/2022\/04\/banner-comunicar-desempenho-768x115.jpg 768w, https:\/\/www.bizneo.com\/blog\/wp-content\/uploads\/2022\/04\/banner-comunicar-desempenho-810x122.jpg 810w, https:\/\/www.bizneo.com\/blog\/wp-content\/uploads\/2022\/04\/banner-comunicar-desempenho-1140x171.jpg 1140w, https:\/\/www.bizneo.com\/blog\/wp-content\/uploads\/2022\/04\/banner-comunicar-desempenho.jpg 1360w\" sizes=\"(max-width: 1024px) 100vw, 1024px\" \/><\/a><\/figure>\n\n\n\n<h3 class=\"wp-block-heading\" id=\"facilite-o-treinamento-da-equipe\">Facilite o treinamento da equipe<\/h3>\n\n\n\n<p>Ofere\u00e7a <a href=\"https:\/\/www.bizneo.com\/blog\/pt\/capacitacao-profissional\/\" data-wpel-link=\"internal\" target=\"_blank\">capacita\u00e7\u00e3o profissional<\/a> nas \u00e1reas que precisam ser melhoradas e que ir\u00e3o contribuir para otimizar a produtividade da empresa. Os colaboradores devem estar atentos aos novos avan\u00e7os tecnol\u00f3gicos para se adaptarem \u00e0s mudan\u00e7as que surgirem.<\/p>\n\n\n\n<p>Um <a href=\"\/br\/treinamento-desenvolvimento-profissional\/\" data-wpel-link=\"internal\" target=\"_blank\">softwareo de gest\u00e3o de treinamentos e desenvolvimento<\/a> facilita o aprendizado dos funcion\u00e1rios por ser um espa\u00e7o voltado para a<strong> forma\u00e7\u00e3o corporativa por meio de cursos e programas online<\/strong>. Esse tipo de plataforma oferece acesso a um conte\u00fado virtual, <strong>al\u00e9m de permitir troca de arquivos, esclarecimento de d\u00favidas e avalia\u00e7\u00e3o do conte\u00fado aprendido.<\/strong><\/p>\n\n\n\n<figure class=\"wp-block-image size-full\"><a href=\"\/br\/treinamento-desenvolvimento-profissional\/\" target=\"_blank\" rel=\"noreferrer noopener\" data-wpel-link=\"internal\"><img decoding=\"async\" width=\"1500\" height=\"1094\" src=\"https:\/\/www.bizneo.com\/blog\/wp-content\/uploads\/2021\/05\/Plano-de-treinamento-e-desenvolvimento.webp\" alt=\"Sistema de capacitac\u0327a\u0303o profissional\" class=\"wp-image-22416\" srcset=\"https:\/\/www.bizneo.com\/blog\/wp-content\/uploads\/2021\/05\/Plano-de-treinamento-e-desenvolvimento.webp 1500w, https:\/\/www.bizneo.com\/blog\/wp-content\/uploads\/2021\/05\/Plano-de-treinamento-e-desenvolvimento-300x219.webp 300w, https:\/\/www.bizneo.com\/blog\/wp-content\/uploads\/2021\/05\/Plano-de-treinamento-e-desenvolvimento-1024x747.webp 1024w, https:\/\/www.bizneo.com\/blog\/wp-content\/uploads\/2021\/05\/Plano-de-treinamento-e-desenvolvimento-768x560.webp 768w, https:\/\/www.bizneo.com\/blog\/wp-content\/uploads\/2021\/05\/Plano-de-treinamento-e-desenvolvimento-810x591.webp 810w, https:\/\/www.bizneo.com\/blog\/wp-content\/uploads\/2021\/05\/Plano-de-treinamento-e-desenvolvimento-1140x831.webp 1140w\" sizes=\"(max-width: 1500px) 100vw, 1500px\" \/><\/a><\/figure>\n\n\n\n<p>A utiliza\u00e7\u00e3o do LMS aumenta a rentabilidade das empresas, uma vez que os colaboradores adquirem conhecimentos relevantes <strong>e podem crescer dentro da organiza\u00e7\u00e3o, o que impacta, inclusive, na motiva\u00e7\u00e3o desses funcion\u00e1rios<\/strong>. Al\u00e9m disso, a taxa de absente\u00edsmo e de rotatividade de pessoal tamb\u00e9m diminui, porque os trabalhadores se envolvem mais com a empresa ao se sentirem valorizados.<\/p>\n\n\n\n<bzn-info><a href=\"\/blog\/pt\/treinamento-e-desenvolvimento-de-pessoas\/\" id=\"destacado-post\" target=\"_blank\" rel=\"noopener noreferrer\" data-wpel-link=\"internal\"><span class=\"bzn-link-title\"><strong>Treinamento e desenvolvimento de pessoas | GUIA<\/strong> <\/span><br>Como construir um programa de treinamento e desenvolvimento<\/a><\/br><\/bzn-info>\n\n\n\n<p><\/p>\n\n\n\n<h3 class=\"wp-block-heading\" id=\"identifique-os-pontos-fortes-e-fracos-de-cada-trabalhador\">Identifique os pontos fortes e fracos de cada trabalhador<\/h3>\n\n\n\n<p>Desta forma, voc\u00ea poder\u00e1 atribuir as tarefas de acordo com as <a href=\"https:\/\/www.bizneo.com\/blog\/pt\/habilidades-profissionais\/\" data-wpel-link=\"internal\" target=\"_blank\">habilidades<\/a> de cada um, o que permite aumentar a produtividade do colaborador.<\/p>\n\n\n\n<figure class=\"wp-block-image size-large\"><a href=\"\/br\/avaliacao-desempenho\/\" target=\"_blank\" rel=\"noopener\" data-wpel-link=\"internal\"><img decoding=\"async\" width=\"1125\" height=\"649\" src=\"https:\/\/www.bizneo.com\/blog\/wp-content\/uploads\/2021\/04\/Matriz-9-box-no-programa-de-avaliacao-de-desempenho.webp\" alt=\"Matriz de talento\" class=\"wp-image-21632\" srcset=\"https:\/\/www.bizneo.com\/blog\/wp-content\/uploads\/2021\/04\/Matriz-9-box-no-programa-de-avaliacao-de-desempenho.webp 1125w, https:\/\/www.bizneo.com\/blog\/wp-content\/uploads\/2021\/04\/Matriz-9-box-no-programa-de-avaliacao-de-desempenho-300x173.webp 300w, https:\/\/www.bizneo.com\/blog\/wp-content\/uploads\/2021\/04\/Matriz-9-box-no-programa-de-avaliacao-de-desempenho-1024x591.webp 1024w, https:\/\/www.bizneo.com\/blog\/wp-content\/uploads\/2021\/04\/Matriz-9-box-no-programa-de-avaliacao-de-desempenho-768x443.webp 768w, https:\/\/www.bizneo.com\/blog\/wp-content\/uploads\/2021\/04\/Matriz-9-box-no-programa-de-avaliacao-de-desempenho-810x467.webp 810w\" sizes=\"(max-width: 1125px) 100vw, 1125px\" \/><\/a><\/figure>\n\n\n\n<p>Para saber quais s\u00e3o essas habilidades, conte com a ajuda de um o <a href=\"\/br\/\" data-wpel-link=\"internal\" target=\"_blank\">software de RH<\/a> com avalia\u00e7\u00e3o de desempenho. Com essa ferramenta, voc\u00ea tem dados relevantes sobre a forma como os funcion\u00e1rios trabalham e, assim, pode tomar as melhores decis\u00f5es para o neg\u00f3cio.<\/p>\n\n\n\n<figure class=\"wp-block-image size-full\"><a href=\"https:\/\/hello.bizneo.com\/br\/demo\/performance\/?utm_content=post-banner-grande\" target=\"_blank\" rel=\"noopener\" data-wpel-link=\"internal\"><img decoding=\"async\" width=\"1360\" height=\"408\" src=\"https:\/\/www.bizneo.com\/blog\/wp-content\/uploads\/2021\/04\/Software-avaliacao-desempenho.jpg\" alt=\"Software de avalia\u00e7\u00e3o de desempenho\" class=\"wp-image-21488\" srcset=\"https:\/\/www.bizneo.com\/blog\/wp-content\/uploads\/2021\/04\/Software-avaliacao-desempenho.jpg 1360w, https:\/\/www.bizneo.com\/blog\/wp-content\/uploads\/2021\/04\/Software-avaliacao-desempenho-300x90.jpg 300w, https:\/\/www.bizneo.com\/blog\/wp-content\/uploads\/2021\/04\/Software-avaliacao-desempenho-1024x307.jpg 1024w, https:\/\/www.bizneo.com\/blog\/wp-content\/uploads\/2021\/04\/Software-avaliacao-desempenho-768x230.jpg 768w, https:\/\/www.bizneo.com\/blog\/wp-content\/uploads\/2021\/04\/Software-avaliacao-desempenho-810x243.jpg 810w, https:\/\/www.bizneo.com\/blog\/wp-content\/uploads\/2021\/04\/Software-avaliacao-desempenho-1140x342.jpg 1140w\" sizes=\"(max-width: 1360px) 100vw, 1360px\" \/><\/a><\/figure>\n\n\n\n<p><\/p>\n","protected":false},"excerpt":{"rendered":"<p>Medir a produtividade no trabalho \u00e9 fundamental para conhecer as fragilidades da empresa e adotar as medidas necess\u00e1rias para resolver gargalos. Mas, para isso, \u00e9 preciso contar com as ferramentas adequadas.<\/p>\n","protected":false},"author":31,"featured_media":49960,"comment_status":"open","ping_status":"open","sticky":false,"template":"","format":"standard","meta":{"_uag_custom_page_level_css":"","site-sidebar-layout":"default","site-content-layout":"","ast-site-content-layout":"default","site-content-style":"default","site-sidebar-style":"default","ast-global-header-display":"","ast-banner-title-visibility":"","ast-main-header-display":"","ast-hfb-above-header-display":"","ast-hfb-below-header-display":"","ast-hfb-mobile-header-display":"","site-post-title":"","ast-breadcrumbs-content":"","ast-featured-img":"","footer-sml-layout":"","ast-disable-related-posts":"","theme-transparent-header-meta":"","adv-header-id-meta":"","stick-header-meta":"","header-above-stick-meta":"","header-main-stick-meta":"","header-below-stick-meta":"","astra-migrate-meta-layouts":"default","ast-page-background-enabled":"default","ast-page-background-meta":{"desktop":{"background-color":"var(--ast-global-color-5)","background-image":"","background-repeat":"repeat","background-position":"center center","background-size":"auto","background-attachment":"scroll","background-type":"","background-media":"","overlay-type":"","overlay-color":"","overlay-opacity":"","overlay-gradient":""},"tablet":{"background-color":"","background-image":"","background-repeat":"repeat","background-position":"center center","background-size":"auto","background-attachment":"scroll","background-type":"","background-media":"","overlay-type":"","overlay-color":"","overlay-opacity":"","overlay-gradient":""},"mobile":{"background-color":"","background-image":"","background-repeat":"repeat","background-position":"center center","background-size":"auto","background-attachment":"scroll","background-type":"","background-media":"","overlay-type":"","overlay-color":"","overlay-opacity":"","overlay-gradient":""}},"ast-content-background-meta":{"desktop":{"background-color":"var(--ast-global-color-4)","background-image":"","background-repeat":"repeat","background-position":"center center","background-size":"auto","background-attachment":"scroll","background-type":"","background-media":"","overlay-type":"","overlay-color":"","overlay-opacity":"","overlay-gradient":""},"tablet":{"background-color":"var(--ast-global-color-4)","background-image":"","background-repeat":"repeat","background-position":"center center","background-size":"auto","background-attachment":"scroll","background-type":"","background-media":"","overlay-type":"","overlay-color":"","overlay-opacity":"","overlay-gradient":""},"mobile":{"background-color":"var(--ast-global-color-4)","background-image":"","background-repeat":"repeat","background-position":"center center","background-size":"auto","background-attachment":"scroll","background-type":"","background-media":"","overlay-type":"","overlay-color":"","overlay-opacity":"","overlay-gradient":""}},"footnotes":""},"categories":[203,199],"tags":[],"class_list":["post-26909","post","type-post","status-publish","format-standard","has-post-thumbnail","hentry","category-avaliacao-de-desempenho","category-gestao-de-talentos"],"yoast_head":"<!-- This site is optimized with the Yoast SEO plugin v27.5 - https:\/\/yoast.com\/product\/yoast-seo-wordpress\/ -->\n<title>Como medir e melhorar a produtividade no trabalho | Bizneo HR<\/title>\n<meta name=\"description\" content=\"Medir a produtividade no trabalho \u00e9 essencial para melhorar o desempenho dos funcion\u00e1rios e tomar as melhores decis\u00f5es.\" \/>\n<meta name=\"robots\" content=\"index, follow, max-snippet:-1, max-image-preview:large, max-video-preview:-1\" \/>\n<meta property=\"og:locale\" content=\"es_ES\" \/>\n<meta property=\"og:type\" content=\"article\" \/>\n<meta property=\"og:title\" content=\"Como medir e melhorar a produtividade no trabalho | Bizneo HR\" \/>\n<meta property=\"og:description\" content=\"Medir a produtividade no trabalho \u00e9 essencial para melhorar o desempenho dos funcion\u00e1rios e tomar as melhores decis\u00f5es.\" \/>\n<meta property=\"og:url\" content=\"https:\/\/www.bizneo.com\/blog\/pt\/produtividade-no-trabalho\/\" \/>\n<meta property=\"og:site_name\" content=\"Blog de Recursos Humanos de Bizneo HR: pr\u00e1ctico y actual\" \/>\n<meta property=\"article:published_time\" content=\"2021-10-06T12:28:20+00:00\" \/>\n<meta property=\"article:modified_time\" content=\"2026-02-01T17:10:49+00:00\" \/>\n<meta property=\"og:image\" content=\"https:\/\/www.bizneo.com\/blog\/wp-content\/uploads\/2021\/10\/produtividade-no-trabalho.png\" \/>\n\t<meta property=\"og:image:width\" content=\"810\" \/>\n\t<meta property=\"og:image:height\" content=\"455\" \/>\n\t<meta property=\"og:image:type\" content=\"image\/png\" \/>\n<meta name=\"author\" content=\"Talita\" \/>\n<meta name=\"twitter:card\" content=\"summary_large_image\" \/>\n<meta name=\"twitter:label1\" content=\"Escrito por\" \/>\n\t<meta name=\"twitter:data1\" content=\"Talita\" \/>\n\t<meta name=\"twitter:label2\" content=\"Tiempo de lectura\" \/>\n\t<meta name=\"twitter:data2\" content=\"170 minutos\" \/>\n<script type=\"application\/ld+json\" class=\"yoast-schema-graph\">{\"@context\":\"https:\\\/\\\/schema.org\",\"@graph\":[{\"@type\":[\"Article\",\"BlogPosting\"],\"@id\":\"https:\\\/\\\/www.bizneo.com\\\/blog\\\/pt\\\/produtividade-no-trabalho\\\/#article\",\"isPartOf\":{\"@id\":\"https:\\\/\\\/www.bizneo.com\\\/blog\\\/pt\\\/produtividade-no-trabalho\\\/\"},\"author\":{\"name\":\"Talita\",\"@id\":\"https:\\\/\\\/www.bizneo.com\\\/blog\\\/#\\\/schema\\\/person\\\/3aea8ddcb201926bb4394bbfb582a5fb\"},\"headline\":\"Como medir e melhorar a produtividade no trabalho | Bizneo HR\",\"datePublished\":\"2021-10-06T12:28:20+00:00\",\"dateModified\":\"2026-02-01T17:10:49+00:00\",\"mainEntityOfPage\":{\"@id\":\"https:\\\/\\\/www.bizneo.com\\\/blog\\\/pt\\\/produtividade-no-trabalho\\\/\"},\"wordCount\":2167,\"commentCount\":0,\"publisher\":{\"@id\":\"https:\\\/\\\/www.bizneo.com\\\/blog\\\/#organization\"},\"image\":{\"@id\":\"https:\\\/\\\/www.bizneo.com\\\/blog\\\/pt\\\/produtividade-no-trabalho\\\/#primaryimage\"},\"thumbnailUrl\":\"https:\\\/\\\/www.bizneo.com\\\/blog\\\/wp-content\\\/uploads\\\/2021\\\/10\\\/produtividade-no-trabalho.png\",\"articleSection\":[\"Avalia\u00e7\u00e3o de desempenho\",\"Gest\u00e3o de Talentos\"],\"inLanguage\":\"es\",\"potentialAction\":[{\"@type\":\"CommentAction\",\"name\":\"Comment\",\"target\":[\"https:\\\/\\\/www.bizneo.com\\\/blog\\\/pt\\\/produtividade-no-trabalho\\\/#respond\"]}]},{\"@type\":\"WebPage\",\"@id\":\"https:\\\/\\\/www.bizneo.com\\\/blog\\\/pt\\\/produtividade-no-trabalho\\\/\",\"url\":\"https:\\\/\\\/www.bizneo.com\\\/blog\\\/pt\\\/produtividade-no-trabalho\\\/\",\"name\":\"Como medir e melhorar a produtividade no trabalho | Bizneo HR\",\"isPartOf\":{\"@id\":\"https:\\\/\\\/www.bizneo.com\\\/blog\\\/#website\"},\"primaryImageOfPage\":{\"@id\":\"https:\\\/\\\/www.bizneo.com\\\/blog\\\/pt\\\/produtividade-no-trabalho\\\/#primaryimage\"},\"image\":{\"@id\":\"https:\\\/\\\/www.bizneo.com\\\/blog\\\/pt\\\/produtividade-no-trabalho\\\/#primaryimage\"},\"thumbnailUrl\":\"https:\\\/\\\/www.bizneo.com\\\/blog\\\/wp-content\\\/uploads\\\/2021\\\/10\\\/produtividade-no-trabalho.png\",\"datePublished\":\"2021-10-06T12:28:20+00:00\",\"dateModified\":\"2026-02-01T17:10:49+00:00\",\"description\":\"Medir a produtividade no trabalho \u00e9 essencial para melhorar o desempenho dos funcion\u00e1rios e tomar as melhores decis\u00f5es.\",\"breadcrumb\":{\"@id\":\"https:\\\/\\\/www.bizneo.com\\\/blog\\\/pt\\\/produtividade-no-trabalho\\\/#breadcrumb\"},\"inLanguage\":\"es\",\"potentialAction\":[{\"@type\":\"ReadAction\",\"target\":[\"https:\\\/\\\/www.bizneo.com\\\/blog\\\/pt\\\/produtividade-no-trabalho\\\/\"]}]},{\"@type\":\"ImageObject\",\"inLanguage\":\"es\",\"@id\":\"https:\\\/\\\/www.bizneo.com\\\/blog\\\/pt\\\/produtividade-no-trabalho\\\/#primaryimage\",\"url\":\"https:\\\/\\\/www.bizneo.com\\\/blog\\\/wp-content\\\/uploads\\\/2021\\\/10\\\/produtividade-no-trabalho.png\",\"contentUrl\":\"https:\\\/\\\/www.bizneo.com\\\/blog\\\/wp-content\\\/uploads\\\/2021\\\/10\\\/produtividade-no-trabalho.png\",\"width\":810,\"height\":455,\"caption\":\"produtividade no trabalho\"},{\"@type\":\"BreadcrumbList\",\"@id\":\"https:\\\/\\\/www.bizneo.com\\\/blog\\\/pt\\\/produtividade-no-trabalho\\\/#breadcrumb\",\"itemListElement\":[{\"@type\":\"ListItem\",\"position\":1,\"name\":\"Portada\",\"item\":\"https:\\\/\\\/www.bizneo.com\\\/blog\\\/\"},{\"@type\":\"ListItem\",\"position\":2,\"name\":\"Gest\u00e3o de Talentos\",\"item\":\"https:\\\/\\\/www.bizneo.com\\\/blog\\\/pt\\\/category\\\/gestao-de-talentos\\\/\"},{\"@type\":\"ListItem\",\"position\":3,\"name\":\"Como medir e melhorar a produtividade no trabalho | Bizneo HR\"}]},{\"@type\":\"WebSite\",\"@id\":\"https:\\\/\\\/www.bizneo.com\\\/blog\\\/#website\",\"url\":\"https:\\\/\\\/www.bizneo.com\\\/blog\\\/\",\"name\":\"Blog de Recursos Humanos de Bizneo HR: pr\u00e1ctico y actual\",\"description\":\"Todo sobre actualidad, herramientas y tecnolog\u00eda  para optimizar la gesti\u00f3n del talento humano\",\"publisher\":{\"@id\":\"https:\\\/\\\/www.bizneo.com\\\/blog\\\/#organization\"},\"potentialAction\":[{\"@type\":\"SearchAction\",\"target\":{\"@type\":\"EntryPoint\",\"urlTemplate\":\"https:\\\/\\\/www.bizneo.com\\\/blog\\\/?s={search_term_string}\"},\"query-input\":{\"@type\":\"PropertyValueSpecification\",\"valueRequired\":true,\"valueName\":\"search_term_string\"}}],\"inLanguage\":\"es\"},{\"@type\":\"Organization\",\"@id\":\"https:\\\/\\\/www.bizneo.com\\\/blog\\\/#organization\",\"name\":\"Bizneo HR\",\"url\":\"https:\\\/\\\/www.bizneo.com\\\/blog\\\/\",\"logo\":{\"@type\":\"ImageObject\",\"inLanguage\":\"es\",\"@id\":\"https:\\\/\\\/www.bizneo.com\\\/blog\\\/#\\\/schema\\\/logo\\\/image\\\/\",\"url\":\"https:\\\/\\\/www.bizneo.com\\\/blog\\\/wp-content\\\/uploads\\\/2020\\\/09\\\/Icono-Logo-Bizneo-HR.png\",\"contentUrl\":\"https:\\\/\\\/www.bizneo.com\\\/blog\\\/wp-content\\\/uploads\\\/2020\\\/09\\\/Icono-Logo-Bizneo-HR.png\",\"width\":834,\"height\":834,\"caption\":\"Bizneo HR\"},\"image\":{\"@id\":\"https:\\\/\\\/www.bizneo.com\\\/blog\\\/#\\\/schema\\\/logo\\\/image\\\/\"}},{\"@type\":\"Person\",\"@id\":\"https:\\\/\\\/www.bizneo.com\\\/blog\\\/#\\\/schema\\\/person\\\/3aea8ddcb201926bb4394bbfb582a5fb\",\"name\":\"Talita\",\"image\":{\"@type\":\"ImageObject\",\"inLanguage\":\"es\",\"@id\":\"https:\\\/\\\/secure.gravatar.com\\\/avatar\\\/965e4e0e673ec5aef56da7c23c99dfcc4c209684c78c811d6ece9961d8e62ecd?s=96&d=mm&r=g\",\"url\":\"https:\\\/\\\/secure.gravatar.com\\\/avatar\\\/965e4e0e673ec5aef56da7c23c99dfcc4c209684c78c811d6ece9961d8e62ecd?s=96&d=mm&r=g\",\"contentUrl\":\"https:\\\/\\\/secure.gravatar.com\\\/avatar\\\/965e4e0e673ec5aef56da7c23c99dfcc4c209684c78c811d6ece9961d8e62ecd?s=96&d=mm&r=g\",\"caption\":\"Talita\"},\"url\":\"https:\\\/\\\/www.bizneo.com\\\/blog\\\/author\\\/talita\\\/\"}]}<\/script>\n<!-- \/ Yoast SEO plugin. -->","yoast_head_json":{"title":"Como medir e melhorar a produtividade no trabalho | Bizneo HR","description":"Medir a produtividade no trabalho \u00e9 essencial para melhorar o desempenho dos funcion\u00e1rios e tomar as melhores decis\u00f5es.","robots":{"index":"index","follow":"follow","max-snippet":"max-snippet:-1","max-image-preview":"max-image-preview:large","max-video-preview":"max-video-preview:-1"},"og_locale":"es_ES","og_type":"article","og_title":"Como medir e melhorar a produtividade no trabalho | Bizneo HR","og_description":"Medir a produtividade no trabalho \u00e9 essencial para melhorar o desempenho dos funcion\u00e1rios e tomar as melhores decis\u00f5es.","og_url":"https:\/\/www.bizneo.com\/blog\/pt\/produtividade-no-trabalho\/","og_site_name":"Blog de Recursos Humanos de Bizneo HR: pr\u00e1ctico y actual","article_published_time":"2021-10-06T12:28:20+00:00","article_modified_time":"2026-02-01T17:10:49+00:00","og_image":[{"width":810,"height":455,"url":"https:\/\/www.bizneo.com\/blog\/wp-content\/uploads\/2021\/10\/produtividade-no-trabalho.png","type":"image\/png"}],"author":"Talita","twitter_card":"summary_large_image","twitter_misc":{"Escrito por":"Talita","Tiempo de lectura":"170 minutos"},"schema":{"@context":"https:\/\/schema.org","@graph":[{"@type":["Article","BlogPosting"],"@id":"https:\/\/www.bizneo.com\/blog\/pt\/produtividade-no-trabalho\/#article","isPartOf":{"@id":"https:\/\/www.bizneo.com\/blog\/pt\/produtividade-no-trabalho\/"},"author":{"name":"Talita","@id":"https:\/\/www.bizneo.com\/blog\/#\/schema\/person\/3aea8ddcb201926bb4394bbfb582a5fb"},"headline":"Como medir e melhorar a produtividade no trabalho | Bizneo HR","datePublished":"2021-10-06T12:28:20+00:00","dateModified":"2026-02-01T17:10:49+00:00","mainEntityOfPage":{"@id":"https:\/\/www.bizneo.com\/blog\/pt\/produtividade-no-trabalho\/"},"wordCount":2167,"commentCount":0,"publisher":{"@id":"https:\/\/www.bizneo.com\/blog\/#organization"},"image":{"@id":"https:\/\/www.bizneo.com\/blog\/pt\/produtividade-no-trabalho\/#primaryimage"},"thumbnailUrl":"https:\/\/www.bizneo.com\/blog\/wp-content\/uploads\/2021\/10\/produtividade-no-trabalho.png","articleSection":["Avalia\u00e7\u00e3o de desempenho","Gest\u00e3o de Talentos"],"inLanguage":"es","potentialAction":[{"@type":"CommentAction","name":"Comment","target":["https:\/\/www.bizneo.com\/blog\/pt\/produtividade-no-trabalho\/#respond"]}]},{"@type":"WebPage","@id":"https:\/\/www.bizneo.com\/blog\/pt\/produtividade-no-trabalho\/","url":"https:\/\/www.bizneo.com\/blog\/pt\/produtividade-no-trabalho\/","name":"Como medir e melhorar a produtividade no trabalho | Bizneo HR","isPartOf":{"@id":"https:\/\/www.bizneo.com\/blog\/#website"},"primaryImageOfPage":{"@id":"https:\/\/www.bizneo.com\/blog\/pt\/produtividade-no-trabalho\/#primaryimage"},"image":{"@id":"https:\/\/www.bizneo.com\/blog\/pt\/produtividade-no-trabalho\/#primaryimage"},"thumbnailUrl":"https:\/\/www.bizneo.com\/blog\/wp-content\/uploads\/2021\/10\/produtividade-no-trabalho.png","datePublished":"2021-10-06T12:28:20+00:00","dateModified":"2026-02-01T17:10:49+00:00","description":"Medir a produtividade no trabalho \u00e9 essencial para melhorar o desempenho dos funcion\u00e1rios e tomar as melhores decis\u00f5es.","breadcrumb":{"@id":"https:\/\/www.bizneo.com\/blog\/pt\/produtividade-no-trabalho\/#breadcrumb"},"inLanguage":"es","potentialAction":[{"@type":"ReadAction","target":["https:\/\/www.bizneo.com\/blog\/pt\/produtividade-no-trabalho\/"]}]},{"@type":"ImageObject","inLanguage":"es","@id":"https:\/\/www.bizneo.com\/blog\/pt\/produtividade-no-trabalho\/#primaryimage","url":"https:\/\/www.bizneo.com\/blog\/wp-content\/uploads\/2021\/10\/produtividade-no-trabalho.png","contentUrl":"https:\/\/www.bizneo.com\/blog\/wp-content\/uploads\/2021\/10\/produtividade-no-trabalho.png","width":810,"height":455,"caption":"produtividade no trabalho"},{"@type":"BreadcrumbList","@id":"https:\/\/www.bizneo.com\/blog\/pt\/produtividade-no-trabalho\/#breadcrumb","itemListElement":[{"@type":"ListItem","position":1,"name":"Portada","item":"https:\/\/www.bizneo.com\/blog\/"},{"@type":"ListItem","position":2,"name":"Gest\u00e3o de Talentos","item":"https:\/\/www.bizneo.com\/blog\/pt\/category\/gestao-de-talentos\/"},{"@type":"ListItem","position":3,"name":"Como medir e melhorar a produtividade no trabalho | Bizneo HR"}]},{"@type":"WebSite","@id":"https:\/\/www.bizneo.com\/blog\/#website","url":"https:\/\/www.bizneo.com\/blog\/","name":"Blog de Recursos Humanos de Bizneo HR: pr\u00e1ctico y actual","description":"Todo sobre actualidad, herramientas y tecnolog\u00eda  para optimizar la gesti\u00f3n del talento humano","publisher":{"@id":"https:\/\/www.bizneo.com\/blog\/#organization"},"potentialAction":[{"@type":"SearchAction","target":{"@type":"EntryPoint","urlTemplate":"https:\/\/www.bizneo.com\/blog\/?s={search_term_string}"},"query-input":{"@type":"PropertyValueSpecification","valueRequired":true,"valueName":"search_term_string"}}],"inLanguage":"es"},{"@type":"Organization","@id":"https:\/\/www.bizneo.com\/blog\/#organization","name":"Bizneo HR","url":"https:\/\/www.bizneo.com\/blog\/","logo":{"@type":"ImageObject","inLanguage":"es","@id":"https:\/\/www.bizneo.com\/blog\/#\/schema\/logo\/image\/","url":"https:\/\/www.bizneo.com\/blog\/wp-content\/uploads\/2020\/09\/Icono-Logo-Bizneo-HR.png","contentUrl":"https:\/\/www.bizneo.com\/blog\/wp-content\/uploads\/2020\/09\/Icono-Logo-Bizneo-HR.png","width":834,"height":834,"caption":"Bizneo HR"},"image":{"@id":"https:\/\/www.bizneo.com\/blog\/#\/schema\/logo\/image\/"}},{"@type":"Person","@id":"https:\/\/www.bizneo.com\/blog\/#\/schema\/person\/3aea8ddcb201926bb4394bbfb582a5fb","name":"Talita","image":{"@type":"ImageObject","inLanguage":"es","@id":"https:\/\/secure.gravatar.com\/avatar\/965e4e0e673ec5aef56da7c23c99dfcc4c209684c78c811d6ece9961d8e62ecd?s=96&d=mm&r=g","url":"https:\/\/secure.gravatar.com\/avatar\/965e4e0e673ec5aef56da7c23c99dfcc4c209684c78c811d6ece9961d8e62ecd?s=96&d=mm&r=g","contentUrl":"https:\/\/secure.gravatar.com\/avatar\/965e4e0e673ec5aef56da7c23c99dfcc4c209684c78c811d6ece9961d8e62ecd?s=96&d=mm&r=g","caption":"Talita"},"url":"https:\/\/www.bizneo.com\/blog\/author\/talita\/"}]}},"spectra_custom_meta":{"onesignal_meta_box_present":["1"],"onesignal_send_notification":[""],"Views":["32455"],"onesignal_modify_title_and_content":[""],"onesignal_notification_custom_heading":[null],"onesignal_notification_custom_content":[null],"wp_review_type":["none"],"wp_review_user_reviews":["0"],"wp_review_review_count":["0"],"wp_review_positive_count":["0"],"wp_review_negative_count":["0"],"_thumbnail_id":["49960"],"_yoast_wpseo_title":["Como medir e melhorar a produtividade no trabalho | Bizneo HR"],"_yoast_wpseo_metadesc":["Medir a produtividade no trabalho \u00e9 essencial para melhorar o desempenho dos funcion\u00e1rios e tomar as melhores decis\u00f5es."],"_yoast_wpseo_focuskw":["produtividade"],"_yoast_wpseo_primary_category":["199"],"_edit_lock":["1769965940:47"],"_edit_last":["47"],"_at_widget":["1"],"_vce_meta":["a:4:{s:11:\"use_sidebar\";s:7:\"inherit\";s:7:\"sidebar\";s:7:\"inherit\";s:14:\"sticky_sidebar\";s:7:\"inherit\";s:6:\"layout\";s:7:\"inherit\";}"],"_yoast_wpseo_linkdex":["90"],"_yoast_wpseo_content_score":["90"],"_yoast_wpseo_estimated-reading-time-minutes":["170"],"_yoast_wpseo_wordproof_timestamp":[""],"_uag_css_file_name":["uag-css-26909.css"],"_uag_page_assets":["a:9:{s:3:\"css\";s:263:\".uag-blocks-common-selector{z-index:var(--z-index-desktop) !important}@media (max-width: 976px){.uag-blocks-common-selector{z-index:var(--z-index-tablet) !important}}@media (max-width: 767px){.uag-blocks-common-selector{z-index:var(--z-index-mobile) !important}}\n\";s:2:\"js\";s:0:\"\";s:18:\"current_block_list\";a:9:{i:0;s:14:\"core\/paragraph\";i:1;s:12:\"core\/heading\";i:2;s:9:\"core\/html\";i:3;s:9:\"core\/list\";i:4;s:14:\"core\/list-item\";i:5;s:10:\"core\/image\";i:6;s:14:\"core\/pullquote\";i:7;s:12:\"core\/details\";i:8;s:14:\"core\/shortcode\";}s:8:\"uag_flag\";b:0;s:11:\"uag_version\";s:10:\"1777484736\";s:6:\"gfonts\";a:0:{}s:10:\"gfonts_url\";s:0:\"\";s:12:\"gfonts_files\";a:0:{}s:14:\"uag_faq_layout\";b:0;}"]},"uagb_featured_image_src":{"full":["https:\/\/www.bizneo.com\/blog\/wp-content\/uploads\/2021\/10\/produtividade-no-trabalho.png",810,455,false],"thumbnail":["https:\/\/www.bizneo.com\/blog\/wp-content\/uploads\/2021\/10\/produtividade-no-trabalho-150x150.png",150,150,true],"medium":["https:\/\/www.bizneo.com\/blog\/wp-content\/uploads\/2021\/10\/produtividade-no-trabalho-300x169.png",300,169,true],"medium_large":["https:\/\/www.bizneo.com\/blog\/wp-content\/uploads\/2021\/10\/produtividade-no-trabalho-768x431.png",768,431,true],"large":["https:\/\/www.bizneo.com\/blog\/wp-content\/uploads\/2021\/10\/produtividade-no-trabalho.png",810,455,false],"1536x1536":["https:\/\/www.bizneo.com\/blog\/wp-content\/uploads\/2021\/10\/produtividade-no-trabalho.png",810,455,false],"2048x2048":["https:\/\/www.bizneo.com\/blog\/wp-content\/uploads\/2021\/10\/produtividade-no-trabalho.png",810,455,false]},"uagb_author_info":{"display_name":"Talita","author_link":"https:\/\/www.bizneo.com\/blog\/author\/talita\/"},"uagb_comment_info":1,"uagb_excerpt":"Medir a produtividade no trabalho \u00e9 fundamental para conhecer as fragilidades da empresa e adotar as medidas necess\u00e1rias para resolver gargalos. Mas, para isso, \u00e9 preciso contar com as ferramentas adequadas.","_links":{"self":[{"href":"https:\/\/www.bizneo.com\/blog\/wp-json\/wp\/v2\/posts\/26909","targetHints":{"allow":["GET"]}}],"collection":[{"href":"https:\/\/www.bizneo.com\/blog\/wp-json\/wp\/v2\/posts"}],"about":[{"href":"https:\/\/www.bizneo.com\/blog\/wp-json\/wp\/v2\/types\/post"}],"author":[{"embeddable":true,"href":"https:\/\/www.bizneo.com\/blog\/wp-json\/wp\/v2\/users\/31"}],"replies":[{"embeddable":true,"href":"https:\/\/www.bizneo.com\/blog\/wp-json\/wp\/v2\/comments?post=26909"}],"version-history":[{"count":38,"href":"https:\/\/www.bizneo.com\/blog\/wp-json\/wp\/v2\/posts\/26909\/revisions"}],"predecessor-version":[{"id":59411,"href":"https:\/\/www.bizneo.com\/blog\/wp-json\/wp\/v2\/posts\/26909\/revisions\/59411"}],"wp:featuredmedia":[{"embeddable":true,"href":"https:\/\/www.bizneo.com\/blog\/wp-json\/wp\/v2\/media\/49960"}],"wp:attachment":[{"href":"https:\/\/www.bizneo.com\/blog\/wp-json\/wp\/v2\/media?parent=26909"}],"wp:term":[{"taxonomy":"category","embeddable":true,"href":"https:\/\/www.bizneo.com\/blog\/wp-json\/wp\/v2\/categories?post=26909"},{"taxonomy":"post_tag","embeddable":true,"href":"https:\/\/www.bizneo.com\/blog\/wp-json\/wp\/v2\/tags?post=26909"}],"curies":[{"name":"wp","href":"https:\/\/api.w.org\/{rel}","templated":true}]}}