{"id":17838,"date":"2020-11-26T17:19:00","date_gmt":"2020-11-26T16:19:00","guid":{"rendered":"https:\/\/www.bizneo.com\/blog\/?p=17838"},"modified":"2026-02-01T18:46:48","modified_gmt":"2026-02-01T17:46:48","slug":"fortalezas-y-debilidades-profesionales","status":"publish","type":"post","link":"https:\/\/www.bizneo.com\/blog\/fortalezas-y-debilidades-profesionales\/","title":{"rendered":"Fortalezas y debilidades profesionales: entrevistas y rendimiento laboral"},"content":{"rendered":"\n<p>Un <a href=\"\/blog\/perfil-profesional\/\" target=\"_blank\" rel=\"noreferrer noopener\" data-wpel-link=\"internal\">perfil profesional<\/a> se compone de formaci\u00f3n, experiencia y habilidades. Estos factores forman las <strong>fortalezas y debilidades profesionales<\/strong> que har\u00e1n \u00fanico a cada candidato y lo diferenciar\u00e1n de la multitud. Y, en una entrevista de trabajo, estas cualidades no se le deben escapar al reclutador.<\/p>\n\n\n\n<h2 class=\"wp-block-heading\">Fortalezas y debilidades profesionales| 5 fortalezas en el trabajo<\/h2>\n\n\n\n<p>Son aquellas capacidades que posee una persona y que, por sus propias caracter\u00edsticas, <strong>potencian su <a href=\"\/blog\/aptitudes-profesionales\/\" target=\"_blank\" rel=\"noreferrer noopener\" data-wpel-link=\"internal\">aptitud<\/a> para realizar un tipo de trabajo concreto<\/strong>. <\/p>\n\n\n\n<p>Es f\u00e1cil adivinar que las fortalezas requeridas para un profesional de un \u00e1mbito espec\u00edfico <strong>no tienen por qu\u00e9 ser las mismas que las de otros<\/strong>.<\/p>\n\n\n\n<p>Al ser cualidades que complementan un perfil, se pueden definir como par\u00e1metros de un <a href=\"https:\/\/hello.bizneo.com\/software-reclutamiento-y-seleccion\/lk\/\" target=\"_blank\" rel=\"noreferrer noopener\" data-wpel-link=\"internal\">software de reclutamiento<\/a> <strong>para predecir si se adecuar\u00e1 mejor o peor a las exigencias de los distintos puestos.<\/strong><\/p>\n\n\n\n<figure class=\"wp-block-image size-full\"><a href=\"\/reclutamiento-seleccion-ats\/\" target=\"_blank\" rel=\"noreferrer noopener\" data-wpel-link=\"internal\"><img decoding=\"async\" src=\"https:\/\/www.bizneo.com\/blog\/wp-content\/uploads\/2024\/10\/scorecards-reclutamiento-seleccion.png\" alt=\"scorecards reclutamiento y selecci\u00f3n\" class=\"wp-image-21840\"\/><\/a><\/figure>\n\n\n\n<p>Este sistema permite seleccionar al m\u00e1ximo los candidatos que llegar\u00e1n a cada entrevista de trabajo, estableciendo <strong>criterios objetivos que los candidatos pueden conocer de antemano<\/strong> y que facilitan el trabajo de los reclutadores. <\/p>\n\n\n\n<figure class=\"wp-block-image size-large\"><a href=\"\/reclutamiento-seleccion-ats\/\" data-wpel-link=\"internal\" target=\"_blank\"><img decoding=\"async\" width=\"1024\" height=\"740\" src=\"https:\/\/www.bizneo.com\/blog\/wp-content\/uploads\/2022\/11\/CRM-o-Marketing-de-Reclutamiento-1024x740.webp\" alt=\"Base de datos de candidatos\" class=\"wp-image-37012\" srcset=\"https:\/\/www.bizneo.com\/blog\/wp-content\/uploads\/2022\/11\/CRM-o-Marketing-de-Reclutamiento-1024x740.webp 1024w, https:\/\/www.bizneo.com\/blog\/wp-content\/uploads\/2022\/11\/CRM-o-Marketing-de-Reclutamiento-300x217.webp 300w, https:\/\/www.bizneo.com\/blog\/wp-content\/uploads\/2022\/11\/CRM-o-Marketing-de-Reclutamiento-768x555.webp 768w, https:\/\/www.bizneo.com\/blog\/wp-content\/uploads\/2022\/11\/CRM-o-Marketing-de-Reclutamiento-810x585.webp 810w, https:\/\/www.bizneo.com\/blog\/wp-content\/uploads\/2022\/11\/CRM-o-Marketing-de-Reclutamiento.webp 1125w\" sizes=\"(max-width: 1024px) 100vw, 1024px\" \/><\/a><\/figure>\n\n\n\n<p>Todo ello dota al proceso de una mayor transparencia y evita que algunas aptitudes de los aspirantes queden por descubrir.<\/p>\n\n\n\n<figure class=\"wp-block-image\"><a href=\"https:\/\/hello.bizneo.com\/guia\/7-errores-de-reclutamiento-seleccion-talento\/?utm_content=post-banner-medio\" data-wpel-link=\"internal\" target=\"_blank\"><img decoding=\"async\" src=\"https:\/\/www.bizneo.com\/blog\/wp-content\/uploads\/2022\/01\/banner-errores-reclutamiento.jpg\" alt=\"Errores en un proceso de reclutamiento y selecci\u00f3n\" class=\"wp-image-37519\"\/><\/a><\/figure>\n\n\n\n<p><\/p>\n\n\n\n<p><em>Vamos a explicar 5 ejemplos de fortalezas laborales:<\/em><\/p>\n\n\n\n<h3 class=\"wp-block-heading\">Puntualidad<\/h3>\n\n\n\n<p>Desde siempre, esta ha sido una de las fortalezas m\u00e1s valoradas en el trabajo: un empleado puntual transmite seguridad y <strong>confianza a la empresa y a sus compa\u00f1eros<\/strong>, por no mencionar el respeto que desprende hacia el tiempo de los dem\u00e1s.<\/p>\n\n\n\n<p>No hablamos solo de \u00abpuntualidad en la entrada y la salida\u00bb, sino tambi\u00e9n a la hora de responder mensajes o completar tareas; <strong>la disciplina es un valor al alza en este caso<\/strong>, y cuando la puntualidad se convierte en un h\u00e1bito, la fiabilidad se desprende por s\u00ed sola.<\/p>\n\n\n\n<bzn-note><a href=\"\/blog\/puntualidad-en-el-trabajo\/\" id=\"destacado-post\" target=\"_blank\" rel=\"noopener noreferrer\" data-wpel-link=\"internal\"><span class=\"bzn-note-title\"><strong>Por qu\u00e9 es importante la puntualidad en el trabajo<\/strong> <\/span><br>Descubre por qu\u00e9 debes evitar este mal h\u00e1bito en tu empresa.<\/a><\/br><\/bzn-note>\n\n\n\n<p><\/p>\n\n\n\n<h3 class=\"wp-block-heading\">Sinceridad<\/h3>\n\n\n\n<p>Un empleado sincero, <strong>que sea capaz de decir la verdad y no lo que cree que quiere o\u00edr el entrevistador<\/strong>, es sin\u00f3nimo de transparencia, de limpieza en las comunicaciones y de un ambiente laboral sano.  Una de las fortalezas en el trabajo con mayor consideraci\u00f3n por parte de la empresa.<\/p>\n\n\n\n<p>Si el reclutador identifica que el candidato no est\u00e1 siendo honesto, por muy cualificado que pueda estar para el puesto, <strong>podr\u00eda ser conveniente replantearse su candidatura<\/strong>.<\/p>\n\n\n\n<p>No conviene tachar a alguien de mentiroso porque haya omitido alg\u00fan dato: todos sabemos que, en algunas ocasiones donde hay asuntos delicados en juego, es mejor \u00abno decir toda la verdad\u00bb o maquillar ligeramente el discurso. Aun as\u00ed, <strong>la honestidad es una de las cualidades profesionales m\u00e1s valoradas por las empresas<\/strong>.<\/p>\n\n\n\n<h3 class=\"wp-block-heading\">Diferenciaci\u00f3n<\/h3>\n\n\n\n<p>Aqu\u00ed entra el juego el valor a\u00f1adido: <strong>aquello que hace que el profesional destaque sobre los dem\u00e1s<\/strong>. No se trata solo de cumplir con los requisitos del puesto, <strong>sino de aportar un punto diferencial.<\/strong> A igualdad de condiciones, ser\u00e1 preferible contar con personas que aporten \u00abalgo m\u00e1s\u00bb, como un reflejo de lo que muchas empresas est\u00e1n obligadas a conseguir para destacar sobre su competencia.<\/p>\n\n\n\n<h3 class=\"wp-block-heading\">Especializaci\u00f3n<\/h3>\n\n\n\n<p>La combinaci\u00f3n de formaci\u00f3n acad\u00e9mica, formaci\u00f3n complementaria y experiencia profesional da como resultado <strong>un <a href=\"\/blog\/seleccion-it\/\" target=\"_blank\" rel=\"noreferrer noopener\" data-wpel-link=\"internal\">perfil<\/a> con cierto grado de especializaci\u00f3n<\/strong>.<\/p>\n\n\n\n<p>Esta competencia ser\u00e1 fundamental en <strong>puestos que requieran de unos conocimientos muy espec\u00edficos<\/strong> sobre alguna materia en concreto, y tambi\u00e9n estar\u00e1 en manos de la organizaci\u00f3n formar a sus empleados para potenciar un grado de especializaci\u00f3n ya existente.<\/p>\n\n\n\n<figure class=\"wp-block-image\"><a href=\"https:\/\/hello.bizneo.com\/kit\/reclutamiento-y-seleccion\/?utm_content=post-KIT-Reclutamiento\" data-wpel-link=\"internal\" target=\"_blank\"><img decoding=\"async\" src=\"https:\/\/www.bizneo.com\/blog\/wp-content\/uploads\/2023\/03\/KIT-Reclutamiento-1-1024x307.png\" alt=\"Kit de Reclutamiento y Selecci\u00f3n\" class=\"wp-image-39178\"\/><\/a><\/figure>\n\n\n\n<h3 class=\"wp-block-heading\">Trabajo en equipo<\/h3>\n\n\n\n<p>Dado que la mayor\u00eda de los trabajos se realizan en sincron\u00eda con otros profesionales, es muy deseable que un empleado sea capaz de adaptarse a un <a href=\"\/blog\/gestion-de-equipos\/\" target=\"_blank\" rel=\"noreferrer noopener\" data-wpel-link=\"internal\">equipo de trabajo<\/a>, con todo lo que ello implica \u2014comunicaciones, flujos, din\u00e1micas, divisi\u00f3n de tareas\u2014, <strong>sin que su rendimiento aut\u00f3nomo se vea resentido<\/strong>.<\/p>\n\n\n\n<p>En definitiva,<strong> cualquier fortaleza profesional se puede captar con un sistema de reclutamiento<\/strong> que cuente con t\u00e9cnicas de cribado para seleccionar las habilidades que necesita el puesto con anterioridad.  <\/p>\n\n\n\n<p>As\u00ed, se evitar\u00e1 que aparezcan fortalezas y debilidades profesionales en la entrevista. <strong>Solo llegar\u00e1n candidatos realmente preparados para las labores de la empresa.<\/strong><\/p>\n\n\n\n<p>Las organizaciones pueden usar diferentes <strong>m\u00e9todos para medir y valorar el rendimiento<\/strong> de sus empleados y comprobar sus competencias y habilidades. <\/p>\n\n\n\n<p>A su vez, hay pruebas de evaluaci\u00f3n que estiman la proyecci\u00f3n y el potencial de cada trabajador. \u00bf<strong>Cu\u00e1nto talento tiene el trabajador y hasta d\u00f3nde puede llegar?<\/strong> Hemos recopilado estos modelos en una gu\u00eda que <strong>podr\u00e1s conseguir en el siguiente formulario:<\/strong><\/p>\n\n\n\n<figure class=\"wp-block-image size-full\"><a href=\"https:\/\/hello.bizneo.com\/guia-pruebas-recursos-humanos\/?utm_content=Opt-in-banner-blog\" data-wpel-link=\"internal\" target=\"_blank\"><img decoding=\"async\" width=\"810\" height=\"332\" src=\"https:\/\/www.bizneo.com\/blog\/wp-content\/uploads\/2023\/10\/Guia-pruebas-de-RRHH.png\" alt=\"Gu\u00eda sobre pruebas de Recursos Humanos\" class=\"wp-image-43797\" srcset=\"https:\/\/www.bizneo.com\/blog\/wp-content\/uploads\/2023\/10\/Guia-pruebas-de-RRHH.png 810w, https:\/\/www.bizneo.com\/blog\/wp-content\/uploads\/2023\/10\/Guia-pruebas-de-RRHH-300x123.png 300w, https:\/\/www.bizneo.com\/blog\/wp-content\/uploads\/2023\/10\/Guia-pruebas-de-RRHH-768x315.png 768w\" sizes=\"(max-width: 810px) 100vw, 810px\" \/><\/a><\/figure>\n\n\n\n<p><\/p>\n\n\n\n<h2 class=\"wp-block-heading\">Fortalezas y debilidades profesionales| 5 debilidades<\/h2>\n\n\n\n<p>Por el contrario, esta serie de <strong>aptitudes personales act\u00faan en detrimento de la capacidad de una persona para realizar un trabajo<\/strong>. An\u00e1logamente a las fortalezas, no todas son determinantes para excluir a un candidato en un <a href=\"\/blog\/etapas-proceso-de-seleccion-de-personal\/\" target=\"_blank\" rel=\"noreferrer noopener\" data-wpel-link=\"internal\">proceso de selecci\u00f3n<\/a>.<\/p>\n\n\n\n<p>Sin embargo, tanto si el candidato ha sido sincero o no a la hora de postularse para un puesto, RR. HH. se podr\u00e1 valer de un <a href=\"\/evaluacion-del-desempeno\/\" target=\"_blank\" rel=\"noreferrer noopener\" data-wpel-link=\"internal\">software de evaluaci\u00f3n del desempe\u00f1o<\/a> para analizar si cuenta con las fortalezas y debilidades profesionales que indic\u00f3 en su CV y rinde con unos requisitos m\u00ednimos exigidos para el puesto. <\/p>\n\n\n\n<figure class=\"wp-block-image size-full\"><a href=\"\/evaluacion-del-desempeno\/\" target=\"_blank\" rel=\"noreferrer noopener\" data-wpel-link=\"internal\"><img decoding=\"async\" width=\"1500\" height=\"1291\" src=\"https:\/\/www.bizneo.com\/blog\/wp-content\/uploads\/2020\/09\/Evaluacion-por-competencias-2.webp\" alt=\"Criterios de evaluaci\u00f3n del desempe\u00f1o por competencias\" class=\"wp-image-49642\" srcset=\"https:\/\/www.bizneo.com\/blog\/wp-content\/uploads\/2020\/09\/Evaluacion-por-competencias-2.webp 1500w, https:\/\/www.bizneo.com\/blog\/wp-content\/uploads\/2020\/09\/Evaluacion-por-competencias-2-300x258.webp 300w, https:\/\/www.bizneo.com\/blog\/wp-content\/uploads\/2020\/09\/Evaluacion-por-competencias-2-1024x881.webp 1024w, https:\/\/www.bizneo.com\/blog\/wp-content\/uploads\/2020\/09\/Evaluacion-por-competencias-2-768x661.webp 768w, https:\/\/www.bizneo.com\/blog\/wp-content\/uploads\/2020\/09\/Evaluacion-por-competencias-2-810x697.webp 810w, https:\/\/www.bizneo.com\/blog\/wp-content\/uploads\/2020\/09\/Evaluacion-por-competencias-2-1140x981.webp 1140w\" sizes=\"(max-width: 1500px) 100vw, 1500px\" \/><\/a><\/figure>\n\n\n\n<p>Un recurso muy \u00fatil para <strong>medir el rendimiento cuando el candidato ya se ha convertido en empleado<\/strong>.<\/p>\n\n\n\n<figure class=\"wp-block-image size-large\"><a href=\"\/evaluacion-del-desempeno\/\" target=\"_blank\" rel=\"noreferrer noopener\" data-wpel-link=\"internal\"><img decoding=\"async\" width=\"1360\" height=\"204\" src=\"https:\/\/www.bizneo.com\/blog\/wp-content\/uploads\/2021\/04\/banner-medio-herramienta-evaluacion-desempeno.jpg\" alt=\"software evaluacion del desempe\u00f1o\" class=\"wp-image-21200\" srcset=\"https:\/\/www.bizneo.com\/blog\/wp-content\/uploads\/2021\/04\/banner-medio-herramienta-evaluacion-desempeno.jpg 1360w, https:\/\/www.bizneo.com\/blog\/wp-content\/uploads\/2021\/04\/banner-medio-herramienta-evaluacion-desempeno-300x45.jpg 300w, https:\/\/www.bizneo.com\/blog\/wp-content\/uploads\/2021\/04\/banner-medio-herramienta-evaluacion-desempeno-1024x154.jpg 1024w, https:\/\/www.bizneo.com\/blog\/wp-content\/uploads\/2021\/04\/banner-medio-herramienta-evaluacion-desempeno-768x115.jpg 768w, https:\/\/www.bizneo.com\/blog\/wp-content\/uploads\/2021\/04\/banner-medio-herramienta-evaluacion-desempeno-810x122.jpg 810w, https:\/\/www.bizneo.com\/blog\/wp-content\/uploads\/2021\/04\/banner-medio-herramienta-evaluacion-desempeno-1140x171.jpg 1140w\" sizes=\"(max-width: 1360px) 100vw, 1360px\" \/><\/a><\/figure>\n\n\n\n<p><\/p>\n\n\n\n<h3 class=\"wp-block-heading\">Idiomas<\/h3>\n\n\n\n<p>Son los grandes protagonistas de la \u00abinflaci\u00f3n de curr\u00edculums\u00bb: que un candidato domine o no un idioma solo ser\u00e1 determinante si el puesto de trabajo va a requerirlo. Si es necesario comprobarlo, ser\u00e1 conveniente realizar una prueba de nivel. <\/p>\n\n\n\n<p>Aun as\u00ed, <strong>esta debilidad profesional puede corregirse con un plan de formaci\u00f3n adecuado<\/strong> y un poco de tiempo. Muchas organizaciones organizan cursos de idiomas para sus empleados.<\/p>\n\n\n\n<bzn-note><a href=\"\/blog\/plan-de-formacion\/\" id=\"destacado-post\" target=\"_blank\" rel=\"noopener noreferrer\" data-wpel-link=\"internal\"><span class=\"bzn-note-title\"><strong>C\u00f3mo dise\u00f1ar un plan de formaci\u00f3n para tu empresa<\/strong> <\/span><br>Las claves para mejorar la capacitaci\u00f3n de tu plantilla.<\/a><\/br><\/bzn-note>\n\n\n\n<p><\/p>\n\n\n\n<h3 class=\"wp-block-heading\">Conocimientos t\u00e9cnicos<\/h3>\n\n\n\n<p>La ausencia de conocimientos t\u00e9cnicos requeridos para el puesto ser\u00e1 determinante para descartar a los candidatos que no re\u00fanan este requisito. A diferencia de los idiomas, no es tan sencillo para la empresa reforzar estos conocimientos en quienes carezcan de ellos; puesto que se obtienen gracias al <strong>bagaje profesional que cada candidato ha tra\u00eddo consigo<\/strong>. <\/p>\n\n\n\n<p>No obstante, estas fortalezas y debilidades profesionales se pueden reforzar mediante <strong>cursos especializados y f\u00e1ciles de gestionar por parte del propio empleado <\/strong>a trav\u00e9s del software de formaci\u00f3n. Tambi\u00e9n existe la posibilidad de recurrir a la <a href=\"\/blog\/formacion-bonificada\/\" target=\"_blank\" rel=\"noreferrer noopener\" data-wpel-link=\"internal\">formaci\u00f3n bonificada<\/a>, muy rentable para la empresa.<\/p>\n\n\n\n<figure class=\"wp-block-image size-full size-large is-resized\"><a href=\"\/gestion-formacion\/\" target=\"_blank\" rel=\"noreferrer noopener\" data-wpel-link=\"internal\"><img decoding=\"async\" width=\"1360\" height=\"204\" src=\"https:\/\/www.bizneo.com\/blog\/wp-content\/uploads\/2021\/04\/banner-medio-formacion.jpg\" alt=\"gesti\u00f3n de formaci\u00f3n\" class=\"wp-image-21149\" srcset=\"https:\/\/www.bizneo.com\/blog\/wp-content\/uploads\/2021\/04\/banner-medio-formacion.jpg 1360w, https:\/\/www.bizneo.com\/blog\/wp-content\/uploads\/2021\/04\/banner-medio-formacion-300x45.jpg 300w, https:\/\/www.bizneo.com\/blog\/wp-content\/uploads\/2021\/04\/banner-medio-formacion-1024x154.jpg 1024w, https:\/\/www.bizneo.com\/blog\/wp-content\/uploads\/2021\/04\/banner-medio-formacion-768x115.jpg 768w, https:\/\/www.bizneo.com\/blog\/wp-content\/uploads\/2021\/04\/banner-medio-formacion-810x122.jpg 810w, https:\/\/www.bizneo.com\/blog\/wp-content\/uploads\/2021\/04\/banner-medio-formacion-1140x171.jpg 1140w\" sizes=\"(max-width: 1360px) 100vw, 1360px\" \/><\/a><\/figure>\n\n\n\n<h3 class=\"wp-block-heading\">Experiencia<\/h3>\n\n\n\n<p>Aunque la experiencia laboral sea dif\u00edcil de alterar, hay candidatos que tienden a <strong>exagerar los <a href=\"\/blog\/roles-en-un-grupo-de-trabajo\/\" target=\"_blank\" rel=\"noreferrer noopener\" data-wpel-link=\"internal\">roles<\/a> que han desempe\u00f1ado en puestos previos<\/strong>: muchas organizaciones, para evitar esta situaci\u00f3n, piden referencias a las empresas donde ha trabajado previamente el candidato. <\/p>\n\n\n\n<p>En realidad, un candidato que sobrevalore su trayectoria profesional para conseguir el puesto estar\u00e1 haciendo un <strong>flaco favor a la organizaci\u00f3n<\/strong> que le contrate, y tambi\u00e9n a s\u00ed mismo.<\/p>\n\n\n\n<h3 class=\"wp-block-heading\">\u00abExceso de perfecci\u00f3n\u00bb<\/h3>\n\n\n\n<p>Puede sonar extra\u00f1o, pero si un candidato presenta un discurso extremadamente perfecto durante un proceso de selecci\u00f3n, Recursos Humanos podr\u00e1 inmediatamente dudar de su honestidad. <strong>Rara vez los candidatos que se postulan cumplen con todos los requisitos<\/strong> del puesto a la perfecci\u00f3n. <\/p>\n\n\n\n<p>Es comprensible que un candidato quiera mostrar la mejor de sus caras cuando quiere conseguir un puesto de trabajo; pero <strong>alterar u ocultar informaci\u00f3n relevante solo traer\u00e1 problemas en el futuro<\/strong>.<\/p>\n\n\n\n<h3 class=\"wp-block-heading\">Resistencia al cambio<\/h3>\n\n\n\n<p>El mundo laboral moderno est\u00e1 lleno de situaciones cambiantes, de giros improvisados en las disposiciones t\u00e1cticas y estrat\u00e9gicas, de \u00abplanes B\u00bb, de reestructuraciones internas&#8230; Un trabajador que <strong>no sea capaz de adaptarse a los cambios perder\u00e1 su capacidad resolutiva<\/strong>; y ver\u00e1 c\u00f3mo sus puntos fuertes se desvanecen ante los cambios de escenario o una situaci\u00f3n de <a href=\"\/blog\/estres-laboral\/\" target=\"_blank\" rel=\"noreferrer noopener\" data-wpel-link=\"internal\">estr\u00e9s<\/a>.<\/p>\n\n\n\n<p>Aunque algunos de estos ejemplos de fortalezas y debilidades laborales se pueden trabajar y potenciar o suprimirse, otras son innatas del car\u00e1cter de cada persona. <\/p>\n\n\n\n<p>En cualquier caso, las fortalezas y debilidades profesionales pueden salir a flote en una entrevista de trabajo, y ser\u00e1 <strong>responsabilidad del equipo de selecci\u00f3n<\/strong> utilizar esta informaci\u00f3n para refinar los requisitos del proceso.<\/p>\n\n\n\n<figure class=\"wp-block-image size-full\"><a href=\"https:\/\/hello.bizneo.com\/demo\/ats\/?utm_content=post-banner-grande\" data-wpel-link=\"internal\" target=\"_blank\"><img decoding=\"async\" width=\"1360\" height=\"408\" src=\"https:\/\/www.bizneo.com\/blog\/wp-content\/uploads\/2024\/02\/Banner-grande-software-reclutamiento-seleccion.jpg\" alt=\"Software de Reclutamiento y Selecci\u00f3n\" class=\"wp-image-44850\" srcset=\"https:\/\/www.bizneo.com\/blog\/wp-content\/uploads\/2024\/02\/Banner-grande-software-reclutamiento-seleccion.jpg 1360w, https:\/\/www.bizneo.com\/blog\/wp-content\/uploads\/2024\/02\/Banner-grande-software-reclutamiento-seleccion-300x90.jpg 300w, https:\/\/www.bizneo.com\/blog\/wp-content\/uploads\/2024\/02\/Banner-grande-software-reclutamiento-seleccion-1024x307.jpg 1024w, https:\/\/www.bizneo.com\/blog\/wp-content\/uploads\/2024\/02\/Banner-grande-software-reclutamiento-seleccion-768x230.jpg 768w, https:\/\/www.bizneo.com\/blog\/wp-content\/uploads\/2024\/02\/Banner-grande-software-reclutamiento-seleccion-810x243.jpg 810w, https:\/\/www.bizneo.com\/blog\/wp-content\/uploads\/2024\/02\/Banner-grande-software-reclutamiento-seleccion-1140x342.jpg 1140w\" sizes=\"(max-width: 1360px) 100vw, 1360px\" \/><\/a><\/figure>\n","protected":false},"excerpt":{"rendered":"<p>Un buen reclutador de personal tiene que saber identificar las fortalezas y debilidades profesionales de los candidatos. Aprende a definir estas caracter\u00edsticas para optimizar los procesos de selecci\u00f3n y diferenciar a los mejores aspirantes a un puesto de trabajo.<\/p>\n","protected":false},"author":14,"featured_media":17840,"comment_status":"open","ping_status":"open","sticky":false,"template":"","format":"standard","meta":{"_uag_custom_page_level_css":"","site-sidebar-layout":"default","site-content-layout":"","ast-site-content-layout":"default","site-content-style":"default","site-sidebar-style":"default","ast-global-header-display":"","ast-banner-title-visibility":"","ast-main-header-display":"","ast-hfb-above-header-display":"","ast-hfb-below-header-display":"","ast-hfb-mobile-header-display":"","site-post-title":"","ast-breadcrumbs-content":"","ast-featured-img":"","footer-sml-layout":"","ast-disable-related-posts":"","theme-transparent-header-meta":"","adv-header-id-meta":"","stick-header-meta":"","header-above-stick-meta":"","header-main-stick-meta":"","header-below-stick-meta":"","astra-migrate-meta-layouts":"default","ast-page-background-enabled":"default","ast-page-background-meta":{"desktop":{"background-color":"var(--ast-global-color-5)","background-image":"","background-repeat":"repeat","background-position":"center center","background-size":"auto","background-attachment":"scroll","background-type":"","background-media":"","overlay-type":"","overlay-color":"","overlay-opacity":"","overlay-gradient":""},"tablet":{"background-color":"","background-image":"","background-repeat":"repeat","background-position":"center center","background-size":"auto","background-attachment":"scroll","background-type":"","background-media":"","overlay-type":"","overlay-color":"","overlay-opacity":"","overlay-gradient":""},"mobile":{"background-color":"","background-image":"","background-repeat":"repeat","background-position":"center center","background-size":"auto","background-attachment":"scroll","background-type":"","background-media":"","overlay-type":"","overlay-color":"","overlay-opacity":"","overlay-gradient":""}},"ast-content-background-meta":{"desktop":{"background-color":"var(--ast-global-color-4)","background-image":"","background-repeat":"repeat","background-position":"center center","background-size":"auto","background-attachment":"scroll","background-type":"","background-media":"","overlay-type":"","overlay-color":"","overlay-opacity":"","overlay-gradient":""},"tablet":{"background-color":"var(--ast-global-color-4)","background-image":"","background-repeat":"repeat","background-position":"center center","background-size":"auto","background-attachment":"scroll","background-type":"","background-media":"","overlay-type":"","overlay-color":"","overlay-opacity":"","overlay-gradient":""},"mobile":{"background-color":"var(--ast-global-color-4)","background-image":"","background-repeat":"repeat","background-position":"center center","background-size":"auto","background-attachment":"scroll","background-type":"","background-media":"","overlay-type":"","overlay-color":"","overlay-opacity":"","overlay-gradient":""}},"footnotes":""},"categories":[7,88],"tags":[49],"class_list":["post-17838","post","type-post","status-publish","format-standard","has-post-thumbnail","hentry","category-gestion-del-talento","category-reclutamiento-y-seleccion","tag-gestion-de-personas"],"yoast_head":"<!-- This site is optimized with the Yoast SEO plugin v27.5 - https:\/\/yoast.com\/product\/yoast-seo-wordpress\/ -->\n<title>Fortalezas y Debilidades Profesionales: entrevistas y rendimiento laboral<\/title>\n<meta name=\"description\" content=\"\u00bfCu\u00e1les son las fortalezas y debilidades profesionales a las que m\u00e1s atenci\u00f3n prestan las empresas? C\u00f3mo identificarlas y evaluarlas.\" \/>\n<meta name=\"robots\" content=\"index, follow, max-snippet:-1, max-image-preview:large, max-video-preview:-1\" \/>\n<meta property=\"og:locale\" content=\"es_ES\" \/>\n<meta property=\"og:type\" content=\"article\" \/>\n<meta property=\"og:title\" content=\"Fortalezas y Debilidades Profesionales: entrevistas y rendimiento laboral\" \/>\n<meta property=\"og:description\" content=\"\u00bfCu\u00e1les son las fortalezas y debilidades profesionales a las que m\u00e1s atenci\u00f3n prestan las empresas? C\u00f3mo identificarlas y evaluarlas.\" \/>\n<meta property=\"og:url\" content=\"https:\/\/www.bizneo.com\/blog\/fortalezas-y-debilidades-profesionales\/\" \/>\n<meta property=\"og:site_name\" content=\"Blog de Recursos Humanos de Bizneo HR: pr\u00e1ctico y actual\" \/>\n<meta property=\"article:published_time\" content=\"2020-11-26T16:19:00+00:00\" \/>\n<meta property=\"article:modified_time\" content=\"2026-02-01T17:46:48+00:00\" \/>\n<meta property=\"og:image\" content=\"https:\/\/www.bizneo.com\/blog\/wp-content\/uploads\/2020\/11\/fortalezas-y-debilidades-profesionales.jpg\" \/>\n\t<meta property=\"og:image:width\" content=\"1140\" \/>\n\t<meta property=\"og:image:height\" content=\"640\" \/>\n\t<meta property=\"og:image:type\" content=\"image\/jpeg\" \/>\n<meta name=\"author\" content=\"Alberto\" \/>\n<meta name=\"twitter:card\" content=\"summary_large_image\" \/>\n<meta name=\"twitter:label1\" content=\"Escrito por\" \/>\n\t<meta name=\"twitter:data1\" content=\"Alberto\" \/>\n\t<meta name=\"twitter:label2\" content=\"Tiempo de lectura\" \/>\n\t<meta name=\"twitter:data2\" content=\"8 minutos\" \/>\n<script type=\"application\/ld+json\" class=\"yoast-schema-graph\">{\"@context\":\"https:\\\/\\\/schema.org\",\"@graph\":[{\"@type\":[\"Article\",\"BlogPosting\"],\"@id\":\"https:\\\/\\\/www.bizneo.com\\\/blog\\\/fortalezas-y-debilidades-profesionales\\\/#article\",\"isPartOf\":{\"@id\":\"https:\\\/\\\/www.bizneo.com\\\/blog\\\/fortalezas-y-debilidades-profesionales\\\/\"},\"author\":{\"name\":\"Alberto\",\"@id\":\"https:\\\/\\\/www.bizneo.com\\\/blog\\\/#\\\/schema\\\/person\\\/584866b39f66e5f0e785daab3a27dba3\"},\"headline\":\"Fortalezas y debilidades profesionales: entrevistas y rendimiento laboral\",\"datePublished\":\"2020-11-26T16:19:00+00:00\",\"dateModified\":\"2026-02-01T17:46:48+00:00\",\"mainEntityOfPage\":{\"@id\":\"https:\\\/\\\/www.bizneo.com\\\/blog\\\/fortalezas-y-debilidades-profesionales\\\/\"},\"wordCount\":1384,\"commentCount\":0,\"publisher\":{\"@id\":\"https:\\\/\\\/www.bizneo.com\\\/blog\\\/#organization\"},\"image\":{\"@id\":\"https:\\\/\\\/www.bizneo.com\\\/blog\\\/fortalezas-y-debilidades-profesionales\\\/#primaryimage\"},\"thumbnailUrl\":\"https:\\\/\\\/www.bizneo.com\\\/blog\\\/wp-content\\\/uploads\\\/2020\\\/11\\\/fortalezas-y-debilidades-profesionales.jpg\",\"keywords\":[\"Gesti\u00f3n de personas\"],\"articleSection\":[\"Gesti\u00f3n del talento\",\"Reclutamiento y Selecci\u00f3n\"],\"inLanguage\":\"es\",\"potentialAction\":[{\"@type\":\"CommentAction\",\"name\":\"Comment\",\"target\":[\"https:\\\/\\\/www.bizneo.com\\\/blog\\\/fortalezas-y-debilidades-profesionales\\\/#respond\"]}]},{\"@type\":\"WebPage\",\"@id\":\"https:\\\/\\\/www.bizneo.com\\\/blog\\\/fortalezas-y-debilidades-profesionales\\\/\",\"url\":\"https:\\\/\\\/www.bizneo.com\\\/blog\\\/fortalezas-y-debilidades-profesionales\\\/\",\"name\":\"Fortalezas y Debilidades Profesionales: entrevistas y rendimiento laboral\",\"isPartOf\":{\"@id\":\"https:\\\/\\\/www.bizneo.com\\\/blog\\\/#website\"},\"primaryImageOfPage\":{\"@id\":\"https:\\\/\\\/www.bizneo.com\\\/blog\\\/fortalezas-y-debilidades-profesionales\\\/#primaryimage\"},\"image\":{\"@id\":\"https:\\\/\\\/www.bizneo.com\\\/blog\\\/fortalezas-y-debilidades-profesionales\\\/#primaryimage\"},\"thumbnailUrl\":\"https:\\\/\\\/www.bizneo.com\\\/blog\\\/wp-content\\\/uploads\\\/2020\\\/11\\\/fortalezas-y-debilidades-profesionales.jpg\",\"datePublished\":\"2020-11-26T16:19:00+00:00\",\"dateModified\":\"2026-02-01T17:46:48+00:00\",\"description\":\"\u00bfCu\u00e1les son las fortalezas y debilidades profesionales a las que m\u00e1s atenci\u00f3n prestan las empresas? C\u00f3mo identificarlas y evaluarlas.\",\"breadcrumb\":{\"@id\":\"https:\\\/\\\/www.bizneo.com\\\/blog\\\/fortalezas-y-debilidades-profesionales\\\/#breadcrumb\"},\"inLanguage\":\"es\",\"potentialAction\":[{\"@type\":\"ReadAction\",\"target\":[\"https:\\\/\\\/www.bizneo.com\\\/blog\\\/fortalezas-y-debilidades-profesionales\\\/\"]}]},{\"@type\":\"ImageObject\",\"inLanguage\":\"es\",\"@id\":\"https:\\\/\\\/www.bizneo.com\\\/blog\\\/fortalezas-y-debilidades-profesionales\\\/#primaryimage\",\"url\":\"https:\\\/\\\/www.bizneo.com\\\/blog\\\/wp-content\\\/uploads\\\/2020\\\/11\\\/fortalezas-y-debilidades-profesionales.jpg\",\"contentUrl\":\"https:\\\/\\\/www.bizneo.com\\\/blog\\\/wp-content\\\/uploads\\\/2020\\\/11\\\/fortalezas-y-debilidades-profesionales.jpg\",\"width\":1140,\"height\":640,\"caption\":\"Fortalezas y debilidades profesionales\"},{\"@type\":\"BreadcrumbList\",\"@id\":\"https:\\\/\\\/www.bizneo.com\\\/blog\\\/fortalezas-y-debilidades-profesionales\\\/#breadcrumb\",\"itemListElement\":[{\"@type\":\"ListItem\",\"position\":1,\"name\":\"Portada\",\"item\":\"https:\\\/\\\/www.bizneo.com\\\/blog\\\/\"},{\"@type\":\"ListItem\",\"position\":2,\"name\":\"Reclutamiento y Selecci\u00f3n\",\"item\":\"https:\\\/\\\/www.bizneo.com\\\/blog\\\/category\\\/reclutamiento-y-seleccion\\\/\"},{\"@type\":\"ListItem\",\"position\":3,\"name\":\"Fortalezas y debilidades profesionales: entrevistas y rendimiento laboral\"}]},{\"@type\":\"WebSite\",\"@id\":\"https:\\\/\\\/www.bizneo.com\\\/blog\\\/#website\",\"url\":\"https:\\\/\\\/www.bizneo.com\\\/blog\\\/\",\"name\":\"Blog de Recursos Humanos de Bizneo HR: pr\u00e1ctico y actual\",\"description\":\"Todo sobre actualidad, herramientas y tecnolog\u00eda  para optimizar la gesti\u00f3n del talento humano\",\"publisher\":{\"@id\":\"https:\\\/\\\/www.bizneo.com\\\/blog\\\/#organization\"},\"potentialAction\":[{\"@type\":\"SearchAction\",\"target\":{\"@type\":\"EntryPoint\",\"urlTemplate\":\"https:\\\/\\\/www.bizneo.com\\\/blog\\\/?s={search_term_string}\"},\"query-input\":{\"@type\":\"PropertyValueSpecification\",\"valueRequired\":true,\"valueName\":\"search_term_string\"}}],\"inLanguage\":\"es\"},{\"@type\":\"Organization\",\"@id\":\"https:\\\/\\\/www.bizneo.com\\\/blog\\\/#organization\",\"name\":\"Bizneo HR\",\"url\":\"https:\\\/\\\/www.bizneo.com\\\/blog\\\/\",\"logo\":{\"@type\":\"ImageObject\",\"inLanguage\":\"es\",\"@id\":\"https:\\\/\\\/www.bizneo.com\\\/blog\\\/#\\\/schema\\\/logo\\\/image\\\/\",\"url\":\"https:\\\/\\\/www.bizneo.com\\\/blog\\\/wp-content\\\/uploads\\\/2020\\\/09\\\/Icono-Logo-Bizneo-HR.png\",\"contentUrl\":\"https:\\\/\\\/www.bizneo.com\\\/blog\\\/wp-content\\\/uploads\\\/2020\\\/09\\\/Icono-Logo-Bizneo-HR.png\",\"width\":834,\"height\":834,\"caption\":\"Bizneo HR\"},\"image\":{\"@id\":\"https:\\\/\\\/www.bizneo.com\\\/blog\\\/#\\\/schema\\\/logo\\\/image\\\/\"}},{\"@type\":\"Person\",\"@id\":\"https:\\\/\\\/www.bizneo.com\\\/blog\\\/#\\\/schema\\\/person\\\/584866b39f66e5f0e785daab3a27dba3\",\"name\":\"Alberto\",\"image\":{\"@type\":\"ImageObject\",\"inLanguage\":\"es\",\"@id\":\"https:\\\/\\\/secure.gravatar.com\\\/avatar\\\/8d82a346ba2132a42e4f46ed815f763bf863736882da998f483348d94489a4cb?s=96&d=mm&r=g\",\"url\":\"https:\\\/\\\/secure.gravatar.com\\\/avatar\\\/8d82a346ba2132a42e4f46ed815f763bf863736882da998f483348d94489a4cb?s=96&d=mm&r=g\",\"contentUrl\":\"https:\\\/\\\/secure.gravatar.com\\\/avatar\\\/8d82a346ba2132a42e4f46ed815f763bf863736882da998f483348d94489a4cb?s=96&d=mm&r=g\",\"caption\":\"Alberto\"},\"url\":\"https:\\\/\\\/www.bizneo.com\\\/blog\\\/author\\\/alberto_redactor\\\/\"}]}<\/script>\n<!-- \/ Yoast SEO plugin. -->","yoast_head_json":{"title":"Fortalezas y Debilidades Profesionales: entrevistas y rendimiento laboral","description":"\u00bfCu\u00e1les son las fortalezas y debilidades profesionales a las que m\u00e1s atenci\u00f3n prestan las empresas? C\u00f3mo identificarlas y evaluarlas.","robots":{"index":"index","follow":"follow","max-snippet":"max-snippet:-1","max-image-preview":"max-image-preview:large","max-video-preview":"max-video-preview:-1"},"og_locale":"es_ES","og_type":"article","og_title":"Fortalezas y Debilidades Profesionales: entrevistas y rendimiento laboral","og_description":"\u00bfCu\u00e1les son las fortalezas y debilidades profesionales a las que m\u00e1s atenci\u00f3n prestan las empresas? C\u00f3mo identificarlas y evaluarlas.","og_url":"https:\/\/www.bizneo.com\/blog\/fortalezas-y-debilidades-profesionales\/","og_site_name":"Blog de Recursos Humanos de Bizneo HR: pr\u00e1ctico y actual","article_published_time":"2020-11-26T16:19:00+00:00","article_modified_time":"2026-02-01T17:46:48+00:00","og_image":[{"width":1140,"height":640,"url":"https:\/\/www.bizneo.com\/blog\/wp-content\/uploads\/2020\/11\/fortalezas-y-debilidades-profesionales.jpg","type":"image\/jpeg"}],"author":"Alberto","twitter_card":"summary_large_image","twitter_misc":{"Escrito por":"Alberto","Tiempo de lectura":"8 minutos"},"schema":{"@context":"https:\/\/schema.org","@graph":[{"@type":["Article","BlogPosting"],"@id":"https:\/\/www.bizneo.com\/blog\/fortalezas-y-debilidades-profesionales\/#article","isPartOf":{"@id":"https:\/\/www.bizneo.com\/blog\/fortalezas-y-debilidades-profesionales\/"},"author":{"name":"Alberto","@id":"https:\/\/www.bizneo.com\/blog\/#\/schema\/person\/584866b39f66e5f0e785daab3a27dba3"},"headline":"Fortalezas y debilidades profesionales: entrevistas y rendimiento laboral","datePublished":"2020-11-26T16:19:00+00:00","dateModified":"2026-02-01T17:46:48+00:00","mainEntityOfPage":{"@id":"https:\/\/www.bizneo.com\/blog\/fortalezas-y-debilidades-profesionales\/"},"wordCount":1384,"commentCount":0,"publisher":{"@id":"https:\/\/www.bizneo.com\/blog\/#organization"},"image":{"@id":"https:\/\/www.bizneo.com\/blog\/fortalezas-y-debilidades-profesionales\/#primaryimage"},"thumbnailUrl":"https:\/\/www.bizneo.com\/blog\/wp-content\/uploads\/2020\/11\/fortalezas-y-debilidades-profesionales.jpg","keywords":["Gesti\u00f3n de personas"],"articleSection":["Gesti\u00f3n del talento","Reclutamiento y Selecci\u00f3n"],"inLanguage":"es","potentialAction":[{"@type":"CommentAction","name":"Comment","target":["https:\/\/www.bizneo.com\/blog\/fortalezas-y-debilidades-profesionales\/#respond"]}]},{"@type":"WebPage","@id":"https:\/\/www.bizneo.com\/blog\/fortalezas-y-debilidades-profesionales\/","url":"https:\/\/www.bizneo.com\/blog\/fortalezas-y-debilidades-profesionales\/","name":"Fortalezas y Debilidades Profesionales: entrevistas y rendimiento laboral","isPartOf":{"@id":"https:\/\/www.bizneo.com\/blog\/#website"},"primaryImageOfPage":{"@id":"https:\/\/www.bizneo.com\/blog\/fortalezas-y-debilidades-profesionales\/#primaryimage"},"image":{"@id":"https:\/\/www.bizneo.com\/blog\/fortalezas-y-debilidades-profesionales\/#primaryimage"},"thumbnailUrl":"https:\/\/www.bizneo.com\/blog\/wp-content\/uploads\/2020\/11\/fortalezas-y-debilidades-profesionales.jpg","datePublished":"2020-11-26T16:19:00+00:00","dateModified":"2026-02-01T17:46:48+00:00","description":"\u00bfCu\u00e1les son las fortalezas y debilidades profesionales a las que m\u00e1s atenci\u00f3n prestan las empresas? C\u00f3mo identificarlas y evaluarlas.","breadcrumb":{"@id":"https:\/\/www.bizneo.com\/blog\/fortalezas-y-debilidades-profesionales\/#breadcrumb"},"inLanguage":"es","potentialAction":[{"@type":"ReadAction","target":["https:\/\/www.bizneo.com\/blog\/fortalezas-y-debilidades-profesionales\/"]}]},{"@type":"ImageObject","inLanguage":"es","@id":"https:\/\/www.bizneo.com\/blog\/fortalezas-y-debilidades-profesionales\/#primaryimage","url":"https:\/\/www.bizneo.com\/blog\/wp-content\/uploads\/2020\/11\/fortalezas-y-debilidades-profesionales.jpg","contentUrl":"https:\/\/www.bizneo.com\/blog\/wp-content\/uploads\/2020\/11\/fortalezas-y-debilidades-profesionales.jpg","width":1140,"height":640,"caption":"Fortalezas y debilidades profesionales"},{"@type":"BreadcrumbList","@id":"https:\/\/www.bizneo.com\/blog\/fortalezas-y-debilidades-profesionales\/#breadcrumb","itemListElement":[{"@type":"ListItem","position":1,"name":"Portada","item":"https:\/\/www.bizneo.com\/blog\/"},{"@type":"ListItem","position":2,"name":"Reclutamiento y Selecci\u00f3n","item":"https:\/\/www.bizneo.com\/blog\/category\/reclutamiento-y-seleccion\/"},{"@type":"ListItem","position":3,"name":"Fortalezas y debilidades profesionales: entrevistas y rendimiento laboral"}]},{"@type":"WebSite","@id":"https:\/\/www.bizneo.com\/blog\/#website","url":"https:\/\/www.bizneo.com\/blog\/","name":"Blog de Recursos Humanos de Bizneo HR: pr\u00e1ctico y actual","description":"Todo sobre actualidad, herramientas y tecnolog\u00eda  para optimizar la gesti\u00f3n del talento humano","publisher":{"@id":"https:\/\/www.bizneo.com\/blog\/#organization"},"potentialAction":[{"@type":"SearchAction","target":{"@type":"EntryPoint","urlTemplate":"https:\/\/www.bizneo.com\/blog\/?s={search_term_string}"},"query-input":{"@type":"PropertyValueSpecification","valueRequired":true,"valueName":"search_term_string"}}],"inLanguage":"es"},{"@type":"Organization","@id":"https:\/\/www.bizneo.com\/blog\/#organization","name":"Bizneo HR","url":"https:\/\/www.bizneo.com\/blog\/","logo":{"@type":"ImageObject","inLanguage":"es","@id":"https:\/\/www.bizneo.com\/blog\/#\/schema\/logo\/image\/","url":"https:\/\/www.bizneo.com\/blog\/wp-content\/uploads\/2020\/09\/Icono-Logo-Bizneo-HR.png","contentUrl":"https:\/\/www.bizneo.com\/blog\/wp-content\/uploads\/2020\/09\/Icono-Logo-Bizneo-HR.png","width":834,"height":834,"caption":"Bizneo HR"},"image":{"@id":"https:\/\/www.bizneo.com\/blog\/#\/schema\/logo\/image\/"}},{"@type":"Person","@id":"https:\/\/www.bizneo.com\/blog\/#\/schema\/person\/584866b39f66e5f0e785daab3a27dba3","name":"Alberto","image":{"@type":"ImageObject","inLanguage":"es","@id":"https:\/\/secure.gravatar.com\/avatar\/8d82a346ba2132a42e4f46ed815f763bf863736882da998f483348d94489a4cb?s=96&d=mm&r=g","url":"https:\/\/secure.gravatar.com\/avatar\/8d82a346ba2132a42e4f46ed815f763bf863736882da998f483348d94489a4cb?s=96&d=mm&r=g","contentUrl":"https:\/\/secure.gravatar.com\/avatar\/8d82a346ba2132a42e4f46ed815f763bf863736882da998f483348d94489a4cb?s=96&d=mm&r=g","caption":"Alberto"},"url":"https:\/\/www.bizneo.com\/blog\/author\/alberto_redactor\/"}]}},"spectra_custom_meta":{"_is_githuber_markdown":["1"],"_edit_lock":["1769968034:47"],"_edit_last":["47"],"_githuber_prismjs":[""],"_githuber_highlightjs":[""],"_is_githuber_sequence":[""],"_is_githuber_flow_chart":[""],"_is_githuber_mermaid":[""],"_is_githuber_katex":[""],"_is_githuber_mathjax":[""],"onesignal_meta_box_present":["1"],"onesignal_send_notification":[""],"_yoast_wpseo_content_score":["90"],"_vce_meta":["a:4:{s:11:\"use_sidebar\";s:7:\"inherit\";s:7:\"sidebar\";s:7:\"inherit\";s:14:\"sticky_sidebar\";s:7:\"inherit\";s:6:\"layout\";s:7:\"inherit\";}"],"_is_githuber_markdown_enabled":["no"],"_thumbnail_id":["17840"],"_yoast_wpseo_primary_category":["88"],"_yoast_wpseo_focuskw":["fortalezas y debilidades profesionales"],"_yoast_wpseo_title":["Fortalezas y Debilidades Profesionales: entrevistas y rendimiento laboral"],"_yoast_wpseo_metadesc":["\u00bfCu\u00e1les son las fortalezas y debilidades profesionales a las que m\u00e1s atenci\u00f3n prestan las empresas? C\u00f3mo identificarlas y evaluarlas."],"_yoast_wpseo_linkdex":["84"],"response_body":["{\"id\":\"088b08f5-0980-46e3-9c61-cd437c4441cf\",\"recipients\":10000,\"external_id\":\"cc8759e6-b1bd-95a2-b29d-a80c19035f26\",\"warnings\":[\"You must configure iOS notifications in your OneSignal settings if you wish to send messages to iOS users.\",\"You must configure Android notifications in your OneSignal settings if you wish to send messages to Android users.\"]}"],"status":["200"],"recipients":["10000"],"Views":["121681"],"onesignal_modify_title_and_content":[""],"onesignal_notification_custom_heading":[null],"onesignal_notification_custom_content":[null],"wp_review_type":["none"],"_yoast_wpseo_estimated-reading-time-minutes":["8"],"_at_widget":["1"],"_yoast_wpseo_wordproof_timestamp":[""],"_uag_css_file_name":["uag-css-17838.css"],"_uag_page_assets":["a:9:{s:3:\"css\";s:263:\".uag-blocks-common-selector{z-index:var(--z-index-desktop) !important}@media (max-width: 976px){.uag-blocks-common-selector{z-index:var(--z-index-tablet) !important}}@media (max-width: 767px){.uag-blocks-common-selector{z-index:var(--z-index-mobile) !important}}\n\";s:2:\"js\";s:0:\"\";s:18:\"current_block_list\";a:6:{i:0;s:14:\"core\/paragraph\";i:1;s:12:\"core\/heading\";i:2;s:10:\"core\/image\";i:3;s:9:\"core\/html\";i:4;s:12:\"core\/details\";i:5;s:14:\"core\/shortcode\";}s:8:\"uag_flag\";b:0;s:11:\"uag_version\";s:10:\"1777374828\";s:6:\"gfonts\";a:0:{}s:10:\"gfonts_url\";s:0:\"\";s:12:\"gfonts_files\";a:0:{}s:14:\"uag_faq_layout\";b:0;}"]},"uagb_featured_image_src":{"full":["https:\/\/www.bizneo.com\/blog\/wp-content\/uploads\/2020\/11\/fortalezas-y-debilidades-profesionales.jpg",1140,640,false],"thumbnail":["https:\/\/www.bizneo.com\/blog\/wp-content\/uploads\/2020\/11\/fortalezas-y-debilidades-profesionales-150x150.jpg",150,150,true],"medium":["https:\/\/www.bizneo.com\/blog\/wp-content\/uploads\/2020\/11\/fortalezas-y-debilidades-profesionales-300x168.jpg",300,168,true],"medium_large":["https:\/\/www.bizneo.com\/blog\/wp-content\/uploads\/2020\/11\/fortalezas-y-debilidades-profesionales-768x431.jpg",768,431,true],"large":["https:\/\/www.bizneo.com\/blog\/wp-content\/uploads\/2020\/11\/fortalezas-y-debilidades-profesionales-1024x575.jpg",1024,575,true],"1536x1536":["https:\/\/www.bizneo.com\/blog\/wp-content\/uploads\/2020\/11\/fortalezas-y-debilidades-profesionales.jpg",1140,640,false],"2048x2048":["https:\/\/www.bizneo.com\/blog\/wp-content\/uploads\/2020\/11\/fortalezas-y-debilidades-profesionales.jpg",1140,640,false]},"uagb_author_info":{"display_name":"Alberto","author_link":"https:\/\/www.bizneo.com\/blog\/author\/alberto_redactor\/"},"uagb_comment_info":0,"uagb_excerpt":"Un buen reclutador de personal tiene que saber identificar las fortalezas y debilidades profesionales de los candidatos. Aprende a definir estas caracter\u00edsticas para optimizar los procesos de selecci\u00f3n y diferenciar a los mejores aspirantes a un puesto de trabajo.","_links":{"self":[{"href":"https:\/\/www.bizneo.com\/blog\/wp-json\/wp\/v2\/posts\/17838","targetHints":{"allow":["GET"]}}],"collection":[{"href":"https:\/\/www.bizneo.com\/blog\/wp-json\/wp\/v2\/posts"}],"about":[{"href":"https:\/\/www.bizneo.com\/blog\/wp-json\/wp\/v2\/types\/post"}],"author":[{"embeddable":true,"href":"https:\/\/www.bizneo.com\/blog\/wp-json\/wp\/v2\/users\/14"}],"replies":[{"embeddable":true,"href":"https:\/\/www.bizneo.com\/blog\/wp-json\/wp\/v2\/comments?post=17838"}],"version-history":[{"count":33,"href":"https:\/\/www.bizneo.com\/blog\/wp-json\/wp\/v2\/posts\/17838\/revisions"}],"predecessor-version":[{"id":59507,"href":"https:\/\/www.bizneo.com\/blog\/wp-json\/wp\/v2\/posts\/17838\/revisions\/59507"}],"wp:featuredmedia":[{"embeddable":true,"href":"https:\/\/www.bizneo.com\/blog\/wp-json\/wp\/v2\/media\/17840"}],"wp:attachment":[{"href":"https:\/\/www.bizneo.com\/blog\/wp-json\/wp\/v2\/media?parent=17838"}],"wp:term":[{"taxonomy":"category","embeddable":true,"href":"https:\/\/www.bizneo.com\/blog\/wp-json\/wp\/v2\/categories?post=17838"},{"taxonomy":"post_tag","embeddable":true,"href":"https:\/\/www.bizneo.com\/blog\/wp-json\/wp\/v2\/tags?post=17838"}],"curies":[{"name":"wp","href":"https:\/\/api.w.org\/{rel}","templated":true}]}}