{"id":16832,"date":"2020-10-09T08:00:00","date_gmt":"2020-10-09T07:00:00","guid":{"rendered":"https:\/\/www.bizneo.com\/blog\/?p=16832"},"modified":"2026-02-01T19:07:05","modified_gmt":"2026-02-01T18:07:05","slug":"gestion-de-equipos","status":"publish","type":"post","link":"https:\/\/www.bizneo.com\/blog\/gestion-de-equipos\/","title":{"rendered":"Gesti\u00f3n de equipos de trabajo: consejos y t\u00e9cnicas de gesti\u00f3n"},"content":{"rendered":"\n<p>El principal valor de las organizaciones son las personas: ellas crean las empresas, dan forma a sus estrategias, ejecutan sus proyectos y solucionan sus problemas. La gesti\u00f3n de equipos de trabajo cobra, as\u00ed, mucho sentido, puesto que <strong>una adecuada interconexi\u00f3n entre los empleados y m\u00e1nagers<\/strong> influir\u00e1 positivamente en el \u00e9xito de la organizaci\u00f3n.<\/p>\n\n\n\n<p>La gesti\u00f3n de equipos es una gesti\u00f3n mixta de personas y recursos bajo el prisma de la empresa. El objetivo \u00faltimo no es otro que <strong>promover el m\u00e1ximo <a href=\"\/blog\/rendimiento-laboral\/\" target=\"_blank\" rel=\"noreferrer noopener\" data-wpel-link=\"internal\">rendimiento<\/a> de quienes conforman dichos equipos<\/strong> sin descuidar el factor humano.<\/p>\n\n\n\n<h2 class=\"wp-block-heading\">C\u00f3mo gestionar equipos de trabajo<\/h2>\n\n\n\n<p>Los miembros de los <a href=\"\/blog\/formacion-de-equipos\/\" target=\"_blank\" rel=\"noreferrer noopener\" data-wpel-link=\"internal\">equipos de trabajo<\/a> no son aut\u00f3matas, sino perfiles mixtos (humanos y profesionales) \u00fanicos y heterog\u00e9neos a la vez. Por ello, las t\u00e9cnicas de gesti\u00f3n de equipos de trabajo <strong>no deben limitarse a datos sobre la productividad<\/strong>. Cabe tener en cuenta variables m\u00e1s complejas. <\/p>\n\n\n\n<p><strong>Atracci\u00f3n, reclutamiento y selecci\u00f3n, onboarding, desarrollo, retenci\u00f3n, salida y employer branding.<\/strong>.. cada fase es igual de importante para el devenir de un profesional en la empresa y, en consecuencia, para la productividad y rentabilidad de la misma. <strong>En nuestra gu\u00eda<\/strong> <strong>te ense\u00f1amos a aprovechar la tecnolog\u00eda para impulsar el rendimiento de tu plantilla<\/strong> y cuidar al m\u00e1ximo cada fase.&nbsp;<\/p>\n\n\n\n<figure class=\"wp-block-image size-large\"><a href=\"https:\/\/hello.bizneo.com\/estrategias-ciclo-vida-empleado\/?utm_content=post-banner-medio\" target=\"_blank\" rel=\"noopener noreferrer\" data-wpel-link=\"internal\"><img decoding=\"async\" width=\"1360\" height=\"204\" src=\"https:\/\/www.bizneo.com\/blog\/wp-content\/uploads\/2021\/05\/banner-ciclo-vida-empleado.jpg\" alt=\"Gu\u00eda ciclo de vida del empleado\" class=\"wp-image-21997\" srcset=\"https:\/\/www.bizneo.com\/blog\/wp-content\/uploads\/2021\/05\/banner-ciclo-vida-empleado.jpg 1360w, https:\/\/www.bizneo.com\/blog\/wp-content\/uploads\/2021\/05\/banner-ciclo-vida-empleado-300x45.jpg 300w, https:\/\/www.bizneo.com\/blog\/wp-content\/uploads\/2021\/05\/banner-ciclo-vida-empleado-1024x154.jpg 1024w, https:\/\/www.bizneo.com\/blog\/wp-content\/uploads\/2021\/05\/banner-ciclo-vida-empleado-768x115.jpg 768w, https:\/\/www.bizneo.com\/blog\/wp-content\/uploads\/2021\/05\/banner-ciclo-vida-empleado-810x122.jpg 810w, https:\/\/www.bizneo.com\/blog\/wp-content\/uploads\/2021\/05\/banner-ciclo-vida-empleado-1140x171.jpg 1140w\" sizes=\"(max-width: 1360px) 100vw, 1360px\" \/><\/a><\/figure>\n\n\n\n<p>A continuaci\u00f3n, recopilamos cinco puntos clave sobre c\u00f3mo gestionar equipos de trabajo.<\/p>\n\n\n\n<h3 class=\"wp-block-heading\">Conocimiento para la gesti\u00f3n de equipos<\/h3>\n\n\n\n<p>Para construir un equipo equilibrado es imprescindible que las diferencias se compensen y los puntos fuertes se sumen. El l\u00edder del equipo deber\u00e1 <strong>ayudar a cada miembro a que descubra sus puntos d\u00e9biles<\/strong>, que los asuma y los ponga en com\u00fan con el resto del equipo, con el objetivo de ayudarse mutuamente, y hacerlo de igual modo con las capacidades destacadas de cada integrante.<\/p>\n\n\n\n<bzn-down><a href=\"https:\/\/hello.bizneo.com\/plantilla\/indicadores-recursos-humanos\/?utm_content=post-destacado\" id=\"destacado-wc-descarga\" target=\"_blank\" rel=\"noopener noreferrer\" data-wpel-link=\"internal\"><span class=\"bzn-info-title\"><strong>+100 INDICADORES DE GESTI\u00d3N PARA IMPULSAR TU NEGOCIO<\/strong> <\/span><br>KPI\u2019s para Recursos Humanos: tipos y ejemplos<\/a><br><\/bzn-down>\n\n\n\n<p><\/p>\n\n\n\n<p>Tambi\u00e9n resulta de gran importancia conocer la estructura organizacional de la empresa, a fin de evitar solapamientos en la asignaci\u00f3n de tareas y conocer las relaciones entre los diferentes departamentos. Un <a href=\"\/blog\/organigrama-de-una-empresa\/\" target=\"_blank\" rel=\"noreferrer noopener\" data-wpel-link=\"internal\">organigrama empresarial<\/a> ayuda a <strong>dimensionar la organizaci\u00f3n de manera sencilla y altamente visual<\/strong>.<\/p>\n\n\n\n<figure class=\"wp-block-image size-full\"><a href=\"\/organigrama\/\" target=\"_blank\" rel=\"noreferrer noopener\" data-wpel-link=\"internal\"><img decoding=\"async\" width=\"1500\" height=\"1006\" src=\"https:\/\/www.bizneo.com\/blog\/wp-content\/uploads\/2020\/11\/Software-Organigrama-empresa.webp\" alt=\"Organigramas para empresas\" class=\"wp-image-17962\" srcset=\"https:\/\/www.bizneo.com\/blog\/wp-content\/uploads\/2020\/11\/Software-Organigrama-empresa.webp 1500w, https:\/\/www.bizneo.com\/blog\/wp-content\/uploads\/2020\/11\/Software-Organigrama-empresa-300x201.webp 300w, https:\/\/www.bizneo.com\/blog\/wp-content\/uploads\/2020\/11\/Software-Organigrama-empresa-1024x687.webp 1024w, https:\/\/www.bizneo.com\/blog\/wp-content\/uploads\/2020\/11\/Software-Organigrama-empresa-768x515.webp 768w, https:\/\/www.bizneo.com\/blog\/wp-content\/uploads\/2020\/11\/Software-Organigrama-empresa-810x543.webp 810w, https:\/\/www.bizneo.com\/blog\/wp-content\/uploads\/2020\/11\/Software-Organigrama-empresa-1140x765.webp 1140w\" sizes=\"(max-width: 1500px) 100vw, 1500px\" \/><\/a><\/figure>\n\n\n\n<h3 class=\"wp-block-heading\">Actitud<\/h3>\n\n\n\n<p>Es vital que el grupo mantenga una <strong>actitud favorable frente a la <a href=\"\/blog\/diversidad-en-el-trabajo\/\" target=\"_blank\" rel=\"noreferrer noopener\" data-wpel-link=\"internal\">diversidad<\/a><\/strong>. El conocimiento de las virtudes y los defectos de cada miembro no deber\u00eda dar paso a juicios de valor, etiquetas gen\u00e9ricas o prejuicios, porque de esta forma los miembros del equipo podr\u00edan esconder sus caracter\u00edsticas por la presi\u00f3n colectiva, privando al grupo de sus potenciales habilidades u ocultando sus carencias. <\/p>\n\n\n\n<p>El responsable del equipo deber\u00eda ser constante en sus llamamientos a la inclusividad para <strong>preservar la motivaci\u00f3n y la satisfacci\u00f3n de cada miembro del equipo<\/strong>.<\/p>\n\n\n\n<h3 class=\"wp-block-heading\">Comunicaci\u00f3n: gesti\u00f3n de equipos<\/h3>\n\n\n\n<p>La consecuci\u00f3n de los <a href=\"\/blog\/evaluacion-de-objetivos\/\" target=\"_blank\" rel=\"noreferrer noopener\" data-wpel-link=\"internal\">objetivos<\/a> es la raz\u00f3n de ser de todo grupo de trabajo, y es tarea del responsable <strong>saber transmitir esta m\u00e1xima al equipo<\/strong>.  Evidentemente, sus integrantes han de conocer los procedimientos a seguir y la naturaleza de los trabajos a realizar. <\/p>\n\n\n\n<figure class=\"wp-block-image size-full size-large\"><a href=\"\/\/hello.bizneo.com\/evaluacion-del-desempeno-feedback\/?utm_content=post-banner\" target=\"_blank\" rel=\"noreferrer noopener\" data-wpel-link=\"internal\"><img decoding=\"async\" width=\"1360\" height=\"204\" src=\"https:\/\/www.bizneo.com\/blog\/wp-content\/uploads\/2021\/01\/banner-comunicar-desempeno.jpg\" alt=\"Co\u0301mo-comunicar-feedback-de-la-evaluacio\u0301n-del-desempen\u0303o\" class=\"wp-image-18887\" srcset=\"https:\/\/www.bizneo.com\/blog\/wp-content\/uploads\/2021\/01\/banner-comunicar-desempeno.jpg 1360w, https:\/\/www.bizneo.com\/blog\/wp-content\/uploads\/2021\/01\/banner-comunicar-desempeno-300x45.jpg 300w, https:\/\/www.bizneo.com\/blog\/wp-content\/uploads\/2021\/01\/banner-comunicar-desempeno-1024x154.jpg 1024w, https:\/\/www.bizneo.com\/blog\/wp-content\/uploads\/2021\/01\/banner-comunicar-desempeno-768x115.jpg 768w, https:\/\/www.bizneo.com\/blog\/wp-content\/uploads\/2021\/01\/banner-comunicar-desempeno-810x122.jpg 810w, https:\/\/www.bizneo.com\/blog\/wp-content\/uploads\/2021\/01\/banner-comunicar-desempeno-1140x171.jpg 1140w\" sizes=\"(max-width: 1360px) 100vw, 1360px\" \/><\/a><\/figure>\n\n\n\n<p>Ser\u00e1 muy positivo para el responsable <strong>conocer el grado de aptitud de cada miembro<\/strong> para las funciones que ha de realizar, y utilizar los recursos a su alcance para orientarle y as\u00ed contribuir a su refuerzo y puesta a punto.<\/p>\n\n\n\n<h3 class=\"wp-block-heading\">Decisi\u00f3n<\/h3>\n\n\n\n<p>Los vaivenes diarios ocasionan muchas situaciones dif\u00edciles, cuyas soluciones tampoco ser\u00e1n evidentes o sencillas, y cuyas consecuencias podr\u00edan no agradar a todos: puede que haya que <strong>saltarse alg\u00fan procedimiento o actuar con rapidez<\/strong> para resolver ciertos problemas. Esto le puede pasar tanto al responsable como a los miembros del grupo.<\/p>\n\n\n\n<p>En ocasiones, el responsable del equipo puede ser portador de malas noticias, as\u00ed que tendr\u00e1 que hacer gala de <a href=\"\/blog\/habilidades-profesionales\/\" target=\"_blank\" rel=\"noreferrer noopener\" data-wpel-link=\"internal\">habilidades profesionales<\/a> como asertividad, valent\u00eda y firmeza, as\u00ed como transmitirlas al resto del equipo. <\/p>\n\n\n\n<p>Esto podr\u00e1 <strong>dotarles de la capacidad necesaria para tomar decisiones dif\u00edciles<\/strong> con autonom\u00eda, y saber encajar y transmitir malas noticias tanto dentro como fuera del grupo de trabajo.<\/p>\n\n\n\n<p>Fomentar <strong>la empat\u00eda tambi\u00e9n jugar\u00e1 un papel fundamental<\/strong>, es decir, saber ponerse \u201cen la piel del otro\u201d e instar a que los dem\u00e1s tambi\u00e9n lo hagan.<\/p>\n\n\n\n<div id=\"cbox-1TJmWsNuV76yKXfe\"><\/div>\n\n\n\n<p><\/p>\n\n\n\n<h3 class=\"wp-block-heading\">Crecimiento | Gesti\u00f3n de equipos<\/h3>\n\n\n\n<p>Un perfil profesional es m\u00e1s que el desempe\u00f1o de un <a href=\"\/blog\/roles-en-un-grupo-de-trabajo\/\" target=\"_blank\" rel=\"noreferrer noopener\" data-wpel-link=\"internal\">rol<\/a> dentro de una organizaci\u00f3n o de un equipo: es una <strong>suma de trayectoria, competencias, experiencia y expectativas<\/strong>. <\/p>\n\n\n\n<p>Muchas organizaciones motivan a sus empleados ofreci\u00e9ndoles un<strong> <a href=\"\/blog\/plan-de-carrera\/\" target=\"_blank\" rel=\"noreferrer noopener\" data-wpel-link=\"internal\">plan de carrera <\/a><\/strong>orientado a mejorar sus habilidades. Esta<strong> actualizaci\u00f3n y formaci\u00f3n de conocimientos y destrezas<\/strong> abrir\u00e1 a los trabajadores nuevas perspectivas para su futuro en la compa\u00f1\u00eda (o fuera de ella), y la empresa saldr\u00e1 beneficiada porque contar\u00e1 con un <strong>activo revalorizado en sus filas.<\/strong><\/p>\n\n\n\n<figure class=\"wp-block-image size-full size-large is-resized\"><a href=\"\/gestion-formacion\/\" target=\"_blank\" rel=\"noreferrer noopener\" data-wpel-link=\"internal\"><img decoding=\"async\" width=\"1360\" height=\"204\" src=\"https:\/\/www.bizneo.com\/blog\/wp-content\/uploads\/2021\/04\/banner-medio-formacion.jpg\" alt=\"gesti\u00f3n de formaci\u00f3n\" class=\"wp-image-21149\" srcset=\"https:\/\/www.bizneo.com\/blog\/wp-content\/uploads\/2021\/04\/banner-medio-formacion.jpg 1360w, https:\/\/www.bizneo.com\/blog\/wp-content\/uploads\/2021\/04\/banner-medio-formacion-300x45.jpg 300w, https:\/\/www.bizneo.com\/blog\/wp-content\/uploads\/2021\/04\/banner-medio-formacion-1024x154.jpg 1024w, https:\/\/www.bizneo.com\/blog\/wp-content\/uploads\/2021\/04\/banner-medio-formacion-768x115.jpg 768w, https:\/\/www.bizneo.com\/blog\/wp-content\/uploads\/2021\/04\/banner-medio-formacion-810x122.jpg 810w, https:\/\/www.bizneo.com\/blog\/wp-content\/uploads\/2021\/04\/banner-medio-formacion-1140x171.jpg 1140w\" sizes=\"(max-width: 1360px) 100vw, 1360px\" \/><\/a><\/figure>\n\n\n\n<p>El <a href=\"\/evaluacion-del-desempeno\/\" target=\"_blank\" rel=\"noreferrer noopener\" data-wpel-link=\"internal\">software de evaluaci\u00f3n del desempe\u00f1o<\/a> es una herramienta muy \u00fatil para desarrollar planes de carrera, puesto que permite a los m\u00e1nagers medir con mayor exactitud el rendimiento de la plantilla; y, a su vez, <strong>conocer los puntos fuertes a valorar y las debilidades a formar. <\/strong><\/p>\n\n\n\n<figure class=\"wp-block-image size-full\"><a href=\"\/evaluacion-del-desempeno\/\" target=\"_blank\" rel=\"noreferrer noopener\" data-wpel-link=\"internal\"><img decoding=\"async\" width=\"1500\" height=\"1147\" src=\"https:\/\/www.bizneo.com\/blog\/wp-content\/uploads\/2020\/09\/Evaluacion-de-talento-de-los-trabajadores.webp\" alt=\"Habilidades Evaluaci\u00f3n del Desempen\u0303o\" class=\"wp-image-16548\" srcset=\"https:\/\/www.bizneo.com\/blog\/wp-content\/uploads\/2020\/09\/Evaluacion-de-talento-de-los-trabajadores.webp 1500w, https:\/\/www.bizneo.com\/blog\/wp-content\/uploads\/2020\/09\/Evaluacion-de-talento-de-los-trabajadores-300x229.webp 300w, https:\/\/www.bizneo.com\/blog\/wp-content\/uploads\/2020\/09\/Evaluacion-de-talento-de-los-trabajadores-1024x783.webp 1024w, https:\/\/www.bizneo.com\/blog\/wp-content\/uploads\/2020\/09\/Evaluacion-de-talento-de-los-trabajadores-768x587.webp 768w, https:\/\/www.bizneo.com\/blog\/wp-content\/uploads\/2020\/09\/Evaluacion-de-talento-de-los-trabajadores-810x619.webp 810w, https:\/\/www.bizneo.com\/blog\/wp-content\/uploads\/2020\/09\/Evaluacion-de-talento-de-los-trabajadores-1140x872.webp 1140w\" sizes=\"(max-width: 1500px) 100vw, 1500px\" \/><\/a><\/figure>\n\n\n\n<bzn-info><a href=\"\/blog\/modelo-de-evaluacion-del-desempeno\/\" id=\"destacado-post\" target=\"_blank\" rel=\"noopener noreferrer\" data-wpel-link=\"internal\"><span class=\"bzn-info-title\"><strong>TODO sobre la Evaluaci\u00f3n del Desempe\u00f1o <\/strong><\/span><br>Descubre c\u00f3mo implantarla y cu\u00e1les son sus ventajas principales.<\/a><\/bzn-info>\n\n\n\n<p><\/p>\n\n\n\n<h2 class=\"wp-block-heading\">T\u00e9cnicas para gestionar un equipo<\/h2>\n\n\n\n<h3 class=\"wp-block-heading\">Liderar<\/h3>\n\n\n\n<p>Se trata de <strong>unificar los objetivos de las tareas para generar un beneficio colectivo e individual<\/strong>. Es la m\u00e1s obvia de las t\u00e9cnicas de <a href=\"\/blog\/caracteristicas-del-trabajo-en-equipo\/\" target=\"_blank\" rel=\"noreferrer noopener\" data-wpel-link=\"internal\">trabajo en equipo<\/a> que pueden poner en pr\u00e1ctica responsables y jefes, pero su obviedad la convierte en la m\u00e1s traicionera de todas. <strong>\u00bfPor qu\u00e9?<\/strong> Por las cualidades que ha de poseer el responsable del equipo, y que distinguir\u00e1n a un jefe de un l\u00edder:<\/p>\n\n\n\n<ul class=\"wp-block-list\">\n<li>Tener carisma para ejemplificar y transmitir los valores de la empresa.<\/li>\n\n\n\n<li>Incentivar al grupo a cumplir con los objetivos.<\/li>\n\n\n\n<li><a href=\"\/blog\/delegar-tareas\/\" target=\"_blank\" rel=\"noreferrer noopener\" data-wpel-link=\"internal\">Delegar tareas<\/a> y responsabilidades en el equipo.<\/li>\n\n\n\n<li>No mostrar ni fomentar favoritismos con los integrantes.<\/li>\n\n\n\n<li>Comprometerse con el equipo, remar junto a ellos.<\/li>\n\n\n\n<li>Comunicarse con su equipo con total transparencia.<\/li>\n<\/ul>\n\n\n\n<h3 class=\"wp-block-heading\">Motivar<\/h3>\n\n\n\n<p>La premisa de la motivaci\u00f3n es presuponer que las personas cuentan con habilidades (potenciales o en desarrollo) suficientes para realizar su trabajo, y se desea <strong>desbloquear los factores \u00abdesmotivantes\u00bb que puedan mermar su <\/strong><a href=\"\/blog\/como-evaluar-desempeno-laboral\/\" target=\"_blank\" rel=\"noreferrer noopener\" data-wpel-link=\"internal\"><strong>desempe\u00f1o<\/strong> <strong>laboral<\/strong><\/a>, como energ\u00eda mal encauzada, expectativas desviadas del objetivo, fatiga, o malestar laboral.<\/p>\n\n\n\n<p>La imposici\u00f3n y la obligaci\u00f3n pueden resultar tentadoras pero los da\u00f1os que ocasionan tanto en el trabajador como en la empresa le acaban restando eficacia. En su lugar, se trata de<strong> ejercitar el arte de aconsejar cercanamente a los miembros del equipo<\/strong>, y de recompensarles por su trabajo y sus sobreesfuerzos, tanto mediante un reconocimiento en honorarios como en <a href=\"\/blog\/salario-emocional\/\" target=\"_blank\" rel=\"noreferrer noopener\" data-wpel-link=\"internal\">salario emocional<\/a>.<\/p>\n\n\n\n<h3 class=\"wp-block-heading\">Cohesionar<\/h3>\n\n\n\n<p>Un buen l\u00edder sabr\u00e1 unir a su equipo entre s\u00ed y en torno a \u00e9l: las reuniones peri\u00f3dicas pueden ser muy \u00fatiles para dejar claros los objetivos del grupo, compartir las decisiones estrat\u00e9gicas y t\u00e1cticas, establecer los puntos donde se debe mejorar, y <strong>reconocer los m\u00e9ritos individuales y colectivos<\/strong>. <\/p>\n\n\n\n<p>No es conveniente que estos eventos tengan ni la intenci\u00f3n ni el aspecto de reuniones de control, dado que el resultado final podr\u00eda ser justo el opuesto al deseado. En l\u00edneas generales, la mayor\u00eda de <strong>los trabajadores son reacios a sentirse controlados o evaluados sistem\u00e1ticamente<\/strong>, mientras que responden mejor a observaciones positivas sobre su rendimiento.<\/p>\n\n\n\n<figure class=\"wp-block-image size-large\"><a href=\"\/encuestas\/\" data-wpel-link=\"internal\" target=\"_blank\"><img decoding=\"async\" width=\"1024\" height=\"651\" src=\"https:\/\/www.bizneo.com\/blog\/wp-content\/uploads\/2021\/05\/Dimensiones-de-encuestas-de-clima-laboral-1024x651.webp\" alt=\"Software de clima laboral preguntas\" class=\"wp-image-54331\" srcset=\"https:\/\/www.bizneo.com\/blog\/wp-content\/uploads\/2021\/05\/Dimensiones-de-encuestas-de-clima-laboral-1024x651.webp 1024w, https:\/\/www.bizneo.com\/blog\/wp-content\/uploads\/2021\/05\/Dimensiones-de-encuestas-de-clima-laboral-300x191.webp 300w, https:\/\/www.bizneo.com\/blog\/wp-content\/uploads\/2021\/05\/Dimensiones-de-encuestas-de-clima-laboral-768x488.webp 768w, https:\/\/www.bizneo.com\/blog\/wp-content\/uploads\/2021\/05\/Dimensiones-de-encuestas-de-clima-laboral-810x515.webp 810w, https:\/\/www.bizneo.com\/blog\/wp-content\/uploads\/2021\/05\/Dimensiones-de-encuestas-de-clima-laboral-1140x724.webp 1140w, https:\/\/www.bizneo.com\/blog\/wp-content\/uploads\/2021\/05\/Dimensiones-de-encuestas-de-clima-laboral.webp 1500w\" sizes=\"(max-width: 1024px) 100vw, 1024px\" \/><\/a><\/figure>\n\n\n\n<p>Para recabar informaci\u00f3n sobre los trabajadores sin que estos se sientan cohibidos o influenciados, puede utilizarse un <a href=\"\/encuestas\/\" target=\"_blank\" rel=\"noreferrer noopener\" data-wpel-link=\"internal\">software de encuestas a empleados<\/a>. Este programa contribuye, adem\u00e1s, a <strong>mejorar el clima laboral en la empresa<\/strong> al permitir a los managers anticiparse a los problemas.<\/p>\n\n\n\n<bzn-down><a href=\"https:\/\/hello.bizneo.com\/plantilla\/cuestionario-de-riesgos-psicosociales\/\" id=\"destacado-wc-descarga\" target=\"_blank\" rel=\"noopener noreferrer\" data-wpel-link=\"internal\"><span class=\"bzn-link-title\">MODELO DE ENCUESTA PARA MEDIR EL RIESGO PSICOSOCIAL EN TU EQUIPO<\/span>Descarga gratis 2 modelos con preguntas tipo para evaluar y gestionar<\/a><\/bzn-down>\n\n\n\n<p><\/p>\n\n\n\n<h2 class=\"wp-block-heading\">Din\u00e1micas que favorecen el trabajo en equipo<\/h2>\n\n\n\n<p>Es muy recomendable que el responsable del equipo proponga, de forma regular u ocasional, la realizaci\u00f3n de <a href=\"\/blog\/dinamicas-de-trabajo-en-equipo\/\" target=\"_blank\" rel=\"noreferrer noopener\" data-wpel-link=\"internal\">din\u00e1micas de grupo<\/a>, cuyo objetivo sea <strong>fomentar un buen clima entre los integrantes del equipo<\/strong> (incluido \u00e9l mismo).<\/p>\n\n\n\n<p>Dentro de dichas din\u00e1micas, que pueden encuadrarse dentro o fuera de las reuniones de seguimiento del grupo, deber\u00edan proponerse actividades destinadas a que los integrantes se conozcan mejor entre s\u00ed; que dispongan de un espacio para expresarse con libertad y sin miedo a represalias, <strong>que aporten ideas frente a posibles problemas<\/strong>;  y que, en \u00faltima instancia, pueda fomentarse la camarader\u00eda entre ellos.<\/p>\n\n\n\n<figure class=\"wp-block-image size-large\"><a href=\"\/\/hello.bizneo.com\/guia-pruebas-recursos-humanos\/?utm_content=post-banner\" target=\"_blank\" rel=\"noreferrer noopener\" data-wpel-link=\"internal\"><img decoding=\"async\" width=\"1360\" height=\"204\" src=\"https:\/\/www.bizneo.com\/blog\/wp-content\/uploads\/2021\/01\/banner-pruebas-rrhh.jpg\" alt=\"Pruebas de Recursos Humanos\" class=\"wp-image-18749\" srcset=\"https:\/\/www.bizneo.com\/blog\/wp-content\/uploads\/2021\/01\/banner-pruebas-rrhh.jpg 1360w, https:\/\/www.bizneo.com\/blog\/wp-content\/uploads\/2021\/01\/banner-pruebas-rrhh-300x45.jpg 300w, https:\/\/www.bizneo.com\/blog\/wp-content\/uploads\/2021\/01\/banner-pruebas-rrhh-1024x154.jpg 1024w, https:\/\/www.bizneo.com\/blog\/wp-content\/uploads\/2021\/01\/banner-pruebas-rrhh-768x115.jpg 768w, https:\/\/www.bizneo.com\/blog\/wp-content\/uploads\/2021\/01\/banner-pruebas-rrhh-810x122.jpg 810w, https:\/\/www.bizneo.com\/blog\/wp-content\/uploads\/2021\/01\/banner-pruebas-rrhh-1140x171.jpg 1140w\" sizes=\"(max-width: 1360px) 100vw, 1360px\" \/><\/a><\/figure>\n\n\n\n<p>En la constituci\u00f3n del equipo, y con cada nueva incorporaci\u00f3n, se puede empezar con una ronda de \u00abromper el hielo\u00bb; es decir, <strong>que cada miembro se presente al grupo<\/strong> y permita que sus compa\u00f1eros conozcan algunas pinceladas de su <a href=\"\/blog\/plan-de-carrera-profesional\/\" target=\"_blank\" rel=\"noreferrer noopener\" data-wpel-link=\"internal\">carrera profesional<\/a> o de sus habilidades personales. <\/p>\n\n\n\n<p>Con el tiempo, se pueden incorporar din\u00e1micas de brainstorming colectivo, en las que todos se tengan que enfrentar a la resoluci\u00f3n de un problema, y tengan que <strong>aportar soluciones seg\u00fan sus puntos de vista<\/strong> o roles dentro del grupo.<\/p>\n\n\n\n<p>Est\u00e1 claro que los beneficios de <strong>un grupo de trabajo bien liderado, responsable, cohesionado, motivado, resolutivo y aut\u00f3nomo<\/strong> pueden ser enormes para una organizaci\u00f3n. El refr\u00e1n castellano \u201cla uni\u00f3n hace la fuerza\u201d augura el \u00e9xito en las tareas encomendadas a un equipo con estas caracter\u00edsticas.<\/p>\n\n\n\n<figure class=\"wp-block-image\"><a href=\"https:\/\/hello.bizneo.com\/demo\/suite\/es\/?utm_content=post-banner-grande\" data-wpel-link=\"internal\" target=\"_blank\"><img decoding=\"async\" width=\"1360\" height=\"408\" src=\"https:\/\/www.bizneo.com\/blog\/wp-content\/uploads\/2024\/02\/Banner-grande-software-recursos-humanos.jpg\" alt=\"Software de Recursos Humanos\" class=\"wp-image-44700\" srcset=\"https:\/\/www.bizneo.com\/blog\/wp-content\/uploads\/2024\/02\/Banner-grande-software-recursos-humanos.jpg 1360w, https:\/\/www.bizneo.com\/blog\/wp-content\/uploads\/2024\/02\/Banner-grande-software-recursos-humanos-300x90.jpg 300w, https:\/\/www.bizneo.com\/blog\/wp-content\/uploads\/2024\/02\/Banner-grande-software-recursos-humanos-1024x307.jpg 1024w, https:\/\/www.bizneo.com\/blog\/wp-content\/uploads\/2024\/02\/Banner-grande-software-recursos-humanos-768x230.jpg 768w, https:\/\/www.bizneo.com\/blog\/wp-content\/uploads\/2024\/02\/Banner-grande-software-recursos-humanos-810x243.jpg 810w, https:\/\/www.bizneo.com\/blog\/wp-content\/uploads\/2024\/02\/Banner-grande-software-recursos-humanos-1140x342.jpg 1140w\" sizes=\"(max-width: 1360px) 100vw, 1360px\" \/><\/a><\/figure>\n","protected":false},"excerpt":{"rendered":"<p>La gesti\u00f3n de equipos es una de las responsabilidades de los l\u00edderes que m\u00e1s influyen en los resultados de la empresa.<\/p>\n","protected":false},"author":14,"featured_media":16860,"comment_status":"open","ping_status":"open","sticky":false,"template":"","format":"standard","meta":{"_uag_custom_page_level_css":"","site-sidebar-layout":"default","site-content-layout":"","ast-site-content-layout":"default","site-content-style":"default","site-sidebar-style":"default","ast-global-header-display":"","ast-banner-title-visibility":"","ast-main-header-display":"","ast-hfb-above-header-display":"","ast-hfb-below-header-display":"","ast-hfb-mobile-header-display":"","site-post-title":"","ast-breadcrumbs-content":"","ast-featured-img":"","footer-sml-layout":"","ast-disable-related-posts":"","theme-transparent-header-meta":"","adv-header-id-meta":"","stick-header-meta":"","header-above-stick-meta":"","header-main-stick-meta":"","header-below-stick-meta":"","astra-migrate-meta-layouts":"default","ast-page-background-enabled":"default","ast-page-background-meta":{"desktop":{"background-color":"var(--ast-global-color-5)","background-image":"","background-repeat":"repeat","background-position":"center center","background-size":"auto","background-attachment":"scroll","background-type":"","background-media":"","overlay-type":"","overlay-color":"","overlay-opacity":"","overlay-gradient":""},"tablet":{"background-color":"","background-image":"","background-repeat":"repeat","background-position":"center center","background-size":"auto","background-attachment":"scroll","background-type":"","background-media":"","overlay-type":"","overlay-color":"","overlay-opacity":"","overlay-gradient":""},"mobile":{"background-color":"","background-image":"","background-repeat":"repeat","background-position":"center center","background-size":"auto","background-attachment":"scroll","background-type":"","background-media":"","overlay-type":"","overlay-color":"","overlay-opacity":"","overlay-gradient":""}},"ast-content-background-meta":{"desktop":{"background-color":"var(--ast-global-color-4)","background-image":"","background-repeat":"repeat","background-position":"center center","background-size":"auto","background-attachment":"scroll","background-type":"","background-media":"","overlay-type":"","overlay-color":"","overlay-opacity":"","overlay-gradient":""},"tablet":{"background-color":"var(--ast-global-color-4)","background-image":"","background-repeat":"repeat","background-position":"center center","background-size":"auto","background-attachment":"scroll","background-type":"","background-media":"","overlay-type":"","overlay-color":"","overlay-opacity":"","overlay-gradient":""},"mobile":{"background-color":"var(--ast-global-color-4)","background-image":"","background-repeat":"repeat","background-position":"center center","background-size":"auto","background-attachment":"scroll","background-type":"","background-media":"","overlay-type":"","overlay-color":"","overlay-opacity":"","overlay-gradient":""}},"footnotes":""},"categories":[93],"tags":[49],"class_list":["post-16832","post","type-post","status-publish","format-standard","has-post-thumbnail","hentry","category-gestion-de-personal","tag-gestion-de-personas"],"yoast_head":"<!-- This site is optimized with the Yoast SEO plugin v27.4 - https:\/\/yoast.com\/product\/yoast-seo-wordpress\/ -->\n<title>Gesti\u00f3n de Equipos de Trabajo | Consejos y T\u00e9cnicas<\/title>\n<meta name=\"description\" content=\"La gesti\u00f3n de equipos de trabajo organiza la plantilla y los recursos bajo el prisma de la empresa. \u00bfSu objetivo? Garantizar los resultados.\" \/>\n<meta name=\"robots\" content=\"index, follow, max-snippet:-1, max-image-preview:large, max-video-preview:-1\" \/>\n<meta property=\"og:locale\" content=\"es_ES\" \/>\n<meta property=\"og:type\" content=\"article\" \/>\n<meta property=\"og:title\" content=\"Gesti\u00f3n de Equipos de Trabajo | Consejos y T\u00e9cnicas\" \/>\n<meta property=\"og:description\" content=\"La gesti\u00f3n de equipos de trabajo organiza la plantilla y los recursos bajo el prisma de la empresa. \u00bfSu objetivo? Garantizar los resultados.\" \/>\n<meta property=\"og:url\" content=\"https:\/\/www.bizneo.com\/blog\/gestion-de-equipos\/\" \/>\n<meta property=\"og:site_name\" content=\"Blog de Recursos Humanos de Bizneo HR: pr\u00e1ctico y actual\" \/>\n<meta property=\"article:published_time\" content=\"2020-10-09T07:00:00+00:00\" \/>\n<meta property=\"article:modified_time\" content=\"2026-02-01T18:07:05+00:00\" \/>\n<meta property=\"og:image\" content=\"https:\/\/www.bizneo.com\/blog\/wp-content\/uploads\/2020\/10\/Gestion-de-equipos-de-trabajo.jpg\" \/>\n\t<meta property=\"og:image:width\" content=\"1140\" \/>\n\t<meta property=\"og:image:height\" content=\"640\" \/>\n\t<meta property=\"og:image:type\" content=\"image\/jpeg\" \/>\n<meta name=\"author\" content=\"Alberto\" \/>\n<meta name=\"twitter:card\" content=\"summary_large_image\" \/>\n<meta name=\"twitter:label1\" content=\"Escrito por\" \/>\n\t<meta name=\"twitter:data1\" content=\"Alberto\" \/>\n\t<meta name=\"twitter:label2\" content=\"Tiempo de lectura\" \/>\n\t<meta name=\"twitter:data2\" content=\"78 minutos\" \/>\n<script type=\"application\/ld+json\" class=\"yoast-schema-graph\">{\"@context\":\"https:\\\/\\\/schema.org\",\"@graph\":[{\"@type\":[\"Article\",\"BlogPosting\"],\"@id\":\"https:\\\/\\\/www.bizneo.com\\\/blog\\\/gestion-de-equipos\\\/#article\",\"isPartOf\":{\"@id\":\"https:\\\/\\\/www.bizneo.com\\\/blog\\\/gestion-de-equipos\\\/\"},\"author\":{\"name\":\"Alberto\",\"@id\":\"https:\\\/\\\/www.bizneo.com\\\/blog\\\/#\\\/schema\\\/person\\\/584866b39f66e5f0e785daab3a27dba3\"},\"headline\":\"Gesti\u00f3n de equipos de trabajo: consejos y t\u00e9cnicas de gesti\u00f3n\",\"datePublished\":\"2020-10-09T07:00:00+00:00\",\"dateModified\":\"2026-02-01T18:07:05+00:00\",\"mainEntityOfPage\":{\"@id\":\"https:\\\/\\\/www.bizneo.com\\\/blog\\\/gestion-de-equipos\\\/\"},\"wordCount\":1530,\"commentCount\":2,\"publisher\":{\"@id\":\"https:\\\/\\\/www.bizneo.com\\\/blog\\\/#organization\"},\"image\":{\"@id\":\"https:\\\/\\\/www.bizneo.com\\\/blog\\\/gestion-de-equipos\\\/#primaryimage\"},\"thumbnailUrl\":\"https:\\\/\\\/www.bizneo.com\\\/blog\\\/wp-content\\\/uploads\\\/2020\\\/10\\\/Gestion-de-equipos-de-trabajo.jpg\",\"keywords\":[\"Gesti\u00f3n de personas\"],\"articleSection\":[\"Gesti\u00f3n de Personal\"],\"inLanguage\":\"es\",\"potentialAction\":[{\"@type\":\"CommentAction\",\"name\":\"Comment\",\"target\":[\"https:\\\/\\\/www.bizneo.com\\\/blog\\\/gestion-de-equipos\\\/#respond\"]}]},{\"@type\":\"WebPage\",\"@id\":\"https:\\\/\\\/www.bizneo.com\\\/blog\\\/gestion-de-equipos\\\/\",\"url\":\"https:\\\/\\\/www.bizneo.com\\\/blog\\\/gestion-de-equipos\\\/\",\"name\":\"Gesti\u00f3n de Equipos de Trabajo | Consejos y T\u00e9cnicas\",\"isPartOf\":{\"@id\":\"https:\\\/\\\/www.bizneo.com\\\/blog\\\/#website\"},\"primaryImageOfPage\":{\"@id\":\"https:\\\/\\\/www.bizneo.com\\\/blog\\\/gestion-de-equipos\\\/#primaryimage\"},\"image\":{\"@id\":\"https:\\\/\\\/www.bizneo.com\\\/blog\\\/gestion-de-equipos\\\/#primaryimage\"},\"thumbnailUrl\":\"https:\\\/\\\/www.bizneo.com\\\/blog\\\/wp-content\\\/uploads\\\/2020\\\/10\\\/Gestion-de-equipos-de-trabajo.jpg\",\"datePublished\":\"2020-10-09T07:00:00+00:00\",\"dateModified\":\"2026-02-01T18:07:05+00:00\",\"description\":\"La gesti\u00f3n de equipos de trabajo organiza la plantilla y los recursos bajo el prisma de la empresa. \u00bfSu objetivo? Garantizar los resultados.\",\"breadcrumb\":{\"@id\":\"https:\\\/\\\/www.bizneo.com\\\/blog\\\/gestion-de-equipos\\\/#breadcrumb\"},\"inLanguage\":\"es\",\"potentialAction\":[{\"@type\":\"ReadAction\",\"target\":[\"https:\\\/\\\/www.bizneo.com\\\/blog\\\/gestion-de-equipos\\\/\"]}]},{\"@type\":\"ImageObject\",\"inLanguage\":\"es\",\"@id\":\"https:\\\/\\\/www.bizneo.com\\\/blog\\\/gestion-de-equipos\\\/#primaryimage\",\"url\":\"https:\\\/\\\/www.bizneo.com\\\/blog\\\/wp-content\\\/uploads\\\/2020\\\/10\\\/Gestion-de-equipos-de-trabajo.jpg\",\"contentUrl\":\"https:\\\/\\\/www.bizneo.com\\\/blog\\\/wp-content\\\/uploads\\\/2020\\\/10\\\/Gestion-de-equipos-de-trabajo.jpg\",\"width\":1140,\"height\":640,\"caption\":\"Gesti\u00f3n de equipos de trabajo\"},{\"@type\":\"BreadcrumbList\",\"@id\":\"https:\\\/\\\/www.bizneo.com\\\/blog\\\/gestion-de-equipos\\\/#breadcrumb\",\"itemListElement\":[{\"@type\":\"ListItem\",\"position\":1,\"name\":\"Portada\",\"item\":\"https:\\\/\\\/www.bizneo.com\\\/blog\\\/\"},{\"@type\":\"ListItem\",\"position\":2,\"name\":\"Gesti\u00f3n de Personal\",\"item\":\"https:\\\/\\\/www.bizneo.com\\\/blog\\\/category\\\/gestion-de-personal\\\/\"},{\"@type\":\"ListItem\",\"position\":3,\"name\":\"Gesti\u00f3n de equipos de trabajo: consejos y t\u00e9cnicas de gesti\u00f3n\"}]},{\"@type\":\"WebSite\",\"@id\":\"https:\\\/\\\/www.bizneo.com\\\/blog\\\/#website\",\"url\":\"https:\\\/\\\/www.bizneo.com\\\/blog\\\/\",\"name\":\"Blog de Recursos Humanos de Bizneo HR: pr\u00e1ctico y actual\",\"description\":\"Todo sobre actualidad, herramientas y tecnolog\u00eda  para optimizar la gesti\u00f3n del talento humano\",\"publisher\":{\"@id\":\"https:\\\/\\\/www.bizneo.com\\\/blog\\\/#organization\"},\"potentialAction\":[{\"@type\":\"SearchAction\",\"target\":{\"@type\":\"EntryPoint\",\"urlTemplate\":\"https:\\\/\\\/www.bizneo.com\\\/blog\\\/?s={search_term_string}\"},\"query-input\":{\"@type\":\"PropertyValueSpecification\",\"valueRequired\":true,\"valueName\":\"search_term_string\"}}],\"inLanguage\":\"es\"},{\"@type\":\"Organization\",\"@id\":\"https:\\\/\\\/www.bizneo.com\\\/blog\\\/#organization\",\"name\":\"Bizneo HR\",\"url\":\"https:\\\/\\\/www.bizneo.com\\\/blog\\\/\",\"logo\":{\"@type\":\"ImageObject\",\"inLanguage\":\"es\",\"@id\":\"https:\\\/\\\/www.bizneo.com\\\/blog\\\/#\\\/schema\\\/logo\\\/image\\\/\",\"url\":\"https:\\\/\\\/www.bizneo.com\\\/blog\\\/wp-content\\\/uploads\\\/2020\\\/09\\\/Icono-Logo-Bizneo-HR.png\",\"contentUrl\":\"https:\\\/\\\/www.bizneo.com\\\/blog\\\/wp-content\\\/uploads\\\/2020\\\/09\\\/Icono-Logo-Bizneo-HR.png\",\"width\":834,\"height\":834,\"caption\":\"Bizneo HR\"},\"image\":{\"@id\":\"https:\\\/\\\/www.bizneo.com\\\/blog\\\/#\\\/schema\\\/logo\\\/image\\\/\"}},{\"@type\":\"Person\",\"@id\":\"https:\\\/\\\/www.bizneo.com\\\/blog\\\/#\\\/schema\\\/person\\\/584866b39f66e5f0e785daab3a27dba3\",\"name\":\"Alberto\",\"image\":{\"@type\":\"ImageObject\",\"inLanguage\":\"es\",\"@id\":\"https:\\\/\\\/secure.gravatar.com\\\/avatar\\\/8d82a346ba2132a42e4f46ed815f763bf863736882da998f483348d94489a4cb?s=96&d=mm&r=g\",\"url\":\"https:\\\/\\\/secure.gravatar.com\\\/avatar\\\/8d82a346ba2132a42e4f46ed815f763bf863736882da998f483348d94489a4cb?s=96&d=mm&r=g\",\"contentUrl\":\"https:\\\/\\\/secure.gravatar.com\\\/avatar\\\/8d82a346ba2132a42e4f46ed815f763bf863736882da998f483348d94489a4cb?s=96&d=mm&r=g\",\"caption\":\"Alberto\"},\"url\":\"https:\\\/\\\/www.bizneo.com\\\/blog\\\/author\\\/alberto_redactor\\\/\"}]}<\/script>\n<!-- \/ Yoast SEO plugin. -->","yoast_head_json":{"title":"Gesti\u00f3n de Equipos de Trabajo | Consejos y T\u00e9cnicas","description":"La gesti\u00f3n de equipos de trabajo organiza la plantilla y los recursos bajo el prisma de la empresa. \u00bfSu objetivo? Garantizar los resultados.","robots":{"index":"index","follow":"follow","max-snippet":"max-snippet:-1","max-image-preview":"max-image-preview:large","max-video-preview":"max-video-preview:-1"},"og_locale":"es_ES","og_type":"article","og_title":"Gesti\u00f3n de Equipos de Trabajo | Consejos y T\u00e9cnicas","og_description":"La gesti\u00f3n de equipos de trabajo organiza la plantilla y los recursos bajo el prisma de la empresa. \u00bfSu objetivo? Garantizar los resultados.","og_url":"https:\/\/www.bizneo.com\/blog\/gestion-de-equipos\/","og_site_name":"Blog de Recursos Humanos de Bizneo HR: pr\u00e1ctico y actual","article_published_time":"2020-10-09T07:00:00+00:00","article_modified_time":"2026-02-01T18:07:05+00:00","og_image":[{"width":1140,"height":640,"url":"https:\/\/www.bizneo.com\/blog\/wp-content\/uploads\/2020\/10\/Gestion-de-equipos-de-trabajo.jpg","type":"image\/jpeg"}],"author":"Alberto","twitter_card":"summary_large_image","twitter_misc":{"Escrito por":"Alberto","Tiempo de lectura":"78 minutos"},"schema":{"@context":"https:\/\/schema.org","@graph":[{"@type":["Article","BlogPosting"],"@id":"https:\/\/www.bizneo.com\/blog\/gestion-de-equipos\/#article","isPartOf":{"@id":"https:\/\/www.bizneo.com\/blog\/gestion-de-equipos\/"},"author":{"name":"Alberto","@id":"https:\/\/www.bizneo.com\/blog\/#\/schema\/person\/584866b39f66e5f0e785daab3a27dba3"},"headline":"Gesti\u00f3n de equipos de trabajo: consejos y t\u00e9cnicas de gesti\u00f3n","datePublished":"2020-10-09T07:00:00+00:00","dateModified":"2026-02-01T18:07:05+00:00","mainEntityOfPage":{"@id":"https:\/\/www.bizneo.com\/blog\/gestion-de-equipos\/"},"wordCount":1530,"commentCount":2,"publisher":{"@id":"https:\/\/www.bizneo.com\/blog\/#organization"},"image":{"@id":"https:\/\/www.bizneo.com\/blog\/gestion-de-equipos\/#primaryimage"},"thumbnailUrl":"https:\/\/www.bizneo.com\/blog\/wp-content\/uploads\/2020\/10\/Gestion-de-equipos-de-trabajo.jpg","keywords":["Gesti\u00f3n de personas"],"articleSection":["Gesti\u00f3n de Personal"],"inLanguage":"es","potentialAction":[{"@type":"CommentAction","name":"Comment","target":["https:\/\/www.bizneo.com\/blog\/gestion-de-equipos\/#respond"]}]},{"@type":"WebPage","@id":"https:\/\/www.bizneo.com\/blog\/gestion-de-equipos\/","url":"https:\/\/www.bizneo.com\/blog\/gestion-de-equipos\/","name":"Gesti\u00f3n de Equipos de Trabajo | Consejos y T\u00e9cnicas","isPartOf":{"@id":"https:\/\/www.bizneo.com\/blog\/#website"},"primaryImageOfPage":{"@id":"https:\/\/www.bizneo.com\/blog\/gestion-de-equipos\/#primaryimage"},"image":{"@id":"https:\/\/www.bizneo.com\/blog\/gestion-de-equipos\/#primaryimage"},"thumbnailUrl":"https:\/\/www.bizneo.com\/blog\/wp-content\/uploads\/2020\/10\/Gestion-de-equipos-de-trabajo.jpg","datePublished":"2020-10-09T07:00:00+00:00","dateModified":"2026-02-01T18:07:05+00:00","description":"La gesti\u00f3n de equipos de trabajo organiza la plantilla y los recursos bajo el prisma de la empresa. \u00bfSu objetivo? Garantizar los resultados.","breadcrumb":{"@id":"https:\/\/www.bizneo.com\/blog\/gestion-de-equipos\/#breadcrumb"},"inLanguage":"es","potentialAction":[{"@type":"ReadAction","target":["https:\/\/www.bizneo.com\/blog\/gestion-de-equipos\/"]}]},{"@type":"ImageObject","inLanguage":"es","@id":"https:\/\/www.bizneo.com\/blog\/gestion-de-equipos\/#primaryimage","url":"https:\/\/www.bizneo.com\/blog\/wp-content\/uploads\/2020\/10\/Gestion-de-equipos-de-trabajo.jpg","contentUrl":"https:\/\/www.bizneo.com\/blog\/wp-content\/uploads\/2020\/10\/Gestion-de-equipos-de-trabajo.jpg","width":1140,"height":640,"caption":"Gesti\u00f3n de equipos de trabajo"},{"@type":"BreadcrumbList","@id":"https:\/\/www.bizneo.com\/blog\/gestion-de-equipos\/#breadcrumb","itemListElement":[{"@type":"ListItem","position":1,"name":"Portada","item":"https:\/\/www.bizneo.com\/blog\/"},{"@type":"ListItem","position":2,"name":"Gesti\u00f3n de Personal","item":"https:\/\/www.bizneo.com\/blog\/category\/gestion-de-personal\/"},{"@type":"ListItem","position":3,"name":"Gesti\u00f3n de equipos de trabajo: consejos y t\u00e9cnicas de gesti\u00f3n"}]},{"@type":"WebSite","@id":"https:\/\/www.bizneo.com\/blog\/#website","url":"https:\/\/www.bizneo.com\/blog\/","name":"Blog de Recursos Humanos de Bizneo HR: pr\u00e1ctico y actual","description":"Todo sobre actualidad, herramientas y tecnolog\u00eda  para optimizar la gesti\u00f3n del talento humano","publisher":{"@id":"https:\/\/www.bizneo.com\/blog\/#organization"},"potentialAction":[{"@type":"SearchAction","target":{"@type":"EntryPoint","urlTemplate":"https:\/\/www.bizneo.com\/blog\/?s={search_term_string}"},"query-input":{"@type":"PropertyValueSpecification","valueRequired":true,"valueName":"search_term_string"}}],"inLanguage":"es"},{"@type":"Organization","@id":"https:\/\/www.bizneo.com\/blog\/#organization","name":"Bizneo HR","url":"https:\/\/www.bizneo.com\/blog\/","logo":{"@type":"ImageObject","inLanguage":"es","@id":"https:\/\/www.bizneo.com\/blog\/#\/schema\/logo\/image\/","url":"https:\/\/www.bizneo.com\/blog\/wp-content\/uploads\/2020\/09\/Icono-Logo-Bizneo-HR.png","contentUrl":"https:\/\/www.bizneo.com\/blog\/wp-content\/uploads\/2020\/09\/Icono-Logo-Bizneo-HR.png","width":834,"height":834,"caption":"Bizneo HR"},"image":{"@id":"https:\/\/www.bizneo.com\/blog\/#\/schema\/logo\/image\/"}},{"@type":"Person","@id":"https:\/\/www.bizneo.com\/blog\/#\/schema\/person\/584866b39f66e5f0e785daab3a27dba3","name":"Alberto","image":{"@type":"ImageObject","inLanguage":"es","@id":"https:\/\/secure.gravatar.com\/avatar\/8d82a346ba2132a42e4f46ed815f763bf863736882da998f483348d94489a4cb?s=96&d=mm&r=g","url":"https:\/\/secure.gravatar.com\/avatar\/8d82a346ba2132a42e4f46ed815f763bf863736882da998f483348d94489a4cb?s=96&d=mm&r=g","contentUrl":"https:\/\/secure.gravatar.com\/avatar\/8d82a346ba2132a42e4f46ed815f763bf863736882da998f483348d94489a4cb?s=96&d=mm&r=g","caption":"Alberto"},"url":"https:\/\/www.bizneo.com\/blog\/author\/alberto_redactor\/"}]}},"spectra_custom_meta":{"_is_githuber_markdown":["1"],"_edit_lock":["1769969327:47"],"_edit_last":["47"],"_githuber_prismjs":[""],"_githuber_highlightjs":[""],"_is_githuber_sequence":[""],"_is_githuber_flow_chart":[""],"_is_githuber_mermaid":[""],"_is_githuber_katex":[""],"_is_githuber_mathjax":[""],"onesignal_meta_box_present":["1"],"onesignal_send_notification":[""],"_vce_meta":["a:4:{s:11:\"use_sidebar\";s:7:\"inherit\";s:7:\"sidebar\";s:7:\"inherit\";s:14:\"sticky_sidebar\";s:7:\"inherit\";s:6:\"layout\";s:7:\"inherit\";}"],"_is_githuber_markdown_enabled":["no"],"_yoast_wpseo_content_score":["60"],"_thumbnail_id":["16860"],"_yoast_wpseo_focuskw":["Gesti\u00f3n de equipos"],"_yoast_wpseo_title":["Gesti\u00f3n de Equipos de Trabajo | Consejos y T\u00e9cnicas"],"_yoast_wpseo_metadesc":["La gesti\u00f3n de equipos de trabajo organiza la plantilla y los recursos bajo el prisma de la empresa. \u00bfSu objetivo? Garantizar los resultados."],"_yoast_wpseo_linkdex":["86"],"response_body":["{\"id\":\"2c2d2fa6-f640-47c6-816c-089675318abc\",\"recipients\":8726,\"external_id\":\"b0ac6941-3972-00f7-b00e-22fd14bb1055\",\"warnings\":[\"You must configure iOS notifications in your OneSignal settings if you wish to send messages to iOS users.\",\"You must configure Android notifications in your OneSignal settings if you wish to send messages to Android users.\"]}"],"status":["200"],"recipients":["8726"],"_wp_old_slug":["gestion-de-equiposs"],"onesignal_modify_title_and_content":[""],"onesignal_notification_custom_heading":[null],"onesignal_notification_custom_content":[null],"_yoast_wpseo_estimated-reading-time-minutes":["78"],"Views":["24574"],"wp_review_type":["none"],"_yoast_wpseo_primary_category":["93"],"_at_widget":["1"],"wp_review_positive_count":["0"],"wp_review_negative_count":["0"],"wp_review_user_reviews":["0"],"wp_review_review_count":["0"],"_yoast_wpseo_wordproof_timestamp":[""],"_uag_css_file_name":["uag-css-16832.css"],"_uag_page_assets":["a:9:{s:3:\"css\";s:263:\".uag-blocks-common-selector{z-index:var(--z-index-desktop) !important}@media (max-width: 976px){.uag-blocks-common-selector{z-index:var(--z-index-tablet) !important}}@media (max-width: 767px){.uag-blocks-common-selector{z-index:var(--z-index-mobile) !important}}\n\";s:2:\"js\";s:0:\"\";s:18:\"current_block_list\";a:8:{i:0;s:14:\"core\/paragraph\";i:1;s:12:\"core\/heading\";i:2;s:10:\"core\/image\";i:3;s:9:\"core\/html\";i:4;s:9:\"core\/list\";i:5;s:14:\"core\/list-item\";i:6;s:12:\"core\/details\";i:7;s:14:\"core\/shortcode\";}s:8:\"uag_flag\";b:0;s:11:\"uag_version\";s:10:\"1777314230\";s:6:\"gfonts\";a:0:{}s:10:\"gfonts_url\";s:0:\"\";s:12:\"gfonts_files\";a:0:{}s:14:\"uag_faq_layout\";b:0;}"]},"uagb_featured_image_src":{"full":["https:\/\/www.bizneo.com\/blog\/wp-content\/uploads\/2020\/10\/Gestion-de-equipos-de-trabajo.jpg",1140,640,false],"thumbnail":["https:\/\/www.bizneo.com\/blog\/wp-content\/uploads\/2020\/10\/Gestion-de-equipos-de-trabajo-150x150.jpg",150,150,true],"medium":["https:\/\/www.bizneo.com\/blog\/wp-content\/uploads\/2020\/10\/Gestion-de-equipos-de-trabajo-300x168.jpg",300,168,true],"medium_large":["https:\/\/www.bizneo.com\/blog\/wp-content\/uploads\/2020\/10\/Gestion-de-equipos-de-trabajo-768x431.jpg",768,431,true],"large":["https:\/\/www.bizneo.com\/blog\/wp-content\/uploads\/2020\/10\/Gestion-de-equipos-de-trabajo-1024x575.jpg",1024,575,true],"1536x1536":["https:\/\/www.bizneo.com\/blog\/wp-content\/uploads\/2020\/10\/Gestion-de-equipos-de-trabajo.jpg",1140,640,false],"2048x2048":["https:\/\/www.bizneo.com\/blog\/wp-content\/uploads\/2020\/10\/Gestion-de-equipos-de-trabajo.jpg",1140,640,false]},"uagb_author_info":{"display_name":"Alberto","author_link":"https:\/\/www.bizneo.com\/blog\/author\/alberto_redactor\/"},"uagb_comment_info":3,"uagb_excerpt":"La gesti\u00f3n de equipos es una de las responsabilidades de los l\u00edderes que m\u00e1s influyen en los resultados de la empresa.","_links":{"self":[{"href":"https:\/\/www.bizneo.com\/blog\/wp-json\/wp\/v2\/posts\/16832","targetHints":{"allow":["GET"]}}],"collection":[{"href":"https:\/\/www.bizneo.com\/blog\/wp-json\/wp\/v2\/posts"}],"about":[{"href":"https:\/\/www.bizneo.com\/blog\/wp-json\/wp\/v2\/types\/post"}],"author":[{"embeddable":true,"href":"https:\/\/www.bizneo.com\/blog\/wp-json\/wp\/v2\/users\/14"}],"replies":[{"embeddable":true,"href":"https:\/\/www.bizneo.com\/blog\/wp-json\/wp\/v2\/comments?post=16832"}],"version-history":[{"count":44,"href":"https:\/\/www.bizneo.com\/blog\/wp-json\/wp\/v2\/posts\/16832\/revisions"}],"predecessor-version":[{"id":59527,"href":"https:\/\/www.bizneo.com\/blog\/wp-json\/wp\/v2\/posts\/16832\/revisions\/59527"}],"wp:featuredmedia":[{"embeddable":true,"href":"https:\/\/www.bizneo.com\/blog\/wp-json\/wp\/v2\/media\/16860"}],"wp:attachment":[{"href":"https:\/\/www.bizneo.com\/blog\/wp-json\/wp\/v2\/media?parent=16832"}],"wp:term":[{"taxonomy":"category","embeddable":true,"href":"https:\/\/www.bizneo.com\/blog\/wp-json\/wp\/v2\/categories?post=16832"},{"taxonomy":"post_tag","embeddable":true,"href":"https:\/\/www.bizneo.com\/blog\/wp-json\/wp\/v2\/tags?post=16832"}],"curies":[{"name":"wp","href":"https:\/\/api.w.org\/{rel}","templated":true}]}}