{"id":16427,"date":"2020-09-25T12:49:00","date_gmt":"2020-09-25T11:49:00","guid":{"rendered":"https:\/\/www.bizneo.com\/blog\/?p=16427"},"modified":"2026-02-01T19:08:37","modified_gmt":"2026-02-01T18:08:37","slug":"gestion-del-tiempo","status":"publish","type":"post","link":"https:\/\/www.bizneo.com\/blog\/gestion-del-tiempo\/","title":{"rendered":"La gesti\u00f3n del tiempo y prioridades en la empresa"},"content":{"rendered":"\n<p>La adecuada <strong>gesti\u00f3n del tiempo <\/strong>y la sabia gesti\u00f3n de prioridades marca la diferencia entre las personas que logran el \u00e9xito y las que no, tanto a nivel laboral como personal.<\/p>\n\n\n\n<p>El tiempo es un recurso irrecuperable. Una vez que pasa no podemos dar marcha atr\u00e1s para restablecerlo, se va y no vuelve.&nbsp;Todos contamos con las mismas horas del d\u00eda, los mismos d\u00edas de la semana, las mismas semanas del mes y los mismos meses del a\u00f1o.&nbsp;<\/p>\n\n\n\n<p>Sin embargo, <strong>hay personas que son capaces de realizar una mejor gesti\u00f3n del tiempo<\/strong> y as\u00ed lograr sus objetivos con m\u00e1s eficacia.&nbsp;<\/p>\n\n\n\n<p>La administraci\u00f3n del tiempo repercute de forma muy positiva en aspectos tales como el <strong><a href=\"\/blog\/rendimiento-laboral\/\" target=\"_blank\" rel=\"noreferrer noopener\" data-wpel-link=\"internal\">rendimiento<\/a>, <\/strong>la<strong> <a href=\"\/blog\/productividad-en-el-trabajo\/\" target=\"_blank\" rel=\"noreferrer noopener\" data-wpel-link=\"internal\">productividad<\/a> <\/strong>o<strong> <\/strong>la<strong> <a href=\"\/blog\/5-claves-motivar-empleados\/\" target=\"_blank\" rel=\"noreferrer noopener\" data-wpel-link=\"internal\">motivaci\u00f3n<\/a>.<\/strong><\/p>\n\n\n\n<h2 class=\"wp-block-heading\">Definici\u00f3n de gesti\u00f3n del tiempo<\/h2>\n\n\n\n<p>La gesti\u00f3n del tiempo en el trabajo hace referencia a una <strong>completa organizaci\u00f3n y un adecuado reparto del tiempo<\/strong> de manera que se acometan las distintas tareas diarias con \u00e9xito.<\/p>\n\n\n\n<p><strong>Tratar de hacer todo en el menor tiempo posible no es administrar bien el tiempo. <\/strong>Muy al contrario, lo que se consigue es que las tareas se compliquen y la persona se sienta por ello agobiada y estresada.<\/p>\n\n\n\n<p>Organizar correctamente el trabajo y tener claros los objetivos para reconocer qu\u00e9 tareas contribuyen al logro de dichos objetivos, es clave para una mejor administraci\u00f3n del tiempo en las empresas.&nbsp;<\/p>\n\n\n\n<p>Pero determinar la importancia de las tareas y saber c\u00f3mo gestionarlas no siempre es f\u00e1cil.&nbsp;<\/p>\n\n\n\n<figure class=\"wp-block-image size-large\"><a href=\"https:\/\/hello.bizneo.com\/kit\/gestion-del-tiempo\/?utm_content=post-KIT-Tiempo\" data-wpel-link=\"internal\" target=\"_blank\"><img decoding=\"async\" width=\"1024\" height=\"307\" src=\"https:\/\/www.bizneo.com\/blog\/wp-content\/uploads\/2023\/03\/KIT-Tiempo-1-1024x307.png\" alt=\"Kit de Gesti\u00f3n del Tiempo\" class=\"wp-image-39178\" srcset=\"https:\/\/www.bizneo.com\/blog\/wp-content\/uploads\/2023\/03\/KIT-Tiempo-1-1024x307.png 1024w, https:\/\/www.bizneo.com\/blog\/wp-content\/uploads\/2023\/03\/KIT-Tiempo-1-300x90.png 300w, https:\/\/www.bizneo.com\/blog\/wp-content\/uploads\/2023\/03\/KIT-Tiempo-1-768x230.png 768w, https:\/\/www.bizneo.com\/blog\/wp-content\/uploads\/2023\/03\/KIT-Tiempo-1-810x243.png 810w, https:\/\/www.bizneo.com\/blog\/wp-content\/uploads\/2023\/03\/KIT-Tiempo-1-1140x342.png 1140w, https:\/\/www.bizneo.com\/blog\/wp-content\/uploads\/2023\/03\/KIT-Tiempo-1.png 1360w\" sizes=\"(max-width: 1024px) 100vw, 1024px\" \/><\/a><\/figure>\n\n\n\n<h2 class=\"wp-block-heading\">C\u00f3mo mejorar la gesti\u00f3n del tiempo en el trabajo<\/h2>\n\n\n\n<p>Para mejorar el <a href=\"https:\/\/www.bizneo.com\/blog\/control-de-tiempo-empresa\/\" data-wpel-link=\"internal\" target=\"_blank\">control de tiempo en las empresas<\/a>, conviene empezar primero por conocer la diferencia entre eficiencia y eficacia.<\/p>\n\n\n\n<ul class=\"wp-block-list\">\n<li>La <strong>eficiencia <\/strong>se define como la relaci\u00f3n existente entre los recursos que se emplean en la realizaci\u00f3n de una tarea y los logros que se consiguen.&nbsp;<\/li>\n\n\n\n<li>La <strong>eficacia <\/strong>hace referencia a la capacidad para lograr metas y objetivos independientemente de los recursos que se utilicen.&nbsp;<\/li>\n<\/ul>\n\n\n\n<p>Personalicemos los conceptos para entender mejor la eficiencia y eficacia en la gesti\u00f3n del tiempo: <\/p>\n\n\n\n<ul class=\"wp-block-list\">\n<li>Una persona es <strong>eficaz<\/strong> cuando consigue cumplir con el objetivo en el menor tiempo se\u00f1alado. <\/li>\n\n\n\n<li>Una persona es <strong>eficiente<\/strong> cuando alcanza la meta empleando el menor n\u00famero de recursos posibles.<\/li>\n<\/ul>\n\n\n\n<p>La soluci\u00f3n para conseguir una productiva gesti\u00f3n del tiempo en las empresas pasa por<strong> lograr el equilibrio entre eficiencia y eficacia.&nbsp;<\/strong><\/p>\n\n\n\n<p>Para una empresa, es fundamental que la gesti\u00f3n del tiempo sea eficaz ya que <strong>permitir\u00e1 que sus empleados realicen las obligaciones y objetivos acordados su trabajo<\/strong> y, al mismo tiempo, necesita que sea eficiente ya que significar\u00eda que sus empleados <strong>logran sobrepasar los objetivos m\u00ednimos y alcanzan mayores metas que las que se esperan con los recursos con los que disponen.<\/strong><\/p>\n\n\n\n<p>Si se espera que dos redactores hagan 10 art\u00edculos a la semana y cumplen con sus entregas <strong>har\u00e1n una gesti\u00f3n del tiempo eficaz<\/strong>. Si esos trabajadores se ayudan entre ellos, dividen las tareas correctamente, aprovechan la tecnolog\u00eda para agilizar la recolecci\u00f3n de fuentes, la correcci\u00f3n, la maquetaci\u00f3n y entregan 15 art\u00edculos<strong> har\u00e1n una gesti\u00f3n del tiempo eficiente.<\/strong><\/p>\n\n\n\n<p><em><span style=\"background-color: rgb(255, 255, 255);\">L<\/span>a <a href=\"https:\/\/www.bizneo.com\/blog\/jornada-laboral-4-dias\/\" data-wpel-link=\"internal\" target=\"_blank\">jornada de 4 d\u00edas<\/a> est\u00e1 de moda<\/em><strong> en el mercado empresarial.  \u00bfTe interesa una gu\u00eda gratis que la explique en profundidad y aporte soluciones para implantarla con \u00e9xito?<\/strong> <\/p>\n\n\n\n<figure class=\"wp-block-image size-full\"><a href=\"https:\/\/hello.bizneo.com\/guia\/jornada-laboral-cuatro-dias\/?utm_content=post-banner-medio\" data-wpel-link=\"internal\" target=\"_blank\"><img decoding=\"async\" width=\"1360\" height=\"204\" src=\"https:\/\/www.bizneo.com\/blog\/wp-content\/uploads\/2022\/08\/banner-jornada-4-dias.jpg\" alt=\"Gu\u00eda jornada de 4 d\u00edas \" class=\"wp-image-35438\" srcset=\"https:\/\/www.bizneo.com\/blog\/wp-content\/uploads\/2022\/08\/banner-jornada-4-dias.jpg 1360w, https:\/\/www.bizneo.com\/blog\/wp-content\/uploads\/2022\/08\/banner-jornada-4-dias-300x45.jpg 300w, https:\/\/www.bizneo.com\/blog\/wp-content\/uploads\/2022\/08\/banner-jornada-4-dias-1024x154.jpg 1024w, https:\/\/www.bizneo.com\/blog\/wp-content\/uploads\/2022\/08\/banner-jornada-4-dias-768x115.jpg 768w, https:\/\/www.bizneo.com\/blog\/wp-content\/uploads\/2022\/08\/banner-jornada-4-dias-810x122.jpg 810w, https:\/\/www.bizneo.com\/blog\/wp-content\/uploads\/2022\/08\/banner-jornada-4-dias-1140x171.jpg 1140w\" sizes=\"(max-width: 1360px) 100vw, 1360px\" \/><\/a><\/figure>\n\n\n\n<h3 class=\"wp-block-heading\">Automatizar la gesti\u00f3n del tiempo<\/h3>\n\n\n\n<p>Una forma sencilla de ayudar a los trabajadores en la gesti\u00f3n del tiempo en el trabajo es contar con software de <a href=\"\/control-horario\/\" data-wpel-link=\"internal\" target=\"_blank\">control <\/a><a href=\"\/control-horario\/\" target=\"_blank\" rel=\"noreferrer noopener\" data-wpel-link=\"internal\">horario<\/a>. <\/p>\n\n\n\n<figure class=\"wp-block-image size-full\"><a href=\"\/control-horario\/\" target=\"_blank\" rel=\"noreferrer noopener\" data-wpel-link=\"internal\"><img decoding=\"async\" width=\"1500\" height=\"1006\" src=\"https:\/\/www.bizneo.com\/blog\/wp-content\/uploads\/2020\/11\/Software-de-RR-HH-para-control-horario.webp\" alt=\"Software de control horario\" class=\"wp-image-17715\" srcset=\"https:\/\/www.bizneo.com\/blog\/wp-content\/uploads\/2020\/11\/Software-de-RR-HH-para-control-horario.webp 1500w, https:\/\/www.bizneo.com\/blog\/wp-content\/uploads\/2020\/11\/Software-de-RR-HH-para-control-horario-300x201.webp 300w, https:\/\/www.bizneo.com\/blog\/wp-content\/uploads\/2020\/11\/Software-de-RR-HH-para-control-horario-1024x687.webp 1024w, https:\/\/www.bizneo.com\/blog\/wp-content\/uploads\/2020\/11\/Software-de-RR-HH-para-control-horario-768x515.webp 768w, https:\/\/www.bizneo.com\/blog\/wp-content\/uploads\/2020\/11\/Software-de-RR-HH-para-control-horario-810x543.webp 810w, https:\/\/www.bizneo.com\/blog\/wp-content\/uploads\/2020\/11\/Software-de-RR-HH-para-control-horario-1140x765.webp 1140w\" sizes=\"(max-width: 1500px) 100vw, 1500px\" \/><\/a><\/figure>\n\n\n\n<p>Esta <a href=\"https:\/\/www.bizneo.com\/blog\/herramientas-de-control-horario\/\" data-wpel-link=\"internal\" target=\"_blank\">herramienta de control horario<\/a> registra la jornada, <strong>el tiempo que se ha empleado en una tarea o un proyecto en concreto<\/strong> y, as\u00ed, valorar si el tiempo estimado est\u00e1 dentro de esperado, si ha sido una gesti\u00f3n del tiempo positiva o si la administraci\u00f3n del tiempo ha sido negativa y hay que analizar qu\u00e9 ha ocurrido para garantizar la consecuci\u00f3n de objetivos. <\/p>\n\n\n\n<figure class=\"wp-block-image size-full\"><a href=\"\/control-horario\/\" data-wpel-link=\"internal\" target=\"_blank\"><img decoding=\"async\" width=\"1360\" height=\"204\" src=\"https:\/\/www.bizneo.com\/blog\/wp-content\/uploads\/2024\/02\/banner-medio-informes-control-horario.jpg\" alt=\"Informes de control horario y turnos\" class=\"wp-image-44740\" srcset=\"https:\/\/www.bizneo.com\/blog\/wp-content\/uploads\/2024\/02\/banner-medio-informes-control-horario.jpg 1360w, https:\/\/www.bizneo.com\/blog\/wp-content\/uploads\/2024\/02\/banner-medio-informes-control-horario-300x45.jpg 300w, https:\/\/www.bizneo.com\/blog\/wp-content\/uploads\/2024\/02\/banner-medio-informes-control-horario-1024x154.jpg 1024w, https:\/\/www.bizneo.com\/blog\/wp-content\/uploads\/2024\/02\/banner-medio-informes-control-horario-768x115.jpg 768w, https:\/\/www.bizneo.com\/blog\/wp-content\/uploads\/2024\/02\/banner-medio-informes-control-horario-810x122.jpg 810w, https:\/\/www.bizneo.com\/blog\/wp-content\/uploads\/2024\/02\/banner-medio-informes-control-horario-1140x171.jpg 1140w\" sizes=\"(max-width: 1360px) 100vw, 1360px\" \/><\/a><\/figure>\n\n\n\n<h2 class=\"wp-block-heading\">M\u00e9todos para la administraci\u00f3n del tiempo y la gesti\u00f3n de prioridades<\/h2>\n\n\n\n<p>Existen numerosas herramientas para la administraci\u00f3n del tiempo y la gesti\u00f3n de prioridades, como por ejemplo el <strong>m\u00e9todo Eisenhower o el POSEC<\/strong>.<\/p>\n\n\n\n<h3 class=\"wp-block-heading\">La matriz Eisenhower para la gesti\u00f3n del tiempo<\/h3>\n\n\n\n<p><strong>Dwight Eisenhower<\/strong>, fue presidente de los Estados Unidos desde 1953 a 1961. Anteriormente, hab\u00eda sido un excelente general de la Armada de los Estados Unidos.&nbsp;<\/p>\n\n\n\n<p>Su continua toma de decisiones sobre qu\u00e9 tareas deb\u00eda hacer cada d\u00eda para ser m\u00e1s productivo <strong>propici\u00f3 la invenci\u00f3n del famoso principio de Eisenhower<\/strong>, donde la gesti\u00f3n del tiempo de las tareas <strong>se eval\u00faan seg\u00fan su grado de urgente \/ no urgente e importante \/ no importante.<\/strong><\/p>\n\n\n\n<p>Este m\u00e9todo, conocido tambi\u00e9n como <strong>la caja de Eisenhower o matriz de Eisenhower<\/strong>, es una herramienta para la administraci\u00f3n del tiempo y la organizaci\u00f3n de las tareas.&nbsp;<\/p>\n\n\n\n<p>Se trata de un cuadrado dividido en cuadros donde se clasifican las tareas seg\u00fan su urgencia y su importancia, <strong>un cuadro que facilita la gesti\u00f3n del tiempo en las empresas:<\/strong><\/p>\n\n\n\n<figure class=\"wp-block-image size-full\"><img decoding=\"async\" width=\"676\" height=\"251\" src=\"https:\/\/www.bizneo.com\/blog\/wp-content\/uploads\/2020\/09\/caja-de-Eisenhower-o-matriz-de-Eisenhower.png\" alt=\"caja de Eisenhower o matriz de Eisenhower\" class=\"wp-image-16429\" srcset=\"https:\/\/www.bizneo.com\/blog\/wp-content\/uploads\/2020\/09\/caja-de-Eisenhower-o-matriz-de-Eisenhower.png 676w, https:\/\/www.bizneo.com\/blog\/wp-content\/uploads\/2020\/09\/caja-de-Eisenhower-o-matriz-de-Eisenhower-300x111.png 300w\" sizes=\"(max-width: 676px) 100vw, 676px\" \/><\/figure>\n\n\n\n<bzn-warning><a href=\"\/blog\/delegar-tareas\/\" id=\"destacado-post\" target=\"_blank\" rel=\"noopener noreferrer\" data-wpel-link=\"internal\"><span class=\"bzn-info-title\"><strong>\u00bfQuieres mejorar el reparto de tareas?<\/strong> <\/span><br>Te ense\u00f1amos a delegar tareas de forma eficaz<\/a><br><\/bzn-warning>\n\n\n\n<p><\/p>\n\n\n\n<h3 class=\"wp-block-heading\">El m\u00e9todo POSEC para la gesti\u00f3n del tiempo<\/h3>\n\n\n\n<p>El m\u00e9todo POSEC es una herramienta para la gesti\u00f3n del tiempo y la gesti\u00f3n de prioridades. Se basa en la teor\u00eda de la pir\u00e1mide que el psic\u00f3logo humanista, <strong>Abraham Maslow<\/strong>, formul\u00f3 en su obra \u201cUna teor\u00eda sobre la motivaci\u00f3n humana\u201d, <strong>sobre la jerarqu\u00eda de las necesidades humanas seg\u00fan su nivel de importancia.&nbsp;<\/strong><\/p>\n\n\n\n<p>En este caso, se trata de una <strong>pir\u00e1mide descendiente en cuyo v\u00e9rtice se coloca lo m\u00e1s prioritario para despu\u00e9s ir bajando hasta lo menos relevante<\/strong>.&nbsp;<\/p>\n\n\n\n<h4 class=\"wp-block-heading\">Las siglas POSEC <\/h4>\n\n\n\n<p>por su significado en ingl\u00e9s hacen referencia a:<\/p>\n\n\n\n<ul class=\"wp-block-list\">\n<li><strong>Prioritizer. <\/strong>De todas las actividades en las que invierte el tiempo se trata de priorizar las que son m\u00e1s importantes para lograr los objetivos.<\/li>\n\n\n\n<li><strong>Organize. <\/strong>Una vez detectadas las tareas m\u00e1s importantes, el siguiente paso es organizar c\u00f3mo llevarlas a cabo de manera que se garantice el \u00e9xito.<\/li>\n\n\n\n<li><strong>Streamline. <\/strong>Hace referencia a la racionalizaci\u00f3n de las tareas que no gustan pero que ineludiblemente hay que hacer.<\/li>\n\n\n\n<li><strong>Economize. <\/strong>En este escal\u00f3n se situar\u00edan las tareas que son importantes o gustan pero no son urgentes.<\/li>\n\n\n\n<li><strong>Contribute. <\/strong>En la base de la pir\u00e1mide se colocan las actividades que contribuyen con la sociedad o son acciones encaminadas a mejorar como persona.<\/li>\n<\/ul>\n\n\n\n<figure class=\"wp-block-image aligncenter size-full\"><img decoding=\"async\" width=\"408\" height=\"306\" src=\"https:\/\/www.bizneo.com\/blog\/wp-content\/uploads\/2020\/09\/Captura-de-pantalla-2020-09-21-a-las-11.33.08.png\" alt=\"m\u00e9todo POSEC\" class=\"wp-image-16430\" srcset=\"https:\/\/www.bizneo.com\/blog\/wp-content\/uploads\/2020\/09\/Captura-de-pantalla-2020-09-21-a-las-11.33.08.png 408w, https:\/\/www.bizneo.com\/blog\/wp-content\/uploads\/2020\/09\/Captura-de-pantalla-2020-09-21-a-las-11.33.08-300x225.png 300w\" sizes=\"(max-width: 408px) 100vw, 408px\" \/><\/figure>\n\n\n\n<p>El m\u00e9todo POSEC no s\u00f3lo est\u00e1 indicado para la administraci\u00f3n del tiempo y la gesti\u00f3n de prioridades de forma personal, tambi\u00e9n lo est\u00e1 para<strong> lograr una efectiva gesti\u00f3n de equipos de trabajo.<\/strong><\/p>\n\n\n\n<p>Se trata de una excelente herramienta de gesti\u00f3n del tiempo para establecer los objetivos y marcar las tareas al grupo seg\u00fan su orden de importancia. Si se ejecuta correctamente se van consiguiendo las metas m\u00e1s f\u00e1cilmente hasta alcanzar el \u00e9xito final.&nbsp;<\/p>\n\n\n\n<p>Por \u00faltimo, igual de importante que organizar y priorizar las tareas <strong>es analizar si se han desempe\u00f1ado correctamente.<\/strong> La manera m\u00e1s sencilla es apostar por un programa automatizado que permita realizar un <strong>seguimiento del rendimiento de cada empleado. <\/strong><\/p>\n\n\n\n<p>Se recopilan datos y m\u00e9tricas objetivos<strong> para evaluar con el criterio que quieras<\/strong>: por objetivo, por competencias, OKR, <a href=\"\/blog\/evaluacion-360\/\" target=\"_blank\" rel=\"noreferrer noopener\" data-wpel-link=\"internal\">evaluaci\u00f3n 360\u00ba<\/a>,\u2026<\/p>\n\n\n\n<figure class=\"wp-block-image size-large\"><a href=\"\/evaluacion-del-desempeno\/\" target=\"_blank\" rel=\"noreferrer noopener\" data-wpel-link=\"internal\"><img decoding=\"async\" width=\"1360\" height=\"204\" src=\"https:\/\/www.bizneo.com\/blog\/wp-content\/uploads\/2021\/04\/banner-medio-herramienta-evaluacion-desempeno.jpg\" alt=\"software evaluacion del desempe\u00f1o\" class=\"wp-image-21200\" srcset=\"https:\/\/www.bizneo.com\/blog\/wp-content\/uploads\/2021\/04\/banner-medio-herramienta-evaluacion-desempeno.jpg 1360w, https:\/\/www.bizneo.com\/blog\/wp-content\/uploads\/2021\/04\/banner-medio-herramienta-evaluacion-desempeno-300x45.jpg 300w, https:\/\/www.bizneo.com\/blog\/wp-content\/uploads\/2021\/04\/banner-medio-herramienta-evaluacion-desempeno-1024x154.jpg 1024w, https:\/\/www.bizneo.com\/blog\/wp-content\/uploads\/2021\/04\/banner-medio-herramienta-evaluacion-desempeno-768x115.jpg 768w, https:\/\/www.bizneo.com\/blog\/wp-content\/uploads\/2021\/04\/banner-medio-herramienta-evaluacion-desempeno-810x122.jpg 810w, https:\/\/www.bizneo.com\/blog\/wp-content\/uploads\/2021\/04\/banner-medio-herramienta-evaluacion-desempeno-1140x171.jpg 1140w\" sizes=\"(max-width: 1360px) 100vw, 1360px\" \/><\/a><\/figure>\n\n\n\n<h2 class=\"wp-block-heading\">5 Recomendaciones que favorecen una perfecta administraci\u00f3n del tiempo<\/h2>\n\n\n\n<p>Para saber si la gesti\u00f3n del tiempo en el trabajo es adecuada o si se necesita ayuda para tener una mejor administraci\u00f3n del tiempo de cada empleado, las siguientes recomendaciones contribuyen a mejorar la productividad, obteniendo una mejor organizaci\u00f3n:<\/p>\n\n\n\n<h3 class=\"wp-block-heading\">Mejora la gesti\u00f3n del tiempo marcando objetivos alcanzables<\/h3>\n\n\n\n<p>Una productiva gesti\u00f3n del tiempo en el trabajo pasa por <strong>marcar objetivos claros y totalmente realizables.<\/strong><\/p>\n\n\n\n<p>De esta forma, se planifica mejor el tiempo y las acciones que le lleven a alcanzar dichos objetivos.<\/p>\n\n\n\n<p>Conviene marcar objetivos a corto, medio y largo plazo.&nbsp;<\/p>\n\n\n\n<bzn-down><a href=\"https:\/\/hello.bizneo.com\/guia\/okr-objectives-and-key-results\/\" id=\"destacado-post\" target=\"_blank\" rel=\"noopener noreferrer\" data-wpel-link=\"internal\"><span class=\"bzn-note-title\"><strong>GU\u00cdA OKR | Objetives and Key Results<\/strong> <\/span><br>Ayuda a tu plantilla a alcanzar metas con mayor facilidad<\/a><\/br><\/bzn-down>\n\n\n\n<p><\/p>\n\n\n\n<p><\/p>\n\n\n\n<h3 class=\"wp-block-heading\">Elaborar una lista con las tareas diarias<\/h3>\n\n\n\n<p>Una vez marcados los objetivos, para una correcta gesti\u00f3n del tiempo conviene <strong>centrarse en qu\u00e9 actividades diarias son necesarias para lograr la meta final.<\/strong><\/p>\n\n\n\n<p>Es importante confeccionar una lista con todas las tareas de manera que siempre se puedan revisar.<\/p>\n\n\n\n<h3 class=\"wp-block-heading\">Priorizar las tareas para asegurar la gesti\u00f3n del tiempo<\/h3>\n\n\n\n<p>De toda la lista de tareas necesarias para lograr la meta final y optimizar la gesti\u00f3n del tiempo, <strong>se deben priorizar las m\u00e1s urgentes, despu\u00e9s las m\u00e1s importantes y as\u00ed hasta llegar a las prorrogables.<\/strong><\/p>\n\n\n\n<p>En este punto, <strong>el m\u00e9todo de gesti\u00f3n del tiempo de la caja de Eisenhower puede ser de mucha utilidad<\/strong>.<\/p>\n\n\n\n<h3 class=\"wp-block-heading\">Poner fecha a las tareas<\/h3>\n\n\n\n<p>Para una mejor administraci\u00f3n del tiempo conviene <strong>poner a cada actividad una fecha de inicio y una fecha de finalizaci\u00f3n.&nbsp;<\/strong><\/p>\n\n\n\n<p>De esta forma, el cerebro sabe que tiene una tarea que realizar y no estar\u00e1 tranquilo hasta que est\u00e9 materializado.<\/p>\n\n\n\n<h3 class=\"wp-block-heading\">Hacer una tarea cada vez<\/h3>\n\n\n\n<p>Llegados a este punto y s\u00ed se ha cumplido con todo lo anterior, estar\u00e1n muy organizadas todas las actividades seg\u00fan la prioridad y muy bien gestionado el tiempo de dedicaci\u00f3n a cada una de ellas.<\/p>\n\n\n\n<p>Tan s\u00f3lo se trata de ir realizando una a una todas las tareas de manera que se vayan cumplimentando.<\/p>\n\n\n\n<bzn-info><a href=\"\/control-horario\/\" id=\"destacado-post\" target=\"_blank\" rel=\"noopener noreferrer\" data-wpel-link=\"internal\"><span class=\"bzn-link-title\"><strong>Software de control horario de trabajadores | RANKING+GANADOR?<\/strong><\/span> <br> AL FINAL: an\u00e1lisis y comparativa de las 7 mejores soluciones<\/br><\/a><\/bzn-info>\n\n\n\n<p><\/p>\n\n\n\n<p><strong>Saber c\u00f3mo administrar el tiempo y la gesti\u00f3n de prioridades es primordial para lograr el \u00e9xito laboral y personal.&nbsp;<\/strong><\/p>\n\n\n\n<p>Utilizar un <a href=\"\/\" target=\"_blank\" rel=\"noreferrer noopener\" data-wpel-link=\"internal\">software de Recursos Humanos<\/a><strong> con m\u00f3dulo de gesti\u00f3n del tiempo marcar\u00e1 un antes y despu\u00e9s en la empresa.<\/strong> Priorizar\u00e1s las necesidades del negocio, mientras ahorras tiempo y logras mayor productividad.<\/p>\n\n\n\n<figure class=\"wp-block-image size-full\"><a href=\"\/gestion-turnos\/\" data-wpel-link=\"internal\" target=\"_blank\"><img decoding=\"async\" width=\"1500\" height=\"1083\" src=\"https:\/\/www.bizneo.com\/blog\/wp-content\/uploads\/2022\/03\/Tipos-turnos-horarios-trabajo.webp\" alt=\"Software de gesti\u00f3n de turnos rotativos\" class=\"wp-image-33017\" srcset=\"https:\/\/www.bizneo.com\/blog\/wp-content\/uploads\/2022\/03\/Tipos-turnos-horarios-trabajo.webp 1500w, https:\/\/www.bizneo.com\/blog\/wp-content\/uploads\/2022\/03\/Tipos-turnos-horarios-trabajo-300x217.webp 300w, https:\/\/www.bizneo.com\/blog\/wp-content\/uploads\/2022\/03\/Tipos-turnos-horarios-trabajo-1024x739.webp 1024w, https:\/\/www.bizneo.com\/blog\/wp-content\/uploads\/2022\/03\/Tipos-turnos-horarios-trabajo-768x554.webp 768w, https:\/\/www.bizneo.com\/blog\/wp-content\/uploads\/2022\/03\/Tipos-turnos-horarios-trabajo-810x585.webp 810w, https:\/\/www.bizneo.com\/blog\/wp-content\/uploads\/2022\/03\/Tipos-turnos-horarios-trabajo-1140x823.webp 1140w\" sizes=\"(max-width: 1500px) 100vw, 1500px\" \/><\/a><\/figure>\n\n\n\n<p>La gesti\u00f3n del tiempo permite priorizar entre lo urgente y lo importante. <strong>De no ser as\u00ed, nunca se podr\u00e1 saber por d\u00f3nde empezar.<\/strong><\/p>\n\n\n\n<figure class=\"wp-block-image size-full\"><a href=\"\/control-horario\/\" data-wpel-link=\"internal\" target=\"_blank\"><img decoding=\"async\" width=\"1360\" height=\"408\" src=\"https:\/\/www.bizneo.com\/blog\/wp-content\/uploads\/2024\/02\/Banner-grande-software-control-horario.jpg\" alt=\"Software de control horario\" class=\"wp-image-44807\" srcset=\"https:\/\/www.bizneo.com\/blog\/wp-content\/uploads\/2024\/02\/Banner-grande-software-control-horario.jpg 1360w, https:\/\/www.bizneo.com\/blog\/wp-content\/uploads\/2024\/02\/Banner-grande-software-control-horario-300x90.jpg 300w, https:\/\/www.bizneo.com\/blog\/wp-content\/uploads\/2024\/02\/Banner-grande-software-control-horario-1024x307.jpg 1024w, https:\/\/www.bizneo.com\/blog\/wp-content\/uploads\/2024\/02\/Banner-grande-software-control-horario-768x230.jpg 768w, https:\/\/www.bizneo.com\/blog\/wp-content\/uploads\/2024\/02\/Banner-grande-software-control-horario-810x243.jpg 810w, https:\/\/www.bizneo.com\/blog\/wp-content\/uploads\/2024\/02\/Banner-grande-software-control-horario-1140x342.jpg 1140w\" sizes=\"(max-width: 1360px) 100vw, 1360px\" \/><\/a><\/figure>\n","protected":false},"excerpt":{"rendered":"<p>La gesti\u00f3n del tiempo y la gesti\u00f3n de prioridades es fundamental para que las empresas alcancen sus objetivos. \u00bfCu\u00e1les son los m\u00e9todos m\u00e1s adecuados para administrar el tiempo de la plantilla?<\/p>\n","protected":false},"author":10,"featured_media":16444,"comment_status":"open","ping_status":"open","sticky":false,"template":"","format":"standard","meta":{"_uag_custom_page_level_css":"","site-sidebar-layout":"default","site-content-layout":"","ast-site-content-layout":"default","site-content-style":"default","site-sidebar-style":"default","ast-global-header-display":"","ast-banner-title-visibility":"","ast-main-header-display":"","ast-hfb-above-header-display":"","ast-hfb-below-header-display":"","ast-hfb-mobile-header-display":"","site-post-title":"","ast-breadcrumbs-content":"","ast-featured-img":"","footer-sml-layout":"","ast-disable-related-posts":"","theme-transparent-header-meta":"","adv-header-id-meta":"","stick-header-meta":"","header-above-stick-meta":"","header-main-stick-meta":"","header-below-stick-meta":"","astra-migrate-meta-layouts":"default","ast-page-background-enabled":"default","ast-page-background-meta":{"desktop":{"background-color":"var(--ast-global-color-5)","background-image":"","background-repeat":"repeat","background-position":"center center","background-size":"auto","background-attachment":"scroll","background-type":"","background-media":"","overlay-type":"","overlay-color":"","overlay-opacity":"","overlay-gradient":""},"tablet":{"background-color":"","background-image":"","background-repeat":"repeat","background-position":"center center","background-size":"auto","background-attachment":"scroll","background-type":"","background-media":"","overlay-type":"","overlay-color":"","overlay-opacity":"","overlay-gradient":""},"mobile":{"background-color":"","background-image":"","background-repeat":"repeat","background-position":"center center","background-size":"auto","background-attachment":"scroll","background-type":"","background-media":"","overlay-type":"","overlay-color":"","overlay-opacity":"","overlay-gradient":""}},"ast-content-background-meta":{"desktop":{"background-color":"var(--ast-global-color-4)","background-image":"","background-repeat":"repeat","background-position":"center center","background-size":"auto","background-attachment":"scroll","background-type":"","background-media":"","overlay-type":"","overlay-color":"","overlay-opacity":"","overlay-gradient":""},"tablet":{"background-color":"var(--ast-global-color-4)","background-image":"","background-repeat":"repeat","background-position":"center center","background-size":"auto","background-attachment":"scroll","background-type":"","background-media":"","overlay-type":"","overlay-color":"","overlay-opacity":"","overlay-gradient":""},"mobile":{"background-color":"var(--ast-global-color-4)","background-image":"","background-repeat":"repeat","background-position":"center center","background-size":"auto","background-attachment":"scroll","background-type":"","background-media":"","overlay-type":"","overlay-color":"","overlay-opacity":"","overlay-gradient":""}},"footnotes":""},"categories":[91,89],"tags":[22],"class_list":["post-16427","post","type-post","status-publish","format-standard","has-post-thumbnail","hentry","category-control-horario","category-gestion-del-tiempo","tag-gestion-del-tiempo"],"yoast_head":"<!-- This site is optimized with the Yoast SEO plugin v27.5 - https:\/\/yoast.com\/product\/yoast-seo-wordpress\/ -->\n<title>Gesti\u00f3n del Tiempo | Prioriza las tareas de tu plantilla<\/title>\n<meta name=\"description\" content=\"La gesti\u00f3n del tiempo en el trabajo ayuda a priorizar y elegir cu\u00e1les son las tareas y objetivos m\u00e1s importantes para el negocio.\" \/>\n<meta name=\"robots\" content=\"index, follow, max-snippet:-1, max-image-preview:large, max-video-preview:-1\" \/>\n<meta property=\"og:locale\" content=\"es_ES\" \/>\n<meta property=\"og:type\" content=\"article\" \/>\n<meta property=\"og:title\" content=\"Gesti\u00f3n del Tiempo | Prioriza las tareas de tu plantilla\" \/>\n<meta property=\"og:description\" content=\"La gesti\u00f3n del tiempo en el trabajo ayuda a priorizar y elegir cu\u00e1les son las tareas y objetivos m\u00e1s importantes para el negocio.\" \/>\n<meta property=\"og:url\" content=\"https:\/\/www.bizneo.com\/blog\/gestion-del-tiempo\/\" \/>\n<meta property=\"og:site_name\" content=\"Blog de Recursos Humanos de Bizneo HR: pr\u00e1ctico y actual\" \/>\n<meta property=\"article:published_time\" content=\"2020-09-25T11:49:00+00:00\" \/>\n<meta property=\"article:modified_time\" content=\"2026-02-01T18:08:37+00:00\" \/>\n<meta property=\"og:image\" content=\"https:\/\/www.bizneo.com\/blog\/wp-content\/uploads\/2020\/09\/gestion-del-tiempo.jpg\" \/>\n\t<meta property=\"og:image:width\" content=\"1140\" \/>\n\t<meta property=\"og:image:height\" content=\"640\" \/>\n\t<meta property=\"og:image:type\" content=\"image\/jpeg\" \/>\n<meta name=\"author\" content=\"\u00c1lvaro Andr\u00e9s\" \/>\n<meta name=\"twitter:card\" content=\"summary_large_image\" \/>\n<meta name=\"twitter:label1\" content=\"Escrito por\" \/>\n\t<meta name=\"twitter:data1\" content=\"\u00c1lvaro Andr\u00e9s\" \/>\n\t<meta name=\"twitter:label2\" content=\"Tiempo de lectura\" \/>\n\t<meta name=\"twitter:data2\" content=\"75 minutos\" \/>\n<script type=\"application\/ld+json\" class=\"yoast-schema-graph\">{\"@context\":\"https:\\\/\\\/schema.org\",\"@graph\":[{\"@type\":[\"Article\",\"BlogPosting\"],\"@id\":\"https:\\\/\\\/www.bizneo.com\\\/blog\\\/gestion-del-tiempo\\\/#article\",\"isPartOf\":{\"@id\":\"https:\\\/\\\/www.bizneo.com\\\/blog\\\/gestion-del-tiempo\\\/\"},\"author\":{\"name\":\"\u00c1lvaro Andr\u00e9s\",\"@id\":\"https:\\\/\\\/www.bizneo.com\\\/blog\\\/#\\\/schema\\\/person\\\/f932a31bafbfb0726b3071df66e72848\"},\"headline\":\"La gesti\u00f3n del tiempo y prioridades en la empresa\",\"datePublished\":\"2020-09-25T11:49:00+00:00\",\"dateModified\":\"2026-02-01T18:08:37+00:00\",\"mainEntityOfPage\":{\"@id\":\"https:\\\/\\\/www.bizneo.com\\\/blog\\\/gestion-del-tiempo\\\/\"},\"wordCount\":1672,\"commentCount\":2,\"publisher\":{\"@id\":\"https:\\\/\\\/www.bizneo.com\\\/blog\\\/#organization\"},\"image\":{\"@id\":\"https:\\\/\\\/www.bizneo.com\\\/blog\\\/gestion-del-tiempo\\\/#primaryimage\"},\"thumbnailUrl\":\"https:\\\/\\\/www.bizneo.com\\\/blog\\\/wp-content\\\/uploads\\\/2020\\\/09\\\/gestion-del-tiempo.jpg\",\"keywords\":[\"Gesti\u00f3n del tiempo\"],\"articleSection\":[\"Control Horario\",\"Gesti\u00f3n del Tiempo\"],\"inLanguage\":\"es\",\"potentialAction\":[{\"@type\":\"CommentAction\",\"name\":\"Comment\",\"target\":[\"https:\\\/\\\/www.bizneo.com\\\/blog\\\/gestion-del-tiempo\\\/#respond\"]}]},{\"@type\":\"WebPage\",\"@id\":\"https:\\\/\\\/www.bizneo.com\\\/blog\\\/gestion-del-tiempo\\\/\",\"url\":\"https:\\\/\\\/www.bizneo.com\\\/blog\\\/gestion-del-tiempo\\\/\",\"name\":\"Gesti\u00f3n del Tiempo | Prioriza las tareas de tu plantilla\",\"isPartOf\":{\"@id\":\"https:\\\/\\\/www.bizneo.com\\\/blog\\\/#website\"},\"primaryImageOfPage\":{\"@id\":\"https:\\\/\\\/www.bizneo.com\\\/blog\\\/gestion-del-tiempo\\\/#primaryimage\"},\"image\":{\"@id\":\"https:\\\/\\\/www.bizneo.com\\\/blog\\\/gestion-del-tiempo\\\/#primaryimage\"},\"thumbnailUrl\":\"https:\\\/\\\/www.bizneo.com\\\/blog\\\/wp-content\\\/uploads\\\/2020\\\/09\\\/gestion-del-tiempo.jpg\",\"datePublished\":\"2020-09-25T11:49:00+00:00\",\"dateModified\":\"2026-02-01T18:08:37+00:00\",\"description\":\"La gesti\u00f3n del tiempo en el trabajo ayuda a priorizar y elegir cu\u00e1les son las tareas y objetivos m\u00e1s importantes para el negocio.\",\"breadcrumb\":{\"@id\":\"https:\\\/\\\/www.bizneo.com\\\/blog\\\/gestion-del-tiempo\\\/#breadcrumb\"},\"inLanguage\":\"es\",\"potentialAction\":[{\"@type\":\"ReadAction\",\"target\":[\"https:\\\/\\\/www.bizneo.com\\\/blog\\\/gestion-del-tiempo\\\/\"]}]},{\"@type\":\"ImageObject\",\"inLanguage\":\"es\",\"@id\":\"https:\\\/\\\/www.bizneo.com\\\/blog\\\/gestion-del-tiempo\\\/#primaryimage\",\"url\":\"https:\\\/\\\/www.bizneo.com\\\/blog\\\/wp-content\\\/uploads\\\/2020\\\/09\\\/gestion-del-tiempo.jpg\",\"contentUrl\":\"https:\\\/\\\/www.bizneo.com\\\/blog\\\/wp-content\\\/uploads\\\/2020\\\/09\\\/gestion-del-tiempo.jpg\",\"width\":1140,\"height\":640,\"caption\":\"gestion del tiempo en las empresas\"},{\"@type\":\"BreadcrumbList\",\"@id\":\"https:\\\/\\\/www.bizneo.com\\\/blog\\\/gestion-del-tiempo\\\/#breadcrumb\",\"itemListElement\":[{\"@type\":\"ListItem\",\"position\":1,\"name\":\"Portada\",\"item\":\"https:\\\/\\\/www.bizneo.com\\\/blog\\\/\"},{\"@type\":\"ListItem\",\"position\":2,\"name\":\"Gesti\u00f3n del Tiempo\",\"item\":\"https:\\\/\\\/www.bizneo.com\\\/blog\\\/category\\\/gestion-del-tiempo\\\/\"},{\"@type\":\"ListItem\",\"position\":3,\"name\":\"La gesti\u00f3n del tiempo y prioridades en la empresa\"}]},{\"@type\":\"WebSite\",\"@id\":\"https:\\\/\\\/www.bizneo.com\\\/blog\\\/#website\",\"url\":\"https:\\\/\\\/www.bizneo.com\\\/blog\\\/\",\"name\":\"Blog de Recursos Humanos de Bizneo HR: pr\u00e1ctico y actual\",\"description\":\"Todo sobre actualidad, herramientas y tecnolog\u00eda  para optimizar la gesti\u00f3n del talento humano\",\"publisher\":{\"@id\":\"https:\\\/\\\/www.bizneo.com\\\/blog\\\/#organization\"},\"potentialAction\":[{\"@type\":\"SearchAction\",\"target\":{\"@type\":\"EntryPoint\",\"urlTemplate\":\"https:\\\/\\\/www.bizneo.com\\\/blog\\\/?s={search_term_string}\"},\"query-input\":{\"@type\":\"PropertyValueSpecification\",\"valueRequired\":true,\"valueName\":\"search_term_string\"}}],\"inLanguage\":\"es\"},{\"@type\":\"Organization\",\"@id\":\"https:\\\/\\\/www.bizneo.com\\\/blog\\\/#organization\",\"name\":\"Bizneo HR\",\"url\":\"https:\\\/\\\/www.bizneo.com\\\/blog\\\/\",\"logo\":{\"@type\":\"ImageObject\",\"inLanguage\":\"es\",\"@id\":\"https:\\\/\\\/www.bizneo.com\\\/blog\\\/#\\\/schema\\\/logo\\\/image\\\/\",\"url\":\"https:\\\/\\\/www.bizneo.com\\\/blog\\\/wp-content\\\/uploads\\\/2020\\\/09\\\/Icono-Logo-Bizneo-HR.png\",\"contentUrl\":\"https:\\\/\\\/www.bizneo.com\\\/blog\\\/wp-content\\\/uploads\\\/2020\\\/09\\\/Icono-Logo-Bizneo-HR.png\",\"width\":834,\"height\":834,\"caption\":\"Bizneo HR\"},\"image\":{\"@id\":\"https:\\\/\\\/www.bizneo.com\\\/blog\\\/#\\\/schema\\\/logo\\\/image\\\/\"}},{\"@type\":\"Person\",\"@id\":\"https:\\\/\\\/www.bizneo.com\\\/blog\\\/#\\\/schema\\\/person\\\/f932a31bafbfb0726b3071df66e72848\",\"name\":\"\u00c1lvaro Andr\u00e9s\",\"image\":{\"@type\":\"ImageObject\",\"inLanguage\":\"es\",\"@id\":\"https:\\\/\\\/secure.gravatar.com\\\/avatar\\\/c6b277afc20d169a72d7f266c0f4e889c65d2c4ec098d46bc9fba0266f1cde35?s=96&d=mm&r=g\",\"url\":\"https:\\\/\\\/secure.gravatar.com\\\/avatar\\\/c6b277afc20d169a72d7f266c0f4e889c65d2c4ec098d46bc9fba0266f1cde35?s=96&d=mm&r=g\",\"contentUrl\":\"https:\\\/\\\/secure.gravatar.com\\\/avatar\\\/c6b277afc20d169a72d7f266c0f4e889c65d2c4ec098d46bc9fba0266f1cde35?s=96&d=mm&r=g\",\"caption\":\"\u00c1lvaro Andr\u00e9s\"},\"url\":\"https:\\\/\\\/www.bizneo.com\\\/blog\\\/author\\\/alvaroa\\\/\"}]}<\/script>\n<!-- \/ Yoast SEO plugin. -->","yoast_head_json":{"title":"Gesti\u00f3n del Tiempo | Prioriza las tareas de tu plantilla","description":"La gesti\u00f3n del tiempo en el trabajo ayuda a priorizar y elegir cu\u00e1les son las tareas y objetivos m\u00e1s importantes para el negocio.","robots":{"index":"index","follow":"follow","max-snippet":"max-snippet:-1","max-image-preview":"max-image-preview:large","max-video-preview":"max-video-preview:-1"},"og_locale":"es_ES","og_type":"article","og_title":"Gesti\u00f3n del Tiempo | Prioriza las tareas de tu plantilla","og_description":"La gesti\u00f3n del tiempo en el trabajo ayuda a priorizar y elegir cu\u00e1les son las tareas y objetivos m\u00e1s importantes para el negocio.","og_url":"https:\/\/www.bizneo.com\/blog\/gestion-del-tiempo\/","og_site_name":"Blog de Recursos Humanos de Bizneo HR: pr\u00e1ctico y actual","article_published_time":"2020-09-25T11:49:00+00:00","article_modified_time":"2026-02-01T18:08:37+00:00","og_image":[{"width":1140,"height":640,"url":"https:\/\/www.bizneo.com\/blog\/wp-content\/uploads\/2020\/09\/gestion-del-tiempo.jpg","type":"image\/jpeg"}],"author":"\u00c1lvaro Andr\u00e9s","twitter_card":"summary_large_image","twitter_misc":{"Escrito por":"\u00c1lvaro Andr\u00e9s","Tiempo de lectura":"75 minutos"},"schema":{"@context":"https:\/\/schema.org","@graph":[{"@type":["Article","BlogPosting"],"@id":"https:\/\/www.bizneo.com\/blog\/gestion-del-tiempo\/#article","isPartOf":{"@id":"https:\/\/www.bizneo.com\/blog\/gestion-del-tiempo\/"},"author":{"name":"\u00c1lvaro Andr\u00e9s","@id":"https:\/\/www.bizneo.com\/blog\/#\/schema\/person\/f932a31bafbfb0726b3071df66e72848"},"headline":"La gesti\u00f3n del tiempo y prioridades en la empresa","datePublished":"2020-09-25T11:49:00+00:00","dateModified":"2026-02-01T18:08:37+00:00","mainEntityOfPage":{"@id":"https:\/\/www.bizneo.com\/blog\/gestion-del-tiempo\/"},"wordCount":1672,"commentCount":2,"publisher":{"@id":"https:\/\/www.bizneo.com\/blog\/#organization"},"image":{"@id":"https:\/\/www.bizneo.com\/blog\/gestion-del-tiempo\/#primaryimage"},"thumbnailUrl":"https:\/\/www.bizneo.com\/blog\/wp-content\/uploads\/2020\/09\/gestion-del-tiempo.jpg","keywords":["Gesti\u00f3n del tiempo"],"articleSection":["Control Horario","Gesti\u00f3n del Tiempo"],"inLanguage":"es","potentialAction":[{"@type":"CommentAction","name":"Comment","target":["https:\/\/www.bizneo.com\/blog\/gestion-del-tiempo\/#respond"]}]},{"@type":"WebPage","@id":"https:\/\/www.bizneo.com\/blog\/gestion-del-tiempo\/","url":"https:\/\/www.bizneo.com\/blog\/gestion-del-tiempo\/","name":"Gesti\u00f3n del Tiempo | Prioriza las tareas de tu plantilla","isPartOf":{"@id":"https:\/\/www.bizneo.com\/blog\/#website"},"primaryImageOfPage":{"@id":"https:\/\/www.bizneo.com\/blog\/gestion-del-tiempo\/#primaryimage"},"image":{"@id":"https:\/\/www.bizneo.com\/blog\/gestion-del-tiempo\/#primaryimage"},"thumbnailUrl":"https:\/\/www.bizneo.com\/blog\/wp-content\/uploads\/2020\/09\/gestion-del-tiempo.jpg","datePublished":"2020-09-25T11:49:00+00:00","dateModified":"2026-02-01T18:08:37+00:00","description":"La gesti\u00f3n del tiempo en el trabajo ayuda a priorizar y elegir cu\u00e1les son las tareas y objetivos m\u00e1s importantes para el negocio.","breadcrumb":{"@id":"https:\/\/www.bizneo.com\/blog\/gestion-del-tiempo\/#breadcrumb"},"inLanguage":"es","potentialAction":[{"@type":"ReadAction","target":["https:\/\/www.bizneo.com\/blog\/gestion-del-tiempo\/"]}]},{"@type":"ImageObject","inLanguage":"es","@id":"https:\/\/www.bizneo.com\/blog\/gestion-del-tiempo\/#primaryimage","url":"https:\/\/www.bizneo.com\/blog\/wp-content\/uploads\/2020\/09\/gestion-del-tiempo.jpg","contentUrl":"https:\/\/www.bizneo.com\/blog\/wp-content\/uploads\/2020\/09\/gestion-del-tiempo.jpg","width":1140,"height":640,"caption":"gestion del tiempo en las empresas"},{"@type":"BreadcrumbList","@id":"https:\/\/www.bizneo.com\/blog\/gestion-del-tiempo\/#breadcrumb","itemListElement":[{"@type":"ListItem","position":1,"name":"Portada","item":"https:\/\/www.bizneo.com\/blog\/"},{"@type":"ListItem","position":2,"name":"Gesti\u00f3n del Tiempo","item":"https:\/\/www.bizneo.com\/blog\/category\/gestion-del-tiempo\/"},{"@type":"ListItem","position":3,"name":"La gesti\u00f3n del tiempo y prioridades en la empresa"}]},{"@type":"WebSite","@id":"https:\/\/www.bizneo.com\/blog\/#website","url":"https:\/\/www.bizneo.com\/blog\/","name":"Blog de Recursos Humanos de Bizneo HR: pr\u00e1ctico y actual","description":"Todo sobre actualidad, herramientas y tecnolog\u00eda  para optimizar la gesti\u00f3n del talento humano","publisher":{"@id":"https:\/\/www.bizneo.com\/blog\/#organization"},"potentialAction":[{"@type":"SearchAction","target":{"@type":"EntryPoint","urlTemplate":"https:\/\/www.bizneo.com\/blog\/?s={search_term_string}"},"query-input":{"@type":"PropertyValueSpecification","valueRequired":true,"valueName":"search_term_string"}}],"inLanguage":"es"},{"@type":"Organization","@id":"https:\/\/www.bizneo.com\/blog\/#organization","name":"Bizneo HR","url":"https:\/\/www.bizneo.com\/blog\/","logo":{"@type":"ImageObject","inLanguage":"es","@id":"https:\/\/www.bizneo.com\/blog\/#\/schema\/logo\/image\/","url":"https:\/\/www.bizneo.com\/blog\/wp-content\/uploads\/2020\/09\/Icono-Logo-Bizneo-HR.png","contentUrl":"https:\/\/www.bizneo.com\/blog\/wp-content\/uploads\/2020\/09\/Icono-Logo-Bizneo-HR.png","width":834,"height":834,"caption":"Bizneo HR"},"image":{"@id":"https:\/\/www.bizneo.com\/blog\/#\/schema\/logo\/image\/"}},{"@type":"Person","@id":"https:\/\/www.bizneo.com\/blog\/#\/schema\/person\/f932a31bafbfb0726b3071df66e72848","name":"\u00c1lvaro Andr\u00e9s","image":{"@type":"ImageObject","inLanguage":"es","@id":"https:\/\/secure.gravatar.com\/avatar\/c6b277afc20d169a72d7f266c0f4e889c65d2c4ec098d46bc9fba0266f1cde35?s=96&d=mm&r=g","url":"https:\/\/secure.gravatar.com\/avatar\/c6b277afc20d169a72d7f266c0f4e889c65d2c4ec098d46bc9fba0266f1cde35?s=96&d=mm&r=g","contentUrl":"https:\/\/secure.gravatar.com\/avatar\/c6b277afc20d169a72d7f266c0f4e889c65d2c4ec098d46bc9fba0266f1cde35?s=96&d=mm&r=g","caption":"\u00c1lvaro Andr\u00e9s"},"url":"https:\/\/www.bizneo.com\/blog\/author\/alvaroa\/"}]}},"spectra_custom_meta":{"_is_githuber_markdown":["1"],"_edit_lock":["1769969319:47"],"_edit_last":["47"],"_githuber_prismjs":[""],"_githuber_highlightjs":[""],"_is_githuber_sequence":[""],"_is_githuber_flow_chart":[""],"_is_githuber_mermaid":[""],"_is_githuber_katex":[""],"_is_githuber_mathjax":[""],"onesignal_meta_box_present":["1"],"onesignal_send_notification":[""],"_vce_meta":["a:4:{s:11:\"use_sidebar\";s:7:\"inherit\";s:7:\"sidebar\";s:7:\"inherit\";s:14:\"sticky_sidebar\";s:7:\"inherit\";s:6:\"layout\";s:7:\"inherit\";}"],"_is_githuber_markdown_enabled":["no"],"_yoast_wpseo_primary_category":["89"],"_yoast_wpseo_content_score":["90"],"_yoast_wpseo_focuskw":["gesti\u00f3n del tiempo"],"_yoast_wpseo_title":["Gesti\u00f3n del Tiempo | Prioriza las tareas de tu plantilla"],"_yoast_wpseo_metadesc":["La gesti\u00f3n del tiempo en el trabajo ayuda a priorizar y elegir cu\u00e1les son las tareas y objetivos m\u00e1s importantes para el negocio."],"_yoast_wpseo_linkdex":["88"],"_thumbnail_id":["16444"],"response_body":["{\"id\":\"30a79155-6b67-4765-880e-d62090c8894c\",\"recipients\":8314,\"external_id\":\"3548fe53-b06c-f68b-d58d-688a87af6e51\",\"warnings\":[\"You must configure iOS notifications in your OneSignal settings if you wish to send messages to iOS users.\",\"You must configure Android notifications in your OneSignal settings if you wish to send messages to Android users.\"]}"],"status":["200"],"recipients":["8314"],"onesignal_modify_title_and_content":[""],"onesignal_notification_custom_heading":[null],"onesignal_notification_custom_content":[null],"_yoast_wpseo_estimated-reading-time-minutes":["75"],"Views":["10065"],"wp_review_type":["none"],"wp_review_positive_count":["0"],"wp_review_negative_count":["0"],"_at_widget":["1"],"_yoast_wpseo_wordproof_timestamp":[""],"wp_review_user_reviews":["0"],"wp_review_review_count":["0"],"_uag_css_file_name":["uag-css-16427.css"],"_uag_page_assets":["a:9:{s:3:\"css\";s:263:\".uag-blocks-common-selector{z-index:var(--z-index-desktop) !important}@media (max-width: 976px){.uag-blocks-common-selector{z-index:var(--z-index-tablet) !important}}@media (max-width: 767px){.uag-blocks-common-selector{z-index:var(--z-index-mobile) !important}}\n\";s:2:\"js\";s:0:\"\";s:18:\"current_block_list\";a:8:{i:0;s:14:\"core\/paragraph\";i:1;s:12:\"core\/heading\";i:2;s:10:\"core\/image\";i:3;s:9:\"core\/list\";i:4;s:14:\"core\/list-item\";i:5;s:9:\"core\/html\";i:6;s:12:\"core\/details\";i:7;s:14:\"core\/shortcode\";}s:8:\"uag_flag\";b:0;s:11:\"uag_version\";s:10:\"1777484736\";s:6:\"gfonts\";a:0:{}s:10:\"gfonts_url\";s:0:\"\";s:12:\"gfonts_files\";a:0:{}s:14:\"uag_faq_layout\";b:0;}"]},"uagb_featured_image_src":{"full":["https:\/\/www.bizneo.com\/blog\/wp-content\/uploads\/2020\/09\/gestion-del-tiempo.jpg",1140,640,false],"thumbnail":["https:\/\/www.bizneo.com\/blog\/wp-content\/uploads\/2020\/09\/gestion-del-tiempo-150x150.jpg",150,150,true],"medium":["https:\/\/www.bizneo.com\/blog\/wp-content\/uploads\/2020\/09\/gestion-del-tiempo-300x168.jpg",300,168,true],"medium_large":["https:\/\/www.bizneo.com\/blog\/wp-content\/uploads\/2020\/09\/gestion-del-tiempo-768x431.jpg",768,431,true],"large":["https:\/\/www.bizneo.com\/blog\/wp-content\/uploads\/2020\/09\/gestion-del-tiempo-1024x575.jpg",1024,575,true],"1536x1536":["https:\/\/www.bizneo.com\/blog\/wp-content\/uploads\/2020\/09\/gestion-del-tiempo.jpg",1140,640,false],"2048x2048":["https:\/\/www.bizneo.com\/blog\/wp-content\/uploads\/2020\/09\/gestion-del-tiempo.jpg",1140,640,false]},"uagb_author_info":{"display_name":"\u00c1lvaro Andr\u00e9s","author_link":"https:\/\/www.bizneo.com\/blog\/author\/alvaroa\/"},"uagb_comment_info":3,"uagb_excerpt":"La gesti\u00f3n del tiempo y la gesti\u00f3n de prioridades es fundamental para que las empresas alcancen sus objetivos. \u00bfCu\u00e1les son los m\u00e9todos m\u00e1s adecuados para administrar el tiempo de la plantilla?","_links":{"self":[{"href":"https:\/\/www.bizneo.com\/blog\/wp-json\/wp\/v2\/posts\/16427","targetHints":{"allow":["GET"]}}],"collection":[{"href":"https:\/\/www.bizneo.com\/blog\/wp-json\/wp\/v2\/posts"}],"about":[{"href":"https:\/\/www.bizneo.com\/blog\/wp-json\/wp\/v2\/types\/post"}],"author":[{"embeddable":true,"href":"https:\/\/www.bizneo.com\/blog\/wp-json\/wp\/v2\/users\/10"}],"replies":[{"embeddable":true,"href":"https:\/\/www.bizneo.com\/blog\/wp-json\/wp\/v2\/comments?post=16427"}],"version-history":[{"count":36,"href":"https:\/\/www.bizneo.com\/blog\/wp-json\/wp\/v2\/posts\/16427\/revisions"}],"predecessor-version":[{"id":59533,"href":"https:\/\/www.bizneo.com\/blog\/wp-json\/wp\/v2\/posts\/16427\/revisions\/59533"}],"wp:featuredmedia":[{"embeddable":true,"href":"https:\/\/www.bizneo.com\/blog\/wp-json\/wp\/v2\/media\/16444"}],"wp:attachment":[{"href":"https:\/\/www.bizneo.com\/blog\/wp-json\/wp\/v2\/media?parent=16427"}],"wp:term":[{"taxonomy":"category","embeddable":true,"href":"https:\/\/www.bizneo.com\/blog\/wp-json\/wp\/v2\/categories?post=16427"},{"taxonomy":"post_tag","embeddable":true,"href":"https:\/\/www.bizneo.com\/blog\/wp-json\/wp\/v2\/tags?post=16427"}],"curies":[{"name":"wp","href":"https:\/\/api.w.org\/{rel}","templated":true}]}}