{"id":15985,"date":"2020-09-08T13:03:00","date_gmt":"2020-09-08T12:03:00","guid":{"rendered":"https:\/\/www.bizneo.com\/blog\/?p=15985"},"modified":"2026-02-01T19:14:37","modified_gmt":"2026-02-01T18:14:37","slug":"gestion-laboral","status":"publish","type":"post","link":"https:\/\/www.bizneo.com\/blog\/gestion-laboral\/","title":{"rendered":"Gesti\u00f3n Laboral: 4 medidas muy efectivas para tu empresa"},"content":{"rendered":"\n<p>Los Recursos Humanos son la <strong>piedra angular de cualquier proyecto empresarial<\/strong>, en tanto que de la respuesta y dedicaci\u00f3n del personal a la hora de afrontar sus tareas depende la buena marcha del negocio. Consecuentemente, las empresas <strong>no pueden dejar de prestar una gran atenci\u00f3n a la gesti\u00f3n laboral.<\/strong><\/p>\n\n\n\n<p>La gesti\u00f3n laboral de empresas se ocupa tanto de las <strong>cuestiones netamente administrativas<\/strong> (<a href=\"\/blog\/como-calcular-la-nomina-de-un-empleado\/\" target=\"_blank\" rel=\"noreferrer noopener\" data-wpel-link=\"internal\">n\u00f3minas<\/a>, <a href=\"\/blog\/vacaciones-de-navidad\/\" target=\"_blank\" rel=\"noreferrer noopener\" data-wpel-link=\"internal\">vacaciones<\/a>, actualizaci\u00f3n de datos\u2026) como de todo lo relacionado con la situaci\u00f3n del empleado en la compa\u00f1\u00eda (<a href=\"\/blog\/organigrama-de-una-empresa\/\" data-wpel-link=\"internal\" target=\"_blank\">organigrama de una empresa<\/a>, <a href=\"\/blog\/formacion-continua\/\" target=\"_blank\" rel=\"noreferrer noopener\" data-wpel-link=\"internal\">formaci\u00f3n<\/a>, <a href=\"https:\/\/www.bizneo.com\/blog\/clima-laboral\/\" data-wpel-link=\"internal\" target=\"_blank\">clima laboral<\/a>\u2026).<\/p>\n\n\n\n<p>Se trata, por tanto, de un amplio abanico de funciones que afectan directamente a la operatividad de la empresa. Es por ello que cada vez m\u00e1s departamentos de RR. HH. est\u00e1n <strong>apostando por un <a href=\"\/\" data-wpel-link=\"internal\" target=\"_blank\">software de Recursos Humanos <\/a>para la digitalizaci\u00f3n de estas \u00e1reas de responsabilidad<\/strong>.<\/p>\n\n\n\n<h2 class=\"wp-block-heading\">Gesti\u00f3n laboral: qu\u00e9 es y en qu\u00e9 consiste<\/h2>\n\n\n\n<p>Por gesti\u00f3n laboral entendemos la atenci\u00f3n que la empresa presta a todos los procesos relacionados con la administraci\u00f3n de los Recursos Humanos. Existen m\u00faltiples modelos de gesti\u00f3n laboral en las empresas pero todos buscan <strong>maximizar el <a href=\"\/blog\/rendimiento-laboral\/\" target=\"_blank\" rel=\"noreferrer noopener\" data-wpel-link=\"internal\">rendimiento laboral<\/a> y garantizar la operatividad de la empresa<\/strong>.<\/p>\n\n\n\n<p>La cuesti\u00f3n de la <a href=\"\/blog\/gestion-del-talento-humano\/\" data-wpel-link=\"internal\" target=\"_blank\">gesti\u00f3n del talento<\/a> ha cobrado un especial protagonismo en los \u00faltimos tiempos, poni\u00e9ndose cada vez una mayor atenci\u00f3n en el <a href=\"\/blog\/desarrollo-profesional\/\" target=\"_blank\" rel=\"noreferrer noopener\" data-wpel-link=\"internal\">desarrollo profesional<\/a> del empleado dentro de la empresa. Un buen modelo de gesti\u00f3n laboral <strong>favorecer\u00e1 que los trabajadores aspiren a permanecer y crecer en la compa\u00f1\u00eda<\/strong>, por ejemplo, con planes de carrera y <a href=\"\/blog\/promocion-interna\/\" target=\"_blank\" rel=\"noreferrer noopener\" data-wpel-link=\"internal\">promoci\u00f3n interna<\/a>.<\/p>\n\n\n\n<p>Los aspectos administrativos son igualmente relevantes, m\u00e1xime en un contexto de <strong>creciente aplicaci\u00f3n de medidas de <a href=\"\/blog\/flexibilidad-laboral\/\" target=\"_blank\" rel=\"noreferrer noopener\" data-wpel-link=\"internal\">flexibilidad laboral<\/a><\/strong>. As\u00ed, la gesti\u00f3n de las ausencias, el <a href=\"\/control-horario\/\" target=\"_blank\" rel=\"noreferrer noopener\" data-wpel-link=\"internal\">control horario<\/a>, la gesti\u00f3n documental o los <a href=\"\/blog\/etapas-proceso-de-seleccion-de-personal\/\" target=\"_blank\" rel=\"noreferrer noopener\" data-wpel-link=\"internal\">procesos de reclutamiento y selecci\u00f3n<\/a>, se cuentan entre las principales tareas en este sentido. <\/p>\n\n\n\n<p>Ni que decir tiene que <strong>una administraci\u00f3n deficiente de estos asuntos puede afectar negativamente a la actividad empresarial<\/strong>.<\/p>\n\n\n\n<figure class=\"wp-block-image size-large\"><a href=\"https:\/\/hello.bizneo.com\/kit\/gestion-de-rrhh\/?utm_content=post-KIT-RRHH\" data-wpel-link=\"internal\" target=\"_blank\"><img decoding=\"async\" width=\"1024\" height=\"307\" src=\"https:\/\/www.bizneo.com\/blog\/wp-content\/uploads\/2023\/03\/KIT-RRHH-1024x307.png\" alt=\"Kit de Gesti\u00f3n de Personal\" class=\"wp-image-39184\" srcset=\"https:\/\/www.bizneo.com\/blog\/wp-content\/uploads\/2023\/03\/KIT-RRHH-1024x307.png 1024w, https:\/\/www.bizneo.com\/blog\/wp-content\/uploads\/2023\/03\/KIT-RRHH-300x90.png 300w, https:\/\/www.bizneo.com\/blog\/wp-content\/uploads\/2023\/03\/KIT-RRHH-768x230.png 768w, https:\/\/www.bizneo.com\/blog\/wp-content\/uploads\/2023\/03\/KIT-RRHH-810x243.png 810w, https:\/\/www.bizneo.com\/blog\/wp-content\/uploads\/2023\/03\/KIT-RRHH-1140x342.png 1140w, https:\/\/www.bizneo.com\/blog\/wp-content\/uploads\/2023\/03\/KIT-RRHH.png 1360w\" sizes=\"(max-width: 1024px) 100vw, 1024px\" \/><\/a><\/figure>\n\n\n\n<h3 class=\"wp-block-heading\">\u00bfQui\u00e9n se encarga de la gesti\u00f3n laboral?<\/h3>\n\n\n\n<p>Aunque la gesti\u00f3n laboral de empresas ata\u00f1e a toda la compa\u00f1\u00eda, <strong><a href=\"\/blog\/recursos-humanos-y-responsabilidad-social-corporativa\/\" target=\"_blank\" rel=\"noreferrer noopener\" data-wpel-link=\"internal\">el departamento de RR. HH.<\/a><\/strong> es el responsable de supervisar y administrar los diferentes \u00e1mbitos que hemos comentado. Este departamento puede repartir las funciones entre distintos responsables pero, esencialmente, <strong>todo lo relacionado con el personal pasa por sus manos<\/strong>.<\/p>\n\n\n\n<p>Los departamentos de Recursos Humanos pueden apoyarse en los m\u00e1nagers y en la direcci\u00f3n de la empresa para llevar a cabo sus tareas, para las que se sirven cada vez m\u00e1s de un <strong><a href=\"\/\" target=\"_blank\" rel=\"noreferrer noopener\" data-wpel-link=\"internal\">software de Recursos Humanos<\/a> especializado que aporte eficiencia a la empresa y tranquilidad a los empleados<\/strong>.<\/p>\n\n\n\n<figure class=\"wp-block-image size-large\"><a href=\"https:\/\/hello.bizneo.com\/guia\/software-rrhh-roles-de-una-empresa\/?utm_content=post-banner-medio\" target=\"_blank\" rel=\"noopener noreferrer\" data-wpel-link=\"internal\"><img decoding=\"async\" width=\"1360\" height=\"204\" src=\"https:\/\/www.bizneo.com\/blog\/wp-content\/uploads\/2021\/09\/banner-impacto-software-rrhh.jpg\" alt=\"Gu\u00eda impacto de un software de RRHH en los roles de una empresa\" class=\"wp-image-25740\" srcset=\"https:\/\/www.bizneo.com\/blog\/wp-content\/uploads\/2021\/09\/banner-impacto-software-rrhh.jpg 1360w, https:\/\/www.bizneo.com\/blog\/wp-content\/uploads\/2021\/09\/banner-impacto-software-rrhh-300x45.jpg 300w, https:\/\/www.bizneo.com\/blog\/wp-content\/uploads\/2021\/09\/banner-impacto-software-rrhh-1024x154.jpg 1024w, https:\/\/www.bizneo.com\/blog\/wp-content\/uploads\/2021\/09\/banner-impacto-software-rrhh-768x115.jpg 768w, https:\/\/www.bizneo.com\/blog\/wp-content\/uploads\/2021\/09\/banner-impacto-software-rrhh-810x122.jpg 810w, https:\/\/www.bizneo.com\/blog\/wp-content\/uploads\/2021\/09\/banner-impacto-software-rrhh-1140x171.jpg 1140w\" sizes=\"(max-width: 1360px) 100vw, 1360px\" \/><\/a><\/figure>\n\n\n\n<h2 class=\"wp-block-heading\">Objetivos y funciones de la gesti\u00f3n laboral<\/h2>\n\n\n\n<p>Como ya hemos visto, la gesti\u00f3n laboral engloba una larga lista de funciones, cuyo objetivo \u00faltimo no es otro que <strong>alinear los Recursos Humanos con la estrategia comercial de la empresa<\/strong>. Las funciones pueden variar dependiendo de la naturaleza del negocio pero estas son algunas de las m\u00e1s habituales.<\/p>\n\n\n\n<ul class=\"wp-block-list\">\n<li>Preparaci\u00f3n y desarrollo de procesos de reclutamiento y selecci\u00f3n de personal<\/li>\n\n\n\n<li>Tramitaci\u00f3n de <a href=\"\/blog\/contrato-fijo-discontinuo\/\" target=\"_blank\" rel=\"noreferrer noopener\" data-wpel-link=\"internal\">contratos<\/a> y colaboraci\u00f3n con el departamento financiero<\/li>\n\n\n\n<li>Cumplimiento de la normativa vigente y actualizaci\u00f3n de los protocolos de la empresa de acuerdo con los cambios legislativos<\/li>\n\n\n\n<li>Gesti\u00f3n de la formaci\u00f3n de los empleados<\/li>\n\n\n\n<li>Conservaci\u00f3n de un buen <a href=\"https:\/\/www.bizneo.com\/blog\/clima-laboral\/\" target=\"_blank\" rel=\"noreferrer noopener\" data-wpel-link=\"internal\">clima laboral<\/a> y resoluci\u00f3n de conflictos<\/li>\n\n\n\n<li>Gesti\u00f3n documental y protecci\u00f3n de datos<\/li>\n\n\n\n<li>Dise\u00f1o del <a href=\"\/blog\/organigrama-de-una-empresa\/\" target=\"_blank\" rel=\"noreferrer noopener\" data-wpel-link=\"internal\">organigrama<\/a> de la empresa<\/li>\n\n\n\n<li>Colaboraci\u00f3n con los m\u00e1nagers y la direcci\u00f3n<\/li>\n\n\n\n<li><a href=\"\/blog\/modelo-de-evaluacion-del-desempeno\/\" target=\"_blank\" rel=\"noreferrer noopener\" data-wpel-link=\"internal\">Evaluaci\u00f3n del desempe\u00f1o laboral<\/a><\/li>\n\n\n\n<li>Gesti\u00f3n integral del talento, poniendo especial \u00e9nfasis en <a href=\"\/blog\/retencion-de-personal\/\" target=\"_blank\" rel=\"noreferrer noopener\" data-wpel-link=\"internal\">retener a los empleados m\u00e1s valiosos<\/a> y en detectar carencias del personal<\/li>\n\n\n\n<li>Administraci\u00f3n de los despidos<\/li>\n\n\n\n<li>Creaci\u00f3n de <a href=\"\/blog\/plan-de-incentivos-laborales\/\" target=\"_blank\" rel=\"noreferrer noopener\" data-wpel-link=\"internal\">planes de incentivos<\/a>, planes de carrera y promoci\u00f3n interna<\/li>\n\n\n\n<li>Atenci\u00f3n a la motivaci\u00f3n, la <a href=\"\/blog\/satisfaccion-laboral\/\" target=\"_blank\" rel=\"noreferrer noopener\" data-wpel-link=\"internal\">satisfacci\u00f3n laboral<\/a> y el compromiso de los empleados<\/li>\n\n\n\n<li>Gesti\u00f3n de la <a href=\"\/blog\/plan-de-sucesion\/\" target=\"_blank\" rel=\"noreferrer noopener\" data-wpel-link=\"internal\">sucesi\u00f3n empresarial<\/a><\/li>\n<\/ul>\n\n\n\n<figure class=\"wp-block-image size-large\"><a href=\"https:\/\/hello.bizneo.com\/estrategias-ciclo-vida-empleado\/?utm_content=post-banner-medio\" target=\"_blank\" rel=\"noopener noreferrer\" data-wpel-link=\"internal\"><img decoding=\"async\" width=\"1360\" height=\"204\" src=\"https:\/\/www.bizneo.com\/blog\/wp-content\/uploads\/2021\/05\/banner-ciclo-vida-empleado.jpg\" alt=\"Gu\u00eda ciclo de vida del empleado\" class=\"wp-image-21997\" srcset=\"https:\/\/www.bizneo.com\/blog\/wp-content\/uploads\/2021\/05\/banner-ciclo-vida-empleado.jpg 1360w, https:\/\/www.bizneo.com\/blog\/wp-content\/uploads\/2021\/05\/banner-ciclo-vida-empleado-300x45.jpg 300w, https:\/\/www.bizneo.com\/blog\/wp-content\/uploads\/2021\/05\/banner-ciclo-vida-empleado-1024x154.jpg 1024w, https:\/\/www.bizneo.com\/blog\/wp-content\/uploads\/2021\/05\/banner-ciclo-vida-empleado-768x115.jpg 768w, https:\/\/www.bizneo.com\/blog\/wp-content\/uploads\/2021\/05\/banner-ciclo-vida-empleado-810x122.jpg 810w, https:\/\/www.bizneo.com\/blog\/wp-content\/uploads\/2021\/05\/banner-ciclo-vida-empleado-1140x171.jpg 1140w\" sizes=\"(max-width: 1360px) 100vw, 1360px\" \/><\/a><\/figure>\n\n\n\n<h2 class=\"wp-block-heading\">C\u00f3mo mejorar la gesti\u00f3n laboral | 4 medidas imprescindibles<\/h2>\n\n\n\n<p>Al igual que otras parcelas de la actividad empresarial, las t\u00e9cnicas y los sistemas de gesti\u00f3n laboral se hallan en pleno proceso de transformaci\u00f3n. Sin lugar a dudas, <strong>la <a href=\"\/blog\/innovacion-empresarial\/\" target=\"_blank\" rel=\"noreferrer noopener\" data-wpel-link=\"internal\">innovaci\u00f3n empresarial<\/a> de los procesos es una de las tendencias m\u00e1s evidentes<\/strong>.<\/p>\n\n\n\n<p>En paralelo con este creciente peso de los recursos digitales, <strong>la gesti\u00f3n laboral actual pone el acento sobre el conocimiento<\/strong>, aspecto que est\u00e1 \u00edntimamente ligado con la formaci\u00f3n, como veremos. El manejo de las tecnolog\u00edas de la informaci\u00f3n (TIC) y el correcto tratamiento de datos, son otras claves de la gesti\u00f3n laboral de empresas.<\/p>\n\n\n\n<p>A todo lo anterior cabe a\u00f1adir la <strong>articulaci\u00f3n de espacios de interacci\u00f3n y <a href=\"\/blog\/comunicacion-corporativa\/\" target=\"_blank\" rel=\"noreferrer noopener\" data-wpel-link=\"internal\">comunicaci\u00f3n corporativa<\/a> entre la plantilla y sus superiores<\/strong>, aspecto que adquirir\u00e1 una mayor importancia en los pr\u00f3ximos tiempos de la gesti\u00f3n laboral de la mano de iniciativas como el <a href=\"\/blog\/teletrabajo\/\" target=\"_blank\" rel=\"noreferrer noopener\" data-wpel-link=\"internal\">teletrabajo<\/a>.<\/p>\n\n\n\n<bzn-down><a href=\"https:\/\/hello.bizneo.com\/evaluacion-del-desempeno-feedback\/?utm_content=post-banner\" id=\"destacado-wc-descarga\" target=\"_blank\" rel=\"noopener noreferrer\" data-wpel-link=\"internal\"><span class=\"bzn-link-title\">GU\u00cdA DESCARGABLE: C\u00d3MO COMUNICAR LA EVALUACI\u00d3N DEL DESEMPE\u00d1O<\/span>Estrategias y consejos para dar el mejor feedback al empleado<\/a><\/bzn-down>\n\n\n\n<p><\/p>\n\n\n\n<h3 class=\"wp-block-heading\">Organizaci\u00f3n del personal con un programa de gesti\u00f3n laboral<\/h3>\n\n\n\n<p>Definidas las l\u00edneas maestras de la gesti\u00f3n de personal, la primera preocupaci\u00f3n del departamento de RR. HH. debe ser <strong>trasladar su modelo de organizaci\u00f3n al resto de la plantilla<\/strong>. Esto resulta mucho m\u00e1s sencillo de la mano de un <a href=\"\/organigrama\/\" target=\"_blank\" rel=\"noreferrer noopener\" data-wpel-link=\"internal\">software de organigrama empresarial<\/a>.<\/p>\n\n\n\n<p>Este programa gesti\u00f3n laboral aporta claridad en la <strong><a href=\"\/blog\/descripcion-de-puestos-de-trabajo\/\" target=\"_blank\" rel=\"noreferrer noopener\" data-wpel-link=\"internal\">descripci\u00f3n de los puestos de trabajo<\/a> <\/strong>de la empresa, as\u00ed como en la concreci\u00f3n de los diferentes niveles jer\u00e1rquicos y las relaciones existentes entre los puestos. De este modo, es m\u00e1s sencillo distribuir las tareas y se reduce el riesgo de solapamientos.<\/p>\n\n\n\n<p>Las funciones de este programa pueden combinarse con las del <a href=\"\/control-horario\/\" target=\"_blank\" rel=\"noreferrer noopener\" data-wpel-link=\"internal\">software de control horario<\/a>, una herramienta muy sencilla que permite a los trabajadores planificar sus obligaciones y su tiempo de trabajo y que <strong>resulta particularmente \u00fatil para la gesti\u00f3n del <a href=\"\/blog\/trabajar-a-distancia\/\" target=\"_blank\" rel=\"noreferrer noopener\" data-wpel-link=\"internal\">trabajo a distancia<\/a><\/strong>.<\/p>\n\n\n\n<bzn-info><a href=\"\/control-horario\/\" id=\"destacado-post\" target=\"_blank\" rel=\"noopener noreferrer\" data-wpel-link=\"internal\"><span class=\"bzn-link-title\"><strong>Software de control horario de trabajadores | RANKING+GANADOR?<\/strong><\/span> <br> AL FINAL: an\u00e1lisis y comparativa de las 7 mejores soluciones<\/br><\/a><\/bzn-info>\n\n\n\n<p><\/p>\n\n\n\n<h3 class=\"wp-block-heading\">Gesti\u00f3n laboral de la contrataci\u00f3n<\/h3>\n\n\n\n<p>La preparaci\u00f3n y puesta en marcha de un <a href=\"\/blog\/proceso-de-reclutamiento\/\" data-wpel-link=\"internal\" target=\"_blank\">proceso de reclutamiento<\/a> es siempre un desaf\u00edo para los responsables de RR. HH. Por un lado, resulta preceptivo difundir la oferta de trabajo, para, acto seguido, recibir una ingente avalancha de candidaturas que conviene <strong><a href=\"\/blog\/criba-curricular\/\" target=\"_blank\" rel=\"noreferrer noopener\" data-wpel-link=\"internal\">cribar<\/a> de acuerdo con las caracter\u00edsticas de la oferta<\/strong>.<\/p>\n\n\n\n<p>El <a href=\"\/reclutamiento-seleccion-ats\/\" target=\"_blank\" rel=\"noreferrer noopener\" data-wpel-link=\"internal\">software de reclutamiento<\/a> posibilita el trabajo con decenas de fuentes de reclutamiento, agilizando tanto el trabajo de publicaci\u00f3n de las vacantes como las <strong>primeras preselecciones de candidatos<\/strong>. Al automatizar ambas tareas, los responsables del proceso pueden centrarse en la preparaci\u00f3n de las entrevistas y el resto de fases.<\/p>\n\n\n\n<figure class=\"wp-block-image size-large\"><a href=\"\/reclutamiento-seleccion-ats\/\" data-wpel-link=\"internal\" target=\"_blank\"><img decoding=\"async\" src=\"https:\/\/www.bizneo.com\/blog\/wp-content\/uploads\/2020\/10\/Software-de-reclutamiento-de-personal-1140x907.webp\" alt=\"Fuentes de reclutamiento\" class=\"wp-image-37059\"\/><\/a><\/figure>\n\n\n\n<p>El programa de gesti\u00f3n laboral tambi\u00e9n ayuda a <strong>mejorar la experiencia de los aspirantes<\/strong>, dado que facilita la comunicaci\u00f3n entre estos y el equipo de selecci\u00f3n, que pueden informar puntualmente sobre los siguientes pasos y sobre el estado del proceso.<\/p>\n\n\n\n<bzn-link><a href=\"https:\/\/hello.bizneo.com\/demo\/ats\/?utm_content=post-banner-medio\" id=\"destacado-ats\" target=\"_blank\" rel=\"noopener noreferrer\" data-wpel-link=\"internal\"><span class=\"bzn-link-title\">\u00a1CAPTA AL MEJOR TALENTO!<\/span>Hasta un 42% m\u00e1s r\u00e1pido que tu competencia<\/a><\/bzn-link>\n\n\n\n<p><\/p>\n\n\n\n<h3 class=\"wp-block-heading\">Gesti\u00f3n laboral del desempe\u00f1o<\/h3>\n\n\n\n<p>Convencionalmente, la supervisi\u00f3n del trabajo de los empleados <strong>se llevaba a cabo a trav\u00e9s de la observaci\u00f3n directa<\/strong>. El responsable del departamento o del equipo se acercaba a comprobar el estado de las tareas asignadas a cada trabajador y les empujaba en la direcci\u00f3n apropiada.<\/p>\n\n\n\n<p>El <a href=\"\/evaluacion-del-desempeno\/\" target=\"_blank\" rel=\"noreferrer noopener\" data-wpel-link=\"internal\">software de evaluaci\u00f3n del desempe\u00f1o<\/a> posibilita una medici\u00f3n mucho m\u00e1s precisa del trabajo de los empleados a partir de una serie de criterios previamente establecidos. Para los trabajadores, se trata de un proceso mucho m\u00e1s transparente porque se <strong>reduce notablemente el riesgo de incurrir en sesgos<\/strong> a la hora de evaluar su rendimiento.<\/p>\n\n\n\n<figure class=\"wp-block-image size-full\"><a href=\"\/evaluacion-del-desempeno\/\" target=\"_blank\" rel=\"noreferrer noopener\" data-wpel-link=\"internal\"><img decoding=\"async\" width=\"1500\" height=\"1291\" src=\"https:\/\/www.bizneo.com\/blog\/wp-content\/uploads\/2020\/09\/Evaluacion-por-competencias-2.webp\" alt=\"Criterios de evaluaci\u00f3n del desempe\u00f1o por competencias\" class=\"wp-image-49642\" srcset=\"https:\/\/www.bizneo.com\/blog\/wp-content\/uploads\/2020\/09\/Evaluacion-por-competencias-2.webp 1500w, https:\/\/www.bizneo.com\/blog\/wp-content\/uploads\/2020\/09\/Evaluacion-por-competencias-2-300x258.webp 300w, https:\/\/www.bizneo.com\/blog\/wp-content\/uploads\/2020\/09\/Evaluacion-por-competencias-2-1024x881.webp 1024w, https:\/\/www.bizneo.com\/blog\/wp-content\/uploads\/2020\/09\/Evaluacion-por-competencias-2-768x661.webp 768w, https:\/\/www.bizneo.com\/blog\/wp-content\/uploads\/2020\/09\/Evaluacion-por-competencias-2-810x697.webp 810w, https:\/\/www.bizneo.com\/blog\/wp-content\/uploads\/2020\/09\/Evaluacion-por-competencias-2-1140x981.webp 1140w\" sizes=\"(max-width: 1500px) 100vw, 1500px\" \/><\/a><\/figure>\n\n\n\n<p>Este software tambi\u00e9n facilita el env\u00edo de feedbacks a los trabajadores, de tal manera que estos puedan <strong>conocer en detalle cu\u00e1les son las \u00e1reas en las que deber\u00edan mejorar<\/strong>. De este modo, se muestra el camino a seguir para crecer dentro de la empresa y se fomenta el af\u00e1n de superaci\u00f3n en la plantilla.<\/p>\n\n\n\n<h3 class=\"wp-block-heading\">Gesti\u00f3n laboral del ambiente de trabajo<\/h3>\n\n\n\n<p>La gesti\u00f3n de clima laboral es una de las tareas menos conocidas de cualquier departamento de RR. HH. pero, al mismo tiempo, es una de las m\u00e1s sensibles por <strong>afectar directamente al <a href=\"\/blog\/bienestar-laboral\/\" target=\"_blank\" rel=\"noreferrer noopener\" data-wpel-link=\"internal\">bienestar<\/a> y la motivaci\u00f3n de los empleados<\/strong>. Mantener un buen ambiente de trabajo es fundamental para que la empresa est\u00e9 en disposici\u00f3n de alcanzar los objetivos previstos.<\/p>\n\n\n\n<p>El <a href=\"\/encuestas\/\" target=\"_blank\" rel=\"noreferrer noopener\" data-wpel-link=\"internal\">software de encuestas a empleados<\/a> es un recurso muy \u00fatil para pulsar el estado del clima laboral en la empresa. El programa permite elaborar cuestionarios totalmente personalizados que los trabajadores cumplimentan con absoluta sinceridad gracias a su car\u00e1cter confidencial. <\/p>\n\n\n\n<figure class=\"wp-block-image size-large\"><a href=\"\/encuestas\/\" data-wpel-link=\"internal\" target=\"_blank\"><img decoding=\"async\" width=\"1024\" height=\"651\" src=\"https:\/\/www.bizneo.com\/blog\/wp-content\/uploads\/2021\/05\/Dimensiones-de-encuestas-de-clima-laboral-1024x651.webp\" alt=\"Software de clima laboral preguntas\" class=\"wp-image-54331\" srcset=\"https:\/\/www.bizneo.com\/blog\/wp-content\/uploads\/2021\/05\/Dimensiones-de-encuestas-de-clima-laboral-1024x651.webp 1024w, https:\/\/www.bizneo.com\/blog\/wp-content\/uploads\/2021\/05\/Dimensiones-de-encuestas-de-clima-laboral-300x191.webp 300w, https:\/\/www.bizneo.com\/blog\/wp-content\/uploads\/2021\/05\/Dimensiones-de-encuestas-de-clima-laboral-768x488.webp 768w, https:\/\/www.bizneo.com\/blog\/wp-content\/uploads\/2021\/05\/Dimensiones-de-encuestas-de-clima-laboral-810x515.webp 810w, https:\/\/www.bizneo.com\/blog\/wp-content\/uploads\/2021\/05\/Dimensiones-de-encuestas-de-clima-laboral-1140x724.webp 1140w, https:\/\/www.bizneo.com\/blog\/wp-content\/uploads\/2021\/05\/Dimensiones-de-encuestas-de-clima-laboral.webp 1500w\" sizes=\"(max-width: 1024px) 100vw, 1024px\" \/><\/a><\/figure>\n\n\n\n<p>As\u00ed, la empresa consigue informaci\u00f3n sobre los posibles aspectos a mejorar y <strong>los profesionales se sienten escuchados y valorados<\/strong>.<\/p>\n\n\n\n<bzn-link><a href=\"\/encuestas\/\" id=\"destacado-encuestas\" target=\"_blank\" rel=\"noopener noreferrer\" data-wpel-link=\"internal\"><span class=\"bzn-link-title\">PIDE UNA DEMOSTRACI\u00d3N GRATUITA DE UN SOFTWARE DE ENCUESTAS<\/span>Eval\u00faa y reduce los conflictos laborales<\/a><\/bzn-link>\n\n\n\n<p><\/p>\n\n\n\n<p>Contrariamente a lo que cabr\u00eda pensar, la puesta en marcha de medidas de flexibilidad laboral como la <a href=\"\/blog\/jornada-intensiva\/\" target=\"_blank\" rel=\"noreferrer noopener\" data-wpel-link=\"internal\">jornada intensiva<\/a> o el trabajo a distancia no supone que la empresa pueda dejar de preocuparse por el estado del clima laboral. Si acaso, conviene prestar una mayor atenci\u00f3n a las opiniones de sus trabajadores, precisamente para que <strong>estos no pierdan el sentido de pertenencia y mantengan su compromiso<\/strong>.<\/p>\n\n\n\n<figure class=\"wp-block-image\"><a href=\"https:\/\/hello.bizneo.com\/demo\/suite\/es\/?utm_content=post-banner-grande\" data-wpel-link=\"internal\" target=\"_blank\"><img decoding=\"async\" width=\"1360\" height=\"408\" src=\"https:\/\/www.bizneo.com\/blog\/wp-content\/uploads\/2024\/02\/Banner-grande-software-recursos-humanos.jpg\" alt=\"Software de Recursos Humanos\" class=\"wp-image-44700\" srcset=\"https:\/\/www.bizneo.com\/blog\/wp-content\/uploads\/2024\/02\/Banner-grande-software-recursos-humanos.jpg 1360w, https:\/\/www.bizneo.com\/blog\/wp-content\/uploads\/2024\/02\/Banner-grande-software-recursos-humanos-300x90.jpg 300w, https:\/\/www.bizneo.com\/blog\/wp-content\/uploads\/2024\/02\/Banner-grande-software-recursos-humanos-1024x307.jpg 1024w, https:\/\/www.bizneo.com\/blog\/wp-content\/uploads\/2024\/02\/Banner-grande-software-recursos-humanos-768x230.jpg 768w, https:\/\/www.bizneo.com\/blog\/wp-content\/uploads\/2024\/02\/Banner-grande-software-recursos-humanos-810x243.jpg 810w, https:\/\/www.bizneo.com\/blog\/wp-content\/uploads\/2024\/02\/Banner-grande-software-recursos-humanos-1140x342.jpg 1140w\" sizes=\"(max-width: 1360px) 100vw, 1360px\" \/><\/a><\/figure>\n","protected":false},"excerpt":{"rendered":"<p>La gesti\u00f3n laboral es una de las funciones b\u00e1sicas en cualquier empresa porque de su correcta administraci\u00f3n dependen tanto las relaciones entre los empleados y la compa\u00f1\u00eda como el buen desempe\u00f1o de los procesos de RR. HH.<\/p>\n","protected":false},"author":14,"featured_media":15987,"comment_status":"open","ping_status":"open","sticky":false,"template":"","format":"standard","meta":{"_uag_custom_page_level_css":"","site-sidebar-layout":"default","site-content-layout":"","ast-site-content-layout":"default","site-content-style":"default","site-sidebar-style":"default","ast-global-header-display":"","ast-banner-title-visibility":"","ast-main-header-display":"","ast-hfb-above-header-display":"","ast-hfb-below-header-display":"","ast-hfb-mobile-header-display":"","site-post-title":"","ast-breadcrumbs-content":"","ast-featured-img":"","footer-sml-layout":"","ast-disable-related-posts":"","theme-transparent-header-meta":"","adv-header-id-meta":"","stick-header-meta":"","header-above-stick-meta":"","header-main-stick-meta":"","header-below-stick-meta":"","astra-migrate-meta-layouts":"default","ast-page-background-enabled":"default","ast-page-background-meta":{"desktop":{"background-color":"var(--ast-global-color-5)","background-image":"","background-repeat":"repeat","background-position":"center center","background-size":"auto","background-attachment":"scroll","background-type":"","background-media":"","overlay-type":"","overlay-color":"","overlay-opacity":"","overlay-gradient":""},"tablet":{"background-color":"","background-image":"","background-repeat":"repeat","background-position":"center center","background-size":"auto","background-attachment":"scroll","background-type":"","background-media":"","overlay-type":"","overlay-color":"","overlay-opacity":"","overlay-gradient":""},"mobile":{"background-color":"","background-image":"","background-repeat":"repeat","background-position":"center center","background-size":"auto","background-attachment":"scroll","background-type":"","background-media":"","overlay-type":"","overlay-color":"","overlay-opacity":"","overlay-gradient":""}},"ast-content-background-meta":{"desktop":{"background-color":"var(--ast-global-color-4)","background-image":"","background-repeat":"repeat","background-position":"center center","background-size":"auto","background-attachment":"scroll","background-type":"","background-media":"","overlay-type":"","overlay-color":"","overlay-opacity":"","overlay-gradient":""},"tablet":{"background-color":"var(--ast-global-color-4)","background-image":"","background-repeat":"repeat","background-position":"center center","background-size":"auto","background-attachment":"scroll","background-type":"","background-media":"","overlay-type":"","overlay-color":"","overlay-opacity":"","overlay-gradient":""},"mobile":{"background-color":"var(--ast-global-color-4)","background-image":"","background-repeat":"repeat","background-position":"center center","background-size":"auto","background-attachment":"scroll","background-type":"","background-media":"","overlay-type":"","overlay-color":"","overlay-opacity":"","overlay-gradient":""}},"footnotes":""},"categories":[93],"tags":[],"class_list":["post-15985","post","type-post","status-publish","format-standard","has-post-thumbnail","hentry","category-gestion-de-personal"],"yoast_head":"<!-- This site is optimized with the Yoast SEO plugin v27.5 - https:\/\/yoast.com\/product\/yoast-seo-wordpress\/ -->\n<title>Gesti\u00f3n Laboral | 4 medidas muy efectivas para tu empresa<\/title>\n<meta name=\"description\" content=\"Automatizar la gesti\u00f3n laboral permite mejorar aspectos como la contrataci\u00f3n, la evaluaci\u00f3n del desempe\u00f1o y el clima laboral.\" \/>\n<meta name=\"robots\" content=\"index, follow, max-snippet:-1, max-image-preview:large, max-video-preview:-1\" \/>\n<meta property=\"og:locale\" content=\"es_ES\" \/>\n<meta property=\"og:type\" content=\"article\" \/>\n<meta property=\"og:title\" content=\"Gesti\u00f3n Laboral | 4 medidas muy efectivas para tu empresa\" \/>\n<meta property=\"og:description\" content=\"Automatizar la gesti\u00f3n laboral permite mejorar aspectos como la contrataci\u00f3n, la evaluaci\u00f3n del desempe\u00f1o y el clima laboral.\" \/>\n<meta property=\"og:url\" content=\"https:\/\/www.bizneo.com\/blog\/gestion-laboral\/\" \/>\n<meta property=\"og:site_name\" content=\"Blog de Recursos Humanos de Bizneo HR: pr\u00e1ctico y actual\" \/>\n<meta property=\"article:published_time\" content=\"2020-09-08T12:03:00+00:00\" \/>\n<meta property=\"article:modified_time\" content=\"2026-02-01T18:14:37+00:00\" \/>\n<meta property=\"og:image\" content=\"https:\/\/www.bizneo.com\/blog\/wp-content\/uploads\/2020\/09\/Gestion-laboral.jpg\" \/>\n\t<meta property=\"og:image:width\" content=\"1140\" \/>\n\t<meta property=\"og:image:height\" content=\"640\" \/>\n\t<meta property=\"og:image:type\" content=\"image\/jpeg\" \/>\n<meta name=\"author\" content=\"Alberto\" \/>\n<meta name=\"twitter:card\" content=\"summary_large_image\" \/>\n<meta name=\"twitter:label1\" content=\"Escrito por\" \/>\n\t<meta name=\"twitter:data1\" content=\"Alberto\" \/>\n\t<meta name=\"twitter:label2\" content=\"Tiempo de lectura\" \/>\n\t<meta name=\"twitter:data2\" content=\"9 minutos\" \/>\n<script type=\"application\/ld+json\" class=\"yoast-schema-graph\">{\"@context\":\"https:\\\/\\\/schema.org\",\"@graph\":[{\"@type\":[\"Article\",\"BlogPosting\"],\"@id\":\"https:\\\/\\\/www.bizneo.com\\\/blog\\\/gestion-laboral\\\/#article\",\"isPartOf\":{\"@id\":\"https:\\\/\\\/www.bizneo.com\\\/blog\\\/gestion-laboral\\\/\"},\"author\":{\"name\":\"Alberto\",\"@id\":\"https:\\\/\\\/www.bizneo.com\\\/blog\\\/#\\\/schema\\\/person\\\/584866b39f66e5f0e785daab3a27dba3\"},\"headline\":\"Gesti\u00f3n Laboral: 4 medidas muy efectivas para tu empresa\",\"datePublished\":\"2020-09-08T12:03:00+00:00\",\"dateModified\":\"2026-02-01T18:14:37+00:00\",\"mainEntityOfPage\":{\"@id\":\"https:\\\/\\\/www.bizneo.com\\\/blog\\\/gestion-laboral\\\/\"},\"wordCount\":1547,\"commentCount\":4,\"publisher\":{\"@id\":\"https:\\\/\\\/www.bizneo.com\\\/blog\\\/#organization\"},\"image\":{\"@id\":\"https:\\\/\\\/www.bizneo.com\\\/blog\\\/gestion-laboral\\\/#primaryimage\"},\"thumbnailUrl\":\"https:\\\/\\\/www.bizneo.com\\\/blog\\\/wp-content\\\/uploads\\\/2020\\\/09\\\/Gestion-laboral.jpg\",\"articleSection\":[\"Gesti\u00f3n de Personal\"],\"inLanguage\":\"es\",\"potentialAction\":[{\"@type\":\"CommentAction\",\"name\":\"Comment\",\"target\":[\"https:\\\/\\\/www.bizneo.com\\\/blog\\\/gestion-laboral\\\/#respond\"]}]},{\"@type\":\"WebPage\",\"@id\":\"https:\\\/\\\/www.bizneo.com\\\/blog\\\/gestion-laboral\\\/\",\"url\":\"https:\\\/\\\/www.bizneo.com\\\/blog\\\/gestion-laboral\\\/\",\"name\":\"Gesti\u00f3n Laboral | 4 medidas muy efectivas para tu empresa\",\"isPartOf\":{\"@id\":\"https:\\\/\\\/www.bizneo.com\\\/blog\\\/#website\"},\"primaryImageOfPage\":{\"@id\":\"https:\\\/\\\/www.bizneo.com\\\/blog\\\/gestion-laboral\\\/#primaryimage\"},\"image\":{\"@id\":\"https:\\\/\\\/www.bizneo.com\\\/blog\\\/gestion-laboral\\\/#primaryimage\"},\"thumbnailUrl\":\"https:\\\/\\\/www.bizneo.com\\\/blog\\\/wp-content\\\/uploads\\\/2020\\\/09\\\/Gestion-laboral.jpg\",\"datePublished\":\"2020-09-08T12:03:00+00:00\",\"dateModified\":\"2026-02-01T18:14:37+00:00\",\"description\":\"Automatizar la gesti\u00f3n laboral permite mejorar aspectos como la contrataci\u00f3n, la evaluaci\u00f3n del desempe\u00f1o y el clima laboral.\",\"breadcrumb\":{\"@id\":\"https:\\\/\\\/www.bizneo.com\\\/blog\\\/gestion-laboral\\\/#breadcrumb\"},\"inLanguage\":\"es\",\"potentialAction\":[{\"@type\":\"ReadAction\",\"target\":[\"https:\\\/\\\/www.bizneo.com\\\/blog\\\/gestion-laboral\\\/\"]}]},{\"@type\":\"ImageObject\",\"inLanguage\":\"es\",\"@id\":\"https:\\\/\\\/www.bizneo.com\\\/blog\\\/gestion-laboral\\\/#primaryimage\",\"url\":\"https:\\\/\\\/www.bizneo.com\\\/blog\\\/wp-content\\\/uploads\\\/2020\\\/09\\\/Gestion-laboral.jpg\",\"contentUrl\":\"https:\\\/\\\/www.bizneo.com\\\/blog\\\/wp-content\\\/uploads\\\/2020\\\/09\\\/Gestion-laboral.jpg\",\"width\":1140,\"height\":640,\"caption\":\"Una correcta gesti\u00f3n laboral es b\u00e1sica para el \u00e9xito de cualquier empresa\"},{\"@type\":\"BreadcrumbList\",\"@id\":\"https:\\\/\\\/www.bizneo.com\\\/blog\\\/gestion-laboral\\\/#breadcrumb\",\"itemListElement\":[{\"@type\":\"ListItem\",\"position\":1,\"name\":\"Portada\",\"item\":\"https:\\\/\\\/www.bizneo.com\\\/blog\\\/\"},{\"@type\":\"ListItem\",\"position\":2,\"name\":\"Gesti\u00f3n de Personal\",\"item\":\"https:\\\/\\\/www.bizneo.com\\\/blog\\\/category\\\/gestion-de-personal\\\/\"},{\"@type\":\"ListItem\",\"position\":3,\"name\":\"Gesti\u00f3n Laboral: 4 medidas muy efectivas para tu empresa\"}]},{\"@type\":\"WebSite\",\"@id\":\"https:\\\/\\\/www.bizneo.com\\\/blog\\\/#website\",\"url\":\"https:\\\/\\\/www.bizneo.com\\\/blog\\\/\",\"name\":\"Blog de Recursos Humanos de Bizneo HR: pr\u00e1ctico y actual\",\"description\":\"Todo sobre actualidad, herramientas y tecnolog\u00eda  para optimizar la gesti\u00f3n del talento humano\",\"publisher\":{\"@id\":\"https:\\\/\\\/www.bizneo.com\\\/blog\\\/#organization\"},\"potentialAction\":[{\"@type\":\"SearchAction\",\"target\":{\"@type\":\"EntryPoint\",\"urlTemplate\":\"https:\\\/\\\/www.bizneo.com\\\/blog\\\/?s={search_term_string}\"},\"query-input\":{\"@type\":\"PropertyValueSpecification\",\"valueRequired\":true,\"valueName\":\"search_term_string\"}}],\"inLanguage\":\"es\"},{\"@type\":\"Organization\",\"@id\":\"https:\\\/\\\/www.bizneo.com\\\/blog\\\/#organization\",\"name\":\"Bizneo HR\",\"url\":\"https:\\\/\\\/www.bizneo.com\\\/blog\\\/\",\"logo\":{\"@type\":\"ImageObject\",\"inLanguage\":\"es\",\"@id\":\"https:\\\/\\\/www.bizneo.com\\\/blog\\\/#\\\/schema\\\/logo\\\/image\\\/\",\"url\":\"https:\\\/\\\/www.bizneo.com\\\/blog\\\/wp-content\\\/uploads\\\/2020\\\/09\\\/Icono-Logo-Bizneo-HR.png\",\"contentUrl\":\"https:\\\/\\\/www.bizneo.com\\\/blog\\\/wp-content\\\/uploads\\\/2020\\\/09\\\/Icono-Logo-Bizneo-HR.png\",\"width\":834,\"height\":834,\"caption\":\"Bizneo HR\"},\"image\":{\"@id\":\"https:\\\/\\\/www.bizneo.com\\\/blog\\\/#\\\/schema\\\/logo\\\/image\\\/\"}},{\"@type\":\"Person\",\"@id\":\"https:\\\/\\\/www.bizneo.com\\\/blog\\\/#\\\/schema\\\/person\\\/584866b39f66e5f0e785daab3a27dba3\",\"name\":\"Alberto\",\"image\":{\"@type\":\"ImageObject\",\"inLanguage\":\"es\",\"@id\":\"https:\\\/\\\/secure.gravatar.com\\\/avatar\\\/8d82a346ba2132a42e4f46ed815f763bf863736882da998f483348d94489a4cb?s=96&d=mm&r=g\",\"url\":\"https:\\\/\\\/secure.gravatar.com\\\/avatar\\\/8d82a346ba2132a42e4f46ed815f763bf863736882da998f483348d94489a4cb?s=96&d=mm&r=g\",\"contentUrl\":\"https:\\\/\\\/secure.gravatar.com\\\/avatar\\\/8d82a346ba2132a42e4f46ed815f763bf863736882da998f483348d94489a4cb?s=96&d=mm&r=g\",\"caption\":\"Alberto\"},\"url\":\"https:\\\/\\\/www.bizneo.com\\\/blog\\\/author\\\/alberto_redactor\\\/\"}]}<\/script>\n<!-- \/ Yoast SEO plugin. -->","yoast_head_json":{"title":"Gesti\u00f3n Laboral | 4 medidas muy efectivas para tu empresa","description":"Automatizar la gesti\u00f3n laboral permite mejorar aspectos como la contrataci\u00f3n, la evaluaci\u00f3n del desempe\u00f1o y el clima laboral.","robots":{"index":"index","follow":"follow","max-snippet":"max-snippet:-1","max-image-preview":"max-image-preview:large","max-video-preview":"max-video-preview:-1"},"og_locale":"es_ES","og_type":"article","og_title":"Gesti\u00f3n Laboral | 4 medidas muy efectivas para tu empresa","og_description":"Automatizar la gesti\u00f3n laboral permite mejorar aspectos como la contrataci\u00f3n, la evaluaci\u00f3n del desempe\u00f1o y el clima laboral.","og_url":"https:\/\/www.bizneo.com\/blog\/gestion-laboral\/","og_site_name":"Blog de Recursos Humanos de Bizneo HR: pr\u00e1ctico y actual","article_published_time":"2020-09-08T12:03:00+00:00","article_modified_time":"2026-02-01T18:14:37+00:00","og_image":[{"width":1140,"height":640,"url":"https:\/\/www.bizneo.com\/blog\/wp-content\/uploads\/2020\/09\/Gestion-laboral.jpg","type":"image\/jpeg"}],"author":"Alberto","twitter_card":"summary_large_image","twitter_misc":{"Escrito por":"Alberto","Tiempo de lectura":"9 minutos"},"schema":{"@context":"https:\/\/schema.org","@graph":[{"@type":["Article","BlogPosting"],"@id":"https:\/\/www.bizneo.com\/blog\/gestion-laboral\/#article","isPartOf":{"@id":"https:\/\/www.bizneo.com\/blog\/gestion-laboral\/"},"author":{"name":"Alberto","@id":"https:\/\/www.bizneo.com\/blog\/#\/schema\/person\/584866b39f66e5f0e785daab3a27dba3"},"headline":"Gesti\u00f3n Laboral: 4 medidas muy efectivas para tu empresa","datePublished":"2020-09-08T12:03:00+00:00","dateModified":"2026-02-01T18:14:37+00:00","mainEntityOfPage":{"@id":"https:\/\/www.bizneo.com\/blog\/gestion-laboral\/"},"wordCount":1547,"commentCount":4,"publisher":{"@id":"https:\/\/www.bizneo.com\/blog\/#organization"},"image":{"@id":"https:\/\/www.bizneo.com\/blog\/gestion-laboral\/#primaryimage"},"thumbnailUrl":"https:\/\/www.bizneo.com\/blog\/wp-content\/uploads\/2020\/09\/Gestion-laboral.jpg","articleSection":["Gesti\u00f3n de Personal"],"inLanguage":"es","potentialAction":[{"@type":"CommentAction","name":"Comment","target":["https:\/\/www.bizneo.com\/blog\/gestion-laboral\/#respond"]}]},{"@type":"WebPage","@id":"https:\/\/www.bizneo.com\/blog\/gestion-laboral\/","url":"https:\/\/www.bizneo.com\/blog\/gestion-laboral\/","name":"Gesti\u00f3n Laboral | 4 medidas muy efectivas para tu empresa","isPartOf":{"@id":"https:\/\/www.bizneo.com\/blog\/#website"},"primaryImageOfPage":{"@id":"https:\/\/www.bizneo.com\/blog\/gestion-laboral\/#primaryimage"},"image":{"@id":"https:\/\/www.bizneo.com\/blog\/gestion-laboral\/#primaryimage"},"thumbnailUrl":"https:\/\/www.bizneo.com\/blog\/wp-content\/uploads\/2020\/09\/Gestion-laboral.jpg","datePublished":"2020-09-08T12:03:00+00:00","dateModified":"2026-02-01T18:14:37+00:00","description":"Automatizar la gesti\u00f3n laboral permite mejorar aspectos como la contrataci\u00f3n, la evaluaci\u00f3n del desempe\u00f1o y el clima laboral.","breadcrumb":{"@id":"https:\/\/www.bizneo.com\/blog\/gestion-laboral\/#breadcrumb"},"inLanguage":"es","potentialAction":[{"@type":"ReadAction","target":["https:\/\/www.bizneo.com\/blog\/gestion-laboral\/"]}]},{"@type":"ImageObject","inLanguage":"es","@id":"https:\/\/www.bizneo.com\/blog\/gestion-laboral\/#primaryimage","url":"https:\/\/www.bizneo.com\/blog\/wp-content\/uploads\/2020\/09\/Gestion-laboral.jpg","contentUrl":"https:\/\/www.bizneo.com\/blog\/wp-content\/uploads\/2020\/09\/Gestion-laboral.jpg","width":1140,"height":640,"caption":"Una correcta gesti\u00f3n laboral es b\u00e1sica para el \u00e9xito de cualquier empresa"},{"@type":"BreadcrumbList","@id":"https:\/\/www.bizneo.com\/blog\/gestion-laboral\/#breadcrumb","itemListElement":[{"@type":"ListItem","position":1,"name":"Portada","item":"https:\/\/www.bizneo.com\/blog\/"},{"@type":"ListItem","position":2,"name":"Gesti\u00f3n de Personal","item":"https:\/\/www.bizneo.com\/blog\/category\/gestion-de-personal\/"},{"@type":"ListItem","position":3,"name":"Gesti\u00f3n Laboral: 4 medidas muy efectivas para tu empresa"}]},{"@type":"WebSite","@id":"https:\/\/www.bizneo.com\/blog\/#website","url":"https:\/\/www.bizneo.com\/blog\/","name":"Blog de Recursos Humanos de Bizneo HR: pr\u00e1ctico y actual","description":"Todo sobre actualidad, herramientas y tecnolog\u00eda  para optimizar la gesti\u00f3n del talento humano","publisher":{"@id":"https:\/\/www.bizneo.com\/blog\/#organization"},"potentialAction":[{"@type":"SearchAction","target":{"@type":"EntryPoint","urlTemplate":"https:\/\/www.bizneo.com\/blog\/?s={search_term_string}"},"query-input":{"@type":"PropertyValueSpecification","valueRequired":true,"valueName":"search_term_string"}}],"inLanguage":"es"},{"@type":"Organization","@id":"https:\/\/www.bizneo.com\/blog\/#organization","name":"Bizneo HR","url":"https:\/\/www.bizneo.com\/blog\/","logo":{"@type":"ImageObject","inLanguage":"es","@id":"https:\/\/www.bizneo.com\/blog\/#\/schema\/logo\/image\/","url":"https:\/\/www.bizneo.com\/blog\/wp-content\/uploads\/2020\/09\/Icono-Logo-Bizneo-HR.png","contentUrl":"https:\/\/www.bizneo.com\/blog\/wp-content\/uploads\/2020\/09\/Icono-Logo-Bizneo-HR.png","width":834,"height":834,"caption":"Bizneo HR"},"image":{"@id":"https:\/\/www.bizneo.com\/blog\/#\/schema\/logo\/image\/"}},{"@type":"Person","@id":"https:\/\/www.bizneo.com\/blog\/#\/schema\/person\/584866b39f66e5f0e785daab3a27dba3","name":"Alberto","image":{"@type":"ImageObject","inLanguage":"es","@id":"https:\/\/secure.gravatar.com\/avatar\/8d82a346ba2132a42e4f46ed815f763bf863736882da998f483348d94489a4cb?s=96&d=mm&r=g","url":"https:\/\/secure.gravatar.com\/avatar\/8d82a346ba2132a42e4f46ed815f763bf863736882da998f483348d94489a4cb?s=96&d=mm&r=g","contentUrl":"https:\/\/secure.gravatar.com\/avatar\/8d82a346ba2132a42e4f46ed815f763bf863736882da998f483348d94489a4cb?s=96&d=mm&r=g","caption":"Alberto"},"url":"https:\/\/www.bizneo.com\/blog\/author\/alberto_redactor\/"}]}},"spectra_custom_meta":{"_is_githuber_markdown":["1"],"_edit_lock":["1769969713:47"],"_edit_last":["47"],"_githuber_prismjs":[""],"_githuber_highlightjs":[""],"_is_githuber_sequence":[""],"_is_githuber_flow_chart":[""],"_is_githuber_mermaid":[""],"_is_githuber_katex":[""],"_is_githuber_mathjax":[""],"onesignal_meta_box_present":["1"],"onesignal_send_notification":[""],"_vce_meta":["a:4:{s:11:\"use_sidebar\";s:7:\"inherit\";s:7:\"sidebar\";s:7:\"inherit\";s:14:\"sticky_sidebar\";s:7:\"inherit\";s:6:\"layout\";s:7:\"inherit\";}"],"_is_githuber_markdown_enabled":["no"],"_thumbnail_id":["15987"],"_yoast_wpseo_content_score":["90"],"_yoast_wpseo_primary_category":["93"],"_yoast_wpseo_focuskw":["gesti\u00f3n laboral"],"_yoast_wpseo_title":["Gesti\u00f3n Laboral | 4 medidas muy efectivas para tu empresa"],"_yoast_wpseo_metadesc":["Automatizar la gesti\u00f3n laboral permite mejorar aspectos como la contrataci\u00f3n, la evaluaci\u00f3n del desempe\u00f1o y el clima laboral."],"_yoast_wpseo_linkdex":["90"],"response_body":["{\"id\":\"bc73bf77-bc14-4f2d-adb7-135dcc14f745\",\"recipients\":5629,\"external_id\":\"52b5ded4-15ec-738f-4ec7-32bd22dee4ea\",\"warnings\":[\"You must configure iOS notifications in your OneSignal settings if you wish to send messages to iOS users.\",\"You must configure Android notifications in your OneSignal settings if you wish to send messages to Android users.\"]}"],"status":["200"],"recipients":["5629"],"Views":["4390"],"onesignal_modify_title_and_content":[""],"onesignal_notification_custom_heading":[null],"onesignal_notification_custom_content":[null],"wp_review_type":["none"],"_yoast_wpseo_estimated-reading-time-minutes":["9"],"wp_review_positive_count":["0"],"wp_review_negative_count":["0"],"_at_widget":["1"],"wp_review_user_reviews":["0"],"wp_review_review_count":["0"],"_yoast_wpseo_wordproof_timestamp":[""],"_uag_css_file_name":["uag-css-15985.css"],"_uag_page_assets":["a:9:{s:3:\"css\";s:263:\".uag-blocks-common-selector{z-index:var(--z-index-desktop) !important}@media (max-width: 976px){.uag-blocks-common-selector{z-index:var(--z-index-tablet) !important}}@media (max-width: 767px){.uag-blocks-common-selector{z-index:var(--z-index-mobile) !important}}\n\";s:2:\"js\";s:0:\"\";s:18:\"current_block_list\";a:8:{i:0;s:14:\"core\/paragraph\";i:1;s:12:\"core\/heading\";i:2;s:10:\"core\/image\";i:3;s:9:\"core\/list\";i:4;s:14:\"core\/list-item\";i:5;s:9:\"core\/html\";i:6;s:12:\"core\/details\";i:7;s:14:\"core\/shortcode\";}s:8:\"uag_flag\";b:0;s:11:\"uag_version\";s:10:\"1777548730\";s:6:\"gfonts\";a:0:{}s:10:\"gfonts_url\";s:0:\"\";s:12:\"gfonts_files\";a:0:{}s:14:\"uag_faq_layout\";b:0;}"]},"uagb_featured_image_src":{"full":["https:\/\/www.bizneo.com\/blog\/wp-content\/uploads\/2020\/09\/Gestion-laboral.jpg",1140,640,false],"thumbnail":["https:\/\/www.bizneo.com\/blog\/wp-content\/uploads\/2020\/09\/Gestion-laboral-150x150.jpg",150,150,true],"medium":["https:\/\/www.bizneo.com\/blog\/wp-content\/uploads\/2020\/09\/Gestion-laboral-300x168.jpg",300,168,true],"medium_large":["https:\/\/www.bizneo.com\/blog\/wp-content\/uploads\/2020\/09\/Gestion-laboral-768x431.jpg",768,431,true],"large":["https:\/\/www.bizneo.com\/blog\/wp-content\/uploads\/2020\/09\/Gestion-laboral-1024x575.jpg",1024,575,true],"1536x1536":["https:\/\/www.bizneo.com\/blog\/wp-content\/uploads\/2020\/09\/Gestion-laboral.jpg",1140,640,false],"2048x2048":["https:\/\/www.bizneo.com\/blog\/wp-content\/uploads\/2020\/09\/Gestion-laboral.jpg",1140,640,false]},"uagb_author_info":{"display_name":"Alberto","author_link":"https:\/\/www.bizneo.com\/blog\/author\/alberto_redactor\/"},"uagb_comment_info":4,"uagb_excerpt":"La gesti\u00f3n laboral es una de las funciones b\u00e1sicas en cualquier empresa porque de su correcta administraci\u00f3n dependen tanto las relaciones entre los empleados y la compa\u00f1\u00eda como el buen desempe\u00f1o de los procesos de RR. HH.","_links":{"self":[{"href":"https:\/\/www.bizneo.com\/blog\/wp-json\/wp\/v2\/posts\/15985","targetHints":{"allow":["GET"]}}],"collection":[{"href":"https:\/\/www.bizneo.com\/blog\/wp-json\/wp\/v2\/posts"}],"about":[{"href":"https:\/\/www.bizneo.com\/blog\/wp-json\/wp\/v2\/types\/post"}],"author":[{"embeddable":true,"href":"https:\/\/www.bizneo.com\/blog\/wp-json\/wp\/v2\/users\/14"}],"replies":[{"embeddable":true,"href":"https:\/\/www.bizneo.com\/blog\/wp-json\/wp\/v2\/comments?post=15985"}],"version-history":[{"count":41,"href":"https:\/\/www.bizneo.com\/blog\/wp-json\/wp\/v2\/posts\/15985\/revisions"}],"predecessor-version":[{"id":59545,"href":"https:\/\/www.bizneo.com\/blog\/wp-json\/wp\/v2\/posts\/15985\/revisions\/59545"}],"wp:featuredmedia":[{"embeddable":true,"href":"https:\/\/www.bizneo.com\/blog\/wp-json\/wp\/v2\/media\/15987"}],"wp:attachment":[{"href":"https:\/\/www.bizneo.com\/blog\/wp-json\/wp\/v2\/media?parent=15985"}],"wp:term":[{"taxonomy":"category","embeddable":true,"href":"https:\/\/www.bizneo.com\/blog\/wp-json\/wp\/v2\/categories?post=15985"},{"taxonomy":"post_tag","embeddable":true,"href":"https:\/\/www.bizneo.com\/blog\/wp-json\/wp\/v2\/tags?post=15985"}],"curies":[{"name":"wp","href":"https:\/\/api.w.org\/{rel}","templated":true}]}}