{"id":15891,"date":"2020-09-01T16:22:00","date_gmt":"2020-09-01T15:22:00","guid":{"rendered":"https:\/\/www.bizneo.com\/blog\/?p=15891"},"modified":"2026-02-01T19:15:17","modified_gmt":"2026-02-01T18:15:17","slug":"bienestar-laboral","status":"publish","type":"post","link":"https:\/\/www.bizneo.com\/blog\/bienestar-laboral\/","title":{"rendered":"Qu\u00e9 es el bienestar laboral"},"content":{"rendered":"\n<p>Son muchos los factores que explican el bienestar laboral de un empleado en una determinada empresa. El <strong><a href=\"https:\/\/www.bizneo.com\/blog\/clima-laboral\/\" target=\"_blank\" rel=\"noreferrer noopener\" data-wpel-link=\"internal\">clima laboral<\/a><\/strong> y la relaci\u00f3n con los compa\u00f1eros, las condiciones salariales, la organizaci\u00f3n de las tareas, la definici\u00f3n de los objetivos o el trato con los superiores son algunos de ellos.<\/p>\n\n\n\n<p>Cuando estos y otros par\u00e1metros se toman en consideraci\u00f3n de panera consciente y siguiendo un programa previamente elaborado, podemos hablar de un empleado satisfecho con su situaci\u00f3n laboral, un concepto muy amplio y complejo pero que, en \u00faltima instancia, explica buena parte del <strong>\u00e9xito o del fracaso de cualquier modelo de <a href=\"\/blog\/retos-gestion-personal\/\" target=\"_blank\" rel=\"noreferrer noopener\" data-wpel-link=\"internal\">gesti\u00f3n de personal<\/a><\/strong>.<\/p>\n\n\n\n<p>Apostar por el bienestar organizacional y disponer de un plan espec\u00edfico ayuda a mejorar variables como la <a href=\"\/blog\/retencion-de-personal\/\" target=\"_blank\" rel=\"noreferrer noopener\" data-wpel-link=\"internal\">retenci\u00f3n del personal<\/a>, la satisfacci\u00f3n laboral o la coordinaci\u00f3n en cualquier equipo de trabajo. No sorprende que algunas de las grandes corporaciones internacionales <strong>lleven a\u00f1os preocup\u00e1ndose por esta cuesti\u00f3n<\/strong>.<\/p>\n\n\n\n<h2 class=\"wp-block-heading\">Qu\u00e9 es bienestar social laboral y cu\u00e1les son sus caracter\u00edsticas<\/h2>\n\n\n\n<p>La actividad laboral supone una parte muy importante de la vida de las personas. De acuerdo con los datos de UP Spain, un trabajador espa\u00f1ol medio dedica en torno a 3.500 d\u00edas de su vida a sus ocupaciones profesionales. Salta a la vista que <strong>cuidar el bienestar laboral tiene una incidencia directa en la calidad de vida<\/strong>.<\/p>\n\n\n\n<p>El bienestar laboral es el t\u00e9rmino con el que nos referimos a una situaci\u00f3n de <strong>equilibrio entre todos los aspectos que condicionan la opini\u00f3n que un empleado<\/strong> se forma sobre su entorno de trabajo. A mayor sensaci\u00f3n de bienestar, mejor ser\u00e1 la predisposici\u00f3n del trabajador en el cumplimiento de sus obligaciones. Existe, por tanto, una <strong>relaci\u00f3n directa entre este concepto y la <a href=\"\/blog\/productividad-en-el-trabajo\/\" target=\"_blank\" rel=\"noreferrer noopener\" data-wpel-link=\"internal\">productividad laboral<\/a><\/strong>.<\/p>\n\n\n\n<bzn-note><a href=\"\/blog\/descanso-en-el-trabajo\/\" id=\"destacado-post\" target=\"_blank\" rel=\"noopener noreferrer\" data-wpel-link=\"internal\"><span class=\"bzn-note-title\"><strong>Descanso en la jornada laboral y productividad<\/strong> <\/span><br>Descubre c\u00f3mo gestionar el descanso laboral para mejorar los resultados de tu empresa.<\/a><br><\/bzn-note>\n\n\n\n<p><\/p>\n\n\n\n<p>Algunos soci\u00f3logos han vinculado el bienestar de los trabajadores en la empresa con el concepto todav\u00eda m\u00e1s amplio de la felicidad, entendiendo que, as\u00ed como la vida personal puede condicionar el <a href=\"\/blog\/rendimiento-laboral\/\" target=\"_blank\" rel=\"noreferrer noopener\" data-wpel-link=\"internal\">rendimiento laboral<\/a>, <strong>las condiciones del empleo (y no solamente las econ\u00f3micas) tambi\u00e9n puede afectar a la vida privada<\/strong> y a la personalidad de los trabajadores.<\/p>\n\n\n\n<figure class=\"wp-block-image size-large\"><a href=\"\/encuestas\/\" data-wpel-link=\"internal\" target=\"_blank\"><img decoding=\"async\" width=\"1024\" height=\"651\" src=\"https:\/\/www.bizneo.com\/blog\/wp-content\/uploads\/2021\/05\/Dimensiones-de-encuestas-de-clima-laboral-1024x651.webp\" alt=\"Software de clima laboral preguntas\" class=\"wp-image-54331\" srcset=\"https:\/\/www.bizneo.com\/blog\/wp-content\/uploads\/2021\/05\/Dimensiones-de-encuestas-de-clima-laboral-1024x651.webp 1024w, https:\/\/www.bizneo.com\/blog\/wp-content\/uploads\/2021\/05\/Dimensiones-de-encuestas-de-clima-laboral-300x191.webp 300w, https:\/\/www.bizneo.com\/blog\/wp-content\/uploads\/2021\/05\/Dimensiones-de-encuestas-de-clima-laboral-768x488.webp 768w, https:\/\/www.bizneo.com\/blog\/wp-content\/uploads\/2021\/05\/Dimensiones-de-encuestas-de-clima-laboral-810x515.webp 810w, https:\/\/www.bizneo.com\/blog\/wp-content\/uploads\/2021\/05\/Dimensiones-de-encuestas-de-clima-laboral-1140x724.webp 1140w, https:\/\/www.bizneo.com\/blog\/wp-content\/uploads\/2021\/05\/Dimensiones-de-encuestas-de-clima-laboral.webp 1500w\" sizes=\"(max-width: 1024px) 100vw, 1024px\" \/><\/a><\/figure>\n\n\n\n<h2 class=\"wp-block-heading\">Para qu\u00e9 sirve el bienestar laboral<\/h2>\n\n\n\n<p>Tal y como hemos apuntado en el apartado anterior, el bienestar laboral tiene una gran importancia tanto para la plantilla como para la compa\u00f1\u00eda. No solo est\u00e1 <strong>estrechamente relacionado con el ambiente de trabajo<\/strong>, sino que puede llegar a impactar de manera significativa en los resultados de la empresa.<\/p>\n\n\n\n<p>Los trabajadores que se sienten a gusto en su entorno laboral est\u00e1n expuestos a una <strong>menor incidencia de enfermedades y trastornos como la depresi\u00f3n, el <a href=\"\/blog\/estres-laboral\/\" target=\"_blank\" rel=\"noreferrer noopener\" data-wpel-link=\"internal\">estr\u00e9s<\/a> o los cuadros de <a href=\"\/blog\/ansiedad-en-el-trabajo\/\" target=\"_blank\" rel=\"noreferrer noopener\" data-wpel-link=\"internal\">ansiedad<\/a><\/strong>. Paralelamente, gracias al bienestar empresarial afrontan cada jornada con mayores niveles de motivaci\u00f3n, siendo m\u00e1s propensos a colaborar y cooperar con sus compa\u00f1eros.<\/p>\n\n\n\n<figure class=\"wp-block-image size-full\"><a href=\"https:\/\/hello.bizneo.com\/guia\/jornada-laboral-cuatro-dias\/?utm_content=post-banner-medio\" data-wpel-link=\"internal\" target=\"_blank\"><img decoding=\"async\" width=\"1360\" height=\"204\" src=\"https:\/\/www.bizneo.com\/blog\/wp-content\/uploads\/2022\/08\/banner-jornada-4-dias.jpg\" alt=\"Gu\u00eda jornada de 4 d\u00edas \" class=\"wp-image-35438\" srcset=\"https:\/\/www.bizneo.com\/blog\/wp-content\/uploads\/2022\/08\/banner-jornada-4-dias.jpg 1360w, https:\/\/www.bizneo.com\/blog\/wp-content\/uploads\/2022\/08\/banner-jornada-4-dias-300x45.jpg 300w, https:\/\/www.bizneo.com\/blog\/wp-content\/uploads\/2022\/08\/banner-jornada-4-dias-1024x154.jpg 1024w, https:\/\/www.bizneo.com\/blog\/wp-content\/uploads\/2022\/08\/banner-jornada-4-dias-768x115.jpg 768w, https:\/\/www.bizneo.com\/blog\/wp-content\/uploads\/2022\/08\/banner-jornada-4-dias-810x122.jpg 810w, https:\/\/www.bizneo.com\/blog\/wp-content\/uploads\/2022\/08\/banner-jornada-4-dias-1140x171.jpg 1140w\" sizes=\"(max-width: 1360px) 100vw, 1360px\" \/><\/a><\/figure>\n\n\n\n<p>Los profesionales regresan a casa mucho m\u00e1s satisfechos con sus actividades diarias e, incluso, sin la misma sensaci\u00f3n de cansancio que se experimenta cuando el entorno de trabajo es menos agradable por diferentes motivos. De este modo, <strong>la vida personal de los empleados se ve beneficiada<\/strong> por la sensaci\u00f3n de bienestar en el trabajo.<\/p>\n\n\n\n<p>Para la empresa, los factores anteriores se traducen en una <strong>menor cantidad de horas no trabajadas al cabo del a\u00f1o<\/strong>, tanto por retrasos como por ausencias puntuales de los trabajadores. Las <a href=\"\/blog\/tipos-de-baja-laboral-y-como-gestionarlas\/\" target=\"_blank\" rel=\"noreferrer noopener\" data-wpel-link=\"internal\">bajas laborales<\/a> por motivos psicol\u00f3gicos son poco habituales, la conflictividad laboral tiende a reducirse y la rotaci\u00f3n de la plantilla disminuye. <\/p>\n\n\n\n<p>Para estar al tanto de las ausencias de la plantilla existen programas para automatizar la gesti\u00f3n tanto del <a href=\"\/control-horario\/\" target=\"_blank\" rel=\"noreferrer noopener\" data-wpel-link=\"internal\">control horario<\/a> como de las vacaciones y bajas laborales. Refuerza la gesti\u00f3n de tu plantilla y facilita la <a href=\"\/blog\/flexibilidad-horaria\/\" target=\"_blank\" rel=\"noreferrer noopener\" data-wpel-link=\"internal\">flexibilidad horaria<\/a>. <\/p>\n\n\n\n<figure class=\"wp-block-image size-large\"><a href=\"\/control-horario\/\" data-wpel-link=\"internal\" target=\"_blank\"><img decoding=\"async\" width=\"1360\" height=\"204\" src=\"https:\/\/www.bizneo.com\/blog\/wp-content\/uploads\/2021\/04\/banner_medio-herramienta-turnos-horario.jpg\" alt=\"software control horario\" class=\"wp-image-21167\" srcset=\"https:\/\/www.bizneo.com\/blog\/wp-content\/uploads\/2021\/04\/banner_medio-herramienta-turnos-horario.jpg 1360w, https:\/\/www.bizneo.com\/blog\/wp-content\/uploads\/2021\/04\/banner_medio-herramienta-turnos-horario-300x45.jpg 300w, https:\/\/www.bizneo.com\/blog\/wp-content\/uploads\/2021\/04\/banner_medio-herramienta-turnos-horario-1024x154.jpg 1024w, https:\/\/www.bizneo.com\/blog\/wp-content\/uploads\/2021\/04\/banner_medio-herramienta-turnos-horario-768x115.jpg 768w, https:\/\/www.bizneo.com\/blog\/wp-content\/uploads\/2021\/04\/banner_medio-herramienta-turnos-horario-810x122.jpg 810w, https:\/\/www.bizneo.com\/blog\/wp-content\/uploads\/2021\/04\/banner_medio-herramienta-turnos-horario-1140x171.jpg 1140w\" sizes=\"(max-width: 1360px) 100vw, 1360px\" \/><\/a><\/figure>\n\n\n\n<h2 class=\"wp-block-heading\">El Plan de bienestar laboral<\/h2>\n\n\n\n<p>Las compa\u00f1\u00edas que se toman en serio la <a href=\"\/blog\/empleados-felices\/\" target=\"_blank\" rel=\"noreferrer noopener\" data-wpel-link=\"internal\">felicidad de sus empleados<\/a> \u2013y los beneficios para el negocio derivados de la misma- pueden contar con un plan espec\u00edfico para cuidar esta variable. <\/p>\n\n\n\n<p>En un sentido m\u00e1s amplio, disponer de un plan de bienestar laboral es una forma de <strong>remarcar la importancia de los empleados en una empresa<\/strong>.<\/p>\n\n\n\n<h3 class=\"wp-block-heading\">Qu\u00e9 es un programa de bienestar laboral<\/h3>\n\n\n\n<p>Dentro de las pol\u00edticas de bienestar para una empresa m\u00e1s recomendables, la disponibilidad de un plan espec\u00edfico supone <strong>reafirmar el compromiso de la compa\u00f1\u00eda con la calidad de vida de sus empleados<\/strong>.<\/p>\n\n\n\n<p>Este programa incluye las <strong>medidas y protocolos que la empresa ha puesto o va a poner en marcha para mejorar el bienestar emocional en el trabajo<\/strong>. El plan se centra, por tanto, en la definici\u00f3n de los objetivos a observar, la articulaci\u00f3n mecanismos de revisi\u00f3n y evaluaci\u00f3n y la introducci\u00f3n de posibles mejoras peri\u00f3dicamente.<\/p>\n\n\n\n<figure class=\"wp-block-image size-large\"><a href=\"\/\/hello.bizneo.com\/guia-encuesta-clima\/?utm_content=post-banner\" target=\"_blank\" rel=\"noreferrer noopener\" data-wpel-link=\"internal\"><img decoding=\"async\" width=\"1024\" height=\"154\" src=\"https:\/\/www.bizneo.com\/blog\/wp-content\/uploads\/2020\/08\/banner-encuestas-1024x154.jpg\" alt=\"Gu\u00eda para elaborar una encuesta de clima laboral\" class=\"wp-image-15544\" srcset=\"https:\/\/www.bizneo.com\/blog\/wp-content\/uploads\/2020\/08\/banner-encuestas-1024x154.jpg 1024w, https:\/\/www.bizneo.com\/blog\/wp-content\/uploads\/2020\/08\/banner-encuestas-300x45.jpg 300w, https:\/\/www.bizneo.com\/blog\/wp-content\/uploads\/2020\/08\/banner-encuestas-768x115.jpg 768w, https:\/\/www.bizneo.com\/blog\/wp-content\/uploads\/2020\/08\/banner-encuestas-810x122.jpg 810w, https:\/\/www.bizneo.com\/blog\/wp-content\/uploads\/2020\/08\/banner-encuestas-1140x171.jpg 1140w, https:\/\/www.bizneo.com\/blog\/wp-content\/uploads\/2020\/08\/banner-encuestas.jpg 1360w\" sizes=\"(max-width: 1024px) 100vw, 1024px\" \/><\/a><\/figure>\n\n\n\n<h3 class=\"wp-block-heading\">C\u00f3mo dise\u00f1ar un programa de bienestar social laboral<\/h3>\n\n\n\n<p>El primer paso para crear un plan de bienestar empresarial es definir con la mayor precisi\u00f3n los objetivos del mismo. Para ello, resulta ineludible realizar una <strong>valoraci\u00f3n exhaustiva de la situaci\u00f3n de partida<\/strong>. Si la empresa presenta un elevado \u00edndice de <a href=\"\/blog\/rotacion-personal\/\" target=\"_blank\" rel=\"noreferrer noopener\" data-wpel-link=\"internal\">rotaci\u00f3n laboral<\/a>, conseguir que este se reduzca ser\u00e1 uno de los principales objetivos.<\/p>\n\n\n\n<p>El Plan debe contemplar igualmente la situaci\u00f3n de los recursos humanos de la empresa. \u00bfCu\u00e1les son los principales problemas que reconocen los propios trabajadores y qu\u00e9 echan en falta en las respuestas actuales de la empresa? El <strong>an\u00e1lisis y seguimiento de la motivaci\u00f3n laboral<\/strong> es clave para evitar que se deteriore el bienestar organizacional.<\/p>\n\n\n\n<bzn-note> Si quieres saber m\u00e1s sobre c\u00f3mo perjudica la desmotivaci\u00f3n laboral a tu empresa, no te pierdas <a href=\"\/blog\/desmotivacion-laboral\/&quot;\" id=\"destacado-post\" target=\"_blank\" rel=\"noopener noreferrer\" data-wpel-link=\"internal\">ESTE ART\u00cdCULO<\/a>.<\/bzn-note>\n\n\n\n<p><\/p>\n\n\n\n<p>El programa debe contar con un calendario de actuaciones y una serie de <strong>acciones a seguir en caso de que se detecten puntos de mejora<\/strong>. Si la empresa se ha tomado en serio la digitalizaci\u00f3n del negocio, la recopilaci\u00f3n de los datos necesarios y la coordinaci\u00f3n entre los departamentos y niveles jer\u00e1rquicos ser\u00e1 mucho m\u00e1s sencilla.<\/p>\n\n\n\n<h2 class=\"wp-block-heading\">C\u00f3mo mejorar el bienestar de los trabajadores en la empresa<\/h2>\n\n\n\n<p>La creaci\u00f3n e implementaci\u00f3n de pol\u00edticas de bienestar para una empresa es la iniciativa m\u00e1s ambiciosa que se puede acometer en este \u00e1mbito. Con todo, tambi\u00e9n puede mejorar la <a href=\"\/blog\/satisfaccion-laboral\/\" target=\"_blank\" rel=\"noreferrer noopener\" data-wpel-link=\"internal\">satisfacci\u00f3n de sus empleados<\/a> con otras actuaciones:<\/p>\n\n\n\n<ul class=\"wp-block-list\">\n<li><strong><a href=\"\/blog\/conciliacion-familiar\/\" target=\"_blank\" rel=\"noreferrer noopener\" data-wpel-link=\"internal\">Conciliaci\u00f3n familiar<\/a><\/strong>: facilitar que el trabajador pueda atender sus obligaciones familiares sin ver perjudicadas sus aspiraciones profesionales es cada vez m\u00e1s valorado por los empleados.<\/li>\n\n\n\n<li><strong><a href=\"\/blog\/reconocimiento-a-empleados\/\" target=\"_blank\" rel=\"noreferrer noopener\" data-wpel-link=\"internal\">Reconocimiento a empleados<\/a><\/strong>: mantener elevada la motivaci\u00f3n de la plantilla es imprescindible para que esta se sienta m\u00e1s ilusionada en su entorno de trabajo. Un programa de incentivos o reconocimientos puede ayudar a lograrlo.<\/li>\n<\/ul>\n\n\n\n<figure class=\"wp-block-image size-large\"><a href=\"https:\/\/hello.bizneo.com\/guia-reconocimiento-laboral\/?utm_content=post-banner-medio\" data-wpel-link=\"internal\" target=\"_blank\"><img decoding=\"async\" width=\"1024\" height=\"154\" src=\"https:\/\/www.bizneo.com\/blog\/wp-content\/uploads\/2021\/03\/banner-reconocimiento-laboral-1024x154.jpg\" alt=\"gu\u00eda reconocimiento laboral\" class=\"wp-image-19533\" srcset=\"https:\/\/www.bizneo.com\/blog\/wp-content\/uploads\/2021\/03\/banner-reconocimiento-laboral-1024x154.jpg 1024w, https:\/\/www.bizneo.com\/blog\/wp-content\/uploads\/2021\/03\/banner-reconocimiento-laboral-300x45.jpg 300w, https:\/\/www.bizneo.com\/blog\/wp-content\/uploads\/2021\/03\/banner-reconocimiento-laboral-768x115.jpg 768w, https:\/\/www.bizneo.com\/blog\/wp-content\/uploads\/2021\/03\/banner-reconocimiento-laboral-810x122.jpg 810w, https:\/\/www.bizneo.com\/blog\/wp-content\/uploads\/2021\/03\/banner-reconocimiento-laboral-1140x171.jpg 1140w, https:\/\/www.bizneo.com\/blog\/wp-content\/uploads\/2021\/03\/banner-reconocimiento-laboral.jpg 1360w\" sizes=\"(max-width: 1024px) 100vw, 1024px\" \/><\/a><\/figure>\n\n\n\n<ul class=\"wp-block-list\">\n<li><strong>Planes de carrera y promoci\u00f3n interna<\/strong>: al igual que en el caso anterior, la creaci\u00f3n de <a href=\"\/blog\/plan-de-carrera\/\" target=\"_blank\" rel=\"noreferrer noopener\" data-wpel-link=\"internal\">planes de carrera<\/a> y el fomento de la promoci\u00f3n interna mejoran la capacidad de retenci\u00f3n del talento y favorecen una mayor productividad.<\/li>\n\n\n\n<li><strong><a href=\"https:\/\/www.bizneo.com\/blog\/comunicacion-corporativa\/\" target=\"_blank\" rel=\"noreferrer noopener\" data-wpel-link=\"internal\">Comunicaci\u00f3n corporativa efectiva<\/a><\/strong>: muchos empleados comienzan a sentirse insatisfechos en su puesto cuando perciben que no son escuchados por los managers o sus superiores. La comunicaci\u00f3n debe ser fluida y regular.<\/li>\n\n\n\n<li><strong>Formaci\u00f3n continua<\/strong>: los planes de <a href=\"\/blog\/formacion-continua\/\" target=\"_blank\" rel=\"noreferrer noopener\" data-wpel-link=\"internal\">formaci\u00f3n<\/a> permiten a los empleados adquirir las destrezas necesarias para afrontar los cambios en su entorno laboral y evitar sentirse frustrados.<\/li>\n\n\n\n<li><strong>Clima laboral<\/strong>: mantener un buen clima de trabajo es una de las prioridades para alcanzar un \u00f3ptimo nivel de bienestar laboral. Actuar proactivamente es la mejor postura al respecto.<\/li>\n\n\n\n<li><strong>Flexibilidad laboral<\/strong>: el teletrabajo o la posibilidad de personalizar el calendario o la jornada laboral son medidas cada vez m\u00e1s habituales y que las nuevas generaciones de trabajadores vinculan directamente con su bienestar.<\/li>\n\n\n\n<li><strong>Cuidado del entorno de trabajo<\/strong>: llevar un buen mantenimiento de las instalaciones de la empresa e invertir en algunas comodidades para los empleados es siempre positivamente valorado.<\/li>\n<\/ul>\n\n\n\n<p><\/p>\n\n\n\n<bzn-info><a href=\"https:\/\/hello.bizneo.com\/plantilla\/encuesta-clima-laboral-empleados\/?utm_content=post-destacado\" data-wpel-link=\"internal\" target=\"_blank\" rel=\"noopener\"><span class=\"bzn-link-title\"><strong>Modelo de encuesta: Clima Laboral<\/strong><\/span>Descarga gratis este formato de encuesta con +100 preguntas para medir el ambiente laboral.<\/a><\/bzn-info>\n\n\n\n<h2 class=\"wp-block-heading\">Bienestar laboral en el trabajo remoto<\/h2>\n\n\n\n<p>Ya hemos apuntado que las medidas de flexibilidad laboral ganan protagonismo en las empresas. El teletrabajo, total o parcial, ha recibido un gran impulso de la mano de las medidas para evitar la propagaci\u00f3n del <a href=\"\/blog\/coronavirus\/\" target=\"_blank\" rel=\"noreferrer noopener\" data-wpel-link=\"internal\">coronavirus<\/a> y pocos discuten que se trata de <strong>una realidad que ha venido para quedarse<\/strong>.<\/p>\n\n\n\n<bzn-down><a href=\"https:\/\/hello.bizneo.com\/guia-teletrabajo-home-office\/?utm_content=post-destacado\" id=\"destacado-wc-descarga\" target=\"_blank\" rel=\"noopener noreferrer\" data-wpel-link=\"internal\"><span class=\"bzn-link-title\">GU\u00cdA DESCARGABLE: TODO SOBRE EL TELETRABAJO O HOME OFFICE<\/span>Datos clave para implantar y perfeccionar el home office en tu empresa.<\/a><\/bzn-down>\n\n\n\n<p><\/p>\n\n\n\n<p><\/p>\n\n\n\n<p>Aunque el trabajador desarrolle su actividad desde su domicilio, la empresa puede preocuparse por su bienestar, adoptando <strong>medidas que faciliten el seguimiento remoto de sus tareas<\/strong>. Por ejemplo, puede habilitar un espacio para la interacci\u00f3n directa entre m\u00e1nagers y empleados o implementando sistemas espec\u00edficos que ayuden a cumplir las tareas previstas.<\/p>\n\n\n\n<p>Tambi\u00e9n resulta muy positivo, tanto en el trabajo remoto como en la actividad presencial, la utilizaci\u00f3n de un <a href=\"\/encuestas\/\" target=\"_blank\" rel=\"noreferrer noopener\" data-wpel-link=\"internal\">software de encuestas a empleados<\/a>. Este programa permite calibrar el estado del clima laboral en la empresa, detecta posibles tensiones entre compa\u00f1eros y <strong>ayuda a involucrar a los empleados en el proyecto de la empresa<\/strong>.<\/p>\n\n\n\n<figure class=\"wp-block-image size-large\"><a href=\"\/encuestas\/\" target=\"_blank\" rel=\"noopener noreferrer\" data-wpel-link=\"internal\"><img decoding=\"async\" width=\"1360\" height=\"408\" src=\"https:\/\/www.bizneo.com\/blog\/wp-content\/uploads\/2021\/01\/Banner-grande-software-encuestas-clima-laboral.jpg\" alt=\"software de encuestas de clima laboral\" class=\"wp-image-19083\" srcset=\"https:\/\/www.bizneo.com\/blog\/wp-content\/uploads\/2021\/01\/Banner-grande-software-encuestas-clima-laboral.jpg 1360w, https:\/\/www.bizneo.com\/blog\/wp-content\/uploads\/2021\/01\/Banner-grande-software-encuestas-clima-laboral-300x90.jpg 300w, https:\/\/www.bizneo.com\/blog\/wp-content\/uploads\/2021\/01\/Banner-grande-software-encuestas-clima-laboral-1024x307.jpg 1024w, https:\/\/www.bizneo.com\/blog\/wp-content\/uploads\/2021\/01\/Banner-grande-software-encuestas-clima-laboral-768x230.jpg 768w, https:\/\/www.bizneo.com\/blog\/wp-content\/uploads\/2021\/01\/Banner-grande-software-encuestas-clima-laboral-810x243.jpg 810w, https:\/\/www.bizneo.com\/blog\/wp-content\/uploads\/2021\/01\/Banner-grande-software-encuestas-clima-laboral-1140x342.jpg 1140w\" sizes=\"(max-width: 1360px) 100vw, 1360px\" \/><\/a><\/figure>\n","protected":false},"excerpt":{"rendered":"<p>Sentirse a gusto en el trabajo es una de las claves para conseguir los mayores niveles de productividad. Fomentar el bienestar laboral en la empresa es siempre una inversi\u00f3n acertada.<\/p>\n","protected":false},"author":14,"featured_media":15893,"comment_status":"open","ping_status":"open","sticky":false,"template":"","format":"standard","meta":{"_uag_custom_page_level_css":"","site-sidebar-layout":"default","site-content-layout":"","ast-site-content-layout":"default","site-content-style":"default","site-sidebar-style":"default","ast-global-header-display":"","ast-banner-title-visibility":"","ast-main-header-display":"","ast-hfb-above-header-display":"","ast-hfb-below-header-display":"","ast-hfb-mobile-header-display":"","site-post-title":"","ast-breadcrumbs-content":"","ast-featured-img":"","footer-sml-layout":"","ast-disable-related-posts":"","theme-transparent-header-meta":"","adv-header-id-meta":"","stick-header-meta":"","header-above-stick-meta":"","header-main-stick-meta":"","header-below-stick-meta":"","astra-migrate-meta-layouts":"default","ast-page-background-enabled":"default","ast-page-background-meta":{"desktop":{"background-color":"var(--ast-global-color-5)","background-image":"","background-repeat":"repeat","background-position":"center center","background-size":"auto","background-attachment":"scroll","background-type":"","background-media":"","overlay-type":"","overlay-color":"","overlay-opacity":"","overlay-gradient":""},"tablet":{"background-color":"","background-image":"","background-repeat":"repeat","background-position":"center center","background-size":"auto","background-attachment":"scroll","background-type":"","background-media":"","overlay-type":"","overlay-color":"","overlay-opacity":"","overlay-gradient":""},"mobile":{"background-color":"","background-image":"","background-repeat":"repeat","background-position":"center center","background-size":"auto","background-attachment":"scroll","background-type":"","background-media":"","overlay-type":"","overlay-color":"","overlay-opacity":"","overlay-gradient":""}},"ast-content-background-meta":{"desktop":{"background-color":"var(--ast-global-color-4)","background-image":"","background-repeat":"repeat","background-position":"center center","background-size":"auto","background-attachment":"scroll","background-type":"","background-media":"","overlay-type":"","overlay-color":"","overlay-opacity":"","overlay-gradient":""},"tablet":{"background-color":"var(--ast-global-color-4)","background-image":"","background-repeat":"repeat","background-position":"center center","background-size":"auto","background-attachment":"scroll","background-type":"","background-media":"","overlay-type":"","overlay-color":"","overlay-opacity":"","overlay-gradient":""},"mobile":{"background-color":"var(--ast-global-color-4)","background-image":"","background-repeat":"repeat","background-position":"center center","background-size":"auto","background-attachment":"scroll","background-type":"","background-media":"","overlay-type":"","overlay-color":"","overlay-opacity":"","overlay-gradient":""}},"footnotes":""},"categories":[84,7],"tags":[49],"class_list":["post-15891","post","type-post","status-publish","format-standard","has-post-thumbnail","hentry","category-clima-laboral","category-gestion-del-talento","tag-gestion-de-personas"],"yoast_head":"<!-- This site is optimized with the Yoast SEO plugin v27.5 - https:\/\/yoast.com\/product\/yoast-seo-wordpress\/ -->\n<title>Qu\u00e9 es el bienestar laboral | 8 medidas para cuidar a tu plantilla<\/title>\n<meta name=\"description\" content=\"El bienestar laboral es esencial para que los equipos funcionen correctamente y puedan alcanzar los objetivos marcados por la entidad.\" \/>\n<meta name=\"robots\" content=\"index, follow, max-snippet:-1, max-image-preview:large, max-video-preview:-1\" \/>\n<meta property=\"og:locale\" content=\"es_ES\" \/>\n<meta property=\"og:type\" content=\"article\" \/>\n<meta property=\"og:title\" content=\"Qu\u00e9 es el bienestar laboral | 8 medidas para cuidar a tu plantilla\" \/>\n<meta property=\"og:description\" content=\"El bienestar laboral es esencial para que los equipos funcionen correctamente y puedan alcanzar los objetivos marcados por la entidad.\" \/>\n<meta property=\"og:url\" content=\"https:\/\/www.bizneo.com\/blog\/bienestar-laboral\/\" \/>\n<meta property=\"og:site_name\" content=\"Blog de Recursos Humanos de Bizneo HR: pr\u00e1ctico y actual\" \/>\n<meta property=\"article:published_time\" content=\"2020-09-01T15:22:00+00:00\" \/>\n<meta property=\"article:modified_time\" content=\"2026-02-01T18:15:17+00:00\" \/>\n<meta property=\"og:image\" content=\"https:\/\/www.bizneo.com\/blog\/wp-content\/uploads\/2020\/08\/Bienestar-laboral.png\" \/>\n\t<meta property=\"og:image:width\" content=\"1140\" \/>\n\t<meta property=\"og:image:height\" content=\"640\" \/>\n\t<meta property=\"og:image:type\" content=\"image\/png\" \/>\n<meta name=\"author\" content=\"Alberto\" \/>\n<meta name=\"twitter:card\" content=\"summary_large_image\" \/>\n<meta name=\"twitter:label1\" content=\"Escrito por\" \/>\n\t<meta name=\"twitter:data1\" content=\"Alberto\" \/>\n\t<meta name=\"twitter:label2\" content=\"Tiempo de lectura\" \/>\n\t<meta name=\"twitter:data2\" content=\"9 minutos\" \/>\n<script type=\"application\/ld+json\" class=\"yoast-schema-graph\">{\"@context\":\"https:\\\/\\\/schema.org\",\"@graph\":[{\"@type\":[\"Article\",\"BlogPosting\"],\"@id\":\"https:\\\/\\\/www.bizneo.com\\\/blog\\\/bienestar-laboral\\\/#article\",\"isPartOf\":{\"@id\":\"https:\\\/\\\/www.bizneo.com\\\/blog\\\/bienestar-laboral\\\/\"},\"author\":{\"name\":\"Alberto\",\"@id\":\"https:\\\/\\\/www.bizneo.com\\\/blog\\\/#\\\/schema\\\/person\\\/584866b39f66e5f0e785daab3a27dba3\"},\"headline\":\"Qu\u00e9 es el bienestar laboral\",\"datePublished\":\"2020-09-01T15:22:00+00:00\",\"dateModified\":\"2026-02-01T18:15:17+00:00\",\"mainEntityOfPage\":{\"@id\":\"https:\\\/\\\/www.bizneo.com\\\/blog\\\/bienestar-laboral\\\/\"},\"wordCount\":971,\"commentCount\":14,\"publisher\":{\"@id\":\"https:\\\/\\\/www.bizneo.com\\\/blog\\\/#organization\"},\"image\":{\"@id\":\"https:\\\/\\\/www.bizneo.com\\\/blog\\\/bienestar-laboral\\\/#primaryimage\"},\"thumbnailUrl\":\"https:\\\/\\\/www.bizneo.com\\\/blog\\\/wp-content\\\/uploads\\\/2020\\\/08\\\/Bienestar-laboral.png\",\"keywords\":[\"Gesti\u00f3n de personas\"],\"articleSection\":[\"Clima Laboral\",\"Gesti\u00f3n del talento\"],\"inLanguage\":\"es\",\"potentialAction\":[{\"@type\":\"CommentAction\",\"name\":\"Comment\",\"target\":[\"https:\\\/\\\/www.bizneo.com\\\/blog\\\/bienestar-laboral\\\/#respond\"]}]},{\"@type\":\"WebPage\",\"@id\":\"https:\\\/\\\/www.bizneo.com\\\/blog\\\/bienestar-laboral\\\/\",\"url\":\"https:\\\/\\\/www.bizneo.com\\\/blog\\\/bienestar-laboral\\\/\",\"name\":\"Qu\u00e9 es el bienestar laboral | 8 medidas para cuidar a tu plantilla\",\"isPartOf\":{\"@id\":\"https:\\\/\\\/www.bizneo.com\\\/blog\\\/#website\"},\"primaryImageOfPage\":{\"@id\":\"https:\\\/\\\/www.bizneo.com\\\/blog\\\/bienestar-laboral\\\/#primaryimage\"},\"image\":{\"@id\":\"https:\\\/\\\/www.bizneo.com\\\/blog\\\/bienestar-laboral\\\/#primaryimage\"},\"thumbnailUrl\":\"https:\\\/\\\/www.bizneo.com\\\/blog\\\/wp-content\\\/uploads\\\/2020\\\/08\\\/Bienestar-laboral.png\",\"datePublished\":\"2020-09-01T15:22:00+00:00\",\"dateModified\":\"2026-02-01T18:15:17+00:00\",\"description\":\"El bienestar laboral es esencial para que los equipos funcionen correctamente y puedan alcanzar los objetivos marcados por la entidad.\",\"breadcrumb\":{\"@id\":\"https:\\\/\\\/www.bizneo.com\\\/blog\\\/bienestar-laboral\\\/#breadcrumb\"},\"inLanguage\":\"es\",\"potentialAction\":[{\"@type\":\"ReadAction\",\"target\":[\"https:\\\/\\\/www.bizneo.com\\\/blog\\\/bienestar-laboral\\\/\"]}]},{\"@type\":\"ImageObject\",\"inLanguage\":\"es\",\"@id\":\"https:\\\/\\\/www.bizneo.com\\\/blog\\\/bienestar-laboral\\\/#primaryimage\",\"url\":\"https:\\\/\\\/www.bizneo.com\\\/blog\\\/wp-content\\\/uploads\\\/2020\\\/08\\\/Bienestar-laboral.png\",\"contentUrl\":\"https:\\\/\\\/www.bizneo.com\\\/blog\\\/wp-content\\\/uploads\\\/2020\\\/08\\\/Bienestar-laboral.png\",\"width\":1140,\"height\":640,\"caption\":\"Cuidar el bienestar laboral mejora la productividad en cualquier empresa\"},{\"@type\":\"BreadcrumbList\",\"@id\":\"https:\\\/\\\/www.bizneo.com\\\/blog\\\/bienestar-laboral\\\/#breadcrumb\",\"itemListElement\":[{\"@type\":\"ListItem\",\"position\":1,\"name\":\"Portada\",\"item\":\"https:\\\/\\\/www.bizneo.com\\\/blog\\\/\"},{\"@type\":\"ListItem\",\"position\":2,\"name\":\"Gesti\u00f3n del talento\",\"item\":\"https:\\\/\\\/www.bizneo.com\\\/blog\\\/category\\\/gestion-del-talento\\\/\"},{\"@type\":\"ListItem\",\"position\":3,\"name\":\"Clima Laboral\",\"item\":\"https:\\\/\\\/www.bizneo.com\\\/blog\\\/category\\\/gestion-del-talento\\\/clima-laboral\\\/\"},{\"@type\":\"ListItem\",\"position\":4,\"name\":\"Qu\u00e9 es el bienestar laboral\"}]},{\"@type\":\"WebSite\",\"@id\":\"https:\\\/\\\/www.bizneo.com\\\/blog\\\/#website\",\"url\":\"https:\\\/\\\/www.bizneo.com\\\/blog\\\/\",\"name\":\"Blog de Recursos Humanos de Bizneo HR: pr\u00e1ctico y actual\",\"description\":\"Todo sobre actualidad, herramientas y tecnolog\u00eda  para optimizar la gesti\u00f3n del talento humano\",\"publisher\":{\"@id\":\"https:\\\/\\\/www.bizneo.com\\\/blog\\\/#organization\"},\"potentialAction\":[{\"@type\":\"SearchAction\",\"target\":{\"@type\":\"EntryPoint\",\"urlTemplate\":\"https:\\\/\\\/www.bizneo.com\\\/blog\\\/?s={search_term_string}\"},\"query-input\":{\"@type\":\"PropertyValueSpecification\",\"valueRequired\":true,\"valueName\":\"search_term_string\"}}],\"inLanguage\":\"es\"},{\"@type\":\"Organization\",\"@id\":\"https:\\\/\\\/www.bizneo.com\\\/blog\\\/#organization\",\"name\":\"Bizneo HR\",\"url\":\"https:\\\/\\\/www.bizneo.com\\\/blog\\\/\",\"logo\":{\"@type\":\"ImageObject\",\"inLanguage\":\"es\",\"@id\":\"https:\\\/\\\/www.bizneo.com\\\/blog\\\/#\\\/schema\\\/logo\\\/image\\\/\",\"url\":\"https:\\\/\\\/www.bizneo.com\\\/blog\\\/wp-content\\\/uploads\\\/2020\\\/09\\\/Icono-Logo-Bizneo-HR.png\",\"contentUrl\":\"https:\\\/\\\/www.bizneo.com\\\/blog\\\/wp-content\\\/uploads\\\/2020\\\/09\\\/Icono-Logo-Bizneo-HR.png\",\"width\":834,\"height\":834,\"caption\":\"Bizneo HR\"},\"image\":{\"@id\":\"https:\\\/\\\/www.bizneo.com\\\/blog\\\/#\\\/schema\\\/logo\\\/image\\\/\"}},{\"@type\":\"Person\",\"@id\":\"https:\\\/\\\/www.bizneo.com\\\/blog\\\/#\\\/schema\\\/person\\\/584866b39f66e5f0e785daab3a27dba3\",\"name\":\"Alberto\",\"image\":{\"@type\":\"ImageObject\",\"inLanguage\":\"es\",\"@id\":\"https:\\\/\\\/secure.gravatar.com\\\/avatar\\\/8d82a346ba2132a42e4f46ed815f763bf863736882da998f483348d94489a4cb?s=96&d=mm&r=g\",\"url\":\"https:\\\/\\\/secure.gravatar.com\\\/avatar\\\/8d82a346ba2132a42e4f46ed815f763bf863736882da998f483348d94489a4cb?s=96&d=mm&r=g\",\"contentUrl\":\"https:\\\/\\\/secure.gravatar.com\\\/avatar\\\/8d82a346ba2132a42e4f46ed815f763bf863736882da998f483348d94489a4cb?s=96&d=mm&r=g\",\"caption\":\"Alberto\"},\"url\":\"https:\\\/\\\/www.bizneo.com\\\/blog\\\/author\\\/alberto_redactor\\\/\"}]}<\/script>\n<!-- \/ Yoast SEO plugin. -->","yoast_head_json":{"title":"Qu\u00e9 es el bienestar laboral | 8 medidas para cuidar a tu plantilla","description":"El bienestar laboral es esencial para que los equipos funcionen correctamente y puedan alcanzar los objetivos marcados por la entidad.","robots":{"index":"index","follow":"follow","max-snippet":"max-snippet:-1","max-image-preview":"max-image-preview:large","max-video-preview":"max-video-preview:-1"},"og_locale":"es_ES","og_type":"article","og_title":"Qu\u00e9 es el bienestar laboral | 8 medidas para cuidar a tu plantilla","og_description":"El bienestar laboral es esencial para que los equipos funcionen correctamente y puedan alcanzar los objetivos marcados por la entidad.","og_url":"https:\/\/www.bizneo.com\/blog\/bienestar-laboral\/","og_site_name":"Blog de Recursos Humanos de Bizneo HR: pr\u00e1ctico y actual","article_published_time":"2020-09-01T15:22:00+00:00","article_modified_time":"2026-02-01T18:15:17+00:00","og_image":[{"width":1140,"height":640,"url":"https:\/\/www.bizneo.com\/blog\/wp-content\/uploads\/2020\/08\/Bienestar-laboral.png","type":"image\/png"}],"author":"Alberto","twitter_card":"summary_large_image","twitter_misc":{"Escrito por":"Alberto","Tiempo de lectura":"9 minutos"},"schema":{"@context":"https:\/\/schema.org","@graph":[{"@type":["Article","BlogPosting"],"@id":"https:\/\/www.bizneo.com\/blog\/bienestar-laboral\/#article","isPartOf":{"@id":"https:\/\/www.bizneo.com\/blog\/bienestar-laboral\/"},"author":{"name":"Alberto","@id":"https:\/\/www.bizneo.com\/blog\/#\/schema\/person\/584866b39f66e5f0e785daab3a27dba3"},"headline":"Qu\u00e9 es el bienestar laboral","datePublished":"2020-09-01T15:22:00+00:00","dateModified":"2026-02-01T18:15:17+00:00","mainEntityOfPage":{"@id":"https:\/\/www.bizneo.com\/blog\/bienestar-laboral\/"},"wordCount":971,"commentCount":14,"publisher":{"@id":"https:\/\/www.bizneo.com\/blog\/#organization"},"image":{"@id":"https:\/\/www.bizneo.com\/blog\/bienestar-laboral\/#primaryimage"},"thumbnailUrl":"https:\/\/www.bizneo.com\/blog\/wp-content\/uploads\/2020\/08\/Bienestar-laboral.png","keywords":["Gesti\u00f3n de personas"],"articleSection":["Clima Laboral","Gesti\u00f3n del talento"],"inLanguage":"es","potentialAction":[{"@type":"CommentAction","name":"Comment","target":["https:\/\/www.bizneo.com\/blog\/bienestar-laboral\/#respond"]}]},{"@type":"WebPage","@id":"https:\/\/www.bizneo.com\/blog\/bienestar-laboral\/","url":"https:\/\/www.bizneo.com\/blog\/bienestar-laboral\/","name":"Qu\u00e9 es el bienestar laboral | 8 medidas para cuidar a tu plantilla","isPartOf":{"@id":"https:\/\/www.bizneo.com\/blog\/#website"},"primaryImageOfPage":{"@id":"https:\/\/www.bizneo.com\/blog\/bienestar-laboral\/#primaryimage"},"image":{"@id":"https:\/\/www.bizneo.com\/blog\/bienestar-laboral\/#primaryimage"},"thumbnailUrl":"https:\/\/www.bizneo.com\/blog\/wp-content\/uploads\/2020\/08\/Bienestar-laboral.png","datePublished":"2020-09-01T15:22:00+00:00","dateModified":"2026-02-01T18:15:17+00:00","description":"El bienestar laboral es esencial para que los equipos funcionen correctamente y puedan alcanzar los objetivos marcados por la entidad.","breadcrumb":{"@id":"https:\/\/www.bizneo.com\/blog\/bienestar-laboral\/#breadcrumb"},"inLanguage":"es","potentialAction":[{"@type":"ReadAction","target":["https:\/\/www.bizneo.com\/blog\/bienestar-laboral\/"]}]},{"@type":"ImageObject","inLanguage":"es","@id":"https:\/\/www.bizneo.com\/blog\/bienestar-laboral\/#primaryimage","url":"https:\/\/www.bizneo.com\/blog\/wp-content\/uploads\/2020\/08\/Bienestar-laboral.png","contentUrl":"https:\/\/www.bizneo.com\/blog\/wp-content\/uploads\/2020\/08\/Bienestar-laboral.png","width":1140,"height":640,"caption":"Cuidar el bienestar laboral mejora la productividad en cualquier empresa"},{"@type":"BreadcrumbList","@id":"https:\/\/www.bizneo.com\/blog\/bienestar-laboral\/#breadcrumb","itemListElement":[{"@type":"ListItem","position":1,"name":"Portada","item":"https:\/\/www.bizneo.com\/blog\/"},{"@type":"ListItem","position":2,"name":"Gesti\u00f3n del talento","item":"https:\/\/www.bizneo.com\/blog\/category\/gestion-del-talento\/"},{"@type":"ListItem","position":3,"name":"Clima Laboral","item":"https:\/\/www.bizneo.com\/blog\/category\/gestion-del-talento\/clima-laboral\/"},{"@type":"ListItem","position":4,"name":"Qu\u00e9 es el bienestar laboral"}]},{"@type":"WebSite","@id":"https:\/\/www.bizneo.com\/blog\/#website","url":"https:\/\/www.bizneo.com\/blog\/","name":"Blog de Recursos Humanos de Bizneo HR: pr\u00e1ctico y actual","description":"Todo sobre actualidad, herramientas y tecnolog\u00eda  para optimizar la gesti\u00f3n del talento humano","publisher":{"@id":"https:\/\/www.bizneo.com\/blog\/#organization"},"potentialAction":[{"@type":"SearchAction","target":{"@type":"EntryPoint","urlTemplate":"https:\/\/www.bizneo.com\/blog\/?s={search_term_string}"},"query-input":{"@type":"PropertyValueSpecification","valueRequired":true,"valueName":"search_term_string"}}],"inLanguage":"es"},{"@type":"Organization","@id":"https:\/\/www.bizneo.com\/blog\/#organization","name":"Bizneo HR","url":"https:\/\/www.bizneo.com\/blog\/","logo":{"@type":"ImageObject","inLanguage":"es","@id":"https:\/\/www.bizneo.com\/blog\/#\/schema\/logo\/image\/","url":"https:\/\/www.bizneo.com\/blog\/wp-content\/uploads\/2020\/09\/Icono-Logo-Bizneo-HR.png","contentUrl":"https:\/\/www.bizneo.com\/blog\/wp-content\/uploads\/2020\/09\/Icono-Logo-Bizneo-HR.png","width":834,"height":834,"caption":"Bizneo HR"},"image":{"@id":"https:\/\/www.bizneo.com\/blog\/#\/schema\/logo\/image\/"}},{"@type":"Person","@id":"https:\/\/www.bizneo.com\/blog\/#\/schema\/person\/584866b39f66e5f0e785daab3a27dba3","name":"Alberto","image":{"@type":"ImageObject","inLanguage":"es","@id":"https:\/\/secure.gravatar.com\/avatar\/8d82a346ba2132a42e4f46ed815f763bf863736882da998f483348d94489a4cb?s=96&d=mm&r=g","url":"https:\/\/secure.gravatar.com\/avatar\/8d82a346ba2132a42e4f46ed815f763bf863736882da998f483348d94489a4cb?s=96&d=mm&r=g","contentUrl":"https:\/\/secure.gravatar.com\/avatar\/8d82a346ba2132a42e4f46ed815f763bf863736882da998f483348d94489a4cb?s=96&d=mm&r=g","caption":"Alberto"},"url":"https:\/\/www.bizneo.com\/blog\/author\/alberto_redactor\/"}]}},"spectra_custom_meta":{"_is_githuber_markdown":["1"],"_edit_lock":["1769969732:47"],"_edit_last":["47"],"_githuber_prismjs":[""],"_githuber_highlightjs":[""],"_is_githuber_sequence":[""],"_is_githuber_flow_chart":[""],"_is_githuber_mermaid":[""],"_is_githuber_katex":[""],"_is_githuber_mathjax":[""],"onesignal_meta_box_present":["1"],"onesignal_send_notification":[""],"_yoast_wpseo_content_score":["90"],"_vce_meta":["a:4:{s:11:\"use_sidebar\";s:7:\"inherit\";s:7:\"sidebar\";s:7:\"inherit\";s:14:\"sticky_sidebar\";s:7:\"inherit\";s:6:\"layout\";s:7:\"inherit\";}"],"_is_githuber_markdown_enabled":["no"],"_thumbnail_id":["15893"],"_yoast_wpseo_primary_category":["84"],"_yoast_wpseo_focuskw":["bienestar laboral"],"_yoast_wpseo_title":["Qu\u00e9 es el bienestar laboral | 8 medidas para cuidar a tu plantilla"],"_yoast_wpseo_metadesc":["El bienestar laboral es esencial para que los equipos funcionen correctamente y puedan alcanzar los objetivos marcados por la entidad."],"_yoast_wpseo_linkdex":["90"],"response_body":["{\"id\":\"1204fccb-1d7b-4365-874d-810851c3865a\",\"recipients\":5402,\"external_id\":\"95fe8c82-ed03-e982-dbcf-367417fb59d3\",\"warnings\":[\"You must configure iOS notifications in your OneSignal settings if you wish to send messages to iOS users.\",\"You must configure Android notifications in your OneSignal settings if you wish to send messages to Android users.\"]}"],"status":["200"],"recipients":["5402"],"onesignal_modify_title_and_content":[""],"onesignal_notification_custom_heading":[null],"onesignal_notification_custom_content":[null],"_yoast_wpseo_estimated-reading-time-minutes":["9"],"Views":["35054"],"wp_review_positive_count":["0"],"wp_review_negative_count":["0"],"wp_review_type":["none"],"_at_widget":["1"],"_yoast_wpseo_wordproof_timestamp":[""],"wp_review_user_reviews":["0"],"wp_review_review_count":["0"],"_uag_css_file_name":["uag-css-15891.css"],"_uag_page_assets":["a:9:{s:3:\"css\";s:263:\".uag-blocks-common-selector{z-index:var(--z-index-desktop) !important}@media (max-width: 976px){.uag-blocks-common-selector{z-index:var(--z-index-tablet) !important}}@media (max-width: 767px){.uag-blocks-common-selector{z-index:var(--z-index-mobile) !important}}\n\";s:2:\"js\";s:0:\"\";s:18:\"current_block_list\";a:8:{i:0;s:14:\"core\/paragraph\";i:1;s:12:\"core\/heading\";i:2;s:9:\"core\/html\";i:3;s:10:\"core\/image\";i:4;s:9:\"core\/list\";i:5;s:14:\"core\/list-item\";i:6;s:12:\"core\/details\";i:7;s:14:\"core\/shortcode\";}s:8:\"uag_flag\";b:0;s:11:\"uag_version\";s:10:\"1777374828\";s:6:\"gfonts\";a:0:{}s:10:\"gfonts_url\";s:0:\"\";s:12:\"gfonts_files\";a:0:{}s:14:\"uag_faq_layout\";b:0;}"]},"uagb_featured_image_src":{"full":["https:\/\/www.bizneo.com\/blog\/wp-content\/uploads\/2020\/08\/Bienestar-laboral.png",1140,640,false],"thumbnail":["https:\/\/www.bizneo.com\/blog\/wp-content\/uploads\/2020\/08\/Bienestar-laboral-150x150.png",150,150,true],"medium":["https:\/\/www.bizneo.com\/blog\/wp-content\/uploads\/2020\/08\/Bienestar-laboral-300x168.png",300,168,true],"medium_large":["https:\/\/www.bizneo.com\/blog\/wp-content\/uploads\/2020\/08\/Bienestar-laboral-768x431.png",768,431,true],"large":["https:\/\/www.bizneo.com\/blog\/wp-content\/uploads\/2020\/08\/Bienestar-laboral-1024x575.png",1024,575,true],"1536x1536":["https:\/\/www.bizneo.com\/blog\/wp-content\/uploads\/2020\/08\/Bienestar-laboral.png",1140,640,false],"2048x2048":["https:\/\/www.bizneo.com\/blog\/wp-content\/uploads\/2020\/08\/Bienestar-laboral.png",1140,640,false]},"uagb_author_info":{"display_name":"Alberto","author_link":"https:\/\/www.bizneo.com\/blog\/author\/alberto_redactor\/"},"uagb_comment_info":17,"uagb_excerpt":"Sentirse a gusto en el trabajo es una de las claves para conseguir los mayores niveles de productividad. Fomentar el bienestar laboral en la empresa es siempre una inversi\u00f3n acertada.","_links":{"self":[{"href":"https:\/\/www.bizneo.com\/blog\/wp-json\/wp\/v2\/posts\/15891","targetHints":{"allow":["GET"]}}],"collection":[{"href":"https:\/\/www.bizneo.com\/blog\/wp-json\/wp\/v2\/posts"}],"about":[{"href":"https:\/\/www.bizneo.com\/blog\/wp-json\/wp\/v2\/types\/post"}],"author":[{"embeddable":true,"href":"https:\/\/www.bizneo.com\/blog\/wp-json\/wp\/v2\/users\/14"}],"replies":[{"embeddable":true,"href":"https:\/\/www.bizneo.com\/blog\/wp-json\/wp\/v2\/comments?post=15891"}],"version-history":[{"count":38,"href":"https:\/\/www.bizneo.com\/blog\/wp-json\/wp\/v2\/posts\/15891\/revisions"}],"predecessor-version":[{"id":59548,"href":"https:\/\/www.bizneo.com\/blog\/wp-json\/wp\/v2\/posts\/15891\/revisions\/59548"}],"wp:featuredmedia":[{"embeddable":true,"href":"https:\/\/www.bizneo.com\/blog\/wp-json\/wp\/v2\/media\/15893"}],"wp:attachment":[{"href":"https:\/\/www.bizneo.com\/blog\/wp-json\/wp\/v2\/media?parent=15891"}],"wp:term":[{"taxonomy":"category","embeddable":true,"href":"https:\/\/www.bizneo.com\/blog\/wp-json\/wp\/v2\/categories?post=15891"},{"taxonomy":"post_tag","embeddable":true,"href":"https:\/\/www.bizneo.com\/blog\/wp-json\/wp\/v2\/tags?post=15891"}],"curies":[{"name":"wp","href":"https:\/\/api.w.org\/{rel}","templated":true}]}}