{"id":14346,"date":"2020-07-14T10:43:00","date_gmt":"2020-07-14T09:43:00","guid":{"rendered":"https:\/\/www.bizneo.com\/blog\/?p=14346"},"modified":"2026-02-01T19:26:49","modified_gmt":"2026-02-01T18:26:49","slug":"descanso-en-el-trabajo","status":"publish","type":"post","link":"https:\/\/www.bizneo.com\/blog\/descanso-en-el-trabajo\/","title":{"rendered":"Descanso en la jornada laboral y pausas | \u00bfCu\u00e1nto tiempo es?"},"content":{"rendered":"\n<p>Las organizaciones deben fomentar din\u00e1micas que cuiden la salud f\u00edsica y emocional de sus empleados. Una de ellas es el <strong>descanso en la jornada laboral, que est\u00e1 regulado por <\/strong>el <a href=\"https:\/\/www.boe.es\/buscar\/act.php?id=BOE-A-2015-11430&amp;p=20220323&amp;tn=1#a34\" rel=\"nofollow noopener\" data-wpel-link=\"external\" target=\"_blank\">art\u00edculo 34 del Estatuto de los Trabajadores<\/a>. Las pausas y el descanso en el trabajo repercuten directamente en la productividad, contar con un <a href=\"\/control-horario\/\" data-wpel-link=\"internal\" target=\"_blank\">software de control horario<\/a> que ayude a gestionarlo optimiza y asegura el proceso.<\/p>\n\n\n\n<p>Te contamos qu\u00e9 dice exactamente la legislaci\u00f3n sobre los descansos entre jornadas y las pausas en el trabajo.  <\/p>\n\n\n\n<h2 class=\"wp-block-heading\">\u00bfQu\u00e9 es el descanso en la jornada laboral?<\/h2>\n\n\n\n<p>El trabajo, ya sea f\u00edsico o intelectual, <strong>requiere un esfuerzo que provoca un desgaste<\/strong>; por tanto, <strong>el descanso laboral es la manera de lograr que el empleado se recupere <\/strong>de ese sacrificio, se relaje, vuelva a tener fuerza y energ\u00eda y pueda seguir desempe\u00f1ar sus funciones a pleno rendimiento.<\/p>\n\n\n\n<p>El <strong>descanso en el trabajo<\/strong> consiste en una pausa diaria cuando la jornada laboral supera las seis horas. <\/p>\n\n\n\n<p>Si bien en el Estatuto de Trabajadores no se precisa una modalidad para tomarlo, esta pausa tiene como fin que el empleado tome alg\u00fan refrigerio, repose durante algunos minutos o se distraiga para que no se sature por las exigencias de su puesto,<strong> ya que producen fatiga f\u00edsica y cognitiva<\/strong>; sin descanso jornada laboral se perjudica la <a aria-label=\"undefined (abre en una nueva pesta\u00f1a)\" href=\"\/blog\/productividad-en-el-trabajo\/\" target=\"_blank\" rel=\"noreferrer noopener\" data-wpel-link=\"internal\">productividad laboral<\/a>.<\/p>\n\n\n\n<p>Una manera de conocer c\u00f3mo el descanso en la jornada laboral influye en el rendimiento de los empleados es midiendo su rendimiento a trav\u00e9s de una herramienta de <a href=\"\/evaluacion-del-desempeno\/\" target=\"_blank\" rel=\"noreferrer noopener\" data-wpel-link=\"internal\">evaluaci\u00f3n de desempe\u00f1o<\/a>. <\/p>\n\n\n\n<figure class=\"wp-block-image size-full\"><a href=\"\/evaluacion-del-desempeno\/\" target=\"_blank\" rel=\"noreferrer noopener\" data-wpel-link=\"internal\"><img decoding=\"async\" width=\"1500\" height=\"1109\" src=\"https:\/\/www.bizneo.com\/blog\/wp-content\/uploads\/2020\/09\/Software-evaluacion-objetivos.webp\" alt=\"Evaluaci\u00f3n por objetivos\" class=\"wp-image-16547\" srcset=\"https:\/\/www.bizneo.com\/blog\/wp-content\/uploads\/2020\/09\/Software-evaluacion-objetivos.webp 1500w, https:\/\/www.bizneo.com\/blog\/wp-content\/uploads\/2020\/09\/Software-evaluacion-objetivos-300x222.webp 300w, https:\/\/www.bizneo.com\/blog\/wp-content\/uploads\/2020\/09\/Software-evaluacion-objetivos-1024x757.webp 1024w, https:\/\/www.bizneo.com\/blog\/wp-content\/uploads\/2020\/09\/Software-evaluacion-objetivos-768x568.webp 768w, https:\/\/www.bizneo.com\/blog\/wp-content\/uploads\/2020\/09\/Software-evaluacion-objetivos-810x599.webp 810w, https:\/\/www.bizneo.com\/blog\/wp-content\/uploads\/2020\/09\/Software-evaluacion-objetivos-1140x843.webp 1140w\" sizes=\"(max-width: 1500px) 100vw, 1500px\" \/><\/a><\/figure>\n\n\n\n<p>As\u00ed, la empresa sabr\u00e1 si las estrategias para fomentar el descanso han funcionado o no; si sus empleados est\u00e1n m\u00e1s relajados, concentrados y rinden aprovechando al m\u00e1ximo sus <a href=\"\/blog\/habilidades-laborales\/\" target=\"_blank\" aria-label=\"undefined (abre en una nueva pesta\u00f1a)\" rel=\"noreferrer noopener\" data-wpel-link=\"internal\">habilidades<\/a>. <\/p>\n\n\n\n<h2 class=\"wp-block-heading\">\u00bfPor qu\u00e9 es tan importante el descanso en el trabajo?<\/h2>\n\n\n\n<p>El <strong>descanso en la jornada laboral<\/strong> influye positivamente en el rendimiento de los empleados. Se estima que una pausa en el trabajo permite que los trabajadores puedan ser <strong>m\u00e1s efectivos al momento de volver a sus tareas.<\/strong><\/p>\n\n\n\n<p><strong> <\/strong>La productividad es efectiva y puede llegar a incrementarla porque <strong>se fomenta la creatividad y la motivaci\u00f3n.<\/strong> Adem\u00e1s de esto, el <strong>descanso jornada laboral<\/strong> repercute favorablemente en la salud mental y el estado de \u00e1nimo de los profesionales de la organizaci\u00f3n. <\/p>\n\n\n\n<p>Esto, desde el punto de vista particular. Cuando esta din\u00e1mica se piensa en relaci\u00f3n con el <a aria-label=\"undefined (abre en una nueva pesta\u00f1a)\" href=\"\/blog\/clima-laboral\/\" target=\"_blank\" rel=\"noreferrer noopener\" data-wpel-link=\"internal\">clima laboral<\/a>, se encontrar\u00e1 que los empleados que se sienten a gusto durante la jornada de trabajo se integran mejor a las din\u00e1micas de trabajo.<\/p>\n\n\n\n<figure class=\"wp-block-image size-full\"><a href=\"\/encuestas\/\" target=\"_blank\" rel=\"noreferrer noopener\" data-wpel-link=\"internal\"><img decoding=\"async\" width=\"1500\" height=\"1160\" src=\"https:\/\/www.bizneo.com\/blog\/wp-content\/uploads\/2020\/11\/Programa-con-todo-tipo-de-encuestas-y-cuestionarios-de-RRHH.webp\" alt=\"Tipos de encuestas de clima laboral\" class=\"wp-image-18062\" srcset=\"https:\/\/www.bizneo.com\/blog\/wp-content\/uploads\/2020\/11\/Programa-con-todo-tipo-de-encuestas-y-cuestionarios-de-RRHH.webp 1500w, https:\/\/www.bizneo.com\/blog\/wp-content\/uploads\/2020\/11\/Programa-con-todo-tipo-de-encuestas-y-cuestionarios-de-RRHH-300x232.webp 300w, https:\/\/www.bizneo.com\/blog\/wp-content\/uploads\/2020\/11\/Programa-con-todo-tipo-de-encuestas-y-cuestionarios-de-RRHH-1024x792.webp 1024w, https:\/\/www.bizneo.com\/blog\/wp-content\/uploads\/2020\/11\/Programa-con-todo-tipo-de-encuestas-y-cuestionarios-de-RRHH-768x594.webp 768w, https:\/\/www.bizneo.com\/blog\/wp-content\/uploads\/2020\/11\/Programa-con-todo-tipo-de-encuestas-y-cuestionarios-de-RRHH-810x626.webp 810w, https:\/\/www.bizneo.com\/blog\/wp-content\/uploads\/2020\/11\/Programa-con-todo-tipo-de-encuestas-y-cuestionarios-de-RRHH-1140x882.webp 1140w\" sizes=\"(max-width: 1500px) 100vw, 1500px\" \/><\/a><\/figure>\n\n\n\n<p>Las empresas tienen a su disposici\u00f3n <strong>encuestas <\/strong>con las que consultar c\u00f3mo se encuentran, el nivel de exigencia en el trabajo y si tienen los suficientes tiempos para relajarse y descansarse. En definitiva<strong>, preocuparse de la plantilla y actuar para mejorar su situaci\u00f3n.<\/strong><\/p>\n\n\n\n<bzn-link><a href=\"\/encuestas\/\" target=\"_blank\" id=\"destacado-encuestas\" rel=\"noopener noreferrer\" data-wpel-link=\"internal\"><span class=\"bzn-link-title\">\u00bfNecesitas evaluar el clima laboral?<\/span>Pide una demo guiada del software de encuestas de RR. HH. de Bizneo HR <\/a><\/bzn-link>\n\n\n\n<p><\/p>\n\n\n\n<h2 class=\"wp-block-heading\">Tiempo de descanso laboral entre jornadas<\/h2>\n\n\n\n<p>El tiempo de descanso en la jornada laboral se diferencia de la siguiente manera:<\/p>\n\n\n\n<h3 class=\"wp-block-heading\">Pausa durante la jornada de trabajo<\/h3>\n\n\n\n<p>Hay al menos dos tipos de descanso en la <strong>jornada laboral<\/strong>, el establecido en el Estatuto de los Trabajadores y el especificado en los convenios colectivos.<\/p>\n\n\n\n<p>De acuerdo con el Estatuto de los Trabajadores, el descanso en el trabajo debe ser de <strong>al menos 15 minutos<\/strong> cuando la jornada de trabajo <strong>supere las seis horas de duraci\u00f3n.<\/strong><\/p>\n\n\n\n<h4 class=\"wp-block-heading\">Pausas y descanso en convenios colectivos y empresas<\/h4>\n\n\n\n<p>Dependiendo del tipo de organizaciones y el convenio colectivo, <strong>la duraci\u00f3n del descanso en la jornada laboral puede variar<\/strong> (incluso aumentar) e incluso incluir otras variantes, como la modalidad de disfrute. Es en estos convenios o en las normas internas de la organizaci\u00f3n que<strong> se precisa si el tiempo de descanso es considerado efectivo o no.<\/strong><\/p>\n\n\n\n<h3 class=\"wp-block-heading\">Descanso laboral diario: m\u00ednimo 12 horas entre jornadas<\/h3>\n\n\n\n<p>Se establece que entre el comienzo de una jornada y el inicio de otra <strong>deben haber pasado al menos doce horas<\/strong>. Es decir, debe haber 12 horas de descanso entre las jornadas o turnos en Espa\u00f1a.<\/p>\n\n\n\n<p>Si hablamos de pausas diarias, si la jornada supera las seis horas, el descanso ser\u00e1 de m\u00ednimo quince minutos. <\/p>\n\n\n\n<p>En la jornada partida, el <a href=\"https:\/\/www.boe.es\/buscar\/act.php?id=BOE-A-2015-11430&amp;p=20220323&amp;tn=1#a12\" rel=\"nofollow noopener\" data-wpel-link=\"external\" target=\"_blank\">art\u00edculo 12 del Estatuto de los trabajadores<\/a>,  establece que <strong>\u00absolo ser\u00e1 posible efectuar una \u00fanica interrupci\u00f3n en dicha jornada diaria, salvo que se disponga otra cosa mediante convenio colectivo\u00bb<\/strong>.<\/p>\n\n\n\n<p>En caso de que supere las cuatro horas dentro de la jornada intensiva, <strong>el descanso para los menores de 18 a\u00f1os deber\u00e1 ser de al menos treinta minutos.<\/strong><\/p>\n\n\n\n<bzn-note><a href=\"\/control-horario\/\" id=\"destacado-post\" target=\"_blank\" rel=\"noopener noreferrer\" data-wpel-link=\"internal\"><span class=\"bzn-link-title\"><strong>TODO sobre Control Horario de Trabajadores (presencial y remoto)<\/strong><\/span> <br>Por qu\u00e9 implementar un software de control horario en tu empresa<\/br><\/a><\/bzn-note>\n\n\n\n<p><\/p>\n\n\n\n<h3 class=\"wp-block-heading\">Descanso semanal por trabajo<\/h3>\n\n\n\n<p>El descanso semanal puede ser acumulable por per\u00edodos de catorce d\u00edas. Como norma general el descanso m\u00ednimo semanal comprender\u00e1<strong> la tarde del s\u00e1bado, la ma\u00f1ana del lunes o todo el domingo.<\/strong><\/p>\n\n\n\n<p>Para analizar novedades en la organizaci\u00f3n de la jornada laboral, <strong>hemos elaborado una gu\u00eda en profundidad sobre la irrupci\u00f3n de la <a href=\"https:\/\/www.bizneo.com\/blog\/jornada-laboral-4-dias\/\" data-wpel-link=\"internal\" target=\"_blank\">jornada de 4 d\u00edas<\/a>, <\/strong>c\u00f3mo cambian las horas trabajadas, c\u00f3mo debe ser el descanso en la jornada de cuatro d\u00edas y la adaptaci\u00f3n de sueldos y productividad. <\/p>\n\n\n\n<figure class=\"wp-block-image size-full\"><a href=\"https:\/\/hello.bizneo.com\/guia\/jornada-laboral-cuatro-dias\/?utm_content=post-banner-medio\" data-wpel-link=\"internal\" target=\"_blank\"><img decoding=\"async\" width=\"1360\" height=\"204\" src=\"https:\/\/www.bizneo.com\/blog\/wp-content\/uploads\/2022\/08\/banner-jornada-4-dias.jpg\" alt=\"Gu\u00eda jornada de 4 d\u00edas \" class=\"wp-image-35438\" srcset=\"https:\/\/www.bizneo.com\/blog\/wp-content\/uploads\/2022\/08\/banner-jornada-4-dias.jpg 1360w, https:\/\/www.bizneo.com\/blog\/wp-content\/uploads\/2022\/08\/banner-jornada-4-dias-300x45.jpg 300w, https:\/\/www.bizneo.com\/blog\/wp-content\/uploads\/2022\/08\/banner-jornada-4-dias-1024x154.jpg 1024w, https:\/\/www.bizneo.com\/blog\/wp-content\/uploads\/2022\/08\/banner-jornada-4-dias-768x115.jpg 768w, https:\/\/www.bizneo.com\/blog\/wp-content\/uploads\/2022\/08\/banner-jornada-4-dias-810x122.jpg 810w, https:\/\/www.bizneo.com\/blog\/wp-content\/uploads\/2022\/08\/banner-jornada-4-dias-1140x171.jpg 1140w\" sizes=\"(max-width: 1360px) 100vw, 1360px\" \/><\/a><\/figure>\n\n\n\n<p>Aparte, para las empresas que quieren atreverse a implantarla, <strong>facilitamos herramientas para medir, tomar decisiones adecuadas y alcanzar el \u00e9xito. <\/strong><\/p>\n\n\n\n<h3 class=\"wp-block-heading\">Descanso en la jornada laboral entre turnos <\/h3>\n\n\n\n<p>Lo primero es explicar que se considera <a href=\"https:\/\/www.bizneo.com\/blog\/sistema-turnos-de-trabajo\/\" data-wpel-link=\"internal\" target=\"_blank\">trabajo a turnos<\/a> la forma de organizaci\u00f3n en la que se prestan servicios en horarios diferentes en una etapa determinada de d\u00edas o semanas de forma c\u00edclica. \u00bfCu\u00e1les son las particularidades en cuanto a descanso laboral del trabajo a turnos?<\/p>\n\n\n\n<ul class=\"wp-block-list\">\n<li>Ning\u00fan empleado puede estar en el turno de noche m\u00e1s de dos semanas consecutivas, salvo que sea una decisi\u00f3n voluntaria.<\/li>\n\n\n\n<li>Se puede&nbsp;reducir el descanso entre jornadas&nbsp;hasta un m\u00ednimo de 7 horas si al cambiar el turno del trabajador no se puede respetar las 12 horas de descanso, compens\u00e1ndose la diferencia en los d\u00edas inmediatamente siguientes.<\/li>\n\n\n\n<li>Se puede cambiar el descanso m\u00ednimo semanal y acumularlo por per\u00edodos de hasta 4 semanas el medio d\u00eda del descanso semanal, o separarlo del correspondiente al d\u00eda completo para su disfrute en otro d\u00eda de la semana.<\/li>\n<\/ul>\n\n\n\n<bzn-note><a href=\"\/blog\/planificador-de-horarios-laborales\/\" id=\"destacado-post\" target=\"_blank\" rel=\"noopener noreferrer\" data-wpel-link=\"internal\"><span class=\"bzn-link-title\"><strong>C\u00f3mo organizar los turnos de trabajo<\/strong><\/span> <br>Descubre una tecnolog\u00eda para planificar con \u00e9xito los horarios<\/br><\/a><\/bzn-note>\n\n\n\n<p><\/p>\n\n\n\n<h3 class=\"wp-block-heading\">Descansos en la jornada laboral para comer <\/h3>\n\n\n\n<p>Dependiendo de la organizaci\u00f3n o el convenio, el descanso para comer en el trabajo<strong> <\/strong>puede ser de<strong> una o dos horas en jornadas partidas<\/strong>. <\/p>\n\n\n\n<p><strong>Este tiempo no es considerado efectivo.<\/strong><\/p>\n\n\n\n<figure class=\"wp-block-image size-large\"><a href=\"https:\/\/hello.bizneo.com\/kit\/gestion-del-tiempo\/?utm_content=post-KIT-Tiempo\" data-wpel-link=\"internal\" target=\"_blank\"><img decoding=\"async\" width=\"1024\" height=\"307\" src=\"https:\/\/www.bizneo.com\/blog\/wp-content\/uploads\/2023\/03\/KIT-Tiempo-1-1024x307.png\" alt=\"Kit de Gesti\u00f3n del Tiempo\" class=\"wp-image-39178\" srcset=\"https:\/\/www.bizneo.com\/blog\/wp-content\/uploads\/2023\/03\/KIT-Tiempo-1-1024x307.png 1024w, https:\/\/www.bizneo.com\/blog\/wp-content\/uploads\/2023\/03\/KIT-Tiempo-1-300x90.png 300w, https:\/\/www.bizneo.com\/blog\/wp-content\/uploads\/2023\/03\/KIT-Tiempo-1-768x230.png 768w, https:\/\/www.bizneo.com\/blog\/wp-content\/uploads\/2023\/03\/KIT-Tiempo-1-810x243.png 810w, https:\/\/www.bizneo.com\/blog\/wp-content\/uploads\/2023\/03\/KIT-Tiempo-1-1140x342.png 1140w, https:\/\/www.bizneo.com\/blog\/wp-content\/uploads\/2023\/03\/KIT-Tiempo-1.png 1360w\" sizes=\"(max-width: 1024px) 100vw, 1024px\" \/><\/a><\/figure>\n\n\n\n<h3 class=\"wp-block-heading\">Fumadores: \u00bfvale como descanso laboral?<\/h3>\n\n\n\n<p><strong>S\u00ed.<\/strong> De acuerdo con lo establecido en la ley, <strong>al trabajador se le debe reconocer este tiempo siempre<\/strong> y cuando la jornada laboral supere las seis horas diarias. En caso de que los convenios colectivos o normas no lo refieren, seguramente no ser\u00e1n contado como tiempo efectivo ni ser\u00e1 retribuido.<\/p>\n\n\n\n<h3 class=\"wp-block-heading\">D\u00edas de descanso laboral no disfrutados, \u00bfdescanso retribuido?<\/h3>\n\n\n\n<p>Si el tiempo de descanso establecido no puede ser tomado por el empleado por sus responsabilidades o el tipo de actividad, <strong>deber\u00e1 ser retribuido<\/strong>. \u00bfPor qu\u00e9? Para evitar que ese tiempo sea considerado como <a aria-label=\"undefined (abre en una nueva pesta\u00f1a)\" href=\"\/blog\/calculo-de-horas-extra\/\" target=\"_blank\" rel=\"noreferrer noopener\" data-wpel-link=\"internal\">horas extra<\/a>.<\/p>\n\n\n\n<p>Es fundamental que las empresas <strong>eviten medir los descansos y el tiempo de trabajo con hojas de Excel<\/strong> u otros m\u00e9todos m\u00e1s complejos y anticuados. <\/p>\n\n\n\n<figure class=\"wp-block-image size-full\"><a href=\"\/gestor-vacaciones\/\" target=\"_blank\" rel=\"noreferrer noopener\" data-wpel-link=\"internal\"><img decoding=\"async\" width=\"1500\" height=\"1108\" src=\"https:\/\/www.bizneo.com\/blog\/wp-content\/uploads\/2020\/11\/Cuadrante-de-vacaciones-de-empleados.webp\" alt=\"Cuadrante de vacaciones\" class=\"wp-image-17979\" srcset=\"https:\/\/www.bizneo.com\/blog\/wp-content\/uploads\/2020\/11\/Cuadrante-de-vacaciones-de-empleados.webp 1500w, https:\/\/www.bizneo.com\/blog\/wp-content\/uploads\/2020\/11\/Cuadrante-de-vacaciones-de-empleados-300x222.webp 300w, https:\/\/www.bizneo.com\/blog\/wp-content\/uploads\/2020\/11\/Cuadrante-de-vacaciones-de-empleados-1024x756.webp 1024w, https:\/\/www.bizneo.com\/blog\/wp-content\/uploads\/2020\/11\/Cuadrante-de-vacaciones-de-empleados-768x567.webp 768w, https:\/\/www.bizneo.com\/blog\/wp-content\/uploads\/2020\/11\/Cuadrante-de-vacaciones-de-empleados-810x598.webp 810w, https:\/\/www.bizneo.com\/blog\/wp-content\/uploads\/2020\/11\/Cuadrante-de-vacaciones-de-empleados-1140x842.webp 1140w\" sizes=\"(max-width: 1500px) 100vw, 1500px\" \/><\/a><\/figure>\n\n\n\n<p>En la actualidad, y como vamos a expandir en el siguiente apartado, hay <a href=\"https:\/\/www.bizneo.com\/blog\/sistema-de-control-horario-digital\/\" data-wpel-link=\"internal\" target=\"_blank\">sistemas de control horario<\/a> como el que mostramos en la pantalla que integran a toda la organizaci\u00f3n dentro de una misma plataforma y permiten <strong><a href=\"https:\/\/www.bizneo.com\/blog\/registro-de-jornada-laboral\/\" data-wpel-link=\"internal\" target=\"_blank\">registrar la jornada laboral<\/a>, los descansos en el trabajo, pausas, las vacaciones y las ausencias <\/strong>de forma sencilla y automatizada. <\/p>\n\n\n\n<figure class=\"wp-block-image size-large\"><a href=\"\/control-horario\/\" data-wpel-link=\"internal\" target=\"_blank\"><img decoding=\"async\" width=\"1360\" height=\"204\" src=\"https:\/\/www.bizneo.com\/blog\/wp-content\/uploads\/2021\/04\/banner_medio-herramienta-turnos-horario.jpg\" alt=\"software control horario\" class=\"wp-image-21167\" srcset=\"https:\/\/www.bizneo.com\/blog\/wp-content\/uploads\/2021\/04\/banner_medio-herramienta-turnos-horario.jpg 1360w, https:\/\/www.bizneo.com\/blog\/wp-content\/uploads\/2021\/04\/banner_medio-herramienta-turnos-horario-300x45.jpg 300w, https:\/\/www.bizneo.com\/blog\/wp-content\/uploads\/2021\/04\/banner_medio-herramienta-turnos-horario-1024x154.jpg 1024w, https:\/\/www.bizneo.com\/blog\/wp-content\/uploads\/2021\/04\/banner_medio-herramienta-turnos-horario-768x115.jpg 768w, https:\/\/www.bizneo.com\/blog\/wp-content\/uploads\/2021\/04\/banner_medio-herramienta-turnos-horario-810x122.jpg 810w, https:\/\/www.bizneo.com\/blog\/wp-content\/uploads\/2021\/04\/banner_medio-herramienta-turnos-horario-1140x171.jpg 1140w\" sizes=\"(max-width: 1360px) 100vw, 1360px\" \/><\/a><\/figure>\n\n\n\n<h2 class=\"wp-block-heading\">Registro y control del descanso en la jornada laboral<\/h2>\n\n\n\n<p>De acuerdo con el Real decreto ley 8\/2019, publicado el 8 de marzo, de medidas urgentes de protecci\u00f3n social y de lucha contra la precariedad laboral en la jornada de trabajo, <strong>es necesario llevar un registro detallado de la jornada laboral.<\/strong><\/p>\n\n\n\n<p>Dentro de este registro es necesario <strong>incluir el descanso en el trabajo si es considerado como tiempo efectivo<\/strong>. Para determinar esto, hay que apoyarse en el convenio al que pertenezca cada organizaci\u00f3n. Sin embargo, como parte del registro que hay que llevar, se sugiere documentar aquel tiempo que no se considere efectivo.<\/p>\n\n\n\n<p>Para lograrlo, lo mejor es apoyarse en la tecnolog\u00eda de un <a href=\"https:\/\/www.bizneo.com\/blog\/software-de-registro-de-jornada-laboral\/\" data-wpel-link=\"internal\" target=\"_blank\">software de registro de jornada.<\/a> Cuenta con multitud de funcionalidades que facilitan la supervisi\u00f3n del horario cumplido por los trabajadores. Con sus informes podr\u00e1s revisar f\u00e1cilmente el tiempo de trabajo registrado, si cumple con lo esperado o no y ver exactamente el balance, ver los tramos de descansos y pausas&#8230; <strong>todo desde una \u00fanica plataforma<\/strong>. <\/p>\n\n\n\n<figure class=\"wp-block-image size-full\"><a href=\"\/control-horario\/\" target=\"_blank\" rel=\"noreferrer noopener\" data-wpel-link=\"internal\"><img decoding=\"async\" width=\"1125\" height=\"915\" src=\"https:\/\/www.bizneo.com\/blog\/wp-content\/uploads\/2021\/05\/Informes-de-control-horario-y-turnos.webp\" alt=\"Informe de control horario para trabajadores\" class=\"wp-image-21838\" srcset=\"https:\/\/www.bizneo.com\/blog\/wp-content\/uploads\/2021\/05\/Informes-de-control-horario-y-turnos.webp 1125w, https:\/\/www.bizneo.com\/blog\/wp-content\/uploads\/2021\/05\/Informes-de-control-horario-y-turnos-300x244.webp 300w, https:\/\/www.bizneo.com\/blog\/wp-content\/uploads\/2021\/05\/Informes-de-control-horario-y-turnos-1024x833.webp 1024w, https:\/\/www.bizneo.com\/blog\/wp-content\/uploads\/2021\/05\/Informes-de-control-horario-y-turnos-768x625.webp 768w, https:\/\/www.bizneo.com\/blog\/wp-content\/uploads\/2021\/05\/Informes-de-control-horario-y-turnos-810x659.webp 810w\" sizes=\"(max-width: 1125px) 100vw, 1125px\" \/><\/a><\/figure>\n\n\n\n<p>Para ah\u00ed no acaban sus funcionalidades m\u00e1s top. Por ejemplo, con este sistema se podr\u00e1 calcular el tiempo entre cada jornada y as\u00ed repartir los descansos adecuados a cada trabajador y avisarle si hay alg\u00fan cambio de \u00faltima hora. Nuestro software cuenta con<strong> workflows para notificar cambios de turnos y horarios<\/strong>, una manera de asegurar la organizaci\u00f3n de la empresa y evitar solapamientos.<\/p>\n\n\n\n<figure class=\"wp-block-image size-full\"><a href=\"\/gestion-turnos\/\" data-wpel-link=\"internal\" target=\"_blank\"><img decoding=\"async\" width=\"1500\" height=\"1083\" src=\"https:\/\/www.bizneo.com\/blog\/wp-content\/uploads\/2022\/03\/Tipos-turnos-horarios-trabajo.webp\" alt=\"Software de gesti\u00f3n de turnos rotativos\" class=\"wp-image-33017\" srcset=\"https:\/\/www.bizneo.com\/blog\/wp-content\/uploads\/2022\/03\/Tipos-turnos-horarios-trabajo.webp 1500w, https:\/\/www.bizneo.com\/blog\/wp-content\/uploads\/2022\/03\/Tipos-turnos-horarios-trabajo-300x217.webp 300w, https:\/\/www.bizneo.com\/blog\/wp-content\/uploads\/2022\/03\/Tipos-turnos-horarios-trabajo-1024x739.webp 1024w, https:\/\/www.bizneo.com\/blog\/wp-content\/uploads\/2022\/03\/Tipos-turnos-horarios-trabajo-768x554.webp 768w, https:\/\/www.bizneo.com\/blog\/wp-content\/uploads\/2022\/03\/Tipos-turnos-horarios-trabajo-810x585.webp 810w, https:\/\/www.bizneo.com\/blog\/wp-content\/uploads\/2022\/03\/Tipos-turnos-horarios-trabajo-1140x823.webp 1140w\" sizes=\"(max-width: 1500px) 100vw, 1500px\" \/><\/a><\/figure>\n\n\n\n<p>Adem\u00e1s, la forma en la que se ficha y se registra la jornada es muy c\u00f3moda y flexible. Gracias al <a href=\"\/control-horario\/\" data-wpel-link=\"internal\" target=\"_blank\">software de control horario<\/a> de Bizneo HR las empresas cuentan con pol\u00edticas de registro de jornada a medida, que se adaptan a las necesidades de cada empresa.<\/p>\n\n\n\n<figure class=\"wp-block-image size-full\"><a href=\"\/control-horario\/\" target=\"_blank\" rel=\"noreferrer noopener\" data-wpel-link=\"internal\"><img decoding=\"async\" width=\"1500\" height=\"1103\" src=\"https:\/\/www.bizneo.com\/blog\/wp-content\/uploads\/2020\/11\/Registro-horas-trabajo.webp\" alt=\"Registro de horas de trabajo\" class=\"wp-image-17717\" srcset=\"https:\/\/www.bizneo.com\/blog\/wp-content\/uploads\/2020\/11\/Registro-horas-trabajo.webp 1500w, https:\/\/www.bizneo.com\/blog\/wp-content\/uploads\/2020\/11\/Registro-horas-trabajo-300x221.webp 300w, https:\/\/www.bizneo.com\/blog\/wp-content\/uploads\/2020\/11\/Registro-horas-trabajo-1024x753.webp 1024w, https:\/\/www.bizneo.com\/blog\/wp-content\/uploads\/2020\/11\/Registro-horas-trabajo-768x565.webp 768w, https:\/\/www.bizneo.com\/blog\/wp-content\/uploads\/2020\/11\/Registro-horas-trabajo-810x596.webp 810w, https:\/\/www.bizneo.com\/blog\/wp-content\/uploads\/2020\/11\/Registro-horas-trabajo-1140x838.webp 1140w\" sizes=\"(max-width: 1500px) 100vw, 1500px\" \/><\/a><\/figure>\n\n\n\n<ul class=\"wp-block-list\">\n<li><strong>\u00bfNecesitas pol\u00edticas m\u00e1s restrictivas?<\/strong>&nbsp;Contador de horas, restricci\u00f3n de IP, geolocalizaci\u00f3n\u2026 que te ayude a saber en qu\u00e9 punto han trabajado y cu\u00e1nto tiempo, donde se reflejan exactamente los tramos de pausas y descansos.<\/li>\n\n\n\n<li><strong>\u00bfEs una empresa m\u00e1s flexible que prefiere la autogesti\u00f3n?<\/strong>&nbsp;Fichajes esperados que ya incluyen el descanso acordado, fichajes masivos, entrada y salida con margen horario\u2026<\/li>\n<\/ul>\n\n\n\n<p>En definitiva, un <a href=\"https:\/\/www.bizneo.com\/blog\/programa-de-control-horario\/\" data-wpel-link=\"internal\" target=\"_blank\">programa de control horario<\/a> <strong>garantiza el cumplimiento de la ley respecto a las pausas y el descanso de la jornada laboral<\/strong>, y al mismo tiempo, favorece un aumento de la productividad al controlar c\u00f3mo rinde cada trabajador.<\/p>\n\n\n\n<figure class=\"wp-block-image size-full\"><a href=\"\/control-horario\/\" data-wpel-link=\"internal\" target=\"_blank\"><img decoding=\"async\" width=\"1360\" height=\"408\" src=\"https:\/\/www.bizneo.com\/blog\/wp-content\/uploads\/2024\/02\/Banner-grande-software-control-horario.jpg\" alt=\"Software de control horario\" class=\"wp-image-44807\" srcset=\"https:\/\/www.bizneo.com\/blog\/wp-content\/uploads\/2024\/02\/Banner-grande-software-control-horario.jpg 1360w, https:\/\/www.bizneo.com\/blog\/wp-content\/uploads\/2024\/02\/Banner-grande-software-control-horario-300x90.jpg 300w, https:\/\/www.bizneo.com\/blog\/wp-content\/uploads\/2024\/02\/Banner-grande-software-control-horario-1024x307.jpg 1024w, https:\/\/www.bizneo.com\/blog\/wp-content\/uploads\/2024\/02\/Banner-grande-software-control-horario-768x230.jpg 768w, https:\/\/www.bizneo.com\/blog\/wp-content\/uploads\/2024\/02\/Banner-grande-software-control-horario-810x243.jpg 810w, https:\/\/www.bizneo.com\/blog\/wp-content\/uploads\/2024\/02\/Banner-grande-software-control-horario-1140x342.jpg 1140w\" sizes=\"(max-width: 1360px) 100vw, 1360px\" \/><\/a><\/figure>\n","protected":false},"excerpt":{"rendered":"<p>El descanso en la jornada laboral debe estar registrado porque la Ley as\u00ed lo exige. En la actualidad, este proceso se puede controlar f\u00e1cilmente con sistemas horarios.<\/p>\n","protected":false},"author":10,"featured_media":14435,"comment_status":"open","ping_status":"open","sticky":false,"template":"","format":"standard","meta":{"_uag_custom_page_level_css":"","site-sidebar-layout":"default","site-content-layout":"","ast-site-content-layout":"default","site-content-style":"default","site-sidebar-style":"default","ast-global-header-display":"","ast-banner-title-visibility":"","ast-main-header-display":"","ast-hfb-above-header-display":"","ast-hfb-below-header-display":"","ast-hfb-mobile-header-display":"","site-post-title":"","ast-breadcrumbs-content":"","ast-featured-img":"","footer-sml-layout":"","ast-disable-related-posts":"","theme-transparent-header-meta":"","adv-header-id-meta":"","stick-header-meta":"","header-above-stick-meta":"","header-main-stick-meta":"","header-below-stick-meta":"","astra-migrate-meta-layouts":"default","ast-page-background-enabled":"default","ast-page-background-meta":{"desktop":{"background-color":"var(--ast-global-color-5)","background-image":"","background-repeat":"repeat","background-position":"center center","background-size":"auto","background-attachment":"scroll","background-type":"","background-media":"","overlay-type":"","overlay-color":"","overlay-opacity":"","overlay-gradient":""},"tablet":{"background-color":"","background-image":"","background-repeat":"repeat","background-position":"center center","background-size":"auto","background-attachment":"scroll","background-type":"","background-media":"","overlay-type":"","overlay-color":"","overlay-opacity":"","overlay-gradient":""},"mobile":{"background-color":"","background-image":"","background-repeat":"repeat","background-position":"center center","background-size":"auto","background-attachment":"scroll","background-type":"","background-media":"","overlay-type":"","overlay-color":"","overlay-opacity":"","overlay-gradient":""}},"ast-content-background-meta":{"desktop":{"background-color":"var(--ast-global-color-4)","background-image":"","background-repeat":"repeat","background-position":"center center","background-size":"auto","background-attachment":"scroll","background-type":"","background-media":"","overlay-type":"","overlay-color":"","overlay-opacity":"","overlay-gradient":""},"tablet":{"background-color":"var(--ast-global-color-4)","background-image":"","background-repeat":"repeat","background-position":"center center","background-size":"auto","background-attachment":"scroll","background-type":"","background-media":"","overlay-type":"","overlay-color":"","overlay-opacity":"","overlay-gradient":""},"mobile":{"background-color":"var(--ast-global-color-4)","background-image":"","background-repeat":"repeat","background-position":"center center","background-size":"auto","background-attachment":"scroll","background-type":"","background-media":"","overlay-type":"","overlay-color":"","overlay-opacity":"","overlay-gradient":""}},"footnotes":""},"categories":[84,7],"tags":[49,22],"class_list":["post-14346","post","type-post","status-publish","format-standard","has-post-thumbnail","hentry","category-clima-laboral","category-gestion-del-talento","tag-gestion-de-personas","tag-gestion-del-tiempo"],"yoast_head":"<!-- This site is optimized with the Yoast SEO plugin v27.5 - https:\/\/yoast.com\/product\/yoast-seo-wordpress\/ -->\n<title>Descanso en la jornada laboral y pausas | \u00bfCu\u00e1nto tiempo es?<\/title>\n<meta name=\"description\" content=\"La legislaci\u00f3n regula el derecho al descanso en la jornada laboral y sus respectivas pausas. Te contamos cu\u00e1nto tiempo corresponde.\" \/>\n<meta name=\"robots\" content=\"index, follow, max-snippet:-1, max-image-preview:large, max-video-preview:-1\" \/>\n<meta property=\"og:locale\" content=\"es_ES\" \/>\n<meta property=\"og:type\" content=\"article\" \/>\n<meta property=\"og:title\" content=\"Descanso en la jornada laboral y pausas | \u00bfCu\u00e1nto tiempo es?\" \/>\n<meta property=\"og:description\" content=\"La legislaci\u00f3n regula el derecho al descanso en la jornada laboral y sus respectivas pausas. Te contamos cu\u00e1nto tiempo corresponde.\" \/>\n<meta property=\"og:url\" content=\"https:\/\/www.bizneo.com\/blog\/descanso-en-el-trabajo\/\" \/>\n<meta property=\"og:site_name\" content=\"Blog de Recursos Humanos de Bizneo HR: pr\u00e1ctico y actual\" \/>\n<meta property=\"article:published_time\" content=\"2020-07-14T09:43:00+00:00\" \/>\n<meta property=\"article:modified_time\" content=\"2026-02-01T18:26:49+00:00\" \/>\n<meta property=\"og:image\" content=\"https:\/\/www.bizneo.com\/blog\/wp-content\/uploads\/2020\/07\/descanso-en-la-jornada-laboral.webp\" \/>\n\t<meta property=\"og:image:width\" content=\"1140\" \/>\n\t<meta property=\"og:image:height\" content=\"640\" \/>\n\t<meta property=\"og:image:type\" content=\"image\/webp\" \/>\n<meta name=\"author\" content=\"\u00c1lvaro Andr\u00e9s\" \/>\n<meta name=\"twitter:card\" content=\"summary_large_image\" \/>\n<meta name=\"twitter:label1\" content=\"Escrito por\" \/>\n\t<meta name=\"twitter:data1\" content=\"\u00c1lvaro Andr\u00e9s\" \/>\n\t<meta name=\"twitter:label2\" content=\"Tiempo de lectura\" \/>\n\t<meta name=\"twitter:data2\" content=\"89 minutos\" \/>\n<script type=\"application\/ld+json\" class=\"yoast-schema-graph\">{\"@context\":\"https:\\\/\\\/schema.org\",\"@graph\":[{\"@type\":[\"Article\",\"BlogPosting\"],\"@id\":\"https:\\\/\\\/www.bizneo.com\\\/blog\\\/descanso-en-el-trabajo\\\/#article\",\"isPartOf\":{\"@id\":\"https:\\\/\\\/www.bizneo.com\\\/blog\\\/descanso-en-el-trabajo\\\/\"},\"author\":{\"name\":\"\u00c1lvaro Andr\u00e9s\",\"@id\":\"https:\\\/\\\/www.bizneo.com\\\/blog\\\/#\\\/schema\\\/person\\\/f932a31bafbfb0726b3071df66e72848\"},\"headline\":\"Descanso en la jornada laboral y pausas | \u00bfCu\u00e1nto tiempo es?\",\"datePublished\":\"2020-07-14T09:43:00+00:00\",\"dateModified\":\"2026-02-01T18:26:49+00:00\",\"mainEntityOfPage\":{\"@id\":\"https:\\\/\\\/www.bizneo.com\\\/blog\\\/descanso-en-el-trabajo\\\/\"},\"wordCount\":1697,\"commentCount\":12,\"publisher\":{\"@id\":\"https:\\\/\\\/www.bizneo.com\\\/blog\\\/#organization\"},\"image\":{\"@id\":\"https:\\\/\\\/www.bizneo.com\\\/blog\\\/descanso-en-el-trabajo\\\/#primaryimage\"},\"thumbnailUrl\":\"https:\\\/\\\/www.bizneo.com\\\/blog\\\/wp-content\\\/uploads\\\/2020\\\/07\\\/descanso-en-la-jornada-laboral.webp\",\"keywords\":[\"Gesti\u00f3n de personas\",\"Gesti\u00f3n del tiempo\"],\"articleSection\":[\"Clima Laboral\",\"Gesti\u00f3n del talento\"],\"inLanguage\":\"es\",\"potentialAction\":[{\"@type\":\"CommentAction\",\"name\":\"Comment\",\"target\":[\"https:\\\/\\\/www.bizneo.com\\\/blog\\\/descanso-en-el-trabajo\\\/#respond\"]}]},{\"@type\":\"WebPage\",\"@id\":\"https:\\\/\\\/www.bizneo.com\\\/blog\\\/descanso-en-el-trabajo\\\/\",\"url\":\"https:\\\/\\\/www.bizneo.com\\\/blog\\\/descanso-en-el-trabajo\\\/\",\"name\":\"Descanso en la jornada laboral y pausas | \u00bfCu\u00e1nto tiempo es?\",\"isPartOf\":{\"@id\":\"https:\\\/\\\/www.bizneo.com\\\/blog\\\/#website\"},\"primaryImageOfPage\":{\"@id\":\"https:\\\/\\\/www.bizneo.com\\\/blog\\\/descanso-en-el-trabajo\\\/#primaryimage\"},\"image\":{\"@id\":\"https:\\\/\\\/www.bizneo.com\\\/blog\\\/descanso-en-el-trabajo\\\/#primaryimage\"},\"thumbnailUrl\":\"https:\\\/\\\/www.bizneo.com\\\/blog\\\/wp-content\\\/uploads\\\/2020\\\/07\\\/descanso-en-la-jornada-laboral.webp\",\"datePublished\":\"2020-07-14T09:43:00+00:00\",\"dateModified\":\"2026-02-01T18:26:49+00:00\",\"description\":\"La legislaci\u00f3n regula el derecho al descanso en la jornada laboral y sus respectivas pausas. Te contamos cu\u00e1nto tiempo corresponde.\",\"breadcrumb\":{\"@id\":\"https:\\\/\\\/www.bizneo.com\\\/blog\\\/descanso-en-el-trabajo\\\/#breadcrumb\"},\"inLanguage\":\"es\",\"potentialAction\":[{\"@type\":\"ReadAction\",\"target\":[\"https:\\\/\\\/www.bizneo.com\\\/blog\\\/descanso-en-el-trabajo\\\/\"]}]},{\"@type\":\"ImageObject\",\"inLanguage\":\"es\",\"@id\":\"https:\\\/\\\/www.bizneo.com\\\/blog\\\/descanso-en-el-trabajo\\\/#primaryimage\",\"url\":\"https:\\\/\\\/www.bizneo.com\\\/blog\\\/wp-content\\\/uploads\\\/2020\\\/07\\\/descanso-en-la-jornada-laboral.webp\",\"contentUrl\":\"https:\\\/\\\/www.bizneo.com\\\/blog\\\/wp-content\\\/uploads\\\/2020\\\/07\\\/descanso-en-la-jornada-laboral.webp\",\"width\":1140,\"height\":640,\"caption\":\"descanso en la jornada laboral\"},{\"@type\":\"BreadcrumbList\",\"@id\":\"https:\\\/\\\/www.bizneo.com\\\/blog\\\/descanso-en-el-trabajo\\\/#breadcrumb\",\"itemListElement\":[{\"@type\":\"ListItem\",\"position\":1,\"name\":\"Portada\",\"item\":\"https:\\\/\\\/www.bizneo.com\\\/blog\\\/\"},{\"@type\":\"ListItem\",\"position\":2,\"name\":\"Gesti\u00f3n del talento\",\"item\":\"https:\\\/\\\/www.bizneo.com\\\/blog\\\/category\\\/gestion-del-talento\\\/\"},{\"@type\":\"ListItem\",\"position\":3,\"name\":\"Descanso en la jornada laboral y pausas | \u00bfCu\u00e1nto tiempo es?\"}]},{\"@type\":\"WebSite\",\"@id\":\"https:\\\/\\\/www.bizneo.com\\\/blog\\\/#website\",\"url\":\"https:\\\/\\\/www.bizneo.com\\\/blog\\\/\",\"name\":\"Blog de Recursos Humanos de Bizneo HR: pr\u00e1ctico y actual\",\"description\":\"Todo sobre actualidad, herramientas y tecnolog\u00eda  para optimizar la gesti\u00f3n del talento humano\",\"publisher\":{\"@id\":\"https:\\\/\\\/www.bizneo.com\\\/blog\\\/#organization\"},\"potentialAction\":[{\"@type\":\"SearchAction\",\"target\":{\"@type\":\"EntryPoint\",\"urlTemplate\":\"https:\\\/\\\/www.bizneo.com\\\/blog\\\/?s={search_term_string}\"},\"query-input\":{\"@type\":\"PropertyValueSpecification\",\"valueRequired\":true,\"valueName\":\"search_term_string\"}}],\"inLanguage\":\"es\"},{\"@type\":\"Organization\",\"@id\":\"https:\\\/\\\/www.bizneo.com\\\/blog\\\/#organization\",\"name\":\"Bizneo HR\",\"url\":\"https:\\\/\\\/www.bizneo.com\\\/blog\\\/\",\"logo\":{\"@type\":\"ImageObject\",\"inLanguage\":\"es\",\"@id\":\"https:\\\/\\\/www.bizneo.com\\\/blog\\\/#\\\/schema\\\/logo\\\/image\\\/\",\"url\":\"https:\\\/\\\/www.bizneo.com\\\/blog\\\/wp-content\\\/uploads\\\/2020\\\/09\\\/Icono-Logo-Bizneo-HR.png\",\"contentUrl\":\"https:\\\/\\\/www.bizneo.com\\\/blog\\\/wp-content\\\/uploads\\\/2020\\\/09\\\/Icono-Logo-Bizneo-HR.png\",\"width\":834,\"height\":834,\"caption\":\"Bizneo HR\"},\"image\":{\"@id\":\"https:\\\/\\\/www.bizneo.com\\\/blog\\\/#\\\/schema\\\/logo\\\/image\\\/\"}},{\"@type\":\"Person\",\"@id\":\"https:\\\/\\\/www.bizneo.com\\\/blog\\\/#\\\/schema\\\/person\\\/f932a31bafbfb0726b3071df66e72848\",\"name\":\"\u00c1lvaro Andr\u00e9s\",\"image\":{\"@type\":\"ImageObject\",\"inLanguage\":\"es\",\"@id\":\"https:\\\/\\\/secure.gravatar.com\\\/avatar\\\/c6b277afc20d169a72d7f266c0f4e889c65d2c4ec098d46bc9fba0266f1cde35?s=96&d=mm&r=g\",\"url\":\"https:\\\/\\\/secure.gravatar.com\\\/avatar\\\/c6b277afc20d169a72d7f266c0f4e889c65d2c4ec098d46bc9fba0266f1cde35?s=96&d=mm&r=g\",\"contentUrl\":\"https:\\\/\\\/secure.gravatar.com\\\/avatar\\\/c6b277afc20d169a72d7f266c0f4e889c65d2c4ec098d46bc9fba0266f1cde35?s=96&d=mm&r=g\",\"caption\":\"\u00c1lvaro Andr\u00e9s\"},\"url\":\"https:\\\/\\\/www.bizneo.com\\\/blog\\\/author\\\/alvaroa\\\/\"}]}<\/script>\n<!-- \/ Yoast SEO plugin. -->","yoast_head_json":{"title":"Descanso en la jornada laboral y pausas | \u00bfCu\u00e1nto tiempo es?","description":"La legislaci\u00f3n regula el derecho al descanso en la jornada laboral y sus respectivas pausas. Te contamos cu\u00e1nto tiempo corresponde.","robots":{"index":"index","follow":"follow","max-snippet":"max-snippet:-1","max-image-preview":"max-image-preview:large","max-video-preview":"max-video-preview:-1"},"og_locale":"es_ES","og_type":"article","og_title":"Descanso en la jornada laboral y pausas | \u00bfCu\u00e1nto tiempo es?","og_description":"La legislaci\u00f3n regula el derecho al descanso en la jornada laboral y sus respectivas pausas. Te contamos cu\u00e1nto tiempo corresponde.","og_url":"https:\/\/www.bizneo.com\/blog\/descanso-en-el-trabajo\/","og_site_name":"Blog de Recursos Humanos de Bizneo HR: pr\u00e1ctico y actual","article_published_time":"2020-07-14T09:43:00+00:00","article_modified_time":"2026-02-01T18:26:49+00:00","og_image":[{"width":1140,"height":640,"url":"https:\/\/www.bizneo.com\/blog\/wp-content\/uploads\/2020\/07\/descanso-en-la-jornada-laboral.webp","type":"image\/webp"}],"author":"\u00c1lvaro Andr\u00e9s","twitter_card":"summary_large_image","twitter_misc":{"Escrito por":"\u00c1lvaro Andr\u00e9s","Tiempo de lectura":"89 minutos"},"schema":{"@context":"https:\/\/schema.org","@graph":[{"@type":["Article","BlogPosting"],"@id":"https:\/\/www.bizneo.com\/blog\/descanso-en-el-trabajo\/#article","isPartOf":{"@id":"https:\/\/www.bizneo.com\/blog\/descanso-en-el-trabajo\/"},"author":{"name":"\u00c1lvaro Andr\u00e9s","@id":"https:\/\/www.bizneo.com\/blog\/#\/schema\/person\/f932a31bafbfb0726b3071df66e72848"},"headline":"Descanso en la jornada laboral y pausas | \u00bfCu\u00e1nto tiempo es?","datePublished":"2020-07-14T09:43:00+00:00","dateModified":"2026-02-01T18:26:49+00:00","mainEntityOfPage":{"@id":"https:\/\/www.bizneo.com\/blog\/descanso-en-el-trabajo\/"},"wordCount":1697,"commentCount":12,"publisher":{"@id":"https:\/\/www.bizneo.com\/blog\/#organization"},"image":{"@id":"https:\/\/www.bizneo.com\/blog\/descanso-en-el-trabajo\/#primaryimage"},"thumbnailUrl":"https:\/\/www.bizneo.com\/blog\/wp-content\/uploads\/2020\/07\/descanso-en-la-jornada-laboral.webp","keywords":["Gesti\u00f3n de personas","Gesti\u00f3n del tiempo"],"articleSection":["Clima Laboral","Gesti\u00f3n del talento"],"inLanguage":"es","potentialAction":[{"@type":"CommentAction","name":"Comment","target":["https:\/\/www.bizneo.com\/blog\/descanso-en-el-trabajo\/#respond"]}]},{"@type":"WebPage","@id":"https:\/\/www.bizneo.com\/blog\/descanso-en-el-trabajo\/","url":"https:\/\/www.bizneo.com\/blog\/descanso-en-el-trabajo\/","name":"Descanso en la jornada laboral y pausas | \u00bfCu\u00e1nto tiempo es?","isPartOf":{"@id":"https:\/\/www.bizneo.com\/blog\/#website"},"primaryImageOfPage":{"@id":"https:\/\/www.bizneo.com\/blog\/descanso-en-el-trabajo\/#primaryimage"},"image":{"@id":"https:\/\/www.bizneo.com\/blog\/descanso-en-el-trabajo\/#primaryimage"},"thumbnailUrl":"https:\/\/www.bizneo.com\/blog\/wp-content\/uploads\/2020\/07\/descanso-en-la-jornada-laboral.webp","datePublished":"2020-07-14T09:43:00+00:00","dateModified":"2026-02-01T18:26:49+00:00","description":"La legislaci\u00f3n regula el derecho al descanso en la jornada laboral y sus respectivas pausas. Te contamos cu\u00e1nto tiempo corresponde.","breadcrumb":{"@id":"https:\/\/www.bizneo.com\/blog\/descanso-en-el-trabajo\/#breadcrumb"},"inLanguage":"es","potentialAction":[{"@type":"ReadAction","target":["https:\/\/www.bizneo.com\/blog\/descanso-en-el-trabajo\/"]}]},{"@type":"ImageObject","inLanguage":"es","@id":"https:\/\/www.bizneo.com\/blog\/descanso-en-el-trabajo\/#primaryimage","url":"https:\/\/www.bizneo.com\/blog\/wp-content\/uploads\/2020\/07\/descanso-en-la-jornada-laboral.webp","contentUrl":"https:\/\/www.bizneo.com\/blog\/wp-content\/uploads\/2020\/07\/descanso-en-la-jornada-laboral.webp","width":1140,"height":640,"caption":"descanso en la jornada laboral"},{"@type":"BreadcrumbList","@id":"https:\/\/www.bizneo.com\/blog\/descanso-en-el-trabajo\/#breadcrumb","itemListElement":[{"@type":"ListItem","position":1,"name":"Portada","item":"https:\/\/www.bizneo.com\/blog\/"},{"@type":"ListItem","position":2,"name":"Gesti\u00f3n del talento","item":"https:\/\/www.bizneo.com\/blog\/category\/gestion-del-talento\/"},{"@type":"ListItem","position":3,"name":"Descanso en la jornada laboral y pausas | \u00bfCu\u00e1nto tiempo es?"}]},{"@type":"WebSite","@id":"https:\/\/www.bizneo.com\/blog\/#website","url":"https:\/\/www.bizneo.com\/blog\/","name":"Blog de Recursos Humanos de Bizneo HR: pr\u00e1ctico y actual","description":"Todo sobre actualidad, herramientas y tecnolog\u00eda  para optimizar la gesti\u00f3n del talento humano","publisher":{"@id":"https:\/\/www.bizneo.com\/blog\/#organization"},"potentialAction":[{"@type":"SearchAction","target":{"@type":"EntryPoint","urlTemplate":"https:\/\/www.bizneo.com\/blog\/?s={search_term_string}"},"query-input":{"@type":"PropertyValueSpecification","valueRequired":true,"valueName":"search_term_string"}}],"inLanguage":"es"},{"@type":"Organization","@id":"https:\/\/www.bizneo.com\/blog\/#organization","name":"Bizneo HR","url":"https:\/\/www.bizneo.com\/blog\/","logo":{"@type":"ImageObject","inLanguage":"es","@id":"https:\/\/www.bizneo.com\/blog\/#\/schema\/logo\/image\/","url":"https:\/\/www.bizneo.com\/blog\/wp-content\/uploads\/2020\/09\/Icono-Logo-Bizneo-HR.png","contentUrl":"https:\/\/www.bizneo.com\/blog\/wp-content\/uploads\/2020\/09\/Icono-Logo-Bizneo-HR.png","width":834,"height":834,"caption":"Bizneo HR"},"image":{"@id":"https:\/\/www.bizneo.com\/blog\/#\/schema\/logo\/image\/"}},{"@type":"Person","@id":"https:\/\/www.bizneo.com\/blog\/#\/schema\/person\/f932a31bafbfb0726b3071df66e72848","name":"\u00c1lvaro Andr\u00e9s","image":{"@type":"ImageObject","inLanguage":"es","@id":"https:\/\/secure.gravatar.com\/avatar\/c6b277afc20d169a72d7f266c0f4e889c65d2c4ec098d46bc9fba0266f1cde35?s=96&d=mm&r=g","url":"https:\/\/secure.gravatar.com\/avatar\/c6b277afc20d169a72d7f266c0f4e889c65d2c4ec098d46bc9fba0266f1cde35?s=96&d=mm&r=g","contentUrl":"https:\/\/secure.gravatar.com\/avatar\/c6b277afc20d169a72d7f266c0f4e889c65d2c4ec098d46bc9fba0266f1cde35?s=96&d=mm&r=g","caption":"\u00c1lvaro Andr\u00e9s"},"url":"https:\/\/www.bizneo.com\/blog\/author\/alvaroa\/"}]}},"spectra_custom_meta":{"_is_githuber_markdown":["1"],"_edit_lock":["1769970599:47"],"_edit_last":["47"],"_githuber_prismjs":[""],"_githuber_highlightjs":[""],"_is_githuber_sequence":[""],"_is_githuber_flow_chart":[""],"_is_githuber_mermaid":[""],"_is_githuber_katex":[""],"_is_githuber_mathjax":[""],"onesignal_meta_box_present":["1"],"onesignal_send_notification":[""],"_vce_meta":["a:4:{s:11:\"use_sidebar\";s:7:\"inherit\";s:7:\"sidebar\";s:7:\"inherit\";s:14:\"sticky_sidebar\";s:7:\"inherit\";s:6:\"layout\";s:7:\"inherit\";}"],"_is_githuber_markdown_enabled":["no"],"_yoast_wpseo_primary_category":["7"],"_thumbnail_id":["14435"],"_yoast_wpseo_focuskw":["descanso en la jornada laboral"],"_yoast_wpseo_title":["Descanso en la jornada laboral y pausas | \u00bfCu\u00e1nto tiempo es?"],"_yoast_wpseo_metadesc":["La legislaci\u00f3n regula el derecho al descanso en la jornada laboral y sus respectivas pausas. Te contamos cu\u00e1nto tiempo corresponde."],"_yoast_wpseo_linkdex":["90"],"response_body":["{\"id\":\"56153253-455b-4c5e-8b8c-d597bdd293dd\",\"recipients\":3758,\"external_id\":\"55368691-8a0e-7630-938d-f8c04278842f\",\"warnings\":[\"You must configure iOS notifications in your OneSignal settings if you wish to send messages to iOS users.\",\"You must configure Android notifications in your OneSignal settings if you wish to send messages to Android users.\"]}"],"status":["200"],"recipients":["3758"],"Views":["98716"],"onesignal_modify_title_and_content":[""],"onesignal_notification_custom_heading":[null],"onesignal_notification_custom_content":[null],"wp_review_type":["none"],"_yoast_wpseo_estimated-reading-time-minutes":["89"],"_at_widget":["1"],"_yoast_wpseo_wordproof_timestamp":[""],"wp_review_positive_count":["0"],"wp_review_negative_count":["0"],"footnotes":[""],"_yoast_wpseo_content_score":["60"],"wp_review_user_reviews":["0"],"wp_review_review_count":["0"],"_uag_css_file_name":["uag-css-14346.css"],"_uag_page_assets":["a:9:{s:3:\"css\";s:263:\".uag-blocks-common-selector{z-index:var(--z-index-desktop) !important}@media (max-width: 976px){.uag-blocks-common-selector{z-index:var(--z-index-tablet) !important}}@media (max-width: 767px){.uag-blocks-common-selector{z-index:var(--z-index-mobile) !important}}\n\";s:2:\"js\";s:0:\"\";s:18:\"current_block_list\";a:8:{i:0;s:14:\"core\/paragraph\";i:1;s:12:\"core\/heading\";i:2;s:10:\"core\/image\";i:3;s:9:\"core\/html\";i:4;s:9:\"core\/list\";i:5;s:14:\"core\/list-item\";i:6;s:12:\"core\/details\";i:7;s:14:\"core\/shortcode\";}s:8:\"uag_flag\";b:0;s:11:\"uag_version\";s:10:\"1777548730\";s:6:\"gfonts\";a:0:{}s:10:\"gfonts_url\";s:0:\"\";s:12:\"gfonts_files\";a:0:{}s:14:\"uag_faq_layout\";b:0;}"]},"uagb_featured_image_src":{"full":["https:\/\/www.bizneo.com\/blog\/wp-content\/uploads\/2020\/07\/descanso-en-la-jornada-laboral.webp",1140,640,false],"thumbnail":["https:\/\/www.bizneo.com\/blog\/wp-content\/uploads\/2020\/07\/descanso-en-la-jornada-laboral-150x150.webp",150,150,true],"medium":["https:\/\/www.bizneo.com\/blog\/wp-content\/uploads\/2020\/07\/descanso-en-la-jornada-laboral-300x168.webp",300,168,true],"medium_large":["https:\/\/www.bizneo.com\/blog\/wp-content\/uploads\/2020\/07\/descanso-en-la-jornada-laboral-768x431.webp",768,431,true],"large":["https:\/\/www.bizneo.com\/blog\/wp-content\/uploads\/2020\/07\/descanso-en-la-jornada-laboral-1024x575.webp",1024,575,true],"1536x1536":["https:\/\/www.bizneo.com\/blog\/wp-content\/uploads\/2020\/07\/descanso-en-la-jornada-laboral.webp",1140,640,false],"2048x2048":["https:\/\/www.bizneo.com\/blog\/wp-content\/uploads\/2020\/07\/descanso-en-la-jornada-laboral.webp",1140,640,false]},"uagb_author_info":{"display_name":"\u00c1lvaro Andr\u00e9s","author_link":"https:\/\/www.bizneo.com\/blog\/author\/alvaroa\/"},"uagb_comment_info":13,"uagb_excerpt":"El descanso en la jornada laboral debe estar registrado porque la Ley as\u00ed lo exige. En la actualidad, este proceso se puede controlar f\u00e1cilmente con sistemas horarios.","_links":{"self":[{"href":"https:\/\/www.bizneo.com\/blog\/wp-json\/wp\/v2\/posts\/14346","targetHints":{"allow":["GET"]}}],"collection":[{"href":"https:\/\/www.bizneo.com\/blog\/wp-json\/wp\/v2\/posts"}],"about":[{"href":"https:\/\/www.bizneo.com\/blog\/wp-json\/wp\/v2\/types\/post"}],"author":[{"embeddable":true,"href":"https:\/\/www.bizneo.com\/blog\/wp-json\/wp\/v2\/users\/10"}],"replies":[{"embeddable":true,"href":"https:\/\/www.bizneo.com\/blog\/wp-json\/wp\/v2\/comments?post=14346"}],"version-history":[{"count":48,"href":"https:\/\/www.bizneo.com\/blog\/wp-json\/wp\/v2\/posts\/14346\/revisions"}],"predecessor-version":[{"id":59575,"href":"https:\/\/www.bizneo.com\/blog\/wp-json\/wp\/v2\/posts\/14346\/revisions\/59575"}],"wp:featuredmedia":[{"embeddable":true,"href":"https:\/\/www.bizneo.com\/blog\/wp-json\/wp\/v2\/media\/14435"}],"wp:attachment":[{"href":"https:\/\/www.bizneo.com\/blog\/wp-json\/wp\/v2\/media?parent=14346"}],"wp:term":[{"taxonomy":"category","embeddable":true,"href":"https:\/\/www.bizneo.com\/blog\/wp-json\/wp\/v2\/categories?post=14346"},{"taxonomy":"post_tag","embeddable":true,"href":"https:\/\/www.bizneo.com\/blog\/wp-json\/wp\/v2\/tags?post=14346"}],"curies":[{"name":"wp","href":"https:\/\/api.w.org\/{rel}","templated":true}]}}