{"id":14187,"date":"2020-07-06T11:31:00","date_gmt":"2020-07-06T10:31:00","guid":{"rendered":"https:\/\/www.bizneo.com\/blog\/?p=14187"},"modified":"2026-02-01T19:28:33","modified_gmt":"2026-02-01T18:28:33","slug":"diversidad-en-el-trabajo","status":"publish","type":"post","link":"https:\/\/www.bizneo.com\/blog\/diversidad-en-el-trabajo\/","title":{"rendered":"10 ideas para potenciar la diversidad en el trabajo"},"content":{"rendered":"\n<p>Las organizaciones son ecosistemas que se nutren de la variedad. En concreto, la <strong>diversidad en el trabajo<\/strong> representa incluir a personas de diferentes culturas, g\u00e9neros, razas, gustos y opiniones para que sumen diferentes perspectivas en la din\u00e1mica de trabajo. <\/p>\n\n\n\n<p>Este proceso se debe basar, antes que en su aspecto, sexo, color o condici\u00f3n, en sus <a href=\"\/blog\/aptitudes-profesionales\/\" target=\"_blank\" rel=\"noreferrer noopener\" data-wpel-link=\"internal\">aptitudes profesionales<\/a> y los intereses de la compa\u00f1\u00eda<strong> para conformar un grupo de trabajo valioso.<\/strong><\/p>\n\n\n\n<h2 class=\"wp-block-heading\">Diversidad en el trabajo | Qu\u00e9 es <\/h2>\n\n\n\n<p>Los espacios de trabajo no son ajenos a <strong>los cambios que progresivamente se van produciendo en la sociedad<\/strong>. En ese sentido, la diversidad en el trabajo es una forma de <strong>integrar a aquellos sectores de la sociedad<\/strong> que no suelen tener tantas oportunidades laborales. <\/p>\n\n\n\n<p>Se trata de mujeres, personas de distintas razas, edades o preferencias sexuales, entre otros. <strong>Ninguno de estos aspectos debe primar sobre sus aptitudes profesionales<\/strong>.<\/p>\n\n\n\n<p>Entonces, se trata de encontrar la mejora manera de integrarlos a trav\u00e9s de pol\u00edticas de diversidad en las empresas. Para desarrollarlas es necesario <strong>conocer los diferentes tipos de diversidad<\/strong> para as\u00ed reconocerlos y saber c\u00f3mo pueden ser integrados en la din\u00e1mica de trabajo.<\/p>\n\n\n\n<p>En el trabajo se pueden encontrar dos grandes tipos de heterogeneidad:<\/p>\n\n\n\n<figure class=\"wp-block-image size-large\"><a href=\"https:\/\/hello.bizneo.com\/estrategias-ciclo-vida-empleado\/?utm_content=post-banner-medio\" target=\"_blank\" rel=\"noopener noreferrer\" data-wpel-link=\"internal\"><img decoding=\"async\" width=\"1360\" height=\"204\" src=\"https:\/\/www.bizneo.com\/blog\/wp-content\/uploads\/2021\/05\/banner-ciclo-vida-empleado.jpg\" alt=\"Gu\u00eda ciclo de vida del empleado\" class=\"wp-image-21997\" srcset=\"https:\/\/www.bizneo.com\/blog\/wp-content\/uploads\/2021\/05\/banner-ciclo-vida-empleado.jpg 1360w, https:\/\/www.bizneo.com\/blog\/wp-content\/uploads\/2021\/05\/banner-ciclo-vida-empleado-300x45.jpg 300w, https:\/\/www.bizneo.com\/blog\/wp-content\/uploads\/2021\/05\/banner-ciclo-vida-empleado-1024x154.jpg 1024w, https:\/\/www.bizneo.com\/blog\/wp-content\/uploads\/2021\/05\/banner-ciclo-vida-empleado-768x115.jpg 768w, https:\/\/www.bizneo.com\/blog\/wp-content\/uploads\/2021\/05\/banner-ciclo-vida-empleado-810x122.jpg 810w, https:\/\/www.bizneo.com\/blog\/wp-content\/uploads\/2021\/05\/banner-ciclo-vida-empleado-1140x171.jpg 1140w\" sizes=\"(max-width: 1360px) 100vw, 1360px\" \/><\/a><\/figure>\n\n\n\n<h3 class=\"wp-block-heading\">Diversidad demogr\u00e1fica<\/h3>\n\n\n\n<p> Son atributos primarios, b\u00e1sicos del ser humano (la edad, el g\u00e9nero, la nacionalidad). <\/p>\n\n\n\n<p>Pueden ser <strong>inmutables<\/strong>, que no pueden ser cambiados o reconducidos por la persona, como el pa\u00eds de procedencia o los a\u00f1os que tiene. Y hay otros que <strong>pueden cambiar <\/strong>y describen la evoluci\u00f3n y bagaje de los individuos: nivel educativo, tipo de formaci\u00f3n, experiencia, \u00e1reas y funciones que ha desempe\u00f1ado en su sector.<\/p>\n\n\n\n<h3 class=\"wp-block-heading\">Diversidad del capital humano<\/h3>\n\n\n\n<p>Este tipo de heterogeneidad no es tan visible y presenta efectos significativos y m\u00e1s intensos a nivel laboral que el anterior.<strong> <\/strong><\/p>\n\n\n\n<p><strong>Hablamos de las diferencias entre los trabajadores<\/strong>, es decir, sus <a rel=\"noreferrer noopener\" href=\"\/blog\/valores-de-una-empresa\/\" target=\"_blank\" data-wpel-link=\"internal\">valores<\/a>, conocimientos, <a href=\"\/blog\/habilidades-laborales\/\" target=\"_blank\" rel=\"noreferrer noopener\" data-wpel-link=\"internal\">habilidades<\/a> y destrezas, donde reside su valor y potencial para la empresa .<\/p>\n\n\n\n<figure class=\"wp-block-image size-full\"><img decoding=\"async\" width=\"1024\" height=\"768\" src=\"https:\/\/www.bizneo.com\/blog\/wp-content\/uploads\/2020\/07\/10-ideas-para-potenciar-la-diversidad-en-el-trabajo.png\" alt=\"\" class=\"wp-image-14202\" srcset=\"https:\/\/www.bizneo.com\/blog\/wp-content\/uploads\/2020\/07\/10-ideas-para-potenciar-la-diversidad-en-el-trabajo.png 1024w, https:\/\/www.bizneo.com\/blog\/wp-content\/uploads\/2020\/07\/10-ideas-para-potenciar-la-diversidad-en-el-trabajo-300x225.png 300w, https:\/\/www.bizneo.com\/blog\/wp-content\/uploads\/2020\/07\/10-ideas-para-potenciar-la-diversidad-en-el-trabajo-768x576.png 768w, https:\/\/www.bizneo.com\/blog\/wp-content\/uploads\/2020\/07\/10-ideas-para-potenciar-la-diversidad-en-el-trabajo-810x608.png 810w\" sizes=\"(max-width: 1024px) 100vw, 1024px\" \/><\/figure>\n\n\n\n<p>Al tener diversidad en la empresa no solo se fomenta la inclusi\u00f3n en las din\u00e1micas laborales y una mayor riqueza personal y profesional sino que tambi\u00e9n <strong>se contribuye a fomentar conductas positivas<\/strong> m\u00e1s all\u00e1 de los espacios laborales. <\/p>\n\n\n\n<h2 class=\"wp-block-heading\">Situaci\u00f3n global de la diversidad laboral | Cuestiones pendientes<\/h2>\n\n\n\n<p>Aunque la diversidad en la empresa influye de forma positiva en ella, <strong>Espa\u00f1a a\u00fan est\u00e1 lejos de considerarse vanguardista<\/strong> o un paradigma en este sentido. Se estima que <strong>solo la mitad de las compa\u00f1\u00edas<\/strong> del pa\u00eds tienen a una persona o departamento dedicado a evaluar y generar pol\u00edticas de diversidad.<\/p>\n\n\n\n<p>Esto hace que haya al menos cinco cuestiones pendientes:<\/p>\n\n\n\n<ul class=\"wp-block-list\">\n<li><p><a rel=\"noreferrer noopener\" href=\"\/blog\/discriminacion-laboral\/\" target=\"_blank\" data-wpel-link=\"internal\">Discriminaci\u00f3n laboral <\/a><\/p><\/li>\n\n\n\n<li>Escasez de mujeres en cargos directivos <\/li>\n\n\n\n<li> <a rel=\"noreferrer noopener\" href=\"\/blog\/brecha-salarial\/\" target=\"_blank\" data-wpel-link=\"internal\">Brecha salarial <\/a> <\/li>\n\n\n\n<li> Contrataci\u00f3n de personas con habilidades especiales o <a rel=\"noreferrer noopener\" href=\"\/blog\/insercion-laboral-de-personas-con-discapacidad\/\" target=\"_blank\" data-wpel-link=\"internal\">personas con discapacidad<\/a><\/li>\n\n\n\n<li>Integraci\u00f3n de extranjeros<\/li>\n\n\n\n<li>Inclusi\u00f3n en clave LGBTI+<\/li>\n<\/ul>\n\n\n\n<bzn-note><a href=\"\/blog\/discriminacion-laboral\/\" id=\"destacado-post\" target=\"_blank\" rel=\"noopener noreferrer\" data-wpel-link=\"internal\"><span class=\"bzn-note-title\"><strong>9 tipos de discriminaci\u00f3n laboral y c\u00f3mo evitarlos<\/strong> <\/span><\/a><\/bzn-note>\n\n\n\n<p><\/p>\n\n\n\n<p>Profundizando en estos aspectos, se estima que en <strong>Espa\u00f1a<\/strong> solo 3 de 10 cargos directivos son ocupados por mujeres y que ellas cobran cerca del 10% menos que los hombres. <\/p>\n\n\n\n<p>El <strong>alto porcentaje de desempleados con condiciones especiales, 25,2%, <\/strong>invita a pensar que no todas las compa\u00f1\u00edas cumplen lo establecido en la Ley, en la que se especifica que toda organizaci\u00f3n con 50 o m\u00e1s empleados deber\u00eda tener<strong> al menos un 2% dedicado a personas con alguna condici\u00f3n particular.<\/strong><\/p>\n\n\n\n<p>Ocurre lo contrario en <strong>Estados Unidos<\/strong>, un pa\u00eds que viene mejorando sus \u00edndices en los aspectos referidos. Eso propicia que cada vez sean m\u00e1s las mujeres que forman parte de c\u00edrculos directivos y las diversas comunidades est\u00e9n m\u00e1s integradas. <\/p>\n\n\n\n<p>A\u00fan en el caso de las personas de raza negra, con las que hay un pulso hist\u00f3rico que se remonta a los procesos de independencia, se estima que poco a poco se seguir\u00e1n mejorando sus condiciones de trabajo.<\/p>\n\n\n\n<figure class=\"wp-block-image size-large\"><a href=\"https:\/\/hello.bizneo.com\/kit\/gestion-de-rrhh\/?utm_content=post-KIT-RRHH\" data-wpel-link=\"internal\" target=\"_blank\"><img decoding=\"async\" width=\"1024\" height=\"307\" src=\"https:\/\/www.bizneo.com\/blog\/wp-content\/uploads\/2023\/03\/KIT-RRHH-1024x307.png\" alt=\"Kit de Gesti\u00f3n de Personal\" class=\"wp-image-39184\" srcset=\"https:\/\/www.bizneo.com\/blog\/wp-content\/uploads\/2023\/03\/KIT-RRHH-1024x307.png 1024w, https:\/\/www.bizneo.com\/blog\/wp-content\/uploads\/2023\/03\/KIT-RRHH-300x90.png 300w, https:\/\/www.bizneo.com\/blog\/wp-content\/uploads\/2023\/03\/KIT-RRHH-768x230.png 768w, https:\/\/www.bizneo.com\/blog\/wp-content\/uploads\/2023\/03\/KIT-RRHH-810x243.png 810w, https:\/\/www.bizneo.com\/blog\/wp-content\/uploads\/2023\/03\/KIT-RRHH-1140x342.png 1140w, https:\/\/www.bizneo.com\/blog\/wp-content\/uploads\/2023\/03\/KIT-RRHH.png 1360w\" sizes=\"(max-width: 1024px) 100vw, 1024px\" \/><\/a><\/figure>\n\n\n\n<h2 class=\"wp-block-heading\">Los beneficios empresariales de la diversidad en el trabajo<\/h2>\n\n\n\n<p>La <strong>diversidad en la empresa<\/strong> repercute de forma positiva en distintos sectores de la organizaci\u00f3n. A continuaci\u00f3n se describen algunos de los beneficios de las pol\u00edticas de diversidad en las compa\u00f1\u00edas.<\/p>\n\n\n\n<h3 class=\"wp-block-heading\">Amplitud de perspectivas<\/h3>\n\n\n\n<p>Aunque parezca obvio, no siempre se tiene en cuenta: al conformar grupos de trabajo diversos, con personas provenientes de distintas comunidades, con amplitud de intereses e ideas, <strong>se nutre los procesos y las relaciones humanas que se generan durante la jornada laboral<\/strong>.<\/p>\n\n\n\n<p>De esa forma es m\u00e1s sencillo dar con enfoques \u00fanicos, perspectivas que antes no se ten\u00edan en cuenta y que actualmente pueden funcionar seg\u00fan tal o cual producto o concepto. <strong>De ah\u00ed la importancia de fomentar pol\u00edticas de diversidad en las empresas.<\/strong><\/p>\n\n\n\n<h3 class=\"wp-block-heading\">Creatividad para la diversidad en el trabajo<\/h3>\n\n\n\n<p>Los intereses, gustos, preferencias y condiciones de cada persona tambi\u00e9n <strong>influyen en su visi\u00f3n del mundo<\/strong>. Al lograr <strong>incluir esa mirada a los sistemas laborales<\/strong> se fomenta la creatividad en distintas etapas. <\/p>\n\n\n\n<p>Cuando los grupos de trabajo se componen por personas con similares l\u00edneas de pensamiento, se llegar\u00e1n a conclusiones y conceptos similares; en cambio, si se amplia este margen, <strong>florecer\u00e1n ideas distintas a las comunes.<\/strong><\/p>\n\n\n\n<h3 class=\"wp-block-heading\">Incremento en la productividad<\/h3>\n\n\n\n<p>La creatividad y las nuevas ideas repercuten directamente en el <a href=\"\/blog\/rendimiento-laboral\/\" target=\"_blank\" rel=\"noreferrer noopener\" data-wpel-link=\"internal\">rendimiento laboral<\/a> de los empleados. Tras surgir nuevos enfoques y propuestas, las personas<strong> suelen verse motivadas a desarrollarlas.<\/strong><\/p>\n\n\n\n<p>La amplitud de perspectivas mediante la diversidad en los grupos de trabajo hace que las lluvias de ideas sean mucho m\u00e1s relevantes que en aquellos en los que prima un perfil similar de empleado.<\/p>\n\n\n\n<h3 class=\"wp-block-heading\">Mejoras en el rendimiento<\/h3>\n\n\n\n<p>Cuando las personas se sienten c\u00f3modas en sus espacios de trabajo, se sienten m\u00e1s tranquilas y seguras. Si desde la organizaci\u00f3n, a trav\u00e9s de pol\u00edticas de diversidad, se les integra de mejor forma a los c\u00edrculos y <a rel=\"noreferrer noopener\" href=\"\/blog\/dinamicas-de-trabajo-en-equipo\/\" target=\"_blank\" data-wpel-link=\"internal\">din\u00e1micas de trabajo<\/a>, las personas no solo se sentir\u00e1n en mejores condiciones para cumplir con sus tareas; <strong>tambi\u00e9n se fomentar\u00e1 el compromiso y el sentido de pertenencia<\/strong>.<\/p>\n\n\n\n<bzn-warning><a href=\"\/blog\/enps\/\" target=\"_blank\" rel=\"noopener noreferrer\" data-wpel-link=\"internal\"><span class=\"bzn-warning-title\"><strong>\u00bfQUIERES SABER EL COMPROMISO DE TUS TRABAJADORES?<\/span><br><\/strong>C\u00f3mo calcular el eNPS (Employee Net Promoter Score)<\/br><\/a><\/bzn-warning>\n\n\n\n<p><\/p>\n\n\n\n<h3 class=\"wp-block-heading\">Construcci\u00f3n de marca personal<\/h3>\n\n\n\n<p>La buena reputaci\u00f3n de una organizaci\u00f3n se difunde con facilidad. Si esta est\u00e1 basada en pol\u00edticas de diversidad, en la inclusi\u00f3n y desarrollo de valores positivos dentro de la empresa, los empleados que forman parte de ella se sentir\u00e1n orgullosos de pertenecer y <strong>se generar\u00e1 inter\u00e9s en aquellos que no son empleados de la compa\u00f1\u00eda.<\/strong><\/p>\n\n\n\n<p>A su vez, potenciales clientes, al ser conscientes de estos aspectos, es probable que se interesen a\u00fan m\u00e1s en trabajar con la empresa.<\/p>\n\n\n\n<h3 class=\"wp-block-heading\">Diferenciarse, una virtud<\/h3>\n\n\n\n<p>Al integrar personas con diferentes intereses, preocupaciones y condiciones, las empresas se nutren de todos estos aspectos para dar con una visi\u00f3n particular en relaci\u00f3n con distintos asuntos. <strong>\u00bfQu\u00e9 aporta esto en relaci\u00f3n con otras organizaciones?<\/strong> Un factor diferencial. <\/p>\n\n\n\n<p>La compa\u00f1\u00eda pensar\u00e1 de una manera distinta a su competencia, podr\u00e1 ofrecer un enfoque especial dentro de su campo de trabajo.<\/p>\n\n\n\n<h2 class=\"wp-block-heading\">Medir la diversidad en el trabajo<\/h2>\n\n\n\n<p>En la actualidad, no pocos pa\u00edses han desarrollados normas y leyes en relaci\u00f3n con la diversidad en las empresas y c\u00f3mo debe ser cubierta. Eso deriva en que<strong> se exijan distintos porcentajes dentro del personal.<\/strong><\/p>\n\n\n\n<p>Por su parte, las compa\u00f1\u00edas tambi\u00e9n pueden fijar par\u00e1metros concretos en base a su filosof\u00eda de trabajo, intereses y aspiraciones en cuanto a resultados y su misi\u00f3n empresarial. <strong>Para eso se desarrollan las pol\u00edticas de diversidad.<\/strong><\/p>\n\n\n\n<p>En caso de que la compa\u00f1\u00eda tenga <strong>dudas acerca de c\u00f3mo implementar estas pol\u00edticas<\/strong> o c\u00f3mo pueden ser percibidas por sus empleados, se recomienda contar con un <a rel=\"noreferrer noopener\" href=\"\/encuestas\/\" target=\"_blank\" data-wpel-link=\"internal\">sistema de encuestas<\/a> a trav\u00e9s del cual se pueden hacer consultas de forma segura y confidencial.<\/p>\n\n\n\n<bzn-link><a href=\"\/encuestas\/\" target=\"_blank\" id=\"destacado-encuestas\" rel=\"noopener noreferrer\" data-wpel-link=\"internal\"><span class=\"bzn-link-title\">\u00bfC\u00f3mo est\u00e1n tus trabajadores?<\/span>Consigue la informaci\u00f3n que necesitas para tomar decisiones estrat\u00e9gicas<\/a><\/bzn-link>\n\n\n\n<p><\/p>\n\n\n\n<p>Toda la informaci\u00f3n que se recabe de este proceso y la que la empresa maneje, puede gestionarse de manera eficiente y sencilla a mediante una herramienta de <a rel=\"noreferrer noopener\" href=\"\/gestion-documental\/\" target=\"_blank\" data-wpel-link=\"internal\">gesti\u00f3n documental<\/a>. As\u00ed, se reducen riesgos de dispersi\u00f3n de la informaci\u00f3n y se evitan los errores humanos. Una plataforma donde acceder al repositorio de documentos en cualquier lugar y momento.<\/p>\n\n\n\n<p>Adem\u00e1s, es conveniente contar con un <a href=\"https:\/\/www.bizneo.com\/reclutamiento-seleccion-ats\/\" target=\"_blank\" rel=\"noreferrer noopener\" data-wpel-link=\"internal\">ATS<\/a> moderno que se pueda orientar hacia la b\u00fasqueda y contrataci\u00f3n con enfoque diverso para nutrir a la organizaci\u00f3n. Es decir, aprovechar la automatizaci\u00f3n de un <a href=\"https:\/\/www.bizneo.com\/blog\/etapas-proceso-de-seleccion-de-personal\/\" target=\"_blank\" rel=\"noreferrer noopener\" data-wpel-link=\"internal\">proceso de selecci\u00f3n<\/a> para captar talento diferencial y formar un grupo de trabajo diverso y completo.<\/p>\n\n\n\n<bzn-note><a href=\"\/blog\/7-senales-de-que-necesitas-un-ats\/\" data-wpel-link=\"internal\" target=\"_blank\"><span class=\"bzn-note-title\"><strong>\u00bfBUSCAS OPTIMIZAR TUS PROCESOS DE CONTRATACI\u00d3N?<\/strong><br><\/span>Descubre 7 se\u00f1ales de que necesitas un software de reclutamiento y selecci\u00f3n.<\/br><\/a><\/bzn-note>\n\n\n\n<p><\/p>\n\n\n\n<h2 class=\"wp-block-heading\">Ideas para potenciar la diversidad en el trabajo<\/h2>\n\n\n\n<h3 class=\"wp-block-heading\">Reenfoca la b\u00fasqueda de trabajo<\/h3>\n\n\n\n<p>Es muy com\u00fan que muchos candidatos se aparten de las b\u00fasquedas laborales por no cumplir con m\u00e1s de la mitad de los requisitos, en especial si se trata de aspectos formales. <\/p>\n\n\n\n<p>Sin embargo, si el sistema <a rel=\"noreferrer noopener\" href=\"\/reclutamiento-seleccion-ats\/\" target=\"_blank\" data-wpel-link=\"internal\">reclutamiento y selecci\u00f3n<\/a> se enfoca en los resultados que se quieren lograr, ser\u00e1 mucho m\u00e1s sencillo dar con personas mediante las cuales fomentar la diversidad en la organizaci\u00f3n.<\/p>\n\n\n\n<bzn-link><a href=\"https:\/\/hello.bizneo.com\/demo\/ats\/?utm_content=post-banner-medio\" id=\"destacado-ats\" target=\"_blank\" rel=\"noopener noreferrer\" data-wpel-link=\"internal\"><span class=\"bzn-link-title\">\u00a1CAPTA AL MEJOR TALENTO!<\/span>Hasta un 42% m\u00e1s r\u00e1pido que tu competencia<\/a><\/bzn-link>\n\n\n\n<p><\/p>\n\n\n\n<h3 class=\"wp-block-heading\">Evitar los sesgos en el proceso de captaci\u00f3n<\/h3>\n\n\n\n<p>Al contar con un sistema automatizado de reclutamiento y selecci\u00f3n, la compa\u00f1\u00eda se libra de posibles sesgos o prejuicios por parte del personal de recursos humanos. Al minimizar su influencia, <strong>se da relevancia a la capacidades y necesidades<\/strong> de la compa\u00f1\u00eda antes que a otros aspectos.<\/p>\n\n\n\n<h3 class=\"wp-block-heading\">Fomentar la diversidad en el trabajo con el ejemplo<\/h3>\n\n\n\n<p>A trav\u00e9s de ense\u00f1anzas, testimonios y ejemplos concretos se puede familiarizar al resto de los empleados con las pol\u00edticas de diversidad que la compa\u00f1\u00eda desea desarrollar. Otra manera es considerar su voz dentro de este proceso, apoy\u00e1ndose en un sistema de encuestas <strong>mediante el cual solicitar su opini\u00f3n en este sentido.<\/strong><\/p>\n\n\n\n<h3 class=\"wp-block-heading\">Integraci\u00f3n es equivalente a celebraci\u00f3n<\/h3>\n\n\n\n<p>Hay distintas fechas vinculadas con diversas minor\u00edas a trav\u00e9s de las cuales se puede tender puentes con ellas o fomentar la inclusi\u00f3n en el ambiente de trabajo. <\/p>\n\n\n\n<p>Mediante estos eventos, celebraciones, encuentros o jornadas especiales con estas comunidades o durante d\u00edas puntuales se logra ese objetivo, <strong>desarrollar consciencia en relaci\u00f3n con el valor de la diversidad en la empresa.<\/strong><\/p>\n\n\n\n<h3 class=\"wp-block-heading\">Formaci\u00f3n para la diversidad en el trabajo<\/h3>\n\n\n\n<p>Las compa\u00f1\u00edas pueden apoyarse en distintas herramientas para establecer canales de comunicaci\u00f3n y trabajo mediante los cuales fomentar la inclusi\u00f3n y la diversidad en la empresa. Plataformas como <strong>Slack<\/strong> o <strong>YouTube<\/strong> pueden funcionar, entre otras.<\/p>\n\n\n\n<p>Es posible que, para mayor provecho de este canal, sea necesario contar con un sistema de <a rel=\"noreferrer noopener\" href=\"\/gestion-formacion\/\" target=\"_blank\" data-wpel-link=\"internal\">gesti\u00f3n de formaci\u00f3n<\/a> para el personal. De esa manera ser\u00e1 mucho m\u00e1s sencillo que manejen la nueva herramienta. <\/p>\n\n\n\n<p>Estas capacitaciones apuestan por el potencial del trabajador y se ayudan de un sistema automatizado para desarrollar a los trabajadores en las <a href=\"\/blog\/competencias-del-capital-humano\/\" target=\"_blank\" rel=\"noreferrer noopener\" data-wpel-link=\"internal\">competencias<\/a> que m\u00e1s necesita la entidad. <\/p>\n\n\n\n<h4 class=\"wp-block-heading\">Mentor\u00eda<\/h4>\n\n\n\n<p>En muchas oportunidades, los empleados no saben o no reconocen c\u00f3mo pueden ser parte de las pol\u00edticas de diversidad implementadas por la empresa. Por eso es conveniente que haya<strong> l\u00edderes que sirvan de ejemplo y, a su vez, orienten.<\/strong><\/p>\n\n\n\n<bzn-link><a href=\"\/gestion-formacion\/\" target=\"_blank\" id=\"destacado-lms\" rel=\"noopener noreferrer\" data-wpel-link=\"internal\"><span class=\"bzn-link-title\">PIDE AQU\u00cd UNA DEMOSTRACI\u00d3N DE UN SOFTWARE DE FORMACI\u00d3N<\/span>Perfecto para empresas que quieran impulsar el rendimiento de su equipo.<\/a><\/bzn-link>\n\n\n\n<p><\/p>\n\n\n\n<h3 class=\"wp-block-heading\">Integraci\u00f3n y di\u00e1logo para la diversidad en el trabajo<\/h3>\n\n\n\n<p>Los l\u00edderes, adem\u00e1s de orientar y ense\u00f1ar, pueden fomentar la inclusi\u00f3n en el d\u00eda a d\u00eda a trav\u00e9s del di\u00e1logo, <strong>para establecer relaciones horizontales con los diversos componentes de la organizaci\u00f3n. <\/strong><\/p>\n\n\n\n<p>Esto no quiere decir que la jerarqu\u00eda deba romperse. Si se desarrolla de forma adecuada, se ver\u00e1n resultados en el mediano y largo plazo en relaci\u00f3n con la <a rel=\"noreferrer noopener\" href=\"\/blog\/productividad-en-el-trabajo\/\" target=\"_blank\" data-wpel-link=\"internal\">productividad en el trabajo<\/a> y compromiso de las personas.<\/p>\n\n\n\n<h3 class=\"wp-block-heading\">Integraci\u00f3n y confianza: t\u00e9cnica Robin<\/h3>\n\n\n\n<p>La <strong>t\u00e9cnica Robin<\/strong> consiste en <strong>dar la oportunidad a todos los participantes de una reuni\u00f3n<\/strong> para que expresen sus ideas y opiniones relacionadas con el tema tratado.<strong> \u00bfPor qu\u00e9 es importante esta t\u00e9cnica dentro de las acciones para fomentar la diversidad? <\/strong><\/p>\n\n\n\n<p>Porque no todas las personas se sienten c\u00f3modas al momento de expresar sus opiniones; en especial, <strong>las mujeres y aquellos empleados que hayan comenzado hace poco o sean extranjeros.<\/strong><\/p>\n\n\n\n<h3 class=\"wp-block-heading\">Flexibilidad horaria<\/h3>\n\n\n\n<p>La <a href=\"\/blog\/flexibilidad-horaria\/\" target=\"_blank\" rel=\"noreferrer noopener\" data-wpel-link=\"internal\">flexibilidad horaria<\/a> logra que los empleados pueden dedicar tiempo a distintas tareas, desde aquellas familiares hasta otras m\u00e1s personales. Si se desea llevar un registro integrado y preciso de este aspecto, contar con un sistema de <a rel=\"noreferrer noopener\" href=\"\/control-horario\/\" target=\"_blank\" data-wpel-link=\"internal\">control horario<\/a> facilitar\u00e1 la organizaci\u00f3n y gesti\u00f3n de turnos.<\/p>\n\n\n\n<figure class=\"wp-block-image\"><a href=\"https:\/\/hello.bizneo.com\/demo\/suite\/es\/?utm_content=post-banner-grande\" data-wpel-link=\"internal\" target=\"_blank\"><img decoding=\"async\" width=\"1360\" height=\"408\" src=\"https:\/\/www.bizneo.com\/blog\/wp-content\/uploads\/2024\/02\/Banner-grande-software-recursos-humanos.jpg\" alt=\"Software de Recursos Humanos\" class=\"wp-image-44700\" srcset=\"https:\/\/www.bizneo.com\/blog\/wp-content\/uploads\/2024\/02\/Banner-grande-software-recursos-humanos.jpg 1360w, https:\/\/www.bizneo.com\/blog\/wp-content\/uploads\/2024\/02\/Banner-grande-software-recursos-humanos-300x90.jpg 300w, https:\/\/www.bizneo.com\/blog\/wp-content\/uploads\/2024\/02\/Banner-grande-software-recursos-humanos-1024x307.jpg 1024w, https:\/\/www.bizneo.com\/blog\/wp-content\/uploads\/2024\/02\/Banner-grande-software-recursos-humanos-768x230.jpg 768w, https:\/\/www.bizneo.com\/blog\/wp-content\/uploads\/2024\/02\/Banner-grande-software-recursos-humanos-810x243.jpg 810w, https:\/\/www.bizneo.com\/blog\/wp-content\/uploads\/2024\/02\/Banner-grande-software-recursos-humanos-1140x342.jpg 1140w\" sizes=\"(max-width: 1360px) 100vw, 1360px\" \/><\/a><\/figure>\n","protected":false},"excerpt":{"rendered":"<p>La diversidad en la empresa fortalece las relaciones humanas y fomenta la creatividad en los espacios de trabajo<\/p>\n","protected":false},"author":10,"featured_media":14211,"comment_status":"open","ping_status":"open","sticky":false,"template":"","format":"standard","meta":{"_uag_custom_page_level_css":"","site-sidebar-layout":"default","site-content-layout":"","ast-site-content-layout":"default","site-content-style":"default","site-sidebar-style":"default","ast-global-header-display":"","ast-banner-title-visibility":"","ast-main-header-display":"","ast-hfb-above-header-display":"","ast-hfb-below-header-display":"","ast-hfb-mobile-header-display":"","site-post-title":"","ast-breadcrumbs-content":"","ast-featured-img":"","footer-sml-layout":"","ast-disable-related-posts":"","theme-transparent-header-meta":"","adv-header-id-meta":"","stick-header-meta":"","header-above-stick-meta":"","header-main-stick-meta":"","header-below-stick-meta":"","astra-migrate-meta-layouts":"default","ast-page-background-enabled":"default","ast-page-background-meta":{"desktop":{"background-color":"var(--ast-global-color-5)","background-image":"","background-repeat":"repeat","background-position":"center center","background-size":"auto","background-attachment":"scroll","background-type":"","background-media":"","overlay-type":"","overlay-color":"","overlay-opacity":"","overlay-gradient":""},"tablet":{"background-color":"","background-image":"","background-repeat":"repeat","background-position":"center center","background-size":"auto","background-attachment":"scroll","background-type":"","background-media":"","overlay-type":"","overlay-color":"","overlay-opacity":"","overlay-gradient":""},"mobile":{"background-color":"","background-image":"","background-repeat":"repeat","background-position":"center center","background-size":"auto","background-attachment":"scroll","background-type":"","background-media":"","overlay-type":"","overlay-color":"","overlay-opacity":"","overlay-gradient":""}},"ast-content-background-meta":{"desktop":{"background-color":"var(--ast-global-color-4)","background-image":"","background-repeat":"repeat","background-position":"center center","background-size":"auto","background-attachment":"scroll","background-type":"","background-media":"","overlay-type":"","overlay-color":"","overlay-opacity":"","overlay-gradient":""},"tablet":{"background-color":"var(--ast-global-color-4)","background-image":"","background-repeat":"repeat","background-position":"center center","background-size":"auto","background-attachment":"scroll","background-type":"","background-media":"","overlay-type":"","overlay-color":"","overlay-opacity":"","overlay-gradient":""},"mobile":{"background-color":"var(--ast-global-color-4)","background-image":"","background-repeat":"repeat","background-position":"center center","background-size":"auto","background-attachment":"scroll","background-type":"","background-media":"","overlay-type":"","overlay-color":"","overlay-opacity":"","overlay-gradient":""}},"footnotes":""},"categories":[7],"tags":[49],"class_list":["post-14187","post","type-post","status-publish","format-standard","has-post-thumbnail","hentry","category-gestion-del-talento","tag-gestion-de-personas"],"yoast_head":"<!-- This site is optimized with the Yoast SEO plugin v27.5 - https:\/\/yoast.com\/product\/yoast-seo-wordpress\/ -->\n<title>Diversidad en el Trabajo | 10 ideas para potenciarla en tu empresa<\/title>\n<meta name=\"description\" content=\"La diversidad en el trabajo permite contar un grupo de empleados con diferentes opiniones, valores y habilidades que ayuden a mejorar la empresa.\" \/>\n<meta name=\"robots\" content=\"index, follow, max-snippet:-1, max-image-preview:large, max-video-preview:-1\" \/>\n<meta property=\"og:locale\" content=\"es_ES\" \/>\n<meta property=\"og:type\" content=\"article\" \/>\n<meta property=\"og:title\" content=\"Diversidad en el Trabajo | 10 ideas para potenciarla en tu empresa\" \/>\n<meta property=\"og:description\" content=\"La diversidad en el trabajo permite contar un grupo de empleados con diferentes opiniones, valores y habilidades que ayuden a mejorar la empresa.\" \/>\n<meta property=\"og:url\" content=\"https:\/\/www.bizneo.com\/blog\/diversidad-en-el-trabajo\/\" \/>\n<meta property=\"og:site_name\" content=\"Blog de Recursos Humanos de Bizneo HR: pr\u00e1ctico y actual\" \/>\n<meta property=\"article:published_time\" content=\"2020-07-06T10:31:00+00:00\" \/>\n<meta property=\"article:modified_time\" content=\"2026-02-01T18:28:33+00:00\" \/>\n<meta property=\"og:image\" content=\"https:\/\/www.bizneo.com\/blog\/wp-content\/uploads\/2020\/07\/10-ideas-para-potenciar-la-diversidad-en-el-trabajo.jpg\" \/>\n\t<meta property=\"og:image:width\" content=\"1140\" \/>\n\t<meta property=\"og:image:height\" content=\"640\" \/>\n\t<meta property=\"og:image:type\" content=\"image\/jpeg\" \/>\n<meta name=\"author\" content=\"\u00c1lvaro Andr\u00e9s\" \/>\n<meta name=\"twitter:card\" content=\"summary_large_image\" \/>\n<meta name=\"twitter:label1\" content=\"Escrito por\" \/>\n\t<meta name=\"twitter:data1\" content=\"\u00c1lvaro Andr\u00e9s\" \/>\n\t<meta name=\"twitter:label2\" content=\"Tiempo de lectura\" \/>\n\t<meta name=\"twitter:data2\" content=\"56 minutos\" \/>\n<script type=\"application\/ld+json\" class=\"yoast-schema-graph\">{\"@context\":\"https:\\\/\\\/schema.org\",\"@graph\":[{\"@type\":[\"Article\",\"BlogPosting\"],\"@id\":\"https:\\\/\\\/www.bizneo.com\\\/blog\\\/diversidad-en-el-trabajo\\\/#article\",\"isPartOf\":{\"@id\":\"https:\\\/\\\/www.bizneo.com\\\/blog\\\/diversidad-en-el-trabajo\\\/\"},\"author\":{\"name\":\"\u00c1lvaro Andr\u00e9s\",\"@id\":\"https:\\\/\\\/www.bizneo.com\\\/blog\\\/#\\\/schema\\\/person\\\/f932a31bafbfb0726b3071df66e72848\"},\"headline\":\"10 ideas para potenciar la diversidad en el trabajo\",\"datePublished\":\"2020-07-06T10:31:00+00:00\",\"dateModified\":\"2026-02-01T18:28:33+00:00\",\"mainEntityOfPage\":{\"@id\":\"https:\\\/\\\/www.bizneo.com\\\/blog\\\/diversidad-en-el-trabajo\\\/\"},\"wordCount\":2139,\"commentCount\":0,\"publisher\":{\"@id\":\"https:\\\/\\\/www.bizneo.com\\\/blog\\\/#organization\"},\"image\":{\"@id\":\"https:\\\/\\\/www.bizneo.com\\\/blog\\\/diversidad-en-el-trabajo\\\/#primaryimage\"},\"thumbnailUrl\":\"https:\\\/\\\/www.bizneo.com\\\/blog\\\/wp-content\\\/uploads\\\/2020\\\/07\\\/10-ideas-para-potenciar-la-diversidad-en-el-trabajo.jpg\",\"keywords\":[\"Gesti\u00f3n de personas\"],\"articleSection\":[\"Gesti\u00f3n del talento\"],\"inLanguage\":\"es\",\"potentialAction\":[{\"@type\":\"CommentAction\",\"name\":\"Comment\",\"target\":[\"https:\\\/\\\/www.bizneo.com\\\/blog\\\/diversidad-en-el-trabajo\\\/#respond\"]}]},{\"@type\":\"WebPage\",\"@id\":\"https:\\\/\\\/www.bizneo.com\\\/blog\\\/diversidad-en-el-trabajo\\\/\",\"url\":\"https:\\\/\\\/www.bizneo.com\\\/blog\\\/diversidad-en-el-trabajo\\\/\",\"name\":\"Diversidad en el Trabajo | 10 ideas para potenciarla en tu empresa\",\"isPartOf\":{\"@id\":\"https:\\\/\\\/www.bizneo.com\\\/blog\\\/#website\"},\"primaryImageOfPage\":{\"@id\":\"https:\\\/\\\/www.bizneo.com\\\/blog\\\/diversidad-en-el-trabajo\\\/#primaryimage\"},\"image\":{\"@id\":\"https:\\\/\\\/www.bizneo.com\\\/blog\\\/diversidad-en-el-trabajo\\\/#primaryimage\"},\"thumbnailUrl\":\"https:\\\/\\\/www.bizneo.com\\\/blog\\\/wp-content\\\/uploads\\\/2020\\\/07\\\/10-ideas-para-potenciar-la-diversidad-en-el-trabajo.jpg\",\"datePublished\":\"2020-07-06T10:31:00+00:00\",\"dateModified\":\"2026-02-01T18:28:33+00:00\",\"description\":\"La diversidad en el trabajo permite contar un grupo de empleados con diferentes opiniones, valores y habilidades que ayuden a mejorar la empresa.\",\"breadcrumb\":{\"@id\":\"https:\\\/\\\/www.bizneo.com\\\/blog\\\/diversidad-en-el-trabajo\\\/#breadcrumb\"},\"inLanguage\":\"es\",\"potentialAction\":[{\"@type\":\"ReadAction\",\"target\":[\"https:\\\/\\\/www.bizneo.com\\\/blog\\\/diversidad-en-el-trabajo\\\/\"]}]},{\"@type\":\"ImageObject\",\"inLanguage\":\"es\",\"@id\":\"https:\\\/\\\/www.bizneo.com\\\/blog\\\/diversidad-en-el-trabajo\\\/#primaryimage\",\"url\":\"https:\\\/\\\/www.bizneo.com\\\/blog\\\/wp-content\\\/uploads\\\/2020\\\/07\\\/10-ideas-para-potenciar-la-diversidad-en-el-trabajo.jpg\",\"contentUrl\":\"https:\\\/\\\/www.bizneo.com\\\/blog\\\/wp-content\\\/uploads\\\/2020\\\/07\\\/10-ideas-para-potenciar-la-diversidad-en-el-trabajo.jpg\",\"width\":1140,\"height\":640,\"caption\":\"C\u00f3mo potenciar la diversidad en el trabajo\"},{\"@type\":\"BreadcrumbList\",\"@id\":\"https:\\\/\\\/www.bizneo.com\\\/blog\\\/diversidad-en-el-trabajo\\\/#breadcrumb\",\"itemListElement\":[{\"@type\":\"ListItem\",\"position\":1,\"name\":\"Portada\",\"item\":\"https:\\\/\\\/www.bizneo.com\\\/blog\\\/\"},{\"@type\":\"ListItem\",\"position\":2,\"name\":\"Gesti\u00f3n del talento\",\"item\":\"https:\\\/\\\/www.bizneo.com\\\/blog\\\/category\\\/gestion-del-talento\\\/\"},{\"@type\":\"ListItem\",\"position\":3,\"name\":\"10 ideas para potenciar la diversidad en el trabajo\"}]},{\"@type\":\"WebSite\",\"@id\":\"https:\\\/\\\/www.bizneo.com\\\/blog\\\/#website\",\"url\":\"https:\\\/\\\/www.bizneo.com\\\/blog\\\/\",\"name\":\"Blog de Recursos Humanos de Bizneo HR: pr\u00e1ctico y actual\",\"description\":\"Todo sobre actualidad, herramientas y tecnolog\u00eda  para optimizar la gesti\u00f3n del talento humano\",\"publisher\":{\"@id\":\"https:\\\/\\\/www.bizneo.com\\\/blog\\\/#organization\"},\"potentialAction\":[{\"@type\":\"SearchAction\",\"target\":{\"@type\":\"EntryPoint\",\"urlTemplate\":\"https:\\\/\\\/www.bizneo.com\\\/blog\\\/?s={search_term_string}\"},\"query-input\":{\"@type\":\"PropertyValueSpecification\",\"valueRequired\":true,\"valueName\":\"search_term_string\"}}],\"inLanguage\":\"es\"},{\"@type\":\"Organization\",\"@id\":\"https:\\\/\\\/www.bizneo.com\\\/blog\\\/#organization\",\"name\":\"Bizneo HR\",\"url\":\"https:\\\/\\\/www.bizneo.com\\\/blog\\\/\",\"logo\":{\"@type\":\"ImageObject\",\"inLanguage\":\"es\",\"@id\":\"https:\\\/\\\/www.bizneo.com\\\/blog\\\/#\\\/schema\\\/logo\\\/image\\\/\",\"url\":\"https:\\\/\\\/www.bizneo.com\\\/blog\\\/wp-content\\\/uploads\\\/2020\\\/09\\\/Icono-Logo-Bizneo-HR.png\",\"contentUrl\":\"https:\\\/\\\/www.bizneo.com\\\/blog\\\/wp-content\\\/uploads\\\/2020\\\/09\\\/Icono-Logo-Bizneo-HR.png\",\"width\":834,\"height\":834,\"caption\":\"Bizneo HR\"},\"image\":{\"@id\":\"https:\\\/\\\/www.bizneo.com\\\/blog\\\/#\\\/schema\\\/logo\\\/image\\\/\"}},{\"@type\":\"Person\",\"@id\":\"https:\\\/\\\/www.bizneo.com\\\/blog\\\/#\\\/schema\\\/person\\\/f932a31bafbfb0726b3071df66e72848\",\"name\":\"\u00c1lvaro Andr\u00e9s\",\"image\":{\"@type\":\"ImageObject\",\"inLanguage\":\"es\",\"@id\":\"https:\\\/\\\/secure.gravatar.com\\\/avatar\\\/c6b277afc20d169a72d7f266c0f4e889c65d2c4ec098d46bc9fba0266f1cde35?s=96&d=mm&r=g\",\"url\":\"https:\\\/\\\/secure.gravatar.com\\\/avatar\\\/c6b277afc20d169a72d7f266c0f4e889c65d2c4ec098d46bc9fba0266f1cde35?s=96&d=mm&r=g\",\"contentUrl\":\"https:\\\/\\\/secure.gravatar.com\\\/avatar\\\/c6b277afc20d169a72d7f266c0f4e889c65d2c4ec098d46bc9fba0266f1cde35?s=96&d=mm&r=g\",\"caption\":\"\u00c1lvaro Andr\u00e9s\"},\"url\":\"https:\\\/\\\/www.bizneo.com\\\/blog\\\/author\\\/alvaroa\\\/\"}]}<\/script>\n<!-- \/ Yoast SEO plugin. -->","yoast_head_json":{"title":"Diversidad en el Trabajo | 10 ideas para potenciarla en tu empresa","description":"La diversidad en el trabajo permite contar un grupo de empleados con diferentes opiniones, valores y habilidades que ayuden a mejorar la empresa.","robots":{"index":"index","follow":"follow","max-snippet":"max-snippet:-1","max-image-preview":"max-image-preview:large","max-video-preview":"max-video-preview:-1"},"og_locale":"es_ES","og_type":"article","og_title":"Diversidad en el Trabajo | 10 ideas para potenciarla en tu empresa","og_description":"La diversidad en el trabajo permite contar un grupo de empleados con diferentes opiniones, valores y habilidades que ayuden a mejorar la empresa.","og_url":"https:\/\/www.bizneo.com\/blog\/diversidad-en-el-trabajo\/","og_site_name":"Blog de Recursos Humanos de Bizneo HR: pr\u00e1ctico y actual","article_published_time":"2020-07-06T10:31:00+00:00","article_modified_time":"2026-02-01T18:28:33+00:00","og_image":[{"width":1140,"height":640,"url":"https:\/\/www.bizneo.com\/blog\/wp-content\/uploads\/2020\/07\/10-ideas-para-potenciar-la-diversidad-en-el-trabajo.jpg","type":"image\/jpeg"}],"author":"\u00c1lvaro Andr\u00e9s","twitter_card":"summary_large_image","twitter_misc":{"Escrito por":"\u00c1lvaro Andr\u00e9s","Tiempo de lectura":"56 minutos"},"schema":{"@context":"https:\/\/schema.org","@graph":[{"@type":["Article","BlogPosting"],"@id":"https:\/\/www.bizneo.com\/blog\/diversidad-en-el-trabajo\/#article","isPartOf":{"@id":"https:\/\/www.bizneo.com\/blog\/diversidad-en-el-trabajo\/"},"author":{"name":"\u00c1lvaro Andr\u00e9s","@id":"https:\/\/www.bizneo.com\/blog\/#\/schema\/person\/f932a31bafbfb0726b3071df66e72848"},"headline":"10 ideas para potenciar la diversidad en el trabajo","datePublished":"2020-07-06T10:31:00+00:00","dateModified":"2026-02-01T18:28:33+00:00","mainEntityOfPage":{"@id":"https:\/\/www.bizneo.com\/blog\/diversidad-en-el-trabajo\/"},"wordCount":2139,"commentCount":0,"publisher":{"@id":"https:\/\/www.bizneo.com\/blog\/#organization"},"image":{"@id":"https:\/\/www.bizneo.com\/blog\/diversidad-en-el-trabajo\/#primaryimage"},"thumbnailUrl":"https:\/\/www.bizneo.com\/blog\/wp-content\/uploads\/2020\/07\/10-ideas-para-potenciar-la-diversidad-en-el-trabajo.jpg","keywords":["Gesti\u00f3n de personas"],"articleSection":["Gesti\u00f3n del talento"],"inLanguage":"es","potentialAction":[{"@type":"CommentAction","name":"Comment","target":["https:\/\/www.bizneo.com\/blog\/diversidad-en-el-trabajo\/#respond"]}]},{"@type":"WebPage","@id":"https:\/\/www.bizneo.com\/blog\/diversidad-en-el-trabajo\/","url":"https:\/\/www.bizneo.com\/blog\/diversidad-en-el-trabajo\/","name":"Diversidad en el Trabajo | 10 ideas para potenciarla en tu empresa","isPartOf":{"@id":"https:\/\/www.bizneo.com\/blog\/#website"},"primaryImageOfPage":{"@id":"https:\/\/www.bizneo.com\/blog\/diversidad-en-el-trabajo\/#primaryimage"},"image":{"@id":"https:\/\/www.bizneo.com\/blog\/diversidad-en-el-trabajo\/#primaryimage"},"thumbnailUrl":"https:\/\/www.bizneo.com\/blog\/wp-content\/uploads\/2020\/07\/10-ideas-para-potenciar-la-diversidad-en-el-trabajo.jpg","datePublished":"2020-07-06T10:31:00+00:00","dateModified":"2026-02-01T18:28:33+00:00","description":"La diversidad en el trabajo permite contar un grupo de empleados con diferentes opiniones, valores y habilidades que ayuden a mejorar la empresa.","breadcrumb":{"@id":"https:\/\/www.bizneo.com\/blog\/diversidad-en-el-trabajo\/#breadcrumb"},"inLanguage":"es","potentialAction":[{"@type":"ReadAction","target":["https:\/\/www.bizneo.com\/blog\/diversidad-en-el-trabajo\/"]}]},{"@type":"ImageObject","inLanguage":"es","@id":"https:\/\/www.bizneo.com\/blog\/diversidad-en-el-trabajo\/#primaryimage","url":"https:\/\/www.bizneo.com\/blog\/wp-content\/uploads\/2020\/07\/10-ideas-para-potenciar-la-diversidad-en-el-trabajo.jpg","contentUrl":"https:\/\/www.bizneo.com\/blog\/wp-content\/uploads\/2020\/07\/10-ideas-para-potenciar-la-diversidad-en-el-trabajo.jpg","width":1140,"height":640,"caption":"C\u00f3mo potenciar la diversidad en el trabajo"},{"@type":"BreadcrumbList","@id":"https:\/\/www.bizneo.com\/blog\/diversidad-en-el-trabajo\/#breadcrumb","itemListElement":[{"@type":"ListItem","position":1,"name":"Portada","item":"https:\/\/www.bizneo.com\/blog\/"},{"@type":"ListItem","position":2,"name":"Gesti\u00f3n del talento","item":"https:\/\/www.bizneo.com\/blog\/category\/gestion-del-talento\/"},{"@type":"ListItem","position":3,"name":"10 ideas para potenciar la diversidad en el trabajo"}]},{"@type":"WebSite","@id":"https:\/\/www.bizneo.com\/blog\/#website","url":"https:\/\/www.bizneo.com\/blog\/","name":"Blog de Recursos Humanos de Bizneo HR: pr\u00e1ctico y actual","description":"Todo sobre actualidad, herramientas y tecnolog\u00eda  para optimizar la gesti\u00f3n del talento humano","publisher":{"@id":"https:\/\/www.bizneo.com\/blog\/#organization"},"potentialAction":[{"@type":"SearchAction","target":{"@type":"EntryPoint","urlTemplate":"https:\/\/www.bizneo.com\/blog\/?s={search_term_string}"},"query-input":{"@type":"PropertyValueSpecification","valueRequired":true,"valueName":"search_term_string"}}],"inLanguage":"es"},{"@type":"Organization","@id":"https:\/\/www.bizneo.com\/blog\/#organization","name":"Bizneo HR","url":"https:\/\/www.bizneo.com\/blog\/","logo":{"@type":"ImageObject","inLanguage":"es","@id":"https:\/\/www.bizneo.com\/blog\/#\/schema\/logo\/image\/","url":"https:\/\/www.bizneo.com\/blog\/wp-content\/uploads\/2020\/09\/Icono-Logo-Bizneo-HR.png","contentUrl":"https:\/\/www.bizneo.com\/blog\/wp-content\/uploads\/2020\/09\/Icono-Logo-Bizneo-HR.png","width":834,"height":834,"caption":"Bizneo HR"},"image":{"@id":"https:\/\/www.bizneo.com\/blog\/#\/schema\/logo\/image\/"}},{"@type":"Person","@id":"https:\/\/www.bizneo.com\/blog\/#\/schema\/person\/f932a31bafbfb0726b3071df66e72848","name":"\u00c1lvaro Andr\u00e9s","image":{"@type":"ImageObject","inLanguage":"es","@id":"https:\/\/secure.gravatar.com\/avatar\/c6b277afc20d169a72d7f266c0f4e889c65d2c4ec098d46bc9fba0266f1cde35?s=96&d=mm&r=g","url":"https:\/\/secure.gravatar.com\/avatar\/c6b277afc20d169a72d7f266c0f4e889c65d2c4ec098d46bc9fba0266f1cde35?s=96&d=mm&r=g","contentUrl":"https:\/\/secure.gravatar.com\/avatar\/c6b277afc20d169a72d7f266c0f4e889c65d2c4ec098d46bc9fba0266f1cde35?s=96&d=mm&r=g","caption":"\u00c1lvaro Andr\u00e9s"},"url":"https:\/\/www.bizneo.com\/blog\/author\/alvaroa\/"}]}},"spectra_custom_meta":{"_is_githuber_markdown":["1"],"_edit_lock":["1769970515:47"],"_edit_last":["47"],"_githuber_prismjs":[""],"_githuber_highlightjs":[""],"_is_githuber_sequence":[""],"_is_githuber_flow_chart":[""],"_is_githuber_mermaid":[""],"_is_githuber_katex":[""],"_is_githuber_mathjax":[""],"onesignal_meta_box_present":["1"],"onesignal_send_notification":[""],"_yoast_wpseo_content_score":["90"],"_vce_meta":["a:4:{s:11:\"use_sidebar\";s:7:\"inherit\";s:7:\"sidebar\";s:7:\"inherit\";s:14:\"sticky_sidebar\";s:7:\"inherit\";s:6:\"layout\";s:7:\"inherit\";}"],"_is_githuber_markdown_enabled":["no"],"amp_status":["enabled"],"_links_to":[""],"_links_to_target":[""],"_yoast_wpseo_primary_category":["7"],"_thumbnail_id":["14211"],"_yoast_wpseo_focuskw":["diversidad en el trabajo"],"_yoast_wpseo_linkdex":["86"],"_yoast_wpseo_title":["Diversidad en el Trabajo | 10 ideas para potenciarla en tu empresa"],"_yoast_wpseo_metadesc":["La diversidad en el trabajo permite contar un grupo de empleados con diferentes opiniones, valores y habilidades que ayuden a mejorar la empresa."],"response_body":["{\"id\":\"a76865a5-2f50-4845-877d-7c330882971e\",\"recipients\":3506,\"external_id\":\"15d1e128-e22d-3aef-2d6e-5aede0f541af\",\"warnings\":[\"You must configure iOS notifications in your OneSignal settings if you wish to send messages to iOS users.\",\"You must configure Android notifications in your OneSignal settings if you wish to send messages to Android users.\"]}"],"status":["200"],"recipients":["3506"],"Views":["12995"],"onesignal_modify_title_and_content":[""],"onesignal_notification_custom_heading":[null],"onesignal_notification_custom_content":[null],"wp_review_type":["none"],"_at_widget":["1"],"_yoast_wpseo_estimated-reading-time-minutes":["56"],"_yoast_wpseo_wordproof_timestamp":[""],"_uag_css_file_name":["uag-css-14187.css"],"_uag_page_assets":["a:9:{s:3:\"css\";s:263:\".uag-blocks-common-selector{z-index:var(--z-index-desktop) !important}@media (max-width: 976px){.uag-blocks-common-selector{z-index:var(--z-index-tablet) !important}}@media (max-width: 767px){.uag-blocks-common-selector{z-index:var(--z-index-mobile) !important}}\n\";s:2:\"js\";s:0:\"\";s:18:\"current_block_list\";a:8:{i:0;s:14:\"core\/paragraph\";i:1;s:12:\"core\/heading\";i:2;s:10:\"core\/image\";i:3;s:9:\"core\/list\";i:4;s:14:\"core\/list-item\";i:5;s:9:\"core\/html\";i:6;s:12:\"core\/details\";i:7;s:14:\"core\/shortcode\";}s:8:\"uag_flag\";b:0;s:11:\"uag_version\";s:10:\"1777548730\";s:6:\"gfonts\";a:0:{}s:10:\"gfonts_url\";s:0:\"\";s:12:\"gfonts_files\";a:0:{}s:14:\"uag_faq_layout\";b:0;}"]},"uagb_featured_image_src":{"full":["https:\/\/www.bizneo.com\/blog\/wp-content\/uploads\/2020\/07\/10-ideas-para-potenciar-la-diversidad-en-el-trabajo.jpg",1140,640,false],"thumbnail":["https:\/\/www.bizneo.com\/blog\/wp-content\/uploads\/2020\/07\/10-ideas-para-potenciar-la-diversidad-en-el-trabajo-150x150.jpg",150,150,true],"medium":["https:\/\/www.bizneo.com\/blog\/wp-content\/uploads\/2020\/07\/10-ideas-para-potenciar-la-diversidad-en-el-trabajo-300x168.jpg",300,168,true],"medium_large":["https:\/\/www.bizneo.com\/blog\/wp-content\/uploads\/2020\/07\/10-ideas-para-potenciar-la-diversidad-en-el-trabajo-768x431.jpg",768,431,true],"large":["https:\/\/www.bizneo.com\/blog\/wp-content\/uploads\/2020\/07\/10-ideas-para-potenciar-la-diversidad-en-el-trabajo-1024x575.jpg",1024,575,true],"1536x1536":["https:\/\/www.bizneo.com\/blog\/wp-content\/uploads\/2020\/07\/10-ideas-para-potenciar-la-diversidad-en-el-trabajo.jpg",1140,640,false],"2048x2048":["https:\/\/www.bizneo.com\/blog\/wp-content\/uploads\/2020\/07\/10-ideas-para-potenciar-la-diversidad-en-el-trabajo.jpg",1140,640,false]},"uagb_author_info":{"display_name":"\u00c1lvaro Andr\u00e9s","author_link":"https:\/\/www.bizneo.com\/blog\/author\/alvaroa\/"},"uagb_comment_info":0,"uagb_excerpt":"La diversidad en la empresa fortalece las relaciones humanas y fomenta la creatividad en los espacios de trabajo","_links":{"self":[{"href":"https:\/\/www.bizneo.com\/blog\/wp-json\/wp\/v2\/posts\/14187","targetHints":{"allow":["GET"]}}],"collection":[{"href":"https:\/\/www.bizneo.com\/blog\/wp-json\/wp\/v2\/posts"}],"about":[{"href":"https:\/\/www.bizneo.com\/blog\/wp-json\/wp\/v2\/types\/post"}],"author":[{"embeddable":true,"href":"https:\/\/www.bizneo.com\/blog\/wp-json\/wp\/v2\/users\/10"}],"replies":[{"embeddable":true,"href":"https:\/\/www.bizneo.com\/blog\/wp-json\/wp\/v2\/comments?post=14187"}],"version-history":[{"count":33,"href":"https:\/\/www.bizneo.com\/blog\/wp-json\/wp\/v2\/posts\/14187\/revisions"}],"predecessor-version":[{"id":59582,"href":"https:\/\/www.bizneo.com\/blog\/wp-json\/wp\/v2\/posts\/14187\/revisions\/59582"}],"wp:featuredmedia":[{"embeddable":true,"href":"https:\/\/www.bizneo.com\/blog\/wp-json\/wp\/v2\/media\/14211"}],"wp:attachment":[{"href":"https:\/\/www.bizneo.com\/blog\/wp-json\/wp\/v2\/media?parent=14187"}],"wp:term":[{"taxonomy":"category","embeddable":true,"href":"https:\/\/www.bizneo.com\/blog\/wp-json\/wp\/v2\/categories?post=14187"},{"taxonomy":"post_tag","embeddable":true,"href":"https:\/\/www.bizneo.com\/blog\/wp-json\/wp\/v2\/tags?post=14187"}],"curies":[{"name":"wp","href":"https:\/\/api.w.org\/{rel}","templated":true}]}}