{"id":14047,"date":"2020-06-29T16:00:00","date_gmt":"2020-06-29T15:00:00","guid":{"rendered":"https:\/\/www.bizneo.com\/blog\/?p=14047"},"modified":"2026-02-01T19:29:25","modified_gmt":"2026-02-01T18:29:25","slug":"salud-mental-trabajadores","status":"publish","type":"post","link":"https:\/\/www.bizneo.com\/blog\/salud-mental-trabajadores\/","title":{"rendered":"Por qu\u00e9 es tan importante la salud mental de los trabajadores"},"content":{"rendered":"\n<p>M\u00e1s de <strong>300 millones de personas en el mundo sufren depresi\u00f3n<\/strong>, y 1 de cada 4 personas sufrir\u00e1 alg\u00fan problema mental a lo largo de su vida, seg\u00fan la OMS. Las enfermedades mentales <strong>son un riesgo que deben vigilar las empresas<\/strong>: la p\u00e9rdida de <a rel=\"noreferrer noopener\" href=\"\/blog\/rendimiento-laboral\/\" target=\"_blank\" data-wpel-link=\"internal\">rendimiento laboral<\/a> puede estar relacionada con la salud mental de los trabajadores.  <\/p>\n\n\n\n<p><strong>Las <a href=\"\/blog\/9-dudas-frecuentes-sobre-la-baja-por-depresion\/\" target=\"_blank\" rel=\"noreferrer noopener\" data-wpel-link=\"internal\">bajas por depresi\u00f3n<\/a> suelen prolongarse de seis meses a un a\u00f1o<\/strong>. Son largas, y, a m\u00e1s tiempo de baja, m\u00e1s dif\u00edcil es la reincorporaci\u00f3n y lenta la recuperaci\u00f3n. Incrementar los esfuerzos por evitar este problema <strong>ahorrar\u00eda<\/strong> <strong>millones a las empresas<\/strong> y a la sociedad.<\/p>\n\n\n\n<blockquote class=\"wp-block-quote is-layout-flow wp-block-quote-is-layout-flow\">\n<p>\u201cDos tercios de los adultos nos pasamos la mitad del tiempo activos trabajando. D\u00f3nde mejor que en el trabajo para detectar un problema de salud mental\u201d.<\/p>\n<cite><strong>John Griffiths<\/strong>, experto en gesti\u00f3n del estr\u00e9s en el trabajo<\/cite><\/blockquote>\n\n\n\n<p>Por tanto, es clave que los <strong>equipos de Recursos Humanos<\/strong> cuenten con las <strong>herramientas adecuadas<\/strong> para advertir qu\u00e9 empleados podr\u00edan estar pasando por un mal momento o sufriendo una crisis que afecte a su rendimiento.&nbsp;<\/p>\n\n\n\n<p>Un<strong> <a href=\"\/encuestas\/\" target=\"_blank\" rel=\"noreferrer noopener\" data-wpel-link=\"internal\">software de encuestas<\/a><\/strong> permite descubrir las preocupaciones, aspiraciones y miedos de la plantilla. Adem\u00e1s, su uso, combinado con el del <strong><a href=\"\/evaluacion-del-desempeno\/\" target=\"_blank\" rel=\"noreferrer noopener\" data-wpel-link=\"internal\">software de evaluaci\u00f3n del desempe\u00f1o<\/a><\/strong>, ayuda a generar un mapa de la situaci\u00f3n psicol\u00f3gica y moral del personal.<\/p>\n\n\n\n<h2 class=\"wp-block-heading\">Qu\u00e9 es la salud mental del trabajador<\/h2>\n\n\n\n<p><\/p>\n\n\n\n<blockquote class=\"wp-block-quote is-layout-flow wp-block-quote-is-layout-flow\">\n<p>\u00abLa salud mental es un estado de bienestar en el que la persona es capaz de hacer frente al estr\u00e9s normal de la vida, de trabajar de forma productiva y de contribuir a su comunidad\u00bb.<\/p>\n<cite>Organanizaci\u00f3n Mundial de la Salud (OMS)<\/cite><\/blockquote>\n\n\n\n<p>En el <strong>marco social actual<\/strong>; la globalizaci\u00f3n y las nuevas tecnolog\u00edas de la comunicaci\u00f3n facilitan el <a rel=\"noreferrer noopener\" href=\"\/blog\/teletrabajo\/\" target=\"_blank\" data-wpel-link=\"internal\">teletrabajo<\/a>, casi a cualquier hora del d\u00eda. Esto trae consigo m\u00faltiples ventajas: <strong>inmediatez, innovaci\u00f3n, desarrollo profesional&#8230; <\/strong><\/p>\n\n\n\n<p>Pero, a su vez, <strong>crecen la competencia, la <a href=\"\/blog\/ansiedad-en-el-trabajo\/\" target=\"_blank\" rel=\"noreferrer noopener\" data-wpel-link=\"internal\">ansiedad<\/a> por tener que estar disponibles a todas horas o la presi\u00f3n<\/strong> para mejorar la eficiencia en costes y aumentar la <a href=\"https:\/\/www.bizneo.com\/blog\/productividad-en-el-trabajo\/\" data-wpel-link=\"internal\" target=\"_blank\">productividad laboral<\/a>.<\/p>\n\n\n\n<figure class=\"wp-block-image size-large\"><a href=\"\/encuestas\/\" data-wpel-link=\"internal\" target=\"_blank\"><img decoding=\"async\" width=\"1024\" height=\"651\" src=\"https:\/\/www.bizneo.com\/blog\/wp-content\/uploads\/2021\/05\/Dimensiones-de-encuestas-de-clima-laboral-1024x651.webp\" alt=\"Software de clima laboral preguntas\" class=\"wp-image-54331\" srcset=\"https:\/\/www.bizneo.com\/blog\/wp-content\/uploads\/2021\/05\/Dimensiones-de-encuestas-de-clima-laboral-1024x651.webp 1024w, https:\/\/www.bizneo.com\/blog\/wp-content\/uploads\/2021\/05\/Dimensiones-de-encuestas-de-clima-laboral-300x191.webp 300w, https:\/\/www.bizneo.com\/blog\/wp-content\/uploads\/2021\/05\/Dimensiones-de-encuestas-de-clima-laboral-768x488.webp 768w, https:\/\/www.bizneo.com\/blog\/wp-content\/uploads\/2021\/05\/Dimensiones-de-encuestas-de-clima-laboral-810x515.webp 810w, https:\/\/www.bizneo.com\/blog\/wp-content\/uploads\/2021\/05\/Dimensiones-de-encuestas-de-clima-laboral-1140x724.webp 1140w, https:\/\/www.bizneo.com\/blog\/wp-content\/uploads\/2021\/05\/Dimensiones-de-encuestas-de-clima-laboral.webp 1500w\" sizes=\"(max-width: 1024px) 100vw, 1024px\" \/><\/a><\/figure>\n\n\n\n<p>Un buen indicador de la preocupaci\u00f3n por esos efectos lo muestra la <strong>Encuesta Europea de Condiciones de Trabajo<\/strong>. En su \u00faltima edici\u00f3n, de 2015, m\u00e1s del 30% de los trabajadores europeos dijo que pensaba que <strong>el trabajo afecta de forma directa a su salud f\u00edsica y mental<\/strong>. En Espa\u00f1a, ese porcentaje se iba hasta el 38%.&nbsp;<\/p>\n\n\n\n<bzn-note><a href=\"\/blog\/burnout\/\" target=\"_blank\" id=\"destacado-post\" rel=\"noopener noreferrer\" data-wpel-link=\"internal\"><span class=\"bzn-note-title\"><strong>QU\u00c9 ES EL S\u00cdNDROME BURNOUT Y C\u00d3MO EVITARLO<\/strong><\/span><br>Un riesgo para la salud mental del trabajador.<\/br><\/a><\/bzn-note>\n\n\n\n<p><\/p>\n\n\n\n<h2 class=\"wp-block-heading\">Por qu\u00e9 es tan importante la salud mental de los trabajadores<\/h2>\n\n\n\n<p>Los <strong>costes empresariales<\/strong> asociados a trastornos psicol\u00f3gicos como la depresi\u00f3n en la<strong> UE <\/strong>son de <strong>620 millones de euros al a\u00f1o<\/strong>. P\u00e9rdidas motivadas por las <a rel=\"noreferrer noopener\" href=\"\/blog\/tipos-de-baja-laboral-y-como-gestionarlas\/\" target=\"_blank\" data-wpel-link=\"internal\">bajas<\/a> y el bajo rendimiento de los que aguantan en su puesto sin recibir tratamiento profesional.<\/p>\n\n\n\n<p>Muchas organizaciones no cuentan las p\u00e9rdidas generadas por los problemas de salud mental en el trabajo y<strong> no destina parte de su presupuesto a prevenirlos<\/strong>. La OMS calcula que <strong>cada euro invertido<\/strong> en la extensi\u00f3n del tratamiento de los trastornos mentales <strong>genera cuatro euros en mejora de la salud y la productividad<\/strong>.<\/p>\n\n\n\n<bzn-link><a href=\"\/encuestas\/\" target=\"_blank\" id=\"destacado-encuestas\" rel=\"noopener noreferrer\" data-wpel-link=\"internal\"><span class=\"bzn-link-title\">\u00bfNecesitas evaluar el clima laboral?<\/span>Pide una demo guiada del software de encuestas de RR. HH. de Bizneo HR <\/a><\/bzn-link>\n\n\n\n<p><\/p>\n\n\n\n<p>El <strong>Estudio Regional Tendencias de Salud Mental en Latinoam\u00e9rica y el Caribe 2019<\/strong> mostr\u00f3 que solo el 21% de las compa\u00f1\u00edas implement\u00f3 alg\u00fan estudio para medir datos sobre la salud mental del trabajador en los dos a\u00f1os anteriores.&nbsp;<\/p>\n\n\n\n<p>A la cabeza se situaron <strong>Colombia, Per\u00fa y Chile<\/strong>; mientras que, <strong>Puerto Rico, Rep\u00fablica Dominicana y Uruguay<\/strong> fueron los pa\u00edses en los que menos invirtieron. La falta de presupuesto es <strong>la principal barrera en la toma de acciones de medici\u00f3n.<\/strong><\/p>\n\n\n\n<h2 class=\"wp-block-heading\">Riesgos para la salud mental en el trabajo<\/h2>\n\n\n\n<p>El trabajo es beneficioso para la salud mental. Sin embargo, un <strong>entorno laboral negativo <\/strong>puede causar problemas f\u00edsicos y ps\u00edquicos. La OMS ha trabajado mucho durante los \u00faltimos a\u00f1os para concienciar de estos inconvenientes a las empresas. <\/p>\n\n\n\n<p>En mayo de 2019, elabor\u00f3 una <strong>lista con los principales riesgos<\/strong>:<\/p>\n\n\n\n<ul class=\"wp-block-list\">\n<li>Pol\u00edticas inadecuadas de seguridad y protecci\u00f3n de la salud<\/li>\n\n\n\n<li>Pr\u00e1cticas ineficientes de gesti\u00f3n y comunicaci\u00f3n<\/li>\n\n\n\n<li>Escaso poder de decisi\u00f3n del trabajador o ausencia de control de su \u00e1rea de trabajo<\/li>\n\n\n\n<li>Bajo nivel de apoyo a los empleados<\/li>\n\n\n\n<li>Horarios de trabajo r\u00edgidos<\/li>\n\n\n\n<li>Falta de claridad en las \u00e1reas u objetivos organizativos<\/li>\n\n\n\n<li>Carga de trabajo excesiva<\/li>\n\n\n\n<li>Acoso psicol\u00f3gico y\/o intimidaci\u00f3n en el trabajo (<a href=\"\/blog\/mobbing-laboral\/\" target=\"_blank\" rel=\"noreferrer noopener\" data-wpel-link=\"internal\">mobbing<\/a>)<\/li>\n<\/ul>\n\n\n\n<div id=\"cbox-FKqkUoenOSbB0u05\"><\/div>\n\n\n\n<p><\/p>\n\n\n\n<p>Todos estos riesgos para la salud mental en el trabajo podr\u00edan ser identificados a trav\u00e9s de un <strong>software de encuestas<\/strong>. Una plataforma que <strong>permite expresarse a los trabajadores<\/strong>, advertir de las carencias que sufren y los obst\u00e1culos que se encuentran en su d\u00eda a d\u00eda.&nbsp;<\/p>\n\n\n\n<p>Con este tipo de herramientas resulta sencillo dise\u00f1ar encuestas con diferentes formatos de preguntas\/respuestas. Despu\u00e9s, es posible distribuir los resultados <strong>informes gr\u00e1ficos y mapas de calor<\/strong>. Muchos empleados temen transmitir sus preocupaciones por lo que el sistema brinda la <strong>posibilidad de que las encuestas sean an\u00f3nimas<\/strong>.<\/p>\n\n\n\n<bzn-link><a href=\"\/encuestas\/\" target=\"_blank\" id=\"destacado-encuestas\" rel=\"noopener noreferrer\" data-wpel-link=\"internal\"><span class=\"bzn-link-title\">Analiza m\u00e1s de 20 dimensiones del clima laboral<\/span>Cuestionarios con los que evaluarlas sin esfuerzo<\/a><\/bzn-link>\n\n\n\n<p><\/p>\n\n\n\n<h2 class=\"wp-block-heading\">C\u00f3mo afecta el coronavirus a la salud mental de tus trabajadores<\/h2>\n\n\n\n<p>La <strong>pandemia del coronavirus <a href=\"\/blog\/covid-19\/\" target=\"_blank\" rel=\"noreferrer noopener\" data-wpel-link=\"internal\">COVID-19<\/a><\/strong> ha trastocado casi todos los aspectos del entorno laboral actual. Millones de empleados han pasado a <strong>teletrabajar repentinamente <\/strong>en precarias oficinas dom\u00e9sticas, mientras que el resto de trabajadores sufre el estr\u00e9s constante de estar <strong>poniendo en riesgo su propia salud<\/strong>.<\/p>\n\n\n\n<p>Numerosos estudios advierten de que <strong>el estr\u00e9s, la ansiedad y el aislamiento<\/strong> pueden pasar factura en los pr\u00f3ximos meses. En este entorno, la salud mental del trabajador no solo es una obligaci\u00f3n \u00e9tica para los empleadores, sino que tambi\u00e9n es una <strong>cuesti\u00f3n de fondo<\/strong>.<\/p>\n\n\n\n<blockquote class=\"wp-block-quote is-layout-flow wp-block-quote-is-layout-flow\">\n<p>\u201cLos factores estresantes se acumulan, especialmente si alguien tiene tendencias preexistentes para inclinarse en esa direcci\u00f3n. Esta puede ser la gota que colma el vaso\u201d.<\/p>\n<cite><strong>Cathleen Swody<\/strong>, psic\u00f3loga organizacional y socia fundadora de Thrive Leadership<\/cite><\/blockquote>\n\n\n\n<p>El aislamiento, la falta de luz, aire fresco y ejercicio f\u00edsico producen sensaciones de soledad, preocupaci\u00f3n por los seres queridos y miedo al futuro tras la crisis sanitaria. Estos problemas se traducen en <strong>ansiedad, depresi\u00f3n y\/o patrones del sue\u00f1o irregulares<\/strong>. <\/p>\n\n\n\n<p>En los casos m\u00e1s graves, y sin datos concretos por el momento, los expertos de la Academia de Ciencias M\u00e9dicas del Reino Unido alertan de que <strong>el n\u00famero de suicidios va en aumento<\/strong>.<\/p>\n\n\n\n<bzn-down><a href=\"https:\/\/hello.bizneo.com\/guia-teletrabajo-home-office\/?utm_content=post-destacado\" id=\"destacado-wc-descarga\" target=\"_blank\" rel=\"noopener noreferrer\" data-wpel-link=\"internal\"><span class=\"bzn-link-title\">GU\u00cdA DESCARGABLE: TODO SOBRE EL TELETRABAJO O HOME OFFICE<\/span>Datos clave para implantar y perfeccionar el home office en tu empresa.<\/a><\/bzn-down>\n\n\n\n<p><\/p>\n\n\n\n<h2 class=\"wp-block-heading\">C\u00f3mo mejorar la salud mental de tus empleados<\/h2>\n\n\n\n<p>La clave, tanto en la detecci\u00f3n como en la mejora de la salud mental en el trabajo, es comunicativa. La OMS alecciona a las compa\u00f1\u00edas para que impulsen<strong> mecanismos para detectar el <a href=\"\/blog\/estres-laboral\/\" target=\"_blank\" rel=\"noreferrer noopener\" data-wpel-link=\"internal\">estr\u00e9s<\/a><\/strong> patol\u00f3gico, las enfermedades y el consumo nocivo de sustancias psicoactivas.<\/p>\n\n\n\n<p>Adem\u00e1s, el m\u00e1ximo organismo mundial en materia sanitaria recomienda:<\/p>\n\n\n\n<ul class=\"wp-block-list\">\n<li>Facilitar recursos econ\u00f3micos para la salud mental del trabajador<\/li>\n\n\n\n<li>Informar a los trabajadores de que pueden pedir ayuda<\/li>\n\n\n\n<li>Promover la participaci\u00f3n del personal en las decisiones<\/li>\n\n\n\n<li>Implantar pr\u00e1cticas para promover la <a href=\"\/blog\/conciliacion-familiar\/\" target=\"_blank\" rel=\"noreferrer noopener\" data-wpel-link=\"internal\">conciliaci\u00f3n familiar<\/a><\/li>\n\n\n\n<li>Ofrecer a los empleados programas de desarrollo profesional<\/li>\n\n\n\n<li>Reconocer y recompensar la contribuci\u00f3n del personal.<\/li>\n<\/ul>\n\n\n\n<blockquote class=\"wp-block-quote is-layout-flow wp-block-quote-is-layout-flow\">\n<p>\u201cLa clave del \u00e9xito consiste en implicar a las partes interesadas y al personal de todos los niveles cuando se lleven a cabo intervenciones de protecci\u00f3n, promoci\u00f3n y apoyo y cuando se eval\u00fae su eficacia\u201d.<\/p>\n<cite>Organizaci\u00f3n Mundial de la Salud (OMS)<\/cite><\/blockquote>\n\n\n\n<p>Contar con un <a href=\"\/\" target=\"_blank\" rel=\"noreferrer noopener\" data-wpel-link=\"internal\">software de recursos humanos<\/a> puede ayudar a <strong>crear ese ambiente de comunicaci\u00f3n fluid<\/strong>o necesario para revelar las preocupaciones de la plantilla, qu\u00e9 trabajadores pierden productividad y c\u00f3mo se podr\u00edan solucionar los problemas.<\/p>\n\n\n\n<figure class=\"wp-block-image size-large\"><a href=\"\/encuestas\/\" target=\"_blank\" rel=\"noopener noreferrer\" data-wpel-link=\"internal\"><img decoding=\"async\" src=\"https:\/\/www.bizneo.com\/blog\/wp-content\/uploads\/2021\/01\/Banner-grande-software-encuestas-clima-laboral.jpg\" alt=\"Software encuesta riesgo psicosocial\" class=\"wp-image-19093\"\/><\/a><\/figure>\n\n\n\n<p><\/p>\n","protected":false},"excerpt":{"rendered":"<p>La salud mental del trabajador influye directamente sobre su productividad. Es fundamental establecer mecanismos para detectar problemas depresivos o de ansiedad antes de que provoquen grandes p\u00e9rdidas.<\/p>\n","protected":false},"author":12,"featured_media":14063,"comment_status":"open","ping_status":"open","sticky":false,"template":"","format":"standard","meta":{"_uag_custom_page_level_css":"","site-sidebar-layout":"default","site-content-layout":"","ast-site-content-layout":"default","site-content-style":"default","site-sidebar-style":"default","ast-global-header-display":"","ast-banner-title-visibility":"","ast-main-header-display":"","ast-hfb-above-header-display":"","ast-hfb-below-header-display":"","ast-hfb-mobile-header-display":"","site-post-title":"","ast-breadcrumbs-content":"","ast-featured-img":"","footer-sml-layout":"","ast-disable-related-posts":"","theme-transparent-header-meta":"","adv-header-id-meta":"","stick-header-meta":"","header-above-stick-meta":"","header-main-stick-meta":"","header-below-stick-meta":"","astra-migrate-meta-layouts":"default","ast-page-background-enabled":"default","ast-page-background-meta":{"desktop":{"background-color":"var(--ast-global-color-5)","background-image":"","background-repeat":"repeat","background-position":"center center","background-size":"auto","background-attachment":"scroll","background-type":"","background-media":"","overlay-type":"","overlay-color":"","overlay-opacity":"","overlay-gradient":""},"tablet":{"background-color":"","background-image":"","background-repeat":"repeat","background-position":"center center","background-size":"auto","background-attachment":"scroll","background-type":"","background-media":"","overlay-type":"","overlay-color":"","overlay-opacity":"","overlay-gradient":""},"mobile":{"background-color":"","background-image":"","background-repeat":"repeat","background-position":"center center","background-size":"auto","background-attachment":"scroll","background-type":"","background-media":"","overlay-type":"","overlay-color":"","overlay-opacity":"","overlay-gradient":""}},"ast-content-background-meta":{"desktop":{"background-color":"var(--ast-global-color-4)","background-image":"","background-repeat":"repeat","background-position":"center center","background-size":"auto","background-attachment":"scroll","background-type":"","background-media":"","overlay-type":"","overlay-color":"","overlay-opacity":"","overlay-gradient":""},"tablet":{"background-color":"var(--ast-global-color-4)","background-image":"","background-repeat":"repeat","background-position":"center center","background-size":"auto","background-attachment":"scroll","background-type":"","background-media":"","overlay-type":"","overlay-color":"","overlay-opacity":"","overlay-gradient":""},"mobile":{"background-color":"var(--ast-global-color-4)","background-image":"","background-repeat":"repeat","background-position":"center center","background-size":"auto","background-attachment":"scroll","background-type":"","background-media":"","overlay-type":"","overlay-color":"","overlay-opacity":"","overlay-gradient":""}},"footnotes":""},"categories":[84,7],"tags":[49],"class_list":["post-14047","post","type-post","status-publish","format-standard","has-post-thumbnail","hentry","category-clima-laboral","category-gestion-del-talento","tag-gestion-de-personas"],"yoast_head":"<!-- This site is optimized with the Yoast SEO plugin v27.5 - https:\/\/yoast.com\/product\/yoast-seo-wordpress\/ -->\n<title>Salud mental de los trabajadores | C\u00f3mo mejorar la de tu plantilla<\/title>\n<meta name=\"description\" content=\"\u00bfPor qu\u00e9 es tan importante para una empresa la salud mental de los trabajadores? Cuidar su salud beneficiar\u00e1 los resultados de la empresa.\" \/>\n<meta name=\"robots\" content=\"index, follow, max-snippet:-1, max-image-preview:large, max-video-preview:-1\" \/>\n<meta property=\"og:locale\" content=\"es_ES\" \/>\n<meta property=\"og:type\" content=\"article\" \/>\n<meta property=\"og:title\" content=\"Salud mental de los trabajadores | C\u00f3mo mejorar la de tu plantilla\" \/>\n<meta property=\"og:description\" content=\"\u00bfPor qu\u00e9 es tan importante para una empresa la salud mental de los trabajadores? Cuidar su salud beneficiar\u00e1 los resultados de la empresa.\" \/>\n<meta property=\"og:url\" content=\"https:\/\/www.bizneo.com\/blog\/salud-mental-trabajadores\/\" \/>\n<meta property=\"og:site_name\" content=\"Blog de Recursos Humanos de Bizneo HR: pr\u00e1ctico y actual\" \/>\n<meta property=\"article:published_time\" content=\"2020-06-29T15:00:00+00:00\" \/>\n<meta property=\"article:modified_time\" content=\"2026-02-01T18:29:25+00:00\" \/>\n<meta property=\"og:image\" content=\"https:\/\/www.bizneo.com\/blog\/wp-content\/uploads\/2020\/06\/SALUD-MENTAL-TRABAJADOR.jpg\" \/>\n\t<meta property=\"og:image:width\" content=\"1140\" \/>\n\t<meta property=\"og:image:height\" content=\"640\" \/>\n\t<meta property=\"og:image:type\" content=\"image\/jpeg\" \/>\n<meta name=\"author\" content=\"Marcos Lorenzo Maroto\" \/>\n<meta name=\"twitter:card\" content=\"summary_large_image\" \/>\n<meta name=\"twitter:label1\" content=\"Escrito por\" \/>\n\t<meta name=\"twitter:data1\" content=\"Marcos Lorenzo Maroto\" \/>\n\t<meta name=\"twitter:label2\" content=\"Tiempo de lectura\" \/>\n\t<meta name=\"twitter:data2\" content=\"34 minutos\" \/>\n<script type=\"application\/ld+json\" class=\"yoast-schema-graph\">{\"@context\":\"https:\\\/\\\/schema.org\",\"@graph\":[{\"@type\":[\"Article\",\"BlogPosting\"],\"@id\":\"https:\\\/\\\/www.bizneo.com\\\/blog\\\/salud-mental-trabajadores\\\/#article\",\"isPartOf\":{\"@id\":\"https:\\\/\\\/www.bizneo.com\\\/blog\\\/salud-mental-trabajadores\\\/\"},\"author\":{\"name\":\"Marcos Lorenzo Maroto\",\"@id\":\"https:\\\/\\\/www.bizneo.com\\\/blog\\\/#\\\/schema\\\/person\\\/021bebe9d4716340eeceea3d66f41c2a\"},\"headline\":\"Por qu\u00e9 es tan importante la salud mental de los trabajadores\",\"datePublished\":\"2020-06-29T15:00:00+00:00\",\"dateModified\":\"2026-02-01T18:29:25+00:00\",\"mainEntityOfPage\":{\"@id\":\"https:\\\/\\\/www.bizneo.com\\\/blog\\\/salud-mental-trabajadores\\\/\"},\"wordCount\":1293,\"commentCount\":0,\"publisher\":{\"@id\":\"https:\\\/\\\/www.bizneo.com\\\/blog\\\/#organization\"},\"image\":{\"@id\":\"https:\\\/\\\/www.bizneo.com\\\/blog\\\/salud-mental-trabajadores\\\/#primaryimage\"},\"thumbnailUrl\":\"https:\\\/\\\/www.bizneo.com\\\/blog\\\/wp-content\\\/uploads\\\/2020\\\/06\\\/SALUD-MENTAL-TRABAJADOR.jpg\",\"keywords\":[\"Gesti\u00f3n de personas\"],\"articleSection\":[\"Clima Laboral\",\"Gesti\u00f3n del talento\"],\"inLanguage\":\"es\",\"potentialAction\":[{\"@type\":\"CommentAction\",\"name\":\"Comment\",\"target\":[\"https:\\\/\\\/www.bizneo.com\\\/blog\\\/salud-mental-trabajadores\\\/#respond\"]}]},{\"@type\":\"WebPage\",\"@id\":\"https:\\\/\\\/www.bizneo.com\\\/blog\\\/salud-mental-trabajadores\\\/\",\"url\":\"https:\\\/\\\/www.bizneo.com\\\/blog\\\/salud-mental-trabajadores\\\/\",\"name\":\"Salud mental de los trabajadores | C\u00f3mo mejorar la de tu plantilla\",\"isPartOf\":{\"@id\":\"https:\\\/\\\/www.bizneo.com\\\/blog\\\/#website\"},\"primaryImageOfPage\":{\"@id\":\"https:\\\/\\\/www.bizneo.com\\\/blog\\\/salud-mental-trabajadores\\\/#primaryimage\"},\"image\":{\"@id\":\"https:\\\/\\\/www.bizneo.com\\\/blog\\\/salud-mental-trabajadores\\\/#primaryimage\"},\"thumbnailUrl\":\"https:\\\/\\\/www.bizneo.com\\\/blog\\\/wp-content\\\/uploads\\\/2020\\\/06\\\/SALUD-MENTAL-TRABAJADOR.jpg\",\"datePublished\":\"2020-06-29T15:00:00+00:00\",\"dateModified\":\"2026-02-01T18:29:25+00:00\",\"description\":\"\u00bfPor qu\u00e9 es tan importante para una empresa la salud mental de los trabajadores? Cuidar su salud beneficiar\u00e1 los resultados de la empresa.\",\"breadcrumb\":{\"@id\":\"https:\\\/\\\/www.bizneo.com\\\/blog\\\/salud-mental-trabajadores\\\/#breadcrumb\"},\"inLanguage\":\"es\",\"potentialAction\":[{\"@type\":\"ReadAction\",\"target\":[\"https:\\\/\\\/www.bizneo.com\\\/blog\\\/salud-mental-trabajadores\\\/\"]}]},{\"@type\":\"ImageObject\",\"inLanguage\":\"es\",\"@id\":\"https:\\\/\\\/www.bizneo.com\\\/blog\\\/salud-mental-trabajadores\\\/#primaryimage\",\"url\":\"https:\\\/\\\/www.bizneo.com\\\/blog\\\/wp-content\\\/uploads\\\/2020\\\/06\\\/SALUD-MENTAL-TRABAJADOR.jpg\",\"contentUrl\":\"https:\\\/\\\/www.bizneo.com\\\/blog\\\/wp-content\\\/uploads\\\/2020\\\/06\\\/SALUD-MENTAL-TRABAJADOR.jpg\",\"width\":1140,\"height\":640,\"caption\":\"La salud mental del trabajador es clave para su productividad\"},{\"@type\":\"BreadcrumbList\",\"@id\":\"https:\\\/\\\/www.bizneo.com\\\/blog\\\/salud-mental-trabajadores\\\/#breadcrumb\",\"itemListElement\":[{\"@type\":\"ListItem\",\"position\":1,\"name\":\"Portada\",\"item\":\"https:\\\/\\\/www.bizneo.com\\\/blog\\\/\"},{\"@type\":\"ListItem\",\"position\":2,\"name\":\"Gesti\u00f3n del talento\",\"item\":\"https:\\\/\\\/www.bizneo.com\\\/blog\\\/category\\\/gestion-del-talento\\\/\"},{\"@type\":\"ListItem\",\"position\":3,\"name\":\"Por qu\u00e9 es tan importante la salud mental de los trabajadores\"}]},{\"@type\":\"WebSite\",\"@id\":\"https:\\\/\\\/www.bizneo.com\\\/blog\\\/#website\",\"url\":\"https:\\\/\\\/www.bizneo.com\\\/blog\\\/\",\"name\":\"Blog de Recursos Humanos de Bizneo HR: pr\u00e1ctico y actual\",\"description\":\"Todo sobre actualidad, herramientas y tecnolog\u00eda  para optimizar la gesti\u00f3n del talento humano\",\"publisher\":{\"@id\":\"https:\\\/\\\/www.bizneo.com\\\/blog\\\/#organization\"},\"potentialAction\":[{\"@type\":\"SearchAction\",\"target\":{\"@type\":\"EntryPoint\",\"urlTemplate\":\"https:\\\/\\\/www.bizneo.com\\\/blog\\\/?s={search_term_string}\"},\"query-input\":{\"@type\":\"PropertyValueSpecification\",\"valueRequired\":true,\"valueName\":\"search_term_string\"}}],\"inLanguage\":\"es\"},{\"@type\":\"Organization\",\"@id\":\"https:\\\/\\\/www.bizneo.com\\\/blog\\\/#organization\",\"name\":\"Bizneo HR\",\"url\":\"https:\\\/\\\/www.bizneo.com\\\/blog\\\/\",\"logo\":{\"@type\":\"ImageObject\",\"inLanguage\":\"es\",\"@id\":\"https:\\\/\\\/www.bizneo.com\\\/blog\\\/#\\\/schema\\\/logo\\\/image\\\/\",\"url\":\"https:\\\/\\\/www.bizneo.com\\\/blog\\\/wp-content\\\/uploads\\\/2020\\\/09\\\/Icono-Logo-Bizneo-HR.png\",\"contentUrl\":\"https:\\\/\\\/www.bizneo.com\\\/blog\\\/wp-content\\\/uploads\\\/2020\\\/09\\\/Icono-Logo-Bizneo-HR.png\",\"width\":834,\"height\":834,\"caption\":\"Bizneo HR\"},\"image\":{\"@id\":\"https:\\\/\\\/www.bizneo.com\\\/blog\\\/#\\\/schema\\\/logo\\\/image\\\/\"}},{\"@type\":\"Person\",\"@id\":\"https:\\\/\\\/www.bizneo.com\\\/blog\\\/#\\\/schema\\\/person\\\/021bebe9d4716340eeceea3d66f41c2a\",\"name\":\"Marcos Lorenzo Maroto\",\"image\":{\"@type\":\"ImageObject\",\"inLanguage\":\"es\",\"@id\":\"https:\\\/\\\/secure.gravatar.com\\\/avatar\\\/b8c2dd92b69327f63942afbc9d52b1ce6612f5ac248b7396b1b41f22f8f8682b?s=96&d=mm&r=g\",\"url\":\"https:\\\/\\\/secure.gravatar.com\\\/avatar\\\/b8c2dd92b69327f63942afbc9d52b1ce6612f5ac248b7396b1b41f22f8f8682b?s=96&d=mm&r=g\",\"contentUrl\":\"https:\\\/\\\/secure.gravatar.com\\\/avatar\\\/b8c2dd92b69327f63942afbc9d52b1ce6612f5ac248b7396b1b41f22f8f8682b?s=96&d=mm&r=g\",\"caption\":\"Marcos Lorenzo Maroto\"},\"url\":\"https:\\\/\\\/www.bizneo.com\\\/blog\\\/author\\\/marcos\\\/\"}]}<\/script>\n<!-- \/ Yoast SEO plugin. -->","yoast_head_json":{"title":"Salud mental de los trabajadores | C\u00f3mo mejorar la de tu plantilla","description":"\u00bfPor qu\u00e9 es tan importante para una empresa la salud mental de los trabajadores? Cuidar su salud beneficiar\u00e1 los resultados de la empresa.","robots":{"index":"index","follow":"follow","max-snippet":"max-snippet:-1","max-image-preview":"max-image-preview:large","max-video-preview":"max-video-preview:-1"},"og_locale":"es_ES","og_type":"article","og_title":"Salud mental de los trabajadores | C\u00f3mo mejorar la de tu plantilla","og_description":"\u00bfPor qu\u00e9 es tan importante para una empresa la salud mental de los trabajadores? Cuidar su salud beneficiar\u00e1 los resultados de la empresa.","og_url":"https:\/\/www.bizneo.com\/blog\/salud-mental-trabajadores\/","og_site_name":"Blog de Recursos Humanos de Bizneo HR: pr\u00e1ctico y actual","article_published_time":"2020-06-29T15:00:00+00:00","article_modified_time":"2026-02-01T18:29:25+00:00","og_image":[{"width":1140,"height":640,"url":"https:\/\/www.bizneo.com\/blog\/wp-content\/uploads\/2020\/06\/SALUD-MENTAL-TRABAJADOR.jpg","type":"image\/jpeg"}],"author":"Marcos Lorenzo Maroto","twitter_card":"summary_large_image","twitter_misc":{"Escrito por":"Marcos Lorenzo Maroto","Tiempo de lectura":"34 minutos"},"schema":{"@context":"https:\/\/schema.org","@graph":[{"@type":["Article","BlogPosting"],"@id":"https:\/\/www.bizneo.com\/blog\/salud-mental-trabajadores\/#article","isPartOf":{"@id":"https:\/\/www.bizneo.com\/blog\/salud-mental-trabajadores\/"},"author":{"name":"Marcos Lorenzo Maroto","@id":"https:\/\/www.bizneo.com\/blog\/#\/schema\/person\/021bebe9d4716340eeceea3d66f41c2a"},"headline":"Por qu\u00e9 es tan importante la salud mental de los trabajadores","datePublished":"2020-06-29T15:00:00+00:00","dateModified":"2026-02-01T18:29:25+00:00","mainEntityOfPage":{"@id":"https:\/\/www.bizneo.com\/blog\/salud-mental-trabajadores\/"},"wordCount":1293,"commentCount":0,"publisher":{"@id":"https:\/\/www.bizneo.com\/blog\/#organization"},"image":{"@id":"https:\/\/www.bizneo.com\/blog\/salud-mental-trabajadores\/#primaryimage"},"thumbnailUrl":"https:\/\/www.bizneo.com\/blog\/wp-content\/uploads\/2020\/06\/SALUD-MENTAL-TRABAJADOR.jpg","keywords":["Gesti\u00f3n de personas"],"articleSection":["Clima Laboral","Gesti\u00f3n del talento"],"inLanguage":"es","potentialAction":[{"@type":"CommentAction","name":"Comment","target":["https:\/\/www.bizneo.com\/blog\/salud-mental-trabajadores\/#respond"]}]},{"@type":"WebPage","@id":"https:\/\/www.bizneo.com\/blog\/salud-mental-trabajadores\/","url":"https:\/\/www.bizneo.com\/blog\/salud-mental-trabajadores\/","name":"Salud mental de los trabajadores | C\u00f3mo mejorar la de tu plantilla","isPartOf":{"@id":"https:\/\/www.bizneo.com\/blog\/#website"},"primaryImageOfPage":{"@id":"https:\/\/www.bizneo.com\/blog\/salud-mental-trabajadores\/#primaryimage"},"image":{"@id":"https:\/\/www.bizneo.com\/blog\/salud-mental-trabajadores\/#primaryimage"},"thumbnailUrl":"https:\/\/www.bizneo.com\/blog\/wp-content\/uploads\/2020\/06\/SALUD-MENTAL-TRABAJADOR.jpg","datePublished":"2020-06-29T15:00:00+00:00","dateModified":"2026-02-01T18:29:25+00:00","description":"\u00bfPor qu\u00e9 es tan importante para una empresa la salud mental de los trabajadores? Cuidar su salud beneficiar\u00e1 los resultados de la empresa.","breadcrumb":{"@id":"https:\/\/www.bizneo.com\/blog\/salud-mental-trabajadores\/#breadcrumb"},"inLanguage":"es","potentialAction":[{"@type":"ReadAction","target":["https:\/\/www.bizneo.com\/blog\/salud-mental-trabajadores\/"]}]},{"@type":"ImageObject","inLanguage":"es","@id":"https:\/\/www.bizneo.com\/blog\/salud-mental-trabajadores\/#primaryimage","url":"https:\/\/www.bizneo.com\/blog\/wp-content\/uploads\/2020\/06\/SALUD-MENTAL-TRABAJADOR.jpg","contentUrl":"https:\/\/www.bizneo.com\/blog\/wp-content\/uploads\/2020\/06\/SALUD-MENTAL-TRABAJADOR.jpg","width":1140,"height":640,"caption":"La salud mental del trabajador es clave para su productividad"},{"@type":"BreadcrumbList","@id":"https:\/\/www.bizneo.com\/blog\/salud-mental-trabajadores\/#breadcrumb","itemListElement":[{"@type":"ListItem","position":1,"name":"Portada","item":"https:\/\/www.bizneo.com\/blog\/"},{"@type":"ListItem","position":2,"name":"Gesti\u00f3n del talento","item":"https:\/\/www.bizneo.com\/blog\/category\/gestion-del-talento\/"},{"@type":"ListItem","position":3,"name":"Por qu\u00e9 es tan importante la salud mental de los trabajadores"}]},{"@type":"WebSite","@id":"https:\/\/www.bizneo.com\/blog\/#website","url":"https:\/\/www.bizneo.com\/blog\/","name":"Blog de Recursos Humanos de Bizneo HR: pr\u00e1ctico y actual","description":"Todo sobre actualidad, herramientas y tecnolog\u00eda  para optimizar la gesti\u00f3n del talento humano","publisher":{"@id":"https:\/\/www.bizneo.com\/blog\/#organization"},"potentialAction":[{"@type":"SearchAction","target":{"@type":"EntryPoint","urlTemplate":"https:\/\/www.bizneo.com\/blog\/?s={search_term_string}"},"query-input":{"@type":"PropertyValueSpecification","valueRequired":true,"valueName":"search_term_string"}}],"inLanguage":"es"},{"@type":"Organization","@id":"https:\/\/www.bizneo.com\/blog\/#organization","name":"Bizneo HR","url":"https:\/\/www.bizneo.com\/blog\/","logo":{"@type":"ImageObject","inLanguage":"es","@id":"https:\/\/www.bizneo.com\/blog\/#\/schema\/logo\/image\/","url":"https:\/\/www.bizneo.com\/blog\/wp-content\/uploads\/2020\/09\/Icono-Logo-Bizneo-HR.png","contentUrl":"https:\/\/www.bizneo.com\/blog\/wp-content\/uploads\/2020\/09\/Icono-Logo-Bizneo-HR.png","width":834,"height":834,"caption":"Bizneo HR"},"image":{"@id":"https:\/\/www.bizneo.com\/blog\/#\/schema\/logo\/image\/"}},{"@type":"Person","@id":"https:\/\/www.bizneo.com\/blog\/#\/schema\/person\/021bebe9d4716340eeceea3d66f41c2a","name":"Marcos Lorenzo Maroto","image":{"@type":"ImageObject","inLanguage":"es","@id":"https:\/\/secure.gravatar.com\/avatar\/b8c2dd92b69327f63942afbc9d52b1ce6612f5ac248b7396b1b41f22f8f8682b?s=96&d=mm&r=g","url":"https:\/\/secure.gravatar.com\/avatar\/b8c2dd92b69327f63942afbc9d52b1ce6612f5ac248b7396b1b41f22f8f8682b?s=96&d=mm&r=g","contentUrl":"https:\/\/secure.gravatar.com\/avatar\/b8c2dd92b69327f63942afbc9d52b1ce6612f5ac248b7396b1b41f22f8f8682b?s=96&d=mm&r=g","caption":"Marcos Lorenzo Maroto"},"url":"https:\/\/www.bizneo.com\/blog\/author\/marcos\/"}]}},"spectra_custom_meta":{"_is_githuber_markdown":["1"],"_edit_lock":["1769970567:47"],"_edit_last":["47"],"_githuber_prismjs":[""],"_githuber_highlightjs":[""],"_is_githuber_sequence":[""],"_is_githuber_flow_chart":[""],"_is_githuber_mermaid":[""],"_is_githuber_katex":[""],"_is_githuber_mathjax":[""],"onesignal_meta_box_present":["1"],"onesignal_send_notification":[""],"_vce_meta":["a:4:{s:11:\"use_sidebar\";s:7:\"inherit\";s:7:\"sidebar\";s:7:\"inherit\";s:14:\"sticky_sidebar\";s:7:\"inherit\";s:6:\"layout\";s:7:\"inherit\";}"],"_is_githuber_markdown_enabled":["no"],"_yoast_wpseo_primary_category":["7"],"_yoast_wpseo_content_score":["90"],"_thumbnail_id":["14063"],"_yoast_wpseo_focuskw":["salud mental de los trabajadores"],"_yoast_wpseo_linkdex":["86"],"_yoast_wpseo_title":["Salud mental de los trabajadores | C\u00f3mo mejorar la de tu plantilla"],"_yoast_wpseo_metadesc":["\u00bfPor qu\u00e9 es tan importante para una empresa la salud mental de los trabajadores? Cuidar su salud beneficiar\u00e1 los resultados de la empresa."],"response_body":["{\"id\":\"2064030f-e9ed-4718-ba5e-cc4ec47e8237\",\"recipients\":3228,\"external_id\":\"f3f13012-50d8-cdd5-31b7-521f27d33f15\",\"warnings\":[\"You must configure iOS notifications in your OneSignal settings if you wish to send messages to iOS users.\",\"You must configure Android notifications in your OneSignal settings if you wish to send messages to Android users.\"]}"],"status":["200"],"recipients":["3228"],"Views":["7256"],"onesignal_modify_title_and_content":[""],"onesignal_notification_custom_heading":[null],"onesignal_notification_custom_content":[null],"wp_review_type":["none"],"_yoast_wpseo_estimated-reading-time-minutes":["34"],"_yoast_wpseo_wordproof_timestamp":[""],"_uag_css_file_name":["uag-css-14047.css"],"_uag_page_assets":["a:9:{s:3:\"css\";s:263:\".uag-blocks-common-selector{z-index:var(--z-index-desktop) !important}@media (max-width: 976px){.uag-blocks-common-selector{z-index:var(--z-index-tablet) !important}}@media (max-width: 767px){.uag-blocks-common-selector{z-index:var(--z-index-mobile) !important}}\n\";s:2:\"js\";s:0:\"\";s:18:\"current_block_list\";a:9:{i:0;s:14:\"core\/paragraph\";i:1;s:10:\"core\/quote\";i:2;s:12:\"core\/heading\";i:3;s:10:\"core\/image\";i:4;s:9:\"core\/html\";i:5;s:9:\"core\/list\";i:6;s:14:\"core\/list-item\";i:7;s:12:\"core\/details\";i:8;s:14:\"core\/shortcode\";}s:8:\"uag_flag\";b:0;s:11:\"uag_version\";s:10:\"1777548730\";s:6:\"gfonts\";a:0:{}s:10:\"gfonts_url\";s:0:\"\";s:12:\"gfonts_files\";a:0:{}s:14:\"uag_faq_layout\";b:0;}"]},"uagb_featured_image_src":{"full":["https:\/\/www.bizneo.com\/blog\/wp-content\/uploads\/2020\/06\/SALUD-MENTAL-TRABAJADOR.jpg",1140,640,false],"thumbnail":["https:\/\/www.bizneo.com\/blog\/wp-content\/uploads\/2020\/06\/SALUD-MENTAL-TRABAJADOR-150x150.jpg",150,150,true],"medium":["https:\/\/www.bizneo.com\/blog\/wp-content\/uploads\/2020\/06\/SALUD-MENTAL-TRABAJADOR-300x168.jpg",300,168,true],"medium_large":["https:\/\/www.bizneo.com\/blog\/wp-content\/uploads\/2020\/06\/SALUD-MENTAL-TRABAJADOR-768x431.jpg",768,431,true],"large":["https:\/\/www.bizneo.com\/blog\/wp-content\/uploads\/2020\/06\/SALUD-MENTAL-TRABAJADOR-1024x575.jpg",1024,575,true],"1536x1536":["https:\/\/www.bizneo.com\/blog\/wp-content\/uploads\/2020\/06\/SALUD-MENTAL-TRABAJADOR.jpg",1140,640,false],"2048x2048":["https:\/\/www.bizneo.com\/blog\/wp-content\/uploads\/2020\/06\/SALUD-MENTAL-TRABAJADOR.jpg",1140,640,false]},"uagb_author_info":{"display_name":"Marcos Lorenzo Maroto","author_link":"https:\/\/www.bizneo.com\/blog\/author\/marcos\/"},"uagb_comment_info":0,"uagb_excerpt":"La salud mental del trabajador influye directamente sobre su productividad. Es fundamental establecer mecanismos para detectar problemas depresivos o de ansiedad antes de que provoquen grandes p\u00e9rdidas.","_links":{"self":[{"href":"https:\/\/www.bizneo.com\/blog\/wp-json\/wp\/v2\/posts\/14047","targetHints":{"allow":["GET"]}}],"collection":[{"href":"https:\/\/www.bizneo.com\/blog\/wp-json\/wp\/v2\/posts"}],"about":[{"href":"https:\/\/www.bizneo.com\/blog\/wp-json\/wp\/v2\/types\/post"}],"author":[{"embeddable":true,"href":"https:\/\/www.bizneo.com\/blog\/wp-json\/wp\/v2\/users\/12"}],"replies":[{"embeddable":true,"href":"https:\/\/www.bizneo.com\/blog\/wp-json\/wp\/v2\/comments?post=14047"}],"version-history":[{"count":46,"href":"https:\/\/www.bizneo.com\/blog\/wp-json\/wp\/v2\/posts\/14047\/revisions"}],"predecessor-version":[{"id":59585,"href":"https:\/\/www.bizneo.com\/blog\/wp-json\/wp\/v2\/posts\/14047\/revisions\/59585"}],"wp:featuredmedia":[{"embeddable":true,"href":"https:\/\/www.bizneo.com\/blog\/wp-json\/wp\/v2\/media\/14063"}],"wp:attachment":[{"href":"https:\/\/www.bizneo.com\/blog\/wp-json\/wp\/v2\/media?parent=14047"}],"wp:term":[{"taxonomy":"category","embeddable":true,"href":"https:\/\/www.bizneo.com\/blog\/wp-json\/wp\/v2\/categories?post=14047"},{"taxonomy":"post_tag","embeddable":true,"href":"https:\/\/www.bizneo.com\/blog\/wp-json\/wp\/v2\/tags?post=14047"}],"curies":[{"name":"wp","href":"https:\/\/api.w.org\/{rel}","templated":true}]}}